{"id":12430,"date":"2024-09-19T12:00:25","date_gmt":"2024-09-19T10:00:25","guid":{"rendered":"https:\/\/www.anovapeneira.gal\/?p=12430"},"modified":"2024-09-13T18:52:52","modified_gmt":"2024-09-13T16:52:52","slug":"outro-trompazo-para-o-concello-de-mos","status":"publish","type":"post","link":"https:\/\/www.anovapeneira.gal\/index.php\/2024\/09\/19\/outro-trompazo-para-o-concello-de-mos\/","title":{"rendered":"Outro trompazo para o Concello de Mos"},"content":{"rendered":"\n<pre class=\"wp-block-verse\">Victoria Alonso, PsdeG PSOE Mos<\/pre>\n\n\n\n<p>O Concello de Mos non fai m\u00e1is que acumular trompazos e intentar facer defensas de situaci\u00f3ns que son indefendibles, a lo menos para calquera persoa cun m\u00ednimo de decencia e de sentido com\u00fan.<\/p>\n\n\n\n<p>Vimos de co\u00f1ecer unha nova na que se di que a Confederaci\u00f3n hidrogr\u00e1fica vai sancionar o Celta polos vertidos na s\u00faa Cidade Deportiva, compre recordar que este feito xa o denunciou a Asociaci\u00f3n Ecoloxistas en Acci\u00f3n no seu d\u00eda cas probas feitas tras analizar a augas sobrantes que estaban sendo vertidas \u00f3 monte. Naquel momento e co\u00f1ecendo a posibilidade de tales feitos, a asociaci\u00f3n procedeu a facer anal\u00edticas das augas que contan ca supervisi\u00f3n de expertos e que non deixan lugar a d\u00fabidas.<\/p>\n\n\n\n<p>Tras aquela denuncia, o Concello de Mos sa\u00edu o paso cuestionando tales feitos y dicindo que tam\u00e9n ti\u00f1a probas de que a auga non estaba contaminada. Dende a nosa bancada socialista preguntamos no pleno, sobre que opini\u00f3n ti\u00f1an no Partido Popular a denuncia sobre os vertidos contaminantes e se nos respondeu que se fixeron probas e que estaba todo correcto. Probas que nunca chegamos a ver porque a transparencia \u00e9 desas cousas que non terminan de po\u00f1erse en marcha no concello. Tam\u00e9n preguntamos se ditas probas \u00edanse repetir cando se producisen choivas, xa que esas verteduras produc\u00edanse para aliviar as tubaxes vertendo o monte pero non obtivemos ning\u00fan compromiso.<\/p>\n\n\n\n<p>Agora co\u00f1ecemos que a Confederaci\u00f3n sanciona o Celta por tales vertidos contaminantes, \u00e9 dicir, reco\u00f1ece a veracidade dos mesmos. E tam\u00e9n ven a reco\u00f1ecer que se est\u00e1n vertendo o monte augas contaminadas con restos fecais e pesticidas, augas que est\u00e1n preto de pozos que fornecen de auga a parte da veci\u00f1anza e preto de zonas de vivendas. Demostrando tam\u00e9n, que aquelas reclamaci\u00f3ns que se fixeron nun primeiro momento alertando de posibles problemas que pod\u00edan acontecer, est\u00e1n acontecendo. Demostrando tam\u00e9n que os que falaban con co\u00f1ecemento de causa por haber escoitado os t\u00e9cnicos, estaban avisando de situaci\u00f3ns reais.<\/p>\n\n\n\n<p>Pregunt\u00e1monos agora pola resposta que vai dar o concello. O xusto ser\u00eda reco\u00f1ecer o que xa sabemos, \u00e9 dicir, que est\u00e1n facendo unha defensa f\u00e9rrea do Celta ante todo. Dicir tam\u00e9n que polo capricho de algu\u00e9n ou de certa muller \u00f3 fronte da instituci\u00f3n municipal por sacar adiante este proxecto, ten eivas e cada d\u00eda dem\u00f3stranse m\u00e1is. O que est\u00e1 claro \u00e9 que foi un capricho de dita muller, que as \u00ednfulas de grandiosidade que ten fixeron que quixese sacar a diante o proxecto como foxe. As\u00ed se demostra que empezasen mal, con licencias a cachos para ir constru\u00edndo a toda presa, que se fixese despois un plan parcial e que convencese as autoridades da Xunta de que o xestionasen cando xa non foi capaz de continuar dende o concello.<\/p>\n\n\n\n<p>A realidade \u00e9 que as consecuencias de facer as cousas mal, as pagamos a veci\u00f1anza. O af\u00e1n de protagonismo e \u00ednfulas de poder ten consecuencias para todos os demais. Ata d\u00eda de hoxe, os clubs deportivos de Mos non poden adestrar en ditas instalaci\u00f3ns, as\u00ed que non cumpriron. Non reportou beneficios econ\u00f3micos para a veci\u00f1anza nin axudou a crear empregos, outro engano. Non tiveron un trato xusto urbanisticamente. Hai problemas de tr\u00e1fico na zona, xa que a maior parte dos que acoden as instalaci\u00f3ns aparcan na estrada. C\u00famprese co progn\u00f3stico de que os pesticidas usados nos campos \u00edan afectar as augas, e tam\u00e9n se cumpre co progn\u00f3stico de que o proxecto inclu\u00eda tubaxes salientes que eran aliviadoiros e que o Concello sempre negou. Preg\u00fantamos cal vai ser o pr\u00f3ximo paso do Concello para facer un lavado de imaxe da cidade deportiva.<\/p>\n","protected":false},"excerpt":{"rendered":"<div class=\"mh-excerpt\"><p>O Concello de Mos non fai m\u00e1is que acumular trompazos e intentar facer defensas de situaci\u00f3ns que son indefendibles, a lo menos para calquera persoa cun m\u00ednimo de decencia e de sentido com\u00fan. <a class=\"mh-excerpt-more\" href=\"https:\/\/www.anovapeneira.gal\/index.php\/2024\/09\/19\/outro-trompazo-para-o-concello-de-mos\/\" title=\"Outro trompazo para o Concello de Mos\">[&#8230;]<\/a><\/p>\n<\/div>","protected":false},"author":12,"featured_media":10266,"comment_status":"open","ping_status":"open","sticky":false,"template":"","format":"standard","meta":{"_exactmetrics_skip_tracking":false,"_exactmetrics_sitenote_active":false,"_exactmetrics_sitenote_note":"","_exactmetrics_sitenote_category":0,"footnotes":""},"categories":[7],"tags":[1428,639],"class_list":{"0":"post-12430","1":"post","2":"type-post","3":"status-publish","4":"format-standard","5":"has-post-thumbnail","7":"category-artigos-de-opinion","8":"tag-psdeg-psoe-mos","9":"tag-victoria-alonso"},"yoast_head":"<!-- This site is optimized with the Yoast SEO plugin v27.4 - https:\/\/yoast.com\/product\/yoast-seo-wordpress\/ -->\n<title>Outro trompazo para o Concello de Mos -<\/title>\n<meta name=\"robots\" content=\"index, follow, max-snippet:-1, max-image-preview:large, max-video-preview:-1\" \/>\n<link rel=\"canonical\" href=\"https:\/\/www.anovapeneira.gal\/index.php\/2024\/09\/19\/outro-trompazo-para-o-concello-de-mos\/\" \/>\n<meta property=\"og:locale\" content=\"gl_ES\" \/>\n<meta property=\"og:type\" content=\"article\" \/>\n<meta property=\"og:title\" content=\"Outro trompazo para o Concello de Mos -\" \/>\n<meta property=\"og:description\" content=\"O Concello de Mos non fai m\u00e1is que acumular trompazos e intentar facer defensas de situaci\u00f3ns que son indefendibles, a lo menos para calquera persoa cun m\u00ednimo de decencia e de sentido com\u00fan. [...]\" \/>\n<meta property=\"og:url\" content=\"https:\/\/www.anovapeneira.gal\/index.php\/2024\/09\/19\/outro-trompazo-para-o-concello-de-mos\/\" \/>\n<meta property=\"article:publisher\" content=\"https:\/\/www.facebook.com\/anovapeneira\" \/>\n<meta property=\"article:published_time\" content=\"2024-09-19T10:00:25+00:00\" \/>\n<meta property=\"og:image\" content=\"https:\/\/www.anovapeneira.gal\/wp-content\/uploads\/2023\/08\/victoria_psoe_mos.jpg\" \/>\n\t<meta property=\"og:image:width\" content=\"720\" \/>\n\t<meta property=\"og:image:height\" content=\"432\" \/>\n\t<meta property=\"og:image:type\" content=\"image\/jpeg\" \/>\n<meta name=\"author\" content=\"Artigos Opini\u00f3n\" \/>\n<meta name=\"twitter:card\" content=\"summary_large_image\" \/>\n<meta name=\"twitter:creator\" content=\"@APeneira\" \/>\n<meta name=\"twitter:site\" content=\"@APeneira\" \/>\n<meta name=\"twitter:label1\" content=\"Escrito por\" \/>\n\t<meta name=\"twitter:data1\" content=\"Artigos Opini\u00f3n\" \/>\n\t<meta name=\"twitter:label2\" content=\"Tempo de lectura\" \/>\n\t<meta name=\"twitter:data2\" content=\"4 minutos\" \/>\n<script type=\"application\/ld+json\" class=\"yoast-schema-graph\">{\"@context\":\"https:\\\/\\\/schema.org\",\"@graph\":[{\"@type\":\"Article\",\"@id\":\"https:\\\/\\\/www.anovapeneira.gal\\\/index.php\\\/2024\\\/09\\\/19\\\/outro-trompazo-para-o-concello-de-mos\\\/#article\",\"isPartOf\":{\"@id\":\"https:\\\/\\\/www.anovapeneira.gal\\\/index.php\\\/2024\\\/09\\\/19\\\/outro-trompazo-para-o-concello-de-mos\\\/\"},\"author\":{\"name\":\"Artigos Opini\u00f3n\",\"@id\":\"https:\\\/\\\/www.anovapeneira.gal\\\/#\\\/schema\\\/person\\\/f18a4feb302e8f20bcef4490b5b60bb3\"},\"headline\":\"Outro trompazo para o Concello de Mos\",\"datePublished\":\"2024-09-19T10:00:25+00:00\",\"mainEntityOfPage\":{\"@id\":\"https:\\\/\\\/www.anovapeneira.gal\\\/index.php\\\/2024\\\/09\\\/19\\\/outro-trompazo-para-o-concello-de-mos\\\/\"},\"wordCount\":661,\"commentCount\":0,\"publisher\":{\"@id\":\"https:\\\/\\\/www.anovapeneira.gal\\\/#organization\"},\"image\":{\"@id\":\"https:\\\/\\\/www.anovapeneira.gal\\\/index.php\\\/2024\\\/09\\\/19\\\/outro-trompazo-para-o-concello-de-mos\\\/#primaryimage\"},\"thumbnailUrl\":\"https:\\\/\\\/www.anovapeneira.gal\\\/wp-content\\\/uploads\\\/2023\\\/08\\\/victoria_psoe_mos.jpg\",\"keywords\":[\"PsdeG PSOE Mos\",\"Victoria Alonso\"],\"articleSection\":[\"Artigos de opini\u00f3n\"],\"inLanguage\":\"gl-ES\",\"potentialAction\":[{\"@type\":\"CommentAction\",\"name\":\"Comment\",\"target\":[\"https:\\\/\\\/www.anovapeneira.gal\\\/index.php\\\/2024\\\/09\\\/19\\\/outro-trompazo-para-o-concello-de-mos\\\/#respond\"]}]},{\"@type\":\"WebPage\",\"@id\":\"https:\\\/\\\/www.anovapeneira.gal\\\/index.php\\\/2024\\\/09\\\/19\\\/outro-trompazo-para-o-concello-de-mos\\\/\",\"url\":\"https:\\\/\\\/www.anovapeneira.gal\\\/index.php\\\/2024\\\/09\\\/19\\\/outro-trompazo-para-o-concello-de-mos\\\/\",\"name\":\"Outro trompazo para o Concello de Mos -\",\"isPartOf\":{\"@id\":\"https:\\\/\\\/www.anovapeneira.gal\\\/#website\"},\"primaryImageOfPage\":{\"@id\":\"https:\\\/\\\/www.anovapeneira.gal\\\/index.php\\\/2024\\\/09\\\/19\\\/outro-trompazo-para-o-concello-de-mos\\\/#primaryimage\"},\"image\":{\"@id\":\"https:\\\/\\\/www.anovapeneira.gal\\\/index.php\\\/2024\\\/09\\\/19\\\/outro-trompazo-para-o-concello-de-mos\\\/#primaryimage\"},\"thumbnailUrl\":\"https:\\\/\\\/www.anovapeneira.gal\\\/wp-content\\\/uploads\\\/2023\\\/08\\\/victoria_psoe_mos.jpg\",\"datePublished\":\"2024-09-19T10:00:25+00:00\",\"breadcrumb\":{\"@id\":\"https:\\\/\\\/www.anovapeneira.gal\\\/index.php\\\/2024\\\/09\\\/19\\\/outro-trompazo-para-o-concello-de-mos\\\/#breadcrumb\"},\"inLanguage\":\"gl-ES\",\"potentialAction\":[{\"@type\":\"ReadAction\",\"target\":[\"https:\\\/\\\/www.anovapeneira.gal\\\/index.php\\\/2024\\\/09\\\/19\\\/outro-trompazo-para-o-concello-de-mos\\\/\"]}]},{\"@type\":\"ImageObject\",\"inLanguage\":\"gl-ES\",\"@id\":\"https:\\\/\\\/www.anovapeneira.gal\\\/index.php\\\/2024\\\/09\\\/19\\\/outro-trompazo-para-o-concello-de-mos\\\/#primaryimage\",\"url\":\"https:\\\/\\\/www.anovapeneira.gal\\\/wp-content\\\/uploads\\\/2023\\\/08\\\/victoria_psoe_mos.jpg\",\"contentUrl\":\"https:\\\/\\\/www.anovapeneira.gal\\\/wp-content\\\/uploads\\\/2023\\\/08\\\/victoria_psoe_mos.jpg\",\"width\":720,\"height\":432,\"caption\":\"Victoria Alonso voceira do PSOE de Mos\"},{\"@type\":\"BreadcrumbList\",\"@id\":\"https:\\\/\\\/www.anovapeneira.gal\\\/index.php\\\/2024\\\/09\\\/19\\\/outro-trompazo-para-o-concello-de-mos\\\/#breadcrumb\",\"itemListElement\":[{\"@type\":\"ListItem\",\"position\":1,\"name\":\"Portada\",\"item\":\"https:\\\/\\\/www.anovapeneira.gal\\\/\"},{\"@type\":\"ListItem\",\"position\":2,\"name\":\"Outro trompazo para o Concello de Mos\"}]},{\"@type\":\"WebSite\",\"@id\":\"https:\\\/\\\/www.anovapeneira.gal\\\/#website\",\"url\":\"https:\\\/\\\/www.anovapeneira.gal\\\/\",\"name\":\"\",\"description\":\"Xornal galego de informaci\u00f3n xeral Publicaci\u00f3n mensual de novas de Galicia e en especial dos Concellos da sur da provincia de Pontevedra.\",\"publisher\":{\"@id\":\"https:\\\/\\\/www.anovapeneira.gal\\\/#organization\"},\"potentialAction\":[{\"@type\":\"SearchAction\",\"target\":{\"@type\":\"EntryPoint\",\"urlTemplate\":\"https:\\\/\\\/www.anovapeneira.gal\\\/?s={search_term_string}\"},\"query-input\":{\"@type\":\"PropertyValueSpecification\",\"valueRequired\":true,\"valueName\":\"search_term_string\"}}],\"inLanguage\":\"gl-ES\"},{\"@type\":\"Organization\",\"@id\":\"https:\\\/\\\/www.anovapeneira.gal\\\/#organization\",\"name\":\"A Nova Peneira\",\"url\":\"https:\\\/\\\/www.anovapeneira.gal\\\/\",\"logo\":{\"@type\":\"ImageObject\",\"inLanguage\":\"gl-ES\",\"@id\":\"https:\\\/\\\/www.anovapeneira.gal\\\/#\\\/schema\\\/logo\\\/image\\\/\",\"url\":\"http:\\\/\\\/www.anovapeneira.gal\\\/wp-content\\\/uploads\\\/2019\\\/06\\\/logo_a_nova_peneira_portal_web.png\",\"contentUrl\":\"http:\\\/\\\/www.anovapeneira.gal\\\/wp-content\\\/uploads\\\/2019\\\/06\\\/logo_a_nova_peneira_portal_web.png\",\"width\":300,\"height\":100,\"caption\":\"A Nova Peneira\"},\"image\":{\"@id\":\"https:\\\/\\\/www.anovapeneira.gal\\\/#\\\/schema\\\/logo\\\/image\\\/\"},\"sameAs\":[\"https:\\\/\\\/www.facebook.com\\\/anovapeneira\",\"https:\\\/\\\/x.com\\\/APeneira\"]},{\"@type\":\"Person\",\"@id\":\"https:\\\/\\\/www.anovapeneira.gal\\\/#\\\/schema\\\/person\\\/f18a4feb302e8f20bcef4490b5b60bb3\",\"name\":\"Artigos Opini\u00f3n\",\"image\":{\"@type\":\"ImageObject\",\"inLanguage\":\"gl-ES\",\"@id\":\"https:\\\/\\\/secure.gravatar.com\\\/avatar\\\/072844300f4881150aee2da4278f7a65d16eefdf8262eb67085f1e702de2b959?s=96&d=mm&r=g\",\"url\":\"https:\\\/\\\/secure.gravatar.com\\\/avatar\\\/072844300f4881150aee2da4278f7a65d16eefdf8262eb67085f1e702de2b959?s=96&d=mm&r=g\",\"contentUrl\":\"https:\\\/\\\/secure.gravatar.com\\\/avatar\\\/072844300f4881150aee2da4278f7a65d16eefdf8262eb67085f1e702de2b959?s=96&d=mm&r=g\",\"caption\":\"Artigos Opini\u00f3n\"},\"sameAs\":[\"http:\\\/\\\/anovapeneira.gal\"],\"url\":\"https:\\\/\\\/www.anovapeneira.gal\\\/index.php\\\/author\\\/artigosopinion\\\/\"}]}<\/script>\n<!-- \/ Yoast SEO plugin. -->","yoast_head_json":{"title":"Outro trompazo para o Concello de Mos -","robots":{"index":"index","follow":"follow","max-snippet":"max-snippet:-1","max-image-preview":"max-image-preview:large","max-video-preview":"max-video-preview:-1"},"canonical":"https:\/\/www.anovapeneira.gal\/index.php\/2024\/09\/19\/outro-trompazo-para-o-concello-de-mos\/","og_locale":"gl_ES","og_type":"article","og_title":"Outro trompazo para o Concello de Mos -","og_description":"O Concello de Mos non fai m\u00e1is que acumular trompazos e intentar facer defensas de situaci\u00f3ns que son indefendibles, a lo menos para calquera persoa cun m\u00ednimo de decencia e de sentido com\u00fan. [...]","og_url":"https:\/\/www.anovapeneira.gal\/index.php\/2024\/09\/19\/outro-trompazo-para-o-concello-de-mos\/","article_publisher":"https:\/\/www.facebook.com\/anovapeneira","article_published_time":"2024-09-19T10:00:25+00:00","og_image":[{"width":720,"height":432,"url":"https:\/\/www.anovapeneira.gal\/wp-content\/uploads\/2023\/08\/victoria_psoe_mos.jpg","type":"image\/jpeg"}],"author":"Artigos Opini\u00f3n","twitter_card":"summary_large_image","twitter_creator":"@APeneira","twitter_site":"@APeneira","twitter_misc":{"Escrito por":"Artigos Opini\u00f3n","Tempo de lectura":"4 minutos"},"schema":{"@context":"https:\/\/schema.org","@graph":[{"@type":"Article","@id":"https:\/\/www.anovapeneira.gal\/index.php\/2024\/09\/19\/outro-trompazo-para-o-concello-de-mos\/#article","isPartOf":{"@id":"https:\/\/www.anovapeneira.gal\/index.php\/2024\/09\/19\/outro-trompazo-para-o-concello-de-mos\/"},"author":{"name":"Artigos Opini\u00f3n","@id":"https:\/\/www.anovapeneira.gal\/#\/schema\/person\/f18a4feb302e8f20bcef4490b5b60bb3"},"headline":"Outro trompazo para o Concello de Mos","datePublished":"2024-09-19T10:00:25+00:00","mainEntityOfPage":{"@id":"https:\/\/www.anovapeneira.gal\/index.php\/2024\/09\/19\/outro-trompazo-para-o-concello-de-mos\/"},"wordCount":661,"commentCount":0,"publisher":{"@id":"https:\/\/www.anovapeneira.gal\/#organization"},"image":{"@id":"https:\/\/www.anovapeneira.gal\/index.php\/2024\/09\/19\/outro-trompazo-para-o-concello-de-mos\/#primaryimage"},"thumbnailUrl":"https:\/\/www.anovapeneira.gal\/wp-content\/uploads\/2023\/08\/victoria_psoe_mos.jpg","keywords":["PsdeG PSOE Mos","Victoria Alonso"],"articleSection":["Artigos de opini\u00f3n"],"inLanguage":"gl-ES","potentialAction":[{"@type":"CommentAction","name":"Comment","target":["https:\/\/www.anovapeneira.gal\/index.php\/2024\/09\/19\/outro-trompazo-para-o-concello-de-mos\/#respond"]}]},{"@type":"WebPage","@id":"https:\/\/www.anovapeneira.gal\/index.php\/2024\/09\/19\/outro-trompazo-para-o-concello-de-mos\/","url":"https:\/\/www.anovapeneira.gal\/index.php\/2024\/09\/19\/outro-trompazo-para-o-concello-de-mos\/","name":"Outro trompazo para o Concello de Mos -","isPartOf":{"@id":"https:\/\/www.anovapeneira.gal\/#website"},"primaryImageOfPage":{"@id":"https:\/\/www.anovapeneira.gal\/index.php\/2024\/09\/19\/outro-trompazo-para-o-concello-de-mos\/#primaryimage"},"image":{"@id":"https:\/\/www.anovapeneira.gal\/index.php\/2024\/09\/19\/outro-trompazo-para-o-concello-de-mos\/#primaryimage"},"thumbnailUrl":"https:\/\/www.anovapeneira.gal\/wp-content\/uploads\/2023\/08\/victoria_psoe_mos.jpg","datePublished":"2024-09-19T10:00:25+00:00","breadcrumb":{"@id":"https:\/\/www.anovapeneira.gal\/index.php\/2024\/09\/19\/outro-trompazo-para-o-concello-de-mos\/#breadcrumb"},"inLanguage":"gl-ES","potentialAction":[{"@type":"ReadAction","target":["https:\/\/www.anovapeneira.gal\/index.php\/2024\/09\/19\/outro-trompazo-para-o-concello-de-mos\/"]}]},{"@type":"ImageObject","inLanguage":"gl-ES","@id":"https:\/\/www.anovapeneira.gal\/index.php\/2024\/09\/19\/outro-trompazo-para-o-concello-de-mos\/#primaryimage","url":"https:\/\/www.anovapeneira.gal\/wp-content\/uploads\/2023\/08\/victoria_psoe_mos.jpg","contentUrl":"https:\/\/www.anovapeneira.gal\/wp-content\/uploads\/2023\/08\/victoria_psoe_mos.jpg","width":720,"height":432,"caption":"Victoria Alonso voceira do PSOE de Mos"},{"@type":"BreadcrumbList","@id":"https:\/\/www.anovapeneira.gal\/index.php\/2024\/09\/19\/outro-trompazo-para-o-concello-de-mos\/#breadcrumb","itemListElement":[{"@type":"ListItem","position":1,"name":"Portada","item":"https:\/\/www.anovapeneira.gal\/"},{"@type":"ListItem","position":2,"name":"Outro trompazo para o Concello de Mos"}]},{"@type":"WebSite","@id":"https:\/\/www.anovapeneira.gal\/#website","url":"https:\/\/www.anovapeneira.gal\/","name":"","description":"Xornal galego de informaci\u00f3n xeral Publicaci\u00f3n mensual de novas de Galicia e en especial dos Concellos da sur da provincia de Pontevedra.","publisher":{"@id":"https:\/\/www.anovapeneira.gal\/#organization"},"potentialAction":[{"@type":"SearchAction","target":{"@type":"EntryPoint","urlTemplate":"https:\/\/www.anovapeneira.gal\/?s={search_term_string}"},"query-input":{"@type":"PropertyValueSpecification","valueRequired":true,"valueName":"search_term_string"}}],"inLanguage":"gl-ES"},{"@type":"Organization","@id":"https:\/\/www.anovapeneira.gal\/#organization","name":"A Nova Peneira","url":"https:\/\/www.anovapeneira.gal\/","logo":{"@type":"ImageObject","inLanguage":"gl-ES","@id":"https:\/\/www.anovapeneira.gal\/#\/schema\/logo\/image\/","url":"http:\/\/www.anovapeneira.gal\/wp-content\/uploads\/2019\/06\/logo_a_nova_peneira_portal_web.png","contentUrl":"http:\/\/www.anovapeneira.gal\/wp-content\/uploads\/2019\/06\/logo_a_nova_peneira_portal_web.png","width":300,"height":100,"caption":"A Nova Peneira"},"image":{"@id":"https:\/\/www.anovapeneira.gal\/#\/schema\/logo\/image\/"},"sameAs":["https:\/\/www.facebook.com\/anovapeneira","https:\/\/x.com\/APeneira"]},{"@type":"Person","@id":"https:\/\/www.anovapeneira.gal\/#\/schema\/person\/f18a4feb302e8f20bcef4490b5b60bb3","name":"Artigos Opini\u00f3n","image":{"@type":"ImageObject","inLanguage":"gl-ES","@id":"https:\/\/secure.gravatar.com\/avatar\/072844300f4881150aee2da4278f7a65d16eefdf8262eb67085f1e702de2b959?s=96&d=mm&r=g","url":"https:\/\/secure.gravatar.com\/avatar\/072844300f4881150aee2da4278f7a65d16eefdf8262eb67085f1e702de2b959?s=96&d=mm&r=g","contentUrl":"https:\/\/secure.gravatar.com\/avatar\/072844300f4881150aee2da4278f7a65d16eefdf8262eb67085f1e702de2b959?s=96&d=mm&r=g","caption":"Artigos Opini\u00f3n"},"sameAs":["http:\/\/anovapeneira.gal"],"url":"https:\/\/www.anovapeneira.gal\/index.php\/author\/artigosopinion\/"}]}},"jetpack_featured_media_url":"https:\/\/www.anovapeneira.gal\/wp-content\/uploads\/2023\/08\/victoria_psoe_mos.jpg","_links":{"self":[{"href":"https:\/\/www.anovapeneira.gal\/index.php\/wp-json\/wp\/v2\/posts\/12430","targetHints":{"allow":["GET"]}}],"collection":[{"href":"https:\/\/www.anovapeneira.gal\/index.php\/wp-json\/wp\/v2\/posts"}],"about":[{"href":"https:\/\/www.anovapeneira.gal\/index.php\/wp-json\/wp\/v2\/types\/post"}],"author":[{"embeddable":true,"href":"https:\/\/www.anovapeneira.gal\/index.php\/wp-json\/wp\/v2\/users\/12"}],"replies":[{"embeddable":true,"href":"https:\/\/www.anovapeneira.gal\/index.php\/wp-json\/wp\/v2\/comments?post=12430"}],"version-history":[{"count":1,"href":"https:\/\/www.anovapeneira.gal\/index.php\/wp-json\/wp\/v2\/posts\/12430\/revisions"}],"predecessor-version":[{"id":12431,"href":"https:\/\/www.anovapeneira.gal\/index.php\/wp-json\/wp\/v2\/posts\/12430\/revisions\/12431"}],"wp:featuredmedia":[{"embeddable":true,"href":"https:\/\/www.anovapeneira.gal\/index.php\/wp-json\/wp\/v2\/media\/10266"}],"wp:attachment":[{"href":"https:\/\/www.anovapeneira.gal\/index.php\/wp-json\/wp\/v2\/media?parent=12430"}],"wp:term":[{"taxonomy":"category","embeddable":true,"href":"https:\/\/www.anovapeneira.gal\/index.php\/wp-json\/wp\/v2\/categories?post=12430"},{"taxonomy":"post_tag","embeddable":true,"href":"https:\/\/www.anovapeneira.gal\/index.php\/wp-json\/wp\/v2\/tags?post=12430"}],"curies":[{"name":"wp","href":"https:\/\/api.w.org\/{rel}","templated":true}]}}