{"id":12432,"date":"2024-09-20T10:00:31","date_gmt":"2024-09-20T08:00:31","guid":{"rendered":"https:\/\/www.anovapeneira.gal\/?p=12432"},"modified":"2024-09-14T11:34:38","modified_gmt":"2024-09-14T09:34:38","slug":"vigo-afogada-promesas-baleiras-cidadania-desesperada","status":"publish","type":"post","link":"https:\/\/www.anovapeneira.gal\/index.php\/2024\/09\/20\/vigo-afogada-promesas-baleiras-cidadania-desesperada\/","title":{"rendered":"Vigo afogada: promesas baleiras, cidadan\u00eda desesperada"},"content":{"rendered":"\n<p>Vigo, a cidade m\u00e1is grande de Galicia, enfr\u00f3ntase a unha crise de vivenda que, lonxe de atopar soluci\u00f3ns, se agudiza co paso do tempo. Mentres os prezos de alugueiro e compra se disparan, as respostas das autoridades locais e auton\u00f3micas mostr\u00e1ronse insuficientes e, en moitos casos, meramente simb\u00f3licas. O presidente da Xunta de Galicia, Alfonso Rueda, e o alcalde de Vigo, Abel Caballero, prometeron repetidamente abordar o problema, pero os cidad\u00e1ns seguen esperando medidas concretas que melloren o acceso \u00e1 vivenda. Esta situaci\u00f3n non s\u00f3 reflicte unha falta de planificaci\u00f3n e execuci\u00f3n de pol\u00edticas p\u00fablicas, sen\u00f3n tam\u00e9n unha desconexi\u00f3n entre os l\u00edderes pol\u00edticos e as necesidades da cidadan\u00eda viguesa.<br><\/p>\n\n\n\n<p>Un dos aspectos m\u00e1is alarmantes da crise de vivenda en Vigo \u00e9 o constante aumento dos prezos tanto no mercado de compra como no de alugueiro. Segundo datos do portal inmobiliario Idealista, o prezo medio do alugueiro en Vigo aumentou un 28% no \u00faltimos cinco anos, situ\u00e1ndose en 2023 nunha media de 9,6 euros por metro cadrado. Isto significa que, por un piso de 80 metros cadrados, unha familia viguesa debe desembolsar m\u00e1is de 750 euros ao mes, unha cifra dif\u00edcilmente asumible para moitos cidad\u00e1ns.<\/p>\n\n\n\n<p>O problema non se limita ao alugueiro. O mercado de compra tam\u00e9n experimentou un incremento significativo nos prezos. O prezo da vivenda en Vigo aumentou un 20% no mesmo per\u00edodo, alcanzando os 1.850 euros por metro cadrado, segundo un informe de Tinsa, unha das principais taxadoras do pa\u00eds. Este aumento provocou que a compra dunha vivenda sexa un so\u00f1o cada vez m\u00e1is afastado para os mozos e as familias proletarias.<br><br><br><\/p>\n\n\n\n<p>Esta situaci\u00f3n contrasta coa evoluci\u00f3n dos salarios, que non creceron ao mesmo ritmo. Segundo datos do INE, o salario medio en Galicia aumentou apenas un 5% no \u00faltimos cinco anos, o que sit\u00faa a Galiza entre as que rexistran un menor crecemento salarial no estado espa\u00f1ol. Isto xerou unha brecha cada vez maior entre os ingresos dos cidad\u00e1ns e o custo da vivenda, obrigando a moitas familias para destinar unha parte desproporcionada do seu salario ao pago da renda ou a hipoteca.<\/p>\n\n\n\n<p><br><em><strong>O impacto na poboaci\u00f3n nova.<\/strong><\/em><\/p>\n\n\n\n<p>Os mozos son un dos colectivos m\u00e1is afectados pola crise de vivenda en Vigo. A falta de emprego estable e ben remunerado, sumada aos altos prezos do alugueiro e a compra de vivendas, provocou que moitos mozos se miren obrigados a permanecer no fogar familiar m\u00e1is al\u00f3 dos 30 anos, sen poder emanciparse. Segundo o Consello da Mocidade, Galicia ten unha das taxas de emancipaci\u00f3n xuvenil m\u00e1is baixas do pa\u00eds, con apenas un 18% de mozos menores de 30 anos vivindo de forma independente.<br><br><br><\/p>\n\n\n\n<p><\/p>\n\n\n\n<p>Esta situaci\u00f3n non s\u00f3 afecta o desenvolvemento persoal e profesional dos mozos, sen\u00f3n que tam\u00e9n ten repercusi\u00f3ns a longo prazo para a econom\u00eda. A falta de acceso a unha vivenda alcanzable est\u00e1 a provocar un \u00e9xodo da mocidade ao estranxeiro, en busca de mellores oportunidades laborais e de vida. Este fen\u00f3meno, co\u00f1ecido como &#8220;fuga de cerebros&#8221;, sup\u00f3n unha perda significativa de talento para Vigo e para Galicia no seu conxunto, e est\u00e1 a contribu\u00edr ao envellecemento da poboaci\u00f3n, un dos principais desaf\u00edos demogr\u00e1ficos que enfronta o pa\u00eds.<br><br><\/p>\n\n\n\n<p><em><strong>A especulaci\u00f3n inmobiliaria: un factor determinante<\/strong><\/em><\/p>\n\n\n\n<p>A especulaci\u00f3n inmobiliaria \u00e9 outro dos grandes factores que exacerbou a crise de vivenda en Vigo. Nos \u00faltimos anos, a cidade atraeu a atenci\u00f3n de grandes investidores e fondos inmobiliarios, que viron no mercado da vivenda unha oportunidade para obter altos rendementos. Esta tendencia levou a un aumento na compra de vivendas para a s\u00faa posterior venda ou alugueiro a prezos elevados, o que contribu\u00edu \u00e1 escalada de prezos na cidade.<br><br><br><\/p>\n\n\n\n<p>O impacto da especulaci\u00f3n \u00e9 particularmente visible no centro de Vigo e en barrios hist\u00f3ricos como O Calvario, Bouzas e Teis. Nestas zonas, a demanda de vivendas por parte de investidores provocou a expulsi\u00f3n dos residentes de toda a vida, que non poden competir cos altos prezos. Moitas destas vivendas son adquiridas por fondos de investimento que, en lugar de destinalas ao alugueiro residencial, mant\u00e9\u00f1enas baleiras \u00e1 espera dunha maior revalorizaci\u00f3n ou as destinan ao alugueiro tur\u00edstico, un fen\u00f3meno que tam\u00e9n tivo un impacto negativo no acceso \u00e1 vivenda.<br><br><br><\/p>\n\n\n\n<p>O resultado \u00e9 un parque inmobiliario cada vez m\u00e1is inasequible para os cidad\u00e1ns e unha oferta de vivenda dispo\u00f1ible que non se axusta \u00e1s necesidades da poboaci\u00f3n local. Segundo un informe da consultora Colliers International, en Vigo existen m\u00e1is de 4.000 vivendas baleiras, moitas delas en mans de investidores que as rete\u00f1en por motivos especulativos. Este fen\u00f3meno, co\u00f1ecido como &#8220;retenci\u00f3n especulativa&#8221;, reduce a oferta de vivendas no mercado e contrib\u00fae \u00e1 subida de prezos, agravando a\u00ednda m\u00e1is a crise de vivenda.<br><br><br><\/p>\n\n\n\n<p><em><strong>A insuficiencia das pol\u00edticas p\u00fablicas de vivenda.<\/strong><\/em><br><br><br><\/p>\n\n\n\n<p>Diante deste panorama, resulta evidente que as pol\u00edticas p\u00fablicas de vivenda en Vigo e Galicia foron insuficientes para abordar a crise. A pesar das promesas e os anuncios de plans de vivenda por parte do alcalde Abel Caballero e do presidente da Xunta Alfonso Rueda, a realidade \u00e9 que as medidas adoptadas ata a data foron t\u00edmidas e, en moitos casos, chegaron tarde.<br><br><br><\/p>\n\n\n\n<p>Un dos principais problemas \u00e9 a falta de vivenda p\u00fablica. En Vigo, o parque de vivenda p\u00fablica \u00e9 claramente insuficiente para atender a demanda dos sectores m\u00e1is vulnerables da poboaci\u00f3n. Segundo datos do propio Concello, apenas o 2% das vivendas na cidade est\u00e1n destinadas ao alugueiro social, unha porcentaxe moi baixa en comparaci\u00f3n con outras cidades de similar tama\u00f1o. En Barcelona, por exemplo, o 10% das vivendas est\u00e1n destinadas ao alugueiro social, o que pon en evidencia a falta de compromiso das autoridades viguesas con este tipo de pol\u00edticas.<br><br><br><\/p>\n\n\n\n<p>Abel Caballero, que leva m\u00e1is de 16 anos \u00e1 fronte do Concello de Vigo, anunciou en varias ocasi\u00f3ns plans para a construci\u00f3n de vivenda p\u00fablica, pero os resultados foron m\u00ednimos. En 2021, o alcalde anunciou un proxecto para constru\u00edr 400 vivendas de protecci\u00f3n oficial, pero ata a data, as obras non comezaron. A burocracia, a falta de coordinaci\u00f3n entre administraci\u00f3ns e a falta de vontade pol\u00edtica foron os principais obst\u00e1culos para a execuci\u00f3n deste proxecto, que segue sendo unha promesa incumprida.<br><br><br><\/p>\n\n\n\n<p>Pola s\u00faa banda, Alfonso Rueda continuou coa mesma li\u00f1a de inacci\u00f3n que o seu predecesor na Xunta de Galicia, Alberto N\u00fa\u00f1ez Feijoo. Malia que Rueda anunciou plans de vivenda, como a construci\u00f3n de 500 vivendas p\u00fablicas en toda Galicia, estes esforzos son claramente insuficientes para facer fronte \u00e1 demanda existente en Vigo. Ademais, a distribuci\u00f3n destas vivendas non favoreceu a Vigo, que recibiu unha proporci\u00f3n moi pequena das novas construci\u00f3ns, o que agravou a crise na cidade.<\/p>\n\n\n\n<p><em><strong>O auxe do alugueiro vacacional e o seu impacto na vivenda.<\/strong><\/em><\/p>\n\n\n\n<p>O alugueiro vacacional \u00e9 outro dos factores que contribu\u00edu \u00e1 crise de vivenda en Vigo. Coa chegada de plataformas como Airbnb, cada vez m\u00e1is propietarios optaron por destinar as s\u00faas vivendas ao alugueiro tur\u00edstico en lugar de ofrecelas para alugueiro a longo prazo. Esta tendencia reduciu significativamente a oferta de vivendas dispo\u00f1ibles para os residentes, o que xerou un incremento nos prezos do alugueiro.<\/p>\n\n\n\n<p>Segundo un estudo realizado pola Universidade de Vigo, o n\u00famero de vivendas destinadas ao alugueiro vacacional na cidade creceu un 25% no \u00faltimos cinco anos, cun impacto significativo nos barrios m\u00e1is tur\u00edsticos. Zonas como o Casco Vello, Bouzas e A Laxe viron como a oferta de alugueiro residencial se reduciu drasticamente, mentres que os prezos aumentaron, expulsando aos residentes tradicionais destes barrios.<br><br><br><\/p>\n\n\n\n<p>O auxe do alugueiro vacacional xerou un conflito entre o turismo e os residentes, que ven como os seus barrios se transforman en zonas dedicadas ao lecer e ao turismo, mentres que o acceso a unha vivenda digna se converte nun reto cada vez maior. A\u00ednda con toda esta problem\u00e1tica, nin o Concello de Vigo nin a Xunta de Galicia implementaron regulaci\u00f3ns estritas para controlar o impacto do alugueiro vacacional no mercado da vivenda. Mentres que cidades como Barcelona ou Lisboa introduciron normativas que limitan o n\u00famero de licenzas de alugueiro tur\u00edstico e establecen zonas de especial protecci\u00f3n para os residentes, en Vigo, a falta de regulaci\u00f3n permitiu que este fen\u00f3meno se espalle sen control, exacerbando a crise de vivenda.<\/p>\n\n\n\n<p><em><strong>As promesas incumpridas e a falta de acci\u00f3n.<\/strong><\/em><br><br><br><\/p>\n\n\n\n<p>Ao longo dos \u00faltimos anos, tanto Abel Caballero como Alfonso Rueda realizaron m\u00faltiples promesas para mellorar o acceso \u00e1 vivenda en Vigo, pero a realidade \u00e9 que estas promesas quedaron en palabras baleiras. O alcalde de Vigo centrou gran parte dos seus esforzos en proxectos de infraestrutura e en mellorar a imaxe da cidade, como a ampliaci\u00f3n do porto ou a modernizaci\u00f3n das conexi\u00f3ns ferroviarias, mentres que as necesidades b\u00e1sicas dos seus cidad\u00e1ns, como o acceso a unha vivenda digna, foron relegadas a un segundo plano.<\/p>\n\n\n\n<p>Pola s\u00faa banda, Alfonso Rueda seguiu a tendencia da Xunta de Galicia de ignorar en gran medida as necesidades de vivenda nas grandes cidades galegas, inclu\u00eddas Vigo e A Coru\u00f1a. A pesar dos anuncios de plans auton\u00f3micos de vivenda, a realidade \u00e9 que estes proxectos non tiveron un impacto significativo na mellora do acceso \u00e1 vivenda en Vigo.<\/p>\n\n\n\n<p>Un dos exemplos m\u00e1is claros da falta de compromiso da Xunta coa vivenda en Vigo \u00e9 a ausencia de proxectos de gran envergadura para a construci\u00f3n de vivendas de protecci\u00f3n oficial. En lugar de adoptar medidas que aumenten de maneira substancial o parque de vivenda p\u00fablica, a administraci\u00f3n auton\u00f3mica optou por pequenas iniciativas que non abordan a magnitude do problema. Este enfoque deixou a moitas familias nunha situaci\u00f3n de vulnerabilidade e permitiu que a crise se perpet\u00fae.<\/p>\n\n\n\n<p><em><strong>O papel do urbanismo e a planificaci\u00f3n inadecuada.<\/strong><\/em><br><br><br><\/p>\n\n\n\n<p>Outro factor que contribu\u00edu \u00e1 crise de vivenda en Vigo \u00e9 a falta dunha planificaci\u00f3n urbana coherente e orientada a longo prazo. Durante as \u00faltimas d\u00e9cadas, Vigo experimentou un desenvolvemento urbano descontrolado, caracterizado pola expansi\u00f3n das zonas perif\u00e9ricas e a falta de rehabilitaci\u00f3n dos barrios c\u00e9ntricos. Este modelo provocou a dispersi\u00f3n da poboaci\u00f3n, o aumento dos custos de infraestrutura e un mercado inmobiliario pouco accesible.<br><br><br><\/p>\n\n\n\n<p>O urbanismo en Vigo foi en gran medida reactivo, con pouca visi\u00f3n estrat\u00e9xica. A proliferaci\u00f3n de urbanizaci\u00f3ns e o aumento da construci\u00f3n de vivendas unifamiliares na periferia crearon unha cidade fragmentada, onde o acceso a servizos p\u00fablicos e transporte \u00e9 desigual. Ademais, esta expansi\u00f3n elevou o prezo do chan, encarecendo a\u00ednda m\u00e1is a construci\u00f3n de vivendas alcanzables.<br><br><br><\/p>\n\n\n\n<p>Abel Caballero foi criticado por priorizar grandes proxectos de infraestrutura e melloras est\u00e9ticas da cidade sobre as necesidades fundamentais dos seus habitantes. A construci\u00f3n do t\u00fanel de Porta do Sol e a remodelaci\u00f3n da avenida Garc\u00eda Barb\u00f3n son exemplos de obras que, a\u00ednda que melloran a imaxe da cidade, non abordan os problemas de fondo, como o acceso a unha vivenda digna. Estas decisi\u00f3ns desviaron recursos e atenci\u00f3n da creaci\u00f3n de soluci\u00f3ns habitacionais sostibles.<\/p>\n\n\n\n<p><em><strong>A falta de di\u00e1logo e participaci\u00f3n cidad\u00e1.<\/strong><\/em><br><br><\/p>\n\n\n\n<p>Un aspecto que exacerbou a crise de vivenda en Vigo \u00e9 a falta de di\u00e1logo entre as autoridades e a cidadan\u00eda. Tanto o Concello como a Xunta foron criticados por tomar decisi\u00f3ns de maneira unilateral, sen consultar nin involucrar aos cidad\u00e1ns na planificaci\u00f3n e execuci\u00f3n de pol\u00edticas de vivenda. Esta desconexi\u00f3n levou \u00e1 implementaci\u00f3n de medidas que non reflicten as verdadeiras necesidades da poboaci\u00f3n e que, en moitos casos, foron ineficaces.<\/p>\n\n\n\n<p>A ausencia de mecanismos de participaci\u00f3n cidad\u00e1 creou unha contorna no que as pol\u00edticas de vivenda se dese\u00f1an desde unha perspectiva tecnocr\u00e1tica, sen considerar o impacto social e humano destas decisi\u00f3ns. A falta de transparencia na xesti\u00f3n de proxectos de vivenda p\u00fablica e a opacidade na concesi\u00f3n de axudas ao alugueiro son exemplos de como as decisi\u00f3ns se toman sen un proceso participativo real.<br><br><br><\/p>\n\n\n\n<p>O resultado \u00e9 un descontento crecente entre os vigueses, que senten ignorados polos seus representantes. As asociaci\u00f3ns veci\u00f1ais e plataformas cidad\u00e1s levantaron a voz en numerosas ocasi\u00f3ns, reclamando pol\u00edticas de vivenda m\u00e1is xustas e accesibles, pero as s\u00faas demandas foron, na s\u00faa maior\u00eda, desatendidas.<\/p>\n\n\n\n<p><em><strong>A urxencia dun cambio de rumbo.<\/strong><\/em><\/p>\n\n\n\n<p>Diante deste contexto, resulta imprescindible un cambio radical nas pol\u00edticas de vivenda en Vigo e Galicia. A construci\u00f3n de novas vivendas de protecci\u00f3n oficial debe ser unha prioridade tanto para o Concello como para a Xunta, e debe ir acompa\u00f1ada dunha reforma integral do mercado inmobiliario para frear a especulaci\u00f3n e regular o alugueiro vacacional.<br><br><br><\/p>\n\n\n\n<p>Ademais, \u00e9 necesario un enfoque m\u00e1is inclusivo na planificaci\u00f3n urbana, que priorice a rehabilitaci\u00f3n dos barrios c\u00e9ntricos e a creaci\u00f3n de espazos p\u00fablicos accesibles para todos. A participaci\u00f3n cidad\u00e1 debe ser un piar fundamental neste proceso, asegurando que as decisi\u00f3ns se tomen coa participaci\u00f3n activa dos vigueses e que respondan as s\u00faas necesidades reais.<br><br><br><\/p>\n\n\n\n<figure class=\"wp-block-image size-large\"><img loading=\"lazy\" decoding=\"async\" width=\"766\" height=\"1024\" src=\"https:\/\/www.anovapeneira.gal\/wp-content\/uploads\/2024\/09\/Traballod-e-referencia.Interior-766x1024.jpg\" alt=\"\" class=\"wp-image-12436\" srcset=\"https:\/\/www.anovapeneira.gal\/wp-content\/uploads\/2024\/09\/Traballod-e-referencia.Interior-766x1024.jpg 766w, https:\/\/www.anovapeneira.gal\/wp-content\/uploads\/2024\/09\/Traballod-e-referencia.Interior-224x300.jpg 224w, https:\/\/www.anovapeneira.gal\/wp-content\/uploads\/2024\/09\/Traballod-e-referencia.Interior-768x1026.jpg 768w, https:\/\/www.anovapeneira.gal\/wp-content\/uploads\/2024\/09\/Traballod-e-referencia.Interior-1149x1536.jpg 1149w, https:\/\/www.anovapeneira.gal\/wp-content\/uploads\/2024\/09\/Traballod-e-referencia.Interior-1532x2048.jpg 1532w, https:\/\/www.anovapeneira.gal\/wp-content\/uploads\/2024\/09\/Traballod-e-referencia.Interior-scaled.jpg 1916w\" sizes=\"auto, (max-width: 766px) 100vw, 766px\" \/><\/figure>\n\n\n\n<p>Abel Caballero e Alfonso Rueda te\u00f1en nas s\u00faas mans a posibilidade de reverter esta crise, pero para iso \u00e9 necesario un compromiso real e efectivo co acceso \u00e1 vivenda. Os cidad\u00e1ns de Vigo non poden seguir esperando promesas baleiras; \u00e9 hora de que as autoridades act\u00faen con responsabilidade e visi\u00f3n de futuro.<br><br><br><\/p>\n\n\n\n<p>A crise de vivenda en Vigo \u00e9 un reflexo da inacci\u00f3n pol\u00edtica e a falta de planificaci\u00f3n que caracterizaron a xesti\u00f3n tanto do Concello como da Xunta de Galicia nos \u00faltimos anos. A pesar das promesas e os anuncios, a realidade \u00e9 que miles de vigueses seguen enfrontando enormes dificultades para acceder a unha vivenda digna.<br><br><br><\/p>\n\n\n\n<p>O aumento descontrolado dos prezos, a especulaci\u00f3n inmobiliaria, a insuficiencia de pol\u00edticas p\u00fablicas de vivenda e a falta de planificaci\u00f3n urbana crearon unha situaci\u00f3n insostible que require unha resposta urxente e decidida. Abel Caballero e Alfonso Rueda tiveron m\u00faltiples oportunidades para abordar este problema, pero ata o de agora fracasaron en ofrecer soluci\u00f3ns efectivas.<\/p>\n\n\n\n<p>\u00c9 fundamental que se adopten medidas contundentes para frear a escalada de prezos, aumentar o parque de vivenda p\u00fablica e regular o mercado de alugueiro vacacional. S\u00f3 cun cambio de rumbo decidido e un compromiso real co benestar dos cidad\u00e1ns ser\u00e1 posible garantir que Vigo siga sendo unha cidade accesible para todos.<\/p>\n\n\n\n<p>O futuro de Vigo depende das decisi\u00f3ns que se tomen hoxe. \u00c9 hora de que as autoridades act\u00faen con responsabilidade e valent\u00eda, po\u00f1endo no centro das s\u00faas pol\u00edticas o dereito de todos os vigueses a unha vivenda digna. O tempo das promesas baleiras pasou; agora \u00e9 o momento dos feitos.<\/p>\n","protected":false},"excerpt":{"rendered":"<div class=\"mh-excerpt\"><p>Vigo, a cidade m\u00e1is grande de Galicia, enfr\u00f3ntase a unha crise de vivenda que, lonxe de atopar soluci\u00f3ns, se agudiza co paso do tempo. Mentres os prezos de alugueiro e compra se disparan, as respostas das autoridades locais e auton\u00f3micas mostr\u00e1ronse insuficientes e, en moitos casos, meramente simb\u00f3licas <a class=\"mh-excerpt-more\" href=\"https:\/\/www.anovapeneira.gal\/index.php\/2024\/09\/20\/vigo-afogada-promesas-baleiras-cidadania-desesperada\/\" title=\"Vigo afogada: promesas baleiras, cidadan\u00eda desesperada\">[&#8230;]<\/a><\/p>\n<\/div>","protected":false},"author":23,"featured_media":12433,"comment_status":"open","ping_status":"open","sticky":false,"template":"","format":"standard","meta":{"_exactmetrics_skip_tracking":false,"_exactmetrics_sitenote_active":false,"_exactmetrics_sitenote_note":"","_exactmetrics_sitenote_category":0,"footnotes":""},"categories":[497],"tags":[227],"class_list":{"0":"post-12432","1":"post","2":"type-post","3":"status-publish","4":"format-standard","5":"has-post-thumbnail","7":"category-vigo-reportaxes","8":"tag-concello-de-vigo"},"yoast_head":"<!-- This site is optimized with the Yoast SEO plugin v27.4 - https:\/\/yoast.com\/product\/yoast-seo-wordpress\/ -->\n<title>Vigo afogada: promesas baleiras, cidadan\u00eda desesperada -<\/title>\n<meta name=\"robots\" content=\"index, follow, max-snippet:-1, max-image-preview:large, max-video-preview:-1\" \/>\n<link rel=\"canonical\" href=\"https:\/\/www.anovapeneira.gal\/index.php\/2024\/09\/20\/vigo-afogada-promesas-baleiras-cidadania-desesperada\/\" \/>\n<meta property=\"og:locale\" content=\"gl_ES\" \/>\n<meta property=\"og:type\" content=\"article\" \/>\n<meta property=\"og:title\" content=\"Vigo afogada: promesas baleiras, cidadan\u00eda desesperada -\" \/>\n<meta property=\"og:description\" content=\"Vigo, a cidade m\u00e1is grande de Galicia, enfr\u00f3ntase a unha crise de vivenda que, lonxe de atopar soluci\u00f3ns, se agudiza co paso do tempo. Mentres os prezos de alugueiro e compra se disparan, as respostas das autoridades locais e auton\u00f3micas mostr\u00e1ronse insuficientes e, en moitos casos, meramente simb\u00f3licas [...]\" \/>\n<meta property=\"og:url\" content=\"https:\/\/www.anovapeneira.gal\/index.php\/2024\/09\/20\/vigo-afogada-promesas-baleiras-cidadania-desesperada\/\" \/>\n<meta property=\"article:publisher\" content=\"https:\/\/www.facebook.com\/anovapeneira\" \/>\n<meta property=\"article:published_time\" content=\"2024-09-20T08:00:31+00:00\" \/>\n<meta property=\"og:image\" content=\"https:\/\/www.anovapeneira.gal\/wp-content\/uploads\/2024\/09\/praza_espana.png\" \/>\n\t<meta property=\"og:image:width\" content=\"720\" \/>\n\t<meta property=\"og:image:height\" content=\"432\" \/>\n\t<meta property=\"og:image:type\" content=\"image\/png\" \/>\n<meta name=\"author\" content=\"Aar\u00f3n Franco\" \/>\n<meta name=\"twitter:card\" content=\"summary_large_image\" \/>\n<meta name=\"twitter:creator\" content=\"@APeneira\" \/>\n<meta name=\"twitter:site\" content=\"@APeneira\" \/>\n<meta name=\"twitter:label1\" content=\"Escrito por\" \/>\n\t<meta name=\"twitter:data1\" content=\"Aar\u00f3n Franco\" \/>\n\t<meta name=\"twitter:label2\" content=\"Tempo de lectura\" \/>\n\t<meta name=\"twitter:data2\" content=\"14 minutos\" \/>\n<script type=\"application\/ld+json\" class=\"yoast-schema-graph\">{\"@context\":\"https:\\\/\\\/schema.org\",\"@graph\":[{\"@type\":\"Article\",\"@id\":\"https:\\\/\\\/www.anovapeneira.gal\\\/index.php\\\/2024\\\/09\\\/20\\\/vigo-afogada-promesas-baleiras-cidadania-desesperada\\\/#article\",\"isPartOf\":{\"@id\":\"https:\\\/\\\/www.anovapeneira.gal\\\/index.php\\\/2024\\\/09\\\/20\\\/vigo-afogada-promesas-baleiras-cidadania-desesperada\\\/\"},\"author\":{\"name\":\"Aar\u00f3n Franco\",\"@id\":\"https:\\\/\\\/www.anovapeneira.gal\\\/#\\\/schema\\\/person\\\/a907e49c1885c12d6f281770afd68766\"},\"headline\":\"Vigo afogada: promesas baleiras, cidadan\u00eda desesperada\",\"datePublished\":\"2024-09-20T08:00:31+00:00\",\"mainEntityOfPage\":{\"@id\":\"https:\\\/\\\/www.anovapeneira.gal\\\/index.php\\\/2024\\\/09\\\/20\\\/vigo-afogada-promesas-baleiras-cidadania-desesperada\\\/\"},\"wordCount\":2540,\"commentCount\":0,\"publisher\":{\"@id\":\"https:\\\/\\\/www.anovapeneira.gal\\\/#organization\"},\"image\":{\"@id\":\"https:\\\/\\\/www.anovapeneira.gal\\\/index.php\\\/2024\\\/09\\\/20\\\/vigo-afogada-promesas-baleiras-cidadania-desesperada\\\/#primaryimage\"},\"thumbnailUrl\":\"https:\\\/\\\/www.anovapeneira.gal\\\/wp-content\\\/uploads\\\/2024\\\/09\\\/praza_espana.png\",\"keywords\":[\"Concello de Vigo\"],\"articleSection\":[\"Vigo\"],\"inLanguage\":\"gl-ES\",\"potentialAction\":[{\"@type\":\"CommentAction\",\"name\":\"Comment\",\"target\":[\"https:\\\/\\\/www.anovapeneira.gal\\\/index.php\\\/2024\\\/09\\\/20\\\/vigo-afogada-promesas-baleiras-cidadania-desesperada\\\/#respond\"]}]},{\"@type\":\"WebPage\",\"@id\":\"https:\\\/\\\/www.anovapeneira.gal\\\/index.php\\\/2024\\\/09\\\/20\\\/vigo-afogada-promesas-baleiras-cidadania-desesperada\\\/\",\"url\":\"https:\\\/\\\/www.anovapeneira.gal\\\/index.php\\\/2024\\\/09\\\/20\\\/vigo-afogada-promesas-baleiras-cidadania-desesperada\\\/\",\"name\":\"Vigo afogada: promesas baleiras, cidadan\u00eda desesperada -\",\"isPartOf\":{\"@id\":\"https:\\\/\\\/www.anovapeneira.gal\\\/#website\"},\"primaryImageOfPage\":{\"@id\":\"https:\\\/\\\/www.anovapeneira.gal\\\/index.php\\\/2024\\\/09\\\/20\\\/vigo-afogada-promesas-baleiras-cidadania-desesperada\\\/#primaryimage\"},\"image\":{\"@id\":\"https:\\\/\\\/www.anovapeneira.gal\\\/index.php\\\/2024\\\/09\\\/20\\\/vigo-afogada-promesas-baleiras-cidadania-desesperada\\\/#primaryimage\"},\"thumbnailUrl\":\"https:\\\/\\\/www.anovapeneira.gal\\\/wp-content\\\/uploads\\\/2024\\\/09\\\/praza_espana.png\",\"datePublished\":\"2024-09-20T08:00:31+00:00\",\"breadcrumb\":{\"@id\":\"https:\\\/\\\/www.anovapeneira.gal\\\/index.php\\\/2024\\\/09\\\/20\\\/vigo-afogada-promesas-baleiras-cidadania-desesperada\\\/#breadcrumb\"},\"inLanguage\":\"gl-ES\",\"potentialAction\":[{\"@type\":\"ReadAction\",\"target\":[\"https:\\\/\\\/www.anovapeneira.gal\\\/index.php\\\/2024\\\/09\\\/20\\\/vigo-afogada-promesas-baleiras-cidadania-desesperada\\\/\"]}]},{\"@type\":\"ImageObject\",\"inLanguage\":\"gl-ES\",\"@id\":\"https:\\\/\\\/www.anovapeneira.gal\\\/index.php\\\/2024\\\/09\\\/20\\\/vigo-afogada-promesas-baleiras-cidadania-desesperada\\\/#primaryimage\",\"url\":\"https:\\\/\\\/www.anovapeneira.gal\\\/wp-content\\\/uploads\\\/2024\\\/09\\\/praza_espana.png\",\"contentUrl\":\"https:\\\/\\\/www.anovapeneira.gal\\\/wp-content\\\/uploads\\\/2024\\\/09\\\/praza_espana.png\",\"width\":720,\"height\":432},{\"@type\":\"BreadcrumbList\",\"@id\":\"https:\\\/\\\/www.anovapeneira.gal\\\/index.php\\\/2024\\\/09\\\/20\\\/vigo-afogada-promesas-baleiras-cidadania-desesperada\\\/#breadcrumb\",\"itemListElement\":[{\"@type\":\"ListItem\",\"position\":1,\"name\":\"Portada\",\"item\":\"https:\\\/\\\/www.anovapeneira.gal\\\/\"},{\"@type\":\"ListItem\",\"position\":2,\"name\":\"Vigo afogada: promesas baleiras, cidadan\u00eda desesperada\"}]},{\"@type\":\"WebSite\",\"@id\":\"https:\\\/\\\/www.anovapeneira.gal\\\/#website\",\"url\":\"https:\\\/\\\/www.anovapeneira.gal\\\/\",\"name\":\"\",\"description\":\"Xornal galego de informaci\u00f3n xeral Publicaci\u00f3n mensual de novas de Galicia e en especial dos Concellos da sur da provincia de Pontevedra.\",\"publisher\":{\"@id\":\"https:\\\/\\\/www.anovapeneira.gal\\\/#organization\"},\"potentialAction\":[{\"@type\":\"SearchAction\",\"target\":{\"@type\":\"EntryPoint\",\"urlTemplate\":\"https:\\\/\\\/www.anovapeneira.gal\\\/?s={search_term_string}\"},\"query-input\":{\"@type\":\"PropertyValueSpecification\",\"valueRequired\":true,\"valueName\":\"search_term_string\"}}],\"inLanguage\":\"gl-ES\"},{\"@type\":\"Organization\",\"@id\":\"https:\\\/\\\/www.anovapeneira.gal\\\/#organization\",\"name\":\"A Nova Peneira\",\"url\":\"https:\\\/\\\/www.anovapeneira.gal\\\/\",\"logo\":{\"@type\":\"ImageObject\",\"inLanguage\":\"gl-ES\",\"@id\":\"https:\\\/\\\/www.anovapeneira.gal\\\/#\\\/schema\\\/logo\\\/image\\\/\",\"url\":\"http:\\\/\\\/www.anovapeneira.gal\\\/wp-content\\\/uploads\\\/2019\\\/06\\\/logo_a_nova_peneira_portal_web.png\",\"contentUrl\":\"http:\\\/\\\/www.anovapeneira.gal\\\/wp-content\\\/uploads\\\/2019\\\/06\\\/logo_a_nova_peneira_portal_web.png\",\"width\":300,\"height\":100,\"caption\":\"A Nova Peneira\"},\"image\":{\"@id\":\"https:\\\/\\\/www.anovapeneira.gal\\\/#\\\/schema\\\/logo\\\/image\\\/\"},\"sameAs\":[\"https:\\\/\\\/www.facebook.com\\\/anovapeneira\",\"https:\\\/\\\/x.com\\\/APeneira\"]},{\"@type\":\"Person\",\"@id\":\"https:\\\/\\\/www.anovapeneira.gal\\\/#\\\/schema\\\/person\\\/a907e49c1885c12d6f281770afd68766\",\"name\":\"Aar\u00f3n Franco\",\"image\":{\"@type\":\"ImageObject\",\"inLanguage\":\"gl-ES\",\"@id\":\"https:\\\/\\\/secure.gravatar.com\\\/avatar\\\/82f0614fe09ae3f066983f8d670d0ff15a0917fefe52b93ffa425275b87d6102?s=96&d=mm&r=g\",\"url\":\"https:\\\/\\\/secure.gravatar.com\\\/avatar\\\/82f0614fe09ae3f066983f8d670d0ff15a0917fefe52b93ffa425275b87d6102?s=96&d=mm&r=g\",\"contentUrl\":\"https:\\\/\\\/secure.gravatar.com\\\/avatar\\\/82f0614fe09ae3f066983f8d670d0ff15a0917fefe52b93ffa425275b87d6102?s=96&d=mm&r=g\",\"caption\":\"Aar\u00f3n Franco\"},\"sameAs\":[\"http:\\\/\\\/www.anovapeneira.gal\\\/\"],\"url\":\"https:\\\/\\\/www.anovapeneira.gal\\\/index.php\\\/author\\\/aaron-franco\\\/\"}]}<\/script>\n<!-- \/ Yoast SEO plugin. -->","yoast_head_json":{"title":"Vigo afogada: promesas baleiras, cidadan\u00eda desesperada -","robots":{"index":"index","follow":"follow","max-snippet":"max-snippet:-1","max-image-preview":"max-image-preview:large","max-video-preview":"max-video-preview:-1"},"canonical":"https:\/\/www.anovapeneira.gal\/index.php\/2024\/09\/20\/vigo-afogada-promesas-baleiras-cidadania-desesperada\/","og_locale":"gl_ES","og_type":"article","og_title":"Vigo afogada: promesas baleiras, cidadan\u00eda desesperada -","og_description":"Vigo, a cidade m\u00e1is grande de Galicia, enfr\u00f3ntase a unha crise de vivenda que, lonxe de atopar soluci\u00f3ns, se agudiza co paso do tempo. Mentres os prezos de alugueiro e compra se disparan, as respostas das autoridades locais e auton\u00f3micas mostr\u00e1ronse insuficientes e, en moitos casos, meramente simb\u00f3licas [...]","og_url":"https:\/\/www.anovapeneira.gal\/index.php\/2024\/09\/20\/vigo-afogada-promesas-baleiras-cidadania-desesperada\/","article_publisher":"https:\/\/www.facebook.com\/anovapeneira","article_published_time":"2024-09-20T08:00:31+00:00","og_image":[{"width":720,"height":432,"url":"https:\/\/www.anovapeneira.gal\/wp-content\/uploads\/2024\/09\/praza_espana.png","type":"image\/png"}],"author":"Aar\u00f3n Franco","twitter_card":"summary_large_image","twitter_creator":"@APeneira","twitter_site":"@APeneira","twitter_misc":{"Escrito por":"Aar\u00f3n Franco","Tempo de lectura":"14 minutos"},"schema":{"@context":"https:\/\/schema.org","@graph":[{"@type":"Article","@id":"https:\/\/www.anovapeneira.gal\/index.php\/2024\/09\/20\/vigo-afogada-promesas-baleiras-cidadania-desesperada\/#article","isPartOf":{"@id":"https:\/\/www.anovapeneira.gal\/index.php\/2024\/09\/20\/vigo-afogada-promesas-baleiras-cidadania-desesperada\/"},"author":{"name":"Aar\u00f3n Franco","@id":"https:\/\/www.anovapeneira.gal\/#\/schema\/person\/a907e49c1885c12d6f281770afd68766"},"headline":"Vigo afogada: promesas baleiras, cidadan\u00eda desesperada","datePublished":"2024-09-20T08:00:31+00:00","mainEntityOfPage":{"@id":"https:\/\/www.anovapeneira.gal\/index.php\/2024\/09\/20\/vigo-afogada-promesas-baleiras-cidadania-desesperada\/"},"wordCount":2540,"commentCount":0,"publisher":{"@id":"https:\/\/www.anovapeneira.gal\/#organization"},"image":{"@id":"https:\/\/www.anovapeneira.gal\/index.php\/2024\/09\/20\/vigo-afogada-promesas-baleiras-cidadania-desesperada\/#primaryimage"},"thumbnailUrl":"https:\/\/www.anovapeneira.gal\/wp-content\/uploads\/2024\/09\/praza_espana.png","keywords":["Concello de Vigo"],"articleSection":["Vigo"],"inLanguage":"gl-ES","potentialAction":[{"@type":"CommentAction","name":"Comment","target":["https:\/\/www.anovapeneira.gal\/index.php\/2024\/09\/20\/vigo-afogada-promesas-baleiras-cidadania-desesperada\/#respond"]}]},{"@type":"WebPage","@id":"https:\/\/www.anovapeneira.gal\/index.php\/2024\/09\/20\/vigo-afogada-promesas-baleiras-cidadania-desesperada\/","url":"https:\/\/www.anovapeneira.gal\/index.php\/2024\/09\/20\/vigo-afogada-promesas-baleiras-cidadania-desesperada\/","name":"Vigo afogada: promesas baleiras, cidadan\u00eda desesperada -","isPartOf":{"@id":"https:\/\/www.anovapeneira.gal\/#website"},"primaryImageOfPage":{"@id":"https:\/\/www.anovapeneira.gal\/index.php\/2024\/09\/20\/vigo-afogada-promesas-baleiras-cidadania-desesperada\/#primaryimage"},"image":{"@id":"https:\/\/www.anovapeneira.gal\/index.php\/2024\/09\/20\/vigo-afogada-promesas-baleiras-cidadania-desesperada\/#primaryimage"},"thumbnailUrl":"https:\/\/www.anovapeneira.gal\/wp-content\/uploads\/2024\/09\/praza_espana.png","datePublished":"2024-09-20T08:00:31+00:00","breadcrumb":{"@id":"https:\/\/www.anovapeneira.gal\/index.php\/2024\/09\/20\/vigo-afogada-promesas-baleiras-cidadania-desesperada\/#breadcrumb"},"inLanguage":"gl-ES","potentialAction":[{"@type":"ReadAction","target":["https:\/\/www.anovapeneira.gal\/index.php\/2024\/09\/20\/vigo-afogada-promesas-baleiras-cidadania-desesperada\/"]}]},{"@type":"ImageObject","inLanguage":"gl-ES","@id":"https:\/\/www.anovapeneira.gal\/index.php\/2024\/09\/20\/vigo-afogada-promesas-baleiras-cidadania-desesperada\/#primaryimage","url":"https:\/\/www.anovapeneira.gal\/wp-content\/uploads\/2024\/09\/praza_espana.png","contentUrl":"https:\/\/www.anovapeneira.gal\/wp-content\/uploads\/2024\/09\/praza_espana.png","width":720,"height":432},{"@type":"BreadcrumbList","@id":"https:\/\/www.anovapeneira.gal\/index.php\/2024\/09\/20\/vigo-afogada-promesas-baleiras-cidadania-desesperada\/#breadcrumb","itemListElement":[{"@type":"ListItem","position":1,"name":"Portada","item":"https:\/\/www.anovapeneira.gal\/"},{"@type":"ListItem","position":2,"name":"Vigo afogada: promesas baleiras, cidadan\u00eda desesperada"}]},{"@type":"WebSite","@id":"https:\/\/www.anovapeneira.gal\/#website","url":"https:\/\/www.anovapeneira.gal\/","name":"","description":"Xornal galego de informaci\u00f3n xeral Publicaci\u00f3n mensual de novas de Galicia e en especial dos Concellos da sur da provincia de Pontevedra.","publisher":{"@id":"https:\/\/www.anovapeneira.gal\/#organization"},"potentialAction":[{"@type":"SearchAction","target":{"@type":"EntryPoint","urlTemplate":"https:\/\/www.anovapeneira.gal\/?s={search_term_string}"},"query-input":{"@type":"PropertyValueSpecification","valueRequired":true,"valueName":"search_term_string"}}],"inLanguage":"gl-ES"},{"@type":"Organization","@id":"https:\/\/www.anovapeneira.gal\/#organization","name":"A Nova Peneira","url":"https:\/\/www.anovapeneira.gal\/","logo":{"@type":"ImageObject","inLanguage":"gl-ES","@id":"https:\/\/www.anovapeneira.gal\/#\/schema\/logo\/image\/","url":"http:\/\/www.anovapeneira.gal\/wp-content\/uploads\/2019\/06\/logo_a_nova_peneira_portal_web.png","contentUrl":"http:\/\/www.anovapeneira.gal\/wp-content\/uploads\/2019\/06\/logo_a_nova_peneira_portal_web.png","width":300,"height":100,"caption":"A Nova Peneira"},"image":{"@id":"https:\/\/www.anovapeneira.gal\/#\/schema\/logo\/image\/"},"sameAs":["https:\/\/www.facebook.com\/anovapeneira","https:\/\/x.com\/APeneira"]},{"@type":"Person","@id":"https:\/\/www.anovapeneira.gal\/#\/schema\/person\/a907e49c1885c12d6f281770afd68766","name":"Aar\u00f3n Franco","image":{"@type":"ImageObject","inLanguage":"gl-ES","@id":"https:\/\/secure.gravatar.com\/avatar\/82f0614fe09ae3f066983f8d670d0ff15a0917fefe52b93ffa425275b87d6102?s=96&d=mm&r=g","url":"https:\/\/secure.gravatar.com\/avatar\/82f0614fe09ae3f066983f8d670d0ff15a0917fefe52b93ffa425275b87d6102?s=96&d=mm&r=g","contentUrl":"https:\/\/secure.gravatar.com\/avatar\/82f0614fe09ae3f066983f8d670d0ff15a0917fefe52b93ffa425275b87d6102?s=96&d=mm&r=g","caption":"Aar\u00f3n Franco"},"sameAs":["http:\/\/www.anovapeneira.gal\/"],"url":"https:\/\/www.anovapeneira.gal\/index.php\/author\/aaron-franco\/"}]}},"jetpack_featured_media_url":"https:\/\/www.anovapeneira.gal\/wp-content\/uploads\/2024\/09\/praza_espana.png","_links":{"self":[{"href":"https:\/\/www.anovapeneira.gal\/index.php\/wp-json\/wp\/v2\/posts\/12432","targetHints":{"allow":["GET"]}}],"collection":[{"href":"https:\/\/www.anovapeneira.gal\/index.php\/wp-json\/wp\/v2\/posts"}],"about":[{"href":"https:\/\/www.anovapeneira.gal\/index.php\/wp-json\/wp\/v2\/types\/post"}],"author":[{"embeddable":true,"href":"https:\/\/www.anovapeneira.gal\/index.php\/wp-json\/wp\/v2\/users\/23"}],"replies":[{"embeddable":true,"href":"https:\/\/www.anovapeneira.gal\/index.php\/wp-json\/wp\/v2\/comments?post=12432"}],"version-history":[{"count":4,"href":"https:\/\/www.anovapeneira.gal\/index.php\/wp-json\/wp\/v2\/posts\/12432\/revisions"}],"predecessor-version":[{"id":12438,"href":"https:\/\/www.anovapeneira.gal\/index.php\/wp-json\/wp\/v2\/posts\/12432\/revisions\/12438"}],"wp:featuredmedia":[{"embeddable":true,"href":"https:\/\/www.anovapeneira.gal\/index.php\/wp-json\/wp\/v2\/media\/12433"}],"wp:attachment":[{"href":"https:\/\/www.anovapeneira.gal\/index.php\/wp-json\/wp\/v2\/media?parent=12432"}],"wp:term":[{"taxonomy":"category","embeddable":true,"href":"https:\/\/www.anovapeneira.gal\/index.php\/wp-json\/wp\/v2\/categories?post=12432"},{"taxonomy":"post_tag","embeddable":true,"href":"https:\/\/www.anovapeneira.gal\/index.php\/wp-json\/wp\/v2\/tags?post=12432"}],"curies":[{"name":"wp","href":"https:\/\/api.w.org\/{rel}","templated":true}]}}