{"id":12439,"date":"2024-09-20T12:00:25","date_gmt":"2024-09-20T10:00:25","guid":{"rendered":"https:\/\/www.anovapeneira.gal\/?p=12439"},"modified":"2024-09-14T11:34:50","modified_gmt":"2024-09-14T09:34:50","slug":"bofill-un-empresario-marinense","status":"publish","type":"post","link":"https:\/\/www.anovapeneira.gal\/index.php\/2024\/09\/20\/bofill-un-empresario-marinense\/","title":{"rendered":"Bofill, un empresario marinense"},"content":{"rendered":"\n<pre class=\"wp-block-preformatted\">Celso Milleiro<\/pre>\n\n\n\n<p>Josep Bofill i Molfullada naceu en Catalunya a mediados do s\u00e9culo XIX, traslad\u00e1ndose a Galiza polos negocios empresariais dos seus pais.<\/p>\n\n\n\n<p>Estivo vinculado \u00e1 venda de sal e carb\u00f3n con apertura de varios almac\u00e9ns en varias localidades do noso Pa\u00eds, o que lle supuxo a obtenci\u00f3n dunha fortuna econ\u00f3mica.<\/p>\n\n\n\n<p>Foi a finais dese s\u00e9culo cando o documentamos no concello de Mar\u00edn tratando de establecer dep\u00f3sitos flotantes de carb\u00f3n, mais Bofill posu\u00eda outros negocios como unha f\u00e1brica de fundici\u00f3n e un estaleiro.<\/p>\n\n\n\n<p>Nos primeiros anos do s\u00e9c. XX, o seu armaz\u00f3n empresarial estaban en auxe, tanto que foi obsequiado cun banquete popular polos suculentos beneficios que xeraban as s\u00faas empresas no concello.<\/p>\n\n\n\n<p>Sen lugar a d\u00fabidas, era o que chamariamos na actualidade un emprendedor, entre as s\u00faas ideas estaban como exemplos a instalaci\u00f3n dunha potente m\u00e1quina para serrar madeiras e unha f\u00e1brica de xab\u00f3n en 1897 e a creaci\u00f3n en 1902 dunha empresa de vapores que comunicara entre si todos os portos das r\u00edas. Mais este proxecto non chegou a executar dado que rematou cun preito cunha parte dos socios por quebrantos de cr\u00e9ditos, que deu lugar a suspensi\u00f3ns de pagos nas s\u00faas empresas e un cami\u00f1o xudicial que rematou en multas e o seu paso por prisi\u00f3n.<\/p>\n\n\n\n<p>Dez anos despois, entre 1913 e 1914, foi quen de retomar os seus negocios de almacenamento de sal e carb\u00f3n e en 1923 solicitou permiso para a implantaci\u00f3n dun transporte de autob\u00fas entre Mar\u00edn e a capital provincial.<\/p>\n\n\n\n<p>Empresario peculiar, con boas ideas e desastroso para os negocios, se cadra unido a un chisco de mala sorte, Bofill foi unha persoa comprometida. En 1902 creou a Sociedade Obreira Cooperativa de Consumos \u201cO Traballo\u201d, pensando no benestar da clase operaria. Ideoloxicamente era republicano, apoiando decididamente a candidatura municipal obreira-agraria-republicana de Mar\u00edn nas elecci\u00f3ns de 1931. Entre outros asuntos, foi designado en 1923 como Vice-Presidente do Comit\u00e9 Executivo da Xunta de Defensa da Lonxa P\u00fablica.<\/p>\n\n\n\n<p>Secundino Lorenzo Touza definiu a Josep Bofill como: \u201chome de gran capacidade para expor os negocios e de poucas ou ningunha fortuna para o desenvolvemento deles. Era un home, todo un se\u00f1or, que viaxara moito e a s\u00faa conversaci\u00f3n era correcta, fina e amena. Era un gastr\u00f3nomo, un goumet [sic] a estilo Brillat \u2013 Savarin, e gustara os mellores pratos e os m\u00e1is exquisitos vi\u00f1os europeos. E dic\u00eda ou aseguraba con autoridade de experto, que entre todos os vi\u00f1os de mesa, ning\u00fan como o bo vi\u00f1o tinto de aqu\u00ed, de Mar\u00edn. Pulcro, cort\u00e9s, af\u00e1bel, levou a s\u00faa pobreza de \u00faltima hora con dignidade\u201d.<\/p>\n\n\n\n<p>Faleceu en Mar\u00edn o 29 de novembro de 1935, sendo soterrado no cemiterio da Ra\u00f1a.<\/p>\n","protected":false},"excerpt":{"rendered":"<div class=\"mh-excerpt\"><p>Josep Bofill i Molfullada naceu en Catalunya a mediados do s\u00e9culo XIX, traslad\u00e1ndose a Galiza polos negocios empresariais dos seus pais. <a class=\"mh-excerpt-more\" href=\"https:\/\/www.anovapeneira.gal\/index.php\/2024\/09\/20\/bofill-un-empresario-marinense\/\" title=\"Bofill, un empresario marinense\">[&#8230;]<\/a><\/p>\n<\/div>","protected":false},"author":12,"featured_media":12440,"comment_status":"open","ping_status":"open","sticky":false,"template":"","format":"standard","meta":{"_exactmetrics_skip_tracking":false,"_exactmetrics_sitenote_active":false,"_exactmetrics_sitenote_note":"","_exactmetrics_sitenote_category":0,"footnotes":""},"categories":[7],"tags":[],"class_list":{"0":"post-12439","1":"post","2":"type-post","3":"status-publish","4":"format-standard","5":"has-post-thumbnail","7":"category-artigos-de-opinion"},"yoast_head":"<!-- This site is optimized with the Yoast SEO plugin v27.4 - https:\/\/yoast.com\/product\/yoast-seo-wordpress\/ -->\n<title>Bofill, un empresario marinense -<\/title>\n<meta name=\"robots\" content=\"index, follow, max-snippet:-1, max-image-preview:large, max-video-preview:-1\" \/>\n<link rel=\"canonical\" href=\"https:\/\/www.anovapeneira.gal\/index.php\/2024\/09\/20\/bofill-un-empresario-marinense\/\" \/>\n<meta property=\"og:locale\" content=\"gl_ES\" \/>\n<meta property=\"og:type\" content=\"article\" \/>\n<meta property=\"og:title\" content=\"Bofill, un empresario marinense -\" \/>\n<meta property=\"og:description\" content=\"Josep Bofill i Molfullada naceu en Catalunya a mediados do s\u00e9culo XIX, traslad\u00e1ndose a Galiza polos negocios empresariais dos seus pais. [...]\" \/>\n<meta property=\"og:url\" content=\"https:\/\/www.anovapeneira.gal\/index.php\/2024\/09\/20\/bofill-un-empresario-marinense\/\" \/>\n<meta property=\"article:publisher\" content=\"https:\/\/www.facebook.com\/anovapeneira\" \/>\n<meta property=\"article:published_time\" content=\"2024-09-20T10:00:25+00:00\" \/>\n<meta property=\"og:image\" content=\"https:\/\/www.anovapeneira.gal\/wp-content\/uploads\/2024\/09\/Jose-Bofill-Moltfullada.png\" \/>\n\t<meta property=\"og:image:width\" content=\"720\" \/>\n\t<meta property=\"og:image:height\" content=\"432\" \/>\n\t<meta property=\"og:image:type\" content=\"image\/png\" \/>\n<meta name=\"author\" content=\"Artigos Opini\u00f3n\" \/>\n<meta name=\"twitter:card\" content=\"summary_large_image\" \/>\n<meta name=\"twitter:creator\" content=\"@APeneira\" \/>\n<meta name=\"twitter:site\" content=\"@APeneira\" \/>\n<meta name=\"twitter:label1\" content=\"Escrito por\" \/>\n\t<meta name=\"twitter:data1\" content=\"Artigos Opini\u00f3n\" \/>\n\t<meta name=\"twitter:label2\" content=\"Tempo de lectura\" \/>\n\t<meta name=\"twitter:data2\" content=\"3 minutos\" \/>\n<script type=\"application\/ld+json\" class=\"yoast-schema-graph\">{\"@context\":\"https:\\\/\\\/schema.org\",\"@graph\":[{\"@type\":\"Article\",\"@id\":\"https:\\\/\\\/www.anovapeneira.gal\\\/index.php\\\/2024\\\/09\\\/20\\\/bofill-un-empresario-marinense\\\/#article\",\"isPartOf\":{\"@id\":\"https:\\\/\\\/www.anovapeneira.gal\\\/index.php\\\/2024\\\/09\\\/20\\\/bofill-un-empresario-marinense\\\/\"},\"author\":{\"name\":\"Artigos Opini\u00f3n\",\"@id\":\"https:\\\/\\\/www.anovapeneira.gal\\\/#\\\/schema\\\/person\\\/f18a4feb302e8f20bcef4490b5b60bb3\"},\"headline\":\"Bofill, un empresario marinense\",\"datePublished\":\"2024-09-20T10:00:25+00:00\",\"mainEntityOfPage\":{\"@id\":\"https:\\\/\\\/www.anovapeneira.gal\\\/index.php\\\/2024\\\/09\\\/20\\\/bofill-un-empresario-marinense\\\/\"},\"wordCount\":483,\"commentCount\":1,\"publisher\":{\"@id\":\"https:\\\/\\\/www.anovapeneira.gal\\\/#organization\"},\"image\":{\"@id\":\"https:\\\/\\\/www.anovapeneira.gal\\\/index.php\\\/2024\\\/09\\\/20\\\/bofill-un-empresario-marinense\\\/#primaryimage\"},\"thumbnailUrl\":\"https:\\\/\\\/www.anovapeneira.gal\\\/wp-content\\\/uploads\\\/2024\\\/09\\\/Jose-Bofill-Moltfullada.png\",\"articleSection\":[\"Artigos de opini\u00f3n\"],\"inLanguage\":\"gl-ES\",\"potentialAction\":[{\"@type\":\"CommentAction\",\"name\":\"Comment\",\"target\":[\"https:\\\/\\\/www.anovapeneira.gal\\\/index.php\\\/2024\\\/09\\\/20\\\/bofill-un-empresario-marinense\\\/#respond\"]}]},{\"@type\":\"WebPage\",\"@id\":\"https:\\\/\\\/www.anovapeneira.gal\\\/index.php\\\/2024\\\/09\\\/20\\\/bofill-un-empresario-marinense\\\/\",\"url\":\"https:\\\/\\\/www.anovapeneira.gal\\\/index.php\\\/2024\\\/09\\\/20\\\/bofill-un-empresario-marinense\\\/\",\"name\":\"Bofill, un empresario marinense -\",\"isPartOf\":{\"@id\":\"https:\\\/\\\/www.anovapeneira.gal\\\/#website\"},\"primaryImageOfPage\":{\"@id\":\"https:\\\/\\\/www.anovapeneira.gal\\\/index.php\\\/2024\\\/09\\\/20\\\/bofill-un-empresario-marinense\\\/#primaryimage\"},\"image\":{\"@id\":\"https:\\\/\\\/www.anovapeneira.gal\\\/index.php\\\/2024\\\/09\\\/20\\\/bofill-un-empresario-marinense\\\/#primaryimage\"},\"thumbnailUrl\":\"https:\\\/\\\/www.anovapeneira.gal\\\/wp-content\\\/uploads\\\/2024\\\/09\\\/Jose-Bofill-Moltfullada.png\",\"datePublished\":\"2024-09-20T10:00:25+00:00\",\"breadcrumb\":{\"@id\":\"https:\\\/\\\/www.anovapeneira.gal\\\/index.php\\\/2024\\\/09\\\/20\\\/bofill-un-empresario-marinense\\\/#breadcrumb\"},\"inLanguage\":\"gl-ES\",\"potentialAction\":[{\"@type\":\"ReadAction\",\"target\":[\"https:\\\/\\\/www.anovapeneira.gal\\\/index.php\\\/2024\\\/09\\\/20\\\/bofill-un-empresario-marinense\\\/\"]}]},{\"@type\":\"ImageObject\",\"inLanguage\":\"gl-ES\",\"@id\":\"https:\\\/\\\/www.anovapeneira.gal\\\/index.php\\\/2024\\\/09\\\/20\\\/bofill-un-empresario-marinense\\\/#primaryimage\",\"url\":\"https:\\\/\\\/www.anovapeneira.gal\\\/wp-content\\\/uploads\\\/2024\\\/09\\\/Jose-Bofill-Moltfullada.png\",\"contentUrl\":\"https:\\\/\\\/www.anovapeneira.gal\\\/wp-content\\\/uploads\\\/2024\\\/09\\\/Jose-Bofill-Moltfullada.png\",\"width\":720,\"height\":432,\"caption\":\"Josep Bofill i Molfullada\"},{\"@type\":\"BreadcrumbList\",\"@id\":\"https:\\\/\\\/www.anovapeneira.gal\\\/index.php\\\/2024\\\/09\\\/20\\\/bofill-un-empresario-marinense\\\/#breadcrumb\",\"itemListElement\":[{\"@type\":\"ListItem\",\"position\":1,\"name\":\"Portada\",\"item\":\"https:\\\/\\\/www.anovapeneira.gal\\\/\"},{\"@type\":\"ListItem\",\"position\":2,\"name\":\"Bofill, un empresario marinense\"}]},{\"@type\":\"WebSite\",\"@id\":\"https:\\\/\\\/www.anovapeneira.gal\\\/#website\",\"url\":\"https:\\\/\\\/www.anovapeneira.gal\\\/\",\"name\":\"\",\"description\":\"Xornal galego de informaci\u00f3n xeral Publicaci\u00f3n mensual de novas de Galicia e en especial dos Concellos da sur da provincia de Pontevedra.\",\"publisher\":{\"@id\":\"https:\\\/\\\/www.anovapeneira.gal\\\/#organization\"},\"potentialAction\":[{\"@type\":\"SearchAction\",\"target\":{\"@type\":\"EntryPoint\",\"urlTemplate\":\"https:\\\/\\\/www.anovapeneira.gal\\\/?s={search_term_string}\"},\"query-input\":{\"@type\":\"PropertyValueSpecification\",\"valueRequired\":true,\"valueName\":\"search_term_string\"}}],\"inLanguage\":\"gl-ES\"},{\"@type\":\"Organization\",\"@id\":\"https:\\\/\\\/www.anovapeneira.gal\\\/#organization\",\"name\":\"A Nova Peneira\",\"url\":\"https:\\\/\\\/www.anovapeneira.gal\\\/\",\"logo\":{\"@type\":\"ImageObject\",\"inLanguage\":\"gl-ES\",\"@id\":\"https:\\\/\\\/www.anovapeneira.gal\\\/#\\\/schema\\\/logo\\\/image\\\/\",\"url\":\"http:\\\/\\\/www.anovapeneira.gal\\\/wp-content\\\/uploads\\\/2019\\\/06\\\/logo_a_nova_peneira_portal_web.png\",\"contentUrl\":\"http:\\\/\\\/www.anovapeneira.gal\\\/wp-content\\\/uploads\\\/2019\\\/06\\\/logo_a_nova_peneira_portal_web.png\",\"width\":300,\"height\":100,\"caption\":\"A Nova Peneira\"},\"image\":{\"@id\":\"https:\\\/\\\/www.anovapeneira.gal\\\/#\\\/schema\\\/logo\\\/image\\\/\"},\"sameAs\":[\"https:\\\/\\\/www.facebook.com\\\/anovapeneira\",\"https:\\\/\\\/x.com\\\/APeneira\"]},{\"@type\":\"Person\",\"@id\":\"https:\\\/\\\/www.anovapeneira.gal\\\/#\\\/schema\\\/person\\\/f18a4feb302e8f20bcef4490b5b60bb3\",\"name\":\"Artigos Opini\u00f3n\",\"image\":{\"@type\":\"ImageObject\",\"inLanguage\":\"gl-ES\",\"@id\":\"https:\\\/\\\/secure.gravatar.com\\\/avatar\\\/072844300f4881150aee2da4278f7a65d16eefdf8262eb67085f1e702de2b959?s=96&d=mm&r=g\",\"url\":\"https:\\\/\\\/secure.gravatar.com\\\/avatar\\\/072844300f4881150aee2da4278f7a65d16eefdf8262eb67085f1e702de2b959?s=96&d=mm&r=g\",\"contentUrl\":\"https:\\\/\\\/secure.gravatar.com\\\/avatar\\\/072844300f4881150aee2da4278f7a65d16eefdf8262eb67085f1e702de2b959?s=96&d=mm&r=g\",\"caption\":\"Artigos Opini\u00f3n\"},\"sameAs\":[\"http:\\\/\\\/anovapeneira.gal\"],\"url\":\"https:\\\/\\\/www.anovapeneira.gal\\\/index.php\\\/author\\\/artigosopinion\\\/\"}]}<\/script>\n<!-- \/ Yoast SEO plugin. -->","yoast_head_json":{"title":"Bofill, un empresario marinense -","robots":{"index":"index","follow":"follow","max-snippet":"max-snippet:-1","max-image-preview":"max-image-preview:large","max-video-preview":"max-video-preview:-1"},"canonical":"https:\/\/www.anovapeneira.gal\/index.php\/2024\/09\/20\/bofill-un-empresario-marinense\/","og_locale":"gl_ES","og_type":"article","og_title":"Bofill, un empresario marinense -","og_description":"Josep Bofill i Molfullada naceu en Catalunya a mediados do s\u00e9culo XIX, traslad\u00e1ndose a Galiza polos negocios empresariais dos seus pais. [...]","og_url":"https:\/\/www.anovapeneira.gal\/index.php\/2024\/09\/20\/bofill-un-empresario-marinense\/","article_publisher":"https:\/\/www.facebook.com\/anovapeneira","article_published_time":"2024-09-20T10:00:25+00:00","og_image":[{"width":720,"height":432,"url":"https:\/\/www.anovapeneira.gal\/wp-content\/uploads\/2024\/09\/Jose-Bofill-Moltfullada.png","type":"image\/png"}],"author":"Artigos Opini\u00f3n","twitter_card":"summary_large_image","twitter_creator":"@APeneira","twitter_site":"@APeneira","twitter_misc":{"Escrito por":"Artigos Opini\u00f3n","Tempo de lectura":"3 minutos"},"schema":{"@context":"https:\/\/schema.org","@graph":[{"@type":"Article","@id":"https:\/\/www.anovapeneira.gal\/index.php\/2024\/09\/20\/bofill-un-empresario-marinense\/#article","isPartOf":{"@id":"https:\/\/www.anovapeneira.gal\/index.php\/2024\/09\/20\/bofill-un-empresario-marinense\/"},"author":{"name":"Artigos Opini\u00f3n","@id":"https:\/\/www.anovapeneira.gal\/#\/schema\/person\/f18a4feb302e8f20bcef4490b5b60bb3"},"headline":"Bofill, un empresario marinense","datePublished":"2024-09-20T10:00:25+00:00","mainEntityOfPage":{"@id":"https:\/\/www.anovapeneira.gal\/index.php\/2024\/09\/20\/bofill-un-empresario-marinense\/"},"wordCount":483,"commentCount":1,"publisher":{"@id":"https:\/\/www.anovapeneira.gal\/#organization"},"image":{"@id":"https:\/\/www.anovapeneira.gal\/index.php\/2024\/09\/20\/bofill-un-empresario-marinense\/#primaryimage"},"thumbnailUrl":"https:\/\/www.anovapeneira.gal\/wp-content\/uploads\/2024\/09\/Jose-Bofill-Moltfullada.png","articleSection":["Artigos de opini\u00f3n"],"inLanguage":"gl-ES","potentialAction":[{"@type":"CommentAction","name":"Comment","target":["https:\/\/www.anovapeneira.gal\/index.php\/2024\/09\/20\/bofill-un-empresario-marinense\/#respond"]}]},{"@type":"WebPage","@id":"https:\/\/www.anovapeneira.gal\/index.php\/2024\/09\/20\/bofill-un-empresario-marinense\/","url":"https:\/\/www.anovapeneira.gal\/index.php\/2024\/09\/20\/bofill-un-empresario-marinense\/","name":"Bofill, un empresario marinense -","isPartOf":{"@id":"https:\/\/www.anovapeneira.gal\/#website"},"primaryImageOfPage":{"@id":"https:\/\/www.anovapeneira.gal\/index.php\/2024\/09\/20\/bofill-un-empresario-marinense\/#primaryimage"},"image":{"@id":"https:\/\/www.anovapeneira.gal\/index.php\/2024\/09\/20\/bofill-un-empresario-marinense\/#primaryimage"},"thumbnailUrl":"https:\/\/www.anovapeneira.gal\/wp-content\/uploads\/2024\/09\/Jose-Bofill-Moltfullada.png","datePublished":"2024-09-20T10:00:25+00:00","breadcrumb":{"@id":"https:\/\/www.anovapeneira.gal\/index.php\/2024\/09\/20\/bofill-un-empresario-marinense\/#breadcrumb"},"inLanguage":"gl-ES","potentialAction":[{"@type":"ReadAction","target":["https:\/\/www.anovapeneira.gal\/index.php\/2024\/09\/20\/bofill-un-empresario-marinense\/"]}]},{"@type":"ImageObject","inLanguage":"gl-ES","@id":"https:\/\/www.anovapeneira.gal\/index.php\/2024\/09\/20\/bofill-un-empresario-marinense\/#primaryimage","url":"https:\/\/www.anovapeneira.gal\/wp-content\/uploads\/2024\/09\/Jose-Bofill-Moltfullada.png","contentUrl":"https:\/\/www.anovapeneira.gal\/wp-content\/uploads\/2024\/09\/Jose-Bofill-Moltfullada.png","width":720,"height":432,"caption":"Josep Bofill i Molfullada"},{"@type":"BreadcrumbList","@id":"https:\/\/www.anovapeneira.gal\/index.php\/2024\/09\/20\/bofill-un-empresario-marinense\/#breadcrumb","itemListElement":[{"@type":"ListItem","position":1,"name":"Portada","item":"https:\/\/www.anovapeneira.gal\/"},{"@type":"ListItem","position":2,"name":"Bofill, un empresario marinense"}]},{"@type":"WebSite","@id":"https:\/\/www.anovapeneira.gal\/#website","url":"https:\/\/www.anovapeneira.gal\/","name":"","description":"Xornal galego de informaci\u00f3n xeral Publicaci\u00f3n mensual de novas de Galicia e en especial dos Concellos da sur da provincia de Pontevedra.","publisher":{"@id":"https:\/\/www.anovapeneira.gal\/#organization"},"potentialAction":[{"@type":"SearchAction","target":{"@type":"EntryPoint","urlTemplate":"https:\/\/www.anovapeneira.gal\/?s={search_term_string}"},"query-input":{"@type":"PropertyValueSpecification","valueRequired":true,"valueName":"search_term_string"}}],"inLanguage":"gl-ES"},{"@type":"Organization","@id":"https:\/\/www.anovapeneira.gal\/#organization","name":"A Nova Peneira","url":"https:\/\/www.anovapeneira.gal\/","logo":{"@type":"ImageObject","inLanguage":"gl-ES","@id":"https:\/\/www.anovapeneira.gal\/#\/schema\/logo\/image\/","url":"http:\/\/www.anovapeneira.gal\/wp-content\/uploads\/2019\/06\/logo_a_nova_peneira_portal_web.png","contentUrl":"http:\/\/www.anovapeneira.gal\/wp-content\/uploads\/2019\/06\/logo_a_nova_peneira_portal_web.png","width":300,"height":100,"caption":"A Nova Peneira"},"image":{"@id":"https:\/\/www.anovapeneira.gal\/#\/schema\/logo\/image\/"},"sameAs":["https:\/\/www.facebook.com\/anovapeneira","https:\/\/x.com\/APeneira"]},{"@type":"Person","@id":"https:\/\/www.anovapeneira.gal\/#\/schema\/person\/f18a4feb302e8f20bcef4490b5b60bb3","name":"Artigos Opini\u00f3n","image":{"@type":"ImageObject","inLanguage":"gl-ES","@id":"https:\/\/secure.gravatar.com\/avatar\/072844300f4881150aee2da4278f7a65d16eefdf8262eb67085f1e702de2b959?s=96&d=mm&r=g","url":"https:\/\/secure.gravatar.com\/avatar\/072844300f4881150aee2da4278f7a65d16eefdf8262eb67085f1e702de2b959?s=96&d=mm&r=g","contentUrl":"https:\/\/secure.gravatar.com\/avatar\/072844300f4881150aee2da4278f7a65d16eefdf8262eb67085f1e702de2b959?s=96&d=mm&r=g","caption":"Artigos Opini\u00f3n"},"sameAs":["http:\/\/anovapeneira.gal"],"url":"https:\/\/www.anovapeneira.gal\/index.php\/author\/artigosopinion\/"}]}},"jetpack_featured_media_url":"https:\/\/www.anovapeneira.gal\/wp-content\/uploads\/2024\/09\/Jose-Bofill-Moltfullada.png","_links":{"self":[{"href":"https:\/\/www.anovapeneira.gal\/index.php\/wp-json\/wp\/v2\/posts\/12439","targetHints":{"allow":["GET"]}}],"collection":[{"href":"https:\/\/www.anovapeneira.gal\/index.php\/wp-json\/wp\/v2\/posts"}],"about":[{"href":"https:\/\/www.anovapeneira.gal\/index.php\/wp-json\/wp\/v2\/types\/post"}],"author":[{"embeddable":true,"href":"https:\/\/www.anovapeneira.gal\/index.php\/wp-json\/wp\/v2\/users\/12"}],"replies":[{"embeddable":true,"href":"https:\/\/www.anovapeneira.gal\/index.php\/wp-json\/wp\/v2\/comments?post=12439"}],"version-history":[{"count":3,"href":"https:\/\/www.anovapeneira.gal\/index.php\/wp-json\/wp\/v2\/posts\/12439\/revisions"}],"predecessor-version":[{"id":12443,"href":"https:\/\/www.anovapeneira.gal\/index.php\/wp-json\/wp\/v2\/posts\/12439\/revisions\/12443"}],"wp:featuredmedia":[{"embeddable":true,"href":"https:\/\/www.anovapeneira.gal\/index.php\/wp-json\/wp\/v2\/media\/12440"}],"wp:attachment":[{"href":"https:\/\/www.anovapeneira.gal\/index.php\/wp-json\/wp\/v2\/media?parent=12439"}],"wp:term":[{"taxonomy":"category","embeddable":true,"href":"https:\/\/www.anovapeneira.gal\/index.php\/wp-json\/wp\/v2\/categories?post=12439"},{"taxonomy":"post_tag","embeddable":true,"href":"https:\/\/www.anovapeneira.gal\/index.php\/wp-json\/wp\/v2\/tags?post=12439"}],"curies":[{"name":"wp","href":"https:\/\/api.w.org\/{rel}","templated":true}]}}