{"id":12444,"date":"2024-09-23T10:00:32","date_gmt":"2024-09-23T08:00:32","guid":{"rendered":"https:\/\/www.anovapeneira.gal\/?p=12444"},"modified":"2024-09-14T12:18:19","modified_gmt":"2024-09-14T10:18:19","slug":"salceda-recibe-mais-de-400-000e-para-un-novo-obradoiro-de-emprego","status":"publish","type":"post","link":"https:\/\/www.anovapeneira.gal\/index.php\/2024\/09\/23\/salceda-recibe-mais-de-400-000e-para-un-novo-obradoiro-de-emprego\/","title":{"rendered":"Salceda recibe m\u00e1is de 400.000\u20ac para un novo obradoiro de emprego"},"content":{"rendered":"\n<h2 class=\"wp-block-heading\"><em>A subvenci\u00f3n, de 411.928\u20ac, servir\u00e1 para formar a vinte persoas durante nove meses<\/em><\/h2>\n\n\n\n<p>O Concello de Salceda de Caselas v\u00e9n de recibir a comunicaci\u00f3n da concesi\u00f3n dun novo obradoiro dual de emprego para desenvolver entre decembro de 2024 a setembro de 2025. Neste caso ser\u00e1n vinte as persoas que formen parte como alumnado traballador, distribu\u00eddos nas especialidades de albaneler\u00eda e carpinter\u00eda de madeira.<\/p>\n\n\n\n<p>Durante os meses de funcionamento do obradoiro, ademais de recibir formaci\u00f3n te\u00f3rica, o alumnado traballador levar\u00e1 a cabo tarefas de recuperaci\u00f3n e posta en valor dos canastros da Arrotea (A Pico\u00f1a), os lavadoiros de Font\u00e1n (Parderrubias) e da Costa da Prata (Entenza), a Fonte do Rial (A Pico\u00f1a) e o Pozo da Feira (Santa Mar\u00eda). Ademais tam\u00e9n se levar\u00e1n a cabo tarefas de recuperaci\u00f3n dos valados e paneis das diferentes sendas existentes no municipio.<\/p>\n\n\n\n<p>A Alcaldesa de Salceda, Loli Casti\u00f1eira, amosou a s\u00faa satisfacci\u00f3n por esta boa nova \u201cque ademais de ser unha excelente oportunidade para vinte persoas, vai supo\u00f1er tam\u00e9n importantes melloras no noso patrimonio\u201d.<\/p>\n\n\n\n<p>O equipo de goberno apostou nesta ocasi\u00f3n pola recuperaci\u00f3n e posta en valor de diferentes recursos patrimoniais e naturais do Concello, presentando proxectos que se axustasen \u00e1s caracter\u00edsticas do obradoiro e que puidesen ser efectivamente realizados por parte do alumnado traballador, sempre baixo a direcci\u00f3n do persoal docente e t\u00e9cnico pertinente.<\/p>\n\n\n\n<p>O obradoiro que agora se concede botar\u00e1 a andar unha vez rematado o que nestes momentos est\u00e1 vixente no Concello de Salceda, onde outras vinte persoas se est\u00e1n a formar nos campos da albaneler\u00eda e da carpinter\u00eda, desenvolvendo diferentes proxectos para a veci\u00f1anza de Salceda.<\/p>\n","protected":false},"excerpt":{"rendered":"<div class=\"mh-excerpt\"><p>A subvenci\u00f3n, de 411.928\u20ac, servir\u00e1 para formar a vinte persoas durante nove meses<br \/>\n\tO Concello de Salceda de Caselas v\u00e9n de recibir a comunicaci\u00f3n da concesi\u00f3n dun novo obradoiro dual de emprego para desenvolver entre decembro de 2024 a setembro de 2025. Neste caso ser\u00e1n vinte as persoas que formen parte como alumnado traballador, distribu\u00eddos nas especialidades de albaneler\u00eda e carpinter\u00eda de madeira.<br \/>\n\tDurante os meses de funcionamento do obradoiro, ademais de recibir formaci\u00f3n te\u00f3rica, o alumnado traballador levar\u00e1 a cabo tarefas de recuperaci\u00f3n e posta en valor dos canastros da Arrotea (A Pico\u00f1a), os lavadoiros de Font\u00e1n (Parderrubias) e da Costa da Prata (Entenza), a Fonte do Rial (A Pico\u00f1a) e o Pozo da Feira (Santa Mar\u00eda). Ademais tam\u00e9n se levar\u00e1n a cabo tarefas de recuperaci\u00f3n dos valados e paneis das diferentes sendas existentes no municipio.<br \/>\n\tA Alcaldesa de Salceda, Loli Casti\u00f1eira, amosou a s\u00faa satisfacci\u00f3n por esta boa nova \u201cque ademais de ser unha excelente oportunidade para vinte persoas, vai supo\u00f1er tam\u00e9n importantes melloras no noso patrimonio\u201d.<br \/>\n\tO equipo de goberno apostou nesta ocasi\u00f3n pola recuperaci\u00f3n e posta en valor de diferentes recursos patrimoniais e naturais do Concello, presentando proxectos que se axustasen \u00e1s caracter\u00edsticas do obradoiro e que puidesen ser efectivamente realizados por parte do alumnado traballador, sempre baixo a direcci\u00f3n do persoal docente e t\u00e9cnico pertinente.<br \/>\n\tO obradoiro que agora se concede botar\u00e1 a andar unha vez rematado o que nestes momentos est\u00e1 vixente no Concello de Salceda, onde outras vinte persoas se est\u00e1n a formar nos campos da albaneler\u00eda e da carpinter\u00eda, desenvolvendo diferentes proxectos para a veci\u00f1anza de Salceda. <a class=\"mh-excerpt-more\" href=\"https:\/\/www.anovapeneira.gal\/index.php\/2024\/09\/23\/salceda-recibe-mais-de-400-000e-para-un-novo-obradoiro-de-emprego\/\" title=\"Salceda recibe m\u00e1is de 400.000\u20ac para un novo obradoiro de emprego\">[&#8230;]<\/a><\/p>\n<\/div>","protected":false},"author":3,"featured_media":12448,"comment_status":"open","ping_status":"open","sticky":false,"template":"","format":"standard","meta":{"_exactmetrics_skip_tracking":false,"_exactmetrics_sitenote_active":false,"_exactmetrics_sitenote_note":"","_exactmetrics_sitenote_category":0,"footnotes":""},"categories":[23],"tags":[359],"class_list":{"0":"post-12444","1":"post","2":"type-post","3":"status-publish","4":"format-standard","5":"has-post-thumbnail","7":"category-a-lourina","8":"tag-concello-de-salceda-de-caselas"},"yoast_head":"<!-- This site is optimized with the Yoast SEO plugin v27.4 - https:\/\/yoast.com\/product\/yoast-seo-wordpress\/ -->\n<title>Salceda recibe m\u00e1is de 400.000\u20ac para un novo obradoiro de emprego -<\/title>\n<meta name=\"robots\" content=\"index, follow, max-snippet:-1, max-image-preview:large, max-video-preview:-1\" \/>\n<link rel=\"canonical\" href=\"https:\/\/www.anovapeneira.gal\/index.php\/2024\/09\/23\/salceda-recibe-mais-de-400-000e-para-un-novo-obradoiro-de-emprego\/\" \/>\n<meta property=\"og:locale\" content=\"gl_ES\" \/>\n<meta property=\"og:type\" content=\"article\" \/>\n<meta property=\"og:title\" content=\"Salceda recibe m\u00e1is de 400.000\u20ac para un novo obradoiro de emprego -\" \/>\n<meta property=\"og:description\" content=\"A subvenci\u00f3n, de 411.928\u20ac, servir\u00e1 para formar a vinte persoas durante nove meses O Concello de Salceda de Caselas v\u00e9n de recibir a comunicaci\u00f3n da concesi\u00f3n dun novo obradoiro dual de emprego para desenvolver entre decembro de 2024 a setembro de 2025. Neste caso ser\u00e1n vinte as persoas que formen parte como alumnado traballador, distribu\u00eddos nas especialidades de albaneler\u00eda e carpinter\u00eda de madeira. Durante os meses de funcionamento do obradoiro, ademais de recibir formaci\u00f3n te\u00f3rica, o alumnado traballador levar\u00e1 a cabo tarefas de recuperaci\u00f3n e posta en valor dos canastros da Arrotea (A Pico\u00f1a), os lavadoiros de Font\u00e1n (Parderrubias) e da Costa da Prata (Entenza), a Fonte do Rial (A Pico\u00f1a) e o Pozo da Feira (Santa Mar\u00eda). Ademais tam\u00e9n se levar\u00e1n a cabo tarefas de recuperaci\u00f3n dos valados e paneis das diferentes sendas existentes no municipio. A Alcaldesa de Salceda, Loli Casti\u00f1eira, amosou a s\u00faa satisfacci\u00f3n por esta boa nova \u201cque ademais de ser unha excelente oportunidade para vinte persoas, vai supo\u00f1er tam\u00e9n importantes melloras no noso patrimonio\u201d. O equipo de goberno apostou nesta ocasi\u00f3n pola recuperaci\u00f3n e posta en valor de diferentes recursos patrimoniais e naturais do Concello, presentando proxectos que se axustasen \u00e1s caracter\u00edsticas do obradoiro e que puidesen ser efectivamente realizados por parte do alumnado traballador, sempre baixo a direcci\u00f3n do persoal docente e t\u00e9cnico pertinente. O obradoiro que agora se concede botar\u00e1 a andar unha vez rematado o que nestes momentos est\u00e1 vixente no Concello de Salceda, onde outras vinte persoas se est\u00e1n a formar nos campos da albaneler\u00eda e da carpinter\u00eda, desenvolvendo diferentes proxectos para a veci\u00f1anza de Salceda. [...]\" \/>\n<meta property=\"og:url\" content=\"https:\/\/www.anovapeneira.gal\/index.php\/2024\/09\/23\/salceda-recibe-mais-de-400-000e-para-un-novo-obradoiro-de-emprego\/\" \/>\n<meta property=\"article:publisher\" content=\"https:\/\/www.facebook.com\/anovapeneira\" \/>\n<meta property=\"article:published_time\" content=\"2024-09-23T08:00:32+00:00\" \/>\n<meta property=\"og:image\" content=\"https:\/\/www.anovapeneira.gal\/wp-content\/uploads\/2024\/09\/OBRADOIRO_salceda.png\" \/>\n\t<meta property=\"og:image:width\" content=\"720\" \/>\n\t<meta property=\"og:image:height\" content=\"432\" \/>\n\t<meta property=\"og:image:type\" content=\"image\/png\" \/>\n<meta name=\"author\" content=\"Redacci\u00f3n A Nova Peneira\" \/>\n<meta name=\"twitter:card\" content=\"summary_large_image\" \/>\n<meta name=\"twitter:creator\" content=\"@APeneira\" \/>\n<meta name=\"twitter:site\" content=\"@APeneira\" \/>\n<meta name=\"twitter:label1\" content=\"Escrito por\" \/>\n\t<meta name=\"twitter:data1\" content=\"Redacci\u00f3n A Nova Peneira\" \/>\n\t<meta name=\"twitter:label2\" content=\"Tempo de lectura\" \/>\n\t<meta name=\"twitter:data2\" content=\"2 minutos\" \/>\n<script type=\"application\/ld+json\" class=\"yoast-schema-graph\">{\"@context\":\"https:\\\/\\\/schema.org\",\"@graph\":[{\"@type\":\"Article\",\"@id\":\"https:\\\/\\\/www.anovapeneira.gal\\\/index.php\\\/2024\\\/09\\\/23\\\/salceda-recibe-mais-de-400-000e-para-un-novo-obradoiro-de-emprego\\\/#article\",\"isPartOf\":{\"@id\":\"https:\\\/\\\/www.anovapeneira.gal\\\/index.php\\\/2024\\\/09\\\/23\\\/salceda-recibe-mais-de-400-000e-para-un-novo-obradoiro-de-emprego\\\/\"},\"author\":{\"name\":\"Redacci\u00f3n A Nova Peneira\",\"@id\":\"https:\\\/\\\/www.anovapeneira.gal\\\/#\\\/schema\\\/person\\\/b93e3f8932e3f8da96334607eb6ac6aa\"},\"headline\":\"Salceda recibe m\u00e1is de 400.000\u20ac para un novo obradoiro de emprego\",\"datePublished\":\"2024-09-23T08:00:32+00:00\",\"mainEntityOfPage\":{\"@id\":\"https:\\\/\\\/www.anovapeneira.gal\\\/index.php\\\/2024\\\/09\\\/23\\\/salceda-recibe-mais-de-400-000e-para-un-novo-obradoiro-de-emprego\\\/\"},\"wordCount\":305,\"commentCount\":0,\"publisher\":{\"@id\":\"https:\\\/\\\/www.anovapeneira.gal\\\/#organization\"},\"image\":{\"@id\":\"https:\\\/\\\/www.anovapeneira.gal\\\/index.php\\\/2024\\\/09\\\/23\\\/salceda-recibe-mais-de-400-000e-para-un-novo-obradoiro-de-emprego\\\/#primaryimage\"},\"thumbnailUrl\":\"https:\\\/\\\/www.anovapeneira.gal\\\/wp-content\\\/uploads\\\/2024\\\/09\\\/OBRADOIRO_salceda.png\",\"keywords\":[\"Concello de Salceda de Caselas\"],\"articleSection\":[\"A Louri\u00f1a\"],\"inLanguage\":\"gl-ES\",\"potentialAction\":[{\"@type\":\"CommentAction\",\"name\":\"Comment\",\"target\":[\"https:\\\/\\\/www.anovapeneira.gal\\\/index.php\\\/2024\\\/09\\\/23\\\/salceda-recibe-mais-de-400-000e-para-un-novo-obradoiro-de-emprego\\\/#respond\"]}]},{\"@type\":\"WebPage\",\"@id\":\"https:\\\/\\\/www.anovapeneira.gal\\\/index.php\\\/2024\\\/09\\\/23\\\/salceda-recibe-mais-de-400-000e-para-un-novo-obradoiro-de-emprego\\\/\",\"url\":\"https:\\\/\\\/www.anovapeneira.gal\\\/index.php\\\/2024\\\/09\\\/23\\\/salceda-recibe-mais-de-400-000e-para-un-novo-obradoiro-de-emprego\\\/\",\"name\":\"Salceda recibe m\u00e1is de 400.000\u20ac para un novo obradoiro de emprego -\",\"isPartOf\":{\"@id\":\"https:\\\/\\\/www.anovapeneira.gal\\\/#website\"},\"primaryImageOfPage\":{\"@id\":\"https:\\\/\\\/www.anovapeneira.gal\\\/index.php\\\/2024\\\/09\\\/23\\\/salceda-recibe-mais-de-400-000e-para-un-novo-obradoiro-de-emprego\\\/#primaryimage\"},\"image\":{\"@id\":\"https:\\\/\\\/www.anovapeneira.gal\\\/index.php\\\/2024\\\/09\\\/23\\\/salceda-recibe-mais-de-400-000e-para-un-novo-obradoiro-de-emprego\\\/#primaryimage\"},\"thumbnailUrl\":\"https:\\\/\\\/www.anovapeneira.gal\\\/wp-content\\\/uploads\\\/2024\\\/09\\\/OBRADOIRO_salceda.png\",\"datePublished\":\"2024-09-23T08:00:32+00:00\",\"breadcrumb\":{\"@id\":\"https:\\\/\\\/www.anovapeneira.gal\\\/index.php\\\/2024\\\/09\\\/23\\\/salceda-recibe-mais-de-400-000e-para-un-novo-obradoiro-de-emprego\\\/#breadcrumb\"},\"inLanguage\":\"gl-ES\",\"potentialAction\":[{\"@type\":\"ReadAction\",\"target\":[\"https:\\\/\\\/www.anovapeneira.gal\\\/index.php\\\/2024\\\/09\\\/23\\\/salceda-recibe-mais-de-400-000e-para-un-novo-obradoiro-de-emprego\\\/\"]}]},{\"@type\":\"ImageObject\",\"inLanguage\":\"gl-ES\",\"@id\":\"https:\\\/\\\/www.anovapeneira.gal\\\/index.php\\\/2024\\\/09\\\/23\\\/salceda-recibe-mais-de-400-000e-para-un-novo-obradoiro-de-emprego\\\/#primaryimage\",\"url\":\"https:\\\/\\\/www.anovapeneira.gal\\\/wp-content\\\/uploads\\\/2024\\\/09\\\/OBRADOIRO_salceda.png\",\"contentUrl\":\"https:\\\/\\\/www.anovapeneira.gal\\\/wp-content\\\/uploads\\\/2024\\\/09\\\/OBRADOIRO_salceda.png\",\"width\":720,\"height\":432,\"caption\":\"Obradoiro Emprego Salceda\"},{\"@type\":\"BreadcrumbList\",\"@id\":\"https:\\\/\\\/www.anovapeneira.gal\\\/index.php\\\/2024\\\/09\\\/23\\\/salceda-recibe-mais-de-400-000e-para-un-novo-obradoiro-de-emprego\\\/#breadcrumb\",\"itemListElement\":[{\"@type\":\"ListItem\",\"position\":1,\"name\":\"Portada\",\"item\":\"https:\\\/\\\/www.anovapeneira.gal\\\/\"},{\"@type\":\"ListItem\",\"position\":2,\"name\":\"Salceda recibe m\u00e1is de 400.000\u20ac para un novo obradoiro de emprego\"}]},{\"@type\":\"WebSite\",\"@id\":\"https:\\\/\\\/www.anovapeneira.gal\\\/#website\",\"url\":\"https:\\\/\\\/www.anovapeneira.gal\\\/\",\"name\":\"\",\"description\":\"Xornal galego de informaci\u00f3n xeral Publicaci\u00f3n mensual de novas de Galicia e en especial dos Concellos da sur da provincia de Pontevedra.\",\"publisher\":{\"@id\":\"https:\\\/\\\/www.anovapeneira.gal\\\/#organization\"},\"potentialAction\":[{\"@type\":\"SearchAction\",\"target\":{\"@type\":\"EntryPoint\",\"urlTemplate\":\"https:\\\/\\\/www.anovapeneira.gal\\\/?s={search_term_string}\"},\"query-input\":{\"@type\":\"PropertyValueSpecification\",\"valueRequired\":true,\"valueName\":\"search_term_string\"}}],\"inLanguage\":\"gl-ES\"},{\"@type\":\"Organization\",\"@id\":\"https:\\\/\\\/www.anovapeneira.gal\\\/#organization\",\"name\":\"A Nova Peneira\",\"url\":\"https:\\\/\\\/www.anovapeneira.gal\\\/\",\"logo\":{\"@type\":\"ImageObject\",\"inLanguage\":\"gl-ES\",\"@id\":\"https:\\\/\\\/www.anovapeneira.gal\\\/#\\\/schema\\\/logo\\\/image\\\/\",\"url\":\"http:\\\/\\\/www.anovapeneira.gal\\\/wp-content\\\/uploads\\\/2019\\\/06\\\/logo_a_nova_peneira_portal_web.png\",\"contentUrl\":\"http:\\\/\\\/www.anovapeneira.gal\\\/wp-content\\\/uploads\\\/2019\\\/06\\\/logo_a_nova_peneira_portal_web.png\",\"width\":300,\"height\":100,\"caption\":\"A Nova Peneira\"},\"image\":{\"@id\":\"https:\\\/\\\/www.anovapeneira.gal\\\/#\\\/schema\\\/logo\\\/image\\\/\"},\"sameAs\":[\"https:\\\/\\\/www.facebook.com\\\/anovapeneira\",\"https:\\\/\\\/x.com\\\/APeneira\"]},{\"@type\":\"Person\",\"@id\":\"https:\\\/\\\/www.anovapeneira.gal\\\/#\\\/schema\\\/person\\\/b93e3f8932e3f8da96334607eb6ac6aa\",\"name\":\"Redacci\u00f3n A Nova Peneira\",\"image\":{\"@type\":\"ImageObject\",\"inLanguage\":\"gl-ES\",\"@id\":\"https:\\\/\\\/secure.gravatar.com\\\/avatar\\\/c052a2551a06e23fac63626232eaa90abd78dbcf1700fc46a2b2c89fd27b735f?s=96&d=mm&r=g\",\"url\":\"https:\\\/\\\/secure.gravatar.com\\\/avatar\\\/c052a2551a06e23fac63626232eaa90abd78dbcf1700fc46a2b2c89fd27b735f?s=96&d=mm&r=g\",\"contentUrl\":\"https:\\\/\\\/secure.gravatar.com\\\/avatar\\\/c052a2551a06e23fac63626232eaa90abd78dbcf1700fc46a2b2c89fd27b735f?s=96&d=mm&r=g\",\"caption\":\"Redacci\u00f3n A Nova Peneira\"},\"sameAs\":[\"http:\\\/\\\/www.anovapeneira.gal\\\/\"],\"url\":\"https:\\\/\\\/www.anovapeneira.gal\\\/index.php\\\/author\\\/redactor\\\/\"}]}<\/script>\n<!-- \/ Yoast SEO plugin. -->","yoast_head_json":{"title":"Salceda recibe m\u00e1is de 400.000\u20ac para un novo obradoiro de emprego -","robots":{"index":"index","follow":"follow","max-snippet":"max-snippet:-1","max-image-preview":"max-image-preview:large","max-video-preview":"max-video-preview:-1"},"canonical":"https:\/\/www.anovapeneira.gal\/index.php\/2024\/09\/23\/salceda-recibe-mais-de-400-000e-para-un-novo-obradoiro-de-emprego\/","og_locale":"gl_ES","og_type":"article","og_title":"Salceda recibe m\u00e1is de 400.000\u20ac para un novo obradoiro de emprego -","og_description":"A subvenci\u00f3n, de 411.928\u20ac, servir\u00e1 para formar a vinte persoas durante nove meses O Concello de Salceda de Caselas v\u00e9n de recibir a comunicaci\u00f3n da concesi\u00f3n dun novo obradoiro dual de emprego para desenvolver entre decembro de 2024 a setembro de 2025. Neste caso ser\u00e1n vinte as persoas que formen parte como alumnado traballador, distribu\u00eddos nas especialidades de albaneler\u00eda e carpinter\u00eda de madeira. Durante os meses de funcionamento do obradoiro, ademais de recibir formaci\u00f3n te\u00f3rica, o alumnado traballador levar\u00e1 a cabo tarefas de recuperaci\u00f3n e posta en valor dos canastros da Arrotea (A Pico\u00f1a), os lavadoiros de Font\u00e1n (Parderrubias) e da Costa da Prata (Entenza), a Fonte do Rial (A Pico\u00f1a) e o Pozo da Feira (Santa Mar\u00eda). Ademais tam\u00e9n se levar\u00e1n a cabo tarefas de recuperaci\u00f3n dos valados e paneis das diferentes sendas existentes no municipio. A Alcaldesa de Salceda, Loli Casti\u00f1eira, amosou a s\u00faa satisfacci\u00f3n por esta boa nova \u201cque ademais de ser unha excelente oportunidade para vinte persoas, vai supo\u00f1er tam\u00e9n importantes melloras no noso patrimonio\u201d. O equipo de goberno apostou nesta ocasi\u00f3n pola recuperaci\u00f3n e posta en valor de diferentes recursos patrimoniais e naturais do Concello, presentando proxectos que se axustasen \u00e1s caracter\u00edsticas do obradoiro e que puidesen ser efectivamente realizados por parte do alumnado traballador, sempre baixo a direcci\u00f3n do persoal docente e t\u00e9cnico pertinente. O obradoiro que agora se concede botar\u00e1 a andar unha vez rematado o que nestes momentos est\u00e1 vixente no Concello de Salceda, onde outras vinte persoas se est\u00e1n a formar nos campos da albaneler\u00eda e da carpinter\u00eda, desenvolvendo diferentes proxectos para a veci\u00f1anza de Salceda. [...]","og_url":"https:\/\/www.anovapeneira.gal\/index.php\/2024\/09\/23\/salceda-recibe-mais-de-400-000e-para-un-novo-obradoiro-de-emprego\/","article_publisher":"https:\/\/www.facebook.com\/anovapeneira","article_published_time":"2024-09-23T08:00:32+00:00","og_image":[{"width":720,"height":432,"url":"https:\/\/www.anovapeneira.gal\/wp-content\/uploads\/2024\/09\/OBRADOIRO_salceda.png","type":"image\/png"}],"author":"Redacci\u00f3n A Nova Peneira","twitter_card":"summary_large_image","twitter_creator":"@APeneira","twitter_site":"@APeneira","twitter_misc":{"Escrito por":"Redacci\u00f3n A Nova Peneira","Tempo de lectura":"2 minutos"},"schema":{"@context":"https:\/\/schema.org","@graph":[{"@type":"Article","@id":"https:\/\/www.anovapeneira.gal\/index.php\/2024\/09\/23\/salceda-recibe-mais-de-400-000e-para-un-novo-obradoiro-de-emprego\/#article","isPartOf":{"@id":"https:\/\/www.anovapeneira.gal\/index.php\/2024\/09\/23\/salceda-recibe-mais-de-400-000e-para-un-novo-obradoiro-de-emprego\/"},"author":{"name":"Redacci\u00f3n A Nova Peneira","@id":"https:\/\/www.anovapeneira.gal\/#\/schema\/person\/b93e3f8932e3f8da96334607eb6ac6aa"},"headline":"Salceda recibe m\u00e1is de 400.000\u20ac para un novo obradoiro de emprego","datePublished":"2024-09-23T08:00:32+00:00","mainEntityOfPage":{"@id":"https:\/\/www.anovapeneira.gal\/index.php\/2024\/09\/23\/salceda-recibe-mais-de-400-000e-para-un-novo-obradoiro-de-emprego\/"},"wordCount":305,"commentCount":0,"publisher":{"@id":"https:\/\/www.anovapeneira.gal\/#organization"},"image":{"@id":"https:\/\/www.anovapeneira.gal\/index.php\/2024\/09\/23\/salceda-recibe-mais-de-400-000e-para-un-novo-obradoiro-de-emprego\/#primaryimage"},"thumbnailUrl":"https:\/\/www.anovapeneira.gal\/wp-content\/uploads\/2024\/09\/OBRADOIRO_salceda.png","keywords":["Concello de Salceda de Caselas"],"articleSection":["A Louri\u00f1a"],"inLanguage":"gl-ES","potentialAction":[{"@type":"CommentAction","name":"Comment","target":["https:\/\/www.anovapeneira.gal\/index.php\/2024\/09\/23\/salceda-recibe-mais-de-400-000e-para-un-novo-obradoiro-de-emprego\/#respond"]}]},{"@type":"WebPage","@id":"https:\/\/www.anovapeneira.gal\/index.php\/2024\/09\/23\/salceda-recibe-mais-de-400-000e-para-un-novo-obradoiro-de-emprego\/","url":"https:\/\/www.anovapeneira.gal\/index.php\/2024\/09\/23\/salceda-recibe-mais-de-400-000e-para-un-novo-obradoiro-de-emprego\/","name":"Salceda recibe m\u00e1is de 400.000\u20ac para un novo obradoiro de emprego -","isPartOf":{"@id":"https:\/\/www.anovapeneira.gal\/#website"},"primaryImageOfPage":{"@id":"https:\/\/www.anovapeneira.gal\/index.php\/2024\/09\/23\/salceda-recibe-mais-de-400-000e-para-un-novo-obradoiro-de-emprego\/#primaryimage"},"image":{"@id":"https:\/\/www.anovapeneira.gal\/index.php\/2024\/09\/23\/salceda-recibe-mais-de-400-000e-para-un-novo-obradoiro-de-emprego\/#primaryimage"},"thumbnailUrl":"https:\/\/www.anovapeneira.gal\/wp-content\/uploads\/2024\/09\/OBRADOIRO_salceda.png","datePublished":"2024-09-23T08:00:32+00:00","breadcrumb":{"@id":"https:\/\/www.anovapeneira.gal\/index.php\/2024\/09\/23\/salceda-recibe-mais-de-400-000e-para-un-novo-obradoiro-de-emprego\/#breadcrumb"},"inLanguage":"gl-ES","potentialAction":[{"@type":"ReadAction","target":["https:\/\/www.anovapeneira.gal\/index.php\/2024\/09\/23\/salceda-recibe-mais-de-400-000e-para-un-novo-obradoiro-de-emprego\/"]}]},{"@type":"ImageObject","inLanguage":"gl-ES","@id":"https:\/\/www.anovapeneira.gal\/index.php\/2024\/09\/23\/salceda-recibe-mais-de-400-000e-para-un-novo-obradoiro-de-emprego\/#primaryimage","url":"https:\/\/www.anovapeneira.gal\/wp-content\/uploads\/2024\/09\/OBRADOIRO_salceda.png","contentUrl":"https:\/\/www.anovapeneira.gal\/wp-content\/uploads\/2024\/09\/OBRADOIRO_salceda.png","width":720,"height":432,"caption":"Obradoiro Emprego Salceda"},{"@type":"BreadcrumbList","@id":"https:\/\/www.anovapeneira.gal\/index.php\/2024\/09\/23\/salceda-recibe-mais-de-400-000e-para-un-novo-obradoiro-de-emprego\/#breadcrumb","itemListElement":[{"@type":"ListItem","position":1,"name":"Portada","item":"https:\/\/www.anovapeneira.gal\/"},{"@type":"ListItem","position":2,"name":"Salceda recibe m\u00e1is de 400.000\u20ac para un novo obradoiro de emprego"}]},{"@type":"WebSite","@id":"https:\/\/www.anovapeneira.gal\/#website","url":"https:\/\/www.anovapeneira.gal\/","name":"","description":"Xornal galego de informaci\u00f3n xeral Publicaci\u00f3n mensual de novas de Galicia e en especial dos Concellos da sur da provincia de Pontevedra.","publisher":{"@id":"https:\/\/www.anovapeneira.gal\/#organization"},"potentialAction":[{"@type":"SearchAction","target":{"@type":"EntryPoint","urlTemplate":"https:\/\/www.anovapeneira.gal\/?s={search_term_string}"},"query-input":{"@type":"PropertyValueSpecification","valueRequired":true,"valueName":"search_term_string"}}],"inLanguage":"gl-ES"},{"@type":"Organization","@id":"https:\/\/www.anovapeneira.gal\/#organization","name":"A Nova Peneira","url":"https:\/\/www.anovapeneira.gal\/","logo":{"@type":"ImageObject","inLanguage":"gl-ES","@id":"https:\/\/www.anovapeneira.gal\/#\/schema\/logo\/image\/","url":"http:\/\/www.anovapeneira.gal\/wp-content\/uploads\/2019\/06\/logo_a_nova_peneira_portal_web.png","contentUrl":"http:\/\/www.anovapeneira.gal\/wp-content\/uploads\/2019\/06\/logo_a_nova_peneira_portal_web.png","width":300,"height":100,"caption":"A Nova Peneira"},"image":{"@id":"https:\/\/www.anovapeneira.gal\/#\/schema\/logo\/image\/"},"sameAs":["https:\/\/www.facebook.com\/anovapeneira","https:\/\/x.com\/APeneira"]},{"@type":"Person","@id":"https:\/\/www.anovapeneira.gal\/#\/schema\/person\/b93e3f8932e3f8da96334607eb6ac6aa","name":"Redacci\u00f3n A Nova Peneira","image":{"@type":"ImageObject","inLanguage":"gl-ES","@id":"https:\/\/secure.gravatar.com\/avatar\/c052a2551a06e23fac63626232eaa90abd78dbcf1700fc46a2b2c89fd27b735f?s=96&d=mm&r=g","url":"https:\/\/secure.gravatar.com\/avatar\/c052a2551a06e23fac63626232eaa90abd78dbcf1700fc46a2b2c89fd27b735f?s=96&d=mm&r=g","contentUrl":"https:\/\/secure.gravatar.com\/avatar\/c052a2551a06e23fac63626232eaa90abd78dbcf1700fc46a2b2c89fd27b735f?s=96&d=mm&r=g","caption":"Redacci\u00f3n A Nova Peneira"},"sameAs":["http:\/\/www.anovapeneira.gal\/"],"url":"https:\/\/www.anovapeneira.gal\/index.php\/author\/redactor\/"}]}},"jetpack_featured_media_url":"https:\/\/www.anovapeneira.gal\/wp-content\/uploads\/2024\/09\/OBRADOIRO_salceda.png","_links":{"self":[{"href":"https:\/\/www.anovapeneira.gal\/index.php\/wp-json\/wp\/v2\/posts\/12444","targetHints":{"allow":["GET"]}}],"collection":[{"href":"https:\/\/www.anovapeneira.gal\/index.php\/wp-json\/wp\/v2\/posts"}],"about":[{"href":"https:\/\/www.anovapeneira.gal\/index.php\/wp-json\/wp\/v2\/types\/post"}],"author":[{"embeddable":true,"href":"https:\/\/www.anovapeneira.gal\/index.php\/wp-json\/wp\/v2\/users\/3"}],"replies":[{"embeddable":true,"href":"https:\/\/www.anovapeneira.gal\/index.php\/wp-json\/wp\/v2\/comments?post=12444"}],"version-history":[{"count":3,"href":"https:\/\/www.anovapeneira.gal\/index.php\/wp-json\/wp\/v2\/posts\/12444\/revisions"}],"predecessor-version":[{"id":12449,"href":"https:\/\/www.anovapeneira.gal\/index.php\/wp-json\/wp\/v2\/posts\/12444\/revisions\/12449"}],"wp:featuredmedia":[{"embeddable":true,"href":"https:\/\/www.anovapeneira.gal\/index.php\/wp-json\/wp\/v2\/media\/12448"}],"wp:attachment":[{"href":"https:\/\/www.anovapeneira.gal\/index.php\/wp-json\/wp\/v2\/media?parent=12444"}],"wp:term":[{"taxonomy":"category","embeddable":true,"href":"https:\/\/www.anovapeneira.gal\/index.php\/wp-json\/wp\/v2\/categories?post=12444"},{"taxonomy":"post_tag","embeddable":true,"href":"https:\/\/www.anovapeneira.gal\/index.php\/wp-json\/wp\/v2\/tags?post=12444"}],"curies":[{"name":"wp","href":"https:\/\/api.w.org\/{rel}","templated":true}]}}