{"id":1245,"date":"2019-09-17T14:00:30","date_gmt":"2019-09-17T12:00:30","guid":{"rendered":"http:\/\/www.anovapeneira.gal\/?p=1245"},"modified":"2019-09-18T09:48:59","modified_gmt":"2019-09-18T07:48:59","slug":"inaki-anasagasti","status":"publish","type":"post","link":"https:\/\/www.anovapeneira.gal\/index.php\/2019\/09\/17\/inaki-anasagasti\/","title":{"rendered":"I\u00f1aki Anasagasti"},"content":{"rendered":"\n<h2 class=\"wp-block-heading\">A historia do moderno nacionalismo vasco non  se entender\u00eda sen a figura de I\u00f1aki Anasagasti, intelectual comprometido co seu pobo, orador brillante, I\u00f1aki \u00e9 un home que defende o que cre con paix\u00f3n, rigor e solvencia intelectual. Xornalista e soci\u00f3logo, I\u00f1aki foi portavoz do PNV no parlamento do estado entre 1986 e 2004. Os cami\u00f1os da vida proporcion\u00e1ronnos o agasallo de podermos manter unha extensa conversa con el, vela\u00ed vai o que deu de si<\/h2>\n\n\n\n<p> \u201c<strong>O PEDRO S\u00c1NCHEZ QUE GA\u00d1OU A MOCI\u00d3N DE CENSURA,NON \u00c9 O MESMO C\u00d3 DE AGORA. HOXE TEN UN CRITERIO DE SUPERIORIDADE MORAL E POL\u00cdTICA INCRIBLE, E EST\u00c1 CONDICIONADO POLAS  PRESI\u00d3NS QUE CONSIDERAN QUE O \u00daNICO PACTO POSIBLE \u00c9   DO PSOE CON CIUDADANOS\u201d<\/strong><\/p>\n\n\n\n<p> <br><strong>Cando eu era adolescente, un dos mellores amigos do meu pai cham\u00e1base Xabier Guezala, e era un apaixonado militante do PNV. Vi\u00f1a pasar tempadas a Galicia, e recordo largu\u00edsimas conversaci\u00f3ns con el nas c\u00e1lidas noites do ver\u00e1n das r\u00edas baixas. Lembro que Guezala me falaba de Xabier Arzalluz en termos dun home que posu\u00eda unha descomunal intelixencia e integridade moral. Agora que fai moi pouco que Arzalluz nos deixou, gustar\u00edame que nos fixeses unha valoraci\u00f3n da s\u00faa figura ?<\/strong><\/p>\n\n\n\n<blockquote class=\"wp-block-quote is-layout-flow wp-block-quote-is-layout-flow\"><p> <br> O mellor que se pode dicir de Xabier Arzalluz \u00e9 que o PNV non ser\u00eda o que \u00e9 na actualidade sen o seu extraordinario liderado. Un partido de 124 anos contou \u00e1 morte de Franco non s\u00f3 cunha xeraci\u00f3n de veteranos envellecidos sen\u00f3n un profesor universitario con experiencia de vida ,oratoria entusiasta, claridade de ideas ,sabedor\u00eda profesional e ese fondo de pouso hist\u00f3rico imprescindible para facer pol\u00edtica. Todo iso e unha actividade febril fixo que se constru\u00edse todo o facer pol\u00edtico ao redor dunha personalidade brillante, valente e por tanto imprescindible e irrepetible.  <\/p><\/blockquote>\n\n\n\n<p><strong> E ti como vives a \u201cxubilaci\u00f3n\u201d pol\u00edtica, sentes nostalxia? Ou est\u00e1s m\u00e1is tranquilo?<br><\/strong><\/p>\n\n\n\n<blockquote class=\"wp-block-quote is-layout-flow wp-block-quote-is-layout-flow\"><p> <br>A mi\u00f1a xubilaci\u00f3n consiste en non ir a Madrid pois creo que traballo agora m\u00e1is que antes que consist\u00eda nunha alta porcentaxe en viaxes e esperas. Estou en catro faladoiros, escribo libros, artigos de opini\u00f3n ,promovo c\u00edrculos de debate hist\u00f3rico, viaxo e ordeno as toneladas de papeis que acumulei en trinta anos. <br><\/p><\/blockquote>\n\n\n\n<p><strong>Supo\u00f1o que estar\u00e1s orgulloso do actual portavoz parlamentario voso, Aitor Esteban, un home ao que ata os adversarios pol\u00edticos reco\u00f1ecen a s\u00faa brillantez?<\/strong><\/p>\n\n\n\n<blockquote class=\"wp-block-quote is-layout-flow wp-block-quote-is-layout-flow\"><p>Si, fomos poucos os portavoces do PNV e iso d\u00e1 unha experiencia. Arzalluz, Biscaia, Anasagasti, Erkoreka e Esteban fomos, por esa orde os portavoces e esa cadea l\u00e9vaa hoxe Esteban que no seu d\u00eda foi as\u00ed mesmo asistente en Deusto de Xabier Arzalluz. <\/p><\/blockquote>\n\n\n\n<p><br><strong>Por que motivo, ao teu xu\u00edzo, PSOE e PODEMOS non foron capaces de po\u00f1erse de acordo?:<\/strong> <\/p>\n\n\n\n<blockquote class=\"wp-block-quote is-layout-flow wp-block-quote-is-layout-flow\"><p>Porque o S\u00e1nchez que tivo que dimitir e ga\u00f1ou a Moci\u00f3n de Censura non \u00e9 o actual S\u00e1nchez, tras un ano de Moncloa ten un criterio de superioridade moral e pol\u00edtica incrible. Xa o confesou naquela entrevista a Evole cando falou das presi\u00f3ns recibidas. Hoxe ese S\u00e1nchez \u00e9 un home que non ten aquela frescura pol\u00edtica e est\u00e1 condicionado por esas presi\u00f3ns aumentadas que consideran que o \u00fanico pacto posible do PSOE \u00e9 con Ciudadanos. <\/p><\/blockquote>\n\n\n\n<p><br><strong> A raz\u00f3n fundamental cal \u00e9: pola manifesta incompetencia dos negociadores?, por que poderes alleos \u00e1 pol\u00edtica non o permiten? Ou por outro tipo de motivos que non alcanzo a comprender?<br><\/strong><\/p>\n\n\n\n<blockquote class=\"wp-block-quote is-layout-flow wp-block-quote-is-layout-flow\"><p>Por todo iso xunto, pola inxenuidade de Iglesias que ademais ten un partido agrillado, por presi\u00f3n dos chamados bar\u00f3ns, e porque a S\u00e1nchez g\u00fastalle m\u00e1is tratar con Macron e Merkel que cos pol\u00edticos espa\u00f1ois. <br><\/p><\/blockquote>\n\n\n\n<p><strong>Lu\u00eds Mar\u00eda Ans\u00f3n nun dos seus artigos defende que Pedro S\u00e1nchez non quer\u00eda a Pablo Iglesias no goberno porque ti\u00f1a medo de que \u201c llo comese con patacas \u00e1s finas herbas\u201d. Ser\u00e1 posible que unha pulsi\u00f3n, tan pueril e primaria, como os celos, poida determinar a conformaci\u00f3n do goberno dun estado?<br><\/strong><\/p>\n\n\n\n<blockquote class=\"wp-block-quote is-layout-flow wp-block-quote-is-layout-flow\"><p>Non. S\u00e1nchez demostrou que ten un instinto asasino pol\u00edtico superior ao de Iglesias e ademais est\u00e1 en mans dese Rasput\u00edn medi\u00e1tico chamado Ivan Redondo que ao que a pol\u00edtica lle parece algo menor en comparaci\u00f3n co medi\u00e1tico e o sociol\u00f3xico. <\/p><\/blockquote>\n\n\n\n<p><br><strong>E que escenario desexas ?<br><\/strong><\/p>\n\n\n\n<blockquote class=\"wp-block-quote is-layout-flow wp-block-quote-is-layout-flow\"><p>Unhas novas elecci\u00f3ns son un fracaso e unha tomadura de pelo ao cidad\u00e1n. Como non me gusta o que vota o cidad\u00e1n e non podo cambiar de cidad\u00e1ns, som\u00e9toos a elecci\u00f3ns ata que voten o que \u00e1 min me conv\u00e9n. O malo \u00e9 que a bicha est\u00e1 a\u00ed e que xogar con lume pode facer que a dereita se presente no Senado como Espa\u00f1a Suma e o primeiro que fagan sexa promover o 155. Ser\u00eda o caos total. <\/p><\/blockquote>\n\n\n\n<p><br><strong>A que obedece, ao teu xu\u00edzo, o rexurdir expl\u00edcito do nacional catolicismo espa\u00f1ol?<br><\/strong><\/p>\n\n\n\n<blockquote class=\"wp-block-quote is-layout-flow wp-block-quote-is-layout-flow\"><p> A que espertou porque sempre estivo a\u00ed. Seguen crendo que Espa\u00f1a \u00e9 unha Unidade de Destino no Universal e est\u00e1n dispostos a todo antes que reco\u00f1ecer que se os catal\u00e1ns ,tras aprobar a Constituci\u00f3n en 1978 nun 90% ,non queren saber nada desa marabillosa Espa\u00f1a ser\u00e1 por algo co agravante de que Espa\u00f1a \u00e9 agora Madrid. <\/p><\/blockquote>\n\n\n\n<p><br><strong> Como \u00e9 posible que un provocador profesional como Albert Rivera con innumerables exemplos concretos que demostran a distancia quilom\u00e9trica entre o que di e o que adoita facer, sexa percibido por unha parte da sociedade espa\u00f1ola como algu\u00e9n que v\u00e9n rexenerar a pr\u00e1ctica pol\u00edtica?<\/strong><\/p>\n\n\n\n<p>Porque hai pouca cultura pol\u00edtica e prima o medi\u00e1tico. Ten verborrea, \u00e9 novo, disfraza o seu ideario e, na pol\u00edtica que vivimos este tipo de actores dan xogo.<\/p>\n\n\n\n<p>\n<br><strong>\n13 anos de c\u00e1rcere por unha pelexa de bar \u00e9 tan esaxerado que case\nme atrevo a cualificalo como unha crueldade, ves posible unha\nsoluci\u00f3n a curto medio prazo para os rapaces Altsasu?<\/strong><\/p>\n\n\n\n<blockquote class=\"wp-block-quote is-layout-flow wp-block-quote-is-layout-flow\"><p> Hai casos parecidos en Espa\u00f1a que s\u00f3 tiveron un xu\u00edzo de faltas, pero estamos en Navarra e parecer\u00eda que nunha parte da xudicatura s\u00e9guese estra\u00f1ando a existencia de ETA. A proba est\u00e1 en que lles acusaron de terrorismo, unha barbaridade para unha pelexa de bar.  <\/p><\/blockquote>\n\n\n\n<p> <br><strong>Como valoras o resultado final da investidura en Navarra e as reacci\u00f3ns do nacionalismo espa\u00f1ol?<\/strong><\/p>\n\n\n\n<blockquote class=\"wp-block-quote is-layout-flow wp-block-quote-is-layout-flow\"><p>Que non toleran a democracia. T\u00e9\u00f1ense que unir en Navarra Suma para contrarrestar a corrente de fondo dunha autonom\u00eda que quere vivir en paz e en respecto. Navarra foi Reino, ten o Convenio, hai un importante sentimento nacionalista e iso non o toleran e seguen sacando ese perverso argumento que o socialismo pacta con ETA cando ETA fai oito anos non existe.  <\/p><\/blockquote>\n\n\n\n<p> <br><strong> Javier Maroto quedou tan decepcionado do resultado electoral de abril, que decidiu abandonar Euskadi?<br><\/strong><\/p>\n\n\n\n<blockquote class=\"wp-block-quote is-layout-flow wp-block-quote-is-layout-flow\"><p>Curioso. Xefe da campa\u00f1a electoral, non sa\u00edu elixido nin el, nin ningu\u00e9n do PP na Comunidade Aut\u00f3noma Vasca e en premio fanlle portavoz do PP no Senado e empadr\u00f3ase en Segovia, cando el criticou aos emigrantes polo seu empadroamento. \u00c9 o paradigma do pol\u00edtico saltimbanqui, inconsistente e con rabo de palla pol\u00edtico. <\/p><\/blockquote>\n\n\n\n<p> <strong><br> Creo que era o avogado de Puigdemont, nunha entrevista que lin non recordo onde, dic\u00eda que a sentenza contra os membros do govern da Generalitat ser\u00edan oito anos por conspiraci\u00f3n para a rebeli\u00f3n para as\u00ed salvar o escollo da violencia que non se atopa por ningunha parte. Ti pensas que \u00e1 hora de ditar sentenza o tribunal supremo tomar\u00e1 en conta criterios meramente xur\u00eddicos<\/strong>?<\/p>\n\n\n\n<blockquote class=\"wp-block-quote is-layout-flow wp-block-quote-is-layout-flow\"><p>D\u00e1me que non ser\u00e1 tan dura como pide o Fiscal pero ser\u00e1 unha sentenza que provocar\u00e1 unha reacci\u00f3n de indignaci\u00f3n moi forte en Catalunya e en quen cre que as urnas e a petici\u00f3n dunha votaci\u00f3n nunca poden ser delito alg\u00fan. Moito menos a terrible prisi\u00f3n preventiva que levan os presos catal\u00e1ns. Unha inxustiza total.  <\/p><\/blockquote>\n\n\n\n<p>\n<br><strong>Ning\u00fan\nconflito ao longo da historia da humanidade solucionouse sen di\u00e1logo,\nata as manifestaci\u00f3ns m\u00e1is repugnantes da conduta humana, as\nguerras, terminan cos contendentes sentados nunha mesa falando. Caer\u00e1\nEspa\u00f1a na conta? Ou se non que sa\u00edda lle ves \u00e1 situaci\u00f3n catal\u00e1?<\/strong><\/p>\n\n\n\n<blockquote class=\"wp-block-quote is-layout-flow wp-block-quote-is-layout-flow\"><p> Os partidos pol\u00edticos catal\u00e1ns t\u00e9\u00f1ense que dar conta que Espa\u00f1a existe, esa Espa\u00f1a intolerante que como dic\u00eda Pla, \u00e9 o mesmo un espa\u00f1ol de dereitas que un de esquerdas. Ante iso o pequeno ten que ser intelixente e ir acumulando forzas e traballando o horizonte europeo. <\/p><\/blockquote>\n\n\n\n<p><br><strong> Para cando a monarqu\u00eda cuxo orixe est\u00e1 no dedo de Francisco Franco non ser\u00e1 m\u00e1is que un recordo?<\/strong><\/p>\n\n\n\n<blockquote class=\"wp-block-quote is-layout-flow wp-block-quote-is-layout-flow\"><p><br>Oxal\u00e1 o sexa pronto. Avanzouse pero cada d\u00eda demostra a s\u00faa inutilidade para o que lle dita a Constituci\u00f3n que \u00e9 moderar e arbitrar. E non modera nin arbitra, s\u00f3 reconve aos catal\u00e1ns, d\u00e1 a man e gasta e cando hai un bloqueo non serve para nada. O tempo far\u00e1 que as novas xeraci\u00f3ns prescindan desta herdanza de Franco. <\/p><\/blockquote>\n\n\n\n<p><strong> Que a centos de persoas relacionadas co ex\u00e9rcito que asinan un manifesto pro franquista non lles pase nada, e que un cabo en activo que asina un manifesto de resposta defendendo a democracia enfr\u00f3ntese a sanci\u00f3ns disciplinarias contra a s\u00faa persoa, que indica?<\/strong><\/p>\n\n\n\n<blockquote class=\"wp-block-quote is-layout-flow wp-block-quote-is-layout-flow\"><p>Espa\u00f1a \u00e9 as\u00ed. O ex\u00e9rcito foi e \u00e9, como di o artigo 8 da Constituci\u00f3n, quen asegura a unidade e permanencia e por iso ten bula. Profesionalizouse pero s\u00f3 ga\u00f1ou as guerras contra o seu propio pobo. Son intocables. <\/p><\/blockquote>\n\n\n\n<p><br><strong> Acabamos I\u00f1aki, agradec\u00e9ndoche a t\u00faa amabilidade, e dic\u00edndoche que nos gustar\u00eda compartir unha tapa de polbo e un albari\u00f1o contigo, ser\u00e1 posible verche por Galicia proximamente?<br><\/strong> <\/p>\n\n\n\n<blockquote class=\"wp-block-quote is-layout-flow wp-block-quote-is-layout-flow\"><p>Pois si. Convid\u00e1ronme a ir a Lugo na primavera .E Galicia \u00e9 un lugar moi atractivo onde te\u00f1o moitos amigos. E sempre \u00e9 agradable volver estar nesa boa casa.<\/p><\/blockquote>\n","protected":false},"excerpt":{"rendered":"<div class=\"mh-excerpt\"><p>A historia do moderno nacionalismo vasco non  se entender\u00eda sen a figura de I\u00f1aki Anasagasti, intelectual comprometido co seu pobo, orador brillante, I\u00f1aki \u00e9 un home que defende o que cre con paix\u00f3n, rigor e solvencia intelectual <a class=\"mh-excerpt-more\" href=\"https:\/\/www.anovapeneira.gal\/index.php\/2019\/09\/17\/inaki-anasagasti\/\" title=\"I\u00f1aki Anasagasti\">[&#8230;]<\/a><\/p>\n<\/div>","protected":false},"author":3,"featured_media":1246,"comment_status":"open","ping_status":"open","sticky":false,"template":"","format":"standard","meta":{"_exactmetrics_skip_tracking":false,"_exactmetrics_sitenote_active":false,"_exactmetrics_sitenote_note":"","_exactmetrics_sitenote_category":0,"footnotes":""},"categories":[583],"tags":[576,577,12],"class_list":{"0":"post-1245","1":"post","2":"type-post","3":"status-publish","4":"format-standard","5":"has-post-thumbnail","7":"category-entrevistas-espanha","8":"tag-inaki-anasagasti","9":"tag-pnv","10":"tag-politica"},"yoast_head":"<!-- This site is optimized with the Yoast SEO plugin v27.4 - https:\/\/yoast.com\/product\/yoast-seo-wordpress\/ -->\n<title>I\u00f1aki Anasagasti -<\/title>\n<meta name=\"robots\" content=\"index, follow, max-snippet:-1, max-image-preview:large, max-video-preview:-1\" \/>\n<link rel=\"canonical\" href=\"https:\/\/www.anovapeneira.gal\/index.php\/2019\/09\/17\/inaki-anasagasti\/\" \/>\n<meta property=\"og:locale\" content=\"gl_ES\" \/>\n<meta property=\"og:type\" content=\"article\" \/>\n<meta property=\"og:title\" content=\"I\u00f1aki Anasagasti -\" \/>\n<meta property=\"og:description\" content=\"A historia do moderno nacionalismo vasco non se entender\u00eda sen a figura de I\u00f1aki Anasagasti, intelectual comprometido co seu pobo, orador brillante, I\u00f1aki \u00e9 un home que defende o que cre con paix\u00f3n, rigor e solvencia intelectual [...]\" \/>\n<meta property=\"og:url\" content=\"https:\/\/www.anovapeneira.gal\/index.php\/2019\/09\/17\/inaki-anasagasti\/\" \/>\n<meta property=\"article:publisher\" content=\"https:\/\/www.facebook.com\/anovapeneira\" \/>\n<meta property=\"article:published_time\" content=\"2019-09-17T12:00:30+00:00\" \/>\n<meta property=\"article:modified_time\" content=\"2019-09-18T07:48:59+00:00\" \/>\n<meta property=\"og:image\" content=\"https:\/\/www.anovapeneira.gal\/wp-content\/uploads\/2019\/09\/anasagasti_bng_a_nova_peneira.jpg\" \/>\n\t<meta property=\"og:image:width\" content=\"720\" \/>\n\t<meta property=\"og:image:height\" content=\"473\" \/>\n\t<meta property=\"og:image:type\" content=\"image\/jpeg\" \/>\n<meta name=\"author\" content=\"Redacci\u00f3n A Nova Peneira\" \/>\n<meta name=\"twitter:card\" content=\"summary_large_image\" \/>\n<meta name=\"twitter:creator\" content=\"@APeneira\" \/>\n<meta name=\"twitter:site\" content=\"@APeneira\" \/>\n<meta name=\"twitter:label1\" content=\"Escrito por\" \/>\n\t<meta name=\"twitter:data1\" content=\"Redacci\u00f3n A Nova Peneira\" \/>\n\t<meta name=\"twitter:label2\" content=\"Tempo de lectura\" \/>\n\t<meta name=\"twitter:data2\" content=\"8 minutos\" \/>\n<script type=\"application\/ld+json\" class=\"yoast-schema-graph\">{\"@context\":\"https:\\\/\\\/schema.org\",\"@graph\":[{\"@type\":\"Article\",\"@id\":\"https:\\\/\\\/www.anovapeneira.gal\\\/index.php\\\/2019\\\/09\\\/17\\\/inaki-anasagasti\\\/#article\",\"isPartOf\":{\"@id\":\"https:\\\/\\\/www.anovapeneira.gal\\\/index.php\\\/2019\\\/09\\\/17\\\/inaki-anasagasti\\\/\"},\"author\":{\"name\":\"Redacci\u00f3n A Nova Peneira\",\"@id\":\"https:\\\/\\\/www.anovapeneira.gal\\\/#\\\/schema\\\/person\\\/b93e3f8932e3f8da96334607eb6ac6aa\"},\"headline\":\"I\u00f1aki Anasagasti\",\"datePublished\":\"2019-09-17T12:00:30+00:00\",\"dateModified\":\"2019-09-18T07:48:59+00:00\",\"mainEntityOfPage\":{\"@id\":\"https:\\\/\\\/www.anovapeneira.gal\\\/index.php\\\/2019\\\/09\\\/17\\\/inaki-anasagasti\\\/\"},\"wordCount\":1680,\"commentCount\":0,\"publisher\":{\"@id\":\"https:\\\/\\\/www.anovapeneira.gal\\\/#organization\"},\"image\":{\"@id\":\"https:\\\/\\\/www.anovapeneira.gal\\\/index.php\\\/2019\\\/09\\\/17\\\/inaki-anasagasti\\\/#primaryimage\"},\"thumbnailUrl\":\"https:\\\/\\\/www.anovapeneira.gal\\\/wp-content\\\/uploads\\\/2019\\\/09\\\/anasagasti_bng_a_nova_peneira.jpg\",\"keywords\":[\"I\u00f1aki Anasagasti\",\"PNV\",\"Pol\u00edtica\"],\"articleSection\":[\"Entrevistas\"],\"inLanguage\":\"gl-ES\",\"potentialAction\":[{\"@type\":\"CommentAction\",\"name\":\"Comment\",\"target\":[\"https:\\\/\\\/www.anovapeneira.gal\\\/index.php\\\/2019\\\/09\\\/17\\\/inaki-anasagasti\\\/#respond\"]}]},{\"@type\":\"WebPage\",\"@id\":\"https:\\\/\\\/www.anovapeneira.gal\\\/index.php\\\/2019\\\/09\\\/17\\\/inaki-anasagasti\\\/\",\"url\":\"https:\\\/\\\/www.anovapeneira.gal\\\/index.php\\\/2019\\\/09\\\/17\\\/inaki-anasagasti\\\/\",\"name\":\"I\u00f1aki Anasagasti -\",\"isPartOf\":{\"@id\":\"https:\\\/\\\/www.anovapeneira.gal\\\/#website\"},\"primaryImageOfPage\":{\"@id\":\"https:\\\/\\\/www.anovapeneira.gal\\\/index.php\\\/2019\\\/09\\\/17\\\/inaki-anasagasti\\\/#primaryimage\"},\"image\":{\"@id\":\"https:\\\/\\\/www.anovapeneira.gal\\\/index.php\\\/2019\\\/09\\\/17\\\/inaki-anasagasti\\\/#primaryimage\"},\"thumbnailUrl\":\"https:\\\/\\\/www.anovapeneira.gal\\\/wp-content\\\/uploads\\\/2019\\\/09\\\/anasagasti_bng_a_nova_peneira.jpg\",\"datePublished\":\"2019-09-17T12:00:30+00:00\",\"dateModified\":\"2019-09-18T07:48:59+00:00\",\"breadcrumb\":{\"@id\":\"https:\\\/\\\/www.anovapeneira.gal\\\/index.php\\\/2019\\\/09\\\/17\\\/inaki-anasagasti\\\/#breadcrumb\"},\"inLanguage\":\"gl-ES\",\"potentialAction\":[{\"@type\":\"ReadAction\",\"target\":[\"https:\\\/\\\/www.anovapeneira.gal\\\/index.php\\\/2019\\\/09\\\/17\\\/inaki-anasagasti\\\/\"]}]},{\"@type\":\"ImageObject\",\"inLanguage\":\"gl-ES\",\"@id\":\"https:\\\/\\\/www.anovapeneira.gal\\\/index.php\\\/2019\\\/09\\\/17\\\/inaki-anasagasti\\\/#primaryimage\",\"url\":\"https:\\\/\\\/www.anovapeneira.gal\\\/wp-content\\\/uploads\\\/2019\\\/09\\\/anasagasti_bng_a_nova_peneira.jpg\",\"contentUrl\":\"https:\\\/\\\/www.anovapeneira.gal\\\/wp-content\\\/uploads\\\/2019\\\/09\\\/anasagasti_bng_a_nova_peneira.jpg\",\"width\":720,\"height\":473,\"caption\":\"I\u00f1aki Anasagasti a nova peneira\"},{\"@type\":\"BreadcrumbList\",\"@id\":\"https:\\\/\\\/www.anovapeneira.gal\\\/index.php\\\/2019\\\/09\\\/17\\\/inaki-anasagasti\\\/#breadcrumb\",\"itemListElement\":[{\"@type\":\"ListItem\",\"position\":1,\"name\":\"Portada\",\"item\":\"https:\\\/\\\/www.anovapeneira.gal\\\/\"},{\"@type\":\"ListItem\",\"position\":2,\"name\":\"I\u00f1aki Anasagasti\"}]},{\"@type\":\"WebSite\",\"@id\":\"https:\\\/\\\/www.anovapeneira.gal\\\/#website\",\"url\":\"https:\\\/\\\/www.anovapeneira.gal\\\/\",\"name\":\"\",\"description\":\"Xornal galego de informaci\u00f3n xeral Publicaci\u00f3n mensual de novas de Galicia e en especial dos Concellos da sur da provincia de Pontevedra.\",\"publisher\":{\"@id\":\"https:\\\/\\\/www.anovapeneira.gal\\\/#organization\"},\"potentialAction\":[{\"@type\":\"SearchAction\",\"target\":{\"@type\":\"EntryPoint\",\"urlTemplate\":\"https:\\\/\\\/www.anovapeneira.gal\\\/?s={search_term_string}\"},\"query-input\":{\"@type\":\"PropertyValueSpecification\",\"valueRequired\":true,\"valueName\":\"search_term_string\"}}],\"inLanguage\":\"gl-ES\"},{\"@type\":\"Organization\",\"@id\":\"https:\\\/\\\/www.anovapeneira.gal\\\/#organization\",\"name\":\"A Nova Peneira\",\"url\":\"https:\\\/\\\/www.anovapeneira.gal\\\/\",\"logo\":{\"@type\":\"ImageObject\",\"inLanguage\":\"gl-ES\",\"@id\":\"https:\\\/\\\/www.anovapeneira.gal\\\/#\\\/schema\\\/logo\\\/image\\\/\",\"url\":\"http:\\\/\\\/www.anovapeneira.gal\\\/wp-content\\\/uploads\\\/2019\\\/06\\\/logo_a_nova_peneira_portal_web.png\",\"contentUrl\":\"http:\\\/\\\/www.anovapeneira.gal\\\/wp-content\\\/uploads\\\/2019\\\/06\\\/logo_a_nova_peneira_portal_web.png\",\"width\":300,\"height\":100,\"caption\":\"A Nova Peneira\"},\"image\":{\"@id\":\"https:\\\/\\\/www.anovapeneira.gal\\\/#\\\/schema\\\/logo\\\/image\\\/\"},\"sameAs\":[\"https:\\\/\\\/www.facebook.com\\\/anovapeneira\",\"https:\\\/\\\/x.com\\\/APeneira\"]},{\"@type\":\"Person\",\"@id\":\"https:\\\/\\\/www.anovapeneira.gal\\\/#\\\/schema\\\/person\\\/b93e3f8932e3f8da96334607eb6ac6aa\",\"name\":\"Redacci\u00f3n A Nova Peneira\",\"image\":{\"@type\":\"ImageObject\",\"inLanguage\":\"gl-ES\",\"@id\":\"https:\\\/\\\/secure.gravatar.com\\\/avatar\\\/c052a2551a06e23fac63626232eaa90abd78dbcf1700fc46a2b2c89fd27b735f?s=96&d=mm&r=g\",\"url\":\"https:\\\/\\\/secure.gravatar.com\\\/avatar\\\/c052a2551a06e23fac63626232eaa90abd78dbcf1700fc46a2b2c89fd27b735f?s=96&d=mm&r=g\",\"contentUrl\":\"https:\\\/\\\/secure.gravatar.com\\\/avatar\\\/c052a2551a06e23fac63626232eaa90abd78dbcf1700fc46a2b2c89fd27b735f?s=96&d=mm&r=g\",\"caption\":\"Redacci\u00f3n A Nova Peneira\"},\"sameAs\":[\"http:\\\/\\\/www.anovapeneira.gal\\\/\"],\"url\":\"https:\\\/\\\/www.anovapeneira.gal\\\/index.php\\\/author\\\/redactor\\\/\"}]}<\/script>\n<!-- \/ Yoast SEO plugin. -->","yoast_head_json":{"title":"I\u00f1aki Anasagasti -","robots":{"index":"index","follow":"follow","max-snippet":"max-snippet:-1","max-image-preview":"max-image-preview:large","max-video-preview":"max-video-preview:-1"},"canonical":"https:\/\/www.anovapeneira.gal\/index.php\/2019\/09\/17\/inaki-anasagasti\/","og_locale":"gl_ES","og_type":"article","og_title":"I\u00f1aki Anasagasti -","og_description":"A historia do moderno nacionalismo vasco non se entender\u00eda sen a figura de I\u00f1aki Anasagasti, intelectual comprometido co seu pobo, orador brillante, I\u00f1aki \u00e9 un home que defende o que cre con paix\u00f3n, rigor e solvencia intelectual [...]","og_url":"https:\/\/www.anovapeneira.gal\/index.php\/2019\/09\/17\/inaki-anasagasti\/","article_publisher":"https:\/\/www.facebook.com\/anovapeneira","article_published_time":"2019-09-17T12:00:30+00:00","article_modified_time":"2019-09-18T07:48:59+00:00","og_image":[{"width":720,"height":473,"url":"https:\/\/www.anovapeneira.gal\/wp-content\/uploads\/2019\/09\/anasagasti_bng_a_nova_peneira.jpg","type":"image\/jpeg"}],"author":"Redacci\u00f3n A Nova Peneira","twitter_card":"summary_large_image","twitter_creator":"@APeneira","twitter_site":"@APeneira","twitter_misc":{"Escrito por":"Redacci\u00f3n A Nova Peneira","Tempo de lectura":"8 minutos"},"schema":{"@context":"https:\/\/schema.org","@graph":[{"@type":"Article","@id":"https:\/\/www.anovapeneira.gal\/index.php\/2019\/09\/17\/inaki-anasagasti\/#article","isPartOf":{"@id":"https:\/\/www.anovapeneira.gal\/index.php\/2019\/09\/17\/inaki-anasagasti\/"},"author":{"name":"Redacci\u00f3n A Nova Peneira","@id":"https:\/\/www.anovapeneira.gal\/#\/schema\/person\/b93e3f8932e3f8da96334607eb6ac6aa"},"headline":"I\u00f1aki Anasagasti","datePublished":"2019-09-17T12:00:30+00:00","dateModified":"2019-09-18T07:48:59+00:00","mainEntityOfPage":{"@id":"https:\/\/www.anovapeneira.gal\/index.php\/2019\/09\/17\/inaki-anasagasti\/"},"wordCount":1680,"commentCount":0,"publisher":{"@id":"https:\/\/www.anovapeneira.gal\/#organization"},"image":{"@id":"https:\/\/www.anovapeneira.gal\/index.php\/2019\/09\/17\/inaki-anasagasti\/#primaryimage"},"thumbnailUrl":"https:\/\/www.anovapeneira.gal\/wp-content\/uploads\/2019\/09\/anasagasti_bng_a_nova_peneira.jpg","keywords":["I\u00f1aki Anasagasti","PNV","Pol\u00edtica"],"articleSection":["Entrevistas"],"inLanguage":"gl-ES","potentialAction":[{"@type":"CommentAction","name":"Comment","target":["https:\/\/www.anovapeneira.gal\/index.php\/2019\/09\/17\/inaki-anasagasti\/#respond"]}]},{"@type":"WebPage","@id":"https:\/\/www.anovapeneira.gal\/index.php\/2019\/09\/17\/inaki-anasagasti\/","url":"https:\/\/www.anovapeneira.gal\/index.php\/2019\/09\/17\/inaki-anasagasti\/","name":"I\u00f1aki Anasagasti -","isPartOf":{"@id":"https:\/\/www.anovapeneira.gal\/#website"},"primaryImageOfPage":{"@id":"https:\/\/www.anovapeneira.gal\/index.php\/2019\/09\/17\/inaki-anasagasti\/#primaryimage"},"image":{"@id":"https:\/\/www.anovapeneira.gal\/index.php\/2019\/09\/17\/inaki-anasagasti\/#primaryimage"},"thumbnailUrl":"https:\/\/www.anovapeneira.gal\/wp-content\/uploads\/2019\/09\/anasagasti_bng_a_nova_peneira.jpg","datePublished":"2019-09-17T12:00:30+00:00","dateModified":"2019-09-18T07:48:59+00:00","breadcrumb":{"@id":"https:\/\/www.anovapeneira.gal\/index.php\/2019\/09\/17\/inaki-anasagasti\/#breadcrumb"},"inLanguage":"gl-ES","potentialAction":[{"@type":"ReadAction","target":["https:\/\/www.anovapeneira.gal\/index.php\/2019\/09\/17\/inaki-anasagasti\/"]}]},{"@type":"ImageObject","inLanguage":"gl-ES","@id":"https:\/\/www.anovapeneira.gal\/index.php\/2019\/09\/17\/inaki-anasagasti\/#primaryimage","url":"https:\/\/www.anovapeneira.gal\/wp-content\/uploads\/2019\/09\/anasagasti_bng_a_nova_peneira.jpg","contentUrl":"https:\/\/www.anovapeneira.gal\/wp-content\/uploads\/2019\/09\/anasagasti_bng_a_nova_peneira.jpg","width":720,"height":473,"caption":"I\u00f1aki Anasagasti a nova peneira"},{"@type":"BreadcrumbList","@id":"https:\/\/www.anovapeneira.gal\/index.php\/2019\/09\/17\/inaki-anasagasti\/#breadcrumb","itemListElement":[{"@type":"ListItem","position":1,"name":"Portada","item":"https:\/\/www.anovapeneira.gal\/"},{"@type":"ListItem","position":2,"name":"I\u00f1aki Anasagasti"}]},{"@type":"WebSite","@id":"https:\/\/www.anovapeneira.gal\/#website","url":"https:\/\/www.anovapeneira.gal\/","name":"","description":"Xornal galego de informaci\u00f3n xeral Publicaci\u00f3n mensual de novas de Galicia e en especial dos Concellos da sur da provincia de Pontevedra.","publisher":{"@id":"https:\/\/www.anovapeneira.gal\/#organization"},"potentialAction":[{"@type":"SearchAction","target":{"@type":"EntryPoint","urlTemplate":"https:\/\/www.anovapeneira.gal\/?s={search_term_string}"},"query-input":{"@type":"PropertyValueSpecification","valueRequired":true,"valueName":"search_term_string"}}],"inLanguage":"gl-ES"},{"@type":"Organization","@id":"https:\/\/www.anovapeneira.gal\/#organization","name":"A Nova Peneira","url":"https:\/\/www.anovapeneira.gal\/","logo":{"@type":"ImageObject","inLanguage":"gl-ES","@id":"https:\/\/www.anovapeneira.gal\/#\/schema\/logo\/image\/","url":"http:\/\/www.anovapeneira.gal\/wp-content\/uploads\/2019\/06\/logo_a_nova_peneira_portal_web.png","contentUrl":"http:\/\/www.anovapeneira.gal\/wp-content\/uploads\/2019\/06\/logo_a_nova_peneira_portal_web.png","width":300,"height":100,"caption":"A Nova Peneira"},"image":{"@id":"https:\/\/www.anovapeneira.gal\/#\/schema\/logo\/image\/"},"sameAs":["https:\/\/www.facebook.com\/anovapeneira","https:\/\/x.com\/APeneira"]},{"@type":"Person","@id":"https:\/\/www.anovapeneira.gal\/#\/schema\/person\/b93e3f8932e3f8da96334607eb6ac6aa","name":"Redacci\u00f3n A Nova Peneira","image":{"@type":"ImageObject","inLanguage":"gl-ES","@id":"https:\/\/secure.gravatar.com\/avatar\/c052a2551a06e23fac63626232eaa90abd78dbcf1700fc46a2b2c89fd27b735f?s=96&d=mm&r=g","url":"https:\/\/secure.gravatar.com\/avatar\/c052a2551a06e23fac63626232eaa90abd78dbcf1700fc46a2b2c89fd27b735f?s=96&d=mm&r=g","contentUrl":"https:\/\/secure.gravatar.com\/avatar\/c052a2551a06e23fac63626232eaa90abd78dbcf1700fc46a2b2c89fd27b735f?s=96&d=mm&r=g","caption":"Redacci\u00f3n A Nova Peneira"},"sameAs":["http:\/\/www.anovapeneira.gal\/"],"url":"https:\/\/www.anovapeneira.gal\/index.php\/author\/redactor\/"}]}},"jetpack_featured_media_url":"https:\/\/www.anovapeneira.gal\/wp-content\/uploads\/2019\/09\/anasagasti_bng_a_nova_peneira.jpg","_links":{"self":[{"href":"https:\/\/www.anovapeneira.gal\/index.php\/wp-json\/wp\/v2\/posts\/1245","targetHints":{"allow":["GET"]}}],"collection":[{"href":"https:\/\/www.anovapeneira.gal\/index.php\/wp-json\/wp\/v2\/posts"}],"about":[{"href":"https:\/\/www.anovapeneira.gal\/index.php\/wp-json\/wp\/v2\/types\/post"}],"author":[{"embeddable":true,"href":"https:\/\/www.anovapeneira.gal\/index.php\/wp-json\/wp\/v2\/users\/3"}],"replies":[{"embeddable":true,"href":"https:\/\/www.anovapeneira.gal\/index.php\/wp-json\/wp\/v2\/comments?post=1245"}],"version-history":[{"count":2,"href":"https:\/\/www.anovapeneira.gal\/index.php\/wp-json\/wp\/v2\/posts\/1245\/revisions"}],"predecessor-version":[{"id":1287,"href":"https:\/\/www.anovapeneira.gal\/index.php\/wp-json\/wp\/v2\/posts\/1245\/revisions\/1287"}],"wp:featuredmedia":[{"embeddable":true,"href":"https:\/\/www.anovapeneira.gal\/index.php\/wp-json\/wp\/v2\/media\/1246"}],"wp:attachment":[{"href":"https:\/\/www.anovapeneira.gal\/index.php\/wp-json\/wp\/v2\/media?parent=1245"}],"wp:term":[{"taxonomy":"category","embeddable":true,"href":"https:\/\/www.anovapeneira.gal\/index.php\/wp-json\/wp\/v2\/categories?post=1245"},{"taxonomy":"post_tag","embeddable":true,"href":"https:\/\/www.anovapeneira.gal\/index.php\/wp-json\/wp\/v2\/tags?post=1245"}],"curies":[{"name":"wp","href":"https:\/\/api.w.org\/{rel}","templated":true}]}}