{"id":12459,"date":"2024-09-24T12:00:44","date_gmt":"2024-09-24T10:00:44","guid":{"rendered":"https:\/\/www.anovapeneira.gal\/?p=12459"},"modified":"2024-09-16T12:19:15","modified_gmt":"2024-09-16T10:19:15","slug":"o-goberno-de-as-neves-un-serio-problema-para-a-vecinanza-de-as-neves","status":"publish","type":"post","link":"https:\/\/www.anovapeneira.gal\/index.php\/2024\/09\/24\/o-goberno-de-as-neves-un-serio-problema-para-a-vecinanza-de-as-neves\/","title":{"rendered":"O goberno de As Neves: Un serio problema para a veci\u00f1anza de As Neves"},"content":{"rendered":"\n<h2 class=\"wp-block-heading\"><strong>Cancelaci\u00f3n da IV edici\u00f3n do festival \u201c Urban Fest\u201d<\/strong><\/h2>\n\n\n\n<h2 class=\"wp-block-heading has-vivid-red-color has-text-color has-link-color wp-elements-89be2673af3604b3d2d0ecf81584d1fd\">\u201c<strong>&#8230;&#8230;&#8230;.Os veci\u00f1os e veci\u00f1as de As Neves merecen un goberno que traballe con seriedade e dedicaci\u00f3n e sen interferencias pol\u00edticas&#8230;&#8230;.\u201d<\/strong><\/h2>\n\n\n\n<p><strong>Goberno municipal de As Neves. Setembro de 2024<\/strong><\/p>\n\n\n\n<p><strong>Que pensar\u00edan vostedes amigas e amigos lectores, que nos distinguides coa vosa compa\u00f1\u00eda, dun escritor que apele a exercer o seu traballo sen interferencias literarias, dun pintor que apele a facer o mesmo sen interferencias pict\u00f3ricas, dun fontaneiro que indique que rexeita as interferencias das billas e tubaxes, ou dun electricista que manifeste que traballa sen necesidade da corrente el\u00e9ctrica??&#8230;.Pois igual que calquera persoa minimamente sensata pensar\u00edan que estariamos ante o absurdo en sentido estrito, e que tales situaci\u00f3ns non poden corresponder \u00e1 realidade.<\/strong><\/p>\n\n\n\n<p><strong>Por desgraza, ese nivel de absurdo si que existe, e no Concello das Neves temos un goberno con tal grado de indixencia intelectual que manifestan querer facer pol\u00edtica sen interferencias pol\u00edticas.<\/strong><\/p>\n\n\n\n<p><strong>Se hai algo que me molesta substancialmente \u00e9 o menosprezo \u00e1s xeraci\u00f3ns m\u00e1is novas. Non, non son vagos e si, si se implican na vida na s\u00faa comunidade para tratar de facela mellor do que \u00e9. Eles te\u00f1en unhas condici\u00f3ns dificil\u00edsimas, uns salarios de merda, moi poucas posibilidades de acceso \u00e1 cultura e nulas ou case nulas oportunidades de acceso \u00e1 vivenda .S\u00f3 necesitan que se lles dean oportunidades, e cando as te\u00f1en son unha xeraci\u00f3n tan v\u00e1lida como calquera outra.<\/strong><\/p>\n\n\n\n<p><strong>Tanto \u00e9 as\u00ed que hai mozos e mozas que se auto organizan para crear os espazos que lles poidan servir para canalizar as s\u00faas necesidades de expresi\u00f3n.<\/strong><\/p>\n\n\n\n<p><strong>Alg\u00fans deses mozos e mozas son as que organizaban o festival Urban Fest nas Neves. Este ano ter\u00eda que terse celebrado por IV vez, pero non se puido facer porque nas Neves gobernan uns indixentes intelectuais, que queren facer pol\u00edtica sen interferencias pol\u00edticas, e uns sectarios que practican o cancro pol\u00edtico que ven padecendo Galicia desde a noite dos tempos: A bipolarizaci\u00f3n da sociedade en amigos, para os que hai todo,e inimigos, para os que s\u00f3 hai desprezo.<\/strong><\/p>\n\n\n\n<p><strong>N\u00f3s conversamos con dous sos organizadores: Alba e Hadri\u00e1n. Alba \u00e9 natural de As Neves ten 28 anos de idade e Hadri\u00e1n naceu en Crecente. Os dous participan no tecido asociativo das s\u00faas respectivas localidades, e xunto con colectivos culturais de Arbo traballan para crear eventos com\u00fans que poidan achegar a cultura e o lecer \u00e1s distintas comunidades da Paradanta. Alba est\u00e1 a facer a tese de doutoramento en arte contempor\u00e1nea, coma min, e coma Luis Cernuda cando cantaba aquel fermoso\u201d maldigo la poes\u00eda concebida como un lujo cultural por los neutrales\u201d, entende que a arte al\u00e9n dun veh\u00edculo de expresi\u00f3n est\u00e9tica non se pode desentender do contexto social no que se insire. Tam\u00e9n \u00e9 aut\u00f3noma e trata de ga\u00f1ar a vida no mundo tan dif\u00edcil da arte facendo todas as cousas que pode.<\/strong><\/p>\n\n\n\n<p><strong>Hadri\u00e1n \u00e9 m\u00fasico, fai arte visual e participa nun colectivo art\u00edstico chamado \u201c Les Canes do Pozo\u201d.Intenta vivir da m\u00fasica, algo que non \u00e9 f\u00e1cil, e asemade desenvolve traballos no mundo do son. Vela\u00ed vai o que deu de si a nosa conversa<\/strong><\/p>\n\n\n\n<p><strong>Alba Casas e Hadri\u00e1n Riveiro<\/strong><\/p>\n\n\n\n<p>\u201c<strong>Cando o goberno de As Neves di que o Urban \u00e9 unha plataforma pol\u00edtica para atacalos minte, e ademais xera un discurso de odio\u201d<\/strong><\/p>\n\n\n\n<p><strong>V\u00f3s sodes os organizadores do Urban Fest?<\/strong><\/p>\n\n\n\n<blockquote class=\"wp-block-quote is-layout-flow wp-block-quote-is-layout-flow\">\n<p>Somos parte da asociaci\u00f3n que o organiza: As Neves Urban Fest.<\/p>\n<\/blockquote>\n\n\n\n<p><strong>Cando naceu o festival?<\/strong><\/p>\n\n\n\n<blockquote class=\"wp-block-quote is-layout-flow wp-block-quote-is-layout-flow\">\n<p>No ano 2019.N\u00f3s non somos as persoas que o iniciaron. Quen comezou con isto foron dous rapaces: Dani P\u00e9rez e Hugo Aballe. En principio parec\u00eda unha tolemia pero \u00e1s veces as loucuras son fermosas. E eles son as persoas que fixeron posible o que parec\u00eda un so\u00f1o imposible. Nesa primeira edici\u00f3n contaron especialmente co apoio dos negocios locais.<\/p>\n<\/blockquote>\n\n\n\n<p><strong>Nos anos da pandemia celebrouse o Urban?<\/strong><\/p>\n\n\n\n<blockquote class=\"wp-block-quote is-layout-flow wp-block-quote-is-layout-flow\">\n<p>Non, no 20 e no 21 foi absolutamente imposible. Retomouse no 2022 e ese ano xa se incorporou Alba \u00e1 organizaci\u00f3n. Na edici\u00f3n do 2023 seguimos os 3 pero foi unha edici\u00f3n cun volume de traballo case esgotador (que supuxo tam\u00e9n a marcha de Dani) e nese ano entran Hadri\u00e1n e m\u00e1is persoas<\/p>\n<\/blockquote>\n\n\n\n<p><strong>En que consiste o festival?<\/strong><\/p>\n\n\n\n<blockquote class=\"wp-block-quote is-layout-flow wp-block-quote-is-layout-flow\">\n<p>A idea que o inspira \u00e9 facer un festival que fose por e para a xente da vila. Pensamos facer do Urban un espazo de encontro para a veci\u00f1anza.<\/p>\n<\/blockquote>\n\n\n\n<p><strong>Para toda a veci\u00f1anza?<\/strong><\/p>\n\n\n\n<blockquote class=\"wp-block-quote is-layout-flow wp-block-quote-is-layout-flow\">\n<p>Absolutamente si. Queriamos que vi\u00f1eran persoas de todas as idades,xa que logo pensabamos en actividades que puidesen interesar a distintos rangos de idade.<\/p>\n<\/blockquote>\n\n\n\n<p><strong>Iso non \u00e9 nada f\u00e1cil<\/strong><\/p>\n\n\n\n<blockquote class=\"wp-block-quote is-layout-flow wp-block-quote-is-layout-flow\">\n<p>Somos conscientes. E traballamos moito, dedicamos horas e horas do noso tempo de lecer, toneladas de ilusi\u00f3n de paciencia e de amor para podelo conseguir. O rural galego ten moitos problemas que propician o envellecemento da poboaci\u00f3n e que a xente moza non te\u00f1amos alternativas para podermos desenvolver un proxecto de vida persoal nos nosos pobos. O Urban pretend\u00eda humildemente contribu\u00edr a descentralizar a cultura e a m\u00fasica das cidades, e poder enriquecer a vida cultural do noso pobo.<\/p>\n<\/blockquote>\n\n\n\n<p><strong>As persoas das Neves que te\u00f1an sensibilidade e inquedanzas art\u00edsticas poden expresalas?<\/strong><\/p>\n\n\n\n<blockquote class=\"wp-block-quote is-layout-flow wp-block-quote-is-layout-flow\">\n<p>Non, carecemos de espazos para podelo facer. Se non hai espazos non queda outra que constru\u00edlos. Nesa idea estaba o Urban.<\/p>\n<\/blockquote>\n\n\n\n<p><strong>En que data se ter\u00eda celebrado a edici\u00f3n cancelada e que actividades ti\u00f1a programadas?<\/strong><\/p>\n\n\n\n<blockquote class=\"wp-block-quote is-layout-flow wp-block-quote-is-layout-flow\">\n<p>\u00cdase celebrar o 14\/09.Comezar\u00eda \u00e1s 10:00 da ma\u00f1\u00e1 e teriamos inicialmente un campionato de baloncesto na r\u00faa. Esa actividade o ano pasado tivo un \u00e9xito enorme, participaron 200 persoas. Ao mesmo tempo haber\u00eda artes\u00e1ns e artes\u00e1s na praza cos seus postos de artesan\u00eda.<\/p>\n<\/blockquote>\n\n\n\n<blockquote class=\"wp-block-quote is-layout-flow wp-block-quote-is-layout-flow\">\n<p>Por outra parte teriamos un espazo para as asociaci\u00f3ns diversas e un punto violeta contra a violencia de x\u00e9nero. Contar\u00edamos igualmente con varios puntos de venda de comida.<\/p>\n<\/blockquote>\n\n\n\n<blockquote class=\"wp-block-quote is-layout-flow wp-block-quote-is-layout-flow\">\n<p>N\u00f3s non pu\u00f1amos ning\u00fan tipo de barra para que a xente consumise nos negocios do pobo. Hab\u00eda tam\u00e9n unha acampada ao aire libre.<\/p>\n<\/blockquote>\n\n\n\n<blockquote class=\"wp-block-quote is-layout-flow wp-block-quote-is-layout-flow\">\n<p>Pola tarde, despois de comer, ti\u00f1amos un bingo musical, unha proba de orientaci\u00f3n urbana\/rural e dous murais. Todas as actividades con m\u00fasica e logo \u00e1s 21:00 comezabamos cos concertos (onde xa teriamos a nosa barra)<\/p>\n<\/blockquote>\n\n\n\n<blockquote class=\"wp-block-quote is-layout-flow wp-block-quote-is-layout-flow\">\n<p>Nas tres edici\u00f3ns anteriores todo se fixo na Praza. Este ano, un mes antes do festival, o Concello nos conmina a levar os concertos ao aparcadoiro do colexio, co que teriamos que facelo en dous espazos diferentes.<\/p>\n<\/blockquote>\n\n\n\n<p><strong>Nas tres edici\u00f3ns anteriores do Urban fixestes pol\u00edtica partidista?<\/strong><\/p>\n\n\n\n<blockquote class=\"wp-block-quote is-layout-flow wp-block-quote-is-layout-flow\">\n<p>Non, de ningunha maneira.<\/p>\n<\/blockquote>\n\n\n\n<p><strong>Defendeuse dalgunha maneira a algunha opci\u00f3n pol\u00edtica concreta?<\/strong><\/p>\n\n\n\n<blockquote class=\"wp-block-quote is-layout-flow wp-block-quote-is-layout-flow\">\n<p>Non. Radicalmente non.<\/p>\n<\/blockquote>\n\n\n\n<p><strong>Criticouse dalgunha maneira a algunha opci\u00f3n pol\u00edtica concreta?<\/strong><\/p>\n\n\n\n<blockquote class=\"wp-block-quote is-layout-flow wp-block-quote-is-layout-flow\">\n<p>Non, de ning\u00fan modo.<\/p>\n<\/blockquote>\n\n\n\n<p><strong>Cando o goberno das Neves di nun comunicado literalmente o seguinte:<\/strong><\/p>\n\n\n\n<blockquote class=\"wp-block-quote is-layout-flow wp-block-quote-is-layout-flow\">\n<p class=\"has-vivid-red-color has-text-color has-link-color wp-elements-7d69f6cc9a1953f63a7c3b71cad23f14\">\u201d<em><strong>Non podemos deixar de lamentar que haxa quen intente converter este tipo de eventos en plataformas pol\u00edticas para atacar ao Goberno municipal<\/strong><\/em><em><strong> \u201c<\/strong><\/em><\/p>\n<\/blockquote>\n\n\n\n<p><strong>falta \u00e1 verdade?<\/strong><\/p>\n\n\n\n<blockquote class=\"wp-block-quote is-layout-flow wp-block-quote-is-layout-flow\">\n<p>Si. E e asemade est\u00e1 a xerar un discurso de de odio.<\/p>\n<\/blockquote>\n\n\n\n<p><strong>No festival do 23 xa estaba o actual equipo de goberno. Colaborou economicamente con v\u00f3s?<\/strong><\/p>\n\n\n\n<blockquote class=\"wp-block-quote is-layout-flow wp-block-quote-is-layout-flow\">\n<p>Colaborou. So que colaboraron coa lox\u00edstica e con instalaci\u00f3ns que nos deixaron da Festa do Vi\u00f1o<\/p>\n<\/blockquote>\n\n\n\n<p><strong>E quedastes satisfeitos da colaboraci\u00f3n que vos brindaron o 23?<\/strong><\/p>\n\n\n\n<blockquote class=\"wp-block-quote is-layout-flow wp-block-quote-is-layout-flow\">\n<p>Acababan de chegar. As elecci\u00f3ns foron en maio e o Urban 23 foi en Xullo. Eu creo que estaban un pouco perdidos. Pero si que nos axudaron. Houbo momentos complicados, seguramente responsabilidade de ambas partes, pero finalmente todo se resolveu moi ben. Dicir que os problemas deste ano ve\u00f1en do anterior, non ten sentido.<\/p>\n<\/blockquote>\n\n\n\n<p><strong>Cando comezastes cos preparativos para organizar o Urban 24?<\/strong><\/p>\n\n\n\n<pre class=\"wp-block-verse\">En marzo. Desde ese mes traballamos ininterrompidamente<\/pre>\n\n\n\n<p><strong>Co goberno cando comezastes a falar?<\/strong><\/p>\n\n\n\n<blockquote class=\"wp-block-quote is-layout-flow wp-block-quote-is-layout-flow\">\n<p>O 19 dese mes de marzo.<\/p>\n<\/blockquote>\n\n\n\n<p><strong>Co alcalde?<\/strong><\/p>\n\n\n\n<blockquote class=\"wp-block-quote is-layout-flow wp-block-quote-is-layout-flow\">\n<p>Si.<\/p>\n<\/blockquote>\n\n\n\n<p><strong>Que vos dixo?<\/strong><\/p>\n\n\n\n<blockquote class=\"wp-block-quote is-layout-flow wp-block-quote-is-layout-flow\">\n<p>Que quedariamos despois da festa do Requeixo.<\/p>\n<\/blockquote>\n\n\n\n<p><strong>Como foron as primeiras xuntanzas?<\/strong><\/p>\n\n\n\n<blockquote class=\"wp-block-quote is-layout-flow wp-block-quote-is-layout-flow\">\n<p>N\u00f3s ti\u00f1amos medo de que non cumpriran con n\u00f3s.<\/p>\n<\/blockquote>\n\n\n\n<p><strong>Por que?<\/strong><\/p>\n\n\n\n<blockquote class=\"wp-block-quote is-layout-flow wp-block-quote-is-layout-flow\">\n<p>Porque xa o fixeron con outra asociaci\u00f3n na que participamos \u201c As Marondas\u201d. Organizamos un mercadi\u00f1o e non se portaron nada ben con n\u00f3s. Temiamos que nos deixaran colgados, ent\u00f3n nas primeiras xuntanzas non pedimos nada m\u00e1is al\u00e1 de lox\u00edstica. Tivemos varias reuni\u00f3ns nas que n\u00f3s lles iamos informando das necesidades da organizaci\u00f3n do festival.<\/p>\n<\/blockquote>\n\n\n\n<p><strong>Cando comezaron os problemas?<\/strong><\/p>\n\n\n\n<blockquote class=\"wp-block-quote is-layout-flow wp-block-quote-is-layout-flow\">\n<p>O 31 de Xullo. Entre marzo e xullo nin por asomo se nos pasou pola cabeza que puideramos ter alg\u00fan problema. O 31 de xullo o alcalde dime( fala Alba) que me pase polo Concello e al\u00ed me comunica que o festival debe de facerse no aparcadoiro do colexio, non na Praza.<\/p>\n<\/blockquote>\n\n\n\n<blockquote class=\"wp-block-quote is-layout-flow wp-block-quote-is-layout-flow\">\n<p>Eu expreso o meu asombro con que me comunique algo tan relevante como un cambio de emprazamento, a pouco m\u00e1is dun mes da data do festival e transm\u00edtolle que esa decisi\u00f3n non a podo tomar eu soa sen\u00f3n que ter\u00e1 que ser unha decisi\u00f3n colectiva da organizaci\u00f3n no seu conxunto.<\/p>\n<\/blockquote>\n\n\n\n<p><strong>Cal que o motivo que espetou o alcalde para tal decisi\u00f3n?<\/strong><\/p>\n\n\n\n<blockquote class=\"wp-block-quote is-layout-flow wp-block-quote-is-layout-flow\">\n<p>Supostas denuncias e queixas dos veci\u00f1os al\u00e9n dunha presunta ordenanza que prohibe a m\u00fasica a partir das tres da ma\u00f1\u00e1.<\/p>\n<\/blockquote>\n\n\n\n<p><strong>V\u00f3s tedes constancia desas supostas denuncias?<\/strong><\/p>\n\n\n\n<blockquote class=\"wp-block-quote is-layout-flow wp-block-quote-is-layout-flow\">\n<p>A n\u00f3s non nos constan, e o da ordenanza non \u00e9 verdade.<\/p>\n<\/blockquote>\n\n\n\n<p><strong>Que fixestes v\u00f3s despois desa xuntanza?<\/strong><\/p>\n\n\n\n<blockquote class=\"wp-block-quote is-layout-flow wp-block-quote-is-layout-flow\">\n<p>Falamos cos negocios da zona e pregunt\u00e1moslles se prefer\u00edan que o festival se fixera na Praza, ou no aparcadoiro.<\/p>\n<\/blockquote>\n\n\n\n<p><strong>E o resultado?<\/strong><\/p>\n\n\n\n<blockquote class=\"wp-block-quote is-layout-flow wp-block-quote-is-layout-flow\">\n<p>Todo os negocios sen excepci\u00f3n manifestaron preferir que se fixera na Praza. Ent\u00f3n decidimos manternos firmes e defender a nosa posici\u00f3n de que o festival debe de facerse na Praza.<\/p>\n<\/blockquote>\n\n\n\n<p><strong>Como llo comunicastes ao goberno?<\/strong><\/p>\n\n\n\n<blockquote class=\"wp-block-quote is-layout-flow wp-block-quote-is-layout-flow\">\n<p>Nunha xuntanza o 12 de agosto na que estiven eu con todo o equipo de goberno(<strong> fala Alba)<\/strong>.<\/p>\n<\/blockquote>\n\n\n\n<p><strong>Ti soa Alba, fronte a 6 persoas adultas?<\/strong><\/p>\n\n\n\n<blockquote class=\"wp-block-quote is-layout-flow wp-block-quote-is-layout-flow\">\n<p>Si. E nesa xuntanza comuniqueilles a nosa posici\u00f3n: O festival debe de facerse na Praza.<\/p>\n<\/blockquote>\n\n\n\n<p><strong>En que clima se desenvolveu a reuni\u00f3n?<\/strong><\/p>\n\n\n\n<blockquote class=\"wp-block-quote is-layout-flow wp-block-quote-is-layout-flow\">\n<p>Nesa xuntanza algunha persoa eleva o ton e ac\u00fasame de que esa decisi\u00f3n \u00e9 s\u00f3 unha decisi\u00f3n pol\u00edtica.<\/p>\n<\/blockquote>\n\n\n\n<p><strong>Quen eleva o ton, o alcalde?<\/strong><\/p>\n\n\n\n<blockquote class=\"wp-block-quote is-layout-flow wp-block-quote-is-layout-flow\">\n<p>Si.<\/p>\n<\/blockquote>\n\n\n\n<p><strong>Est\u00e1sme dicindo, Alba, que nunha xuntanza de ti soa fronte a 6 persoas adultas, o alcalde, un se\u00f1or que por idade pod\u00eda ser o teu pai, elevou o ton e ac\u00fasate de que a decisi\u00f3n de manter o festival na Praza \u00e9 unha decisi\u00f3n pol\u00edtica t\u00faa?<\/strong><\/p>\n\n\n\n<blockquote class=\"wp-block-quote is-layout-flow wp-block-quote-is-layout-flow\">\n<p>Si.<\/p>\n<\/blockquote>\n\n\n\n<p><strong>E Honestamente Alba: A decisi\u00f3n ten sequera o m\u00e1is m\u00ednimo matiz pol\u00edtico?<\/strong><\/p>\n\n\n\n<blockquote class=\"wp-block-quote is-layout-flow wp-block-quote-is-layout-flow\">\n<p>Non, non e non. Unha e mil veces non. Iso \u00e9 unha aut\u00e9ntica parvada. Pero que pol\u00edtica nin que narices se quen nos fodemos somos n\u00f3s, que levamos medio ano traballando como animais sen cobrar absolutamente nada, e de s\u00fapeto todo o esforzo e todas as ilusi\u00f3ns vanse polo sumidoiro.<\/p>\n<\/blockquote>\n\n\n\n<blockquote class=\"wp-block-quote is-layout-flow wp-block-quote-is-layout-flow\">\n<p>Nesa xuntanza, eu vinos tan crispados e tan do\u00eddos que termino por dicirlles que vou falar cos meus compa\u00f1eiros a ver se hai opci\u00f3n de reconducir a situaci\u00f3n. Pero se a houbera o Concello ter\u00eda que axudarnos.<\/p>\n<\/blockquote>\n\n\n\n<p><strong>Por que?<\/strong><\/p>\n\n\n\n<blockquote class=\"wp-block-quote is-layout-flow wp-block-quote-is-layout-flow\">\n<p>Pois porque faltaban un mes e dous d\u00edas para o festival que de ser nun espazo \u00fanico pasar\u00eda a desenvolverse en dous espazos diferentes. Iso implicar\u00eda lox\u00edstica dupla, e un maior gasto econ\u00f3mico. N\u00f3s somos unha asociaci\u00f3n pequena e non poderiamos de ning\u00fan modo en tan pouco tempo facelo todo en tempo e forma.<\/p>\n<\/blockquote>\n\n\n\n<p><strong>Falas cos teus compa\u00f1eiros?<\/strong><\/p>\n\n\n\n<blockquote class=\"wp-block-quote is-layout-flow wp-block-quote-is-layout-flow\">\n<p>Si, e logro convencelos. Decidimos ampliar a programaci\u00f3n de 10:00 ata \u00e1s 20:00 na Praza e logo mover os concertos ao aparcadoiro. Comun\u00edcollo ao Concello e d\u00edgolle que nos van ter que axudar economicamente pois ao ser en dous sitios o gasto \u00e9 maior e n\u00f3s non poderiamos asumilo. Adem\u00e1is ped\u00edmoslles m\u00e1is axuda lox\u00edstica.<\/p>\n<\/blockquote>\n\n\n\n<p><strong>Aceptan?<\/strong><\/p>\n\n\n\n<blockquote class=\"wp-block-quote is-layout-flow wp-block-quote-is-layout-flow\">\n<p>Si. M\u00e1ndannos que lles enviemos os orzamentos de equipo de son secundario e a carpa , que era o gasto que \u00edan cubrir, un deses dous elementos. Periodicamente falamos con eles e nos dic\u00edan que todo estaba ben, ata o d\u00eda 4 en que nos chaman e nos din que para pagar a carpa, que era o que finalmente \u00edan a cubrir, temos que pedir unha subvenci\u00f3n \u00e1s asociaci\u00f3ns que todos os anos pedimos, e que este ano xa iamos pedir e con cuxo importe comezamos a preparaci\u00f3n do festival do ano seguinte.<\/p>\n<\/blockquote>\n\n\n\n<p><strong>Xa, ent\u00f3n realmente non vos est\u00e1n axudando porque os remiten a uns cartos que iades cobrar de calquera maneira?<\/strong><\/p>\n\n\n\n<blockquote class=\"wp-block-quote is-layout-flow wp-block-quote-is-layout-flow\">\n<p>Efectivamente. E as axudas non sa\u00edron a\u00ednda, non se co\u00f1ecen as bases, e polo tanto non sabemos os importes que nos corresponder\u00edan, e de facelo as\u00ed o festival teriamos que pagalo n\u00f3s dos nosos cartos particulares e agardar a ver que acontece&#8230;<\/p>\n<\/blockquote>\n\n\n\n<p><strong>Como reaccionastes?<\/strong><\/p>\n\n\n\n<blockquote class=\"wp-block-quote is-layout-flow wp-block-quote-is-layout-flow\">\n<p>Chamo ao alcalde d\u00edgolle que non me parece correcto o proceder que estamos cansados de que prometa cousas e logo se bote atr\u00e1s no ultimo momento, resulta esgotador, e temos unha xuntanza no Concello. Al\u00ed xa acudo acompa\u00f1ada de Hadri\u00e1n e de Elise, outro membro da organizaci\u00f3n. Volvemos insistir en que se non se nos axuda o festival non se pode facer .N\u00f3s non podemos anticipar cartos nin queremos que esta sexa a forma de proceder<\/p>\n<\/blockquote>\n\n\n\n<p><strong>Que vos dixo o alcalde?<\/strong><\/p>\n\n\n\n<blockquote class=\"wp-block-quote is-layout-flow wp-block-quote-is-layout-flow\">\n<p>\u201cAlba que supo\u00f1en 2.000\u20ac- 3.000\u20ac ? non \u00e9 nada\u201d<\/p>\n<\/blockquote>\n\n\n\n<p><strong>Xa, ben, non ser\u00e1 nada para alg\u00fans, pero para outros \u00e9 moito. Acabou ent\u00f3n a historia al\u00ed?<\/strong><\/p>\n\n\n\n<blockquote class=\"wp-block-quote is-layout-flow wp-block-quote-is-layout-flow\">\n<p>N\u00f3s queriamos ter todas as contas cubertas antes do festival, sen arriscar, e comunic\u00e1mosllo, el dixo que o pensar\u00eda e pediunos que lle pasaramos orzamentos e dixo que me chamaba nunha hora.<\/p>\n<\/blockquote>\n\n\n\n<p><strong>Chamou?<\/strong><\/p>\n\n\n\n<blockquote class=\"wp-block-quote is-layout-flow wp-block-quote-is-layout-flow\">\n<p>Non. Escribinlle unha mensaxe d\u00faas horas despois e tampouco mo contestou. Envioume un whatssap ao d\u00eda seguinte pola ma\u00f1\u00e1 para dicirme que a \u201c axuda \u201c era a que falaramos en marzo como se todo o que aconteceu despois non significara nada. Ent\u00f3n al\u00ed si que rematou a historia. Sen axuda e a poucos d\u00edas da data para n\u00f3s \u00e9 absolutamente imposible, sobre todo a nivel an\u00edmico, era unha sensaci\u00f3n de impotencia. Ese d\u00eda, o d\u00eda 6 lamentablemente tivemos que tomar a decisi\u00f3n de cancelar, neg\u00e1monos a asumir riscos econ\u00f3micos e a que esta situaci\u00f3n supere a nosa sa\u00fade mental<\/p>\n<\/blockquote>\n\n\n\n<p><strong>O concello fixo algo?<\/strong><\/p>\n\n\n\n<blockquote class=\"wp-block-quote is-layout-flow wp-block-quote-is-layout-flow\">\n<p>Si, convocounos a outra xuntanza tras as primeiras noticias de prensa. N\u00f3s contestamos que non volveriamos ter ningunha reuni\u00f3n con eles a non ser que se emitise unha acta do seu contido asinada por todas as partes que estiveran presentes. Pese a que eles estiveron de acordo en ter unha reuni\u00f3n baixo escrito, n\u00f3s decidimos non reunirnos ese luns, e non creo que o fagamos durante un tempo. Sentimos que lamentablemente agora xa non hai nada que falar, cr\u00edan que como sempre iamos a tirar para adiante, por\u00e9n todos temos os nosos l\u00edmites e m\u00e1is cando che arrebatan a ilusi\u00f3n.<\/p>\n<\/blockquote>\n","protected":false},"excerpt":{"rendered":"<div class=\"mh-excerpt\"><p>Cancelaci\u00f3n da IV edici\u00f3n do festival \u201c Urban Fest\u201d <a class=\"mh-excerpt-more\" href=\"https:\/\/www.anovapeneira.gal\/index.php\/2024\/09\/24\/o-goberno-de-as-neves-un-serio-problema-para-a-vecinanza-de-as-neves\/\" title=\"O goberno de As Neves: Un serio problema para a veci\u00f1anza de As Neves\">[&#8230;]<\/a><\/p>\n<\/div>","protected":false},"author":2,"featured_media":12460,"comment_status":"open","ping_status":"open","sticky":false,"template":"","format":"standard","meta":{"_exactmetrics_skip_tracking":false,"_exactmetrics_sitenote_active":false,"_exactmetrics_sitenote_note":"","_exactmetrics_sitenote_category":0,"footnotes":""},"categories":[267],"tags":[546],"class_list":{"0":"post-12459","1":"post","2":"type-post","3":"status-publish","4":"format-standard","5":"has-post-thumbnail","7":"category-condado-entrevistas","8":"tag-concello-das-neves"},"yoast_head":"<!-- This site is optimized with the Yoast SEO plugin v27.4 - https:\/\/yoast.com\/product\/yoast-seo-wordpress\/ -->\n<title>O goberno de As Neves: Un serio problema para a veci\u00f1anza de As Neves -<\/title>\n<meta name=\"robots\" content=\"index, follow, max-snippet:-1, max-image-preview:large, max-video-preview:-1\" \/>\n<link rel=\"canonical\" href=\"https:\/\/www.anovapeneira.gal\/index.php\/2024\/09\/24\/o-goberno-de-as-neves-un-serio-problema-para-a-vecinanza-de-as-neves\/\" \/>\n<meta property=\"og:locale\" content=\"gl_ES\" \/>\n<meta property=\"og:type\" content=\"article\" \/>\n<meta property=\"og:title\" content=\"O goberno de As Neves: Un serio problema para a veci\u00f1anza de As Neves -\" \/>\n<meta property=\"og:description\" content=\"Cancelaci\u00f3n da IV edici\u00f3n do festival \u201c Urban Fest\u201d [...]\" \/>\n<meta property=\"og:url\" content=\"https:\/\/www.anovapeneira.gal\/index.php\/2024\/09\/24\/o-goberno-de-as-neves-un-serio-problema-para-a-vecinanza-de-as-neves\/\" \/>\n<meta property=\"article:publisher\" content=\"https:\/\/www.facebook.com\/anovapeneira\" \/>\n<meta property=\"article:published_time\" content=\"2024-09-24T10:00:44+00:00\" \/>\n<meta property=\"og:image\" content=\"https:\/\/www.anovapeneira.gal\/wp-content\/uploads\/2024\/09\/urban_fest.png\" \/>\n\t<meta property=\"og:image:width\" content=\"720\" \/>\n\t<meta property=\"og:image:height\" content=\"432\" \/>\n\t<meta property=\"og:image:type\" content=\"image\/png\" \/>\n<meta name=\"author\" content=\"Tino Lago\" \/>\n<meta name=\"twitter:card\" content=\"summary_large_image\" \/>\n<meta name=\"twitter:creator\" content=\"@APeneira\" \/>\n<meta name=\"twitter:site\" content=\"@APeneira\" \/>\n<meta name=\"twitter:label1\" content=\"Escrito por\" \/>\n\t<meta name=\"twitter:data1\" content=\"Tino Lago\" \/>\n\t<meta name=\"twitter:label2\" content=\"Tempo de lectura\" \/>\n\t<meta name=\"twitter:data2\" content=\"5 minutos\" \/>\n<script type=\"application\/ld+json\" class=\"yoast-schema-graph\">{\"@context\":\"https:\\\/\\\/schema.org\",\"@graph\":[{\"@type\":\"Article\",\"@id\":\"https:\\\/\\\/www.anovapeneira.gal\\\/index.php\\\/2024\\\/09\\\/24\\\/o-goberno-de-as-neves-un-serio-problema-para-a-vecinanza-de-as-neves\\\/#article\",\"isPartOf\":{\"@id\":\"https:\\\/\\\/www.anovapeneira.gal\\\/index.php\\\/2024\\\/09\\\/24\\\/o-goberno-de-as-neves-un-serio-problema-para-a-vecinanza-de-as-neves\\\/\"},\"author\":{\"name\":\"Tino Lago\",\"@id\":\"https:\\\/\\\/www.anovapeneira.gal\\\/#\\\/schema\\\/person\\\/424dfe65e3070fd8a44d22d2c088762a\"},\"headline\":\"O goberno de As Neves: Un serio problema para a veci\u00f1anza de As Neves\",\"datePublished\":\"2024-09-24T10:00:44+00:00\",\"mainEntityOfPage\":{\"@id\":\"https:\\\/\\\/www.anovapeneira.gal\\\/index.php\\\/2024\\\/09\\\/24\\\/o-goberno-de-as-neves-un-serio-problema-para-a-vecinanza-de-as-neves\\\/\"},\"wordCount\":2583,\"commentCount\":0,\"publisher\":{\"@id\":\"https:\\\/\\\/www.anovapeneira.gal\\\/#organization\"},\"image\":{\"@id\":\"https:\\\/\\\/www.anovapeneira.gal\\\/index.php\\\/2024\\\/09\\\/24\\\/o-goberno-de-as-neves-un-serio-problema-para-a-vecinanza-de-as-neves\\\/#primaryimage\"},\"thumbnailUrl\":\"https:\\\/\\\/www.anovapeneira.gal\\\/wp-content\\\/uploads\\\/2024\\\/09\\\/urban_fest.png\",\"keywords\":[\"Concello das Neves\"],\"articleSection\":[\"Condado\"],\"inLanguage\":\"gl-ES\",\"potentialAction\":[{\"@type\":\"CommentAction\",\"name\":\"Comment\",\"target\":[\"https:\\\/\\\/www.anovapeneira.gal\\\/index.php\\\/2024\\\/09\\\/24\\\/o-goberno-de-as-neves-un-serio-problema-para-a-vecinanza-de-as-neves\\\/#respond\"]}]},{\"@type\":\"WebPage\",\"@id\":\"https:\\\/\\\/www.anovapeneira.gal\\\/index.php\\\/2024\\\/09\\\/24\\\/o-goberno-de-as-neves-un-serio-problema-para-a-vecinanza-de-as-neves\\\/\",\"url\":\"https:\\\/\\\/www.anovapeneira.gal\\\/index.php\\\/2024\\\/09\\\/24\\\/o-goberno-de-as-neves-un-serio-problema-para-a-vecinanza-de-as-neves\\\/\",\"name\":\"O goberno de As Neves: Un serio problema para a veci\u00f1anza de As Neves -\",\"isPartOf\":{\"@id\":\"https:\\\/\\\/www.anovapeneira.gal\\\/#website\"},\"primaryImageOfPage\":{\"@id\":\"https:\\\/\\\/www.anovapeneira.gal\\\/index.php\\\/2024\\\/09\\\/24\\\/o-goberno-de-as-neves-un-serio-problema-para-a-vecinanza-de-as-neves\\\/#primaryimage\"},\"image\":{\"@id\":\"https:\\\/\\\/www.anovapeneira.gal\\\/index.php\\\/2024\\\/09\\\/24\\\/o-goberno-de-as-neves-un-serio-problema-para-a-vecinanza-de-as-neves\\\/#primaryimage\"},\"thumbnailUrl\":\"https:\\\/\\\/www.anovapeneira.gal\\\/wp-content\\\/uploads\\\/2024\\\/09\\\/urban_fest.png\",\"datePublished\":\"2024-09-24T10:00:44+00:00\",\"breadcrumb\":{\"@id\":\"https:\\\/\\\/www.anovapeneira.gal\\\/index.php\\\/2024\\\/09\\\/24\\\/o-goberno-de-as-neves-un-serio-problema-para-a-vecinanza-de-as-neves\\\/#breadcrumb\"},\"inLanguage\":\"gl-ES\",\"potentialAction\":[{\"@type\":\"ReadAction\",\"target\":[\"https:\\\/\\\/www.anovapeneira.gal\\\/index.php\\\/2024\\\/09\\\/24\\\/o-goberno-de-as-neves-un-serio-problema-para-a-vecinanza-de-as-neves\\\/\"]}]},{\"@type\":\"ImageObject\",\"inLanguage\":\"gl-ES\",\"@id\":\"https:\\\/\\\/www.anovapeneira.gal\\\/index.php\\\/2024\\\/09\\\/24\\\/o-goberno-de-as-neves-un-serio-problema-para-a-vecinanza-de-as-neves\\\/#primaryimage\",\"url\":\"https:\\\/\\\/www.anovapeneira.gal\\\/wp-content\\\/uploads\\\/2024\\\/09\\\/urban_fest.png\",\"contentUrl\":\"https:\\\/\\\/www.anovapeneira.gal\\\/wp-content\\\/uploads\\\/2024\\\/09\\\/urban_fest.png\",\"width\":720,\"height\":432,\"caption\":\"Urban Fest As Neves\"},{\"@type\":\"BreadcrumbList\",\"@id\":\"https:\\\/\\\/www.anovapeneira.gal\\\/index.php\\\/2024\\\/09\\\/24\\\/o-goberno-de-as-neves-un-serio-problema-para-a-vecinanza-de-as-neves\\\/#breadcrumb\",\"itemListElement\":[{\"@type\":\"ListItem\",\"position\":1,\"name\":\"Portada\",\"item\":\"https:\\\/\\\/www.anovapeneira.gal\\\/\"},{\"@type\":\"ListItem\",\"position\":2,\"name\":\"O goberno de As Neves: Un serio problema para a veci\u00f1anza de As Neves\"}]},{\"@type\":\"WebSite\",\"@id\":\"https:\\\/\\\/www.anovapeneira.gal\\\/#website\",\"url\":\"https:\\\/\\\/www.anovapeneira.gal\\\/\",\"name\":\"\",\"description\":\"Xornal galego de informaci\u00f3n xeral Publicaci\u00f3n mensual de novas de Galicia e en especial dos Concellos da sur da provincia de Pontevedra.\",\"publisher\":{\"@id\":\"https:\\\/\\\/www.anovapeneira.gal\\\/#organization\"},\"potentialAction\":[{\"@type\":\"SearchAction\",\"target\":{\"@type\":\"EntryPoint\",\"urlTemplate\":\"https:\\\/\\\/www.anovapeneira.gal\\\/?s={search_term_string}\"},\"query-input\":{\"@type\":\"PropertyValueSpecification\",\"valueRequired\":true,\"valueName\":\"search_term_string\"}}],\"inLanguage\":\"gl-ES\"},{\"@type\":\"Organization\",\"@id\":\"https:\\\/\\\/www.anovapeneira.gal\\\/#organization\",\"name\":\"A Nova Peneira\",\"url\":\"https:\\\/\\\/www.anovapeneira.gal\\\/\",\"logo\":{\"@type\":\"ImageObject\",\"inLanguage\":\"gl-ES\",\"@id\":\"https:\\\/\\\/www.anovapeneira.gal\\\/#\\\/schema\\\/logo\\\/image\\\/\",\"url\":\"http:\\\/\\\/www.anovapeneira.gal\\\/wp-content\\\/uploads\\\/2019\\\/06\\\/logo_a_nova_peneira_portal_web.png\",\"contentUrl\":\"http:\\\/\\\/www.anovapeneira.gal\\\/wp-content\\\/uploads\\\/2019\\\/06\\\/logo_a_nova_peneira_portal_web.png\",\"width\":300,\"height\":100,\"caption\":\"A Nova Peneira\"},\"image\":{\"@id\":\"https:\\\/\\\/www.anovapeneira.gal\\\/#\\\/schema\\\/logo\\\/image\\\/\"},\"sameAs\":[\"https:\\\/\\\/www.facebook.com\\\/anovapeneira\",\"https:\\\/\\\/x.com\\\/APeneira\"]},{\"@type\":\"Person\",\"@id\":\"https:\\\/\\\/www.anovapeneira.gal\\\/#\\\/schema\\\/person\\\/424dfe65e3070fd8a44d22d2c088762a\",\"name\":\"Tino Lago\",\"image\":{\"@type\":\"ImageObject\",\"inLanguage\":\"gl-ES\",\"@id\":\"https:\\\/\\\/secure.gravatar.com\\\/avatar\\\/b3df6a06e44bab3111583b90f0f33a0379ee5e3d22cbadd232d39f21c30c62be?s=96&d=mm&r=g\",\"url\":\"https:\\\/\\\/secure.gravatar.com\\\/avatar\\\/b3df6a06e44bab3111583b90f0f33a0379ee5e3d22cbadd232d39f21c30c62be?s=96&d=mm&r=g\",\"contentUrl\":\"https:\\\/\\\/secure.gravatar.com\\\/avatar\\\/b3df6a06e44bab3111583b90f0f33a0379ee5e3d22cbadd232d39f21c30c62be?s=96&d=mm&r=g\",\"caption\":\"Tino Lago\"},\"sameAs\":[\"http:\\\/\\\/www.anovapeneira.gal\"],\"url\":\"https:\\\/\\\/www.anovapeneira.gal\\\/index.php\\\/author\\\/director\\\/\"}]}<\/script>\n<!-- \/ Yoast SEO plugin. -->","yoast_head_json":{"title":"O goberno de As Neves: Un serio problema para a veci\u00f1anza de As Neves -","robots":{"index":"index","follow":"follow","max-snippet":"max-snippet:-1","max-image-preview":"max-image-preview:large","max-video-preview":"max-video-preview:-1"},"canonical":"https:\/\/www.anovapeneira.gal\/index.php\/2024\/09\/24\/o-goberno-de-as-neves-un-serio-problema-para-a-vecinanza-de-as-neves\/","og_locale":"gl_ES","og_type":"article","og_title":"O goberno de As Neves: Un serio problema para a veci\u00f1anza de As Neves -","og_description":"Cancelaci\u00f3n da IV edici\u00f3n do festival \u201c Urban Fest\u201d [...]","og_url":"https:\/\/www.anovapeneira.gal\/index.php\/2024\/09\/24\/o-goberno-de-as-neves-un-serio-problema-para-a-vecinanza-de-as-neves\/","article_publisher":"https:\/\/www.facebook.com\/anovapeneira","article_published_time":"2024-09-24T10:00:44+00:00","og_image":[{"width":720,"height":432,"url":"https:\/\/www.anovapeneira.gal\/wp-content\/uploads\/2024\/09\/urban_fest.png","type":"image\/png"}],"author":"Tino Lago","twitter_card":"summary_large_image","twitter_creator":"@APeneira","twitter_site":"@APeneira","twitter_misc":{"Escrito por":"Tino Lago","Tempo de lectura":"5 minutos"},"schema":{"@context":"https:\/\/schema.org","@graph":[{"@type":"Article","@id":"https:\/\/www.anovapeneira.gal\/index.php\/2024\/09\/24\/o-goberno-de-as-neves-un-serio-problema-para-a-vecinanza-de-as-neves\/#article","isPartOf":{"@id":"https:\/\/www.anovapeneira.gal\/index.php\/2024\/09\/24\/o-goberno-de-as-neves-un-serio-problema-para-a-vecinanza-de-as-neves\/"},"author":{"name":"Tino Lago","@id":"https:\/\/www.anovapeneira.gal\/#\/schema\/person\/424dfe65e3070fd8a44d22d2c088762a"},"headline":"O goberno de As Neves: Un serio problema para a veci\u00f1anza de As Neves","datePublished":"2024-09-24T10:00:44+00:00","mainEntityOfPage":{"@id":"https:\/\/www.anovapeneira.gal\/index.php\/2024\/09\/24\/o-goberno-de-as-neves-un-serio-problema-para-a-vecinanza-de-as-neves\/"},"wordCount":2583,"commentCount":0,"publisher":{"@id":"https:\/\/www.anovapeneira.gal\/#organization"},"image":{"@id":"https:\/\/www.anovapeneira.gal\/index.php\/2024\/09\/24\/o-goberno-de-as-neves-un-serio-problema-para-a-vecinanza-de-as-neves\/#primaryimage"},"thumbnailUrl":"https:\/\/www.anovapeneira.gal\/wp-content\/uploads\/2024\/09\/urban_fest.png","keywords":["Concello das Neves"],"articleSection":["Condado"],"inLanguage":"gl-ES","potentialAction":[{"@type":"CommentAction","name":"Comment","target":["https:\/\/www.anovapeneira.gal\/index.php\/2024\/09\/24\/o-goberno-de-as-neves-un-serio-problema-para-a-vecinanza-de-as-neves\/#respond"]}]},{"@type":"WebPage","@id":"https:\/\/www.anovapeneira.gal\/index.php\/2024\/09\/24\/o-goberno-de-as-neves-un-serio-problema-para-a-vecinanza-de-as-neves\/","url":"https:\/\/www.anovapeneira.gal\/index.php\/2024\/09\/24\/o-goberno-de-as-neves-un-serio-problema-para-a-vecinanza-de-as-neves\/","name":"O goberno de As Neves: Un serio problema para a veci\u00f1anza de As Neves -","isPartOf":{"@id":"https:\/\/www.anovapeneira.gal\/#website"},"primaryImageOfPage":{"@id":"https:\/\/www.anovapeneira.gal\/index.php\/2024\/09\/24\/o-goberno-de-as-neves-un-serio-problema-para-a-vecinanza-de-as-neves\/#primaryimage"},"image":{"@id":"https:\/\/www.anovapeneira.gal\/index.php\/2024\/09\/24\/o-goberno-de-as-neves-un-serio-problema-para-a-vecinanza-de-as-neves\/#primaryimage"},"thumbnailUrl":"https:\/\/www.anovapeneira.gal\/wp-content\/uploads\/2024\/09\/urban_fest.png","datePublished":"2024-09-24T10:00:44+00:00","breadcrumb":{"@id":"https:\/\/www.anovapeneira.gal\/index.php\/2024\/09\/24\/o-goberno-de-as-neves-un-serio-problema-para-a-vecinanza-de-as-neves\/#breadcrumb"},"inLanguage":"gl-ES","potentialAction":[{"@type":"ReadAction","target":["https:\/\/www.anovapeneira.gal\/index.php\/2024\/09\/24\/o-goberno-de-as-neves-un-serio-problema-para-a-vecinanza-de-as-neves\/"]}]},{"@type":"ImageObject","inLanguage":"gl-ES","@id":"https:\/\/www.anovapeneira.gal\/index.php\/2024\/09\/24\/o-goberno-de-as-neves-un-serio-problema-para-a-vecinanza-de-as-neves\/#primaryimage","url":"https:\/\/www.anovapeneira.gal\/wp-content\/uploads\/2024\/09\/urban_fest.png","contentUrl":"https:\/\/www.anovapeneira.gal\/wp-content\/uploads\/2024\/09\/urban_fest.png","width":720,"height":432,"caption":"Urban Fest As Neves"},{"@type":"BreadcrumbList","@id":"https:\/\/www.anovapeneira.gal\/index.php\/2024\/09\/24\/o-goberno-de-as-neves-un-serio-problema-para-a-vecinanza-de-as-neves\/#breadcrumb","itemListElement":[{"@type":"ListItem","position":1,"name":"Portada","item":"https:\/\/www.anovapeneira.gal\/"},{"@type":"ListItem","position":2,"name":"O goberno de As Neves: Un serio problema para a veci\u00f1anza de As Neves"}]},{"@type":"WebSite","@id":"https:\/\/www.anovapeneira.gal\/#website","url":"https:\/\/www.anovapeneira.gal\/","name":"","description":"Xornal galego de informaci\u00f3n xeral Publicaci\u00f3n mensual de novas de Galicia e en especial dos Concellos da sur da provincia de Pontevedra.","publisher":{"@id":"https:\/\/www.anovapeneira.gal\/#organization"},"potentialAction":[{"@type":"SearchAction","target":{"@type":"EntryPoint","urlTemplate":"https:\/\/www.anovapeneira.gal\/?s={search_term_string}"},"query-input":{"@type":"PropertyValueSpecification","valueRequired":true,"valueName":"search_term_string"}}],"inLanguage":"gl-ES"},{"@type":"Organization","@id":"https:\/\/www.anovapeneira.gal\/#organization","name":"A Nova Peneira","url":"https:\/\/www.anovapeneira.gal\/","logo":{"@type":"ImageObject","inLanguage":"gl-ES","@id":"https:\/\/www.anovapeneira.gal\/#\/schema\/logo\/image\/","url":"http:\/\/www.anovapeneira.gal\/wp-content\/uploads\/2019\/06\/logo_a_nova_peneira_portal_web.png","contentUrl":"http:\/\/www.anovapeneira.gal\/wp-content\/uploads\/2019\/06\/logo_a_nova_peneira_portal_web.png","width":300,"height":100,"caption":"A Nova Peneira"},"image":{"@id":"https:\/\/www.anovapeneira.gal\/#\/schema\/logo\/image\/"},"sameAs":["https:\/\/www.facebook.com\/anovapeneira","https:\/\/x.com\/APeneira"]},{"@type":"Person","@id":"https:\/\/www.anovapeneira.gal\/#\/schema\/person\/424dfe65e3070fd8a44d22d2c088762a","name":"Tino Lago","image":{"@type":"ImageObject","inLanguage":"gl-ES","@id":"https:\/\/secure.gravatar.com\/avatar\/b3df6a06e44bab3111583b90f0f33a0379ee5e3d22cbadd232d39f21c30c62be?s=96&d=mm&r=g","url":"https:\/\/secure.gravatar.com\/avatar\/b3df6a06e44bab3111583b90f0f33a0379ee5e3d22cbadd232d39f21c30c62be?s=96&d=mm&r=g","contentUrl":"https:\/\/secure.gravatar.com\/avatar\/b3df6a06e44bab3111583b90f0f33a0379ee5e3d22cbadd232d39f21c30c62be?s=96&d=mm&r=g","caption":"Tino Lago"},"sameAs":["http:\/\/www.anovapeneira.gal"],"url":"https:\/\/www.anovapeneira.gal\/index.php\/author\/director\/"}]}},"jetpack_featured_media_url":"https:\/\/www.anovapeneira.gal\/wp-content\/uploads\/2024\/09\/urban_fest.png","_links":{"self":[{"href":"https:\/\/www.anovapeneira.gal\/index.php\/wp-json\/wp\/v2\/posts\/12459","targetHints":{"allow":["GET"]}}],"collection":[{"href":"https:\/\/www.anovapeneira.gal\/index.php\/wp-json\/wp\/v2\/posts"}],"about":[{"href":"https:\/\/www.anovapeneira.gal\/index.php\/wp-json\/wp\/v2\/types\/post"}],"author":[{"embeddable":true,"href":"https:\/\/www.anovapeneira.gal\/index.php\/wp-json\/wp\/v2\/users\/2"}],"replies":[{"embeddable":true,"href":"https:\/\/www.anovapeneira.gal\/index.php\/wp-json\/wp\/v2\/comments?post=12459"}],"version-history":[{"count":1,"href":"https:\/\/www.anovapeneira.gal\/index.php\/wp-json\/wp\/v2\/posts\/12459\/revisions"}],"predecessor-version":[{"id":12461,"href":"https:\/\/www.anovapeneira.gal\/index.php\/wp-json\/wp\/v2\/posts\/12459\/revisions\/12461"}],"wp:featuredmedia":[{"embeddable":true,"href":"https:\/\/www.anovapeneira.gal\/index.php\/wp-json\/wp\/v2\/media\/12460"}],"wp:attachment":[{"href":"https:\/\/www.anovapeneira.gal\/index.php\/wp-json\/wp\/v2\/media?parent=12459"}],"wp:term":[{"taxonomy":"category","embeddable":true,"href":"https:\/\/www.anovapeneira.gal\/index.php\/wp-json\/wp\/v2\/categories?post=12459"},{"taxonomy":"post_tag","embeddable":true,"href":"https:\/\/www.anovapeneira.gal\/index.php\/wp-json\/wp\/v2\/tags?post=12459"}],"curies":[{"name":"wp","href":"https:\/\/api.w.org\/{rel}","templated":true}]}}