{"id":12470,"date":"2024-09-26T10:00:43","date_gmt":"2024-09-26T08:00:43","guid":{"rendered":"https:\/\/www.anovapeneira.gal\/?p=12470"},"modified":"2024-09-16T12:42:20","modified_gmt":"2024-09-16T10:42:20","slug":"de-itaca-a-cangas-unha-semana-para-descubrir-o-mellor-cine-internacional-e-as-promesas-galegas","status":"publish","type":"post","link":"https:\/\/www.anovapeneira.gal\/index.php\/2024\/09\/26\/de-itaca-a-cangas-unha-semana-para-descubrir-o-mellor-cine-internacional-e-as-promesas-galegas\/","title":{"rendered":"De \u00cdtaca a Cangas, unha semana para descubrir o mellor cine internacional e as promesas galegas"},"content":{"rendered":"\n<h2 class=\"wp-block-heading\">Desde curtametraxes ata documentais, a XIX Semana de Cine ofrece unha viaxe cin\u00e9fila imperdible<\/h2>\n\n\n\n<p>\u2018Viaxe a \u00cdtaca\u2019, presenta pel\u00edculas e historias que exploran culturas, tradici\u00f3ns e vidas en constante transformaci\u00f3n<\/p>\n\n\n\n<p><strong>Cangas, 12 de setembro de 2024<\/strong><\/p>\n\n\n\n<p>O Cineclub Cangas, promovido pola Asociaci\u00f3n C\u00edvico-Cultural Xiria, volve a sorprender coa s\u00faa XIX Semana de Cine, que este ano ten como lema Viaxe a \u00cdtaca, unha viaxe de ida e (poida que) volta \u00e1s illas persoais. Unha cita anual consolidada na axenda cultural das R\u00edas Baixas, que ofrece unha selecci\u00f3n coidada de cinema internacional, galego e familiar, acompa\u00f1ada de encontros especiais con cineastas.<\/p>\n\n\n\n<p>Esta d\u00e9cimo novena edici\u00f3n celebrarase do 4 ao 11 de outubro de 2024 no Auditorio Municipal de Cangas. As proxecci\u00f3ns ter\u00e1n lugar cada d\u00eda \u00e1s 21:00 horas, con excepci\u00f3n das sesi\u00f3ns especiais para escolas e familias, que se realizar\u00e1n pola ma\u00f1\u00e1 e pola tarde.<\/p>\n\n\n\n<p>Programaci\u00f3n<\/p>\n\n\n\n<p>A Semana de Cine arrincar\u00e1 o venres 4 de outubro \u00e1s 21:00 horas, coa proxecci\u00f3n de As Neves, coa presenza da actriz Andrea Varela, quen compartir\u00e1 cos espectadores os desaf\u00edos e experiencias vividas durante a rodaxe deste filme.<\/p>\n\n\n\n<p>O s\u00e1bado, 5 de outubro, haber\u00e1 dobre sesi\u00f3n. \u00c1s 18:00 horas, proxectarase Sirocco e o Reino<\/p>\n\n\n\n<p>dos Ventos, unha pel\u00edcula de animaci\u00f3n francesa dirixida por Beno\u00eet Chieux e galardoada co<\/p>\n\n\n\n<p>Premio do P\u00fablico no Festival de Annecy, ideal para un p\u00fablico familiar. M\u00e1is tarde, \u00e1s 21:00<\/p>\n\n\n\n<p>horas, ser\u00e1 a quenda de O mal non existe, do director xapon\u00e9s Ry\u00fbsuke Hamaguchi. Este filme,<\/p>\n\n\n\n<p>reco\u00f1ecido co Gran Premio do Xurado en Venecia e premiado como mellor pel\u00edcula no BFI London Film Festival, promete unha profunda reflexi\u00f3n sobre o impacto ecol\u00f3xico e social nunha pequena comunidade rural.<\/p>\n\n\n\n<p>A programaci\u00f3n contin\u00faa o domingo, 6 de outubro, \u00e1s 21:00 horas, coa proxecci\u00f3n de Fogos artificiais (Stranizza d&#8217;amuri), unha emocionante historia de amor ambientada na Sicilia do ver\u00e1n de 1982. Esta pel\u00edcula, dirixida por Beppe Fiorello, foi nomeada aos Premios David di Donatello.<\/p>\n\n\n\n<p>O luns, 7 de outubro, \u00e1s 21:00 horas, os espectadores poder\u00e1n mergullarse na cultura e tradici\u00f3ns de But\u00e1n coa pel\u00edcula O monxe e o rifle. Esta produci\u00f3n, que mestura reflexi\u00f3n pol\u00edtica e humor, sit\u00faase nun momento clave de transici\u00f3n cara \u00e1 democracia no reino de But\u00e1n, e examina as tensi\u00f3ns entre o modernismo e as tradici\u00f3ns.<\/p>\n\n\n\n<p>O martes, 8 de outubro, estar\u00e1 dedicado \u00e1s curtametraxes galegas baixo o t\u00edtulo Galicia en Curta. \u00c1s 21:00 horas, comezar\u00e1 a proxecci\u00f3n de O ni\u00f1o dos paxaros, Habitar, To bird or not to bird, Non te vexo e Nena. Esta tradicional secci\u00f3n do Cinemas Ocultos amosa cada ano a forza creativa e o talento emerxente do cinema galego.<\/p>\n\n\n\n<p>O m\u00e9rcores, 9 de outubro, as actividades estar\u00e1n centradas nas escolas, co programa Escolas ao Cine. Proxectarase Dounia e o eco do tambor, un filme canadense dirixido por Marya Zarif e Andr\u00e9 Kadi. Con pases \u00e1s 10:00 e \u00e1s 12:00 horas, esta pel\u00edcula narra a historia de Dounia, unha nena que, tras fuxir de Siria, atopa en Canad\u00e1 unha nova vida marcada pola multiculturalidade e a amizade.<\/p>\n\n\n\n<p>O xoves, 10 de outubro, \u00e1s 21:00 horas, ser\u00e1 a quenda de Luzzu, filme malt\u00e9s que aborda os desaf\u00edos dun mari\u00f1eiro que loita por manter viva a tradici\u00f3n pesqueira familiar nun ecosistema precario. Dirixida por Alex Camilleri, esta pel\u00edcula ga\u00f1ou o Premio do Xurado no Festival de Sundance e foi reco\u00f1ecida nos Premios Independent Spirit.<\/p>\n\n\n\n<p>A d\u00e9cimo novena edici\u00f3n desta semana de cine pecharase o venres, 11 de outubro, \u00e1s 21:00 horas, coa proxecci\u00f3n do documental galego Chichi e m\u00e1is eu. O filme, dirixido por Nico Campos, explora a vida de Xes\u00fas Chichi Campos, pioneiro do c\u00f3mic galego e unha figura clave pero esquecida na cultura galega. A proxecci\u00f3n ir\u00e1 seguida dun coloquio co director, proporcionando unha oportunidade \u00fanica para reflexionar sobre a vida e legado do artista.<\/p>\n\n\n\n<p>A XIX Semana de Cine \u201cViaxe a \u00cdtaca\u201d promete ser unha viaxe cinematogr\u00e1fica a trav\u00e9s de distintas realidades, cunha programaci\u00f3n diversa que invita \u00e1 reflexi\u00f3n e ao descubrimento cultural.<\/p>\n\n\n\n<p>Cineclub Cangas, cine universal nas R\u00edas Baixas<\/p>\n\n\n\n<p>O Cineclub Cangas, cunha traxectoria que comezou en 1978, mant\u00e9n viva a chama do cinema en Cangas, superando desaf\u00edos ao longo das d\u00e9cadas. Hoxe, grazas \u00e1 mellora das condici\u00f3ns t\u00e9cnicas e a un equipo renovado, o Cineclub est\u00e1 comprometido en promover o cinema galego, con especial atenci\u00f3n \u00e1s curtametraxes e ao cine infantil, ademais de facilitar encontros entre o p\u00fablico e os creadores.<\/p>\n\n\n\n<p>Esta XIX Semana de Cine \u00e9 unha oportunidade para seguir gozando de cinema de calidade, nun espazo de reflexi\u00f3n sobre as nosas propias \u201cillas persoais\u201d, como suxire o t\u00edtulo deste ano. O equipo do Cineclub Cangas convida a todas as persoas a unirse nesta experiencia cinematogr\u00e1fica compartida.<\/p>\n\n\n\n<figure class=\"wp-block-image size-large\"><img loading=\"lazy\" decoding=\"async\" width=\"724\" height=\"1024\" src=\"https:\/\/www.anovapeneira.gal\/wp-content\/uploads\/2024\/09\/Cartel-2024-cinemas-ocultos-724x1024.png\" alt=\"\" class=\"wp-image-12472\" srcset=\"https:\/\/www.anovapeneira.gal\/wp-content\/uploads\/2024\/09\/Cartel-2024-cinemas-ocultos-724x1024.png 724w, https:\/\/www.anovapeneira.gal\/wp-content\/uploads\/2024\/09\/Cartel-2024-cinemas-ocultos-212x300.png 212w, https:\/\/www.anovapeneira.gal\/wp-content\/uploads\/2024\/09\/Cartel-2024-cinemas-ocultos-768x1086.png 768w, https:\/\/www.anovapeneira.gal\/wp-content\/uploads\/2024\/09\/Cartel-2024-cinemas-ocultos-1086x1536.png 1086w, https:\/\/www.anovapeneira.gal\/wp-content\/uploads\/2024\/09\/Cartel-2024-cinemas-ocultos.png 1414w\" sizes=\"auto, (max-width: 724px) 100vw, 724px\" \/><\/figure>\n","protected":false},"excerpt":{"rendered":"<div class=\"mh-excerpt\"><p>Desde curtametraxes ata documentais, a XIX Semana de Cine ofrece unha viaxe cin\u00e9fila imperdible <a class=\"mh-excerpt-more\" href=\"https:\/\/www.anovapeneira.gal\/index.php\/2024\/09\/26\/de-itaca-a-cangas-unha-semana-para-descubrir-o-mellor-cine-internacional-e-as-promesas-galegas\/\" title=\"De \u00cdtaca a Cangas, unha semana para descubrir o mellor cine internacional e as promesas galegas\">[&#8230;]<\/a><\/p>\n<\/div>","protected":false},"author":3,"featured_media":12471,"comment_status":"open","ping_status":"open","sticky":false,"template":"","format":"standard","meta":{"_exactmetrics_skip_tracking":false,"_exactmetrics_sitenote_active":false,"_exactmetrics_sitenote_note":"","_exactmetrics_sitenote_category":0,"footnotes":""},"categories":[22],"tags":[681],"class_list":{"0":"post-12470","1":"post","2":"type-post","3":"status-publish","4":"format-standard","5":"has-post-thumbnail","7":"category-morrazo","8":"tag-concello-de-cangas-do-morrazo"},"yoast_head":"<!-- This site is optimized with the Yoast SEO plugin v27.4 - https:\/\/yoast.com\/product\/yoast-seo-wordpress\/ -->\n<title>De \u00cdtaca a Cangas, unha semana para descubrir o mellor cine internacional e as promesas galegas -<\/title>\n<meta name=\"robots\" content=\"index, follow, max-snippet:-1, max-image-preview:large, max-video-preview:-1\" \/>\n<link rel=\"canonical\" href=\"https:\/\/www.anovapeneira.gal\/index.php\/2024\/09\/26\/de-itaca-a-cangas-unha-semana-para-descubrir-o-mellor-cine-internacional-e-as-promesas-galegas\/\" \/>\n<meta property=\"og:locale\" content=\"gl_ES\" \/>\n<meta property=\"og:type\" content=\"article\" \/>\n<meta property=\"og:title\" content=\"De \u00cdtaca a Cangas, unha semana para descubrir o mellor cine internacional e as promesas galegas -\" \/>\n<meta property=\"og:description\" content=\"Desde curtametraxes ata documentais, a XIX Semana de Cine ofrece unha viaxe cin\u00e9fila imperdible [...]\" \/>\n<meta property=\"og:url\" content=\"https:\/\/www.anovapeneira.gal\/index.php\/2024\/09\/26\/de-itaca-a-cangas-unha-semana-para-descubrir-o-mellor-cine-internacional-e-as-promesas-galegas\/\" \/>\n<meta property=\"article:publisher\" content=\"https:\/\/www.facebook.com\/anovapeneira\" \/>\n<meta property=\"article:published_time\" content=\"2024-09-26T08:00:43+00:00\" \/>\n<meta property=\"og:image\" content=\"https:\/\/www.anovapeneira.gal\/wp-content\/uploads\/2024\/09\/viaxe_itaca.png\" \/>\n\t<meta property=\"og:image:width\" content=\"1414\" \/>\n\t<meta property=\"og:image:height\" content=\"942\" \/>\n\t<meta property=\"og:image:type\" content=\"image\/png\" \/>\n<meta name=\"author\" content=\"Redacci\u00f3n A Nova Peneira\" \/>\n<meta name=\"twitter:card\" content=\"summary_large_image\" \/>\n<meta name=\"twitter:creator\" content=\"@APeneira\" \/>\n<meta name=\"twitter:site\" content=\"@APeneira\" \/>\n<meta name=\"twitter:label1\" content=\"Escrito por\" \/>\n\t<meta name=\"twitter:data1\" content=\"Redacci\u00f3n A Nova Peneira\" \/>\n\t<meta name=\"twitter:label2\" content=\"Tempo de lectura\" \/>\n\t<meta name=\"twitter:data2\" content=\"5 minutos\" \/>\n<script type=\"application\/ld+json\" class=\"yoast-schema-graph\">{\"@context\":\"https:\\\/\\\/schema.org\",\"@graph\":[{\"@type\":\"Article\",\"@id\":\"https:\\\/\\\/www.anovapeneira.gal\\\/index.php\\\/2024\\\/09\\\/26\\\/de-itaca-a-cangas-unha-semana-para-descubrir-o-mellor-cine-internacional-e-as-promesas-galegas\\\/#article\",\"isPartOf\":{\"@id\":\"https:\\\/\\\/www.anovapeneira.gal\\\/index.php\\\/2024\\\/09\\\/26\\\/de-itaca-a-cangas-unha-semana-para-descubrir-o-mellor-cine-internacional-e-as-promesas-galegas\\\/\"},\"author\":{\"name\":\"Redacci\u00f3n A Nova Peneira\",\"@id\":\"https:\\\/\\\/www.anovapeneira.gal\\\/#\\\/schema\\\/person\\\/b93e3f8932e3f8da96334607eb6ac6aa\"},\"headline\":\"De \u00cdtaca a Cangas, unha semana para descubrir o mellor cine internacional e as promesas galegas\",\"datePublished\":\"2024-09-26T08:00:43+00:00\",\"mainEntityOfPage\":{\"@id\":\"https:\\\/\\\/www.anovapeneira.gal\\\/index.php\\\/2024\\\/09\\\/26\\\/de-itaca-a-cangas-unha-semana-para-descubrir-o-mellor-cine-internacional-e-as-promesas-galegas\\\/\"},\"wordCount\":850,\"commentCount\":0,\"publisher\":{\"@id\":\"https:\\\/\\\/www.anovapeneira.gal\\\/#organization\"},\"image\":{\"@id\":\"https:\\\/\\\/www.anovapeneira.gal\\\/index.php\\\/2024\\\/09\\\/26\\\/de-itaca-a-cangas-unha-semana-para-descubrir-o-mellor-cine-internacional-e-as-promesas-galegas\\\/#primaryimage\"},\"thumbnailUrl\":\"https:\\\/\\\/www.anovapeneira.gal\\\/wp-content\\\/uploads\\\/2024\\\/09\\\/viaxe_itaca.png\",\"keywords\":[\"Concello de Cangas do Morrazo\"],\"articleSection\":[\"Morrazo\"],\"inLanguage\":\"gl-ES\",\"potentialAction\":[{\"@type\":\"CommentAction\",\"name\":\"Comment\",\"target\":[\"https:\\\/\\\/www.anovapeneira.gal\\\/index.php\\\/2024\\\/09\\\/26\\\/de-itaca-a-cangas-unha-semana-para-descubrir-o-mellor-cine-internacional-e-as-promesas-galegas\\\/#respond\"]}]},{\"@type\":\"WebPage\",\"@id\":\"https:\\\/\\\/www.anovapeneira.gal\\\/index.php\\\/2024\\\/09\\\/26\\\/de-itaca-a-cangas-unha-semana-para-descubrir-o-mellor-cine-internacional-e-as-promesas-galegas\\\/\",\"url\":\"https:\\\/\\\/www.anovapeneira.gal\\\/index.php\\\/2024\\\/09\\\/26\\\/de-itaca-a-cangas-unha-semana-para-descubrir-o-mellor-cine-internacional-e-as-promesas-galegas\\\/\",\"name\":\"De \u00cdtaca a Cangas, unha semana para descubrir o mellor cine internacional e as promesas galegas -\",\"isPartOf\":{\"@id\":\"https:\\\/\\\/www.anovapeneira.gal\\\/#website\"},\"primaryImageOfPage\":{\"@id\":\"https:\\\/\\\/www.anovapeneira.gal\\\/index.php\\\/2024\\\/09\\\/26\\\/de-itaca-a-cangas-unha-semana-para-descubrir-o-mellor-cine-internacional-e-as-promesas-galegas\\\/#primaryimage\"},\"image\":{\"@id\":\"https:\\\/\\\/www.anovapeneira.gal\\\/index.php\\\/2024\\\/09\\\/26\\\/de-itaca-a-cangas-unha-semana-para-descubrir-o-mellor-cine-internacional-e-as-promesas-galegas\\\/#primaryimage\"},\"thumbnailUrl\":\"https:\\\/\\\/www.anovapeneira.gal\\\/wp-content\\\/uploads\\\/2024\\\/09\\\/viaxe_itaca.png\",\"datePublished\":\"2024-09-26T08:00:43+00:00\",\"breadcrumb\":{\"@id\":\"https:\\\/\\\/www.anovapeneira.gal\\\/index.php\\\/2024\\\/09\\\/26\\\/de-itaca-a-cangas-unha-semana-para-descubrir-o-mellor-cine-internacional-e-as-promesas-galegas\\\/#breadcrumb\"},\"inLanguage\":\"gl-ES\",\"potentialAction\":[{\"@type\":\"ReadAction\",\"target\":[\"https:\\\/\\\/www.anovapeneira.gal\\\/index.php\\\/2024\\\/09\\\/26\\\/de-itaca-a-cangas-unha-semana-para-descubrir-o-mellor-cine-internacional-e-as-promesas-galegas\\\/\"]}]},{\"@type\":\"ImageObject\",\"inLanguage\":\"gl-ES\",\"@id\":\"https:\\\/\\\/www.anovapeneira.gal\\\/index.php\\\/2024\\\/09\\\/26\\\/de-itaca-a-cangas-unha-semana-para-descubrir-o-mellor-cine-internacional-e-as-promesas-galegas\\\/#primaryimage\",\"url\":\"https:\\\/\\\/www.anovapeneira.gal\\\/wp-content\\\/uploads\\\/2024\\\/09\\\/viaxe_itaca.png\",\"contentUrl\":\"https:\\\/\\\/www.anovapeneira.gal\\\/wp-content\\\/uploads\\\/2024\\\/09\\\/viaxe_itaca.png\",\"width\":1414,\"height\":942,\"caption\":\"Viaxe \u00cdtaca Cine Cangas\"},{\"@type\":\"BreadcrumbList\",\"@id\":\"https:\\\/\\\/www.anovapeneira.gal\\\/index.php\\\/2024\\\/09\\\/26\\\/de-itaca-a-cangas-unha-semana-para-descubrir-o-mellor-cine-internacional-e-as-promesas-galegas\\\/#breadcrumb\",\"itemListElement\":[{\"@type\":\"ListItem\",\"position\":1,\"name\":\"Portada\",\"item\":\"https:\\\/\\\/www.anovapeneira.gal\\\/\"},{\"@type\":\"ListItem\",\"position\":2,\"name\":\"De \u00cdtaca a Cangas, unha semana para descubrir o mellor cine internacional e as promesas galegas\"}]},{\"@type\":\"WebSite\",\"@id\":\"https:\\\/\\\/www.anovapeneira.gal\\\/#website\",\"url\":\"https:\\\/\\\/www.anovapeneira.gal\\\/\",\"name\":\"\",\"description\":\"Xornal galego de informaci\u00f3n xeral Publicaci\u00f3n mensual de novas de Galicia e en especial dos Concellos da sur da provincia de Pontevedra.\",\"publisher\":{\"@id\":\"https:\\\/\\\/www.anovapeneira.gal\\\/#organization\"},\"potentialAction\":[{\"@type\":\"SearchAction\",\"target\":{\"@type\":\"EntryPoint\",\"urlTemplate\":\"https:\\\/\\\/www.anovapeneira.gal\\\/?s={search_term_string}\"},\"query-input\":{\"@type\":\"PropertyValueSpecification\",\"valueRequired\":true,\"valueName\":\"search_term_string\"}}],\"inLanguage\":\"gl-ES\"},{\"@type\":\"Organization\",\"@id\":\"https:\\\/\\\/www.anovapeneira.gal\\\/#organization\",\"name\":\"A Nova Peneira\",\"url\":\"https:\\\/\\\/www.anovapeneira.gal\\\/\",\"logo\":{\"@type\":\"ImageObject\",\"inLanguage\":\"gl-ES\",\"@id\":\"https:\\\/\\\/www.anovapeneira.gal\\\/#\\\/schema\\\/logo\\\/image\\\/\",\"url\":\"http:\\\/\\\/www.anovapeneira.gal\\\/wp-content\\\/uploads\\\/2019\\\/06\\\/logo_a_nova_peneira_portal_web.png\",\"contentUrl\":\"http:\\\/\\\/www.anovapeneira.gal\\\/wp-content\\\/uploads\\\/2019\\\/06\\\/logo_a_nova_peneira_portal_web.png\",\"width\":300,\"height\":100,\"caption\":\"A Nova Peneira\"},\"image\":{\"@id\":\"https:\\\/\\\/www.anovapeneira.gal\\\/#\\\/schema\\\/logo\\\/image\\\/\"},\"sameAs\":[\"https:\\\/\\\/www.facebook.com\\\/anovapeneira\",\"https:\\\/\\\/x.com\\\/APeneira\"]},{\"@type\":\"Person\",\"@id\":\"https:\\\/\\\/www.anovapeneira.gal\\\/#\\\/schema\\\/person\\\/b93e3f8932e3f8da96334607eb6ac6aa\",\"name\":\"Redacci\u00f3n A Nova Peneira\",\"image\":{\"@type\":\"ImageObject\",\"inLanguage\":\"gl-ES\",\"@id\":\"https:\\\/\\\/secure.gravatar.com\\\/avatar\\\/c052a2551a06e23fac63626232eaa90abd78dbcf1700fc46a2b2c89fd27b735f?s=96&d=mm&r=g\",\"url\":\"https:\\\/\\\/secure.gravatar.com\\\/avatar\\\/c052a2551a06e23fac63626232eaa90abd78dbcf1700fc46a2b2c89fd27b735f?s=96&d=mm&r=g\",\"contentUrl\":\"https:\\\/\\\/secure.gravatar.com\\\/avatar\\\/c052a2551a06e23fac63626232eaa90abd78dbcf1700fc46a2b2c89fd27b735f?s=96&d=mm&r=g\",\"caption\":\"Redacci\u00f3n A Nova Peneira\"},\"sameAs\":[\"http:\\\/\\\/www.anovapeneira.gal\\\/\"],\"url\":\"https:\\\/\\\/www.anovapeneira.gal\\\/index.php\\\/author\\\/redactor\\\/\"}]}<\/script>\n<!-- \/ Yoast SEO plugin. -->","yoast_head_json":{"title":"De \u00cdtaca a Cangas, unha semana para descubrir o mellor cine internacional e as promesas galegas -","robots":{"index":"index","follow":"follow","max-snippet":"max-snippet:-1","max-image-preview":"max-image-preview:large","max-video-preview":"max-video-preview:-1"},"canonical":"https:\/\/www.anovapeneira.gal\/index.php\/2024\/09\/26\/de-itaca-a-cangas-unha-semana-para-descubrir-o-mellor-cine-internacional-e-as-promesas-galegas\/","og_locale":"gl_ES","og_type":"article","og_title":"De \u00cdtaca a Cangas, unha semana para descubrir o mellor cine internacional e as promesas galegas -","og_description":"Desde curtametraxes ata documentais, a XIX Semana de Cine ofrece unha viaxe cin\u00e9fila imperdible [...]","og_url":"https:\/\/www.anovapeneira.gal\/index.php\/2024\/09\/26\/de-itaca-a-cangas-unha-semana-para-descubrir-o-mellor-cine-internacional-e-as-promesas-galegas\/","article_publisher":"https:\/\/www.facebook.com\/anovapeneira","article_published_time":"2024-09-26T08:00:43+00:00","og_image":[{"width":1414,"height":942,"url":"https:\/\/www.anovapeneira.gal\/wp-content\/uploads\/2024\/09\/viaxe_itaca.png","type":"image\/png"}],"author":"Redacci\u00f3n A Nova Peneira","twitter_card":"summary_large_image","twitter_creator":"@APeneira","twitter_site":"@APeneira","twitter_misc":{"Escrito por":"Redacci\u00f3n A Nova Peneira","Tempo de lectura":"5 minutos"},"schema":{"@context":"https:\/\/schema.org","@graph":[{"@type":"Article","@id":"https:\/\/www.anovapeneira.gal\/index.php\/2024\/09\/26\/de-itaca-a-cangas-unha-semana-para-descubrir-o-mellor-cine-internacional-e-as-promesas-galegas\/#article","isPartOf":{"@id":"https:\/\/www.anovapeneira.gal\/index.php\/2024\/09\/26\/de-itaca-a-cangas-unha-semana-para-descubrir-o-mellor-cine-internacional-e-as-promesas-galegas\/"},"author":{"name":"Redacci\u00f3n A Nova Peneira","@id":"https:\/\/www.anovapeneira.gal\/#\/schema\/person\/b93e3f8932e3f8da96334607eb6ac6aa"},"headline":"De \u00cdtaca a Cangas, unha semana para descubrir o mellor cine internacional e as promesas galegas","datePublished":"2024-09-26T08:00:43+00:00","mainEntityOfPage":{"@id":"https:\/\/www.anovapeneira.gal\/index.php\/2024\/09\/26\/de-itaca-a-cangas-unha-semana-para-descubrir-o-mellor-cine-internacional-e-as-promesas-galegas\/"},"wordCount":850,"commentCount":0,"publisher":{"@id":"https:\/\/www.anovapeneira.gal\/#organization"},"image":{"@id":"https:\/\/www.anovapeneira.gal\/index.php\/2024\/09\/26\/de-itaca-a-cangas-unha-semana-para-descubrir-o-mellor-cine-internacional-e-as-promesas-galegas\/#primaryimage"},"thumbnailUrl":"https:\/\/www.anovapeneira.gal\/wp-content\/uploads\/2024\/09\/viaxe_itaca.png","keywords":["Concello de Cangas do Morrazo"],"articleSection":["Morrazo"],"inLanguage":"gl-ES","potentialAction":[{"@type":"CommentAction","name":"Comment","target":["https:\/\/www.anovapeneira.gal\/index.php\/2024\/09\/26\/de-itaca-a-cangas-unha-semana-para-descubrir-o-mellor-cine-internacional-e-as-promesas-galegas\/#respond"]}]},{"@type":"WebPage","@id":"https:\/\/www.anovapeneira.gal\/index.php\/2024\/09\/26\/de-itaca-a-cangas-unha-semana-para-descubrir-o-mellor-cine-internacional-e-as-promesas-galegas\/","url":"https:\/\/www.anovapeneira.gal\/index.php\/2024\/09\/26\/de-itaca-a-cangas-unha-semana-para-descubrir-o-mellor-cine-internacional-e-as-promesas-galegas\/","name":"De \u00cdtaca a Cangas, unha semana para descubrir o mellor cine internacional e as promesas galegas -","isPartOf":{"@id":"https:\/\/www.anovapeneira.gal\/#website"},"primaryImageOfPage":{"@id":"https:\/\/www.anovapeneira.gal\/index.php\/2024\/09\/26\/de-itaca-a-cangas-unha-semana-para-descubrir-o-mellor-cine-internacional-e-as-promesas-galegas\/#primaryimage"},"image":{"@id":"https:\/\/www.anovapeneira.gal\/index.php\/2024\/09\/26\/de-itaca-a-cangas-unha-semana-para-descubrir-o-mellor-cine-internacional-e-as-promesas-galegas\/#primaryimage"},"thumbnailUrl":"https:\/\/www.anovapeneira.gal\/wp-content\/uploads\/2024\/09\/viaxe_itaca.png","datePublished":"2024-09-26T08:00:43+00:00","breadcrumb":{"@id":"https:\/\/www.anovapeneira.gal\/index.php\/2024\/09\/26\/de-itaca-a-cangas-unha-semana-para-descubrir-o-mellor-cine-internacional-e-as-promesas-galegas\/#breadcrumb"},"inLanguage":"gl-ES","potentialAction":[{"@type":"ReadAction","target":["https:\/\/www.anovapeneira.gal\/index.php\/2024\/09\/26\/de-itaca-a-cangas-unha-semana-para-descubrir-o-mellor-cine-internacional-e-as-promesas-galegas\/"]}]},{"@type":"ImageObject","inLanguage":"gl-ES","@id":"https:\/\/www.anovapeneira.gal\/index.php\/2024\/09\/26\/de-itaca-a-cangas-unha-semana-para-descubrir-o-mellor-cine-internacional-e-as-promesas-galegas\/#primaryimage","url":"https:\/\/www.anovapeneira.gal\/wp-content\/uploads\/2024\/09\/viaxe_itaca.png","contentUrl":"https:\/\/www.anovapeneira.gal\/wp-content\/uploads\/2024\/09\/viaxe_itaca.png","width":1414,"height":942,"caption":"Viaxe \u00cdtaca Cine Cangas"},{"@type":"BreadcrumbList","@id":"https:\/\/www.anovapeneira.gal\/index.php\/2024\/09\/26\/de-itaca-a-cangas-unha-semana-para-descubrir-o-mellor-cine-internacional-e-as-promesas-galegas\/#breadcrumb","itemListElement":[{"@type":"ListItem","position":1,"name":"Portada","item":"https:\/\/www.anovapeneira.gal\/"},{"@type":"ListItem","position":2,"name":"De \u00cdtaca a Cangas, unha semana para descubrir o mellor cine internacional e as promesas galegas"}]},{"@type":"WebSite","@id":"https:\/\/www.anovapeneira.gal\/#website","url":"https:\/\/www.anovapeneira.gal\/","name":"","description":"Xornal galego de informaci\u00f3n xeral Publicaci\u00f3n mensual de novas de Galicia e en especial dos Concellos da sur da provincia de Pontevedra.","publisher":{"@id":"https:\/\/www.anovapeneira.gal\/#organization"},"potentialAction":[{"@type":"SearchAction","target":{"@type":"EntryPoint","urlTemplate":"https:\/\/www.anovapeneira.gal\/?s={search_term_string}"},"query-input":{"@type":"PropertyValueSpecification","valueRequired":true,"valueName":"search_term_string"}}],"inLanguage":"gl-ES"},{"@type":"Organization","@id":"https:\/\/www.anovapeneira.gal\/#organization","name":"A Nova Peneira","url":"https:\/\/www.anovapeneira.gal\/","logo":{"@type":"ImageObject","inLanguage":"gl-ES","@id":"https:\/\/www.anovapeneira.gal\/#\/schema\/logo\/image\/","url":"http:\/\/www.anovapeneira.gal\/wp-content\/uploads\/2019\/06\/logo_a_nova_peneira_portal_web.png","contentUrl":"http:\/\/www.anovapeneira.gal\/wp-content\/uploads\/2019\/06\/logo_a_nova_peneira_portal_web.png","width":300,"height":100,"caption":"A Nova Peneira"},"image":{"@id":"https:\/\/www.anovapeneira.gal\/#\/schema\/logo\/image\/"},"sameAs":["https:\/\/www.facebook.com\/anovapeneira","https:\/\/x.com\/APeneira"]},{"@type":"Person","@id":"https:\/\/www.anovapeneira.gal\/#\/schema\/person\/b93e3f8932e3f8da96334607eb6ac6aa","name":"Redacci\u00f3n A Nova Peneira","image":{"@type":"ImageObject","inLanguage":"gl-ES","@id":"https:\/\/secure.gravatar.com\/avatar\/c052a2551a06e23fac63626232eaa90abd78dbcf1700fc46a2b2c89fd27b735f?s=96&d=mm&r=g","url":"https:\/\/secure.gravatar.com\/avatar\/c052a2551a06e23fac63626232eaa90abd78dbcf1700fc46a2b2c89fd27b735f?s=96&d=mm&r=g","contentUrl":"https:\/\/secure.gravatar.com\/avatar\/c052a2551a06e23fac63626232eaa90abd78dbcf1700fc46a2b2c89fd27b735f?s=96&d=mm&r=g","caption":"Redacci\u00f3n A Nova Peneira"},"sameAs":["http:\/\/www.anovapeneira.gal\/"],"url":"https:\/\/www.anovapeneira.gal\/index.php\/author\/redactor\/"}]}},"jetpack_featured_media_url":"https:\/\/www.anovapeneira.gal\/wp-content\/uploads\/2024\/09\/viaxe_itaca.png","_links":{"self":[{"href":"https:\/\/www.anovapeneira.gal\/index.php\/wp-json\/wp\/v2\/posts\/12470","targetHints":{"allow":["GET"]}}],"collection":[{"href":"https:\/\/www.anovapeneira.gal\/index.php\/wp-json\/wp\/v2\/posts"}],"about":[{"href":"https:\/\/www.anovapeneira.gal\/index.php\/wp-json\/wp\/v2\/types\/post"}],"author":[{"embeddable":true,"href":"https:\/\/www.anovapeneira.gal\/index.php\/wp-json\/wp\/v2\/users\/3"}],"replies":[{"embeddable":true,"href":"https:\/\/www.anovapeneira.gal\/index.php\/wp-json\/wp\/v2\/comments?post=12470"}],"version-history":[{"count":2,"href":"https:\/\/www.anovapeneira.gal\/index.php\/wp-json\/wp\/v2\/posts\/12470\/revisions"}],"predecessor-version":[{"id":12474,"href":"https:\/\/www.anovapeneira.gal\/index.php\/wp-json\/wp\/v2\/posts\/12470\/revisions\/12474"}],"wp:featuredmedia":[{"embeddable":true,"href":"https:\/\/www.anovapeneira.gal\/index.php\/wp-json\/wp\/v2\/media\/12471"}],"wp:attachment":[{"href":"https:\/\/www.anovapeneira.gal\/index.php\/wp-json\/wp\/v2\/media?parent=12470"}],"wp:term":[{"taxonomy":"category","embeddable":true,"href":"https:\/\/www.anovapeneira.gal\/index.php\/wp-json\/wp\/v2\/categories?post=12470"},{"taxonomy":"post_tag","embeddable":true,"href":"https:\/\/www.anovapeneira.gal\/index.php\/wp-json\/wp\/v2\/tags?post=12470"}],"curies":[{"name":"wp","href":"https:\/\/api.w.org\/{rel}","templated":true}]}}