{"id":12501,"date":"2024-10-01T10:00:58","date_gmt":"2024-10-01T08:00:58","guid":{"rendered":"https:\/\/www.anovapeneira.gal\/?p=12501"},"modified":"2024-09-30T12:46:23","modified_gmt":"2024-09-30T10:46:23","slug":"o-colectivo-a-lagoa-dos-bebedos-botase-ao-mar-para-recuperar-o-patrimonio-dos-barcos-antigos-de-redondela","status":"publish","type":"post","link":"https:\/\/www.anovapeneira.gal\/index.php\/2024\/10\/01\/o-colectivo-a-lagoa-dos-bebedos-botase-ao-mar-para-recuperar-o-patrimonio-dos-barcos-antigos-de-redondela\/","title":{"rendered":"O Colectivo A Lagoa dos b\u00e9bedos b\u00f3tase ao mar para recuperar o patrimonio dos barcos antigos de Redondela"},"content":{"rendered":"\n<p><strong>A recuperaci\u00f3n da memoria , xa se xa en forma material xa sexa en forma inmaterial, dignifica a unha sociedade pois nada do que hoxe existe ser\u00eda posible sen os que estiveron antes que n\u00f3s. Na nosa querida Redondela temos moitos exemplos de colectivos sociais, que traballan para darlle ao noso pasado o valor que merece no proceso de construci\u00f3n do noso presente e tam\u00e9n do noso futuro .Un deles \u00e9 un pequeno colectivo denominado \u201c A Lagoa dos b\u00e9bedos\u201d, cuxa intenci\u00f3n \u00e9 recuperar barcos antigos que tiveron un papel importante na nosa historia. Comezaron por un bote de viveiro, que ven de Arcade e que xa est\u00e1 a piques de ser rematado. Falamos con Dani e con Juan, da asociaci\u00f3n. Vela\u00ed vai o que deu de si a nosa conversa.<\/strong><\/p>\n\n\n\n<p><strong>Daniel S\u00e1nchez Otero carpinteiro<\/strong><\/p>\n\n\n\n<p>\u201c <strong>Os barcos que recuperemos son para que se usen\u201d<\/strong><\/p>\n\n\n\n<p><strong>Como se che deu por arranxar un barco?<\/strong><\/p>\n\n\n\n<blockquote class=\"wp-block-quote is-layout-flow wp-block-quote-is-layout-flow\">\n<p>Pola influencia da asociaci\u00f3n \u201c A lagoa dos b\u00e9bedos\u201d.<\/p>\n<\/blockquote>\n\n\n\n<p><strong>Por que o nome da asociaci\u00f3n?<\/strong><\/p>\n\n\n\n<blockquote class=\"wp-block-quote is-layout-flow wp-block-quote-is-layout-flow\">\n<p>A enseada da Portela ch\u00e1mase as\u00ed.<\/p>\n<\/blockquote>\n\n\n\n<p><strong>Como foi o proceso?<\/strong><\/p>\n\n\n\n<blockquote class=\"wp-block-quote is-layout-flow wp-block-quote-is-layout-flow\">\n<p>Esta asociaci\u00f3n levaba varios anos xunt\u00e1ndose na Portela, coa intenci\u00f3n de ter un barco. Sete anos despois apareceu un bote dun se\u00f1or de Arcade, un bote que ten moita historia.<\/p>\n<\/blockquote>\n\n\n\n<p><strong>Como estaba o bote?<\/strong><\/p>\n\n\n\n<blockquote class=\"wp-block-quote is-layout-flow wp-block-quote-is-layout-flow\">\n<p>Afundido e escalazado , pero polas fotos que lle tiraron parec\u00eda que estaba en bo estado.<\/p>\n<\/blockquote>\n\n\n\n<p><strong>E cando chegou as vosas mans?<\/strong><\/p>\n\n\n\n<blockquote class=\"wp-block-quote is-layout-flow wp-block-quote-is-layout-flow\">\n<p>Foi cando o puidemos examinar e d\u00e9monos de conta de que hab\u00eda moita madeira podre e que precisaba moito traballo, de feito tivemos que mudarlle a popa.<\/p>\n<\/blockquote>\n\n\n\n<p><strong>O bote ten algunha peculiaridade?<\/strong><\/p>\n\n\n\n<blockquote class=\"wp-block-quote is-layout-flow wp-block-quote-is-layout-flow\">\n<p>\u00c9 algo m\u00e1is alto que os botes choqueiros, porque \u00e9 un bote de viveiro e polo tanto toca m\u00e1is mar.<\/p>\n<\/blockquote>\n\n\n\n<p><strong>Como financiades a restauraci\u00f3n?<\/strong><\/p>\n\n\n\n<blockquote class=\"wp-block-quote is-layout-flow wp-block-quote-is-layout-flow\">\n<p>Cada asociado paga 50\u20ac ao ano, e logo pois buscamos as fontes de financiamento que podemos.<\/p>\n<\/blockquote>\n\n\n\n<p><strong>Canto tempo levades traballando no barco?<\/strong><\/p>\n\n\n\n<blockquote class=\"wp-block-quote is-layout-flow wp-block-quote-is-layout-flow\">\n<p>Traballamos desde hai arredor de dous meses. Nun principio pux\u00e9molo no mar e agora s\u00f3 traballamos nel cando quedamos os luns.<\/p>\n<\/blockquote>\n\n\n\n<p><strong>O traballo \u00e9 moito?<\/strong><\/p>\n\n\n\n<blockquote class=\"wp-block-quote is-layout-flow wp-block-quote-is-layout-flow\">\n<p>Si, son moitas horas de traballo porque hai moitas pezas que hai que ama\u00f1ar. E sobre todo o que d\u00e1 m\u00e1is choio \u00e9 coidalo. Un barco \u00e9 como un neno, require atenci\u00f3n constante. Ten en conta que o barco recuper\u00e1molo para navegar, non para que vaia a ning\u00fan museo. Os barcos estr\u00e1ganse cando non se usan .Canto m\u00e1is se utilizan menos posibilidades de que fastidien.<\/p>\n<\/blockquote>\n\n\n\n<p><strong>En Redondela non creo que vaiades ter moitos problemas ao respecto?<\/strong><\/p>\n\n\n\n<blockquote class=\"wp-block-quote is-layout-flow wp-block-quote-is-layout-flow\">\n<p>Eu creo que non, pero veremos cando chegue o momento.<\/p>\n<\/blockquote>\n\n\n\n<p><strong>Para cando estar\u00e1 listo para ir ao mar?<\/strong><\/p>\n\n\n\n<blockquote class=\"wp-block-quote is-layout-flow wp-block-quote-is-layout-flow\">\n<p>Eu creo que nun mes m\u00e1is ou menos xa poder\u00e1 ir ao mar. Sen estar rematado de todo pero para ir dar unha pequena volta xa estar\u00e1.<\/p>\n<\/blockquote>\n\n\n\n<p><strong>Que madeira leva?<\/strong><\/p>\n\n\n\n<blockquote class=\"wp-block-quote is-layout-flow wp-block-quote-is-layout-flow\">\n<p>Casti\u00f1eiro, Carballo e pi\u00f1eiro. Queremos utilizar todo co m\u00e1ximo respecto \u00e1 construci\u00f3n orixinal.<\/p>\n<\/blockquote>\n\n\n\n<p><strong>O bote \u00e9 de remos?<\/strong><\/p>\n\n\n\n<blockquote class=\"wp-block-quote is-layout-flow wp-block-quote-is-layout-flow\">\n<p>De remos e de vela.<\/p>\n<\/blockquote>\n\n\n\n<p><strong>A vela p\u00f3dese recuperar?<\/strong><\/p>\n\n\n\n<blockquote class=\"wp-block-quote is-layout-flow wp-block-quote-is-layout-flow\">\n<p>Non, teremos que facer unha nova. Estamos a ver se facemos unha vela latina, pero de modo choqueira, que era unha arte que s\u00f3 exist\u00eda na nosa zona.<\/p>\n<\/blockquote>\n\n\n\n<p><strong>Ides tratar de recuperar m\u00e1is barcos?<\/strong><\/p>\n\n\n\n<blockquote class=\"wp-block-quote is-layout-flow wp-block-quote-is-layout-flow\">\n<p>A nosa intenci\u00f3n \u00e9 esa. Pero necesitamos que m\u00e1is xente se implica.<\/p>\n<\/blockquote>\n\n\n\n<p><strong>Supo\u00f1o que convidar\u00e1s ao delegado da Peneira en Redondela \u00e1 primeira volta?<\/strong><\/p>\n\n\n\n<blockquote class=\"wp-block-quote is-layout-flow wp-block-quote-is-layout-flow\">\n<p>\u00c1 primeira non sei se poderei, pero \u00e1 segunda ou a terceira conta con iso&#8230;<\/p>\n<\/blockquote>\n\n\n\n<p><strong>T\u00f3moche \u00e1 palabra<\/strong><\/p>\n\n\n\n<blockquote class=\"wp-block-quote is-layout-flow wp-block-quote-is-layout-flow\">\n<p>Vale, ti toma a palabra e cando demos esa volta eu tomo un vi\u00f1o en Domaio contigo<\/p>\n<\/blockquote>\n\n\n\n<p><strong>ha ha ha ha. Encantado Dani.<\/strong><\/p>\n\n\n\n<p><strong>Juan Iglesias da asociaci\u00f3n \u201c A Lagoa dos b\u00e9bedos\u201d<\/strong><\/p>\n\n\n\n<p>\u201c <strong>Precisamos que m\u00e1is xente se implique na asociaci\u00f3n\u201d<\/strong><\/p>\n\n\n\n<p><strong>Como nace a Lagoa dos b\u00e9bedos?<\/strong><\/p>\n\n\n\n<blockquote class=\"wp-block-quote is-layout-flow wp-block-quote-is-layout-flow\">\n<p>A trav\u00e9s de xuntanzas e de coincidencia de opini\u00f3ns e ilusi\u00f3ns parecidas. Tam\u00e9n quixera salientar a influencia de Anxo, un rapaz que veu traballar a Redondela e trouxo unha dorna \u00e1 nosa vila.<\/p>\n<\/blockquote>\n\n\n\n<p><strong>En que medida influ\u00edu o labor de Anxo?<\/strong><\/p>\n\n\n\n<blockquote class=\"wp-block-quote is-layout-flow wp-block-quote-is-layout-flow\">\n<p>Tivo unha grade importancia. El foi o que nos falou dos botes que no seu momento houbo en Redondela e que estaban indo a outros lugares porque aqu\u00ed non se lles prestaba a atenci\u00f3n debida. A partir de a\u00ed comezamos a nos xuntar no bar Paulina da Portela, o m\u00e1is antigo de Redondela.<\/p>\n<\/blockquote>\n\n\n\n<p><strong>O obxectivo da asociaci\u00f3n \u00e9 recuperar m\u00e1is barcos?<\/strong><\/p>\n\n\n\n<blockquote class=\"wp-block-quote is-layout-flow wp-block-quote-is-layout-flow\">\n<p>Si, claro, pero ten que entrar m\u00e1is xente, agora s\u00f3 somos 7 persoas e non \u00e9 fisicamente posible porque os barcos de madeira requiren moitos coidados.<\/p>\n<\/blockquote>\n\n\n\n<p><strong>Como se portou o concello con v\u00f3s?<\/strong><\/p>\n\n\n\n<blockquote class=\"wp-block-quote is-layout-flow wp-block-quote-is-layout-flow\">\n<p>Involucr\u00e1ronse. Cando lle levamos o proxecto foi cando naceu o proxecto de montar un obradoiro de carpinter\u00eda.<\/p>\n<\/blockquote>\n","protected":false},"excerpt":{"rendered":"<div class=\"mh-excerpt\"><p>A recuperaci\u00f3n da memoria , xa se xa en forma material xa sexa en forma inmaterial, dignifica a unha sociedade pois nada do que hoxe existe ser\u00eda posible sen os que estiveron antes que n\u00f3s <a class=\"mh-excerpt-more\" href=\"https:\/\/www.anovapeneira.gal\/index.php\/2024\/10\/01\/o-colectivo-a-lagoa-dos-bebedos-botase-ao-mar-para-recuperar-o-patrimonio-dos-barcos-antigos-de-redondela\/\" title=\"O Colectivo A Lagoa dos b\u00e9bedos b\u00f3tase ao mar para recuperar o patrimonio dos barcos antigos de Redondela\">[&#8230;]<\/a><\/p>\n<\/div>","protected":false},"author":6,"featured_media":12502,"comment_status":"open","ping_status":"open","sticky":false,"template":"","format":"standard","meta":{"_exactmetrics_skip_tracking":false,"_exactmetrics_sitenote_active":false,"_exactmetrics_sitenote_note":"","_exactmetrics_sitenote_category":0,"footnotes":""},"categories":[24],"tags":[171],"class_list":{"0":"post-12501","1":"post","2":"type-post","3":"status-publish","4":"format-standard","5":"has-post-thumbnail","7":"category-redondela","8":"tag-concello-de-redondela"},"yoast_head":"<!-- This site is optimized with the Yoast SEO plugin v27.4 - https:\/\/yoast.com\/product\/yoast-seo-wordpress\/ -->\n<title>O Colectivo A Lagoa dos b\u00e9bedos b\u00f3tase ao mar para recuperar o patrimonio dos barcos antigos de Redondela -<\/title>\n<meta name=\"robots\" content=\"index, follow, max-snippet:-1, max-image-preview:large, max-video-preview:-1\" \/>\n<link rel=\"canonical\" href=\"https:\/\/www.anovapeneira.gal\/index.php\/2024\/10\/01\/o-colectivo-a-lagoa-dos-bebedos-botase-ao-mar-para-recuperar-o-patrimonio-dos-barcos-antigos-de-redondela\/\" \/>\n<meta property=\"og:locale\" content=\"gl_ES\" \/>\n<meta property=\"og:type\" content=\"article\" \/>\n<meta property=\"og:title\" content=\"O Colectivo A Lagoa dos b\u00e9bedos b\u00f3tase ao mar para recuperar o patrimonio dos barcos antigos de Redondela -\" \/>\n<meta property=\"og:description\" content=\"A recuperaci\u00f3n da memoria , xa se xa en forma material xa sexa en forma inmaterial, dignifica a unha sociedade pois nada do que hoxe existe ser\u00eda posible sen os que estiveron antes que n\u00f3s [...]\" \/>\n<meta property=\"og:url\" content=\"https:\/\/www.anovapeneira.gal\/index.php\/2024\/10\/01\/o-colectivo-a-lagoa-dos-bebedos-botase-ao-mar-para-recuperar-o-patrimonio-dos-barcos-antigos-de-redondela\/\" \/>\n<meta property=\"article:publisher\" content=\"https:\/\/www.facebook.com\/anovapeneira\" \/>\n<meta property=\"article:published_time\" content=\"2024-10-01T08:00:58+00:00\" \/>\n<meta property=\"og:image\" content=\"https:\/\/www.anovapeneira.gal\/wp-content\/uploads\/2024\/09\/colectivo_a_lagoa.png\" \/>\n\t<meta property=\"og:image:width\" content=\"720\" \/>\n\t<meta property=\"og:image:height\" content=\"432\" \/>\n\t<meta property=\"og:image:type\" content=\"image\/png\" \/>\n<meta name=\"author\" content=\"Marcos Santos\" \/>\n<meta name=\"twitter:card\" content=\"summary_large_image\" \/>\n<meta name=\"twitter:creator\" content=\"@APeneira\" \/>\n<meta name=\"twitter:site\" content=\"@APeneira\" \/>\n<meta name=\"twitter:label1\" content=\"Escrito por\" \/>\n\t<meta name=\"twitter:data1\" content=\"Marcos Santos\" \/>\n\t<meta name=\"twitter:label2\" content=\"Tempo de lectura\" \/>\n\t<meta name=\"twitter:data2\" content=\"2 minutos\" \/>\n<script type=\"application\/ld+json\" class=\"yoast-schema-graph\">{\"@context\":\"https:\\\/\\\/schema.org\",\"@graph\":[{\"@type\":\"Article\",\"@id\":\"https:\\\/\\\/www.anovapeneira.gal\\\/index.php\\\/2024\\\/10\\\/01\\\/o-colectivo-a-lagoa-dos-bebedos-botase-ao-mar-para-recuperar-o-patrimonio-dos-barcos-antigos-de-redondela\\\/#article\",\"isPartOf\":{\"@id\":\"https:\\\/\\\/www.anovapeneira.gal\\\/index.php\\\/2024\\\/10\\\/01\\\/o-colectivo-a-lagoa-dos-bebedos-botase-ao-mar-para-recuperar-o-patrimonio-dos-barcos-antigos-de-redondela\\\/\"},\"author\":{\"name\":\"Marcos Santos\",\"@id\":\"https:\\\/\\\/www.anovapeneira.gal\\\/#\\\/schema\\\/person\\\/d9d84823564720e7593293bab054e52d\"},\"headline\":\"O Colectivo A Lagoa dos b\u00e9bedos b\u00f3tase ao mar para recuperar o patrimonio dos barcos antigos de Redondela\",\"datePublished\":\"2024-10-01T08:00:58+00:00\",\"mainEntityOfPage\":{\"@id\":\"https:\\\/\\\/www.anovapeneira.gal\\\/index.php\\\/2024\\\/10\\\/01\\\/o-colectivo-a-lagoa-dos-bebedos-botase-ao-mar-para-recuperar-o-patrimonio-dos-barcos-antigos-de-redondela\\\/\"},\"wordCount\":820,\"commentCount\":0,\"publisher\":{\"@id\":\"https:\\\/\\\/www.anovapeneira.gal\\\/#organization\"},\"image\":{\"@id\":\"https:\\\/\\\/www.anovapeneira.gal\\\/index.php\\\/2024\\\/10\\\/01\\\/o-colectivo-a-lagoa-dos-bebedos-botase-ao-mar-para-recuperar-o-patrimonio-dos-barcos-antigos-de-redondela\\\/#primaryimage\"},\"thumbnailUrl\":\"https:\\\/\\\/www.anovapeneira.gal\\\/wp-content\\\/uploads\\\/2024\\\/09\\\/colectivo_a_lagoa.png\",\"keywords\":[\"Concello de Redondela\"],\"articleSection\":[\"Redondela\"],\"inLanguage\":\"gl-ES\",\"potentialAction\":[{\"@type\":\"CommentAction\",\"name\":\"Comment\",\"target\":[\"https:\\\/\\\/www.anovapeneira.gal\\\/index.php\\\/2024\\\/10\\\/01\\\/o-colectivo-a-lagoa-dos-bebedos-botase-ao-mar-para-recuperar-o-patrimonio-dos-barcos-antigos-de-redondela\\\/#respond\"]}]},{\"@type\":\"WebPage\",\"@id\":\"https:\\\/\\\/www.anovapeneira.gal\\\/index.php\\\/2024\\\/10\\\/01\\\/o-colectivo-a-lagoa-dos-bebedos-botase-ao-mar-para-recuperar-o-patrimonio-dos-barcos-antigos-de-redondela\\\/\",\"url\":\"https:\\\/\\\/www.anovapeneira.gal\\\/index.php\\\/2024\\\/10\\\/01\\\/o-colectivo-a-lagoa-dos-bebedos-botase-ao-mar-para-recuperar-o-patrimonio-dos-barcos-antigos-de-redondela\\\/\",\"name\":\"O Colectivo A Lagoa dos b\u00e9bedos b\u00f3tase ao mar para recuperar o patrimonio dos barcos antigos de Redondela -\",\"isPartOf\":{\"@id\":\"https:\\\/\\\/www.anovapeneira.gal\\\/#website\"},\"primaryImageOfPage\":{\"@id\":\"https:\\\/\\\/www.anovapeneira.gal\\\/index.php\\\/2024\\\/10\\\/01\\\/o-colectivo-a-lagoa-dos-bebedos-botase-ao-mar-para-recuperar-o-patrimonio-dos-barcos-antigos-de-redondela\\\/#primaryimage\"},\"image\":{\"@id\":\"https:\\\/\\\/www.anovapeneira.gal\\\/index.php\\\/2024\\\/10\\\/01\\\/o-colectivo-a-lagoa-dos-bebedos-botase-ao-mar-para-recuperar-o-patrimonio-dos-barcos-antigos-de-redondela\\\/#primaryimage\"},\"thumbnailUrl\":\"https:\\\/\\\/www.anovapeneira.gal\\\/wp-content\\\/uploads\\\/2024\\\/09\\\/colectivo_a_lagoa.png\",\"datePublished\":\"2024-10-01T08:00:58+00:00\",\"breadcrumb\":{\"@id\":\"https:\\\/\\\/www.anovapeneira.gal\\\/index.php\\\/2024\\\/10\\\/01\\\/o-colectivo-a-lagoa-dos-bebedos-botase-ao-mar-para-recuperar-o-patrimonio-dos-barcos-antigos-de-redondela\\\/#breadcrumb\"},\"inLanguage\":\"gl-ES\",\"potentialAction\":[{\"@type\":\"ReadAction\",\"target\":[\"https:\\\/\\\/www.anovapeneira.gal\\\/index.php\\\/2024\\\/10\\\/01\\\/o-colectivo-a-lagoa-dos-bebedos-botase-ao-mar-para-recuperar-o-patrimonio-dos-barcos-antigos-de-redondela\\\/\"]}]},{\"@type\":\"ImageObject\",\"inLanguage\":\"gl-ES\",\"@id\":\"https:\\\/\\\/www.anovapeneira.gal\\\/index.php\\\/2024\\\/10\\\/01\\\/o-colectivo-a-lagoa-dos-bebedos-botase-ao-mar-para-recuperar-o-patrimonio-dos-barcos-antigos-de-redondela\\\/#primaryimage\",\"url\":\"https:\\\/\\\/www.anovapeneira.gal\\\/wp-content\\\/uploads\\\/2024\\\/09\\\/colectivo_a_lagoa.png\",\"contentUrl\":\"https:\\\/\\\/www.anovapeneira.gal\\\/wp-content\\\/uploads\\\/2024\\\/09\\\/colectivo_a_lagoa.png\",\"width\":720,\"height\":432,\"caption\":\"Colectivo A Lagoa dos b\u00e9bedos b\u00f3tase ao mar para recuperar o patrimonio dos barcos antigos de Redondela\"},{\"@type\":\"BreadcrumbList\",\"@id\":\"https:\\\/\\\/www.anovapeneira.gal\\\/index.php\\\/2024\\\/10\\\/01\\\/o-colectivo-a-lagoa-dos-bebedos-botase-ao-mar-para-recuperar-o-patrimonio-dos-barcos-antigos-de-redondela\\\/#breadcrumb\",\"itemListElement\":[{\"@type\":\"ListItem\",\"position\":1,\"name\":\"Portada\",\"item\":\"https:\\\/\\\/www.anovapeneira.gal\\\/\"},{\"@type\":\"ListItem\",\"position\":2,\"name\":\"O Colectivo A Lagoa dos b\u00e9bedos b\u00f3tase ao mar para recuperar o patrimonio dos barcos antigos de Redondela\"}]},{\"@type\":\"WebSite\",\"@id\":\"https:\\\/\\\/www.anovapeneira.gal\\\/#website\",\"url\":\"https:\\\/\\\/www.anovapeneira.gal\\\/\",\"name\":\"\",\"description\":\"Xornal galego de informaci\u00f3n xeral Publicaci\u00f3n mensual de novas de Galicia e en especial dos Concellos da sur da provincia de Pontevedra.\",\"publisher\":{\"@id\":\"https:\\\/\\\/www.anovapeneira.gal\\\/#organization\"},\"potentialAction\":[{\"@type\":\"SearchAction\",\"target\":{\"@type\":\"EntryPoint\",\"urlTemplate\":\"https:\\\/\\\/www.anovapeneira.gal\\\/?s={search_term_string}\"},\"query-input\":{\"@type\":\"PropertyValueSpecification\",\"valueRequired\":true,\"valueName\":\"search_term_string\"}}],\"inLanguage\":\"gl-ES\"},{\"@type\":\"Organization\",\"@id\":\"https:\\\/\\\/www.anovapeneira.gal\\\/#organization\",\"name\":\"A Nova Peneira\",\"url\":\"https:\\\/\\\/www.anovapeneira.gal\\\/\",\"logo\":{\"@type\":\"ImageObject\",\"inLanguage\":\"gl-ES\",\"@id\":\"https:\\\/\\\/www.anovapeneira.gal\\\/#\\\/schema\\\/logo\\\/image\\\/\",\"url\":\"http:\\\/\\\/www.anovapeneira.gal\\\/wp-content\\\/uploads\\\/2019\\\/06\\\/logo_a_nova_peneira_portal_web.png\",\"contentUrl\":\"http:\\\/\\\/www.anovapeneira.gal\\\/wp-content\\\/uploads\\\/2019\\\/06\\\/logo_a_nova_peneira_portal_web.png\",\"width\":300,\"height\":100,\"caption\":\"A Nova Peneira\"},\"image\":{\"@id\":\"https:\\\/\\\/www.anovapeneira.gal\\\/#\\\/schema\\\/logo\\\/image\\\/\"},\"sameAs\":[\"https:\\\/\\\/www.facebook.com\\\/anovapeneira\",\"https:\\\/\\\/x.com\\\/APeneira\"]},{\"@type\":\"Person\",\"@id\":\"https:\\\/\\\/www.anovapeneira.gal\\\/#\\\/schema\\\/person\\\/d9d84823564720e7593293bab054e52d\",\"name\":\"Marcos Santos\",\"image\":{\"@type\":\"ImageObject\",\"inLanguage\":\"gl-ES\",\"@id\":\"https:\\\/\\\/secure.gravatar.com\\\/avatar\\\/0e8017099a7a47c0a9d2275e865fe326484561eb3d70649069e4b8e61a8d2e8c?s=96&d=mm&r=g\",\"url\":\"https:\\\/\\\/secure.gravatar.com\\\/avatar\\\/0e8017099a7a47c0a9d2275e865fe326484561eb3d70649069e4b8e61a8d2e8c?s=96&d=mm&r=g\",\"contentUrl\":\"https:\\\/\\\/secure.gravatar.com\\\/avatar\\\/0e8017099a7a47c0a9d2275e865fe326484561eb3d70649069e4b8e61a8d2e8c?s=96&d=mm&r=g\",\"caption\":\"Marcos Santos\"},\"sameAs\":[\"http:\\\/\\\/anovapeneira.gal\"],\"url\":\"https:\\\/\\\/www.anovapeneira.gal\\\/index.php\\\/author\\\/marcos-santos\\\/\"}]}<\/script>\n<!-- \/ Yoast SEO plugin. -->","yoast_head_json":{"title":"O Colectivo A Lagoa dos b\u00e9bedos b\u00f3tase ao mar para recuperar o patrimonio dos barcos antigos de Redondela -","robots":{"index":"index","follow":"follow","max-snippet":"max-snippet:-1","max-image-preview":"max-image-preview:large","max-video-preview":"max-video-preview:-1"},"canonical":"https:\/\/www.anovapeneira.gal\/index.php\/2024\/10\/01\/o-colectivo-a-lagoa-dos-bebedos-botase-ao-mar-para-recuperar-o-patrimonio-dos-barcos-antigos-de-redondela\/","og_locale":"gl_ES","og_type":"article","og_title":"O Colectivo A Lagoa dos b\u00e9bedos b\u00f3tase ao mar para recuperar o patrimonio dos barcos antigos de Redondela -","og_description":"A recuperaci\u00f3n da memoria , xa se xa en forma material xa sexa en forma inmaterial, dignifica a unha sociedade pois nada do que hoxe existe ser\u00eda posible sen os que estiveron antes que n\u00f3s [...]","og_url":"https:\/\/www.anovapeneira.gal\/index.php\/2024\/10\/01\/o-colectivo-a-lagoa-dos-bebedos-botase-ao-mar-para-recuperar-o-patrimonio-dos-barcos-antigos-de-redondela\/","article_publisher":"https:\/\/www.facebook.com\/anovapeneira","article_published_time":"2024-10-01T08:00:58+00:00","og_image":[{"width":720,"height":432,"url":"https:\/\/www.anovapeneira.gal\/wp-content\/uploads\/2024\/09\/colectivo_a_lagoa.png","type":"image\/png"}],"author":"Marcos Santos","twitter_card":"summary_large_image","twitter_creator":"@APeneira","twitter_site":"@APeneira","twitter_misc":{"Escrito por":"Marcos Santos","Tempo de lectura":"2 minutos"},"schema":{"@context":"https:\/\/schema.org","@graph":[{"@type":"Article","@id":"https:\/\/www.anovapeneira.gal\/index.php\/2024\/10\/01\/o-colectivo-a-lagoa-dos-bebedos-botase-ao-mar-para-recuperar-o-patrimonio-dos-barcos-antigos-de-redondela\/#article","isPartOf":{"@id":"https:\/\/www.anovapeneira.gal\/index.php\/2024\/10\/01\/o-colectivo-a-lagoa-dos-bebedos-botase-ao-mar-para-recuperar-o-patrimonio-dos-barcos-antigos-de-redondela\/"},"author":{"name":"Marcos Santos","@id":"https:\/\/www.anovapeneira.gal\/#\/schema\/person\/d9d84823564720e7593293bab054e52d"},"headline":"O Colectivo A Lagoa dos b\u00e9bedos b\u00f3tase ao mar para recuperar o patrimonio dos barcos antigos de Redondela","datePublished":"2024-10-01T08:00:58+00:00","mainEntityOfPage":{"@id":"https:\/\/www.anovapeneira.gal\/index.php\/2024\/10\/01\/o-colectivo-a-lagoa-dos-bebedos-botase-ao-mar-para-recuperar-o-patrimonio-dos-barcos-antigos-de-redondela\/"},"wordCount":820,"commentCount":0,"publisher":{"@id":"https:\/\/www.anovapeneira.gal\/#organization"},"image":{"@id":"https:\/\/www.anovapeneira.gal\/index.php\/2024\/10\/01\/o-colectivo-a-lagoa-dos-bebedos-botase-ao-mar-para-recuperar-o-patrimonio-dos-barcos-antigos-de-redondela\/#primaryimage"},"thumbnailUrl":"https:\/\/www.anovapeneira.gal\/wp-content\/uploads\/2024\/09\/colectivo_a_lagoa.png","keywords":["Concello de Redondela"],"articleSection":["Redondela"],"inLanguage":"gl-ES","potentialAction":[{"@type":"CommentAction","name":"Comment","target":["https:\/\/www.anovapeneira.gal\/index.php\/2024\/10\/01\/o-colectivo-a-lagoa-dos-bebedos-botase-ao-mar-para-recuperar-o-patrimonio-dos-barcos-antigos-de-redondela\/#respond"]}]},{"@type":"WebPage","@id":"https:\/\/www.anovapeneira.gal\/index.php\/2024\/10\/01\/o-colectivo-a-lagoa-dos-bebedos-botase-ao-mar-para-recuperar-o-patrimonio-dos-barcos-antigos-de-redondela\/","url":"https:\/\/www.anovapeneira.gal\/index.php\/2024\/10\/01\/o-colectivo-a-lagoa-dos-bebedos-botase-ao-mar-para-recuperar-o-patrimonio-dos-barcos-antigos-de-redondela\/","name":"O Colectivo A Lagoa dos b\u00e9bedos b\u00f3tase ao mar para recuperar o patrimonio dos barcos antigos de Redondela -","isPartOf":{"@id":"https:\/\/www.anovapeneira.gal\/#website"},"primaryImageOfPage":{"@id":"https:\/\/www.anovapeneira.gal\/index.php\/2024\/10\/01\/o-colectivo-a-lagoa-dos-bebedos-botase-ao-mar-para-recuperar-o-patrimonio-dos-barcos-antigos-de-redondela\/#primaryimage"},"image":{"@id":"https:\/\/www.anovapeneira.gal\/index.php\/2024\/10\/01\/o-colectivo-a-lagoa-dos-bebedos-botase-ao-mar-para-recuperar-o-patrimonio-dos-barcos-antigos-de-redondela\/#primaryimage"},"thumbnailUrl":"https:\/\/www.anovapeneira.gal\/wp-content\/uploads\/2024\/09\/colectivo_a_lagoa.png","datePublished":"2024-10-01T08:00:58+00:00","breadcrumb":{"@id":"https:\/\/www.anovapeneira.gal\/index.php\/2024\/10\/01\/o-colectivo-a-lagoa-dos-bebedos-botase-ao-mar-para-recuperar-o-patrimonio-dos-barcos-antigos-de-redondela\/#breadcrumb"},"inLanguage":"gl-ES","potentialAction":[{"@type":"ReadAction","target":["https:\/\/www.anovapeneira.gal\/index.php\/2024\/10\/01\/o-colectivo-a-lagoa-dos-bebedos-botase-ao-mar-para-recuperar-o-patrimonio-dos-barcos-antigos-de-redondela\/"]}]},{"@type":"ImageObject","inLanguage":"gl-ES","@id":"https:\/\/www.anovapeneira.gal\/index.php\/2024\/10\/01\/o-colectivo-a-lagoa-dos-bebedos-botase-ao-mar-para-recuperar-o-patrimonio-dos-barcos-antigos-de-redondela\/#primaryimage","url":"https:\/\/www.anovapeneira.gal\/wp-content\/uploads\/2024\/09\/colectivo_a_lagoa.png","contentUrl":"https:\/\/www.anovapeneira.gal\/wp-content\/uploads\/2024\/09\/colectivo_a_lagoa.png","width":720,"height":432,"caption":"Colectivo A Lagoa dos b\u00e9bedos b\u00f3tase ao mar para recuperar o patrimonio dos barcos antigos de Redondela"},{"@type":"BreadcrumbList","@id":"https:\/\/www.anovapeneira.gal\/index.php\/2024\/10\/01\/o-colectivo-a-lagoa-dos-bebedos-botase-ao-mar-para-recuperar-o-patrimonio-dos-barcos-antigos-de-redondela\/#breadcrumb","itemListElement":[{"@type":"ListItem","position":1,"name":"Portada","item":"https:\/\/www.anovapeneira.gal\/"},{"@type":"ListItem","position":2,"name":"O Colectivo A Lagoa dos b\u00e9bedos b\u00f3tase ao mar para recuperar o patrimonio dos barcos antigos de Redondela"}]},{"@type":"WebSite","@id":"https:\/\/www.anovapeneira.gal\/#website","url":"https:\/\/www.anovapeneira.gal\/","name":"","description":"Xornal galego de informaci\u00f3n xeral Publicaci\u00f3n mensual de novas de Galicia e en especial dos Concellos da sur da provincia de Pontevedra.","publisher":{"@id":"https:\/\/www.anovapeneira.gal\/#organization"},"potentialAction":[{"@type":"SearchAction","target":{"@type":"EntryPoint","urlTemplate":"https:\/\/www.anovapeneira.gal\/?s={search_term_string}"},"query-input":{"@type":"PropertyValueSpecification","valueRequired":true,"valueName":"search_term_string"}}],"inLanguage":"gl-ES"},{"@type":"Organization","@id":"https:\/\/www.anovapeneira.gal\/#organization","name":"A Nova Peneira","url":"https:\/\/www.anovapeneira.gal\/","logo":{"@type":"ImageObject","inLanguage":"gl-ES","@id":"https:\/\/www.anovapeneira.gal\/#\/schema\/logo\/image\/","url":"http:\/\/www.anovapeneira.gal\/wp-content\/uploads\/2019\/06\/logo_a_nova_peneira_portal_web.png","contentUrl":"http:\/\/www.anovapeneira.gal\/wp-content\/uploads\/2019\/06\/logo_a_nova_peneira_portal_web.png","width":300,"height":100,"caption":"A Nova Peneira"},"image":{"@id":"https:\/\/www.anovapeneira.gal\/#\/schema\/logo\/image\/"},"sameAs":["https:\/\/www.facebook.com\/anovapeneira","https:\/\/x.com\/APeneira"]},{"@type":"Person","@id":"https:\/\/www.anovapeneira.gal\/#\/schema\/person\/d9d84823564720e7593293bab054e52d","name":"Marcos Santos","image":{"@type":"ImageObject","inLanguage":"gl-ES","@id":"https:\/\/secure.gravatar.com\/avatar\/0e8017099a7a47c0a9d2275e865fe326484561eb3d70649069e4b8e61a8d2e8c?s=96&d=mm&r=g","url":"https:\/\/secure.gravatar.com\/avatar\/0e8017099a7a47c0a9d2275e865fe326484561eb3d70649069e4b8e61a8d2e8c?s=96&d=mm&r=g","contentUrl":"https:\/\/secure.gravatar.com\/avatar\/0e8017099a7a47c0a9d2275e865fe326484561eb3d70649069e4b8e61a8d2e8c?s=96&d=mm&r=g","caption":"Marcos Santos"},"sameAs":["http:\/\/anovapeneira.gal"],"url":"https:\/\/www.anovapeneira.gal\/index.php\/author\/marcos-santos\/"}]}},"jetpack_featured_media_url":"https:\/\/www.anovapeneira.gal\/wp-content\/uploads\/2024\/09\/colectivo_a_lagoa.png","_links":{"self":[{"href":"https:\/\/www.anovapeneira.gal\/index.php\/wp-json\/wp\/v2\/posts\/12501","targetHints":{"allow":["GET"]}}],"collection":[{"href":"https:\/\/www.anovapeneira.gal\/index.php\/wp-json\/wp\/v2\/posts"}],"about":[{"href":"https:\/\/www.anovapeneira.gal\/index.php\/wp-json\/wp\/v2\/types\/post"}],"author":[{"embeddable":true,"href":"https:\/\/www.anovapeneira.gal\/index.php\/wp-json\/wp\/v2\/users\/6"}],"replies":[{"embeddable":true,"href":"https:\/\/www.anovapeneira.gal\/index.php\/wp-json\/wp\/v2\/comments?post=12501"}],"version-history":[{"count":2,"href":"https:\/\/www.anovapeneira.gal\/index.php\/wp-json\/wp\/v2\/posts\/12501\/revisions"}],"predecessor-version":[{"id":12504,"href":"https:\/\/www.anovapeneira.gal\/index.php\/wp-json\/wp\/v2\/posts\/12501\/revisions\/12504"}],"wp:featuredmedia":[{"embeddable":true,"href":"https:\/\/www.anovapeneira.gal\/index.php\/wp-json\/wp\/v2\/media\/12502"}],"wp:attachment":[{"href":"https:\/\/www.anovapeneira.gal\/index.php\/wp-json\/wp\/v2\/media?parent=12501"}],"wp:term":[{"taxonomy":"category","embeddable":true,"href":"https:\/\/www.anovapeneira.gal\/index.php\/wp-json\/wp\/v2\/categories?post=12501"},{"taxonomy":"post_tag","embeddable":true,"href":"https:\/\/www.anovapeneira.gal\/index.php\/wp-json\/wp\/v2\/tags?post=12501"}],"curies":[{"name":"wp","href":"https:\/\/api.w.org\/{rel}","templated":true}]}}