{"id":12523,"date":"2024-10-03T12:00:12","date_gmt":"2024-10-03T10:00:12","guid":{"rendered":"https:\/\/www.anovapeneira.gal\/?p=12523"},"modified":"2024-10-01T12:37:48","modified_gmt":"2024-10-01T10:37:48","slug":"o-bng-de-vigo-demanda-que-concello-e-xunta-cooperen-para-converter-a-antiga-estacion-de-bus-nun-espazo-de-utilidade-social-para-a-vecinanza","status":"publish","type":"post","link":"https:\/\/www.anovapeneira.gal\/index.php\/2024\/10\/03\/o-bng-de-vigo-demanda-que-concello-e-xunta-cooperen-para-converter-a-antiga-estacion-de-bus-nun-espazo-de-utilidade-social-para-a-vecinanza\/","title":{"rendered":"O BNG de Vigo demanda que Concello e Xunta cooperen para converter a antiga estaci\u00f3n de bus nun espazo de \u201cutilidade social\u201d para a veci\u00f1anza"},"content":{"rendered":"\n<p>A fronte nacionalista prop\u00f3n recuperala para usos de car\u00e1cter veci\u00f1al, cultural e social e tam\u00e9n para instalar un aparcamento disuasorio<\/p>\n\n\n\n<p>Rexeitan as pretensi\u00f3ns do Goberno municipal e Xunta de a converter nun \u201cxard\u00edn encaixado entre novos viais de tr\u00e1fico\u201d ou no arquivo da Cidade da Xustiza<\/p>\n\n\n\n<p>Xabier P. Igrexas: \u201cTemos a oportunidade de recuperar ese espazo para atender as necesidades da veci\u00f1anza\u201d<\/p>\n\n\n\n<p>VIGO, 28 de setembro 2024.- O Bloque Nacionalista Galego defender\u00e1 no vindeiro Pleno que a antiga estaci\u00f3n de autobuses de Vigo se destine a usos de car\u00e1cter sociocomunitario, para atender as demandas da veci\u00f1anza da s\u00faa contorna, as\u00ed como a instalaci\u00f3n dun aparcamento disuasorio.<\/p>\n\n\n\n<p>O portavoz municipal do BNG de Vigo, Xabier P. Igrexas, defendeu que \u201cfronte a un Goberno municipal que pide a devoluci\u00f3n da parcela para convertela nun xard\u00edn encaixado en novos viais de tr\u00e1fico que van saturar con inda m\u00e1is veh\u00edculos a zona, e unha Xunta que quere utilizala como almac\u00e9n do arquivo dos xulgados, defendemos que a antiga estaci\u00f3n se converta nunha dotaci\u00f3n \u00fatil para a veci\u00f1anza\u201d.<\/p>\n\n\n\n<p>Neste sentido, Igrexas apuntou que nas inmediaci\u00f3ns da antiga estaci\u00f3n hai unha estrutural e hist\u00f3rica falla de dotaci\u00f3ns e servizos de car\u00e1cter p\u00fablico. \u201cTemos a oportunidade de aproveitar en beneficio da cidade a antiga estaci\u00f3n para dotar o barrio de espazos culturais, de uso veci\u00f1al e tam\u00e9n para instalar servizos que atendan as crecentes demandas de car\u00e1cter social para a mellor atenci\u00f3n, por exemplo, das persoas maiores\u201d, argumentou. Ali\u00e1s, subli\u00f1ou a importancia de aproveitar o espazo inferior, ocupado polas d\u00e1rsenas de autobuses, para instalar un aparcamento p\u00fablico de car\u00e1cter disuasorio precisamente a car\u00f3n da avenida de Madrid, pola que cada d\u00eda circulan m\u00e1is de 50 mil veh\u00edculos.<\/p>\n\n\n\n<p>Con ese obxectivo a fronte nacionalista demandar\u00e1, a trav\u00e9s dunha emenda \u00e1 moci\u00f3n do PSOE, \u201cinstar ao Goberno municipal a demandar da Xunta de Galiza colaboraci\u00f3n para a elaboraci\u00f3n dun proxecto de usos, contando coa participaci\u00f3n do tecido asociativo e a veci\u00f1anza da s\u00faa contorna\u201d. Un proxecto de usos, precisan, que permita a utilizaci\u00f3n das instalaci\u00f3ns da antiga estaci\u00f3n de autobuses para as destinar a atender as necesidades de car\u00e1cter sociocomunitario da contorna e a instalaci\u00f3n dun aparcamento p\u00fablico disuasorio, o que ser\u00eda perfectamente compat\u00edbel cunha actuaci\u00f3n que mellore a integraci\u00f3n urbana da estaci\u00f3n e o alargamento de zonas verdes nas s\u00faas inmediaci\u00f3ns.<\/p>\n\n\n\n<p>\u201cO BNG non aceptamos que haxa que escoller entre converter a antiga estaci\u00f3n de buses nunha zona verde illada ou nun almac\u00e9n de papeis dos xulgados, a veci\u00f1anza precisa e merece que se lle dea utilidade social a ese espazo\u201d, remachou.<\/p>\n","protected":false},"excerpt":{"rendered":"<div class=\"mh-excerpt\"><p>A fronte nacionalista prop\u00f3n recuperala para usos de car\u00e1cter veci\u00f1al, cultural e social e tam\u00e9n para instalar un aparcamento disuasorio <a class=\"mh-excerpt-more\" href=\"https:\/\/www.anovapeneira.gal\/index.php\/2024\/10\/03\/o-bng-de-vigo-demanda-que-concello-e-xunta-cooperen-para-converter-a-antiga-estacion-de-bus-nun-espazo-de-utilidade-social-para-a-vecinanza\/\" title=\"O BNG de Vigo demanda que Concello e Xunta cooperen para converter a antiga estaci\u00f3n de bus nun espazo de \u201cutilidade social\u201d para a veci\u00f1anza\">[&#8230;]<\/a><\/p>\n<\/div>","protected":false},"author":1,"featured_media":12524,"comment_status":"open","ping_status":"open","sticky":false,"template":"","format":"standard","meta":{"_exactmetrics_skip_tracking":false,"_exactmetrics_sitenote_active":false,"_exactmetrics_sitenote_note":"","_exactmetrics_sitenote_category":0,"footnotes":""},"categories":[19],"tags":[227],"class_list":{"0":"post-12523","1":"post","2":"type-post","3":"status-publish","4":"format-standard","5":"has-post-thumbnail","7":"category-vigo","8":"tag-concello-de-vigo"},"yoast_head":"<!-- This site is optimized with the Yoast SEO plugin v27.4 - https:\/\/yoast.com\/product\/yoast-seo-wordpress\/ -->\n<title>O BNG de Vigo demanda que Concello e Xunta cooperen para converter a antiga estaci\u00f3n de bus nun espazo de \u201cutilidade social\u201d para a veci\u00f1anza -<\/title>\n<meta name=\"robots\" content=\"index, follow, max-snippet:-1, max-image-preview:large, max-video-preview:-1\" \/>\n<link rel=\"canonical\" href=\"https:\/\/www.anovapeneira.gal\/index.php\/2024\/10\/03\/o-bng-de-vigo-demanda-que-concello-e-xunta-cooperen-para-converter-a-antiga-estacion-de-bus-nun-espazo-de-utilidade-social-para-a-vecinanza\/\" \/>\n<meta property=\"og:locale\" content=\"gl_ES\" \/>\n<meta property=\"og:type\" content=\"article\" \/>\n<meta property=\"og:title\" content=\"O BNG de Vigo demanda que Concello e Xunta cooperen para converter a antiga estaci\u00f3n de bus nun espazo de \u201cutilidade social\u201d para a veci\u00f1anza -\" \/>\n<meta property=\"og:description\" content=\"A fronte nacionalista prop\u00f3n recuperala para usos de car\u00e1cter veci\u00f1al, cultural e social e tam\u00e9n para instalar un aparcamento disuasorio [...]\" \/>\n<meta property=\"og:url\" content=\"https:\/\/www.anovapeneira.gal\/index.php\/2024\/10\/03\/o-bng-de-vigo-demanda-que-concello-e-xunta-cooperen-para-converter-a-antiga-estacion-de-bus-nun-espazo-de-utilidade-social-para-a-vecinanza\/\" \/>\n<meta property=\"article:publisher\" content=\"https:\/\/www.facebook.com\/anovapeneira\" \/>\n<meta property=\"article:author\" content=\"https:\/\/www.facebook.com\/anovapeneira\/\" \/>\n<meta property=\"article:published_time\" content=\"2024-10-03T10:00:12+00:00\" \/>\n<meta property=\"og:image\" content=\"https:\/\/www.anovapeneira.gal\/wp-content\/uploads\/2024\/10\/bng_vigo_movilidade.png\" \/>\n\t<meta property=\"og:image:width\" content=\"720\" \/>\n\t<meta property=\"og:image:height\" content=\"432\" \/>\n\t<meta property=\"og:image:type\" content=\"image\/png\" \/>\n<meta name=\"author\" content=\"admin\" \/>\n<meta name=\"twitter:card\" content=\"summary_large_image\" \/>\n<meta name=\"twitter:creator\" content=\"@APeneira\" \/>\n<meta name=\"twitter:site\" content=\"@APeneira\" \/>\n<meta name=\"twitter:label1\" content=\"Escrito por\" \/>\n\t<meta name=\"twitter:data1\" content=\"admin\" \/>\n\t<meta name=\"twitter:label2\" content=\"Tempo de lectura\" \/>\n\t<meta name=\"twitter:data2\" content=\"3 minutos\" \/>\n<script type=\"application\/ld+json\" class=\"yoast-schema-graph\">{\"@context\":\"https:\\\/\\\/schema.org\",\"@graph\":[{\"@type\":\"Article\",\"@id\":\"https:\\\/\\\/www.anovapeneira.gal\\\/index.php\\\/2024\\\/10\\\/03\\\/o-bng-de-vigo-demanda-que-concello-e-xunta-cooperen-para-converter-a-antiga-estacion-de-bus-nun-espazo-de-utilidade-social-para-a-vecinanza\\\/#article\",\"isPartOf\":{\"@id\":\"https:\\\/\\\/www.anovapeneira.gal\\\/index.php\\\/2024\\\/10\\\/03\\\/o-bng-de-vigo-demanda-que-concello-e-xunta-cooperen-para-converter-a-antiga-estacion-de-bus-nun-espazo-de-utilidade-social-para-a-vecinanza\\\/\"},\"author\":{\"name\":\"admin\",\"@id\":\"https:\\\/\\\/www.anovapeneira.gal\\\/#\\\/schema\\\/person\\\/fb77575328c93684dae4b0075f90c2cb\"},\"headline\":\"O BNG de Vigo demanda que Concello e Xunta cooperen para converter a antiga estaci\u00f3n de bus nun espazo de \u201cutilidade social\u201d para a veci\u00f1anza\",\"datePublished\":\"2024-10-03T10:00:12+00:00\",\"mainEntityOfPage\":{\"@id\":\"https:\\\/\\\/www.anovapeneira.gal\\\/index.php\\\/2024\\\/10\\\/03\\\/o-bng-de-vigo-demanda-que-concello-e-xunta-cooperen-para-converter-a-antiga-estacion-de-bus-nun-espazo-de-utilidade-social-para-a-vecinanza\\\/\"},\"wordCount\":513,\"commentCount\":0,\"publisher\":{\"@id\":\"https:\\\/\\\/www.anovapeneira.gal\\\/#organization\"},\"image\":{\"@id\":\"https:\\\/\\\/www.anovapeneira.gal\\\/index.php\\\/2024\\\/10\\\/03\\\/o-bng-de-vigo-demanda-que-concello-e-xunta-cooperen-para-converter-a-antiga-estacion-de-bus-nun-espazo-de-utilidade-social-para-a-vecinanza\\\/#primaryimage\"},\"thumbnailUrl\":\"https:\\\/\\\/www.anovapeneira.gal\\\/wp-content\\\/uploads\\\/2024\\\/10\\\/bng_vigo_movilidade.png\",\"keywords\":[\"Concello de Vigo\"],\"articleSection\":[\"Vigo\"],\"inLanguage\":\"gl-ES\",\"potentialAction\":[{\"@type\":\"CommentAction\",\"name\":\"Comment\",\"target\":[\"https:\\\/\\\/www.anovapeneira.gal\\\/index.php\\\/2024\\\/10\\\/03\\\/o-bng-de-vigo-demanda-que-concello-e-xunta-cooperen-para-converter-a-antiga-estacion-de-bus-nun-espazo-de-utilidade-social-para-a-vecinanza\\\/#respond\"]}]},{\"@type\":\"WebPage\",\"@id\":\"https:\\\/\\\/www.anovapeneira.gal\\\/index.php\\\/2024\\\/10\\\/03\\\/o-bng-de-vigo-demanda-que-concello-e-xunta-cooperen-para-converter-a-antiga-estacion-de-bus-nun-espazo-de-utilidade-social-para-a-vecinanza\\\/\",\"url\":\"https:\\\/\\\/www.anovapeneira.gal\\\/index.php\\\/2024\\\/10\\\/03\\\/o-bng-de-vigo-demanda-que-concello-e-xunta-cooperen-para-converter-a-antiga-estacion-de-bus-nun-espazo-de-utilidade-social-para-a-vecinanza\\\/\",\"name\":\"O BNG de Vigo demanda que Concello e Xunta cooperen para converter a antiga estaci\u00f3n de bus nun espazo de \u201cutilidade social\u201d para a veci\u00f1anza -\",\"isPartOf\":{\"@id\":\"https:\\\/\\\/www.anovapeneira.gal\\\/#website\"},\"primaryImageOfPage\":{\"@id\":\"https:\\\/\\\/www.anovapeneira.gal\\\/index.php\\\/2024\\\/10\\\/03\\\/o-bng-de-vigo-demanda-que-concello-e-xunta-cooperen-para-converter-a-antiga-estacion-de-bus-nun-espazo-de-utilidade-social-para-a-vecinanza\\\/#primaryimage\"},\"image\":{\"@id\":\"https:\\\/\\\/www.anovapeneira.gal\\\/index.php\\\/2024\\\/10\\\/03\\\/o-bng-de-vigo-demanda-que-concello-e-xunta-cooperen-para-converter-a-antiga-estacion-de-bus-nun-espazo-de-utilidade-social-para-a-vecinanza\\\/#primaryimage\"},\"thumbnailUrl\":\"https:\\\/\\\/www.anovapeneira.gal\\\/wp-content\\\/uploads\\\/2024\\\/10\\\/bng_vigo_movilidade.png\",\"datePublished\":\"2024-10-03T10:00:12+00:00\",\"breadcrumb\":{\"@id\":\"https:\\\/\\\/www.anovapeneira.gal\\\/index.php\\\/2024\\\/10\\\/03\\\/o-bng-de-vigo-demanda-que-concello-e-xunta-cooperen-para-converter-a-antiga-estacion-de-bus-nun-espazo-de-utilidade-social-para-a-vecinanza\\\/#breadcrumb\"},\"inLanguage\":\"gl-ES\",\"potentialAction\":[{\"@type\":\"ReadAction\",\"target\":[\"https:\\\/\\\/www.anovapeneira.gal\\\/index.php\\\/2024\\\/10\\\/03\\\/o-bng-de-vigo-demanda-que-concello-e-xunta-cooperen-para-converter-a-antiga-estacion-de-bus-nun-espazo-de-utilidade-social-para-a-vecinanza\\\/\"]}]},{\"@type\":\"ImageObject\",\"inLanguage\":\"gl-ES\",\"@id\":\"https:\\\/\\\/www.anovapeneira.gal\\\/index.php\\\/2024\\\/10\\\/03\\\/o-bng-de-vigo-demanda-que-concello-e-xunta-cooperen-para-converter-a-antiga-estacion-de-bus-nun-espazo-de-utilidade-social-para-a-vecinanza\\\/#primaryimage\",\"url\":\"https:\\\/\\\/www.anovapeneira.gal\\\/wp-content\\\/uploads\\\/2024\\\/10\\\/bng_vigo_movilidade.png\",\"contentUrl\":\"https:\\\/\\\/www.anovapeneira.gal\\\/wp-content\\\/uploads\\\/2024\\\/10\\\/bng_vigo_movilidade.png\",\"width\":720,\"height\":432,\"caption\":\"O BNG de Vigo\"},{\"@type\":\"BreadcrumbList\",\"@id\":\"https:\\\/\\\/www.anovapeneira.gal\\\/index.php\\\/2024\\\/10\\\/03\\\/o-bng-de-vigo-demanda-que-concello-e-xunta-cooperen-para-converter-a-antiga-estacion-de-bus-nun-espazo-de-utilidade-social-para-a-vecinanza\\\/#breadcrumb\",\"itemListElement\":[{\"@type\":\"ListItem\",\"position\":1,\"name\":\"Portada\",\"item\":\"https:\\\/\\\/www.anovapeneira.gal\\\/\"},{\"@type\":\"ListItem\",\"position\":2,\"name\":\"O BNG de Vigo demanda que Concello e Xunta cooperen para converter a antiga estaci\u00f3n de bus nun espazo de \u201cutilidade social\u201d para a veci\u00f1anza\"}]},{\"@type\":\"WebSite\",\"@id\":\"https:\\\/\\\/www.anovapeneira.gal\\\/#website\",\"url\":\"https:\\\/\\\/www.anovapeneira.gal\\\/\",\"name\":\"\",\"description\":\"Xornal galego de informaci\u00f3n xeral Publicaci\u00f3n mensual de novas de Galicia e en especial dos Concellos da sur da provincia de Pontevedra.\",\"publisher\":{\"@id\":\"https:\\\/\\\/www.anovapeneira.gal\\\/#organization\"},\"potentialAction\":[{\"@type\":\"SearchAction\",\"target\":{\"@type\":\"EntryPoint\",\"urlTemplate\":\"https:\\\/\\\/www.anovapeneira.gal\\\/?s={search_term_string}\"},\"query-input\":{\"@type\":\"PropertyValueSpecification\",\"valueRequired\":true,\"valueName\":\"search_term_string\"}}],\"inLanguage\":\"gl-ES\"},{\"@type\":\"Organization\",\"@id\":\"https:\\\/\\\/www.anovapeneira.gal\\\/#organization\",\"name\":\"A Nova Peneira\",\"url\":\"https:\\\/\\\/www.anovapeneira.gal\\\/\",\"logo\":{\"@type\":\"ImageObject\",\"inLanguage\":\"gl-ES\",\"@id\":\"https:\\\/\\\/www.anovapeneira.gal\\\/#\\\/schema\\\/logo\\\/image\\\/\",\"url\":\"http:\\\/\\\/www.anovapeneira.gal\\\/wp-content\\\/uploads\\\/2019\\\/06\\\/logo_a_nova_peneira_portal_web.png\",\"contentUrl\":\"http:\\\/\\\/www.anovapeneira.gal\\\/wp-content\\\/uploads\\\/2019\\\/06\\\/logo_a_nova_peneira_portal_web.png\",\"width\":300,\"height\":100,\"caption\":\"A Nova Peneira\"},\"image\":{\"@id\":\"https:\\\/\\\/www.anovapeneira.gal\\\/#\\\/schema\\\/logo\\\/image\\\/\"},\"sameAs\":[\"https:\\\/\\\/www.facebook.com\\\/anovapeneira\",\"https:\\\/\\\/x.com\\\/APeneira\"]},{\"@type\":\"Person\",\"@id\":\"https:\\\/\\\/www.anovapeneira.gal\\\/#\\\/schema\\\/person\\\/fb77575328c93684dae4b0075f90c2cb\",\"name\":\"admin\",\"image\":{\"@type\":\"ImageObject\",\"inLanguage\":\"gl-ES\",\"@id\":\"https:\\\/\\\/secure.gravatar.com\\\/avatar\\\/df15c36ce375448325e0bc870e91bbee95947a002eb98dcfd6c2b053e18843e9?s=96&d=mm&r=g\",\"url\":\"https:\\\/\\\/secure.gravatar.com\\\/avatar\\\/df15c36ce375448325e0bc870e91bbee95947a002eb98dcfd6c2b053e18843e9?s=96&d=mm&r=g\",\"contentUrl\":\"https:\\\/\\\/secure.gravatar.com\\\/avatar\\\/df15c36ce375448325e0bc870e91bbee95947a002eb98dcfd6c2b053e18843e9?s=96&d=mm&r=g\",\"caption\":\"admin\"},\"description\":\"Xornal galego de informaci\u00f3n xeral Publicaci\u00f3n mensual de novas de Galicia e en especial dos Concellos da sur da provincia de Pontevedra.\",\"sameAs\":[\"http:\\\/\\\/www.anovapeneira.gal\\\/\",\"https:\\\/\\\/www.facebook.com\\\/anovapeneira\\\/\"],\"url\":\"https:\\\/\\\/www.anovapeneira.gal\\\/index.php\\\/author\\\/admin\\\/\"}]}<\/script>\n<!-- \/ Yoast SEO plugin. -->","yoast_head_json":{"title":"O BNG de Vigo demanda que Concello e Xunta cooperen para converter a antiga estaci\u00f3n de bus nun espazo de \u201cutilidade social\u201d para a veci\u00f1anza -","robots":{"index":"index","follow":"follow","max-snippet":"max-snippet:-1","max-image-preview":"max-image-preview:large","max-video-preview":"max-video-preview:-1"},"canonical":"https:\/\/www.anovapeneira.gal\/index.php\/2024\/10\/03\/o-bng-de-vigo-demanda-que-concello-e-xunta-cooperen-para-converter-a-antiga-estacion-de-bus-nun-espazo-de-utilidade-social-para-a-vecinanza\/","og_locale":"gl_ES","og_type":"article","og_title":"O BNG de Vigo demanda que Concello e Xunta cooperen para converter a antiga estaci\u00f3n de bus nun espazo de \u201cutilidade social\u201d para a veci\u00f1anza -","og_description":"A fronte nacionalista prop\u00f3n recuperala para usos de car\u00e1cter veci\u00f1al, cultural e social e tam\u00e9n para instalar un aparcamento disuasorio [...]","og_url":"https:\/\/www.anovapeneira.gal\/index.php\/2024\/10\/03\/o-bng-de-vigo-demanda-que-concello-e-xunta-cooperen-para-converter-a-antiga-estacion-de-bus-nun-espazo-de-utilidade-social-para-a-vecinanza\/","article_publisher":"https:\/\/www.facebook.com\/anovapeneira","article_author":"https:\/\/www.facebook.com\/anovapeneira\/","article_published_time":"2024-10-03T10:00:12+00:00","og_image":[{"width":720,"height":432,"url":"https:\/\/www.anovapeneira.gal\/wp-content\/uploads\/2024\/10\/bng_vigo_movilidade.png","type":"image\/png"}],"author":"admin","twitter_card":"summary_large_image","twitter_creator":"@APeneira","twitter_site":"@APeneira","twitter_misc":{"Escrito por":"admin","Tempo de lectura":"3 minutos"},"schema":{"@context":"https:\/\/schema.org","@graph":[{"@type":"Article","@id":"https:\/\/www.anovapeneira.gal\/index.php\/2024\/10\/03\/o-bng-de-vigo-demanda-que-concello-e-xunta-cooperen-para-converter-a-antiga-estacion-de-bus-nun-espazo-de-utilidade-social-para-a-vecinanza\/#article","isPartOf":{"@id":"https:\/\/www.anovapeneira.gal\/index.php\/2024\/10\/03\/o-bng-de-vigo-demanda-que-concello-e-xunta-cooperen-para-converter-a-antiga-estacion-de-bus-nun-espazo-de-utilidade-social-para-a-vecinanza\/"},"author":{"name":"admin","@id":"https:\/\/www.anovapeneira.gal\/#\/schema\/person\/fb77575328c93684dae4b0075f90c2cb"},"headline":"O BNG de Vigo demanda que Concello e Xunta cooperen para converter a antiga estaci\u00f3n de bus nun espazo de \u201cutilidade social\u201d para a veci\u00f1anza","datePublished":"2024-10-03T10:00:12+00:00","mainEntityOfPage":{"@id":"https:\/\/www.anovapeneira.gal\/index.php\/2024\/10\/03\/o-bng-de-vigo-demanda-que-concello-e-xunta-cooperen-para-converter-a-antiga-estacion-de-bus-nun-espazo-de-utilidade-social-para-a-vecinanza\/"},"wordCount":513,"commentCount":0,"publisher":{"@id":"https:\/\/www.anovapeneira.gal\/#organization"},"image":{"@id":"https:\/\/www.anovapeneira.gal\/index.php\/2024\/10\/03\/o-bng-de-vigo-demanda-que-concello-e-xunta-cooperen-para-converter-a-antiga-estacion-de-bus-nun-espazo-de-utilidade-social-para-a-vecinanza\/#primaryimage"},"thumbnailUrl":"https:\/\/www.anovapeneira.gal\/wp-content\/uploads\/2024\/10\/bng_vigo_movilidade.png","keywords":["Concello de Vigo"],"articleSection":["Vigo"],"inLanguage":"gl-ES","potentialAction":[{"@type":"CommentAction","name":"Comment","target":["https:\/\/www.anovapeneira.gal\/index.php\/2024\/10\/03\/o-bng-de-vigo-demanda-que-concello-e-xunta-cooperen-para-converter-a-antiga-estacion-de-bus-nun-espazo-de-utilidade-social-para-a-vecinanza\/#respond"]}]},{"@type":"WebPage","@id":"https:\/\/www.anovapeneira.gal\/index.php\/2024\/10\/03\/o-bng-de-vigo-demanda-que-concello-e-xunta-cooperen-para-converter-a-antiga-estacion-de-bus-nun-espazo-de-utilidade-social-para-a-vecinanza\/","url":"https:\/\/www.anovapeneira.gal\/index.php\/2024\/10\/03\/o-bng-de-vigo-demanda-que-concello-e-xunta-cooperen-para-converter-a-antiga-estacion-de-bus-nun-espazo-de-utilidade-social-para-a-vecinanza\/","name":"O BNG de Vigo demanda que Concello e Xunta cooperen para converter a antiga estaci\u00f3n de bus nun espazo de \u201cutilidade social\u201d para a veci\u00f1anza -","isPartOf":{"@id":"https:\/\/www.anovapeneira.gal\/#website"},"primaryImageOfPage":{"@id":"https:\/\/www.anovapeneira.gal\/index.php\/2024\/10\/03\/o-bng-de-vigo-demanda-que-concello-e-xunta-cooperen-para-converter-a-antiga-estacion-de-bus-nun-espazo-de-utilidade-social-para-a-vecinanza\/#primaryimage"},"image":{"@id":"https:\/\/www.anovapeneira.gal\/index.php\/2024\/10\/03\/o-bng-de-vigo-demanda-que-concello-e-xunta-cooperen-para-converter-a-antiga-estacion-de-bus-nun-espazo-de-utilidade-social-para-a-vecinanza\/#primaryimage"},"thumbnailUrl":"https:\/\/www.anovapeneira.gal\/wp-content\/uploads\/2024\/10\/bng_vigo_movilidade.png","datePublished":"2024-10-03T10:00:12+00:00","breadcrumb":{"@id":"https:\/\/www.anovapeneira.gal\/index.php\/2024\/10\/03\/o-bng-de-vigo-demanda-que-concello-e-xunta-cooperen-para-converter-a-antiga-estacion-de-bus-nun-espazo-de-utilidade-social-para-a-vecinanza\/#breadcrumb"},"inLanguage":"gl-ES","potentialAction":[{"@type":"ReadAction","target":["https:\/\/www.anovapeneira.gal\/index.php\/2024\/10\/03\/o-bng-de-vigo-demanda-que-concello-e-xunta-cooperen-para-converter-a-antiga-estacion-de-bus-nun-espazo-de-utilidade-social-para-a-vecinanza\/"]}]},{"@type":"ImageObject","inLanguage":"gl-ES","@id":"https:\/\/www.anovapeneira.gal\/index.php\/2024\/10\/03\/o-bng-de-vigo-demanda-que-concello-e-xunta-cooperen-para-converter-a-antiga-estacion-de-bus-nun-espazo-de-utilidade-social-para-a-vecinanza\/#primaryimage","url":"https:\/\/www.anovapeneira.gal\/wp-content\/uploads\/2024\/10\/bng_vigo_movilidade.png","contentUrl":"https:\/\/www.anovapeneira.gal\/wp-content\/uploads\/2024\/10\/bng_vigo_movilidade.png","width":720,"height":432,"caption":"O BNG de Vigo"},{"@type":"BreadcrumbList","@id":"https:\/\/www.anovapeneira.gal\/index.php\/2024\/10\/03\/o-bng-de-vigo-demanda-que-concello-e-xunta-cooperen-para-converter-a-antiga-estacion-de-bus-nun-espazo-de-utilidade-social-para-a-vecinanza\/#breadcrumb","itemListElement":[{"@type":"ListItem","position":1,"name":"Portada","item":"https:\/\/www.anovapeneira.gal\/"},{"@type":"ListItem","position":2,"name":"O BNG de Vigo demanda que Concello e Xunta cooperen para converter a antiga estaci\u00f3n de bus nun espazo de \u201cutilidade social\u201d para a veci\u00f1anza"}]},{"@type":"WebSite","@id":"https:\/\/www.anovapeneira.gal\/#website","url":"https:\/\/www.anovapeneira.gal\/","name":"","description":"Xornal galego de informaci\u00f3n xeral Publicaci\u00f3n mensual de novas de Galicia e en especial dos Concellos da sur da provincia de Pontevedra.","publisher":{"@id":"https:\/\/www.anovapeneira.gal\/#organization"},"potentialAction":[{"@type":"SearchAction","target":{"@type":"EntryPoint","urlTemplate":"https:\/\/www.anovapeneira.gal\/?s={search_term_string}"},"query-input":{"@type":"PropertyValueSpecification","valueRequired":true,"valueName":"search_term_string"}}],"inLanguage":"gl-ES"},{"@type":"Organization","@id":"https:\/\/www.anovapeneira.gal\/#organization","name":"A Nova Peneira","url":"https:\/\/www.anovapeneira.gal\/","logo":{"@type":"ImageObject","inLanguage":"gl-ES","@id":"https:\/\/www.anovapeneira.gal\/#\/schema\/logo\/image\/","url":"http:\/\/www.anovapeneira.gal\/wp-content\/uploads\/2019\/06\/logo_a_nova_peneira_portal_web.png","contentUrl":"http:\/\/www.anovapeneira.gal\/wp-content\/uploads\/2019\/06\/logo_a_nova_peneira_portal_web.png","width":300,"height":100,"caption":"A Nova Peneira"},"image":{"@id":"https:\/\/www.anovapeneira.gal\/#\/schema\/logo\/image\/"},"sameAs":["https:\/\/www.facebook.com\/anovapeneira","https:\/\/x.com\/APeneira"]},{"@type":"Person","@id":"https:\/\/www.anovapeneira.gal\/#\/schema\/person\/fb77575328c93684dae4b0075f90c2cb","name":"admin","image":{"@type":"ImageObject","inLanguage":"gl-ES","@id":"https:\/\/secure.gravatar.com\/avatar\/df15c36ce375448325e0bc870e91bbee95947a002eb98dcfd6c2b053e18843e9?s=96&d=mm&r=g","url":"https:\/\/secure.gravatar.com\/avatar\/df15c36ce375448325e0bc870e91bbee95947a002eb98dcfd6c2b053e18843e9?s=96&d=mm&r=g","contentUrl":"https:\/\/secure.gravatar.com\/avatar\/df15c36ce375448325e0bc870e91bbee95947a002eb98dcfd6c2b053e18843e9?s=96&d=mm&r=g","caption":"admin"},"description":"Xornal galego de informaci\u00f3n xeral Publicaci\u00f3n mensual de novas de Galicia e en especial dos Concellos da sur da provincia de Pontevedra.","sameAs":["http:\/\/www.anovapeneira.gal\/","https:\/\/www.facebook.com\/anovapeneira\/"],"url":"https:\/\/www.anovapeneira.gal\/index.php\/author\/admin\/"}]}},"jetpack_featured_media_url":"https:\/\/www.anovapeneira.gal\/wp-content\/uploads\/2024\/10\/bng_vigo_movilidade.png","_links":{"self":[{"href":"https:\/\/www.anovapeneira.gal\/index.php\/wp-json\/wp\/v2\/posts\/12523","targetHints":{"allow":["GET"]}}],"collection":[{"href":"https:\/\/www.anovapeneira.gal\/index.php\/wp-json\/wp\/v2\/posts"}],"about":[{"href":"https:\/\/www.anovapeneira.gal\/index.php\/wp-json\/wp\/v2\/types\/post"}],"author":[{"embeddable":true,"href":"https:\/\/www.anovapeneira.gal\/index.php\/wp-json\/wp\/v2\/users\/1"}],"replies":[{"embeddable":true,"href":"https:\/\/www.anovapeneira.gal\/index.php\/wp-json\/wp\/v2\/comments?post=12523"}],"version-history":[{"count":1,"href":"https:\/\/www.anovapeneira.gal\/index.php\/wp-json\/wp\/v2\/posts\/12523\/revisions"}],"predecessor-version":[{"id":12525,"href":"https:\/\/www.anovapeneira.gal\/index.php\/wp-json\/wp\/v2\/posts\/12523\/revisions\/12525"}],"wp:featuredmedia":[{"embeddable":true,"href":"https:\/\/www.anovapeneira.gal\/index.php\/wp-json\/wp\/v2\/media\/12524"}],"wp:attachment":[{"href":"https:\/\/www.anovapeneira.gal\/index.php\/wp-json\/wp\/v2\/media?parent=12523"}],"wp:term":[{"taxonomy":"category","embeddable":true,"href":"https:\/\/www.anovapeneira.gal\/index.php\/wp-json\/wp\/v2\/categories?post=12523"},{"taxonomy":"post_tag","embeddable":true,"href":"https:\/\/www.anovapeneira.gal\/index.php\/wp-json\/wp\/v2\/tags?post=12523"}],"curies":[{"name":"wp","href":"https:\/\/api.w.org\/{rel}","templated":true}]}}