{"id":12543,"date":"2024-10-08T10:00:53","date_gmt":"2024-10-08T08:00:53","guid":{"rendered":"https:\/\/www.anovapeneira.gal\/?p=12543"},"modified":"2024-10-03T13:33:12","modified_gmt":"2024-10-03T11:33:12","slug":"o-bng-lamenta-que-o-pp-non-se-comprometa-a-aumentar-o-orzamento-dos-concellos-para-o-ano-2025","status":"publish","type":"post","link":"https:\/\/www.anovapeneira.gal\/index.php\/2024\/10\/08\/o-bng-lamenta-que-o-pp-non-se-comprometa-a-aumentar-o-orzamento-dos-concellos-para-o-ano-2025\/","title":{"rendered":"O BNG lamenta que o PP non se comprometa a aumentar o orzamento dos concellos para o ano 2025"},"content":{"rendered":"\n<h2 class=\"wp-block-heading\"><strong>O deputado Oscar Insua asegura que as administraci\u00f3ns locais te\u00f1en que facerse cargo de competencias impropias, que a Xunta se nega a asumir<\/strong><\/h2>\n\n\n\n<p><strong>Santiago de Compostela, 2 de setembro 2024<\/strong><\/p>\n\n\n\n<p>O deputado Oscar Insua lamenta que o PP non se comprometa a aumentar o orzamento dos concellos para o ano 2025 que lles permitan paliar o actual afogo econ\u00f3mico producido polo insuficiente financiamento dos servizos de competencia auton\u00f3mica prestados polas entidades locais e que a Xunta se nega a asumir, como \u00e9 o caso do Servizo de axuda no Fogar (SAF).<\/p>\n\n\n\n<p>\u201cGustar\u00edanos saber se vai haber algunha subida nos orzamentos de 2025 para este servizo e se se vai aumentar a partida de 12 euros que estaba dando a Xunta de Galiza\u201d, preguntou.<\/p>\n\n\n\n<p>A dous d\u00edas da celebraci\u00f3n da Comisi\u00f3n t\u00e9cnica entre a Federaci\u00f3n Galega de Municipios e Provincias (Fegamp) e a Xunta de Galiza para abordar temas pendentes como a limitaci\u00f3n das competencias que lles corresponden a cada unha das administraci\u00f3ns en materia de educaci\u00f3n, sanidade, emerxencias ou servizo de axuda no fogar (SAF), o deputado nacionalista preguntoulle na comisi\u00f3n 1\u00aa \u00e1 directora xeral de Administraci\u00f3ns Locais, Natalia Prieto, polo \u201cposicionamento do PP ao respecto\u201d.<\/p>\n\n\n\n<p>Neste senso quixo saber se se van ter en conta algunha das 21 resoluci\u00f3ns que aprobou a Fegamp de forma un\u00e1nime, tam\u00e9n polos alcaldes e alcaldesas do Partido Popular, a respecto do financiamento local aqu\u00ed en Galiza, un sistema que leva 20 anos sen renovarse.<\/p>\n\n\n\n<p>\u201cNon sei se nese retiro espiritual en Sober decidiron algo ao respecto do financiamento dos concellos, se vai haber unha subida nas partidas destinadas aos concellos\u201d, ironizou.<\/p>\n\n\n\n<p>Insua sinalou que, moitas entidades locais est\u00e1n asumindo competencias como impropias, sobre todo nos colexios de primaria, nos centros sanitarios de atenci\u00f3n primaria, ou no Servizo de Axuda ao Fogar, onde, neste caso, os concellos te\u00f1en que soportar m\u00e1is do 50% do custe do servizo.<\/p>\n\n\n\n<p>\u201cEst\u00e1n esperando como auga de maio que as cousas cambien e non se lles dea a resposta de que dependemos de Madrid. A lei de racionalizaci\u00f3n y sostenibilidad de la Administraci\u00f3n Local do 2013, &#8220;aprobouna o PP e vostedes nin sequera a cumpren\u201d, porque nela dise que \u201cas competencias dos servizos sociais son competencia da Xunta de Galiza, e a \u00fanica competencia que te\u00f1en os concellos son en emerxencia social, pero por exemplo, un centro de d\u00eda, non \u00e9 unha emerxencia social\u201d, exemplificou.<\/p>\n\n\n\n<p>\u201cEu pregunto se o partido que sustenta o Goberno galego, cantos deputados ten en Madrid?, te\u00f1en presentado algunha iniciativa para pedir tam\u00e9n ese financiamento ou temos que facelo non soamente con un deputado que temos?, n\u00f3s fac\u00e9molo e non temos problema en seguir fac\u00e9ndoo pero os que te\u00f1en vostedes en Madrid deben de estar de paso e non deben ter ning\u00fan tipo de traballo\u201d, volveu ironizar.<\/p>\n\n\n\n<p>O BNG tam\u00e9n preguntou na comisi\u00f3n 1\u00aa polos traballos da comisi\u00f3n t\u00e9cnica de delimitaci\u00f3n competencial, dos que de momento non se sabe nada.<\/p>\n","protected":false},"excerpt":{"rendered":"<div class=\"mh-excerpt\"><p>O deputado Oscar Insua asegura que as administraci\u00f3ns locais te\u00f1en que facerse cargo de competencias impropias, que a Xunta se nega a asumir Santiago de Compostela, 2 de setembro 2024 O deputado Oscar Insua lamenta <a class=\"mh-excerpt-more\" href=\"https:\/\/www.anovapeneira.gal\/index.php\/2024\/10\/08\/o-bng-lamenta-que-o-pp-non-se-comprometa-a-aumentar-o-orzamento-dos-concellos-para-o-ano-2025\/\" title=\"O BNG lamenta que o PP non se comprometa a aumentar o orzamento dos concellos para o ano 2025\">[&#8230;]<\/a><\/p>\n<\/div>","protected":false},"author":3,"featured_media":12544,"comment_status":"open","ping_status":"open","sticky":false,"template":"","format":"standard","meta":{"_exactmetrics_skip_tracking":false,"_exactmetrics_sitenote_active":false,"_exactmetrics_sitenote_note":"","_exactmetrics_sitenote_category":0,"footnotes":""},"categories":[263],"tags":[],"class_list":{"0":"post-12543","1":"post","2":"type-post","3":"status-publish","4":"format-standard","5":"has-post-thumbnail","7":"category-novas"},"yoast_head":"<!-- This site is optimized with the Yoast SEO plugin v27.4 - https:\/\/yoast.com\/product\/yoast-seo-wordpress\/ -->\n<title>O BNG lamenta que o PP non se comprometa a aumentar o orzamento dos concellos para o ano 2025 -<\/title>\n<meta name=\"robots\" content=\"index, follow, max-snippet:-1, max-image-preview:large, max-video-preview:-1\" \/>\n<link rel=\"canonical\" href=\"https:\/\/www.anovapeneira.gal\/index.php\/2024\/10\/08\/o-bng-lamenta-que-o-pp-non-se-comprometa-a-aumentar-o-orzamento-dos-concellos-para-o-ano-2025\/\" \/>\n<meta property=\"og:locale\" content=\"gl_ES\" \/>\n<meta property=\"og:type\" content=\"article\" \/>\n<meta property=\"og:title\" content=\"O BNG lamenta que o PP non se comprometa a aumentar o orzamento dos concellos para o ano 2025 -\" \/>\n<meta property=\"og:description\" content=\"O deputado Oscar Insua asegura que as administraci\u00f3ns locais te\u00f1en que facerse cargo de competencias impropias, que a Xunta se nega a asumir Santiago de Compostela, 2 de setembro 2024 O deputado Oscar Insua lamenta [...]\" \/>\n<meta property=\"og:url\" content=\"https:\/\/www.anovapeneira.gal\/index.php\/2024\/10\/08\/o-bng-lamenta-que-o-pp-non-se-comprometa-a-aumentar-o-orzamento-dos-concellos-para-o-ano-2025\/\" \/>\n<meta property=\"article:publisher\" content=\"https:\/\/www.facebook.com\/anovapeneira\" \/>\n<meta property=\"article:published_time\" content=\"2024-10-08T08:00:53+00:00\" \/>\n<meta property=\"og:image\" content=\"https:\/\/www.anovapeneira.gal\/wp-content\/uploads\/2024\/10\/oscar_Insua_bngpng.png\" \/>\n\t<meta property=\"og:image:width\" content=\"720\" \/>\n\t<meta property=\"og:image:height\" content=\"432\" \/>\n\t<meta property=\"og:image:type\" content=\"image\/png\" \/>\n<meta name=\"author\" content=\"Redacci\u00f3n A Nova Peneira\" \/>\n<meta name=\"twitter:card\" content=\"summary_large_image\" \/>\n<meta name=\"twitter:creator\" content=\"@APeneira\" \/>\n<meta name=\"twitter:site\" content=\"@APeneira\" \/>\n<meta name=\"twitter:label1\" content=\"Escrito por\" \/>\n\t<meta name=\"twitter:data1\" content=\"Redacci\u00f3n A Nova Peneira\" \/>\n\t<meta name=\"twitter:label2\" content=\"Tempo de lectura\" \/>\n\t<meta name=\"twitter:data2\" content=\"3 minutos\" \/>\n<script type=\"application\/ld+json\" class=\"yoast-schema-graph\">{\"@context\":\"https:\\\/\\\/schema.org\",\"@graph\":[{\"@type\":\"Article\",\"@id\":\"https:\\\/\\\/www.anovapeneira.gal\\\/index.php\\\/2024\\\/10\\\/08\\\/o-bng-lamenta-que-o-pp-non-se-comprometa-a-aumentar-o-orzamento-dos-concellos-para-o-ano-2025\\\/#article\",\"isPartOf\":{\"@id\":\"https:\\\/\\\/www.anovapeneira.gal\\\/index.php\\\/2024\\\/10\\\/08\\\/o-bng-lamenta-que-o-pp-non-se-comprometa-a-aumentar-o-orzamento-dos-concellos-para-o-ano-2025\\\/\"},\"author\":{\"name\":\"Redacci\u00f3n A Nova Peneira\",\"@id\":\"https:\\\/\\\/www.anovapeneira.gal\\\/#\\\/schema\\\/person\\\/b93e3f8932e3f8da96334607eb6ac6aa\"},\"headline\":\"O BNG lamenta que o PP non se comprometa a aumentar o orzamento dos concellos para o ano 2025\",\"datePublished\":\"2024-10-08T08:00:53+00:00\",\"mainEntityOfPage\":{\"@id\":\"https:\\\/\\\/www.anovapeneira.gal\\\/index.php\\\/2024\\\/10\\\/08\\\/o-bng-lamenta-que-o-pp-non-se-comprometa-a-aumentar-o-orzamento-dos-concellos-para-o-ano-2025\\\/\"},\"wordCount\":528,\"commentCount\":0,\"publisher\":{\"@id\":\"https:\\\/\\\/www.anovapeneira.gal\\\/#organization\"},\"image\":{\"@id\":\"https:\\\/\\\/www.anovapeneira.gal\\\/index.php\\\/2024\\\/10\\\/08\\\/o-bng-lamenta-que-o-pp-non-se-comprometa-a-aumentar-o-orzamento-dos-concellos-para-o-ano-2025\\\/#primaryimage\"},\"thumbnailUrl\":\"https:\\\/\\\/www.anovapeneira.gal\\\/wp-content\\\/uploads\\\/2024\\\/10\\\/oscar_Insua_bngpng.png\",\"articleSection\":[\"Novas\"],\"inLanguage\":\"gl-ES\",\"potentialAction\":[{\"@type\":\"CommentAction\",\"name\":\"Comment\",\"target\":[\"https:\\\/\\\/www.anovapeneira.gal\\\/index.php\\\/2024\\\/10\\\/08\\\/o-bng-lamenta-que-o-pp-non-se-comprometa-a-aumentar-o-orzamento-dos-concellos-para-o-ano-2025\\\/#respond\"]}]},{\"@type\":\"WebPage\",\"@id\":\"https:\\\/\\\/www.anovapeneira.gal\\\/index.php\\\/2024\\\/10\\\/08\\\/o-bng-lamenta-que-o-pp-non-se-comprometa-a-aumentar-o-orzamento-dos-concellos-para-o-ano-2025\\\/\",\"url\":\"https:\\\/\\\/www.anovapeneira.gal\\\/index.php\\\/2024\\\/10\\\/08\\\/o-bng-lamenta-que-o-pp-non-se-comprometa-a-aumentar-o-orzamento-dos-concellos-para-o-ano-2025\\\/\",\"name\":\"O BNG lamenta que o PP non se comprometa a aumentar o orzamento dos concellos para o ano 2025 -\",\"isPartOf\":{\"@id\":\"https:\\\/\\\/www.anovapeneira.gal\\\/#website\"},\"primaryImageOfPage\":{\"@id\":\"https:\\\/\\\/www.anovapeneira.gal\\\/index.php\\\/2024\\\/10\\\/08\\\/o-bng-lamenta-que-o-pp-non-se-comprometa-a-aumentar-o-orzamento-dos-concellos-para-o-ano-2025\\\/#primaryimage\"},\"image\":{\"@id\":\"https:\\\/\\\/www.anovapeneira.gal\\\/index.php\\\/2024\\\/10\\\/08\\\/o-bng-lamenta-que-o-pp-non-se-comprometa-a-aumentar-o-orzamento-dos-concellos-para-o-ano-2025\\\/#primaryimage\"},\"thumbnailUrl\":\"https:\\\/\\\/www.anovapeneira.gal\\\/wp-content\\\/uploads\\\/2024\\\/10\\\/oscar_Insua_bngpng.png\",\"datePublished\":\"2024-10-08T08:00:53+00:00\",\"breadcrumb\":{\"@id\":\"https:\\\/\\\/www.anovapeneira.gal\\\/index.php\\\/2024\\\/10\\\/08\\\/o-bng-lamenta-que-o-pp-non-se-comprometa-a-aumentar-o-orzamento-dos-concellos-para-o-ano-2025\\\/#breadcrumb\"},\"inLanguage\":\"gl-ES\",\"potentialAction\":[{\"@type\":\"ReadAction\",\"target\":[\"https:\\\/\\\/www.anovapeneira.gal\\\/index.php\\\/2024\\\/10\\\/08\\\/o-bng-lamenta-que-o-pp-non-se-comprometa-a-aumentar-o-orzamento-dos-concellos-para-o-ano-2025\\\/\"]}]},{\"@type\":\"ImageObject\",\"inLanguage\":\"gl-ES\",\"@id\":\"https:\\\/\\\/www.anovapeneira.gal\\\/index.php\\\/2024\\\/10\\\/08\\\/o-bng-lamenta-que-o-pp-non-se-comprometa-a-aumentar-o-orzamento-dos-concellos-para-o-ano-2025\\\/#primaryimage\",\"url\":\"https:\\\/\\\/www.anovapeneira.gal\\\/wp-content\\\/uploads\\\/2024\\\/10\\\/oscar_Insua_bngpng.png\",\"contentUrl\":\"https:\\\/\\\/www.anovapeneira.gal\\\/wp-content\\\/uploads\\\/2024\\\/10\\\/oscar_Insua_bngpng.png\",\"width\":720,\"height\":432,\"caption\":\"Oscar Insua\"},{\"@type\":\"BreadcrumbList\",\"@id\":\"https:\\\/\\\/www.anovapeneira.gal\\\/index.php\\\/2024\\\/10\\\/08\\\/o-bng-lamenta-que-o-pp-non-se-comprometa-a-aumentar-o-orzamento-dos-concellos-para-o-ano-2025\\\/#breadcrumb\",\"itemListElement\":[{\"@type\":\"ListItem\",\"position\":1,\"name\":\"Portada\",\"item\":\"https:\\\/\\\/www.anovapeneira.gal\\\/\"},{\"@type\":\"ListItem\",\"position\":2,\"name\":\"O BNG lamenta que o PP non se comprometa a aumentar o orzamento dos concellos para o ano 2025\"}]},{\"@type\":\"WebSite\",\"@id\":\"https:\\\/\\\/www.anovapeneira.gal\\\/#website\",\"url\":\"https:\\\/\\\/www.anovapeneira.gal\\\/\",\"name\":\"\",\"description\":\"Xornal galego de informaci\u00f3n xeral Publicaci\u00f3n mensual de novas de Galicia e en especial dos Concellos da sur da provincia de Pontevedra.\",\"publisher\":{\"@id\":\"https:\\\/\\\/www.anovapeneira.gal\\\/#organization\"},\"potentialAction\":[{\"@type\":\"SearchAction\",\"target\":{\"@type\":\"EntryPoint\",\"urlTemplate\":\"https:\\\/\\\/www.anovapeneira.gal\\\/?s={search_term_string}\"},\"query-input\":{\"@type\":\"PropertyValueSpecification\",\"valueRequired\":true,\"valueName\":\"search_term_string\"}}],\"inLanguage\":\"gl-ES\"},{\"@type\":\"Organization\",\"@id\":\"https:\\\/\\\/www.anovapeneira.gal\\\/#organization\",\"name\":\"A Nova Peneira\",\"url\":\"https:\\\/\\\/www.anovapeneira.gal\\\/\",\"logo\":{\"@type\":\"ImageObject\",\"inLanguage\":\"gl-ES\",\"@id\":\"https:\\\/\\\/www.anovapeneira.gal\\\/#\\\/schema\\\/logo\\\/image\\\/\",\"url\":\"http:\\\/\\\/www.anovapeneira.gal\\\/wp-content\\\/uploads\\\/2019\\\/06\\\/logo_a_nova_peneira_portal_web.png\",\"contentUrl\":\"http:\\\/\\\/www.anovapeneira.gal\\\/wp-content\\\/uploads\\\/2019\\\/06\\\/logo_a_nova_peneira_portal_web.png\",\"width\":300,\"height\":100,\"caption\":\"A Nova Peneira\"},\"image\":{\"@id\":\"https:\\\/\\\/www.anovapeneira.gal\\\/#\\\/schema\\\/logo\\\/image\\\/\"},\"sameAs\":[\"https:\\\/\\\/www.facebook.com\\\/anovapeneira\",\"https:\\\/\\\/x.com\\\/APeneira\"]},{\"@type\":\"Person\",\"@id\":\"https:\\\/\\\/www.anovapeneira.gal\\\/#\\\/schema\\\/person\\\/b93e3f8932e3f8da96334607eb6ac6aa\",\"name\":\"Redacci\u00f3n A Nova Peneira\",\"image\":{\"@type\":\"ImageObject\",\"inLanguage\":\"gl-ES\",\"@id\":\"https:\\\/\\\/secure.gravatar.com\\\/avatar\\\/c052a2551a06e23fac63626232eaa90abd78dbcf1700fc46a2b2c89fd27b735f?s=96&d=mm&r=g\",\"url\":\"https:\\\/\\\/secure.gravatar.com\\\/avatar\\\/c052a2551a06e23fac63626232eaa90abd78dbcf1700fc46a2b2c89fd27b735f?s=96&d=mm&r=g\",\"contentUrl\":\"https:\\\/\\\/secure.gravatar.com\\\/avatar\\\/c052a2551a06e23fac63626232eaa90abd78dbcf1700fc46a2b2c89fd27b735f?s=96&d=mm&r=g\",\"caption\":\"Redacci\u00f3n A Nova Peneira\"},\"sameAs\":[\"http:\\\/\\\/www.anovapeneira.gal\\\/\"],\"url\":\"https:\\\/\\\/www.anovapeneira.gal\\\/index.php\\\/author\\\/redactor\\\/\"}]}<\/script>\n<!-- \/ Yoast SEO plugin. -->","yoast_head_json":{"title":"O BNG lamenta que o PP non se comprometa a aumentar o orzamento dos concellos para o ano 2025 -","robots":{"index":"index","follow":"follow","max-snippet":"max-snippet:-1","max-image-preview":"max-image-preview:large","max-video-preview":"max-video-preview:-1"},"canonical":"https:\/\/www.anovapeneira.gal\/index.php\/2024\/10\/08\/o-bng-lamenta-que-o-pp-non-se-comprometa-a-aumentar-o-orzamento-dos-concellos-para-o-ano-2025\/","og_locale":"gl_ES","og_type":"article","og_title":"O BNG lamenta que o PP non se comprometa a aumentar o orzamento dos concellos para o ano 2025 -","og_description":"O deputado Oscar Insua asegura que as administraci\u00f3ns locais te\u00f1en que facerse cargo de competencias impropias, que a Xunta se nega a asumir Santiago de Compostela, 2 de setembro 2024 O deputado Oscar Insua lamenta [...]","og_url":"https:\/\/www.anovapeneira.gal\/index.php\/2024\/10\/08\/o-bng-lamenta-que-o-pp-non-se-comprometa-a-aumentar-o-orzamento-dos-concellos-para-o-ano-2025\/","article_publisher":"https:\/\/www.facebook.com\/anovapeneira","article_published_time":"2024-10-08T08:00:53+00:00","og_image":[{"width":720,"height":432,"url":"https:\/\/www.anovapeneira.gal\/wp-content\/uploads\/2024\/10\/oscar_Insua_bngpng.png","type":"image\/png"}],"author":"Redacci\u00f3n A Nova Peneira","twitter_card":"summary_large_image","twitter_creator":"@APeneira","twitter_site":"@APeneira","twitter_misc":{"Escrito por":"Redacci\u00f3n A Nova Peneira","Tempo de lectura":"3 minutos"},"schema":{"@context":"https:\/\/schema.org","@graph":[{"@type":"Article","@id":"https:\/\/www.anovapeneira.gal\/index.php\/2024\/10\/08\/o-bng-lamenta-que-o-pp-non-se-comprometa-a-aumentar-o-orzamento-dos-concellos-para-o-ano-2025\/#article","isPartOf":{"@id":"https:\/\/www.anovapeneira.gal\/index.php\/2024\/10\/08\/o-bng-lamenta-que-o-pp-non-se-comprometa-a-aumentar-o-orzamento-dos-concellos-para-o-ano-2025\/"},"author":{"name":"Redacci\u00f3n A Nova Peneira","@id":"https:\/\/www.anovapeneira.gal\/#\/schema\/person\/b93e3f8932e3f8da96334607eb6ac6aa"},"headline":"O BNG lamenta que o PP non se comprometa a aumentar o orzamento dos concellos para o ano 2025","datePublished":"2024-10-08T08:00:53+00:00","mainEntityOfPage":{"@id":"https:\/\/www.anovapeneira.gal\/index.php\/2024\/10\/08\/o-bng-lamenta-que-o-pp-non-se-comprometa-a-aumentar-o-orzamento-dos-concellos-para-o-ano-2025\/"},"wordCount":528,"commentCount":0,"publisher":{"@id":"https:\/\/www.anovapeneira.gal\/#organization"},"image":{"@id":"https:\/\/www.anovapeneira.gal\/index.php\/2024\/10\/08\/o-bng-lamenta-que-o-pp-non-se-comprometa-a-aumentar-o-orzamento-dos-concellos-para-o-ano-2025\/#primaryimage"},"thumbnailUrl":"https:\/\/www.anovapeneira.gal\/wp-content\/uploads\/2024\/10\/oscar_Insua_bngpng.png","articleSection":["Novas"],"inLanguage":"gl-ES","potentialAction":[{"@type":"CommentAction","name":"Comment","target":["https:\/\/www.anovapeneira.gal\/index.php\/2024\/10\/08\/o-bng-lamenta-que-o-pp-non-se-comprometa-a-aumentar-o-orzamento-dos-concellos-para-o-ano-2025\/#respond"]}]},{"@type":"WebPage","@id":"https:\/\/www.anovapeneira.gal\/index.php\/2024\/10\/08\/o-bng-lamenta-que-o-pp-non-se-comprometa-a-aumentar-o-orzamento-dos-concellos-para-o-ano-2025\/","url":"https:\/\/www.anovapeneira.gal\/index.php\/2024\/10\/08\/o-bng-lamenta-que-o-pp-non-se-comprometa-a-aumentar-o-orzamento-dos-concellos-para-o-ano-2025\/","name":"O BNG lamenta que o PP non se comprometa a aumentar o orzamento dos concellos para o ano 2025 -","isPartOf":{"@id":"https:\/\/www.anovapeneira.gal\/#website"},"primaryImageOfPage":{"@id":"https:\/\/www.anovapeneira.gal\/index.php\/2024\/10\/08\/o-bng-lamenta-que-o-pp-non-se-comprometa-a-aumentar-o-orzamento-dos-concellos-para-o-ano-2025\/#primaryimage"},"image":{"@id":"https:\/\/www.anovapeneira.gal\/index.php\/2024\/10\/08\/o-bng-lamenta-que-o-pp-non-se-comprometa-a-aumentar-o-orzamento-dos-concellos-para-o-ano-2025\/#primaryimage"},"thumbnailUrl":"https:\/\/www.anovapeneira.gal\/wp-content\/uploads\/2024\/10\/oscar_Insua_bngpng.png","datePublished":"2024-10-08T08:00:53+00:00","breadcrumb":{"@id":"https:\/\/www.anovapeneira.gal\/index.php\/2024\/10\/08\/o-bng-lamenta-que-o-pp-non-se-comprometa-a-aumentar-o-orzamento-dos-concellos-para-o-ano-2025\/#breadcrumb"},"inLanguage":"gl-ES","potentialAction":[{"@type":"ReadAction","target":["https:\/\/www.anovapeneira.gal\/index.php\/2024\/10\/08\/o-bng-lamenta-que-o-pp-non-se-comprometa-a-aumentar-o-orzamento-dos-concellos-para-o-ano-2025\/"]}]},{"@type":"ImageObject","inLanguage":"gl-ES","@id":"https:\/\/www.anovapeneira.gal\/index.php\/2024\/10\/08\/o-bng-lamenta-que-o-pp-non-se-comprometa-a-aumentar-o-orzamento-dos-concellos-para-o-ano-2025\/#primaryimage","url":"https:\/\/www.anovapeneira.gal\/wp-content\/uploads\/2024\/10\/oscar_Insua_bngpng.png","contentUrl":"https:\/\/www.anovapeneira.gal\/wp-content\/uploads\/2024\/10\/oscar_Insua_bngpng.png","width":720,"height":432,"caption":"Oscar Insua"},{"@type":"BreadcrumbList","@id":"https:\/\/www.anovapeneira.gal\/index.php\/2024\/10\/08\/o-bng-lamenta-que-o-pp-non-se-comprometa-a-aumentar-o-orzamento-dos-concellos-para-o-ano-2025\/#breadcrumb","itemListElement":[{"@type":"ListItem","position":1,"name":"Portada","item":"https:\/\/www.anovapeneira.gal\/"},{"@type":"ListItem","position":2,"name":"O BNG lamenta que o PP non se comprometa a aumentar o orzamento dos concellos para o ano 2025"}]},{"@type":"WebSite","@id":"https:\/\/www.anovapeneira.gal\/#website","url":"https:\/\/www.anovapeneira.gal\/","name":"","description":"Xornal galego de informaci\u00f3n xeral Publicaci\u00f3n mensual de novas de Galicia e en especial dos Concellos da sur da provincia de Pontevedra.","publisher":{"@id":"https:\/\/www.anovapeneira.gal\/#organization"},"potentialAction":[{"@type":"SearchAction","target":{"@type":"EntryPoint","urlTemplate":"https:\/\/www.anovapeneira.gal\/?s={search_term_string}"},"query-input":{"@type":"PropertyValueSpecification","valueRequired":true,"valueName":"search_term_string"}}],"inLanguage":"gl-ES"},{"@type":"Organization","@id":"https:\/\/www.anovapeneira.gal\/#organization","name":"A Nova Peneira","url":"https:\/\/www.anovapeneira.gal\/","logo":{"@type":"ImageObject","inLanguage":"gl-ES","@id":"https:\/\/www.anovapeneira.gal\/#\/schema\/logo\/image\/","url":"http:\/\/www.anovapeneira.gal\/wp-content\/uploads\/2019\/06\/logo_a_nova_peneira_portal_web.png","contentUrl":"http:\/\/www.anovapeneira.gal\/wp-content\/uploads\/2019\/06\/logo_a_nova_peneira_portal_web.png","width":300,"height":100,"caption":"A Nova Peneira"},"image":{"@id":"https:\/\/www.anovapeneira.gal\/#\/schema\/logo\/image\/"},"sameAs":["https:\/\/www.facebook.com\/anovapeneira","https:\/\/x.com\/APeneira"]},{"@type":"Person","@id":"https:\/\/www.anovapeneira.gal\/#\/schema\/person\/b93e3f8932e3f8da96334607eb6ac6aa","name":"Redacci\u00f3n A Nova Peneira","image":{"@type":"ImageObject","inLanguage":"gl-ES","@id":"https:\/\/secure.gravatar.com\/avatar\/c052a2551a06e23fac63626232eaa90abd78dbcf1700fc46a2b2c89fd27b735f?s=96&d=mm&r=g","url":"https:\/\/secure.gravatar.com\/avatar\/c052a2551a06e23fac63626232eaa90abd78dbcf1700fc46a2b2c89fd27b735f?s=96&d=mm&r=g","contentUrl":"https:\/\/secure.gravatar.com\/avatar\/c052a2551a06e23fac63626232eaa90abd78dbcf1700fc46a2b2c89fd27b735f?s=96&d=mm&r=g","caption":"Redacci\u00f3n A Nova Peneira"},"sameAs":["http:\/\/www.anovapeneira.gal\/"],"url":"https:\/\/www.anovapeneira.gal\/index.php\/author\/redactor\/"}]}},"jetpack_featured_media_url":"https:\/\/www.anovapeneira.gal\/wp-content\/uploads\/2024\/10\/oscar_Insua_bngpng.png","_links":{"self":[{"href":"https:\/\/www.anovapeneira.gal\/index.php\/wp-json\/wp\/v2\/posts\/12543","targetHints":{"allow":["GET"]}}],"collection":[{"href":"https:\/\/www.anovapeneira.gal\/index.php\/wp-json\/wp\/v2\/posts"}],"about":[{"href":"https:\/\/www.anovapeneira.gal\/index.php\/wp-json\/wp\/v2\/types\/post"}],"author":[{"embeddable":true,"href":"https:\/\/www.anovapeneira.gal\/index.php\/wp-json\/wp\/v2\/users\/3"}],"replies":[{"embeddable":true,"href":"https:\/\/www.anovapeneira.gal\/index.php\/wp-json\/wp\/v2\/comments?post=12543"}],"version-history":[{"count":1,"href":"https:\/\/www.anovapeneira.gal\/index.php\/wp-json\/wp\/v2\/posts\/12543\/revisions"}],"predecessor-version":[{"id":12545,"href":"https:\/\/www.anovapeneira.gal\/index.php\/wp-json\/wp\/v2\/posts\/12543\/revisions\/12545"}],"wp:featuredmedia":[{"embeddable":true,"href":"https:\/\/www.anovapeneira.gal\/index.php\/wp-json\/wp\/v2\/media\/12544"}],"wp:attachment":[{"href":"https:\/\/www.anovapeneira.gal\/index.php\/wp-json\/wp\/v2\/media?parent=12543"}],"wp:term":[{"taxonomy":"category","embeddable":true,"href":"https:\/\/www.anovapeneira.gal\/index.php\/wp-json\/wp\/v2\/categories?post=12543"},{"taxonomy":"post_tag","embeddable":true,"href":"https:\/\/www.anovapeneira.gal\/index.php\/wp-json\/wp\/v2\/tags?post=12543"}],"curies":[{"name":"wp","href":"https:\/\/api.w.org\/{rel}","templated":true}]}}