{"id":12548,"date":"2024-10-09T10:00:29","date_gmt":"2024-10-09T08:00:29","guid":{"rendered":"https:\/\/www.anovapeneira.gal\/?p=12548"},"modified":"2024-10-07T12:59:17","modified_gmt":"2024-10-07T10:59:17","slug":"a-mirada-de-outras-i","status":"publish","type":"post","link":"https:\/\/www.anovapeneira.gal\/index.php\/2024\/10\/09\/a-mirada-de-outras-i\/","title":{"rendered":"A mirada de outras I"},"content":{"rendered":"\n<p><strong>Iniciamos esta xeira de reportaxes nas que distintas persoas estranxeiras que viven no pa\u00eds galego nos contar\u00e1n o m\u00e1is relevante dos seus lugares de orixe, as\u00ed como a visi\u00f3n que elas te\u00f1en de Galicia. Comezamos falando de Cuba, un pa\u00eds moi importante para moitos galegos e galegas que ao longo da historia trataron de atopar a prosperidade que aqu\u00ed non pod\u00edan encontrar.<\/strong><\/p>\n\n\n\n<p><strong>Yusneidi P\u00e9rez, Cuba.<\/strong><\/p>\n\n\n\n<h2 class=\"wp-block-heading\">\u201c<strong>O \u00fanico motivo que nos impulsa a marchar de Cuba \u00e9 a situaci\u00f3n econ\u00f3mica. Se Cuba estivera mellor, ningu\u00e9n se ir\u00eda da Illa\u201d<\/strong><\/h2>\n\n\n\n<p><strong>Yus, para os seus amigos e amigas, \u00e9 natural de Santiago de Cuba, naceu en abril do ano 1984.Toda a s\u00faa familia \u00e9 cubana a\u00ednda que con algunha ascendencia espa\u00f1ola por ambas partes, sen que a nosa protagonista saiba exactamente o seu lugar de procedencia, pois xa estariamos falando de varias xeraci\u00f3ns atr\u00e1s. Leva en Vigo desde o 2019 e traballa en hostalar\u00eda , no mesmo local case desde que chegou \u00e1 nosa cidade. Ela \u00e9 unha moza moi amable e intelectualmente curiosa que fala do seu pa\u00eds con paix\u00f3n , pois confesa que est\u00e1 emocionalmente moi vinculada \u00e1 s\u00faa patria, e que s\u00f3 a situaci\u00f3n econ\u00f3mica na que se encontra a illa caribe\u00f1a \u00e9 a \u00fanica raz\u00f3n que a empurrou a marchar<\/strong><\/p>\n\n\n\n<p><strong>Como \u00e9 a cidade onde ti naciches?<\/strong><\/p>\n\n\n\n<blockquote class=\"wp-block-quote is-layout-flow wp-block-quote-is-layout-flow\">\n<p>Pois para min \u00e9 a cidade m\u00e1is bonita do mundo, desde logo .\u00c9 a cidade na que nac\u00edn, na que viv\u00edn a mi\u00f1a infancia e mocidade, os mellores anos da vida, e na que a\u00ednda viven moitas persoas \u00e1s que quero e coas que estou vinculada afectivamente. E te\u00f1o claro que estea nas localidades que estea, no tempo que me quede de vida, vou seguir dicindo o mesmo; A mi\u00f1a \u00e9 a cidade m\u00e1is bonita do mundo. \u00c9 unha cidade algo m\u00e1is grande que Vigo, debemos de ser arredor de medio mill\u00f3n de habitantes, ten sitios preciosos, pero lamentablemente est\u00e1 deteriorada .Fac\u00edalle falta actuaci\u00f3ns importantes e urxentes.<\/p>\n<\/blockquote>\n\n\n\n<p><strong>Por que non se fan?<\/strong><\/p>\n\n\n\n<blockquote class=\"wp-block-quote is-layout-flow wp-block-quote-is-layout-flow\">\n<p>Porque non hai cartos suficientes.<\/p>\n<\/blockquote>\n\n\n\n<p><strong>Que nos recomendas visitar na t\u00faa cidade?<\/strong><\/p>\n\n\n\n<blockquote class=\"wp-block-quote is-layout-flow wp-block-quote-is-layout-flow\">\n<p>Hai un feixe de sitios bonitos en Santiago: O centro hist\u00f3rico \u00e9 moi recomendable, a catedral, o hotel Casa Granda, un hotel hist\u00f3rico cun encanto especial, A casa da Trova, un lugar precioso para desenvolver distintas actividades culturais,o museo Tom\u00e1s Romay, un impresionante museo de ciencias naturais&#8230;.<\/p>\n<\/blockquote>\n\n\n\n<p><strong>En que a\u00f1o vi\u00f1eches a Galicia?<\/strong><\/p>\n\n\n\n<blockquote class=\"wp-block-quote is-layout-flow wp-block-quote-is-layout-flow\">\n<p>Sa\u00edn de Cuba no ano 17, estiven primeiro en Madrid, e desde o ano 19 xa estou en Vigo.<\/p>\n<\/blockquote>\n\n\n\n<p><strong>Como \u00e9 o clima da zona na que ti naciches?<\/strong><\/p>\n\n\n\n<blockquote class=\"wp-block-quote is-layout-flow wp-block-quote-is-layout-flow\">\n<p>Vai moito m\u00e1is calor ca en Galicia. De feito noto moita diferenza. A chuvia tan abundante que tedes aqu\u00ed en verdade ab\u00e1fame un pouco.<\/p>\n<\/blockquote>\n\n\n\n<p><strong>Botas de menos o pa\u00eds?<\/strong><\/p>\n\n\n\n<blockquote class=\"wp-block-quote is-layout-flow wp-block-quote-is-layout-flow\">\n<p>Si, moit\u00edsimo<\/p>\n<\/blockquote>\n\n\n\n<p><strong>Especialmente en que?<\/strong><\/p>\n\n\n\n<blockquote class=\"wp-block-quote is-layout-flow wp-block-quote-is-layout-flow\">\n<p>O que m\u00e1is boto de menos \u00e9 a mi\u00f1a familia, desde logo, e a todas as persoas que quero. Pero o choque cultural \u00e9 tam\u00e9n moi relevante. N\u00f3s enfocamos a vida doutra maneira. Temos obrigas e responsabilidades, por suposto, pero n\u00f3s non nos estresamos tanto.<\/p>\n<\/blockquote>\n\n\n\n<p><strong>Visitas o pa\u00eds con frecuencia?<\/strong><\/p>\n\n\n\n<blockquote class=\"wp-block-quote is-layout-flow wp-block-quote-is-layout-flow\">\n<p>Si, este ano non puiden ir pero vou con bastante asiduidade.<\/p>\n<\/blockquote>\n\n\n\n<p><strong>Cales son as comidas m\u00e1is t\u00edpicas de Cuba?<\/strong><\/p>\n\n\n\n<blockquote class=\"wp-block-quote is-layout-flow wp-block-quote-is-layout-flow\">\n<p>O congr\u00ed<\/p>\n<\/blockquote>\n\n\n\n<p><strong>Que \u00e9 ?<\/strong><\/p>\n\n\n\n<blockquote class=\"wp-block-quote is-layout-flow wp-block-quote-is-layout-flow\">\n<p>\u00c9 o arroz con feix\u00f3ns. Tam\u00e9n destacar\u00eda a carne de porco asada, a roupa vella, os tostones&#8230;<\/p>\n<\/blockquote>\n\n\n\n<p><strong>Ese \u00faltimo non o co\u00f1ezo. En que consiste?<\/strong><\/p>\n\n\n\n<blockquote class=\"wp-block-quote is-layout-flow wp-block-quote-is-layout-flow\">\n<p>\u00c9 moi simple pero est\u00e1 exquisito. Faise con pl\u00e1tano e leva allo, aceite e sal..Tam\u00e9n pod\u00eda mencionar a Iuca , o millo, os mojitos&#8230;En definitiva en cuesti\u00f3n de comidas temos unha variedade moi ampla.<\/p>\n<\/blockquote>\n\n\n\n<p><strong>As festas m\u00e1is caracter\u00edsticas cales son?<\/strong><\/p>\n\n\n\n<blockquote class=\"wp-block-quote is-layout-flow wp-block-quote-is-layout-flow\">\n<p>O Entroido. Tam\u00e9n \u00e9 moi importante para n\u00f3s o que chamamos a semana da cultura.<\/p>\n<\/blockquote>\n\n\n\n<p><strong>O pobo cubano en xeral \u00e9 moi festeiro verdade?<\/strong><\/p>\n\n\n\n<blockquote class=\"wp-block-quote is-layout-flow wp-block-quote-is-layout-flow\">\n<p>Absolutamente si. Enc\u00e1ntanos a festa. N\u00f3s facemos unha festa de calquera cousa. Sempre que podemos aproveitamos para rir e gozar da vida coas persoas que queremos.<\/p>\n<\/blockquote>\n\n\n\n<p><strong>Como est\u00e1 a sanidade?<\/strong><\/p>\n\n\n\n<blockquote class=\"wp-block-quote is-layout-flow wp-block-quote-is-layout-flow\">\n<p>A sanidade \u00e9 moi importante en Cuba. Absolutamente todo \u00e9 de balde, non hai listas de espera e d\u00e1selle moita importancia \u00e1 correcta atenci\u00f3n sanitaria da poboaci\u00f3n. Por desgraza non hai medios suficientes. A falta de di\u00f1eiro impide que os centros sanitarios conten cos medios adecuados.<\/p>\n<\/blockquote>\n\n\n\n<p><strong>No que respecta \u00e1 educaci\u00f3n?<\/strong><\/p>\n\n\n\n<blockquote class=\"wp-block-quote is-layout-flow wp-block-quote-is-layout-flow\">\n<p>D\u00edgoche exactamente o mesmo que o que mencionei da sanidade.<\/p>\n<\/blockquote>\n\n\n\n<p><strong>Ti tes formaci\u00f3n en psicolox\u00eda. Algunha vez pagaches algo nos teus estudos?<\/strong><\/p>\n\n\n\n<blockquote class=\"wp-block-quote is-layout-flow wp-block-quote-is-layout-flow\">\n<p>Nunca xamais. Sempre foi todo gratis. Todo o pagou o estado.<\/p>\n<\/blockquote>\n\n\n\n<p><strong>Ti estabas c\u00f3moda vivindo en Cuba?<\/strong><\/p>\n\n\n\n<blockquote class=\"wp-block-quote is-layout-flow wp-block-quote-is-layout-flow\">\n<p>Si.<\/p>\n<\/blockquote>\n\n\n\n<p><strong>Se non fose pola cuesti\u00f3n econ\u00f3mica ter\u00edas quedado no teu pa\u00eds?<\/strong><\/p>\n\n\n\n<blockquote class=\"wp-block-quote is-layout-flow wp-block-quote-is-layout-flow\">\n<p>Sen ningunha d\u00fabida si. E non eu soa, sen\u00f3n todos os cubanos que emigran.<\/p>\n<\/blockquote>\n\n\n\n<p><strong>Que sentimento xeran na illa os cubanos de Miami?<\/strong><\/p>\n\n\n\n<blockquote class=\"wp-block-quote is-layout-flow wp-block-quote-is-layout-flow\">\n<p>Eles axudan as s\u00faas familias en Cuba igual que calquera outro en calquera outro sitio. As persoas que emigran axudan a moitos a subsistir polo tanto non hai nada malo que dicir.<\/p>\n<\/blockquote>\n\n\n\n<p><strong>Os deportistas destacados que asumen a nacionalidade doutro pa\u00eds non xeran rexeitamento?<\/strong><\/p>\n\n\n\n<blockquote class=\"wp-block-quote is-layout-flow wp-block-quote-is-layout-flow\">\n<p>Non, comprend\u00e9molos. O \u00fanico problema que motiva a necesidade de emigrar \u00e9 a falta de medios econ\u00f3micos. De non ser por iso ningu\u00e9n marchar\u00eda de Cuba<\/p>\n<\/blockquote>\n\n\n\n<p><strong>Por que vi\u00f1eches ti, por ese motivo que mencionas?<\/strong><\/p>\n\n\n\n<blockquote class=\"wp-block-quote is-layout-flow wp-block-quote-is-layout-flow\">\n<p>Si,por ter a posibilidade de ga\u00f1ar m\u00e1is di\u00f1eiro e poder vivir mellor. S\u00f3 por iso. En Cuba cada vez as cousas se po\u00f1en m\u00e1is complicadas. Estar aqu\u00ed d\u00e1me a posibilidade de axudar \u00e1 mi\u00f1a familia na illa.<\/p>\n<\/blockquote>\n\n\n\n<p><strong>A maior parte das persoas da t\u00faa xeraci\u00f3n, os que agora est\u00e1n nos 30\/40 anos de idade est\u00e1n politizadas?<\/strong><\/p>\n\n\n\n<blockquote class=\"wp-block-quote is-layout-flow wp-block-quote-is-layout-flow\">\n<p>Hai de todo. Non saber\u00eda dicir se hai m\u00e1is que si o est\u00e1n, ou se hai m\u00e1is que non te\u00f1en interese na pol\u00edtica, pero o certo \u00e9 que podes atopar ambos casos con frecuencia. Os que si o est\u00e1 militan na UJC ( uni\u00f3n de j\u00f3venes comunistas).<\/p>\n<\/blockquote>\n\n\n\n<p><strong>Entre as persoas novas que non queren militar observas moita opini\u00f3n contraria ao sistema?<\/strong><\/p>\n\n\n\n<blockquote class=\"wp-block-quote is-layout-flow wp-block-quote-is-layout-flow\">\n<p>O que observo eu \u00e9 non tanto hostilidade cara ao sistema, sen\u00f3n desexos de progresar e de poder vivir con dignidade.<\/p>\n<\/blockquote>\n\n\n\n<p><strong>Que suscita m\u00e1is rechazo o bloqueo dos ianquis, ou o sistema en si?<\/strong><\/p>\n\n\n\n<blockquote class=\"wp-block-quote is-layout-flow wp-block-quote-is-layout-flow\">\n<p>Depende de a quen llo preguntes. Hai xente que pensa de maneiras moi diferentes.<\/p>\n<\/blockquote>\n\n\n\n<p><strong>Cando chegaches a Galicia sent\u00edcheste c\u00f3moda ou notaches alg\u00fan tipo de rexeitamento?<\/strong><\/p>\n\n\n\n<blockquote class=\"wp-block-quote is-layout-flow wp-block-quote-is-layout-flow\">\n<p>Eu non dir\u00eda rechazo, pero si que me custou un pouco o choque cultual. N\u00f3s somos moi abertos e sociables, e os galegos en xeral sodes m\u00e1is pechados. Esa diferencia nun primeiro momento fixo que non o pasara moi ben.<\/p>\n<\/blockquote>\n\n\n\n<p><strong>Est\u00e1s contenta no traballo que tes actualmente?<\/strong><\/p>\n\n\n\n<blockquote class=\"wp-block-quote is-layout-flow wp-block-quote-is-layout-flow\">\n<p>Si, moito. Te\u00f1o moi boa relaci\u00f3n cos clientes, coas mi\u00f1as compa\u00f1eiras e coa empresa. Trato de dar o mellor de min mesma para ofrecer un bo servizo a quen nos visite, e creo que esa \u00e9 a percepci\u00f3n xeral que hai do meu traballo.<\/p>\n<\/blockquote>\n\n\n\n<p><strong>A comunidade cubana de Vigo \u00e9 numerosa?<\/strong><\/p>\n\n\n\n<blockquote class=\"wp-block-quote is-layout-flow wp-block-quote-is-layout-flow\">\n<p>Si, moi numerosa. Podo dicirche que estou nun chat colectivo de cubanos e cubanas en Vigo, e est\u00e1 composta por arredor de 200 persoas.<\/p>\n<\/blockquote>\n\n\n\n<p><strong>En li\u00f1as xerais a comunidade cubana de Vigo \u00e9 favorable ou contraria ao sistema?<\/strong><\/p>\n\n\n\n<blockquote class=\"wp-block-quote is-layout-flow wp-block-quote-is-layout-flow\">\n<p>Hai de todo.<\/p>\n<\/blockquote>\n\n\n\n<p><strong>Agora mesmo un cubano medio pode vivir na illa con dignidade?<\/strong><\/p>\n\n\n\n<blockquote class=\"wp-block-quote is-layout-flow wp-block-quote-is-layout-flow\">\n<p>Con dignidade moral por suposto que si, pero por desgraza te\u00f1o que contestar que con dignidade econ\u00f3mica creo que non. Hai demasiadas carencias.<\/p>\n<\/blockquote>\n\n\n\n<p><strong>Se chegase alg\u00fan d\u00eda no que as posibilidades e o nivel de vida de Cuba fosen semellantes \u00e1s que hai en Europa, volver\u00edas?<\/strong><\/p>\n\n\n\n<blockquote class=\"wp-block-quote is-layout-flow wp-block-quote-is-layout-flow\">\n<p>Sen ningunha d\u00fabida si, si que volver\u00eda. Estou contenta en Vigo e podo permitirme ter unha vida digna, pero como che dixen ao principio: os v\u00ednculos emocionais que te\u00f1o co meu pa\u00eds son moi elevados e encantar\u00edame poder estar na mi\u00f1a terra, apertar todos os d\u00edas \u00e1 xente que quero, respirar o meu aire e sentir o meu sol,o aire e o sol de Cuba.. Se por desgraza esa situaci\u00f3n que describes non se dera, agardo poder traer \u00e1 mi\u00f1a familia.<\/p>\n<\/blockquote>\n","protected":false},"excerpt":{"rendered":"<div class=\"mh-excerpt\"><p>Iniciamos esta xeira de reportaxes nas que distintas persoas estranxeiras que viven no pa\u00eds galego nos contar\u00e1n o m\u00e1is relevante dos seus lugares de orixe, as\u00ed como a visi\u00f3n que elas te\u00f1en de Galicia <a class=\"mh-excerpt-more\" href=\"https:\/\/www.anovapeneira.gal\/index.php\/2024\/10\/09\/a-mirada-de-outras-i\/\" title=\"A mirada de outras I\">[&#8230;]<\/a><\/p>\n<\/div>","protected":false},"author":2,"featured_media":12549,"comment_status":"open","ping_status":"open","sticky":false,"template":"","format":"standard","meta":{"_exactmetrics_skip_tracking":false,"_exactmetrics_sitenote_active":false,"_exactmetrics_sitenote_note":"","_exactmetrics_sitenote_category":0,"footnotes":""},"categories":[589],"tags":[1401],"class_list":{"0":"post-12548","1":"post","2":"type-post","3":"status-publish","4":"format-standard","5":"has-post-thumbnail","7":"category-reportaxe_galicia","8":"tag-galegas-polo-mundo"},"yoast_head":"<!-- This site is optimized with the Yoast SEO plugin v27.4 - https:\/\/yoast.com\/product\/yoast-seo-wordpress\/ -->\n<title>A mirada de outras I -<\/title>\n<meta name=\"robots\" content=\"index, follow, max-snippet:-1, max-image-preview:large, max-video-preview:-1\" \/>\n<link rel=\"canonical\" href=\"https:\/\/www.anovapeneira.gal\/index.php\/2024\/10\/09\/a-mirada-de-outras-i\/\" \/>\n<meta property=\"og:locale\" content=\"gl_ES\" \/>\n<meta property=\"og:type\" content=\"article\" \/>\n<meta property=\"og:title\" content=\"A mirada de outras I -\" \/>\n<meta property=\"og:description\" content=\"Iniciamos esta xeira de reportaxes nas que distintas persoas estranxeiras que viven no pa\u00eds galego nos contar\u00e1n o m\u00e1is relevante dos seus lugares de orixe, as\u00ed como a visi\u00f3n que elas te\u00f1en de Galicia [...]\" \/>\n<meta property=\"og:url\" content=\"https:\/\/www.anovapeneira.gal\/index.php\/2024\/10\/09\/a-mirada-de-outras-i\/\" \/>\n<meta property=\"article:publisher\" content=\"https:\/\/www.facebook.com\/anovapeneira\" \/>\n<meta property=\"article:published_time\" content=\"2024-10-09T08:00:29+00:00\" \/>\n<meta property=\"og:image\" content=\"https:\/\/www.anovapeneira.gal\/wp-content\/uploads\/2024\/10\/Yusneidi_cuba.png\" \/>\n\t<meta property=\"og:image:width\" content=\"720\" \/>\n\t<meta property=\"og:image:height\" content=\"432\" \/>\n\t<meta property=\"og:image:type\" content=\"image\/png\" \/>\n<meta name=\"author\" content=\"Tino Lago\" \/>\n<meta name=\"twitter:card\" content=\"summary_large_image\" \/>\n<meta name=\"twitter:creator\" content=\"@APeneira\" \/>\n<meta name=\"twitter:site\" content=\"@APeneira\" \/>\n<meta name=\"twitter:label1\" content=\"Escrito por\" \/>\n\t<meta name=\"twitter:data1\" content=\"Tino Lago\" \/>\n\t<meta name=\"twitter:label2\" content=\"Tempo de lectura\" \/>\n\t<meta name=\"twitter:data2\" content=\"3 minutos\" \/>\n<script type=\"application\/ld+json\" class=\"yoast-schema-graph\">{\"@context\":\"https:\\\/\\\/schema.org\",\"@graph\":[{\"@type\":\"Article\",\"@id\":\"https:\\\/\\\/www.anovapeneira.gal\\\/index.php\\\/2024\\\/10\\\/09\\\/a-mirada-de-outras-i\\\/#article\",\"isPartOf\":{\"@id\":\"https:\\\/\\\/www.anovapeneira.gal\\\/index.php\\\/2024\\\/10\\\/09\\\/a-mirada-de-outras-i\\\/\"},\"author\":{\"name\":\"Tino Lago\",\"@id\":\"https:\\\/\\\/www.anovapeneira.gal\\\/#\\\/schema\\\/person\\\/424dfe65e3070fd8a44d22d2c088762a\"},\"headline\":\"A mirada de outras I\",\"datePublished\":\"2024-10-09T08:00:29+00:00\",\"mainEntityOfPage\":{\"@id\":\"https:\\\/\\\/www.anovapeneira.gal\\\/index.php\\\/2024\\\/10\\\/09\\\/a-mirada-de-outras-i\\\/\"},\"wordCount\":1417,\"commentCount\":0,\"publisher\":{\"@id\":\"https:\\\/\\\/www.anovapeneira.gal\\\/#organization\"},\"image\":{\"@id\":\"https:\\\/\\\/www.anovapeneira.gal\\\/index.php\\\/2024\\\/10\\\/09\\\/a-mirada-de-outras-i\\\/#primaryimage\"},\"thumbnailUrl\":\"https:\\\/\\\/www.anovapeneira.gal\\\/wp-content\\\/uploads\\\/2024\\\/10\\\/Yusneidi_cuba.png\",\"keywords\":[\"Galegas polo mundo\"],\"articleSection\":[\"Reportaxes\"],\"inLanguage\":\"gl-ES\",\"potentialAction\":[{\"@type\":\"CommentAction\",\"name\":\"Comment\",\"target\":[\"https:\\\/\\\/www.anovapeneira.gal\\\/index.php\\\/2024\\\/10\\\/09\\\/a-mirada-de-outras-i\\\/#respond\"]}]},{\"@type\":\"WebPage\",\"@id\":\"https:\\\/\\\/www.anovapeneira.gal\\\/index.php\\\/2024\\\/10\\\/09\\\/a-mirada-de-outras-i\\\/\",\"url\":\"https:\\\/\\\/www.anovapeneira.gal\\\/index.php\\\/2024\\\/10\\\/09\\\/a-mirada-de-outras-i\\\/\",\"name\":\"A mirada de outras I -\",\"isPartOf\":{\"@id\":\"https:\\\/\\\/www.anovapeneira.gal\\\/#website\"},\"primaryImageOfPage\":{\"@id\":\"https:\\\/\\\/www.anovapeneira.gal\\\/index.php\\\/2024\\\/10\\\/09\\\/a-mirada-de-outras-i\\\/#primaryimage\"},\"image\":{\"@id\":\"https:\\\/\\\/www.anovapeneira.gal\\\/index.php\\\/2024\\\/10\\\/09\\\/a-mirada-de-outras-i\\\/#primaryimage\"},\"thumbnailUrl\":\"https:\\\/\\\/www.anovapeneira.gal\\\/wp-content\\\/uploads\\\/2024\\\/10\\\/Yusneidi_cuba.png\",\"datePublished\":\"2024-10-09T08:00:29+00:00\",\"breadcrumb\":{\"@id\":\"https:\\\/\\\/www.anovapeneira.gal\\\/index.php\\\/2024\\\/10\\\/09\\\/a-mirada-de-outras-i\\\/#breadcrumb\"},\"inLanguage\":\"gl-ES\",\"potentialAction\":[{\"@type\":\"ReadAction\",\"target\":[\"https:\\\/\\\/www.anovapeneira.gal\\\/index.php\\\/2024\\\/10\\\/09\\\/a-mirada-de-outras-i\\\/\"]}]},{\"@type\":\"ImageObject\",\"inLanguage\":\"gl-ES\",\"@id\":\"https:\\\/\\\/www.anovapeneira.gal\\\/index.php\\\/2024\\\/10\\\/09\\\/a-mirada-de-outras-i\\\/#primaryimage\",\"url\":\"https:\\\/\\\/www.anovapeneira.gal\\\/wp-content\\\/uploads\\\/2024\\\/10\\\/Yusneidi_cuba.png\",\"contentUrl\":\"https:\\\/\\\/www.anovapeneira.gal\\\/wp-content\\\/uploads\\\/2024\\\/10\\\/Yusneidi_cuba.png\",\"width\":720,\"height\":432,\"caption\":\"Yusneidi P\u00e9rez, Cuba.\"},{\"@type\":\"BreadcrumbList\",\"@id\":\"https:\\\/\\\/www.anovapeneira.gal\\\/index.php\\\/2024\\\/10\\\/09\\\/a-mirada-de-outras-i\\\/#breadcrumb\",\"itemListElement\":[{\"@type\":\"ListItem\",\"position\":1,\"name\":\"Portada\",\"item\":\"https:\\\/\\\/www.anovapeneira.gal\\\/\"},{\"@type\":\"ListItem\",\"position\":2,\"name\":\"A mirada de outras I\"}]},{\"@type\":\"WebSite\",\"@id\":\"https:\\\/\\\/www.anovapeneira.gal\\\/#website\",\"url\":\"https:\\\/\\\/www.anovapeneira.gal\\\/\",\"name\":\"\",\"description\":\"Xornal galego de informaci\u00f3n xeral Publicaci\u00f3n mensual de novas de Galicia e en especial dos Concellos da sur da provincia de Pontevedra.\",\"publisher\":{\"@id\":\"https:\\\/\\\/www.anovapeneira.gal\\\/#organization\"},\"potentialAction\":[{\"@type\":\"SearchAction\",\"target\":{\"@type\":\"EntryPoint\",\"urlTemplate\":\"https:\\\/\\\/www.anovapeneira.gal\\\/?s={search_term_string}\"},\"query-input\":{\"@type\":\"PropertyValueSpecification\",\"valueRequired\":true,\"valueName\":\"search_term_string\"}}],\"inLanguage\":\"gl-ES\"},{\"@type\":\"Organization\",\"@id\":\"https:\\\/\\\/www.anovapeneira.gal\\\/#organization\",\"name\":\"A Nova Peneira\",\"url\":\"https:\\\/\\\/www.anovapeneira.gal\\\/\",\"logo\":{\"@type\":\"ImageObject\",\"inLanguage\":\"gl-ES\",\"@id\":\"https:\\\/\\\/www.anovapeneira.gal\\\/#\\\/schema\\\/logo\\\/image\\\/\",\"url\":\"http:\\\/\\\/www.anovapeneira.gal\\\/wp-content\\\/uploads\\\/2019\\\/06\\\/logo_a_nova_peneira_portal_web.png\",\"contentUrl\":\"http:\\\/\\\/www.anovapeneira.gal\\\/wp-content\\\/uploads\\\/2019\\\/06\\\/logo_a_nova_peneira_portal_web.png\",\"width\":300,\"height\":100,\"caption\":\"A Nova Peneira\"},\"image\":{\"@id\":\"https:\\\/\\\/www.anovapeneira.gal\\\/#\\\/schema\\\/logo\\\/image\\\/\"},\"sameAs\":[\"https:\\\/\\\/www.facebook.com\\\/anovapeneira\",\"https:\\\/\\\/x.com\\\/APeneira\"]},{\"@type\":\"Person\",\"@id\":\"https:\\\/\\\/www.anovapeneira.gal\\\/#\\\/schema\\\/person\\\/424dfe65e3070fd8a44d22d2c088762a\",\"name\":\"Tino Lago\",\"image\":{\"@type\":\"ImageObject\",\"inLanguage\":\"gl-ES\",\"@id\":\"https:\\\/\\\/secure.gravatar.com\\\/avatar\\\/b3df6a06e44bab3111583b90f0f33a0379ee5e3d22cbadd232d39f21c30c62be?s=96&d=mm&r=g\",\"url\":\"https:\\\/\\\/secure.gravatar.com\\\/avatar\\\/b3df6a06e44bab3111583b90f0f33a0379ee5e3d22cbadd232d39f21c30c62be?s=96&d=mm&r=g\",\"contentUrl\":\"https:\\\/\\\/secure.gravatar.com\\\/avatar\\\/b3df6a06e44bab3111583b90f0f33a0379ee5e3d22cbadd232d39f21c30c62be?s=96&d=mm&r=g\",\"caption\":\"Tino Lago\"},\"sameAs\":[\"http:\\\/\\\/www.anovapeneira.gal\"],\"url\":\"https:\\\/\\\/www.anovapeneira.gal\\\/index.php\\\/author\\\/director\\\/\"}]}<\/script>\n<!-- \/ Yoast SEO plugin. -->","yoast_head_json":{"title":"A mirada de outras I -","robots":{"index":"index","follow":"follow","max-snippet":"max-snippet:-1","max-image-preview":"max-image-preview:large","max-video-preview":"max-video-preview:-1"},"canonical":"https:\/\/www.anovapeneira.gal\/index.php\/2024\/10\/09\/a-mirada-de-outras-i\/","og_locale":"gl_ES","og_type":"article","og_title":"A mirada de outras I -","og_description":"Iniciamos esta xeira de reportaxes nas que distintas persoas estranxeiras que viven no pa\u00eds galego nos contar\u00e1n o m\u00e1is relevante dos seus lugares de orixe, as\u00ed como a visi\u00f3n que elas te\u00f1en de Galicia [...]","og_url":"https:\/\/www.anovapeneira.gal\/index.php\/2024\/10\/09\/a-mirada-de-outras-i\/","article_publisher":"https:\/\/www.facebook.com\/anovapeneira","article_published_time":"2024-10-09T08:00:29+00:00","og_image":[{"width":720,"height":432,"url":"https:\/\/www.anovapeneira.gal\/wp-content\/uploads\/2024\/10\/Yusneidi_cuba.png","type":"image\/png"}],"author":"Tino Lago","twitter_card":"summary_large_image","twitter_creator":"@APeneira","twitter_site":"@APeneira","twitter_misc":{"Escrito por":"Tino Lago","Tempo de lectura":"3 minutos"},"schema":{"@context":"https:\/\/schema.org","@graph":[{"@type":"Article","@id":"https:\/\/www.anovapeneira.gal\/index.php\/2024\/10\/09\/a-mirada-de-outras-i\/#article","isPartOf":{"@id":"https:\/\/www.anovapeneira.gal\/index.php\/2024\/10\/09\/a-mirada-de-outras-i\/"},"author":{"name":"Tino Lago","@id":"https:\/\/www.anovapeneira.gal\/#\/schema\/person\/424dfe65e3070fd8a44d22d2c088762a"},"headline":"A mirada de outras I","datePublished":"2024-10-09T08:00:29+00:00","mainEntityOfPage":{"@id":"https:\/\/www.anovapeneira.gal\/index.php\/2024\/10\/09\/a-mirada-de-outras-i\/"},"wordCount":1417,"commentCount":0,"publisher":{"@id":"https:\/\/www.anovapeneira.gal\/#organization"},"image":{"@id":"https:\/\/www.anovapeneira.gal\/index.php\/2024\/10\/09\/a-mirada-de-outras-i\/#primaryimage"},"thumbnailUrl":"https:\/\/www.anovapeneira.gal\/wp-content\/uploads\/2024\/10\/Yusneidi_cuba.png","keywords":["Galegas polo mundo"],"articleSection":["Reportaxes"],"inLanguage":"gl-ES","potentialAction":[{"@type":"CommentAction","name":"Comment","target":["https:\/\/www.anovapeneira.gal\/index.php\/2024\/10\/09\/a-mirada-de-outras-i\/#respond"]}]},{"@type":"WebPage","@id":"https:\/\/www.anovapeneira.gal\/index.php\/2024\/10\/09\/a-mirada-de-outras-i\/","url":"https:\/\/www.anovapeneira.gal\/index.php\/2024\/10\/09\/a-mirada-de-outras-i\/","name":"A mirada de outras I -","isPartOf":{"@id":"https:\/\/www.anovapeneira.gal\/#website"},"primaryImageOfPage":{"@id":"https:\/\/www.anovapeneira.gal\/index.php\/2024\/10\/09\/a-mirada-de-outras-i\/#primaryimage"},"image":{"@id":"https:\/\/www.anovapeneira.gal\/index.php\/2024\/10\/09\/a-mirada-de-outras-i\/#primaryimage"},"thumbnailUrl":"https:\/\/www.anovapeneira.gal\/wp-content\/uploads\/2024\/10\/Yusneidi_cuba.png","datePublished":"2024-10-09T08:00:29+00:00","breadcrumb":{"@id":"https:\/\/www.anovapeneira.gal\/index.php\/2024\/10\/09\/a-mirada-de-outras-i\/#breadcrumb"},"inLanguage":"gl-ES","potentialAction":[{"@type":"ReadAction","target":["https:\/\/www.anovapeneira.gal\/index.php\/2024\/10\/09\/a-mirada-de-outras-i\/"]}]},{"@type":"ImageObject","inLanguage":"gl-ES","@id":"https:\/\/www.anovapeneira.gal\/index.php\/2024\/10\/09\/a-mirada-de-outras-i\/#primaryimage","url":"https:\/\/www.anovapeneira.gal\/wp-content\/uploads\/2024\/10\/Yusneidi_cuba.png","contentUrl":"https:\/\/www.anovapeneira.gal\/wp-content\/uploads\/2024\/10\/Yusneidi_cuba.png","width":720,"height":432,"caption":"Yusneidi P\u00e9rez, Cuba."},{"@type":"BreadcrumbList","@id":"https:\/\/www.anovapeneira.gal\/index.php\/2024\/10\/09\/a-mirada-de-outras-i\/#breadcrumb","itemListElement":[{"@type":"ListItem","position":1,"name":"Portada","item":"https:\/\/www.anovapeneira.gal\/"},{"@type":"ListItem","position":2,"name":"A mirada de outras I"}]},{"@type":"WebSite","@id":"https:\/\/www.anovapeneira.gal\/#website","url":"https:\/\/www.anovapeneira.gal\/","name":"","description":"Xornal galego de informaci\u00f3n xeral Publicaci\u00f3n mensual de novas de Galicia e en especial dos Concellos da sur da provincia de Pontevedra.","publisher":{"@id":"https:\/\/www.anovapeneira.gal\/#organization"},"potentialAction":[{"@type":"SearchAction","target":{"@type":"EntryPoint","urlTemplate":"https:\/\/www.anovapeneira.gal\/?s={search_term_string}"},"query-input":{"@type":"PropertyValueSpecification","valueRequired":true,"valueName":"search_term_string"}}],"inLanguage":"gl-ES"},{"@type":"Organization","@id":"https:\/\/www.anovapeneira.gal\/#organization","name":"A Nova Peneira","url":"https:\/\/www.anovapeneira.gal\/","logo":{"@type":"ImageObject","inLanguage":"gl-ES","@id":"https:\/\/www.anovapeneira.gal\/#\/schema\/logo\/image\/","url":"http:\/\/www.anovapeneira.gal\/wp-content\/uploads\/2019\/06\/logo_a_nova_peneira_portal_web.png","contentUrl":"http:\/\/www.anovapeneira.gal\/wp-content\/uploads\/2019\/06\/logo_a_nova_peneira_portal_web.png","width":300,"height":100,"caption":"A Nova Peneira"},"image":{"@id":"https:\/\/www.anovapeneira.gal\/#\/schema\/logo\/image\/"},"sameAs":["https:\/\/www.facebook.com\/anovapeneira","https:\/\/x.com\/APeneira"]},{"@type":"Person","@id":"https:\/\/www.anovapeneira.gal\/#\/schema\/person\/424dfe65e3070fd8a44d22d2c088762a","name":"Tino Lago","image":{"@type":"ImageObject","inLanguage":"gl-ES","@id":"https:\/\/secure.gravatar.com\/avatar\/b3df6a06e44bab3111583b90f0f33a0379ee5e3d22cbadd232d39f21c30c62be?s=96&d=mm&r=g","url":"https:\/\/secure.gravatar.com\/avatar\/b3df6a06e44bab3111583b90f0f33a0379ee5e3d22cbadd232d39f21c30c62be?s=96&d=mm&r=g","contentUrl":"https:\/\/secure.gravatar.com\/avatar\/b3df6a06e44bab3111583b90f0f33a0379ee5e3d22cbadd232d39f21c30c62be?s=96&d=mm&r=g","caption":"Tino Lago"},"sameAs":["http:\/\/www.anovapeneira.gal"],"url":"https:\/\/www.anovapeneira.gal\/index.php\/author\/director\/"}]}},"jetpack_featured_media_url":"https:\/\/www.anovapeneira.gal\/wp-content\/uploads\/2024\/10\/Yusneidi_cuba.png","_links":{"self":[{"href":"https:\/\/www.anovapeneira.gal\/index.php\/wp-json\/wp\/v2\/posts\/12548","targetHints":{"allow":["GET"]}}],"collection":[{"href":"https:\/\/www.anovapeneira.gal\/index.php\/wp-json\/wp\/v2\/posts"}],"about":[{"href":"https:\/\/www.anovapeneira.gal\/index.php\/wp-json\/wp\/v2\/types\/post"}],"author":[{"embeddable":true,"href":"https:\/\/www.anovapeneira.gal\/index.php\/wp-json\/wp\/v2\/users\/2"}],"replies":[{"embeddable":true,"href":"https:\/\/www.anovapeneira.gal\/index.php\/wp-json\/wp\/v2\/comments?post=12548"}],"version-history":[{"count":1,"href":"https:\/\/www.anovapeneira.gal\/index.php\/wp-json\/wp\/v2\/posts\/12548\/revisions"}],"predecessor-version":[{"id":12550,"href":"https:\/\/www.anovapeneira.gal\/index.php\/wp-json\/wp\/v2\/posts\/12548\/revisions\/12550"}],"wp:featuredmedia":[{"embeddable":true,"href":"https:\/\/www.anovapeneira.gal\/index.php\/wp-json\/wp\/v2\/media\/12549"}],"wp:attachment":[{"href":"https:\/\/www.anovapeneira.gal\/index.php\/wp-json\/wp\/v2\/media?parent=12548"}],"wp:term":[{"taxonomy":"category","embeddable":true,"href":"https:\/\/www.anovapeneira.gal\/index.php\/wp-json\/wp\/v2\/categories?post=12548"},{"taxonomy":"post_tag","embeddable":true,"href":"https:\/\/www.anovapeneira.gal\/index.php\/wp-json\/wp\/v2\/tags?post=12548"}],"curies":[{"name":"wp","href":"https:\/\/api.w.org\/{rel}","templated":true}]}}