{"id":1255,"date":"2019-09-18T10:00:36","date_gmt":"2019-09-18T08:00:36","guid":{"rendered":"http:\/\/www.anovapeneira.gal\/?p=1255"},"modified":"2019-09-16T13:11:13","modified_gmt":"2019-09-16T11:11:13","slug":"amelia-tiganus-na-guarda","status":"publish","type":"post","link":"https:\/\/www.anovapeneira.gal\/index.php\/2019\/09\/18\/amelia-tiganus-na-guarda\/","title":{"rendered":"Amelia Tiganus na Guarda"},"content":{"rendered":"\n<p><strong>O\npasado 13 deste mes, a activista Amelia Tiganus estivo no centro\ncultural da Guarda impartindo a conferencia titulada \u201cVIOLENCIA\nSEXUAL COMERCIAL, PROSTITUCI\u00d3N  E PORNOGRAF\u00cdA\u201d.O acto foi\norganizado polo concello en colaboraci\u00f3n co CIM, e desde as nosas\np\u00e1xinas d\u00e1moslle os parab\u00e9ns \u00e1s d\u00faas persoas responsables do seu\ndesenrolo Bea, e Yoli. Previamente \u00e1 charla de Amelia, proxectouse o\ncurto Lurna, do director guard\u00e9s Nani Matos que cunha grande\nintensidade emotiva reflicte a vida dunha moza africana que caeu no\ninferno da prostituci\u00f3n. Antes da  s\u00faa conferencia Amelia tivo a\nxentileza de departir uns minutos coa Nova Peneira e tanto a conversa\nque ela mantivo comigo como a s\u00faa posterior conferencia son desas\nexperiencias vitais que marcan. Amelia \u00e9 unha muller de gran\nintelixencia e sensibilidade  e falar con ela \u00e9 enormemente\nenriquecedor, agardo que te\u00f1a a oportunidade de ler este traballo e\nquixera dicirlle que me comprometo firmemente a non dicir nunca m\u00e1is\n:\u201c me cago na puta\u201d ou \u201c fillo de puta\u201d  sempre que estea\ncabreado e precise soltar un improperio, dedicareillo a quen\nrealmente o merece :  o puteiro.<\/strong><\/p>\n\n\n\n<p>\u201c <strong>A\nCHAVE EST\u00c1 EN HUMANIZAR \u00c1S MULLERES,EN CONSEGUIR QUE OS HOMES\nPOIDADES HUMANIZAR \u00c1S MULLERES ALLEAS IGUAL QUE SE FOSEN AS VOSAS\nFILLAS, NAIS OU IRM\u00c1S\u201d<\/strong><\/p>\n\n\n\n<p><strong>A\nque te dedicas na actualidade, Amelia?<\/strong><\/p>\n\n\n\n<blockquote class=\"wp-block-quote is-layout-flow wp-block-quote-is-layout-flow\"><p>Ded\u00edcome ao activismo feminista e \u00e1 formaci\u00f3n sobre dereitos humanos en xeral e especialmente sobre todo o que te\u00f1a que ver coa violencia sexual, a prostituci\u00f3n a trata e a pornograf\u00eda  <\/p><\/blockquote>\n\n\n\n<p><strong>As\nt\u00faas conferencias son en Espa\u00f1a, non?<\/strong><\/p>\n\n\n\n<blockquote class=\"wp-block-quote is-layout-flow wp-block-quote-is-layout-flow\"><p>Imp\u00e1rtoas no estado espa\u00f1ol e tam\u00e9n no estranxeiro, te\u00f1o traballado en Arxentina, en Alema\u00f1a, ao final deste mes estarei en Varsovia nun congreso sobre dereitos humanos&#8230;<\/p><\/blockquote>\n\n\n\n<p><strong>Que\nreceptividade encontras nas t\u00faas conferencias?<\/strong><\/p>\n\n\n\n<blockquote class=\"wp-block-quote is-layout-flow wp-block-quote-is-layout-flow\"><p>Penso que a xente cando realmente escoita o que en moi poucas partes pode escoitar, o que pode intu\u00edr pero que nunca veu reflectido con palabras concretas, \u00e9 moi receptiva e enseguida toma conciencia<\/p><\/blockquote>\n\n\n\n<p><strong>A\nreceptividade \u00e9 a mesma en homes ca en mulleres?, ou \u00e9 diferente?<\/strong><\/p>\n\n\n\n<blockquote class=\"wp-block-quote is-layout-flow wp-block-quote-is-layout-flow\"><p>A presenza de homes nos meus actos \u00e9 de arredor do 7%,os poucos que ve\u00f1en soen estar xa concienciados e a s\u00faa receptividade \u00e9 semellante \u00e1 que encontro no p\u00fablico feminino, pero, como che dixen, a porcentaxe de asistencia masculina \u00e9 paup\u00e9rrima, a\u00ednda non chegamos ao estadio no que os homes entendan que esta situaci\u00f3n ten que ver con eles<\/p><\/blockquote>\n\n\n\n<p><strong>A\ncousificaci\u00f3n da muller, o feito de tratala e considerala como un\n\u201cmaterial\u201d cuxa \u00fanica funci\u00f3n \u00e9 satisfacer as necesidades dos\nhomes como se combate?<\/strong><\/p>\n\n\n\n<blockquote class=\"wp-block-quote is-layout-flow wp-block-quote-is-layout-flow\"><p>Moitos homes senten empat\u00eda s\u00f3 polas s\u00faas mulleres, polas s\u00faas fillas, nais irm\u00e1s, a chave e mudar a conciencia do patriarcado ,conseguir humanizar a todas as mulleres e tratar de que os homes poidan sentir como seres humanos iguais, sentir empat\u00eda polas mulleres alleas exactamente igual como se fosen propias<\/p><\/blockquote>\n\n\n\n<p><strong>Eu\nque son home, reco\u00f1ezo que estamos moi lonxe desa situaci\u00f3n na que\ncalquera home poida sentir a calquera muller, incluso \u00e1s que non\nco\u00f1eza de nada, como un ser humano igual, cal \u00e9 o cami\u00f1o, ao teu\nxu\u00edzo para chegar, ou achegarse o m\u00e1is posible?<\/strong><\/p>\n\n\n\n<blockquote class=\"wp-block-quote is-layout-flow wp-block-quote-is-layout-flow\"><p>Uff, con moita pedagox\u00eda e traballo. Considero moi importante aos grupos de homes que se xuntan e cuestionan \u00e1 masculinidade patriarcal. \u00c9 imprescindible que o home escoite \u00e1 muller e lle dea a credibilidade que normalmente non lle d\u00e1, porque ridiculizarnos o minimizar os efectos do patriarcado non fai m\u00e1is ca incidir en todo o malo que ten. A chave \u00e9 sen d\u00fabida a educaci\u00f3n<\/p><\/blockquote>\n\n\n\n<p><strong>Eu\nconsidero que a prostituci\u00f3n debe ser prohibida, e ti?<\/strong><\/p>\n\n\n\n<blockquote class=\"wp-block-quote is-layout-flow wp-block-quote-is-layout-flow\"><p>Eu creo que o termo correcto \u00e9 \u201cabolida\u201d. A prostituci\u00f3n debe de ser abolida completamente. As mulleres te\u00f1en que ter o dereito de sa\u00edr da prostituci\u00f3n, \u00e9 un imperativo moral que o poder pol\u00edtico po\u00f1a en marcha pol\u00edticas p\u00fablicas destinadas a elo, e que se persigan todas e cada unha das formas de proxenetismo, porque a realidade \u00e9 que non se perseguen<\/p><\/blockquote>\n\n\n\n<p><strong>Non\nse perseguen?<\/strong><\/p>\n\n\n\n<blockquote class=\"wp-block-quote is-layout-flow wp-block-quote-is-layout-flow\"><p>O estado espa\u00f1ol suspende rotundamente nesta materia. Non fai falta m\u00e1is ca coller o coche e ver que calquera estrada est\u00e1 ateigada de campos de concentraci\u00f3n. Cada vez hai m\u00e1is pisos con esta funci\u00f3n, mulleres na r\u00faa cousificadas e denigradas. O que se debe prohibir \u00e9 a compra de seres humanos, porque cando pagas por sexo, cando pagas por acceder ao corpo dunha muller non pagas por un servicio, pagas por utilizar a unha muller para obter pracer e ese acto \u00e9 absolutamente igual \u00e1 escravitude. E non se pode permitir que siga a existir escravitude, e moito menos nunha sociedade que se auto define como xusta, igualitaria, democr\u00e1tica&#8230;<\/p><\/blockquote>\n\n\n\n<p><strong>Ao\nmeu xu\u00edzo o da xustiza social e a igualdade, non \u00e9 m\u00e1is ca\naparencia, a\u00ednda existen moitas situaci\u00f3ns, non epis\u00f3dicas, sen\u00f3n\nsist\u00e9micas, que obrigan a mill\u00f3ns de persoas a vivir vidas\nespantosas<\/strong><\/p>\n\n\n\n<blockquote class=\"wp-block-quote is-layout-flow wp-block-quote-is-layout-flow\"><p>Si, poder\u00eda ser, a verdade \u00e9 que si<\/p><\/blockquote>\n\n\n\n<p><strong>O\nacceso \u00e1 pornograf\u00eda non ten ningunha dificultade, incluso para os\nadolescentes, cal \u00e9 a t\u00faa opini\u00f3n ao respecto?<\/strong><\/p>\n\n\n\n<blockquote class=\"wp-block-quote is-layout-flow wp-block-quote-is-layout-flow\"><p>A partir da  globalizaci\u00f3n a prostituci\u00f3n evolucionou de ser o que Rosa Cobo chama :\u201d prostituci\u00f3n artesanal\u201d a ser unha grande industria global. Esa \u201cindustria\u201d precisa non s\u00f3 de mulleres empobrecidas, sen\u00f3n tam\u00e9n precisa puteros. A pornograf\u00eda serve para elo, \u00e9 parte desa grande industria. A pornograf\u00eda \u00e9 prostituci\u00f3n gravada, os rapaces ad\u00e9stranse con ela para logo p\u00f3r en pr\u00e1ctica o que ven na prostituci\u00f3n real<\/p><\/blockquote>\n\n\n\n<p><strong>Moitas\ngrazas Amelia<\/strong><\/p>\n\n\n\n<p>\u201c<strong>Hai\npersoas que loitan un d\u00eda e son boas,<\/strong><\/p>\n\n\n\n<p><strong>Outras\nloitan un ano e son mellores,<\/strong><\/p>\n\n\n\n<p><strong>Outras\nloitan moitos anos e son moito mellores<\/strong><\/p>\n\n\n\n<p><strong>Outras\nloitan toda a vida, <\/strong>\n<\/p>\n\n\n\n<p><strong>Esas\nson as imprescindibles\u201d<\/strong><\/p>\n\n\n\n<p><strong>Bertol\nBrecht<\/strong><\/p>\n\n\n\n<p><strong>Dedicado\na Amelia Tiganus, por ser unha das imprescindibles<\/strong><\/p>\n","protected":false},"excerpt":{"rendered":"<div class=\"mh-excerpt\"><p>O pasado 13 deste mes, a activista Amelia Tiganus estivo no centro cultural da Guarda impartindo a conferencia titulada \u201cVIOLENCIA SEXUAL COMERCIAL, PROSTITUCI\u00d3N  E PORNOGRAF\u00cdA\u201d <a class=\"mh-excerpt-more\" href=\"https:\/\/www.anovapeneira.gal\/index.php\/2019\/09\/18\/amelia-tiganus-na-guarda\/\" title=\"Amelia Tiganus na Guarda\">[&#8230;]<\/a><\/p>\n<\/div>","protected":false},"author":3,"featured_media":1256,"comment_status":"open","ping_status":"open","sticky":false,"template":"","format":"standard","meta":{"_exactmetrics_skip_tracking":false,"_exactmetrics_sitenote_active":false,"_exactmetrics_sitenote_note":"","_exactmetrics_sitenote_category":0,"footnotes":""},"categories":[491],"tags":[584,238,309,586,585],"class_list":{"0":"post-1255","1":"post","2":"type-post","3":"status-publish","4":"format-standard","5":"has-post-thumbnail","7":"category-baixo-mino-reportaxes","8":"tag-amelia-tiganus","9":"tag-concello-da-guarda","10":"tag-feminismo","11":"tag-prostitucion","12":"tag-violencia-sexual"},"yoast_head":"<!-- This site is optimized with the Yoast SEO plugin v27.4 - https:\/\/yoast.com\/product\/yoast-seo-wordpress\/ -->\n<title>Amelia Tiganus na Guarda -<\/title>\n<meta name=\"robots\" content=\"index, follow, max-snippet:-1, max-image-preview:large, max-video-preview:-1\" \/>\n<link rel=\"canonical\" href=\"https:\/\/www.anovapeneira.gal\/index.php\/2019\/09\/18\/amelia-tiganus-na-guarda\/\" \/>\n<meta property=\"og:locale\" content=\"gl_ES\" \/>\n<meta property=\"og:type\" content=\"article\" \/>\n<meta property=\"og:title\" content=\"Amelia Tiganus na Guarda -\" \/>\n<meta property=\"og:description\" content=\"O pasado 13 deste mes, a activista Amelia Tiganus estivo no centro cultural da Guarda impartindo a conferencia titulada \u201cVIOLENCIA SEXUAL COMERCIAL, PROSTITUCI\u00d3N E PORNOGRAF\u00cdA\u201d [...]\" \/>\n<meta property=\"og:url\" content=\"https:\/\/www.anovapeneira.gal\/index.php\/2019\/09\/18\/amelia-tiganus-na-guarda\/\" \/>\n<meta property=\"article:publisher\" content=\"https:\/\/www.facebook.com\/anovapeneira\" \/>\n<meta property=\"article:published_time\" content=\"2019-09-18T08:00:36+00:00\" \/>\n<meta property=\"og:image\" content=\"https:\/\/www.anovapeneira.gal\/wp-content\/uploads\/2019\/09\/AMELIA_TIGANUS_a_nova_peneira.jpg\" \/>\n\t<meta property=\"og:image:width\" content=\"720\" \/>\n\t<meta property=\"og:image:height\" content=\"473\" \/>\n\t<meta property=\"og:image:type\" content=\"image\/jpeg\" \/>\n<meta name=\"author\" content=\"Redacci\u00f3n A Nova Peneira\" \/>\n<meta name=\"twitter:card\" content=\"summary_large_image\" \/>\n<meta name=\"twitter:creator\" content=\"@APeneira\" \/>\n<meta name=\"twitter:site\" content=\"@APeneira\" \/>\n<meta name=\"twitter:label1\" content=\"Escrito por\" \/>\n\t<meta name=\"twitter:data1\" content=\"Redacci\u00f3n A Nova Peneira\" \/>\n\t<meta name=\"twitter:label2\" content=\"Tempo de lectura\" \/>\n\t<meta name=\"twitter:data2\" content=\"5 minutos\" \/>\n<script type=\"application\/ld+json\" class=\"yoast-schema-graph\">{\"@context\":\"https:\\\/\\\/schema.org\",\"@graph\":[{\"@type\":\"Article\",\"@id\":\"https:\\\/\\\/www.anovapeneira.gal\\\/index.php\\\/2019\\\/09\\\/18\\\/amelia-tiganus-na-guarda\\\/#article\",\"isPartOf\":{\"@id\":\"https:\\\/\\\/www.anovapeneira.gal\\\/index.php\\\/2019\\\/09\\\/18\\\/amelia-tiganus-na-guarda\\\/\"},\"author\":{\"name\":\"Redacci\u00f3n A Nova Peneira\",\"@id\":\"https:\\\/\\\/www.anovapeneira.gal\\\/#\\\/schema\\\/person\\\/b93e3f8932e3f8da96334607eb6ac6aa\"},\"headline\":\"Amelia Tiganus na Guarda\",\"datePublished\":\"2019-09-18T08:00:36+00:00\",\"mainEntityOfPage\":{\"@id\":\"https:\\\/\\\/www.anovapeneira.gal\\\/index.php\\\/2019\\\/09\\\/18\\\/amelia-tiganus-na-guarda\\\/\"},\"wordCount\":999,\"commentCount\":0,\"publisher\":{\"@id\":\"https:\\\/\\\/www.anovapeneira.gal\\\/#organization\"},\"image\":{\"@id\":\"https:\\\/\\\/www.anovapeneira.gal\\\/index.php\\\/2019\\\/09\\\/18\\\/amelia-tiganus-na-guarda\\\/#primaryimage\"},\"thumbnailUrl\":\"https:\\\/\\\/www.anovapeneira.gal\\\/wp-content\\\/uploads\\\/2019\\\/09\\\/AMELIA_TIGANUS_a_nova_peneira.jpg\",\"keywords\":[\"Amelia Tiganus\",\"Concello da Guarda\",\"Feminismo\",\"Prostituci\u00f3n\",\"Violencia sexual\"],\"articleSection\":[\"Baixo Mi\u00f1o\"],\"inLanguage\":\"gl-ES\",\"potentialAction\":[{\"@type\":\"CommentAction\",\"name\":\"Comment\",\"target\":[\"https:\\\/\\\/www.anovapeneira.gal\\\/index.php\\\/2019\\\/09\\\/18\\\/amelia-tiganus-na-guarda\\\/#respond\"]}]},{\"@type\":\"WebPage\",\"@id\":\"https:\\\/\\\/www.anovapeneira.gal\\\/index.php\\\/2019\\\/09\\\/18\\\/amelia-tiganus-na-guarda\\\/\",\"url\":\"https:\\\/\\\/www.anovapeneira.gal\\\/index.php\\\/2019\\\/09\\\/18\\\/amelia-tiganus-na-guarda\\\/\",\"name\":\"Amelia Tiganus na Guarda -\",\"isPartOf\":{\"@id\":\"https:\\\/\\\/www.anovapeneira.gal\\\/#website\"},\"primaryImageOfPage\":{\"@id\":\"https:\\\/\\\/www.anovapeneira.gal\\\/index.php\\\/2019\\\/09\\\/18\\\/amelia-tiganus-na-guarda\\\/#primaryimage\"},\"image\":{\"@id\":\"https:\\\/\\\/www.anovapeneira.gal\\\/index.php\\\/2019\\\/09\\\/18\\\/amelia-tiganus-na-guarda\\\/#primaryimage\"},\"thumbnailUrl\":\"https:\\\/\\\/www.anovapeneira.gal\\\/wp-content\\\/uploads\\\/2019\\\/09\\\/AMELIA_TIGANUS_a_nova_peneira.jpg\",\"datePublished\":\"2019-09-18T08:00:36+00:00\",\"breadcrumb\":{\"@id\":\"https:\\\/\\\/www.anovapeneira.gal\\\/index.php\\\/2019\\\/09\\\/18\\\/amelia-tiganus-na-guarda\\\/#breadcrumb\"},\"inLanguage\":\"gl-ES\",\"potentialAction\":[{\"@type\":\"ReadAction\",\"target\":[\"https:\\\/\\\/www.anovapeneira.gal\\\/index.php\\\/2019\\\/09\\\/18\\\/amelia-tiganus-na-guarda\\\/\"]}]},{\"@type\":\"ImageObject\",\"inLanguage\":\"gl-ES\",\"@id\":\"https:\\\/\\\/www.anovapeneira.gal\\\/index.php\\\/2019\\\/09\\\/18\\\/amelia-tiganus-na-guarda\\\/#primaryimage\",\"url\":\"https:\\\/\\\/www.anovapeneira.gal\\\/wp-content\\\/uploads\\\/2019\\\/09\\\/AMELIA_TIGANUS_a_nova_peneira.jpg\",\"contentUrl\":\"https:\\\/\\\/www.anovapeneira.gal\\\/wp-content\\\/uploads\\\/2019\\\/09\\\/AMELIA_TIGANUS_a_nova_peneira.jpg\",\"width\":720,\"height\":473,\"caption\":\"Amelia Tiganus A Nova Peneira\"},{\"@type\":\"BreadcrumbList\",\"@id\":\"https:\\\/\\\/www.anovapeneira.gal\\\/index.php\\\/2019\\\/09\\\/18\\\/amelia-tiganus-na-guarda\\\/#breadcrumb\",\"itemListElement\":[{\"@type\":\"ListItem\",\"position\":1,\"name\":\"Portada\",\"item\":\"https:\\\/\\\/www.anovapeneira.gal\\\/\"},{\"@type\":\"ListItem\",\"position\":2,\"name\":\"Amelia Tiganus na Guarda\"}]},{\"@type\":\"WebSite\",\"@id\":\"https:\\\/\\\/www.anovapeneira.gal\\\/#website\",\"url\":\"https:\\\/\\\/www.anovapeneira.gal\\\/\",\"name\":\"\",\"description\":\"Xornal galego de informaci\u00f3n xeral Publicaci\u00f3n mensual de novas de Galicia e en especial dos Concellos da sur da provincia de Pontevedra.\",\"publisher\":{\"@id\":\"https:\\\/\\\/www.anovapeneira.gal\\\/#organization\"},\"potentialAction\":[{\"@type\":\"SearchAction\",\"target\":{\"@type\":\"EntryPoint\",\"urlTemplate\":\"https:\\\/\\\/www.anovapeneira.gal\\\/?s={search_term_string}\"},\"query-input\":{\"@type\":\"PropertyValueSpecification\",\"valueRequired\":true,\"valueName\":\"search_term_string\"}}],\"inLanguage\":\"gl-ES\"},{\"@type\":\"Organization\",\"@id\":\"https:\\\/\\\/www.anovapeneira.gal\\\/#organization\",\"name\":\"A Nova Peneira\",\"url\":\"https:\\\/\\\/www.anovapeneira.gal\\\/\",\"logo\":{\"@type\":\"ImageObject\",\"inLanguage\":\"gl-ES\",\"@id\":\"https:\\\/\\\/www.anovapeneira.gal\\\/#\\\/schema\\\/logo\\\/image\\\/\",\"url\":\"http:\\\/\\\/www.anovapeneira.gal\\\/wp-content\\\/uploads\\\/2019\\\/06\\\/logo_a_nova_peneira_portal_web.png\",\"contentUrl\":\"http:\\\/\\\/www.anovapeneira.gal\\\/wp-content\\\/uploads\\\/2019\\\/06\\\/logo_a_nova_peneira_portal_web.png\",\"width\":300,\"height\":100,\"caption\":\"A Nova Peneira\"},\"image\":{\"@id\":\"https:\\\/\\\/www.anovapeneira.gal\\\/#\\\/schema\\\/logo\\\/image\\\/\"},\"sameAs\":[\"https:\\\/\\\/www.facebook.com\\\/anovapeneira\",\"https:\\\/\\\/x.com\\\/APeneira\"]},{\"@type\":\"Person\",\"@id\":\"https:\\\/\\\/www.anovapeneira.gal\\\/#\\\/schema\\\/person\\\/b93e3f8932e3f8da96334607eb6ac6aa\",\"name\":\"Redacci\u00f3n A Nova Peneira\",\"image\":{\"@type\":\"ImageObject\",\"inLanguage\":\"gl-ES\",\"@id\":\"https:\\\/\\\/secure.gravatar.com\\\/avatar\\\/c052a2551a06e23fac63626232eaa90abd78dbcf1700fc46a2b2c89fd27b735f?s=96&d=mm&r=g\",\"url\":\"https:\\\/\\\/secure.gravatar.com\\\/avatar\\\/c052a2551a06e23fac63626232eaa90abd78dbcf1700fc46a2b2c89fd27b735f?s=96&d=mm&r=g\",\"contentUrl\":\"https:\\\/\\\/secure.gravatar.com\\\/avatar\\\/c052a2551a06e23fac63626232eaa90abd78dbcf1700fc46a2b2c89fd27b735f?s=96&d=mm&r=g\",\"caption\":\"Redacci\u00f3n A Nova Peneira\"},\"sameAs\":[\"http:\\\/\\\/www.anovapeneira.gal\\\/\"],\"url\":\"https:\\\/\\\/www.anovapeneira.gal\\\/index.php\\\/author\\\/redactor\\\/\"}]}<\/script>\n<!-- \/ Yoast SEO plugin. -->","yoast_head_json":{"title":"Amelia Tiganus na Guarda -","robots":{"index":"index","follow":"follow","max-snippet":"max-snippet:-1","max-image-preview":"max-image-preview:large","max-video-preview":"max-video-preview:-1"},"canonical":"https:\/\/www.anovapeneira.gal\/index.php\/2019\/09\/18\/amelia-tiganus-na-guarda\/","og_locale":"gl_ES","og_type":"article","og_title":"Amelia Tiganus na Guarda -","og_description":"O pasado 13 deste mes, a activista Amelia Tiganus estivo no centro cultural da Guarda impartindo a conferencia titulada \u201cVIOLENCIA SEXUAL COMERCIAL, PROSTITUCI\u00d3N E PORNOGRAF\u00cdA\u201d [...]","og_url":"https:\/\/www.anovapeneira.gal\/index.php\/2019\/09\/18\/amelia-tiganus-na-guarda\/","article_publisher":"https:\/\/www.facebook.com\/anovapeneira","article_published_time":"2019-09-18T08:00:36+00:00","og_image":[{"width":720,"height":473,"url":"https:\/\/www.anovapeneira.gal\/wp-content\/uploads\/2019\/09\/AMELIA_TIGANUS_a_nova_peneira.jpg","type":"image\/jpeg"}],"author":"Redacci\u00f3n A Nova Peneira","twitter_card":"summary_large_image","twitter_creator":"@APeneira","twitter_site":"@APeneira","twitter_misc":{"Escrito por":"Redacci\u00f3n A Nova Peneira","Tempo de lectura":"5 minutos"},"schema":{"@context":"https:\/\/schema.org","@graph":[{"@type":"Article","@id":"https:\/\/www.anovapeneira.gal\/index.php\/2019\/09\/18\/amelia-tiganus-na-guarda\/#article","isPartOf":{"@id":"https:\/\/www.anovapeneira.gal\/index.php\/2019\/09\/18\/amelia-tiganus-na-guarda\/"},"author":{"name":"Redacci\u00f3n A Nova Peneira","@id":"https:\/\/www.anovapeneira.gal\/#\/schema\/person\/b93e3f8932e3f8da96334607eb6ac6aa"},"headline":"Amelia Tiganus na Guarda","datePublished":"2019-09-18T08:00:36+00:00","mainEntityOfPage":{"@id":"https:\/\/www.anovapeneira.gal\/index.php\/2019\/09\/18\/amelia-tiganus-na-guarda\/"},"wordCount":999,"commentCount":0,"publisher":{"@id":"https:\/\/www.anovapeneira.gal\/#organization"},"image":{"@id":"https:\/\/www.anovapeneira.gal\/index.php\/2019\/09\/18\/amelia-tiganus-na-guarda\/#primaryimage"},"thumbnailUrl":"https:\/\/www.anovapeneira.gal\/wp-content\/uploads\/2019\/09\/AMELIA_TIGANUS_a_nova_peneira.jpg","keywords":["Amelia Tiganus","Concello da Guarda","Feminismo","Prostituci\u00f3n","Violencia sexual"],"articleSection":["Baixo Mi\u00f1o"],"inLanguage":"gl-ES","potentialAction":[{"@type":"CommentAction","name":"Comment","target":["https:\/\/www.anovapeneira.gal\/index.php\/2019\/09\/18\/amelia-tiganus-na-guarda\/#respond"]}]},{"@type":"WebPage","@id":"https:\/\/www.anovapeneira.gal\/index.php\/2019\/09\/18\/amelia-tiganus-na-guarda\/","url":"https:\/\/www.anovapeneira.gal\/index.php\/2019\/09\/18\/amelia-tiganus-na-guarda\/","name":"Amelia Tiganus na Guarda -","isPartOf":{"@id":"https:\/\/www.anovapeneira.gal\/#website"},"primaryImageOfPage":{"@id":"https:\/\/www.anovapeneira.gal\/index.php\/2019\/09\/18\/amelia-tiganus-na-guarda\/#primaryimage"},"image":{"@id":"https:\/\/www.anovapeneira.gal\/index.php\/2019\/09\/18\/amelia-tiganus-na-guarda\/#primaryimage"},"thumbnailUrl":"https:\/\/www.anovapeneira.gal\/wp-content\/uploads\/2019\/09\/AMELIA_TIGANUS_a_nova_peneira.jpg","datePublished":"2019-09-18T08:00:36+00:00","breadcrumb":{"@id":"https:\/\/www.anovapeneira.gal\/index.php\/2019\/09\/18\/amelia-tiganus-na-guarda\/#breadcrumb"},"inLanguage":"gl-ES","potentialAction":[{"@type":"ReadAction","target":["https:\/\/www.anovapeneira.gal\/index.php\/2019\/09\/18\/amelia-tiganus-na-guarda\/"]}]},{"@type":"ImageObject","inLanguage":"gl-ES","@id":"https:\/\/www.anovapeneira.gal\/index.php\/2019\/09\/18\/amelia-tiganus-na-guarda\/#primaryimage","url":"https:\/\/www.anovapeneira.gal\/wp-content\/uploads\/2019\/09\/AMELIA_TIGANUS_a_nova_peneira.jpg","contentUrl":"https:\/\/www.anovapeneira.gal\/wp-content\/uploads\/2019\/09\/AMELIA_TIGANUS_a_nova_peneira.jpg","width":720,"height":473,"caption":"Amelia Tiganus A Nova Peneira"},{"@type":"BreadcrumbList","@id":"https:\/\/www.anovapeneira.gal\/index.php\/2019\/09\/18\/amelia-tiganus-na-guarda\/#breadcrumb","itemListElement":[{"@type":"ListItem","position":1,"name":"Portada","item":"https:\/\/www.anovapeneira.gal\/"},{"@type":"ListItem","position":2,"name":"Amelia Tiganus na Guarda"}]},{"@type":"WebSite","@id":"https:\/\/www.anovapeneira.gal\/#website","url":"https:\/\/www.anovapeneira.gal\/","name":"","description":"Xornal galego de informaci\u00f3n xeral Publicaci\u00f3n mensual de novas de Galicia e en especial dos Concellos da sur da provincia de Pontevedra.","publisher":{"@id":"https:\/\/www.anovapeneira.gal\/#organization"},"potentialAction":[{"@type":"SearchAction","target":{"@type":"EntryPoint","urlTemplate":"https:\/\/www.anovapeneira.gal\/?s={search_term_string}"},"query-input":{"@type":"PropertyValueSpecification","valueRequired":true,"valueName":"search_term_string"}}],"inLanguage":"gl-ES"},{"@type":"Organization","@id":"https:\/\/www.anovapeneira.gal\/#organization","name":"A Nova Peneira","url":"https:\/\/www.anovapeneira.gal\/","logo":{"@type":"ImageObject","inLanguage":"gl-ES","@id":"https:\/\/www.anovapeneira.gal\/#\/schema\/logo\/image\/","url":"http:\/\/www.anovapeneira.gal\/wp-content\/uploads\/2019\/06\/logo_a_nova_peneira_portal_web.png","contentUrl":"http:\/\/www.anovapeneira.gal\/wp-content\/uploads\/2019\/06\/logo_a_nova_peneira_portal_web.png","width":300,"height":100,"caption":"A Nova Peneira"},"image":{"@id":"https:\/\/www.anovapeneira.gal\/#\/schema\/logo\/image\/"},"sameAs":["https:\/\/www.facebook.com\/anovapeneira","https:\/\/x.com\/APeneira"]},{"@type":"Person","@id":"https:\/\/www.anovapeneira.gal\/#\/schema\/person\/b93e3f8932e3f8da96334607eb6ac6aa","name":"Redacci\u00f3n A Nova Peneira","image":{"@type":"ImageObject","inLanguage":"gl-ES","@id":"https:\/\/secure.gravatar.com\/avatar\/c052a2551a06e23fac63626232eaa90abd78dbcf1700fc46a2b2c89fd27b735f?s=96&d=mm&r=g","url":"https:\/\/secure.gravatar.com\/avatar\/c052a2551a06e23fac63626232eaa90abd78dbcf1700fc46a2b2c89fd27b735f?s=96&d=mm&r=g","contentUrl":"https:\/\/secure.gravatar.com\/avatar\/c052a2551a06e23fac63626232eaa90abd78dbcf1700fc46a2b2c89fd27b735f?s=96&d=mm&r=g","caption":"Redacci\u00f3n A Nova Peneira"},"sameAs":["http:\/\/www.anovapeneira.gal\/"],"url":"https:\/\/www.anovapeneira.gal\/index.php\/author\/redactor\/"}]}},"jetpack_featured_media_url":"https:\/\/www.anovapeneira.gal\/wp-content\/uploads\/2019\/09\/AMELIA_TIGANUS_a_nova_peneira.jpg","_links":{"self":[{"href":"https:\/\/www.anovapeneira.gal\/index.php\/wp-json\/wp\/v2\/posts\/1255","targetHints":{"allow":["GET"]}}],"collection":[{"href":"https:\/\/www.anovapeneira.gal\/index.php\/wp-json\/wp\/v2\/posts"}],"about":[{"href":"https:\/\/www.anovapeneira.gal\/index.php\/wp-json\/wp\/v2\/types\/post"}],"author":[{"embeddable":true,"href":"https:\/\/www.anovapeneira.gal\/index.php\/wp-json\/wp\/v2\/users\/3"}],"replies":[{"embeddable":true,"href":"https:\/\/www.anovapeneira.gal\/index.php\/wp-json\/wp\/v2\/comments?post=1255"}],"version-history":[{"count":1,"href":"https:\/\/www.anovapeneira.gal\/index.php\/wp-json\/wp\/v2\/posts\/1255\/revisions"}],"predecessor-version":[{"id":1257,"href":"https:\/\/www.anovapeneira.gal\/index.php\/wp-json\/wp\/v2\/posts\/1255\/revisions\/1257"}],"wp:featuredmedia":[{"embeddable":true,"href":"https:\/\/www.anovapeneira.gal\/index.php\/wp-json\/wp\/v2\/media\/1256"}],"wp:attachment":[{"href":"https:\/\/www.anovapeneira.gal\/index.php\/wp-json\/wp\/v2\/media?parent=1255"}],"wp:term":[{"taxonomy":"category","embeddable":true,"href":"https:\/\/www.anovapeneira.gal\/index.php\/wp-json\/wp\/v2\/categories?post=1255"},{"taxonomy":"post_tag","embeddable":true,"href":"https:\/\/www.anovapeneira.gal\/index.php\/wp-json\/wp\/v2\/tags?post=1255"}],"curies":[{"name":"wp","href":"https:\/\/api.w.org\/{rel}","templated":true}]}}