{"id":12564,"date":"2024-10-11T10:00:32","date_gmt":"2024-10-11T08:00:32","guid":{"rendered":"https:\/\/www.anovapeneira.gal\/?p=12564"},"modified":"2024-10-09T13:34:07","modified_gmt":"2024-10-09T11:34:07","slug":"a-comunidade-de-montes-de-salcidos-exemplo-de-dignidade-compromiso-co-seu-pobo-e-co-ben-comun","status":"publish","type":"post","link":"https:\/\/www.anovapeneira.gal\/index.php\/2024\/10\/11\/a-comunidade-de-montes-de-salcidos-exemplo-de-dignidade-compromiso-co-seu-pobo-e-co-ben-comun\/","title":{"rendered":"A Comunidade de Montes de Salcidos exemplo de dignidade, compromiso co seu pobo e co ben com\u00fan"},"content":{"rendered":"\n<p><strong>O Monte veci\u00f1al en man com\u00fan \u00e9 unha figura xur\u00eddica de enorme importancia no pa\u00eds galego. Nesta forma de entender a relaci\u00f3n dos pobos coa terra , a propiedade dos montes non corresponde a ning\u00fan particular, sen\u00f3n que \u00e9 unha propiedade colectiva, da veci\u00f1anza da entidade de poboaci\u00f3n na que estea situado ese monte. A orixe da propiedade com\u00fan dos montes non est\u00e1 moi clara, probablemente ve\u00f1a do per\u00edodo xerm\u00e1nico( o reino Suevo de Galicia), pero o que si se pode afirmar con certeza \u00e9 que esta figura xur\u00eddica aparece rexistrada no S XIII no corpo normativo que posteriormente se chamou\u201d As sete partidas de Alfonso X\u201d, co que a s\u00faa procedencia ten que ser anterior a esa \u00e9poca e seguramente se perda nas br\u00e9temas da noite dos tempos.<\/strong><\/p>\n\n\n\n<p><strong>A finalidade dos Montes Comunais \u00e9 moi clara: O Ben Com\u00fan. Est\u00e1n para que toda a veci\u00f1anza poida sacar partido dos seus recursos naturais.<\/strong><\/p>\n\n\n\n<p><strong>A relevancia dos Montes comunais \u00e9 especialmente significativa no sur de Pontevedra pero moi importante en todo o noso pa\u00eds, tanto \u00e9 as\u00ed que en Galicia existen arredor de 3.000 comunidades de Montes que abranguen sobre 700.000 hect\u00e1reas de terreo e atinxen a aproximadamente medio mill\u00f3n de propietarios e propietarias. Un de cada 5 cidad\u00e1ns e cidad\u00e1s de Galicia \u00e9 comuneiro ou comuneira. Esta forma de entender a relaci\u00f3n das persoas co seu entorno: O monte \u00e9 para o ben com\u00fan de todas e de todas, \u00e9 algo que nunca se debera de perder, pois \u00e9 \u00e9tica e economicamente mellor para as maior\u00edas sociais que se se permitise a entrada de especuladores e grandes propietarios.<\/strong><\/p>\n\n\n\n<p><strong>Non \u00e9 discutible que \u00e9 m\u00e1is xusto que os recursos naturais dun pobo beneficien aos veci\u00f1os e veci\u00f1as de onde estean, que a calquera fondo de inversi\u00f3n que lle pretenda obter un lucro econ\u00f3mico privado.<\/strong><\/p>\n\n\n\n<p><strong>Xa que logo as comunidades de Montes en xeral, e aquelas que non se vendan aos intereses econ\u00f3micos de ningu\u00e9n en particular, sempre ter\u00e1n do seu lado a este medio de comunicaci\u00f3n.<\/strong><\/p>\n\n\n\n<p><strong>E entre as Comunidades de Montes que merecen apoio, polo seu compromiso co ben com\u00fan, polo amor \u00e1 s\u00faa comunidade, polo seu respecto polo espazo natural, por estar firmemente chantadas neste pa\u00eds e polo seu traballo enorme en cantidade e en calidade, un lugar destacado no podio oc\u00fapao a de Salcidos no concello da Guarda.<\/strong><\/p>\n\n\n\n<p><strong>O pasado s\u00e1bado 5 de outubro, nun d\u00eda de intensa chuvia, de forte vento e de desagradable fr\u00edo que convidaba a calquera cousa menos a subir ata o monte, m\u00e1is de 100 persoas asistiron a un evento que celebrou a Comunidade de Montes de Salcidos co gallo de inaugurar un parque inclusivo no Monte Torroso.<\/strong><\/p>\n\n\n\n<p><strong>Eu asist\u00edn ao acto que nin por asomo agardaba fose da dimensi\u00f3n que foi. Abraiado e nalg\u00fan momento ata emocionado contemplaba como no medio das br\u00e9temas do d\u00eda outonal , case invernal, chegaban m\u00e1is e m\u00e1is comuneiros e comuneiras. Persoas de todas as idades : maiores,moi maiores, novas, moi novas e tam\u00e9n nenos e nenas. Si, a semente que ha de agromar para que os montes comunais de Salcidos poidan lucir 1.000 primaveras m\u00e1is eternamente comunais.<\/strong><\/p>\n\n\n\n<p><strong>O acto foi moito m\u00e1is que a inauguraci\u00f3n dun parque: foi a expresi\u00f3n colectiva dun pobo que berrou con orgullo: O monte \u00e9 noso, foi dos nosos av\u00f3s e avoas e seguir\u00e1 sendo das fillas dos nosos fillos.<\/strong><\/p>\n\n\n\n<p><strong>E o evento en si foi absolutamente precioso, pois constou dun recital po\u00e9tico de poetas de primeiro nivel como Marga Doval, Manuel Caride ou o noso amigo e comuneiro de Salcidos , o grande Francisco \u00c1lvarez Koki e unha actuaci\u00f3n musical dun d\u00fao local, Edu e To\u00f1i, que fixeron as delicias de todas as persoas que al\u00ed estabamos.<\/strong><\/p>\n\n\n\n<p><strong>O d\u00eda rematou cunha espectacular comida, amenizada por un grupo de m\u00fasica tradicional, na que o porco ib\u00e9rico foi o protagonista principal e na que \u00e9 obrigado salientar a xenerosidade do comuneiro, tesoureiro da comunidade, Xabier Vicente, un dos que sempre est\u00e1 , un dos que nunca falla e polo tanto un dos imprescindibles.<\/strong><\/p>\n\n\n\n<figure class=\"wp-block-image size-large\"><img loading=\"lazy\" decoding=\"async\" width=\"1024\" height=\"766\" src=\"https:\/\/www.anovapeneira.gal\/wp-content\/uploads\/2024\/10\/1728227142018-1024x766.jpg\" alt=\"\" class=\"wp-image-12565\" srcset=\"https:\/\/www.anovapeneira.gal\/wp-content\/uploads\/2024\/10\/1728227142018-1024x766.jpg 1024w, https:\/\/www.anovapeneira.gal\/wp-content\/uploads\/2024\/10\/1728227142018-300x224.jpg 300w, https:\/\/www.anovapeneira.gal\/wp-content\/uploads\/2024\/10\/1728227142018-768x575.jpg 768w, https:\/\/www.anovapeneira.gal\/wp-content\/uploads\/2024\/10\/1728227142018-1536x1149.jpg 1536w, https:\/\/www.anovapeneira.gal\/wp-content\/uploads\/2024\/10\/1728227142018-2048x1532.jpg 2048w, https:\/\/www.anovapeneira.gal\/wp-content\/uploads\/2024\/10\/1728227142018-326x245.jpg 326w, https:\/\/www.anovapeneira.gal\/wp-content\/uploads\/2024\/10\/1728227142018-80x60.jpg 80w\" sizes=\"auto, (max-width: 1024px) 100vw, 1024px\" \/><\/figure>\n\n\n\n<p><strong>N\u00f3s conversamos con Benito, o secretario da Comunidade de Montes. Vela\u00ed van as s\u00faas palabras para pechar esta reportaxe.<\/strong><\/p>\n\n\n\n<p><strong>Benito Lomba Secretario da Comunidade de Montes de Salcidos.<\/strong><\/p>\n\n\n\n<figure class=\"wp-block-image size-full\"><img loading=\"lazy\" decoding=\"async\" width=\"720\" height=\"432\" src=\"https:\/\/www.anovapeneira.gal\/wp-content\/uploads\/2024\/10\/benito_lomba.png\" alt=\"\" class=\"wp-image-12568\" srcset=\"https:\/\/www.anovapeneira.gal\/wp-content\/uploads\/2024\/10\/benito_lomba.png 720w, https:\/\/www.anovapeneira.gal\/wp-content\/uploads\/2024\/10\/benito_lomba-300x180.png 300w\" sizes=\"auto, (max-width: 720px) 100vw, 720px\" \/><\/figure>\n\n\n\n<h2 class=\"wp-block-heading\">\u201c <strong>Toda a xunta reitora da Comunidade de Montes est\u00e1 profundamente agradecida e emocionada pola resposta do pobo de Salcidos\u201d<\/strong><\/h2>\n\n\n\n<p><strong>Cal foi o motivo de terdes constru\u00eddo este parque?<\/strong><\/p>\n\n\n\n<blockquote class=\"wp-block-quote is-layout-flow wp-block-quote-is-layout-flow\">\n<p>Ofrecerlle unha alternativa de nivel \u00e1s persoas , tanto veci\u00f1as como visitantes, que decidan visitarnos para gozar do seu lecer neste fermoso monte. Houbo distintas propostas e finalmente decid\u00edmonos por este proxecto, que foi elaborado pola enxe\u00f1eira Maruxa Lago \u00e1 que toda a xunta reitora queremos reco\u00f1ecer o seu traballo.<\/p>\n<\/blockquote>\n\n\n\n<p><strong>Cales son os criterios fundamentais que presidiron esta actuaci\u00f3n?<\/strong><\/p>\n\n\n\n<blockquote class=\"wp-block-quote is-layout-flow wp-block-quote-is-layout-flow\">\n<p>Non s\u00f3 nesta, sen\u00f3n en todas:O respecto \u00e1 contorna e a sensibilidade ecol\u00f3xica.<\/p>\n<\/blockquote>\n\n\n\n<p><strong>Al\u00e9n deste parque descr\u00edbeme a modo de exemplo algunha outra actividade relevante que desenvolvera esta xunta reitora?<\/strong><\/p>\n\n\n\n<blockquote class=\"wp-block-quote is-layout-flow wp-block-quote-is-layout-flow\">\n<p>Plantamos 80 \u00e1rbores aut\u00f3ctonas<\/p>\n<\/blockquote>\n\n\n\n<p><strong>Que \u00e1rbores?<\/strong><\/p>\n\n\n\n<blockquote class=\"wp-block-quote is-layout-flow wp-block-quote-is-layout-flow\">\n<p>Sobreiras, acivros, \u00e9rbedos&#8230;..Tam\u00e9n trataremos de manter a todas as plantas aut\u00f3ctonas. E asemade fixemos unha charca para anfibios de 120 metros cadrados na que xa hai ras, sapos e trit\u00f3ns. A verdade \u00e9 un espect\u00e1culo precioso nas tardi\u00f1as nas que hai bo tempo.<\/p>\n<\/blockquote>\n\n\n\n<p><strong>Por que lle chamades parque \u201cinclusivo\u201d?<\/strong><\/p>\n\n\n\n<blockquote class=\"wp-block-quote is-layout-flow wp-block-quote-is-layout-flow\">\n<p>Pois porque est\u00e1 a adaptado para que igualmente o poidan utilizar as persoas con discapacidade. Tam\u00e9n quixera salientar que est\u00e1 todo feito con materiais reciclados. Incluso os muros de pedra que fixemos son con pedras recicladas<\/p>\n<\/blockquote>\n\n\n\n<p><strong>Hoxe vai moita br\u00e9tema e non se pode apreciar, pero te\u00f1o a sensaci\u00f3n de que as vistas desde aqu\u00ed deben de ser moi bonitas?<\/strong><\/p>\n\n\n\n<blockquote class=\"wp-block-quote is-layout-flow wp-block-quote-is-layout-flow\">\n<p>Son m\u00e1is que bonitas. Son espectaculares. Convido a quen non as co\u00f1eza a que se achegue a co\u00f1ecelas porque paga a pena.<\/p>\n<\/blockquote>\n\n\n\n<p><strong>Malia que o clima non acompa\u00f1a en absoluto a asistencia \u00e9 impresionante. Eu estou abraiado<\/strong><\/p>\n\n\n\n<blockquote class=\"wp-block-quote is-layout-flow wp-block-quote-is-layout-flow\">\n<p>Toda a xunta reitora da CM estamos emocionados e moi agradecidos pola resposta do pobo de Salcidos, si, indiscutiblemente si. A propia construci\u00f3n do parque non ser\u00eda posible sen o traballo xeneroso dos comuneiros.<\/p>\n<\/blockquote>\n\n\n\n<p><strong>Supo\u00f1o que al\u00e9n de traballo tam\u00e9n far\u00eda falta financiamento. Como se puido financiar?<\/strong><\/p>\n\n\n\n<blockquote class=\"wp-block-quote is-layout-flow wp-block-quote-is-layout-flow\">\n<p>A parte m\u00e1is importante foi unha subvenci\u00f3n de m\u00e1is de 60.000 \u20ac do GDR.<\/p>\n<\/blockquote>\n\n\n\n<p><strong>A subvenci\u00f3n ped\u00edstela v\u00f3s?<\/strong><\/p>\n\n\n\n<blockquote class=\"wp-block-quote is-layout-flow wp-block-quote-is-layout-flow\">\n<p>Si, e foi grazas ao proxecto que n\u00f3s fixemos , que n\u00f3s presentamos e que obviamente tivo que lles resultar atractivo.<\/p>\n<\/blockquote>\n\n\n\n<p><strong>Foi dif\u00edcil facer o proxecto?<\/strong><\/p>\n\n\n\n<blockquote class=\"wp-block-quote is-layout-flow wp-block-quote-is-layout-flow\">\n<p>Foi m\u00e1is dif\u00edcil levalo a cabo. Como pasa en todo este tipo de cousas; sempre van aparecendo distintos atrancos polo cami\u00f1o.<\/p>\n<\/blockquote>\n\n\n\n<p><strong>Dic\u00edas que a parte m\u00e1is importante do financiamento foi o GDR , e o resto?<\/strong><\/p>\n\n\n\n<blockquote class=\"wp-block-quote is-layout-flow wp-block-quote-is-layout-flow\">\n<p>O resto financiouno a CM.<\/p>\n<\/blockquote>\n\n\n\n<p><strong>Apoiouvos en algo o concello?<\/strong><\/p>\n\n\n\n<blockquote class=\"wp-block-quote is-layout-flow wp-block-quote-is-layout-flow\">\n<p>No asfaltado da pista que leva ata aqu\u00ed, si.<\/p>\n<\/blockquote>\n","protected":false},"excerpt":{"rendered":"<div class=\"mh-excerpt\"><p>O Monte veci\u00f1al en man com\u00fan \u00e9 unha figura xur\u00eddica de enorme importancia no pa\u00eds galego <a class=\"mh-excerpt-more\" href=\"https:\/\/www.anovapeneira.gal\/index.php\/2024\/10\/11\/a-comunidade-de-montes-de-salcidos-exemplo-de-dignidade-compromiso-co-seu-pobo-e-co-ben-comun\/\" title=\"A Comunidade de Montes de Salcidos exemplo de dignidade, compromiso co seu pobo e co ben com\u00fan\">[&#8230;]<\/a><\/p>\n<\/div>","protected":false},"author":2,"featured_media":12567,"comment_status":"open","ping_status":"open","sticky":false,"template":"","format":"standard","meta":{"_exactmetrics_skip_tracking":false,"_exactmetrics_sitenote_active":false,"_exactmetrics_sitenote_note":"","_exactmetrics_sitenote_category":0,"footnotes":""},"categories":[491],"tags":[238],"class_list":{"0":"post-12564","1":"post","2":"type-post","3":"status-publish","4":"format-standard","5":"has-post-thumbnail","7":"category-baixo-mino-reportaxes","8":"tag-concello-da-guarda"},"yoast_head":"<!-- This site is optimized with the Yoast SEO plugin v27.4 - https:\/\/yoast.com\/product\/yoast-seo-wordpress\/ -->\n<title>A Comunidade de Montes de Salcidos exemplo de dignidade, compromiso co seu pobo e co ben com\u00fan -<\/title>\n<meta name=\"robots\" content=\"index, follow, max-snippet:-1, max-image-preview:large, max-video-preview:-1\" \/>\n<link rel=\"canonical\" href=\"https:\/\/www.anovapeneira.gal\/index.php\/2024\/10\/11\/a-comunidade-de-montes-de-salcidos-exemplo-de-dignidade-compromiso-co-seu-pobo-e-co-ben-comun\/\" \/>\n<meta property=\"og:locale\" content=\"gl_ES\" \/>\n<meta property=\"og:type\" content=\"article\" \/>\n<meta property=\"og:title\" content=\"A Comunidade de Montes de Salcidos exemplo de dignidade, compromiso co seu pobo e co ben com\u00fan -\" \/>\n<meta property=\"og:description\" content=\"O Monte veci\u00f1al en man com\u00fan \u00e9 unha figura xur\u00eddica de enorme importancia no pa\u00eds galego [...]\" \/>\n<meta property=\"og:url\" content=\"https:\/\/www.anovapeneira.gal\/index.php\/2024\/10\/11\/a-comunidade-de-montes-de-salcidos-exemplo-de-dignidade-compromiso-co-seu-pobo-e-co-ben-comun\/\" \/>\n<meta property=\"article:publisher\" content=\"https:\/\/www.facebook.com\/anovapeneira\" \/>\n<meta property=\"article:published_time\" content=\"2024-10-11T08:00:32+00:00\" \/>\n<meta property=\"og:image\" content=\"https:\/\/www.anovapeneira.gal\/wp-content\/uploads\/2024\/10\/Montes_Salcidos.png\" \/>\n\t<meta property=\"og:image:width\" content=\"720\" \/>\n\t<meta property=\"og:image:height\" content=\"432\" \/>\n\t<meta property=\"og:image:type\" content=\"image\/png\" \/>\n<meta name=\"author\" content=\"Tino Lago\" \/>\n<meta name=\"twitter:card\" content=\"summary_large_image\" \/>\n<meta name=\"twitter:creator\" content=\"@APeneira\" \/>\n<meta name=\"twitter:site\" content=\"@APeneira\" \/>\n<meta name=\"twitter:label1\" content=\"Escrito por\" \/>\n\t<meta name=\"twitter:data1\" content=\"Tino Lago\" \/>\n\t<meta name=\"twitter:label2\" content=\"Tempo de lectura\" \/>\n\t<meta name=\"twitter:data2\" content=\"6 minutos\" \/>\n<script type=\"application\/ld+json\" class=\"yoast-schema-graph\">{\"@context\":\"https:\\\/\\\/schema.org\",\"@graph\":[{\"@type\":\"Article\",\"@id\":\"https:\\\/\\\/www.anovapeneira.gal\\\/index.php\\\/2024\\\/10\\\/11\\\/a-comunidade-de-montes-de-salcidos-exemplo-de-dignidade-compromiso-co-seu-pobo-e-co-ben-comun\\\/#article\",\"isPartOf\":{\"@id\":\"https:\\\/\\\/www.anovapeneira.gal\\\/index.php\\\/2024\\\/10\\\/11\\\/a-comunidade-de-montes-de-salcidos-exemplo-de-dignidade-compromiso-co-seu-pobo-e-co-ben-comun\\\/\"},\"author\":{\"name\":\"Tino Lago\",\"@id\":\"https:\\\/\\\/www.anovapeneira.gal\\\/#\\\/schema\\\/person\\\/424dfe65e3070fd8a44d22d2c088762a\"},\"headline\":\"A Comunidade de Montes de Salcidos exemplo de dignidade, compromiso co seu pobo e co ben com\u00fan\",\"datePublished\":\"2024-10-11T08:00:32+00:00\",\"mainEntityOfPage\":{\"@id\":\"https:\\\/\\\/www.anovapeneira.gal\\\/index.php\\\/2024\\\/10\\\/11\\\/a-comunidade-de-montes-de-salcidos-exemplo-de-dignidade-compromiso-co-seu-pobo-e-co-ben-comun\\\/\"},\"wordCount\":1208,\"commentCount\":0,\"publisher\":{\"@id\":\"https:\\\/\\\/www.anovapeneira.gal\\\/#organization\"},\"image\":{\"@id\":\"https:\\\/\\\/www.anovapeneira.gal\\\/index.php\\\/2024\\\/10\\\/11\\\/a-comunidade-de-montes-de-salcidos-exemplo-de-dignidade-compromiso-co-seu-pobo-e-co-ben-comun\\\/#primaryimage\"},\"thumbnailUrl\":\"https:\\\/\\\/www.anovapeneira.gal\\\/wp-content\\\/uploads\\\/2024\\\/10\\\/Montes_Salcidos.png\",\"keywords\":[\"Concello da Guarda\"],\"articleSection\":[\"Baixo Mi\u00f1o\"],\"inLanguage\":\"gl-ES\",\"potentialAction\":[{\"@type\":\"CommentAction\",\"name\":\"Comment\",\"target\":[\"https:\\\/\\\/www.anovapeneira.gal\\\/index.php\\\/2024\\\/10\\\/11\\\/a-comunidade-de-montes-de-salcidos-exemplo-de-dignidade-compromiso-co-seu-pobo-e-co-ben-comun\\\/#respond\"]}]},{\"@type\":\"WebPage\",\"@id\":\"https:\\\/\\\/www.anovapeneira.gal\\\/index.php\\\/2024\\\/10\\\/11\\\/a-comunidade-de-montes-de-salcidos-exemplo-de-dignidade-compromiso-co-seu-pobo-e-co-ben-comun\\\/\",\"url\":\"https:\\\/\\\/www.anovapeneira.gal\\\/index.php\\\/2024\\\/10\\\/11\\\/a-comunidade-de-montes-de-salcidos-exemplo-de-dignidade-compromiso-co-seu-pobo-e-co-ben-comun\\\/\",\"name\":\"A Comunidade de Montes de Salcidos exemplo de dignidade, compromiso co seu pobo e co ben com\u00fan -\",\"isPartOf\":{\"@id\":\"https:\\\/\\\/www.anovapeneira.gal\\\/#website\"},\"primaryImageOfPage\":{\"@id\":\"https:\\\/\\\/www.anovapeneira.gal\\\/index.php\\\/2024\\\/10\\\/11\\\/a-comunidade-de-montes-de-salcidos-exemplo-de-dignidade-compromiso-co-seu-pobo-e-co-ben-comun\\\/#primaryimage\"},\"image\":{\"@id\":\"https:\\\/\\\/www.anovapeneira.gal\\\/index.php\\\/2024\\\/10\\\/11\\\/a-comunidade-de-montes-de-salcidos-exemplo-de-dignidade-compromiso-co-seu-pobo-e-co-ben-comun\\\/#primaryimage\"},\"thumbnailUrl\":\"https:\\\/\\\/www.anovapeneira.gal\\\/wp-content\\\/uploads\\\/2024\\\/10\\\/Montes_Salcidos.png\",\"datePublished\":\"2024-10-11T08:00:32+00:00\",\"breadcrumb\":{\"@id\":\"https:\\\/\\\/www.anovapeneira.gal\\\/index.php\\\/2024\\\/10\\\/11\\\/a-comunidade-de-montes-de-salcidos-exemplo-de-dignidade-compromiso-co-seu-pobo-e-co-ben-comun\\\/#breadcrumb\"},\"inLanguage\":\"gl-ES\",\"potentialAction\":[{\"@type\":\"ReadAction\",\"target\":[\"https:\\\/\\\/www.anovapeneira.gal\\\/index.php\\\/2024\\\/10\\\/11\\\/a-comunidade-de-montes-de-salcidos-exemplo-de-dignidade-compromiso-co-seu-pobo-e-co-ben-comun\\\/\"]}]},{\"@type\":\"ImageObject\",\"inLanguage\":\"gl-ES\",\"@id\":\"https:\\\/\\\/www.anovapeneira.gal\\\/index.php\\\/2024\\\/10\\\/11\\\/a-comunidade-de-montes-de-salcidos-exemplo-de-dignidade-compromiso-co-seu-pobo-e-co-ben-comun\\\/#primaryimage\",\"url\":\"https:\\\/\\\/www.anovapeneira.gal\\\/wp-content\\\/uploads\\\/2024\\\/10\\\/Montes_Salcidos.png\",\"contentUrl\":\"https:\\\/\\\/www.anovapeneira.gal\\\/wp-content\\\/uploads\\\/2024\\\/10\\\/Montes_Salcidos.png\",\"width\":720,\"height\":432,\"caption\":\"A Comunidade de Montes de Salcidos exemplo de dignidade, compromiso co seu pobo e co ben com\u00fan\"},{\"@type\":\"BreadcrumbList\",\"@id\":\"https:\\\/\\\/www.anovapeneira.gal\\\/index.php\\\/2024\\\/10\\\/11\\\/a-comunidade-de-montes-de-salcidos-exemplo-de-dignidade-compromiso-co-seu-pobo-e-co-ben-comun\\\/#breadcrumb\",\"itemListElement\":[{\"@type\":\"ListItem\",\"position\":1,\"name\":\"Portada\",\"item\":\"https:\\\/\\\/www.anovapeneira.gal\\\/\"},{\"@type\":\"ListItem\",\"position\":2,\"name\":\"A Comunidade de Montes de Salcidos exemplo de dignidade, compromiso co seu pobo e co ben com\u00fan\"}]},{\"@type\":\"WebSite\",\"@id\":\"https:\\\/\\\/www.anovapeneira.gal\\\/#website\",\"url\":\"https:\\\/\\\/www.anovapeneira.gal\\\/\",\"name\":\"\",\"description\":\"Xornal galego de informaci\u00f3n xeral Publicaci\u00f3n mensual de novas de Galicia e en especial dos Concellos da sur da provincia de Pontevedra.\",\"publisher\":{\"@id\":\"https:\\\/\\\/www.anovapeneira.gal\\\/#organization\"},\"potentialAction\":[{\"@type\":\"SearchAction\",\"target\":{\"@type\":\"EntryPoint\",\"urlTemplate\":\"https:\\\/\\\/www.anovapeneira.gal\\\/?s={search_term_string}\"},\"query-input\":{\"@type\":\"PropertyValueSpecification\",\"valueRequired\":true,\"valueName\":\"search_term_string\"}}],\"inLanguage\":\"gl-ES\"},{\"@type\":\"Organization\",\"@id\":\"https:\\\/\\\/www.anovapeneira.gal\\\/#organization\",\"name\":\"A Nova Peneira\",\"url\":\"https:\\\/\\\/www.anovapeneira.gal\\\/\",\"logo\":{\"@type\":\"ImageObject\",\"inLanguage\":\"gl-ES\",\"@id\":\"https:\\\/\\\/www.anovapeneira.gal\\\/#\\\/schema\\\/logo\\\/image\\\/\",\"url\":\"http:\\\/\\\/www.anovapeneira.gal\\\/wp-content\\\/uploads\\\/2019\\\/06\\\/logo_a_nova_peneira_portal_web.png\",\"contentUrl\":\"http:\\\/\\\/www.anovapeneira.gal\\\/wp-content\\\/uploads\\\/2019\\\/06\\\/logo_a_nova_peneira_portal_web.png\",\"width\":300,\"height\":100,\"caption\":\"A Nova Peneira\"},\"image\":{\"@id\":\"https:\\\/\\\/www.anovapeneira.gal\\\/#\\\/schema\\\/logo\\\/image\\\/\"},\"sameAs\":[\"https:\\\/\\\/www.facebook.com\\\/anovapeneira\",\"https:\\\/\\\/x.com\\\/APeneira\"]},{\"@type\":\"Person\",\"@id\":\"https:\\\/\\\/www.anovapeneira.gal\\\/#\\\/schema\\\/person\\\/424dfe65e3070fd8a44d22d2c088762a\",\"name\":\"Tino Lago\",\"image\":{\"@type\":\"ImageObject\",\"inLanguage\":\"gl-ES\",\"@id\":\"https:\\\/\\\/secure.gravatar.com\\\/avatar\\\/b3df6a06e44bab3111583b90f0f33a0379ee5e3d22cbadd232d39f21c30c62be?s=96&d=mm&r=g\",\"url\":\"https:\\\/\\\/secure.gravatar.com\\\/avatar\\\/b3df6a06e44bab3111583b90f0f33a0379ee5e3d22cbadd232d39f21c30c62be?s=96&d=mm&r=g\",\"contentUrl\":\"https:\\\/\\\/secure.gravatar.com\\\/avatar\\\/b3df6a06e44bab3111583b90f0f33a0379ee5e3d22cbadd232d39f21c30c62be?s=96&d=mm&r=g\",\"caption\":\"Tino Lago\"},\"sameAs\":[\"http:\\\/\\\/www.anovapeneira.gal\"],\"url\":\"https:\\\/\\\/www.anovapeneira.gal\\\/index.php\\\/author\\\/director\\\/\"}]}<\/script>\n<!-- \/ Yoast SEO plugin. -->","yoast_head_json":{"title":"A Comunidade de Montes de Salcidos exemplo de dignidade, compromiso co seu pobo e co ben com\u00fan -","robots":{"index":"index","follow":"follow","max-snippet":"max-snippet:-1","max-image-preview":"max-image-preview:large","max-video-preview":"max-video-preview:-1"},"canonical":"https:\/\/www.anovapeneira.gal\/index.php\/2024\/10\/11\/a-comunidade-de-montes-de-salcidos-exemplo-de-dignidade-compromiso-co-seu-pobo-e-co-ben-comun\/","og_locale":"gl_ES","og_type":"article","og_title":"A Comunidade de Montes de Salcidos exemplo de dignidade, compromiso co seu pobo e co ben com\u00fan -","og_description":"O Monte veci\u00f1al en man com\u00fan \u00e9 unha figura xur\u00eddica de enorme importancia no pa\u00eds galego [...]","og_url":"https:\/\/www.anovapeneira.gal\/index.php\/2024\/10\/11\/a-comunidade-de-montes-de-salcidos-exemplo-de-dignidade-compromiso-co-seu-pobo-e-co-ben-comun\/","article_publisher":"https:\/\/www.facebook.com\/anovapeneira","article_published_time":"2024-10-11T08:00:32+00:00","og_image":[{"width":720,"height":432,"url":"https:\/\/www.anovapeneira.gal\/wp-content\/uploads\/2024\/10\/Montes_Salcidos.png","type":"image\/png"}],"author":"Tino Lago","twitter_card":"summary_large_image","twitter_creator":"@APeneira","twitter_site":"@APeneira","twitter_misc":{"Escrito por":"Tino Lago","Tempo de lectura":"6 minutos"},"schema":{"@context":"https:\/\/schema.org","@graph":[{"@type":"Article","@id":"https:\/\/www.anovapeneira.gal\/index.php\/2024\/10\/11\/a-comunidade-de-montes-de-salcidos-exemplo-de-dignidade-compromiso-co-seu-pobo-e-co-ben-comun\/#article","isPartOf":{"@id":"https:\/\/www.anovapeneira.gal\/index.php\/2024\/10\/11\/a-comunidade-de-montes-de-salcidos-exemplo-de-dignidade-compromiso-co-seu-pobo-e-co-ben-comun\/"},"author":{"name":"Tino Lago","@id":"https:\/\/www.anovapeneira.gal\/#\/schema\/person\/424dfe65e3070fd8a44d22d2c088762a"},"headline":"A Comunidade de Montes de Salcidos exemplo de dignidade, compromiso co seu pobo e co ben com\u00fan","datePublished":"2024-10-11T08:00:32+00:00","mainEntityOfPage":{"@id":"https:\/\/www.anovapeneira.gal\/index.php\/2024\/10\/11\/a-comunidade-de-montes-de-salcidos-exemplo-de-dignidade-compromiso-co-seu-pobo-e-co-ben-comun\/"},"wordCount":1208,"commentCount":0,"publisher":{"@id":"https:\/\/www.anovapeneira.gal\/#organization"},"image":{"@id":"https:\/\/www.anovapeneira.gal\/index.php\/2024\/10\/11\/a-comunidade-de-montes-de-salcidos-exemplo-de-dignidade-compromiso-co-seu-pobo-e-co-ben-comun\/#primaryimage"},"thumbnailUrl":"https:\/\/www.anovapeneira.gal\/wp-content\/uploads\/2024\/10\/Montes_Salcidos.png","keywords":["Concello da Guarda"],"articleSection":["Baixo Mi\u00f1o"],"inLanguage":"gl-ES","potentialAction":[{"@type":"CommentAction","name":"Comment","target":["https:\/\/www.anovapeneira.gal\/index.php\/2024\/10\/11\/a-comunidade-de-montes-de-salcidos-exemplo-de-dignidade-compromiso-co-seu-pobo-e-co-ben-comun\/#respond"]}]},{"@type":"WebPage","@id":"https:\/\/www.anovapeneira.gal\/index.php\/2024\/10\/11\/a-comunidade-de-montes-de-salcidos-exemplo-de-dignidade-compromiso-co-seu-pobo-e-co-ben-comun\/","url":"https:\/\/www.anovapeneira.gal\/index.php\/2024\/10\/11\/a-comunidade-de-montes-de-salcidos-exemplo-de-dignidade-compromiso-co-seu-pobo-e-co-ben-comun\/","name":"A Comunidade de Montes de Salcidos exemplo de dignidade, compromiso co seu pobo e co ben com\u00fan -","isPartOf":{"@id":"https:\/\/www.anovapeneira.gal\/#website"},"primaryImageOfPage":{"@id":"https:\/\/www.anovapeneira.gal\/index.php\/2024\/10\/11\/a-comunidade-de-montes-de-salcidos-exemplo-de-dignidade-compromiso-co-seu-pobo-e-co-ben-comun\/#primaryimage"},"image":{"@id":"https:\/\/www.anovapeneira.gal\/index.php\/2024\/10\/11\/a-comunidade-de-montes-de-salcidos-exemplo-de-dignidade-compromiso-co-seu-pobo-e-co-ben-comun\/#primaryimage"},"thumbnailUrl":"https:\/\/www.anovapeneira.gal\/wp-content\/uploads\/2024\/10\/Montes_Salcidos.png","datePublished":"2024-10-11T08:00:32+00:00","breadcrumb":{"@id":"https:\/\/www.anovapeneira.gal\/index.php\/2024\/10\/11\/a-comunidade-de-montes-de-salcidos-exemplo-de-dignidade-compromiso-co-seu-pobo-e-co-ben-comun\/#breadcrumb"},"inLanguage":"gl-ES","potentialAction":[{"@type":"ReadAction","target":["https:\/\/www.anovapeneira.gal\/index.php\/2024\/10\/11\/a-comunidade-de-montes-de-salcidos-exemplo-de-dignidade-compromiso-co-seu-pobo-e-co-ben-comun\/"]}]},{"@type":"ImageObject","inLanguage":"gl-ES","@id":"https:\/\/www.anovapeneira.gal\/index.php\/2024\/10\/11\/a-comunidade-de-montes-de-salcidos-exemplo-de-dignidade-compromiso-co-seu-pobo-e-co-ben-comun\/#primaryimage","url":"https:\/\/www.anovapeneira.gal\/wp-content\/uploads\/2024\/10\/Montes_Salcidos.png","contentUrl":"https:\/\/www.anovapeneira.gal\/wp-content\/uploads\/2024\/10\/Montes_Salcidos.png","width":720,"height":432,"caption":"A Comunidade de Montes de Salcidos exemplo de dignidade, compromiso co seu pobo e co ben com\u00fan"},{"@type":"BreadcrumbList","@id":"https:\/\/www.anovapeneira.gal\/index.php\/2024\/10\/11\/a-comunidade-de-montes-de-salcidos-exemplo-de-dignidade-compromiso-co-seu-pobo-e-co-ben-comun\/#breadcrumb","itemListElement":[{"@type":"ListItem","position":1,"name":"Portada","item":"https:\/\/www.anovapeneira.gal\/"},{"@type":"ListItem","position":2,"name":"A Comunidade de Montes de Salcidos exemplo de dignidade, compromiso co seu pobo e co ben com\u00fan"}]},{"@type":"WebSite","@id":"https:\/\/www.anovapeneira.gal\/#website","url":"https:\/\/www.anovapeneira.gal\/","name":"","description":"Xornal galego de informaci\u00f3n xeral Publicaci\u00f3n mensual de novas de Galicia e en especial dos Concellos da sur da provincia de Pontevedra.","publisher":{"@id":"https:\/\/www.anovapeneira.gal\/#organization"},"potentialAction":[{"@type":"SearchAction","target":{"@type":"EntryPoint","urlTemplate":"https:\/\/www.anovapeneira.gal\/?s={search_term_string}"},"query-input":{"@type":"PropertyValueSpecification","valueRequired":true,"valueName":"search_term_string"}}],"inLanguage":"gl-ES"},{"@type":"Organization","@id":"https:\/\/www.anovapeneira.gal\/#organization","name":"A Nova Peneira","url":"https:\/\/www.anovapeneira.gal\/","logo":{"@type":"ImageObject","inLanguage":"gl-ES","@id":"https:\/\/www.anovapeneira.gal\/#\/schema\/logo\/image\/","url":"http:\/\/www.anovapeneira.gal\/wp-content\/uploads\/2019\/06\/logo_a_nova_peneira_portal_web.png","contentUrl":"http:\/\/www.anovapeneira.gal\/wp-content\/uploads\/2019\/06\/logo_a_nova_peneira_portal_web.png","width":300,"height":100,"caption":"A Nova Peneira"},"image":{"@id":"https:\/\/www.anovapeneira.gal\/#\/schema\/logo\/image\/"},"sameAs":["https:\/\/www.facebook.com\/anovapeneira","https:\/\/x.com\/APeneira"]},{"@type":"Person","@id":"https:\/\/www.anovapeneira.gal\/#\/schema\/person\/424dfe65e3070fd8a44d22d2c088762a","name":"Tino Lago","image":{"@type":"ImageObject","inLanguage":"gl-ES","@id":"https:\/\/secure.gravatar.com\/avatar\/b3df6a06e44bab3111583b90f0f33a0379ee5e3d22cbadd232d39f21c30c62be?s=96&d=mm&r=g","url":"https:\/\/secure.gravatar.com\/avatar\/b3df6a06e44bab3111583b90f0f33a0379ee5e3d22cbadd232d39f21c30c62be?s=96&d=mm&r=g","contentUrl":"https:\/\/secure.gravatar.com\/avatar\/b3df6a06e44bab3111583b90f0f33a0379ee5e3d22cbadd232d39f21c30c62be?s=96&d=mm&r=g","caption":"Tino Lago"},"sameAs":["http:\/\/www.anovapeneira.gal"],"url":"https:\/\/www.anovapeneira.gal\/index.php\/author\/director\/"}]}},"jetpack_featured_media_url":"https:\/\/www.anovapeneira.gal\/wp-content\/uploads\/2024\/10\/Montes_Salcidos.png","_links":{"self":[{"href":"https:\/\/www.anovapeneira.gal\/index.php\/wp-json\/wp\/v2\/posts\/12564","targetHints":{"allow":["GET"]}}],"collection":[{"href":"https:\/\/www.anovapeneira.gal\/index.php\/wp-json\/wp\/v2\/posts"}],"about":[{"href":"https:\/\/www.anovapeneira.gal\/index.php\/wp-json\/wp\/v2\/types\/post"}],"author":[{"embeddable":true,"href":"https:\/\/www.anovapeneira.gal\/index.php\/wp-json\/wp\/v2\/users\/2"}],"replies":[{"embeddable":true,"href":"https:\/\/www.anovapeneira.gal\/index.php\/wp-json\/wp\/v2\/comments?post=12564"}],"version-history":[{"count":3,"href":"https:\/\/www.anovapeneira.gal\/index.php\/wp-json\/wp\/v2\/posts\/12564\/revisions"}],"predecessor-version":[{"id":12570,"href":"https:\/\/www.anovapeneira.gal\/index.php\/wp-json\/wp\/v2\/posts\/12564\/revisions\/12570"}],"wp:featuredmedia":[{"embeddable":true,"href":"https:\/\/www.anovapeneira.gal\/index.php\/wp-json\/wp\/v2\/media\/12567"}],"wp:attachment":[{"href":"https:\/\/www.anovapeneira.gal\/index.php\/wp-json\/wp\/v2\/media?parent=12564"}],"wp:term":[{"taxonomy":"category","embeddable":true,"href":"https:\/\/www.anovapeneira.gal\/index.php\/wp-json\/wp\/v2\/categories?post=12564"},{"taxonomy":"post_tag","embeddable":true,"href":"https:\/\/www.anovapeneira.gal\/index.php\/wp-json\/wp\/v2\/tags?post=12564"}],"curies":[{"name":"wp","href":"https:\/\/api.w.org\/{rel}","templated":true}]}}