{"id":12571,"date":"2024-10-11T12:00:11","date_gmt":"2024-10-11T10:00:11","guid":{"rendered":"https:\/\/www.anovapeneira.gal\/?p=12571"},"modified":"2024-10-09T13:41:42","modified_gmt":"2024-10-09T11:41:42","slug":"salceda-estrea-pavillon-de-deportes-renovado","status":"publish","type":"post","link":"https:\/\/www.anovapeneira.gal\/index.php\/2024\/10\/11\/salceda-estrea-pavillon-de-deportes-renovado\/","title":{"rendered":"Salceda estrea Pavill\u00f3n de deportes renovado"},"content":{"rendered":"\n<h2 class=\"wp-block-heading\"><em>O cambio de formig\u00f3n pulido a tarima de madeira de faia supuxo un investimento de 92.338,60 \u20ac<\/em><\/h2>\n\n\n\n<p><strong>Salceda de Caselas, 04 de outubro de 2024<\/strong><\/p>\n\n\n\n<p>O Concello de Salceda de Caselas ven de rematar as obras de renovaci\u00f3n do pavimento do seu pavill\u00f3n de deportes, substitu\u00edndo o vello cemento pulido por unha superficie de tarima de madeira de haia. Tr\u00e1tase dunha instalaci\u00f3n dos anos 90 na que hoxe en d\u00eda, coas novas normativas, precisaba da instalaci\u00f3n dun pavimento que garanta a seguridade e o confort das persoas usuarias. Neste caso o equipo redactor do proxecto apostou pola colocaci\u00f3n dun pavimento deportivo areael\u00e1stico de tarima de madeira de faia, especialmente apto para a pr\u00e1ctica dos principais deportes que se ve\u00f1en practicando no pavill\u00f3n de Salceda: f\u00fatbol sala, baloncesto, balonm\u00e1n, badminton e patinaxe.<\/p>\n\n\n\n<p>A reforma supuxo un investimento de 92.338,60 \u20ac financiados dentro do Plan M\u00e1is Provincia 2024. O Plan M\u00e1is Provincia, e o seu antecesor o Plan Concellos, serven de ferramenta para achegarlles aos Concellos os fondos que lle corresponden da Deputaci\u00f3n de Pontevedra, deixando en mans dos propios Concellos a decisi\u00f3n do uso que se lle d\u00e1 en cada ocasi\u00f3n aos fondos. En palabras de Loli Casti\u00f1eira, \u201cno caso do Concello de Salceda de Caselas levamos apostando claramente pola mellora do Pavill\u00f3n de Deportes, co investimento de 47.857,33\u20ac dentro do Plan Concellos 2023 para a impermeabilizaci\u00f3n do edificio que permitiu a eliminaci\u00f3n de goteiras e filtraci\u00f3ns, e agora este novo investimento dentro do Plan M\u00e1is Provincia 2024 de 92.338,60\u20ac para a renovaci\u00f3n da pista de xogo. En total 140.195,93\u20ac investidos en dous anos no deporte de base\u201d.<\/p>\n\n\n\n<p>Dende o equipo de goberno quixeron agradecer tanto \u00e1 empresa adxudicataria como ao director de obra e persoal t\u00e9cnico pola dilixencia e efectividade coa que se executou a obra, respectando os prazos establecidos e causando deste xeito o menor prexu\u00edzo aos equipos que fan uso das instalaci\u00f3ns. O Concelleiro de Deportes, Marcos Troncoso, quixo tam\u00e9n aproveitar para agradecer a colaboraci\u00f3n dos diferentes clubes, que en todo momento amosaron a s\u00faa boa predisposici\u00f3n para afrontar as incomodidades do tempo que durasen as obras, conscientes de que o beneficio era especialmente para os propios clubes. \u201cCumprimos o compromiso acadado cos colectivos deportivos\u201d.<\/p>\n\n\n\n<p>O equipo de goberno decidiu apostar por este proxecto tendo en conta que son m\u00e1is de 500 persoas de t\u00f3dalas idades as que empregan diariamente o Pavill\u00f3n Municipal a trav\u00e9s dos diferentes clubes, \u00e1s que hai que sumarlles os case 500 nenos e nenas do CEP Altamira que fan uso das instalaci\u00f3ns en horario escolar. O obxectivo principal \u00e9 o de garantir a seguridade e minimizar en todo o posible os riscos que se poidan producir por ca\u00eddas nas pistas.<\/p>\n\n\n\n<p>Esta fin de semana ser\u00e1n varios os equipos que poidan facer uso destas novas instalaci\u00f3ns nas s\u00faas diferentes competici\u00f3ns, polo que se agarda un grande movemento tanto de deportistas como de p\u00fablico nas novas instalaci\u00f3ns.<\/p>\n","protected":false},"excerpt":{"rendered":"<div class=\"mh-excerpt\"><p>O cambio de formig\u00f3n pulido a tarima de madeira de faia supuxo un investimento de 92.338,60 \u20ac <a class=\"mh-excerpt-more\" href=\"https:\/\/www.anovapeneira.gal\/index.php\/2024\/10\/11\/salceda-estrea-pavillon-de-deportes-renovado\/\" title=\"Salceda estrea Pavill\u00f3n de deportes renovado\">[&#8230;]<\/a><\/p>\n<\/div>","protected":false},"author":3,"featured_media":12572,"comment_status":"open","ping_status":"open","sticky":false,"template":"","format":"standard","meta":{"_exactmetrics_skip_tracking":false,"_exactmetrics_sitenote_active":false,"_exactmetrics_sitenote_note":"","_exactmetrics_sitenote_category":0,"footnotes":""},"categories":[23],"tags":[359],"class_list":{"0":"post-12571","1":"post","2":"type-post","3":"status-publish","4":"format-standard","5":"has-post-thumbnail","7":"category-a-lourina","8":"tag-concello-de-salceda-de-caselas"},"yoast_head":"<!-- This site is optimized with the Yoast SEO plugin v27.4 - https:\/\/yoast.com\/product\/yoast-seo-wordpress\/ -->\n<title>Salceda estrea Pavill\u00f3n de deportes renovado -<\/title>\n<meta name=\"robots\" content=\"index, follow, max-snippet:-1, max-image-preview:large, max-video-preview:-1\" \/>\n<link rel=\"canonical\" href=\"https:\/\/www.anovapeneira.gal\/index.php\/2024\/10\/11\/salceda-estrea-pavillon-de-deportes-renovado\/\" \/>\n<meta property=\"og:locale\" content=\"gl_ES\" \/>\n<meta property=\"og:type\" content=\"article\" \/>\n<meta property=\"og:title\" content=\"Salceda estrea Pavill\u00f3n de deportes renovado -\" \/>\n<meta property=\"og:description\" content=\"O cambio de formig\u00f3n pulido a tarima de madeira de faia supuxo un investimento de 92.338,60 \u20ac [...]\" \/>\n<meta property=\"og:url\" content=\"https:\/\/www.anovapeneira.gal\/index.php\/2024\/10\/11\/salceda-estrea-pavillon-de-deportes-renovado\/\" \/>\n<meta property=\"article:publisher\" content=\"https:\/\/www.facebook.com\/anovapeneira\" \/>\n<meta property=\"article:published_time\" content=\"2024-10-11T10:00:11+00:00\" \/>\n<meta property=\"og:image\" content=\"https:\/\/www.anovapeneira.gal\/wp-content\/uploads\/2024\/10\/deportes_salceda.png\" \/>\n\t<meta property=\"og:image:width\" content=\"720\" \/>\n\t<meta property=\"og:image:height\" content=\"432\" \/>\n\t<meta property=\"og:image:type\" content=\"image\/png\" \/>\n<meta name=\"author\" content=\"Redacci\u00f3n A Nova Peneira\" \/>\n<meta name=\"twitter:card\" content=\"summary_large_image\" \/>\n<meta name=\"twitter:creator\" content=\"@APeneira\" \/>\n<meta name=\"twitter:site\" content=\"@APeneira\" \/>\n<meta name=\"twitter:label1\" content=\"Escrito por\" \/>\n\t<meta name=\"twitter:data1\" content=\"Redacci\u00f3n A Nova Peneira\" \/>\n\t<meta name=\"twitter:label2\" content=\"Tempo de lectura\" \/>\n\t<meta name=\"twitter:data2\" content=\"3 minutos\" \/>\n<script type=\"application\/ld+json\" class=\"yoast-schema-graph\">{\"@context\":\"https:\\\/\\\/schema.org\",\"@graph\":[{\"@type\":\"Article\",\"@id\":\"https:\\\/\\\/www.anovapeneira.gal\\\/index.php\\\/2024\\\/10\\\/11\\\/salceda-estrea-pavillon-de-deportes-renovado\\\/#article\",\"isPartOf\":{\"@id\":\"https:\\\/\\\/www.anovapeneira.gal\\\/index.php\\\/2024\\\/10\\\/11\\\/salceda-estrea-pavillon-de-deportes-renovado\\\/\"},\"author\":{\"name\":\"Redacci\u00f3n A Nova Peneira\",\"@id\":\"https:\\\/\\\/www.anovapeneira.gal\\\/#\\\/schema\\\/person\\\/b93e3f8932e3f8da96334607eb6ac6aa\"},\"headline\":\"Salceda estrea Pavill\u00f3n de deportes renovado\",\"datePublished\":\"2024-10-11T10:00:11+00:00\",\"mainEntityOfPage\":{\"@id\":\"https:\\\/\\\/www.anovapeneira.gal\\\/index.php\\\/2024\\\/10\\\/11\\\/salceda-estrea-pavillon-de-deportes-renovado\\\/\"},\"wordCount\":518,\"commentCount\":0,\"publisher\":{\"@id\":\"https:\\\/\\\/www.anovapeneira.gal\\\/#organization\"},\"image\":{\"@id\":\"https:\\\/\\\/www.anovapeneira.gal\\\/index.php\\\/2024\\\/10\\\/11\\\/salceda-estrea-pavillon-de-deportes-renovado\\\/#primaryimage\"},\"thumbnailUrl\":\"https:\\\/\\\/www.anovapeneira.gal\\\/wp-content\\\/uploads\\\/2024\\\/10\\\/deportes_salceda.png\",\"keywords\":[\"Concello de Salceda de Caselas\"],\"articleSection\":[\"A Louri\u00f1a\"],\"inLanguage\":\"gl-ES\",\"potentialAction\":[{\"@type\":\"CommentAction\",\"name\":\"Comment\",\"target\":[\"https:\\\/\\\/www.anovapeneira.gal\\\/index.php\\\/2024\\\/10\\\/11\\\/salceda-estrea-pavillon-de-deportes-renovado\\\/#respond\"]}]},{\"@type\":\"WebPage\",\"@id\":\"https:\\\/\\\/www.anovapeneira.gal\\\/index.php\\\/2024\\\/10\\\/11\\\/salceda-estrea-pavillon-de-deportes-renovado\\\/\",\"url\":\"https:\\\/\\\/www.anovapeneira.gal\\\/index.php\\\/2024\\\/10\\\/11\\\/salceda-estrea-pavillon-de-deportes-renovado\\\/\",\"name\":\"Salceda estrea Pavill\u00f3n de deportes renovado -\",\"isPartOf\":{\"@id\":\"https:\\\/\\\/www.anovapeneira.gal\\\/#website\"},\"primaryImageOfPage\":{\"@id\":\"https:\\\/\\\/www.anovapeneira.gal\\\/index.php\\\/2024\\\/10\\\/11\\\/salceda-estrea-pavillon-de-deportes-renovado\\\/#primaryimage\"},\"image\":{\"@id\":\"https:\\\/\\\/www.anovapeneira.gal\\\/index.php\\\/2024\\\/10\\\/11\\\/salceda-estrea-pavillon-de-deportes-renovado\\\/#primaryimage\"},\"thumbnailUrl\":\"https:\\\/\\\/www.anovapeneira.gal\\\/wp-content\\\/uploads\\\/2024\\\/10\\\/deportes_salceda.png\",\"datePublished\":\"2024-10-11T10:00:11+00:00\",\"breadcrumb\":{\"@id\":\"https:\\\/\\\/www.anovapeneira.gal\\\/index.php\\\/2024\\\/10\\\/11\\\/salceda-estrea-pavillon-de-deportes-renovado\\\/#breadcrumb\"},\"inLanguage\":\"gl-ES\",\"potentialAction\":[{\"@type\":\"ReadAction\",\"target\":[\"https:\\\/\\\/www.anovapeneira.gal\\\/index.php\\\/2024\\\/10\\\/11\\\/salceda-estrea-pavillon-de-deportes-renovado\\\/\"]}]},{\"@type\":\"ImageObject\",\"inLanguage\":\"gl-ES\",\"@id\":\"https:\\\/\\\/www.anovapeneira.gal\\\/index.php\\\/2024\\\/10\\\/11\\\/salceda-estrea-pavillon-de-deportes-renovado\\\/#primaryimage\",\"url\":\"https:\\\/\\\/www.anovapeneira.gal\\\/wp-content\\\/uploads\\\/2024\\\/10\\\/deportes_salceda.png\",\"contentUrl\":\"https:\\\/\\\/www.anovapeneira.gal\\\/wp-content\\\/uploads\\\/2024\\\/10\\\/deportes_salceda.png\",\"width\":720,\"height\":432,\"caption\":\"Salceda estrea Pavill\u00f3n de deportes renovado\"},{\"@type\":\"BreadcrumbList\",\"@id\":\"https:\\\/\\\/www.anovapeneira.gal\\\/index.php\\\/2024\\\/10\\\/11\\\/salceda-estrea-pavillon-de-deportes-renovado\\\/#breadcrumb\",\"itemListElement\":[{\"@type\":\"ListItem\",\"position\":1,\"name\":\"Portada\",\"item\":\"https:\\\/\\\/www.anovapeneira.gal\\\/\"},{\"@type\":\"ListItem\",\"position\":2,\"name\":\"Salceda estrea Pavill\u00f3n de deportes renovado\"}]},{\"@type\":\"WebSite\",\"@id\":\"https:\\\/\\\/www.anovapeneira.gal\\\/#website\",\"url\":\"https:\\\/\\\/www.anovapeneira.gal\\\/\",\"name\":\"\",\"description\":\"Xornal galego de informaci\u00f3n xeral Publicaci\u00f3n mensual de novas de Galicia e en especial dos Concellos da sur da provincia de Pontevedra.\",\"publisher\":{\"@id\":\"https:\\\/\\\/www.anovapeneira.gal\\\/#organization\"},\"potentialAction\":[{\"@type\":\"SearchAction\",\"target\":{\"@type\":\"EntryPoint\",\"urlTemplate\":\"https:\\\/\\\/www.anovapeneira.gal\\\/?s={search_term_string}\"},\"query-input\":{\"@type\":\"PropertyValueSpecification\",\"valueRequired\":true,\"valueName\":\"search_term_string\"}}],\"inLanguage\":\"gl-ES\"},{\"@type\":\"Organization\",\"@id\":\"https:\\\/\\\/www.anovapeneira.gal\\\/#organization\",\"name\":\"A Nova Peneira\",\"url\":\"https:\\\/\\\/www.anovapeneira.gal\\\/\",\"logo\":{\"@type\":\"ImageObject\",\"inLanguage\":\"gl-ES\",\"@id\":\"https:\\\/\\\/www.anovapeneira.gal\\\/#\\\/schema\\\/logo\\\/image\\\/\",\"url\":\"http:\\\/\\\/www.anovapeneira.gal\\\/wp-content\\\/uploads\\\/2019\\\/06\\\/logo_a_nova_peneira_portal_web.png\",\"contentUrl\":\"http:\\\/\\\/www.anovapeneira.gal\\\/wp-content\\\/uploads\\\/2019\\\/06\\\/logo_a_nova_peneira_portal_web.png\",\"width\":300,\"height\":100,\"caption\":\"A Nova Peneira\"},\"image\":{\"@id\":\"https:\\\/\\\/www.anovapeneira.gal\\\/#\\\/schema\\\/logo\\\/image\\\/\"},\"sameAs\":[\"https:\\\/\\\/www.facebook.com\\\/anovapeneira\",\"https:\\\/\\\/x.com\\\/APeneira\"]},{\"@type\":\"Person\",\"@id\":\"https:\\\/\\\/www.anovapeneira.gal\\\/#\\\/schema\\\/person\\\/b93e3f8932e3f8da96334607eb6ac6aa\",\"name\":\"Redacci\u00f3n A Nova Peneira\",\"image\":{\"@type\":\"ImageObject\",\"inLanguage\":\"gl-ES\",\"@id\":\"https:\\\/\\\/secure.gravatar.com\\\/avatar\\\/c052a2551a06e23fac63626232eaa90abd78dbcf1700fc46a2b2c89fd27b735f?s=96&d=mm&r=g\",\"url\":\"https:\\\/\\\/secure.gravatar.com\\\/avatar\\\/c052a2551a06e23fac63626232eaa90abd78dbcf1700fc46a2b2c89fd27b735f?s=96&d=mm&r=g\",\"contentUrl\":\"https:\\\/\\\/secure.gravatar.com\\\/avatar\\\/c052a2551a06e23fac63626232eaa90abd78dbcf1700fc46a2b2c89fd27b735f?s=96&d=mm&r=g\",\"caption\":\"Redacci\u00f3n A Nova Peneira\"},\"sameAs\":[\"http:\\\/\\\/www.anovapeneira.gal\\\/\"],\"url\":\"https:\\\/\\\/www.anovapeneira.gal\\\/index.php\\\/author\\\/redactor\\\/\"}]}<\/script>\n<!-- \/ Yoast SEO plugin. -->","yoast_head_json":{"title":"Salceda estrea Pavill\u00f3n de deportes renovado -","robots":{"index":"index","follow":"follow","max-snippet":"max-snippet:-1","max-image-preview":"max-image-preview:large","max-video-preview":"max-video-preview:-1"},"canonical":"https:\/\/www.anovapeneira.gal\/index.php\/2024\/10\/11\/salceda-estrea-pavillon-de-deportes-renovado\/","og_locale":"gl_ES","og_type":"article","og_title":"Salceda estrea Pavill\u00f3n de deportes renovado -","og_description":"O cambio de formig\u00f3n pulido a tarima de madeira de faia supuxo un investimento de 92.338,60 \u20ac [...]","og_url":"https:\/\/www.anovapeneira.gal\/index.php\/2024\/10\/11\/salceda-estrea-pavillon-de-deportes-renovado\/","article_publisher":"https:\/\/www.facebook.com\/anovapeneira","article_published_time":"2024-10-11T10:00:11+00:00","og_image":[{"width":720,"height":432,"url":"https:\/\/www.anovapeneira.gal\/wp-content\/uploads\/2024\/10\/deportes_salceda.png","type":"image\/png"}],"author":"Redacci\u00f3n A Nova Peneira","twitter_card":"summary_large_image","twitter_creator":"@APeneira","twitter_site":"@APeneira","twitter_misc":{"Escrito por":"Redacci\u00f3n A Nova Peneira","Tempo de lectura":"3 minutos"},"schema":{"@context":"https:\/\/schema.org","@graph":[{"@type":"Article","@id":"https:\/\/www.anovapeneira.gal\/index.php\/2024\/10\/11\/salceda-estrea-pavillon-de-deportes-renovado\/#article","isPartOf":{"@id":"https:\/\/www.anovapeneira.gal\/index.php\/2024\/10\/11\/salceda-estrea-pavillon-de-deportes-renovado\/"},"author":{"name":"Redacci\u00f3n A Nova Peneira","@id":"https:\/\/www.anovapeneira.gal\/#\/schema\/person\/b93e3f8932e3f8da96334607eb6ac6aa"},"headline":"Salceda estrea Pavill\u00f3n de deportes renovado","datePublished":"2024-10-11T10:00:11+00:00","mainEntityOfPage":{"@id":"https:\/\/www.anovapeneira.gal\/index.php\/2024\/10\/11\/salceda-estrea-pavillon-de-deportes-renovado\/"},"wordCount":518,"commentCount":0,"publisher":{"@id":"https:\/\/www.anovapeneira.gal\/#organization"},"image":{"@id":"https:\/\/www.anovapeneira.gal\/index.php\/2024\/10\/11\/salceda-estrea-pavillon-de-deportes-renovado\/#primaryimage"},"thumbnailUrl":"https:\/\/www.anovapeneira.gal\/wp-content\/uploads\/2024\/10\/deportes_salceda.png","keywords":["Concello de Salceda de Caselas"],"articleSection":["A Louri\u00f1a"],"inLanguage":"gl-ES","potentialAction":[{"@type":"CommentAction","name":"Comment","target":["https:\/\/www.anovapeneira.gal\/index.php\/2024\/10\/11\/salceda-estrea-pavillon-de-deportes-renovado\/#respond"]}]},{"@type":"WebPage","@id":"https:\/\/www.anovapeneira.gal\/index.php\/2024\/10\/11\/salceda-estrea-pavillon-de-deportes-renovado\/","url":"https:\/\/www.anovapeneira.gal\/index.php\/2024\/10\/11\/salceda-estrea-pavillon-de-deportes-renovado\/","name":"Salceda estrea Pavill\u00f3n de deportes renovado -","isPartOf":{"@id":"https:\/\/www.anovapeneira.gal\/#website"},"primaryImageOfPage":{"@id":"https:\/\/www.anovapeneira.gal\/index.php\/2024\/10\/11\/salceda-estrea-pavillon-de-deportes-renovado\/#primaryimage"},"image":{"@id":"https:\/\/www.anovapeneira.gal\/index.php\/2024\/10\/11\/salceda-estrea-pavillon-de-deportes-renovado\/#primaryimage"},"thumbnailUrl":"https:\/\/www.anovapeneira.gal\/wp-content\/uploads\/2024\/10\/deportes_salceda.png","datePublished":"2024-10-11T10:00:11+00:00","breadcrumb":{"@id":"https:\/\/www.anovapeneira.gal\/index.php\/2024\/10\/11\/salceda-estrea-pavillon-de-deportes-renovado\/#breadcrumb"},"inLanguage":"gl-ES","potentialAction":[{"@type":"ReadAction","target":["https:\/\/www.anovapeneira.gal\/index.php\/2024\/10\/11\/salceda-estrea-pavillon-de-deportes-renovado\/"]}]},{"@type":"ImageObject","inLanguage":"gl-ES","@id":"https:\/\/www.anovapeneira.gal\/index.php\/2024\/10\/11\/salceda-estrea-pavillon-de-deportes-renovado\/#primaryimage","url":"https:\/\/www.anovapeneira.gal\/wp-content\/uploads\/2024\/10\/deportes_salceda.png","contentUrl":"https:\/\/www.anovapeneira.gal\/wp-content\/uploads\/2024\/10\/deportes_salceda.png","width":720,"height":432,"caption":"Salceda estrea Pavill\u00f3n de deportes renovado"},{"@type":"BreadcrumbList","@id":"https:\/\/www.anovapeneira.gal\/index.php\/2024\/10\/11\/salceda-estrea-pavillon-de-deportes-renovado\/#breadcrumb","itemListElement":[{"@type":"ListItem","position":1,"name":"Portada","item":"https:\/\/www.anovapeneira.gal\/"},{"@type":"ListItem","position":2,"name":"Salceda estrea Pavill\u00f3n de deportes renovado"}]},{"@type":"WebSite","@id":"https:\/\/www.anovapeneira.gal\/#website","url":"https:\/\/www.anovapeneira.gal\/","name":"","description":"Xornal galego de informaci\u00f3n xeral Publicaci\u00f3n mensual de novas de Galicia e en especial dos Concellos da sur da provincia de Pontevedra.","publisher":{"@id":"https:\/\/www.anovapeneira.gal\/#organization"},"potentialAction":[{"@type":"SearchAction","target":{"@type":"EntryPoint","urlTemplate":"https:\/\/www.anovapeneira.gal\/?s={search_term_string}"},"query-input":{"@type":"PropertyValueSpecification","valueRequired":true,"valueName":"search_term_string"}}],"inLanguage":"gl-ES"},{"@type":"Organization","@id":"https:\/\/www.anovapeneira.gal\/#organization","name":"A Nova Peneira","url":"https:\/\/www.anovapeneira.gal\/","logo":{"@type":"ImageObject","inLanguage":"gl-ES","@id":"https:\/\/www.anovapeneira.gal\/#\/schema\/logo\/image\/","url":"http:\/\/www.anovapeneira.gal\/wp-content\/uploads\/2019\/06\/logo_a_nova_peneira_portal_web.png","contentUrl":"http:\/\/www.anovapeneira.gal\/wp-content\/uploads\/2019\/06\/logo_a_nova_peneira_portal_web.png","width":300,"height":100,"caption":"A Nova Peneira"},"image":{"@id":"https:\/\/www.anovapeneira.gal\/#\/schema\/logo\/image\/"},"sameAs":["https:\/\/www.facebook.com\/anovapeneira","https:\/\/x.com\/APeneira"]},{"@type":"Person","@id":"https:\/\/www.anovapeneira.gal\/#\/schema\/person\/b93e3f8932e3f8da96334607eb6ac6aa","name":"Redacci\u00f3n A Nova Peneira","image":{"@type":"ImageObject","inLanguage":"gl-ES","@id":"https:\/\/secure.gravatar.com\/avatar\/c052a2551a06e23fac63626232eaa90abd78dbcf1700fc46a2b2c89fd27b735f?s=96&d=mm&r=g","url":"https:\/\/secure.gravatar.com\/avatar\/c052a2551a06e23fac63626232eaa90abd78dbcf1700fc46a2b2c89fd27b735f?s=96&d=mm&r=g","contentUrl":"https:\/\/secure.gravatar.com\/avatar\/c052a2551a06e23fac63626232eaa90abd78dbcf1700fc46a2b2c89fd27b735f?s=96&d=mm&r=g","caption":"Redacci\u00f3n A Nova Peneira"},"sameAs":["http:\/\/www.anovapeneira.gal\/"],"url":"https:\/\/www.anovapeneira.gal\/index.php\/author\/redactor\/"}]}},"jetpack_featured_media_url":"https:\/\/www.anovapeneira.gal\/wp-content\/uploads\/2024\/10\/deportes_salceda.png","_links":{"self":[{"href":"https:\/\/www.anovapeneira.gal\/index.php\/wp-json\/wp\/v2\/posts\/12571","targetHints":{"allow":["GET"]}}],"collection":[{"href":"https:\/\/www.anovapeneira.gal\/index.php\/wp-json\/wp\/v2\/posts"}],"about":[{"href":"https:\/\/www.anovapeneira.gal\/index.php\/wp-json\/wp\/v2\/types\/post"}],"author":[{"embeddable":true,"href":"https:\/\/www.anovapeneira.gal\/index.php\/wp-json\/wp\/v2\/users\/3"}],"replies":[{"embeddable":true,"href":"https:\/\/www.anovapeneira.gal\/index.php\/wp-json\/wp\/v2\/comments?post=12571"}],"version-history":[{"count":1,"href":"https:\/\/www.anovapeneira.gal\/index.php\/wp-json\/wp\/v2\/posts\/12571\/revisions"}],"predecessor-version":[{"id":12573,"href":"https:\/\/www.anovapeneira.gal\/index.php\/wp-json\/wp\/v2\/posts\/12571\/revisions\/12573"}],"wp:featuredmedia":[{"embeddable":true,"href":"https:\/\/www.anovapeneira.gal\/index.php\/wp-json\/wp\/v2\/media\/12572"}],"wp:attachment":[{"href":"https:\/\/www.anovapeneira.gal\/index.php\/wp-json\/wp\/v2\/media?parent=12571"}],"wp:term":[{"taxonomy":"category","embeddable":true,"href":"https:\/\/www.anovapeneira.gal\/index.php\/wp-json\/wp\/v2\/categories?post=12571"},{"taxonomy":"post_tag","embeddable":true,"href":"https:\/\/www.anovapeneira.gal\/index.php\/wp-json\/wp\/v2\/tags?post=12571"}],"curies":[{"name":"wp","href":"https:\/\/api.w.org\/{rel}","templated":true}]}}