{"id":12579,"date":"2024-10-14T12:00:34","date_gmt":"2024-10-14T10:00:34","guid":{"rendered":"https:\/\/www.anovapeneira.gal\/?p=12579"},"modified":"2024-10-10T10:17:25","modified_gmt":"2024-10-10T08:17:25","slug":"o-bng-volve-pedir-o-traslado-do-campo-de-futbol-gustavo-dacal-para-evitar-novos-estragos-ao-campoe-ao-ria","status":"publish","type":"post","link":"https:\/\/www.anovapeneira.gal\/index.php\/2024\/10\/14\/o-bng-volve-pedir-o-traslado-do-campo-de-futbol-gustavo-dacal-para-evitar-novos-estragos-ao-campoe-ao-ria\/","title":{"rendered":"O BNG volve pedir o traslado do campo de f\u00fatbol Gustavo Dacal para evitar novos estragos ao campoe ao r\u00eda"},"content":{"rendered":"\n<h2 class=\"wp-block-heading\">Insta ao alcalde a non repetir os erros do pasado ano e buscar unhan ubicaci\u00f3n alternativa para esta infraestrutura deportiva<\/h2>\n\n\n\n<p>Chove sobre mollado. O ano pasado o desbordamento do r\u00edo Verdugo estragou por completo ocampo de f\u00fatbol de Chan da Barcia e verteu ao r\u00edo e \u00e1 r\u00eda 30 toneladas de recheo de caucho granulado, un materia fabricado no 100% a partir de pneum\u00e1ticos e que ten na s\u00faa composici\u00f3n hidrocarburos arom\u00e1ticos policl\u00ednicos e outras substancias contaminantes para o medio e o ser humano, raz\u00f3n pola que a Uni\u00f3n Europea acordou prohibir o seu uso en instalaci\u00f3ns l\u00fadicas e deportivas a partir do ano 2031.<\/p>\n\n\n\n<p>Malia estes antecedentes e a repetici\u00f3n de episodios de enchentes no r\u00edo Verdugo (16 de outubro de 2014, 8 de xaneiro de 2016 e 4 de novembro de 2023), o goberno municipal de Ponte Caldelas licitou a reconstruci\u00f3n do campo coas mesmas caracter\u00edsticas t\u00e9cnicas e a mesma ubicaci\u00f3n da anterior instalaci\u00f3n.<\/p>\n\n\n\n<p>Tendo en conta estes feitos, \u201co sensato ser\u00eda reubicar o campo de f\u00fatbol de Chan da Barcia f\u00f3ra da zona inundable, e recuperar o perfil natural do territorio fluvial, aumentando deste xeito a zona de expansi\u00f3n do r\u00edo e diminu\u00edndo os riscos e danos por enchente na propia localidade de Ponte Caldelas\u201d, afirmou a portavoz nacionalista, Sol Seoane.<\/p>\n\n\n\n<p>No seu momento, o BNG afirmou tam\u00e9n que, en caso de que non fose vi\u00e1bel o traslado das instalaci\u00f3ns, se levase a cabo a reconstruci\u00f3n do campo de f\u00fatbol da Chan da Barcia (actualmente Gustavo Dacal Mart\u00ednez) desbotando o uso de caucho granulado e utilizando recheos feitos con materiais naturais, como a cortiza ou a fibra de coco, que xa se est\u00e1n utilizando en equipamentos deportivos de herba sint\u00e9tica.<\/p>\n\n\n\n<p>\u201cDesde o BNG lamentamos que a soberbia e a falta de miras do alcalde de Ponte Caldelas nos leve de volta, un mes despois da s\u00faa reinauguraci\u00f3n, a que volvamos ter o campo estragado.<\/p>\n\n\n\n<p>\u00c1 espera de co\u00f1ecer os danos concretos e a s\u00faa afecci\u00f3n ao r\u00edo e \u00e1 r\u00eda, resulta evidente que a ubicaci\u00f3n do campo de f\u00fatbol nunha zona de inundaci\u00f3n non \u00e9 nin unha decisi\u00f3n sensata desde o punto de vista econ\u00f3mico, nin social nin medioambiental, por iso demandamos m\u00e1is unha vez a Andr\u00e9s D\u00edaz que recapacite, que utilice o sentido com\u00fan e que avalie o traslado do campo de f\u00fatbol f\u00f3ra da zona inund\u00e1bel\u201d, afirmou a portavoz nacionalista, Sol Seoane.<\/p>\n","protected":false},"excerpt":{"rendered":"<div class=\"mh-excerpt\"><p>Insta ao alcalde a non repetir os erros do pasado ano e buscar unhan ubicaci\u00f3n alternativa para esta infraestrutura deportiva <a class=\"mh-excerpt-more\" href=\"https:\/\/www.anovapeneira.gal\/index.php\/2024\/10\/14\/o-bng-volve-pedir-o-traslado-do-campo-de-futbol-gustavo-dacal-para-evitar-novos-estragos-ao-campoe-ao-ria\/\" title=\"O BNG volve pedir o traslado do campo de f\u00fatbol Gustavo Dacal para evitar novos estragos ao campoe ao r\u00eda\">[&#8230;]<\/a><\/p>\n<\/div>","protected":false},"author":3,"featured_media":12582,"comment_status":"open","ping_status":"open","sticky":false,"template":"","format":"standard","meta":{"_exactmetrics_skip_tracking":false,"_exactmetrics_sitenote_active":false,"_exactmetrics_sitenote_note":"","_exactmetrics_sitenote_category":0,"footnotes":""},"categories":[26],"tags":[128],"class_list":{"0":"post-12579","1":"post","2":"type-post","3":"status-publish","4":"format-standard","5":"has-post-thumbnail","7":"category-pontevedra","8":"tag-concello-de-ponte-caldelas"},"yoast_head":"<!-- This site is optimized with the Yoast SEO plugin v27.4 - https:\/\/yoast.com\/product\/yoast-seo-wordpress\/ -->\n<title>O BNG volve pedir o traslado do campo de f\u00fatbol Gustavo Dacal para evitar novos estragos ao campoe ao r\u00eda -<\/title>\n<meta name=\"robots\" content=\"index, follow, max-snippet:-1, max-image-preview:large, max-video-preview:-1\" \/>\n<link rel=\"canonical\" href=\"https:\/\/www.anovapeneira.gal\/index.php\/2024\/10\/14\/o-bng-volve-pedir-o-traslado-do-campo-de-futbol-gustavo-dacal-para-evitar-novos-estragos-ao-campoe-ao-ria\/\" \/>\n<meta property=\"og:locale\" content=\"gl_ES\" \/>\n<meta property=\"og:type\" content=\"article\" \/>\n<meta property=\"og:title\" content=\"O BNG volve pedir o traslado do campo de f\u00fatbol Gustavo Dacal para evitar novos estragos ao campoe ao r\u00eda -\" \/>\n<meta property=\"og:description\" content=\"Insta ao alcalde a non repetir os erros do pasado ano e buscar unhan ubicaci\u00f3n alternativa para esta infraestrutura deportiva [...]\" \/>\n<meta property=\"og:url\" content=\"https:\/\/www.anovapeneira.gal\/index.php\/2024\/10\/14\/o-bng-volve-pedir-o-traslado-do-campo-de-futbol-gustavo-dacal-para-evitar-novos-estragos-ao-campoe-ao-ria\/\" \/>\n<meta property=\"article:publisher\" content=\"https:\/\/www.facebook.com\/anovapeneira\" \/>\n<meta property=\"article:published_time\" content=\"2024-10-14T10:00:34+00:00\" \/>\n<meta property=\"og:image\" content=\"https:\/\/www.anovapeneira.gal\/wp-content\/uploads\/2024\/10\/Ponte_Caldelas_Sol_Seoane.png\" \/>\n\t<meta property=\"og:image:width\" content=\"720\" \/>\n\t<meta property=\"og:image:height\" content=\"432\" \/>\n\t<meta property=\"og:image:type\" content=\"image\/png\" \/>\n<meta name=\"author\" content=\"Redacci\u00f3n A Nova Peneira\" \/>\n<meta name=\"twitter:card\" content=\"summary_large_image\" \/>\n<meta name=\"twitter:creator\" content=\"@APeneira\" \/>\n<meta name=\"twitter:site\" content=\"@APeneira\" \/>\n<meta name=\"twitter:label1\" content=\"Escrito por\" \/>\n\t<meta name=\"twitter:data1\" content=\"Redacci\u00f3n A Nova Peneira\" \/>\n\t<meta name=\"twitter:label2\" content=\"Tempo de lectura\" \/>\n\t<meta name=\"twitter:data2\" content=\"3 minutos\" \/>\n<script type=\"application\/ld+json\" class=\"yoast-schema-graph\">{\"@context\":\"https:\\\/\\\/schema.org\",\"@graph\":[{\"@type\":\"Article\",\"@id\":\"https:\\\/\\\/www.anovapeneira.gal\\\/index.php\\\/2024\\\/10\\\/14\\\/o-bng-volve-pedir-o-traslado-do-campo-de-futbol-gustavo-dacal-para-evitar-novos-estragos-ao-campoe-ao-ria\\\/#article\",\"isPartOf\":{\"@id\":\"https:\\\/\\\/www.anovapeneira.gal\\\/index.php\\\/2024\\\/10\\\/14\\\/o-bng-volve-pedir-o-traslado-do-campo-de-futbol-gustavo-dacal-para-evitar-novos-estragos-ao-campoe-ao-ria\\\/\"},\"author\":{\"name\":\"Redacci\u00f3n A Nova Peneira\",\"@id\":\"https:\\\/\\\/www.anovapeneira.gal\\\/#\\\/schema\\\/person\\\/b93e3f8932e3f8da96334607eb6ac6aa\"},\"headline\":\"O BNG volve pedir o traslado do campo de f\u00fatbol Gustavo Dacal para evitar novos estragos ao campoe ao r\u00eda\",\"datePublished\":\"2024-10-14T10:00:34+00:00\",\"mainEntityOfPage\":{\"@id\":\"https:\\\/\\\/www.anovapeneira.gal\\\/index.php\\\/2024\\\/10\\\/14\\\/o-bng-volve-pedir-o-traslado-do-campo-de-futbol-gustavo-dacal-para-evitar-novos-estragos-ao-campoe-ao-ria\\\/\"},\"wordCount\":460,\"commentCount\":0,\"publisher\":{\"@id\":\"https:\\\/\\\/www.anovapeneira.gal\\\/#organization\"},\"image\":{\"@id\":\"https:\\\/\\\/www.anovapeneira.gal\\\/index.php\\\/2024\\\/10\\\/14\\\/o-bng-volve-pedir-o-traslado-do-campo-de-futbol-gustavo-dacal-para-evitar-novos-estragos-ao-campoe-ao-ria\\\/#primaryimage\"},\"thumbnailUrl\":\"https:\\\/\\\/www.anovapeneira.gal\\\/wp-content\\\/uploads\\\/2024\\\/10\\\/Ponte_Caldelas_Sol_Seoane.png\",\"keywords\":[\"Concello de Ponte Caldelas\"],\"articleSection\":[\"Pontevedra\"],\"inLanguage\":\"gl-ES\",\"potentialAction\":[{\"@type\":\"CommentAction\",\"name\":\"Comment\",\"target\":[\"https:\\\/\\\/www.anovapeneira.gal\\\/index.php\\\/2024\\\/10\\\/14\\\/o-bng-volve-pedir-o-traslado-do-campo-de-futbol-gustavo-dacal-para-evitar-novos-estragos-ao-campoe-ao-ria\\\/#respond\"]}]},{\"@type\":\"WebPage\",\"@id\":\"https:\\\/\\\/www.anovapeneira.gal\\\/index.php\\\/2024\\\/10\\\/14\\\/o-bng-volve-pedir-o-traslado-do-campo-de-futbol-gustavo-dacal-para-evitar-novos-estragos-ao-campoe-ao-ria\\\/\",\"url\":\"https:\\\/\\\/www.anovapeneira.gal\\\/index.php\\\/2024\\\/10\\\/14\\\/o-bng-volve-pedir-o-traslado-do-campo-de-futbol-gustavo-dacal-para-evitar-novos-estragos-ao-campoe-ao-ria\\\/\",\"name\":\"O BNG volve pedir o traslado do campo de f\u00fatbol Gustavo Dacal para evitar novos estragos ao campoe ao r\u00eda -\",\"isPartOf\":{\"@id\":\"https:\\\/\\\/www.anovapeneira.gal\\\/#website\"},\"primaryImageOfPage\":{\"@id\":\"https:\\\/\\\/www.anovapeneira.gal\\\/index.php\\\/2024\\\/10\\\/14\\\/o-bng-volve-pedir-o-traslado-do-campo-de-futbol-gustavo-dacal-para-evitar-novos-estragos-ao-campoe-ao-ria\\\/#primaryimage\"},\"image\":{\"@id\":\"https:\\\/\\\/www.anovapeneira.gal\\\/index.php\\\/2024\\\/10\\\/14\\\/o-bng-volve-pedir-o-traslado-do-campo-de-futbol-gustavo-dacal-para-evitar-novos-estragos-ao-campoe-ao-ria\\\/#primaryimage\"},\"thumbnailUrl\":\"https:\\\/\\\/www.anovapeneira.gal\\\/wp-content\\\/uploads\\\/2024\\\/10\\\/Ponte_Caldelas_Sol_Seoane.png\",\"datePublished\":\"2024-10-14T10:00:34+00:00\",\"breadcrumb\":{\"@id\":\"https:\\\/\\\/www.anovapeneira.gal\\\/index.php\\\/2024\\\/10\\\/14\\\/o-bng-volve-pedir-o-traslado-do-campo-de-futbol-gustavo-dacal-para-evitar-novos-estragos-ao-campoe-ao-ria\\\/#breadcrumb\"},\"inLanguage\":\"gl-ES\",\"potentialAction\":[{\"@type\":\"ReadAction\",\"target\":[\"https:\\\/\\\/www.anovapeneira.gal\\\/index.php\\\/2024\\\/10\\\/14\\\/o-bng-volve-pedir-o-traslado-do-campo-de-futbol-gustavo-dacal-para-evitar-novos-estragos-ao-campoe-ao-ria\\\/\"]}]},{\"@type\":\"ImageObject\",\"inLanguage\":\"gl-ES\",\"@id\":\"https:\\\/\\\/www.anovapeneira.gal\\\/index.php\\\/2024\\\/10\\\/14\\\/o-bng-volve-pedir-o-traslado-do-campo-de-futbol-gustavo-dacal-para-evitar-novos-estragos-ao-campoe-ao-ria\\\/#primaryimage\",\"url\":\"https:\\\/\\\/www.anovapeneira.gal\\\/wp-content\\\/uploads\\\/2024\\\/10\\\/Ponte_Caldelas_Sol_Seoane.png\",\"contentUrl\":\"https:\\\/\\\/www.anovapeneira.gal\\\/wp-content\\\/uploads\\\/2024\\\/10\\\/Ponte_Caldelas_Sol_Seoane.png\",\"width\":720,\"height\":432,\"caption\":\"Ponte Caldelas Sol Seoane\"},{\"@type\":\"BreadcrumbList\",\"@id\":\"https:\\\/\\\/www.anovapeneira.gal\\\/index.php\\\/2024\\\/10\\\/14\\\/o-bng-volve-pedir-o-traslado-do-campo-de-futbol-gustavo-dacal-para-evitar-novos-estragos-ao-campoe-ao-ria\\\/#breadcrumb\",\"itemListElement\":[{\"@type\":\"ListItem\",\"position\":1,\"name\":\"Portada\",\"item\":\"https:\\\/\\\/www.anovapeneira.gal\\\/\"},{\"@type\":\"ListItem\",\"position\":2,\"name\":\"O BNG volve pedir o traslado do campo de f\u00fatbol Gustavo Dacal para evitar novos estragos ao campoe ao r\u00eda\"}]},{\"@type\":\"WebSite\",\"@id\":\"https:\\\/\\\/www.anovapeneira.gal\\\/#website\",\"url\":\"https:\\\/\\\/www.anovapeneira.gal\\\/\",\"name\":\"\",\"description\":\"Xornal galego de informaci\u00f3n xeral Publicaci\u00f3n mensual de novas de Galicia e en especial dos Concellos da sur da provincia de Pontevedra.\",\"publisher\":{\"@id\":\"https:\\\/\\\/www.anovapeneira.gal\\\/#organization\"},\"potentialAction\":[{\"@type\":\"SearchAction\",\"target\":{\"@type\":\"EntryPoint\",\"urlTemplate\":\"https:\\\/\\\/www.anovapeneira.gal\\\/?s={search_term_string}\"},\"query-input\":{\"@type\":\"PropertyValueSpecification\",\"valueRequired\":true,\"valueName\":\"search_term_string\"}}],\"inLanguage\":\"gl-ES\"},{\"@type\":\"Organization\",\"@id\":\"https:\\\/\\\/www.anovapeneira.gal\\\/#organization\",\"name\":\"A Nova Peneira\",\"url\":\"https:\\\/\\\/www.anovapeneira.gal\\\/\",\"logo\":{\"@type\":\"ImageObject\",\"inLanguage\":\"gl-ES\",\"@id\":\"https:\\\/\\\/www.anovapeneira.gal\\\/#\\\/schema\\\/logo\\\/image\\\/\",\"url\":\"http:\\\/\\\/www.anovapeneira.gal\\\/wp-content\\\/uploads\\\/2019\\\/06\\\/logo_a_nova_peneira_portal_web.png\",\"contentUrl\":\"http:\\\/\\\/www.anovapeneira.gal\\\/wp-content\\\/uploads\\\/2019\\\/06\\\/logo_a_nova_peneira_portal_web.png\",\"width\":300,\"height\":100,\"caption\":\"A Nova Peneira\"},\"image\":{\"@id\":\"https:\\\/\\\/www.anovapeneira.gal\\\/#\\\/schema\\\/logo\\\/image\\\/\"},\"sameAs\":[\"https:\\\/\\\/www.facebook.com\\\/anovapeneira\",\"https:\\\/\\\/x.com\\\/APeneira\"]},{\"@type\":\"Person\",\"@id\":\"https:\\\/\\\/www.anovapeneira.gal\\\/#\\\/schema\\\/person\\\/b93e3f8932e3f8da96334607eb6ac6aa\",\"name\":\"Redacci\u00f3n A Nova Peneira\",\"image\":{\"@type\":\"ImageObject\",\"inLanguage\":\"gl-ES\",\"@id\":\"https:\\\/\\\/secure.gravatar.com\\\/avatar\\\/c052a2551a06e23fac63626232eaa90abd78dbcf1700fc46a2b2c89fd27b735f?s=96&d=mm&r=g\",\"url\":\"https:\\\/\\\/secure.gravatar.com\\\/avatar\\\/c052a2551a06e23fac63626232eaa90abd78dbcf1700fc46a2b2c89fd27b735f?s=96&d=mm&r=g\",\"contentUrl\":\"https:\\\/\\\/secure.gravatar.com\\\/avatar\\\/c052a2551a06e23fac63626232eaa90abd78dbcf1700fc46a2b2c89fd27b735f?s=96&d=mm&r=g\",\"caption\":\"Redacci\u00f3n A Nova Peneira\"},\"sameAs\":[\"http:\\\/\\\/www.anovapeneira.gal\\\/\"],\"url\":\"https:\\\/\\\/www.anovapeneira.gal\\\/index.php\\\/author\\\/redactor\\\/\"}]}<\/script>\n<!-- \/ Yoast SEO plugin. -->","yoast_head_json":{"title":"O BNG volve pedir o traslado do campo de f\u00fatbol Gustavo Dacal para evitar novos estragos ao campoe ao r\u00eda -","robots":{"index":"index","follow":"follow","max-snippet":"max-snippet:-1","max-image-preview":"max-image-preview:large","max-video-preview":"max-video-preview:-1"},"canonical":"https:\/\/www.anovapeneira.gal\/index.php\/2024\/10\/14\/o-bng-volve-pedir-o-traslado-do-campo-de-futbol-gustavo-dacal-para-evitar-novos-estragos-ao-campoe-ao-ria\/","og_locale":"gl_ES","og_type":"article","og_title":"O BNG volve pedir o traslado do campo de f\u00fatbol Gustavo Dacal para evitar novos estragos ao campoe ao r\u00eda -","og_description":"Insta ao alcalde a non repetir os erros do pasado ano e buscar unhan ubicaci\u00f3n alternativa para esta infraestrutura deportiva [...]","og_url":"https:\/\/www.anovapeneira.gal\/index.php\/2024\/10\/14\/o-bng-volve-pedir-o-traslado-do-campo-de-futbol-gustavo-dacal-para-evitar-novos-estragos-ao-campoe-ao-ria\/","article_publisher":"https:\/\/www.facebook.com\/anovapeneira","article_published_time":"2024-10-14T10:00:34+00:00","og_image":[{"width":720,"height":432,"url":"https:\/\/www.anovapeneira.gal\/wp-content\/uploads\/2024\/10\/Ponte_Caldelas_Sol_Seoane.png","type":"image\/png"}],"author":"Redacci\u00f3n A Nova Peneira","twitter_card":"summary_large_image","twitter_creator":"@APeneira","twitter_site":"@APeneira","twitter_misc":{"Escrito por":"Redacci\u00f3n A Nova Peneira","Tempo de lectura":"3 minutos"},"schema":{"@context":"https:\/\/schema.org","@graph":[{"@type":"Article","@id":"https:\/\/www.anovapeneira.gal\/index.php\/2024\/10\/14\/o-bng-volve-pedir-o-traslado-do-campo-de-futbol-gustavo-dacal-para-evitar-novos-estragos-ao-campoe-ao-ria\/#article","isPartOf":{"@id":"https:\/\/www.anovapeneira.gal\/index.php\/2024\/10\/14\/o-bng-volve-pedir-o-traslado-do-campo-de-futbol-gustavo-dacal-para-evitar-novos-estragos-ao-campoe-ao-ria\/"},"author":{"name":"Redacci\u00f3n A Nova Peneira","@id":"https:\/\/www.anovapeneira.gal\/#\/schema\/person\/b93e3f8932e3f8da96334607eb6ac6aa"},"headline":"O BNG volve pedir o traslado do campo de f\u00fatbol Gustavo Dacal para evitar novos estragos ao campoe ao r\u00eda","datePublished":"2024-10-14T10:00:34+00:00","mainEntityOfPage":{"@id":"https:\/\/www.anovapeneira.gal\/index.php\/2024\/10\/14\/o-bng-volve-pedir-o-traslado-do-campo-de-futbol-gustavo-dacal-para-evitar-novos-estragos-ao-campoe-ao-ria\/"},"wordCount":460,"commentCount":0,"publisher":{"@id":"https:\/\/www.anovapeneira.gal\/#organization"},"image":{"@id":"https:\/\/www.anovapeneira.gal\/index.php\/2024\/10\/14\/o-bng-volve-pedir-o-traslado-do-campo-de-futbol-gustavo-dacal-para-evitar-novos-estragos-ao-campoe-ao-ria\/#primaryimage"},"thumbnailUrl":"https:\/\/www.anovapeneira.gal\/wp-content\/uploads\/2024\/10\/Ponte_Caldelas_Sol_Seoane.png","keywords":["Concello de Ponte Caldelas"],"articleSection":["Pontevedra"],"inLanguage":"gl-ES","potentialAction":[{"@type":"CommentAction","name":"Comment","target":["https:\/\/www.anovapeneira.gal\/index.php\/2024\/10\/14\/o-bng-volve-pedir-o-traslado-do-campo-de-futbol-gustavo-dacal-para-evitar-novos-estragos-ao-campoe-ao-ria\/#respond"]}]},{"@type":"WebPage","@id":"https:\/\/www.anovapeneira.gal\/index.php\/2024\/10\/14\/o-bng-volve-pedir-o-traslado-do-campo-de-futbol-gustavo-dacal-para-evitar-novos-estragos-ao-campoe-ao-ria\/","url":"https:\/\/www.anovapeneira.gal\/index.php\/2024\/10\/14\/o-bng-volve-pedir-o-traslado-do-campo-de-futbol-gustavo-dacal-para-evitar-novos-estragos-ao-campoe-ao-ria\/","name":"O BNG volve pedir o traslado do campo de f\u00fatbol Gustavo Dacal para evitar novos estragos ao campoe ao r\u00eda -","isPartOf":{"@id":"https:\/\/www.anovapeneira.gal\/#website"},"primaryImageOfPage":{"@id":"https:\/\/www.anovapeneira.gal\/index.php\/2024\/10\/14\/o-bng-volve-pedir-o-traslado-do-campo-de-futbol-gustavo-dacal-para-evitar-novos-estragos-ao-campoe-ao-ria\/#primaryimage"},"image":{"@id":"https:\/\/www.anovapeneira.gal\/index.php\/2024\/10\/14\/o-bng-volve-pedir-o-traslado-do-campo-de-futbol-gustavo-dacal-para-evitar-novos-estragos-ao-campoe-ao-ria\/#primaryimage"},"thumbnailUrl":"https:\/\/www.anovapeneira.gal\/wp-content\/uploads\/2024\/10\/Ponte_Caldelas_Sol_Seoane.png","datePublished":"2024-10-14T10:00:34+00:00","breadcrumb":{"@id":"https:\/\/www.anovapeneira.gal\/index.php\/2024\/10\/14\/o-bng-volve-pedir-o-traslado-do-campo-de-futbol-gustavo-dacal-para-evitar-novos-estragos-ao-campoe-ao-ria\/#breadcrumb"},"inLanguage":"gl-ES","potentialAction":[{"@type":"ReadAction","target":["https:\/\/www.anovapeneira.gal\/index.php\/2024\/10\/14\/o-bng-volve-pedir-o-traslado-do-campo-de-futbol-gustavo-dacal-para-evitar-novos-estragos-ao-campoe-ao-ria\/"]}]},{"@type":"ImageObject","inLanguage":"gl-ES","@id":"https:\/\/www.anovapeneira.gal\/index.php\/2024\/10\/14\/o-bng-volve-pedir-o-traslado-do-campo-de-futbol-gustavo-dacal-para-evitar-novos-estragos-ao-campoe-ao-ria\/#primaryimage","url":"https:\/\/www.anovapeneira.gal\/wp-content\/uploads\/2024\/10\/Ponte_Caldelas_Sol_Seoane.png","contentUrl":"https:\/\/www.anovapeneira.gal\/wp-content\/uploads\/2024\/10\/Ponte_Caldelas_Sol_Seoane.png","width":720,"height":432,"caption":"Ponte Caldelas Sol Seoane"},{"@type":"BreadcrumbList","@id":"https:\/\/www.anovapeneira.gal\/index.php\/2024\/10\/14\/o-bng-volve-pedir-o-traslado-do-campo-de-futbol-gustavo-dacal-para-evitar-novos-estragos-ao-campoe-ao-ria\/#breadcrumb","itemListElement":[{"@type":"ListItem","position":1,"name":"Portada","item":"https:\/\/www.anovapeneira.gal\/"},{"@type":"ListItem","position":2,"name":"O BNG volve pedir o traslado do campo de f\u00fatbol Gustavo Dacal para evitar novos estragos ao campoe ao r\u00eda"}]},{"@type":"WebSite","@id":"https:\/\/www.anovapeneira.gal\/#website","url":"https:\/\/www.anovapeneira.gal\/","name":"","description":"Xornal galego de informaci\u00f3n xeral Publicaci\u00f3n mensual de novas de Galicia e en especial dos Concellos da sur da provincia de Pontevedra.","publisher":{"@id":"https:\/\/www.anovapeneira.gal\/#organization"},"potentialAction":[{"@type":"SearchAction","target":{"@type":"EntryPoint","urlTemplate":"https:\/\/www.anovapeneira.gal\/?s={search_term_string}"},"query-input":{"@type":"PropertyValueSpecification","valueRequired":true,"valueName":"search_term_string"}}],"inLanguage":"gl-ES"},{"@type":"Organization","@id":"https:\/\/www.anovapeneira.gal\/#organization","name":"A Nova Peneira","url":"https:\/\/www.anovapeneira.gal\/","logo":{"@type":"ImageObject","inLanguage":"gl-ES","@id":"https:\/\/www.anovapeneira.gal\/#\/schema\/logo\/image\/","url":"http:\/\/www.anovapeneira.gal\/wp-content\/uploads\/2019\/06\/logo_a_nova_peneira_portal_web.png","contentUrl":"http:\/\/www.anovapeneira.gal\/wp-content\/uploads\/2019\/06\/logo_a_nova_peneira_portal_web.png","width":300,"height":100,"caption":"A Nova Peneira"},"image":{"@id":"https:\/\/www.anovapeneira.gal\/#\/schema\/logo\/image\/"},"sameAs":["https:\/\/www.facebook.com\/anovapeneira","https:\/\/x.com\/APeneira"]},{"@type":"Person","@id":"https:\/\/www.anovapeneira.gal\/#\/schema\/person\/b93e3f8932e3f8da96334607eb6ac6aa","name":"Redacci\u00f3n A Nova Peneira","image":{"@type":"ImageObject","inLanguage":"gl-ES","@id":"https:\/\/secure.gravatar.com\/avatar\/c052a2551a06e23fac63626232eaa90abd78dbcf1700fc46a2b2c89fd27b735f?s=96&d=mm&r=g","url":"https:\/\/secure.gravatar.com\/avatar\/c052a2551a06e23fac63626232eaa90abd78dbcf1700fc46a2b2c89fd27b735f?s=96&d=mm&r=g","contentUrl":"https:\/\/secure.gravatar.com\/avatar\/c052a2551a06e23fac63626232eaa90abd78dbcf1700fc46a2b2c89fd27b735f?s=96&d=mm&r=g","caption":"Redacci\u00f3n A Nova Peneira"},"sameAs":["http:\/\/www.anovapeneira.gal\/"],"url":"https:\/\/www.anovapeneira.gal\/index.php\/author\/redactor\/"}]}},"jetpack_featured_media_url":"https:\/\/www.anovapeneira.gal\/wp-content\/uploads\/2024\/10\/Ponte_Caldelas_Sol_Seoane.png","_links":{"self":[{"href":"https:\/\/www.anovapeneira.gal\/index.php\/wp-json\/wp\/v2\/posts\/12579","targetHints":{"allow":["GET"]}}],"collection":[{"href":"https:\/\/www.anovapeneira.gal\/index.php\/wp-json\/wp\/v2\/posts"}],"about":[{"href":"https:\/\/www.anovapeneira.gal\/index.php\/wp-json\/wp\/v2\/types\/post"}],"author":[{"embeddable":true,"href":"https:\/\/www.anovapeneira.gal\/index.php\/wp-json\/wp\/v2\/users\/3"}],"replies":[{"embeddable":true,"href":"https:\/\/www.anovapeneira.gal\/index.php\/wp-json\/wp\/v2\/comments?post=12579"}],"version-history":[{"count":1,"href":"https:\/\/www.anovapeneira.gal\/index.php\/wp-json\/wp\/v2\/posts\/12579\/revisions"}],"predecessor-version":[{"id":12580,"href":"https:\/\/www.anovapeneira.gal\/index.php\/wp-json\/wp\/v2\/posts\/12579\/revisions\/12580"}],"wp:featuredmedia":[{"embeddable":true,"href":"https:\/\/www.anovapeneira.gal\/index.php\/wp-json\/wp\/v2\/media\/12582"}],"wp:attachment":[{"href":"https:\/\/www.anovapeneira.gal\/index.php\/wp-json\/wp\/v2\/media?parent=12579"}],"wp:term":[{"taxonomy":"category","embeddable":true,"href":"https:\/\/www.anovapeneira.gal\/index.php\/wp-json\/wp\/v2\/categories?post=12579"},{"taxonomy":"post_tag","embeddable":true,"href":"https:\/\/www.anovapeneira.gal\/index.php\/wp-json\/wp\/v2\/tags?post=12579"}],"curies":[{"name":"wp","href":"https:\/\/api.w.org\/{rel}","templated":true}]}}