{"id":1258,"date":"2019-09-18T12:00:39","date_gmt":"2019-09-18T10:00:39","guid":{"rendered":"http:\/\/www.anovapeneira.gal\/?p=1258"},"modified":"2019-09-16T13:22:14","modified_gmt":"2019-09-16T11:22:14","slug":"maria-ortega-propon-a-loita-contra-a-impunidade-e-a-reivindicacion-das-ideas-como-eixos-da-programacion-de-memoria-historica-da-deputacion","status":"publish","type":"post","link":"https:\/\/www.anovapeneira.gal\/index.php\/2019\/09\/18\/maria-ortega-propon-a-loita-contra-a-impunidade-e-a-reivindicacion-das-ideas-como-eixos-da-programacion-de-memoria-historica-da-deputacion\/","title":{"rendered":"Mar\u00eda Ortega prop\u00f3n a loita contra a impunidade e a reivindicaci\u00f3n das ideas como eixos da programaci\u00f3n de memoria hist\u00f3rica da Deputaci\u00f3n"},"content":{"rendered":"\n<h2 class=\"wp-block-heading\"><strong>A deputada nacionalista instou \u00e1s entidades memorial\u00edsticas da provincia tecer unha rede de colaboraci\u00f3n para desenvolver un proxecto plurianual<\/strong><\/h2>\n\n\n\n<p> <strong>Pontevedra, 13 de setembro de 2019<\/strong><\/p>\n\n\n\n<p>A\nloita contra a impunidade e a reivindicaci\u00f3n das ideas vixentes\nantes do golpe de estado do 36 ser\u00e1n os eixos da programaci\u00f3n e das\nactividades que a \u00e1rea de Memoria Hist\u00f3rica da Deputaci\u00f3n\ndesenvolver\u00e1 no vindeiro mandato. As\u00ed llo trasladou a deputada\nMar\u00eda Ortega \u00e1s e \u00f3s representantes de vinte entidades de memoria\nno encontro mantido onte como primeira toma de contacto. \n<\/p>\n\n\n\n<p>A\nresponsable nacionalista sinalou a importancia de tercer unha rede de\nco\u00f1ecemento e colaboraci\u00f3n na que os colectivos e a administraci\u00f3n\nprovincial mante\u00f1an un \u2018feedback\u2019 constante que permita\ndesenvolver un proxecto plurianual con actividades propias de\ndifusi\u00f3n, divulgaci\u00f3n e homenaxe, tendo en conta o trinomio\n\u2018memoria, xustiza e reparaci\u00f3n\u2019.<\/p>\n\n\n\n<p>Ortega\ndestacou a importancia de dar pulo non s\u00f3 \u00e1 investigaci\u00f3n e\ndifusi\u00f3n das v\u00edtimas dente a parte humana e do drama persoal, sen\u00f3n\ntam\u00e9n a sacar peito dun modelo de sociedade e de pa\u00eds que quedou\ntruncado co alzamento fascista. \u201cHai que sacar peito desa sociedade\nque quer\u00edan crear. Co golpe mataron un modelo adiantado de pa\u00eds e\nhai que reivindicar esas ideas tanto dende unha perspectiva de x\u00e9nero\ncomo de clase, porque son o xerme do que somos hoxe e vislumbran o\nque poderiamos ter sido\u201d, dixo Ortega. \n<\/p>\n\n\n\n<p>A\ndeputada responsable de Memoria tam\u00e9n destacou o compromiso da\nDeputaci\u00f3n contra a loita contra a impunidade e adiantou que nese\nsentido centraranse \u2013entre outros- os actos institucionais\nvencellados ao vindeiro 12 de novembro.<\/p>\n\n\n\n<p>Pola\ns\u00faa banda, representantes dos colectivos de memoria hist\u00f3rica\ncelebraron a iniciativa da reuni\u00f3n e subli\u00f1aron a importancia de\ntraballar dirix\u00edndose \u00e1 xente moza por medio dos curr\u00edculos\nescolares, algo que a propia deputada considerou fundamental e\nasegurou ter previsto tratar no seu plan de actividades. \n<\/p>\n\n\n\n<p>No\nencontro, no que se puxeron de manifesto as dificultades que atopan\nos colectivos de memoria para o desenvolvemento das s\u00faas actividades\ne as s\u00faas necesidades, participaron as seguintes entidades do\nmovemento memorial\u00edstico na provincia: A.C.Vagalume (A Estrada);\nAl\u00e9n-N\u00f3s (Redondela); Amigos de Johan Carballeira (Bueu); Arbo\nMemoria Hist\u00f3rica; A Regaduxa (Memoria Hist\u00f3rica de Vilaboa); ARMH\n28 de agosto (Cangas); ARMH de Mar\u00edn; Asamblea republicana de Vigo;\nAsociaci\u00f3n viguesa pola memoria hist\u00f3rica do 36; Ateneo de Moa\u00f1a;\nCapit\u00e1n Gosende (Cerdedo-Cotobade); Fundaci\u00f3n Alexandre B\u00f3veda;\nIniciativa cidad\u00e1 pola memoria (Vilagarc\u00eda); Instituto de Estudos\nMi\u00f1or\u00e1ns; Memoria de Mos; Memoria de Valga; Sempre con v\u00f3s ;\nSinhor Afranio (Lal\u00edn); CeAqua e IGM.<\/p>\n","protected":false},"excerpt":{"rendered":"<div class=\"mh-excerpt\"><p>A deputada nacionalista instou \u00e1s entidades memorial\u00edsticas da provincia tecer unha rede de colaboraci\u00f3n para desenvolver un proxecto plurianual\ufeff <a class=\"mh-excerpt-more\" href=\"https:\/\/www.anovapeneira.gal\/index.php\/2019\/09\/18\/maria-ortega-propon-a-loita-contra-a-impunidade-e-a-reivindicacion-das-ideas-como-eixos-da-programacion-de-memoria-historica-da-deputacion\/\" title=\"Mar\u00eda Ortega prop\u00f3n a loita contra a impunidade e a reivindicaci\u00f3n das ideas como eixos da programaci\u00f3n de memoria hist\u00f3rica da Deputaci\u00f3n\">[&#8230;]<\/a><\/p>\n<\/div>","protected":false},"author":3,"featured_media":1259,"comment_status":"open","ping_status":"open","sticky":false,"template":"","format":"standard","meta":{"_exactmetrics_skip_tracking":false,"_exactmetrics_sitenote_active":false,"_exactmetrics_sitenote_note":"","_exactmetrics_sitenote_category":0,"footnotes":""},"categories":[26],"tags":[111,448],"class_list":{"0":"post-1258","1":"post","2":"type-post","3":"status-publish","4":"format-standard","5":"has-post-thumbnail","7":"category-pontevedra","8":"tag-deputacion-pontevedra","9":"tag-memoria-historica"},"yoast_head":"<!-- This site is optimized with the Yoast SEO plugin v27.4 - https:\/\/yoast.com\/product\/yoast-seo-wordpress\/ -->\n<title>Mar\u00eda Ortega prop\u00f3n a loita contra a impunidade e a reivindicaci\u00f3n das ideas como eixos da programaci\u00f3n de memoria hist\u00f3rica da Deputaci\u00f3n -<\/title>\n<meta name=\"robots\" content=\"index, follow, max-snippet:-1, max-image-preview:large, max-video-preview:-1\" \/>\n<link rel=\"canonical\" href=\"https:\/\/www.anovapeneira.gal\/index.php\/2019\/09\/18\/maria-ortega-propon-a-loita-contra-a-impunidade-e-a-reivindicacion-das-ideas-como-eixos-da-programacion-de-memoria-historica-da-deputacion\/\" \/>\n<meta property=\"og:locale\" content=\"gl_ES\" \/>\n<meta property=\"og:type\" content=\"article\" \/>\n<meta property=\"og:title\" content=\"Mar\u00eda Ortega prop\u00f3n a loita contra a impunidade e a reivindicaci\u00f3n das ideas como eixos da programaci\u00f3n de memoria hist\u00f3rica da Deputaci\u00f3n -\" \/>\n<meta property=\"og:description\" content=\"A deputada nacionalista instou \u00e1s entidades memorial\u00edsticas da provincia tecer unha rede de colaboraci\u00f3n para desenvolver un proxecto plurianual\ufeff [...]\" \/>\n<meta property=\"og:url\" content=\"https:\/\/www.anovapeneira.gal\/index.php\/2019\/09\/18\/maria-ortega-propon-a-loita-contra-a-impunidade-e-a-reivindicacion-das-ideas-como-eixos-da-programacion-de-memoria-historica-da-deputacion\/\" \/>\n<meta property=\"article:publisher\" content=\"https:\/\/www.facebook.com\/anovapeneira\" \/>\n<meta property=\"article:published_time\" content=\"2019-09-18T10:00:39+00:00\" \/>\n<meta property=\"og:image\" content=\"https:\/\/www.anovapeneira.gal\/wp-content\/uploads\/2019\/09\/MEMORIA_historica_a_nova_peneira.jpg\" \/>\n\t<meta property=\"og:image:width\" content=\"720\" \/>\n\t<meta property=\"og:image:height\" content=\"473\" \/>\n\t<meta property=\"og:image:type\" content=\"image\/jpeg\" \/>\n<meta name=\"author\" content=\"Redacci\u00f3n A Nova Peneira\" \/>\n<meta name=\"twitter:card\" content=\"summary_large_image\" \/>\n<meta name=\"twitter:creator\" content=\"@APeneira\" \/>\n<meta name=\"twitter:site\" content=\"@APeneira\" \/>\n<meta name=\"twitter:label1\" content=\"Escrito por\" \/>\n\t<meta name=\"twitter:data1\" content=\"Redacci\u00f3n A Nova Peneira\" \/>\n\t<meta name=\"twitter:label2\" content=\"Tempo de lectura\" \/>\n\t<meta name=\"twitter:data2\" content=\"2 minutos\" \/>\n<script type=\"application\/ld+json\" class=\"yoast-schema-graph\">{\"@context\":\"https:\\\/\\\/schema.org\",\"@graph\":[{\"@type\":\"Article\",\"@id\":\"https:\\\/\\\/www.anovapeneira.gal\\\/index.php\\\/2019\\\/09\\\/18\\\/maria-ortega-propon-a-loita-contra-a-impunidade-e-a-reivindicacion-das-ideas-como-eixos-da-programacion-de-memoria-historica-da-deputacion\\\/#article\",\"isPartOf\":{\"@id\":\"https:\\\/\\\/www.anovapeneira.gal\\\/index.php\\\/2019\\\/09\\\/18\\\/maria-ortega-propon-a-loita-contra-a-impunidade-e-a-reivindicacion-das-ideas-como-eixos-da-programacion-de-memoria-historica-da-deputacion\\\/\"},\"author\":{\"name\":\"Redacci\u00f3n A Nova Peneira\",\"@id\":\"https:\\\/\\\/www.anovapeneira.gal\\\/#\\\/schema\\\/person\\\/b93e3f8932e3f8da96334607eb6ac6aa\"},\"headline\":\"Mar\u00eda Ortega prop\u00f3n a loita contra a impunidade e a reivindicaci\u00f3n das ideas como eixos da programaci\u00f3n de memoria hist\u00f3rica da Deputaci\u00f3n\",\"datePublished\":\"2019-09-18T10:00:39+00:00\",\"mainEntityOfPage\":{\"@id\":\"https:\\\/\\\/www.anovapeneira.gal\\\/index.php\\\/2019\\\/09\\\/18\\\/maria-ortega-propon-a-loita-contra-a-impunidade-e-a-reivindicacion-das-ideas-como-eixos-da-programacion-de-memoria-historica-da-deputacion\\\/\"},\"wordCount\":486,\"commentCount\":0,\"publisher\":{\"@id\":\"https:\\\/\\\/www.anovapeneira.gal\\\/#organization\"},\"image\":{\"@id\":\"https:\\\/\\\/www.anovapeneira.gal\\\/index.php\\\/2019\\\/09\\\/18\\\/maria-ortega-propon-a-loita-contra-a-impunidade-e-a-reivindicacion-das-ideas-como-eixos-da-programacion-de-memoria-historica-da-deputacion\\\/#primaryimage\"},\"thumbnailUrl\":\"https:\\\/\\\/www.anovapeneira.gal\\\/wp-content\\\/uploads\\\/2019\\\/09\\\/MEMORIA_historica_a_nova_peneira.jpg\",\"keywords\":[\"Deputaci\u00f3n Pontevedra\",\"Memoria hist\u00f3rica\"],\"articleSection\":[\"Pontevedra\"],\"inLanguage\":\"gl-ES\",\"potentialAction\":[{\"@type\":\"CommentAction\",\"name\":\"Comment\",\"target\":[\"https:\\\/\\\/www.anovapeneira.gal\\\/index.php\\\/2019\\\/09\\\/18\\\/maria-ortega-propon-a-loita-contra-a-impunidade-e-a-reivindicacion-das-ideas-como-eixos-da-programacion-de-memoria-historica-da-deputacion\\\/#respond\"]}]},{\"@type\":\"WebPage\",\"@id\":\"https:\\\/\\\/www.anovapeneira.gal\\\/index.php\\\/2019\\\/09\\\/18\\\/maria-ortega-propon-a-loita-contra-a-impunidade-e-a-reivindicacion-das-ideas-como-eixos-da-programacion-de-memoria-historica-da-deputacion\\\/\",\"url\":\"https:\\\/\\\/www.anovapeneira.gal\\\/index.php\\\/2019\\\/09\\\/18\\\/maria-ortega-propon-a-loita-contra-a-impunidade-e-a-reivindicacion-das-ideas-como-eixos-da-programacion-de-memoria-historica-da-deputacion\\\/\",\"name\":\"Mar\u00eda Ortega prop\u00f3n a loita contra a impunidade e a reivindicaci\u00f3n das ideas como eixos da programaci\u00f3n de memoria hist\u00f3rica da Deputaci\u00f3n -\",\"isPartOf\":{\"@id\":\"https:\\\/\\\/www.anovapeneira.gal\\\/#website\"},\"primaryImageOfPage\":{\"@id\":\"https:\\\/\\\/www.anovapeneira.gal\\\/index.php\\\/2019\\\/09\\\/18\\\/maria-ortega-propon-a-loita-contra-a-impunidade-e-a-reivindicacion-das-ideas-como-eixos-da-programacion-de-memoria-historica-da-deputacion\\\/#primaryimage\"},\"image\":{\"@id\":\"https:\\\/\\\/www.anovapeneira.gal\\\/index.php\\\/2019\\\/09\\\/18\\\/maria-ortega-propon-a-loita-contra-a-impunidade-e-a-reivindicacion-das-ideas-como-eixos-da-programacion-de-memoria-historica-da-deputacion\\\/#primaryimage\"},\"thumbnailUrl\":\"https:\\\/\\\/www.anovapeneira.gal\\\/wp-content\\\/uploads\\\/2019\\\/09\\\/MEMORIA_historica_a_nova_peneira.jpg\",\"datePublished\":\"2019-09-18T10:00:39+00:00\",\"breadcrumb\":{\"@id\":\"https:\\\/\\\/www.anovapeneira.gal\\\/index.php\\\/2019\\\/09\\\/18\\\/maria-ortega-propon-a-loita-contra-a-impunidade-e-a-reivindicacion-das-ideas-como-eixos-da-programacion-de-memoria-historica-da-deputacion\\\/#breadcrumb\"},\"inLanguage\":\"gl-ES\",\"potentialAction\":[{\"@type\":\"ReadAction\",\"target\":[\"https:\\\/\\\/www.anovapeneira.gal\\\/index.php\\\/2019\\\/09\\\/18\\\/maria-ortega-propon-a-loita-contra-a-impunidade-e-a-reivindicacion-das-ideas-como-eixos-da-programacion-de-memoria-historica-da-deputacion\\\/\"]}]},{\"@type\":\"ImageObject\",\"inLanguage\":\"gl-ES\",\"@id\":\"https:\\\/\\\/www.anovapeneira.gal\\\/index.php\\\/2019\\\/09\\\/18\\\/maria-ortega-propon-a-loita-contra-a-impunidade-e-a-reivindicacion-das-ideas-como-eixos-da-programacion-de-memoria-historica-da-deputacion\\\/#primaryimage\",\"url\":\"https:\\\/\\\/www.anovapeneira.gal\\\/wp-content\\\/uploads\\\/2019\\\/09\\\/MEMORIA_historica_a_nova_peneira.jpg\",\"contentUrl\":\"https:\\\/\\\/www.anovapeneira.gal\\\/wp-content\\\/uploads\\\/2019\\\/09\\\/MEMORIA_historica_a_nova_peneira.jpg\",\"width\":720,\"height\":473,\"caption\":\"Memoria Hist\u00f3rica Deputaci\u00f3n Pontevedra A Nova Peneira\"},{\"@type\":\"BreadcrumbList\",\"@id\":\"https:\\\/\\\/www.anovapeneira.gal\\\/index.php\\\/2019\\\/09\\\/18\\\/maria-ortega-propon-a-loita-contra-a-impunidade-e-a-reivindicacion-das-ideas-como-eixos-da-programacion-de-memoria-historica-da-deputacion\\\/#breadcrumb\",\"itemListElement\":[{\"@type\":\"ListItem\",\"position\":1,\"name\":\"Portada\",\"item\":\"https:\\\/\\\/www.anovapeneira.gal\\\/\"},{\"@type\":\"ListItem\",\"position\":2,\"name\":\"Mar\u00eda Ortega prop\u00f3n a loita contra a impunidade e a reivindicaci\u00f3n das ideas como eixos da programaci\u00f3n de memoria hist\u00f3rica da Deputaci\u00f3n\"}]},{\"@type\":\"WebSite\",\"@id\":\"https:\\\/\\\/www.anovapeneira.gal\\\/#website\",\"url\":\"https:\\\/\\\/www.anovapeneira.gal\\\/\",\"name\":\"\",\"description\":\"Xornal galego de informaci\u00f3n xeral Publicaci\u00f3n mensual de novas de Galicia e en especial dos Concellos da sur da provincia de Pontevedra.\",\"publisher\":{\"@id\":\"https:\\\/\\\/www.anovapeneira.gal\\\/#organization\"},\"potentialAction\":[{\"@type\":\"SearchAction\",\"target\":{\"@type\":\"EntryPoint\",\"urlTemplate\":\"https:\\\/\\\/www.anovapeneira.gal\\\/?s={search_term_string}\"},\"query-input\":{\"@type\":\"PropertyValueSpecification\",\"valueRequired\":true,\"valueName\":\"search_term_string\"}}],\"inLanguage\":\"gl-ES\"},{\"@type\":\"Organization\",\"@id\":\"https:\\\/\\\/www.anovapeneira.gal\\\/#organization\",\"name\":\"A Nova Peneira\",\"url\":\"https:\\\/\\\/www.anovapeneira.gal\\\/\",\"logo\":{\"@type\":\"ImageObject\",\"inLanguage\":\"gl-ES\",\"@id\":\"https:\\\/\\\/www.anovapeneira.gal\\\/#\\\/schema\\\/logo\\\/image\\\/\",\"url\":\"http:\\\/\\\/www.anovapeneira.gal\\\/wp-content\\\/uploads\\\/2019\\\/06\\\/logo_a_nova_peneira_portal_web.png\",\"contentUrl\":\"http:\\\/\\\/www.anovapeneira.gal\\\/wp-content\\\/uploads\\\/2019\\\/06\\\/logo_a_nova_peneira_portal_web.png\",\"width\":300,\"height\":100,\"caption\":\"A Nova Peneira\"},\"image\":{\"@id\":\"https:\\\/\\\/www.anovapeneira.gal\\\/#\\\/schema\\\/logo\\\/image\\\/\"},\"sameAs\":[\"https:\\\/\\\/www.facebook.com\\\/anovapeneira\",\"https:\\\/\\\/x.com\\\/APeneira\"]},{\"@type\":\"Person\",\"@id\":\"https:\\\/\\\/www.anovapeneira.gal\\\/#\\\/schema\\\/person\\\/b93e3f8932e3f8da96334607eb6ac6aa\",\"name\":\"Redacci\u00f3n A Nova Peneira\",\"image\":{\"@type\":\"ImageObject\",\"inLanguage\":\"gl-ES\",\"@id\":\"https:\\\/\\\/secure.gravatar.com\\\/avatar\\\/c052a2551a06e23fac63626232eaa90abd78dbcf1700fc46a2b2c89fd27b735f?s=96&d=mm&r=g\",\"url\":\"https:\\\/\\\/secure.gravatar.com\\\/avatar\\\/c052a2551a06e23fac63626232eaa90abd78dbcf1700fc46a2b2c89fd27b735f?s=96&d=mm&r=g\",\"contentUrl\":\"https:\\\/\\\/secure.gravatar.com\\\/avatar\\\/c052a2551a06e23fac63626232eaa90abd78dbcf1700fc46a2b2c89fd27b735f?s=96&d=mm&r=g\",\"caption\":\"Redacci\u00f3n A Nova Peneira\"},\"sameAs\":[\"http:\\\/\\\/www.anovapeneira.gal\\\/\"],\"url\":\"https:\\\/\\\/www.anovapeneira.gal\\\/index.php\\\/author\\\/redactor\\\/\"}]}<\/script>\n<!-- \/ Yoast SEO plugin. -->","yoast_head_json":{"title":"Mar\u00eda Ortega prop\u00f3n a loita contra a impunidade e a reivindicaci\u00f3n das ideas como eixos da programaci\u00f3n de memoria hist\u00f3rica da Deputaci\u00f3n -","robots":{"index":"index","follow":"follow","max-snippet":"max-snippet:-1","max-image-preview":"max-image-preview:large","max-video-preview":"max-video-preview:-1"},"canonical":"https:\/\/www.anovapeneira.gal\/index.php\/2019\/09\/18\/maria-ortega-propon-a-loita-contra-a-impunidade-e-a-reivindicacion-das-ideas-como-eixos-da-programacion-de-memoria-historica-da-deputacion\/","og_locale":"gl_ES","og_type":"article","og_title":"Mar\u00eda Ortega prop\u00f3n a loita contra a impunidade e a reivindicaci\u00f3n das ideas como eixos da programaci\u00f3n de memoria hist\u00f3rica da Deputaci\u00f3n -","og_description":"A deputada nacionalista instou \u00e1s entidades memorial\u00edsticas da provincia tecer unha rede de colaboraci\u00f3n para desenvolver un proxecto plurianual\ufeff [...]","og_url":"https:\/\/www.anovapeneira.gal\/index.php\/2019\/09\/18\/maria-ortega-propon-a-loita-contra-a-impunidade-e-a-reivindicacion-das-ideas-como-eixos-da-programacion-de-memoria-historica-da-deputacion\/","article_publisher":"https:\/\/www.facebook.com\/anovapeneira","article_published_time":"2019-09-18T10:00:39+00:00","og_image":[{"width":720,"height":473,"url":"https:\/\/www.anovapeneira.gal\/wp-content\/uploads\/2019\/09\/MEMORIA_historica_a_nova_peneira.jpg","type":"image\/jpeg"}],"author":"Redacci\u00f3n A Nova Peneira","twitter_card":"summary_large_image","twitter_creator":"@APeneira","twitter_site":"@APeneira","twitter_misc":{"Escrito por":"Redacci\u00f3n A Nova Peneira","Tempo de lectura":"2 minutos"},"schema":{"@context":"https:\/\/schema.org","@graph":[{"@type":"Article","@id":"https:\/\/www.anovapeneira.gal\/index.php\/2019\/09\/18\/maria-ortega-propon-a-loita-contra-a-impunidade-e-a-reivindicacion-das-ideas-como-eixos-da-programacion-de-memoria-historica-da-deputacion\/#article","isPartOf":{"@id":"https:\/\/www.anovapeneira.gal\/index.php\/2019\/09\/18\/maria-ortega-propon-a-loita-contra-a-impunidade-e-a-reivindicacion-das-ideas-como-eixos-da-programacion-de-memoria-historica-da-deputacion\/"},"author":{"name":"Redacci\u00f3n A Nova Peneira","@id":"https:\/\/www.anovapeneira.gal\/#\/schema\/person\/b93e3f8932e3f8da96334607eb6ac6aa"},"headline":"Mar\u00eda Ortega prop\u00f3n a loita contra a impunidade e a reivindicaci\u00f3n das ideas como eixos da programaci\u00f3n de memoria hist\u00f3rica da Deputaci\u00f3n","datePublished":"2019-09-18T10:00:39+00:00","mainEntityOfPage":{"@id":"https:\/\/www.anovapeneira.gal\/index.php\/2019\/09\/18\/maria-ortega-propon-a-loita-contra-a-impunidade-e-a-reivindicacion-das-ideas-como-eixos-da-programacion-de-memoria-historica-da-deputacion\/"},"wordCount":486,"commentCount":0,"publisher":{"@id":"https:\/\/www.anovapeneira.gal\/#organization"},"image":{"@id":"https:\/\/www.anovapeneira.gal\/index.php\/2019\/09\/18\/maria-ortega-propon-a-loita-contra-a-impunidade-e-a-reivindicacion-das-ideas-como-eixos-da-programacion-de-memoria-historica-da-deputacion\/#primaryimage"},"thumbnailUrl":"https:\/\/www.anovapeneira.gal\/wp-content\/uploads\/2019\/09\/MEMORIA_historica_a_nova_peneira.jpg","keywords":["Deputaci\u00f3n Pontevedra","Memoria hist\u00f3rica"],"articleSection":["Pontevedra"],"inLanguage":"gl-ES","potentialAction":[{"@type":"CommentAction","name":"Comment","target":["https:\/\/www.anovapeneira.gal\/index.php\/2019\/09\/18\/maria-ortega-propon-a-loita-contra-a-impunidade-e-a-reivindicacion-das-ideas-como-eixos-da-programacion-de-memoria-historica-da-deputacion\/#respond"]}]},{"@type":"WebPage","@id":"https:\/\/www.anovapeneira.gal\/index.php\/2019\/09\/18\/maria-ortega-propon-a-loita-contra-a-impunidade-e-a-reivindicacion-das-ideas-como-eixos-da-programacion-de-memoria-historica-da-deputacion\/","url":"https:\/\/www.anovapeneira.gal\/index.php\/2019\/09\/18\/maria-ortega-propon-a-loita-contra-a-impunidade-e-a-reivindicacion-das-ideas-como-eixos-da-programacion-de-memoria-historica-da-deputacion\/","name":"Mar\u00eda Ortega prop\u00f3n a loita contra a impunidade e a reivindicaci\u00f3n das ideas como eixos da programaci\u00f3n de memoria hist\u00f3rica da Deputaci\u00f3n -","isPartOf":{"@id":"https:\/\/www.anovapeneira.gal\/#website"},"primaryImageOfPage":{"@id":"https:\/\/www.anovapeneira.gal\/index.php\/2019\/09\/18\/maria-ortega-propon-a-loita-contra-a-impunidade-e-a-reivindicacion-das-ideas-como-eixos-da-programacion-de-memoria-historica-da-deputacion\/#primaryimage"},"image":{"@id":"https:\/\/www.anovapeneira.gal\/index.php\/2019\/09\/18\/maria-ortega-propon-a-loita-contra-a-impunidade-e-a-reivindicacion-das-ideas-como-eixos-da-programacion-de-memoria-historica-da-deputacion\/#primaryimage"},"thumbnailUrl":"https:\/\/www.anovapeneira.gal\/wp-content\/uploads\/2019\/09\/MEMORIA_historica_a_nova_peneira.jpg","datePublished":"2019-09-18T10:00:39+00:00","breadcrumb":{"@id":"https:\/\/www.anovapeneira.gal\/index.php\/2019\/09\/18\/maria-ortega-propon-a-loita-contra-a-impunidade-e-a-reivindicacion-das-ideas-como-eixos-da-programacion-de-memoria-historica-da-deputacion\/#breadcrumb"},"inLanguage":"gl-ES","potentialAction":[{"@type":"ReadAction","target":["https:\/\/www.anovapeneira.gal\/index.php\/2019\/09\/18\/maria-ortega-propon-a-loita-contra-a-impunidade-e-a-reivindicacion-das-ideas-como-eixos-da-programacion-de-memoria-historica-da-deputacion\/"]}]},{"@type":"ImageObject","inLanguage":"gl-ES","@id":"https:\/\/www.anovapeneira.gal\/index.php\/2019\/09\/18\/maria-ortega-propon-a-loita-contra-a-impunidade-e-a-reivindicacion-das-ideas-como-eixos-da-programacion-de-memoria-historica-da-deputacion\/#primaryimage","url":"https:\/\/www.anovapeneira.gal\/wp-content\/uploads\/2019\/09\/MEMORIA_historica_a_nova_peneira.jpg","contentUrl":"https:\/\/www.anovapeneira.gal\/wp-content\/uploads\/2019\/09\/MEMORIA_historica_a_nova_peneira.jpg","width":720,"height":473,"caption":"Memoria Hist\u00f3rica Deputaci\u00f3n Pontevedra A Nova Peneira"},{"@type":"BreadcrumbList","@id":"https:\/\/www.anovapeneira.gal\/index.php\/2019\/09\/18\/maria-ortega-propon-a-loita-contra-a-impunidade-e-a-reivindicacion-das-ideas-como-eixos-da-programacion-de-memoria-historica-da-deputacion\/#breadcrumb","itemListElement":[{"@type":"ListItem","position":1,"name":"Portada","item":"https:\/\/www.anovapeneira.gal\/"},{"@type":"ListItem","position":2,"name":"Mar\u00eda Ortega prop\u00f3n a loita contra a impunidade e a reivindicaci\u00f3n das ideas como eixos da programaci\u00f3n de memoria hist\u00f3rica da Deputaci\u00f3n"}]},{"@type":"WebSite","@id":"https:\/\/www.anovapeneira.gal\/#website","url":"https:\/\/www.anovapeneira.gal\/","name":"","description":"Xornal galego de informaci\u00f3n xeral Publicaci\u00f3n mensual de novas de Galicia e en especial dos Concellos da sur da provincia de Pontevedra.","publisher":{"@id":"https:\/\/www.anovapeneira.gal\/#organization"},"potentialAction":[{"@type":"SearchAction","target":{"@type":"EntryPoint","urlTemplate":"https:\/\/www.anovapeneira.gal\/?s={search_term_string}"},"query-input":{"@type":"PropertyValueSpecification","valueRequired":true,"valueName":"search_term_string"}}],"inLanguage":"gl-ES"},{"@type":"Organization","@id":"https:\/\/www.anovapeneira.gal\/#organization","name":"A Nova Peneira","url":"https:\/\/www.anovapeneira.gal\/","logo":{"@type":"ImageObject","inLanguage":"gl-ES","@id":"https:\/\/www.anovapeneira.gal\/#\/schema\/logo\/image\/","url":"http:\/\/www.anovapeneira.gal\/wp-content\/uploads\/2019\/06\/logo_a_nova_peneira_portal_web.png","contentUrl":"http:\/\/www.anovapeneira.gal\/wp-content\/uploads\/2019\/06\/logo_a_nova_peneira_portal_web.png","width":300,"height":100,"caption":"A Nova Peneira"},"image":{"@id":"https:\/\/www.anovapeneira.gal\/#\/schema\/logo\/image\/"},"sameAs":["https:\/\/www.facebook.com\/anovapeneira","https:\/\/x.com\/APeneira"]},{"@type":"Person","@id":"https:\/\/www.anovapeneira.gal\/#\/schema\/person\/b93e3f8932e3f8da96334607eb6ac6aa","name":"Redacci\u00f3n A Nova Peneira","image":{"@type":"ImageObject","inLanguage":"gl-ES","@id":"https:\/\/secure.gravatar.com\/avatar\/c052a2551a06e23fac63626232eaa90abd78dbcf1700fc46a2b2c89fd27b735f?s=96&d=mm&r=g","url":"https:\/\/secure.gravatar.com\/avatar\/c052a2551a06e23fac63626232eaa90abd78dbcf1700fc46a2b2c89fd27b735f?s=96&d=mm&r=g","contentUrl":"https:\/\/secure.gravatar.com\/avatar\/c052a2551a06e23fac63626232eaa90abd78dbcf1700fc46a2b2c89fd27b735f?s=96&d=mm&r=g","caption":"Redacci\u00f3n A Nova Peneira"},"sameAs":["http:\/\/www.anovapeneira.gal\/"],"url":"https:\/\/www.anovapeneira.gal\/index.php\/author\/redactor\/"}]}},"jetpack_featured_media_url":"https:\/\/www.anovapeneira.gal\/wp-content\/uploads\/2019\/09\/MEMORIA_historica_a_nova_peneira.jpg","_links":{"self":[{"href":"https:\/\/www.anovapeneira.gal\/index.php\/wp-json\/wp\/v2\/posts\/1258","targetHints":{"allow":["GET"]}}],"collection":[{"href":"https:\/\/www.anovapeneira.gal\/index.php\/wp-json\/wp\/v2\/posts"}],"about":[{"href":"https:\/\/www.anovapeneira.gal\/index.php\/wp-json\/wp\/v2\/types\/post"}],"author":[{"embeddable":true,"href":"https:\/\/www.anovapeneira.gal\/index.php\/wp-json\/wp\/v2\/users\/3"}],"replies":[{"embeddable":true,"href":"https:\/\/www.anovapeneira.gal\/index.php\/wp-json\/wp\/v2\/comments?post=1258"}],"version-history":[{"count":1,"href":"https:\/\/www.anovapeneira.gal\/index.php\/wp-json\/wp\/v2\/posts\/1258\/revisions"}],"predecessor-version":[{"id":1260,"href":"https:\/\/www.anovapeneira.gal\/index.php\/wp-json\/wp\/v2\/posts\/1258\/revisions\/1260"}],"wp:featuredmedia":[{"embeddable":true,"href":"https:\/\/www.anovapeneira.gal\/index.php\/wp-json\/wp\/v2\/media\/1259"}],"wp:attachment":[{"href":"https:\/\/www.anovapeneira.gal\/index.php\/wp-json\/wp\/v2\/media?parent=1258"}],"wp:term":[{"taxonomy":"category","embeddable":true,"href":"https:\/\/www.anovapeneira.gal\/index.php\/wp-json\/wp\/v2\/categories?post=1258"},{"taxonomy":"post_tag","embeddable":true,"href":"https:\/\/www.anovapeneira.gal\/index.php\/wp-json\/wp\/v2\/tags?post=1258"}],"curies":[{"name":"wp","href":"https:\/\/api.w.org\/{rel}","templated":true}]}}