{"id":12587,"date":"2024-10-15T12:00:52","date_gmt":"2024-10-15T10:00:52","guid":{"rendered":"https:\/\/www.anovapeneira.gal\/?p=12587"},"modified":"2024-10-11T18:53:13","modified_gmt":"2024-10-11T16:53:13","slug":"rego-sobre-a-aprobacion-da-lei-ela-o-bng-sempre-contribue-a-mellorar-a-vida-da-xente","status":"publish","type":"post","link":"https:\/\/www.anovapeneira.gal\/index.php\/2024\/10\/15\/rego-sobre-a-aprobacion-da-lei-ela-o-bng-sempre-contribue-a-mellorar-a-vida-da-xente\/","title":{"rendered":"Rego sobre a aprobaci\u00f3n da Lei ELA: \u201cO BNG sempre contrib\u00fae a mellorar a vida da xente\u201d"},"content":{"rendered":"\n<h2 class=\"wp-block-heading\"><strong>O BNG vota, tal e como sempre fixo durante estes anos, a favor na \u00faltima votaci\u00f3n no Congreso a Proposici\u00f3n de Lei para mellorar a calidade de vida das persoas con ELA<\/strong><\/h2>\n\n\n\n<p><strong>Rego felicita as asociaci\u00f3ns polo traballo realizado e o impulso decisivo que fixeron para que esta Lei \u201choxe sexa unha realidade\u201d, facendo especial menci\u00f3n a AGAELA<\/strong><\/p>\n\n\n\n<p><strong>Madrid, 10 de outubro de 2024.<\/strong> <\/p>\n\n\n\n<p>O Bloque Nacionalista Galego vota a favor da \u00faltima votaci\u00f3n no Congreso da Proposici\u00f3n de Lei para mellorar a calidade de vida de persoas con Esclerose Lateral Amiotr\u00f3fica e outras enfermidades ou procesos de alta complexidade e curso irreversible, tal e como veu facendo e defendendo durante estes anos. O deputado do BNG no Congreso, N\u00e9stor Rego, felicitou as asociaci\u00f3ns -con especial menci\u00f3n \u00e1 asociaci\u00f3n galega, AGAELA- e agradeceu o seu traballo realizado, as\u00ed como o impulso decisivo que fixeron para que esta lei sa\u00edse adiante e sexa unha realidade.<\/p>\n\n\n\n<p>\u201cO BNG mantivo catro emendas que mellorar\u00edan a lei mais, en todo caso, non hai ningunha d\u00fabida de que imos aprobar esta lei e far\u00e9molo con convicci\u00f3n e entusiasmo\u201d afirmou o deputado do BNG no Congreso. Unhas emendas, destaca, que \u00edan no sentido de ampliar a aplicaci\u00f3n desta lei para outras persoas que padezan outros procesos neurol\u00f3xicos sempre que te\u00f1an un prognostico evolutivo que afecte as capacidades das persoas diagnosticadas de forma paulatina.<\/p>\n\n\n\n<p>\u201cTam\u00e9n para que sexan reco\u00f1ecida a discapacidade de 33%, co diagn\u00f3stico, a persoas con ELA e outras enfermidades neurodexenerativas como esclerose m\u00faltiple ou semellantes, ou 65% a partir dun ano porque na Lei se prev\u00e9 de 33%\u201d sinala. Por \u00faltimo, unha emenda para que haxa financiamento suficiente \u00e1s Comunidades Aut\u00f3nomas para facer efectivas as previsi\u00f3ns desta Lei.<\/p>\n\n\n\n<p>Congratul\u00e1monos, sinala o deputado nacionalista, de ter dado este paso. \u201cFelicitar os colectivos da ELA polo traballo realizado e polo impulso decisivo que fixeron para que esta lei sexa hoxe unha realidade, unha menci\u00f3n especial \u00e1 Asociaci\u00f3n Galega de Esclerose Lateral Amiotr\u00f3fica (AGAELA)\u201d incide Rego. O BNG, sinala o deputado nacionalista, sempre contrib\u00fae e contribuir\u00e1 a mellorar a vida da xente.<\/p>\n","protected":false},"excerpt":{"rendered":"<div class=\"mh-excerpt\"><p>O BNG vota, tal e como sempre fixo durante estes anos, a favor na \u00faltima votaci\u00f3n no Congreso a Proposici\u00f3n de Lei para mellorar a calidade de vida das persoas con ELA<br \/>\n <a class=\"mh-excerpt-more\" href=\"https:\/\/www.anovapeneira.gal\/index.php\/2024\/10\/15\/rego-sobre-a-aprobacion-da-lei-ela-o-bng-sempre-contribue-a-mellorar-a-vida-da-xente\/\" title=\"Rego sobre a aprobaci\u00f3n da Lei ELA: \u201cO BNG sempre contrib\u00fae a mellorar a vida da xente\u201d\">[&#8230;]<\/a><\/p>\n<\/div>","protected":false},"author":3,"featured_media":12588,"comment_status":"open","ping_status":"open","sticky":false,"template":"","format":"standard","meta":{"_exactmetrics_skip_tracking":false,"_exactmetrics_sitenote_active":false,"_exactmetrics_sitenote_note":"","_exactmetrics_sitenote_category":0,"footnotes":""},"categories":[263],"tags":[631],"class_list":{"0":"post-12587","1":"post","2":"type-post","3":"status-publish","4":"format-standard","5":"has-post-thumbnail","7":"category-novas","8":"tag-nestor-rego"},"yoast_head":"<!-- This site is optimized with the Yoast SEO plugin v27.4 - https:\/\/yoast.com\/product\/yoast-seo-wordpress\/ -->\n<title>Rego sobre a aprobaci\u00f3n da Lei ELA: \u201cO BNG sempre contrib\u00fae a mellorar a vida da xente\u201d -<\/title>\n<meta name=\"robots\" content=\"index, follow, max-snippet:-1, max-image-preview:large, max-video-preview:-1\" \/>\n<link rel=\"canonical\" href=\"https:\/\/www.anovapeneira.gal\/index.php\/2024\/10\/15\/rego-sobre-a-aprobacion-da-lei-ela-o-bng-sempre-contribue-a-mellorar-a-vida-da-xente\/\" \/>\n<meta property=\"og:locale\" content=\"gl_ES\" \/>\n<meta property=\"og:type\" content=\"article\" \/>\n<meta property=\"og:title\" content=\"Rego sobre a aprobaci\u00f3n da Lei ELA: \u201cO BNG sempre contrib\u00fae a mellorar a vida da xente\u201d -\" \/>\n<meta property=\"og:description\" content=\"O BNG vota, tal e como sempre fixo durante estes anos, a favor na \u00faltima votaci\u00f3n no Congreso a Proposici\u00f3n de Lei para mellorar a calidade de vida das persoas con ELA [...]\" \/>\n<meta property=\"og:url\" content=\"https:\/\/www.anovapeneira.gal\/index.php\/2024\/10\/15\/rego-sobre-a-aprobacion-da-lei-ela-o-bng-sempre-contribue-a-mellorar-a-vida-da-xente\/\" \/>\n<meta property=\"article:publisher\" content=\"https:\/\/www.facebook.com\/anovapeneira\" \/>\n<meta property=\"article:published_time\" content=\"2024-10-15T10:00:52+00:00\" \/>\n<meta property=\"og:image\" content=\"https:\/\/www.anovapeneira.gal\/wp-content\/uploads\/2024\/10\/nestor-_rego.png\" \/>\n\t<meta property=\"og:image:width\" content=\"720\" \/>\n\t<meta property=\"og:image:height\" content=\"432\" \/>\n\t<meta property=\"og:image:type\" content=\"image\/png\" \/>\n<meta name=\"author\" content=\"Redacci\u00f3n A Nova Peneira\" \/>\n<meta name=\"twitter:card\" content=\"summary_large_image\" \/>\n<meta name=\"twitter:creator\" content=\"@APeneira\" \/>\n<meta name=\"twitter:site\" content=\"@APeneira\" \/>\n<meta name=\"twitter:label1\" content=\"Escrito por\" \/>\n\t<meta name=\"twitter:data1\" content=\"Redacci\u00f3n A Nova Peneira\" \/>\n\t<meta name=\"twitter:label2\" content=\"Tempo de lectura\" \/>\n\t<meta name=\"twitter:data2\" content=\"3 minutos\" \/>\n<script type=\"application\/ld+json\" class=\"yoast-schema-graph\">{\"@context\":\"https:\\\/\\\/schema.org\",\"@graph\":[{\"@type\":\"Article\",\"@id\":\"https:\\\/\\\/www.anovapeneira.gal\\\/index.php\\\/2024\\\/10\\\/15\\\/rego-sobre-a-aprobacion-da-lei-ela-o-bng-sempre-contribue-a-mellorar-a-vida-da-xente\\\/#article\",\"isPartOf\":{\"@id\":\"https:\\\/\\\/www.anovapeneira.gal\\\/index.php\\\/2024\\\/10\\\/15\\\/rego-sobre-a-aprobacion-da-lei-ela-o-bng-sempre-contribue-a-mellorar-a-vida-da-xente\\\/\"},\"author\":{\"name\":\"Redacci\u00f3n A Nova Peneira\",\"@id\":\"https:\\\/\\\/www.anovapeneira.gal\\\/#\\\/schema\\\/person\\\/b93e3f8932e3f8da96334607eb6ac6aa\"},\"headline\":\"Rego sobre a aprobaci\u00f3n da Lei ELA: \u201cO BNG sempre contrib\u00fae a mellorar a vida da xente\u201d\",\"datePublished\":\"2024-10-15T10:00:52+00:00\",\"mainEntityOfPage\":{\"@id\":\"https:\\\/\\\/www.anovapeneira.gal\\\/index.php\\\/2024\\\/10\\\/15\\\/rego-sobre-a-aprobacion-da-lei-ela-o-bng-sempre-contribue-a-mellorar-a-vida-da-xente\\\/\"},\"wordCount\":387,\"commentCount\":0,\"publisher\":{\"@id\":\"https:\\\/\\\/www.anovapeneira.gal\\\/#organization\"},\"image\":{\"@id\":\"https:\\\/\\\/www.anovapeneira.gal\\\/index.php\\\/2024\\\/10\\\/15\\\/rego-sobre-a-aprobacion-da-lei-ela-o-bng-sempre-contribue-a-mellorar-a-vida-da-xente\\\/#primaryimage\"},\"thumbnailUrl\":\"https:\\\/\\\/www.anovapeneira.gal\\\/wp-content\\\/uploads\\\/2024\\\/10\\\/nestor-_rego.png\",\"keywords\":[\"N\u00e9stor Rego\"],\"articleSection\":[\"Novas\"],\"inLanguage\":\"gl-ES\",\"potentialAction\":[{\"@type\":\"CommentAction\",\"name\":\"Comment\",\"target\":[\"https:\\\/\\\/www.anovapeneira.gal\\\/index.php\\\/2024\\\/10\\\/15\\\/rego-sobre-a-aprobacion-da-lei-ela-o-bng-sempre-contribue-a-mellorar-a-vida-da-xente\\\/#respond\"]}]},{\"@type\":\"WebPage\",\"@id\":\"https:\\\/\\\/www.anovapeneira.gal\\\/index.php\\\/2024\\\/10\\\/15\\\/rego-sobre-a-aprobacion-da-lei-ela-o-bng-sempre-contribue-a-mellorar-a-vida-da-xente\\\/\",\"url\":\"https:\\\/\\\/www.anovapeneira.gal\\\/index.php\\\/2024\\\/10\\\/15\\\/rego-sobre-a-aprobacion-da-lei-ela-o-bng-sempre-contribue-a-mellorar-a-vida-da-xente\\\/\",\"name\":\"Rego sobre a aprobaci\u00f3n da Lei ELA: \u201cO BNG sempre contrib\u00fae a mellorar a vida da xente\u201d -\",\"isPartOf\":{\"@id\":\"https:\\\/\\\/www.anovapeneira.gal\\\/#website\"},\"primaryImageOfPage\":{\"@id\":\"https:\\\/\\\/www.anovapeneira.gal\\\/index.php\\\/2024\\\/10\\\/15\\\/rego-sobre-a-aprobacion-da-lei-ela-o-bng-sempre-contribue-a-mellorar-a-vida-da-xente\\\/#primaryimage\"},\"image\":{\"@id\":\"https:\\\/\\\/www.anovapeneira.gal\\\/index.php\\\/2024\\\/10\\\/15\\\/rego-sobre-a-aprobacion-da-lei-ela-o-bng-sempre-contribue-a-mellorar-a-vida-da-xente\\\/#primaryimage\"},\"thumbnailUrl\":\"https:\\\/\\\/www.anovapeneira.gal\\\/wp-content\\\/uploads\\\/2024\\\/10\\\/nestor-_rego.png\",\"datePublished\":\"2024-10-15T10:00:52+00:00\",\"breadcrumb\":{\"@id\":\"https:\\\/\\\/www.anovapeneira.gal\\\/index.php\\\/2024\\\/10\\\/15\\\/rego-sobre-a-aprobacion-da-lei-ela-o-bng-sempre-contribue-a-mellorar-a-vida-da-xente\\\/#breadcrumb\"},\"inLanguage\":\"gl-ES\",\"potentialAction\":[{\"@type\":\"ReadAction\",\"target\":[\"https:\\\/\\\/www.anovapeneira.gal\\\/index.php\\\/2024\\\/10\\\/15\\\/rego-sobre-a-aprobacion-da-lei-ela-o-bng-sempre-contribue-a-mellorar-a-vida-da-xente\\\/\"]}]},{\"@type\":\"ImageObject\",\"inLanguage\":\"gl-ES\",\"@id\":\"https:\\\/\\\/www.anovapeneira.gal\\\/index.php\\\/2024\\\/10\\\/15\\\/rego-sobre-a-aprobacion-da-lei-ela-o-bng-sempre-contribue-a-mellorar-a-vida-da-xente\\\/#primaryimage\",\"url\":\"https:\\\/\\\/www.anovapeneira.gal\\\/wp-content\\\/uploads\\\/2024\\\/10\\\/nestor-_rego.png\",\"contentUrl\":\"https:\\\/\\\/www.anovapeneira.gal\\\/wp-content\\\/uploads\\\/2024\\\/10\\\/nestor-_rego.png\",\"width\":720,\"height\":432,\"caption\":\"N\u00e9stor Rego\"},{\"@type\":\"BreadcrumbList\",\"@id\":\"https:\\\/\\\/www.anovapeneira.gal\\\/index.php\\\/2024\\\/10\\\/15\\\/rego-sobre-a-aprobacion-da-lei-ela-o-bng-sempre-contribue-a-mellorar-a-vida-da-xente\\\/#breadcrumb\",\"itemListElement\":[{\"@type\":\"ListItem\",\"position\":1,\"name\":\"Portada\",\"item\":\"https:\\\/\\\/www.anovapeneira.gal\\\/\"},{\"@type\":\"ListItem\",\"position\":2,\"name\":\"Rego sobre a aprobaci\u00f3n da Lei ELA: \u201cO BNG sempre contrib\u00fae a mellorar a vida da xente\u201d\"}]},{\"@type\":\"WebSite\",\"@id\":\"https:\\\/\\\/www.anovapeneira.gal\\\/#website\",\"url\":\"https:\\\/\\\/www.anovapeneira.gal\\\/\",\"name\":\"\",\"description\":\"Xornal galego de informaci\u00f3n xeral Publicaci\u00f3n mensual de novas de Galicia e en especial dos Concellos da sur da provincia de Pontevedra.\",\"publisher\":{\"@id\":\"https:\\\/\\\/www.anovapeneira.gal\\\/#organization\"},\"potentialAction\":[{\"@type\":\"SearchAction\",\"target\":{\"@type\":\"EntryPoint\",\"urlTemplate\":\"https:\\\/\\\/www.anovapeneira.gal\\\/?s={search_term_string}\"},\"query-input\":{\"@type\":\"PropertyValueSpecification\",\"valueRequired\":true,\"valueName\":\"search_term_string\"}}],\"inLanguage\":\"gl-ES\"},{\"@type\":\"Organization\",\"@id\":\"https:\\\/\\\/www.anovapeneira.gal\\\/#organization\",\"name\":\"A Nova Peneira\",\"url\":\"https:\\\/\\\/www.anovapeneira.gal\\\/\",\"logo\":{\"@type\":\"ImageObject\",\"inLanguage\":\"gl-ES\",\"@id\":\"https:\\\/\\\/www.anovapeneira.gal\\\/#\\\/schema\\\/logo\\\/image\\\/\",\"url\":\"http:\\\/\\\/www.anovapeneira.gal\\\/wp-content\\\/uploads\\\/2019\\\/06\\\/logo_a_nova_peneira_portal_web.png\",\"contentUrl\":\"http:\\\/\\\/www.anovapeneira.gal\\\/wp-content\\\/uploads\\\/2019\\\/06\\\/logo_a_nova_peneira_portal_web.png\",\"width\":300,\"height\":100,\"caption\":\"A Nova Peneira\"},\"image\":{\"@id\":\"https:\\\/\\\/www.anovapeneira.gal\\\/#\\\/schema\\\/logo\\\/image\\\/\"},\"sameAs\":[\"https:\\\/\\\/www.facebook.com\\\/anovapeneira\",\"https:\\\/\\\/x.com\\\/APeneira\"]},{\"@type\":\"Person\",\"@id\":\"https:\\\/\\\/www.anovapeneira.gal\\\/#\\\/schema\\\/person\\\/b93e3f8932e3f8da96334607eb6ac6aa\",\"name\":\"Redacci\u00f3n A Nova Peneira\",\"image\":{\"@type\":\"ImageObject\",\"inLanguage\":\"gl-ES\",\"@id\":\"https:\\\/\\\/secure.gravatar.com\\\/avatar\\\/c052a2551a06e23fac63626232eaa90abd78dbcf1700fc46a2b2c89fd27b735f?s=96&d=mm&r=g\",\"url\":\"https:\\\/\\\/secure.gravatar.com\\\/avatar\\\/c052a2551a06e23fac63626232eaa90abd78dbcf1700fc46a2b2c89fd27b735f?s=96&d=mm&r=g\",\"contentUrl\":\"https:\\\/\\\/secure.gravatar.com\\\/avatar\\\/c052a2551a06e23fac63626232eaa90abd78dbcf1700fc46a2b2c89fd27b735f?s=96&d=mm&r=g\",\"caption\":\"Redacci\u00f3n A Nova Peneira\"},\"sameAs\":[\"http:\\\/\\\/www.anovapeneira.gal\\\/\"],\"url\":\"https:\\\/\\\/www.anovapeneira.gal\\\/index.php\\\/author\\\/redactor\\\/\"}]}<\/script>\n<!-- \/ Yoast SEO plugin. -->","yoast_head_json":{"title":"Rego sobre a aprobaci\u00f3n da Lei ELA: \u201cO BNG sempre contrib\u00fae a mellorar a vida da xente\u201d -","robots":{"index":"index","follow":"follow","max-snippet":"max-snippet:-1","max-image-preview":"max-image-preview:large","max-video-preview":"max-video-preview:-1"},"canonical":"https:\/\/www.anovapeneira.gal\/index.php\/2024\/10\/15\/rego-sobre-a-aprobacion-da-lei-ela-o-bng-sempre-contribue-a-mellorar-a-vida-da-xente\/","og_locale":"gl_ES","og_type":"article","og_title":"Rego sobre a aprobaci\u00f3n da Lei ELA: \u201cO BNG sempre contrib\u00fae a mellorar a vida da xente\u201d -","og_description":"O BNG vota, tal e como sempre fixo durante estes anos, a favor na \u00faltima votaci\u00f3n no Congreso a Proposici\u00f3n de Lei para mellorar a calidade de vida das persoas con ELA [...]","og_url":"https:\/\/www.anovapeneira.gal\/index.php\/2024\/10\/15\/rego-sobre-a-aprobacion-da-lei-ela-o-bng-sempre-contribue-a-mellorar-a-vida-da-xente\/","article_publisher":"https:\/\/www.facebook.com\/anovapeneira","article_published_time":"2024-10-15T10:00:52+00:00","og_image":[{"width":720,"height":432,"url":"https:\/\/www.anovapeneira.gal\/wp-content\/uploads\/2024\/10\/nestor-_rego.png","type":"image\/png"}],"author":"Redacci\u00f3n A Nova Peneira","twitter_card":"summary_large_image","twitter_creator":"@APeneira","twitter_site":"@APeneira","twitter_misc":{"Escrito por":"Redacci\u00f3n A Nova Peneira","Tempo de lectura":"3 minutos"},"schema":{"@context":"https:\/\/schema.org","@graph":[{"@type":"Article","@id":"https:\/\/www.anovapeneira.gal\/index.php\/2024\/10\/15\/rego-sobre-a-aprobacion-da-lei-ela-o-bng-sempre-contribue-a-mellorar-a-vida-da-xente\/#article","isPartOf":{"@id":"https:\/\/www.anovapeneira.gal\/index.php\/2024\/10\/15\/rego-sobre-a-aprobacion-da-lei-ela-o-bng-sempre-contribue-a-mellorar-a-vida-da-xente\/"},"author":{"name":"Redacci\u00f3n A Nova Peneira","@id":"https:\/\/www.anovapeneira.gal\/#\/schema\/person\/b93e3f8932e3f8da96334607eb6ac6aa"},"headline":"Rego sobre a aprobaci\u00f3n da Lei ELA: \u201cO BNG sempre contrib\u00fae a mellorar a vida da xente\u201d","datePublished":"2024-10-15T10:00:52+00:00","mainEntityOfPage":{"@id":"https:\/\/www.anovapeneira.gal\/index.php\/2024\/10\/15\/rego-sobre-a-aprobacion-da-lei-ela-o-bng-sempre-contribue-a-mellorar-a-vida-da-xente\/"},"wordCount":387,"commentCount":0,"publisher":{"@id":"https:\/\/www.anovapeneira.gal\/#organization"},"image":{"@id":"https:\/\/www.anovapeneira.gal\/index.php\/2024\/10\/15\/rego-sobre-a-aprobacion-da-lei-ela-o-bng-sempre-contribue-a-mellorar-a-vida-da-xente\/#primaryimage"},"thumbnailUrl":"https:\/\/www.anovapeneira.gal\/wp-content\/uploads\/2024\/10\/nestor-_rego.png","keywords":["N\u00e9stor Rego"],"articleSection":["Novas"],"inLanguage":"gl-ES","potentialAction":[{"@type":"CommentAction","name":"Comment","target":["https:\/\/www.anovapeneira.gal\/index.php\/2024\/10\/15\/rego-sobre-a-aprobacion-da-lei-ela-o-bng-sempre-contribue-a-mellorar-a-vida-da-xente\/#respond"]}]},{"@type":"WebPage","@id":"https:\/\/www.anovapeneira.gal\/index.php\/2024\/10\/15\/rego-sobre-a-aprobacion-da-lei-ela-o-bng-sempre-contribue-a-mellorar-a-vida-da-xente\/","url":"https:\/\/www.anovapeneira.gal\/index.php\/2024\/10\/15\/rego-sobre-a-aprobacion-da-lei-ela-o-bng-sempre-contribue-a-mellorar-a-vida-da-xente\/","name":"Rego sobre a aprobaci\u00f3n da Lei ELA: \u201cO BNG sempre contrib\u00fae a mellorar a vida da xente\u201d -","isPartOf":{"@id":"https:\/\/www.anovapeneira.gal\/#website"},"primaryImageOfPage":{"@id":"https:\/\/www.anovapeneira.gal\/index.php\/2024\/10\/15\/rego-sobre-a-aprobacion-da-lei-ela-o-bng-sempre-contribue-a-mellorar-a-vida-da-xente\/#primaryimage"},"image":{"@id":"https:\/\/www.anovapeneira.gal\/index.php\/2024\/10\/15\/rego-sobre-a-aprobacion-da-lei-ela-o-bng-sempre-contribue-a-mellorar-a-vida-da-xente\/#primaryimage"},"thumbnailUrl":"https:\/\/www.anovapeneira.gal\/wp-content\/uploads\/2024\/10\/nestor-_rego.png","datePublished":"2024-10-15T10:00:52+00:00","breadcrumb":{"@id":"https:\/\/www.anovapeneira.gal\/index.php\/2024\/10\/15\/rego-sobre-a-aprobacion-da-lei-ela-o-bng-sempre-contribue-a-mellorar-a-vida-da-xente\/#breadcrumb"},"inLanguage":"gl-ES","potentialAction":[{"@type":"ReadAction","target":["https:\/\/www.anovapeneira.gal\/index.php\/2024\/10\/15\/rego-sobre-a-aprobacion-da-lei-ela-o-bng-sempre-contribue-a-mellorar-a-vida-da-xente\/"]}]},{"@type":"ImageObject","inLanguage":"gl-ES","@id":"https:\/\/www.anovapeneira.gal\/index.php\/2024\/10\/15\/rego-sobre-a-aprobacion-da-lei-ela-o-bng-sempre-contribue-a-mellorar-a-vida-da-xente\/#primaryimage","url":"https:\/\/www.anovapeneira.gal\/wp-content\/uploads\/2024\/10\/nestor-_rego.png","contentUrl":"https:\/\/www.anovapeneira.gal\/wp-content\/uploads\/2024\/10\/nestor-_rego.png","width":720,"height":432,"caption":"N\u00e9stor Rego"},{"@type":"BreadcrumbList","@id":"https:\/\/www.anovapeneira.gal\/index.php\/2024\/10\/15\/rego-sobre-a-aprobacion-da-lei-ela-o-bng-sempre-contribue-a-mellorar-a-vida-da-xente\/#breadcrumb","itemListElement":[{"@type":"ListItem","position":1,"name":"Portada","item":"https:\/\/www.anovapeneira.gal\/"},{"@type":"ListItem","position":2,"name":"Rego sobre a aprobaci\u00f3n da Lei ELA: \u201cO BNG sempre contrib\u00fae a mellorar a vida da xente\u201d"}]},{"@type":"WebSite","@id":"https:\/\/www.anovapeneira.gal\/#website","url":"https:\/\/www.anovapeneira.gal\/","name":"","description":"Xornal galego de informaci\u00f3n xeral Publicaci\u00f3n mensual de novas de Galicia e en especial dos Concellos da sur da provincia de Pontevedra.","publisher":{"@id":"https:\/\/www.anovapeneira.gal\/#organization"},"potentialAction":[{"@type":"SearchAction","target":{"@type":"EntryPoint","urlTemplate":"https:\/\/www.anovapeneira.gal\/?s={search_term_string}"},"query-input":{"@type":"PropertyValueSpecification","valueRequired":true,"valueName":"search_term_string"}}],"inLanguage":"gl-ES"},{"@type":"Organization","@id":"https:\/\/www.anovapeneira.gal\/#organization","name":"A Nova Peneira","url":"https:\/\/www.anovapeneira.gal\/","logo":{"@type":"ImageObject","inLanguage":"gl-ES","@id":"https:\/\/www.anovapeneira.gal\/#\/schema\/logo\/image\/","url":"http:\/\/www.anovapeneira.gal\/wp-content\/uploads\/2019\/06\/logo_a_nova_peneira_portal_web.png","contentUrl":"http:\/\/www.anovapeneira.gal\/wp-content\/uploads\/2019\/06\/logo_a_nova_peneira_portal_web.png","width":300,"height":100,"caption":"A Nova Peneira"},"image":{"@id":"https:\/\/www.anovapeneira.gal\/#\/schema\/logo\/image\/"},"sameAs":["https:\/\/www.facebook.com\/anovapeneira","https:\/\/x.com\/APeneira"]},{"@type":"Person","@id":"https:\/\/www.anovapeneira.gal\/#\/schema\/person\/b93e3f8932e3f8da96334607eb6ac6aa","name":"Redacci\u00f3n A Nova Peneira","image":{"@type":"ImageObject","inLanguage":"gl-ES","@id":"https:\/\/secure.gravatar.com\/avatar\/c052a2551a06e23fac63626232eaa90abd78dbcf1700fc46a2b2c89fd27b735f?s=96&d=mm&r=g","url":"https:\/\/secure.gravatar.com\/avatar\/c052a2551a06e23fac63626232eaa90abd78dbcf1700fc46a2b2c89fd27b735f?s=96&d=mm&r=g","contentUrl":"https:\/\/secure.gravatar.com\/avatar\/c052a2551a06e23fac63626232eaa90abd78dbcf1700fc46a2b2c89fd27b735f?s=96&d=mm&r=g","caption":"Redacci\u00f3n A Nova Peneira"},"sameAs":["http:\/\/www.anovapeneira.gal\/"],"url":"https:\/\/www.anovapeneira.gal\/index.php\/author\/redactor\/"}]}},"jetpack_featured_media_url":"https:\/\/www.anovapeneira.gal\/wp-content\/uploads\/2024\/10\/nestor-_rego.png","_links":{"self":[{"href":"https:\/\/www.anovapeneira.gal\/index.php\/wp-json\/wp\/v2\/posts\/12587","targetHints":{"allow":["GET"]}}],"collection":[{"href":"https:\/\/www.anovapeneira.gal\/index.php\/wp-json\/wp\/v2\/posts"}],"about":[{"href":"https:\/\/www.anovapeneira.gal\/index.php\/wp-json\/wp\/v2\/types\/post"}],"author":[{"embeddable":true,"href":"https:\/\/www.anovapeneira.gal\/index.php\/wp-json\/wp\/v2\/users\/3"}],"replies":[{"embeddable":true,"href":"https:\/\/www.anovapeneira.gal\/index.php\/wp-json\/wp\/v2\/comments?post=12587"}],"version-history":[{"count":1,"href":"https:\/\/www.anovapeneira.gal\/index.php\/wp-json\/wp\/v2\/posts\/12587\/revisions"}],"predecessor-version":[{"id":12589,"href":"https:\/\/www.anovapeneira.gal\/index.php\/wp-json\/wp\/v2\/posts\/12587\/revisions\/12589"}],"wp:featuredmedia":[{"embeddable":true,"href":"https:\/\/www.anovapeneira.gal\/index.php\/wp-json\/wp\/v2\/media\/12588"}],"wp:attachment":[{"href":"https:\/\/www.anovapeneira.gal\/index.php\/wp-json\/wp\/v2\/media?parent=12587"}],"wp:term":[{"taxonomy":"category","embeddable":true,"href":"https:\/\/www.anovapeneira.gal\/index.php\/wp-json\/wp\/v2\/categories?post=12587"},{"taxonomy":"post_tag","embeddable":true,"href":"https:\/\/www.anovapeneira.gal\/index.php\/wp-json\/wp\/v2\/tags?post=12587"}],"curies":[{"name":"wp","href":"https:\/\/api.w.org\/{rel}","templated":true}]}}