{"id":12590,"date":"2024-10-16T10:00:04","date_gmt":"2024-10-16T08:00:04","guid":{"rendered":"https:\/\/www.anovapeneira.gal\/?p=12590"},"modified":"2024-10-11T20:11:24","modified_gmt":"2024-10-11T18:11:24","slug":"diptico-de-aqui-e-acola","status":"publish","type":"post","link":"https:\/\/www.anovapeneira.gal\/index.php\/2024\/10\/16\/diptico-de-aqui-e-acola\/","title":{"rendered":"D\u00edptico de aqu\u00ed e acol\u00e1"},"content":{"rendered":"\n<p>Mallando en ferro fr\u00edo<\/p>\n\n\n\n<figure class=\"wp-block-image size-full is-resized\"><img loading=\"lazy\" decoding=\"async\" width=\"190\" height=\"222\" src=\"https:\/\/www.anovapeneira.gal\/wp-content\/uploads\/2019\/07\/moncho_lareu_a_nova_peneira_bn.jpg\" alt=\"\" class=\"wp-image-751\" style=\"width:128px;height:auto\"\/><figcaption class=\"wp-element-caption\">Moncho Lareu. Militante independista<\/figcaption><\/figure>\n\n\n\n<p>Despois de deixarse os dentes intentando ser Presidente, Fraga Iribarne retirouse aqu\u00ed creando a s\u00faa so\u00f1ada \u201cBaviera do sur de Europa\u201d. Vernizou o seu pasado fascista cun galeguismo moderado e folcl\u00f3rico co que conseguiu unificar todas as familias da dereita galaica. E as\u00ed, cunha rede clientelar caciquil forxada durante d\u00e9cadas e co control absoluto dos medios de comunicaci\u00f3n p\u00fablicos e privados, fundamentou o seu reinado. Converteu o PPdG nun Partido-Administraci\u00f3n e nunha maquinaria electoral invenc\u00edbel. O seu delf\u00edn Feij\u00f3o herdouno e o primeiro que fixo foi ir desvest\u00edndoo de calquera m\u00e1cula galeguista. Rueda, directamente, v\u00e9n de mobilizarse cos galeg\u00f3fobos de Galicia Biling\u00fce.<\/p>\n\n\n\n<p>Hai quen di que deste xeito, Rueda ser\u00eda o t\u00edpico neto que fulmina por excesos e neglixencias a empresa herdada do av\u00f3 (Fraga). As enquisas e os resultados electorais din o contrario. Malia a desgaleguizaci\u00f3n do PPdeG iniciada por Feij\u00f3o e continuada por Rueda, a s\u00faa hexemon\u00eda pol\u00edtica electoral non se ve ameazada. Goza de boa sa\u00fade. O votante medio da dereita en Galiza vaise desgaleguizando e os m\u00e1is \u201cgaleguistas\u201d seguen fieis e non se ven atra\u00eddos pola moderaci\u00f3n neoquintanista do BNG e moito menos por un PSdeG que muda de l\u00edder a cada pouco. A fascinaci\u00f3n con Pont\u00f3n \u00e9 de autoconsumo: apenas penetrou na base do PSdeG e non resta nin un s\u00f3 voto ao PPdeG. \u00c9 limitada \u00e1 burbulla.<\/p>\n\n\n\n<p>A oposici\u00f3n ou non existe ou malla en ferro fr\u00edo. \u00c9 est\u00e9ril. Non hai futuro coa v\u00eda electoral, s\u00f3 existe a v\u00eda da organizaci\u00f3n e a rebeli\u00f3n popular. Pero a (auto)organizaci\u00f3n popular quedou arrasada e a mobilizaci\u00f3n est\u00e1 castrada e secuestrada polo nacional-autonomismo e a falsa esquerda. As folgas estudant\u00eds, lideradas polos sindicatos do BNG e da esquerda estatal, son un rotundo fracaso. A hexemon\u00eda sindical do nacionalismo non se reflicte nas r\u00faas. Os movementos sociais non se est\u00e1n a coordinar e vai cada un polo seu lado. Para vencer \u00e1 dereita, para derrotar aos caciques, para expulsar \u00e1 oligarqu\u00eda&#8230;, c\u00f3mpre organizaci\u00f3n popular, unidade de clase, un Programa claro, medios propios e mobilizaci\u00f3n continua.<\/p>\n\n\n\n<p>Corruptia, capital Madrid<\/p>\n\n\n\n<p>Acol\u00e1. A pol\u00edtica espa\u00f1ola estase a converter nun carrusel de lixo, restroballo e lidro. Os medios conservadores enchen p\u00e1xinas a falar da corrupci\u00f3n do PSOE. Os medios progresistas fan o propio a falar da corrupci\u00f3n do PP. Uns fan unha lista innumer\u00e1bel para destacar as corruptelas dos de Ferraz, outros fan o mesmo coa infinita listaxe dos de G\u00e9nova. Pelexan por ver quen \u00e9 m\u00e1is ladr\u00f3n. B\u00f3tanse merda os uns aos outros. Miramos a Tellado sinalando a corrupci\u00f3n allea e pensamos que se meteu o demo a predicador. Os dous partidos m\u00e1is ladr\u00f3ns e corruptos de toda Europa occidental fiscaliz\u00e1ndose entre si coa colaboraci\u00f3n dos medios e dos xu\u00edces. O esperpento valleinclanesco no seu m\u00e1ximo apoxeo.<\/p>\n\n\n\n<p>Ao final, todo este espect\u00e1culo lament\u00e1bel evidencia un facto: o r\u00e9xime espa\u00f1ol \u00e9 intrinsecamente corrupto. O alicerce fundamental de Espa\u00f1a, dende que existe, \u00e9 a corrupci\u00f3n. Os dous partidos que sustentan o r\u00e9xime, altern\u00e1ndose no poder, son corruptos. O sistema medi\u00e1tico espa\u00f1ol \u00e9 manipulador e corrupto. O poder xudicial \u00e9 ultra, elitista e corrupto. A xefatura do estado, ostentada por unha dinast\u00eda abomin\u00e1bel, \u00e9 parasitaria e completamente corrupta. As grandes empresas e os grandes magnates, as oligarqu\u00edas, as estirpes de m\u00faltiples apelidos&#8230; todos, todas, son unha maquinaria tremendamente corrupta. Espa\u00f1a non se deber\u00eda chamar Espa\u00f1a, deberia chamarse Corruptia. E n\u00f3s non deberiamos pertencer a isto.<\/p>\n","protected":false},"excerpt":{"rendered":"<div class=\"mh-excerpt\"><p>Despois de deixarse os dentes intentando ser Presidente, Fraga Iribarne retirouse aqu\u00ed creando a s\u00faa so\u00f1ada \u201cBaviera do sur de Europa\u201d. Vernizou o seu pasado fascista cun galeguismo moderado e folcl\u00f3rico co que conseguiu unificar todas as familias da dereita galaica <a class=\"mh-excerpt-more\" href=\"https:\/\/www.anovapeneira.gal\/index.php\/2024\/10\/16\/diptico-de-aqui-e-acola\/\" title=\"D\u00edptico de aqu\u00ed e acol\u00e1\">[&#8230;]<\/a><\/p>\n<\/div>","protected":false},"author":20,"featured_media":584,"comment_status":"open","ping_status":"open","sticky":false,"template":"","format":"standard","meta":{"_exactmetrics_skip_tracking":false,"_exactmetrics_sitenote_active":false,"_exactmetrics_sitenote_note":"","_exactmetrics_sitenote_category":0,"footnotes":""},"categories":[7],"tags":[],"class_list":{"0":"post-12590","1":"post","2":"type-post","3":"status-publish","4":"format-standard","5":"has-post-thumbnail","7":"category-artigos-de-opinion"},"yoast_head":"<!-- This site is optimized with the Yoast SEO plugin v27.4 - https:\/\/yoast.com\/product\/yoast-seo-wordpress\/ -->\n<title>D\u00edptico de aqu\u00ed e acol\u00e1 -<\/title>\n<meta name=\"robots\" content=\"index, follow, max-snippet:-1, max-image-preview:large, max-video-preview:-1\" \/>\n<link rel=\"canonical\" href=\"https:\/\/www.anovapeneira.gal\/index.php\/2024\/10\/16\/diptico-de-aqui-e-acola\/\" \/>\n<meta property=\"og:locale\" content=\"gl_ES\" \/>\n<meta property=\"og:type\" content=\"article\" \/>\n<meta property=\"og:title\" content=\"D\u00edptico de aqu\u00ed e acol\u00e1 -\" \/>\n<meta property=\"og:description\" content=\"Despois de deixarse os dentes intentando ser Presidente, Fraga Iribarne retirouse aqu\u00ed creando a s\u00faa so\u00f1ada \u201cBaviera do sur de Europa\u201d. Vernizou o seu pasado fascista cun galeguismo moderado e folcl\u00f3rico co que conseguiu unificar todas as familias da dereita galaica [...]\" \/>\n<meta property=\"og:url\" content=\"https:\/\/www.anovapeneira.gal\/index.php\/2024\/10\/16\/diptico-de-aqui-e-acola\/\" \/>\n<meta property=\"article:publisher\" content=\"https:\/\/www.facebook.com\/anovapeneira\" \/>\n<meta property=\"article:published_time\" content=\"2024-10-16T08:00:04+00:00\" \/>\n<meta property=\"og:image\" content=\"https:\/\/www.anovapeneira.gal\/wp-content\/uploads\/2019\/07\/ARTIGO_DE_OPINION_A_NOVA_PENEIRA.jpg\" \/>\n\t<meta property=\"og:image:width\" content=\"720\" \/>\n\t<meta property=\"og:image:height\" content=\"473\" \/>\n\t<meta property=\"og:image:type\" content=\"image\/jpeg\" \/>\n<meta name=\"author\" content=\"Moncho Lareu\" \/>\n<meta name=\"twitter:card\" content=\"summary_large_image\" \/>\n<meta name=\"twitter:image\" content=\"https:\/\/www.anovapeneira.gal\/wp-content\/uploads\/2019\/07\/ARTIGO_DE_OPINION_A_NOVA_PENEIRA.jpg\" \/>\n<meta name=\"twitter:creator\" content=\"@APeneira\" \/>\n<meta name=\"twitter:site\" content=\"@APeneira\" \/>\n<meta name=\"twitter:label1\" content=\"Escrito por\" \/>\n\t<meta name=\"twitter:data1\" content=\"Moncho Lareu\" \/>\n\t<meta name=\"twitter:label2\" content=\"Tempo de lectura\" \/>\n\t<meta name=\"twitter:data2\" content=\"4 minutos\" \/>\n<script type=\"application\/ld+json\" class=\"yoast-schema-graph\">{\"@context\":\"https:\\\/\\\/schema.org\",\"@graph\":[{\"@type\":\"Article\",\"@id\":\"https:\\\/\\\/www.anovapeneira.gal\\\/index.php\\\/2024\\\/10\\\/16\\\/diptico-de-aqui-e-acola\\\/#article\",\"isPartOf\":{\"@id\":\"https:\\\/\\\/www.anovapeneira.gal\\\/index.php\\\/2024\\\/10\\\/16\\\/diptico-de-aqui-e-acola\\\/\"},\"author\":{\"name\":\"Moncho Lareu\",\"@id\":\"https:\\\/\\\/www.anovapeneira.gal\\\/#\\\/schema\\\/person\\\/3df7d3e1f38ddcee2ddb9d0bee1a0628\"},\"headline\":\"D\u00edptico de aqu\u00ed e acol\u00e1\",\"datePublished\":\"2024-10-16T08:00:04+00:00\",\"mainEntityOfPage\":{\"@id\":\"https:\\\/\\\/www.anovapeneira.gal\\\/index.php\\\/2024\\\/10\\\/16\\\/diptico-de-aqui-e-acola\\\/\"},\"wordCount\":646,\"commentCount\":0,\"publisher\":{\"@id\":\"https:\\\/\\\/www.anovapeneira.gal\\\/#organization\"},\"image\":{\"@id\":\"https:\\\/\\\/www.anovapeneira.gal\\\/index.php\\\/2024\\\/10\\\/16\\\/diptico-de-aqui-e-acola\\\/#primaryimage\"},\"thumbnailUrl\":\"https:\\\/\\\/www.anovapeneira.gal\\\/wp-content\\\/uploads\\\/2019\\\/07\\\/ARTIGO_DE_OPINION_A_NOVA_PENEIRA.jpg\",\"articleSection\":[\"Artigos de opini\u00f3n\"],\"inLanguage\":\"gl-ES\",\"potentialAction\":[{\"@type\":\"CommentAction\",\"name\":\"Comment\",\"target\":[\"https:\\\/\\\/www.anovapeneira.gal\\\/index.php\\\/2024\\\/10\\\/16\\\/diptico-de-aqui-e-acola\\\/#respond\"]}]},{\"@type\":\"WebPage\",\"@id\":\"https:\\\/\\\/www.anovapeneira.gal\\\/index.php\\\/2024\\\/10\\\/16\\\/diptico-de-aqui-e-acola\\\/\",\"url\":\"https:\\\/\\\/www.anovapeneira.gal\\\/index.php\\\/2024\\\/10\\\/16\\\/diptico-de-aqui-e-acola\\\/\",\"name\":\"D\u00edptico de aqu\u00ed e acol\u00e1 -\",\"isPartOf\":{\"@id\":\"https:\\\/\\\/www.anovapeneira.gal\\\/#website\"},\"primaryImageOfPage\":{\"@id\":\"https:\\\/\\\/www.anovapeneira.gal\\\/index.php\\\/2024\\\/10\\\/16\\\/diptico-de-aqui-e-acola\\\/#primaryimage\"},\"image\":{\"@id\":\"https:\\\/\\\/www.anovapeneira.gal\\\/index.php\\\/2024\\\/10\\\/16\\\/diptico-de-aqui-e-acola\\\/#primaryimage\"},\"thumbnailUrl\":\"https:\\\/\\\/www.anovapeneira.gal\\\/wp-content\\\/uploads\\\/2019\\\/07\\\/ARTIGO_DE_OPINION_A_NOVA_PENEIRA.jpg\",\"datePublished\":\"2024-10-16T08:00:04+00:00\",\"breadcrumb\":{\"@id\":\"https:\\\/\\\/www.anovapeneira.gal\\\/index.php\\\/2024\\\/10\\\/16\\\/diptico-de-aqui-e-acola\\\/#breadcrumb\"},\"inLanguage\":\"gl-ES\",\"potentialAction\":[{\"@type\":\"ReadAction\",\"target\":[\"https:\\\/\\\/www.anovapeneira.gal\\\/index.php\\\/2024\\\/10\\\/16\\\/diptico-de-aqui-e-acola\\\/\"]}]},{\"@type\":\"ImageObject\",\"inLanguage\":\"gl-ES\",\"@id\":\"https:\\\/\\\/www.anovapeneira.gal\\\/index.php\\\/2024\\\/10\\\/16\\\/diptico-de-aqui-e-acola\\\/#primaryimage\",\"url\":\"https:\\\/\\\/www.anovapeneira.gal\\\/wp-content\\\/uploads\\\/2019\\\/07\\\/ARTIGO_DE_OPINION_A_NOVA_PENEIRA.jpg\",\"contentUrl\":\"https:\\\/\\\/www.anovapeneira.gal\\\/wp-content\\\/uploads\\\/2019\\\/07\\\/ARTIGO_DE_OPINION_A_NOVA_PENEIRA.jpg\",\"width\":720,\"height\":473,\"caption\":\"Artigo de opini\u00f3n A Nova Peneira\"},{\"@type\":\"BreadcrumbList\",\"@id\":\"https:\\\/\\\/www.anovapeneira.gal\\\/index.php\\\/2024\\\/10\\\/16\\\/diptico-de-aqui-e-acola\\\/#breadcrumb\",\"itemListElement\":[{\"@type\":\"ListItem\",\"position\":1,\"name\":\"Portada\",\"item\":\"https:\\\/\\\/www.anovapeneira.gal\\\/\"},{\"@type\":\"ListItem\",\"position\":2,\"name\":\"D\u00edptico de aqu\u00ed e acol\u00e1\"}]},{\"@type\":\"WebSite\",\"@id\":\"https:\\\/\\\/www.anovapeneira.gal\\\/#website\",\"url\":\"https:\\\/\\\/www.anovapeneira.gal\\\/\",\"name\":\"\",\"description\":\"Xornal galego de informaci\u00f3n xeral Publicaci\u00f3n mensual de novas de Galicia e en especial dos Concellos da sur da provincia de Pontevedra.\",\"publisher\":{\"@id\":\"https:\\\/\\\/www.anovapeneira.gal\\\/#organization\"},\"potentialAction\":[{\"@type\":\"SearchAction\",\"target\":{\"@type\":\"EntryPoint\",\"urlTemplate\":\"https:\\\/\\\/www.anovapeneira.gal\\\/?s={search_term_string}\"},\"query-input\":{\"@type\":\"PropertyValueSpecification\",\"valueRequired\":true,\"valueName\":\"search_term_string\"}}],\"inLanguage\":\"gl-ES\"},{\"@type\":\"Organization\",\"@id\":\"https:\\\/\\\/www.anovapeneira.gal\\\/#organization\",\"name\":\"A Nova Peneira\",\"url\":\"https:\\\/\\\/www.anovapeneira.gal\\\/\",\"logo\":{\"@type\":\"ImageObject\",\"inLanguage\":\"gl-ES\",\"@id\":\"https:\\\/\\\/www.anovapeneira.gal\\\/#\\\/schema\\\/logo\\\/image\\\/\",\"url\":\"http:\\\/\\\/www.anovapeneira.gal\\\/wp-content\\\/uploads\\\/2019\\\/06\\\/logo_a_nova_peneira_portal_web.png\",\"contentUrl\":\"http:\\\/\\\/www.anovapeneira.gal\\\/wp-content\\\/uploads\\\/2019\\\/06\\\/logo_a_nova_peneira_portal_web.png\",\"width\":300,\"height\":100,\"caption\":\"A Nova Peneira\"},\"image\":{\"@id\":\"https:\\\/\\\/www.anovapeneira.gal\\\/#\\\/schema\\\/logo\\\/image\\\/\"},\"sameAs\":[\"https:\\\/\\\/www.facebook.com\\\/anovapeneira\",\"https:\\\/\\\/x.com\\\/APeneira\"]},{\"@type\":\"Person\",\"@id\":\"https:\\\/\\\/www.anovapeneira.gal\\\/#\\\/schema\\\/person\\\/3df7d3e1f38ddcee2ddb9d0bee1a0628\",\"name\":\"Moncho Lareu\",\"image\":{\"@type\":\"ImageObject\",\"inLanguage\":\"gl-ES\",\"@id\":\"https:\\\/\\\/secure.gravatar.com\\\/avatar\\\/47b1711433a3b83d9747992d63c05708f734f76ad2d588ae93638a06737a5471?s=96&d=mm&r=g\",\"url\":\"https:\\\/\\\/secure.gravatar.com\\\/avatar\\\/47b1711433a3b83d9747992d63c05708f734f76ad2d588ae93638a06737a5471?s=96&d=mm&r=g\",\"contentUrl\":\"https:\\\/\\\/secure.gravatar.com\\\/avatar\\\/47b1711433a3b83d9747992d63c05708f734f76ad2d588ae93638a06737a5471?s=96&d=mm&r=g\",\"caption\":\"Moncho Lareu\"},\"sameAs\":[\"http:\\\/\\\/www.anovapeneira.gal\\\/\"],\"url\":\"https:\\\/\\\/www.anovapeneira.gal\\\/index.php\\\/author\\\/moncho-lareu\\\/\"}]}<\/script>\n<!-- \/ Yoast SEO plugin. -->","yoast_head_json":{"title":"D\u00edptico de aqu\u00ed e acol\u00e1 -","robots":{"index":"index","follow":"follow","max-snippet":"max-snippet:-1","max-image-preview":"max-image-preview:large","max-video-preview":"max-video-preview:-1"},"canonical":"https:\/\/www.anovapeneira.gal\/index.php\/2024\/10\/16\/diptico-de-aqui-e-acola\/","og_locale":"gl_ES","og_type":"article","og_title":"D\u00edptico de aqu\u00ed e acol\u00e1 -","og_description":"Despois de deixarse os dentes intentando ser Presidente, Fraga Iribarne retirouse aqu\u00ed creando a s\u00faa so\u00f1ada \u201cBaviera do sur de Europa\u201d. Vernizou o seu pasado fascista cun galeguismo moderado e folcl\u00f3rico co que conseguiu unificar todas as familias da dereita galaica [...]","og_url":"https:\/\/www.anovapeneira.gal\/index.php\/2024\/10\/16\/diptico-de-aqui-e-acola\/","article_publisher":"https:\/\/www.facebook.com\/anovapeneira","article_published_time":"2024-10-16T08:00:04+00:00","og_image":[{"width":720,"height":473,"url":"https:\/\/www.anovapeneira.gal\/wp-content\/uploads\/2019\/07\/ARTIGO_DE_OPINION_A_NOVA_PENEIRA.jpg","type":"image\/jpeg"}],"author":"Moncho Lareu","twitter_card":"summary_large_image","twitter_image":"https:\/\/www.anovapeneira.gal\/wp-content\/uploads\/2019\/07\/ARTIGO_DE_OPINION_A_NOVA_PENEIRA.jpg","twitter_creator":"@APeneira","twitter_site":"@APeneira","twitter_misc":{"Escrito por":"Moncho Lareu","Tempo de lectura":"4 minutos"},"schema":{"@context":"https:\/\/schema.org","@graph":[{"@type":"Article","@id":"https:\/\/www.anovapeneira.gal\/index.php\/2024\/10\/16\/diptico-de-aqui-e-acola\/#article","isPartOf":{"@id":"https:\/\/www.anovapeneira.gal\/index.php\/2024\/10\/16\/diptico-de-aqui-e-acola\/"},"author":{"name":"Moncho Lareu","@id":"https:\/\/www.anovapeneira.gal\/#\/schema\/person\/3df7d3e1f38ddcee2ddb9d0bee1a0628"},"headline":"D\u00edptico de aqu\u00ed e acol\u00e1","datePublished":"2024-10-16T08:00:04+00:00","mainEntityOfPage":{"@id":"https:\/\/www.anovapeneira.gal\/index.php\/2024\/10\/16\/diptico-de-aqui-e-acola\/"},"wordCount":646,"commentCount":0,"publisher":{"@id":"https:\/\/www.anovapeneira.gal\/#organization"},"image":{"@id":"https:\/\/www.anovapeneira.gal\/index.php\/2024\/10\/16\/diptico-de-aqui-e-acola\/#primaryimage"},"thumbnailUrl":"https:\/\/www.anovapeneira.gal\/wp-content\/uploads\/2019\/07\/ARTIGO_DE_OPINION_A_NOVA_PENEIRA.jpg","articleSection":["Artigos de opini\u00f3n"],"inLanguage":"gl-ES","potentialAction":[{"@type":"CommentAction","name":"Comment","target":["https:\/\/www.anovapeneira.gal\/index.php\/2024\/10\/16\/diptico-de-aqui-e-acola\/#respond"]}]},{"@type":"WebPage","@id":"https:\/\/www.anovapeneira.gal\/index.php\/2024\/10\/16\/diptico-de-aqui-e-acola\/","url":"https:\/\/www.anovapeneira.gal\/index.php\/2024\/10\/16\/diptico-de-aqui-e-acola\/","name":"D\u00edptico de aqu\u00ed e acol\u00e1 -","isPartOf":{"@id":"https:\/\/www.anovapeneira.gal\/#website"},"primaryImageOfPage":{"@id":"https:\/\/www.anovapeneira.gal\/index.php\/2024\/10\/16\/diptico-de-aqui-e-acola\/#primaryimage"},"image":{"@id":"https:\/\/www.anovapeneira.gal\/index.php\/2024\/10\/16\/diptico-de-aqui-e-acola\/#primaryimage"},"thumbnailUrl":"https:\/\/www.anovapeneira.gal\/wp-content\/uploads\/2019\/07\/ARTIGO_DE_OPINION_A_NOVA_PENEIRA.jpg","datePublished":"2024-10-16T08:00:04+00:00","breadcrumb":{"@id":"https:\/\/www.anovapeneira.gal\/index.php\/2024\/10\/16\/diptico-de-aqui-e-acola\/#breadcrumb"},"inLanguage":"gl-ES","potentialAction":[{"@type":"ReadAction","target":["https:\/\/www.anovapeneira.gal\/index.php\/2024\/10\/16\/diptico-de-aqui-e-acola\/"]}]},{"@type":"ImageObject","inLanguage":"gl-ES","@id":"https:\/\/www.anovapeneira.gal\/index.php\/2024\/10\/16\/diptico-de-aqui-e-acola\/#primaryimage","url":"https:\/\/www.anovapeneira.gal\/wp-content\/uploads\/2019\/07\/ARTIGO_DE_OPINION_A_NOVA_PENEIRA.jpg","contentUrl":"https:\/\/www.anovapeneira.gal\/wp-content\/uploads\/2019\/07\/ARTIGO_DE_OPINION_A_NOVA_PENEIRA.jpg","width":720,"height":473,"caption":"Artigo de opini\u00f3n A Nova Peneira"},{"@type":"BreadcrumbList","@id":"https:\/\/www.anovapeneira.gal\/index.php\/2024\/10\/16\/diptico-de-aqui-e-acola\/#breadcrumb","itemListElement":[{"@type":"ListItem","position":1,"name":"Portada","item":"https:\/\/www.anovapeneira.gal\/"},{"@type":"ListItem","position":2,"name":"D\u00edptico de aqu\u00ed e acol\u00e1"}]},{"@type":"WebSite","@id":"https:\/\/www.anovapeneira.gal\/#website","url":"https:\/\/www.anovapeneira.gal\/","name":"","description":"Xornal galego de informaci\u00f3n xeral Publicaci\u00f3n mensual de novas de Galicia e en especial dos Concellos da sur da provincia de Pontevedra.","publisher":{"@id":"https:\/\/www.anovapeneira.gal\/#organization"},"potentialAction":[{"@type":"SearchAction","target":{"@type":"EntryPoint","urlTemplate":"https:\/\/www.anovapeneira.gal\/?s={search_term_string}"},"query-input":{"@type":"PropertyValueSpecification","valueRequired":true,"valueName":"search_term_string"}}],"inLanguage":"gl-ES"},{"@type":"Organization","@id":"https:\/\/www.anovapeneira.gal\/#organization","name":"A Nova Peneira","url":"https:\/\/www.anovapeneira.gal\/","logo":{"@type":"ImageObject","inLanguage":"gl-ES","@id":"https:\/\/www.anovapeneira.gal\/#\/schema\/logo\/image\/","url":"http:\/\/www.anovapeneira.gal\/wp-content\/uploads\/2019\/06\/logo_a_nova_peneira_portal_web.png","contentUrl":"http:\/\/www.anovapeneira.gal\/wp-content\/uploads\/2019\/06\/logo_a_nova_peneira_portal_web.png","width":300,"height":100,"caption":"A Nova Peneira"},"image":{"@id":"https:\/\/www.anovapeneira.gal\/#\/schema\/logo\/image\/"},"sameAs":["https:\/\/www.facebook.com\/anovapeneira","https:\/\/x.com\/APeneira"]},{"@type":"Person","@id":"https:\/\/www.anovapeneira.gal\/#\/schema\/person\/3df7d3e1f38ddcee2ddb9d0bee1a0628","name":"Moncho Lareu","image":{"@type":"ImageObject","inLanguage":"gl-ES","@id":"https:\/\/secure.gravatar.com\/avatar\/47b1711433a3b83d9747992d63c05708f734f76ad2d588ae93638a06737a5471?s=96&d=mm&r=g","url":"https:\/\/secure.gravatar.com\/avatar\/47b1711433a3b83d9747992d63c05708f734f76ad2d588ae93638a06737a5471?s=96&d=mm&r=g","contentUrl":"https:\/\/secure.gravatar.com\/avatar\/47b1711433a3b83d9747992d63c05708f734f76ad2d588ae93638a06737a5471?s=96&d=mm&r=g","caption":"Moncho Lareu"},"sameAs":["http:\/\/www.anovapeneira.gal\/"],"url":"https:\/\/www.anovapeneira.gal\/index.php\/author\/moncho-lareu\/"}]}},"jetpack_featured_media_url":"https:\/\/www.anovapeneira.gal\/wp-content\/uploads\/2019\/07\/ARTIGO_DE_OPINION_A_NOVA_PENEIRA.jpg","_links":{"self":[{"href":"https:\/\/www.anovapeneira.gal\/index.php\/wp-json\/wp\/v2\/posts\/12590","targetHints":{"allow":["GET"]}}],"collection":[{"href":"https:\/\/www.anovapeneira.gal\/index.php\/wp-json\/wp\/v2\/posts"}],"about":[{"href":"https:\/\/www.anovapeneira.gal\/index.php\/wp-json\/wp\/v2\/types\/post"}],"author":[{"embeddable":true,"href":"https:\/\/www.anovapeneira.gal\/index.php\/wp-json\/wp\/v2\/users\/20"}],"replies":[{"embeddable":true,"href":"https:\/\/www.anovapeneira.gal\/index.php\/wp-json\/wp\/v2\/comments?post=12590"}],"version-history":[{"count":2,"href":"https:\/\/www.anovapeneira.gal\/index.php\/wp-json\/wp\/v2\/posts\/12590\/revisions"}],"predecessor-version":[{"id":12592,"href":"https:\/\/www.anovapeneira.gal\/index.php\/wp-json\/wp\/v2\/posts\/12590\/revisions\/12592"}],"wp:featuredmedia":[{"embeddable":true,"href":"https:\/\/www.anovapeneira.gal\/index.php\/wp-json\/wp\/v2\/media\/584"}],"wp:attachment":[{"href":"https:\/\/www.anovapeneira.gal\/index.php\/wp-json\/wp\/v2\/media?parent=12590"}],"wp:term":[{"taxonomy":"category","embeddable":true,"href":"https:\/\/www.anovapeneira.gal\/index.php\/wp-json\/wp\/v2\/categories?post=12590"},{"taxonomy":"post_tag","embeddable":true,"href":"https:\/\/www.anovapeneira.gal\/index.php\/wp-json\/wp\/v2\/tags?post=12590"}],"curies":[{"name":"wp","href":"https:\/\/api.w.org\/{rel}","templated":true}]}}