{"id":12593,"date":"2024-10-16T12:00:37","date_gmt":"2024-10-16T10:00:37","guid":{"rendered":"https:\/\/www.anovapeneira.gal\/?p=12593"},"modified":"2024-10-14T12:54:10","modified_gmt":"2024-10-14T10:54:10","slug":"o-psdeg-psoe-de-salvaterra-de-mino-lamenta-a-perda-de-servizo-de-orientacion-laboral","status":"publish","type":"post","link":"https:\/\/www.anovapeneira.gal\/index.php\/2024\/10\/16\/o-psdeg-psoe-de-salvaterra-de-mino-lamenta-a-perda-de-servizo-de-orientacion-laboral\/","title":{"rendered":"O PSdeG- PSOE de Salvaterra de Mi\u00f1o lamenta a perda de servizo de orientaci\u00f3n laboral"},"content":{"rendered":"\n<h2 class=\"wp-block-heading\">O grupo municipal preguntou no pasado pleno ordinario que \u00eda acontecer con ese servizo que nas s\u00faas redes sociais pu\u00f1a que o servizo estaba interrompido ata novo aviso.<\/h2>\n\n\n\n<p><strong>Salvaterra de Mi\u00f1o 10 de outubro de 2024<\/strong><\/p>\n\n\n\n<p>O grupo municipal socialista no pasado Pleno ordinario, preguntou que \u00eda suceder co servizo de orientaci\u00f3n laboral, xa que na s\u00faa conta de Facebook indicaba que non se prestaba o servizo ata novo aviso.<\/p>\n\n\n\n<p>Os socialistas indagamos nas subvenci\u00f3ns concedidas para este servizo que saca a Xunta de Galicia todos os anos e observamos como ao Concello de Salvaterra se lle concedeu dita subvenci\u00f3n por un importe de 27.999\u20ac para a contrataci\u00f3n de persoal que atendera o servizo de Orientaci\u00f3n Laboral.<\/p>\n\n\n\n<p>Para sorpresa dos socialistas a resposta da alcald\u00eda dada no Pleno, e por d\u00faas veces \u201ctemos que ver\u201d ou \u201ctemos que estudiar\u201d.<\/p>\n\n\n\n<p>O portavoz municipal, F\u00e9lix Gonz\u00e1lez, sinala que temos unha taxa de paro de arredor dun 12%, polo que non podemos deixar de ofrecer un servizo de axuda aos cidad\u00e1ns ou relegalos a estes a que utilicen o serivzo en Ponteareas, Mondariz ou Salceda de Caselas.<\/p>\n\n\n\n<p>Os socialistas estamos incr\u00e9dulos, por deixar perder unha subvenci\u00f3n xa concedida no mes de xullo, polo que tiveron tempo de sacar as bases, convocar o tribunal e dar tempo aos posibles candidatos e candidatas inscribirse a participar neste proceso que ofrece un servizo a cidadan\u00eda.<\/p>\n\n\n\n<p>Con esta decisi\u00f3n ponse de manifesto que o equipo de goberno est\u00e1 a outras cousas e non aos problemas reais da xente, finaliza o seu portavoz municipal.<\/p>\n","protected":false},"excerpt":{"rendered":"<div class=\"mh-excerpt\"><p>O grupo municipal preguntou no pasado pleno ordinario que \u00eda acontecer con ese servizo que nas s\u00faas redes sociais pu\u00f1a que o servizo estaba interrompido ata novo aviso <a class=\"mh-excerpt-more\" href=\"https:\/\/www.anovapeneira.gal\/index.php\/2024\/10\/16\/o-psdeg-psoe-de-salvaterra-de-mino-lamenta-a-perda-de-servizo-de-orientacion-laboral\/\" title=\"O PSdeG- PSOE de Salvaterra de Mi\u00f1o lamenta a perda de servizo de orientaci\u00f3n laboral\">[&#8230;]<\/a><\/p>\n<\/div>","protected":false},"author":3,"featured_media":5779,"comment_status":"open","ping_status":"open","sticky":false,"template":"","format":"standard","meta":{"_exactmetrics_skip_tracking":false,"_exactmetrics_sitenote_active":false,"_exactmetrics_sitenote_note":"","_exactmetrics_sitenote_category":0,"footnotes":""},"categories":[25],"tags":[1300],"class_list":{"0":"post-12593","1":"post","2":"type-post","3":"status-publish","4":"format-standard","5":"has-post-thumbnail","7":"category-condado","8":"tag-concello-de-salvaterra-de-mino"},"yoast_head":"<!-- This site is optimized with the Yoast SEO plugin v27.4 - https:\/\/yoast.com\/product\/yoast-seo-wordpress\/ -->\n<title>O PSdeG- PSOE de Salvaterra de Mi\u00f1o lamenta a perda de servizo de orientaci\u00f3n laboral -<\/title>\n<meta name=\"robots\" content=\"index, follow, max-snippet:-1, max-image-preview:large, max-video-preview:-1\" \/>\n<link rel=\"canonical\" href=\"https:\/\/www.anovapeneira.gal\/index.php\/2024\/10\/16\/o-psdeg-psoe-de-salvaterra-de-mino-lamenta-a-perda-de-servizo-de-orientacion-laboral\/\" \/>\n<meta property=\"og:locale\" content=\"gl_ES\" \/>\n<meta property=\"og:type\" content=\"article\" \/>\n<meta property=\"og:title\" content=\"O PSdeG- PSOE de Salvaterra de Mi\u00f1o lamenta a perda de servizo de orientaci\u00f3n laboral -\" \/>\n<meta property=\"og:description\" content=\"O grupo municipal preguntou no pasado pleno ordinario que \u00eda acontecer con ese servizo que nas s\u00faas redes sociais pu\u00f1a que o servizo estaba interrompido ata novo aviso [...]\" \/>\n<meta property=\"og:url\" content=\"https:\/\/www.anovapeneira.gal\/index.php\/2024\/10\/16\/o-psdeg-psoe-de-salvaterra-de-mino-lamenta-a-perda-de-servizo-de-orientacion-laboral\/\" \/>\n<meta property=\"article:publisher\" content=\"https:\/\/www.facebook.com\/anovapeneira\" \/>\n<meta property=\"article:published_time\" content=\"2024-10-16T10:00:37+00:00\" \/>\n<meta property=\"og:image\" content=\"https:\/\/www.anovapeneira.gal\/wp-content\/uploads\/2021\/07\/concello_Salvaterra.jpg\" \/>\n\t<meta property=\"og:image:width\" content=\"720\" \/>\n\t<meta property=\"og:image:height\" content=\"432\" \/>\n\t<meta property=\"og:image:type\" content=\"image\/jpeg\" \/>\n<meta name=\"author\" content=\"Redacci\u00f3n A Nova Peneira\" \/>\n<meta name=\"twitter:card\" content=\"summary_large_image\" \/>\n<meta name=\"twitter:creator\" content=\"@APeneira\" \/>\n<meta name=\"twitter:site\" content=\"@APeneira\" \/>\n<meta name=\"twitter:label1\" content=\"Escrito por\" \/>\n\t<meta name=\"twitter:data1\" content=\"Redacci\u00f3n A Nova Peneira\" \/>\n\t<meta name=\"twitter:label2\" content=\"Tempo de lectura\" \/>\n\t<meta name=\"twitter:data2\" content=\"2 minutos\" \/>\n<script type=\"application\/ld+json\" class=\"yoast-schema-graph\">{\"@context\":\"https:\\\/\\\/schema.org\",\"@graph\":[{\"@type\":\"Article\",\"@id\":\"https:\\\/\\\/www.anovapeneira.gal\\\/index.php\\\/2024\\\/10\\\/16\\\/o-psdeg-psoe-de-salvaterra-de-mino-lamenta-a-perda-de-servizo-de-orientacion-laboral\\\/#article\",\"isPartOf\":{\"@id\":\"https:\\\/\\\/www.anovapeneira.gal\\\/index.php\\\/2024\\\/10\\\/16\\\/o-psdeg-psoe-de-salvaterra-de-mino-lamenta-a-perda-de-servizo-de-orientacion-laboral\\\/\"},\"author\":{\"name\":\"Redacci\u00f3n A Nova Peneira\",\"@id\":\"https:\\\/\\\/www.anovapeneira.gal\\\/#\\\/schema\\\/person\\\/b93e3f8932e3f8da96334607eb6ac6aa\"},\"headline\":\"O PSdeG- PSOE de Salvaterra de Mi\u00f1o lamenta a perda de servizo de orientaci\u00f3n laboral\",\"datePublished\":\"2024-10-16T10:00:37+00:00\",\"mainEntityOfPage\":{\"@id\":\"https:\\\/\\\/www.anovapeneira.gal\\\/index.php\\\/2024\\\/10\\\/16\\\/o-psdeg-psoe-de-salvaterra-de-mino-lamenta-a-perda-de-servizo-de-orientacion-laboral\\\/\"},\"wordCount\":287,\"commentCount\":0,\"publisher\":{\"@id\":\"https:\\\/\\\/www.anovapeneira.gal\\\/#organization\"},\"image\":{\"@id\":\"https:\\\/\\\/www.anovapeneira.gal\\\/index.php\\\/2024\\\/10\\\/16\\\/o-psdeg-psoe-de-salvaterra-de-mino-lamenta-a-perda-de-servizo-de-orientacion-laboral\\\/#primaryimage\"},\"thumbnailUrl\":\"https:\\\/\\\/www.anovapeneira.gal\\\/wp-content\\\/uploads\\\/2021\\\/07\\\/concello_Salvaterra.jpg\",\"keywords\":[\"Concello de Salvaterra de Mi\u00f1o\"],\"articleSection\":[\"Condado\"],\"inLanguage\":\"gl-ES\",\"potentialAction\":[{\"@type\":\"CommentAction\",\"name\":\"Comment\",\"target\":[\"https:\\\/\\\/www.anovapeneira.gal\\\/index.php\\\/2024\\\/10\\\/16\\\/o-psdeg-psoe-de-salvaterra-de-mino-lamenta-a-perda-de-servizo-de-orientacion-laboral\\\/#respond\"]}]},{\"@type\":\"WebPage\",\"@id\":\"https:\\\/\\\/www.anovapeneira.gal\\\/index.php\\\/2024\\\/10\\\/16\\\/o-psdeg-psoe-de-salvaterra-de-mino-lamenta-a-perda-de-servizo-de-orientacion-laboral\\\/\",\"url\":\"https:\\\/\\\/www.anovapeneira.gal\\\/index.php\\\/2024\\\/10\\\/16\\\/o-psdeg-psoe-de-salvaterra-de-mino-lamenta-a-perda-de-servizo-de-orientacion-laboral\\\/\",\"name\":\"O PSdeG- PSOE de Salvaterra de Mi\u00f1o lamenta a perda de servizo de orientaci\u00f3n laboral -\",\"isPartOf\":{\"@id\":\"https:\\\/\\\/www.anovapeneira.gal\\\/#website\"},\"primaryImageOfPage\":{\"@id\":\"https:\\\/\\\/www.anovapeneira.gal\\\/index.php\\\/2024\\\/10\\\/16\\\/o-psdeg-psoe-de-salvaterra-de-mino-lamenta-a-perda-de-servizo-de-orientacion-laboral\\\/#primaryimage\"},\"image\":{\"@id\":\"https:\\\/\\\/www.anovapeneira.gal\\\/index.php\\\/2024\\\/10\\\/16\\\/o-psdeg-psoe-de-salvaterra-de-mino-lamenta-a-perda-de-servizo-de-orientacion-laboral\\\/#primaryimage\"},\"thumbnailUrl\":\"https:\\\/\\\/www.anovapeneira.gal\\\/wp-content\\\/uploads\\\/2021\\\/07\\\/concello_Salvaterra.jpg\",\"datePublished\":\"2024-10-16T10:00:37+00:00\",\"breadcrumb\":{\"@id\":\"https:\\\/\\\/www.anovapeneira.gal\\\/index.php\\\/2024\\\/10\\\/16\\\/o-psdeg-psoe-de-salvaterra-de-mino-lamenta-a-perda-de-servizo-de-orientacion-laboral\\\/#breadcrumb\"},\"inLanguage\":\"gl-ES\",\"potentialAction\":[{\"@type\":\"ReadAction\",\"target\":[\"https:\\\/\\\/www.anovapeneira.gal\\\/index.php\\\/2024\\\/10\\\/16\\\/o-psdeg-psoe-de-salvaterra-de-mino-lamenta-a-perda-de-servizo-de-orientacion-laboral\\\/\"]}]},{\"@type\":\"ImageObject\",\"inLanguage\":\"gl-ES\",\"@id\":\"https:\\\/\\\/www.anovapeneira.gal\\\/index.php\\\/2024\\\/10\\\/16\\\/o-psdeg-psoe-de-salvaterra-de-mino-lamenta-a-perda-de-servizo-de-orientacion-laboral\\\/#primaryimage\",\"url\":\"https:\\\/\\\/www.anovapeneira.gal\\\/wp-content\\\/uploads\\\/2021\\\/07\\\/concello_Salvaterra.jpg\",\"contentUrl\":\"https:\\\/\\\/www.anovapeneira.gal\\\/wp-content\\\/uploads\\\/2021\\\/07\\\/concello_Salvaterra.jpg\",\"width\":720,\"height\":432,\"caption\":\"Concello de Salvaterra do Mi\u00f1o\"},{\"@type\":\"BreadcrumbList\",\"@id\":\"https:\\\/\\\/www.anovapeneira.gal\\\/index.php\\\/2024\\\/10\\\/16\\\/o-psdeg-psoe-de-salvaterra-de-mino-lamenta-a-perda-de-servizo-de-orientacion-laboral\\\/#breadcrumb\",\"itemListElement\":[{\"@type\":\"ListItem\",\"position\":1,\"name\":\"Portada\",\"item\":\"https:\\\/\\\/www.anovapeneira.gal\\\/\"},{\"@type\":\"ListItem\",\"position\":2,\"name\":\"O PSdeG- PSOE de Salvaterra de Mi\u00f1o lamenta a perda de servizo de orientaci\u00f3n laboral\"}]},{\"@type\":\"WebSite\",\"@id\":\"https:\\\/\\\/www.anovapeneira.gal\\\/#website\",\"url\":\"https:\\\/\\\/www.anovapeneira.gal\\\/\",\"name\":\"\",\"description\":\"Xornal galego de informaci\u00f3n xeral Publicaci\u00f3n mensual de novas de Galicia e en especial dos Concellos da sur da provincia de Pontevedra.\",\"publisher\":{\"@id\":\"https:\\\/\\\/www.anovapeneira.gal\\\/#organization\"},\"potentialAction\":[{\"@type\":\"SearchAction\",\"target\":{\"@type\":\"EntryPoint\",\"urlTemplate\":\"https:\\\/\\\/www.anovapeneira.gal\\\/?s={search_term_string}\"},\"query-input\":{\"@type\":\"PropertyValueSpecification\",\"valueRequired\":true,\"valueName\":\"search_term_string\"}}],\"inLanguage\":\"gl-ES\"},{\"@type\":\"Organization\",\"@id\":\"https:\\\/\\\/www.anovapeneira.gal\\\/#organization\",\"name\":\"A Nova Peneira\",\"url\":\"https:\\\/\\\/www.anovapeneira.gal\\\/\",\"logo\":{\"@type\":\"ImageObject\",\"inLanguage\":\"gl-ES\",\"@id\":\"https:\\\/\\\/www.anovapeneira.gal\\\/#\\\/schema\\\/logo\\\/image\\\/\",\"url\":\"http:\\\/\\\/www.anovapeneira.gal\\\/wp-content\\\/uploads\\\/2019\\\/06\\\/logo_a_nova_peneira_portal_web.png\",\"contentUrl\":\"http:\\\/\\\/www.anovapeneira.gal\\\/wp-content\\\/uploads\\\/2019\\\/06\\\/logo_a_nova_peneira_portal_web.png\",\"width\":300,\"height\":100,\"caption\":\"A Nova Peneira\"},\"image\":{\"@id\":\"https:\\\/\\\/www.anovapeneira.gal\\\/#\\\/schema\\\/logo\\\/image\\\/\"},\"sameAs\":[\"https:\\\/\\\/www.facebook.com\\\/anovapeneira\",\"https:\\\/\\\/x.com\\\/APeneira\"]},{\"@type\":\"Person\",\"@id\":\"https:\\\/\\\/www.anovapeneira.gal\\\/#\\\/schema\\\/person\\\/b93e3f8932e3f8da96334607eb6ac6aa\",\"name\":\"Redacci\u00f3n A Nova Peneira\",\"image\":{\"@type\":\"ImageObject\",\"inLanguage\":\"gl-ES\",\"@id\":\"https:\\\/\\\/secure.gravatar.com\\\/avatar\\\/c052a2551a06e23fac63626232eaa90abd78dbcf1700fc46a2b2c89fd27b735f?s=96&d=mm&r=g\",\"url\":\"https:\\\/\\\/secure.gravatar.com\\\/avatar\\\/c052a2551a06e23fac63626232eaa90abd78dbcf1700fc46a2b2c89fd27b735f?s=96&d=mm&r=g\",\"contentUrl\":\"https:\\\/\\\/secure.gravatar.com\\\/avatar\\\/c052a2551a06e23fac63626232eaa90abd78dbcf1700fc46a2b2c89fd27b735f?s=96&d=mm&r=g\",\"caption\":\"Redacci\u00f3n A Nova Peneira\"},\"sameAs\":[\"http:\\\/\\\/www.anovapeneira.gal\\\/\"],\"url\":\"https:\\\/\\\/www.anovapeneira.gal\\\/index.php\\\/author\\\/redactor\\\/\"}]}<\/script>\n<!-- \/ Yoast SEO plugin. -->","yoast_head_json":{"title":"O PSdeG- PSOE de Salvaterra de Mi\u00f1o lamenta a perda de servizo de orientaci\u00f3n laboral -","robots":{"index":"index","follow":"follow","max-snippet":"max-snippet:-1","max-image-preview":"max-image-preview:large","max-video-preview":"max-video-preview:-1"},"canonical":"https:\/\/www.anovapeneira.gal\/index.php\/2024\/10\/16\/o-psdeg-psoe-de-salvaterra-de-mino-lamenta-a-perda-de-servizo-de-orientacion-laboral\/","og_locale":"gl_ES","og_type":"article","og_title":"O PSdeG- PSOE de Salvaterra de Mi\u00f1o lamenta a perda de servizo de orientaci\u00f3n laboral -","og_description":"O grupo municipal preguntou no pasado pleno ordinario que \u00eda acontecer con ese servizo que nas s\u00faas redes sociais pu\u00f1a que o servizo estaba interrompido ata novo aviso [...]","og_url":"https:\/\/www.anovapeneira.gal\/index.php\/2024\/10\/16\/o-psdeg-psoe-de-salvaterra-de-mino-lamenta-a-perda-de-servizo-de-orientacion-laboral\/","article_publisher":"https:\/\/www.facebook.com\/anovapeneira","article_published_time":"2024-10-16T10:00:37+00:00","og_image":[{"width":720,"height":432,"url":"https:\/\/www.anovapeneira.gal\/wp-content\/uploads\/2021\/07\/concello_Salvaterra.jpg","type":"image\/jpeg"}],"author":"Redacci\u00f3n A Nova Peneira","twitter_card":"summary_large_image","twitter_creator":"@APeneira","twitter_site":"@APeneira","twitter_misc":{"Escrito por":"Redacci\u00f3n A Nova Peneira","Tempo de lectura":"2 minutos"},"schema":{"@context":"https:\/\/schema.org","@graph":[{"@type":"Article","@id":"https:\/\/www.anovapeneira.gal\/index.php\/2024\/10\/16\/o-psdeg-psoe-de-salvaterra-de-mino-lamenta-a-perda-de-servizo-de-orientacion-laboral\/#article","isPartOf":{"@id":"https:\/\/www.anovapeneira.gal\/index.php\/2024\/10\/16\/o-psdeg-psoe-de-salvaterra-de-mino-lamenta-a-perda-de-servizo-de-orientacion-laboral\/"},"author":{"name":"Redacci\u00f3n A Nova Peneira","@id":"https:\/\/www.anovapeneira.gal\/#\/schema\/person\/b93e3f8932e3f8da96334607eb6ac6aa"},"headline":"O PSdeG- PSOE de Salvaterra de Mi\u00f1o lamenta a perda de servizo de orientaci\u00f3n laboral","datePublished":"2024-10-16T10:00:37+00:00","mainEntityOfPage":{"@id":"https:\/\/www.anovapeneira.gal\/index.php\/2024\/10\/16\/o-psdeg-psoe-de-salvaterra-de-mino-lamenta-a-perda-de-servizo-de-orientacion-laboral\/"},"wordCount":287,"commentCount":0,"publisher":{"@id":"https:\/\/www.anovapeneira.gal\/#organization"},"image":{"@id":"https:\/\/www.anovapeneira.gal\/index.php\/2024\/10\/16\/o-psdeg-psoe-de-salvaterra-de-mino-lamenta-a-perda-de-servizo-de-orientacion-laboral\/#primaryimage"},"thumbnailUrl":"https:\/\/www.anovapeneira.gal\/wp-content\/uploads\/2021\/07\/concello_Salvaterra.jpg","keywords":["Concello de Salvaterra de Mi\u00f1o"],"articleSection":["Condado"],"inLanguage":"gl-ES","potentialAction":[{"@type":"CommentAction","name":"Comment","target":["https:\/\/www.anovapeneira.gal\/index.php\/2024\/10\/16\/o-psdeg-psoe-de-salvaterra-de-mino-lamenta-a-perda-de-servizo-de-orientacion-laboral\/#respond"]}]},{"@type":"WebPage","@id":"https:\/\/www.anovapeneira.gal\/index.php\/2024\/10\/16\/o-psdeg-psoe-de-salvaterra-de-mino-lamenta-a-perda-de-servizo-de-orientacion-laboral\/","url":"https:\/\/www.anovapeneira.gal\/index.php\/2024\/10\/16\/o-psdeg-psoe-de-salvaterra-de-mino-lamenta-a-perda-de-servizo-de-orientacion-laboral\/","name":"O PSdeG- PSOE de Salvaterra de Mi\u00f1o lamenta a perda de servizo de orientaci\u00f3n laboral -","isPartOf":{"@id":"https:\/\/www.anovapeneira.gal\/#website"},"primaryImageOfPage":{"@id":"https:\/\/www.anovapeneira.gal\/index.php\/2024\/10\/16\/o-psdeg-psoe-de-salvaterra-de-mino-lamenta-a-perda-de-servizo-de-orientacion-laboral\/#primaryimage"},"image":{"@id":"https:\/\/www.anovapeneira.gal\/index.php\/2024\/10\/16\/o-psdeg-psoe-de-salvaterra-de-mino-lamenta-a-perda-de-servizo-de-orientacion-laboral\/#primaryimage"},"thumbnailUrl":"https:\/\/www.anovapeneira.gal\/wp-content\/uploads\/2021\/07\/concello_Salvaterra.jpg","datePublished":"2024-10-16T10:00:37+00:00","breadcrumb":{"@id":"https:\/\/www.anovapeneira.gal\/index.php\/2024\/10\/16\/o-psdeg-psoe-de-salvaterra-de-mino-lamenta-a-perda-de-servizo-de-orientacion-laboral\/#breadcrumb"},"inLanguage":"gl-ES","potentialAction":[{"@type":"ReadAction","target":["https:\/\/www.anovapeneira.gal\/index.php\/2024\/10\/16\/o-psdeg-psoe-de-salvaterra-de-mino-lamenta-a-perda-de-servizo-de-orientacion-laboral\/"]}]},{"@type":"ImageObject","inLanguage":"gl-ES","@id":"https:\/\/www.anovapeneira.gal\/index.php\/2024\/10\/16\/o-psdeg-psoe-de-salvaterra-de-mino-lamenta-a-perda-de-servizo-de-orientacion-laboral\/#primaryimage","url":"https:\/\/www.anovapeneira.gal\/wp-content\/uploads\/2021\/07\/concello_Salvaterra.jpg","contentUrl":"https:\/\/www.anovapeneira.gal\/wp-content\/uploads\/2021\/07\/concello_Salvaterra.jpg","width":720,"height":432,"caption":"Concello de Salvaterra do Mi\u00f1o"},{"@type":"BreadcrumbList","@id":"https:\/\/www.anovapeneira.gal\/index.php\/2024\/10\/16\/o-psdeg-psoe-de-salvaterra-de-mino-lamenta-a-perda-de-servizo-de-orientacion-laboral\/#breadcrumb","itemListElement":[{"@type":"ListItem","position":1,"name":"Portada","item":"https:\/\/www.anovapeneira.gal\/"},{"@type":"ListItem","position":2,"name":"O PSdeG- PSOE de Salvaterra de Mi\u00f1o lamenta a perda de servizo de orientaci\u00f3n laboral"}]},{"@type":"WebSite","@id":"https:\/\/www.anovapeneira.gal\/#website","url":"https:\/\/www.anovapeneira.gal\/","name":"","description":"Xornal galego de informaci\u00f3n xeral Publicaci\u00f3n mensual de novas de Galicia e en especial dos Concellos da sur da provincia de Pontevedra.","publisher":{"@id":"https:\/\/www.anovapeneira.gal\/#organization"},"potentialAction":[{"@type":"SearchAction","target":{"@type":"EntryPoint","urlTemplate":"https:\/\/www.anovapeneira.gal\/?s={search_term_string}"},"query-input":{"@type":"PropertyValueSpecification","valueRequired":true,"valueName":"search_term_string"}}],"inLanguage":"gl-ES"},{"@type":"Organization","@id":"https:\/\/www.anovapeneira.gal\/#organization","name":"A Nova Peneira","url":"https:\/\/www.anovapeneira.gal\/","logo":{"@type":"ImageObject","inLanguage":"gl-ES","@id":"https:\/\/www.anovapeneira.gal\/#\/schema\/logo\/image\/","url":"http:\/\/www.anovapeneira.gal\/wp-content\/uploads\/2019\/06\/logo_a_nova_peneira_portal_web.png","contentUrl":"http:\/\/www.anovapeneira.gal\/wp-content\/uploads\/2019\/06\/logo_a_nova_peneira_portal_web.png","width":300,"height":100,"caption":"A Nova Peneira"},"image":{"@id":"https:\/\/www.anovapeneira.gal\/#\/schema\/logo\/image\/"},"sameAs":["https:\/\/www.facebook.com\/anovapeneira","https:\/\/x.com\/APeneira"]},{"@type":"Person","@id":"https:\/\/www.anovapeneira.gal\/#\/schema\/person\/b93e3f8932e3f8da96334607eb6ac6aa","name":"Redacci\u00f3n A Nova Peneira","image":{"@type":"ImageObject","inLanguage":"gl-ES","@id":"https:\/\/secure.gravatar.com\/avatar\/c052a2551a06e23fac63626232eaa90abd78dbcf1700fc46a2b2c89fd27b735f?s=96&d=mm&r=g","url":"https:\/\/secure.gravatar.com\/avatar\/c052a2551a06e23fac63626232eaa90abd78dbcf1700fc46a2b2c89fd27b735f?s=96&d=mm&r=g","contentUrl":"https:\/\/secure.gravatar.com\/avatar\/c052a2551a06e23fac63626232eaa90abd78dbcf1700fc46a2b2c89fd27b735f?s=96&d=mm&r=g","caption":"Redacci\u00f3n A Nova Peneira"},"sameAs":["http:\/\/www.anovapeneira.gal\/"],"url":"https:\/\/www.anovapeneira.gal\/index.php\/author\/redactor\/"}]}},"jetpack_featured_media_url":"https:\/\/www.anovapeneira.gal\/wp-content\/uploads\/2021\/07\/concello_Salvaterra.jpg","_links":{"self":[{"href":"https:\/\/www.anovapeneira.gal\/index.php\/wp-json\/wp\/v2\/posts\/12593","targetHints":{"allow":["GET"]}}],"collection":[{"href":"https:\/\/www.anovapeneira.gal\/index.php\/wp-json\/wp\/v2\/posts"}],"about":[{"href":"https:\/\/www.anovapeneira.gal\/index.php\/wp-json\/wp\/v2\/types\/post"}],"author":[{"embeddable":true,"href":"https:\/\/www.anovapeneira.gal\/index.php\/wp-json\/wp\/v2\/users\/3"}],"replies":[{"embeddable":true,"href":"https:\/\/www.anovapeneira.gal\/index.php\/wp-json\/wp\/v2\/comments?post=12593"}],"version-history":[{"count":1,"href":"https:\/\/www.anovapeneira.gal\/index.php\/wp-json\/wp\/v2\/posts\/12593\/revisions"}],"predecessor-version":[{"id":12594,"href":"https:\/\/www.anovapeneira.gal\/index.php\/wp-json\/wp\/v2\/posts\/12593\/revisions\/12594"}],"wp:featuredmedia":[{"embeddable":true,"href":"https:\/\/www.anovapeneira.gal\/index.php\/wp-json\/wp\/v2\/media\/5779"}],"wp:attachment":[{"href":"https:\/\/www.anovapeneira.gal\/index.php\/wp-json\/wp\/v2\/media?parent=12593"}],"wp:term":[{"taxonomy":"category","embeddable":true,"href":"https:\/\/www.anovapeneira.gal\/index.php\/wp-json\/wp\/v2\/categories?post=12593"},{"taxonomy":"post_tag","embeddable":true,"href":"https:\/\/www.anovapeneira.gal\/index.php\/wp-json\/wp\/v2\/tags?post=12593"}],"curies":[{"name":"wp","href":"https:\/\/api.w.org\/{rel}","templated":true}]}}