{"id":12595,"date":"2024-10-17T10:00:03","date_gmt":"2024-10-17T08:00:03","guid":{"rendered":"https:\/\/www.anovapeneira.gal\/?p=12595"},"modified":"2024-10-19T12:47:13","modified_gmt":"2024-10-19T10:47:13","slug":"o-despoboamento-rural-en-salvaterra-alternativas-para-o-futuro","status":"publish","type":"post","link":"https:\/\/www.anovapeneira.gal\/index.php\/2024\/10\/17\/o-despoboamento-rural-en-salvaterra-alternativas-para-o-futuro\/","title":{"rendered":"O despoboamento rural en Salvaterra: alternativas para o futuro"},"content":{"rendered":"\n<p>O despoboamento rural \u00e9 un dos problemas estruturais m\u00e1is graves que afectan \u00e1 Galicia do s\u00e9culo XXI, e Salvaterra de Mi\u00f1o, unha pequena vila situada na fronteira con Portugal e ba\u00f1ada polo r\u00edo Mi\u00f1o, \u00e9 un claro exemplo desta crise demogr\u00e1fica que ameaza non s\u00f3 a pervivencia das aldeas galegas, sen\u00f3n tam\u00e9n a propia identidade e cultura que definen ao pobo galego. Este fen\u00f3meno, que non \u00e9 novo pero que se intensificou nas \u00faltimas d\u00e9cadas, require unha an\u00e1lise profunda das s\u00faas causas e consecuencias, as\u00ed como propostas alternativas para frear o baleirado demogr\u00e1fico e revitalizar o tecido social e econ\u00f3mico das aldeas. A cr\u00edtica \u00e1 acci\u00f3n ou inacci\u00f3n do Partido Popular (PP) na Xunta de Galicia e no Concello de Salvaterra \u00e9 esencial para comprender as ra\u00edces do problema e orientar alternativas efectivas para o futuro.<br>Salvaterra de Mi\u00f1o \u00e9 un concello da provincia de Pontevedra cunha superficie de 62,5 km\u00b2 e que, segundo datos do Instituto Galego de Estat\u00edstica (IGE), ti\u00f1a en 2021 unha poboaci\u00f3n de 9.260 habitantes. A\u00ednda que esta cifra pode parecer estable a primeira vista, se analizamos a distribuci\u00f3n territorial da poboaci\u00f3n atopamos unha clara brecha entre o n\u00facleo urbano e as parroquias rurais. Estas \u00faltimas experimentaron un forte descenso de habitantes nas \u00faltimas d\u00e9cadas, mentres que o n\u00facleo urbano conseguiu manter unha certa estabilidade demogr\u00e1fica grazas \u00e1 s\u00faa situaci\u00f3n estrat\u00e9xica como punto de paso fronteirizo con Portugal e a s\u00faa proximidade a cidades como Vigo.<br>As 17 parroquias que compo\u00f1en o concello presentan caracter\u00edsticas xeogr\u00e1ficas e sociais diversas, mais todas comparten unha problem\u00e1tica com\u00fan: a diminuci\u00f3n da poboaci\u00f3n e o abandono do rural. Parroquias como Cabreira, Leirado, Corz\u00e1ns ou Fiolledo sofren unha crise demogr\u00e1fica que se manifesta a trav\u00e9s da perda de poboaci\u00f3n nova, o aumento do envellecemento, e a falta de oportunidades laborais. Segundo datos do IGE, o 22% da poboaci\u00f3n de Salvaterra ten menos de 30 anos, e esta porcentaxe est\u00e1 en constante diminuci\u00f3n, o que sup\u00f3n un grave problema de relevo xeracional e unha ameaza para a continuidade da vida nas aldeas.<br>En Cabreira, a situaci\u00f3n \u00e9 especialmente preocupante. Unha parroquia que conta cunha rica historia e tradici\u00f3ns, as\u00ed como cun importante patrimonio cultural, sufriu unha perda constante de habitantes. Isto \u00e9 resultado dunha combinaci\u00f3n de factores, entre os cales destaca a falta de servizos b\u00e1sicos, a ausencia de incentivos para a actividade agraria, e a falta de oportunidades laborais. As terras agrarias fican sen cultivar, as casas tradicionais deteri\u00f3ranse, e a falta de infraestruturas e servizos p\u00fablicos como escolas ou centros de sa\u00fade dificultan a fixaci\u00f3n de novas familias.<\/p>\n\n\n\n<p>Causas do despoboamento e o papel das pol\u00edticas do PP<\/p>\n\n\n\n<p>Para entender as causas do despoboamento rural en Salvaterra, \u00e9 necesario analizar o contexto de abandono estrutural que sofren estas \u00e1reas debido \u00e1s pol\u00edticas levadas a cabo polo goberno da Xunta de Galicia, controlada polo Partido Popular durante d\u00e9cadas, e polo propio Concello, tam\u00e9n gobernado polo PP. Unha das cr\u00edticas principais feitas polo Bloque Nacionalista Galego \u00e9 a falta de apoios efectivos para o desenvolvemento do rural e a falta de pol\u00edticas que favorezan o asentamento poboacional nestas zonas.<br>A estratexia do PP en Galicia, desde a entrada do estado na Uni\u00f3n Europea e coa aplicaci\u00f3n das pol\u00edticas agrarias europeas, favoreceu un modelo de produci\u00f3n intensiva e a concentraci\u00f3n de terras en mans de grandes empresas, en detrimento das pequenas explotaci\u00f3ns familiares. As axudas agrarias, canalizadas a trav\u00e9s da Pol\u00edtica Agraria Com\u00fan (PAC), beneficiaron maioritariamente \u00e1s grandes explotaci\u00f3ns e exclu\u00edron a moitos pequenos produtores, que se viron obrigados a abandonar as s\u00faas terras ou cambiar de actividade laboral. Segundo datos do Ministerio de Agricultura, o n\u00famero de explotaci\u00f3ns agrarias en Galicia reduciuse en m\u00e1is dun 50% nas \u00faltimas tres d\u00e9cadas, pasando de m\u00e1is de 200.000 nos anos 90 a menos de 80.000 na actualidade.<br>Ademais, a Xunta do PP leva anos promovendo pol\u00edticas de centralizaci\u00f3n de servizos que prexudican gravemente o rural. Un exemplo claro \u00e9 o peche de escolas rurais, como ocorreu en parroquias de Salvaterra de Mi\u00f1o. A pol\u00edtica de &#8220;concentraci\u00f3n escolar&#8221; aplicada pola Xunta implica o peche de centros educativos en \u00e1reas rurais e a centralizaci\u00f3n da oferta educativa en grandes centros situados en n\u00facleos urbanos. Esta pol\u00edtica non s\u00f3 priva \u00e1s aldeas dun servizo educativo b\u00e1sico, sen\u00f3n que tam\u00e9n fai m\u00e1is complicado a fixaci\u00f3n de familias novas no rural, que buscan vivir preto de escolas e centros de actividades para os seus fillos.<br>A falta de acceso a servizos p\u00fablicos como escolas, centros de sa\u00fade, transporte p\u00fablico ou servizos sociais \u00e9 unha das principais raz\u00f3ns do despoboamento rural. A ausencia de li\u00f1as de autob\u00fas que conecten as aldeas entre si e co n\u00facleo urbano de Salvaterra ou coa cidade de Vigo \u00e9 un exemplo claro de abandono do rural por parte das administraci\u00f3ns. As parroquias m\u00e1is afastadas, como Cabreira ou Fornelos, fican illadas e sen posibilidades de conexi\u00f3n cos principais centros de actividade econ\u00f3mica e social, o que obriga \u00e1 poboaci\u00f3n a depender do veh\u00edculo privado ou a desprazarse a \u00e1reas urbanas para acceder a servizos b\u00e1sicos.<\/p>\n\n\n\n<p>A situaci\u00f3n laboral e o mercado inmobiliario<\/p>\n\n\n\n<p>O despoboamento en Salvaterra non s\u00f3 est\u00e1 ligado \u00e1 falta de servizos b\u00e1sicos, sen\u00f3n tam\u00e9n \u00e1 situaci\u00f3n laboral e ao mercado inmobiliario. Segundo datos do Instituto Nacional de Estat\u00edstica (INE), Salvaterra de Mi\u00f1o presenta unha taxa de desemprego do 12%, por riba da media galega, e con moitos traballadores en situaci\u00f3n de precariedade laboral. A aposta do PP pola terciarizaci\u00f3n da econom\u00eda e o modelo tur\u00edstico levou a que a maior parte do emprego en Salvaterra estea no sector servizos, seguido da industria e, de xeito minoritario, da agricultura.<br>O abandono do sector primario \u00e9 unha das consecuencias m\u00e1is graves da pol\u00edtica econ\u00f3mica do PP en Galicia. A falta de apoios directos ao pequeno agricultor, a ausencia de incentivos para o relevo xeracional no campo, e a desvalorizaci\u00f3n do traballo agrario son factores que explican a perda de actividade econ\u00f3mica no rural. As poucas explotaci\u00f3ns agrarias que se mante\u00f1en activas en Salvaterra enfr\u00f3ntanse a dificultades para a comercializaci\u00f3n dos seus produtos, a competencia con produtos importados a baixo custo, e a falta de acceso a mercados locais.<br>En canto ao mercado inmobiliario, a dualidade entre o n\u00facleo urbano e o rural \u00e9 evidente. Mentres que no n\u00facleo de Salvaterra o prezo do metro cadrado est\u00e1 en torno aos 1.200-1.300 euros, no rural existen moitas vivendas baleiras ou en estado ruinoso que poder\u00edan ser rehabilitadas a prezos moito m\u00e1is baixos. A falta de pol\u00edticas p\u00fablicas de rehabilitaci\u00f3n e a ausencia de incentivos fiscais para a restauraci\u00f3n de vivendas tradicionais son factores que dificultan a recuperaci\u00f3n do parque inmobiliario no rural. Ademais, a escaseza de vivendas de alugueiro a prezos accesibles agrava o problema do asentamento de familias novas, que buscan fogares a prezos asumibles e dignos.<\/p>\n\n\n\n<p>Festas populares e patrimonio cultural: unha alternativa para revitalizar o rural<\/p>\n\n\n\n<p>A pesar da situaci\u00f3n alarmante, Salvaterra de Mi\u00f1o conta cunha importante riqueza cultural e patrimonial que pode ser aproveitada para a revitalizaci\u00f3n do rural. A oposici\u00f3n municipal defende a potenciaci\u00f3n das festas tradicionais e actividades culturais como unha forma de dinamizar as parroquias e atraer visitantes, promovendo o turismo rural e a econom\u00eda local.<br>Cabreira, as\u00ed como outras parroquias de Salvaterra, celebra festividades como o &#8220;Entroido&#8221; e a &#8220;Festa do Vi\u00f1o do Condado do Tea&#8221;. Estas festas son espazos de encontro comunitario e de posta en valor da cultura local. A &#8220;Festa do Vi\u00f1o do Condado do Tea&#8221;, celebrada en setembro, \u00e9 unha das festas m\u00e1is destacadas da comarca e ofrece unha oportunidade para po\u00f1er en valor os produtos da terra, especialmente o vi\u00f1o branco Condado do Tea, unha variedade da Denominaci\u00f3n de Orixe R\u00edas Baixas. Esta festa re\u00fane viticultores, artes\u00e1ns e veci\u00f1os, e incl\u00fae actividades como catas de vi\u00f1o, m\u00fasica en directo e mercados tradicionais, o que contrib\u00fae \u00e1 promoci\u00f3n dos produtos locais e \u00e1 dinamizaci\u00f3n do turismo.<br>Outro elemento clave \u00e9 o patrimonio hist\u00f3rico e arquitect\u00f3nico de Salvaterra. Parroquias como Cabreira contan con igrexas rom\u00e1nicas, cruceiros e casas tradicionais que forman parte da memoria hist\u00f3rica e cultural do rural galego. A rehabilitaci\u00f3n destes elementos e a s\u00faa promoci\u00f3n como recursos tur\u00edsticos sostibles poden ser unha forma de xerar emprego local e revitalizar a econom\u00eda das aldeas.<\/p>\n\n\n\n<p>Propostas alternativas para frear o despoboamento<\/p>\n\n\n\n<p>O despoboamento en Salvaterra non \u00e9 unha sentenza inevitable. Existen alternativas viables para reverter esta tendencia e garantir un futuro sostible para o rural galego. Estas propostas deben pasar por unha aposta clara polo desenvolvemento rural e a recuperaci\u00f3n de servizos p\u00fablicos.<\/p>\n\n\n\n<ol class=\"wp-block-list\">\n<li>Promoci\u00f3n da agricultura e gander\u00eda sostibles: A revitalizaci\u00f3n do sector primario \u00e9 unha das chaves para fixar poboaci\u00f3n no rural. Salvaterra conta cunha ampla superficie de terras agrarias que poder\u00edan ser aproveitadas para a produci\u00f3n ecol\u00f3xica e de proximidade. A aposta por unha agricultura sostible, que recupere variedades aut\u00f3ctonas e m\u00e9todos de cultivo tradicionais, non s\u00f3 mellora a calidade dos produtos, sen\u00f3n que tam\u00e9n reduce a dependencia de importaci\u00f3ns e favorece a soberan\u00eda alimentaria.<br>Unha proposta concreta ser\u00eda a creaci\u00f3n de cooperativas agrarias en parroquias como Cabreira, onde a terra segue sendo un recurso importante e se poder\u00edan desenvolver cultivos de vi\u00f1o, hortalizas ecol\u00f3xicas ou produtos l\u00e1cteos de calidade. Estas cooperativas, co apoio das administraci\u00f3ns, poder\u00edan vender os seus produtos en mercados locais, feiras ou eventos culturais como a &#8220;Festa do Vi\u00f1o do Condado do Tea&#8221;.<\/li>\n\n\n\n<li>Fomento do cooperativismo e da econom\u00eda social: O cooperativismo \u00e9 unha das bazas m\u00e1is importantes para revitalizar o rural galego. A creaci\u00f3n de cooperativas de rehabilitaci\u00f3n de vivendas en parroquias como Cabreira ou Leirado permitir\u00eda a recuperaci\u00f3n de casas tradicionais para o seu uso como vivendas sociais ou aloxamentos tur\u00edsticos, creando emprego local e axudando a fixar poboaci\u00f3n. Este modelo de econom\u00eda social tam\u00e9n pode aplicarse a outros \u00e1mbitos, como a xesti\u00f3n forestal sostible, a produci\u00f3n agraria ou a prestaci\u00f3n de servizos sociais e culturais.<\/li>\n\n\n\n<li>Recuperaci\u00f3n de servizos p\u00fablicos e infraestruturas: A garant\u00eda de acceso a servizos b\u00e1sicos \u00e9 fundamental para mellorar a calidade de vida no rural e evitar o despoboamento. A Xunta de Galicia e o Concello de Salvaterra deben apostar pola dotaci\u00f3n de servizos de proximidade, como a reapertura de escolas rurais, centros de sa\u00fade, e a creaci\u00f3n de li\u00f1as de transporte p\u00fablico que conecten as aldeas entre si e co n\u00facleo urbano.<br>Ademais, \u00e9 imprescindible superar a brecha dixital que afecta ao rural. O acceso a internet de alta velocidade \u00e9 unha condici\u00f3n necesaria para que as aldeas poidan desenvolver novas actividades econ\u00f3micas, como o teletraballo ou o turismo rural, e para garantir que a poboaci\u00f3n te\u00f1a acceso a recursos educativos, culturais e sociais. Un exemplo pr\u00e1ctico ser\u00eda a implementaci\u00f3n de programas de conectividade nas parroquias m\u00e1is afastadas, como Cabreira ou Corz\u00e1ns, para garantir que a poboaci\u00f3n te\u00f1a acceso \u00e1s novas tecnolox\u00edas.<\/li>\n\n\n\n<li>Fomento do turismo rural sostible e respectuoso: Salvaterra conta cun rico patrimonio natural e cultural que poder\u00eda ser aproveitado para o desenvolvemento dun turismo rural sostible e respectuoso co medio ambiente. A creaci\u00f3n de rutas de sendeirismo, actividades de turismo activo, como o ciclismo ou o descenso polo r\u00edo Mi\u00f1o, e a posta en valor do patrimonio hist\u00f3rico e cultural das aldeas poden ser unha fonte de ingresos para a poboaci\u00f3n local e unha oportunidade para dar a co\u00f1ecer a riqueza cultural de Salvaterra.<br>O turismo debe ser planificado desde unha perspectiva sostible, evitando a masificaci\u00f3n e garantindo que os beneficios econ\u00f3micos repercutan directamente nas comunidades locais. A posta en marcha dunha ruta do vi\u00f1o que pase polas distintas adegas das parroquias de Salvaterra, ou a creaci\u00f3n dun roteiro hist\u00f3rico que percorra os cruceiros, igrexas e monumentos m\u00e1is emblem\u00e1ticos das aldeas, son exemplos concretos de como o turismo pode axudar a revitalizar o concello.<\/li>\n<\/ol>\n\n\n\n<p>Un futuro para Salvaterra e o rural galego<\/p>\n\n\n\n<p>O despoboamento rural en Salvaterra de Mi\u00f1o e nas s\u00faas parroquias, como Cabreira, \u00e9 unha realidade preocupante, pero non unha sentenza inevitable. A trav\u00e9s de pol\u00edticas p\u00fablicas progresistas e dunha aposta clara pola identidade galega, \u00e9 posible reverter a tendencia e revitalizar as aldeas como espazos de vida, traballo e encontro comunitario. A clave est\u00e1 en impulsar un modelo de desenvolvemento sostible que te\u00f1a en conta as necesidades reais das persoas e que po\u00f1a no centro a defensa do territorio, da cultura e da lingua galega.<br>O futuro para o rural de Salvaterra pasa por recuperar a conexi\u00f3n entre o pobo e a terra, apostando pola soberan\u00eda alimentaria, o cooperativismo, o acceso aos servizos b\u00e1sicos e a promoci\u00f3n da identidade cultural. Salvaterra ten o potencial para ser un exemplo de revitalizaci\u00f3n rural en Galicia, e a loita por un futuro m\u00e1is xusto, sostible e ligado \u00e1 nosa terra \u00e9 unha responsabilidade colectiva que require o compromiso de toda a sociedade e unha acci\u00f3n decidida por parte das administraci\u00f3ns. O despoboamento pode ser revertido se se abordan as s\u00faas causas con pol\u00edticas que aposten pola vida e a dignidade no rural galego.<\/p>\n\n\n\n<figure class=\"wp-block-image\"><img loading=\"lazy\" decoding=\"async\" width=\"1024\" height=\"768\" src=\"https:\/\/www.anovapeneira.gal\/wp-content\/uploads\/2024\/10\/OUTUBRO-TRABALLO-DE-REFERENCIA.INTERIOR-1-1024x768.jpg\" alt=\"\" class=\"wp-image-12597\" srcset=\"https:\/\/www.anovapeneira.gal\/wp-content\/uploads\/2024\/10\/OUTUBRO-TRABALLO-DE-REFERENCIA.INTERIOR-1-1024x768.jpg 1024w, https:\/\/www.anovapeneira.gal\/wp-content\/uploads\/2024\/10\/OUTUBRO-TRABALLO-DE-REFERENCIA.INTERIOR-1-300x225.jpg 300w, https:\/\/www.anovapeneira.gal\/wp-content\/uploads\/2024\/10\/OUTUBRO-TRABALLO-DE-REFERENCIA.INTERIOR-1-768x576.jpg 768w, https:\/\/www.anovapeneira.gal\/wp-content\/uploads\/2024\/10\/OUTUBRO-TRABALLO-DE-REFERENCIA.INTERIOR-1-1536x1152.jpg 1536w, https:\/\/www.anovapeneira.gal\/wp-content\/uploads\/2024\/10\/OUTUBRO-TRABALLO-DE-REFERENCIA.INTERIOR-1-678x509.jpg 678w, https:\/\/www.anovapeneira.gal\/wp-content\/uploads\/2024\/10\/OUTUBRO-TRABALLO-DE-REFERENCIA.INTERIOR-1-326x245.jpg 326w, https:\/\/www.anovapeneira.gal\/wp-content\/uploads\/2024\/10\/OUTUBRO-TRABALLO-DE-REFERENCIA.INTERIOR-1-80x60.jpg 80w, https:\/\/www.anovapeneira.gal\/wp-content\/uploads\/2024\/10\/OUTUBRO-TRABALLO-DE-REFERENCIA.INTERIOR-1.jpg 2048w\" sizes=\"auto, (max-width: 1024px) 100vw, 1024px\" \/><figcaption class=\"wp-element-caption\">autor Xespi de Cabreira.<\/figcaption><\/figure>\n","protected":false},"excerpt":{"rendered":"<div class=\"mh-excerpt\"><p>O despoboamento rural \u00e9 un dos problemas estruturais m\u00e1is graves que afectan \u00e1 Galicia do s\u00e9culo XXI, e Salvaterra de Mi\u00f1o, unha pequena vila situada na fronteira con Portugal e ba\u00f1ada polo r\u00edo Mi\u00f1o, \u00e9 un claro exemplo desta crise demogr\u00e1fica que ameaza non s\u00f3 a pervivencia das aldeas galegas, sen\u00f3n tam\u00e9n a propia identidade e cultura que definen ao pobo galego <a class=\"mh-excerpt-more\" href=\"https:\/\/www.anovapeneira.gal\/index.php\/2024\/10\/17\/o-despoboamento-rural-en-salvaterra-alternativas-para-o-futuro\/\" title=\"O despoboamento rural en Salvaterra: alternativas para o futuro\">[&#8230;]<\/a><\/p>\n<\/div>","protected":false},"author":23,"featured_media":12625,"comment_status":"open","ping_status":"open","sticky":false,"template":"","format":"standard","meta":{"_exactmetrics_skip_tracking":false,"_exactmetrics_sitenote_active":false,"_exactmetrics_sitenote_note":"","_exactmetrics_sitenote_category":0,"footnotes":""},"categories":[492],"tags":[],"class_list":{"0":"post-12595","1":"post","2":"type-post","3":"status-publish","4":"format-standard","5":"has-post-thumbnail","7":"category-condado-reportaxes"},"yoast_head":"<!-- This site is optimized with the Yoast SEO plugin v27.4 - https:\/\/yoast.com\/product\/yoast-seo-wordpress\/ -->\n<title>O despoboamento rural en Salvaterra: alternativas para o futuro -<\/title>\n<meta name=\"robots\" content=\"index, follow, max-snippet:-1, max-image-preview:large, max-video-preview:-1\" \/>\n<link rel=\"canonical\" href=\"https:\/\/www.anovapeneira.gal\/index.php\/2024\/10\/17\/o-despoboamento-rural-en-salvaterra-alternativas-para-o-futuro\/\" \/>\n<meta property=\"og:locale\" content=\"gl_ES\" \/>\n<meta property=\"og:type\" content=\"article\" \/>\n<meta property=\"og:title\" content=\"O despoboamento rural en Salvaterra: alternativas para o futuro -\" \/>\n<meta property=\"og:description\" content=\"O despoboamento rural \u00e9 un dos problemas estruturais m\u00e1is graves que afectan \u00e1 Galicia do s\u00e9culo XXI, e Salvaterra de Mi\u00f1o, unha pequena vila situada na fronteira con Portugal e ba\u00f1ada polo r\u00edo Mi\u00f1o, \u00e9 un claro exemplo desta crise demogr\u00e1fica que ameaza non s\u00f3 a pervivencia das aldeas galegas, sen\u00f3n tam\u00e9n a propia identidade e cultura que definen ao pobo galego [...]\" \/>\n<meta property=\"og:url\" content=\"https:\/\/www.anovapeneira.gal\/index.php\/2024\/10\/17\/o-despoboamento-rural-en-salvaterra-alternativas-para-o-futuro\/\" \/>\n<meta property=\"article:publisher\" content=\"https:\/\/www.facebook.com\/anovapeneira\" \/>\n<meta property=\"article:published_time\" content=\"2024-10-17T08:00:03+00:00\" \/>\n<meta property=\"article:modified_time\" content=\"2024-10-19T10:47:13+00:00\" \/>\n<meta property=\"og:image\" content=\"https:\/\/www.anovapeneira.gal\/wp-content\/uploads\/2024\/10\/cruceiro_salvaterra.png\" \/>\n\t<meta property=\"og:image:width\" content=\"700\" \/>\n\t<meta property=\"og:image:height\" content=\"522\" \/>\n\t<meta property=\"og:image:type\" content=\"image\/png\" \/>\n<meta name=\"author\" content=\"Aar\u00f3n Franco\" \/>\n<meta name=\"twitter:card\" content=\"summary_large_image\" \/>\n<meta name=\"twitter:creator\" content=\"@APeneira\" \/>\n<meta name=\"twitter:site\" content=\"@APeneira\" \/>\n<meta name=\"twitter:label1\" content=\"Escrito por\" \/>\n\t<meta name=\"twitter:data1\" content=\"Aar\u00f3n Franco\" \/>\n\t<meta name=\"twitter:label2\" content=\"Tempo de lectura\" \/>\n\t<meta name=\"twitter:data2\" content=\"13 minutos\" \/>\n<script type=\"application\/ld+json\" class=\"yoast-schema-graph\">{\"@context\":\"https:\\\/\\\/schema.org\",\"@graph\":[{\"@type\":\"Article\",\"@id\":\"https:\\\/\\\/www.anovapeneira.gal\\\/index.php\\\/2024\\\/10\\\/17\\\/o-despoboamento-rural-en-salvaterra-alternativas-para-o-futuro\\\/#article\",\"isPartOf\":{\"@id\":\"https:\\\/\\\/www.anovapeneira.gal\\\/index.php\\\/2024\\\/10\\\/17\\\/o-despoboamento-rural-en-salvaterra-alternativas-para-o-futuro\\\/\"},\"author\":{\"name\":\"Aar\u00f3n Franco\",\"@id\":\"https:\\\/\\\/www.anovapeneira.gal\\\/#\\\/schema\\\/person\\\/a907e49c1885c12d6f281770afd68766\"},\"headline\":\"O despoboamento rural en Salvaterra: alternativas para o futuro\",\"datePublished\":\"2024-10-17T08:00:03+00:00\",\"dateModified\":\"2024-10-19T10:47:13+00:00\",\"mainEntityOfPage\":{\"@id\":\"https:\\\/\\\/www.anovapeneira.gal\\\/index.php\\\/2024\\\/10\\\/17\\\/o-despoboamento-rural-en-salvaterra-alternativas-para-o-futuro\\\/\"},\"wordCount\":2367,\"commentCount\":0,\"publisher\":{\"@id\":\"https:\\\/\\\/www.anovapeneira.gal\\\/#organization\"},\"image\":{\"@id\":\"https:\\\/\\\/www.anovapeneira.gal\\\/index.php\\\/2024\\\/10\\\/17\\\/o-despoboamento-rural-en-salvaterra-alternativas-para-o-futuro\\\/#primaryimage\"},\"thumbnailUrl\":\"https:\\\/\\\/www.anovapeneira.gal\\\/wp-content\\\/uploads\\\/2024\\\/10\\\/cruceiro_salvaterra.png\",\"articleSection\":[\"Condado\"],\"inLanguage\":\"gl-ES\",\"potentialAction\":[{\"@type\":\"CommentAction\",\"name\":\"Comment\",\"target\":[\"https:\\\/\\\/www.anovapeneira.gal\\\/index.php\\\/2024\\\/10\\\/17\\\/o-despoboamento-rural-en-salvaterra-alternativas-para-o-futuro\\\/#respond\"]}]},{\"@type\":\"WebPage\",\"@id\":\"https:\\\/\\\/www.anovapeneira.gal\\\/index.php\\\/2024\\\/10\\\/17\\\/o-despoboamento-rural-en-salvaterra-alternativas-para-o-futuro\\\/\",\"url\":\"https:\\\/\\\/www.anovapeneira.gal\\\/index.php\\\/2024\\\/10\\\/17\\\/o-despoboamento-rural-en-salvaterra-alternativas-para-o-futuro\\\/\",\"name\":\"O despoboamento rural en Salvaterra: alternativas para o futuro -\",\"isPartOf\":{\"@id\":\"https:\\\/\\\/www.anovapeneira.gal\\\/#website\"},\"primaryImageOfPage\":{\"@id\":\"https:\\\/\\\/www.anovapeneira.gal\\\/index.php\\\/2024\\\/10\\\/17\\\/o-despoboamento-rural-en-salvaterra-alternativas-para-o-futuro\\\/#primaryimage\"},\"image\":{\"@id\":\"https:\\\/\\\/www.anovapeneira.gal\\\/index.php\\\/2024\\\/10\\\/17\\\/o-despoboamento-rural-en-salvaterra-alternativas-para-o-futuro\\\/#primaryimage\"},\"thumbnailUrl\":\"https:\\\/\\\/www.anovapeneira.gal\\\/wp-content\\\/uploads\\\/2024\\\/10\\\/cruceiro_salvaterra.png\",\"datePublished\":\"2024-10-17T08:00:03+00:00\",\"dateModified\":\"2024-10-19T10:47:13+00:00\",\"breadcrumb\":{\"@id\":\"https:\\\/\\\/www.anovapeneira.gal\\\/index.php\\\/2024\\\/10\\\/17\\\/o-despoboamento-rural-en-salvaterra-alternativas-para-o-futuro\\\/#breadcrumb\"},\"inLanguage\":\"gl-ES\",\"potentialAction\":[{\"@type\":\"ReadAction\",\"target\":[\"https:\\\/\\\/www.anovapeneira.gal\\\/index.php\\\/2024\\\/10\\\/17\\\/o-despoboamento-rural-en-salvaterra-alternativas-para-o-futuro\\\/\"]}]},{\"@type\":\"ImageObject\",\"inLanguage\":\"gl-ES\",\"@id\":\"https:\\\/\\\/www.anovapeneira.gal\\\/index.php\\\/2024\\\/10\\\/17\\\/o-despoboamento-rural-en-salvaterra-alternativas-para-o-futuro\\\/#primaryimage\",\"url\":\"https:\\\/\\\/www.anovapeneira.gal\\\/wp-content\\\/uploads\\\/2024\\\/10\\\/cruceiro_salvaterra.png\",\"contentUrl\":\"https:\\\/\\\/www.anovapeneira.gal\\\/wp-content\\\/uploads\\\/2024\\\/10\\\/cruceiro_salvaterra.png\",\"width\":700,\"height\":522,\"caption\":\"autor Xespi de Cabreira\"},{\"@type\":\"BreadcrumbList\",\"@id\":\"https:\\\/\\\/www.anovapeneira.gal\\\/index.php\\\/2024\\\/10\\\/17\\\/o-despoboamento-rural-en-salvaterra-alternativas-para-o-futuro\\\/#breadcrumb\",\"itemListElement\":[{\"@type\":\"ListItem\",\"position\":1,\"name\":\"Portada\",\"item\":\"https:\\\/\\\/www.anovapeneira.gal\\\/\"},{\"@type\":\"ListItem\",\"position\":2,\"name\":\"O despoboamento rural en Salvaterra: alternativas para o futuro\"}]},{\"@type\":\"WebSite\",\"@id\":\"https:\\\/\\\/www.anovapeneira.gal\\\/#website\",\"url\":\"https:\\\/\\\/www.anovapeneira.gal\\\/\",\"name\":\"\",\"description\":\"Xornal galego de informaci\u00f3n xeral Publicaci\u00f3n mensual de novas de Galicia e en especial dos Concellos da sur da provincia de Pontevedra.\",\"publisher\":{\"@id\":\"https:\\\/\\\/www.anovapeneira.gal\\\/#organization\"},\"potentialAction\":[{\"@type\":\"SearchAction\",\"target\":{\"@type\":\"EntryPoint\",\"urlTemplate\":\"https:\\\/\\\/www.anovapeneira.gal\\\/?s={search_term_string}\"},\"query-input\":{\"@type\":\"PropertyValueSpecification\",\"valueRequired\":true,\"valueName\":\"search_term_string\"}}],\"inLanguage\":\"gl-ES\"},{\"@type\":\"Organization\",\"@id\":\"https:\\\/\\\/www.anovapeneira.gal\\\/#organization\",\"name\":\"A Nova Peneira\",\"url\":\"https:\\\/\\\/www.anovapeneira.gal\\\/\",\"logo\":{\"@type\":\"ImageObject\",\"inLanguage\":\"gl-ES\",\"@id\":\"https:\\\/\\\/www.anovapeneira.gal\\\/#\\\/schema\\\/logo\\\/image\\\/\",\"url\":\"http:\\\/\\\/www.anovapeneira.gal\\\/wp-content\\\/uploads\\\/2019\\\/06\\\/logo_a_nova_peneira_portal_web.png\",\"contentUrl\":\"http:\\\/\\\/www.anovapeneira.gal\\\/wp-content\\\/uploads\\\/2019\\\/06\\\/logo_a_nova_peneira_portal_web.png\",\"width\":300,\"height\":100,\"caption\":\"A Nova Peneira\"},\"image\":{\"@id\":\"https:\\\/\\\/www.anovapeneira.gal\\\/#\\\/schema\\\/logo\\\/image\\\/\"},\"sameAs\":[\"https:\\\/\\\/www.facebook.com\\\/anovapeneira\",\"https:\\\/\\\/x.com\\\/APeneira\"]},{\"@type\":\"Person\",\"@id\":\"https:\\\/\\\/www.anovapeneira.gal\\\/#\\\/schema\\\/person\\\/a907e49c1885c12d6f281770afd68766\",\"name\":\"Aar\u00f3n Franco\",\"image\":{\"@type\":\"ImageObject\",\"inLanguage\":\"gl-ES\",\"@id\":\"https:\\\/\\\/secure.gravatar.com\\\/avatar\\\/82f0614fe09ae3f066983f8d670d0ff15a0917fefe52b93ffa425275b87d6102?s=96&d=mm&r=g\",\"url\":\"https:\\\/\\\/secure.gravatar.com\\\/avatar\\\/82f0614fe09ae3f066983f8d670d0ff15a0917fefe52b93ffa425275b87d6102?s=96&d=mm&r=g\",\"contentUrl\":\"https:\\\/\\\/secure.gravatar.com\\\/avatar\\\/82f0614fe09ae3f066983f8d670d0ff15a0917fefe52b93ffa425275b87d6102?s=96&d=mm&r=g\",\"caption\":\"Aar\u00f3n Franco\"},\"sameAs\":[\"http:\\\/\\\/www.anovapeneira.gal\\\/\"],\"url\":\"https:\\\/\\\/www.anovapeneira.gal\\\/index.php\\\/author\\\/aaron-franco\\\/\"}]}<\/script>\n<!-- \/ Yoast SEO plugin. -->","yoast_head_json":{"title":"O despoboamento rural en Salvaterra: alternativas para o futuro -","robots":{"index":"index","follow":"follow","max-snippet":"max-snippet:-1","max-image-preview":"max-image-preview:large","max-video-preview":"max-video-preview:-1"},"canonical":"https:\/\/www.anovapeneira.gal\/index.php\/2024\/10\/17\/o-despoboamento-rural-en-salvaterra-alternativas-para-o-futuro\/","og_locale":"gl_ES","og_type":"article","og_title":"O despoboamento rural en Salvaterra: alternativas para o futuro -","og_description":"O despoboamento rural \u00e9 un dos problemas estruturais m\u00e1is graves que afectan \u00e1 Galicia do s\u00e9culo XXI, e Salvaterra de Mi\u00f1o, unha pequena vila situada na fronteira con Portugal e ba\u00f1ada polo r\u00edo Mi\u00f1o, \u00e9 un claro exemplo desta crise demogr\u00e1fica que ameaza non s\u00f3 a pervivencia das aldeas galegas, sen\u00f3n tam\u00e9n a propia identidade e cultura que definen ao pobo galego [...]","og_url":"https:\/\/www.anovapeneira.gal\/index.php\/2024\/10\/17\/o-despoboamento-rural-en-salvaterra-alternativas-para-o-futuro\/","article_publisher":"https:\/\/www.facebook.com\/anovapeneira","article_published_time":"2024-10-17T08:00:03+00:00","article_modified_time":"2024-10-19T10:47:13+00:00","og_image":[{"width":700,"height":522,"url":"https:\/\/www.anovapeneira.gal\/wp-content\/uploads\/2024\/10\/cruceiro_salvaterra.png","type":"image\/png"}],"author":"Aar\u00f3n Franco","twitter_card":"summary_large_image","twitter_creator":"@APeneira","twitter_site":"@APeneira","twitter_misc":{"Escrito por":"Aar\u00f3n Franco","Tempo de lectura":"13 minutos"},"schema":{"@context":"https:\/\/schema.org","@graph":[{"@type":"Article","@id":"https:\/\/www.anovapeneira.gal\/index.php\/2024\/10\/17\/o-despoboamento-rural-en-salvaterra-alternativas-para-o-futuro\/#article","isPartOf":{"@id":"https:\/\/www.anovapeneira.gal\/index.php\/2024\/10\/17\/o-despoboamento-rural-en-salvaterra-alternativas-para-o-futuro\/"},"author":{"name":"Aar\u00f3n Franco","@id":"https:\/\/www.anovapeneira.gal\/#\/schema\/person\/a907e49c1885c12d6f281770afd68766"},"headline":"O despoboamento rural en Salvaterra: alternativas para o futuro","datePublished":"2024-10-17T08:00:03+00:00","dateModified":"2024-10-19T10:47:13+00:00","mainEntityOfPage":{"@id":"https:\/\/www.anovapeneira.gal\/index.php\/2024\/10\/17\/o-despoboamento-rural-en-salvaterra-alternativas-para-o-futuro\/"},"wordCount":2367,"commentCount":0,"publisher":{"@id":"https:\/\/www.anovapeneira.gal\/#organization"},"image":{"@id":"https:\/\/www.anovapeneira.gal\/index.php\/2024\/10\/17\/o-despoboamento-rural-en-salvaterra-alternativas-para-o-futuro\/#primaryimage"},"thumbnailUrl":"https:\/\/www.anovapeneira.gal\/wp-content\/uploads\/2024\/10\/cruceiro_salvaterra.png","articleSection":["Condado"],"inLanguage":"gl-ES","potentialAction":[{"@type":"CommentAction","name":"Comment","target":["https:\/\/www.anovapeneira.gal\/index.php\/2024\/10\/17\/o-despoboamento-rural-en-salvaterra-alternativas-para-o-futuro\/#respond"]}]},{"@type":"WebPage","@id":"https:\/\/www.anovapeneira.gal\/index.php\/2024\/10\/17\/o-despoboamento-rural-en-salvaterra-alternativas-para-o-futuro\/","url":"https:\/\/www.anovapeneira.gal\/index.php\/2024\/10\/17\/o-despoboamento-rural-en-salvaterra-alternativas-para-o-futuro\/","name":"O despoboamento rural en Salvaterra: alternativas para o futuro -","isPartOf":{"@id":"https:\/\/www.anovapeneira.gal\/#website"},"primaryImageOfPage":{"@id":"https:\/\/www.anovapeneira.gal\/index.php\/2024\/10\/17\/o-despoboamento-rural-en-salvaterra-alternativas-para-o-futuro\/#primaryimage"},"image":{"@id":"https:\/\/www.anovapeneira.gal\/index.php\/2024\/10\/17\/o-despoboamento-rural-en-salvaterra-alternativas-para-o-futuro\/#primaryimage"},"thumbnailUrl":"https:\/\/www.anovapeneira.gal\/wp-content\/uploads\/2024\/10\/cruceiro_salvaterra.png","datePublished":"2024-10-17T08:00:03+00:00","dateModified":"2024-10-19T10:47:13+00:00","breadcrumb":{"@id":"https:\/\/www.anovapeneira.gal\/index.php\/2024\/10\/17\/o-despoboamento-rural-en-salvaterra-alternativas-para-o-futuro\/#breadcrumb"},"inLanguage":"gl-ES","potentialAction":[{"@type":"ReadAction","target":["https:\/\/www.anovapeneira.gal\/index.php\/2024\/10\/17\/o-despoboamento-rural-en-salvaterra-alternativas-para-o-futuro\/"]}]},{"@type":"ImageObject","inLanguage":"gl-ES","@id":"https:\/\/www.anovapeneira.gal\/index.php\/2024\/10\/17\/o-despoboamento-rural-en-salvaterra-alternativas-para-o-futuro\/#primaryimage","url":"https:\/\/www.anovapeneira.gal\/wp-content\/uploads\/2024\/10\/cruceiro_salvaterra.png","contentUrl":"https:\/\/www.anovapeneira.gal\/wp-content\/uploads\/2024\/10\/cruceiro_salvaterra.png","width":700,"height":522,"caption":"autor Xespi de Cabreira"},{"@type":"BreadcrumbList","@id":"https:\/\/www.anovapeneira.gal\/index.php\/2024\/10\/17\/o-despoboamento-rural-en-salvaterra-alternativas-para-o-futuro\/#breadcrumb","itemListElement":[{"@type":"ListItem","position":1,"name":"Portada","item":"https:\/\/www.anovapeneira.gal\/"},{"@type":"ListItem","position":2,"name":"O despoboamento rural en Salvaterra: alternativas para o futuro"}]},{"@type":"WebSite","@id":"https:\/\/www.anovapeneira.gal\/#website","url":"https:\/\/www.anovapeneira.gal\/","name":"","description":"Xornal galego de informaci\u00f3n xeral Publicaci\u00f3n mensual de novas de Galicia e en especial dos Concellos da sur da provincia de Pontevedra.","publisher":{"@id":"https:\/\/www.anovapeneira.gal\/#organization"},"potentialAction":[{"@type":"SearchAction","target":{"@type":"EntryPoint","urlTemplate":"https:\/\/www.anovapeneira.gal\/?s={search_term_string}"},"query-input":{"@type":"PropertyValueSpecification","valueRequired":true,"valueName":"search_term_string"}}],"inLanguage":"gl-ES"},{"@type":"Organization","@id":"https:\/\/www.anovapeneira.gal\/#organization","name":"A Nova Peneira","url":"https:\/\/www.anovapeneira.gal\/","logo":{"@type":"ImageObject","inLanguage":"gl-ES","@id":"https:\/\/www.anovapeneira.gal\/#\/schema\/logo\/image\/","url":"http:\/\/www.anovapeneira.gal\/wp-content\/uploads\/2019\/06\/logo_a_nova_peneira_portal_web.png","contentUrl":"http:\/\/www.anovapeneira.gal\/wp-content\/uploads\/2019\/06\/logo_a_nova_peneira_portal_web.png","width":300,"height":100,"caption":"A Nova Peneira"},"image":{"@id":"https:\/\/www.anovapeneira.gal\/#\/schema\/logo\/image\/"},"sameAs":["https:\/\/www.facebook.com\/anovapeneira","https:\/\/x.com\/APeneira"]},{"@type":"Person","@id":"https:\/\/www.anovapeneira.gal\/#\/schema\/person\/a907e49c1885c12d6f281770afd68766","name":"Aar\u00f3n Franco","image":{"@type":"ImageObject","inLanguage":"gl-ES","@id":"https:\/\/secure.gravatar.com\/avatar\/82f0614fe09ae3f066983f8d670d0ff15a0917fefe52b93ffa425275b87d6102?s=96&d=mm&r=g","url":"https:\/\/secure.gravatar.com\/avatar\/82f0614fe09ae3f066983f8d670d0ff15a0917fefe52b93ffa425275b87d6102?s=96&d=mm&r=g","contentUrl":"https:\/\/secure.gravatar.com\/avatar\/82f0614fe09ae3f066983f8d670d0ff15a0917fefe52b93ffa425275b87d6102?s=96&d=mm&r=g","caption":"Aar\u00f3n Franco"},"sameAs":["http:\/\/www.anovapeneira.gal\/"],"url":"https:\/\/www.anovapeneira.gal\/index.php\/author\/aaron-franco\/"}]}},"jetpack_featured_media_url":"https:\/\/www.anovapeneira.gal\/wp-content\/uploads\/2024\/10\/cruceiro_salvaterra.png","_links":{"self":[{"href":"https:\/\/www.anovapeneira.gal\/index.php\/wp-json\/wp\/v2\/posts\/12595","targetHints":{"allow":["GET"]}}],"collection":[{"href":"https:\/\/www.anovapeneira.gal\/index.php\/wp-json\/wp\/v2\/posts"}],"about":[{"href":"https:\/\/www.anovapeneira.gal\/index.php\/wp-json\/wp\/v2\/types\/post"}],"author":[{"embeddable":true,"href":"https:\/\/www.anovapeneira.gal\/index.php\/wp-json\/wp\/v2\/users\/23"}],"replies":[{"embeddable":true,"href":"https:\/\/www.anovapeneira.gal\/index.php\/wp-json\/wp\/v2\/comments?post=12595"}],"version-history":[{"count":3,"href":"https:\/\/www.anovapeneira.gal\/index.php\/wp-json\/wp\/v2\/posts\/12595\/revisions"}],"predecessor-version":[{"id":12644,"href":"https:\/\/www.anovapeneira.gal\/index.php\/wp-json\/wp\/v2\/posts\/12595\/revisions\/12644"}],"wp:featuredmedia":[{"embeddable":true,"href":"https:\/\/www.anovapeneira.gal\/index.php\/wp-json\/wp\/v2\/media\/12625"}],"wp:attachment":[{"href":"https:\/\/www.anovapeneira.gal\/index.php\/wp-json\/wp\/v2\/media?parent=12595"}],"wp:term":[{"taxonomy":"category","embeddable":true,"href":"https:\/\/www.anovapeneira.gal\/index.php\/wp-json\/wp\/v2\/categories?post=12595"},{"taxonomy":"post_tag","embeddable":true,"href":"https:\/\/www.anovapeneira.gal\/index.php\/wp-json\/wp\/v2\/tags?post=12595"}],"curies":[{"name":"wp","href":"https:\/\/api.w.org\/{rel}","templated":true}]}}