{"id":12611,"date":"2024-10-18T10:00:31","date_gmt":"2024-10-18T08:00:31","guid":{"rendered":"https:\/\/www.anovapeneira.gal\/?p=12611"},"modified":"2024-10-16T10:18:59","modified_gmt":"2024-10-16T08:18:59","slug":"galicia-en-perigo-pola-pandemia-eolica","status":"publish","type":"post","link":"https:\/\/www.anovapeneira.gal\/index.php\/2024\/10\/18\/galicia-en-perigo-pola-pandemia-eolica\/","title":{"rendered":"Galicia en perigo pola pandemia e\u00f3lica"},"content":{"rendered":"\n<h2 class=\"wp-block-heading\"><strong>Fornelos de Montes.<\/strong><\/h2>\n\n\n\n<p><strong>O modelo econ\u00f3mico, social e cultural que defende o goberno da Xunta \u00e9 un absoluto desastre. \u00c9 curtopracista ,est\u00e1 ao servizo dos oligopolios econ\u00f3micos e pon en perigo existencial os elementos b\u00e1sicos que constit\u00faen o n\u00facleo de Galicia como pobo. Incluso a propia xeograf\u00eda de Galicia , tal como a co\u00f1ecemos, deixar\u00eda de existir se este disparate e\u00f3lico de centos de mu\u00ed\u00f1os de case 200 metros de altura , espallados ao longo de toda a superficie do pa\u00eds, vise a luz tal como inicialmente estaba dese\u00f1ado. N\u00f3s temos defendido en moitas ocasi\u00f3ns que s\u00f3 a forza imparable da sociedade civil organizada pode confrontar con algunha garant\u00eda de \u00e9xito contra quen non lle importa arrasar con todo, con absolutamente todo, para mellorar a conta anual de resultados.<\/strong><\/p>\n\n\n\n<p><strong>O proxecto de parque e\u00f3lico que afectar\u00eda \u00e1 parroquia de Vent\u00edn en Fornelos de Montes \u00e9 monstruoso: 10 mu\u00ed\u00f1os de 180 metros de altura, o dobre dos que hai no Su\u00eddo na actualidade , implicar\u00eda:<\/strong><\/p>\n\n\n\n<p><strong>-Arrasar coa contorna.<\/strong><\/p>\n\n\n\n<p><strong>-Esnaquizar os espazos veci\u00f1os para facer as pistas e infraestruturas necesarias para subir a Vent\u00edn a inmensa cantidade de material necesario para a s\u00faa construci\u00f3n.<\/strong><\/p>\n\n\n\n<p><strong>-P\u00f3r en serio perigo o patrimonio natural.<\/strong><\/p>\n\n\n\n<p><strong>-Por en serio perigo o patrimonio hist\u00f3rico.<\/strong><\/p>\n\n\n\n<p><strong>-P\u00f3r en serio perigo os mananciais e acu\u00edferos da zona. Lembremos que a cidade de Vigo bebe a s\u00faa auga de Fornelos de Montes<\/strong><strong>.<\/strong><\/p>\n\n\n\n<p><strong>Falamos con Javier Blanco, voceiro da Plataforma en Defensa do Sur da Dorsal Galega para que nos conte a s\u00faa visi\u00f3n sobre o proxecto de parque e\u00f3lico na s\u00faa parroquia, el \u00e9 de Vent\u00edn.<\/strong><\/p>\n\n\n\n<p><strong>Javier Blanco, voceiro da Plataforma en Defensa do Sur da Dorsal Galega.<\/strong><\/p>\n\n\n\n<p>\u201c<strong>Non estamos dispostos a asumir esta desfeita \u00e1 nosa contorna ,nin esta agresi\u00f3n ao noso modo de vida\u201d<\/strong><\/p>\n\n\n\n<p><strong>Queremos co\u00f1ecerte un pouco, Javi?<\/strong><\/p>\n\n\n\n<blockquote class=\"wp-block-quote is-layout-flow wp-block-quote-is-layout-flow\">\n<p>Ben, eu son de Vent\u00edn, os \u00faltimos 25 anos dediqueime profesionalmente ao sector das telecomunicaci\u00f3ns.<\/p>\n<\/blockquote>\n\n\n\n<p><strong>Cando empezaches a implicarte no tecido asociativo de Fornelos de Montes?<\/strong><\/p>\n\n\n\n<blockquote class=\"wp-block-quote is-layout-flow wp-block-quote-is-layout-flow\">\n<p>Desde pequeno xa formaba parte da Asociaci\u00f3n de Veci\u00f1os de Vent\u00edn, logo fun vogal do equipo directivo e despois presidente. Cando pasei a ser presidente da Comunidade de Montes deixei a presidencia d\u00e1 Asociaci\u00f3n veci\u00f1al.<\/p>\n<\/blockquote>\n\n\n\n<p><strong>De que ano estamos a falar?<\/strong><\/p>\n\n\n\n<blockquote class=\"wp-block-quote is-layout-flow wp-block-quote-is-layout-flow\">\n<p>Hai dous anos.<\/p>\n<\/blockquote>\n\n\n\n<p><strong>E na plataforma?<\/strong><\/p>\n\n\n\n<blockquote class=\"wp-block-quote is-layout-flow wp-block-quote-is-layout-flow\">\n<p>Aqu\u00ed levo desde o inicio , hai tres anos.<\/p>\n<\/blockquote>\n\n\n\n<p><strong>Por que se montou a plataforma?<\/strong><\/p>\n\n\n\n<blockquote class=\"wp-block-quote is-layout-flow wp-block-quote-is-layout-flow\">\n<p>Pola preocupaci\u00f3n que ti\u00f1amos xente de Covelo, Fornelos, A Lama, Avi\u00f3n e Mondariz da invasi\u00f3n e\u00f3lica. O Sur da Dorsal Galega abarca toda a cordilleira desde o Norte de Pontevedra ata o Sur, podemos dicir que divide as provincias de Pontevedra e de Ourense.<\/p>\n<\/blockquote>\n\n\n\n<p><strong>Entendo que a vosa preocupaci\u00f3n empeza polos procesos de invasi\u00f3n e\u00f3lica que xorden nos anos 19-20?<\/strong><\/p>\n\n\n\n<blockquote class=\"wp-block-quote is-layout-flow wp-block-quote-is-layout-flow\">\n<p>Si, de feito na Serra do Su\u00eddo xa case hai 200 e\u00f3licos montados.<\/p>\n<\/blockquote>\n\n\n\n<p><strong>Pero estes mu\u00ed\u00f1os xa son dos anos 90, non son como os que queren montar agora, estes non chegan a 90 metros. Cantos proxectos hai para incrementar estes parques e\u00f3licos?<\/strong><\/p>\n\n\n\n<blockquote class=\"wp-block-quote is-layout-flow wp-block-quote-is-layout-flow\">\n<p>Cando n\u00f3s empezamos coa plataforma hab\u00eda proxectados seis parques novos, destes conseguimos parar catro.<\/p>\n<\/blockquote>\n\n\n\n<p><strong>Porque se puideron parar, por declaraci\u00f3n de impacto ambiental negativa?<\/strong><\/p>\n\n\n\n<blockquote class=\"wp-block-quote is-layout-flow wp-block-quote-is-layout-flow\">\n<p>Si.<\/p>\n<\/blockquote>\n\n\n\n<p><strong>Como est\u00e1n os outros dous que a\u00ednda non destes parado?<\/strong><\/p>\n\n\n\n<blockquote class=\"wp-block-quote is-layout-flow wp-block-quote-is-layout-flow\">\n<p>Un \u00e9 o de Carballosa. Este, ao principio, tam\u00e9n caeu pero agora aument\u00e1ronlle a potencia en m\u00e1is de 50 W para que pase a formar parte do ministerio, MITECO. Agora ten que ser o estado espa\u00f1ol o que decida se autoriza ou non o parque.<\/p>\n<\/blockquote>\n\n\n\n<blockquote class=\"wp-block-quote is-layout-flow wp-block-quote-is-layout-flow\">\n<p>O sexto est\u00e1 en per\u00edodo de alegaci\u00f3ns.<\/p>\n<\/blockquote>\n\n\n\n<p><strong>E onde se situar\u00eda este se sae adiante?<\/strong><\/p>\n\n\n\n<blockquote class=\"wp-block-quote is-layout-flow wp-block-quote-is-layout-flow\">\n<p>O Coto de Eira que \u00e9 o de Vent\u00edn, o da mi\u00f1a parroquia , abranguer\u00eda tam\u00e9n dous parques m\u00e1is pequenos que tocan parte da Lama O modus operandi destas empresas \u00e9 dividir o que en realidade \u00e9 un parque s\u00f3, en supostos parques m\u00e1is m\u00e1is pequenos, para que a actuaci\u00f3n sexa auton\u00f3mica , pois supostamente te\u00f1en maior receptividade \u00e1 s\u00faa existencia que a administraci\u00f3n do estado<\/p>\n<\/blockquote>\n\n\n\n<p><strong>Exactamente a que parroquias afecta este parque?<\/strong><\/p>\n\n\n\n<blockquote class=\"wp-block-quote is-layout-flow wp-block-quote-is-layout-flow\">\n<p>O parque e\u00f3lico afecta a Vent\u00edn e Traspielas de Fornelos, e a Gargamala de Mondariz. A LTE ( li\u00f1a de media tensi\u00f3n) a diversas parroquias de Fornelos, A Lama, Pazos e Redondela<\/p>\n<\/blockquote>\n\n\n\n<p><strong>Ent\u00f3n no caso de que leve a cabo ser\u00e1 un parque e\u00f3lico monstruoso?<\/strong><\/p>\n\n\n\n<blockquote class=\"wp-block-quote is-layout-flow wp-block-quote-is-layout-flow\">\n<p>Si. Est\u00e1n proxectados dez mu\u00ed\u00f1os de 180 metros de altura. Ser\u00edan m\u00e1is do dobre dos que actualmente est\u00e1n no Su\u00eddo.<\/p>\n<\/blockquote>\n\n\n\n<p><strong>Que consecuencias ter\u00eda para a contorna se este proxecto se leva a cabo tal como mo est\u00e1s contando?<\/strong><\/p>\n\n\n\n<blockquote class=\"wp-block-quote is-layout-flow wp-block-quote-is-layout-flow\">\n<p>Ser\u00edan catastr\u00f3ficas para unha parroquia como Vent\u00edn. Os do Su\u00eddo son moito m\u00e1is pequenos, est\u00e1n afastados da poboaci\u00f3n e xa son dani\u00f1os. Estes qu\u00e9renos facer a un quil\u00f3metro da poboaci\u00f3n. O impacto visual, os ru\u00eddos, etc ser\u00edan nefastos para a veci\u00f1anza. Logo est\u00e1 toda a infraestrutura que leva o montar estes mu\u00ed\u00f1os, o impacto da montaxe das cimentaci\u00f3ns, o transporte nos cami\u00f3ns, a li\u00f1a de alta tensi\u00f3n que vai enterrada e iso require facer levantamento de terreo, estas son zonas de moita monta\u00f1a e as van a dinamitar. O 90% da auga que distrib\u00fae o Concello de Fornelos ven desta zona, as consecuencias que esas actuaci\u00f3ns poden ter nas augas subterr\u00e1neas son tremendas. N\u00f3s non estamos dispostos a asumir toda esta desfeita na nosa contorna e esa agresi\u00f3n ao noso modo de vida. Hai outros que si est\u00e1n dispostos a asumir todo isto a cambio dunha cantidade \u00ednfima de di\u00f1eiro.<\/p>\n<\/blockquote>\n\n\n\n<p><strong>Quen son eses outros?<\/strong><\/p>\n\n\n\n<blockquote class=\"wp-block-quote is-layout-flow wp-block-quote-is-layout-flow\">\n<p>Creo que o concello si est\u00e1 pola labor de aceptar este parque. O BNG a semana pasada presentou unha moci\u00f3n no Concello de Fornelos en contra do parque e os \u00fanicos votos en contra foron os do BNG. O PSOE votou en contra da moci\u00f3n e o PP abst\u00edvose.<\/p>\n<\/blockquote>\n\n\n\n<p><strong>Situaci\u00f3n preocupante claro, cal \u00e9 a visi\u00f3n xeral dos teus veci\u00f1os e veci\u00f1as?<\/strong><\/p>\n\n\n\n<blockquote class=\"wp-block-quote is-layout-flow wp-block-quote-is-layout-flow\">\n<p>Hai xente que est\u00e1 en contra e outra a favor, a ver que pasa na pr\u00f3xima reuni\u00f3n de montes. O argumento dos que est\u00e1n a favor \u00e9 que se dan di\u00f1eiro hai que aproveitalo. Eu penso que a cont\u00eda econ\u00f3mica non compensa a desfeita da contorna que se vai a facer e a afectaci\u00f3n que vai ter na calidade de vida.<\/p>\n<\/blockquote>\n\n\n\n<p><strong>Tes idea de como vai ir a reuni\u00f3n?<\/strong><\/p>\n\n\n\n<blockquote class=\"wp-block-quote is-layout-flow wp-block-quote-is-layout-flow\">\n<p>No ano 2006 xa se proxectou aqu\u00ed un parque de 16 mu\u00ed\u00f1os dos pequenos doutra empresa, os veci\u00f1os naquel momento con outra xunta directiva votaron a favor do parque, en contra s\u00f3 votamos 3 veci\u00f1os. As cousas agora cambiaron, hai m\u00e1is informaci\u00f3n e a afectaci\u00f3n \u00e9 maior.<\/p>\n<\/blockquote>\n\n\n\n<p><strong>Se a votaci\u00f3n foi a favor por que non se fixo o parque?<\/strong><\/p>\n\n\n\n<blockquote class=\"wp-block-quote is-layout-flow wp-block-quote-is-layout-flow\">\n<p>A empresa naquel momento non seguiu adiante co proxecto, penso que porque non ti\u00f1a por onde sacar a enerx\u00eda. A que pide o proxecto actual \u00e9 outra empresa, xa cambiou unhas cantas veces de propietario esa licenza de parque e\u00f3lico.<\/p>\n<\/blockquote>\n\n\n\n<p><strong>Como se chama a empresa que formula o proxecto agora?<\/strong><\/p>\n\n\n\n<blockquote class=\"wp-block-quote is-layout-flow wp-block-quote-is-layout-flow\">\n<p>Puenteengasa.<\/p>\n<\/blockquote>\n\n\n\n<p><strong>Vi\u00f1eron comerciais da empresa para falar cos veci\u00f1os e veci\u00f1as?<\/strong><\/p>\n\n\n\n<blockquote class=\"wp-block-quote is-layout-flow wp-block-quote-is-layout-flow\">\n<p>Non, unha persoa da empresa enviou documentaci\u00f3n por mail.<\/p>\n<\/blockquote>\n\n\n\n<p><strong>Non fixeron oferta econ\u00f3mica de momento?<\/strong><\/p>\n\n\n\n<blockquote class=\"wp-block-quote is-layout-flow wp-block-quote-is-layout-flow\">\n<p>Non, non sabemos o que nos queren dar, est\u00e1n a funcionar as\u00ed. Al\u00e9n da Comunidade de Montes de Vent\u00edn, hai 365 propiedades privadas afectadas pola li\u00f1a de media tensi\u00f3n necesaria par evacuar a enerx\u00eda entre A Lama e Redondela. Polo percorrido entendo que o pr\u00f3ximo proxecto ser\u00e1 no Galleiro, para poder darlle sa\u00edda.<\/p>\n<\/blockquote>\n\n\n\n<p><strong>Al\u00e9n da infraestrutura necesaria para evacuar a enerx\u00eda, entendo que tam\u00e9n haber\u00e1 que facer actuaci\u00f3ns moi importantes para poder subir a inmensa cantidade de material de enormes dimensi\u00f3ns necesarias para a montaxe das Torres. Por exemplo , van pasar polo centro de Redondela para subir por Reboreda? Van ir pola estrada de Nespereira ? Eu creo que haber\u00eda que actuar, e moito, pois penso que non ser\u00eda posible nin por un sitio nin polo outro?<\/strong><\/p>\n\n\n\n<blockquote class=\"wp-block-quote is-layout-flow wp-block-quote-is-layout-flow\">\n<p>Non, claro. Concretamente en Vent\u00edn hai unha zona na que acceso non existe, non hai cami\u00f1os, \u00e9 un monte virxe e o segundo coto m\u00e1is alto de Pontevedra, para chegar arriba van ter que rebentar todo o monte para poder facer as pistas necesarias .Neste coto est\u00e1n todos os mananciais de auga debaixo, ser\u00eda un desastre ambiental tremendo. Na plataforma est\u00e1n a traballar bi\u00f3logos, arque\u00f3logos e enxe\u00f1eiros de maneira altru\u00edsta e calculan que uns 20.000 metros c\u00fabicos de terra contaminada van chegar ao encoro de Eiras, o que abastece de auga \u00e1 cidade de Vigo. Agardamos que o goberno de Vigo e o alcalde da cidade fagan algo para evitalo.<\/p>\n<\/blockquote>\n\n\n\n<p><strong>Falaches co alcalde de Fornelos por este tema?<\/strong><\/p>\n\n\n\n<blockquote class=\"wp-block-quote is-layout-flow wp-block-quote-is-layout-flow\">\n<p>Mantivemos unha conversaci\u00f3n informal e trasladoume que era favorable a este proxecto. Organizamos unha xuntanza no pobo a semana pasada \u00e1 que convidamos ao alcalde do PSOE, ao BNG e ao PP, \u00e1 parte de asociaci\u00f3ns e veci\u00f1os doutras zonas afectadas por e\u00f3licos. O alcalde dixo que non lle interesaba vir, e participaron na reuni\u00f3n, o BNG e o PP . O bloque manifestou a s\u00faa opini\u00f3n contraria e o PP abstense de opinar.<\/p>\n<\/blockquote>\n\n\n\n<p><strong>Como est\u00e1n os \u00e1nimos para seguir coa loita?<\/strong><\/p>\n\n\n\n<blockquote class=\"wp-block-quote is-layout-flow wp-block-quote-is-layout-flow\">\n<p>Levamos tres anos traballando arreo para a oposici\u00f3n deste proxecto, mesmo o ano pasado fixemos un festival no Su\u00eddo que foi un \u00e9xito. Estamos a tope e vemos que hai moita xente dos concellos veci\u00f1os que nos est\u00e1 pedindo axuda para poder organizarse e actuar. A Xunta de Galicia que \u00e9 de todos os galegos s\u00f3 axuda \u00e1s empresas, os veci\u00f1os te\u00f1en que buscarse a vida pola s\u00faa conta.<\/p>\n<\/blockquote>\n\n\n\n<p><strong>Cando acaba o prazo para presentar as alegaci\u00f3ns?<\/strong><\/p>\n\n\n\n<blockquote class=\"wp-block-quote is-layout-flow wp-block-quote-is-layout-flow\">\n<p>O 23 de outubro. No caso de que salga unha DIA desfavorable, que iso esperamos, porque en realidade o impacto ambiental \u00e9 unha monstruosidade o proxecto non sigue adiante. Se desestiman as alegaci\u00f3ns estamos dispostos a chegar a onde faga falta e o seguinte paso ser\u00e1 a v\u00eda xudicial .<\/p>\n<\/blockquote>\n","protected":false},"excerpt":{"rendered":"<div class=\"mh-excerpt\"><p>O modelo econ\u00f3mico, social e cultural que defende o goberno da Xunta \u00e9 un absoluto desastre. \u00c9 curtopracista ,est\u00e1 ao servizo dos oligopolios econ\u00f3micos e pon en perigo existencial os elementos b\u00e1sicos que constit\u00faen o n\u00facleo de Galicia como pobo <a class=\"mh-excerpt-more\" href=\"https:\/\/www.anovapeneira.gal\/index.php\/2024\/10\/18\/galicia-en-perigo-pola-pandemia-eolica\/\" title=\"Galicia en perigo pola pandemia e\u00f3lica\">[&#8230;]<\/a><\/p>\n<\/div>","protected":false},"author":2,"featured_media":12612,"comment_status":"open","ping_status":"open","sticky":false,"template":"","format":"standard","meta":{"_exactmetrics_skip_tracking":false,"_exactmetrics_sitenote_active":false,"_exactmetrics_sitenote_note":"","_exactmetrics_sitenote_category":0,"footnotes":""},"categories":[495],"tags":[452],"class_list":{"0":"post-12611","1":"post","2":"type-post","3":"status-publish","4":"format-standard","5":"has-post-thumbnail","7":"category-redondela-reportaxes","8":"tag-concello-de-fornelos-de-montes"},"yoast_head":"<!-- This site is optimized with the Yoast SEO plugin v27.4 - https:\/\/yoast.com\/product\/yoast-seo-wordpress\/ -->\n<title>Galicia en perigo pola pandemia e\u00f3lica -<\/title>\n<meta name=\"robots\" content=\"index, follow, max-snippet:-1, max-image-preview:large, max-video-preview:-1\" \/>\n<link rel=\"canonical\" href=\"https:\/\/www.anovapeneira.gal\/index.php\/2024\/10\/18\/galicia-en-perigo-pola-pandemia-eolica\/\" \/>\n<meta property=\"og:locale\" content=\"gl_ES\" \/>\n<meta property=\"og:type\" content=\"article\" \/>\n<meta property=\"og:title\" content=\"Galicia en perigo pola pandemia e\u00f3lica -\" \/>\n<meta property=\"og:description\" content=\"O modelo econ\u00f3mico, social e cultural que defende o goberno da Xunta \u00e9 un absoluto desastre. \u00c9 curtopracista ,est\u00e1 ao servizo dos oligopolios econ\u00f3micos e pon en perigo existencial os elementos b\u00e1sicos que constit\u00faen o n\u00facleo de Galicia como pobo [...]\" \/>\n<meta property=\"og:url\" content=\"https:\/\/www.anovapeneira.gal\/index.php\/2024\/10\/18\/galicia-en-perigo-pola-pandemia-eolica\/\" \/>\n<meta property=\"article:publisher\" content=\"https:\/\/www.facebook.com\/anovapeneira\" \/>\n<meta property=\"article:published_time\" content=\"2024-10-18T08:00:31+00:00\" \/>\n<meta property=\"og:image\" content=\"https:\/\/www.anovapeneira.gal\/wp-content\/uploads\/2024\/10\/eolico.png\" \/>\n\t<meta property=\"og:image:width\" content=\"700\" \/>\n\t<meta property=\"og:image:height\" content=\"522\" \/>\n\t<meta property=\"og:image:type\" content=\"image\/png\" \/>\n<meta name=\"author\" content=\"Tino Lago\" \/>\n<meta name=\"twitter:card\" content=\"summary_large_image\" \/>\n<meta name=\"twitter:creator\" content=\"@APeneira\" \/>\n<meta name=\"twitter:site\" content=\"@APeneira\" \/>\n<meta name=\"twitter:label1\" content=\"Escrito por\" \/>\n\t<meta name=\"twitter:data1\" content=\"Tino Lago\" \/>\n\t<meta name=\"twitter:label2\" content=\"Tempo de lectura\" \/>\n\t<meta name=\"twitter:data2\" content=\"4 minutos\" \/>\n<script type=\"application\/ld+json\" class=\"yoast-schema-graph\">{\"@context\":\"https:\\\/\\\/schema.org\",\"@graph\":[{\"@type\":\"Article\",\"@id\":\"https:\\\/\\\/www.anovapeneira.gal\\\/index.php\\\/2024\\\/10\\\/18\\\/galicia-en-perigo-pola-pandemia-eolica\\\/#article\",\"isPartOf\":{\"@id\":\"https:\\\/\\\/www.anovapeneira.gal\\\/index.php\\\/2024\\\/10\\\/18\\\/galicia-en-perigo-pola-pandemia-eolica\\\/\"},\"author\":{\"name\":\"Tino Lago\",\"@id\":\"https:\\\/\\\/www.anovapeneira.gal\\\/#\\\/schema\\\/person\\\/424dfe65e3070fd8a44d22d2c088762a\"},\"headline\":\"Galicia en perigo pola pandemia e\u00f3lica\",\"datePublished\":\"2024-10-18T08:00:31+00:00\",\"mainEntityOfPage\":{\"@id\":\"https:\\\/\\\/www.anovapeneira.gal\\\/index.php\\\/2024\\\/10\\\/18\\\/galicia-en-perigo-pola-pandemia-eolica\\\/\"},\"wordCount\":1770,\"commentCount\":0,\"publisher\":{\"@id\":\"https:\\\/\\\/www.anovapeneira.gal\\\/#organization\"},\"image\":{\"@id\":\"https:\\\/\\\/www.anovapeneira.gal\\\/index.php\\\/2024\\\/10\\\/18\\\/galicia-en-perigo-pola-pandemia-eolica\\\/#primaryimage\"},\"thumbnailUrl\":\"https:\\\/\\\/www.anovapeneira.gal\\\/wp-content\\\/uploads\\\/2024\\\/10\\\/eolico.png\",\"keywords\":[\"Concello de Fornelos de Montes\"],\"articleSection\":[\"Redondela\"],\"inLanguage\":\"gl-ES\",\"potentialAction\":[{\"@type\":\"CommentAction\",\"name\":\"Comment\",\"target\":[\"https:\\\/\\\/www.anovapeneira.gal\\\/index.php\\\/2024\\\/10\\\/18\\\/galicia-en-perigo-pola-pandemia-eolica\\\/#respond\"]}]},{\"@type\":\"WebPage\",\"@id\":\"https:\\\/\\\/www.anovapeneira.gal\\\/index.php\\\/2024\\\/10\\\/18\\\/galicia-en-perigo-pola-pandemia-eolica\\\/\",\"url\":\"https:\\\/\\\/www.anovapeneira.gal\\\/index.php\\\/2024\\\/10\\\/18\\\/galicia-en-perigo-pola-pandemia-eolica\\\/\",\"name\":\"Galicia en perigo pola pandemia e\u00f3lica -\",\"isPartOf\":{\"@id\":\"https:\\\/\\\/www.anovapeneira.gal\\\/#website\"},\"primaryImageOfPage\":{\"@id\":\"https:\\\/\\\/www.anovapeneira.gal\\\/index.php\\\/2024\\\/10\\\/18\\\/galicia-en-perigo-pola-pandemia-eolica\\\/#primaryimage\"},\"image\":{\"@id\":\"https:\\\/\\\/www.anovapeneira.gal\\\/index.php\\\/2024\\\/10\\\/18\\\/galicia-en-perigo-pola-pandemia-eolica\\\/#primaryimage\"},\"thumbnailUrl\":\"https:\\\/\\\/www.anovapeneira.gal\\\/wp-content\\\/uploads\\\/2024\\\/10\\\/eolico.png\",\"datePublished\":\"2024-10-18T08:00:31+00:00\",\"breadcrumb\":{\"@id\":\"https:\\\/\\\/www.anovapeneira.gal\\\/index.php\\\/2024\\\/10\\\/18\\\/galicia-en-perigo-pola-pandemia-eolica\\\/#breadcrumb\"},\"inLanguage\":\"gl-ES\",\"potentialAction\":[{\"@type\":\"ReadAction\",\"target\":[\"https:\\\/\\\/www.anovapeneira.gal\\\/index.php\\\/2024\\\/10\\\/18\\\/galicia-en-perigo-pola-pandemia-eolica\\\/\"]}]},{\"@type\":\"ImageObject\",\"inLanguage\":\"gl-ES\",\"@id\":\"https:\\\/\\\/www.anovapeneira.gal\\\/index.php\\\/2024\\\/10\\\/18\\\/galicia-en-perigo-pola-pandemia-eolica\\\/#primaryimage\",\"url\":\"https:\\\/\\\/www.anovapeneira.gal\\\/wp-content\\\/uploads\\\/2024\\\/10\\\/eolico.png\",\"contentUrl\":\"https:\\\/\\\/www.anovapeneira.gal\\\/wp-content\\\/uploads\\\/2024\\\/10\\\/eolico.png\",\"width\":700,\"height\":522,\"caption\":\"E\u00f3licos\"},{\"@type\":\"BreadcrumbList\",\"@id\":\"https:\\\/\\\/www.anovapeneira.gal\\\/index.php\\\/2024\\\/10\\\/18\\\/galicia-en-perigo-pola-pandemia-eolica\\\/#breadcrumb\",\"itemListElement\":[{\"@type\":\"ListItem\",\"position\":1,\"name\":\"Portada\",\"item\":\"https:\\\/\\\/www.anovapeneira.gal\\\/\"},{\"@type\":\"ListItem\",\"position\":2,\"name\":\"Galicia en perigo pola pandemia e\u00f3lica\"}]},{\"@type\":\"WebSite\",\"@id\":\"https:\\\/\\\/www.anovapeneira.gal\\\/#website\",\"url\":\"https:\\\/\\\/www.anovapeneira.gal\\\/\",\"name\":\"\",\"description\":\"Xornal galego de informaci\u00f3n xeral Publicaci\u00f3n mensual de novas de Galicia e en especial dos Concellos da sur da provincia de Pontevedra.\",\"publisher\":{\"@id\":\"https:\\\/\\\/www.anovapeneira.gal\\\/#organization\"},\"potentialAction\":[{\"@type\":\"SearchAction\",\"target\":{\"@type\":\"EntryPoint\",\"urlTemplate\":\"https:\\\/\\\/www.anovapeneira.gal\\\/?s={search_term_string}\"},\"query-input\":{\"@type\":\"PropertyValueSpecification\",\"valueRequired\":true,\"valueName\":\"search_term_string\"}}],\"inLanguage\":\"gl-ES\"},{\"@type\":\"Organization\",\"@id\":\"https:\\\/\\\/www.anovapeneira.gal\\\/#organization\",\"name\":\"A Nova Peneira\",\"url\":\"https:\\\/\\\/www.anovapeneira.gal\\\/\",\"logo\":{\"@type\":\"ImageObject\",\"inLanguage\":\"gl-ES\",\"@id\":\"https:\\\/\\\/www.anovapeneira.gal\\\/#\\\/schema\\\/logo\\\/image\\\/\",\"url\":\"http:\\\/\\\/www.anovapeneira.gal\\\/wp-content\\\/uploads\\\/2019\\\/06\\\/logo_a_nova_peneira_portal_web.png\",\"contentUrl\":\"http:\\\/\\\/www.anovapeneira.gal\\\/wp-content\\\/uploads\\\/2019\\\/06\\\/logo_a_nova_peneira_portal_web.png\",\"width\":300,\"height\":100,\"caption\":\"A Nova Peneira\"},\"image\":{\"@id\":\"https:\\\/\\\/www.anovapeneira.gal\\\/#\\\/schema\\\/logo\\\/image\\\/\"},\"sameAs\":[\"https:\\\/\\\/www.facebook.com\\\/anovapeneira\",\"https:\\\/\\\/x.com\\\/APeneira\"]},{\"@type\":\"Person\",\"@id\":\"https:\\\/\\\/www.anovapeneira.gal\\\/#\\\/schema\\\/person\\\/424dfe65e3070fd8a44d22d2c088762a\",\"name\":\"Tino Lago\",\"image\":{\"@type\":\"ImageObject\",\"inLanguage\":\"gl-ES\",\"@id\":\"https:\\\/\\\/secure.gravatar.com\\\/avatar\\\/b3df6a06e44bab3111583b90f0f33a0379ee5e3d22cbadd232d39f21c30c62be?s=96&d=mm&r=g\",\"url\":\"https:\\\/\\\/secure.gravatar.com\\\/avatar\\\/b3df6a06e44bab3111583b90f0f33a0379ee5e3d22cbadd232d39f21c30c62be?s=96&d=mm&r=g\",\"contentUrl\":\"https:\\\/\\\/secure.gravatar.com\\\/avatar\\\/b3df6a06e44bab3111583b90f0f33a0379ee5e3d22cbadd232d39f21c30c62be?s=96&d=mm&r=g\",\"caption\":\"Tino Lago\"},\"sameAs\":[\"http:\\\/\\\/www.anovapeneira.gal\"],\"url\":\"https:\\\/\\\/www.anovapeneira.gal\\\/index.php\\\/author\\\/director\\\/\"}]}<\/script>\n<!-- \/ Yoast SEO plugin. -->","yoast_head_json":{"title":"Galicia en perigo pola pandemia e\u00f3lica -","robots":{"index":"index","follow":"follow","max-snippet":"max-snippet:-1","max-image-preview":"max-image-preview:large","max-video-preview":"max-video-preview:-1"},"canonical":"https:\/\/www.anovapeneira.gal\/index.php\/2024\/10\/18\/galicia-en-perigo-pola-pandemia-eolica\/","og_locale":"gl_ES","og_type":"article","og_title":"Galicia en perigo pola pandemia e\u00f3lica -","og_description":"O modelo econ\u00f3mico, social e cultural que defende o goberno da Xunta \u00e9 un absoluto desastre. \u00c9 curtopracista ,est\u00e1 ao servizo dos oligopolios econ\u00f3micos e pon en perigo existencial os elementos b\u00e1sicos que constit\u00faen o n\u00facleo de Galicia como pobo [...]","og_url":"https:\/\/www.anovapeneira.gal\/index.php\/2024\/10\/18\/galicia-en-perigo-pola-pandemia-eolica\/","article_publisher":"https:\/\/www.facebook.com\/anovapeneira","article_published_time":"2024-10-18T08:00:31+00:00","og_image":[{"width":700,"height":522,"url":"https:\/\/www.anovapeneira.gal\/wp-content\/uploads\/2024\/10\/eolico.png","type":"image\/png"}],"author":"Tino Lago","twitter_card":"summary_large_image","twitter_creator":"@APeneira","twitter_site":"@APeneira","twitter_misc":{"Escrito por":"Tino Lago","Tempo de lectura":"4 minutos"},"schema":{"@context":"https:\/\/schema.org","@graph":[{"@type":"Article","@id":"https:\/\/www.anovapeneira.gal\/index.php\/2024\/10\/18\/galicia-en-perigo-pola-pandemia-eolica\/#article","isPartOf":{"@id":"https:\/\/www.anovapeneira.gal\/index.php\/2024\/10\/18\/galicia-en-perigo-pola-pandemia-eolica\/"},"author":{"name":"Tino Lago","@id":"https:\/\/www.anovapeneira.gal\/#\/schema\/person\/424dfe65e3070fd8a44d22d2c088762a"},"headline":"Galicia en perigo pola pandemia e\u00f3lica","datePublished":"2024-10-18T08:00:31+00:00","mainEntityOfPage":{"@id":"https:\/\/www.anovapeneira.gal\/index.php\/2024\/10\/18\/galicia-en-perigo-pola-pandemia-eolica\/"},"wordCount":1770,"commentCount":0,"publisher":{"@id":"https:\/\/www.anovapeneira.gal\/#organization"},"image":{"@id":"https:\/\/www.anovapeneira.gal\/index.php\/2024\/10\/18\/galicia-en-perigo-pola-pandemia-eolica\/#primaryimage"},"thumbnailUrl":"https:\/\/www.anovapeneira.gal\/wp-content\/uploads\/2024\/10\/eolico.png","keywords":["Concello de Fornelos de Montes"],"articleSection":["Redondela"],"inLanguage":"gl-ES","potentialAction":[{"@type":"CommentAction","name":"Comment","target":["https:\/\/www.anovapeneira.gal\/index.php\/2024\/10\/18\/galicia-en-perigo-pola-pandemia-eolica\/#respond"]}]},{"@type":"WebPage","@id":"https:\/\/www.anovapeneira.gal\/index.php\/2024\/10\/18\/galicia-en-perigo-pola-pandemia-eolica\/","url":"https:\/\/www.anovapeneira.gal\/index.php\/2024\/10\/18\/galicia-en-perigo-pola-pandemia-eolica\/","name":"Galicia en perigo pola pandemia e\u00f3lica -","isPartOf":{"@id":"https:\/\/www.anovapeneira.gal\/#website"},"primaryImageOfPage":{"@id":"https:\/\/www.anovapeneira.gal\/index.php\/2024\/10\/18\/galicia-en-perigo-pola-pandemia-eolica\/#primaryimage"},"image":{"@id":"https:\/\/www.anovapeneira.gal\/index.php\/2024\/10\/18\/galicia-en-perigo-pola-pandemia-eolica\/#primaryimage"},"thumbnailUrl":"https:\/\/www.anovapeneira.gal\/wp-content\/uploads\/2024\/10\/eolico.png","datePublished":"2024-10-18T08:00:31+00:00","breadcrumb":{"@id":"https:\/\/www.anovapeneira.gal\/index.php\/2024\/10\/18\/galicia-en-perigo-pola-pandemia-eolica\/#breadcrumb"},"inLanguage":"gl-ES","potentialAction":[{"@type":"ReadAction","target":["https:\/\/www.anovapeneira.gal\/index.php\/2024\/10\/18\/galicia-en-perigo-pola-pandemia-eolica\/"]}]},{"@type":"ImageObject","inLanguage":"gl-ES","@id":"https:\/\/www.anovapeneira.gal\/index.php\/2024\/10\/18\/galicia-en-perigo-pola-pandemia-eolica\/#primaryimage","url":"https:\/\/www.anovapeneira.gal\/wp-content\/uploads\/2024\/10\/eolico.png","contentUrl":"https:\/\/www.anovapeneira.gal\/wp-content\/uploads\/2024\/10\/eolico.png","width":700,"height":522,"caption":"E\u00f3licos"},{"@type":"BreadcrumbList","@id":"https:\/\/www.anovapeneira.gal\/index.php\/2024\/10\/18\/galicia-en-perigo-pola-pandemia-eolica\/#breadcrumb","itemListElement":[{"@type":"ListItem","position":1,"name":"Portada","item":"https:\/\/www.anovapeneira.gal\/"},{"@type":"ListItem","position":2,"name":"Galicia en perigo pola pandemia e\u00f3lica"}]},{"@type":"WebSite","@id":"https:\/\/www.anovapeneira.gal\/#website","url":"https:\/\/www.anovapeneira.gal\/","name":"","description":"Xornal galego de informaci\u00f3n xeral Publicaci\u00f3n mensual de novas de Galicia e en especial dos Concellos da sur da provincia de Pontevedra.","publisher":{"@id":"https:\/\/www.anovapeneira.gal\/#organization"},"potentialAction":[{"@type":"SearchAction","target":{"@type":"EntryPoint","urlTemplate":"https:\/\/www.anovapeneira.gal\/?s={search_term_string}"},"query-input":{"@type":"PropertyValueSpecification","valueRequired":true,"valueName":"search_term_string"}}],"inLanguage":"gl-ES"},{"@type":"Organization","@id":"https:\/\/www.anovapeneira.gal\/#organization","name":"A Nova Peneira","url":"https:\/\/www.anovapeneira.gal\/","logo":{"@type":"ImageObject","inLanguage":"gl-ES","@id":"https:\/\/www.anovapeneira.gal\/#\/schema\/logo\/image\/","url":"http:\/\/www.anovapeneira.gal\/wp-content\/uploads\/2019\/06\/logo_a_nova_peneira_portal_web.png","contentUrl":"http:\/\/www.anovapeneira.gal\/wp-content\/uploads\/2019\/06\/logo_a_nova_peneira_portal_web.png","width":300,"height":100,"caption":"A Nova Peneira"},"image":{"@id":"https:\/\/www.anovapeneira.gal\/#\/schema\/logo\/image\/"},"sameAs":["https:\/\/www.facebook.com\/anovapeneira","https:\/\/x.com\/APeneira"]},{"@type":"Person","@id":"https:\/\/www.anovapeneira.gal\/#\/schema\/person\/424dfe65e3070fd8a44d22d2c088762a","name":"Tino Lago","image":{"@type":"ImageObject","inLanguage":"gl-ES","@id":"https:\/\/secure.gravatar.com\/avatar\/b3df6a06e44bab3111583b90f0f33a0379ee5e3d22cbadd232d39f21c30c62be?s=96&d=mm&r=g","url":"https:\/\/secure.gravatar.com\/avatar\/b3df6a06e44bab3111583b90f0f33a0379ee5e3d22cbadd232d39f21c30c62be?s=96&d=mm&r=g","contentUrl":"https:\/\/secure.gravatar.com\/avatar\/b3df6a06e44bab3111583b90f0f33a0379ee5e3d22cbadd232d39f21c30c62be?s=96&d=mm&r=g","caption":"Tino Lago"},"sameAs":["http:\/\/www.anovapeneira.gal"],"url":"https:\/\/www.anovapeneira.gal\/index.php\/author\/director\/"}]}},"jetpack_featured_media_url":"https:\/\/www.anovapeneira.gal\/wp-content\/uploads\/2024\/10\/eolico.png","_links":{"self":[{"href":"https:\/\/www.anovapeneira.gal\/index.php\/wp-json\/wp\/v2\/posts\/12611","targetHints":{"allow":["GET"]}}],"collection":[{"href":"https:\/\/www.anovapeneira.gal\/index.php\/wp-json\/wp\/v2\/posts"}],"about":[{"href":"https:\/\/www.anovapeneira.gal\/index.php\/wp-json\/wp\/v2\/types\/post"}],"author":[{"embeddable":true,"href":"https:\/\/www.anovapeneira.gal\/index.php\/wp-json\/wp\/v2\/users\/2"}],"replies":[{"embeddable":true,"href":"https:\/\/www.anovapeneira.gal\/index.php\/wp-json\/wp\/v2\/comments?post=12611"}],"version-history":[{"count":2,"href":"https:\/\/www.anovapeneira.gal\/index.php\/wp-json\/wp\/v2\/posts\/12611\/revisions"}],"predecessor-version":[{"id":12614,"href":"https:\/\/www.anovapeneira.gal\/index.php\/wp-json\/wp\/v2\/posts\/12611\/revisions\/12614"}],"wp:featuredmedia":[{"embeddable":true,"href":"https:\/\/www.anovapeneira.gal\/index.php\/wp-json\/wp\/v2\/media\/12612"}],"wp:attachment":[{"href":"https:\/\/www.anovapeneira.gal\/index.php\/wp-json\/wp\/v2\/media?parent=12611"}],"wp:term":[{"taxonomy":"category","embeddable":true,"href":"https:\/\/www.anovapeneira.gal\/index.php\/wp-json\/wp\/v2\/categories?post=12611"},{"taxonomy":"post_tag","embeddable":true,"href":"https:\/\/www.anovapeneira.gal\/index.php\/wp-json\/wp\/v2\/tags?post=12611"}],"curies":[{"name":"wp","href":"https:\/\/api.w.org\/{rel}","templated":true}]}}