{"id":12619,"date":"2024-10-21T10:00:47","date_gmt":"2024-10-21T08:00:47","guid":{"rendered":"https:\/\/www.anovapeneira.gal\/?p=12619"},"modified":"2024-10-17T11:03:35","modified_gmt":"2024-10-17T09:03:35","slug":"a-morte-do-idioma-galego","status":"publish","type":"post","link":"https:\/\/www.anovapeneira.gal\/index.php\/2024\/10\/21\/a-morte-do-idioma-galego\/","title":{"rendered":"A morte do idioma galego"},"content":{"rendered":"\n<figure class=\"wp-block-image size-full is-resized\"><img loading=\"lazy\" decoding=\"async\" width=\"190\" height=\"222\" src=\"https:\/\/www.anovapeneira.gal\/wp-content\/uploads\/2019\/05\/tino_lago_director_a_nova_peneira.jpg\" alt=\"Tino Lago director a Nova Peneira\" class=\"wp-image-189\" style=\"width:80px;height:auto\"\/><figcaption class=\"wp-element-caption\">Tino Lago director a Nova Peneira<\/figcaption><\/figure>\n\n\n\n<p>Unha das diferenzas m\u00e1is relevantes entre as persoas maduras e as que non o son, ben sexa porque non alcanzaron a\u00ednda a idade biol\u00f3xica para poder madurar ben sexa porque nunca o van facer, est\u00e1 en que as primeiras afrontan os problemas de maneira realista, por terribles que estes sexan, mentres que as segundas escapan deles, dulcif\u00edcanos ou ag\u00f3chanos.<\/p>\n\n\n\n<p>O paso inicial e imprescindible para poder solucionar alg\u00fan problema , se en verdade existe vontade real de arranxalo, \u00e9 identificalo con claridade nidia. Por exemplo; unha persoa que padeza ludoman\u00eda non poder\u00e1 escapar da s\u00faa adicci\u00f3n ao xogo se non asume que ten ese problema, unha persoa que sexa adicta a calquera droga non poder\u00e1 ser libre ata que non interiorice que \u00e9 drogadicta.<\/p>\n\n\n\n<p>Unha vez te\u00f1amos identificado o problema c\u00f3mpre valorar a s\u00faa gravidade da maneira m\u00e1is rigorosa posible para podermos aplicar a soluci\u00f3n m\u00e1is adecuada, se a\u00ednda existise a posibilidade real de solucionalo. Canto m\u00e1is grave sexa a situaci\u00f3n do problema que te\u00f1amos entre mans, m\u00e1is complicada e dif\u00edcil ser\u00e1 a terapia que sexa necesario aplicar. Repito: se existe a honestidade necesaria para identificar o problema, e se hai unha vontade real para tratar de arranxalo , que a\u00ed est\u00e1, creo eu, o problema real do caso que nos atinxe.<\/p>\n\n\n\n<p>Se se dese o caso de que tiveramos fortes dores de cabeza e despois das pertinentes an\u00e1lises se nos diagnosticase que padecemos un tumor cerebral, que inevitablemente acabar\u00e1 por ser a causa da nosa morte, que pensariamos se a soluci\u00f3n que se nos prop\u00f3n consiste en procurar un consenso entre o tumor e o cerebro para que cada un ocupe o seu espazo de maneira cordial e harm\u00f3nica?<\/p>\n\n\n\n<p>A resposta \u00e9 moi doada: pensariamos que o terapeuta debe de dedicarse a outra cousa. Desde logo que quen apostase por esa disparatada forma de afrontar a enfermidade non \u00e9 o responsable da aparici\u00f3n do tumor, pero a s\u00faa irresponsabilidade, \u00e1 hora de identificar o mal, e a s\u00faa neglixencia para tratar de solucionalo ten moito que ver na nosa pr\u00f3xima e irremediable morte.<\/p>\n\n\n\n<p>Nesa fase estamos no momento presente no que se refire ao idioma galego, a \u00fanica lingua propia de Galicia. A terrible realidade dos datos de uso que ven de facer p\u00fablicos o Instituto Galego de Estat\u00edstica pono na situaci\u00f3n que \u201cos radicais catastrofistas \u201cvimos denunciando desde hai moito tempo: A presi\u00f3n digl\u00f3sica do idioma castel\u00e1n acabar\u00e1 m\u00e1is pronto que tarde coa morte dun idioma milenario, o noso. E os responsables da Xunta falan de pactos, acordos e consensos.<\/p>\n\n\n\n<p>Os datos son os que son:<\/p>\n\n\n\n<p>-Por primeira vez en m\u00e1is de mil anos o galego non \u00e9 a lingua m\u00e1is falada de Galicia. A porcentaxe das persoas que o utilizamos habitualmente baixou en tan s\u00f3 5 anos m\u00e1is de 6 puntos: do 51,88% no ano 2018 ao 45,51% no 2023. Si, \u00e9 terrible, pero \u00e9 a realidade: 6 puntos en 5 anos. Seguindo con esa progresi\u00f3n nunha soa xeraci\u00f3n o uso do galego en Galicia ser\u00e1 residual, anecd\u00f3tico, practicamente ornamental.<\/p>\n\n\n\n<p>-Nestes cinco anos que abrangue a \u00faltima enquisa sobre usos ling\u00fc\u00edsticos divulgada polo IGE( lembremos que o IGE \u00e9 un instituto oficial da propia Xunta que s\u00f3 opera con criterios t\u00e9cnicos, non \u00e9 ning\u00fan colectivo que obedeza a alg\u00fan tipo de motivaci\u00f3n pol\u00edtica)observamos tam\u00e9n que o monoling\u00fcismo en castel\u00e1n ascende 10 puntos en tan curto per\u00edodo de tempo. Desde o 19,56% que o practicaban no ano 18 ao 29,20% que o exercen no ano 23.<\/p>\n\n\n\n<p>-E por \u00faltimo, para non aburrirlles con datos e m\u00e1is datos amigas e amigos, ofrecemos os n\u00fameros referentes aos usos ling\u00fc\u00edsticos nas persoas m\u00e1is novas. Neste caso as cifras son estarrecedoras e amosan sen ning\u00fan x\u00e9nero de d\u00fabidas que a cadea de transmisi\u00f3n xeracional est\u00e1 rota. Hai 20 anos a porcentaxe de persoas entre 5 e 14 anos que empregaban habitualmente o idioma galego estaba en torno ao 40%, na enquisa do ano 18 as cifras baixaron ata o 26,12% e os \u00faltimos datos que se ve\u00f1en de facer p\u00fablicos, os do 2023, rebaixan o n\u00famero de galegos e galegas de entre 5 e 14 anos que se expresan habitualmente no idioma galego ao 16,19%.<\/p>\n\n\n\n<p>Cun 16% de nenos e nenas que se expresan habitualmente en idioma galego, este est\u00e1 irremediablemente condenado a morte. Con esas porcentaxes rid\u00edculas de uso, nunha soa xeraci\u00f3n, cando eses nenos e nenas sexan homes e mulleres, un idioma de m\u00e1is de mil anos morrer\u00e1, quedar\u00e1 reducido a unha lingua de uso puramente ornamental e acad\u00e9mico. Exactamente igual que aconteceu co lat\u00edn.<\/p>\n\n\n\n<p>Se observamos as declaraci\u00f3ns que os responsables( m\u00e1is ben irresponsables) que dirixen a pol\u00edtica ling\u00fc\u00edstica do goberno galego ofrecen ao respecto destes datos vemos que tiran pos d\u00faas v\u00edas:<\/p>\n\n\n\n<p>1) Facer responsables da situaci\u00f3n \u00e1s persoas emigrantes.<\/p>\n\n\n\n<p>2)Agochar a realidade do problema amosando os datos de co\u00f1ecemento e comprensi\u00f3n ling\u00fc\u00edstica. Esta forma de escapar da situaci\u00f3n real \u00e9 especialmente indignante, porque tanto Anxo Lorenzo, como Valent\u00edn Garc\u00eda saben perfectamente que nada importa que m\u00e1is do 90% da poboaci\u00f3n comprenda o noso idioma se s\u00f3 o usan un 16% de nenos e de nenas. Un idioma vive se se usa, e morre se non se usa, \u00e9 as\u00ed de sinxelo.<\/p>\n\n\n\n<p>A situaci\u00f3n \u00e9 grav\u00edsima?, si sen d\u00fabida. \u00c9 irreversible? Creo que a\u00ednda non. Pero para que exista unha m\u00ednima posibilidade de que non o sexa \u00e9 imprescindible:<\/p>\n\n\n\n<p>-Mudar 180 graos a pol\u00edtica ling\u00fc\u00edstica do goberno galego, porque a Xunta de Galicia nin ten a honestidade necesaria para reco\u00f1ecer a gravidade do problema, nin parece ter( vou ser xeneroso) a vontade real de regular para tratar de arranxalo. \u00c9 necesario lexislar xa, e regular sen medo e sen matices en defensa do idioma galego.<\/p>\n\n\n\n<p>E \u00e9 necesario facelo porque cando unha lingua morre, desaparece un anaco da riqueza da humanidade, p\u00e9rdese diversidade cultural, e co\u00f1ecemento sobre ecosistemas, organizaci\u00f3ns espaciais, temporais e compresi\u00f3n do mundo.<\/p>\n\n\n\n<p>Se o galego morre, desaparecen as folerpas,os ax\u00f3uxeres , os aloumi\u00f1os, a carraxe, a xenreira e o agarimo. Se o galego desaparece ac\u00e1banse os soutos e as chorimas , co idioma morren para sempre os nosos devanceiros que amaron, sufriron, choraron, viviron e morreron en galego. Se o galego se acaba tam\u00e9n morre un pouco de cada un de n\u00f3s.<\/p>\n\n\n\n<p>\u00c9 unha obriga moral de todos os que nos sentimos afectivamente comprometidos co idioma galego, convencer a m\u00e1is e m\u00e1is persoas de que o amor ao noso idioma \u00e9 o amor \u00e1 humanidade: plural, diversa e libre.<\/p>\n","protected":false},"excerpt":{"rendered":"<div class=\"mh-excerpt\"><p>Unha das diferenzas m\u00e1is relevantes entre as persoas maduras e as que non o son, ben sexa porque non alcanzaron a\u00ednda a idade biol\u00f3xica para poder madurar ben sexa porque nunca o van face <a class=\"mh-excerpt-more\" href=\"https:\/\/www.anovapeneira.gal\/index.php\/2024\/10\/21\/a-morte-do-idioma-galego\/\" title=\"A morte do idioma galego\">[&#8230;]<\/a><\/p>\n<\/div>","protected":false},"author":1,"featured_media":12620,"comment_status":"open","ping_status":"open","sticky":false,"template":"","format":"standard","meta":{"_exactmetrics_skip_tracking":false,"_exactmetrics_sitenote_active":false,"_exactmetrics_sitenote_note":"","_exactmetrics_sitenote_category":0,"footnotes":""},"categories":[61],"tags":[1182],"class_list":{"0":"post-12619","1":"post","2":"type-post","3":"status-publish","4":"format-standard","5":"has-post-thumbnail","7":"category-artigo-editorial","8":"tag-ppdeg"},"yoast_head":"<!-- This site is optimized with the Yoast SEO plugin v27.4 - https:\/\/yoast.com\/product\/yoast-seo-wordpress\/ -->\n<title>A morte do idioma galego -<\/title>\n<meta name=\"robots\" content=\"index, follow, max-snippet:-1, max-image-preview:large, max-video-preview:-1\" \/>\n<link rel=\"canonical\" href=\"https:\/\/www.anovapeneira.gal\/index.php\/2024\/10\/21\/a-morte-do-idioma-galego\/\" \/>\n<meta property=\"og:locale\" content=\"gl_ES\" \/>\n<meta property=\"og:type\" content=\"article\" \/>\n<meta property=\"og:title\" content=\"A morte do idioma galego -\" \/>\n<meta property=\"og:description\" content=\"Unha das diferenzas m\u00e1is relevantes entre as persoas maduras e as que non o son, ben sexa porque non alcanzaron a\u00ednda a idade biol\u00f3xica para poder madurar ben sexa porque nunca o van face [...]\" \/>\n<meta property=\"og:url\" content=\"https:\/\/www.anovapeneira.gal\/index.php\/2024\/10\/21\/a-morte-do-idioma-galego\/\" \/>\n<meta property=\"article:publisher\" content=\"https:\/\/www.facebook.com\/anovapeneira\" \/>\n<meta property=\"article:author\" content=\"https:\/\/www.facebook.com\/anovapeneira\/\" \/>\n<meta property=\"article:published_time\" content=\"2024-10-21T08:00:47+00:00\" \/>\n<meta property=\"og:image\" content=\"https:\/\/www.anovapeneira.gal\/wp-content\/uploads\/2024\/10\/rueda.png\" \/>\n\t<meta property=\"og:image:width\" content=\"700\" \/>\n\t<meta property=\"og:image:height\" content=\"522\" \/>\n\t<meta property=\"og:image:type\" content=\"image\/png\" \/>\n<meta name=\"author\" content=\"admin\" \/>\n<meta name=\"twitter:card\" content=\"summary_large_image\" \/>\n<meta name=\"twitter:image\" content=\"https:\/\/www.anovapeneira.gal\/wp-content\/uploads\/2024\/10\/rueda.png\" \/>\n<meta name=\"twitter:creator\" content=\"@APeneira\" \/>\n<meta name=\"twitter:site\" content=\"@APeneira\" \/>\n<meta name=\"twitter:label1\" content=\"Escrito por\" \/>\n\t<meta name=\"twitter:data1\" content=\"admin\" \/>\n\t<meta name=\"twitter:label2\" content=\"Tempo de lectura\" \/>\n\t<meta name=\"twitter:data2\" content=\"7 minutos\" \/>\n<script type=\"application\/ld+json\" class=\"yoast-schema-graph\">{\"@context\":\"https:\\\/\\\/schema.org\",\"@graph\":[{\"@type\":\"Article\",\"@id\":\"https:\\\/\\\/www.anovapeneira.gal\\\/index.php\\\/2024\\\/10\\\/21\\\/a-morte-do-idioma-galego\\\/#article\",\"isPartOf\":{\"@id\":\"https:\\\/\\\/www.anovapeneira.gal\\\/index.php\\\/2024\\\/10\\\/21\\\/a-morte-do-idioma-galego\\\/\"},\"author\":{\"name\":\"admin\",\"@id\":\"https:\\\/\\\/www.anovapeneira.gal\\\/#\\\/schema\\\/person\\\/fb77575328c93684dae4b0075f90c2cb\"},\"headline\":\"A morte do idioma galego\",\"datePublished\":\"2024-10-21T08:00:47+00:00\",\"mainEntityOfPage\":{\"@id\":\"https:\\\/\\\/www.anovapeneira.gal\\\/index.php\\\/2024\\\/10\\\/21\\\/a-morte-do-idioma-galego\\\/\"},\"wordCount\":1137,\"commentCount\":0,\"publisher\":{\"@id\":\"https:\\\/\\\/www.anovapeneira.gal\\\/#organization\"},\"image\":{\"@id\":\"https:\\\/\\\/www.anovapeneira.gal\\\/index.php\\\/2024\\\/10\\\/21\\\/a-morte-do-idioma-galego\\\/#primaryimage\"},\"thumbnailUrl\":\"https:\\\/\\\/www.anovapeneira.gal\\\/wp-content\\\/uploads\\\/2024\\\/10\\\/rueda.png\",\"keywords\":[\"PPdeG\"],\"articleSection\":[\"Artigo editorial\"],\"inLanguage\":\"gl-ES\",\"potentialAction\":[{\"@type\":\"CommentAction\",\"name\":\"Comment\",\"target\":[\"https:\\\/\\\/www.anovapeneira.gal\\\/index.php\\\/2024\\\/10\\\/21\\\/a-morte-do-idioma-galego\\\/#respond\"]}]},{\"@type\":\"WebPage\",\"@id\":\"https:\\\/\\\/www.anovapeneira.gal\\\/index.php\\\/2024\\\/10\\\/21\\\/a-morte-do-idioma-galego\\\/\",\"url\":\"https:\\\/\\\/www.anovapeneira.gal\\\/index.php\\\/2024\\\/10\\\/21\\\/a-morte-do-idioma-galego\\\/\",\"name\":\"A morte do idioma galego -\",\"isPartOf\":{\"@id\":\"https:\\\/\\\/www.anovapeneira.gal\\\/#website\"},\"primaryImageOfPage\":{\"@id\":\"https:\\\/\\\/www.anovapeneira.gal\\\/index.php\\\/2024\\\/10\\\/21\\\/a-morte-do-idioma-galego\\\/#primaryimage\"},\"image\":{\"@id\":\"https:\\\/\\\/www.anovapeneira.gal\\\/index.php\\\/2024\\\/10\\\/21\\\/a-morte-do-idioma-galego\\\/#primaryimage\"},\"thumbnailUrl\":\"https:\\\/\\\/www.anovapeneira.gal\\\/wp-content\\\/uploads\\\/2024\\\/10\\\/rueda.png\",\"datePublished\":\"2024-10-21T08:00:47+00:00\",\"breadcrumb\":{\"@id\":\"https:\\\/\\\/www.anovapeneira.gal\\\/index.php\\\/2024\\\/10\\\/21\\\/a-morte-do-idioma-galego\\\/#breadcrumb\"},\"inLanguage\":\"gl-ES\",\"potentialAction\":[{\"@type\":\"ReadAction\",\"target\":[\"https:\\\/\\\/www.anovapeneira.gal\\\/index.php\\\/2024\\\/10\\\/21\\\/a-morte-do-idioma-galego\\\/\"]}]},{\"@type\":\"ImageObject\",\"inLanguage\":\"gl-ES\",\"@id\":\"https:\\\/\\\/www.anovapeneira.gal\\\/index.php\\\/2024\\\/10\\\/21\\\/a-morte-do-idioma-galego\\\/#primaryimage\",\"url\":\"https:\\\/\\\/www.anovapeneira.gal\\\/wp-content\\\/uploads\\\/2024\\\/10\\\/rueda.png\",\"contentUrl\":\"https:\\\/\\\/www.anovapeneira.gal\\\/wp-content\\\/uploads\\\/2024\\\/10\\\/rueda.png\",\"width\":700,\"height\":522,\"caption\":\"Foto facebook PP de Galicia\"},{\"@type\":\"BreadcrumbList\",\"@id\":\"https:\\\/\\\/www.anovapeneira.gal\\\/index.php\\\/2024\\\/10\\\/21\\\/a-morte-do-idioma-galego\\\/#breadcrumb\",\"itemListElement\":[{\"@type\":\"ListItem\",\"position\":1,\"name\":\"Portada\",\"item\":\"https:\\\/\\\/www.anovapeneira.gal\\\/\"},{\"@type\":\"ListItem\",\"position\":2,\"name\":\"A morte do idioma galego\"}]},{\"@type\":\"WebSite\",\"@id\":\"https:\\\/\\\/www.anovapeneira.gal\\\/#website\",\"url\":\"https:\\\/\\\/www.anovapeneira.gal\\\/\",\"name\":\"\",\"description\":\"Xornal galego de informaci\u00f3n xeral Publicaci\u00f3n mensual de novas de Galicia e en especial dos Concellos da sur da provincia de Pontevedra.\",\"publisher\":{\"@id\":\"https:\\\/\\\/www.anovapeneira.gal\\\/#organization\"},\"potentialAction\":[{\"@type\":\"SearchAction\",\"target\":{\"@type\":\"EntryPoint\",\"urlTemplate\":\"https:\\\/\\\/www.anovapeneira.gal\\\/?s={search_term_string}\"},\"query-input\":{\"@type\":\"PropertyValueSpecification\",\"valueRequired\":true,\"valueName\":\"search_term_string\"}}],\"inLanguage\":\"gl-ES\"},{\"@type\":\"Organization\",\"@id\":\"https:\\\/\\\/www.anovapeneira.gal\\\/#organization\",\"name\":\"A Nova Peneira\",\"url\":\"https:\\\/\\\/www.anovapeneira.gal\\\/\",\"logo\":{\"@type\":\"ImageObject\",\"inLanguage\":\"gl-ES\",\"@id\":\"https:\\\/\\\/www.anovapeneira.gal\\\/#\\\/schema\\\/logo\\\/image\\\/\",\"url\":\"http:\\\/\\\/www.anovapeneira.gal\\\/wp-content\\\/uploads\\\/2019\\\/06\\\/logo_a_nova_peneira_portal_web.png\",\"contentUrl\":\"http:\\\/\\\/www.anovapeneira.gal\\\/wp-content\\\/uploads\\\/2019\\\/06\\\/logo_a_nova_peneira_portal_web.png\",\"width\":300,\"height\":100,\"caption\":\"A Nova Peneira\"},\"image\":{\"@id\":\"https:\\\/\\\/www.anovapeneira.gal\\\/#\\\/schema\\\/logo\\\/image\\\/\"},\"sameAs\":[\"https:\\\/\\\/www.facebook.com\\\/anovapeneira\",\"https:\\\/\\\/x.com\\\/APeneira\"]},{\"@type\":\"Person\",\"@id\":\"https:\\\/\\\/www.anovapeneira.gal\\\/#\\\/schema\\\/person\\\/fb77575328c93684dae4b0075f90c2cb\",\"name\":\"admin\",\"image\":{\"@type\":\"ImageObject\",\"inLanguage\":\"gl-ES\",\"@id\":\"https:\\\/\\\/secure.gravatar.com\\\/avatar\\\/df15c36ce375448325e0bc870e91bbee95947a002eb98dcfd6c2b053e18843e9?s=96&d=mm&r=g\",\"url\":\"https:\\\/\\\/secure.gravatar.com\\\/avatar\\\/df15c36ce375448325e0bc870e91bbee95947a002eb98dcfd6c2b053e18843e9?s=96&d=mm&r=g\",\"contentUrl\":\"https:\\\/\\\/secure.gravatar.com\\\/avatar\\\/df15c36ce375448325e0bc870e91bbee95947a002eb98dcfd6c2b053e18843e9?s=96&d=mm&r=g\",\"caption\":\"admin\"},\"description\":\"Xornal galego de informaci\u00f3n xeral Publicaci\u00f3n mensual de novas de Galicia e en especial dos Concellos da sur da provincia de Pontevedra.\",\"sameAs\":[\"http:\\\/\\\/www.anovapeneira.gal\\\/\",\"https:\\\/\\\/www.facebook.com\\\/anovapeneira\\\/\"],\"url\":\"https:\\\/\\\/www.anovapeneira.gal\\\/index.php\\\/author\\\/admin\\\/\"}]}<\/script>\n<!-- \/ Yoast SEO plugin. -->","yoast_head_json":{"title":"A morte do idioma galego -","robots":{"index":"index","follow":"follow","max-snippet":"max-snippet:-1","max-image-preview":"max-image-preview:large","max-video-preview":"max-video-preview:-1"},"canonical":"https:\/\/www.anovapeneira.gal\/index.php\/2024\/10\/21\/a-morte-do-idioma-galego\/","og_locale":"gl_ES","og_type":"article","og_title":"A morte do idioma galego -","og_description":"Unha das diferenzas m\u00e1is relevantes entre as persoas maduras e as que non o son, ben sexa porque non alcanzaron a\u00ednda a idade biol\u00f3xica para poder madurar ben sexa porque nunca o van face [...]","og_url":"https:\/\/www.anovapeneira.gal\/index.php\/2024\/10\/21\/a-morte-do-idioma-galego\/","article_publisher":"https:\/\/www.facebook.com\/anovapeneira","article_author":"https:\/\/www.facebook.com\/anovapeneira\/","article_published_time":"2024-10-21T08:00:47+00:00","og_image":[{"width":700,"height":522,"url":"https:\/\/www.anovapeneira.gal\/wp-content\/uploads\/2024\/10\/rueda.png","type":"image\/png"}],"author":"admin","twitter_card":"summary_large_image","twitter_image":"https:\/\/www.anovapeneira.gal\/wp-content\/uploads\/2024\/10\/rueda.png","twitter_creator":"@APeneira","twitter_site":"@APeneira","twitter_misc":{"Escrito por":"admin","Tempo de lectura":"7 minutos"},"schema":{"@context":"https:\/\/schema.org","@graph":[{"@type":"Article","@id":"https:\/\/www.anovapeneira.gal\/index.php\/2024\/10\/21\/a-morte-do-idioma-galego\/#article","isPartOf":{"@id":"https:\/\/www.anovapeneira.gal\/index.php\/2024\/10\/21\/a-morte-do-idioma-galego\/"},"author":{"name":"admin","@id":"https:\/\/www.anovapeneira.gal\/#\/schema\/person\/fb77575328c93684dae4b0075f90c2cb"},"headline":"A morte do idioma galego","datePublished":"2024-10-21T08:00:47+00:00","mainEntityOfPage":{"@id":"https:\/\/www.anovapeneira.gal\/index.php\/2024\/10\/21\/a-morte-do-idioma-galego\/"},"wordCount":1137,"commentCount":0,"publisher":{"@id":"https:\/\/www.anovapeneira.gal\/#organization"},"image":{"@id":"https:\/\/www.anovapeneira.gal\/index.php\/2024\/10\/21\/a-morte-do-idioma-galego\/#primaryimage"},"thumbnailUrl":"https:\/\/www.anovapeneira.gal\/wp-content\/uploads\/2024\/10\/rueda.png","keywords":["PPdeG"],"articleSection":["Artigo editorial"],"inLanguage":"gl-ES","potentialAction":[{"@type":"CommentAction","name":"Comment","target":["https:\/\/www.anovapeneira.gal\/index.php\/2024\/10\/21\/a-morte-do-idioma-galego\/#respond"]}]},{"@type":"WebPage","@id":"https:\/\/www.anovapeneira.gal\/index.php\/2024\/10\/21\/a-morte-do-idioma-galego\/","url":"https:\/\/www.anovapeneira.gal\/index.php\/2024\/10\/21\/a-morte-do-idioma-galego\/","name":"A morte do idioma galego -","isPartOf":{"@id":"https:\/\/www.anovapeneira.gal\/#website"},"primaryImageOfPage":{"@id":"https:\/\/www.anovapeneira.gal\/index.php\/2024\/10\/21\/a-morte-do-idioma-galego\/#primaryimage"},"image":{"@id":"https:\/\/www.anovapeneira.gal\/index.php\/2024\/10\/21\/a-morte-do-idioma-galego\/#primaryimage"},"thumbnailUrl":"https:\/\/www.anovapeneira.gal\/wp-content\/uploads\/2024\/10\/rueda.png","datePublished":"2024-10-21T08:00:47+00:00","breadcrumb":{"@id":"https:\/\/www.anovapeneira.gal\/index.php\/2024\/10\/21\/a-morte-do-idioma-galego\/#breadcrumb"},"inLanguage":"gl-ES","potentialAction":[{"@type":"ReadAction","target":["https:\/\/www.anovapeneira.gal\/index.php\/2024\/10\/21\/a-morte-do-idioma-galego\/"]}]},{"@type":"ImageObject","inLanguage":"gl-ES","@id":"https:\/\/www.anovapeneira.gal\/index.php\/2024\/10\/21\/a-morte-do-idioma-galego\/#primaryimage","url":"https:\/\/www.anovapeneira.gal\/wp-content\/uploads\/2024\/10\/rueda.png","contentUrl":"https:\/\/www.anovapeneira.gal\/wp-content\/uploads\/2024\/10\/rueda.png","width":700,"height":522,"caption":"Foto facebook PP de Galicia"},{"@type":"BreadcrumbList","@id":"https:\/\/www.anovapeneira.gal\/index.php\/2024\/10\/21\/a-morte-do-idioma-galego\/#breadcrumb","itemListElement":[{"@type":"ListItem","position":1,"name":"Portada","item":"https:\/\/www.anovapeneira.gal\/"},{"@type":"ListItem","position":2,"name":"A morte do idioma galego"}]},{"@type":"WebSite","@id":"https:\/\/www.anovapeneira.gal\/#website","url":"https:\/\/www.anovapeneira.gal\/","name":"","description":"Xornal galego de informaci\u00f3n xeral Publicaci\u00f3n mensual de novas de Galicia e en especial dos Concellos da sur da provincia de Pontevedra.","publisher":{"@id":"https:\/\/www.anovapeneira.gal\/#organization"},"potentialAction":[{"@type":"SearchAction","target":{"@type":"EntryPoint","urlTemplate":"https:\/\/www.anovapeneira.gal\/?s={search_term_string}"},"query-input":{"@type":"PropertyValueSpecification","valueRequired":true,"valueName":"search_term_string"}}],"inLanguage":"gl-ES"},{"@type":"Organization","@id":"https:\/\/www.anovapeneira.gal\/#organization","name":"A Nova Peneira","url":"https:\/\/www.anovapeneira.gal\/","logo":{"@type":"ImageObject","inLanguage":"gl-ES","@id":"https:\/\/www.anovapeneira.gal\/#\/schema\/logo\/image\/","url":"http:\/\/www.anovapeneira.gal\/wp-content\/uploads\/2019\/06\/logo_a_nova_peneira_portal_web.png","contentUrl":"http:\/\/www.anovapeneira.gal\/wp-content\/uploads\/2019\/06\/logo_a_nova_peneira_portal_web.png","width":300,"height":100,"caption":"A Nova Peneira"},"image":{"@id":"https:\/\/www.anovapeneira.gal\/#\/schema\/logo\/image\/"},"sameAs":["https:\/\/www.facebook.com\/anovapeneira","https:\/\/x.com\/APeneira"]},{"@type":"Person","@id":"https:\/\/www.anovapeneira.gal\/#\/schema\/person\/fb77575328c93684dae4b0075f90c2cb","name":"admin","image":{"@type":"ImageObject","inLanguage":"gl-ES","@id":"https:\/\/secure.gravatar.com\/avatar\/df15c36ce375448325e0bc870e91bbee95947a002eb98dcfd6c2b053e18843e9?s=96&d=mm&r=g","url":"https:\/\/secure.gravatar.com\/avatar\/df15c36ce375448325e0bc870e91bbee95947a002eb98dcfd6c2b053e18843e9?s=96&d=mm&r=g","contentUrl":"https:\/\/secure.gravatar.com\/avatar\/df15c36ce375448325e0bc870e91bbee95947a002eb98dcfd6c2b053e18843e9?s=96&d=mm&r=g","caption":"admin"},"description":"Xornal galego de informaci\u00f3n xeral Publicaci\u00f3n mensual de novas de Galicia e en especial dos Concellos da sur da provincia de Pontevedra.","sameAs":["http:\/\/www.anovapeneira.gal\/","https:\/\/www.facebook.com\/anovapeneira\/"],"url":"https:\/\/www.anovapeneira.gal\/index.php\/author\/admin\/"}]}},"jetpack_featured_media_url":"https:\/\/www.anovapeneira.gal\/wp-content\/uploads\/2024\/10\/rueda.png","_links":{"self":[{"href":"https:\/\/www.anovapeneira.gal\/index.php\/wp-json\/wp\/v2\/posts\/12619","targetHints":{"allow":["GET"]}}],"collection":[{"href":"https:\/\/www.anovapeneira.gal\/index.php\/wp-json\/wp\/v2\/posts"}],"about":[{"href":"https:\/\/www.anovapeneira.gal\/index.php\/wp-json\/wp\/v2\/types\/post"}],"author":[{"embeddable":true,"href":"https:\/\/www.anovapeneira.gal\/index.php\/wp-json\/wp\/v2\/users\/1"}],"replies":[{"embeddable":true,"href":"https:\/\/www.anovapeneira.gal\/index.php\/wp-json\/wp\/v2\/comments?post=12619"}],"version-history":[{"count":1,"href":"https:\/\/www.anovapeneira.gal\/index.php\/wp-json\/wp\/v2\/posts\/12619\/revisions"}],"predecessor-version":[{"id":12621,"href":"https:\/\/www.anovapeneira.gal\/index.php\/wp-json\/wp\/v2\/posts\/12619\/revisions\/12621"}],"wp:featuredmedia":[{"embeddable":true,"href":"https:\/\/www.anovapeneira.gal\/index.php\/wp-json\/wp\/v2\/media\/12620"}],"wp:attachment":[{"href":"https:\/\/www.anovapeneira.gal\/index.php\/wp-json\/wp\/v2\/media?parent=12619"}],"wp:term":[{"taxonomy":"category","embeddable":true,"href":"https:\/\/www.anovapeneira.gal\/index.php\/wp-json\/wp\/v2\/categories?post=12619"},{"taxonomy":"post_tag","embeddable":true,"href":"https:\/\/www.anovapeneira.gal\/index.php\/wp-json\/wp\/v2\/tags?post=12619"}],"curies":[{"name":"wp","href":"https:\/\/api.w.org\/{rel}","templated":true}]}}