{"id":12628,"date":"2024-10-22T10:00:00","date_gmt":"2024-10-22T08:00:00","guid":{"rendered":"https:\/\/www.anovapeneira.gal\/?p=12628"},"modified":"2024-10-17T11:27:26","modified_gmt":"2024-10-17T09:27:26","slug":"a-polemica-do-centro-galego-de-artes-da-imaxe-cgai-o-abandono-da-cultura-audiovisual-galega","status":"publish","type":"post","link":"https:\/\/www.anovapeneira.gal\/index.php\/2024\/10\/22\/a-polemica-do-centro-galego-de-artes-da-imaxe-cgai-o-abandono-da-cultura-audiovisual-galega\/","title":{"rendered":"A pol\u00e9mica do Centro Galego de Artes da Imaxe (CGAI): o abandono da cultura audiovisual galega"},"content":{"rendered":"\n<figure class=\"wp-block-image size-full is-resized\"><img loading=\"lazy\" decoding=\"async\" width=\"513\" height=\"662\" src=\"https:\/\/www.anovapeneira.gal\/wp-content\/uploads\/2024\/03\/Aaron-foto-actual.jpg\" alt=\"\" class=\"wp-image-11469\" style=\"width:112px;height:auto\" srcset=\"https:\/\/www.anovapeneira.gal\/wp-content\/uploads\/2024\/03\/Aaron-foto-actual.jpg 513w, https:\/\/www.anovapeneira.gal\/wp-content\/uploads\/2024\/03\/Aaron-foto-actual-232x300.jpg 232w\" sizes=\"auto, (max-width: 513px) 100vw, 513px\" \/><\/figure>\n\n\n\n<pre class=\"wp-block-preformatted\">Aar\u00f3n Franco, historiador<\/pre>\n\n\n\n<p>Nas \u00faltimas semanas, a situaci\u00f3n cr\u00edtica do Centro Galego de Artes da Imaxe (CGAI), con sede na Coru\u00f1a, volveu a estar no punto de mira despois das queixas de profesionais do sector audiovisual galego e intelectuais pola falta de apoio e promoci\u00f3n por parte do goberno do Partido Popular. Esta instituci\u00f3n, que leva m\u00e1is de trinta anos traballando na conservaci\u00f3n e difusi\u00f3n do patrimonio audiovisual galego, est\u00e1 a sufrir unha desidia alarmante por parte das autoridades culturais, que non priorizan a s\u00faa revitalizaci\u00f3n nin lle outorgan o impulso que merece dentro do panorama cultural galego.<\/p>\n\n\n\n<p>A problem\u00e1tica \u00e9 dobre: por unha banda, o CGAI leva anos traballando con escasos recursos, o que impide o correcto desenvolvemento das s\u00faas funci\u00f3ns de preservaci\u00f3n e difusi\u00f3n do patrimonio audiovisual galego. Pola outra, a s\u00faa programaci\u00f3n, que deber\u00eda ser un escaparate de obras galegas e unha referencia para o cinema alternativo e de autor, foi reducindo a s\u00faa influencia, quedando nun segundo plano fronte a outras propostas culturais, moitas delas de f\u00f3ra, que reciben moito m\u00e1is apoio institucional. O goberno da Xunta, baixo o control do PP, parece ter abandonado a cultura audiovisual galega nunha esquina escura.<\/p>\n\n\n\n<p>A falta de investimentos e de pol\u00edticas activas por parte do goberno auton\u00f3mico en relaci\u00f3n ao CGAI \u00e9 un s\u00edntoma do escaso interese que o Partido Popular ten polo fomento da cultura propia en Galicia, especialmente no \u00e1mbito audiovisual. A produci\u00f3n de cine e audiovisual en galego \u00e9 unha ferramenta clave para a normalizaci\u00f3n e promoci\u00f3n da nosa lingua, as\u00ed como para a creaci\u00f3n de referentes culturais que nos axuden a construir unha identidade de seu no mundo globalizado. Con todo, a Xunta do PP non parece velo as\u00ed. En vez de fomentar unha industria audiovisual forte, que poida competir a nivel estatal e internacional e que sexa capaz de contar historias propias, o que se observa \u00e9 unha constante pol\u00edtica de m\u00ednimos, onde a cultura galega, en xeral, e a audiovisual, en particular, son tratadas como un ap\u00e9ndice de segundo rango.<\/p>\n\n\n\n<p>Neste contexto, o CGAI deber\u00eda ser un dos piares fundamentais para a promoci\u00f3n da cultura audiovisual galega. A s\u00faa funci\u00f3n non \u00e9 s\u00f3 a conservaci\u00f3n do noso patrimonio, sen\u00f3n tam\u00e9n a difusi\u00f3n de cine de autor e independente, as\u00ed como o apoio a novos creadores galegos que, noutro caso, non ter\u00edan espazo para dar a co\u00f1ecer os seus traballos. Mais, sen un apoio decidido por parte das instituci\u00f3ns, sen a asignaci\u00f3n de recursos suficientes e sen unha visi\u00f3n pol\u00edtica que valore a cultura como un ben colectivo que vai m\u00e1is al\u00e1 da s\u00faa dimensi\u00f3n comercial, \u00e9 imposible que o CGAI poida cumprir con esa misi\u00f3n.<\/p>\n\n\n\n<p>A deriva cultural que estamos a vivir en Galicia non \u00e9 casual. Forma parte dun modelo pol\u00edtico que o Partido Popular leva aplicando dende hai anos: unha visi\u00f3n da cultura como un complemento do turismo, orientada m\u00e1is a captar visitantes que a fortalecer a nosa identidade. Este modelo privilexia grandes eventos, moitas veces alleos \u00e1 nosa cultura, e descuida aqueles proxectos que apostan por reforzar o tecido cultural propio. No caso do CGAI, isto vese claramente: o goberno prefire investir en grandes festivais ou en programaci\u00f3ns de cine que poidan atraer un p\u00fablico de f\u00f3ra antes que en crear unha rede s\u00f3lida de apoio ao cinema galego e \u00e1 difusi\u00f3n do noso patrimonio audiovisual.<\/p>\n\n\n\n<p>Esta \u00e9 unha visi\u00f3n que reduce a cultura galega ao folclore e ao pasado, sen entender que a cultura tam\u00e9n \u00e9 unha ferramenta para mirar ao futuro, para crear novas narrativas e para establecer un di\u00e1logo co mundo dende a nosa propia perspectiva. O PP non parece entender isto, e iso vese reflectido tanto no abandono do CGAI como no escaso apoio que reciben outras instituci\u00f3ns culturais que traballan en eidos contempor\u00e1neos, como o audiovisual, o teatro ou a arte contempor\u00e1nea.<\/p>\n\n\n\n<p>Ante esta situaci\u00f3n, \u00e9 preciso un modelo cultural que po\u00f1a no centro a creaci\u00f3n galega, que aposte pola nosa lingua e pola nosa identidade, e que entenda que a cultura non pode estar subordinada aos intereses do turismo. O CGAI debe ser revitalizado, dotado de m\u00e1is recursos e de m\u00e1is apoio institucional, para que poida cumprir co seu papel de gardi\u00e1n e promotor da nosa imaxe no mundo audiovisual.<\/p>\n\n\n\n<p>A cultura galega, en toda a s\u00faa diversidade, \u00e9 unha das principais ferramentas que temos para defender a nosa identidade como pobo e para constru\u00edr un futuro no que a nosa voz sexa escoitada e respectada. Non podemos permitir que o Partido Popular siga releg\u00e1ndoa a un segundo plano, convert\u00e9ndoa nun simple accesorio da industria tur\u00edstica. \u00c9 hora de que Galicia recupere o control da s\u00faa cultura e das s\u00faas instituci\u00f3ns culturais, como o CGAI, para que estas sexan un espello no que nos vexamos como pobo e un faro que nos gu\u00ede cara ao futuro.<\/p>\n","protected":false},"excerpt":{"rendered":"<div class=\"mh-excerpt\"><p>Nas \u00faltimas semanas, a situaci\u00f3n cr\u00edtica do Centro Galego de Artes da Imaxe (CGAI), con sede na Coru\u00f1a, volveu a estar no punto de mira despois das queixas de profesionais do sector audiovisual galego e intelectuais pola falta de apoio e promoci\u00f3n por parte do goberno do Partido Popular <a class=\"mh-excerpt-more\" href=\"https:\/\/www.anovapeneira.gal\/index.php\/2024\/10\/22\/a-polemica-do-centro-galego-de-artes-da-imaxe-cgai-o-abandono-da-cultura-audiovisual-galega\/\" title=\"A pol\u00e9mica do Centro Galego de Artes da Imaxe (CGAI): o abandono da cultura audiovisual galega\">[&#8230;]<\/a><\/p>\n<\/div>","protected":false},"author":23,"featured_media":584,"comment_status":"open","ping_status":"open","sticky":false,"template":"","format":"standard","meta":{"_exactmetrics_skip_tracking":false,"_exactmetrics_sitenote_active":false,"_exactmetrics_sitenote_note":"","_exactmetrics_sitenote_category":0,"footnotes":""},"categories":[7],"tags":[],"class_list":{"0":"post-12628","1":"post","2":"type-post","3":"status-publish","4":"format-standard","5":"has-post-thumbnail","7":"category-artigos-de-opinion"},"yoast_head":"<!-- This site is optimized with the Yoast SEO plugin v27.4 - https:\/\/yoast.com\/product\/yoast-seo-wordpress\/ -->\n<title>A pol\u00e9mica do Centro Galego de Artes da Imaxe (CGAI): o abandono da cultura audiovisual galega -<\/title>\n<meta name=\"robots\" content=\"index, follow, max-snippet:-1, max-image-preview:large, max-video-preview:-1\" \/>\n<link rel=\"canonical\" href=\"https:\/\/www.anovapeneira.gal\/index.php\/2024\/10\/22\/a-polemica-do-centro-galego-de-artes-da-imaxe-cgai-o-abandono-da-cultura-audiovisual-galega\/\" \/>\n<meta property=\"og:locale\" content=\"gl_ES\" \/>\n<meta property=\"og:type\" content=\"article\" \/>\n<meta property=\"og:title\" content=\"A pol\u00e9mica do Centro Galego de Artes da Imaxe (CGAI): o abandono da cultura audiovisual galega -\" \/>\n<meta property=\"og:description\" content=\"Nas \u00faltimas semanas, a situaci\u00f3n cr\u00edtica do Centro Galego de Artes da Imaxe (CGAI), con sede na Coru\u00f1a, volveu a estar no punto de mira despois das queixas de profesionais do sector audiovisual galego e intelectuais pola falta de apoio e promoci\u00f3n por parte do goberno do Partido Popular [...]\" \/>\n<meta property=\"og:url\" content=\"https:\/\/www.anovapeneira.gal\/index.php\/2024\/10\/22\/a-polemica-do-centro-galego-de-artes-da-imaxe-cgai-o-abandono-da-cultura-audiovisual-galega\/\" \/>\n<meta property=\"article:publisher\" content=\"https:\/\/www.facebook.com\/anovapeneira\" \/>\n<meta property=\"article:published_time\" content=\"2024-10-22T08:00:00+00:00\" \/>\n<meta property=\"og:image\" content=\"https:\/\/www.anovapeneira.gal\/wp-content\/uploads\/2019\/07\/ARTIGO_DE_OPINION_A_NOVA_PENEIRA.jpg\" \/>\n\t<meta property=\"og:image:width\" content=\"720\" \/>\n\t<meta property=\"og:image:height\" content=\"473\" \/>\n\t<meta property=\"og:image:type\" content=\"image\/jpeg\" \/>\n<meta name=\"author\" content=\"Aar\u00f3n Franco\" \/>\n<meta name=\"twitter:card\" content=\"summary_large_image\" \/>\n<meta name=\"twitter:image\" content=\"https:\/\/www.anovapeneira.gal\/wp-content\/uploads\/2019\/07\/ARTIGO_DE_OPINION_A_NOVA_PENEIRA.jpg\" \/>\n<meta name=\"twitter:creator\" content=\"@APeneira\" \/>\n<meta name=\"twitter:site\" content=\"@APeneira\" \/>\n<meta name=\"twitter:label1\" content=\"Escrito por\" \/>\n\t<meta name=\"twitter:data1\" content=\"Aar\u00f3n Franco\" \/>\n\t<meta name=\"twitter:label2\" content=\"Tempo de lectura\" \/>\n\t<meta name=\"twitter:data2\" content=\"5 minutos\" \/>\n<script type=\"application\/ld+json\" class=\"yoast-schema-graph\">{\"@context\":\"https:\\\/\\\/schema.org\",\"@graph\":[{\"@type\":\"Article\",\"@id\":\"https:\\\/\\\/www.anovapeneira.gal\\\/index.php\\\/2024\\\/10\\\/22\\\/a-polemica-do-centro-galego-de-artes-da-imaxe-cgai-o-abandono-da-cultura-audiovisual-galega\\\/#article\",\"isPartOf\":{\"@id\":\"https:\\\/\\\/www.anovapeneira.gal\\\/index.php\\\/2024\\\/10\\\/22\\\/a-polemica-do-centro-galego-de-artes-da-imaxe-cgai-o-abandono-da-cultura-audiovisual-galega\\\/\"},\"author\":{\"name\":\"Aar\u00f3n Franco\",\"@id\":\"https:\\\/\\\/www.anovapeneira.gal\\\/#\\\/schema\\\/person\\\/a907e49c1885c12d6f281770afd68766\"},\"headline\":\"A pol\u00e9mica do Centro Galego de Artes da Imaxe (CGAI): o abandono da cultura audiovisual galega\",\"datePublished\":\"2024-10-22T08:00:00+00:00\",\"mainEntityOfPage\":{\"@id\":\"https:\\\/\\\/www.anovapeneira.gal\\\/index.php\\\/2024\\\/10\\\/22\\\/a-polemica-do-centro-galego-de-artes-da-imaxe-cgai-o-abandono-da-cultura-audiovisual-galega\\\/\"},\"wordCount\":882,\"commentCount\":0,\"publisher\":{\"@id\":\"https:\\\/\\\/www.anovapeneira.gal\\\/#organization\"},\"image\":{\"@id\":\"https:\\\/\\\/www.anovapeneira.gal\\\/index.php\\\/2024\\\/10\\\/22\\\/a-polemica-do-centro-galego-de-artes-da-imaxe-cgai-o-abandono-da-cultura-audiovisual-galega\\\/#primaryimage\"},\"thumbnailUrl\":\"https:\\\/\\\/www.anovapeneira.gal\\\/wp-content\\\/uploads\\\/2019\\\/07\\\/ARTIGO_DE_OPINION_A_NOVA_PENEIRA.jpg\",\"articleSection\":[\"Artigos de opini\u00f3n\"],\"inLanguage\":\"gl-ES\",\"potentialAction\":[{\"@type\":\"CommentAction\",\"name\":\"Comment\",\"target\":[\"https:\\\/\\\/www.anovapeneira.gal\\\/index.php\\\/2024\\\/10\\\/22\\\/a-polemica-do-centro-galego-de-artes-da-imaxe-cgai-o-abandono-da-cultura-audiovisual-galega\\\/#respond\"]}]},{\"@type\":\"WebPage\",\"@id\":\"https:\\\/\\\/www.anovapeneira.gal\\\/index.php\\\/2024\\\/10\\\/22\\\/a-polemica-do-centro-galego-de-artes-da-imaxe-cgai-o-abandono-da-cultura-audiovisual-galega\\\/\",\"url\":\"https:\\\/\\\/www.anovapeneira.gal\\\/index.php\\\/2024\\\/10\\\/22\\\/a-polemica-do-centro-galego-de-artes-da-imaxe-cgai-o-abandono-da-cultura-audiovisual-galega\\\/\",\"name\":\"A pol\u00e9mica do Centro Galego de Artes da Imaxe (CGAI): o abandono da cultura audiovisual galega -\",\"isPartOf\":{\"@id\":\"https:\\\/\\\/www.anovapeneira.gal\\\/#website\"},\"primaryImageOfPage\":{\"@id\":\"https:\\\/\\\/www.anovapeneira.gal\\\/index.php\\\/2024\\\/10\\\/22\\\/a-polemica-do-centro-galego-de-artes-da-imaxe-cgai-o-abandono-da-cultura-audiovisual-galega\\\/#primaryimage\"},\"image\":{\"@id\":\"https:\\\/\\\/www.anovapeneira.gal\\\/index.php\\\/2024\\\/10\\\/22\\\/a-polemica-do-centro-galego-de-artes-da-imaxe-cgai-o-abandono-da-cultura-audiovisual-galega\\\/#primaryimage\"},\"thumbnailUrl\":\"https:\\\/\\\/www.anovapeneira.gal\\\/wp-content\\\/uploads\\\/2019\\\/07\\\/ARTIGO_DE_OPINION_A_NOVA_PENEIRA.jpg\",\"datePublished\":\"2024-10-22T08:00:00+00:00\",\"breadcrumb\":{\"@id\":\"https:\\\/\\\/www.anovapeneira.gal\\\/index.php\\\/2024\\\/10\\\/22\\\/a-polemica-do-centro-galego-de-artes-da-imaxe-cgai-o-abandono-da-cultura-audiovisual-galega\\\/#breadcrumb\"},\"inLanguage\":\"gl-ES\",\"potentialAction\":[{\"@type\":\"ReadAction\",\"target\":[\"https:\\\/\\\/www.anovapeneira.gal\\\/index.php\\\/2024\\\/10\\\/22\\\/a-polemica-do-centro-galego-de-artes-da-imaxe-cgai-o-abandono-da-cultura-audiovisual-galega\\\/\"]}]},{\"@type\":\"ImageObject\",\"inLanguage\":\"gl-ES\",\"@id\":\"https:\\\/\\\/www.anovapeneira.gal\\\/index.php\\\/2024\\\/10\\\/22\\\/a-polemica-do-centro-galego-de-artes-da-imaxe-cgai-o-abandono-da-cultura-audiovisual-galega\\\/#primaryimage\",\"url\":\"https:\\\/\\\/www.anovapeneira.gal\\\/wp-content\\\/uploads\\\/2019\\\/07\\\/ARTIGO_DE_OPINION_A_NOVA_PENEIRA.jpg\",\"contentUrl\":\"https:\\\/\\\/www.anovapeneira.gal\\\/wp-content\\\/uploads\\\/2019\\\/07\\\/ARTIGO_DE_OPINION_A_NOVA_PENEIRA.jpg\",\"width\":720,\"height\":473,\"caption\":\"Artigo de opini\u00f3n A Nova Peneira\"},{\"@type\":\"BreadcrumbList\",\"@id\":\"https:\\\/\\\/www.anovapeneira.gal\\\/index.php\\\/2024\\\/10\\\/22\\\/a-polemica-do-centro-galego-de-artes-da-imaxe-cgai-o-abandono-da-cultura-audiovisual-galega\\\/#breadcrumb\",\"itemListElement\":[{\"@type\":\"ListItem\",\"position\":1,\"name\":\"Portada\",\"item\":\"https:\\\/\\\/www.anovapeneira.gal\\\/\"},{\"@type\":\"ListItem\",\"position\":2,\"name\":\"A pol\u00e9mica do Centro Galego de Artes da Imaxe (CGAI): o abandono da cultura audiovisual galega\"}]},{\"@type\":\"WebSite\",\"@id\":\"https:\\\/\\\/www.anovapeneira.gal\\\/#website\",\"url\":\"https:\\\/\\\/www.anovapeneira.gal\\\/\",\"name\":\"\",\"description\":\"Xornal galego de informaci\u00f3n xeral Publicaci\u00f3n mensual de novas de Galicia e en especial dos Concellos da sur da provincia de Pontevedra.\",\"publisher\":{\"@id\":\"https:\\\/\\\/www.anovapeneira.gal\\\/#organization\"},\"potentialAction\":[{\"@type\":\"SearchAction\",\"target\":{\"@type\":\"EntryPoint\",\"urlTemplate\":\"https:\\\/\\\/www.anovapeneira.gal\\\/?s={search_term_string}\"},\"query-input\":{\"@type\":\"PropertyValueSpecification\",\"valueRequired\":true,\"valueName\":\"search_term_string\"}}],\"inLanguage\":\"gl-ES\"},{\"@type\":\"Organization\",\"@id\":\"https:\\\/\\\/www.anovapeneira.gal\\\/#organization\",\"name\":\"A Nova Peneira\",\"url\":\"https:\\\/\\\/www.anovapeneira.gal\\\/\",\"logo\":{\"@type\":\"ImageObject\",\"inLanguage\":\"gl-ES\",\"@id\":\"https:\\\/\\\/www.anovapeneira.gal\\\/#\\\/schema\\\/logo\\\/image\\\/\",\"url\":\"http:\\\/\\\/www.anovapeneira.gal\\\/wp-content\\\/uploads\\\/2019\\\/06\\\/logo_a_nova_peneira_portal_web.png\",\"contentUrl\":\"http:\\\/\\\/www.anovapeneira.gal\\\/wp-content\\\/uploads\\\/2019\\\/06\\\/logo_a_nova_peneira_portal_web.png\",\"width\":300,\"height\":100,\"caption\":\"A Nova Peneira\"},\"image\":{\"@id\":\"https:\\\/\\\/www.anovapeneira.gal\\\/#\\\/schema\\\/logo\\\/image\\\/\"},\"sameAs\":[\"https:\\\/\\\/www.facebook.com\\\/anovapeneira\",\"https:\\\/\\\/x.com\\\/APeneira\"]},{\"@type\":\"Person\",\"@id\":\"https:\\\/\\\/www.anovapeneira.gal\\\/#\\\/schema\\\/person\\\/a907e49c1885c12d6f281770afd68766\",\"name\":\"Aar\u00f3n Franco\",\"image\":{\"@type\":\"ImageObject\",\"inLanguage\":\"gl-ES\",\"@id\":\"https:\\\/\\\/secure.gravatar.com\\\/avatar\\\/82f0614fe09ae3f066983f8d670d0ff15a0917fefe52b93ffa425275b87d6102?s=96&d=mm&r=g\",\"url\":\"https:\\\/\\\/secure.gravatar.com\\\/avatar\\\/82f0614fe09ae3f066983f8d670d0ff15a0917fefe52b93ffa425275b87d6102?s=96&d=mm&r=g\",\"contentUrl\":\"https:\\\/\\\/secure.gravatar.com\\\/avatar\\\/82f0614fe09ae3f066983f8d670d0ff15a0917fefe52b93ffa425275b87d6102?s=96&d=mm&r=g\",\"caption\":\"Aar\u00f3n Franco\"},\"sameAs\":[\"http:\\\/\\\/www.anovapeneira.gal\\\/\"],\"url\":\"https:\\\/\\\/www.anovapeneira.gal\\\/index.php\\\/author\\\/aaron-franco\\\/\"}]}<\/script>\n<!-- \/ Yoast SEO plugin. -->","yoast_head_json":{"title":"A pol\u00e9mica do Centro Galego de Artes da Imaxe (CGAI): o abandono da cultura audiovisual galega -","robots":{"index":"index","follow":"follow","max-snippet":"max-snippet:-1","max-image-preview":"max-image-preview:large","max-video-preview":"max-video-preview:-1"},"canonical":"https:\/\/www.anovapeneira.gal\/index.php\/2024\/10\/22\/a-polemica-do-centro-galego-de-artes-da-imaxe-cgai-o-abandono-da-cultura-audiovisual-galega\/","og_locale":"gl_ES","og_type":"article","og_title":"A pol\u00e9mica do Centro Galego de Artes da Imaxe (CGAI): o abandono da cultura audiovisual galega -","og_description":"Nas \u00faltimas semanas, a situaci\u00f3n cr\u00edtica do Centro Galego de Artes da Imaxe (CGAI), con sede na Coru\u00f1a, volveu a estar no punto de mira despois das queixas de profesionais do sector audiovisual galego e intelectuais pola falta de apoio e promoci\u00f3n por parte do goberno do Partido Popular [...]","og_url":"https:\/\/www.anovapeneira.gal\/index.php\/2024\/10\/22\/a-polemica-do-centro-galego-de-artes-da-imaxe-cgai-o-abandono-da-cultura-audiovisual-galega\/","article_publisher":"https:\/\/www.facebook.com\/anovapeneira","article_published_time":"2024-10-22T08:00:00+00:00","og_image":[{"width":720,"height":473,"url":"https:\/\/www.anovapeneira.gal\/wp-content\/uploads\/2019\/07\/ARTIGO_DE_OPINION_A_NOVA_PENEIRA.jpg","type":"image\/jpeg"}],"author":"Aar\u00f3n Franco","twitter_card":"summary_large_image","twitter_image":"https:\/\/www.anovapeneira.gal\/wp-content\/uploads\/2019\/07\/ARTIGO_DE_OPINION_A_NOVA_PENEIRA.jpg","twitter_creator":"@APeneira","twitter_site":"@APeneira","twitter_misc":{"Escrito por":"Aar\u00f3n Franco","Tempo de lectura":"5 minutos"},"schema":{"@context":"https:\/\/schema.org","@graph":[{"@type":"Article","@id":"https:\/\/www.anovapeneira.gal\/index.php\/2024\/10\/22\/a-polemica-do-centro-galego-de-artes-da-imaxe-cgai-o-abandono-da-cultura-audiovisual-galega\/#article","isPartOf":{"@id":"https:\/\/www.anovapeneira.gal\/index.php\/2024\/10\/22\/a-polemica-do-centro-galego-de-artes-da-imaxe-cgai-o-abandono-da-cultura-audiovisual-galega\/"},"author":{"name":"Aar\u00f3n Franco","@id":"https:\/\/www.anovapeneira.gal\/#\/schema\/person\/a907e49c1885c12d6f281770afd68766"},"headline":"A pol\u00e9mica do Centro Galego de Artes da Imaxe (CGAI): o abandono da cultura audiovisual galega","datePublished":"2024-10-22T08:00:00+00:00","mainEntityOfPage":{"@id":"https:\/\/www.anovapeneira.gal\/index.php\/2024\/10\/22\/a-polemica-do-centro-galego-de-artes-da-imaxe-cgai-o-abandono-da-cultura-audiovisual-galega\/"},"wordCount":882,"commentCount":0,"publisher":{"@id":"https:\/\/www.anovapeneira.gal\/#organization"},"image":{"@id":"https:\/\/www.anovapeneira.gal\/index.php\/2024\/10\/22\/a-polemica-do-centro-galego-de-artes-da-imaxe-cgai-o-abandono-da-cultura-audiovisual-galega\/#primaryimage"},"thumbnailUrl":"https:\/\/www.anovapeneira.gal\/wp-content\/uploads\/2019\/07\/ARTIGO_DE_OPINION_A_NOVA_PENEIRA.jpg","articleSection":["Artigos de opini\u00f3n"],"inLanguage":"gl-ES","potentialAction":[{"@type":"CommentAction","name":"Comment","target":["https:\/\/www.anovapeneira.gal\/index.php\/2024\/10\/22\/a-polemica-do-centro-galego-de-artes-da-imaxe-cgai-o-abandono-da-cultura-audiovisual-galega\/#respond"]}]},{"@type":"WebPage","@id":"https:\/\/www.anovapeneira.gal\/index.php\/2024\/10\/22\/a-polemica-do-centro-galego-de-artes-da-imaxe-cgai-o-abandono-da-cultura-audiovisual-galega\/","url":"https:\/\/www.anovapeneira.gal\/index.php\/2024\/10\/22\/a-polemica-do-centro-galego-de-artes-da-imaxe-cgai-o-abandono-da-cultura-audiovisual-galega\/","name":"A pol\u00e9mica do Centro Galego de Artes da Imaxe (CGAI): o abandono da cultura audiovisual galega -","isPartOf":{"@id":"https:\/\/www.anovapeneira.gal\/#website"},"primaryImageOfPage":{"@id":"https:\/\/www.anovapeneira.gal\/index.php\/2024\/10\/22\/a-polemica-do-centro-galego-de-artes-da-imaxe-cgai-o-abandono-da-cultura-audiovisual-galega\/#primaryimage"},"image":{"@id":"https:\/\/www.anovapeneira.gal\/index.php\/2024\/10\/22\/a-polemica-do-centro-galego-de-artes-da-imaxe-cgai-o-abandono-da-cultura-audiovisual-galega\/#primaryimage"},"thumbnailUrl":"https:\/\/www.anovapeneira.gal\/wp-content\/uploads\/2019\/07\/ARTIGO_DE_OPINION_A_NOVA_PENEIRA.jpg","datePublished":"2024-10-22T08:00:00+00:00","breadcrumb":{"@id":"https:\/\/www.anovapeneira.gal\/index.php\/2024\/10\/22\/a-polemica-do-centro-galego-de-artes-da-imaxe-cgai-o-abandono-da-cultura-audiovisual-galega\/#breadcrumb"},"inLanguage":"gl-ES","potentialAction":[{"@type":"ReadAction","target":["https:\/\/www.anovapeneira.gal\/index.php\/2024\/10\/22\/a-polemica-do-centro-galego-de-artes-da-imaxe-cgai-o-abandono-da-cultura-audiovisual-galega\/"]}]},{"@type":"ImageObject","inLanguage":"gl-ES","@id":"https:\/\/www.anovapeneira.gal\/index.php\/2024\/10\/22\/a-polemica-do-centro-galego-de-artes-da-imaxe-cgai-o-abandono-da-cultura-audiovisual-galega\/#primaryimage","url":"https:\/\/www.anovapeneira.gal\/wp-content\/uploads\/2019\/07\/ARTIGO_DE_OPINION_A_NOVA_PENEIRA.jpg","contentUrl":"https:\/\/www.anovapeneira.gal\/wp-content\/uploads\/2019\/07\/ARTIGO_DE_OPINION_A_NOVA_PENEIRA.jpg","width":720,"height":473,"caption":"Artigo de opini\u00f3n A Nova Peneira"},{"@type":"BreadcrumbList","@id":"https:\/\/www.anovapeneira.gal\/index.php\/2024\/10\/22\/a-polemica-do-centro-galego-de-artes-da-imaxe-cgai-o-abandono-da-cultura-audiovisual-galega\/#breadcrumb","itemListElement":[{"@type":"ListItem","position":1,"name":"Portada","item":"https:\/\/www.anovapeneira.gal\/"},{"@type":"ListItem","position":2,"name":"A pol\u00e9mica do Centro Galego de Artes da Imaxe (CGAI): o abandono da cultura audiovisual galega"}]},{"@type":"WebSite","@id":"https:\/\/www.anovapeneira.gal\/#website","url":"https:\/\/www.anovapeneira.gal\/","name":"","description":"Xornal galego de informaci\u00f3n xeral Publicaci\u00f3n mensual de novas de Galicia e en especial dos Concellos da sur da provincia de Pontevedra.","publisher":{"@id":"https:\/\/www.anovapeneira.gal\/#organization"},"potentialAction":[{"@type":"SearchAction","target":{"@type":"EntryPoint","urlTemplate":"https:\/\/www.anovapeneira.gal\/?s={search_term_string}"},"query-input":{"@type":"PropertyValueSpecification","valueRequired":true,"valueName":"search_term_string"}}],"inLanguage":"gl-ES"},{"@type":"Organization","@id":"https:\/\/www.anovapeneira.gal\/#organization","name":"A Nova Peneira","url":"https:\/\/www.anovapeneira.gal\/","logo":{"@type":"ImageObject","inLanguage":"gl-ES","@id":"https:\/\/www.anovapeneira.gal\/#\/schema\/logo\/image\/","url":"http:\/\/www.anovapeneira.gal\/wp-content\/uploads\/2019\/06\/logo_a_nova_peneira_portal_web.png","contentUrl":"http:\/\/www.anovapeneira.gal\/wp-content\/uploads\/2019\/06\/logo_a_nova_peneira_portal_web.png","width":300,"height":100,"caption":"A Nova Peneira"},"image":{"@id":"https:\/\/www.anovapeneira.gal\/#\/schema\/logo\/image\/"},"sameAs":["https:\/\/www.facebook.com\/anovapeneira","https:\/\/x.com\/APeneira"]},{"@type":"Person","@id":"https:\/\/www.anovapeneira.gal\/#\/schema\/person\/a907e49c1885c12d6f281770afd68766","name":"Aar\u00f3n Franco","image":{"@type":"ImageObject","inLanguage":"gl-ES","@id":"https:\/\/secure.gravatar.com\/avatar\/82f0614fe09ae3f066983f8d670d0ff15a0917fefe52b93ffa425275b87d6102?s=96&d=mm&r=g","url":"https:\/\/secure.gravatar.com\/avatar\/82f0614fe09ae3f066983f8d670d0ff15a0917fefe52b93ffa425275b87d6102?s=96&d=mm&r=g","contentUrl":"https:\/\/secure.gravatar.com\/avatar\/82f0614fe09ae3f066983f8d670d0ff15a0917fefe52b93ffa425275b87d6102?s=96&d=mm&r=g","caption":"Aar\u00f3n Franco"},"sameAs":["http:\/\/www.anovapeneira.gal\/"],"url":"https:\/\/www.anovapeneira.gal\/index.php\/author\/aaron-franco\/"}]}},"jetpack_featured_media_url":"https:\/\/www.anovapeneira.gal\/wp-content\/uploads\/2019\/07\/ARTIGO_DE_OPINION_A_NOVA_PENEIRA.jpg","_links":{"self":[{"href":"https:\/\/www.anovapeneira.gal\/index.php\/wp-json\/wp\/v2\/posts\/12628","targetHints":{"allow":["GET"]}}],"collection":[{"href":"https:\/\/www.anovapeneira.gal\/index.php\/wp-json\/wp\/v2\/posts"}],"about":[{"href":"https:\/\/www.anovapeneira.gal\/index.php\/wp-json\/wp\/v2\/types\/post"}],"author":[{"embeddable":true,"href":"https:\/\/www.anovapeneira.gal\/index.php\/wp-json\/wp\/v2\/users\/23"}],"replies":[{"embeddable":true,"href":"https:\/\/www.anovapeneira.gal\/index.php\/wp-json\/wp\/v2\/comments?post=12628"}],"version-history":[{"count":1,"href":"https:\/\/www.anovapeneira.gal\/index.php\/wp-json\/wp\/v2\/posts\/12628\/revisions"}],"predecessor-version":[{"id":12629,"href":"https:\/\/www.anovapeneira.gal\/index.php\/wp-json\/wp\/v2\/posts\/12628\/revisions\/12629"}],"wp:featuredmedia":[{"embeddable":true,"href":"https:\/\/www.anovapeneira.gal\/index.php\/wp-json\/wp\/v2\/media\/584"}],"wp:attachment":[{"href":"https:\/\/www.anovapeneira.gal\/index.php\/wp-json\/wp\/v2\/media?parent=12628"}],"wp:term":[{"taxonomy":"category","embeddable":true,"href":"https:\/\/www.anovapeneira.gal\/index.php\/wp-json\/wp\/v2\/categories?post=12628"},{"taxonomy":"post_tag","embeddable":true,"href":"https:\/\/www.anovapeneira.gal\/index.php\/wp-json\/wp\/v2\/tags?post=12628"}],"curies":[{"name":"wp","href":"https:\/\/api.w.org\/{rel}","templated":true}]}}