{"id":12630,"date":"2024-10-22T12:00:54","date_gmt":"2024-10-22T10:00:54","guid":{"rendered":"https:\/\/www.anovapeneira.gal\/?p=12630"},"modified":"2024-10-17T11:31:28","modified_gmt":"2024-10-17T09:31:28","slug":"o-grupo-socialista-da-guarda-satisfeito-de-ver-que-se-acomete-outra-obra-xestionada-na-anterior-lexislatura","status":"publish","type":"post","link":"https:\/\/www.anovapeneira.gal\/index.php\/2024\/10\/22\/o-grupo-socialista-da-guarda-satisfeito-de-ver-que-se-acomete-outra-obra-xestionada-na-anterior-lexislatura\/","title":{"rendered":"O Grupo Socialista da Guarda satisfeito de ver que se acomete outra obra xestionada na anterior lexislatura"},"content":{"rendered":"\n<ul class=\"wp-block-list\">\n<li><em>Estes d\u00edas inici\u00e1ronse as obras de reforma integral no Bloque 1 do antigo colexio Sinde, sede de varias asociaci\u00f3ns e grupos culturais da vila.<\/em><\/li>\n\n\n\n<li><em>A redacci\u00f3n do proxecto e unha subvenci\u00f3n por valor de 709,738,81 \u20ac xa quedaran xestionadas polo anterior goberno socialista.<\/em><\/li>\n<\/ul>\n\n\n\n<p><strong>A Guarda, a 15 de outubro de 2024<\/strong><\/p>\n\n\n\n<p>Os sucesivos gobernos socialistas apostaron polo antigo colexio Sinde como Centro Socio Cultural. As\u00ed, foron mellorando e facendo reformas nos distintos edificios que permiten ter neste espazo un albergue de peregrinos municipal, unha escola infantil, aulas de formaci\u00f3n e espazos para as asociaci\u00f3ns. D\u00e1ndolle uso a uns edificios que no pasado, cando o goberno do PP e Fari\u00f1as sa\u00edu do goberno, estaban ao borde da ru\u00edna.<\/p>\n\n\n\n<p>Neste proceso de modernizaci\u00f3n do espazo do Sinde vello o anterior goberno municipal socialista deixou xestionado (redactado e financiado) o \u201cProxecto de reforma integral edificio Sinde bloque 1\u201d. A Deputaci\u00f3n de Pontevedra aportaba para este proxecto 709,738,81 \u20ac.<\/p>\n\n\n\n<p>A trav\u00e9s da obra integral neste bloque (o m\u00e1is pr\u00f3ximo \u00e1 Escola Infantil) crearanse espazos insonorizados para que os grupos podan ensaiar, despachos para as asociaci\u00f3ns, salas de reuni\u00f3ns e aulas de usos compartidos, mellorando a eficiencia enerx\u00e9tica e a accesibilidade do edificio.<\/p>\n\n\n\n<p>Dita obra beneficiar\u00e1 non s\u00f3 \u00e1s asociaci\u00f3ns e grupos que est\u00e1n instalados neste edificio, sen\u00f3n tam\u00e9n a aquelas outras que se atopan situadas no outro bloque, e incluso \u00e1s que non dispo\u00f1an de local, xa que unha grande parte dos espazos est\u00e1n pensados para ter un uso compartido.<\/p>\n\n\n\n<p>Dende que comezou o goberno de Carrero e Fari\u00f1as todas as obras con certa entidade que se est\u00e1n executando na Guarda son actuaci\u00f3ns que deixara xestionadas o anterior goberno socialista.<\/p>\n\n\n\n<p>A\u00ednda que o traballo m\u00e1is dif\u00edcil est\u00e1 feito o tempo vai pasando de presa e os prazos vanse consumindo. En concreto a obra \u201cProxecto B\u00e1sico e de Execuci\u00f3n de Reforma Integral. Edificios Sinde, Bloque 1\u201d ten de prazo de execuci\u00f3n ata o 30 de abril de 2025. \u00c9 practicamente imposible rematala en prazo. Conseguir\u00e1 o goberno local unha prorroga da Deputaci\u00f3n para dita obra ou perder\u00e1 a subvenci\u00f3n por tomarse este asunto con demasiada calma?.<\/p>\n\n\n\n<p>Dada a nula xesti\u00f3n do goberno municipal, no momento actual, est\u00e1n en risco de perderse m\u00e1is subvenci\u00f3ns valoradas en mill\u00f3ns de euros. O problema xa non \u00e9 a execuci\u00f3n dos seus programas electorais. \u00c9 que non dan executado os proxectos que quedaron financiados na anterior lexislatura polo goberno socialista. Isto \u00e9 a consecuencia de ter un alcalde ausente (e alg\u00fan concelleiro tam\u00e9n).<\/p>\n\n\n\n<p>A\u00ednda as\u00ed desde o Grupo Municipal Socialista alegr\u00e1monos moito de que, a\u00ednda que tarde, chegara este momento e estaremos atentos aos prazos para que A Guarda no perda nin un euro m\u00e1is por mor do actual goberno.<\/p>\n","protected":false},"excerpt":{"rendered":"<div class=\"mh-excerpt\"><p>Estes d\u00edas inici\u00e1ronse as obras de reforma integral no Bloque 1 do antigo colexio Sinde, sede de varias asociaci\u00f3ns e grupos culturais da vila. <a class=\"mh-excerpt-more\" href=\"https:\/\/www.anovapeneira.gal\/index.php\/2024\/10\/22\/o-grupo-socialista-da-guarda-satisfeito-de-ver-que-se-acomete-outra-obra-xestionada-na-anterior-lexislatura\/\" title=\"O Grupo Socialista da Guarda satisfeito de ver que se acomete outra obra xestionada na anterior lexislatura\">[&#8230;]<\/a><\/p>\n<\/div>","protected":false},"author":3,"featured_media":12631,"comment_status":"open","ping_status":"open","sticky":false,"template":"","format":"standard","meta":{"_exactmetrics_skip_tracking":false,"_exactmetrics_sitenote_active":false,"_exactmetrics_sitenote_note":"","_exactmetrics_sitenote_category":0,"footnotes":""},"categories":[21],"tags":[238],"class_list":{"0":"post-12630","1":"post","2":"type-post","3":"status-publish","4":"format-standard","5":"has-post-thumbnail","7":"category-baixo-mino","8":"tag-concello-da-guarda"},"yoast_head":"<!-- This site is optimized with the Yoast SEO plugin v27.4 - https:\/\/yoast.com\/product\/yoast-seo-wordpress\/ -->\n<title>O Grupo Socialista da Guarda satisfeito de ver que se acomete outra obra xestionada na anterior lexislatura -<\/title>\n<meta name=\"robots\" content=\"index, follow, max-snippet:-1, max-image-preview:large, max-video-preview:-1\" \/>\n<link rel=\"canonical\" href=\"https:\/\/www.anovapeneira.gal\/index.php\/2024\/10\/22\/o-grupo-socialista-da-guarda-satisfeito-de-ver-que-se-acomete-outra-obra-xestionada-na-anterior-lexislatura\/\" \/>\n<meta property=\"og:locale\" content=\"gl_ES\" \/>\n<meta property=\"og:type\" content=\"article\" \/>\n<meta property=\"og:title\" content=\"O Grupo Socialista da Guarda satisfeito de ver que se acomete outra obra xestionada na anterior lexislatura -\" \/>\n<meta property=\"og:description\" content=\"Estes d\u00edas inici\u00e1ronse as obras de reforma integral no Bloque 1 do antigo colexio Sinde, sede de varias asociaci\u00f3ns e grupos culturais da vila. [...]\" \/>\n<meta property=\"og:url\" content=\"https:\/\/www.anovapeneira.gal\/index.php\/2024\/10\/22\/o-grupo-socialista-da-guarda-satisfeito-de-ver-que-se-acomete-outra-obra-xestionada-na-anterior-lexislatura\/\" \/>\n<meta property=\"article:publisher\" content=\"https:\/\/www.facebook.com\/anovapeneira\" \/>\n<meta property=\"article:published_time\" content=\"2024-10-22T10:00:54+00:00\" \/>\n<meta property=\"og:image\" content=\"https:\/\/www.anovapeneira.gal\/wp-content\/uploads\/2024\/10\/obras_sinde.png\" \/>\n\t<meta property=\"og:image:width\" content=\"700\" \/>\n\t<meta property=\"og:image:height\" content=\"522\" \/>\n\t<meta property=\"og:image:type\" content=\"image\/png\" \/>\n<meta name=\"author\" content=\"Redacci\u00f3n A Nova Peneira\" \/>\n<meta name=\"twitter:card\" content=\"summary_large_image\" \/>\n<meta name=\"twitter:creator\" content=\"@APeneira\" \/>\n<meta name=\"twitter:site\" content=\"@APeneira\" \/>\n<meta name=\"twitter:label1\" content=\"Escrito por\" \/>\n\t<meta name=\"twitter:data1\" content=\"Redacci\u00f3n A Nova Peneira\" \/>\n\t<meta name=\"twitter:label2\" content=\"Tempo de lectura\" \/>\n\t<meta name=\"twitter:data2\" content=\"3 minutos\" \/>\n<script type=\"application\/ld+json\" class=\"yoast-schema-graph\">{\"@context\":\"https:\\\/\\\/schema.org\",\"@graph\":[{\"@type\":\"Article\",\"@id\":\"https:\\\/\\\/www.anovapeneira.gal\\\/index.php\\\/2024\\\/10\\\/22\\\/o-grupo-socialista-da-guarda-satisfeito-de-ver-que-se-acomete-outra-obra-xestionada-na-anterior-lexislatura\\\/#article\",\"isPartOf\":{\"@id\":\"https:\\\/\\\/www.anovapeneira.gal\\\/index.php\\\/2024\\\/10\\\/22\\\/o-grupo-socialista-da-guarda-satisfeito-de-ver-que-se-acomete-outra-obra-xestionada-na-anterior-lexislatura\\\/\"},\"author\":{\"name\":\"Redacci\u00f3n A Nova Peneira\",\"@id\":\"https:\\\/\\\/www.anovapeneira.gal\\\/#\\\/schema\\\/person\\\/b93e3f8932e3f8da96334607eb6ac6aa\"},\"headline\":\"O Grupo Socialista da Guarda satisfeito de ver que se acomete outra obra xestionada na anterior lexislatura\",\"datePublished\":\"2024-10-22T10:00:54+00:00\",\"mainEntityOfPage\":{\"@id\":\"https:\\\/\\\/www.anovapeneira.gal\\\/index.php\\\/2024\\\/10\\\/22\\\/o-grupo-socialista-da-guarda-satisfeito-de-ver-que-se-acomete-outra-obra-xestionada-na-anterior-lexislatura\\\/\"},\"wordCount\":499,\"commentCount\":0,\"publisher\":{\"@id\":\"https:\\\/\\\/www.anovapeneira.gal\\\/#organization\"},\"image\":{\"@id\":\"https:\\\/\\\/www.anovapeneira.gal\\\/index.php\\\/2024\\\/10\\\/22\\\/o-grupo-socialista-da-guarda-satisfeito-de-ver-que-se-acomete-outra-obra-xestionada-na-anterior-lexislatura\\\/#primaryimage\"},\"thumbnailUrl\":\"https:\\\/\\\/www.anovapeneira.gal\\\/wp-content\\\/uploads\\\/2024\\\/10\\\/obras_sinde.png\",\"keywords\":[\"Concello da Guarda\"],\"articleSection\":[\"Baixo Mi\u00f1o\"],\"inLanguage\":\"gl-ES\",\"potentialAction\":[{\"@type\":\"CommentAction\",\"name\":\"Comment\",\"target\":[\"https:\\\/\\\/www.anovapeneira.gal\\\/index.php\\\/2024\\\/10\\\/22\\\/o-grupo-socialista-da-guarda-satisfeito-de-ver-que-se-acomete-outra-obra-xestionada-na-anterior-lexislatura\\\/#respond\"]}]},{\"@type\":\"WebPage\",\"@id\":\"https:\\\/\\\/www.anovapeneira.gal\\\/index.php\\\/2024\\\/10\\\/22\\\/o-grupo-socialista-da-guarda-satisfeito-de-ver-que-se-acomete-outra-obra-xestionada-na-anterior-lexislatura\\\/\",\"url\":\"https:\\\/\\\/www.anovapeneira.gal\\\/index.php\\\/2024\\\/10\\\/22\\\/o-grupo-socialista-da-guarda-satisfeito-de-ver-que-se-acomete-outra-obra-xestionada-na-anterior-lexislatura\\\/\",\"name\":\"O Grupo Socialista da Guarda satisfeito de ver que se acomete outra obra xestionada na anterior lexislatura -\",\"isPartOf\":{\"@id\":\"https:\\\/\\\/www.anovapeneira.gal\\\/#website\"},\"primaryImageOfPage\":{\"@id\":\"https:\\\/\\\/www.anovapeneira.gal\\\/index.php\\\/2024\\\/10\\\/22\\\/o-grupo-socialista-da-guarda-satisfeito-de-ver-que-se-acomete-outra-obra-xestionada-na-anterior-lexislatura\\\/#primaryimage\"},\"image\":{\"@id\":\"https:\\\/\\\/www.anovapeneira.gal\\\/index.php\\\/2024\\\/10\\\/22\\\/o-grupo-socialista-da-guarda-satisfeito-de-ver-que-se-acomete-outra-obra-xestionada-na-anterior-lexislatura\\\/#primaryimage\"},\"thumbnailUrl\":\"https:\\\/\\\/www.anovapeneira.gal\\\/wp-content\\\/uploads\\\/2024\\\/10\\\/obras_sinde.png\",\"datePublished\":\"2024-10-22T10:00:54+00:00\",\"breadcrumb\":{\"@id\":\"https:\\\/\\\/www.anovapeneira.gal\\\/index.php\\\/2024\\\/10\\\/22\\\/o-grupo-socialista-da-guarda-satisfeito-de-ver-que-se-acomete-outra-obra-xestionada-na-anterior-lexislatura\\\/#breadcrumb\"},\"inLanguage\":\"gl-ES\",\"potentialAction\":[{\"@type\":\"ReadAction\",\"target\":[\"https:\\\/\\\/www.anovapeneira.gal\\\/index.php\\\/2024\\\/10\\\/22\\\/o-grupo-socialista-da-guarda-satisfeito-de-ver-que-se-acomete-outra-obra-xestionada-na-anterior-lexislatura\\\/\"]}]},{\"@type\":\"ImageObject\",\"inLanguage\":\"gl-ES\",\"@id\":\"https:\\\/\\\/www.anovapeneira.gal\\\/index.php\\\/2024\\\/10\\\/22\\\/o-grupo-socialista-da-guarda-satisfeito-de-ver-que-se-acomete-outra-obra-xestionada-na-anterior-lexislatura\\\/#primaryimage\",\"url\":\"https:\\\/\\\/www.anovapeneira.gal\\\/wp-content\\\/uploads\\\/2024\\\/10\\\/obras_sinde.png\",\"contentUrl\":\"https:\\\/\\\/www.anovapeneira.gal\\\/wp-content\\\/uploads\\\/2024\\\/10\\\/obras_sinde.png\",\"width\":700,\"height\":522,\"caption\":\"Obras Sinde\"},{\"@type\":\"BreadcrumbList\",\"@id\":\"https:\\\/\\\/www.anovapeneira.gal\\\/index.php\\\/2024\\\/10\\\/22\\\/o-grupo-socialista-da-guarda-satisfeito-de-ver-que-se-acomete-outra-obra-xestionada-na-anterior-lexislatura\\\/#breadcrumb\",\"itemListElement\":[{\"@type\":\"ListItem\",\"position\":1,\"name\":\"Portada\",\"item\":\"https:\\\/\\\/www.anovapeneira.gal\\\/\"},{\"@type\":\"ListItem\",\"position\":2,\"name\":\"O Grupo Socialista da Guarda satisfeito de ver que se acomete outra obra xestionada na anterior lexislatura\"}]},{\"@type\":\"WebSite\",\"@id\":\"https:\\\/\\\/www.anovapeneira.gal\\\/#website\",\"url\":\"https:\\\/\\\/www.anovapeneira.gal\\\/\",\"name\":\"\",\"description\":\"Xornal galego de informaci\u00f3n xeral Publicaci\u00f3n mensual de novas de Galicia e en especial dos Concellos da sur da provincia de Pontevedra.\",\"publisher\":{\"@id\":\"https:\\\/\\\/www.anovapeneira.gal\\\/#organization\"},\"potentialAction\":[{\"@type\":\"SearchAction\",\"target\":{\"@type\":\"EntryPoint\",\"urlTemplate\":\"https:\\\/\\\/www.anovapeneira.gal\\\/?s={search_term_string}\"},\"query-input\":{\"@type\":\"PropertyValueSpecification\",\"valueRequired\":true,\"valueName\":\"search_term_string\"}}],\"inLanguage\":\"gl-ES\"},{\"@type\":\"Organization\",\"@id\":\"https:\\\/\\\/www.anovapeneira.gal\\\/#organization\",\"name\":\"A Nova Peneira\",\"url\":\"https:\\\/\\\/www.anovapeneira.gal\\\/\",\"logo\":{\"@type\":\"ImageObject\",\"inLanguage\":\"gl-ES\",\"@id\":\"https:\\\/\\\/www.anovapeneira.gal\\\/#\\\/schema\\\/logo\\\/image\\\/\",\"url\":\"http:\\\/\\\/www.anovapeneira.gal\\\/wp-content\\\/uploads\\\/2019\\\/06\\\/logo_a_nova_peneira_portal_web.png\",\"contentUrl\":\"http:\\\/\\\/www.anovapeneira.gal\\\/wp-content\\\/uploads\\\/2019\\\/06\\\/logo_a_nova_peneira_portal_web.png\",\"width\":300,\"height\":100,\"caption\":\"A Nova Peneira\"},\"image\":{\"@id\":\"https:\\\/\\\/www.anovapeneira.gal\\\/#\\\/schema\\\/logo\\\/image\\\/\"},\"sameAs\":[\"https:\\\/\\\/www.facebook.com\\\/anovapeneira\",\"https:\\\/\\\/x.com\\\/APeneira\"]},{\"@type\":\"Person\",\"@id\":\"https:\\\/\\\/www.anovapeneira.gal\\\/#\\\/schema\\\/person\\\/b93e3f8932e3f8da96334607eb6ac6aa\",\"name\":\"Redacci\u00f3n A Nova Peneira\",\"image\":{\"@type\":\"ImageObject\",\"inLanguage\":\"gl-ES\",\"@id\":\"https:\\\/\\\/secure.gravatar.com\\\/avatar\\\/c052a2551a06e23fac63626232eaa90abd78dbcf1700fc46a2b2c89fd27b735f?s=96&d=mm&r=g\",\"url\":\"https:\\\/\\\/secure.gravatar.com\\\/avatar\\\/c052a2551a06e23fac63626232eaa90abd78dbcf1700fc46a2b2c89fd27b735f?s=96&d=mm&r=g\",\"contentUrl\":\"https:\\\/\\\/secure.gravatar.com\\\/avatar\\\/c052a2551a06e23fac63626232eaa90abd78dbcf1700fc46a2b2c89fd27b735f?s=96&d=mm&r=g\",\"caption\":\"Redacci\u00f3n A Nova Peneira\"},\"sameAs\":[\"http:\\\/\\\/www.anovapeneira.gal\\\/\"],\"url\":\"https:\\\/\\\/www.anovapeneira.gal\\\/index.php\\\/author\\\/redactor\\\/\"}]}<\/script>\n<!-- \/ Yoast SEO plugin. -->","yoast_head_json":{"title":"O Grupo Socialista da Guarda satisfeito de ver que se acomete outra obra xestionada na anterior lexislatura -","robots":{"index":"index","follow":"follow","max-snippet":"max-snippet:-1","max-image-preview":"max-image-preview:large","max-video-preview":"max-video-preview:-1"},"canonical":"https:\/\/www.anovapeneira.gal\/index.php\/2024\/10\/22\/o-grupo-socialista-da-guarda-satisfeito-de-ver-que-se-acomete-outra-obra-xestionada-na-anterior-lexislatura\/","og_locale":"gl_ES","og_type":"article","og_title":"O Grupo Socialista da Guarda satisfeito de ver que se acomete outra obra xestionada na anterior lexislatura -","og_description":"Estes d\u00edas inici\u00e1ronse as obras de reforma integral no Bloque 1 do antigo colexio Sinde, sede de varias asociaci\u00f3ns e grupos culturais da vila. [...]","og_url":"https:\/\/www.anovapeneira.gal\/index.php\/2024\/10\/22\/o-grupo-socialista-da-guarda-satisfeito-de-ver-que-se-acomete-outra-obra-xestionada-na-anterior-lexislatura\/","article_publisher":"https:\/\/www.facebook.com\/anovapeneira","article_published_time":"2024-10-22T10:00:54+00:00","og_image":[{"width":700,"height":522,"url":"https:\/\/www.anovapeneira.gal\/wp-content\/uploads\/2024\/10\/obras_sinde.png","type":"image\/png"}],"author":"Redacci\u00f3n A Nova Peneira","twitter_card":"summary_large_image","twitter_creator":"@APeneira","twitter_site":"@APeneira","twitter_misc":{"Escrito por":"Redacci\u00f3n A Nova Peneira","Tempo de lectura":"3 minutos"},"schema":{"@context":"https:\/\/schema.org","@graph":[{"@type":"Article","@id":"https:\/\/www.anovapeneira.gal\/index.php\/2024\/10\/22\/o-grupo-socialista-da-guarda-satisfeito-de-ver-que-se-acomete-outra-obra-xestionada-na-anterior-lexislatura\/#article","isPartOf":{"@id":"https:\/\/www.anovapeneira.gal\/index.php\/2024\/10\/22\/o-grupo-socialista-da-guarda-satisfeito-de-ver-que-se-acomete-outra-obra-xestionada-na-anterior-lexislatura\/"},"author":{"name":"Redacci\u00f3n A Nova Peneira","@id":"https:\/\/www.anovapeneira.gal\/#\/schema\/person\/b93e3f8932e3f8da96334607eb6ac6aa"},"headline":"O Grupo Socialista da Guarda satisfeito de ver que se acomete outra obra xestionada na anterior lexislatura","datePublished":"2024-10-22T10:00:54+00:00","mainEntityOfPage":{"@id":"https:\/\/www.anovapeneira.gal\/index.php\/2024\/10\/22\/o-grupo-socialista-da-guarda-satisfeito-de-ver-que-se-acomete-outra-obra-xestionada-na-anterior-lexislatura\/"},"wordCount":499,"commentCount":0,"publisher":{"@id":"https:\/\/www.anovapeneira.gal\/#organization"},"image":{"@id":"https:\/\/www.anovapeneira.gal\/index.php\/2024\/10\/22\/o-grupo-socialista-da-guarda-satisfeito-de-ver-que-se-acomete-outra-obra-xestionada-na-anterior-lexislatura\/#primaryimage"},"thumbnailUrl":"https:\/\/www.anovapeneira.gal\/wp-content\/uploads\/2024\/10\/obras_sinde.png","keywords":["Concello da Guarda"],"articleSection":["Baixo Mi\u00f1o"],"inLanguage":"gl-ES","potentialAction":[{"@type":"CommentAction","name":"Comment","target":["https:\/\/www.anovapeneira.gal\/index.php\/2024\/10\/22\/o-grupo-socialista-da-guarda-satisfeito-de-ver-que-se-acomete-outra-obra-xestionada-na-anterior-lexislatura\/#respond"]}]},{"@type":"WebPage","@id":"https:\/\/www.anovapeneira.gal\/index.php\/2024\/10\/22\/o-grupo-socialista-da-guarda-satisfeito-de-ver-que-se-acomete-outra-obra-xestionada-na-anterior-lexislatura\/","url":"https:\/\/www.anovapeneira.gal\/index.php\/2024\/10\/22\/o-grupo-socialista-da-guarda-satisfeito-de-ver-que-se-acomete-outra-obra-xestionada-na-anterior-lexislatura\/","name":"O Grupo Socialista da Guarda satisfeito de ver que se acomete outra obra xestionada na anterior lexislatura -","isPartOf":{"@id":"https:\/\/www.anovapeneira.gal\/#website"},"primaryImageOfPage":{"@id":"https:\/\/www.anovapeneira.gal\/index.php\/2024\/10\/22\/o-grupo-socialista-da-guarda-satisfeito-de-ver-que-se-acomete-outra-obra-xestionada-na-anterior-lexislatura\/#primaryimage"},"image":{"@id":"https:\/\/www.anovapeneira.gal\/index.php\/2024\/10\/22\/o-grupo-socialista-da-guarda-satisfeito-de-ver-que-se-acomete-outra-obra-xestionada-na-anterior-lexislatura\/#primaryimage"},"thumbnailUrl":"https:\/\/www.anovapeneira.gal\/wp-content\/uploads\/2024\/10\/obras_sinde.png","datePublished":"2024-10-22T10:00:54+00:00","breadcrumb":{"@id":"https:\/\/www.anovapeneira.gal\/index.php\/2024\/10\/22\/o-grupo-socialista-da-guarda-satisfeito-de-ver-que-se-acomete-outra-obra-xestionada-na-anterior-lexislatura\/#breadcrumb"},"inLanguage":"gl-ES","potentialAction":[{"@type":"ReadAction","target":["https:\/\/www.anovapeneira.gal\/index.php\/2024\/10\/22\/o-grupo-socialista-da-guarda-satisfeito-de-ver-que-se-acomete-outra-obra-xestionada-na-anterior-lexislatura\/"]}]},{"@type":"ImageObject","inLanguage":"gl-ES","@id":"https:\/\/www.anovapeneira.gal\/index.php\/2024\/10\/22\/o-grupo-socialista-da-guarda-satisfeito-de-ver-que-se-acomete-outra-obra-xestionada-na-anterior-lexislatura\/#primaryimage","url":"https:\/\/www.anovapeneira.gal\/wp-content\/uploads\/2024\/10\/obras_sinde.png","contentUrl":"https:\/\/www.anovapeneira.gal\/wp-content\/uploads\/2024\/10\/obras_sinde.png","width":700,"height":522,"caption":"Obras Sinde"},{"@type":"BreadcrumbList","@id":"https:\/\/www.anovapeneira.gal\/index.php\/2024\/10\/22\/o-grupo-socialista-da-guarda-satisfeito-de-ver-que-se-acomete-outra-obra-xestionada-na-anterior-lexislatura\/#breadcrumb","itemListElement":[{"@type":"ListItem","position":1,"name":"Portada","item":"https:\/\/www.anovapeneira.gal\/"},{"@type":"ListItem","position":2,"name":"O Grupo Socialista da Guarda satisfeito de ver que se acomete outra obra xestionada na anterior lexislatura"}]},{"@type":"WebSite","@id":"https:\/\/www.anovapeneira.gal\/#website","url":"https:\/\/www.anovapeneira.gal\/","name":"","description":"Xornal galego de informaci\u00f3n xeral Publicaci\u00f3n mensual de novas de Galicia e en especial dos Concellos da sur da provincia de Pontevedra.","publisher":{"@id":"https:\/\/www.anovapeneira.gal\/#organization"},"potentialAction":[{"@type":"SearchAction","target":{"@type":"EntryPoint","urlTemplate":"https:\/\/www.anovapeneira.gal\/?s={search_term_string}"},"query-input":{"@type":"PropertyValueSpecification","valueRequired":true,"valueName":"search_term_string"}}],"inLanguage":"gl-ES"},{"@type":"Organization","@id":"https:\/\/www.anovapeneira.gal\/#organization","name":"A Nova Peneira","url":"https:\/\/www.anovapeneira.gal\/","logo":{"@type":"ImageObject","inLanguage":"gl-ES","@id":"https:\/\/www.anovapeneira.gal\/#\/schema\/logo\/image\/","url":"http:\/\/www.anovapeneira.gal\/wp-content\/uploads\/2019\/06\/logo_a_nova_peneira_portal_web.png","contentUrl":"http:\/\/www.anovapeneira.gal\/wp-content\/uploads\/2019\/06\/logo_a_nova_peneira_portal_web.png","width":300,"height":100,"caption":"A Nova Peneira"},"image":{"@id":"https:\/\/www.anovapeneira.gal\/#\/schema\/logo\/image\/"},"sameAs":["https:\/\/www.facebook.com\/anovapeneira","https:\/\/x.com\/APeneira"]},{"@type":"Person","@id":"https:\/\/www.anovapeneira.gal\/#\/schema\/person\/b93e3f8932e3f8da96334607eb6ac6aa","name":"Redacci\u00f3n A Nova Peneira","image":{"@type":"ImageObject","inLanguage":"gl-ES","@id":"https:\/\/secure.gravatar.com\/avatar\/c052a2551a06e23fac63626232eaa90abd78dbcf1700fc46a2b2c89fd27b735f?s=96&d=mm&r=g","url":"https:\/\/secure.gravatar.com\/avatar\/c052a2551a06e23fac63626232eaa90abd78dbcf1700fc46a2b2c89fd27b735f?s=96&d=mm&r=g","contentUrl":"https:\/\/secure.gravatar.com\/avatar\/c052a2551a06e23fac63626232eaa90abd78dbcf1700fc46a2b2c89fd27b735f?s=96&d=mm&r=g","caption":"Redacci\u00f3n A Nova Peneira"},"sameAs":["http:\/\/www.anovapeneira.gal\/"],"url":"https:\/\/www.anovapeneira.gal\/index.php\/author\/redactor\/"}]}},"jetpack_featured_media_url":"https:\/\/www.anovapeneira.gal\/wp-content\/uploads\/2024\/10\/obras_sinde.png","_links":{"self":[{"href":"https:\/\/www.anovapeneira.gal\/index.php\/wp-json\/wp\/v2\/posts\/12630","targetHints":{"allow":["GET"]}}],"collection":[{"href":"https:\/\/www.anovapeneira.gal\/index.php\/wp-json\/wp\/v2\/posts"}],"about":[{"href":"https:\/\/www.anovapeneira.gal\/index.php\/wp-json\/wp\/v2\/types\/post"}],"author":[{"embeddable":true,"href":"https:\/\/www.anovapeneira.gal\/index.php\/wp-json\/wp\/v2\/users\/3"}],"replies":[{"embeddable":true,"href":"https:\/\/www.anovapeneira.gal\/index.php\/wp-json\/wp\/v2\/comments?post=12630"}],"version-history":[{"count":1,"href":"https:\/\/www.anovapeneira.gal\/index.php\/wp-json\/wp\/v2\/posts\/12630\/revisions"}],"predecessor-version":[{"id":12632,"href":"https:\/\/www.anovapeneira.gal\/index.php\/wp-json\/wp\/v2\/posts\/12630\/revisions\/12632"}],"wp:featuredmedia":[{"embeddable":true,"href":"https:\/\/www.anovapeneira.gal\/index.php\/wp-json\/wp\/v2\/media\/12631"}],"wp:attachment":[{"href":"https:\/\/www.anovapeneira.gal\/index.php\/wp-json\/wp\/v2\/media?parent=12630"}],"wp:term":[{"taxonomy":"category","embeddable":true,"href":"https:\/\/www.anovapeneira.gal\/index.php\/wp-json\/wp\/v2\/categories?post=12630"},{"taxonomy":"post_tag","embeddable":true,"href":"https:\/\/www.anovapeneira.gal\/index.php\/wp-json\/wp\/v2\/tags?post=12630"}],"curies":[{"name":"wp","href":"https:\/\/api.w.org\/{rel}","templated":true}]}}