{"id":12633,"date":"2024-10-23T10:00:29","date_gmt":"2024-10-23T08:00:29","guid":{"rendered":"https:\/\/www.anovapeneira.gal\/?p=12633"},"modified":"2024-10-17T12:05:50","modified_gmt":"2024-10-17T10:05:50","slug":"cousas-de-salvaterra-estadia-en-cataluna-de-manuel-marino-mendez-vi","status":"publish","type":"post","link":"https:\/\/www.anovapeneira.gal\/index.php\/2024\/10\/23\/cousas-de-salvaterra-estadia-en-cataluna-de-manuel-marino-mendez-vi\/","title":{"rendered":"COUSAS DE SALVATERRA. Estad\u00eda en Catalu\u00f1a de Manuel Mari\u00f1o M\u00e9ndez VI"},"content":{"rendered":"\n<figure class=\"wp-block-image size-full is-resized\"><img loading=\"lazy\" decoding=\"async\" width=\"190\" height=\"229\" src=\"https:\/\/www.anovapeneira.gal\/wp-content\/uploads\/2022\/08\/opinion_anton_saque.jpg\" alt=\"Ant\u00f3n Lourenzo, veci\u00f1o da Vila\" class=\"wp-image-8006\" style=\"width:82px;height:auto\"\/><figcaption class=\"wp-element-caption\">Ant\u00f3n Lourenzo, veci\u00f1o da Vila<\/figcaption><\/figure>\n\n\n\n<h2 class=\"wp-block-heading\">As veces as cousas non chegan a tempo, e iso foi o me que me aconteceu con M. Mari\u00f1o, coa s\u00faa historia.<\/h2>\n\n\n\n<p>Despois de ter publicado durante os \u00faltimos cinco meses parte das vicisitudes polas que tivo que atravesar, dende a fuxida de Salvaterra, fuxindo dunha morte segura, refuxi\u00e1ndose primeiro en Mon\u00e7\u00e3o, onde estivo preso por primeira vez, despois na cidade do Porto e m\u00e1is tarde nun forte as aforas da cidade de Lisboa. Al\u00ed foi rescatado polo Embaixador espa\u00f1ol republicano Sr. Don Salvador de Madariaga. Tam\u00e9n al\u00ed recibiu por primeira vez axuda econ\u00f3mica de Don Manuel Puente Gonz\u00e1lez. dende a rep\u00fablica Arxentina, axuda que lle foi achegada en escudos portugueses.<\/p>\n\n\n\n<div class=\"wp-block-columns is-layout-flex wp-container-core-columns-is-layout-9d6595d7 wp-block-columns-is-layout-flex\">\n<div class=\"wp-block-column is-layout-flow wp-block-column-is-layout-flow\">\n<figure class=\"wp-block-image size-full is-resized\"><img loading=\"lazy\" decoding=\"async\" width=\"203\" height=\"247\" src=\"https:\/\/www.anovapeneira.gal\/wp-content\/uploads\/2024\/10\/salvaterra.jpg\" alt=\"\" class=\"wp-image-12635\" style=\"width:224px;height:auto\"\/><\/figure>\n<\/div>\n\n\n\n<div class=\"wp-block-column is-layout-flow wp-block-column-is-layout-flow\">\n<p>Posto a salvo no buque Nyassa que o levou dende o porto de Lisboa o porto de Tarragona, na zona republicana. Al\u00ed foi provisionalmente instalado no Rexemento V de Infanter\u00eda \u201cAlmansa\u201d. Pronto houbo de abandonar ese cuartel e instalarse nunha pensi\u00f3n da r\u00faa Pablo Iglesias n\u00ba 31 de Tarragona, pero inda as\u00ed os problemas desacougantes de falta de recursos continuaban xa que non era quen, naquela situaci\u00f3n de guerra, de trocar os 722 escudos que lle fixera chegar M. Puente.<\/p>\n<\/div>\n<\/div>\n\n\n\n<p><\/p>\n\n\n\n<p>Volveron remitirlle axuda en pesetas dende Bos Aires, e de novo a situaci\u00f3n de guerra imped\u00eda facelas efectivas nos bancos.<\/p>\n\n\n\n<p> No encabezamento da carta que remitiu dende Reus a Bos Aires o 26 de Outubro de 1937, p\u00f3dese ver esa caricatura de Mari\u00f1o co seu chapeu e a pluma espichada no mesmo. Nesa carta da conta a os amigos da Sociedade Uni\u00f3n Progresista, do pronto traslado a Alacante, dados os cami\u00f1os que levaban as operaci\u00f3ns militares, pero dito traslado nunca se chegou a materializar para os elementos civ\u00eds.<\/p>\n\n\n\n<p>Dic\u00eda el, \u201c\u2026cuando me escriban, me mandan la carta aqu\u00ed lo mismo, ruego se lo comuniquen al compa\u00f1ero Grandal y a mi primo Mari\u00f1o, que puede ser tengan algunas noticias de mi familia.\u201d Efectivamente manti\u00f1a unha comunicaci\u00f3n m\u00ednima indirecta a trav\u00e9s da cal sab\u00eda da situaci\u00f3n familiar.<\/p>\n\n\n\n<p>Nesta mesma carta da conta dun acontecemento que de novo puxo en serio perigo a s\u00faa vida, tr\u00e1tase dos bombardeos levados a cabo pola aviaci\u00f3n, sobre todo italiana con base en Mallorca, comenta, \u201c\u2026les dir\u00e9 que estuve herido de un bombardeo terrible el d\u00eda 2 de Agosto, pero ahora ya voy bastante bien, hasta otra que sucede a cada momento\u201d.<\/p>\n\n\n\n<p>Continua a carta falando de, \u201c\u2026Gayoso, ya no es m\u00e1s comandante del Campo (de aviaci\u00f3n), ahora seg\u00fan parece, est\u00e1 en Alicante\u2026\u201d. Evidentemente co\u00f1ec\u00eda a ese paisano, moi probablemente se trataba de Manuel Gayoso Su\u00e1rez, natural de Ponteareas, aviador que permaneceu fiel a Rep\u00fablica.<\/p>\n\n\n\n<p>E chegado este punto aparece o apuntamento m\u00e1is tr\u00e1xico cando d\u00ed, \u201c\u2026por lo visto mi hijo mayor ya est\u00e1 en Zaragoza combatiendo a la fuerza contra las ideas suyas y las de su padre, esto y todo lo que tiene pasado por m\u00ed, es para no tener nada m\u00e1s que morirme de intranquilidad y tristeza de vida violenta\u2026\u201d<\/p>\n\n\n\n<p>O d\u00eda 30 de Outubro volve escribir, \u201c\u2026queridos compa\u00f1eros mi situaci\u00f3n vuelve a ser bastante mala, pues como ya sabr\u00e9is desde hace unas tres semanas, estoy sin trabajo, solo y desamparado, es una vida muy triste pues, no tener conocimientos, no tener con quien distraer las penas que le aquejan a uno, una persona conocida, un paisano con quien hablar, el \u00fanico compa\u00f1ero que he tenido estes seis meses que he trabajado fue el trabajo, pues con el y la obligaci\u00f3n a cumplir, iban pasando los momentos tristes de la vida\u2026\u201d<\/p>\n\n\n\n<p>Prosigue falando de que fac\u00eda un ano a vida en Tarragona era m\u00e1is ou menos f\u00e1cil, pero agora era un problema serio de levar. Insta os amigos da Sociedade para que lle busquen xente de confianza en Barcelona, a onde pretende ir, para que lle busquen unha ocupaci\u00f3n al\u00ed, e d\u00ed, \u201c\u2026yo aun tengo en mi poder aquellas cartas que me remiti\u00f3 el amigo Puente (para algunos amigos de Barcelona), del paisano y amigo Blanco Amor, pues como encontr\u00e9 trabajo en este campo de aviaci\u00f3n, pues no he querido molestar a aquellos se\u00f1ores, y como no conoc\u00eda ni conozco Barcelona, pues aun no he ido all\u00ed\u2026\u201d<\/p>\n\n\n\n<p>\u201c\u2026yo pienso irme a Barcelona, ayer se ha ido para aquella capital El Gobierno de la Rep\u00fablica que estaba en Valencia, y no estar\u00eda mal que tan pronto esta reciban, visiten al amigo Blanco Amor para que me recomiende de nuevo a alg\u00fan amigo del Gobierno<\/p>\n\n\n\n<p>de alg\u00fan ministerio y a otras personas de influencia que pueda haber por ah\u00ed, pues las cartas de Blanco Amor que tengo en mi poder las encuentro a destiempo y no s\u00e9 si aquellos se\u00f1ores estar\u00e1n ya en Barcelona, pues para ir para esa no habr\u00e1 medios de ir, si hubiera quien me reclamara, pues esta situaci\u00f3n aqu\u00ed de guerra quien sabe cuando acabar\u00e1\u2026\u201d<\/p>\n\n\n\n<p>O 14 de Decembro de 1937 escribiu outra carta que por raz\u00f3n de espazo tratarei de sintetizar \u00f3 m\u00e1ximo.<\/p>\n\n\n\n<p>\u201c\u2026he recibido vuestra carta \u2026adjunto dentro de la misma recib\u00ed una letra por valor de 300 pesetas, la cual ver\u00e9 de cobrar tan pronto pueda\u2026\u201d<\/p>\n\n\n\n<p>\u201c\u2026me encuentro en Barcelona desde el d\u00eda 23 de Noviembre, pues le escrib\u00ed a Candeira para ver si hab\u00eda alg\u00fan medio de arreglar trabajo. Durante quince d\u00edas me los pas\u00e9 por aqu\u00ed dando vueltas, al fin con una carta de Candeira para el Subsecretario de Armamento, que es nuestro paisano Alejandro Otero de Redondela, (Alejandro Otero Fern\u00e1ndez), bajo los tr\u00e1mites necesarios, me destinaron a un almac\u00e9n de armamento\u2026\u201d<\/p>\n\n\n\n<p>\u201c\u2026la cosa no es muy agradable, pero hay que tener esp\u00edritu de sacrificio para ganar la guerra\u2026\u201d<\/p>\n\n\n\n<p>\u201c\u2026le ruego tengan a bien comunicarle al amable, querido paisano Blanco Amor que estoy muy agradecido de sus cartas de presentaci\u00f3n, que las presentar\u00e9 tan pronto pueda, que aunque de momento estoy servido, las tendr\u00e9 presentes\u2026\u201d<\/p>\n\n\n\n<p>\u201c\u2026espero me contesten a la calle Sicilia n\u00ba 20, piso segundo, puerta 11, Barcelona\u2026\u201d<\/p>\n\n\n\n<p>\u201c\u2026de momento vivo en la casa de un amigo, paisano de Puenteareas, Seraf\u00edn Veiga, que por casualidad encontr\u00e9 aqu\u00ed\u2026\u201d<\/p>\n\n\n\n<p>\u201c\u2026tengan a bien avisar a mi primo Manuel Mari\u00f1o, por si tiene alguna noticia de mi familia y darle mi direcci\u00f3n al compa\u00f1ero Grandal\u201d.<\/p>\n\n\n\n<p>Salvaterra de Mi\u00f1o 15 de outubro do 2024<\/p>\n\n\n\n<p>Ant\u00f3n \u201cXaque\u201d<\/p>\n","protected":false},"excerpt":{"rendered":"<div class=\"mh-excerpt\"><p>As veces as cousas non chegan a tempo, e iso foi o me que me aconteceu con M. Mari\u00f1o, coa s\u00faa historia <a class=\"mh-excerpt-more\" href=\"https:\/\/www.anovapeneira.gal\/index.php\/2024\/10\/23\/cousas-de-salvaterra-estadia-en-cataluna-de-manuel-marino-mendez-vi\/\" title=\"COUSAS DE SALVATERRA. Estad\u00eda en Catalu\u00f1a de Manuel Mari\u00f1o M\u00e9ndez VI\">[&#8230;]<\/a><\/p>\n<\/div>","protected":false},"author":34,"featured_media":584,"comment_status":"open","ping_status":"open","sticky":false,"template":"","format":"standard","meta":{"_exactmetrics_skip_tracking":false,"_exactmetrics_sitenote_active":false,"_exactmetrics_sitenote_note":"","_exactmetrics_sitenote_category":0,"footnotes":""},"categories":[7],"tags":[186],"class_list":{"0":"post-12633","1":"post","2":"type-post","3":"status-publish","4":"format-standard","5":"has-post-thumbnail","7":"category-artigos-de-opinion","8":"tag-concello-de-salvaterra-do-mino"},"yoast_head":"<!-- This site is optimized with the Yoast SEO plugin v27.4 - https:\/\/yoast.com\/product\/yoast-seo-wordpress\/ -->\n<title>COUSAS DE SALVATERRA. Estad\u00eda en Catalu\u00f1a de Manuel Mari\u00f1o M\u00e9ndez VI -<\/title>\n<meta name=\"robots\" content=\"index, follow, max-snippet:-1, max-image-preview:large, max-video-preview:-1\" \/>\n<link rel=\"canonical\" href=\"https:\/\/www.anovapeneira.gal\/index.php\/2024\/10\/23\/cousas-de-salvaterra-estadia-en-cataluna-de-manuel-marino-mendez-vi\/\" \/>\n<meta property=\"og:locale\" content=\"gl_ES\" \/>\n<meta property=\"og:type\" content=\"article\" \/>\n<meta property=\"og:title\" content=\"COUSAS DE SALVATERRA. Estad\u00eda en Catalu\u00f1a de Manuel Mari\u00f1o M\u00e9ndez VI -\" \/>\n<meta property=\"og:description\" content=\"As veces as cousas non chegan a tempo, e iso foi o me que me aconteceu con M. Mari\u00f1o, coa s\u00faa historia [...]\" \/>\n<meta property=\"og:url\" content=\"https:\/\/www.anovapeneira.gal\/index.php\/2024\/10\/23\/cousas-de-salvaterra-estadia-en-cataluna-de-manuel-marino-mendez-vi\/\" \/>\n<meta property=\"article:publisher\" content=\"https:\/\/www.facebook.com\/anovapeneira\" \/>\n<meta property=\"article:published_time\" content=\"2024-10-23T08:00:29+00:00\" \/>\n<meta property=\"og:image\" content=\"https:\/\/www.anovapeneira.gal\/wp-content\/uploads\/2019\/07\/ARTIGO_DE_OPINION_A_NOVA_PENEIRA.jpg\" \/>\n\t<meta property=\"og:image:width\" content=\"720\" \/>\n\t<meta property=\"og:image:height\" content=\"473\" \/>\n\t<meta property=\"og:image:type\" content=\"image\/jpeg\" \/>\n<meta name=\"author\" content=\"Ant\u00f3n Lorenzo Gonz\u00e1lez\" \/>\n<meta name=\"twitter:card\" content=\"summary_large_image\" \/>\n<meta name=\"twitter:image\" content=\"https:\/\/www.anovapeneira.gal\/wp-content\/uploads\/2019\/07\/ARTIGO_DE_OPINION_A_NOVA_PENEIRA.jpg\" \/>\n<meta name=\"twitter:creator\" content=\"@APeneira\" \/>\n<meta name=\"twitter:site\" content=\"@APeneira\" \/>\n<meta name=\"twitter:label1\" content=\"Escrito por\" \/>\n\t<meta name=\"twitter:data1\" content=\"Ant\u00f3n Lorenzo Gonz\u00e1lez\" \/>\n\t<meta name=\"twitter:label2\" content=\"Tempo de lectura\" \/>\n\t<meta name=\"twitter:data2\" content=\"7 minutos\" \/>\n<script type=\"application\/ld+json\" class=\"yoast-schema-graph\">{\"@context\":\"https:\\\/\\\/schema.org\",\"@graph\":[{\"@type\":\"Article\",\"@id\":\"https:\\\/\\\/www.anovapeneira.gal\\\/index.php\\\/2024\\\/10\\\/23\\\/cousas-de-salvaterra-estadia-en-cataluna-de-manuel-marino-mendez-vi\\\/#article\",\"isPartOf\":{\"@id\":\"https:\\\/\\\/www.anovapeneira.gal\\\/index.php\\\/2024\\\/10\\\/23\\\/cousas-de-salvaterra-estadia-en-cataluna-de-manuel-marino-mendez-vi\\\/\"},\"author\":{\"name\":\"Ant\u00f3n Lorenzo Gonz\u00e1lez\",\"@id\":\"https:\\\/\\\/www.anovapeneira.gal\\\/#\\\/schema\\\/person\\\/1bf91cd240796d05b6522e3d8a6e2d8e\"},\"headline\":\"COUSAS DE SALVATERRA. Estad\u00eda en Catalu\u00f1a de Manuel Mari\u00f1o M\u00e9ndez VI\",\"datePublished\":\"2024-10-23T08:00:29+00:00\",\"mainEntityOfPage\":{\"@id\":\"https:\\\/\\\/www.anovapeneira.gal\\\/index.php\\\/2024\\\/10\\\/23\\\/cousas-de-salvaterra-estadia-en-cataluna-de-manuel-marino-mendez-vi\\\/\"},\"wordCount\":1115,\"commentCount\":0,\"publisher\":{\"@id\":\"https:\\\/\\\/www.anovapeneira.gal\\\/#organization\"},\"image\":{\"@id\":\"https:\\\/\\\/www.anovapeneira.gal\\\/index.php\\\/2024\\\/10\\\/23\\\/cousas-de-salvaterra-estadia-en-cataluna-de-manuel-marino-mendez-vi\\\/#primaryimage\"},\"thumbnailUrl\":\"https:\\\/\\\/www.anovapeneira.gal\\\/wp-content\\\/uploads\\\/2019\\\/07\\\/ARTIGO_DE_OPINION_A_NOVA_PENEIRA.jpg\",\"keywords\":[\"Concello de Salvaterra do Mi\u00f1o\"],\"articleSection\":[\"Artigos de opini\u00f3n\"],\"inLanguage\":\"gl-ES\",\"potentialAction\":[{\"@type\":\"CommentAction\",\"name\":\"Comment\",\"target\":[\"https:\\\/\\\/www.anovapeneira.gal\\\/index.php\\\/2024\\\/10\\\/23\\\/cousas-de-salvaterra-estadia-en-cataluna-de-manuel-marino-mendez-vi\\\/#respond\"]}]},{\"@type\":\"WebPage\",\"@id\":\"https:\\\/\\\/www.anovapeneira.gal\\\/index.php\\\/2024\\\/10\\\/23\\\/cousas-de-salvaterra-estadia-en-cataluna-de-manuel-marino-mendez-vi\\\/\",\"url\":\"https:\\\/\\\/www.anovapeneira.gal\\\/index.php\\\/2024\\\/10\\\/23\\\/cousas-de-salvaterra-estadia-en-cataluna-de-manuel-marino-mendez-vi\\\/\",\"name\":\"COUSAS DE SALVATERRA. Estad\u00eda en Catalu\u00f1a de Manuel Mari\u00f1o M\u00e9ndez VI -\",\"isPartOf\":{\"@id\":\"https:\\\/\\\/www.anovapeneira.gal\\\/#website\"},\"primaryImageOfPage\":{\"@id\":\"https:\\\/\\\/www.anovapeneira.gal\\\/index.php\\\/2024\\\/10\\\/23\\\/cousas-de-salvaterra-estadia-en-cataluna-de-manuel-marino-mendez-vi\\\/#primaryimage\"},\"image\":{\"@id\":\"https:\\\/\\\/www.anovapeneira.gal\\\/index.php\\\/2024\\\/10\\\/23\\\/cousas-de-salvaterra-estadia-en-cataluna-de-manuel-marino-mendez-vi\\\/#primaryimage\"},\"thumbnailUrl\":\"https:\\\/\\\/www.anovapeneira.gal\\\/wp-content\\\/uploads\\\/2019\\\/07\\\/ARTIGO_DE_OPINION_A_NOVA_PENEIRA.jpg\",\"datePublished\":\"2024-10-23T08:00:29+00:00\",\"breadcrumb\":{\"@id\":\"https:\\\/\\\/www.anovapeneira.gal\\\/index.php\\\/2024\\\/10\\\/23\\\/cousas-de-salvaterra-estadia-en-cataluna-de-manuel-marino-mendez-vi\\\/#breadcrumb\"},\"inLanguage\":\"gl-ES\",\"potentialAction\":[{\"@type\":\"ReadAction\",\"target\":[\"https:\\\/\\\/www.anovapeneira.gal\\\/index.php\\\/2024\\\/10\\\/23\\\/cousas-de-salvaterra-estadia-en-cataluna-de-manuel-marino-mendez-vi\\\/\"]}]},{\"@type\":\"ImageObject\",\"inLanguage\":\"gl-ES\",\"@id\":\"https:\\\/\\\/www.anovapeneira.gal\\\/index.php\\\/2024\\\/10\\\/23\\\/cousas-de-salvaterra-estadia-en-cataluna-de-manuel-marino-mendez-vi\\\/#primaryimage\",\"url\":\"https:\\\/\\\/www.anovapeneira.gal\\\/wp-content\\\/uploads\\\/2019\\\/07\\\/ARTIGO_DE_OPINION_A_NOVA_PENEIRA.jpg\",\"contentUrl\":\"https:\\\/\\\/www.anovapeneira.gal\\\/wp-content\\\/uploads\\\/2019\\\/07\\\/ARTIGO_DE_OPINION_A_NOVA_PENEIRA.jpg\",\"width\":720,\"height\":473,\"caption\":\"Artigo de opini\u00f3n A Nova Peneira\"},{\"@type\":\"BreadcrumbList\",\"@id\":\"https:\\\/\\\/www.anovapeneira.gal\\\/index.php\\\/2024\\\/10\\\/23\\\/cousas-de-salvaterra-estadia-en-cataluna-de-manuel-marino-mendez-vi\\\/#breadcrumb\",\"itemListElement\":[{\"@type\":\"ListItem\",\"position\":1,\"name\":\"Portada\",\"item\":\"https:\\\/\\\/www.anovapeneira.gal\\\/\"},{\"@type\":\"ListItem\",\"position\":2,\"name\":\"COUSAS DE SALVATERRA. Estad\u00eda en Catalu\u00f1a de Manuel Mari\u00f1o M\u00e9ndez VI\"}]},{\"@type\":\"WebSite\",\"@id\":\"https:\\\/\\\/www.anovapeneira.gal\\\/#website\",\"url\":\"https:\\\/\\\/www.anovapeneira.gal\\\/\",\"name\":\"\",\"description\":\"Xornal galego de informaci\u00f3n xeral Publicaci\u00f3n mensual de novas de Galicia e en especial dos Concellos da sur da provincia de Pontevedra.\",\"publisher\":{\"@id\":\"https:\\\/\\\/www.anovapeneira.gal\\\/#organization\"},\"potentialAction\":[{\"@type\":\"SearchAction\",\"target\":{\"@type\":\"EntryPoint\",\"urlTemplate\":\"https:\\\/\\\/www.anovapeneira.gal\\\/?s={search_term_string}\"},\"query-input\":{\"@type\":\"PropertyValueSpecification\",\"valueRequired\":true,\"valueName\":\"search_term_string\"}}],\"inLanguage\":\"gl-ES\"},{\"@type\":\"Organization\",\"@id\":\"https:\\\/\\\/www.anovapeneira.gal\\\/#organization\",\"name\":\"A Nova Peneira\",\"url\":\"https:\\\/\\\/www.anovapeneira.gal\\\/\",\"logo\":{\"@type\":\"ImageObject\",\"inLanguage\":\"gl-ES\",\"@id\":\"https:\\\/\\\/www.anovapeneira.gal\\\/#\\\/schema\\\/logo\\\/image\\\/\",\"url\":\"http:\\\/\\\/www.anovapeneira.gal\\\/wp-content\\\/uploads\\\/2019\\\/06\\\/logo_a_nova_peneira_portal_web.png\",\"contentUrl\":\"http:\\\/\\\/www.anovapeneira.gal\\\/wp-content\\\/uploads\\\/2019\\\/06\\\/logo_a_nova_peneira_portal_web.png\",\"width\":300,\"height\":100,\"caption\":\"A Nova Peneira\"},\"image\":{\"@id\":\"https:\\\/\\\/www.anovapeneira.gal\\\/#\\\/schema\\\/logo\\\/image\\\/\"},\"sameAs\":[\"https:\\\/\\\/www.facebook.com\\\/anovapeneira\",\"https:\\\/\\\/x.com\\\/APeneira\"]},{\"@type\":\"Person\",\"@id\":\"https:\\\/\\\/www.anovapeneira.gal\\\/#\\\/schema\\\/person\\\/1bf91cd240796d05b6522e3d8a6e2d8e\",\"name\":\"Ant\u00f3n Lorenzo Gonz\u00e1lez\",\"image\":{\"@type\":\"ImageObject\",\"inLanguage\":\"gl-ES\",\"@id\":\"https:\\\/\\\/secure.gravatar.com\\\/avatar\\\/dcd882e8f4338e07610336943426400d525673506eb37ce59442ba704e5cc971?s=96&d=mm&r=g\",\"url\":\"https:\\\/\\\/secure.gravatar.com\\\/avatar\\\/dcd882e8f4338e07610336943426400d525673506eb37ce59442ba704e5cc971?s=96&d=mm&r=g\",\"contentUrl\":\"https:\\\/\\\/secure.gravatar.com\\\/avatar\\\/dcd882e8f4338e07610336943426400d525673506eb37ce59442ba704e5cc971?s=96&d=mm&r=g\",\"caption\":\"Ant\u00f3n Lorenzo Gonz\u00e1lez\"},\"url\":\"https:\\\/\\\/www.anovapeneira.gal\\\/index.php\\\/author\\\/xaque\\\/\"}]}<\/script>\n<!-- \/ Yoast SEO plugin. -->","yoast_head_json":{"title":"COUSAS DE SALVATERRA. Estad\u00eda en Catalu\u00f1a de Manuel Mari\u00f1o M\u00e9ndez VI -","robots":{"index":"index","follow":"follow","max-snippet":"max-snippet:-1","max-image-preview":"max-image-preview:large","max-video-preview":"max-video-preview:-1"},"canonical":"https:\/\/www.anovapeneira.gal\/index.php\/2024\/10\/23\/cousas-de-salvaterra-estadia-en-cataluna-de-manuel-marino-mendez-vi\/","og_locale":"gl_ES","og_type":"article","og_title":"COUSAS DE SALVATERRA. Estad\u00eda en Catalu\u00f1a de Manuel Mari\u00f1o M\u00e9ndez VI -","og_description":"As veces as cousas non chegan a tempo, e iso foi o me que me aconteceu con M. Mari\u00f1o, coa s\u00faa historia [...]","og_url":"https:\/\/www.anovapeneira.gal\/index.php\/2024\/10\/23\/cousas-de-salvaterra-estadia-en-cataluna-de-manuel-marino-mendez-vi\/","article_publisher":"https:\/\/www.facebook.com\/anovapeneira","article_published_time":"2024-10-23T08:00:29+00:00","og_image":[{"width":720,"height":473,"url":"https:\/\/www.anovapeneira.gal\/wp-content\/uploads\/2019\/07\/ARTIGO_DE_OPINION_A_NOVA_PENEIRA.jpg","type":"image\/jpeg"}],"author":"Ant\u00f3n Lorenzo Gonz\u00e1lez","twitter_card":"summary_large_image","twitter_image":"https:\/\/www.anovapeneira.gal\/wp-content\/uploads\/2019\/07\/ARTIGO_DE_OPINION_A_NOVA_PENEIRA.jpg","twitter_creator":"@APeneira","twitter_site":"@APeneira","twitter_misc":{"Escrito por":"Ant\u00f3n Lorenzo Gonz\u00e1lez","Tempo de lectura":"7 minutos"},"schema":{"@context":"https:\/\/schema.org","@graph":[{"@type":"Article","@id":"https:\/\/www.anovapeneira.gal\/index.php\/2024\/10\/23\/cousas-de-salvaterra-estadia-en-cataluna-de-manuel-marino-mendez-vi\/#article","isPartOf":{"@id":"https:\/\/www.anovapeneira.gal\/index.php\/2024\/10\/23\/cousas-de-salvaterra-estadia-en-cataluna-de-manuel-marino-mendez-vi\/"},"author":{"name":"Ant\u00f3n Lorenzo Gonz\u00e1lez","@id":"https:\/\/www.anovapeneira.gal\/#\/schema\/person\/1bf91cd240796d05b6522e3d8a6e2d8e"},"headline":"COUSAS DE SALVATERRA. Estad\u00eda en Catalu\u00f1a de Manuel Mari\u00f1o M\u00e9ndez VI","datePublished":"2024-10-23T08:00:29+00:00","mainEntityOfPage":{"@id":"https:\/\/www.anovapeneira.gal\/index.php\/2024\/10\/23\/cousas-de-salvaterra-estadia-en-cataluna-de-manuel-marino-mendez-vi\/"},"wordCount":1115,"commentCount":0,"publisher":{"@id":"https:\/\/www.anovapeneira.gal\/#organization"},"image":{"@id":"https:\/\/www.anovapeneira.gal\/index.php\/2024\/10\/23\/cousas-de-salvaterra-estadia-en-cataluna-de-manuel-marino-mendez-vi\/#primaryimage"},"thumbnailUrl":"https:\/\/www.anovapeneira.gal\/wp-content\/uploads\/2019\/07\/ARTIGO_DE_OPINION_A_NOVA_PENEIRA.jpg","keywords":["Concello de Salvaterra do Mi\u00f1o"],"articleSection":["Artigos de opini\u00f3n"],"inLanguage":"gl-ES","potentialAction":[{"@type":"CommentAction","name":"Comment","target":["https:\/\/www.anovapeneira.gal\/index.php\/2024\/10\/23\/cousas-de-salvaterra-estadia-en-cataluna-de-manuel-marino-mendez-vi\/#respond"]}]},{"@type":"WebPage","@id":"https:\/\/www.anovapeneira.gal\/index.php\/2024\/10\/23\/cousas-de-salvaterra-estadia-en-cataluna-de-manuel-marino-mendez-vi\/","url":"https:\/\/www.anovapeneira.gal\/index.php\/2024\/10\/23\/cousas-de-salvaterra-estadia-en-cataluna-de-manuel-marino-mendez-vi\/","name":"COUSAS DE SALVATERRA. Estad\u00eda en Catalu\u00f1a de Manuel Mari\u00f1o M\u00e9ndez VI -","isPartOf":{"@id":"https:\/\/www.anovapeneira.gal\/#website"},"primaryImageOfPage":{"@id":"https:\/\/www.anovapeneira.gal\/index.php\/2024\/10\/23\/cousas-de-salvaterra-estadia-en-cataluna-de-manuel-marino-mendez-vi\/#primaryimage"},"image":{"@id":"https:\/\/www.anovapeneira.gal\/index.php\/2024\/10\/23\/cousas-de-salvaterra-estadia-en-cataluna-de-manuel-marino-mendez-vi\/#primaryimage"},"thumbnailUrl":"https:\/\/www.anovapeneira.gal\/wp-content\/uploads\/2019\/07\/ARTIGO_DE_OPINION_A_NOVA_PENEIRA.jpg","datePublished":"2024-10-23T08:00:29+00:00","breadcrumb":{"@id":"https:\/\/www.anovapeneira.gal\/index.php\/2024\/10\/23\/cousas-de-salvaterra-estadia-en-cataluna-de-manuel-marino-mendez-vi\/#breadcrumb"},"inLanguage":"gl-ES","potentialAction":[{"@type":"ReadAction","target":["https:\/\/www.anovapeneira.gal\/index.php\/2024\/10\/23\/cousas-de-salvaterra-estadia-en-cataluna-de-manuel-marino-mendez-vi\/"]}]},{"@type":"ImageObject","inLanguage":"gl-ES","@id":"https:\/\/www.anovapeneira.gal\/index.php\/2024\/10\/23\/cousas-de-salvaterra-estadia-en-cataluna-de-manuel-marino-mendez-vi\/#primaryimage","url":"https:\/\/www.anovapeneira.gal\/wp-content\/uploads\/2019\/07\/ARTIGO_DE_OPINION_A_NOVA_PENEIRA.jpg","contentUrl":"https:\/\/www.anovapeneira.gal\/wp-content\/uploads\/2019\/07\/ARTIGO_DE_OPINION_A_NOVA_PENEIRA.jpg","width":720,"height":473,"caption":"Artigo de opini\u00f3n A Nova Peneira"},{"@type":"BreadcrumbList","@id":"https:\/\/www.anovapeneira.gal\/index.php\/2024\/10\/23\/cousas-de-salvaterra-estadia-en-cataluna-de-manuel-marino-mendez-vi\/#breadcrumb","itemListElement":[{"@type":"ListItem","position":1,"name":"Portada","item":"https:\/\/www.anovapeneira.gal\/"},{"@type":"ListItem","position":2,"name":"COUSAS DE SALVATERRA. Estad\u00eda en Catalu\u00f1a de Manuel Mari\u00f1o M\u00e9ndez VI"}]},{"@type":"WebSite","@id":"https:\/\/www.anovapeneira.gal\/#website","url":"https:\/\/www.anovapeneira.gal\/","name":"","description":"Xornal galego de informaci\u00f3n xeral Publicaci\u00f3n mensual de novas de Galicia e en especial dos Concellos da sur da provincia de Pontevedra.","publisher":{"@id":"https:\/\/www.anovapeneira.gal\/#organization"},"potentialAction":[{"@type":"SearchAction","target":{"@type":"EntryPoint","urlTemplate":"https:\/\/www.anovapeneira.gal\/?s={search_term_string}"},"query-input":{"@type":"PropertyValueSpecification","valueRequired":true,"valueName":"search_term_string"}}],"inLanguage":"gl-ES"},{"@type":"Organization","@id":"https:\/\/www.anovapeneira.gal\/#organization","name":"A Nova Peneira","url":"https:\/\/www.anovapeneira.gal\/","logo":{"@type":"ImageObject","inLanguage":"gl-ES","@id":"https:\/\/www.anovapeneira.gal\/#\/schema\/logo\/image\/","url":"http:\/\/www.anovapeneira.gal\/wp-content\/uploads\/2019\/06\/logo_a_nova_peneira_portal_web.png","contentUrl":"http:\/\/www.anovapeneira.gal\/wp-content\/uploads\/2019\/06\/logo_a_nova_peneira_portal_web.png","width":300,"height":100,"caption":"A Nova Peneira"},"image":{"@id":"https:\/\/www.anovapeneira.gal\/#\/schema\/logo\/image\/"},"sameAs":["https:\/\/www.facebook.com\/anovapeneira","https:\/\/x.com\/APeneira"]},{"@type":"Person","@id":"https:\/\/www.anovapeneira.gal\/#\/schema\/person\/1bf91cd240796d05b6522e3d8a6e2d8e","name":"Ant\u00f3n Lorenzo Gonz\u00e1lez","image":{"@type":"ImageObject","inLanguage":"gl-ES","@id":"https:\/\/secure.gravatar.com\/avatar\/dcd882e8f4338e07610336943426400d525673506eb37ce59442ba704e5cc971?s=96&d=mm&r=g","url":"https:\/\/secure.gravatar.com\/avatar\/dcd882e8f4338e07610336943426400d525673506eb37ce59442ba704e5cc971?s=96&d=mm&r=g","contentUrl":"https:\/\/secure.gravatar.com\/avatar\/dcd882e8f4338e07610336943426400d525673506eb37ce59442ba704e5cc971?s=96&d=mm&r=g","caption":"Ant\u00f3n Lorenzo Gonz\u00e1lez"},"url":"https:\/\/www.anovapeneira.gal\/index.php\/author\/xaque\/"}]}},"jetpack_featured_media_url":"https:\/\/www.anovapeneira.gal\/wp-content\/uploads\/2019\/07\/ARTIGO_DE_OPINION_A_NOVA_PENEIRA.jpg","_links":{"self":[{"href":"https:\/\/www.anovapeneira.gal\/index.php\/wp-json\/wp\/v2\/posts\/12633","targetHints":{"allow":["GET"]}}],"collection":[{"href":"https:\/\/www.anovapeneira.gal\/index.php\/wp-json\/wp\/v2\/posts"}],"about":[{"href":"https:\/\/www.anovapeneira.gal\/index.php\/wp-json\/wp\/v2\/types\/post"}],"author":[{"embeddable":true,"href":"https:\/\/www.anovapeneira.gal\/index.php\/wp-json\/wp\/v2\/users\/34"}],"replies":[{"embeddable":true,"href":"https:\/\/www.anovapeneira.gal\/index.php\/wp-json\/wp\/v2\/comments?post=12633"}],"version-history":[{"count":3,"href":"https:\/\/www.anovapeneira.gal\/index.php\/wp-json\/wp\/v2\/posts\/12633\/revisions"}],"predecessor-version":[{"id":12637,"href":"https:\/\/www.anovapeneira.gal\/index.php\/wp-json\/wp\/v2\/posts\/12633\/revisions\/12637"}],"wp:featuredmedia":[{"embeddable":true,"href":"https:\/\/www.anovapeneira.gal\/index.php\/wp-json\/wp\/v2\/media\/584"}],"wp:attachment":[{"href":"https:\/\/www.anovapeneira.gal\/index.php\/wp-json\/wp\/v2\/media?parent=12633"}],"wp:term":[{"taxonomy":"category","embeddable":true,"href":"https:\/\/www.anovapeneira.gal\/index.php\/wp-json\/wp\/v2\/categories?post=12633"},{"taxonomy":"post_tag","embeddable":true,"href":"https:\/\/www.anovapeneira.gal\/index.php\/wp-json\/wp\/v2\/tags?post=12633"}],"curies":[{"name":"wp","href":"https:\/\/api.w.org\/{rel}","templated":true}]}}