{"id":12638,"date":"2024-10-23T12:00:16","date_gmt":"2024-10-23T10:00:16","guid":{"rendered":"https:\/\/www.anovapeneira.gal\/?p=12638"},"modified":"2024-10-18T11:46:47","modified_gmt":"2024-10-18T09:46:47","slug":"mulleres-bravas-hondurenas-e-galegas-xuntas-na-defensa-da-terra-e-da-vida","status":"publish","type":"post","link":"https:\/\/www.anovapeneira.gal\/index.php\/2024\/10\/23\/mulleres-bravas-hondurenas-e-galegas-xuntas-na-defensa-da-terra-e-da-vida\/","title":{"rendered":"Mulleres bravas hondure\u00f1as e galegas xuntas na defensa da terra e da vida"},"content":{"rendered":"\n<h2 class=\"wp-block-heading\"><strong>Nancy Escalante, defensora da terra hondure\u00f1a, convivir\u00e1 con cinco labregas galegas e coas s\u00faas loitas durante este outono<\/strong><\/h2>\n\n\n\n<p>Nancy Escalante, muller labrega e defensora da terra hondure\u00f1a, visita Galicia dende este luns 14 de outubro ata o pr\u00f3ximo 11 de novembro no marco do proxecto<a href=\"https:\/\/mulleresbravas.gal\/o-proxecto\/\"><\/a><a href=\"https:\/\/mulleresbravas.gal\/o-proxecto\/\"><em><u>Mulleres bravas de Honduras e Galicia. Tendendo pontes entre defensoras da vida<\/u><\/em><\/a>, impulsado por <a href=\"https:\/\/amigosdaterra.net\/\"><u>Amigas da Terra<\/u><\/a> e <a href=\"https:\/\/galicia.isf.es\/\"><u>Enxe\u00f1er\u00eda Sen Fronteiras<\/u><\/a> co apoio do <a href=\"https:\/\/sindicatolabrego.gal\/\"><u>Sindicato Labrego Galego<\/u><\/a> e a <a href=\"https:\/\/www.agareso.org\/es\/\"><u>Asociaci\u00f3n Galega de Comunicaci\u00f3n para o Cambio Social<\/u><\/a> e o financiamento da Xunta de Galicia.<\/p>\n\n\n\n<p>O programa busca <strong>por en valor as loitas comunitarias lideradas por mulleres en Honduras e Galicia, dous territorios con retos ambientais moi similares.<\/strong> Respondendo a este obxectivo esta sexta xira de actividades trae unha novidade: <strong>Nancy Escalante convivir\u00e1 varios d\u00edas con cinco mulleres labregas galegas das comarcas de Santiago, Pontevedra, Allariz-Maceda, Betanzos e<\/strong><strong>A Mari\u00f1a<\/strong>. Con isto, o proxecto busca xerar intercambios de experiencias e saberes e v\u00ednculos m\u00e1is profundos entre as mulleres bravas.<\/p>\n\n\n\n<p><strong>Axenda de actividades<\/strong><\/p>\n\n\n\n<figure class=\"wp-block-image size-large\"><img loading=\"lazy\" decoding=\"async\" width=\"819\" height=\"1024\" src=\"https:\/\/www.anovapeneira.gal\/wp-content\/uploads\/2024\/10\/Axenda-visita-Mulleres-Bravas-819x1024.png\" alt=\"\" class=\"wp-image-12640\" srcset=\"https:\/\/www.anovapeneira.gal\/wp-content\/uploads\/2024\/10\/Axenda-visita-Mulleres-Bravas-819x1024.png 819w, https:\/\/www.anovapeneira.gal\/wp-content\/uploads\/2024\/10\/Axenda-visita-Mulleres-Bravas-240x300.png 240w, https:\/\/www.anovapeneira.gal\/wp-content\/uploads\/2024\/10\/Axenda-visita-Mulleres-Bravas-768x960.png 768w, https:\/\/www.anovapeneira.gal\/wp-content\/uploads\/2024\/10\/Axenda-visita-Mulleres-Bravas.png 1080w\" sizes=\"auto, (max-width: 819px) 100vw, 819px\" \/><\/figure>\n\n\n\n<p>A <a href=\"https:\/\/mulleresbravas.gal\/programacion-2023-2024\/\"><u>visita<\/u><\/a> pola comunidade comezou onte cun roteiro feminista pola cidade da Coru\u00f1a e un primeiro encontro coas bases sociais das entidades promotoras da iniciativa: Amigas da Terra e Enxe\u00f1er\u00eda Sen Fronteira. Hoxe Nancy Escalante comparte espazo con outras d\u00faas mulleres bravas de Honduras e Per\u00fa nunha mesa redonda que se desenvolve \u00e1s 11h na Escola Polit\u00e9ctina Superior de Enxe\u00f1er\u00eda de Lugo.<\/p>\n\n\n\n<p>Ma\u00f1\u00e1 representantes da Xunta de Galicia e do Servizo de Participaci\u00f3n e Voluntariado (SEPIU) da Universidade de Santiago recibir\u00e1n a Nancy en sendas reuni\u00f3ns. Dende o xoves, participar\u00e1 no encontro <a href=\"https:\/\/nosplantamos.org\/gl\"><u>Plant\u00e1monos<\/u><\/a>, un espazo no que se reunir\u00e1n persoas e colectivos de todo o territorio espa\u00f1ol implicados na transformaci\u00f3n do modelo agroalimentario para avanzar cara a soberan\u00eda alimentaria.<\/p>\n\n\n\n<p>A partir da pr\u00f3xima semana, comezar\u00e1n as <a href=\"https:\/\/mulleresbravas.gal\/programacion-2023-2024\/\"><u>convivencias de Nancy con mulleres labregas galegas<\/u><\/a>.<br><br><\/p>\n\n\n\n<h3 class=\"wp-block-heading\"><a><\/a> <strong>As mulleres bravas constru\u00edmos xuntas<\/strong><\/h3>\n\n\n\n<p><a href=\"https:\/\/mulleresbravas.gal\/nancy-yaneth-escalante\/\"><u><strong>Nancy Escalante<\/strong><\/u><\/a>\u00e9 unha<strong> labrega de referencia <\/strong>para as mulleres da s\u00faa comunidade (Huatales Abajo, na aldea San Judas, El Corpus, Choluteca, Honduras), \u00e1s que lles fala da importancia de cultivar e consumir alimentos libres de qu\u00edmicos, nutritivos e nativos e dos efectos negativos de consumir alimentos procesados e refrescos. Traballa parcelas de millo e frijol aplicando boas pr\u00e1cticas agroecol\u00f3xicas como a conservaci\u00f3n do chan e auga e principios do m\u00e9todo de cultivo biointensivo como o control ecol\u00f3xico de pragas e enfermidades e a producci\u00f3n artesanal de sementes nativas.<\/p>\n\n\n\n<p>Nancy participa en numerosas redes comunitarias, procesos formativos e de incidencia pol\u00edtica. Traballa temas ambientais, vinculados ao x\u00e9nero e \u00e1 soberan\u00eda alimentaria. \u00c9 <strong>lideresa dun grupo de protecci\u00f3n ambiental<\/strong>; secretaria da Caixa Rural Uni\u00f3n e Esforzo e da Reserva Estrat\u00e9xica Comunitaria de Grans B\u00e1sicos e Sementes; e <strong>promotora legal comunitaria para a atenci\u00f3n e prevenci\u00f3n da violencia de x\u00e9nero. <\/strong>Ademais, Nancy volveu estudar e at\u00f3pase agora mesmo cursando o primeiro ano de Bacharelato en Ciencias e Humanidades co fin de estudar Enfermer\u00eda e poder brindar servizos b\u00e1sicos \u00e1 s\u00faa comunidade.<\/p>\n\n\n\n<p><strong>Isabel Vilalba <\/strong>(gandeira, produtora de faba e Secretaria Xeral do SLG)<strong>, Mar\u00eda Ferreiro<\/strong> (gandeira e actual responsable da <a href=\"https:\/\/sindicatolabrego.gal\/novas\/c\/secretaria-das-mulleres\/\"><u>Secreatar\u00eda das Mulleres do SLG<\/u><\/a>)<strong>, Pura Seoane <\/strong>(labrega de produci\u00f3n vexetal venda directa en mercados e cestas e membro da directiva do SLG)<strong> , Ux\u00eda de Buci\u00f1o <\/strong>(labrega de produci\u00f3nvexetal venda directa en mercados e membro da directiva do SLG) e <strong>Bel\u00e9n Fervenza<\/strong> (produtora de horta e flor agroecol\u00f3xica e integrante da Secretar\u00eda das Mulleres do SLG) son as cinco mulleres galegas que acoller\u00e1n por uns d\u00edas a Nancy Escalante nas s\u00faas casas en Lourenz\u00e1, Teixeiro, Vedra, Allariz e Pontevedra, respectivamente.<\/p>\n\n\n\n<p><strong>Honduras e Galicia, dous territorios con retos ambientais moi similares<\/strong><\/p>\n\n\n\n<p>Macroproxectos empresariais que contaminan terras e augas, afectan aos ecosistemas e destr\u00faen as comunidades \u00e1s que nin sequera se ten en conta \u00e1 hora de tomar decisi\u00f3ns. En \u00e1mbolos dous territorios, <strong>as mulleres lideran loitas contra estes proxectos que antepo\u00f1en o beneficio econ\u00f3mico empresarial ante todo<\/strong>. As mulleres defenden a terra, os dereitos e a vida. Suman entre elas forzas de cambio e sembran os xermes de moitos movementos de resistencia que se mobilizan por garantir dereitos. Este labor orixina resultados moi positivos nas comunidades, mais moitas veces a costa da liberdade das mulleres lideresas. En Honduras, mulleres son asasinadas por loitar por terras libres e sociedades xustas.<\/p>\n","protected":false},"excerpt":{"rendered":"<div class=\"mh-excerpt\"><p>Nancy Escalante, defensora da terra hondure\u00f1a, convivir\u00e1 con cinco labregas galegas e coas s\u00faas loitas durante este outono <a class=\"mh-excerpt-more\" href=\"https:\/\/www.anovapeneira.gal\/index.php\/2024\/10\/23\/mulleres-bravas-hondurenas-e-galegas-xuntas-na-defensa-da-terra-e-da-vida\/\" title=\"Mulleres bravas hondure\u00f1as e galegas xuntas na defensa da terra e da vida\">[&#8230;]<\/a><\/p>\n<\/div>","protected":false},"author":3,"featured_media":12641,"comment_status":"open","ping_status":"open","sticky":false,"template":"","format":"standard","meta":{"_exactmetrics_skip_tracking":false,"_exactmetrics_sitenote_active":false,"_exactmetrics_sitenote_note":"","_exactmetrics_sitenote_category":0,"footnotes":""},"categories":[263],"tags":[1432],"class_list":{"0":"post-12638","1":"post","2":"type-post","3":"status-publish","4":"format-standard","5":"has-post-thumbnail","7":"category-novas","8":"tag-mulleres-bravas"},"yoast_head":"<!-- This site is optimized with the Yoast SEO plugin v27.4 - https:\/\/yoast.com\/product\/yoast-seo-wordpress\/ -->\n<title>Mulleres bravas hondure\u00f1as e galegas xuntas na defensa da terra e da vida -<\/title>\n<meta name=\"robots\" content=\"index, follow, max-snippet:-1, max-image-preview:large, max-video-preview:-1\" \/>\n<link rel=\"canonical\" href=\"https:\/\/www.anovapeneira.gal\/index.php\/2024\/10\/23\/mulleres-bravas-hondurenas-e-galegas-xuntas-na-defensa-da-terra-e-da-vida\/\" \/>\n<meta property=\"og:locale\" content=\"gl_ES\" \/>\n<meta property=\"og:type\" content=\"article\" \/>\n<meta property=\"og:title\" content=\"Mulleres bravas hondure\u00f1as e galegas xuntas na defensa da terra e da vida -\" \/>\n<meta property=\"og:description\" content=\"Nancy Escalante, defensora da terra hondure\u00f1a, convivir\u00e1 con cinco labregas galegas e coas s\u00faas loitas durante este outono [...]\" \/>\n<meta property=\"og:url\" content=\"https:\/\/www.anovapeneira.gal\/index.php\/2024\/10\/23\/mulleres-bravas-hondurenas-e-galegas-xuntas-na-defensa-da-terra-e-da-vida\/\" \/>\n<meta property=\"article:publisher\" content=\"https:\/\/www.facebook.com\/anovapeneira\" \/>\n<meta property=\"article:published_time\" content=\"2024-10-23T10:00:16+00:00\" \/>\n<meta property=\"og:image\" content=\"https:\/\/www.anovapeneira.gal\/wp-content\/uploads\/2024\/10\/nancy_escalante.png\" \/>\n\t<meta property=\"og:image:width\" content=\"700\" \/>\n\t<meta property=\"og:image:height\" content=\"522\" \/>\n\t<meta property=\"og:image:type\" content=\"image\/png\" \/>\n<meta name=\"author\" content=\"Redacci\u00f3n A Nova Peneira\" \/>\n<meta name=\"twitter:card\" content=\"summary_large_image\" \/>\n<meta name=\"twitter:creator\" content=\"@APeneira\" \/>\n<meta name=\"twitter:site\" content=\"@APeneira\" \/>\n<meta name=\"twitter:label1\" content=\"Escrito por\" \/>\n\t<meta name=\"twitter:data1\" content=\"Redacci\u00f3n A Nova Peneira\" \/>\n\t<meta name=\"twitter:label2\" content=\"Tempo de lectura\" \/>\n\t<meta name=\"twitter:data2\" content=\"5 minutos\" \/>\n<script type=\"application\/ld+json\" class=\"yoast-schema-graph\">{\"@context\":\"https:\\\/\\\/schema.org\",\"@graph\":[{\"@type\":\"Article\",\"@id\":\"https:\\\/\\\/www.anovapeneira.gal\\\/index.php\\\/2024\\\/10\\\/23\\\/mulleres-bravas-hondurenas-e-galegas-xuntas-na-defensa-da-terra-e-da-vida\\\/#article\",\"isPartOf\":{\"@id\":\"https:\\\/\\\/www.anovapeneira.gal\\\/index.php\\\/2024\\\/10\\\/23\\\/mulleres-bravas-hondurenas-e-galegas-xuntas-na-defensa-da-terra-e-da-vida\\\/\"},\"author\":{\"name\":\"Redacci\u00f3n A Nova Peneira\",\"@id\":\"https:\\\/\\\/www.anovapeneira.gal\\\/#\\\/schema\\\/person\\\/b93e3f8932e3f8da96334607eb6ac6aa\"},\"headline\":\"Mulleres bravas hondure\u00f1as e galegas xuntas na defensa da terra e da vida\",\"datePublished\":\"2024-10-23T10:00:16+00:00\",\"mainEntityOfPage\":{\"@id\":\"https:\\\/\\\/www.anovapeneira.gal\\\/index.php\\\/2024\\\/10\\\/23\\\/mulleres-bravas-hondurenas-e-galegas-xuntas-na-defensa-da-terra-e-da-vida\\\/\"},\"wordCount\":774,\"commentCount\":0,\"publisher\":{\"@id\":\"https:\\\/\\\/www.anovapeneira.gal\\\/#organization\"},\"image\":{\"@id\":\"https:\\\/\\\/www.anovapeneira.gal\\\/index.php\\\/2024\\\/10\\\/23\\\/mulleres-bravas-hondurenas-e-galegas-xuntas-na-defensa-da-terra-e-da-vida\\\/#primaryimage\"},\"thumbnailUrl\":\"https:\\\/\\\/www.anovapeneira.gal\\\/wp-content\\\/uploads\\\/2024\\\/10\\\/nancy_escalante.png\",\"keywords\":[\"Mulleres bravas\"],\"articleSection\":[\"Novas\"],\"inLanguage\":\"gl-ES\",\"potentialAction\":[{\"@type\":\"CommentAction\",\"name\":\"Comment\",\"target\":[\"https:\\\/\\\/www.anovapeneira.gal\\\/index.php\\\/2024\\\/10\\\/23\\\/mulleres-bravas-hondurenas-e-galegas-xuntas-na-defensa-da-terra-e-da-vida\\\/#respond\"]}]},{\"@type\":\"WebPage\",\"@id\":\"https:\\\/\\\/www.anovapeneira.gal\\\/index.php\\\/2024\\\/10\\\/23\\\/mulleres-bravas-hondurenas-e-galegas-xuntas-na-defensa-da-terra-e-da-vida\\\/\",\"url\":\"https:\\\/\\\/www.anovapeneira.gal\\\/index.php\\\/2024\\\/10\\\/23\\\/mulleres-bravas-hondurenas-e-galegas-xuntas-na-defensa-da-terra-e-da-vida\\\/\",\"name\":\"Mulleres bravas hondure\u00f1as e galegas xuntas na defensa da terra e da vida -\",\"isPartOf\":{\"@id\":\"https:\\\/\\\/www.anovapeneira.gal\\\/#website\"},\"primaryImageOfPage\":{\"@id\":\"https:\\\/\\\/www.anovapeneira.gal\\\/index.php\\\/2024\\\/10\\\/23\\\/mulleres-bravas-hondurenas-e-galegas-xuntas-na-defensa-da-terra-e-da-vida\\\/#primaryimage\"},\"image\":{\"@id\":\"https:\\\/\\\/www.anovapeneira.gal\\\/index.php\\\/2024\\\/10\\\/23\\\/mulleres-bravas-hondurenas-e-galegas-xuntas-na-defensa-da-terra-e-da-vida\\\/#primaryimage\"},\"thumbnailUrl\":\"https:\\\/\\\/www.anovapeneira.gal\\\/wp-content\\\/uploads\\\/2024\\\/10\\\/nancy_escalante.png\",\"datePublished\":\"2024-10-23T10:00:16+00:00\",\"breadcrumb\":{\"@id\":\"https:\\\/\\\/www.anovapeneira.gal\\\/index.php\\\/2024\\\/10\\\/23\\\/mulleres-bravas-hondurenas-e-galegas-xuntas-na-defensa-da-terra-e-da-vida\\\/#breadcrumb\"},\"inLanguage\":\"gl-ES\",\"potentialAction\":[{\"@type\":\"ReadAction\",\"target\":[\"https:\\\/\\\/www.anovapeneira.gal\\\/index.php\\\/2024\\\/10\\\/23\\\/mulleres-bravas-hondurenas-e-galegas-xuntas-na-defensa-da-terra-e-da-vida\\\/\"]}]},{\"@type\":\"ImageObject\",\"inLanguage\":\"gl-ES\",\"@id\":\"https:\\\/\\\/www.anovapeneira.gal\\\/index.php\\\/2024\\\/10\\\/23\\\/mulleres-bravas-hondurenas-e-galegas-xuntas-na-defensa-da-terra-e-da-vida\\\/#primaryimage\",\"url\":\"https:\\\/\\\/www.anovapeneira.gal\\\/wp-content\\\/uploads\\\/2024\\\/10\\\/nancy_escalante.png\",\"contentUrl\":\"https:\\\/\\\/www.anovapeneira.gal\\\/wp-content\\\/uploads\\\/2024\\\/10\\\/nancy_escalante.png\",\"width\":700,\"height\":522,\"caption\":\"Nancy Escalante Honduras\"},{\"@type\":\"BreadcrumbList\",\"@id\":\"https:\\\/\\\/www.anovapeneira.gal\\\/index.php\\\/2024\\\/10\\\/23\\\/mulleres-bravas-hondurenas-e-galegas-xuntas-na-defensa-da-terra-e-da-vida\\\/#breadcrumb\",\"itemListElement\":[{\"@type\":\"ListItem\",\"position\":1,\"name\":\"Portada\",\"item\":\"https:\\\/\\\/www.anovapeneira.gal\\\/\"},{\"@type\":\"ListItem\",\"position\":2,\"name\":\"Mulleres bravas hondure\u00f1as e galegas xuntas na defensa da terra e da vida\"}]},{\"@type\":\"WebSite\",\"@id\":\"https:\\\/\\\/www.anovapeneira.gal\\\/#website\",\"url\":\"https:\\\/\\\/www.anovapeneira.gal\\\/\",\"name\":\"\",\"description\":\"Xornal galego de informaci\u00f3n xeral Publicaci\u00f3n mensual de novas de Galicia e en especial dos Concellos da sur da provincia de Pontevedra.\",\"publisher\":{\"@id\":\"https:\\\/\\\/www.anovapeneira.gal\\\/#organization\"},\"potentialAction\":[{\"@type\":\"SearchAction\",\"target\":{\"@type\":\"EntryPoint\",\"urlTemplate\":\"https:\\\/\\\/www.anovapeneira.gal\\\/?s={search_term_string}\"},\"query-input\":{\"@type\":\"PropertyValueSpecification\",\"valueRequired\":true,\"valueName\":\"search_term_string\"}}],\"inLanguage\":\"gl-ES\"},{\"@type\":\"Organization\",\"@id\":\"https:\\\/\\\/www.anovapeneira.gal\\\/#organization\",\"name\":\"A Nova Peneira\",\"url\":\"https:\\\/\\\/www.anovapeneira.gal\\\/\",\"logo\":{\"@type\":\"ImageObject\",\"inLanguage\":\"gl-ES\",\"@id\":\"https:\\\/\\\/www.anovapeneira.gal\\\/#\\\/schema\\\/logo\\\/image\\\/\",\"url\":\"http:\\\/\\\/www.anovapeneira.gal\\\/wp-content\\\/uploads\\\/2019\\\/06\\\/logo_a_nova_peneira_portal_web.png\",\"contentUrl\":\"http:\\\/\\\/www.anovapeneira.gal\\\/wp-content\\\/uploads\\\/2019\\\/06\\\/logo_a_nova_peneira_portal_web.png\",\"width\":300,\"height\":100,\"caption\":\"A Nova Peneira\"},\"image\":{\"@id\":\"https:\\\/\\\/www.anovapeneira.gal\\\/#\\\/schema\\\/logo\\\/image\\\/\"},\"sameAs\":[\"https:\\\/\\\/www.facebook.com\\\/anovapeneira\",\"https:\\\/\\\/x.com\\\/APeneira\"]},{\"@type\":\"Person\",\"@id\":\"https:\\\/\\\/www.anovapeneira.gal\\\/#\\\/schema\\\/person\\\/b93e3f8932e3f8da96334607eb6ac6aa\",\"name\":\"Redacci\u00f3n A Nova Peneira\",\"image\":{\"@type\":\"ImageObject\",\"inLanguage\":\"gl-ES\",\"@id\":\"https:\\\/\\\/secure.gravatar.com\\\/avatar\\\/c052a2551a06e23fac63626232eaa90abd78dbcf1700fc46a2b2c89fd27b735f?s=96&d=mm&r=g\",\"url\":\"https:\\\/\\\/secure.gravatar.com\\\/avatar\\\/c052a2551a06e23fac63626232eaa90abd78dbcf1700fc46a2b2c89fd27b735f?s=96&d=mm&r=g\",\"contentUrl\":\"https:\\\/\\\/secure.gravatar.com\\\/avatar\\\/c052a2551a06e23fac63626232eaa90abd78dbcf1700fc46a2b2c89fd27b735f?s=96&d=mm&r=g\",\"caption\":\"Redacci\u00f3n A Nova Peneira\"},\"sameAs\":[\"http:\\\/\\\/www.anovapeneira.gal\\\/\"],\"url\":\"https:\\\/\\\/www.anovapeneira.gal\\\/index.php\\\/author\\\/redactor\\\/\"}]}<\/script>\n<!-- \/ Yoast SEO plugin. -->","yoast_head_json":{"title":"Mulleres bravas hondure\u00f1as e galegas xuntas na defensa da terra e da vida -","robots":{"index":"index","follow":"follow","max-snippet":"max-snippet:-1","max-image-preview":"max-image-preview:large","max-video-preview":"max-video-preview:-1"},"canonical":"https:\/\/www.anovapeneira.gal\/index.php\/2024\/10\/23\/mulleres-bravas-hondurenas-e-galegas-xuntas-na-defensa-da-terra-e-da-vida\/","og_locale":"gl_ES","og_type":"article","og_title":"Mulleres bravas hondure\u00f1as e galegas xuntas na defensa da terra e da vida -","og_description":"Nancy Escalante, defensora da terra hondure\u00f1a, convivir\u00e1 con cinco labregas galegas e coas s\u00faas loitas durante este outono [...]","og_url":"https:\/\/www.anovapeneira.gal\/index.php\/2024\/10\/23\/mulleres-bravas-hondurenas-e-galegas-xuntas-na-defensa-da-terra-e-da-vida\/","article_publisher":"https:\/\/www.facebook.com\/anovapeneira","article_published_time":"2024-10-23T10:00:16+00:00","og_image":[{"width":700,"height":522,"url":"https:\/\/www.anovapeneira.gal\/wp-content\/uploads\/2024\/10\/nancy_escalante.png","type":"image\/png"}],"author":"Redacci\u00f3n A Nova Peneira","twitter_card":"summary_large_image","twitter_creator":"@APeneira","twitter_site":"@APeneira","twitter_misc":{"Escrito por":"Redacci\u00f3n A Nova Peneira","Tempo de lectura":"5 minutos"},"schema":{"@context":"https:\/\/schema.org","@graph":[{"@type":"Article","@id":"https:\/\/www.anovapeneira.gal\/index.php\/2024\/10\/23\/mulleres-bravas-hondurenas-e-galegas-xuntas-na-defensa-da-terra-e-da-vida\/#article","isPartOf":{"@id":"https:\/\/www.anovapeneira.gal\/index.php\/2024\/10\/23\/mulleres-bravas-hondurenas-e-galegas-xuntas-na-defensa-da-terra-e-da-vida\/"},"author":{"name":"Redacci\u00f3n A Nova Peneira","@id":"https:\/\/www.anovapeneira.gal\/#\/schema\/person\/b93e3f8932e3f8da96334607eb6ac6aa"},"headline":"Mulleres bravas hondure\u00f1as e galegas xuntas na defensa da terra e da vida","datePublished":"2024-10-23T10:00:16+00:00","mainEntityOfPage":{"@id":"https:\/\/www.anovapeneira.gal\/index.php\/2024\/10\/23\/mulleres-bravas-hondurenas-e-galegas-xuntas-na-defensa-da-terra-e-da-vida\/"},"wordCount":774,"commentCount":0,"publisher":{"@id":"https:\/\/www.anovapeneira.gal\/#organization"},"image":{"@id":"https:\/\/www.anovapeneira.gal\/index.php\/2024\/10\/23\/mulleres-bravas-hondurenas-e-galegas-xuntas-na-defensa-da-terra-e-da-vida\/#primaryimage"},"thumbnailUrl":"https:\/\/www.anovapeneira.gal\/wp-content\/uploads\/2024\/10\/nancy_escalante.png","keywords":["Mulleres bravas"],"articleSection":["Novas"],"inLanguage":"gl-ES","potentialAction":[{"@type":"CommentAction","name":"Comment","target":["https:\/\/www.anovapeneira.gal\/index.php\/2024\/10\/23\/mulleres-bravas-hondurenas-e-galegas-xuntas-na-defensa-da-terra-e-da-vida\/#respond"]}]},{"@type":"WebPage","@id":"https:\/\/www.anovapeneira.gal\/index.php\/2024\/10\/23\/mulleres-bravas-hondurenas-e-galegas-xuntas-na-defensa-da-terra-e-da-vida\/","url":"https:\/\/www.anovapeneira.gal\/index.php\/2024\/10\/23\/mulleres-bravas-hondurenas-e-galegas-xuntas-na-defensa-da-terra-e-da-vida\/","name":"Mulleres bravas hondure\u00f1as e galegas xuntas na defensa da terra e da vida -","isPartOf":{"@id":"https:\/\/www.anovapeneira.gal\/#website"},"primaryImageOfPage":{"@id":"https:\/\/www.anovapeneira.gal\/index.php\/2024\/10\/23\/mulleres-bravas-hondurenas-e-galegas-xuntas-na-defensa-da-terra-e-da-vida\/#primaryimage"},"image":{"@id":"https:\/\/www.anovapeneira.gal\/index.php\/2024\/10\/23\/mulleres-bravas-hondurenas-e-galegas-xuntas-na-defensa-da-terra-e-da-vida\/#primaryimage"},"thumbnailUrl":"https:\/\/www.anovapeneira.gal\/wp-content\/uploads\/2024\/10\/nancy_escalante.png","datePublished":"2024-10-23T10:00:16+00:00","breadcrumb":{"@id":"https:\/\/www.anovapeneira.gal\/index.php\/2024\/10\/23\/mulleres-bravas-hondurenas-e-galegas-xuntas-na-defensa-da-terra-e-da-vida\/#breadcrumb"},"inLanguage":"gl-ES","potentialAction":[{"@type":"ReadAction","target":["https:\/\/www.anovapeneira.gal\/index.php\/2024\/10\/23\/mulleres-bravas-hondurenas-e-galegas-xuntas-na-defensa-da-terra-e-da-vida\/"]}]},{"@type":"ImageObject","inLanguage":"gl-ES","@id":"https:\/\/www.anovapeneira.gal\/index.php\/2024\/10\/23\/mulleres-bravas-hondurenas-e-galegas-xuntas-na-defensa-da-terra-e-da-vida\/#primaryimage","url":"https:\/\/www.anovapeneira.gal\/wp-content\/uploads\/2024\/10\/nancy_escalante.png","contentUrl":"https:\/\/www.anovapeneira.gal\/wp-content\/uploads\/2024\/10\/nancy_escalante.png","width":700,"height":522,"caption":"Nancy Escalante Honduras"},{"@type":"BreadcrumbList","@id":"https:\/\/www.anovapeneira.gal\/index.php\/2024\/10\/23\/mulleres-bravas-hondurenas-e-galegas-xuntas-na-defensa-da-terra-e-da-vida\/#breadcrumb","itemListElement":[{"@type":"ListItem","position":1,"name":"Portada","item":"https:\/\/www.anovapeneira.gal\/"},{"@type":"ListItem","position":2,"name":"Mulleres bravas hondure\u00f1as e galegas xuntas na defensa da terra e da vida"}]},{"@type":"WebSite","@id":"https:\/\/www.anovapeneira.gal\/#website","url":"https:\/\/www.anovapeneira.gal\/","name":"","description":"Xornal galego de informaci\u00f3n xeral Publicaci\u00f3n mensual de novas de Galicia e en especial dos Concellos da sur da provincia de Pontevedra.","publisher":{"@id":"https:\/\/www.anovapeneira.gal\/#organization"},"potentialAction":[{"@type":"SearchAction","target":{"@type":"EntryPoint","urlTemplate":"https:\/\/www.anovapeneira.gal\/?s={search_term_string}"},"query-input":{"@type":"PropertyValueSpecification","valueRequired":true,"valueName":"search_term_string"}}],"inLanguage":"gl-ES"},{"@type":"Organization","@id":"https:\/\/www.anovapeneira.gal\/#organization","name":"A Nova Peneira","url":"https:\/\/www.anovapeneira.gal\/","logo":{"@type":"ImageObject","inLanguage":"gl-ES","@id":"https:\/\/www.anovapeneira.gal\/#\/schema\/logo\/image\/","url":"http:\/\/www.anovapeneira.gal\/wp-content\/uploads\/2019\/06\/logo_a_nova_peneira_portal_web.png","contentUrl":"http:\/\/www.anovapeneira.gal\/wp-content\/uploads\/2019\/06\/logo_a_nova_peneira_portal_web.png","width":300,"height":100,"caption":"A Nova Peneira"},"image":{"@id":"https:\/\/www.anovapeneira.gal\/#\/schema\/logo\/image\/"},"sameAs":["https:\/\/www.facebook.com\/anovapeneira","https:\/\/x.com\/APeneira"]},{"@type":"Person","@id":"https:\/\/www.anovapeneira.gal\/#\/schema\/person\/b93e3f8932e3f8da96334607eb6ac6aa","name":"Redacci\u00f3n A Nova Peneira","image":{"@type":"ImageObject","inLanguage":"gl-ES","@id":"https:\/\/secure.gravatar.com\/avatar\/c052a2551a06e23fac63626232eaa90abd78dbcf1700fc46a2b2c89fd27b735f?s=96&d=mm&r=g","url":"https:\/\/secure.gravatar.com\/avatar\/c052a2551a06e23fac63626232eaa90abd78dbcf1700fc46a2b2c89fd27b735f?s=96&d=mm&r=g","contentUrl":"https:\/\/secure.gravatar.com\/avatar\/c052a2551a06e23fac63626232eaa90abd78dbcf1700fc46a2b2c89fd27b735f?s=96&d=mm&r=g","caption":"Redacci\u00f3n A Nova Peneira"},"sameAs":["http:\/\/www.anovapeneira.gal\/"],"url":"https:\/\/www.anovapeneira.gal\/index.php\/author\/redactor\/"}]}},"jetpack_featured_media_url":"https:\/\/www.anovapeneira.gal\/wp-content\/uploads\/2024\/10\/nancy_escalante.png","_links":{"self":[{"href":"https:\/\/www.anovapeneira.gal\/index.php\/wp-json\/wp\/v2\/posts\/12638","targetHints":{"allow":["GET"]}}],"collection":[{"href":"https:\/\/www.anovapeneira.gal\/index.php\/wp-json\/wp\/v2\/posts"}],"about":[{"href":"https:\/\/www.anovapeneira.gal\/index.php\/wp-json\/wp\/v2\/types\/post"}],"author":[{"embeddable":true,"href":"https:\/\/www.anovapeneira.gal\/index.php\/wp-json\/wp\/v2\/users\/3"}],"replies":[{"embeddable":true,"href":"https:\/\/www.anovapeneira.gal\/index.php\/wp-json\/wp\/v2\/comments?post=12638"}],"version-history":[{"count":2,"href":"https:\/\/www.anovapeneira.gal\/index.php\/wp-json\/wp\/v2\/posts\/12638\/revisions"}],"predecessor-version":[{"id":12643,"href":"https:\/\/www.anovapeneira.gal\/index.php\/wp-json\/wp\/v2\/posts\/12638\/revisions\/12643"}],"wp:featuredmedia":[{"embeddable":true,"href":"https:\/\/www.anovapeneira.gal\/index.php\/wp-json\/wp\/v2\/media\/12641"}],"wp:attachment":[{"href":"https:\/\/www.anovapeneira.gal\/index.php\/wp-json\/wp\/v2\/media?parent=12638"}],"wp:term":[{"taxonomy":"category","embeddable":true,"href":"https:\/\/www.anovapeneira.gal\/index.php\/wp-json\/wp\/v2\/categories?post=12638"},{"taxonomy":"post_tag","embeddable":true,"href":"https:\/\/www.anovapeneira.gal\/index.php\/wp-json\/wp\/v2\/tags?post=12638"}],"curies":[{"name":"wp","href":"https:\/\/api.w.org\/{rel}","templated":true}]}}