{"id":12647,"date":"2024-10-24T10:00:18","date_gmt":"2024-10-24T08:00:18","guid":{"rendered":"https:\/\/www.anovapeneira.gal\/?p=12647"},"modified":"2024-10-22T10:55:36","modified_gmt":"2024-10-22T08:55:36","slug":"o-dj-xian-talento-galego-a-conquista-do-mundo-da-noite","status":"publish","type":"post","link":"https:\/\/www.anovapeneira.gal\/index.php\/2024\/10\/24\/o-dj-xian-talento-galego-a-conquista-do-mundo-da-noite\/","title":{"rendered":"O DJ XIAN :Talento galego \u00e1 conquista do mundo da noite"},"content":{"rendered":"\n<p><strong>Xian Ferreiro \u00e9 un rapaz nativo de Vigo, cuxas ra\u00edces est\u00e1n na comarca da Paradanta, moi novo, de tan s\u00f3 22 anos, que leva unha carreira mete\u00f3rica no que \u00e9 \u00e1 vez a s\u00faa profesi\u00f3n e a s\u00faa paix\u00f3n: picar musica en discotecas .El \u00e9 dj, e con moi pouco tempo de experiencia xa ten exercido como dj residente en salas de enorme prestixio, e incluso participado en eventos tan significativos como o Son da Muralla de Salvaterra e o Urban Fest das Neves. N\u00f3s falamos con el<\/strong><\/p>\n\n\n\n<p><strong>DJ Xian Ferreiro Vicente<\/strong><\/p>\n\n\n\n<h2 class=\"wp-block-heading\">\u201c<strong>O que m\u00e1is me gusta do meu traballo \u00e9 ver gozar \u00e1 xente coa musica que pico\u201d<\/strong><\/h2>\n\n\n\n<p><strong>Xian, que estudaches?<\/strong><\/p>\n\n\n\n<blockquote class=\"wp-block-quote is-layout-flow wp-block-quote-is-layout-flow\">\n<p>Estudei a ESO Despois cursei un Ciclo Medio de Mec\u00e1nica do Autom\u00f3bil.<\/p>\n<\/blockquote>\n\n\n\n<p><strong>Cando empezou a t\u00faa afecci\u00f3n pola m\u00fasica?<\/strong><\/p>\n\n\n\n<blockquote class=\"wp-block-quote is-layout-flow wp-block-quote-is-layout-flow\">\n<p>Desde pequeno xa estaba na casa escoitando m\u00fasica e vendo v\u00eddeos de DJs de discotecas, con 13 ou 14 anos que comecei a sa\u00edr algo sempre me fixaba nos Djs. Unha noite nunha festa dun DJ co\u00f1ecido quedei toda a noite \u00e1 beira da cabina vendo como picaba, a\u00ed segu\u00edn vendo m\u00e1is v\u00eddeos e coa influencia do meu t\u00edo Fabi\u00e1n, que daquela tam\u00e9n era Dj comezou todo.<\/p>\n<\/blockquote>\n\n\n\n<p><strong>Onde picaba o teu t\u00edo?<\/strong><\/p>\n\n\n\n<blockquote class=\"wp-block-quote is-layout-flow wp-block-quote-is-layout-flow\">\n<p>Nun local de Ponteareas, fac\u00edao como hobby.<\/p>\n<\/blockquote>\n\n\n\n<p><strong>Que estilo de m\u00fasica escoitabas cando empezaches a meterte no mundo dos Djs?<\/strong><\/p>\n\n\n\n<blockquote class=\"wp-block-quote is-layout-flow wp-block-quote-is-layout-flow\">\n<p>A m\u00fasica electr\u00f3nica.<\/p>\n<\/blockquote>\n\n\n\n<p><strong>Con que idade empezaches a picar?<\/strong><\/p>\n\n\n\n<blockquote class=\"wp-block-quote is-layout-flow wp-block-quote-is-layout-flow\">\n<p>Con 16 anos. A esta idade merquei a mi\u00f1a primeira mesa de mesturas e empecei na casa a facer as mi\u00f1as sesi\u00f3ns e subilas a internet.<\/p>\n<\/blockquote>\n\n\n\n<p><strong>Vives nunha casa ou un piso?<\/strong><\/p>\n\n\n\n<blockquote class=\"wp-block-quote is-layout-flow wp-block-quote-is-layout-flow\">\n<p>Vivo nun piso.<\/p>\n<\/blockquote>\n\n\n\n<p><strong>E non se che queixou ning\u00fan veci\u00f1o pola m\u00fasica?<\/strong><\/p>\n\n\n\n<blockquote class=\"wp-block-quote is-layout-flow wp-block-quote-is-layout-flow\">\n<p>Alg\u00fan veci\u00f1o si, pero sempre o fac\u00eda en horario di\u00farno e con pouco volume.<\/p>\n<\/blockquote>\n\n\n\n<p><strong>Como chegas a ser un profesional da m\u00fasica como Dj?<\/strong><\/p>\n\n\n\n<blockquote class=\"wp-block-quote is-layout-flow wp-block-quote-is-layout-flow\">\n<p>Foi a trav\u00e9s do meu curm\u00e1n, el \u00e9 Dj tam\u00e9n, ch\u00e1mase Pity, \u00e9 de Porri\u00f1o e \u00e9 bastante co\u00f1ecido a nivel de Galicia, despois do COVID decatouse que eu estaba metido nisto e que me gustaba e conseguiume unha sesi\u00f3n para picar en Pontevedra por primeira vez.<\/p>\n<\/blockquote>\n\n\n\n<p><strong>Lembras exactamente cando foi?<\/strong><\/p>\n\n\n\n<blockquote class=\"wp-block-quote is-layout-flow wp-block-quote-is-layout-flow\">\n<p>En marzo do 2022.<\/p>\n<\/blockquote>\n\n\n\n<p><strong>En que sala foi?<\/strong><\/p>\n\n\n\n<blockquote class=\"wp-block-quote is-layout-flow wp-block-quote-is-layout-flow\">\n<p>Na sala Jackson.<\/p>\n<\/blockquote>\n\n\n\n<p><strong>Picaches toda a sesi\u00f3n?<\/strong><\/p>\n\n\n\n<blockquote class=\"wp-block-quote is-layout-flow wp-block-quote-is-layout-flow\">\n<p>Si, toda a noite, case 8 horas.<\/p>\n<\/blockquote>\n\n\n\n<p><strong>Caramba, vaia ritmo, agu\u00e1ntache ben tantas horas?<\/strong><\/p>\n\n\n\n<blockquote class=\"wp-block-quote is-layout-flow wp-block-quote-is-layout-flow\">\n<p>Si, enc\u00e1ntame a m\u00fasica.<\/p>\n<\/blockquote>\n\n\n\n<p><strong>Como fas para preparar unha sesi\u00f3n, seleccionas antes a m\u00fasica?<\/strong><\/p>\n\n\n\n<blockquote class=\"wp-block-quote is-layout-flow wp-block-quote-is-layout-flow\">\n<p>Non, prefiro picar no momento. Depende da sala e do ambiente que haxa po\u00f1o unha m\u00fasica ou outra.<\/p>\n<\/blockquote>\n\n\n\n<p><strong>Que estilo de m\u00fasica pos?<\/strong><\/p>\n\n\n\n<blockquote class=\"wp-block-quote is-layout-flow wp-block-quote-is-layout-flow\">\n<p>Bachata, salsa, reguet\u00f3n antigo, o que sexa. Eu pico todo tipo de m\u00fasica.<\/p>\n<\/blockquote>\n\n\n\n<p><strong>Como continuou a t\u00faa carreira despois deste inicio?<\/strong><\/p>\n\n\n\n<blockquote class=\"wp-block-quote is-layout-flow wp-block-quote-is-layout-flow\">\n<p>Ao dono desta sala gusteille e prop\u00faxome ser o Dj residente, estiven al\u00ed durante 6 meses. Despois deste inicio e dos v\u00eddeos que sub\u00eda a redes sociais empez\u00e1ronme a captar m\u00e1is discotecas e estiven outra tempada de DJ residente en Ourense.<\/p>\n<\/blockquote>\n\n\n\n<p><strong>Como fac\u00edas para desprazarte, ti\u00f1as coche e carn\u00e9 xa?<\/strong><\/p>\n\n\n\n<blockquote class=\"wp-block-quote is-layout-flow wp-block-quote-is-layout-flow\">\n<p>Si, eu saquei o carn\u00e9 con 18 anos, g\u00fastame conducir.<\/p>\n<\/blockquote>\n\n\n\n<p><strong>Actualmente en que sitios traballas?<\/strong><\/p>\n\n\n\n<blockquote class=\"wp-block-quote is-layout-flow wp-block-quote-is-layout-flow\">\n<p>Pola zona do Areal e da zona vella de Vigo, practicamente po\u00f1o m\u00fasica en todas as discotecas que hai na cidade. Tam\u00e9n me movo bastante por Ourense e A Coru\u00f1a.<\/p>\n<\/blockquote>\n\n\n\n<p><strong>E como van os contratos laborais para isto, tes exclusividade nalg\u00fan sitio agora?<\/strong><\/p>\n\n\n\n<blockquote class=\"wp-block-quote is-layout-flow wp-block-quote-is-layout-flow\">\n<p>Non, agora mesmo non, fanme contrato por d\u00eda traballado. Son residente en Vigo pero non te\u00f1o exclusividade.<\/p>\n<\/blockquote>\n\n\n\n<p><strong>En que sala est\u00e1s de residente agora?<\/strong><\/p>\n\n\n\n<blockquote class=\"wp-block-quote is-layout-flow wp-block-quote-is-layout-flow\">\n<p>No Roy Bleck, na r\u00faa Oporto.<\/p>\n<\/blockquote>\n\n\n\n<p><strong>Vas todas as fins de semana?<\/strong><\/p>\n\n\n\n<blockquote class=\"wp-block-quote is-layout-flow wp-block-quote-is-layout-flow\">\n<p>Os que podo, cando non toco f\u00f3ra.<\/p>\n<\/blockquote>\n\n\n\n<p><strong>Tes traballo para todas as fins de semana?<\/strong><\/p>\n\n\n\n<blockquote class=\"wp-block-quote is-layout-flow wp-block-quote-is-layout-flow\">\n<p>Si.<\/p>\n<\/blockquote>\n\n\n\n<p><strong>Venres, s\u00e1bados e domingos sempre?<\/strong><\/p>\n\n\n\n<blockquote class=\"wp-block-quote is-layout-flow wp-block-quote-is-layout-flow\">\n<p>Mesmo xoves tam\u00e9n e festivos.<\/p>\n<\/blockquote>\n\n\n\n<p><strong>E se algu\u00e9n che quere contratar, como se pode por en contacto contigo?<\/strong><\/p>\n\n\n\n<blockquote class=\"wp-block-quote is-layout-flow wp-block-quote-is-layout-flow\">\n<p>Nas mi\u00f1as redes sociais est\u00e1 o meu n\u00famero de contacto e o meu correo electr\u00f3nico.<\/p>\n<\/blockquote>\n\n\n\n<p><strong>Como \u00e9 o teu cach\u00e9, \u00e9 caro?<\/strong><\/p>\n\n\n\n<blockquote class=\"wp-block-quote is-layout-flow wp-block-quote-is-layout-flow\">\n<p>Eu creo que non.<\/p>\n<\/blockquote>\n\n\n\n<p><strong>Aspiras a vivir disto toda a vida, es unha persoa moi nova?<\/strong><\/p>\n\n\n\n<blockquote class=\"wp-block-quote is-layout-flow wp-block-quote-is-layout-flow\">\n<p>En principio non, isto pode sa\u00edr ben unha tempada e non me vexo con 60 anos picando. O normal \u00e9 estar ata os 35, 40 anos neste mundo pero, por agora, tampouco te\u00f1o tempo para estudar ou formarme noutra cousa. Tam\u00e9n co\u00f1ezo Djs bastante maiores de 40 anos que son moi bos e seguen vivindo disto.<\/p>\n<\/blockquote>\n\n\n\n<p><strong>Como \u00e9 agora o ambiente das discotecas pola noite, \u00e9 un ambiente san?<\/strong><\/p>\n\n\n\n<blockquote class=\"wp-block-quote is-layout-flow wp-block-quote-is-layout-flow\">\n<p>Adoita ser san, pero tam\u00e9n pasa algo case todas as noites como algunha pelexa ou algo parecido que te\u00f1as que cortar a m\u00fasica e pechar o local.<\/p>\n<\/blockquote>\n\n\n\n<p><strong>E vense moitas drogas?<\/strong><\/p>\n\n\n\n<blockquote class=\"wp-block-quote is-layout-flow wp-block-quote-is-layout-flow\">\n<p>Vese algunha, m\u00e1is do que me gustar\u00eda.<\/p>\n<\/blockquote>\n\n\n\n<p><strong>\u00c9che f\u00e1cil aguantar toda a noite sen tomar nada?<\/strong><\/p>\n\n\n\n<blockquote class=\"wp-block-quote is-layout-flow wp-block-quote-is-layout-flow\">\n<p>Eu son un mozo san, nin bebo, nin fumo, nin me drogo.<\/p>\n<\/blockquote>\n\n\n\n<p><strong>Que bebes durante toda a noite?<\/strong><\/p>\n\n\n\n<blockquote class=\"wp-block-quote is-layout-flow wp-block-quote-is-layout-flow\">\n<p>Augas, adoita facer moita calor e \u00e9 o que me hidrata.<\/p>\n<\/blockquote>\n\n\n\n<p><strong>Que \u00e9 o que m\u00e1is che gusta da t\u00faa profesi\u00f3n?<\/strong><\/p>\n\n\n\n<blockquote class=\"wp-block-quote is-layout-flow wp-block-quote-is-layout-flow\">\n<p>Que a xente goce do que fago. Cando est\u00e1 a sala chea e a xente baila ou me felicita polo que pincho, enc\u00e1ntame. Que pensen en volver pola m\u00fasica \u00e9 un orgullo.<\/p>\n<\/blockquote>\n\n\n\n<p><strong>E o que menos?<\/strong><\/p>\n\n\n\n<blockquote class=\"wp-block-quote is-layout-flow wp-block-quote-is-layout-flow\">\n<p>As pelexas, ou que ve\u00f1a xente moi pasada a molestarme, a pedirme canci\u00f3ns ou insultarme.<\/p>\n<\/blockquote>\n\n\n\n<p><strong>Poden chegar ao extremo do insulto?<\/strong><\/p>\n\n\n\n<blockquote class=\"wp-block-quote is-layout-flow wp-block-quote-is-layout-flow\">\n<p>Iso pasa bastante, cando pos m\u00fasica que non lle gusta a algu\u00e9n que vai moi pasado ve\u00f1en tocarche os narices. Afortunadamente a inmensa maior\u00eda \u00e9 xente normal e sa, pero sempre hai alg\u00fan que parece que en vez de a divertirse ven a molestar aos demais<\/p>\n<\/blockquote>\n\n\n\n<p><strong>Para acabar, \u00e9 certo o mito de que os DJ son os que m\u00e1is ligan na discoteca?<\/strong><\/p>\n\n\n\n<blockquote class=\"wp-block-quote is-layout-flow wp-block-quote-is-layout-flow\">\n<p>A verdade \u00e9 que si, pero tam\u00e9n ten de malo que non sabes se a xente arr\u00edmase a ti por que lle gustas ou polo interese.<\/p>\n<\/blockquote>\n","protected":false},"excerpt":{"rendered":"<div class=\"mh-excerpt\"><p>Xian Ferreiro \u00e9 un rapaz nativo de Vigo, cuxas ra\u00edces est\u00e1n na comarca da Paradanta, moi novo, de tan s\u00f3 22 anos, que leva unha carreira mete\u00f3rica no que \u00e9 \u00e1 vez a s\u00faa profesi\u00f3n e a s\u00faa paix\u00f3n <a class=\"mh-excerpt-more\" href=\"https:\/\/www.anovapeneira.gal\/index.php\/2024\/10\/24\/o-dj-xian-talento-galego-a-conquista-do-mundo-da-noite\/\" title=\"O DJ XIAN :Talento galego \u00e1 conquista do mundo da noite\">[&#8230;]<\/a><\/p>\n<\/div>","protected":false},"author":3,"featured_media":12648,"comment_status":"open","ping_status":"open","sticky":false,"template":"","format":"standard","meta":{"_exactmetrics_skip_tracking":false,"_exactmetrics_sitenote_active":false,"_exactmetrics_sitenote_note":"","_exactmetrics_sitenote_category":0,"footnotes":""},"categories":[272],"tags":[227],"class_list":{"0":"post-12647","1":"post","2":"type-post","3":"status-publish","4":"format-standard","5":"has-post-thumbnail","7":"category-vigo-entrevistas","8":"tag-concello-de-vigo"},"yoast_head":"<!-- This site is optimized with the Yoast SEO plugin v27.4 - https:\/\/yoast.com\/product\/yoast-seo-wordpress\/ -->\n<title>O DJ XIAN :Talento galego \u00e1 conquista do mundo da noite -<\/title>\n<meta name=\"robots\" content=\"index, follow, max-snippet:-1, max-image-preview:large, max-video-preview:-1\" \/>\n<link rel=\"canonical\" href=\"https:\/\/www.anovapeneira.gal\/index.php\/2024\/10\/24\/o-dj-xian-talento-galego-a-conquista-do-mundo-da-noite\/\" \/>\n<meta property=\"og:locale\" content=\"gl_ES\" \/>\n<meta property=\"og:type\" content=\"article\" \/>\n<meta property=\"og:title\" content=\"O DJ XIAN :Talento galego \u00e1 conquista do mundo da noite -\" \/>\n<meta property=\"og:description\" content=\"Xian Ferreiro \u00e9 un rapaz nativo de Vigo, cuxas ra\u00edces est\u00e1n na comarca da Paradanta, moi novo, de tan s\u00f3 22 anos, que leva unha carreira mete\u00f3rica no que \u00e9 \u00e1 vez a s\u00faa profesi\u00f3n e a s\u00faa paix\u00f3n [...]\" \/>\n<meta property=\"og:url\" content=\"https:\/\/www.anovapeneira.gal\/index.php\/2024\/10\/24\/o-dj-xian-talento-galego-a-conquista-do-mundo-da-noite\/\" \/>\n<meta property=\"article:publisher\" content=\"https:\/\/www.facebook.com\/anovapeneira\" \/>\n<meta property=\"article:published_time\" content=\"2024-10-24T08:00:18+00:00\" \/>\n<meta property=\"og:image\" content=\"https:\/\/www.anovapeneira.gal\/wp-content\/uploads\/2024\/10\/dj_xian.png\" \/>\n\t<meta property=\"og:image:width\" content=\"720\" \/>\n\t<meta property=\"og:image:height\" content=\"432\" \/>\n\t<meta property=\"og:image:type\" content=\"image\/png\" \/>\n<meta name=\"author\" content=\"Redacci\u00f3n A Nova Peneira\" \/>\n<meta name=\"twitter:card\" content=\"summary_large_image\" \/>\n<meta name=\"twitter:creator\" content=\"@APeneira\" \/>\n<meta name=\"twitter:site\" content=\"@APeneira\" \/>\n<meta name=\"twitter:label1\" content=\"Escrito por\" \/>\n\t<meta name=\"twitter:data1\" content=\"Redacci\u00f3n A Nova Peneira\" \/>\n\t<meta name=\"twitter:label2\" content=\"Tempo de lectura\" \/>\n\t<meta name=\"twitter:data2\" content=\"3 minutos\" \/>\n<script type=\"application\/ld+json\" class=\"yoast-schema-graph\">{\"@context\":\"https:\\\/\\\/schema.org\",\"@graph\":[{\"@type\":\"Article\",\"@id\":\"https:\\\/\\\/www.anovapeneira.gal\\\/index.php\\\/2024\\\/10\\\/24\\\/o-dj-xian-talento-galego-a-conquista-do-mundo-da-noite\\\/#article\",\"isPartOf\":{\"@id\":\"https:\\\/\\\/www.anovapeneira.gal\\\/index.php\\\/2024\\\/10\\\/24\\\/o-dj-xian-talento-galego-a-conquista-do-mundo-da-noite\\\/\"},\"author\":{\"name\":\"Redacci\u00f3n A Nova Peneira\",\"@id\":\"https:\\\/\\\/www.anovapeneira.gal\\\/#\\\/schema\\\/person\\\/b93e3f8932e3f8da96334607eb6ac6aa\"},\"headline\":\"O DJ XIAN :Talento galego \u00e1 conquista do mundo da noite\",\"datePublished\":\"2024-10-24T08:00:18+00:00\",\"mainEntityOfPage\":{\"@id\":\"https:\\\/\\\/www.anovapeneira.gal\\\/index.php\\\/2024\\\/10\\\/24\\\/o-dj-xian-talento-galego-a-conquista-do-mundo-da-noite\\\/\"},\"wordCount\":1045,\"commentCount\":0,\"publisher\":{\"@id\":\"https:\\\/\\\/www.anovapeneira.gal\\\/#organization\"},\"image\":{\"@id\":\"https:\\\/\\\/www.anovapeneira.gal\\\/index.php\\\/2024\\\/10\\\/24\\\/o-dj-xian-talento-galego-a-conquista-do-mundo-da-noite\\\/#primaryimage\"},\"thumbnailUrl\":\"https:\\\/\\\/www.anovapeneira.gal\\\/wp-content\\\/uploads\\\/2024\\\/10\\\/dj_xian.png\",\"keywords\":[\"Concello de Vigo\"],\"articleSection\":[\"Vigo\"],\"inLanguage\":\"gl-ES\",\"potentialAction\":[{\"@type\":\"CommentAction\",\"name\":\"Comment\",\"target\":[\"https:\\\/\\\/www.anovapeneira.gal\\\/index.php\\\/2024\\\/10\\\/24\\\/o-dj-xian-talento-galego-a-conquista-do-mundo-da-noite\\\/#respond\"]}]},{\"@type\":\"WebPage\",\"@id\":\"https:\\\/\\\/www.anovapeneira.gal\\\/index.php\\\/2024\\\/10\\\/24\\\/o-dj-xian-talento-galego-a-conquista-do-mundo-da-noite\\\/\",\"url\":\"https:\\\/\\\/www.anovapeneira.gal\\\/index.php\\\/2024\\\/10\\\/24\\\/o-dj-xian-talento-galego-a-conquista-do-mundo-da-noite\\\/\",\"name\":\"O DJ XIAN :Talento galego \u00e1 conquista do mundo da noite -\",\"isPartOf\":{\"@id\":\"https:\\\/\\\/www.anovapeneira.gal\\\/#website\"},\"primaryImageOfPage\":{\"@id\":\"https:\\\/\\\/www.anovapeneira.gal\\\/index.php\\\/2024\\\/10\\\/24\\\/o-dj-xian-talento-galego-a-conquista-do-mundo-da-noite\\\/#primaryimage\"},\"image\":{\"@id\":\"https:\\\/\\\/www.anovapeneira.gal\\\/index.php\\\/2024\\\/10\\\/24\\\/o-dj-xian-talento-galego-a-conquista-do-mundo-da-noite\\\/#primaryimage\"},\"thumbnailUrl\":\"https:\\\/\\\/www.anovapeneira.gal\\\/wp-content\\\/uploads\\\/2024\\\/10\\\/dj_xian.png\",\"datePublished\":\"2024-10-24T08:00:18+00:00\",\"breadcrumb\":{\"@id\":\"https:\\\/\\\/www.anovapeneira.gal\\\/index.php\\\/2024\\\/10\\\/24\\\/o-dj-xian-talento-galego-a-conquista-do-mundo-da-noite\\\/#breadcrumb\"},\"inLanguage\":\"gl-ES\",\"potentialAction\":[{\"@type\":\"ReadAction\",\"target\":[\"https:\\\/\\\/www.anovapeneira.gal\\\/index.php\\\/2024\\\/10\\\/24\\\/o-dj-xian-talento-galego-a-conquista-do-mundo-da-noite\\\/\"]}]},{\"@type\":\"ImageObject\",\"inLanguage\":\"gl-ES\",\"@id\":\"https:\\\/\\\/www.anovapeneira.gal\\\/index.php\\\/2024\\\/10\\\/24\\\/o-dj-xian-talento-galego-a-conquista-do-mundo-da-noite\\\/#primaryimage\",\"url\":\"https:\\\/\\\/www.anovapeneira.gal\\\/wp-content\\\/uploads\\\/2024\\\/10\\\/dj_xian.png\",\"contentUrl\":\"https:\\\/\\\/www.anovapeneira.gal\\\/wp-content\\\/uploads\\\/2024\\\/10\\\/dj_xian.png\",\"width\":720,\"height\":432,\"caption\":\"O DJ XIAN :Talento galego \u00e1 conquista do mundo da noite\"},{\"@type\":\"BreadcrumbList\",\"@id\":\"https:\\\/\\\/www.anovapeneira.gal\\\/index.php\\\/2024\\\/10\\\/24\\\/o-dj-xian-talento-galego-a-conquista-do-mundo-da-noite\\\/#breadcrumb\",\"itemListElement\":[{\"@type\":\"ListItem\",\"position\":1,\"name\":\"Portada\",\"item\":\"https:\\\/\\\/www.anovapeneira.gal\\\/\"},{\"@type\":\"ListItem\",\"position\":2,\"name\":\"O DJ XIAN :Talento galego \u00e1 conquista do mundo da noite\"}]},{\"@type\":\"WebSite\",\"@id\":\"https:\\\/\\\/www.anovapeneira.gal\\\/#website\",\"url\":\"https:\\\/\\\/www.anovapeneira.gal\\\/\",\"name\":\"\",\"description\":\"Xornal galego de informaci\u00f3n xeral Publicaci\u00f3n mensual de novas de Galicia e en especial dos Concellos da sur da provincia de Pontevedra.\",\"publisher\":{\"@id\":\"https:\\\/\\\/www.anovapeneira.gal\\\/#organization\"},\"potentialAction\":[{\"@type\":\"SearchAction\",\"target\":{\"@type\":\"EntryPoint\",\"urlTemplate\":\"https:\\\/\\\/www.anovapeneira.gal\\\/?s={search_term_string}\"},\"query-input\":{\"@type\":\"PropertyValueSpecification\",\"valueRequired\":true,\"valueName\":\"search_term_string\"}}],\"inLanguage\":\"gl-ES\"},{\"@type\":\"Organization\",\"@id\":\"https:\\\/\\\/www.anovapeneira.gal\\\/#organization\",\"name\":\"A Nova Peneira\",\"url\":\"https:\\\/\\\/www.anovapeneira.gal\\\/\",\"logo\":{\"@type\":\"ImageObject\",\"inLanguage\":\"gl-ES\",\"@id\":\"https:\\\/\\\/www.anovapeneira.gal\\\/#\\\/schema\\\/logo\\\/image\\\/\",\"url\":\"http:\\\/\\\/www.anovapeneira.gal\\\/wp-content\\\/uploads\\\/2019\\\/06\\\/logo_a_nova_peneira_portal_web.png\",\"contentUrl\":\"http:\\\/\\\/www.anovapeneira.gal\\\/wp-content\\\/uploads\\\/2019\\\/06\\\/logo_a_nova_peneira_portal_web.png\",\"width\":300,\"height\":100,\"caption\":\"A Nova Peneira\"},\"image\":{\"@id\":\"https:\\\/\\\/www.anovapeneira.gal\\\/#\\\/schema\\\/logo\\\/image\\\/\"},\"sameAs\":[\"https:\\\/\\\/www.facebook.com\\\/anovapeneira\",\"https:\\\/\\\/x.com\\\/APeneira\"]},{\"@type\":\"Person\",\"@id\":\"https:\\\/\\\/www.anovapeneira.gal\\\/#\\\/schema\\\/person\\\/b93e3f8932e3f8da96334607eb6ac6aa\",\"name\":\"Redacci\u00f3n A Nova Peneira\",\"image\":{\"@type\":\"ImageObject\",\"inLanguage\":\"gl-ES\",\"@id\":\"https:\\\/\\\/secure.gravatar.com\\\/avatar\\\/c052a2551a06e23fac63626232eaa90abd78dbcf1700fc46a2b2c89fd27b735f?s=96&d=mm&r=g\",\"url\":\"https:\\\/\\\/secure.gravatar.com\\\/avatar\\\/c052a2551a06e23fac63626232eaa90abd78dbcf1700fc46a2b2c89fd27b735f?s=96&d=mm&r=g\",\"contentUrl\":\"https:\\\/\\\/secure.gravatar.com\\\/avatar\\\/c052a2551a06e23fac63626232eaa90abd78dbcf1700fc46a2b2c89fd27b735f?s=96&d=mm&r=g\",\"caption\":\"Redacci\u00f3n A Nova Peneira\"},\"sameAs\":[\"http:\\\/\\\/www.anovapeneira.gal\\\/\"],\"url\":\"https:\\\/\\\/www.anovapeneira.gal\\\/index.php\\\/author\\\/redactor\\\/\"}]}<\/script>\n<!-- \/ Yoast SEO plugin. -->","yoast_head_json":{"title":"O DJ XIAN :Talento galego \u00e1 conquista do mundo da noite -","robots":{"index":"index","follow":"follow","max-snippet":"max-snippet:-1","max-image-preview":"max-image-preview:large","max-video-preview":"max-video-preview:-1"},"canonical":"https:\/\/www.anovapeneira.gal\/index.php\/2024\/10\/24\/o-dj-xian-talento-galego-a-conquista-do-mundo-da-noite\/","og_locale":"gl_ES","og_type":"article","og_title":"O DJ XIAN :Talento galego \u00e1 conquista do mundo da noite -","og_description":"Xian Ferreiro \u00e9 un rapaz nativo de Vigo, cuxas ra\u00edces est\u00e1n na comarca da Paradanta, moi novo, de tan s\u00f3 22 anos, que leva unha carreira mete\u00f3rica no que \u00e9 \u00e1 vez a s\u00faa profesi\u00f3n e a s\u00faa paix\u00f3n [...]","og_url":"https:\/\/www.anovapeneira.gal\/index.php\/2024\/10\/24\/o-dj-xian-talento-galego-a-conquista-do-mundo-da-noite\/","article_publisher":"https:\/\/www.facebook.com\/anovapeneira","article_published_time":"2024-10-24T08:00:18+00:00","og_image":[{"width":720,"height":432,"url":"https:\/\/www.anovapeneira.gal\/wp-content\/uploads\/2024\/10\/dj_xian.png","type":"image\/png"}],"author":"Redacci\u00f3n A Nova Peneira","twitter_card":"summary_large_image","twitter_creator":"@APeneira","twitter_site":"@APeneira","twitter_misc":{"Escrito por":"Redacci\u00f3n A Nova Peneira","Tempo de lectura":"3 minutos"},"schema":{"@context":"https:\/\/schema.org","@graph":[{"@type":"Article","@id":"https:\/\/www.anovapeneira.gal\/index.php\/2024\/10\/24\/o-dj-xian-talento-galego-a-conquista-do-mundo-da-noite\/#article","isPartOf":{"@id":"https:\/\/www.anovapeneira.gal\/index.php\/2024\/10\/24\/o-dj-xian-talento-galego-a-conquista-do-mundo-da-noite\/"},"author":{"name":"Redacci\u00f3n A Nova Peneira","@id":"https:\/\/www.anovapeneira.gal\/#\/schema\/person\/b93e3f8932e3f8da96334607eb6ac6aa"},"headline":"O DJ XIAN :Talento galego \u00e1 conquista do mundo da noite","datePublished":"2024-10-24T08:00:18+00:00","mainEntityOfPage":{"@id":"https:\/\/www.anovapeneira.gal\/index.php\/2024\/10\/24\/o-dj-xian-talento-galego-a-conquista-do-mundo-da-noite\/"},"wordCount":1045,"commentCount":0,"publisher":{"@id":"https:\/\/www.anovapeneira.gal\/#organization"},"image":{"@id":"https:\/\/www.anovapeneira.gal\/index.php\/2024\/10\/24\/o-dj-xian-talento-galego-a-conquista-do-mundo-da-noite\/#primaryimage"},"thumbnailUrl":"https:\/\/www.anovapeneira.gal\/wp-content\/uploads\/2024\/10\/dj_xian.png","keywords":["Concello de Vigo"],"articleSection":["Vigo"],"inLanguage":"gl-ES","potentialAction":[{"@type":"CommentAction","name":"Comment","target":["https:\/\/www.anovapeneira.gal\/index.php\/2024\/10\/24\/o-dj-xian-talento-galego-a-conquista-do-mundo-da-noite\/#respond"]}]},{"@type":"WebPage","@id":"https:\/\/www.anovapeneira.gal\/index.php\/2024\/10\/24\/o-dj-xian-talento-galego-a-conquista-do-mundo-da-noite\/","url":"https:\/\/www.anovapeneira.gal\/index.php\/2024\/10\/24\/o-dj-xian-talento-galego-a-conquista-do-mundo-da-noite\/","name":"O DJ XIAN :Talento galego \u00e1 conquista do mundo da noite -","isPartOf":{"@id":"https:\/\/www.anovapeneira.gal\/#website"},"primaryImageOfPage":{"@id":"https:\/\/www.anovapeneira.gal\/index.php\/2024\/10\/24\/o-dj-xian-talento-galego-a-conquista-do-mundo-da-noite\/#primaryimage"},"image":{"@id":"https:\/\/www.anovapeneira.gal\/index.php\/2024\/10\/24\/o-dj-xian-talento-galego-a-conquista-do-mundo-da-noite\/#primaryimage"},"thumbnailUrl":"https:\/\/www.anovapeneira.gal\/wp-content\/uploads\/2024\/10\/dj_xian.png","datePublished":"2024-10-24T08:00:18+00:00","breadcrumb":{"@id":"https:\/\/www.anovapeneira.gal\/index.php\/2024\/10\/24\/o-dj-xian-talento-galego-a-conquista-do-mundo-da-noite\/#breadcrumb"},"inLanguage":"gl-ES","potentialAction":[{"@type":"ReadAction","target":["https:\/\/www.anovapeneira.gal\/index.php\/2024\/10\/24\/o-dj-xian-talento-galego-a-conquista-do-mundo-da-noite\/"]}]},{"@type":"ImageObject","inLanguage":"gl-ES","@id":"https:\/\/www.anovapeneira.gal\/index.php\/2024\/10\/24\/o-dj-xian-talento-galego-a-conquista-do-mundo-da-noite\/#primaryimage","url":"https:\/\/www.anovapeneira.gal\/wp-content\/uploads\/2024\/10\/dj_xian.png","contentUrl":"https:\/\/www.anovapeneira.gal\/wp-content\/uploads\/2024\/10\/dj_xian.png","width":720,"height":432,"caption":"O DJ XIAN :Talento galego \u00e1 conquista do mundo da noite"},{"@type":"BreadcrumbList","@id":"https:\/\/www.anovapeneira.gal\/index.php\/2024\/10\/24\/o-dj-xian-talento-galego-a-conquista-do-mundo-da-noite\/#breadcrumb","itemListElement":[{"@type":"ListItem","position":1,"name":"Portada","item":"https:\/\/www.anovapeneira.gal\/"},{"@type":"ListItem","position":2,"name":"O DJ XIAN :Talento galego \u00e1 conquista do mundo da noite"}]},{"@type":"WebSite","@id":"https:\/\/www.anovapeneira.gal\/#website","url":"https:\/\/www.anovapeneira.gal\/","name":"","description":"Xornal galego de informaci\u00f3n xeral Publicaci\u00f3n mensual de novas de Galicia e en especial dos Concellos da sur da provincia de Pontevedra.","publisher":{"@id":"https:\/\/www.anovapeneira.gal\/#organization"},"potentialAction":[{"@type":"SearchAction","target":{"@type":"EntryPoint","urlTemplate":"https:\/\/www.anovapeneira.gal\/?s={search_term_string}"},"query-input":{"@type":"PropertyValueSpecification","valueRequired":true,"valueName":"search_term_string"}}],"inLanguage":"gl-ES"},{"@type":"Organization","@id":"https:\/\/www.anovapeneira.gal\/#organization","name":"A Nova Peneira","url":"https:\/\/www.anovapeneira.gal\/","logo":{"@type":"ImageObject","inLanguage":"gl-ES","@id":"https:\/\/www.anovapeneira.gal\/#\/schema\/logo\/image\/","url":"http:\/\/www.anovapeneira.gal\/wp-content\/uploads\/2019\/06\/logo_a_nova_peneira_portal_web.png","contentUrl":"http:\/\/www.anovapeneira.gal\/wp-content\/uploads\/2019\/06\/logo_a_nova_peneira_portal_web.png","width":300,"height":100,"caption":"A Nova Peneira"},"image":{"@id":"https:\/\/www.anovapeneira.gal\/#\/schema\/logo\/image\/"},"sameAs":["https:\/\/www.facebook.com\/anovapeneira","https:\/\/x.com\/APeneira"]},{"@type":"Person","@id":"https:\/\/www.anovapeneira.gal\/#\/schema\/person\/b93e3f8932e3f8da96334607eb6ac6aa","name":"Redacci\u00f3n A Nova Peneira","image":{"@type":"ImageObject","inLanguage":"gl-ES","@id":"https:\/\/secure.gravatar.com\/avatar\/c052a2551a06e23fac63626232eaa90abd78dbcf1700fc46a2b2c89fd27b735f?s=96&d=mm&r=g","url":"https:\/\/secure.gravatar.com\/avatar\/c052a2551a06e23fac63626232eaa90abd78dbcf1700fc46a2b2c89fd27b735f?s=96&d=mm&r=g","contentUrl":"https:\/\/secure.gravatar.com\/avatar\/c052a2551a06e23fac63626232eaa90abd78dbcf1700fc46a2b2c89fd27b735f?s=96&d=mm&r=g","caption":"Redacci\u00f3n A Nova Peneira"},"sameAs":["http:\/\/www.anovapeneira.gal\/"],"url":"https:\/\/www.anovapeneira.gal\/index.php\/author\/redactor\/"}]}},"jetpack_featured_media_url":"https:\/\/www.anovapeneira.gal\/wp-content\/uploads\/2024\/10\/dj_xian.png","_links":{"self":[{"href":"https:\/\/www.anovapeneira.gal\/index.php\/wp-json\/wp\/v2\/posts\/12647","targetHints":{"allow":["GET"]}}],"collection":[{"href":"https:\/\/www.anovapeneira.gal\/index.php\/wp-json\/wp\/v2\/posts"}],"about":[{"href":"https:\/\/www.anovapeneira.gal\/index.php\/wp-json\/wp\/v2\/types\/post"}],"author":[{"embeddable":true,"href":"https:\/\/www.anovapeneira.gal\/index.php\/wp-json\/wp\/v2\/users\/3"}],"replies":[{"embeddable":true,"href":"https:\/\/www.anovapeneira.gal\/index.php\/wp-json\/wp\/v2\/comments?post=12647"}],"version-history":[{"count":1,"href":"https:\/\/www.anovapeneira.gal\/index.php\/wp-json\/wp\/v2\/posts\/12647\/revisions"}],"predecessor-version":[{"id":12649,"href":"https:\/\/www.anovapeneira.gal\/index.php\/wp-json\/wp\/v2\/posts\/12647\/revisions\/12649"}],"wp:featuredmedia":[{"embeddable":true,"href":"https:\/\/www.anovapeneira.gal\/index.php\/wp-json\/wp\/v2\/media\/12648"}],"wp:attachment":[{"href":"https:\/\/www.anovapeneira.gal\/index.php\/wp-json\/wp\/v2\/media?parent=12647"}],"wp:term":[{"taxonomy":"category","embeddable":true,"href":"https:\/\/www.anovapeneira.gal\/index.php\/wp-json\/wp\/v2\/categories?post=12647"},{"taxonomy":"post_tag","embeddable":true,"href":"https:\/\/www.anovapeneira.gal\/index.php\/wp-json\/wp\/v2\/tags?post=12647"}],"curies":[{"name":"wp","href":"https:\/\/api.w.org\/{rel}","templated":true}]}}