{"id":12650,"date":"2024-10-24T12:00:48","date_gmt":"2024-10-24T10:00:48","guid":{"rendered":"https:\/\/www.anovapeneira.gal\/?p=12650"},"modified":"2024-10-21T17:58:37","modified_gmt":"2024-10-21T15:58:37","slug":"a-dorsal-alerta-a-abel-cabellero-do-perigo-para-a-auga-de-vigo-da-instalacion-de-parques-eolicos-na-serra-do-suido","status":"publish","type":"post","link":"https:\/\/www.anovapeneira.gal\/index.php\/2024\/10\/24\/a-dorsal-alerta-a-abel-cabellero-do-perigo-para-a-auga-de-vigo-da-instalacion-de-parques-eolicos-na-serra-do-suido\/","title":{"rendered":"A Dorsal alerta a Abel Cabellero do perigo para a auga de Vigo da instalaci\u00f3n de parques e\u00f3licos na Serra do Su\u00eddo"},"content":{"rendered":"\n<h2 class=\"wp-block-heading\"><strong>Solicitan unha xuntanza co alcalde para analizar os efectos na nacente dos mananciais que abastecen o encoro de Eiras<\/strong><\/h2>\n\n\n\n<p><strong>Destacan que s\u00f3 o proxecto de parque e\u00f3lico Coto de Eiras en Fornelos de Montes sup\u00f3n un perigoso movemento de terra de 20.000 m\u00b3<\/strong><\/p>\n\n\n\n<p><strong>Organizan a andaina popular &#8220;Romar\u00eda en honra ao noso monte&#8221; o domingo d\u00eda 20 polo territorio afectado<\/strong><\/p>\n\n\n\n<p><strong>Fornelos de Montes, 16 de outubro de 2024.-<\/strong> A instalaci\u00f3n dos parques e\u00f3licos proxectados na Serra do Su\u00eddo non s\u00f3 ter\u00e1n efectos devastadores no propio territorio sen\u00f3n que afectar\u00e1n tam\u00e9n \u00e1 calidade das augas de Vigo. As\u00ed o aseguran desde a Plataforma en Defensa do Sur da Dorsal Galega cuxo portavoz, Javier Blanco, v\u00e9n de solicitar unha reuni\u00f3n co alcalde, Abel Caballero, para trasladarlle a preocupaci\u00f3n polos problemas que para Vigo pode ocasionar a construci\u00f3n dos parques previstos na serra onde nacen os mananciais que abastecen de auga \u00e1 cidade.<\/p>\n\n\n\n<p>O portavoz da Dorsal, Javier Blanco, buscar\u00e1 nesa xuntanza, trasladarlle ao alcalde os riscos que para Vigo e a comarca supor\u00e1n a instalaci\u00f3n dos parques e\u00f3licos apoiados pola Xunta na Serra do Su\u00eddo, onde nacen os mananciais que abastecen de auga o encoro de Eiras a trav\u00e9s do r\u00edo Oitaven.<\/p>\n\n\n\n<p>&#8220;O volume de terra que se prev\u00e9 mover na instalaci\u00f3n do parque e\u00f3lico Coto de Eiras supera os 20.000 m\u00b3, o que sup\u00f3n un enorme risco para o medio ambiente. Ademais, os posibles danos \u00e1s turbeiras, un valioso ecosistema que ademais de ser enormes reservas de auga, axuda a combater o cambio clim\u00e1tico absorbendo Co2, depura a auga actuando como filtros naturais que eliminan os elementos contaminantes, as\u00ed como os h\u00e1bitats que neles conviven, tanto a flora como a fauna&#8221;, sinala Javier Blanco na carta remitida ao alcalde de Vigo coa solicitude de xuntanza.<\/p>\n\n\n\n<p>Destaca o portavoz da Dorsal a preocupaci\u00f3n polo impacto ambiental que se poida derivar do proxecto, de maneira especial, no que se refire \u00e1 calidade e dispo\u00f1ibilidade da auga, o que afectar\u00eda tam\u00e9n \u00e1s veci\u00f1as e veci\u00f1os de Vigo e a comarca a trav\u00e9s do subministro que prov\u00e9n do encoro de Eiras.<\/p>\n\n\n\n<p><strong>Romar\u00eda en honra ao noso monte<\/strong><\/p>\n\n\n\n<p>Co fin de contribu\u00edr a concienciar dos efectos que ter\u00eda a instalaci\u00f3n do parque e\u00f3lico Coto das Eiras, a Dorsal organiza o vindeiro domingo d\u00eda 20 a &#8220;Romar\u00eda en honra ao noso monte&#8221;, unha andaina polas zonas afectadas na que se cami\u00f1ar\u00e1 por espazos de especial riqueza ambiental e patrimonial e no que se debullar\u00e1 o proxecto e as s\u00faas consecuencias no propio territorio. Explicarase desta maneira o proceso de alteraci\u00f3n dos mananciais e os perigos para auga no propio lugar en que se producir\u00e1n os movementos de terra.<\/p>\n\n\n\n<p>A andaina sair\u00e1 do Chan da Cabada \u00e1s 10:00 e ter\u00e1 unha duraci\u00f3n de 3 horas. No remate est\u00e1 previsto un xantar de confraternizaci\u00f3n (para o que cada participante levar\u00e1 a s\u00faa propia comida) seguida por foliada neste espazo da parroquia de Vent\u00edn, en Fornelos de Montes. Desde a organizaci\u00f3n, convidan a participar nesta iniciativa para co\u00f1ecer un monte \u00fanico de gran valor paisax\u00edstico e defender a s\u00faa protecci\u00f3n fronte \u00e1 ameaza e\u00f3lica.<\/p>\n","protected":false},"excerpt":{"rendered":"<div class=\"mh-excerpt\"><p>Solicitan unha xuntanza co alcalde para analizar os efectos na nacente dos mananciais que abastecen o encoro de Eiras <a class=\"mh-excerpt-more\" href=\"https:\/\/www.anovapeneira.gal\/index.php\/2024\/10\/24\/a-dorsal-alerta-a-abel-cabellero-do-perigo-para-a-auga-de-vigo-da-instalacion-de-parques-eolicos-na-serra-do-suido\/\" title=\"A Dorsal alerta a Abel Cabellero do perigo para a auga de Vigo da instalaci\u00f3n de parques e\u00f3licos na Serra do Su\u00eddo\">[&#8230;]<\/a><\/p>\n<\/div>","protected":false},"author":1,"featured_media":12651,"comment_status":"open","ping_status":"open","sticky":false,"template":"","format":"standard","meta":{"_exactmetrics_skip_tracking":false,"_exactmetrics_sitenote_active":false,"_exactmetrics_sitenote_note":"","_exactmetrics_sitenote_category":0,"footnotes":""},"categories":[19],"tags":[227],"class_list":{"0":"post-12650","1":"post","2":"type-post","3":"status-publish","4":"format-standard","5":"has-post-thumbnail","7":"category-vigo","8":"tag-concello-de-vigo"},"yoast_head":"<!-- This site is optimized with the Yoast SEO plugin v27.4 - https:\/\/yoast.com\/product\/yoast-seo-wordpress\/ -->\n<title>A Dorsal alerta a Abel Cabellero do perigo para a auga de Vigo da instalaci\u00f3n de parques e\u00f3licos na Serra do Su\u00eddo -<\/title>\n<meta name=\"robots\" content=\"index, follow, max-snippet:-1, max-image-preview:large, max-video-preview:-1\" \/>\n<link rel=\"canonical\" href=\"https:\/\/www.anovapeneira.gal\/index.php\/2024\/10\/24\/a-dorsal-alerta-a-abel-cabellero-do-perigo-para-a-auga-de-vigo-da-instalacion-de-parques-eolicos-na-serra-do-suido\/\" \/>\n<meta property=\"og:locale\" content=\"gl_ES\" \/>\n<meta property=\"og:type\" content=\"article\" \/>\n<meta property=\"og:title\" content=\"A Dorsal alerta a Abel Cabellero do perigo para a auga de Vigo da instalaci\u00f3n de parques e\u00f3licos na Serra do Su\u00eddo -\" \/>\n<meta property=\"og:description\" content=\"Solicitan unha xuntanza co alcalde para analizar os efectos na nacente dos mananciais que abastecen o encoro de Eiras [...]\" \/>\n<meta property=\"og:url\" content=\"https:\/\/www.anovapeneira.gal\/index.php\/2024\/10\/24\/a-dorsal-alerta-a-abel-cabellero-do-perigo-para-a-auga-de-vigo-da-instalacion-de-parques-eolicos-na-serra-do-suido\/\" \/>\n<meta property=\"article:publisher\" content=\"https:\/\/www.facebook.com\/anovapeneira\" \/>\n<meta property=\"article:author\" content=\"https:\/\/www.facebook.com\/anovapeneira\/\" \/>\n<meta property=\"article:published_time\" content=\"2024-10-24T10:00:48+00:00\" \/>\n<meta property=\"og:image\" content=\"https:\/\/www.anovapeneira.gal\/wp-content\/uploads\/2024\/10\/surdadorsal.jpg\" \/>\n\t<meta property=\"og:image:width\" content=\"720\" \/>\n\t<meta property=\"og:image:height\" content=\"432\" \/>\n\t<meta property=\"og:image:type\" content=\"image\/jpeg\" \/>\n<meta name=\"author\" content=\"admin\" \/>\n<meta name=\"twitter:card\" content=\"summary_large_image\" \/>\n<meta name=\"twitter:creator\" content=\"@APeneira\" \/>\n<meta name=\"twitter:site\" content=\"@APeneira\" \/>\n<meta name=\"twitter:label1\" content=\"Escrito por\" \/>\n\t<meta name=\"twitter:data1\" content=\"admin\" \/>\n\t<meta name=\"twitter:label2\" content=\"Tempo de lectura\" \/>\n\t<meta name=\"twitter:data2\" content=\"4 minutos\" \/>\n<script type=\"application\/ld+json\" class=\"yoast-schema-graph\">{\"@context\":\"https:\\\/\\\/schema.org\",\"@graph\":[{\"@type\":\"Article\",\"@id\":\"https:\\\/\\\/www.anovapeneira.gal\\\/index.php\\\/2024\\\/10\\\/24\\\/a-dorsal-alerta-a-abel-cabellero-do-perigo-para-a-auga-de-vigo-da-instalacion-de-parques-eolicos-na-serra-do-suido\\\/#article\",\"isPartOf\":{\"@id\":\"https:\\\/\\\/www.anovapeneira.gal\\\/index.php\\\/2024\\\/10\\\/24\\\/a-dorsal-alerta-a-abel-cabellero-do-perigo-para-a-auga-de-vigo-da-instalacion-de-parques-eolicos-na-serra-do-suido\\\/\"},\"author\":{\"name\":\"admin\",\"@id\":\"https:\\\/\\\/www.anovapeneira.gal\\\/#\\\/schema\\\/person\\\/fb77575328c93684dae4b0075f90c2cb\"},\"headline\":\"A Dorsal alerta a Abel Cabellero do perigo para a auga de Vigo da instalaci\u00f3n de parques e\u00f3licos na Serra do Su\u00eddo\",\"datePublished\":\"2024-10-24T10:00:48+00:00\",\"mainEntityOfPage\":{\"@id\":\"https:\\\/\\\/www.anovapeneira.gal\\\/index.php\\\/2024\\\/10\\\/24\\\/a-dorsal-alerta-a-abel-cabellero-do-perigo-para-a-auga-de-vigo-da-instalacion-de-parques-eolicos-na-serra-do-suido\\\/\"},\"wordCount\":583,\"commentCount\":0,\"publisher\":{\"@id\":\"https:\\\/\\\/www.anovapeneira.gal\\\/#organization\"},\"image\":{\"@id\":\"https:\\\/\\\/www.anovapeneira.gal\\\/index.php\\\/2024\\\/10\\\/24\\\/a-dorsal-alerta-a-abel-cabellero-do-perigo-para-a-auga-de-vigo-da-instalacion-de-parques-eolicos-na-serra-do-suido\\\/#primaryimage\"},\"thumbnailUrl\":\"https:\\\/\\\/www.anovapeneira.gal\\\/wp-content\\\/uploads\\\/2024\\\/10\\\/surdadorsal.jpg\",\"keywords\":[\"Concello de Vigo\"],\"articleSection\":[\"Vigo\"],\"inLanguage\":\"gl-ES\",\"potentialAction\":[{\"@type\":\"CommentAction\",\"name\":\"Comment\",\"target\":[\"https:\\\/\\\/www.anovapeneira.gal\\\/index.php\\\/2024\\\/10\\\/24\\\/a-dorsal-alerta-a-abel-cabellero-do-perigo-para-a-auga-de-vigo-da-instalacion-de-parques-eolicos-na-serra-do-suido\\\/#respond\"]}]},{\"@type\":\"WebPage\",\"@id\":\"https:\\\/\\\/www.anovapeneira.gal\\\/index.php\\\/2024\\\/10\\\/24\\\/a-dorsal-alerta-a-abel-cabellero-do-perigo-para-a-auga-de-vigo-da-instalacion-de-parques-eolicos-na-serra-do-suido\\\/\",\"url\":\"https:\\\/\\\/www.anovapeneira.gal\\\/index.php\\\/2024\\\/10\\\/24\\\/a-dorsal-alerta-a-abel-cabellero-do-perigo-para-a-auga-de-vigo-da-instalacion-de-parques-eolicos-na-serra-do-suido\\\/\",\"name\":\"A Dorsal alerta a Abel Cabellero do perigo para a auga de Vigo da instalaci\u00f3n de parques e\u00f3licos na Serra do Su\u00eddo -\",\"isPartOf\":{\"@id\":\"https:\\\/\\\/www.anovapeneira.gal\\\/#website\"},\"primaryImageOfPage\":{\"@id\":\"https:\\\/\\\/www.anovapeneira.gal\\\/index.php\\\/2024\\\/10\\\/24\\\/a-dorsal-alerta-a-abel-cabellero-do-perigo-para-a-auga-de-vigo-da-instalacion-de-parques-eolicos-na-serra-do-suido\\\/#primaryimage\"},\"image\":{\"@id\":\"https:\\\/\\\/www.anovapeneira.gal\\\/index.php\\\/2024\\\/10\\\/24\\\/a-dorsal-alerta-a-abel-cabellero-do-perigo-para-a-auga-de-vigo-da-instalacion-de-parques-eolicos-na-serra-do-suido\\\/#primaryimage\"},\"thumbnailUrl\":\"https:\\\/\\\/www.anovapeneira.gal\\\/wp-content\\\/uploads\\\/2024\\\/10\\\/surdadorsal.jpg\",\"datePublished\":\"2024-10-24T10:00:48+00:00\",\"breadcrumb\":{\"@id\":\"https:\\\/\\\/www.anovapeneira.gal\\\/index.php\\\/2024\\\/10\\\/24\\\/a-dorsal-alerta-a-abel-cabellero-do-perigo-para-a-auga-de-vigo-da-instalacion-de-parques-eolicos-na-serra-do-suido\\\/#breadcrumb\"},\"inLanguage\":\"gl-ES\",\"potentialAction\":[{\"@type\":\"ReadAction\",\"target\":[\"https:\\\/\\\/www.anovapeneira.gal\\\/index.php\\\/2024\\\/10\\\/24\\\/a-dorsal-alerta-a-abel-cabellero-do-perigo-para-a-auga-de-vigo-da-instalacion-de-parques-eolicos-na-serra-do-suido\\\/\"]}]},{\"@type\":\"ImageObject\",\"inLanguage\":\"gl-ES\",\"@id\":\"https:\\\/\\\/www.anovapeneira.gal\\\/index.php\\\/2024\\\/10\\\/24\\\/a-dorsal-alerta-a-abel-cabellero-do-perigo-para-a-auga-de-vigo-da-instalacion-de-parques-eolicos-na-serra-do-suido\\\/#primaryimage\",\"url\":\"https:\\\/\\\/www.anovapeneira.gal\\\/wp-content\\\/uploads\\\/2024\\\/10\\\/surdadorsal.jpg\",\"contentUrl\":\"https:\\\/\\\/www.anovapeneira.gal\\\/wp-content\\\/uploads\\\/2024\\\/10\\\/surdadorsal.jpg\",\"width\":720,\"height\":432,\"caption\":\"Surdadorsal\"},{\"@type\":\"BreadcrumbList\",\"@id\":\"https:\\\/\\\/www.anovapeneira.gal\\\/index.php\\\/2024\\\/10\\\/24\\\/a-dorsal-alerta-a-abel-cabellero-do-perigo-para-a-auga-de-vigo-da-instalacion-de-parques-eolicos-na-serra-do-suido\\\/#breadcrumb\",\"itemListElement\":[{\"@type\":\"ListItem\",\"position\":1,\"name\":\"Portada\",\"item\":\"https:\\\/\\\/www.anovapeneira.gal\\\/\"},{\"@type\":\"ListItem\",\"position\":2,\"name\":\"A Dorsal alerta a Abel Cabellero do perigo para a auga de Vigo da instalaci\u00f3n de parques e\u00f3licos na Serra do Su\u00eddo\"}]},{\"@type\":\"WebSite\",\"@id\":\"https:\\\/\\\/www.anovapeneira.gal\\\/#website\",\"url\":\"https:\\\/\\\/www.anovapeneira.gal\\\/\",\"name\":\"\",\"description\":\"Xornal galego de informaci\u00f3n xeral Publicaci\u00f3n mensual de novas de Galicia e en especial dos Concellos da sur da provincia de Pontevedra.\",\"publisher\":{\"@id\":\"https:\\\/\\\/www.anovapeneira.gal\\\/#organization\"},\"potentialAction\":[{\"@type\":\"SearchAction\",\"target\":{\"@type\":\"EntryPoint\",\"urlTemplate\":\"https:\\\/\\\/www.anovapeneira.gal\\\/?s={search_term_string}\"},\"query-input\":{\"@type\":\"PropertyValueSpecification\",\"valueRequired\":true,\"valueName\":\"search_term_string\"}}],\"inLanguage\":\"gl-ES\"},{\"@type\":\"Organization\",\"@id\":\"https:\\\/\\\/www.anovapeneira.gal\\\/#organization\",\"name\":\"A Nova Peneira\",\"url\":\"https:\\\/\\\/www.anovapeneira.gal\\\/\",\"logo\":{\"@type\":\"ImageObject\",\"inLanguage\":\"gl-ES\",\"@id\":\"https:\\\/\\\/www.anovapeneira.gal\\\/#\\\/schema\\\/logo\\\/image\\\/\",\"url\":\"http:\\\/\\\/www.anovapeneira.gal\\\/wp-content\\\/uploads\\\/2019\\\/06\\\/logo_a_nova_peneira_portal_web.png\",\"contentUrl\":\"http:\\\/\\\/www.anovapeneira.gal\\\/wp-content\\\/uploads\\\/2019\\\/06\\\/logo_a_nova_peneira_portal_web.png\",\"width\":300,\"height\":100,\"caption\":\"A Nova Peneira\"},\"image\":{\"@id\":\"https:\\\/\\\/www.anovapeneira.gal\\\/#\\\/schema\\\/logo\\\/image\\\/\"},\"sameAs\":[\"https:\\\/\\\/www.facebook.com\\\/anovapeneira\",\"https:\\\/\\\/x.com\\\/APeneira\"]},{\"@type\":\"Person\",\"@id\":\"https:\\\/\\\/www.anovapeneira.gal\\\/#\\\/schema\\\/person\\\/fb77575328c93684dae4b0075f90c2cb\",\"name\":\"admin\",\"image\":{\"@type\":\"ImageObject\",\"inLanguage\":\"gl-ES\",\"@id\":\"https:\\\/\\\/secure.gravatar.com\\\/avatar\\\/df15c36ce375448325e0bc870e91bbee95947a002eb98dcfd6c2b053e18843e9?s=96&d=mm&r=g\",\"url\":\"https:\\\/\\\/secure.gravatar.com\\\/avatar\\\/df15c36ce375448325e0bc870e91bbee95947a002eb98dcfd6c2b053e18843e9?s=96&d=mm&r=g\",\"contentUrl\":\"https:\\\/\\\/secure.gravatar.com\\\/avatar\\\/df15c36ce375448325e0bc870e91bbee95947a002eb98dcfd6c2b053e18843e9?s=96&d=mm&r=g\",\"caption\":\"admin\"},\"description\":\"Xornal galego de informaci\u00f3n xeral Publicaci\u00f3n mensual de novas de Galicia e en especial dos Concellos da sur da provincia de Pontevedra.\",\"sameAs\":[\"http:\\\/\\\/www.anovapeneira.gal\\\/\",\"https:\\\/\\\/www.facebook.com\\\/anovapeneira\\\/\"],\"url\":\"https:\\\/\\\/www.anovapeneira.gal\\\/index.php\\\/author\\\/admin\\\/\"}]}<\/script>\n<!-- \/ Yoast SEO plugin. -->","yoast_head_json":{"title":"A Dorsal alerta a Abel Cabellero do perigo para a auga de Vigo da instalaci\u00f3n de parques e\u00f3licos na Serra do Su\u00eddo -","robots":{"index":"index","follow":"follow","max-snippet":"max-snippet:-1","max-image-preview":"max-image-preview:large","max-video-preview":"max-video-preview:-1"},"canonical":"https:\/\/www.anovapeneira.gal\/index.php\/2024\/10\/24\/a-dorsal-alerta-a-abel-cabellero-do-perigo-para-a-auga-de-vigo-da-instalacion-de-parques-eolicos-na-serra-do-suido\/","og_locale":"gl_ES","og_type":"article","og_title":"A Dorsal alerta a Abel Cabellero do perigo para a auga de Vigo da instalaci\u00f3n de parques e\u00f3licos na Serra do Su\u00eddo -","og_description":"Solicitan unha xuntanza co alcalde para analizar os efectos na nacente dos mananciais que abastecen o encoro de Eiras [...]","og_url":"https:\/\/www.anovapeneira.gal\/index.php\/2024\/10\/24\/a-dorsal-alerta-a-abel-cabellero-do-perigo-para-a-auga-de-vigo-da-instalacion-de-parques-eolicos-na-serra-do-suido\/","article_publisher":"https:\/\/www.facebook.com\/anovapeneira","article_author":"https:\/\/www.facebook.com\/anovapeneira\/","article_published_time":"2024-10-24T10:00:48+00:00","og_image":[{"width":720,"height":432,"url":"https:\/\/www.anovapeneira.gal\/wp-content\/uploads\/2024\/10\/surdadorsal.jpg","type":"image\/jpeg"}],"author":"admin","twitter_card":"summary_large_image","twitter_creator":"@APeneira","twitter_site":"@APeneira","twitter_misc":{"Escrito por":"admin","Tempo de lectura":"4 minutos"},"schema":{"@context":"https:\/\/schema.org","@graph":[{"@type":"Article","@id":"https:\/\/www.anovapeneira.gal\/index.php\/2024\/10\/24\/a-dorsal-alerta-a-abel-cabellero-do-perigo-para-a-auga-de-vigo-da-instalacion-de-parques-eolicos-na-serra-do-suido\/#article","isPartOf":{"@id":"https:\/\/www.anovapeneira.gal\/index.php\/2024\/10\/24\/a-dorsal-alerta-a-abel-cabellero-do-perigo-para-a-auga-de-vigo-da-instalacion-de-parques-eolicos-na-serra-do-suido\/"},"author":{"name":"admin","@id":"https:\/\/www.anovapeneira.gal\/#\/schema\/person\/fb77575328c93684dae4b0075f90c2cb"},"headline":"A Dorsal alerta a Abel Cabellero do perigo para a auga de Vigo da instalaci\u00f3n de parques e\u00f3licos na Serra do Su\u00eddo","datePublished":"2024-10-24T10:00:48+00:00","mainEntityOfPage":{"@id":"https:\/\/www.anovapeneira.gal\/index.php\/2024\/10\/24\/a-dorsal-alerta-a-abel-cabellero-do-perigo-para-a-auga-de-vigo-da-instalacion-de-parques-eolicos-na-serra-do-suido\/"},"wordCount":583,"commentCount":0,"publisher":{"@id":"https:\/\/www.anovapeneira.gal\/#organization"},"image":{"@id":"https:\/\/www.anovapeneira.gal\/index.php\/2024\/10\/24\/a-dorsal-alerta-a-abel-cabellero-do-perigo-para-a-auga-de-vigo-da-instalacion-de-parques-eolicos-na-serra-do-suido\/#primaryimage"},"thumbnailUrl":"https:\/\/www.anovapeneira.gal\/wp-content\/uploads\/2024\/10\/surdadorsal.jpg","keywords":["Concello de Vigo"],"articleSection":["Vigo"],"inLanguage":"gl-ES","potentialAction":[{"@type":"CommentAction","name":"Comment","target":["https:\/\/www.anovapeneira.gal\/index.php\/2024\/10\/24\/a-dorsal-alerta-a-abel-cabellero-do-perigo-para-a-auga-de-vigo-da-instalacion-de-parques-eolicos-na-serra-do-suido\/#respond"]}]},{"@type":"WebPage","@id":"https:\/\/www.anovapeneira.gal\/index.php\/2024\/10\/24\/a-dorsal-alerta-a-abel-cabellero-do-perigo-para-a-auga-de-vigo-da-instalacion-de-parques-eolicos-na-serra-do-suido\/","url":"https:\/\/www.anovapeneira.gal\/index.php\/2024\/10\/24\/a-dorsal-alerta-a-abel-cabellero-do-perigo-para-a-auga-de-vigo-da-instalacion-de-parques-eolicos-na-serra-do-suido\/","name":"A Dorsal alerta a Abel Cabellero do perigo para a auga de Vigo da instalaci\u00f3n de parques e\u00f3licos na Serra do Su\u00eddo -","isPartOf":{"@id":"https:\/\/www.anovapeneira.gal\/#website"},"primaryImageOfPage":{"@id":"https:\/\/www.anovapeneira.gal\/index.php\/2024\/10\/24\/a-dorsal-alerta-a-abel-cabellero-do-perigo-para-a-auga-de-vigo-da-instalacion-de-parques-eolicos-na-serra-do-suido\/#primaryimage"},"image":{"@id":"https:\/\/www.anovapeneira.gal\/index.php\/2024\/10\/24\/a-dorsal-alerta-a-abel-cabellero-do-perigo-para-a-auga-de-vigo-da-instalacion-de-parques-eolicos-na-serra-do-suido\/#primaryimage"},"thumbnailUrl":"https:\/\/www.anovapeneira.gal\/wp-content\/uploads\/2024\/10\/surdadorsal.jpg","datePublished":"2024-10-24T10:00:48+00:00","breadcrumb":{"@id":"https:\/\/www.anovapeneira.gal\/index.php\/2024\/10\/24\/a-dorsal-alerta-a-abel-cabellero-do-perigo-para-a-auga-de-vigo-da-instalacion-de-parques-eolicos-na-serra-do-suido\/#breadcrumb"},"inLanguage":"gl-ES","potentialAction":[{"@type":"ReadAction","target":["https:\/\/www.anovapeneira.gal\/index.php\/2024\/10\/24\/a-dorsal-alerta-a-abel-cabellero-do-perigo-para-a-auga-de-vigo-da-instalacion-de-parques-eolicos-na-serra-do-suido\/"]}]},{"@type":"ImageObject","inLanguage":"gl-ES","@id":"https:\/\/www.anovapeneira.gal\/index.php\/2024\/10\/24\/a-dorsal-alerta-a-abel-cabellero-do-perigo-para-a-auga-de-vigo-da-instalacion-de-parques-eolicos-na-serra-do-suido\/#primaryimage","url":"https:\/\/www.anovapeneira.gal\/wp-content\/uploads\/2024\/10\/surdadorsal.jpg","contentUrl":"https:\/\/www.anovapeneira.gal\/wp-content\/uploads\/2024\/10\/surdadorsal.jpg","width":720,"height":432,"caption":"Surdadorsal"},{"@type":"BreadcrumbList","@id":"https:\/\/www.anovapeneira.gal\/index.php\/2024\/10\/24\/a-dorsal-alerta-a-abel-cabellero-do-perigo-para-a-auga-de-vigo-da-instalacion-de-parques-eolicos-na-serra-do-suido\/#breadcrumb","itemListElement":[{"@type":"ListItem","position":1,"name":"Portada","item":"https:\/\/www.anovapeneira.gal\/"},{"@type":"ListItem","position":2,"name":"A Dorsal alerta a Abel Cabellero do perigo para a auga de Vigo da instalaci\u00f3n de parques e\u00f3licos na Serra do Su\u00eddo"}]},{"@type":"WebSite","@id":"https:\/\/www.anovapeneira.gal\/#website","url":"https:\/\/www.anovapeneira.gal\/","name":"","description":"Xornal galego de informaci\u00f3n xeral Publicaci\u00f3n mensual de novas de Galicia e en especial dos Concellos da sur da provincia de Pontevedra.","publisher":{"@id":"https:\/\/www.anovapeneira.gal\/#organization"},"potentialAction":[{"@type":"SearchAction","target":{"@type":"EntryPoint","urlTemplate":"https:\/\/www.anovapeneira.gal\/?s={search_term_string}"},"query-input":{"@type":"PropertyValueSpecification","valueRequired":true,"valueName":"search_term_string"}}],"inLanguage":"gl-ES"},{"@type":"Organization","@id":"https:\/\/www.anovapeneira.gal\/#organization","name":"A Nova Peneira","url":"https:\/\/www.anovapeneira.gal\/","logo":{"@type":"ImageObject","inLanguage":"gl-ES","@id":"https:\/\/www.anovapeneira.gal\/#\/schema\/logo\/image\/","url":"http:\/\/www.anovapeneira.gal\/wp-content\/uploads\/2019\/06\/logo_a_nova_peneira_portal_web.png","contentUrl":"http:\/\/www.anovapeneira.gal\/wp-content\/uploads\/2019\/06\/logo_a_nova_peneira_portal_web.png","width":300,"height":100,"caption":"A Nova Peneira"},"image":{"@id":"https:\/\/www.anovapeneira.gal\/#\/schema\/logo\/image\/"},"sameAs":["https:\/\/www.facebook.com\/anovapeneira","https:\/\/x.com\/APeneira"]},{"@type":"Person","@id":"https:\/\/www.anovapeneira.gal\/#\/schema\/person\/fb77575328c93684dae4b0075f90c2cb","name":"admin","image":{"@type":"ImageObject","inLanguage":"gl-ES","@id":"https:\/\/secure.gravatar.com\/avatar\/df15c36ce375448325e0bc870e91bbee95947a002eb98dcfd6c2b053e18843e9?s=96&d=mm&r=g","url":"https:\/\/secure.gravatar.com\/avatar\/df15c36ce375448325e0bc870e91bbee95947a002eb98dcfd6c2b053e18843e9?s=96&d=mm&r=g","contentUrl":"https:\/\/secure.gravatar.com\/avatar\/df15c36ce375448325e0bc870e91bbee95947a002eb98dcfd6c2b053e18843e9?s=96&d=mm&r=g","caption":"admin"},"description":"Xornal galego de informaci\u00f3n xeral Publicaci\u00f3n mensual de novas de Galicia e en especial dos Concellos da sur da provincia de Pontevedra.","sameAs":["http:\/\/www.anovapeneira.gal\/","https:\/\/www.facebook.com\/anovapeneira\/"],"url":"https:\/\/www.anovapeneira.gal\/index.php\/author\/admin\/"}]}},"jetpack_featured_media_url":"https:\/\/www.anovapeneira.gal\/wp-content\/uploads\/2024\/10\/surdadorsal.jpg","_links":{"self":[{"href":"https:\/\/www.anovapeneira.gal\/index.php\/wp-json\/wp\/v2\/posts\/12650","targetHints":{"allow":["GET"]}}],"collection":[{"href":"https:\/\/www.anovapeneira.gal\/index.php\/wp-json\/wp\/v2\/posts"}],"about":[{"href":"https:\/\/www.anovapeneira.gal\/index.php\/wp-json\/wp\/v2\/types\/post"}],"author":[{"embeddable":true,"href":"https:\/\/www.anovapeneira.gal\/index.php\/wp-json\/wp\/v2\/users\/1"}],"replies":[{"embeddable":true,"href":"https:\/\/www.anovapeneira.gal\/index.php\/wp-json\/wp\/v2\/comments?post=12650"}],"version-history":[{"count":1,"href":"https:\/\/www.anovapeneira.gal\/index.php\/wp-json\/wp\/v2\/posts\/12650\/revisions"}],"predecessor-version":[{"id":12652,"href":"https:\/\/www.anovapeneira.gal\/index.php\/wp-json\/wp\/v2\/posts\/12650\/revisions\/12652"}],"wp:featuredmedia":[{"embeddable":true,"href":"https:\/\/www.anovapeneira.gal\/index.php\/wp-json\/wp\/v2\/media\/12651"}],"wp:attachment":[{"href":"https:\/\/www.anovapeneira.gal\/index.php\/wp-json\/wp\/v2\/media?parent=12650"}],"wp:term":[{"taxonomy":"category","embeddable":true,"href":"https:\/\/www.anovapeneira.gal\/index.php\/wp-json\/wp\/v2\/categories?post=12650"},{"taxonomy":"post_tag","embeddable":true,"href":"https:\/\/www.anovapeneira.gal\/index.php\/wp-json\/wp\/v2\/tags?post=12650"}],"curies":[{"name":"wp","href":"https:\/\/api.w.org\/{rel}","templated":true}]}}