{"id":12655,"date":"2024-10-25T12:00:43","date_gmt":"2024-10-25T10:00:43","guid":{"rendered":"https:\/\/www.anovapeneira.gal\/?p=12655"},"modified":"2024-10-22T11:00:17","modified_gmt":"2024-10-22T09:00:17","slug":"sobre-a-adxudicacion-dunha-obra-no-concello-de-a-lama-a-empresa-dun-dos-concelleiros-do-gobernox","status":"publish","type":"post","link":"https:\/\/www.anovapeneira.gal\/index.php\/2024\/10\/25\/sobre-a-adxudicacion-dunha-obra-no-concello-de-a-lama-a-empresa-dun-dos-concelleiros-do-gobernox\/","title":{"rendered":"Sobre a adxudicaci\u00f3n dunha obra no concello de A Lama \u00e1 empresa dun dos concelleiros do gobernox"},"content":{"rendered":"\n<p><strong>No \u00faltimo pleno celebrado neste Concello a oposici\u00f3n de A Lama denunciaba a adxudicaci\u00f3n, por parte do Concello, dunha obra subvencionada \u00e1 empresa dun dos concelleiros do goberno. Os concelleiros de UCIN, Carlos Riveiro, e de IPR, Pepe Ogando denuncian que eles consideran unha cacicada e demandan a dimisi\u00f3n do alcalde , David Carrera( PP) e do concelleiro, Andr\u00e9s Cal, propietario da empresa adxudicataria. No caso de que as dimisi\u00f3ns non se produzan afirman ter a intenci\u00f3n de acudir \u00e1 fiscal\u00eda. Pola contra alcalde manifesta que non houbo mala fe, que se tratou dun erro e que polo tanto non hai motivo alg\u00fan para que presente a s\u00faa dimisi\u00f3n. N\u00f3s falamos coa oposici\u00f3n<\/strong><\/p>\n\n\n\n<p><strong>Carlos Riveiro xefe da oposici\u00f3n do concello de A Lama.<\/strong><\/p>\n\n\n\n<h2 class=\"wp-block-heading\">\u201c<strong>Se o alcalde non dimite imos levar este asunto \u00e1 fiscal\u00eda. Non podemos permitir este tipo de cacicadas\u201d<\/strong><\/h2>\n\n\n\n<p><strong>Ano e medio despois do \u00faltimo proceso electoral cal \u00e9 a t\u00faa valoraci\u00f3n pol\u00edtica do actual mandato no voso Concello?<\/strong><\/p>\n\n\n\n<blockquote class=\"wp-block-quote is-layout-flow wp-block-quote-is-layout-flow\">\n<p>Non \u00e9 que tiveramos unhas expectativas moi elevadas pero a cousa est\u00e1 peor do que esperabamos.<\/p>\n<\/blockquote>\n\n\n\n<p><strong>Por que?<\/strong><\/p>\n\n\n\n<blockquote class=\"wp-block-quote is-layout-flow wp-block-quote-is-layout-flow\">\n<p>Por que o caciquismo non desapareceu, \u00e9 m\u00e1is empeorou, e porque non se abordan os problemas reais que padece este concello e que requiren atenci\u00f3n inmediata. \u00c9 moi duro dicir isto pero con este alcalde as cousas est\u00e1n peor que co anterior. Neste momento a situaci\u00f3n do concello de A Lama \u00e9 de total e absoluta par\u00e1lise.<\/p>\n<\/blockquote>\n\n\n\n<p><strong>Cales son eses problemas reais que ao teu xu\u00edzo requiren atenci\u00f3n inmediata?<\/strong><\/p>\n\n\n\n<blockquote class=\"wp-block-quote is-layout-flow wp-block-quote-is-layout-flow\">\n<p>O despoboamento \u00e9 un mal end\u00e9mico do noso pobo. A xente vaise porque carece de servizos necesarios e de oportunidades laborais suficientes para poder desenvolver un proxecto de vida na Lama. E para que iso aconteza \u00e9 preciso que exista actividade econ\u00f3mica, e non poder\u00e1 existir mentres non existan locais comerciais adecuados para podela executar.<\/p>\n<\/blockquote>\n\n\n\n<p><strong>E non existen eses locais?<\/strong><\/p>\n\n\n\n<blockquote class=\"wp-block-quote is-layout-flow wp-block-quote-is-layout-flow\">\n<p>Non, \u00e9 un problema grav\u00edsimo. Agora mesmo non temos ning\u00fan local a dispor de ningu\u00e9n. Pequenos empresarios e aut\u00f3nomos est\u00e1n a montar negocios nos concellos veci\u00f1os porque na Lama non te\u00f1en locais para podelo facer, e calquera goberno municipal responsable o que ter\u00eda que facer \u00e9 p\u00f3rlle remedio de contado a esta situaci\u00f3n.<\/p>\n<\/blockquote>\n\n\n\n<p><strong>C\u00f3nstache alg\u00fan caso no que se producira esa situaci\u00f3n que describes?<\/strong><\/p>\n\n\n\n<blockquote class=\"wp-block-quote is-layout-flow wp-block-quote-is-layout-flow\">\n<p>Pois si, c\u00f3nstanme varios. Por exemplo sei dunha lavander\u00eda que tivo que se ir a Soutelo, ou unha asesor\u00eda que tivo que facer o propio e instalarse en Fornelos de Montes. E en vez de abordar con valent\u00eda e decisi\u00f3n este e outros problemas tan graves o que fan \u00e9 algo investir m\u00e1is de 300.000\u20ac para reformar unha r\u00faa na alameda, algo que era absolutamente innecesario.<\/p>\n<\/blockquote>\n\n\n\n<p><strong>Como est\u00e1 o tema da vivenda?.Se algu\u00e9n quere mudarse \u00e1 Lama ter\u00eda un parque de vivendas suficiente para poder mercar ou alugar?<\/strong><\/p>\n\n\n\n<blockquote class=\"wp-block-quote is-layout-flow wp-block-quote-is-layout-flow\">\n<p>Malia que se rehabilitaron as casas dos mestres, o estado do parque de vivendas na Lama segue a ser absolutamente insuficiente para que a xente se poida achegar a vivir na Lama. Por desgraza acontece o fen\u00f3meno contrario: a xente non ven, a xente marcha.<\/p>\n<\/blockquote>\n\n\n\n<p><strong>Seguimos perdendo habitantes?<\/strong><\/p>\n\n\n\n<blockquote class=\"wp-block-quote is-layout-flow wp-block-quote-is-layout-flow\">\n<p>Si, \u00e9 terrible pero si. E unha parte da soluci\u00f3n t\u00e9mola ao lado pois no concello de Ponte Caldelas dem\u00e1ndanse vivendas para a xente que quere vivir al\u00ed, e n\u00f3s estamos a 3 minutos de coche dese concello e poderiamos desenvolver unha pol\u00edtica de construci\u00f3n de vivendas para colaborarmos con eles. Pero, insisto en que a par\u00e1lise \u00e9 unha grave enfermidade que padece o noso goberno.<\/p>\n<\/blockquote>\n\n\n\n<p><strong>Ben, falemos do tema da presunta adxudicaci\u00f3n dunha obra do Concello \u00e1 empresa propiedade dun dos concelleiros. Expl\u00edcanos a t\u00faa visi\u00f3n dese caso?<\/strong><\/p>\n\n\n\n<blockquote class=\"wp-block-quote is-layout-flow wp-block-quote-is-layout-flow\">\n<p>N\u00f3s temos pleno unha vez cada dous meses. Neses plenos dannos conta dos decretos, m\u00e1is ben \u201cdecretazos\u201d da alcald\u00eda, e poucos d\u00edas antes de cada pleno recibimos da orde de 70\/80 decretos sen darnos tempo a podemos examinalos en profundidade.<\/p>\n<\/blockquote>\n\n\n\n<blockquote class=\"wp-block-quote is-layout-flow wp-block-quote-is-layout-flow\">\n<p>\u00c9 revisando estes decretos cando me atopo coa adxudicaci\u00f3n dunha obra menor \u00e1 empresa dun concelleiro do actual goberno.<\/p>\n<\/blockquote>\n\n\n\n<p><strong>Nunhas recentes declaraci\u00f3ns en La Voz de Galicia o alcalde di que \u201c foi un erro\u201d.Ao teu xu\u00edzo foi un erro ou foi deliberado?<\/strong><\/p>\n\n\n\n<blockquote class=\"wp-block-quote is-layout-flow wp-block-quote-is-layout-flow\">\n<p>Foi totalmente deliberado. Nesas declaraci\u00f3ns que mencionas incluso, o alcalde, trata de derivar a responsabilidade aos funcionarios como se eles non souberan que a empresa adxudicataria era de quen era.<\/p>\n<\/blockquote>\n\n\n\n<p><strong>E son os funcionarios os que te\u00f1en a responsabilidade?<\/strong><\/p>\n\n\n\n<blockquote class=\"wp-block-quote is-layout-flow wp-block-quote-is-layout-flow\">\n<p>Iso non \u00e9 verdade. \u00c9 m\u00e1is, \u00e9 unha grande mentira. Outra mentira que refire \u00e9 que \u00e9 o propio interesado o que contrata a obra.<\/p>\n<\/blockquote>\n\n\n\n<p><strong>Non \u00e9 verdade?<\/strong><\/p>\n\n\n\n<blockquote class=\"wp-block-quote is-layout-flow wp-block-quote-is-layout-flow\">\n<p>Baixo ning\u00fan concepto. A obra \u00e9 adxudicada polo concello. O interesado o que si fai, e faino ben, \u00e9 levar a documentaci\u00f3n precisa para pedir a subvenci\u00f3n de infravivenda.<\/p>\n<\/blockquote>\n\n\n\n<p><strong>Pedistes na dimisi\u00f3n do alcalde, e afirmas que se non se produce, que evidentemente non se vai producir, ides levar o asunto \u00e1 fiscal\u00eda. Segues na mesma posici\u00f3n?<\/strong><\/p>\n\n\n\n<blockquote class=\"wp-block-quote is-layout-flow wp-block-quote-is-layout-flow\">\n<p>Si, por suposto que si. Non podemos permitir este tipo de cacicadas. Se cadra \u00e9 que est\u00e1n afeitos a funcionar desa maneira, pero que te\u00f1an moi claro que a nosa oposici\u00f3n vai fiscalizar absolutamente todo.<\/p>\n<\/blockquote>\n","protected":false},"excerpt":{"rendered":"<div class=\"mh-excerpt\"><p>No \u00faltimo pleno celebrado neste Concello a oposici\u00f3n de A Lama denunciaba a adxudicaci\u00f3n, por parte do Concello, dunha obra subvencionada \u00e1 empresa dun dos concelleiros do goberno <a class=\"mh-excerpt-more\" href=\"https:\/\/www.anovapeneira.gal\/index.php\/2024\/10\/25\/sobre-a-adxudicacion-dunha-obra-no-concello-de-a-lama-a-empresa-dun-dos-concelleiros-do-gobernox\/\" title=\"Sobre a adxudicaci\u00f3n dunha obra no concello de A Lama \u00e1 empresa dun dos concelleiros do gobernox\">[&#8230;]<\/a><\/p>\n<\/div>","protected":false},"author":3,"featured_media":12656,"comment_status":"open","ping_status":"open","sticky":false,"template":"","format":"standard","meta":{"_exactmetrics_skip_tracking":false,"_exactmetrics_sitenote_active":false,"_exactmetrics_sitenote_note":"","_exactmetrics_sitenote_category":0,"footnotes":""},"categories":[269],"tags":[1353],"class_list":{"0":"post-12655","1":"post","2":"type-post","3":"status-publish","4":"format-standard","5":"has-post-thumbnail","7":"category-pontevedra-entrevistas","8":"tag-concello-da-lama"},"yoast_head":"<!-- This site is optimized with the Yoast SEO plugin v27.4 - https:\/\/yoast.com\/product\/yoast-seo-wordpress\/ -->\n<title>Sobre a adxudicaci\u00f3n dunha obra no concello de A Lama \u00e1 empresa dun dos concelleiros do gobernox -<\/title>\n<meta name=\"robots\" content=\"index, follow, max-snippet:-1, max-image-preview:large, max-video-preview:-1\" \/>\n<link rel=\"canonical\" href=\"https:\/\/www.anovapeneira.gal\/index.php\/2024\/10\/25\/sobre-a-adxudicacion-dunha-obra-no-concello-de-a-lama-a-empresa-dun-dos-concelleiros-do-gobernox\/\" \/>\n<meta property=\"og:locale\" content=\"gl_ES\" \/>\n<meta property=\"og:type\" content=\"article\" \/>\n<meta property=\"og:title\" content=\"Sobre a adxudicaci\u00f3n dunha obra no concello de A Lama \u00e1 empresa dun dos concelleiros do gobernox -\" \/>\n<meta property=\"og:description\" content=\"No \u00faltimo pleno celebrado neste Concello a oposici\u00f3n de A Lama denunciaba a adxudicaci\u00f3n, por parte do Concello, dunha obra subvencionada \u00e1 empresa dun dos concelleiros do goberno [...]\" \/>\n<meta property=\"og:url\" content=\"https:\/\/www.anovapeneira.gal\/index.php\/2024\/10\/25\/sobre-a-adxudicacion-dunha-obra-no-concello-de-a-lama-a-empresa-dun-dos-concelleiros-do-gobernox\/\" \/>\n<meta property=\"article:publisher\" content=\"https:\/\/www.facebook.com\/anovapeneira\" \/>\n<meta property=\"article:published_time\" content=\"2024-10-25T10:00:43+00:00\" \/>\n<meta property=\"og:image\" content=\"https:\/\/www.anovapeneira.gal\/wp-content\/uploads\/2024\/10\/carlos_a_lama.png\" \/>\n\t<meta property=\"og:image:width\" content=\"720\" \/>\n\t<meta property=\"og:image:height\" content=\"432\" \/>\n\t<meta property=\"og:image:type\" content=\"image\/png\" \/>\n<meta name=\"author\" content=\"Redacci\u00f3n A Nova Peneira\" \/>\n<meta name=\"twitter:card\" content=\"summary_large_image\" \/>\n<meta name=\"twitter:creator\" content=\"@APeneira\" \/>\n<meta name=\"twitter:site\" content=\"@APeneira\" \/>\n<meta name=\"twitter:label1\" content=\"Escrito por\" \/>\n\t<meta name=\"twitter:data1\" content=\"Redacci\u00f3n A Nova Peneira\" \/>\n\t<meta name=\"twitter:label2\" content=\"Tempo de lectura\" \/>\n\t<meta name=\"twitter:data2\" content=\"2 minutos\" \/>\n<script type=\"application\/ld+json\" class=\"yoast-schema-graph\">{\"@context\":\"https:\\\/\\\/schema.org\",\"@graph\":[{\"@type\":\"Article\",\"@id\":\"https:\\\/\\\/www.anovapeneira.gal\\\/index.php\\\/2024\\\/10\\\/25\\\/sobre-a-adxudicacion-dunha-obra-no-concello-de-a-lama-a-empresa-dun-dos-concelleiros-do-gobernox\\\/#article\",\"isPartOf\":{\"@id\":\"https:\\\/\\\/www.anovapeneira.gal\\\/index.php\\\/2024\\\/10\\\/25\\\/sobre-a-adxudicacion-dunha-obra-no-concello-de-a-lama-a-empresa-dun-dos-concelleiros-do-gobernox\\\/\"},\"author\":{\"name\":\"Redacci\u00f3n A Nova Peneira\",\"@id\":\"https:\\\/\\\/www.anovapeneira.gal\\\/#\\\/schema\\\/person\\\/b93e3f8932e3f8da96334607eb6ac6aa\"},\"headline\":\"Sobre a adxudicaci\u00f3n dunha obra no concello de A Lama \u00e1 empresa dun dos concelleiros do gobernox\",\"datePublished\":\"2024-10-25T10:00:43+00:00\",\"mainEntityOfPage\":{\"@id\":\"https:\\\/\\\/www.anovapeneira.gal\\\/index.php\\\/2024\\\/10\\\/25\\\/sobre-a-adxudicacion-dunha-obra-no-concello-de-a-lama-a-empresa-dun-dos-concelleiros-do-gobernox\\\/\"},\"wordCount\":903,\"commentCount\":0,\"publisher\":{\"@id\":\"https:\\\/\\\/www.anovapeneira.gal\\\/#organization\"},\"image\":{\"@id\":\"https:\\\/\\\/www.anovapeneira.gal\\\/index.php\\\/2024\\\/10\\\/25\\\/sobre-a-adxudicacion-dunha-obra-no-concello-de-a-lama-a-empresa-dun-dos-concelleiros-do-gobernox\\\/#primaryimage\"},\"thumbnailUrl\":\"https:\\\/\\\/www.anovapeneira.gal\\\/wp-content\\\/uploads\\\/2024\\\/10\\\/carlos_a_lama.png\",\"keywords\":[\"Concello da Lama\"],\"articleSection\":[\"Pontevedra\"],\"inLanguage\":\"gl-ES\",\"potentialAction\":[{\"@type\":\"CommentAction\",\"name\":\"Comment\",\"target\":[\"https:\\\/\\\/www.anovapeneira.gal\\\/index.php\\\/2024\\\/10\\\/25\\\/sobre-a-adxudicacion-dunha-obra-no-concello-de-a-lama-a-empresa-dun-dos-concelleiros-do-gobernox\\\/#respond\"]}]},{\"@type\":\"WebPage\",\"@id\":\"https:\\\/\\\/www.anovapeneira.gal\\\/index.php\\\/2024\\\/10\\\/25\\\/sobre-a-adxudicacion-dunha-obra-no-concello-de-a-lama-a-empresa-dun-dos-concelleiros-do-gobernox\\\/\",\"url\":\"https:\\\/\\\/www.anovapeneira.gal\\\/index.php\\\/2024\\\/10\\\/25\\\/sobre-a-adxudicacion-dunha-obra-no-concello-de-a-lama-a-empresa-dun-dos-concelleiros-do-gobernox\\\/\",\"name\":\"Sobre a adxudicaci\u00f3n dunha obra no concello de A Lama \u00e1 empresa dun dos concelleiros do gobernox -\",\"isPartOf\":{\"@id\":\"https:\\\/\\\/www.anovapeneira.gal\\\/#website\"},\"primaryImageOfPage\":{\"@id\":\"https:\\\/\\\/www.anovapeneira.gal\\\/index.php\\\/2024\\\/10\\\/25\\\/sobre-a-adxudicacion-dunha-obra-no-concello-de-a-lama-a-empresa-dun-dos-concelleiros-do-gobernox\\\/#primaryimage\"},\"image\":{\"@id\":\"https:\\\/\\\/www.anovapeneira.gal\\\/index.php\\\/2024\\\/10\\\/25\\\/sobre-a-adxudicacion-dunha-obra-no-concello-de-a-lama-a-empresa-dun-dos-concelleiros-do-gobernox\\\/#primaryimage\"},\"thumbnailUrl\":\"https:\\\/\\\/www.anovapeneira.gal\\\/wp-content\\\/uploads\\\/2024\\\/10\\\/carlos_a_lama.png\",\"datePublished\":\"2024-10-25T10:00:43+00:00\",\"breadcrumb\":{\"@id\":\"https:\\\/\\\/www.anovapeneira.gal\\\/index.php\\\/2024\\\/10\\\/25\\\/sobre-a-adxudicacion-dunha-obra-no-concello-de-a-lama-a-empresa-dun-dos-concelleiros-do-gobernox\\\/#breadcrumb\"},\"inLanguage\":\"gl-ES\",\"potentialAction\":[{\"@type\":\"ReadAction\",\"target\":[\"https:\\\/\\\/www.anovapeneira.gal\\\/index.php\\\/2024\\\/10\\\/25\\\/sobre-a-adxudicacion-dunha-obra-no-concello-de-a-lama-a-empresa-dun-dos-concelleiros-do-gobernox\\\/\"]}]},{\"@type\":\"ImageObject\",\"inLanguage\":\"gl-ES\",\"@id\":\"https:\\\/\\\/www.anovapeneira.gal\\\/index.php\\\/2024\\\/10\\\/25\\\/sobre-a-adxudicacion-dunha-obra-no-concello-de-a-lama-a-empresa-dun-dos-concelleiros-do-gobernox\\\/#primaryimage\",\"url\":\"https:\\\/\\\/www.anovapeneira.gal\\\/wp-content\\\/uploads\\\/2024\\\/10\\\/carlos_a_lama.png\",\"contentUrl\":\"https:\\\/\\\/www.anovapeneira.gal\\\/wp-content\\\/uploads\\\/2024\\\/10\\\/carlos_a_lama.png\",\"width\":720,\"height\":432,\"caption\":\"Carlos A Lama\"},{\"@type\":\"BreadcrumbList\",\"@id\":\"https:\\\/\\\/www.anovapeneira.gal\\\/index.php\\\/2024\\\/10\\\/25\\\/sobre-a-adxudicacion-dunha-obra-no-concello-de-a-lama-a-empresa-dun-dos-concelleiros-do-gobernox\\\/#breadcrumb\",\"itemListElement\":[{\"@type\":\"ListItem\",\"position\":1,\"name\":\"Portada\",\"item\":\"https:\\\/\\\/www.anovapeneira.gal\\\/\"},{\"@type\":\"ListItem\",\"position\":2,\"name\":\"Sobre a adxudicaci\u00f3n dunha obra no concello de A Lama \u00e1 empresa dun dos concelleiros do gobernox\"}]},{\"@type\":\"WebSite\",\"@id\":\"https:\\\/\\\/www.anovapeneira.gal\\\/#website\",\"url\":\"https:\\\/\\\/www.anovapeneira.gal\\\/\",\"name\":\"\",\"description\":\"Xornal galego de informaci\u00f3n xeral Publicaci\u00f3n mensual de novas de Galicia e en especial dos Concellos da sur da provincia de Pontevedra.\",\"publisher\":{\"@id\":\"https:\\\/\\\/www.anovapeneira.gal\\\/#organization\"},\"potentialAction\":[{\"@type\":\"SearchAction\",\"target\":{\"@type\":\"EntryPoint\",\"urlTemplate\":\"https:\\\/\\\/www.anovapeneira.gal\\\/?s={search_term_string}\"},\"query-input\":{\"@type\":\"PropertyValueSpecification\",\"valueRequired\":true,\"valueName\":\"search_term_string\"}}],\"inLanguage\":\"gl-ES\"},{\"@type\":\"Organization\",\"@id\":\"https:\\\/\\\/www.anovapeneira.gal\\\/#organization\",\"name\":\"A Nova Peneira\",\"url\":\"https:\\\/\\\/www.anovapeneira.gal\\\/\",\"logo\":{\"@type\":\"ImageObject\",\"inLanguage\":\"gl-ES\",\"@id\":\"https:\\\/\\\/www.anovapeneira.gal\\\/#\\\/schema\\\/logo\\\/image\\\/\",\"url\":\"http:\\\/\\\/www.anovapeneira.gal\\\/wp-content\\\/uploads\\\/2019\\\/06\\\/logo_a_nova_peneira_portal_web.png\",\"contentUrl\":\"http:\\\/\\\/www.anovapeneira.gal\\\/wp-content\\\/uploads\\\/2019\\\/06\\\/logo_a_nova_peneira_portal_web.png\",\"width\":300,\"height\":100,\"caption\":\"A Nova Peneira\"},\"image\":{\"@id\":\"https:\\\/\\\/www.anovapeneira.gal\\\/#\\\/schema\\\/logo\\\/image\\\/\"},\"sameAs\":[\"https:\\\/\\\/www.facebook.com\\\/anovapeneira\",\"https:\\\/\\\/x.com\\\/APeneira\"]},{\"@type\":\"Person\",\"@id\":\"https:\\\/\\\/www.anovapeneira.gal\\\/#\\\/schema\\\/person\\\/b93e3f8932e3f8da96334607eb6ac6aa\",\"name\":\"Redacci\u00f3n A Nova Peneira\",\"image\":{\"@type\":\"ImageObject\",\"inLanguage\":\"gl-ES\",\"@id\":\"https:\\\/\\\/secure.gravatar.com\\\/avatar\\\/c052a2551a06e23fac63626232eaa90abd78dbcf1700fc46a2b2c89fd27b735f?s=96&d=mm&r=g\",\"url\":\"https:\\\/\\\/secure.gravatar.com\\\/avatar\\\/c052a2551a06e23fac63626232eaa90abd78dbcf1700fc46a2b2c89fd27b735f?s=96&d=mm&r=g\",\"contentUrl\":\"https:\\\/\\\/secure.gravatar.com\\\/avatar\\\/c052a2551a06e23fac63626232eaa90abd78dbcf1700fc46a2b2c89fd27b735f?s=96&d=mm&r=g\",\"caption\":\"Redacci\u00f3n A Nova Peneira\"},\"sameAs\":[\"http:\\\/\\\/www.anovapeneira.gal\\\/\"],\"url\":\"https:\\\/\\\/www.anovapeneira.gal\\\/index.php\\\/author\\\/redactor\\\/\"}]}<\/script>\n<!-- \/ Yoast SEO plugin. -->","yoast_head_json":{"title":"Sobre a adxudicaci\u00f3n dunha obra no concello de A Lama \u00e1 empresa dun dos concelleiros do gobernox -","robots":{"index":"index","follow":"follow","max-snippet":"max-snippet:-1","max-image-preview":"max-image-preview:large","max-video-preview":"max-video-preview:-1"},"canonical":"https:\/\/www.anovapeneira.gal\/index.php\/2024\/10\/25\/sobre-a-adxudicacion-dunha-obra-no-concello-de-a-lama-a-empresa-dun-dos-concelleiros-do-gobernox\/","og_locale":"gl_ES","og_type":"article","og_title":"Sobre a adxudicaci\u00f3n dunha obra no concello de A Lama \u00e1 empresa dun dos concelleiros do gobernox -","og_description":"No \u00faltimo pleno celebrado neste Concello a oposici\u00f3n de A Lama denunciaba a adxudicaci\u00f3n, por parte do Concello, dunha obra subvencionada \u00e1 empresa dun dos concelleiros do goberno [...]","og_url":"https:\/\/www.anovapeneira.gal\/index.php\/2024\/10\/25\/sobre-a-adxudicacion-dunha-obra-no-concello-de-a-lama-a-empresa-dun-dos-concelleiros-do-gobernox\/","article_publisher":"https:\/\/www.facebook.com\/anovapeneira","article_published_time":"2024-10-25T10:00:43+00:00","og_image":[{"width":720,"height":432,"url":"https:\/\/www.anovapeneira.gal\/wp-content\/uploads\/2024\/10\/carlos_a_lama.png","type":"image\/png"}],"author":"Redacci\u00f3n A Nova Peneira","twitter_card":"summary_large_image","twitter_creator":"@APeneira","twitter_site":"@APeneira","twitter_misc":{"Escrito por":"Redacci\u00f3n A Nova Peneira","Tempo de lectura":"2 minutos"},"schema":{"@context":"https:\/\/schema.org","@graph":[{"@type":"Article","@id":"https:\/\/www.anovapeneira.gal\/index.php\/2024\/10\/25\/sobre-a-adxudicacion-dunha-obra-no-concello-de-a-lama-a-empresa-dun-dos-concelleiros-do-gobernox\/#article","isPartOf":{"@id":"https:\/\/www.anovapeneira.gal\/index.php\/2024\/10\/25\/sobre-a-adxudicacion-dunha-obra-no-concello-de-a-lama-a-empresa-dun-dos-concelleiros-do-gobernox\/"},"author":{"name":"Redacci\u00f3n A Nova Peneira","@id":"https:\/\/www.anovapeneira.gal\/#\/schema\/person\/b93e3f8932e3f8da96334607eb6ac6aa"},"headline":"Sobre a adxudicaci\u00f3n dunha obra no concello de A Lama \u00e1 empresa dun dos concelleiros do gobernox","datePublished":"2024-10-25T10:00:43+00:00","mainEntityOfPage":{"@id":"https:\/\/www.anovapeneira.gal\/index.php\/2024\/10\/25\/sobre-a-adxudicacion-dunha-obra-no-concello-de-a-lama-a-empresa-dun-dos-concelleiros-do-gobernox\/"},"wordCount":903,"commentCount":0,"publisher":{"@id":"https:\/\/www.anovapeneira.gal\/#organization"},"image":{"@id":"https:\/\/www.anovapeneira.gal\/index.php\/2024\/10\/25\/sobre-a-adxudicacion-dunha-obra-no-concello-de-a-lama-a-empresa-dun-dos-concelleiros-do-gobernox\/#primaryimage"},"thumbnailUrl":"https:\/\/www.anovapeneira.gal\/wp-content\/uploads\/2024\/10\/carlos_a_lama.png","keywords":["Concello da Lama"],"articleSection":["Pontevedra"],"inLanguage":"gl-ES","potentialAction":[{"@type":"CommentAction","name":"Comment","target":["https:\/\/www.anovapeneira.gal\/index.php\/2024\/10\/25\/sobre-a-adxudicacion-dunha-obra-no-concello-de-a-lama-a-empresa-dun-dos-concelleiros-do-gobernox\/#respond"]}]},{"@type":"WebPage","@id":"https:\/\/www.anovapeneira.gal\/index.php\/2024\/10\/25\/sobre-a-adxudicacion-dunha-obra-no-concello-de-a-lama-a-empresa-dun-dos-concelleiros-do-gobernox\/","url":"https:\/\/www.anovapeneira.gal\/index.php\/2024\/10\/25\/sobre-a-adxudicacion-dunha-obra-no-concello-de-a-lama-a-empresa-dun-dos-concelleiros-do-gobernox\/","name":"Sobre a adxudicaci\u00f3n dunha obra no concello de A Lama \u00e1 empresa dun dos concelleiros do gobernox -","isPartOf":{"@id":"https:\/\/www.anovapeneira.gal\/#website"},"primaryImageOfPage":{"@id":"https:\/\/www.anovapeneira.gal\/index.php\/2024\/10\/25\/sobre-a-adxudicacion-dunha-obra-no-concello-de-a-lama-a-empresa-dun-dos-concelleiros-do-gobernox\/#primaryimage"},"image":{"@id":"https:\/\/www.anovapeneira.gal\/index.php\/2024\/10\/25\/sobre-a-adxudicacion-dunha-obra-no-concello-de-a-lama-a-empresa-dun-dos-concelleiros-do-gobernox\/#primaryimage"},"thumbnailUrl":"https:\/\/www.anovapeneira.gal\/wp-content\/uploads\/2024\/10\/carlos_a_lama.png","datePublished":"2024-10-25T10:00:43+00:00","breadcrumb":{"@id":"https:\/\/www.anovapeneira.gal\/index.php\/2024\/10\/25\/sobre-a-adxudicacion-dunha-obra-no-concello-de-a-lama-a-empresa-dun-dos-concelleiros-do-gobernox\/#breadcrumb"},"inLanguage":"gl-ES","potentialAction":[{"@type":"ReadAction","target":["https:\/\/www.anovapeneira.gal\/index.php\/2024\/10\/25\/sobre-a-adxudicacion-dunha-obra-no-concello-de-a-lama-a-empresa-dun-dos-concelleiros-do-gobernox\/"]}]},{"@type":"ImageObject","inLanguage":"gl-ES","@id":"https:\/\/www.anovapeneira.gal\/index.php\/2024\/10\/25\/sobre-a-adxudicacion-dunha-obra-no-concello-de-a-lama-a-empresa-dun-dos-concelleiros-do-gobernox\/#primaryimage","url":"https:\/\/www.anovapeneira.gal\/wp-content\/uploads\/2024\/10\/carlos_a_lama.png","contentUrl":"https:\/\/www.anovapeneira.gal\/wp-content\/uploads\/2024\/10\/carlos_a_lama.png","width":720,"height":432,"caption":"Carlos A Lama"},{"@type":"BreadcrumbList","@id":"https:\/\/www.anovapeneira.gal\/index.php\/2024\/10\/25\/sobre-a-adxudicacion-dunha-obra-no-concello-de-a-lama-a-empresa-dun-dos-concelleiros-do-gobernox\/#breadcrumb","itemListElement":[{"@type":"ListItem","position":1,"name":"Portada","item":"https:\/\/www.anovapeneira.gal\/"},{"@type":"ListItem","position":2,"name":"Sobre a adxudicaci\u00f3n dunha obra no concello de A Lama \u00e1 empresa dun dos concelleiros do gobernox"}]},{"@type":"WebSite","@id":"https:\/\/www.anovapeneira.gal\/#website","url":"https:\/\/www.anovapeneira.gal\/","name":"","description":"Xornal galego de informaci\u00f3n xeral Publicaci\u00f3n mensual de novas de Galicia e en especial dos Concellos da sur da provincia de Pontevedra.","publisher":{"@id":"https:\/\/www.anovapeneira.gal\/#organization"},"potentialAction":[{"@type":"SearchAction","target":{"@type":"EntryPoint","urlTemplate":"https:\/\/www.anovapeneira.gal\/?s={search_term_string}"},"query-input":{"@type":"PropertyValueSpecification","valueRequired":true,"valueName":"search_term_string"}}],"inLanguage":"gl-ES"},{"@type":"Organization","@id":"https:\/\/www.anovapeneira.gal\/#organization","name":"A Nova Peneira","url":"https:\/\/www.anovapeneira.gal\/","logo":{"@type":"ImageObject","inLanguage":"gl-ES","@id":"https:\/\/www.anovapeneira.gal\/#\/schema\/logo\/image\/","url":"http:\/\/www.anovapeneira.gal\/wp-content\/uploads\/2019\/06\/logo_a_nova_peneira_portal_web.png","contentUrl":"http:\/\/www.anovapeneira.gal\/wp-content\/uploads\/2019\/06\/logo_a_nova_peneira_portal_web.png","width":300,"height":100,"caption":"A Nova Peneira"},"image":{"@id":"https:\/\/www.anovapeneira.gal\/#\/schema\/logo\/image\/"},"sameAs":["https:\/\/www.facebook.com\/anovapeneira","https:\/\/x.com\/APeneira"]},{"@type":"Person","@id":"https:\/\/www.anovapeneira.gal\/#\/schema\/person\/b93e3f8932e3f8da96334607eb6ac6aa","name":"Redacci\u00f3n A Nova Peneira","image":{"@type":"ImageObject","inLanguage":"gl-ES","@id":"https:\/\/secure.gravatar.com\/avatar\/c052a2551a06e23fac63626232eaa90abd78dbcf1700fc46a2b2c89fd27b735f?s=96&d=mm&r=g","url":"https:\/\/secure.gravatar.com\/avatar\/c052a2551a06e23fac63626232eaa90abd78dbcf1700fc46a2b2c89fd27b735f?s=96&d=mm&r=g","contentUrl":"https:\/\/secure.gravatar.com\/avatar\/c052a2551a06e23fac63626232eaa90abd78dbcf1700fc46a2b2c89fd27b735f?s=96&d=mm&r=g","caption":"Redacci\u00f3n A Nova Peneira"},"sameAs":["http:\/\/www.anovapeneira.gal\/"],"url":"https:\/\/www.anovapeneira.gal\/index.php\/author\/redactor\/"}]}},"jetpack_featured_media_url":"https:\/\/www.anovapeneira.gal\/wp-content\/uploads\/2024\/10\/carlos_a_lama.png","_links":{"self":[{"href":"https:\/\/www.anovapeneira.gal\/index.php\/wp-json\/wp\/v2\/posts\/12655","targetHints":{"allow":["GET"]}}],"collection":[{"href":"https:\/\/www.anovapeneira.gal\/index.php\/wp-json\/wp\/v2\/posts"}],"about":[{"href":"https:\/\/www.anovapeneira.gal\/index.php\/wp-json\/wp\/v2\/types\/post"}],"author":[{"embeddable":true,"href":"https:\/\/www.anovapeneira.gal\/index.php\/wp-json\/wp\/v2\/users\/3"}],"replies":[{"embeddable":true,"href":"https:\/\/www.anovapeneira.gal\/index.php\/wp-json\/wp\/v2\/comments?post=12655"}],"version-history":[{"count":1,"href":"https:\/\/www.anovapeneira.gal\/index.php\/wp-json\/wp\/v2\/posts\/12655\/revisions"}],"predecessor-version":[{"id":12657,"href":"https:\/\/www.anovapeneira.gal\/index.php\/wp-json\/wp\/v2\/posts\/12655\/revisions\/12657"}],"wp:featuredmedia":[{"embeddable":true,"href":"https:\/\/www.anovapeneira.gal\/index.php\/wp-json\/wp\/v2\/media\/12656"}],"wp:attachment":[{"href":"https:\/\/www.anovapeneira.gal\/index.php\/wp-json\/wp\/v2\/media?parent=12655"}],"wp:term":[{"taxonomy":"category","embeddable":true,"href":"https:\/\/www.anovapeneira.gal\/index.php\/wp-json\/wp\/v2\/categories?post=12655"},{"taxonomy":"post_tag","embeddable":true,"href":"https:\/\/www.anovapeneira.gal\/index.php\/wp-json\/wp\/v2\/tags?post=12655"}],"curies":[{"name":"wp","href":"https:\/\/api.w.org\/{rel}","templated":true}]}}