{"id":12677,"date":"2024-10-30T10:00:39","date_gmt":"2024-10-30T09:00:39","guid":{"rendered":"https:\/\/www.anovapeneira.gal\/?p=12677"},"modified":"2024-10-24T19:33:07","modified_gmt":"2024-10-24T17:33:07","slug":"a-familia-moreda-represaliada-polo-terror-fascista","status":"publish","type":"post","link":"https:\/\/www.anovapeneira.gal\/index.php\/2024\/10\/30\/a-familia-moreda-represaliada-polo-terror-fascista\/","title":{"rendered":"A familia Moreda represaliada polo terror fascista"},"content":{"rendered":"\n<pre class=\"wp-block-verse\"><strong>G.Figueiredo e Tino Lago.<\/strong><\/pre>\n\n\n\n<p><strong>Non \u00e9 posible vivir sen memoria. Cando unha persoa enferma de alzh\u00e9imer perde os \u00faltimos f\u00edos de uni\u00f3n coa s\u00faa realidade deixa de ser para sempre xamais. A memoria \u00e9 a rede que tece as conexi\u00f3ns cos que estiveron antes que n\u00f3s, e posibilita a construci\u00f3n das realidades futuras. A memoria pode ser individual ou colectiva , ambas son igualmente importantes pois, malia que pareza un t\u00f3pico \u00e9 real, un pobo que desco\u00f1ece os episodios m\u00e1is terribles da s\u00faa historia est\u00e1 condenado a repetilos.<\/strong><\/p>\n\n\n\n<p><strong>O golpe de estado de 1936 que tivo por obxecto conservar o poder para as elites econ\u00f3micas e para a igrexa, e que empregou os m\u00e9todos m\u00e1is terribles para acadar os seus obxectivos, como os asasinatos masivos, sup\u00f3n unha traxedia de magnitudes estratosf\u00e9ricas para a sociedade espa\u00f1ola. Especialmente para os segmentos m\u00e1is l\u00facidos e comprometidos coa igualdade, coa raz\u00f3n e coa xustiza social .<\/strong><\/p>\n\n\n\n<p><strong>A terrible crueldade dos malditos, e mil veces malditos, asasinos fascistas golpeou con especial violencia a unha das familias da nosa cidade, a familia Moreda, de orgullosa tradici\u00f3n barbeira. Catro dos seus membros foron fusilados no monte do Castro, outro, de tan s\u00f3 15 anos de idade, asasinado na Porta do Sol e alg\u00fan m\u00e1is sufriu prisi\u00f3n en distintos campos de concentraci\u00f3n.<\/strong><\/p>\n\n\n\n<p><strong>N\u00f3s quixemos co\u00f1ecer a s\u00faa historia, al\u00e9n de reco\u00f1ecer con admiraci\u00f3n e respecto o seu compromiso co resto da sociedade, e falamos con Xavier , un co\u00f1ecido activista vigu\u00e9s pola memoria.<\/strong><\/p>\n\n\n\n<p><strong>El \u00e9 natural de Vigo e reivindica con orgullo a s\u00faa orixe nun barrio que ten unha importante personalidade propia, o barrio de Teis. Xavier Moreda naceu no ano 1959 e todo comezou cando sendo moi neno xurdiu a pregunta inevitable: Por que non te\u00f1o eu av\u00f3?<\/strong><\/p>\n\n\n\n<p><strong>Xavier Moreda activista pola memoria hist\u00f3rica.<\/strong><\/p>\n\n\n\n<h2 class=\"wp-block-heading\">\u201c <strong>A cruz do Castro, situada no lugar no que asasinaron \u00e1 mi\u00f1a familia, ins\u00faltame. O alcalde de Vigo \u00e9 un desertor\u201d<\/strong><\/h2>\n\n\n\n<p>.<\/p>\n\n\n\n<p><strong>Cando iniciaches a t\u00faa actividade pol\u00edtica?<\/strong><\/p>\n\n\n\n<blockquote class=\"wp-block-quote is-layout-flow wp-block-quote-is-layout-flow\">\n<p>Entrei con 18 anos na Agrupaci\u00f3n Comunista de Teis. Organizaci\u00f3n de grande importancia hist\u00f3rica \u00e1 que pertenc\u00edan xente como Waldino Varela, moi co\u00f1ecido nas loitas sindicais e sociais dos anos 70 do pasado s\u00e9culo.<\/p>\n<\/blockquote>\n\n\n\n<p><strong>De feito era tan importante no noso pa\u00eds, que nos primeiros anos da restauraci\u00f3n borb\u00f3nica a organizaci\u00f3n de esquerdas que en Galicia ti\u00f1a un corpo real de militantes era o PC,verdade?<\/strong><\/p>\n\n\n\n<blockquote class=\"wp-block-quote is-layout-flow wp-block-quote-is-layout-flow\">\n<p>Si, en efecto as\u00ed era. O PC era o que ti\u00f1a a tradici\u00f3n militante e combativa. En Vigo ti\u00f1a un corpo militante moi importante, entre o que estaban xente de indiscutible traxectoria ou de compromiso pol\u00edtico inquebrantable. Persoas que estiveron escondidas no barrio das flores como Cabaleiro, Repolo\u2026 os veci\u00f1os de Teis cando ti\u00f1an un problema \u00edan directamente ao PC. A agrupaci\u00f3n Comunista de Teis ti\u00f1a a sede na r\u00faa Bos Aires.<\/p>\n<\/blockquote>\n\n\n\n<p><strong>Ent\u00f3n o PC de Vigo ti\u00f1a un corpo de militantes tan importante, que incluso ti\u00f1a subsedes nos barrios?<\/strong><\/p>\n\n\n\n<blockquote class=\"wp-block-quote is-layout-flow wp-block-quote-is-layout-flow\">\n<p>S, a de Teis era moi importante por todo o que organizaba.<\/p>\n<\/blockquote>\n\n\n\n<p><strong>En que momento es co\u00f1ecedor da represi\u00f3n terrible que sufriu a t\u00faa familia ?<\/strong><\/p>\n\n\n\n<blockquote class=\"wp-block-quote is-layout-flow wp-block-quote-is-layout-flow\">\n<p>Aos 11 anos fixen unha pregunta tan sinxela como onde est\u00e1 o meu av\u00f3. Eu non ti\u00f1a nin aldea, nin av\u00f3.<\/p>\n<\/blockquote>\n\n\n\n<blockquote class=\"wp-block-quote is-layout-flow wp-block-quote-is-layout-flow\">\n<p>Quen empezou a contarme foi sobre todo a mi\u00f1a nai. A familia represaliada foi a familia do meu pai, e foi a mi\u00f1a nai a encargada de ter a moral do meu pai levantada.<\/p>\n<\/blockquote>\n\n\n\n<p><strong>De onde eran o teu pai e a t\u00faa nai?<\/strong><\/p>\n\n\n\n<blockquote class=\"wp-block-quote is-layout-flow wp-block-quote-is-layout-flow\">\n<p>O meu pai era de Cabral e a mi\u00f1a nai de Santa Cristina.<\/p>\n<\/blockquote>\n\n\n\n<p><strong>Que foi o que che dixeron cando preguntaches por que non ti\u00f1as av\u00f3?<\/strong><\/p>\n\n\n\n<blockquote class=\"wp-block-quote is-layout-flow wp-block-quote-is-layout-flow\">\n<p>O av\u00f3 morreu na guerra. Esta era a maneira de facer que non preguntara m\u00e1is porque si daquela \u00edas ao colexio contando estas historias espet\u00e1banche aquilo de \u201cputo rojo\u201d. Tiveron coidado e f\u00f3ronme contando cousas aos poucos. Cont\u00e1ronme que o meu av\u00f3 foi o primeiro barbeiro da familia, foi barbeiro e era gaiteiro reco\u00f1ecido que a\u00ednda se co\u00f1ece agora no mundo d\u00e1 m\u00fasica.<\/p>\n<\/blockquote>\n\n\n\n<p><strong>O teu av\u00f3 Constante foi o primeiro perruqueiro da familia. Onde ti\u00f1a o sal\u00f3n de peiteado?<\/strong><\/p>\n\n\n\n<blockquote class=\"wp-block-quote is-layout-flow wp-block-quote-is-layout-flow\">\n<p>En Cabral.<\/p>\n<\/blockquote>\n\n\n\n<p><strong>O teu pai foi perruqueiro tam\u00e9n?<\/strong><\/p>\n\n\n\n<blockquote class=\"wp-block-quote is-layout-flow wp-block-quote-is-layout-flow\">\n<p>Si, e eu segu\u00edn coa tradici\u00f3n familiar.<\/p>\n<\/blockquote>\n\n\n\n<p><strong>S\u00edgueme contando do teu av\u00f3?<\/strong><\/p>\n\n\n\n<blockquote class=\"wp-block-quote is-layout-flow wp-block-quote-is-layout-flow\">\n<p>O meu av\u00f3 era o barbeiro e d\u00edgoo con orgullo. Cando o detiveron pregunt\u00e1ronlle onde estaba e el dixo que no sal\u00f3n de peiteado.<\/p>\n<\/blockquote>\n\n\n\n<p><strong>Como foi o proceso de detenci\u00f3n e por que feitos o detiveron?<\/strong><\/p>\n\n\n\n<blockquote class=\"wp-block-quote is-layout-flow wp-block-quote-is-layout-flow\">\n<p>Detiveron a parte da familia polo asalto ao chal\u00e9 de N\u00fa\u00f1ez no Calvario, un co\u00f1ecido empresario da dereita local. Ti\u00f1an pr\u00e9sa por detelos por algo e este asalto foi a escusa, o meu av\u00f3 non estaba al\u00ed que estaba a cortar \u00e1rbores e tirando a ponte de Cabral para que non pasasen as tropas franquistas, e o resto da familia non est\u00e1 demostrado que participasen neste asalto.<\/p>\n<\/blockquote>\n\n\n\n<p><strong>Onde o chaman a declarar?<\/strong><\/p>\n\n\n\n<blockquote class=\"wp-block-quote is-layout-flow wp-block-quote-is-layout-flow\">\n<p>Det\u00e9\u00f1eno e l\u00e9vano ao c\u00e1rcere de Pr\u00edncipe, o que \u00e9 agora o Museo do Marco. Dete\u00f1en ao meu av\u00f3, a un cu\u00f1ado e ao meu bisav\u00f3.<\/p>\n<\/blockquote>\n\n\n\n<p><strong>Que pasa cando declaran?<\/strong><\/p>\n\n\n\n<blockquote class=\"wp-block-quote is-layout-flow wp-block-quote-is-layout-flow\">\n<p>Xa non saen do c\u00e1rcere.<\/p>\n<\/blockquote>\n\n\n\n<blockquote class=\"wp-block-quote is-layout-flow wp-block-quote-is-layout-flow\">\n<p>Despois da lectura do bando de sublevaci\u00f3n franquista na Porta do Sol o 20 de xullo o meu av\u00f3 e o seu pai non poden escapar e esconderse, o meu av\u00f3 ti\u00f1a ao meu avoa encamada. Al\u00e9n do asasinato desas 3 persoas temos outro familiar asasinado. El \u00e9 Lenin Moreda, de tan s\u00f3 15 anos de idade, un curm\u00e1n do meu pai que estaba na Porta de Sol escoitando a lectura de sublevaci\u00f3n e foi asasinado al\u00ed mesmo, ese 20 de xullo de 1936.<\/p>\n<\/blockquote>\n\n\n\n<p><strong>Que pasou despois da declaraci\u00f3n?<\/strong><\/p>\n\n\n\n<blockquote class=\"wp-block-quote is-layout-flow wp-block-quote-is-layout-flow\">\n<p>Deciden que todos os que est\u00e1n procesados son asaltantes do chal\u00e9 e son condenados \u00e1 morte.<\/p>\n<\/blockquote>\n\n\n\n<p><strong>Cantas persoas son?<\/strong><\/p>\n\n\n\n<blockquote class=\"wp-block-quote is-layout-flow wp-block-quote-is-layout-flow\">\n<p>O 10 de decembro de 1936 son doce fusilados no monte do Castro:<\/p>\n<\/blockquote>\n\n\n\n<blockquote class=\"wp-block-quote is-layout-flow wp-block-quote-is-layout-flow\">\n<p>Jos\u00e9 Moreda V\u00e1zquez, Constante Moreda V\u00e1zquez, Manuel Acu\u00f1a G\u00f3mez, Urbano Rodr\u00edguez Moledo, Manuel Moreda Outeiral, Lu\u00eds Ferreira Vi\u00e9itez, Lu\u00eds Mart\u00ednez Rom\u00e1n, Jos\u00e9 Gonz\u00e1lez Andreu, Antonio Sayar Carrera, Manuel N\u00fanez \u00c1lvarez, Fernando Lago Fern\u00e1ndez e Fernando Costas M\u00e9ndez.<\/p>\n<\/blockquote>\n\n\n\n<p><strong>Cantos deles son da t\u00faa familia?<\/strong><\/p>\n\n\n\n<blockquote class=\"wp-block-quote is-layout-flow wp-block-quote-is-layout-flow\">\n<p>Catro persoas. O meu av\u00f3 Constante Moreda, o meu t\u00edo av\u00f3 Jos\u00e9 Moreda que era uns dos fundadores en Vigo do PC e o pai de Lenin e doutra filla que se chamaba Pasionaria, parece que con estes nomes xa estaban condenados a morte . O meu bisav\u00f3 Manuel Moreda Outeiral e Luis Mart\u00ednez, o marido dunha Moreda.<\/p>\n<\/blockquote>\n\n\n\n<p><strong>Que barbaridade, catro familiares fusilados e entre eles pai e fillo, e un neto asasinado na Porta do Sol uns meses antes. De todo isto vaste decatando aos poucos, e supo\u00f1o que a medida de que te vas dando de conta da traxedia que azoutou \u00e1 t\u00faa familia o impacto ser\u00eda brutal?<\/strong><\/p>\n\n\n\n<blockquote class=\"wp-block-quote is-layout-flow wp-block-quote-is-layout-flow\">\n<p>Si, claro. Isto sab\u00e9molo agora porque fun coa mi\u00f1a irm\u00e1 Giovana ao arquivo de Ferrol. A mi\u00f1a irm\u00e1 fotografou m\u00e1is de 3.000 p\u00e1xinas relativas a distintas causas.<\/p>\n<\/blockquote>\n\n\n\n<p><strong>\u00c9 f\u00e1cil acceder ao arquivo militar de Ferrol?<\/strong><\/p>\n\n\n\n<blockquote class=\"wp-block-quote is-layout-flow wp-block-quote-is-layout-flow\">\n<p>Si, \u00e9 f\u00e1cil. O dif\u00edcil \u00e9 traballar al\u00ed, o arquivo est\u00e1 totalmente descoidado, iso demostra unha vez m\u00e1is que non hai ning\u00fan interese real en que a memoria se co\u00f1eza. Os funcionarios comp\u00f3rtanse como deben e facilitan as cousas pero o arquivo \u00e9 pat\u00e9tico.<\/p>\n<\/blockquote>\n\n\n\n<p><strong>En que ano acededes ao arquivo militar?<\/strong><\/p>\n\n\n\n<blockquote class=\"wp-block-quote is-layout-flow wp-block-quote-is-layout-flow\">\n<p>Fai uns tres anos.<\/p>\n<\/blockquote>\n\n\n\n<p><strong>Ent\u00f3n ata fai ben pouco non sabias moito da historia?<\/strong><\/p>\n\n\n\n<blockquote class=\"wp-block-quote is-layout-flow wp-block-quote-is-layout-flow\">\n<p>Sab\u00eda que asasinaran aos tres pero non sab\u00eda o caso de Luis Mart\u00ednez. Sempre escoitara falar de moitos asasinados na familia, agora estamos a descubrir de verdade cantos son e porque causas. Sabemos que Alfonso, un irm\u00e1n do meu av\u00f3, foi asasinado en Burgos no ano 37.<\/p>\n<\/blockquote>\n\n\n\n<p><strong>Que fac\u00eda en Burgos, traballaba al\u00ed?<\/strong><\/p>\n\n\n\n<blockquote class=\"wp-block-quote is-layout-flow wp-block-quote-is-layout-flow\">\n<p>A\u00ednda estamos a investigar, cremos que escapou e coll\u00e9rono al\u00ed. Temos claro outro caso: outro irm\u00e1n do meu av\u00f3, Eulogio. El foi represaliado pero conseguiu sobrevivir. Sobre el temos a documentaci\u00f3n da causa, c\u00f3lleno e m\u00e9teno directamente en prisi\u00f3n sen xulgalo, e trasl\u00e1dano por cinco campos de concentraci\u00f3n diferentes.<\/p>\n<\/blockquote>\n\n\n\n<p><strong>Da comarca?<\/strong><\/p>\n\n\n\n<blockquote class=\"wp-block-quote is-layout-flow wp-block-quote-is-layout-flow\">\n<p>Empeza na comarca e remata en Marrocos.<\/p>\n<\/blockquote>\n\n\n\n<p><strong>Hab\u00eda campos de concentraci\u00f3n en Marrocos?<\/strong><\/p>\n\n\n\n<blockquote class=\"wp-block-quote is-layout-flow wp-block-quote-is-layout-flow\">\n<p>Hab\u00eda m\u00e1is dos que pensamos. Nos papeis de Eulogio pon que non se atopou nada pero xa se ver\u00e1 m\u00e1is adiante. Parece incr\u00edbel pero si, procesado sen nada e paseado por diferentes campos de concentraci\u00f3n.<\/p>\n<\/blockquote>\n\n\n\n<p><strong>Que foi de Eulogio?<\/strong><\/p>\n\n\n\n<blockquote class=\"wp-block-quote is-layout-flow wp-block-quote-is-layout-flow\">\n<p>Eulogio viviu, volve para Vigo esnaquizado, estigmatizado, condenado a non volver traballar xamais por ser \u201cRojo\u201d e conf\u00edscanlle todos os seus bens a partir da lei do 39.<\/p>\n<\/blockquote>\n\n\n\n<p><strong>Como valoras o enfoque dos poderes p\u00fablicos sobre a Memoria hist\u00f3rica?<\/strong><\/p>\n\n\n\n<blockquote class=\"wp-block-quote is-layout-flow wp-block-quote-is-layout-flow\">\n<p>Eu non lle chamo Memoria hist\u00f3rica, ch\u00e1molle Memoria antifascista. Incluso os que non eran antifascistas e non estaban metidos en pol\u00edtica foron asasinados polos fascistas, masacr\u00e1base e cort\u00e1base todo aquilo que tivese que ver con avances e melloras para as clases traballadoras e para as mulleres.<\/p>\n<\/blockquote>\n\n\n\n<p><strong>Ent\u00f3n, como valoras a situaci\u00f3n da Memoria sobre aqueles terribles episodios?<\/strong><\/p>\n\n\n\n<blockquote class=\"wp-block-quote is-layout-flow wp-block-quote-is-layout-flow\">\n<p>Creo que contin\u00faa sendo dilatoria. Se tivesen aplicado xa as convenci\u00f3ns internacionais non ti\u00f1an que ter inventada ningunha Lei da Memoria. Penso que se o queren facer de verdade te\u00f1en que po\u00f1er ben os arquivos e facelos p\u00fablicos, con isto xa non ser\u00eda necesario convencer a ningu\u00e9n do sucedido. Eles mesmo, nos seus papeis, contaron todo o que fixeron durante 40 anos, porque se cr\u00edan que ti\u00f1an a raz\u00f3n, masacraron \u00e1 xente no que foi un aut\u00e9ntico xenocidio..<\/p>\n<\/blockquote>\n\n\n\n<blockquote class=\"wp-block-quote is-layout-flow wp-block-quote-is-layout-flow\">\n<p>A Guerra Civil en Galicia non existiu, aqu\u00ed houbo un golpe de estado e un xenocidio contra os que se opuxeron ao golpe de estado ou contra os que non simpatizaron o suficiente con el. Non fac\u00eda falta facer nada, se algu\u00e9n te denunciaba porque lle caias mal, ou estiveras nunha mesa electoral xa estabas no punto de mira.<\/p>\n<\/blockquote>\n\n\n\n<blockquote class=\"wp-block-quote is-layout-flow wp-block-quote-is-layout-flow\">\n<p>Que se fale disto coma se fose un partido de f\u00fatbol onde hab\u00eda dous bando non \u00e9 axustarse \u00e1 realidade. Aqu\u00ed non hab\u00eda bandos, hab\u00eda unha banda de criminais que cr\u00e9ndose coa raz\u00f3n, asasinaban a calquera e logo, estaba a xente normal, os veci\u00f1os e veci\u00f1as que quer\u00edan avanzar e vivir tranquilos.<\/p>\n<\/blockquote>\n\n\n\n<p><strong>O departamento de Memoria hist\u00f3rica da DEPO Pontevedra ti\u00f1a unha actividade moi salientable, con persoas moi solventes e moi sensibles a este tema como Montse Fajardo. Cando entrou O PP na Deputaci\u00f3n carg\u00e1ronse o departamento. A posici\u00f3n do PP sigue sendo hostil \u00e1 memoria hist\u00f3rica?<\/strong><\/p>\n\n\n\n<blockquote class=\"wp-block-quote is-layout-flow wp-block-quote-is-layout-flow\">\n<p>Absolutamente. En Galicia penso que algo menos porque hai xente do PP que sabe o que pasou porque sucedeu na s\u00faa propia familia pero, publicamente, por est\u00e9tica, non son belixerantes. A Memoria ten unha utilidade determinada para entender o sucedido, e o que fixo o PP co departamento de memoria hist\u00f3rica da DEPO \u00e9 lamentable.<\/p>\n<\/blockquote>\n\n\n\n<p><strong>Para acabar: queremos saber a t\u00faa opini\u00f3n sobre a posici\u00f3n do alcalde de Vigo en relaci\u00f3n \u00e1 Cruz do Castro?<\/strong><\/p>\n\n\n\n<blockquote class=\"wp-block-quote is-layout-flow wp-block-quote-is-layout-flow\">\n<p>Para min o alcalde de Vigo \u00e9 un desertor. Algu\u00e9n que non ten a valent\u00eda de darlle \u00e1 Memoria a utilidade que ten e, que ademais, pon un Santo na Gu\u00eda, o Sacro Coraz\u00f3n, que sabe que \u00e9 unha figura que utilizou o fascismo, ou que non retira a Cruz do Castro nun lugar especialmente preocupante, lugar que me fai dano e ins\u00faltame porque \u00e9 onde foi fusilada a mi\u00f1a familia.<\/p>\n<\/blockquote>\n","protected":false},"excerpt":{"rendered":"<div class=\"mh-excerpt\"><p>G.Figueiredo e Tino Lago. Non \u00e9 posible vivir sen memoria. Cando unha persoa enferma de alzh\u00e9imer perde os \u00faltimos f\u00edos de uni\u00f3n coa s\u00faa realidade deixa de ser para sempre xamais. A memoria \u00e9 a <a class=\"mh-excerpt-more\" href=\"https:\/\/www.anovapeneira.gal\/index.php\/2024\/10\/30\/a-familia-moreda-represaliada-polo-terror-fascista\/\" title=\"A familia Moreda represaliada polo terror fascista\">[&#8230;]<\/a><\/p>\n<\/div>","protected":false},"author":2,"featured_media":12680,"comment_status":"open","ping_status":"open","sticky":false,"template":"","format":"standard","meta":{"_exactmetrics_skip_tracking":false,"_exactmetrics_sitenote_active":false,"_exactmetrics_sitenote_note":"","_exactmetrics_sitenote_category":0,"footnotes":""},"categories":[19],"tags":[227],"class_list":{"0":"post-12677","1":"post","2":"type-post","3":"status-publish","4":"format-standard","5":"has-post-thumbnail","7":"category-vigo","8":"tag-concello-de-vigo"},"yoast_head":"<!-- This site is optimized with the Yoast SEO plugin v27.4 - https:\/\/yoast.com\/product\/yoast-seo-wordpress\/ -->\n<title>A familia Moreda represaliada polo terror fascista -<\/title>\n<meta name=\"robots\" content=\"index, follow, max-snippet:-1, max-image-preview:large, max-video-preview:-1\" \/>\n<link rel=\"canonical\" href=\"https:\/\/www.anovapeneira.gal\/index.php\/2024\/10\/30\/a-familia-moreda-represaliada-polo-terror-fascista\/\" \/>\n<meta property=\"og:locale\" content=\"gl_ES\" \/>\n<meta property=\"og:type\" content=\"article\" \/>\n<meta property=\"og:title\" content=\"A familia Moreda represaliada polo terror fascista -\" \/>\n<meta property=\"og:description\" content=\"G.Figueiredo e Tino Lago. Non \u00e9 posible vivir sen memoria. Cando unha persoa enferma de alzh\u00e9imer perde os \u00faltimos f\u00edos de uni\u00f3n coa s\u00faa realidade deixa de ser para sempre xamais. A memoria \u00e9 a [...]\" \/>\n<meta property=\"og:url\" content=\"https:\/\/www.anovapeneira.gal\/index.php\/2024\/10\/30\/a-familia-moreda-represaliada-polo-terror-fascista\/\" \/>\n<meta property=\"article:publisher\" content=\"https:\/\/www.facebook.com\/anovapeneira\" \/>\n<meta property=\"article:published_time\" content=\"2024-10-30T09:00:39+00:00\" \/>\n<meta property=\"og:image\" content=\"https:\/\/www.anovapeneira.gal\/wp-content\/uploads\/2024\/10\/javier_moreda.jpg\" \/>\n\t<meta property=\"og:image:width\" content=\"720\" \/>\n\t<meta property=\"og:image:height\" content=\"432\" \/>\n\t<meta property=\"og:image:type\" content=\"image\/jpeg\" \/>\n<meta name=\"author\" content=\"Tino Lago\" \/>\n<meta name=\"twitter:card\" content=\"summary_large_image\" \/>\n<meta name=\"twitter:creator\" content=\"@APeneira\" \/>\n<meta name=\"twitter:site\" content=\"@APeneira\" \/>\n<meta name=\"twitter:label1\" content=\"Escrito por\" \/>\n\t<meta name=\"twitter:data1\" content=\"Tino Lago\" \/>\n\t<meta name=\"twitter:label2\" content=\"Tempo de lectura\" \/>\n\t<meta name=\"twitter:data2\" content=\"4 minutos\" \/>\n<script type=\"application\/ld+json\" class=\"yoast-schema-graph\">{\"@context\":\"https:\\\/\\\/schema.org\",\"@graph\":[{\"@type\":\"Article\",\"@id\":\"https:\\\/\\\/www.anovapeneira.gal\\\/index.php\\\/2024\\\/10\\\/30\\\/a-familia-moreda-represaliada-polo-terror-fascista\\\/#article\",\"isPartOf\":{\"@id\":\"https:\\\/\\\/www.anovapeneira.gal\\\/index.php\\\/2024\\\/10\\\/30\\\/a-familia-moreda-represaliada-polo-terror-fascista\\\/\"},\"author\":{\"name\":\"Tino Lago\",\"@id\":\"https:\\\/\\\/www.anovapeneira.gal\\\/#\\\/schema\\\/person\\\/424dfe65e3070fd8a44d22d2c088762a\"},\"headline\":\"A familia Moreda represaliada polo terror fascista\",\"datePublished\":\"2024-10-30T09:00:39+00:00\",\"mainEntityOfPage\":{\"@id\":\"https:\\\/\\\/www.anovapeneira.gal\\\/index.php\\\/2024\\\/10\\\/30\\\/a-familia-moreda-represaliada-polo-terror-fascista\\\/\"},\"wordCount\":2017,\"commentCount\":0,\"publisher\":{\"@id\":\"https:\\\/\\\/www.anovapeneira.gal\\\/#organization\"},\"image\":{\"@id\":\"https:\\\/\\\/www.anovapeneira.gal\\\/index.php\\\/2024\\\/10\\\/30\\\/a-familia-moreda-represaliada-polo-terror-fascista\\\/#primaryimage\"},\"thumbnailUrl\":\"https:\\\/\\\/www.anovapeneira.gal\\\/wp-content\\\/uploads\\\/2024\\\/10\\\/javier_moreda.jpg\",\"keywords\":[\"Concello de Vigo\"],\"articleSection\":[\"Vigo\"],\"inLanguage\":\"gl-ES\",\"potentialAction\":[{\"@type\":\"CommentAction\",\"name\":\"Comment\",\"target\":[\"https:\\\/\\\/www.anovapeneira.gal\\\/index.php\\\/2024\\\/10\\\/30\\\/a-familia-moreda-represaliada-polo-terror-fascista\\\/#respond\"]}]},{\"@type\":\"WebPage\",\"@id\":\"https:\\\/\\\/www.anovapeneira.gal\\\/index.php\\\/2024\\\/10\\\/30\\\/a-familia-moreda-represaliada-polo-terror-fascista\\\/\",\"url\":\"https:\\\/\\\/www.anovapeneira.gal\\\/index.php\\\/2024\\\/10\\\/30\\\/a-familia-moreda-represaliada-polo-terror-fascista\\\/\",\"name\":\"A familia Moreda represaliada polo terror fascista -\",\"isPartOf\":{\"@id\":\"https:\\\/\\\/www.anovapeneira.gal\\\/#website\"},\"primaryImageOfPage\":{\"@id\":\"https:\\\/\\\/www.anovapeneira.gal\\\/index.php\\\/2024\\\/10\\\/30\\\/a-familia-moreda-represaliada-polo-terror-fascista\\\/#primaryimage\"},\"image\":{\"@id\":\"https:\\\/\\\/www.anovapeneira.gal\\\/index.php\\\/2024\\\/10\\\/30\\\/a-familia-moreda-represaliada-polo-terror-fascista\\\/#primaryimage\"},\"thumbnailUrl\":\"https:\\\/\\\/www.anovapeneira.gal\\\/wp-content\\\/uploads\\\/2024\\\/10\\\/javier_moreda.jpg\",\"datePublished\":\"2024-10-30T09:00:39+00:00\",\"breadcrumb\":{\"@id\":\"https:\\\/\\\/www.anovapeneira.gal\\\/index.php\\\/2024\\\/10\\\/30\\\/a-familia-moreda-represaliada-polo-terror-fascista\\\/#breadcrumb\"},\"inLanguage\":\"gl-ES\",\"potentialAction\":[{\"@type\":\"ReadAction\",\"target\":[\"https:\\\/\\\/www.anovapeneira.gal\\\/index.php\\\/2024\\\/10\\\/30\\\/a-familia-moreda-represaliada-polo-terror-fascista\\\/\"]}]},{\"@type\":\"ImageObject\",\"inLanguage\":\"gl-ES\",\"@id\":\"https:\\\/\\\/www.anovapeneira.gal\\\/index.php\\\/2024\\\/10\\\/30\\\/a-familia-moreda-represaliada-polo-terror-fascista\\\/#primaryimage\",\"url\":\"https:\\\/\\\/www.anovapeneira.gal\\\/wp-content\\\/uploads\\\/2024\\\/10\\\/javier_moreda.jpg\",\"contentUrl\":\"https:\\\/\\\/www.anovapeneira.gal\\\/wp-content\\\/uploads\\\/2024\\\/10\\\/javier_moreda.jpg\",\"width\":720,\"height\":432,\"caption\":\"Javier Moreda\"},{\"@type\":\"BreadcrumbList\",\"@id\":\"https:\\\/\\\/www.anovapeneira.gal\\\/index.php\\\/2024\\\/10\\\/30\\\/a-familia-moreda-represaliada-polo-terror-fascista\\\/#breadcrumb\",\"itemListElement\":[{\"@type\":\"ListItem\",\"position\":1,\"name\":\"Portada\",\"item\":\"https:\\\/\\\/www.anovapeneira.gal\\\/\"},{\"@type\":\"ListItem\",\"position\":2,\"name\":\"A familia Moreda represaliada polo terror fascista\"}]},{\"@type\":\"WebSite\",\"@id\":\"https:\\\/\\\/www.anovapeneira.gal\\\/#website\",\"url\":\"https:\\\/\\\/www.anovapeneira.gal\\\/\",\"name\":\"\",\"description\":\"Xornal galego de informaci\u00f3n xeral Publicaci\u00f3n mensual de novas de Galicia e en especial dos Concellos da sur da provincia de Pontevedra.\",\"publisher\":{\"@id\":\"https:\\\/\\\/www.anovapeneira.gal\\\/#organization\"},\"potentialAction\":[{\"@type\":\"SearchAction\",\"target\":{\"@type\":\"EntryPoint\",\"urlTemplate\":\"https:\\\/\\\/www.anovapeneira.gal\\\/?s={search_term_string}\"},\"query-input\":{\"@type\":\"PropertyValueSpecification\",\"valueRequired\":true,\"valueName\":\"search_term_string\"}}],\"inLanguage\":\"gl-ES\"},{\"@type\":\"Organization\",\"@id\":\"https:\\\/\\\/www.anovapeneira.gal\\\/#organization\",\"name\":\"A Nova Peneira\",\"url\":\"https:\\\/\\\/www.anovapeneira.gal\\\/\",\"logo\":{\"@type\":\"ImageObject\",\"inLanguage\":\"gl-ES\",\"@id\":\"https:\\\/\\\/www.anovapeneira.gal\\\/#\\\/schema\\\/logo\\\/image\\\/\",\"url\":\"http:\\\/\\\/www.anovapeneira.gal\\\/wp-content\\\/uploads\\\/2019\\\/06\\\/logo_a_nova_peneira_portal_web.png\",\"contentUrl\":\"http:\\\/\\\/www.anovapeneira.gal\\\/wp-content\\\/uploads\\\/2019\\\/06\\\/logo_a_nova_peneira_portal_web.png\",\"width\":300,\"height\":100,\"caption\":\"A Nova Peneira\"},\"image\":{\"@id\":\"https:\\\/\\\/www.anovapeneira.gal\\\/#\\\/schema\\\/logo\\\/image\\\/\"},\"sameAs\":[\"https:\\\/\\\/www.facebook.com\\\/anovapeneira\",\"https:\\\/\\\/x.com\\\/APeneira\"]},{\"@type\":\"Person\",\"@id\":\"https:\\\/\\\/www.anovapeneira.gal\\\/#\\\/schema\\\/person\\\/424dfe65e3070fd8a44d22d2c088762a\",\"name\":\"Tino Lago\",\"image\":{\"@type\":\"ImageObject\",\"inLanguage\":\"gl-ES\",\"@id\":\"https:\\\/\\\/secure.gravatar.com\\\/avatar\\\/b3df6a06e44bab3111583b90f0f33a0379ee5e3d22cbadd232d39f21c30c62be?s=96&d=mm&r=g\",\"url\":\"https:\\\/\\\/secure.gravatar.com\\\/avatar\\\/b3df6a06e44bab3111583b90f0f33a0379ee5e3d22cbadd232d39f21c30c62be?s=96&d=mm&r=g\",\"contentUrl\":\"https:\\\/\\\/secure.gravatar.com\\\/avatar\\\/b3df6a06e44bab3111583b90f0f33a0379ee5e3d22cbadd232d39f21c30c62be?s=96&d=mm&r=g\",\"caption\":\"Tino Lago\"},\"sameAs\":[\"http:\\\/\\\/www.anovapeneira.gal\"],\"url\":\"https:\\\/\\\/www.anovapeneira.gal\\\/index.php\\\/author\\\/director\\\/\"}]}<\/script>\n<!-- \/ Yoast SEO plugin. -->","yoast_head_json":{"title":"A familia Moreda represaliada polo terror fascista -","robots":{"index":"index","follow":"follow","max-snippet":"max-snippet:-1","max-image-preview":"max-image-preview:large","max-video-preview":"max-video-preview:-1"},"canonical":"https:\/\/www.anovapeneira.gal\/index.php\/2024\/10\/30\/a-familia-moreda-represaliada-polo-terror-fascista\/","og_locale":"gl_ES","og_type":"article","og_title":"A familia Moreda represaliada polo terror fascista -","og_description":"G.Figueiredo e Tino Lago. Non \u00e9 posible vivir sen memoria. Cando unha persoa enferma de alzh\u00e9imer perde os \u00faltimos f\u00edos de uni\u00f3n coa s\u00faa realidade deixa de ser para sempre xamais. A memoria \u00e9 a [...]","og_url":"https:\/\/www.anovapeneira.gal\/index.php\/2024\/10\/30\/a-familia-moreda-represaliada-polo-terror-fascista\/","article_publisher":"https:\/\/www.facebook.com\/anovapeneira","article_published_time":"2024-10-30T09:00:39+00:00","og_image":[{"width":720,"height":432,"url":"https:\/\/www.anovapeneira.gal\/wp-content\/uploads\/2024\/10\/javier_moreda.jpg","type":"image\/jpeg"}],"author":"Tino Lago","twitter_card":"summary_large_image","twitter_creator":"@APeneira","twitter_site":"@APeneira","twitter_misc":{"Escrito por":"Tino Lago","Tempo de lectura":"4 minutos"},"schema":{"@context":"https:\/\/schema.org","@graph":[{"@type":"Article","@id":"https:\/\/www.anovapeneira.gal\/index.php\/2024\/10\/30\/a-familia-moreda-represaliada-polo-terror-fascista\/#article","isPartOf":{"@id":"https:\/\/www.anovapeneira.gal\/index.php\/2024\/10\/30\/a-familia-moreda-represaliada-polo-terror-fascista\/"},"author":{"name":"Tino Lago","@id":"https:\/\/www.anovapeneira.gal\/#\/schema\/person\/424dfe65e3070fd8a44d22d2c088762a"},"headline":"A familia Moreda represaliada polo terror fascista","datePublished":"2024-10-30T09:00:39+00:00","mainEntityOfPage":{"@id":"https:\/\/www.anovapeneira.gal\/index.php\/2024\/10\/30\/a-familia-moreda-represaliada-polo-terror-fascista\/"},"wordCount":2017,"commentCount":0,"publisher":{"@id":"https:\/\/www.anovapeneira.gal\/#organization"},"image":{"@id":"https:\/\/www.anovapeneira.gal\/index.php\/2024\/10\/30\/a-familia-moreda-represaliada-polo-terror-fascista\/#primaryimage"},"thumbnailUrl":"https:\/\/www.anovapeneira.gal\/wp-content\/uploads\/2024\/10\/javier_moreda.jpg","keywords":["Concello de Vigo"],"articleSection":["Vigo"],"inLanguage":"gl-ES","potentialAction":[{"@type":"CommentAction","name":"Comment","target":["https:\/\/www.anovapeneira.gal\/index.php\/2024\/10\/30\/a-familia-moreda-represaliada-polo-terror-fascista\/#respond"]}]},{"@type":"WebPage","@id":"https:\/\/www.anovapeneira.gal\/index.php\/2024\/10\/30\/a-familia-moreda-represaliada-polo-terror-fascista\/","url":"https:\/\/www.anovapeneira.gal\/index.php\/2024\/10\/30\/a-familia-moreda-represaliada-polo-terror-fascista\/","name":"A familia Moreda represaliada polo terror fascista -","isPartOf":{"@id":"https:\/\/www.anovapeneira.gal\/#website"},"primaryImageOfPage":{"@id":"https:\/\/www.anovapeneira.gal\/index.php\/2024\/10\/30\/a-familia-moreda-represaliada-polo-terror-fascista\/#primaryimage"},"image":{"@id":"https:\/\/www.anovapeneira.gal\/index.php\/2024\/10\/30\/a-familia-moreda-represaliada-polo-terror-fascista\/#primaryimage"},"thumbnailUrl":"https:\/\/www.anovapeneira.gal\/wp-content\/uploads\/2024\/10\/javier_moreda.jpg","datePublished":"2024-10-30T09:00:39+00:00","breadcrumb":{"@id":"https:\/\/www.anovapeneira.gal\/index.php\/2024\/10\/30\/a-familia-moreda-represaliada-polo-terror-fascista\/#breadcrumb"},"inLanguage":"gl-ES","potentialAction":[{"@type":"ReadAction","target":["https:\/\/www.anovapeneira.gal\/index.php\/2024\/10\/30\/a-familia-moreda-represaliada-polo-terror-fascista\/"]}]},{"@type":"ImageObject","inLanguage":"gl-ES","@id":"https:\/\/www.anovapeneira.gal\/index.php\/2024\/10\/30\/a-familia-moreda-represaliada-polo-terror-fascista\/#primaryimage","url":"https:\/\/www.anovapeneira.gal\/wp-content\/uploads\/2024\/10\/javier_moreda.jpg","contentUrl":"https:\/\/www.anovapeneira.gal\/wp-content\/uploads\/2024\/10\/javier_moreda.jpg","width":720,"height":432,"caption":"Javier Moreda"},{"@type":"BreadcrumbList","@id":"https:\/\/www.anovapeneira.gal\/index.php\/2024\/10\/30\/a-familia-moreda-represaliada-polo-terror-fascista\/#breadcrumb","itemListElement":[{"@type":"ListItem","position":1,"name":"Portada","item":"https:\/\/www.anovapeneira.gal\/"},{"@type":"ListItem","position":2,"name":"A familia Moreda represaliada polo terror fascista"}]},{"@type":"WebSite","@id":"https:\/\/www.anovapeneira.gal\/#website","url":"https:\/\/www.anovapeneira.gal\/","name":"","description":"Xornal galego de informaci\u00f3n xeral Publicaci\u00f3n mensual de novas de Galicia e en especial dos Concellos da sur da provincia de Pontevedra.","publisher":{"@id":"https:\/\/www.anovapeneira.gal\/#organization"},"potentialAction":[{"@type":"SearchAction","target":{"@type":"EntryPoint","urlTemplate":"https:\/\/www.anovapeneira.gal\/?s={search_term_string}"},"query-input":{"@type":"PropertyValueSpecification","valueRequired":true,"valueName":"search_term_string"}}],"inLanguage":"gl-ES"},{"@type":"Organization","@id":"https:\/\/www.anovapeneira.gal\/#organization","name":"A Nova Peneira","url":"https:\/\/www.anovapeneira.gal\/","logo":{"@type":"ImageObject","inLanguage":"gl-ES","@id":"https:\/\/www.anovapeneira.gal\/#\/schema\/logo\/image\/","url":"http:\/\/www.anovapeneira.gal\/wp-content\/uploads\/2019\/06\/logo_a_nova_peneira_portal_web.png","contentUrl":"http:\/\/www.anovapeneira.gal\/wp-content\/uploads\/2019\/06\/logo_a_nova_peneira_portal_web.png","width":300,"height":100,"caption":"A Nova Peneira"},"image":{"@id":"https:\/\/www.anovapeneira.gal\/#\/schema\/logo\/image\/"},"sameAs":["https:\/\/www.facebook.com\/anovapeneira","https:\/\/x.com\/APeneira"]},{"@type":"Person","@id":"https:\/\/www.anovapeneira.gal\/#\/schema\/person\/424dfe65e3070fd8a44d22d2c088762a","name":"Tino Lago","image":{"@type":"ImageObject","inLanguage":"gl-ES","@id":"https:\/\/secure.gravatar.com\/avatar\/b3df6a06e44bab3111583b90f0f33a0379ee5e3d22cbadd232d39f21c30c62be?s=96&d=mm&r=g","url":"https:\/\/secure.gravatar.com\/avatar\/b3df6a06e44bab3111583b90f0f33a0379ee5e3d22cbadd232d39f21c30c62be?s=96&d=mm&r=g","contentUrl":"https:\/\/secure.gravatar.com\/avatar\/b3df6a06e44bab3111583b90f0f33a0379ee5e3d22cbadd232d39f21c30c62be?s=96&d=mm&r=g","caption":"Tino Lago"},"sameAs":["http:\/\/www.anovapeneira.gal"],"url":"https:\/\/www.anovapeneira.gal\/index.php\/author\/director\/"}]}},"jetpack_featured_media_url":"https:\/\/www.anovapeneira.gal\/wp-content\/uploads\/2024\/10\/javier_moreda.jpg","_links":{"self":[{"href":"https:\/\/www.anovapeneira.gal\/index.php\/wp-json\/wp\/v2\/posts\/12677","targetHints":{"allow":["GET"]}}],"collection":[{"href":"https:\/\/www.anovapeneira.gal\/index.php\/wp-json\/wp\/v2\/posts"}],"about":[{"href":"https:\/\/www.anovapeneira.gal\/index.php\/wp-json\/wp\/v2\/types\/post"}],"author":[{"embeddable":true,"href":"https:\/\/www.anovapeneira.gal\/index.php\/wp-json\/wp\/v2\/users\/2"}],"replies":[{"embeddable":true,"href":"https:\/\/www.anovapeneira.gal\/index.php\/wp-json\/wp\/v2\/comments?post=12677"}],"version-history":[{"count":2,"href":"https:\/\/www.anovapeneira.gal\/index.php\/wp-json\/wp\/v2\/posts\/12677\/revisions"}],"predecessor-version":[{"id":12679,"href":"https:\/\/www.anovapeneira.gal\/index.php\/wp-json\/wp\/v2\/posts\/12677\/revisions\/12679"}],"wp:featuredmedia":[{"embeddable":true,"href":"https:\/\/www.anovapeneira.gal\/index.php\/wp-json\/wp\/v2\/media\/12680"}],"wp:attachment":[{"href":"https:\/\/www.anovapeneira.gal\/index.php\/wp-json\/wp\/v2\/media?parent=12677"}],"wp:term":[{"taxonomy":"category","embeddable":true,"href":"https:\/\/www.anovapeneira.gal\/index.php\/wp-json\/wp\/v2\/categories?post=12677"},{"taxonomy":"post_tag","embeddable":true,"href":"https:\/\/www.anovapeneira.gal\/index.php\/wp-json\/wp\/v2\/tags?post=12677"}],"curies":[{"name":"wp","href":"https:\/\/api.w.org\/{rel}","templated":true}]}}