{"id":12681,"date":"2024-10-30T12:00:46","date_gmt":"2024-10-30T11:00:46","guid":{"rendered":"https:\/\/www.anovapeneira.gal\/?p=12681"},"modified":"2024-10-24T19:37:08","modified_gmt":"2024-10-24T17:37:08","slug":"soprarei-e-soprarei-e-a-tua-casa-derribarei","status":"publish","type":"post","link":"https:\/\/www.anovapeneira.gal\/index.php\/2024\/10\/30\/soprarei-e-soprarei-e-a-tua-casa-derribarei\/","title":{"rendered":"Soprarei e soprarei e a t\u00faa casa derribarei"},"content":{"rendered":"\n<pre class=\"wp-block-preformatted\">Marta PP A Ca\u00f1iza<\/pre>\n\n\n\n<p>Outubro \u00e9 un mes \u201cdez\u201d. O cambio de estaci\u00f3n, as choivas, as riadas, o vento, os furac\u00e1ns, os caleiros rotos, as tellas nos cap\u00f3s dos coches, follas e ourizos dos casta\u00f1os cubrindo as estradas, \u00e1rbores arrincadas ocupando os carr\u00eds das autov\u00edas, hortas desfeitas, a froita de tempada podre\u2026 se est\u00e1s lendo isto, de seguro xa colliches a iron\u00eda.<\/p>\n\n\n\n<p>Despois de tanto incendio, parece un \u201cchiste\u201d toda a auga que leva ca\u00eddo, as\u00ed, sen m\u00e1is. Sen que ning\u00fan helic\u00f3ptero ou avioneta tivera que achicar ningunha balsada de auga.<\/p>\n\n\n\n<p>Entre lumes e temporais, as nosas vivendas xa sofren o seu. Se abriches a carteira primeiro e tes un bo seguro, xa vas contento. Resignado, pero contento. Se non, a carteira terala que abrir despois.<\/p>\n\n\n\n<p>A natureza, que non perdoa.<\/p>\n\n\n\n<p>Pero iso non \u00e9 todo. Outubro \u00e9 un mes que moitos de n\u00f3s non queremos que se apure en chegar. E que ata nolo anuncia o concello, xa no mes de Setembro! Quen non recibiu esa mensaxe no tel\u00e9fono m\u00f3bil? <em>\u201cO vindeiro d\u00eda \u201cx\u201d do vindeiro mes de Outubro, cargar\u00e1selle na s\u00faa conta bancaria o recibo correspondente ao IBI\u201d.<\/em> Marabilloso! De repente un calafr\u00edo de pracer percorre o noso corpo coa emoci\u00f3n. Aqu\u00ed a segunda iron\u00eda. E volta a abrir a carteira!<\/p>\n\n\n\n<p>E este ano con suplemento!, para cubrir as falcatruadas de catro coitados sen ningunha mala idea. Terceira iron\u00eda.<\/p>\n\n\n\n<p>Xusto cando m\u00e1is revalorizada est\u00e1 a vivenda no noso concello! Se mercaches unha vivenda hai dez anos e a vendes agora, podes ga\u00f1ar ata un cincuenta por cento m\u00e1is! Cuarta iron\u00eda.<\/p>\n\n\n\n<p>\u00c9 normal esa revalorizaci\u00f3n espectacular: abren cada d\u00eda m\u00e1is locais, a hostalar\u00eda medra exponencialmente, ao padr\u00f3n municipal xa case non lle quedan follas para seguir anotando xente (de forma legal eh! nada de ama\u00f1os para sumar votos nas elecci\u00f3ns, ou para outros menesteres\u2026), as r\u00faas nunca estiveron m\u00e1is limpas e os servizos son moi variados e baratos\u2026 Quinta iron\u00eda.<\/p>\n\n\n\n<p>E mentres, n\u00f3s, ti e m\u00e1is eu, coma os tres porqui\u00f1os. Esperando agochados nun recuncho, mentres o lobo do se\u00f1or rexedor municipal, vai polas portas das nosas casas, berrando: \u00a1 soprarei e soprarei, e a t\u00faa casa derribarei!<\/p>\n\n\n\n<p>De todas formas, podedes estar tranquilos, porque Outubro tam\u00e9n \u00e9 o mes no que se van a aprobar m\u00e1is subidas de taxas municipais no pleno da nosa vila. T\u00e9\u00f1eno que facer rapidi\u00f1o, non vaia a ser que se lles pasen os prazos e non poidamos seguir contribu\u00edndo a tempo con todas as melloras que se est\u00e1n levando a cabo en cada recuncho do t\u00e9rmino municipal. Sexta iron\u00eda\u2026<\/p>\n\n\n\n<p>A verdade \u00e9 que non podemos estar en mellores mans, e aqu\u00ed remato coa \u00faltima iron\u00eda polo de agora, porque deixando os contos infant\u00eds a un lado, a realidade \u00e9 que levamos un ano pagando m\u00e1is impostos ca nunca, incluso taxas novas que nunca antes se ti\u00f1an pagado, nun momento no que a vivenda se atopa nunha fase de depreciaci\u00f3n sen precedentes, por mor da falta de servizos (que xa nin punto limpo temos!) e da falta de mantemento total das nove parroquias, entre outros moitos motivos.<\/p>\n\n\n\n<p>Xa non pagamos impostos e taxas para manter e mellorar servizos nin infraestruturas. Agora fac\u00e9molo para tapar as artima\u00f1as do goberno local, que se queixa permanentemente dunha situaci\u00f3n econ\u00f3mica nefasta, que casualmente afecta a todas as instancias, exceptuando os soldos destes gobernantes traballadores e involucrados coas necesidades dos veci\u00f1os e que tan ben nos amparan. Iron\u00eda? \u00c9 moi probable\u2026<\/p>\n\n\n\n<p>Contra as desgrazas dos desastres naturais non podemos facer nada, pero\u2026 tendo lobos sopradores de petos, a\u00ednda queda algu\u00e9n a quen lle guste que lle sigan contando contos? Iron\u00eda? Asegurada.<\/p>\n","protected":false},"excerpt":{"rendered":"<div class=\"mh-excerpt\"><p>Marta PP A Ca\u00f1iza Outubro \u00e9 un mes \u201cdez\u201d. O cambio de estaci\u00f3n, as choivas, as riadas, o vento, os furac\u00e1ns, os caleiros rotos, as tellas nos cap\u00f3s dos coches, follas e ourizos dos casta\u00f1os <a class=\"mh-excerpt-more\" href=\"https:\/\/www.anovapeneira.gal\/index.php\/2024\/10\/30\/soprarei-e-soprarei-e-a-tua-casa-derribarei\/\" title=\"Soprarei e soprarei e a t\u00faa casa derribarei\">[&#8230;]<\/a><\/p>\n<\/div>","protected":false},"author":12,"featured_media":10448,"comment_status":"open","ping_status":"open","sticky":false,"template":"","format":"standard","meta":{"_exactmetrics_skip_tracking":false,"_exactmetrics_sitenote_active":false,"_exactmetrics_sitenote_note":"","_exactmetrics_sitenote_category":0,"footnotes":""},"categories":[7],"tags":[867],"class_list":{"0":"post-12681","1":"post","2":"type-post","3":"status-publish","4":"format-standard","5":"has-post-thumbnail","7":"category-artigos-de-opinion","8":"tag-concello-da-caniza"},"yoast_head":"<!-- This site is optimized with the Yoast SEO plugin v27.4 - https:\/\/yoast.com\/product\/yoast-seo-wordpress\/ -->\n<title>Soprarei e soprarei e a t\u00faa casa derribarei -<\/title>\n<meta name=\"robots\" content=\"index, follow, max-snippet:-1, max-image-preview:large, max-video-preview:-1\" \/>\n<link rel=\"canonical\" href=\"https:\/\/www.anovapeneira.gal\/index.php\/2024\/10\/30\/soprarei-e-soprarei-e-a-tua-casa-derribarei\/\" \/>\n<meta property=\"og:locale\" content=\"gl_ES\" \/>\n<meta property=\"og:type\" content=\"article\" \/>\n<meta property=\"og:title\" content=\"Soprarei e soprarei e a t\u00faa casa derribarei -\" \/>\n<meta property=\"og:description\" content=\"Marta PP A Ca\u00f1iza Outubro \u00e9 un mes \u201cdez\u201d. O cambio de estaci\u00f3n, as choivas, as riadas, o vento, os furac\u00e1ns, os caleiros rotos, as tellas nos cap\u00f3s dos coches, follas e ourizos dos casta\u00f1os [...]\" \/>\n<meta property=\"og:url\" content=\"https:\/\/www.anovapeneira.gal\/index.php\/2024\/10\/30\/soprarei-e-soprarei-e-a-tua-casa-derribarei\/\" \/>\n<meta property=\"article:publisher\" content=\"https:\/\/www.facebook.com\/anovapeneira\" \/>\n<meta property=\"article:published_time\" content=\"2024-10-30T11:00:46+00:00\" \/>\n<meta property=\"og:image\" content=\"https:\/\/www.anovapeneira.gal\/wp-content\/uploads\/2023\/09\/marta_pp_caniza.jpg\" \/>\n\t<meta property=\"og:image:width\" content=\"720\" \/>\n\t<meta property=\"og:image:height\" content=\"432\" \/>\n\t<meta property=\"og:image:type\" content=\"image\/jpeg\" \/>\n<meta name=\"author\" content=\"Artigos Opini\u00f3n\" \/>\n<meta name=\"twitter:card\" content=\"summary_large_image\" \/>\n<meta name=\"twitter:creator\" content=\"@APeneira\" \/>\n<meta name=\"twitter:site\" content=\"@APeneira\" \/>\n<meta name=\"twitter:label1\" content=\"Escrito por\" \/>\n\t<meta name=\"twitter:data1\" content=\"Artigos Opini\u00f3n\" \/>\n\t<meta name=\"twitter:label2\" content=\"Tempo de lectura\" \/>\n\t<meta name=\"twitter:data2\" content=\"4 minutos\" \/>\n<script type=\"application\/ld+json\" class=\"yoast-schema-graph\">{\"@context\":\"https:\\\/\\\/schema.org\",\"@graph\":[{\"@type\":\"Article\",\"@id\":\"https:\\\/\\\/www.anovapeneira.gal\\\/index.php\\\/2024\\\/10\\\/30\\\/soprarei-e-soprarei-e-a-tua-casa-derribarei\\\/#article\",\"isPartOf\":{\"@id\":\"https:\\\/\\\/www.anovapeneira.gal\\\/index.php\\\/2024\\\/10\\\/30\\\/soprarei-e-soprarei-e-a-tua-casa-derribarei\\\/\"},\"author\":{\"name\":\"Artigos Opini\u00f3n\",\"@id\":\"https:\\\/\\\/www.anovapeneira.gal\\\/#\\\/schema\\\/person\\\/f18a4feb302e8f20bcef4490b5b60bb3\"},\"headline\":\"Soprarei e soprarei e a t\u00faa casa derribarei\",\"datePublished\":\"2024-10-30T11:00:46+00:00\",\"mainEntityOfPage\":{\"@id\":\"https:\\\/\\\/www.anovapeneira.gal\\\/index.php\\\/2024\\\/10\\\/30\\\/soprarei-e-soprarei-e-a-tua-casa-derribarei\\\/\"},\"wordCount\":661,\"commentCount\":0,\"publisher\":{\"@id\":\"https:\\\/\\\/www.anovapeneira.gal\\\/#organization\"},\"image\":{\"@id\":\"https:\\\/\\\/www.anovapeneira.gal\\\/index.php\\\/2024\\\/10\\\/30\\\/soprarei-e-soprarei-e-a-tua-casa-derribarei\\\/#primaryimage\"},\"thumbnailUrl\":\"https:\\\/\\\/www.anovapeneira.gal\\\/wp-content\\\/uploads\\\/2023\\\/09\\\/marta_pp_caniza.jpg\",\"keywords\":[\"Concello da Ca\u00f1iza\"],\"articleSection\":[\"Artigos de opini\u00f3n\"],\"inLanguage\":\"gl-ES\",\"potentialAction\":[{\"@type\":\"CommentAction\",\"name\":\"Comment\",\"target\":[\"https:\\\/\\\/www.anovapeneira.gal\\\/index.php\\\/2024\\\/10\\\/30\\\/soprarei-e-soprarei-e-a-tua-casa-derribarei\\\/#respond\"]}]},{\"@type\":\"WebPage\",\"@id\":\"https:\\\/\\\/www.anovapeneira.gal\\\/index.php\\\/2024\\\/10\\\/30\\\/soprarei-e-soprarei-e-a-tua-casa-derribarei\\\/\",\"url\":\"https:\\\/\\\/www.anovapeneira.gal\\\/index.php\\\/2024\\\/10\\\/30\\\/soprarei-e-soprarei-e-a-tua-casa-derribarei\\\/\",\"name\":\"Soprarei e soprarei e a t\u00faa casa derribarei -\",\"isPartOf\":{\"@id\":\"https:\\\/\\\/www.anovapeneira.gal\\\/#website\"},\"primaryImageOfPage\":{\"@id\":\"https:\\\/\\\/www.anovapeneira.gal\\\/index.php\\\/2024\\\/10\\\/30\\\/soprarei-e-soprarei-e-a-tua-casa-derribarei\\\/#primaryimage\"},\"image\":{\"@id\":\"https:\\\/\\\/www.anovapeneira.gal\\\/index.php\\\/2024\\\/10\\\/30\\\/soprarei-e-soprarei-e-a-tua-casa-derribarei\\\/#primaryimage\"},\"thumbnailUrl\":\"https:\\\/\\\/www.anovapeneira.gal\\\/wp-content\\\/uploads\\\/2023\\\/09\\\/marta_pp_caniza.jpg\",\"datePublished\":\"2024-10-30T11:00:46+00:00\",\"breadcrumb\":{\"@id\":\"https:\\\/\\\/www.anovapeneira.gal\\\/index.php\\\/2024\\\/10\\\/30\\\/soprarei-e-soprarei-e-a-tua-casa-derribarei\\\/#breadcrumb\"},\"inLanguage\":\"gl-ES\",\"potentialAction\":[{\"@type\":\"ReadAction\",\"target\":[\"https:\\\/\\\/www.anovapeneira.gal\\\/index.php\\\/2024\\\/10\\\/30\\\/soprarei-e-soprarei-e-a-tua-casa-derribarei\\\/\"]}]},{\"@type\":\"ImageObject\",\"inLanguage\":\"gl-ES\",\"@id\":\"https:\\\/\\\/www.anovapeneira.gal\\\/index.php\\\/2024\\\/10\\\/30\\\/soprarei-e-soprarei-e-a-tua-casa-derribarei\\\/#primaryimage\",\"url\":\"https:\\\/\\\/www.anovapeneira.gal\\\/wp-content\\\/uploads\\\/2023\\\/09\\\/marta_pp_caniza.jpg\",\"contentUrl\":\"https:\\\/\\\/www.anovapeneira.gal\\\/wp-content\\\/uploads\\\/2023\\\/09\\\/marta_pp_caniza.jpg\",\"width\":720,\"height\":432,\"caption\":\"Marta Rodr\u00edguez M\u00e1rquez Secretaria do PP de A Ca\u00f1iza\"},{\"@type\":\"BreadcrumbList\",\"@id\":\"https:\\\/\\\/www.anovapeneira.gal\\\/index.php\\\/2024\\\/10\\\/30\\\/soprarei-e-soprarei-e-a-tua-casa-derribarei\\\/#breadcrumb\",\"itemListElement\":[{\"@type\":\"ListItem\",\"position\":1,\"name\":\"Portada\",\"item\":\"https:\\\/\\\/www.anovapeneira.gal\\\/\"},{\"@type\":\"ListItem\",\"position\":2,\"name\":\"Soprarei e soprarei e a t\u00faa casa derribarei\"}]},{\"@type\":\"WebSite\",\"@id\":\"https:\\\/\\\/www.anovapeneira.gal\\\/#website\",\"url\":\"https:\\\/\\\/www.anovapeneira.gal\\\/\",\"name\":\"\",\"description\":\"Xornal galego de informaci\u00f3n xeral Publicaci\u00f3n mensual de novas de Galicia e en especial dos Concellos da sur da provincia de Pontevedra.\",\"publisher\":{\"@id\":\"https:\\\/\\\/www.anovapeneira.gal\\\/#organization\"},\"potentialAction\":[{\"@type\":\"SearchAction\",\"target\":{\"@type\":\"EntryPoint\",\"urlTemplate\":\"https:\\\/\\\/www.anovapeneira.gal\\\/?s={search_term_string}\"},\"query-input\":{\"@type\":\"PropertyValueSpecification\",\"valueRequired\":true,\"valueName\":\"search_term_string\"}}],\"inLanguage\":\"gl-ES\"},{\"@type\":\"Organization\",\"@id\":\"https:\\\/\\\/www.anovapeneira.gal\\\/#organization\",\"name\":\"A Nova Peneira\",\"url\":\"https:\\\/\\\/www.anovapeneira.gal\\\/\",\"logo\":{\"@type\":\"ImageObject\",\"inLanguage\":\"gl-ES\",\"@id\":\"https:\\\/\\\/www.anovapeneira.gal\\\/#\\\/schema\\\/logo\\\/image\\\/\",\"url\":\"http:\\\/\\\/www.anovapeneira.gal\\\/wp-content\\\/uploads\\\/2019\\\/06\\\/logo_a_nova_peneira_portal_web.png\",\"contentUrl\":\"http:\\\/\\\/www.anovapeneira.gal\\\/wp-content\\\/uploads\\\/2019\\\/06\\\/logo_a_nova_peneira_portal_web.png\",\"width\":300,\"height\":100,\"caption\":\"A Nova Peneira\"},\"image\":{\"@id\":\"https:\\\/\\\/www.anovapeneira.gal\\\/#\\\/schema\\\/logo\\\/image\\\/\"},\"sameAs\":[\"https:\\\/\\\/www.facebook.com\\\/anovapeneira\",\"https:\\\/\\\/x.com\\\/APeneira\"]},{\"@type\":\"Person\",\"@id\":\"https:\\\/\\\/www.anovapeneira.gal\\\/#\\\/schema\\\/person\\\/f18a4feb302e8f20bcef4490b5b60bb3\",\"name\":\"Artigos Opini\u00f3n\",\"image\":{\"@type\":\"ImageObject\",\"inLanguage\":\"gl-ES\",\"@id\":\"https:\\\/\\\/secure.gravatar.com\\\/avatar\\\/072844300f4881150aee2da4278f7a65d16eefdf8262eb67085f1e702de2b959?s=96&d=mm&r=g\",\"url\":\"https:\\\/\\\/secure.gravatar.com\\\/avatar\\\/072844300f4881150aee2da4278f7a65d16eefdf8262eb67085f1e702de2b959?s=96&d=mm&r=g\",\"contentUrl\":\"https:\\\/\\\/secure.gravatar.com\\\/avatar\\\/072844300f4881150aee2da4278f7a65d16eefdf8262eb67085f1e702de2b959?s=96&d=mm&r=g\",\"caption\":\"Artigos Opini\u00f3n\"},\"sameAs\":[\"http:\\\/\\\/anovapeneira.gal\"],\"url\":\"https:\\\/\\\/www.anovapeneira.gal\\\/index.php\\\/author\\\/artigosopinion\\\/\"}]}<\/script>\n<!-- \/ Yoast SEO plugin. -->","yoast_head_json":{"title":"Soprarei e soprarei e a t\u00faa casa derribarei -","robots":{"index":"index","follow":"follow","max-snippet":"max-snippet:-1","max-image-preview":"max-image-preview:large","max-video-preview":"max-video-preview:-1"},"canonical":"https:\/\/www.anovapeneira.gal\/index.php\/2024\/10\/30\/soprarei-e-soprarei-e-a-tua-casa-derribarei\/","og_locale":"gl_ES","og_type":"article","og_title":"Soprarei e soprarei e a t\u00faa casa derribarei -","og_description":"Marta PP A Ca\u00f1iza Outubro \u00e9 un mes \u201cdez\u201d. O cambio de estaci\u00f3n, as choivas, as riadas, o vento, os furac\u00e1ns, os caleiros rotos, as tellas nos cap\u00f3s dos coches, follas e ourizos dos casta\u00f1os [...]","og_url":"https:\/\/www.anovapeneira.gal\/index.php\/2024\/10\/30\/soprarei-e-soprarei-e-a-tua-casa-derribarei\/","article_publisher":"https:\/\/www.facebook.com\/anovapeneira","article_published_time":"2024-10-30T11:00:46+00:00","og_image":[{"width":720,"height":432,"url":"https:\/\/www.anovapeneira.gal\/wp-content\/uploads\/2023\/09\/marta_pp_caniza.jpg","type":"image\/jpeg"}],"author":"Artigos Opini\u00f3n","twitter_card":"summary_large_image","twitter_creator":"@APeneira","twitter_site":"@APeneira","twitter_misc":{"Escrito por":"Artigos Opini\u00f3n","Tempo de lectura":"4 minutos"},"schema":{"@context":"https:\/\/schema.org","@graph":[{"@type":"Article","@id":"https:\/\/www.anovapeneira.gal\/index.php\/2024\/10\/30\/soprarei-e-soprarei-e-a-tua-casa-derribarei\/#article","isPartOf":{"@id":"https:\/\/www.anovapeneira.gal\/index.php\/2024\/10\/30\/soprarei-e-soprarei-e-a-tua-casa-derribarei\/"},"author":{"name":"Artigos Opini\u00f3n","@id":"https:\/\/www.anovapeneira.gal\/#\/schema\/person\/f18a4feb302e8f20bcef4490b5b60bb3"},"headline":"Soprarei e soprarei e a t\u00faa casa derribarei","datePublished":"2024-10-30T11:00:46+00:00","mainEntityOfPage":{"@id":"https:\/\/www.anovapeneira.gal\/index.php\/2024\/10\/30\/soprarei-e-soprarei-e-a-tua-casa-derribarei\/"},"wordCount":661,"commentCount":0,"publisher":{"@id":"https:\/\/www.anovapeneira.gal\/#organization"},"image":{"@id":"https:\/\/www.anovapeneira.gal\/index.php\/2024\/10\/30\/soprarei-e-soprarei-e-a-tua-casa-derribarei\/#primaryimage"},"thumbnailUrl":"https:\/\/www.anovapeneira.gal\/wp-content\/uploads\/2023\/09\/marta_pp_caniza.jpg","keywords":["Concello da Ca\u00f1iza"],"articleSection":["Artigos de opini\u00f3n"],"inLanguage":"gl-ES","potentialAction":[{"@type":"CommentAction","name":"Comment","target":["https:\/\/www.anovapeneira.gal\/index.php\/2024\/10\/30\/soprarei-e-soprarei-e-a-tua-casa-derribarei\/#respond"]}]},{"@type":"WebPage","@id":"https:\/\/www.anovapeneira.gal\/index.php\/2024\/10\/30\/soprarei-e-soprarei-e-a-tua-casa-derribarei\/","url":"https:\/\/www.anovapeneira.gal\/index.php\/2024\/10\/30\/soprarei-e-soprarei-e-a-tua-casa-derribarei\/","name":"Soprarei e soprarei e a t\u00faa casa derribarei -","isPartOf":{"@id":"https:\/\/www.anovapeneira.gal\/#website"},"primaryImageOfPage":{"@id":"https:\/\/www.anovapeneira.gal\/index.php\/2024\/10\/30\/soprarei-e-soprarei-e-a-tua-casa-derribarei\/#primaryimage"},"image":{"@id":"https:\/\/www.anovapeneira.gal\/index.php\/2024\/10\/30\/soprarei-e-soprarei-e-a-tua-casa-derribarei\/#primaryimage"},"thumbnailUrl":"https:\/\/www.anovapeneira.gal\/wp-content\/uploads\/2023\/09\/marta_pp_caniza.jpg","datePublished":"2024-10-30T11:00:46+00:00","breadcrumb":{"@id":"https:\/\/www.anovapeneira.gal\/index.php\/2024\/10\/30\/soprarei-e-soprarei-e-a-tua-casa-derribarei\/#breadcrumb"},"inLanguage":"gl-ES","potentialAction":[{"@type":"ReadAction","target":["https:\/\/www.anovapeneira.gal\/index.php\/2024\/10\/30\/soprarei-e-soprarei-e-a-tua-casa-derribarei\/"]}]},{"@type":"ImageObject","inLanguage":"gl-ES","@id":"https:\/\/www.anovapeneira.gal\/index.php\/2024\/10\/30\/soprarei-e-soprarei-e-a-tua-casa-derribarei\/#primaryimage","url":"https:\/\/www.anovapeneira.gal\/wp-content\/uploads\/2023\/09\/marta_pp_caniza.jpg","contentUrl":"https:\/\/www.anovapeneira.gal\/wp-content\/uploads\/2023\/09\/marta_pp_caniza.jpg","width":720,"height":432,"caption":"Marta Rodr\u00edguez M\u00e1rquez Secretaria do PP de A Ca\u00f1iza"},{"@type":"BreadcrumbList","@id":"https:\/\/www.anovapeneira.gal\/index.php\/2024\/10\/30\/soprarei-e-soprarei-e-a-tua-casa-derribarei\/#breadcrumb","itemListElement":[{"@type":"ListItem","position":1,"name":"Portada","item":"https:\/\/www.anovapeneira.gal\/"},{"@type":"ListItem","position":2,"name":"Soprarei e soprarei e a t\u00faa casa derribarei"}]},{"@type":"WebSite","@id":"https:\/\/www.anovapeneira.gal\/#website","url":"https:\/\/www.anovapeneira.gal\/","name":"","description":"Xornal galego de informaci\u00f3n xeral Publicaci\u00f3n mensual de novas de Galicia e en especial dos Concellos da sur da provincia de Pontevedra.","publisher":{"@id":"https:\/\/www.anovapeneira.gal\/#organization"},"potentialAction":[{"@type":"SearchAction","target":{"@type":"EntryPoint","urlTemplate":"https:\/\/www.anovapeneira.gal\/?s={search_term_string}"},"query-input":{"@type":"PropertyValueSpecification","valueRequired":true,"valueName":"search_term_string"}}],"inLanguage":"gl-ES"},{"@type":"Organization","@id":"https:\/\/www.anovapeneira.gal\/#organization","name":"A Nova Peneira","url":"https:\/\/www.anovapeneira.gal\/","logo":{"@type":"ImageObject","inLanguage":"gl-ES","@id":"https:\/\/www.anovapeneira.gal\/#\/schema\/logo\/image\/","url":"http:\/\/www.anovapeneira.gal\/wp-content\/uploads\/2019\/06\/logo_a_nova_peneira_portal_web.png","contentUrl":"http:\/\/www.anovapeneira.gal\/wp-content\/uploads\/2019\/06\/logo_a_nova_peneira_portal_web.png","width":300,"height":100,"caption":"A Nova Peneira"},"image":{"@id":"https:\/\/www.anovapeneira.gal\/#\/schema\/logo\/image\/"},"sameAs":["https:\/\/www.facebook.com\/anovapeneira","https:\/\/x.com\/APeneira"]},{"@type":"Person","@id":"https:\/\/www.anovapeneira.gal\/#\/schema\/person\/f18a4feb302e8f20bcef4490b5b60bb3","name":"Artigos Opini\u00f3n","image":{"@type":"ImageObject","inLanguage":"gl-ES","@id":"https:\/\/secure.gravatar.com\/avatar\/072844300f4881150aee2da4278f7a65d16eefdf8262eb67085f1e702de2b959?s=96&d=mm&r=g","url":"https:\/\/secure.gravatar.com\/avatar\/072844300f4881150aee2da4278f7a65d16eefdf8262eb67085f1e702de2b959?s=96&d=mm&r=g","contentUrl":"https:\/\/secure.gravatar.com\/avatar\/072844300f4881150aee2da4278f7a65d16eefdf8262eb67085f1e702de2b959?s=96&d=mm&r=g","caption":"Artigos Opini\u00f3n"},"sameAs":["http:\/\/anovapeneira.gal"],"url":"https:\/\/www.anovapeneira.gal\/index.php\/author\/artigosopinion\/"}]}},"jetpack_featured_media_url":"https:\/\/www.anovapeneira.gal\/wp-content\/uploads\/2023\/09\/marta_pp_caniza.jpg","_links":{"self":[{"href":"https:\/\/www.anovapeneira.gal\/index.php\/wp-json\/wp\/v2\/posts\/12681","targetHints":{"allow":["GET"]}}],"collection":[{"href":"https:\/\/www.anovapeneira.gal\/index.php\/wp-json\/wp\/v2\/posts"}],"about":[{"href":"https:\/\/www.anovapeneira.gal\/index.php\/wp-json\/wp\/v2\/types\/post"}],"author":[{"embeddable":true,"href":"https:\/\/www.anovapeneira.gal\/index.php\/wp-json\/wp\/v2\/users\/12"}],"replies":[{"embeddable":true,"href":"https:\/\/www.anovapeneira.gal\/index.php\/wp-json\/wp\/v2\/comments?post=12681"}],"version-history":[{"count":1,"href":"https:\/\/www.anovapeneira.gal\/index.php\/wp-json\/wp\/v2\/posts\/12681\/revisions"}],"predecessor-version":[{"id":12682,"href":"https:\/\/www.anovapeneira.gal\/index.php\/wp-json\/wp\/v2\/posts\/12681\/revisions\/12682"}],"wp:featuredmedia":[{"embeddable":true,"href":"https:\/\/www.anovapeneira.gal\/index.php\/wp-json\/wp\/v2\/media\/10448"}],"wp:attachment":[{"href":"https:\/\/www.anovapeneira.gal\/index.php\/wp-json\/wp\/v2\/media?parent=12681"}],"wp:term":[{"taxonomy":"category","embeddable":true,"href":"https:\/\/www.anovapeneira.gal\/index.php\/wp-json\/wp\/v2\/categories?post=12681"},{"taxonomy":"post_tag","embeddable":true,"href":"https:\/\/www.anovapeneira.gal\/index.php\/wp-json\/wp\/v2\/tags?post=12681"}],"curies":[{"name":"wp","href":"https:\/\/api.w.org\/{rel}","templated":true}]}}