{"id":12686,"date":"2024-10-31T12:00:56","date_gmt":"2024-10-31T11:00:56","guid":{"rendered":"https:\/\/www.anovapeneira.gal\/?p=12686"},"modified":"2024-10-28T17:52:42","modified_gmt":"2024-10-28T16:52:42","slug":"a-corrupcion-urbanistica-paraliza-a-compra-dos-terreos-para-o-centro-integral-de-saude-cis","status":"publish","type":"post","link":"https:\/\/www.anovapeneira.gal\/index.php\/2024\/10\/31\/a-corrupcion-urbanistica-paraliza-a-compra-dos-terreos-para-o-centro-integral-de-saude-cis\/","title":{"rendered":"Segundo o BNG da Guarda a corrupci\u00f3n urban\u00edstica paraliza a compra dos terreos para o centro integral de sa\u00fade (CIS)"},"content":{"rendered":"\n<p><strong>Roberto Carrero, no centro da sospeita<\/strong><\/p>\n\n\n\n<p><strong>Anxo Baz (BNG) \u201cestamos fronte a un esc\u00e1ndalo de enormes dimensi\u00f3ns que o alcalde da Guarda co\u00f1ec\u00eda cando decidiu mercar os terreos. Dous membros do goberno local eran directivos da comunidade de montes\u201d<\/strong><\/p>\n\n\n\n<p>O alcalde da Guarda, Roberto Carrero, viuse forzado a retirar da orde do d\u00eda do Pleno celebrado no d\u00eda de onte a compra dos terreos para a construci\u00f3n do Centro Integral de Sa\u00fade (CIS), diante da denuncia presentada na fiscal\u00eda pola Comunidade de Montes da Guarda, por pos\u00edbeis delitos de apropiaci\u00f3n indebida, administraci\u00f3n desleal e corrupci\u00f3n urban\u00edstica, que afectan a unha parte importante dos terreos que pretende comprar o alcalde.<\/p>\n\n\n\n<p>Anxo Baz, portavoz do BNG, afirma \u201cestamos fronte a unha desvergonza do goberno en materia urban\u00edstica que o alcalde da Guarda, Roberto Carrero, co\u00f1ec\u00eda cando decidiu a compra destes terreos, xa que dous membros da s\u00faa equipa eran co\u00f1ecedores da trama. O tenente de alcalde, Celso Fari\u00f1as, e a concelleira de Servizos Sociais, Isabel Guisande, nese momento, ocupaban os cargos de secretario e tesoureira, respectivamente, na anterior directiva da comunidade de montes, presidida por Manuel Castro \u201cLolo\u201d, propietario da empresa a nome de quen figuran agora rexistrados os terreos revalorizados para a s\u00faa venda ao Concello no 300%\u201d.<\/p>\n\n\n\n<p>O nacionalista acabou conclu\u00edndo \u201cRoberto Carrero, alcalde da Guarda, oc\u00faltalle \u00e1 cidadan\u00eda guardesa unha trama que engrosa a s\u00faa carreira, iniciada coas ilegalidades cometidas na contrataci\u00f3n do tren tur\u00edstico\u201d.<\/p>\n","protected":false},"excerpt":{"rendered":"<div class=\"mh-excerpt\"><p>Anxo Baz (BNG) \u201cestamos fronte a un esc\u00e1ndalo de enormes dimensi\u00f3ns que o alcalde da Guarda co\u00f1ec\u00eda cando decidiu mercar os terreos. Dous membros do goberno local eran directivos da comunidade de montes\u201d <a class=\"mh-excerpt-more\" href=\"https:\/\/www.anovapeneira.gal\/index.php\/2024\/10\/31\/a-corrupcion-urbanistica-paraliza-a-compra-dos-terreos-para-o-centro-integral-de-saude-cis\/\" title=\"Segundo o BNG da Guarda a corrupci\u00f3n urban\u00edstica paraliza a compra dos terreos para o centro integral de sa\u00fade (CIS)\">[&#8230;]<\/a><\/p>\n<\/div>","protected":false},"author":3,"featured_media":12687,"comment_status":"open","ping_status":"open","sticky":false,"template":"","format":"standard","meta":{"_exactmetrics_skip_tracking":false,"_exactmetrics_sitenote_active":false,"_exactmetrics_sitenote_note":"","_exactmetrics_sitenote_category":0,"footnotes":""},"categories":[21],"tags":[238],"class_list":{"0":"post-12686","1":"post","2":"type-post","3":"status-publish","4":"format-standard","5":"has-post-thumbnail","7":"category-baixo-mino","8":"tag-concello-da-guarda"},"yoast_head":"<!-- This site is optimized with the Yoast SEO plugin v27.4 - https:\/\/yoast.com\/product\/yoast-seo-wordpress\/ -->\n<title>Segundo o BNG da Guarda a corrupci\u00f3n urban\u00edstica paraliza a compra dos terreos para o centro integral de sa\u00fade (CIS) -<\/title>\n<meta name=\"robots\" content=\"index, follow, max-snippet:-1, max-image-preview:large, max-video-preview:-1\" \/>\n<link rel=\"canonical\" href=\"https:\/\/www.anovapeneira.gal\/index.php\/2024\/10\/31\/a-corrupcion-urbanistica-paraliza-a-compra-dos-terreos-para-o-centro-integral-de-saude-cis\/\" \/>\n<meta property=\"og:locale\" content=\"gl_ES\" \/>\n<meta property=\"og:type\" content=\"article\" \/>\n<meta property=\"og:title\" content=\"Segundo o BNG da Guarda a corrupci\u00f3n urban\u00edstica paraliza a compra dos terreos para o centro integral de sa\u00fade (CIS) -\" \/>\n<meta property=\"og:description\" content=\"Anxo Baz (BNG) \u201cestamos fronte a un esc\u00e1ndalo de enormes dimensi\u00f3ns que o alcalde da Guarda co\u00f1ec\u00eda cando decidiu mercar os terreos. Dous membros do goberno local eran directivos da comunidade de montes\u201d [...]\" \/>\n<meta property=\"og:url\" content=\"https:\/\/www.anovapeneira.gal\/index.php\/2024\/10\/31\/a-corrupcion-urbanistica-paraliza-a-compra-dos-terreos-para-o-centro-integral-de-saude-cis\/\" \/>\n<meta property=\"article:publisher\" content=\"https:\/\/www.facebook.com\/anovapeneira\" \/>\n<meta property=\"article:published_time\" content=\"2024-10-31T11:00:56+00:00\" \/>\n<meta property=\"og:image\" content=\"https:\/\/www.anovapeneira.gal\/wp-content\/uploads\/2024\/10\/bng_guarda.jpg\" \/>\n\t<meta property=\"og:image:width\" content=\"720\" \/>\n\t<meta property=\"og:image:height\" content=\"432\" \/>\n\t<meta property=\"og:image:type\" content=\"image\/jpeg\" \/>\n<meta name=\"author\" content=\"Redacci\u00f3n A Nova Peneira\" \/>\n<meta name=\"twitter:card\" content=\"summary_large_image\" \/>\n<meta name=\"twitter:creator\" content=\"@APeneira\" \/>\n<meta name=\"twitter:site\" content=\"@APeneira\" \/>\n<meta name=\"twitter:label1\" content=\"Escrito por\" \/>\n\t<meta name=\"twitter:data1\" content=\"Redacci\u00f3n A Nova Peneira\" \/>\n\t<meta name=\"twitter:label2\" content=\"Tempo de lectura\" \/>\n\t<meta name=\"twitter:data2\" content=\"2 minutos\" \/>\n<script type=\"application\/ld+json\" class=\"yoast-schema-graph\">{\"@context\":\"https:\\\/\\\/schema.org\",\"@graph\":[{\"@type\":\"Article\",\"@id\":\"https:\\\/\\\/www.anovapeneira.gal\\\/index.php\\\/2024\\\/10\\\/31\\\/a-corrupcion-urbanistica-paraliza-a-compra-dos-terreos-para-o-centro-integral-de-saude-cis\\\/#article\",\"isPartOf\":{\"@id\":\"https:\\\/\\\/www.anovapeneira.gal\\\/index.php\\\/2024\\\/10\\\/31\\\/a-corrupcion-urbanistica-paraliza-a-compra-dos-terreos-para-o-centro-integral-de-saude-cis\\\/\"},\"author\":{\"name\":\"Redacci\u00f3n A Nova Peneira\",\"@id\":\"https:\\\/\\\/www.anovapeneira.gal\\\/#\\\/schema\\\/person\\\/b93e3f8932e3f8da96334607eb6ac6aa\"},\"headline\":\"Segundo o BNG da Guarda a corrupci\u00f3n urban\u00edstica paraliza a compra dos terreos para o centro integral de sa\u00fade (CIS)\",\"datePublished\":\"2024-10-31T11:00:56+00:00\",\"mainEntityOfPage\":{\"@id\":\"https:\\\/\\\/www.anovapeneira.gal\\\/index.php\\\/2024\\\/10\\\/31\\\/a-corrupcion-urbanistica-paraliza-a-compra-dos-terreos-para-o-centro-integral-de-saude-cis\\\/\"},\"wordCount\":284,\"commentCount\":0,\"publisher\":{\"@id\":\"https:\\\/\\\/www.anovapeneira.gal\\\/#organization\"},\"image\":{\"@id\":\"https:\\\/\\\/www.anovapeneira.gal\\\/index.php\\\/2024\\\/10\\\/31\\\/a-corrupcion-urbanistica-paraliza-a-compra-dos-terreos-para-o-centro-integral-de-saude-cis\\\/#primaryimage\"},\"thumbnailUrl\":\"https:\\\/\\\/www.anovapeneira.gal\\\/wp-content\\\/uploads\\\/2024\\\/10\\\/bng_guarda.jpg\",\"keywords\":[\"Concello da Guarda\"],\"articleSection\":[\"Baixo Mi\u00f1o\"],\"inLanguage\":\"gl-ES\",\"potentialAction\":[{\"@type\":\"CommentAction\",\"name\":\"Comment\",\"target\":[\"https:\\\/\\\/www.anovapeneira.gal\\\/index.php\\\/2024\\\/10\\\/31\\\/a-corrupcion-urbanistica-paraliza-a-compra-dos-terreos-para-o-centro-integral-de-saude-cis\\\/#respond\"]}]},{\"@type\":\"WebPage\",\"@id\":\"https:\\\/\\\/www.anovapeneira.gal\\\/index.php\\\/2024\\\/10\\\/31\\\/a-corrupcion-urbanistica-paraliza-a-compra-dos-terreos-para-o-centro-integral-de-saude-cis\\\/\",\"url\":\"https:\\\/\\\/www.anovapeneira.gal\\\/index.php\\\/2024\\\/10\\\/31\\\/a-corrupcion-urbanistica-paraliza-a-compra-dos-terreos-para-o-centro-integral-de-saude-cis\\\/\",\"name\":\"Segundo o BNG da Guarda a corrupci\u00f3n urban\u00edstica paraliza a compra dos terreos para o centro integral de sa\u00fade (CIS) -\",\"isPartOf\":{\"@id\":\"https:\\\/\\\/www.anovapeneira.gal\\\/#website\"},\"primaryImageOfPage\":{\"@id\":\"https:\\\/\\\/www.anovapeneira.gal\\\/index.php\\\/2024\\\/10\\\/31\\\/a-corrupcion-urbanistica-paraliza-a-compra-dos-terreos-para-o-centro-integral-de-saude-cis\\\/#primaryimage\"},\"image\":{\"@id\":\"https:\\\/\\\/www.anovapeneira.gal\\\/index.php\\\/2024\\\/10\\\/31\\\/a-corrupcion-urbanistica-paraliza-a-compra-dos-terreos-para-o-centro-integral-de-saude-cis\\\/#primaryimage\"},\"thumbnailUrl\":\"https:\\\/\\\/www.anovapeneira.gal\\\/wp-content\\\/uploads\\\/2024\\\/10\\\/bng_guarda.jpg\",\"datePublished\":\"2024-10-31T11:00:56+00:00\",\"breadcrumb\":{\"@id\":\"https:\\\/\\\/www.anovapeneira.gal\\\/index.php\\\/2024\\\/10\\\/31\\\/a-corrupcion-urbanistica-paraliza-a-compra-dos-terreos-para-o-centro-integral-de-saude-cis\\\/#breadcrumb\"},\"inLanguage\":\"gl-ES\",\"potentialAction\":[{\"@type\":\"ReadAction\",\"target\":[\"https:\\\/\\\/www.anovapeneira.gal\\\/index.php\\\/2024\\\/10\\\/31\\\/a-corrupcion-urbanistica-paraliza-a-compra-dos-terreos-para-o-centro-integral-de-saude-cis\\\/\"]}]},{\"@type\":\"ImageObject\",\"inLanguage\":\"gl-ES\",\"@id\":\"https:\\\/\\\/www.anovapeneira.gal\\\/index.php\\\/2024\\\/10\\\/31\\\/a-corrupcion-urbanistica-paraliza-a-compra-dos-terreos-para-o-centro-integral-de-saude-cis\\\/#primaryimage\",\"url\":\"https:\\\/\\\/www.anovapeneira.gal\\\/wp-content\\\/uploads\\\/2024\\\/10\\\/bng_guarda.jpg\",\"contentUrl\":\"https:\\\/\\\/www.anovapeneira.gal\\\/wp-content\\\/uploads\\\/2024\\\/10\\\/bng_guarda.jpg\",\"width\":720,\"height\":432,\"caption\":\"Anxo Baz (BNG)\"},{\"@type\":\"BreadcrumbList\",\"@id\":\"https:\\\/\\\/www.anovapeneira.gal\\\/index.php\\\/2024\\\/10\\\/31\\\/a-corrupcion-urbanistica-paraliza-a-compra-dos-terreos-para-o-centro-integral-de-saude-cis\\\/#breadcrumb\",\"itemListElement\":[{\"@type\":\"ListItem\",\"position\":1,\"name\":\"Portada\",\"item\":\"https:\\\/\\\/www.anovapeneira.gal\\\/\"},{\"@type\":\"ListItem\",\"position\":2,\"name\":\"Segundo o BNG da Guarda a corrupci\u00f3n urban\u00edstica paraliza a compra dos terreos para o centro integral de sa\u00fade (CIS)\"}]},{\"@type\":\"WebSite\",\"@id\":\"https:\\\/\\\/www.anovapeneira.gal\\\/#website\",\"url\":\"https:\\\/\\\/www.anovapeneira.gal\\\/\",\"name\":\"\",\"description\":\"Xornal galego de informaci\u00f3n xeral Publicaci\u00f3n mensual de novas de Galicia e en especial dos Concellos da sur da provincia de Pontevedra.\",\"publisher\":{\"@id\":\"https:\\\/\\\/www.anovapeneira.gal\\\/#organization\"},\"potentialAction\":[{\"@type\":\"SearchAction\",\"target\":{\"@type\":\"EntryPoint\",\"urlTemplate\":\"https:\\\/\\\/www.anovapeneira.gal\\\/?s={search_term_string}\"},\"query-input\":{\"@type\":\"PropertyValueSpecification\",\"valueRequired\":true,\"valueName\":\"search_term_string\"}}],\"inLanguage\":\"gl-ES\"},{\"@type\":\"Organization\",\"@id\":\"https:\\\/\\\/www.anovapeneira.gal\\\/#organization\",\"name\":\"A Nova Peneira\",\"url\":\"https:\\\/\\\/www.anovapeneira.gal\\\/\",\"logo\":{\"@type\":\"ImageObject\",\"inLanguage\":\"gl-ES\",\"@id\":\"https:\\\/\\\/www.anovapeneira.gal\\\/#\\\/schema\\\/logo\\\/image\\\/\",\"url\":\"http:\\\/\\\/www.anovapeneira.gal\\\/wp-content\\\/uploads\\\/2019\\\/06\\\/logo_a_nova_peneira_portal_web.png\",\"contentUrl\":\"http:\\\/\\\/www.anovapeneira.gal\\\/wp-content\\\/uploads\\\/2019\\\/06\\\/logo_a_nova_peneira_portal_web.png\",\"width\":300,\"height\":100,\"caption\":\"A Nova Peneira\"},\"image\":{\"@id\":\"https:\\\/\\\/www.anovapeneira.gal\\\/#\\\/schema\\\/logo\\\/image\\\/\"},\"sameAs\":[\"https:\\\/\\\/www.facebook.com\\\/anovapeneira\",\"https:\\\/\\\/x.com\\\/APeneira\"]},{\"@type\":\"Person\",\"@id\":\"https:\\\/\\\/www.anovapeneira.gal\\\/#\\\/schema\\\/person\\\/b93e3f8932e3f8da96334607eb6ac6aa\",\"name\":\"Redacci\u00f3n A Nova Peneira\",\"image\":{\"@type\":\"ImageObject\",\"inLanguage\":\"gl-ES\",\"@id\":\"https:\\\/\\\/secure.gravatar.com\\\/avatar\\\/c052a2551a06e23fac63626232eaa90abd78dbcf1700fc46a2b2c89fd27b735f?s=96&d=mm&r=g\",\"url\":\"https:\\\/\\\/secure.gravatar.com\\\/avatar\\\/c052a2551a06e23fac63626232eaa90abd78dbcf1700fc46a2b2c89fd27b735f?s=96&d=mm&r=g\",\"contentUrl\":\"https:\\\/\\\/secure.gravatar.com\\\/avatar\\\/c052a2551a06e23fac63626232eaa90abd78dbcf1700fc46a2b2c89fd27b735f?s=96&d=mm&r=g\",\"caption\":\"Redacci\u00f3n A Nova Peneira\"},\"sameAs\":[\"http:\\\/\\\/www.anovapeneira.gal\\\/\"],\"url\":\"https:\\\/\\\/www.anovapeneira.gal\\\/index.php\\\/author\\\/redactor\\\/\"}]}<\/script>\n<!-- \/ Yoast SEO plugin. -->","yoast_head_json":{"title":"Segundo o BNG da Guarda a corrupci\u00f3n urban\u00edstica paraliza a compra dos terreos para o centro integral de sa\u00fade (CIS) -","robots":{"index":"index","follow":"follow","max-snippet":"max-snippet:-1","max-image-preview":"max-image-preview:large","max-video-preview":"max-video-preview:-1"},"canonical":"https:\/\/www.anovapeneira.gal\/index.php\/2024\/10\/31\/a-corrupcion-urbanistica-paraliza-a-compra-dos-terreos-para-o-centro-integral-de-saude-cis\/","og_locale":"gl_ES","og_type":"article","og_title":"Segundo o BNG da Guarda a corrupci\u00f3n urban\u00edstica paraliza a compra dos terreos para o centro integral de sa\u00fade (CIS) -","og_description":"Anxo Baz (BNG) \u201cestamos fronte a un esc\u00e1ndalo de enormes dimensi\u00f3ns que o alcalde da Guarda co\u00f1ec\u00eda cando decidiu mercar os terreos. Dous membros do goberno local eran directivos da comunidade de montes\u201d [...]","og_url":"https:\/\/www.anovapeneira.gal\/index.php\/2024\/10\/31\/a-corrupcion-urbanistica-paraliza-a-compra-dos-terreos-para-o-centro-integral-de-saude-cis\/","article_publisher":"https:\/\/www.facebook.com\/anovapeneira","article_published_time":"2024-10-31T11:00:56+00:00","og_image":[{"width":720,"height":432,"url":"https:\/\/www.anovapeneira.gal\/wp-content\/uploads\/2024\/10\/bng_guarda.jpg","type":"image\/jpeg"}],"author":"Redacci\u00f3n A Nova Peneira","twitter_card":"summary_large_image","twitter_creator":"@APeneira","twitter_site":"@APeneira","twitter_misc":{"Escrito por":"Redacci\u00f3n A Nova Peneira","Tempo de lectura":"2 minutos"},"schema":{"@context":"https:\/\/schema.org","@graph":[{"@type":"Article","@id":"https:\/\/www.anovapeneira.gal\/index.php\/2024\/10\/31\/a-corrupcion-urbanistica-paraliza-a-compra-dos-terreos-para-o-centro-integral-de-saude-cis\/#article","isPartOf":{"@id":"https:\/\/www.anovapeneira.gal\/index.php\/2024\/10\/31\/a-corrupcion-urbanistica-paraliza-a-compra-dos-terreos-para-o-centro-integral-de-saude-cis\/"},"author":{"name":"Redacci\u00f3n A Nova Peneira","@id":"https:\/\/www.anovapeneira.gal\/#\/schema\/person\/b93e3f8932e3f8da96334607eb6ac6aa"},"headline":"Segundo o BNG da Guarda a corrupci\u00f3n urban\u00edstica paraliza a compra dos terreos para o centro integral de sa\u00fade (CIS)","datePublished":"2024-10-31T11:00:56+00:00","mainEntityOfPage":{"@id":"https:\/\/www.anovapeneira.gal\/index.php\/2024\/10\/31\/a-corrupcion-urbanistica-paraliza-a-compra-dos-terreos-para-o-centro-integral-de-saude-cis\/"},"wordCount":284,"commentCount":0,"publisher":{"@id":"https:\/\/www.anovapeneira.gal\/#organization"},"image":{"@id":"https:\/\/www.anovapeneira.gal\/index.php\/2024\/10\/31\/a-corrupcion-urbanistica-paraliza-a-compra-dos-terreos-para-o-centro-integral-de-saude-cis\/#primaryimage"},"thumbnailUrl":"https:\/\/www.anovapeneira.gal\/wp-content\/uploads\/2024\/10\/bng_guarda.jpg","keywords":["Concello da Guarda"],"articleSection":["Baixo Mi\u00f1o"],"inLanguage":"gl-ES","potentialAction":[{"@type":"CommentAction","name":"Comment","target":["https:\/\/www.anovapeneira.gal\/index.php\/2024\/10\/31\/a-corrupcion-urbanistica-paraliza-a-compra-dos-terreos-para-o-centro-integral-de-saude-cis\/#respond"]}]},{"@type":"WebPage","@id":"https:\/\/www.anovapeneira.gal\/index.php\/2024\/10\/31\/a-corrupcion-urbanistica-paraliza-a-compra-dos-terreos-para-o-centro-integral-de-saude-cis\/","url":"https:\/\/www.anovapeneira.gal\/index.php\/2024\/10\/31\/a-corrupcion-urbanistica-paraliza-a-compra-dos-terreos-para-o-centro-integral-de-saude-cis\/","name":"Segundo o BNG da Guarda a corrupci\u00f3n urban\u00edstica paraliza a compra dos terreos para o centro integral de sa\u00fade (CIS) -","isPartOf":{"@id":"https:\/\/www.anovapeneira.gal\/#website"},"primaryImageOfPage":{"@id":"https:\/\/www.anovapeneira.gal\/index.php\/2024\/10\/31\/a-corrupcion-urbanistica-paraliza-a-compra-dos-terreos-para-o-centro-integral-de-saude-cis\/#primaryimage"},"image":{"@id":"https:\/\/www.anovapeneira.gal\/index.php\/2024\/10\/31\/a-corrupcion-urbanistica-paraliza-a-compra-dos-terreos-para-o-centro-integral-de-saude-cis\/#primaryimage"},"thumbnailUrl":"https:\/\/www.anovapeneira.gal\/wp-content\/uploads\/2024\/10\/bng_guarda.jpg","datePublished":"2024-10-31T11:00:56+00:00","breadcrumb":{"@id":"https:\/\/www.anovapeneira.gal\/index.php\/2024\/10\/31\/a-corrupcion-urbanistica-paraliza-a-compra-dos-terreos-para-o-centro-integral-de-saude-cis\/#breadcrumb"},"inLanguage":"gl-ES","potentialAction":[{"@type":"ReadAction","target":["https:\/\/www.anovapeneira.gal\/index.php\/2024\/10\/31\/a-corrupcion-urbanistica-paraliza-a-compra-dos-terreos-para-o-centro-integral-de-saude-cis\/"]}]},{"@type":"ImageObject","inLanguage":"gl-ES","@id":"https:\/\/www.anovapeneira.gal\/index.php\/2024\/10\/31\/a-corrupcion-urbanistica-paraliza-a-compra-dos-terreos-para-o-centro-integral-de-saude-cis\/#primaryimage","url":"https:\/\/www.anovapeneira.gal\/wp-content\/uploads\/2024\/10\/bng_guarda.jpg","contentUrl":"https:\/\/www.anovapeneira.gal\/wp-content\/uploads\/2024\/10\/bng_guarda.jpg","width":720,"height":432,"caption":"Anxo Baz (BNG)"},{"@type":"BreadcrumbList","@id":"https:\/\/www.anovapeneira.gal\/index.php\/2024\/10\/31\/a-corrupcion-urbanistica-paraliza-a-compra-dos-terreos-para-o-centro-integral-de-saude-cis\/#breadcrumb","itemListElement":[{"@type":"ListItem","position":1,"name":"Portada","item":"https:\/\/www.anovapeneira.gal\/"},{"@type":"ListItem","position":2,"name":"Segundo o BNG da Guarda a corrupci\u00f3n urban\u00edstica paraliza a compra dos terreos para o centro integral de sa\u00fade (CIS)"}]},{"@type":"WebSite","@id":"https:\/\/www.anovapeneira.gal\/#website","url":"https:\/\/www.anovapeneira.gal\/","name":"","description":"Xornal galego de informaci\u00f3n xeral Publicaci\u00f3n mensual de novas de Galicia e en especial dos Concellos da sur da provincia de Pontevedra.","publisher":{"@id":"https:\/\/www.anovapeneira.gal\/#organization"},"potentialAction":[{"@type":"SearchAction","target":{"@type":"EntryPoint","urlTemplate":"https:\/\/www.anovapeneira.gal\/?s={search_term_string}"},"query-input":{"@type":"PropertyValueSpecification","valueRequired":true,"valueName":"search_term_string"}}],"inLanguage":"gl-ES"},{"@type":"Organization","@id":"https:\/\/www.anovapeneira.gal\/#organization","name":"A Nova Peneira","url":"https:\/\/www.anovapeneira.gal\/","logo":{"@type":"ImageObject","inLanguage":"gl-ES","@id":"https:\/\/www.anovapeneira.gal\/#\/schema\/logo\/image\/","url":"http:\/\/www.anovapeneira.gal\/wp-content\/uploads\/2019\/06\/logo_a_nova_peneira_portal_web.png","contentUrl":"http:\/\/www.anovapeneira.gal\/wp-content\/uploads\/2019\/06\/logo_a_nova_peneira_portal_web.png","width":300,"height":100,"caption":"A Nova Peneira"},"image":{"@id":"https:\/\/www.anovapeneira.gal\/#\/schema\/logo\/image\/"},"sameAs":["https:\/\/www.facebook.com\/anovapeneira","https:\/\/x.com\/APeneira"]},{"@type":"Person","@id":"https:\/\/www.anovapeneira.gal\/#\/schema\/person\/b93e3f8932e3f8da96334607eb6ac6aa","name":"Redacci\u00f3n A Nova Peneira","image":{"@type":"ImageObject","inLanguage":"gl-ES","@id":"https:\/\/secure.gravatar.com\/avatar\/c052a2551a06e23fac63626232eaa90abd78dbcf1700fc46a2b2c89fd27b735f?s=96&d=mm&r=g","url":"https:\/\/secure.gravatar.com\/avatar\/c052a2551a06e23fac63626232eaa90abd78dbcf1700fc46a2b2c89fd27b735f?s=96&d=mm&r=g","contentUrl":"https:\/\/secure.gravatar.com\/avatar\/c052a2551a06e23fac63626232eaa90abd78dbcf1700fc46a2b2c89fd27b735f?s=96&d=mm&r=g","caption":"Redacci\u00f3n A Nova Peneira"},"sameAs":["http:\/\/www.anovapeneira.gal\/"],"url":"https:\/\/www.anovapeneira.gal\/index.php\/author\/redactor\/"}]}},"jetpack_featured_media_url":"https:\/\/www.anovapeneira.gal\/wp-content\/uploads\/2024\/10\/bng_guarda.jpg","_links":{"self":[{"href":"https:\/\/www.anovapeneira.gal\/index.php\/wp-json\/wp\/v2\/posts\/12686","targetHints":{"allow":["GET"]}}],"collection":[{"href":"https:\/\/www.anovapeneira.gal\/index.php\/wp-json\/wp\/v2\/posts"}],"about":[{"href":"https:\/\/www.anovapeneira.gal\/index.php\/wp-json\/wp\/v2\/types\/post"}],"author":[{"embeddable":true,"href":"https:\/\/www.anovapeneira.gal\/index.php\/wp-json\/wp\/v2\/users\/3"}],"replies":[{"embeddable":true,"href":"https:\/\/www.anovapeneira.gal\/index.php\/wp-json\/wp\/v2\/comments?post=12686"}],"version-history":[{"count":2,"href":"https:\/\/www.anovapeneira.gal\/index.php\/wp-json\/wp\/v2\/posts\/12686\/revisions"}],"predecessor-version":[{"id":12691,"href":"https:\/\/www.anovapeneira.gal\/index.php\/wp-json\/wp\/v2\/posts\/12686\/revisions\/12691"}],"wp:featuredmedia":[{"embeddable":true,"href":"https:\/\/www.anovapeneira.gal\/index.php\/wp-json\/wp\/v2\/media\/12687"}],"wp:attachment":[{"href":"https:\/\/www.anovapeneira.gal\/index.php\/wp-json\/wp\/v2\/media?parent=12686"}],"wp:term":[{"taxonomy":"category","embeddable":true,"href":"https:\/\/www.anovapeneira.gal\/index.php\/wp-json\/wp\/v2\/categories?post=12686"},{"taxonomy":"post_tag","embeddable":true,"href":"https:\/\/www.anovapeneira.gal\/index.php\/wp-json\/wp\/v2\/tags?post=12686"}],"curies":[{"name":"wp","href":"https:\/\/api.w.org\/{rel}","templated":true}]}}