{"id":12689,"date":"2024-11-01T12:00:00","date_gmt":"2024-11-01T11:00:00","guid":{"rendered":"https:\/\/www.anovapeneira.gal\/?p=12689"},"modified":"2024-10-25T13:24:36","modified_gmt":"2024-10-25T11:24:36","slug":"o-pp-acusa-a-digna-rivas-de-tapar-a-sua-nefasta-xestion-cunha-subida-historica-do-lixo-de-1-500-000-euros","status":"publish","type":"post","link":"https:\/\/www.anovapeneira.gal\/index.php\/2024\/11\/01\/o-pp-acusa-a-digna-rivas-de-tapar-a-sua-nefasta-xestion-cunha-subida-historica-do-lixo-de-1-500-000-euros\/","title":{"rendered":"O PP acusa a Digna Rivas de tapar a s\u00faa nefasta xesti\u00f3n cunha subida hist\u00f3rica do lixo de 1.500.000 euros"},"content":{"rendered":"\n<p>\u25cf Redondela convertirase no Concello da \u00e1rea metropolitana m\u00e1is caro, superando a Vigo<\/p>\n\n\n\n<p>\u25cf BNG c\u00f3mplice necesario para aprobar esta subida votar\u00e1 a favor xunto con Digna Rivas e AER<\/p>\n\n\n\n<p>\u25cf O PP de Redondela oporase frontalmente a calquera Plan de Axuste que recaia exclusivamente sobre as costas dos veci\u00f1os.<\/p>\n\n\n\n<p>\u25cf Digna Rivas sigue mentindo aos veci\u00f1os de Redondela. Dixo que as contas estaban saneadas e que todas as facturas estaban pagadas en tempo r\u00e9cord, cando a realidade \u00e9 que a xesti\u00f3n econ\u00f3mica \u00e9 un aut\u00e9ntico caos e te\u00f1en que pedir un pr\u00e9stamo de 767.462 euros para pagar as facturas pendentes.<\/p>\n\n\n\n<p><strong>Redondela, 23 de outubro de 2024<\/strong><\/p>\n\n\n\n<p>O PP de Redondela acusa a Digna Rivas de levar o concello \u00e1 ruina, e adem\u00e1is obrigando aos veci\u00f1os a que te\u00f1an que asumir cos seus cartos a s\u00faa nefasta xesti\u00f3n das arcas municipais.<\/p>\n\n\n\n<p>Os populares lamentan que a alcaldesa de Redondela, Digna Rivas, levara ao Concello a unha situaci\u00f3n financeira desastrosa, e agora pretende que sexan os veci\u00f1os quen cargue co custo dos seus erros. En lugar de asumir responsabilidades pola s\u00faa p\u00e9sima xesti\u00f3n, Rivas decidiu aumentar a taxa do lixo nun 40% para as viviendas e con un importe desorbitado para os negocios de traballadores aut\u00f3nomos que apenas xeran lixo, mentres segue malgastando di\u00f1eiro p\u00fablico no s\u00faa autopromoci\u00f3n e deixando de lado as verdadeiras necesidades do municipio.<\/p>\n\n\n\n<p>C\u00f3mplice directo desta situaci\u00f3n calamitosa \u00e9 o BNG, que, movido polo seu odio pol\u00edtico, prefere antepo\u00f1er os seus intereses partidistas aos intereses dos veci\u00f1os de Redondela. E agora, una vez m\u00e1is, vai a ser a muleta que ten Digna Rivas para seguir prexudicando a econom\u00eda das familias.<\/p>\n\n\n\n<p>O m\u00e1is alarmante \u00e9 que, a pesar de dilapidar m\u00e1is dun mill\u00f3n de euros en subvenci\u00f3ns, agora pretende castigar a\u00ednda m\u00e1is aos cidad\u00e1ns. Non s\u00f3 deber\u00e1n pagar m\u00e1is taxas, sen\u00f3n tam\u00e9n facerse cargo dos 38.000 euros en intereses xerados polo novo pr\u00e9stamo de 767.462 \u20ac para cubrir as facturas acumuladas que o seu goberno non puido pagar<\/p>\n\n\n\n<p>Digna Rivas mentiu sistematicamente aos veci\u00f1os de Redondela, asegurou que que o Ministerio de Facenda non intervi\u00f1era os pagos do Concello, cando a realidade demostra que s\u00ed o fixo. Dixeron que as contas estaban saneadas e que todas as facturas estaban pagadas en tempo r\u00e9cord, cando a realidade \u00e9 que a xesti\u00f3n econ\u00f3mica foi un caos absoluto. Hoxe, o panorama \u00e9 m\u00e1is sombr\u00edo xa que o Concello viuse obrigado a pedir un pr\u00e9stamo de 767.462 euros e a remitir un Plan de Axuste ao Ministerio, cuxas consecuencias caer\u00e1n sobre os ombreiros de todos as veci\u00f1as e veci\u00f1os de Redondela.<\/p>\n\n\n\n<p>Este goberno levou a Redondela \u00e1 ru\u00edna. Todo o que se logrou co goberno do Partido Popular perdeuse:<\/p>\n\n\n\n<p>\u2b9a Antes, baix\u00e1ronse os impostos e as taxas. Hoxe, s\u00f3bense sen xustificaci\u00f3n.<\/p>\n\n\n\n<p>\u2b9a Eliminouse a d\u00e9beda bancaria, mentres que agora acum\u00falanse d\u00e9bedas sen control \u00e9 te\u00f1en que pedir un pr\u00e9stamo para pagar as facturas pendentes.<\/p>\n\n\n\n<p>\u2b9a Mellor\u00e1ronse as parroquias, que agora est\u00e1n abandonadas.<\/p>\n\n\n\n<p>\u2b9a Consegu\u00edronse millonarias subvenci\u00f3ns, que baixo este goberno p\u00e9rdense por incompetencia.<\/p>\n\n\n\n<p>\u2b9a Redondela foi l\u00edder en transparencia; hoxe, reina a opacidade e o engano.<\/p>\n\n\n\n<p>\u2b9a O prestixio institucional do Concello desapareceu.<\/p>\n\n\n\n<p>A incompetencia de Digna Rivas e o seu equipo \u00e9 evidente e os veci\u00f1os non poden seguir soportando as consecuencias da s\u00faa ineptitude. Por iso, dende o PP de Redondela exisexe a dimisi\u00f3n inmediata e en bloque de todo o goberno local, comezando pola alcaldesa como m\u00e1xima responsable de esta calamitosa xesti\u00f3n municipal.<\/p>\n\n\n\n<p>\u201cRedondela necesita un cambio urxente, un goberno que de verdade defenda os intereses dos veci\u00f1os e non sexan castigados continuamente para que Digna Rivas siga mantendo un sill\u00f3n e un salario que non merece\u201d, indicaron fontes populares<\/p>\n","protected":false},"excerpt":{"rendered":"<div class=\"mh-excerpt\"><p>O PP de Redondela acusa a Digna Rivas de levar o concello \u00e1 ruina, e adem\u00e1is obrigando aos veci\u00f1os a que te\u00f1an que asumir cos seus cartos a s\u00faa nefasta xesti\u00f3n das arcas municipais <a class=\"mh-excerpt-more\" href=\"https:\/\/www.anovapeneira.gal\/index.php\/2024\/11\/01\/o-pp-acusa-a-digna-rivas-de-tapar-a-sua-nefasta-xestion-cunha-subida-historica-do-lixo-de-1-500-000-euros\/\" title=\"O PP acusa a Digna Rivas de tapar a s\u00faa nefasta xesti\u00f3n cunha subida hist\u00f3rica do lixo de 1.500.000 euros\">[&#8230;]<\/a><\/p>\n<\/div>","protected":false},"author":3,"featured_media":9476,"comment_status":"open","ping_status":"open","sticky":false,"template":"","format":"standard","meta":{"_exactmetrics_skip_tracking":false,"_exactmetrics_sitenote_active":false,"_exactmetrics_sitenote_note":"","_exactmetrics_sitenote_category":0,"footnotes":""},"categories":[24],"tags":[171],"class_list":{"0":"post-12689","1":"post","2":"type-post","3":"status-publish","4":"format-standard","5":"has-post-thumbnail","7":"category-redondela","8":"tag-concello-de-redondela"},"yoast_head":"<!-- This site is optimized with the Yoast SEO plugin v27.4 - https:\/\/yoast.com\/product\/yoast-seo-wordpress\/ -->\n<title>O PP acusa a Digna Rivas de tapar a s\u00faa nefasta xesti\u00f3n cunha subida hist\u00f3rica do lixo de 1.500.000 euros -<\/title>\n<meta name=\"robots\" content=\"index, follow, max-snippet:-1, max-image-preview:large, max-video-preview:-1\" \/>\n<link rel=\"canonical\" href=\"https:\/\/www.anovapeneira.gal\/index.php\/2024\/11\/01\/o-pp-acusa-a-digna-rivas-de-tapar-a-sua-nefasta-xestion-cunha-subida-historica-do-lixo-de-1-500-000-euros\/\" \/>\n<meta property=\"og:locale\" content=\"gl_ES\" \/>\n<meta property=\"og:type\" content=\"article\" \/>\n<meta property=\"og:title\" content=\"O PP acusa a Digna Rivas de tapar a s\u00faa nefasta xesti\u00f3n cunha subida hist\u00f3rica do lixo de 1.500.000 euros -\" \/>\n<meta property=\"og:description\" content=\"O PP de Redondela acusa a Digna Rivas de levar o concello \u00e1 ruina, e adem\u00e1is obrigando aos veci\u00f1os a que te\u00f1an que asumir cos seus cartos a s\u00faa nefasta xesti\u00f3n das arcas municipais [...]\" \/>\n<meta property=\"og:url\" content=\"https:\/\/www.anovapeneira.gal\/index.php\/2024\/11\/01\/o-pp-acusa-a-digna-rivas-de-tapar-a-sua-nefasta-xestion-cunha-subida-historica-do-lixo-de-1-500-000-euros\/\" \/>\n<meta property=\"article:publisher\" content=\"https:\/\/www.facebook.com\/anovapeneira\" \/>\n<meta property=\"article:published_time\" content=\"2024-11-01T11:00:00+00:00\" \/>\n<meta property=\"og:image\" content=\"https:\/\/www.anovapeneira.gal\/wp-content\/uploads\/2023\/04\/pp_redondela.jpg\" \/>\n\t<meta property=\"og:image:width\" content=\"720\" \/>\n\t<meta property=\"og:image:height\" content=\"432\" \/>\n\t<meta property=\"og:image:type\" content=\"image\/jpeg\" \/>\n<meta name=\"author\" content=\"Redacci\u00f3n A Nova Peneira\" \/>\n<meta name=\"twitter:card\" content=\"summary_large_image\" \/>\n<meta name=\"twitter:creator\" content=\"@APeneira\" \/>\n<meta name=\"twitter:site\" content=\"@APeneira\" \/>\n<meta name=\"twitter:label1\" content=\"Escrito por\" \/>\n\t<meta name=\"twitter:data1\" content=\"Redacci\u00f3n A Nova Peneira\" \/>\n\t<meta name=\"twitter:label2\" content=\"Tempo de lectura\" \/>\n\t<meta name=\"twitter:data2\" content=\"4 minutos\" \/>\n<script type=\"application\/ld+json\" class=\"yoast-schema-graph\">{\"@context\":\"https:\\\/\\\/schema.org\",\"@graph\":[{\"@type\":\"Article\",\"@id\":\"https:\\\/\\\/www.anovapeneira.gal\\\/index.php\\\/2024\\\/11\\\/01\\\/o-pp-acusa-a-digna-rivas-de-tapar-a-sua-nefasta-xestion-cunha-subida-historica-do-lixo-de-1-500-000-euros\\\/#article\",\"isPartOf\":{\"@id\":\"https:\\\/\\\/www.anovapeneira.gal\\\/index.php\\\/2024\\\/11\\\/01\\\/o-pp-acusa-a-digna-rivas-de-tapar-a-sua-nefasta-xestion-cunha-subida-historica-do-lixo-de-1-500-000-euros\\\/\"},\"author\":{\"name\":\"Redacci\u00f3n A Nova Peneira\",\"@id\":\"https:\\\/\\\/www.anovapeneira.gal\\\/#\\\/schema\\\/person\\\/b93e3f8932e3f8da96334607eb6ac6aa\"},\"headline\":\"O PP acusa a Digna Rivas de tapar a s\u00faa nefasta xesti\u00f3n cunha subida hist\u00f3rica do lixo de 1.500.000 euros\",\"datePublished\":\"2024-11-01T11:00:00+00:00\",\"mainEntityOfPage\":{\"@id\":\"https:\\\/\\\/www.anovapeneira.gal\\\/index.php\\\/2024\\\/11\\\/01\\\/o-pp-acusa-a-digna-rivas-de-tapar-a-sua-nefasta-xestion-cunha-subida-historica-do-lixo-de-1-500-000-euros\\\/\"},\"wordCount\":682,\"commentCount\":0,\"publisher\":{\"@id\":\"https:\\\/\\\/www.anovapeneira.gal\\\/#organization\"},\"image\":{\"@id\":\"https:\\\/\\\/www.anovapeneira.gal\\\/index.php\\\/2024\\\/11\\\/01\\\/o-pp-acusa-a-digna-rivas-de-tapar-a-sua-nefasta-xestion-cunha-subida-historica-do-lixo-de-1-500-000-euros\\\/#primaryimage\"},\"thumbnailUrl\":\"https:\\\/\\\/www.anovapeneira.gal\\\/wp-content\\\/uploads\\\/2023\\\/04\\\/pp_redondela.jpg\",\"keywords\":[\"Concello de Redondela\"],\"articleSection\":[\"Redondela\"],\"inLanguage\":\"gl-ES\",\"potentialAction\":[{\"@type\":\"CommentAction\",\"name\":\"Comment\",\"target\":[\"https:\\\/\\\/www.anovapeneira.gal\\\/index.php\\\/2024\\\/11\\\/01\\\/o-pp-acusa-a-digna-rivas-de-tapar-a-sua-nefasta-xestion-cunha-subida-historica-do-lixo-de-1-500-000-euros\\\/#respond\"]}]},{\"@type\":\"WebPage\",\"@id\":\"https:\\\/\\\/www.anovapeneira.gal\\\/index.php\\\/2024\\\/11\\\/01\\\/o-pp-acusa-a-digna-rivas-de-tapar-a-sua-nefasta-xestion-cunha-subida-historica-do-lixo-de-1-500-000-euros\\\/\",\"url\":\"https:\\\/\\\/www.anovapeneira.gal\\\/index.php\\\/2024\\\/11\\\/01\\\/o-pp-acusa-a-digna-rivas-de-tapar-a-sua-nefasta-xestion-cunha-subida-historica-do-lixo-de-1-500-000-euros\\\/\",\"name\":\"O PP acusa a Digna Rivas de tapar a s\u00faa nefasta xesti\u00f3n cunha subida hist\u00f3rica do lixo de 1.500.000 euros -\",\"isPartOf\":{\"@id\":\"https:\\\/\\\/www.anovapeneira.gal\\\/#website\"},\"primaryImageOfPage\":{\"@id\":\"https:\\\/\\\/www.anovapeneira.gal\\\/index.php\\\/2024\\\/11\\\/01\\\/o-pp-acusa-a-digna-rivas-de-tapar-a-sua-nefasta-xestion-cunha-subida-historica-do-lixo-de-1-500-000-euros\\\/#primaryimage\"},\"image\":{\"@id\":\"https:\\\/\\\/www.anovapeneira.gal\\\/index.php\\\/2024\\\/11\\\/01\\\/o-pp-acusa-a-digna-rivas-de-tapar-a-sua-nefasta-xestion-cunha-subida-historica-do-lixo-de-1-500-000-euros\\\/#primaryimage\"},\"thumbnailUrl\":\"https:\\\/\\\/www.anovapeneira.gal\\\/wp-content\\\/uploads\\\/2023\\\/04\\\/pp_redondela.jpg\",\"datePublished\":\"2024-11-01T11:00:00+00:00\",\"breadcrumb\":{\"@id\":\"https:\\\/\\\/www.anovapeneira.gal\\\/index.php\\\/2024\\\/11\\\/01\\\/o-pp-acusa-a-digna-rivas-de-tapar-a-sua-nefasta-xestion-cunha-subida-historica-do-lixo-de-1-500-000-euros\\\/#breadcrumb\"},\"inLanguage\":\"gl-ES\",\"potentialAction\":[{\"@type\":\"ReadAction\",\"target\":[\"https:\\\/\\\/www.anovapeneira.gal\\\/index.php\\\/2024\\\/11\\\/01\\\/o-pp-acusa-a-digna-rivas-de-tapar-a-sua-nefasta-xestion-cunha-subida-historica-do-lixo-de-1-500-000-euros\\\/\"]}]},{\"@type\":\"ImageObject\",\"inLanguage\":\"gl-ES\",\"@id\":\"https:\\\/\\\/www.anovapeneira.gal\\\/index.php\\\/2024\\\/11\\\/01\\\/o-pp-acusa-a-digna-rivas-de-tapar-a-sua-nefasta-xestion-cunha-subida-historica-do-lixo-de-1-500-000-euros\\\/#primaryimage\",\"url\":\"https:\\\/\\\/www.anovapeneira.gal\\\/wp-content\\\/uploads\\\/2023\\\/04\\\/pp_redondela.jpg\",\"contentUrl\":\"https:\\\/\\\/www.anovapeneira.gal\\\/wp-content\\\/uploads\\\/2023\\\/04\\\/pp_redondela.jpg\",\"width\":720,\"height\":432,\"caption\":\"Javier Bas candidato do PP \u00e1 alcald\u00eda de Redondela\"},{\"@type\":\"BreadcrumbList\",\"@id\":\"https:\\\/\\\/www.anovapeneira.gal\\\/index.php\\\/2024\\\/11\\\/01\\\/o-pp-acusa-a-digna-rivas-de-tapar-a-sua-nefasta-xestion-cunha-subida-historica-do-lixo-de-1-500-000-euros\\\/#breadcrumb\",\"itemListElement\":[{\"@type\":\"ListItem\",\"position\":1,\"name\":\"Portada\",\"item\":\"https:\\\/\\\/www.anovapeneira.gal\\\/\"},{\"@type\":\"ListItem\",\"position\":2,\"name\":\"O PP acusa a Digna Rivas de tapar a s\u00faa nefasta xesti\u00f3n cunha subida hist\u00f3rica do lixo de 1.500.000 euros\"}]},{\"@type\":\"WebSite\",\"@id\":\"https:\\\/\\\/www.anovapeneira.gal\\\/#website\",\"url\":\"https:\\\/\\\/www.anovapeneira.gal\\\/\",\"name\":\"\",\"description\":\"Xornal galego de informaci\u00f3n xeral Publicaci\u00f3n mensual de novas de Galicia e en especial dos Concellos da sur da provincia de Pontevedra.\",\"publisher\":{\"@id\":\"https:\\\/\\\/www.anovapeneira.gal\\\/#organization\"},\"potentialAction\":[{\"@type\":\"SearchAction\",\"target\":{\"@type\":\"EntryPoint\",\"urlTemplate\":\"https:\\\/\\\/www.anovapeneira.gal\\\/?s={search_term_string}\"},\"query-input\":{\"@type\":\"PropertyValueSpecification\",\"valueRequired\":true,\"valueName\":\"search_term_string\"}}],\"inLanguage\":\"gl-ES\"},{\"@type\":\"Organization\",\"@id\":\"https:\\\/\\\/www.anovapeneira.gal\\\/#organization\",\"name\":\"A Nova Peneira\",\"url\":\"https:\\\/\\\/www.anovapeneira.gal\\\/\",\"logo\":{\"@type\":\"ImageObject\",\"inLanguage\":\"gl-ES\",\"@id\":\"https:\\\/\\\/www.anovapeneira.gal\\\/#\\\/schema\\\/logo\\\/image\\\/\",\"url\":\"http:\\\/\\\/www.anovapeneira.gal\\\/wp-content\\\/uploads\\\/2019\\\/06\\\/logo_a_nova_peneira_portal_web.png\",\"contentUrl\":\"http:\\\/\\\/www.anovapeneira.gal\\\/wp-content\\\/uploads\\\/2019\\\/06\\\/logo_a_nova_peneira_portal_web.png\",\"width\":300,\"height\":100,\"caption\":\"A Nova Peneira\"},\"image\":{\"@id\":\"https:\\\/\\\/www.anovapeneira.gal\\\/#\\\/schema\\\/logo\\\/image\\\/\"},\"sameAs\":[\"https:\\\/\\\/www.facebook.com\\\/anovapeneira\",\"https:\\\/\\\/x.com\\\/APeneira\"]},{\"@type\":\"Person\",\"@id\":\"https:\\\/\\\/www.anovapeneira.gal\\\/#\\\/schema\\\/person\\\/b93e3f8932e3f8da96334607eb6ac6aa\",\"name\":\"Redacci\u00f3n A Nova Peneira\",\"image\":{\"@type\":\"ImageObject\",\"inLanguage\":\"gl-ES\",\"@id\":\"https:\\\/\\\/secure.gravatar.com\\\/avatar\\\/c052a2551a06e23fac63626232eaa90abd78dbcf1700fc46a2b2c89fd27b735f?s=96&d=mm&r=g\",\"url\":\"https:\\\/\\\/secure.gravatar.com\\\/avatar\\\/c052a2551a06e23fac63626232eaa90abd78dbcf1700fc46a2b2c89fd27b735f?s=96&d=mm&r=g\",\"contentUrl\":\"https:\\\/\\\/secure.gravatar.com\\\/avatar\\\/c052a2551a06e23fac63626232eaa90abd78dbcf1700fc46a2b2c89fd27b735f?s=96&d=mm&r=g\",\"caption\":\"Redacci\u00f3n A Nova Peneira\"},\"sameAs\":[\"http:\\\/\\\/www.anovapeneira.gal\\\/\"],\"url\":\"https:\\\/\\\/www.anovapeneira.gal\\\/index.php\\\/author\\\/redactor\\\/\"}]}<\/script>\n<!-- \/ Yoast SEO plugin. -->","yoast_head_json":{"title":"O PP acusa a Digna Rivas de tapar a s\u00faa nefasta xesti\u00f3n cunha subida hist\u00f3rica do lixo de 1.500.000 euros -","robots":{"index":"index","follow":"follow","max-snippet":"max-snippet:-1","max-image-preview":"max-image-preview:large","max-video-preview":"max-video-preview:-1"},"canonical":"https:\/\/www.anovapeneira.gal\/index.php\/2024\/11\/01\/o-pp-acusa-a-digna-rivas-de-tapar-a-sua-nefasta-xestion-cunha-subida-historica-do-lixo-de-1-500-000-euros\/","og_locale":"gl_ES","og_type":"article","og_title":"O PP acusa a Digna Rivas de tapar a s\u00faa nefasta xesti\u00f3n cunha subida hist\u00f3rica do lixo de 1.500.000 euros -","og_description":"O PP de Redondela acusa a Digna Rivas de levar o concello \u00e1 ruina, e adem\u00e1is obrigando aos veci\u00f1os a que te\u00f1an que asumir cos seus cartos a s\u00faa nefasta xesti\u00f3n das arcas municipais [...]","og_url":"https:\/\/www.anovapeneira.gal\/index.php\/2024\/11\/01\/o-pp-acusa-a-digna-rivas-de-tapar-a-sua-nefasta-xestion-cunha-subida-historica-do-lixo-de-1-500-000-euros\/","article_publisher":"https:\/\/www.facebook.com\/anovapeneira","article_published_time":"2024-11-01T11:00:00+00:00","og_image":[{"width":720,"height":432,"url":"https:\/\/www.anovapeneira.gal\/wp-content\/uploads\/2023\/04\/pp_redondela.jpg","type":"image\/jpeg"}],"author":"Redacci\u00f3n A Nova Peneira","twitter_card":"summary_large_image","twitter_creator":"@APeneira","twitter_site":"@APeneira","twitter_misc":{"Escrito por":"Redacci\u00f3n A Nova Peneira","Tempo de lectura":"4 minutos"},"schema":{"@context":"https:\/\/schema.org","@graph":[{"@type":"Article","@id":"https:\/\/www.anovapeneira.gal\/index.php\/2024\/11\/01\/o-pp-acusa-a-digna-rivas-de-tapar-a-sua-nefasta-xestion-cunha-subida-historica-do-lixo-de-1-500-000-euros\/#article","isPartOf":{"@id":"https:\/\/www.anovapeneira.gal\/index.php\/2024\/11\/01\/o-pp-acusa-a-digna-rivas-de-tapar-a-sua-nefasta-xestion-cunha-subida-historica-do-lixo-de-1-500-000-euros\/"},"author":{"name":"Redacci\u00f3n A Nova Peneira","@id":"https:\/\/www.anovapeneira.gal\/#\/schema\/person\/b93e3f8932e3f8da96334607eb6ac6aa"},"headline":"O PP acusa a Digna Rivas de tapar a s\u00faa nefasta xesti\u00f3n cunha subida hist\u00f3rica do lixo de 1.500.000 euros","datePublished":"2024-11-01T11:00:00+00:00","mainEntityOfPage":{"@id":"https:\/\/www.anovapeneira.gal\/index.php\/2024\/11\/01\/o-pp-acusa-a-digna-rivas-de-tapar-a-sua-nefasta-xestion-cunha-subida-historica-do-lixo-de-1-500-000-euros\/"},"wordCount":682,"commentCount":0,"publisher":{"@id":"https:\/\/www.anovapeneira.gal\/#organization"},"image":{"@id":"https:\/\/www.anovapeneira.gal\/index.php\/2024\/11\/01\/o-pp-acusa-a-digna-rivas-de-tapar-a-sua-nefasta-xestion-cunha-subida-historica-do-lixo-de-1-500-000-euros\/#primaryimage"},"thumbnailUrl":"https:\/\/www.anovapeneira.gal\/wp-content\/uploads\/2023\/04\/pp_redondela.jpg","keywords":["Concello de Redondela"],"articleSection":["Redondela"],"inLanguage":"gl-ES","potentialAction":[{"@type":"CommentAction","name":"Comment","target":["https:\/\/www.anovapeneira.gal\/index.php\/2024\/11\/01\/o-pp-acusa-a-digna-rivas-de-tapar-a-sua-nefasta-xestion-cunha-subida-historica-do-lixo-de-1-500-000-euros\/#respond"]}]},{"@type":"WebPage","@id":"https:\/\/www.anovapeneira.gal\/index.php\/2024\/11\/01\/o-pp-acusa-a-digna-rivas-de-tapar-a-sua-nefasta-xestion-cunha-subida-historica-do-lixo-de-1-500-000-euros\/","url":"https:\/\/www.anovapeneira.gal\/index.php\/2024\/11\/01\/o-pp-acusa-a-digna-rivas-de-tapar-a-sua-nefasta-xestion-cunha-subida-historica-do-lixo-de-1-500-000-euros\/","name":"O PP acusa a Digna Rivas de tapar a s\u00faa nefasta xesti\u00f3n cunha subida hist\u00f3rica do lixo de 1.500.000 euros -","isPartOf":{"@id":"https:\/\/www.anovapeneira.gal\/#website"},"primaryImageOfPage":{"@id":"https:\/\/www.anovapeneira.gal\/index.php\/2024\/11\/01\/o-pp-acusa-a-digna-rivas-de-tapar-a-sua-nefasta-xestion-cunha-subida-historica-do-lixo-de-1-500-000-euros\/#primaryimage"},"image":{"@id":"https:\/\/www.anovapeneira.gal\/index.php\/2024\/11\/01\/o-pp-acusa-a-digna-rivas-de-tapar-a-sua-nefasta-xestion-cunha-subida-historica-do-lixo-de-1-500-000-euros\/#primaryimage"},"thumbnailUrl":"https:\/\/www.anovapeneira.gal\/wp-content\/uploads\/2023\/04\/pp_redondela.jpg","datePublished":"2024-11-01T11:00:00+00:00","breadcrumb":{"@id":"https:\/\/www.anovapeneira.gal\/index.php\/2024\/11\/01\/o-pp-acusa-a-digna-rivas-de-tapar-a-sua-nefasta-xestion-cunha-subida-historica-do-lixo-de-1-500-000-euros\/#breadcrumb"},"inLanguage":"gl-ES","potentialAction":[{"@type":"ReadAction","target":["https:\/\/www.anovapeneira.gal\/index.php\/2024\/11\/01\/o-pp-acusa-a-digna-rivas-de-tapar-a-sua-nefasta-xestion-cunha-subida-historica-do-lixo-de-1-500-000-euros\/"]}]},{"@type":"ImageObject","inLanguage":"gl-ES","@id":"https:\/\/www.anovapeneira.gal\/index.php\/2024\/11\/01\/o-pp-acusa-a-digna-rivas-de-tapar-a-sua-nefasta-xestion-cunha-subida-historica-do-lixo-de-1-500-000-euros\/#primaryimage","url":"https:\/\/www.anovapeneira.gal\/wp-content\/uploads\/2023\/04\/pp_redondela.jpg","contentUrl":"https:\/\/www.anovapeneira.gal\/wp-content\/uploads\/2023\/04\/pp_redondela.jpg","width":720,"height":432,"caption":"Javier Bas candidato do PP \u00e1 alcald\u00eda de Redondela"},{"@type":"BreadcrumbList","@id":"https:\/\/www.anovapeneira.gal\/index.php\/2024\/11\/01\/o-pp-acusa-a-digna-rivas-de-tapar-a-sua-nefasta-xestion-cunha-subida-historica-do-lixo-de-1-500-000-euros\/#breadcrumb","itemListElement":[{"@type":"ListItem","position":1,"name":"Portada","item":"https:\/\/www.anovapeneira.gal\/"},{"@type":"ListItem","position":2,"name":"O PP acusa a Digna Rivas de tapar a s\u00faa nefasta xesti\u00f3n cunha subida hist\u00f3rica do lixo de 1.500.000 euros"}]},{"@type":"WebSite","@id":"https:\/\/www.anovapeneira.gal\/#website","url":"https:\/\/www.anovapeneira.gal\/","name":"","description":"Xornal galego de informaci\u00f3n xeral Publicaci\u00f3n mensual de novas de Galicia e en especial dos Concellos da sur da provincia de Pontevedra.","publisher":{"@id":"https:\/\/www.anovapeneira.gal\/#organization"},"potentialAction":[{"@type":"SearchAction","target":{"@type":"EntryPoint","urlTemplate":"https:\/\/www.anovapeneira.gal\/?s={search_term_string}"},"query-input":{"@type":"PropertyValueSpecification","valueRequired":true,"valueName":"search_term_string"}}],"inLanguage":"gl-ES"},{"@type":"Organization","@id":"https:\/\/www.anovapeneira.gal\/#organization","name":"A Nova Peneira","url":"https:\/\/www.anovapeneira.gal\/","logo":{"@type":"ImageObject","inLanguage":"gl-ES","@id":"https:\/\/www.anovapeneira.gal\/#\/schema\/logo\/image\/","url":"http:\/\/www.anovapeneira.gal\/wp-content\/uploads\/2019\/06\/logo_a_nova_peneira_portal_web.png","contentUrl":"http:\/\/www.anovapeneira.gal\/wp-content\/uploads\/2019\/06\/logo_a_nova_peneira_portal_web.png","width":300,"height":100,"caption":"A Nova Peneira"},"image":{"@id":"https:\/\/www.anovapeneira.gal\/#\/schema\/logo\/image\/"},"sameAs":["https:\/\/www.facebook.com\/anovapeneira","https:\/\/x.com\/APeneira"]},{"@type":"Person","@id":"https:\/\/www.anovapeneira.gal\/#\/schema\/person\/b93e3f8932e3f8da96334607eb6ac6aa","name":"Redacci\u00f3n A Nova Peneira","image":{"@type":"ImageObject","inLanguage":"gl-ES","@id":"https:\/\/secure.gravatar.com\/avatar\/c052a2551a06e23fac63626232eaa90abd78dbcf1700fc46a2b2c89fd27b735f?s=96&d=mm&r=g","url":"https:\/\/secure.gravatar.com\/avatar\/c052a2551a06e23fac63626232eaa90abd78dbcf1700fc46a2b2c89fd27b735f?s=96&d=mm&r=g","contentUrl":"https:\/\/secure.gravatar.com\/avatar\/c052a2551a06e23fac63626232eaa90abd78dbcf1700fc46a2b2c89fd27b735f?s=96&d=mm&r=g","caption":"Redacci\u00f3n A Nova Peneira"},"sameAs":["http:\/\/www.anovapeneira.gal\/"],"url":"https:\/\/www.anovapeneira.gal\/index.php\/author\/redactor\/"}]}},"jetpack_featured_media_url":"https:\/\/www.anovapeneira.gal\/wp-content\/uploads\/2023\/04\/pp_redondela.jpg","_links":{"self":[{"href":"https:\/\/www.anovapeneira.gal\/index.php\/wp-json\/wp\/v2\/posts\/12689","targetHints":{"allow":["GET"]}}],"collection":[{"href":"https:\/\/www.anovapeneira.gal\/index.php\/wp-json\/wp\/v2\/posts"}],"about":[{"href":"https:\/\/www.anovapeneira.gal\/index.php\/wp-json\/wp\/v2\/types\/post"}],"author":[{"embeddable":true,"href":"https:\/\/www.anovapeneira.gal\/index.php\/wp-json\/wp\/v2\/users\/3"}],"replies":[{"embeddable":true,"href":"https:\/\/www.anovapeneira.gal\/index.php\/wp-json\/wp\/v2\/comments?post=12689"}],"version-history":[{"count":1,"href":"https:\/\/www.anovapeneira.gal\/index.php\/wp-json\/wp\/v2\/posts\/12689\/revisions"}],"predecessor-version":[{"id":12690,"href":"https:\/\/www.anovapeneira.gal\/index.php\/wp-json\/wp\/v2\/posts\/12689\/revisions\/12690"}],"wp:featuredmedia":[{"embeddable":true,"href":"https:\/\/www.anovapeneira.gal\/index.php\/wp-json\/wp\/v2\/media\/9476"}],"wp:attachment":[{"href":"https:\/\/www.anovapeneira.gal\/index.php\/wp-json\/wp\/v2\/media?parent=12689"}],"wp:term":[{"taxonomy":"category","embeddable":true,"href":"https:\/\/www.anovapeneira.gal\/index.php\/wp-json\/wp\/v2\/categories?post=12689"},{"taxonomy":"post_tag","embeddable":true,"href":"https:\/\/www.anovapeneira.gal\/index.php\/wp-json\/wp\/v2\/tags?post=12689"}],"curies":[{"name":"wp","href":"https:\/\/api.w.org\/{rel}","templated":true}]}}