{"id":12695,"date":"2024-11-04T10:00:45","date_gmt":"2024-11-04T09:00:45","guid":{"rendered":"https:\/\/www.anovapeneira.gal\/?p=12695"},"modified":"2024-10-29T10:45:11","modified_gmt":"2024-10-29T09:45:11","slug":"a-mesa-comeza-a-campana-polos-teus-dereitos-linguisticos-centrada-na-procura-de-novas-asociadas","status":"publish","type":"post","link":"https:\/\/www.anovapeneira.gal\/index.php\/2024\/11\/04\/a-mesa-comeza-a-campana-polos-teus-dereitos-linguisticos-centrada-na-procura-de-novas-asociadas\/","title":{"rendered":"A Mesa comeza a campa\u00f1a \u201d Polos TEUS dereitos ling\u00fc\u00edsticos\u201d centrada na procura de novas asociadas"},"content":{"rendered":"\n<p>A campa\u00f1a \u201cPolo dereito de\u2026\u201d comparte catro casos reais de vulneraci\u00f3n de dereitos ling\u00fc\u00edsticos, humanizando e po\u00f1endo en valor o traballo desta organizaci\u00f3n pola defensa do galego.<\/p>\n\n\n\n<p>As\u00ed, Xos\u00e9, Marta, Iago e Laura comparten co espectador as s\u00faas historias, expo\u00f1endo como a Mesa os defendou ou puxo en marcha acci\u00f3ns para promover o uso da lingua galega.<\/p>\n\n\n\n<figure class=\"wp-block-image\"><img decoding=\"async\" src=\"https:\/\/www.amesa.gal\/wp-content\/uploads\/feed-xose-1-960x1200.jpg\" alt=\"\" title=\"\"\/><\/figure>\n\n\n\n<figure class=\"wp-block-image\"><img decoding=\"async\" src=\"https:\/\/www.amesa.gal\/wp-content\/uploads\/feed-iago-1-959x1200.jpg\" alt=\"\" title=\"feed-iago\"\/><\/figure>\n\n\n\n<figure class=\"wp-block-image\"><img decoding=\"async\" src=\"https:\/\/www.amesa.gal\/wp-content\/uploads\/feed-marta-1-1-959x1200.jpg\" alt=\"\" title=\"feed-marta (1)\"\/><\/figure>\n\n\n\n<p>Ademais de recursos nas redes sociais, a campa\u00f1a conta con creatividades de exterior, unha para cada caso, que conte\u00f1en un c\u00f3digo QR que leva \u00e1s persoas interesadas \u00e1 web <a href=\"http:\/\/www.asociateamesa.gal\" target=\"_blank\" rel=\"noreferrer noopener\">www.asociateamesa.gal<\/a>. A p\u00e1xina \u00e9 un espazo online exclusivo para co\u00f1ecer m\u00e1is de preto cada un dos casos, a trav\u00e9s de v\u00eddeos, as\u00ed como para asociarse.<\/p>\n","protected":false},"excerpt":{"rendered":"<div class=\"mh-excerpt\"><p>A campa\u00f1a \u201cPolo dereito de\u2026\u201d comparte catro casos reais de vulneraci\u00f3n de dereitos ling\u00fc\u00edsticos, humanizando e po\u00f1endo en valor o traballo desta organizaci\u00f3n pola defensa do galego. <a class=\"mh-excerpt-more\" href=\"https:\/\/www.anovapeneira.gal\/index.php\/2024\/11\/04\/a-mesa-comeza-a-campana-polos-teus-dereitos-linguisticos-centrada-na-procura-de-novas-asociadas\/\" title=\"A Mesa comeza a campa\u00f1a \u201d Polos TEUS dereitos ling\u00fc\u00edsticos\u201d centrada na procura de novas asociadas\">[&#8230;]<\/a><\/p>\n<\/div>","protected":false},"author":3,"featured_media":12696,"comment_status":"open","ping_status":"open","sticky":false,"template":"","format":"standard","meta":{"_exactmetrics_skip_tracking":false,"_exactmetrics_sitenote_active":false,"_exactmetrics_sitenote_note":"","_exactmetrics_sitenote_category":0,"footnotes":""},"categories":[263],"tags":[],"class_list":{"0":"post-12695","1":"post","2":"type-post","3":"status-publish","4":"format-standard","5":"has-post-thumbnail","7":"category-novas"},"yoast_head":"<!-- This site is optimized with the Yoast SEO plugin v27.4 - https:\/\/yoast.com\/product\/yoast-seo-wordpress\/ -->\n<title>A Mesa comeza a campa\u00f1a \u201d Polos TEUS dereitos ling\u00fc\u00edsticos\u201d centrada na procura de novas asociadas -<\/title>\n<meta name=\"robots\" content=\"index, follow, max-snippet:-1, max-image-preview:large, max-video-preview:-1\" \/>\n<link rel=\"canonical\" href=\"https:\/\/www.anovapeneira.gal\/index.php\/2024\/11\/04\/a-mesa-comeza-a-campana-polos-teus-dereitos-linguisticos-centrada-na-procura-de-novas-asociadas\/\" \/>\n<meta property=\"og:locale\" content=\"gl_ES\" \/>\n<meta property=\"og:type\" content=\"article\" \/>\n<meta property=\"og:title\" content=\"A Mesa comeza a campa\u00f1a \u201d Polos TEUS dereitos ling\u00fc\u00edsticos\u201d centrada na procura de novas asociadas -\" \/>\n<meta property=\"og:description\" content=\"A campa\u00f1a \u201cPolo dereito de\u2026\u201d comparte catro casos reais de vulneraci\u00f3n de dereitos ling\u00fc\u00edsticos, humanizando e po\u00f1endo en valor o traballo desta organizaci\u00f3n pola defensa do galego. [...]\" \/>\n<meta property=\"og:url\" content=\"https:\/\/www.anovapeneira.gal\/index.php\/2024\/11\/04\/a-mesa-comeza-a-campana-polos-teus-dereitos-linguisticos-centrada-na-procura-de-novas-asociadas\/\" \/>\n<meta property=\"article:publisher\" content=\"https:\/\/www.facebook.com\/anovapeneira\" \/>\n<meta property=\"article:published_time\" content=\"2024-11-04T09:00:45+00:00\" \/>\n<meta property=\"og:image\" content=\"https:\/\/www.anovapeneira.gal\/wp-content\/uploads\/2024\/10\/a_mesa.png\" \/>\n\t<meta property=\"og:image:width\" content=\"720\" \/>\n\t<meta property=\"og:image:height\" content=\"432\" \/>\n\t<meta property=\"og:image:type\" content=\"image\/png\" \/>\n<meta name=\"author\" content=\"Redacci\u00f3n A Nova Peneira\" \/>\n<meta name=\"twitter:card\" content=\"summary_large_image\" \/>\n<meta name=\"twitter:creator\" content=\"@APeneira\" \/>\n<meta name=\"twitter:site\" content=\"@APeneira\" \/>\n<meta name=\"twitter:label1\" content=\"Escrito por\" \/>\n\t<meta name=\"twitter:data1\" content=\"Redacci\u00f3n A Nova Peneira\" \/>\n\t<meta name=\"twitter:label2\" content=\"Tempo de lectura\" \/>\n\t<meta name=\"twitter:data2\" content=\"2 minutos\" \/>\n<script type=\"application\/ld+json\" class=\"yoast-schema-graph\">{\"@context\":\"https:\\\/\\\/schema.org\",\"@graph\":[{\"@type\":\"Article\",\"@id\":\"https:\\\/\\\/www.anovapeneira.gal\\\/index.php\\\/2024\\\/11\\\/04\\\/a-mesa-comeza-a-campana-polos-teus-dereitos-linguisticos-centrada-na-procura-de-novas-asociadas\\\/#article\",\"isPartOf\":{\"@id\":\"https:\\\/\\\/www.anovapeneira.gal\\\/index.php\\\/2024\\\/11\\\/04\\\/a-mesa-comeza-a-campana-polos-teus-dereitos-linguisticos-centrada-na-procura-de-novas-asociadas\\\/\"},\"author\":{\"name\":\"Redacci\u00f3n A Nova Peneira\",\"@id\":\"https:\\\/\\\/www.anovapeneira.gal\\\/#\\\/schema\\\/person\\\/b93e3f8932e3f8da96334607eb6ac6aa\"},\"headline\":\"A Mesa comeza a campa\u00f1a \u201d Polos TEUS dereitos ling\u00fc\u00edsticos\u201d centrada na procura de novas asociadas\",\"datePublished\":\"2024-11-04T09:00:45+00:00\",\"mainEntityOfPage\":{\"@id\":\"https:\\\/\\\/www.anovapeneira.gal\\\/index.php\\\/2024\\\/11\\\/04\\\/a-mesa-comeza-a-campana-polos-teus-dereitos-linguisticos-centrada-na-procura-de-novas-asociadas\\\/\"},\"wordCount\":144,\"commentCount\":0,\"publisher\":{\"@id\":\"https:\\\/\\\/www.anovapeneira.gal\\\/#organization\"},\"image\":{\"@id\":\"https:\\\/\\\/www.anovapeneira.gal\\\/index.php\\\/2024\\\/11\\\/04\\\/a-mesa-comeza-a-campana-polos-teus-dereitos-linguisticos-centrada-na-procura-de-novas-asociadas\\\/#primaryimage\"},\"thumbnailUrl\":\"https:\\\/\\\/www.anovapeneira.gal\\\/wp-content\\\/uploads\\\/2024\\\/10\\\/a_mesa.png\",\"articleSection\":[\"Novas\"],\"inLanguage\":\"gl-ES\",\"potentialAction\":[{\"@type\":\"CommentAction\",\"name\":\"Comment\",\"target\":[\"https:\\\/\\\/www.anovapeneira.gal\\\/index.php\\\/2024\\\/11\\\/04\\\/a-mesa-comeza-a-campana-polos-teus-dereitos-linguisticos-centrada-na-procura-de-novas-asociadas\\\/#respond\"]}]},{\"@type\":\"WebPage\",\"@id\":\"https:\\\/\\\/www.anovapeneira.gal\\\/index.php\\\/2024\\\/11\\\/04\\\/a-mesa-comeza-a-campana-polos-teus-dereitos-linguisticos-centrada-na-procura-de-novas-asociadas\\\/\",\"url\":\"https:\\\/\\\/www.anovapeneira.gal\\\/index.php\\\/2024\\\/11\\\/04\\\/a-mesa-comeza-a-campana-polos-teus-dereitos-linguisticos-centrada-na-procura-de-novas-asociadas\\\/\",\"name\":\"A Mesa comeza a campa\u00f1a \u201d Polos TEUS dereitos ling\u00fc\u00edsticos\u201d centrada na procura de novas asociadas -\",\"isPartOf\":{\"@id\":\"https:\\\/\\\/www.anovapeneira.gal\\\/#website\"},\"primaryImageOfPage\":{\"@id\":\"https:\\\/\\\/www.anovapeneira.gal\\\/index.php\\\/2024\\\/11\\\/04\\\/a-mesa-comeza-a-campana-polos-teus-dereitos-linguisticos-centrada-na-procura-de-novas-asociadas\\\/#primaryimage\"},\"image\":{\"@id\":\"https:\\\/\\\/www.anovapeneira.gal\\\/index.php\\\/2024\\\/11\\\/04\\\/a-mesa-comeza-a-campana-polos-teus-dereitos-linguisticos-centrada-na-procura-de-novas-asociadas\\\/#primaryimage\"},\"thumbnailUrl\":\"https:\\\/\\\/www.anovapeneira.gal\\\/wp-content\\\/uploads\\\/2024\\\/10\\\/a_mesa.png\",\"datePublished\":\"2024-11-04T09:00:45+00:00\",\"breadcrumb\":{\"@id\":\"https:\\\/\\\/www.anovapeneira.gal\\\/index.php\\\/2024\\\/11\\\/04\\\/a-mesa-comeza-a-campana-polos-teus-dereitos-linguisticos-centrada-na-procura-de-novas-asociadas\\\/#breadcrumb\"},\"inLanguage\":\"gl-ES\",\"potentialAction\":[{\"@type\":\"ReadAction\",\"target\":[\"https:\\\/\\\/www.anovapeneira.gal\\\/index.php\\\/2024\\\/11\\\/04\\\/a-mesa-comeza-a-campana-polos-teus-dereitos-linguisticos-centrada-na-procura-de-novas-asociadas\\\/\"]}]},{\"@type\":\"ImageObject\",\"inLanguage\":\"gl-ES\",\"@id\":\"https:\\\/\\\/www.anovapeneira.gal\\\/index.php\\\/2024\\\/11\\\/04\\\/a-mesa-comeza-a-campana-polos-teus-dereitos-linguisticos-centrada-na-procura-de-novas-asociadas\\\/#primaryimage\",\"url\":\"https:\\\/\\\/www.anovapeneira.gal\\\/wp-content\\\/uploads\\\/2024\\\/10\\\/a_mesa.png\",\"contentUrl\":\"https:\\\/\\\/www.anovapeneira.gal\\\/wp-content\\\/uploads\\\/2024\\\/10\\\/a_mesa.png\",\"width\":720,\"height\":432,\"caption\":\"A mesa\"},{\"@type\":\"BreadcrumbList\",\"@id\":\"https:\\\/\\\/www.anovapeneira.gal\\\/index.php\\\/2024\\\/11\\\/04\\\/a-mesa-comeza-a-campana-polos-teus-dereitos-linguisticos-centrada-na-procura-de-novas-asociadas\\\/#breadcrumb\",\"itemListElement\":[{\"@type\":\"ListItem\",\"position\":1,\"name\":\"Portada\",\"item\":\"https:\\\/\\\/www.anovapeneira.gal\\\/\"},{\"@type\":\"ListItem\",\"position\":2,\"name\":\"A Mesa comeza a campa\u00f1a \u201d Polos TEUS dereitos ling\u00fc\u00edsticos\u201d centrada na procura de novas asociadas\"}]},{\"@type\":\"WebSite\",\"@id\":\"https:\\\/\\\/www.anovapeneira.gal\\\/#website\",\"url\":\"https:\\\/\\\/www.anovapeneira.gal\\\/\",\"name\":\"\",\"description\":\"Xornal galego de informaci\u00f3n xeral Publicaci\u00f3n mensual de novas de Galicia e en especial dos Concellos da sur da provincia de Pontevedra.\",\"publisher\":{\"@id\":\"https:\\\/\\\/www.anovapeneira.gal\\\/#organization\"},\"potentialAction\":[{\"@type\":\"SearchAction\",\"target\":{\"@type\":\"EntryPoint\",\"urlTemplate\":\"https:\\\/\\\/www.anovapeneira.gal\\\/?s={search_term_string}\"},\"query-input\":{\"@type\":\"PropertyValueSpecification\",\"valueRequired\":true,\"valueName\":\"search_term_string\"}}],\"inLanguage\":\"gl-ES\"},{\"@type\":\"Organization\",\"@id\":\"https:\\\/\\\/www.anovapeneira.gal\\\/#organization\",\"name\":\"A Nova Peneira\",\"url\":\"https:\\\/\\\/www.anovapeneira.gal\\\/\",\"logo\":{\"@type\":\"ImageObject\",\"inLanguage\":\"gl-ES\",\"@id\":\"https:\\\/\\\/www.anovapeneira.gal\\\/#\\\/schema\\\/logo\\\/image\\\/\",\"url\":\"http:\\\/\\\/www.anovapeneira.gal\\\/wp-content\\\/uploads\\\/2019\\\/06\\\/logo_a_nova_peneira_portal_web.png\",\"contentUrl\":\"http:\\\/\\\/www.anovapeneira.gal\\\/wp-content\\\/uploads\\\/2019\\\/06\\\/logo_a_nova_peneira_portal_web.png\",\"width\":300,\"height\":100,\"caption\":\"A Nova Peneira\"},\"image\":{\"@id\":\"https:\\\/\\\/www.anovapeneira.gal\\\/#\\\/schema\\\/logo\\\/image\\\/\"},\"sameAs\":[\"https:\\\/\\\/www.facebook.com\\\/anovapeneira\",\"https:\\\/\\\/x.com\\\/APeneira\"]},{\"@type\":\"Person\",\"@id\":\"https:\\\/\\\/www.anovapeneira.gal\\\/#\\\/schema\\\/person\\\/b93e3f8932e3f8da96334607eb6ac6aa\",\"name\":\"Redacci\u00f3n A Nova Peneira\",\"image\":{\"@type\":\"ImageObject\",\"inLanguage\":\"gl-ES\",\"@id\":\"https:\\\/\\\/secure.gravatar.com\\\/avatar\\\/c052a2551a06e23fac63626232eaa90abd78dbcf1700fc46a2b2c89fd27b735f?s=96&d=mm&r=g\",\"url\":\"https:\\\/\\\/secure.gravatar.com\\\/avatar\\\/c052a2551a06e23fac63626232eaa90abd78dbcf1700fc46a2b2c89fd27b735f?s=96&d=mm&r=g\",\"contentUrl\":\"https:\\\/\\\/secure.gravatar.com\\\/avatar\\\/c052a2551a06e23fac63626232eaa90abd78dbcf1700fc46a2b2c89fd27b735f?s=96&d=mm&r=g\",\"caption\":\"Redacci\u00f3n A Nova Peneira\"},\"sameAs\":[\"http:\\\/\\\/www.anovapeneira.gal\\\/\"],\"url\":\"https:\\\/\\\/www.anovapeneira.gal\\\/index.php\\\/author\\\/redactor\\\/\"}]}<\/script>\n<!-- \/ Yoast SEO plugin. -->","yoast_head_json":{"title":"A Mesa comeza a campa\u00f1a \u201d Polos TEUS dereitos ling\u00fc\u00edsticos\u201d centrada na procura de novas asociadas -","robots":{"index":"index","follow":"follow","max-snippet":"max-snippet:-1","max-image-preview":"max-image-preview:large","max-video-preview":"max-video-preview:-1"},"canonical":"https:\/\/www.anovapeneira.gal\/index.php\/2024\/11\/04\/a-mesa-comeza-a-campana-polos-teus-dereitos-linguisticos-centrada-na-procura-de-novas-asociadas\/","og_locale":"gl_ES","og_type":"article","og_title":"A Mesa comeza a campa\u00f1a \u201d Polos TEUS dereitos ling\u00fc\u00edsticos\u201d centrada na procura de novas asociadas -","og_description":"A campa\u00f1a \u201cPolo dereito de\u2026\u201d comparte catro casos reais de vulneraci\u00f3n de dereitos ling\u00fc\u00edsticos, humanizando e po\u00f1endo en valor o traballo desta organizaci\u00f3n pola defensa do galego. [...]","og_url":"https:\/\/www.anovapeneira.gal\/index.php\/2024\/11\/04\/a-mesa-comeza-a-campana-polos-teus-dereitos-linguisticos-centrada-na-procura-de-novas-asociadas\/","article_publisher":"https:\/\/www.facebook.com\/anovapeneira","article_published_time":"2024-11-04T09:00:45+00:00","og_image":[{"width":720,"height":432,"url":"https:\/\/www.anovapeneira.gal\/wp-content\/uploads\/2024\/10\/a_mesa.png","type":"image\/png"}],"author":"Redacci\u00f3n A Nova Peneira","twitter_card":"summary_large_image","twitter_creator":"@APeneira","twitter_site":"@APeneira","twitter_misc":{"Escrito por":"Redacci\u00f3n A Nova Peneira","Tempo de lectura":"2 minutos"},"schema":{"@context":"https:\/\/schema.org","@graph":[{"@type":"Article","@id":"https:\/\/www.anovapeneira.gal\/index.php\/2024\/11\/04\/a-mesa-comeza-a-campana-polos-teus-dereitos-linguisticos-centrada-na-procura-de-novas-asociadas\/#article","isPartOf":{"@id":"https:\/\/www.anovapeneira.gal\/index.php\/2024\/11\/04\/a-mesa-comeza-a-campana-polos-teus-dereitos-linguisticos-centrada-na-procura-de-novas-asociadas\/"},"author":{"name":"Redacci\u00f3n A Nova Peneira","@id":"https:\/\/www.anovapeneira.gal\/#\/schema\/person\/b93e3f8932e3f8da96334607eb6ac6aa"},"headline":"A Mesa comeza a campa\u00f1a \u201d Polos TEUS dereitos ling\u00fc\u00edsticos\u201d centrada na procura de novas asociadas","datePublished":"2024-11-04T09:00:45+00:00","mainEntityOfPage":{"@id":"https:\/\/www.anovapeneira.gal\/index.php\/2024\/11\/04\/a-mesa-comeza-a-campana-polos-teus-dereitos-linguisticos-centrada-na-procura-de-novas-asociadas\/"},"wordCount":144,"commentCount":0,"publisher":{"@id":"https:\/\/www.anovapeneira.gal\/#organization"},"image":{"@id":"https:\/\/www.anovapeneira.gal\/index.php\/2024\/11\/04\/a-mesa-comeza-a-campana-polos-teus-dereitos-linguisticos-centrada-na-procura-de-novas-asociadas\/#primaryimage"},"thumbnailUrl":"https:\/\/www.anovapeneira.gal\/wp-content\/uploads\/2024\/10\/a_mesa.png","articleSection":["Novas"],"inLanguage":"gl-ES","potentialAction":[{"@type":"CommentAction","name":"Comment","target":["https:\/\/www.anovapeneira.gal\/index.php\/2024\/11\/04\/a-mesa-comeza-a-campana-polos-teus-dereitos-linguisticos-centrada-na-procura-de-novas-asociadas\/#respond"]}]},{"@type":"WebPage","@id":"https:\/\/www.anovapeneira.gal\/index.php\/2024\/11\/04\/a-mesa-comeza-a-campana-polos-teus-dereitos-linguisticos-centrada-na-procura-de-novas-asociadas\/","url":"https:\/\/www.anovapeneira.gal\/index.php\/2024\/11\/04\/a-mesa-comeza-a-campana-polos-teus-dereitos-linguisticos-centrada-na-procura-de-novas-asociadas\/","name":"A Mesa comeza a campa\u00f1a \u201d Polos TEUS dereitos ling\u00fc\u00edsticos\u201d centrada na procura de novas asociadas -","isPartOf":{"@id":"https:\/\/www.anovapeneira.gal\/#website"},"primaryImageOfPage":{"@id":"https:\/\/www.anovapeneira.gal\/index.php\/2024\/11\/04\/a-mesa-comeza-a-campana-polos-teus-dereitos-linguisticos-centrada-na-procura-de-novas-asociadas\/#primaryimage"},"image":{"@id":"https:\/\/www.anovapeneira.gal\/index.php\/2024\/11\/04\/a-mesa-comeza-a-campana-polos-teus-dereitos-linguisticos-centrada-na-procura-de-novas-asociadas\/#primaryimage"},"thumbnailUrl":"https:\/\/www.anovapeneira.gal\/wp-content\/uploads\/2024\/10\/a_mesa.png","datePublished":"2024-11-04T09:00:45+00:00","breadcrumb":{"@id":"https:\/\/www.anovapeneira.gal\/index.php\/2024\/11\/04\/a-mesa-comeza-a-campana-polos-teus-dereitos-linguisticos-centrada-na-procura-de-novas-asociadas\/#breadcrumb"},"inLanguage":"gl-ES","potentialAction":[{"@type":"ReadAction","target":["https:\/\/www.anovapeneira.gal\/index.php\/2024\/11\/04\/a-mesa-comeza-a-campana-polos-teus-dereitos-linguisticos-centrada-na-procura-de-novas-asociadas\/"]}]},{"@type":"ImageObject","inLanguage":"gl-ES","@id":"https:\/\/www.anovapeneira.gal\/index.php\/2024\/11\/04\/a-mesa-comeza-a-campana-polos-teus-dereitos-linguisticos-centrada-na-procura-de-novas-asociadas\/#primaryimage","url":"https:\/\/www.anovapeneira.gal\/wp-content\/uploads\/2024\/10\/a_mesa.png","contentUrl":"https:\/\/www.anovapeneira.gal\/wp-content\/uploads\/2024\/10\/a_mesa.png","width":720,"height":432,"caption":"A mesa"},{"@type":"BreadcrumbList","@id":"https:\/\/www.anovapeneira.gal\/index.php\/2024\/11\/04\/a-mesa-comeza-a-campana-polos-teus-dereitos-linguisticos-centrada-na-procura-de-novas-asociadas\/#breadcrumb","itemListElement":[{"@type":"ListItem","position":1,"name":"Portada","item":"https:\/\/www.anovapeneira.gal\/"},{"@type":"ListItem","position":2,"name":"A Mesa comeza a campa\u00f1a \u201d Polos TEUS dereitos ling\u00fc\u00edsticos\u201d centrada na procura de novas asociadas"}]},{"@type":"WebSite","@id":"https:\/\/www.anovapeneira.gal\/#website","url":"https:\/\/www.anovapeneira.gal\/","name":"","description":"Xornal galego de informaci\u00f3n xeral Publicaci\u00f3n mensual de novas de Galicia e en especial dos Concellos da sur da provincia de Pontevedra.","publisher":{"@id":"https:\/\/www.anovapeneira.gal\/#organization"},"potentialAction":[{"@type":"SearchAction","target":{"@type":"EntryPoint","urlTemplate":"https:\/\/www.anovapeneira.gal\/?s={search_term_string}"},"query-input":{"@type":"PropertyValueSpecification","valueRequired":true,"valueName":"search_term_string"}}],"inLanguage":"gl-ES"},{"@type":"Organization","@id":"https:\/\/www.anovapeneira.gal\/#organization","name":"A Nova Peneira","url":"https:\/\/www.anovapeneira.gal\/","logo":{"@type":"ImageObject","inLanguage":"gl-ES","@id":"https:\/\/www.anovapeneira.gal\/#\/schema\/logo\/image\/","url":"http:\/\/www.anovapeneira.gal\/wp-content\/uploads\/2019\/06\/logo_a_nova_peneira_portal_web.png","contentUrl":"http:\/\/www.anovapeneira.gal\/wp-content\/uploads\/2019\/06\/logo_a_nova_peneira_portal_web.png","width":300,"height":100,"caption":"A Nova Peneira"},"image":{"@id":"https:\/\/www.anovapeneira.gal\/#\/schema\/logo\/image\/"},"sameAs":["https:\/\/www.facebook.com\/anovapeneira","https:\/\/x.com\/APeneira"]},{"@type":"Person","@id":"https:\/\/www.anovapeneira.gal\/#\/schema\/person\/b93e3f8932e3f8da96334607eb6ac6aa","name":"Redacci\u00f3n A Nova Peneira","image":{"@type":"ImageObject","inLanguage":"gl-ES","@id":"https:\/\/secure.gravatar.com\/avatar\/c052a2551a06e23fac63626232eaa90abd78dbcf1700fc46a2b2c89fd27b735f?s=96&d=mm&r=g","url":"https:\/\/secure.gravatar.com\/avatar\/c052a2551a06e23fac63626232eaa90abd78dbcf1700fc46a2b2c89fd27b735f?s=96&d=mm&r=g","contentUrl":"https:\/\/secure.gravatar.com\/avatar\/c052a2551a06e23fac63626232eaa90abd78dbcf1700fc46a2b2c89fd27b735f?s=96&d=mm&r=g","caption":"Redacci\u00f3n A Nova Peneira"},"sameAs":["http:\/\/www.anovapeneira.gal\/"],"url":"https:\/\/www.anovapeneira.gal\/index.php\/author\/redactor\/"}]}},"jetpack_featured_media_url":"https:\/\/www.anovapeneira.gal\/wp-content\/uploads\/2024\/10\/a_mesa.png","_links":{"self":[{"href":"https:\/\/www.anovapeneira.gal\/index.php\/wp-json\/wp\/v2\/posts\/12695","targetHints":{"allow":["GET"]}}],"collection":[{"href":"https:\/\/www.anovapeneira.gal\/index.php\/wp-json\/wp\/v2\/posts"}],"about":[{"href":"https:\/\/www.anovapeneira.gal\/index.php\/wp-json\/wp\/v2\/types\/post"}],"author":[{"embeddable":true,"href":"https:\/\/www.anovapeneira.gal\/index.php\/wp-json\/wp\/v2\/users\/3"}],"replies":[{"embeddable":true,"href":"https:\/\/www.anovapeneira.gal\/index.php\/wp-json\/wp\/v2\/comments?post=12695"}],"version-history":[{"count":1,"href":"https:\/\/www.anovapeneira.gal\/index.php\/wp-json\/wp\/v2\/posts\/12695\/revisions"}],"predecessor-version":[{"id":12697,"href":"https:\/\/www.anovapeneira.gal\/index.php\/wp-json\/wp\/v2\/posts\/12695\/revisions\/12697"}],"wp:featuredmedia":[{"embeddable":true,"href":"https:\/\/www.anovapeneira.gal\/index.php\/wp-json\/wp\/v2\/media\/12696"}],"wp:attachment":[{"href":"https:\/\/www.anovapeneira.gal\/index.php\/wp-json\/wp\/v2\/media?parent=12695"}],"wp:term":[{"taxonomy":"category","embeddable":true,"href":"https:\/\/www.anovapeneira.gal\/index.php\/wp-json\/wp\/v2\/categories?post=12695"},{"taxonomy":"post_tag","embeddable":true,"href":"https:\/\/www.anovapeneira.gal\/index.php\/wp-json\/wp\/v2\/tags?post=12695"}],"curies":[{"name":"wp","href":"https:\/\/api.w.org\/{rel}","templated":true}]}}