{"id":12698,"date":"2024-11-04T12:00:32","date_gmt":"2024-11-04T11:00:32","guid":{"rendered":"https:\/\/www.anovapeneira.gal\/?p=12698"},"modified":"2024-10-29T10:50:00","modified_gmt":"2024-10-29T09:50:00","slug":"salceda-subvenciona-con-mais-de-126-000-e-aos-seus-colectivos","status":"publish","type":"post","link":"https:\/\/www.anovapeneira.gal\/index.php\/2024\/11\/04\/salceda-subvenciona-con-mais-de-126-000-e-aos-seus-colectivos\/","title":{"rendered":"Salceda subvenciona con m\u00e1is de 126.000 \u20ac aos seus colectivos"},"content":{"rendered":"\n<h2 class=\"wp-block-heading\">O Concello de Salceda de Caselas v\u00e9n de asinar os convenios cos 32 colectivos que contan con subvenci\u00f3n nominativa nos Orzamentos Municipais, por un importe total de 126.751,40\u20ac.<\/h2>\n\n\n\n<p><em>S<\/em><strong>alceda de Caselas, 25 de outubro de 2024<\/strong><\/p>\n\n\n\n<p>As axudas rep\u00e1rtense entre entidades de diferentes \u00e1mbitos:<\/p>\n\n\n\n<ul class=\"wp-block-list\">\n<li>18 asociaci\u00f3ns culturais: 35.800\u20ac<\/li>\n\n\n\n<li>6 clubs deportivos: 65.051,40\u20ac<\/li>\n\n\n\n<li>2 entidades de benestar social: 18.000\u20ac<\/li>\n\n\n\n<li>3 centros de ensino: 4.600\u20ac<\/li>\n\n\n\n<li>1 asociaci\u00f3n de comerciantes: 900\u20ac<\/li>\n\n\n\n<li>1 agrupaci\u00f3n de voluntarios\/as de Protecci\u00f3n Civil: 1.500\u20ac<\/li>\n\n\n\n<li>1 asociaci\u00f3n ecoloxista: 900\u20ac<\/li>\n<\/ul>\n\n\n\n<p>O Concello contrib\u00fae deste xeito co asociacionismo nos seus diferentes \u00e1mbitos. As\u00ed, no eido cultural subvenci\u00f3nanse os diferentes centros culturais das parroquias (900\u20ac), os dous coros existentes no municipio (700\u20ac), o entroido centenario de Castro Barreiro e A Feira (1600\u20ac), as asociaci\u00f3ns veci\u00f1ais (400\u20ac) ou a Asociaci\u00f3n de Amigos\/as da M\u00fasica que engloba a escola de m\u00fasica e as diferentes bandas (infantil, xuvenil e cultural), e que neste caso recibe a maior axuda no eido cultural por importe de 22.000\u20ac.<\/p>\n\n\n\n<p>No caso do deporte subvenci\u00f3nase ao Caselas FC (18.000\u20ac), \u00e1s Escolas Deportivas de Salceda (22.551,40\u20ac), \u00e1 Escola Deportiva Denis Su\u00e1rez (15.000\u20ac), aos clubs de balonm\u00e1n e baloncesto Caselas (4.550\u20ac), e ao Club Ciclista Aragonta (400\u20ac).<\/p>\n\n\n\n<p>Os centros de ensino p\u00fablico reciben tam\u00e9n axuda do Concello para a realizaci\u00f3n das s\u00faas actividades complementarias, e que neste caso son o CRA Ra\u00ed\u00f1a Aragonta (1.000\u20ac), o CEP Altamira (1.200\u20ac) e o IES Pedras Rubias (2.400\u20ac).<\/p>\n\n\n\n<p>Ademais hai outras entidades con subvenci\u00f3n nominativa do Concello como a asociaci\u00f3n de Persoas Xubiladas (3.000\u20ac), AFAGA (15.000\u20ac), ACISA (900\u20ac) ACDE Treze Catorze (900\u20ac) e a Agrupaci\u00f3n de Voluntarios\/as de Protecci\u00f3n Civil (1.500\u20ac).<\/p>\n\n\n\n<p>Loli Casti\u00f1eira, Alcaldesa de Salceda de Caselas: \u201ctemos o privilexio de contar con unha sociedade activa da que nos sentimos moi orgullosas e que contrib\u00fae a que Salceda te\u00f1a unha programaci\u00f3n rica e variada ao longo de todo o ano. Este ano puxemos en marcha a plataforma Salceda M\u00f3vese que contrib\u00fae na difusi\u00f3n de todas estas actividades, e que est\u00e1 a ser un \u00e9xito\u201d.<\/p>\n\n\n\n<p>Alex Rodr\u00edguez, Concelleiro de Facenda: \u201cO asociacionismo do noso Concello \u00e9 un valor importante para este goberno polo que todo esforzo econ\u00f3mico neste eido est\u00e1 m\u00e1is que xustificado. Os nosos colectivos saben que, ademais destas axudas, a colaboraci\u00f3n \u00e9 en t\u00f3dolos eidos e ao longo de todo ano para levar a cabo as s\u00faas actividades\u201d.<\/p>\n","protected":false},"excerpt":{"rendered":"<div class=\"mh-excerpt\"><p>O Concello de Salceda de Caselas v\u00e9n de asinar os convenios cos 32 colectivos que contan con subvenci\u00f3n nominativa nos Orzamentos Municipais, por un importe total de 126.751,40\u20ac. <a class=\"mh-excerpt-more\" href=\"https:\/\/www.anovapeneira.gal\/index.php\/2024\/11\/04\/salceda-subvenciona-con-mais-de-126-000-e-aos-seus-colectivos\/\" title=\"Salceda subvenciona con m\u00e1is de 126.000 \u20ac aos seus colectivos\">[&#8230;]<\/a><\/p>\n<\/div>","protected":false},"author":3,"featured_media":12699,"comment_status":"open","ping_status":"open","sticky":false,"template":"","format":"standard","meta":{"_exactmetrics_skip_tracking":false,"_exactmetrics_sitenote_active":false,"_exactmetrics_sitenote_note":"","_exactmetrics_sitenote_category":0,"footnotes":""},"categories":[23],"tags":[359],"class_list":{"0":"post-12698","1":"post","2":"type-post","3":"status-publish","4":"format-standard","5":"has-post-thumbnail","7":"category-a-lourina","8":"tag-concello-de-salceda-de-caselas"},"yoast_head":"<!-- This site is optimized with the Yoast SEO plugin v27.4 - https:\/\/yoast.com\/product\/yoast-seo-wordpress\/ -->\n<title>Salceda subvenciona con m\u00e1is de 126.000 \u20ac aos seus colectivos -<\/title>\n<meta name=\"robots\" content=\"index, follow, max-snippet:-1, max-image-preview:large, max-video-preview:-1\" \/>\n<link rel=\"canonical\" href=\"https:\/\/www.anovapeneira.gal\/index.php\/2024\/11\/04\/salceda-subvenciona-con-mais-de-126-000-e-aos-seus-colectivos\/\" \/>\n<meta property=\"og:locale\" content=\"gl_ES\" \/>\n<meta property=\"og:type\" content=\"article\" \/>\n<meta property=\"og:title\" content=\"Salceda subvenciona con m\u00e1is de 126.000 \u20ac aos seus colectivos -\" \/>\n<meta property=\"og:description\" content=\"O Concello de Salceda de Caselas v\u00e9n de asinar os convenios cos 32 colectivos que contan con subvenci\u00f3n nominativa nos Orzamentos Municipais, por un importe total de 126.751,40\u20ac. [...]\" \/>\n<meta property=\"og:url\" content=\"https:\/\/www.anovapeneira.gal\/index.php\/2024\/11\/04\/salceda-subvenciona-con-mais-de-126-000-e-aos-seus-colectivos\/\" \/>\n<meta property=\"article:publisher\" content=\"https:\/\/www.facebook.com\/anovapeneira\" \/>\n<meta property=\"article:published_time\" content=\"2024-11-04T11:00:32+00:00\" \/>\n<meta property=\"og:image\" content=\"https:\/\/www.anovapeneira.gal\/wp-content\/uploads\/2024\/10\/familia_goberno.png\" \/>\n\t<meta property=\"og:image:width\" content=\"720\" \/>\n\t<meta property=\"og:image:height\" content=\"432\" \/>\n\t<meta property=\"og:image:type\" content=\"image\/png\" \/>\n<meta name=\"author\" content=\"Redacci\u00f3n A Nova Peneira\" \/>\n<meta name=\"twitter:card\" content=\"summary_large_image\" \/>\n<meta name=\"twitter:creator\" content=\"@APeneira\" \/>\n<meta name=\"twitter:site\" content=\"@APeneira\" \/>\n<meta name=\"twitter:label1\" content=\"Escrito por\" \/>\n\t<meta name=\"twitter:data1\" content=\"Redacci\u00f3n A Nova Peneira\" \/>\n\t<meta name=\"twitter:label2\" content=\"Tempo de lectura\" \/>\n\t<meta name=\"twitter:data2\" content=\"3 minutos\" \/>\n<script type=\"application\/ld+json\" class=\"yoast-schema-graph\">{\"@context\":\"https:\\\/\\\/schema.org\",\"@graph\":[{\"@type\":\"Article\",\"@id\":\"https:\\\/\\\/www.anovapeneira.gal\\\/index.php\\\/2024\\\/11\\\/04\\\/salceda-subvenciona-con-mais-de-126-000-e-aos-seus-colectivos\\\/#article\",\"isPartOf\":{\"@id\":\"https:\\\/\\\/www.anovapeneira.gal\\\/index.php\\\/2024\\\/11\\\/04\\\/salceda-subvenciona-con-mais-de-126-000-e-aos-seus-colectivos\\\/\"},\"author\":{\"name\":\"Redacci\u00f3n A Nova Peneira\",\"@id\":\"https:\\\/\\\/www.anovapeneira.gal\\\/#\\\/schema\\\/person\\\/b93e3f8932e3f8da96334607eb6ac6aa\"},\"headline\":\"Salceda subvenciona con m\u00e1is de 126.000 \u20ac aos seus colectivos\",\"datePublished\":\"2024-11-04T11:00:32+00:00\",\"mainEntityOfPage\":{\"@id\":\"https:\\\/\\\/www.anovapeneira.gal\\\/index.php\\\/2024\\\/11\\\/04\\\/salceda-subvenciona-con-mais-de-126-000-e-aos-seus-colectivos\\\/\"},\"wordCount\":398,\"commentCount\":0,\"publisher\":{\"@id\":\"https:\\\/\\\/www.anovapeneira.gal\\\/#organization\"},\"image\":{\"@id\":\"https:\\\/\\\/www.anovapeneira.gal\\\/index.php\\\/2024\\\/11\\\/04\\\/salceda-subvenciona-con-mais-de-126-000-e-aos-seus-colectivos\\\/#primaryimage\"},\"thumbnailUrl\":\"https:\\\/\\\/www.anovapeneira.gal\\\/wp-content\\\/uploads\\\/2024\\\/10\\\/familia_goberno.png\",\"keywords\":[\"Concello de Salceda de Caselas\"],\"articleSection\":[\"A Louri\u00f1a\"],\"inLanguage\":\"gl-ES\",\"potentialAction\":[{\"@type\":\"CommentAction\",\"name\":\"Comment\",\"target\":[\"https:\\\/\\\/www.anovapeneira.gal\\\/index.php\\\/2024\\\/11\\\/04\\\/salceda-subvenciona-con-mais-de-126-000-e-aos-seus-colectivos\\\/#respond\"]}]},{\"@type\":\"WebPage\",\"@id\":\"https:\\\/\\\/www.anovapeneira.gal\\\/index.php\\\/2024\\\/11\\\/04\\\/salceda-subvenciona-con-mais-de-126-000-e-aos-seus-colectivos\\\/\",\"url\":\"https:\\\/\\\/www.anovapeneira.gal\\\/index.php\\\/2024\\\/11\\\/04\\\/salceda-subvenciona-con-mais-de-126-000-e-aos-seus-colectivos\\\/\",\"name\":\"Salceda subvenciona con m\u00e1is de 126.000 \u20ac aos seus colectivos -\",\"isPartOf\":{\"@id\":\"https:\\\/\\\/www.anovapeneira.gal\\\/#website\"},\"primaryImageOfPage\":{\"@id\":\"https:\\\/\\\/www.anovapeneira.gal\\\/index.php\\\/2024\\\/11\\\/04\\\/salceda-subvenciona-con-mais-de-126-000-e-aos-seus-colectivos\\\/#primaryimage\"},\"image\":{\"@id\":\"https:\\\/\\\/www.anovapeneira.gal\\\/index.php\\\/2024\\\/11\\\/04\\\/salceda-subvenciona-con-mais-de-126-000-e-aos-seus-colectivos\\\/#primaryimage\"},\"thumbnailUrl\":\"https:\\\/\\\/www.anovapeneira.gal\\\/wp-content\\\/uploads\\\/2024\\\/10\\\/familia_goberno.png\",\"datePublished\":\"2024-11-04T11:00:32+00:00\",\"breadcrumb\":{\"@id\":\"https:\\\/\\\/www.anovapeneira.gal\\\/index.php\\\/2024\\\/11\\\/04\\\/salceda-subvenciona-con-mais-de-126-000-e-aos-seus-colectivos\\\/#breadcrumb\"},\"inLanguage\":\"gl-ES\",\"potentialAction\":[{\"@type\":\"ReadAction\",\"target\":[\"https:\\\/\\\/www.anovapeneira.gal\\\/index.php\\\/2024\\\/11\\\/04\\\/salceda-subvenciona-con-mais-de-126-000-e-aos-seus-colectivos\\\/\"]}]},{\"@type\":\"ImageObject\",\"inLanguage\":\"gl-ES\",\"@id\":\"https:\\\/\\\/www.anovapeneira.gal\\\/index.php\\\/2024\\\/11\\\/04\\\/salceda-subvenciona-con-mais-de-126-000-e-aos-seus-colectivos\\\/#primaryimage\",\"url\":\"https:\\\/\\\/www.anovapeneira.gal\\\/wp-content\\\/uploads\\\/2024\\\/10\\\/familia_goberno.png\",\"contentUrl\":\"https:\\\/\\\/www.anovapeneira.gal\\\/wp-content\\\/uploads\\\/2024\\\/10\\\/familia_goberno.png\",\"width\":720,\"height\":432,\"caption\":\"Salceda subvenciona\"},{\"@type\":\"BreadcrumbList\",\"@id\":\"https:\\\/\\\/www.anovapeneira.gal\\\/index.php\\\/2024\\\/11\\\/04\\\/salceda-subvenciona-con-mais-de-126-000-e-aos-seus-colectivos\\\/#breadcrumb\",\"itemListElement\":[{\"@type\":\"ListItem\",\"position\":1,\"name\":\"Portada\",\"item\":\"https:\\\/\\\/www.anovapeneira.gal\\\/\"},{\"@type\":\"ListItem\",\"position\":2,\"name\":\"Salceda subvenciona con m\u00e1is de 126.000 \u20ac aos seus colectivos\"}]},{\"@type\":\"WebSite\",\"@id\":\"https:\\\/\\\/www.anovapeneira.gal\\\/#website\",\"url\":\"https:\\\/\\\/www.anovapeneira.gal\\\/\",\"name\":\"\",\"description\":\"Xornal galego de informaci\u00f3n xeral Publicaci\u00f3n mensual de novas de Galicia e en especial dos Concellos da sur da provincia de Pontevedra.\",\"publisher\":{\"@id\":\"https:\\\/\\\/www.anovapeneira.gal\\\/#organization\"},\"potentialAction\":[{\"@type\":\"SearchAction\",\"target\":{\"@type\":\"EntryPoint\",\"urlTemplate\":\"https:\\\/\\\/www.anovapeneira.gal\\\/?s={search_term_string}\"},\"query-input\":{\"@type\":\"PropertyValueSpecification\",\"valueRequired\":true,\"valueName\":\"search_term_string\"}}],\"inLanguage\":\"gl-ES\"},{\"@type\":\"Organization\",\"@id\":\"https:\\\/\\\/www.anovapeneira.gal\\\/#organization\",\"name\":\"A Nova Peneira\",\"url\":\"https:\\\/\\\/www.anovapeneira.gal\\\/\",\"logo\":{\"@type\":\"ImageObject\",\"inLanguage\":\"gl-ES\",\"@id\":\"https:\\\/\\\/www.anovapeneira.gal\\\/#\\\/schema\\\/logo\\\/image\\\/\",\"url\":\"http:\\\/\\\/www.anovapeneira.gal\\\/wp-content\\\/uploads\\\/2019\\\/06\\\/logo_a_nova_peneira_portal_web.png\",\"contentUrl\":\"http:\\\/\\\/www.anovapeneira.gal\\\/wp-content\\\/uploads\\\/2019\\\/06\\\/logo_a_nova_peneira_portal_web.png\",\"width\":300,\"height\":100,\"caption\":\"A Nova Peneira\"},\"image\":{\"@id\":\"https:\\\/\\\/www.anovapeneira.gal\\\/#\\\/schema\\\/logo\\\/image\\\/\"},\"sameAs\":[\"https:\\\/\\\/www.facebook.com\\\/anovapeneira\",\"https:\\\/\\\/x.com\\\/APeneira\"]},{\"@type\":\"Person\",\"@id\":\"https:\\\/\\\/www.anovapeneira.gal\\\/#\\\/schema\\\/person\\\/b93e3f8932e3f8da96334607eb6ac6aa\",\"name\":\"Redacci\u00f3n A Nova Peneira\",\"image\":{\"@type\":\"ImageObject\",\"inLanguage\":\"gl-ES\",\"@id\":\"https:\\\/\\\/secure.gravatar.com\\\/avatar\\\/c052a2551a06e23fac63626232eaa90abd78dbcf1700fc46a2b2c89fd27b735f?s=96&d=mm&r=g\",\"url\":\"https:\\\/\\\/secure.gravatar.com\\\/avatar\\\/c052a2551a06e23fac63626232eaa90abd78dbcf1700fc46a2b2c89fd27b735f?s=96&d=mm&r=g\",\"contentUrl\":\"https:\\\/\\\/secure.gravatar.com\\\/avatar\\\/c052a2551a06e23fac63626232eaa90abd78dbcf1700fc46a2b2c89fd27b735f?s=96&d=mm&r=g\",\"caption\":\"Redacci\u00f3n A Nova Peneira\"},\"sameAs\":[\"http:\\\/\\\/www.anovapeneira.gal\\\/\"],\"url\":\"https:\\\/\\\/www.anovapeneira.gal\\\/index.php\\\/author\\\/redactor\\\/\"}]}<\/script>\n<!-- \/ Yoast SEO plugin. -->","yoast_head_json":{"title":"Salceda subvenciona con m\u00e1is de 126.000 \u20ac aos seus colectivos -","robots":{"index":"index","follow":"follow","max-snippet":"max-snippet:-1","max-image-preview":"max-image-preview:large","max-video-preview":"max-video-preview:-1"},"canonical":"https:\/\/www.anovapeneira.gal\/index.php\/2024\/11\/04\/salceda-subvenciona-con-mais-de-126-000-e-aos-seus-colectivos\/","og_locale":"gl_ES","og_type":"article","og_title":"Salceda subvenciona con m\u00e1is de 126.000 \u20ac aos seus colectivos -","og_description":"O Concello de Salceda de Caselas v\u00e9n de asinar os convenios cos 32 colectivos que contan con subvenci\u00f3n nominativa nos Orzamentos Municipais, por un importe total de 126.751,40\u20ac. [...]","og_url":"https:\/\/www.anovapeneira.gal\/index.php\/2024\/11\/04\/salceda-subvenciona-con-mais-de-126-000-e-aos-seus-colectivos\/","article_publisher":"https:\/\/www.facebook.com\/anovapeneira","article_published_time":"2024-11-04T11:00:32+00:00","og_image":[{"width":720,"height":432,"url":"https:\/\/www.anovapeneira.gal\/wp-content\/uploads\/2024\/10\/familia_goberno.png","type":"image\/png"}],"author":"Redacci\u00f3n A Nova Peneira","twitter_card":"summary_large_image","twitter_creator":"@APeneira","twitter_site":"@APeneira","twitter_misc":{"Escrito por":"Redacci\u00f3n A Nova Peneira","Tempo de lectura":"3 minutos"},"schema":{"@context":"https:\/\/schema.org","@graph":[{"@type":"Article","@id":"https:\/\/www.anovapeneira.gal\/index.php\/2024\/11\/04\/salceda-subvenciona-con-mais-de-126-000-e-aos-seus-colectivos\/#article","isPartOf":{"@id":"https:\/\/www.anovapeneira.gal\/index.php\/2024\/11\/04\/salceda-subvenciona-con-mais-de-126-000-e-aos-seus-colectivos\/"},"author":{"name":"Redacci\u00f3n A Nova Peneira","@id":"https:\/\/www.anovapeneira.gal\/#\/schema\/person\/b93e3f8932e3f8da96334607eb6ac6aa"},"headline":"Salceda subvenciona con m\u00e1is de 126.000 \u20ac aos seus colectivos","datePublished":"2024-11-04T11:00:32+00:00","mainEntityOfPage":{"@id":"https:\/\/www.anovapeneira.gal\/index.php\/2024\/11\/04\/salceda-subvenciona-con-mais-de-126-000-e-aos-seus-colectivos\/"},"wordCount":398,"commentCount":0,"publisher":{"@id":"https:\/\/www.anovapeneira.gal\/#organization"},"image":{"@id":"https:\/\/www.anovapeneira.gal\/index.php\/2024\/11\/04\/salceda-subvenciona-con-mais-de-126-000-e-aos-seus-colectivos\/#primaryimage"},"thumbnailUrl":"https:\/\/www.anovapeneira.gal\/wp-content\/uploads\/2024\/10\/familia_goberno.png","keywords":["Concello de Salceda de Caselas"],"articleSection":["A Louri\u00f1a"],"inLanguage":"gl-ES","potentialAction":[{"@type":"CommentAction","name":"Comment","target":["https:\/\/www.anovapeneira.gal\/index.php\/2024\/11\/04\/salceda-subvenciona-con-mais-de-126-000-e-aos-seus-colectivos\/#respond"]}]},{"@type":"WebPage","@id":"https:\/\/www.anovapeneira.gal\/index.php\/2024\/11\/04\/salceda-subvenciona-con-mais-de-126-000-e-aos-seus-colectivos\/","url":"https:\/\/www.anovapeneira.gal\/index.php\/2024\/11\/04\/salceda-subvenciona-con-mais-de-126-000-e-aos-seus-colectivos\/","name":"Salceda subvenciona con m\u00e1is de 126.000 \u20ac aos seus colectivos -","isPartOf":{"@id":"https:\/\/www.anovapeneira.gal\/#website"},"primaryImageOfPage":{"@id":"https:\/\/www.anovapeneira.gal\/index.php\/2024\/11\/04\/salceda-subvenciona-con-mais-de-126-000-e-aos-seus-colectivos\/#primaryimage"},"image":{"@id":"https:\/\/www.anovapeneira.gal\/index.php\/2024\/11\/04\/salceda-subvenciona-con-mais-de-126-000-e-aos-seus-colectivos\/#primaryimage"},"thumbnailUrl":"https:\/\/www.anovapeneira.gal\/wp-content\/uploads\/2024\/10\/familia_goberno.png","datePublished":"2024-11-04T11:00:32+00:00","breadcrumb":{"@id":"https:\/\/www.anovapeneira.gal\/index.php\/2024\/11\/04\/salceda-subvenciona-con-mais-de-126-000-e-aos-seus-colectivos\/#breadcrumb"},"inLanguage":"gl-ES","potentialAction":[{"@type":"ReadAction","target":["https:\/\/www.anovapeneira.gal\/index.php\/2024\/11\/04\/salceda-subvenciona-con-mais-de-126-000-e-aos-seus-colectivos\/"]}]},{"@type":"ImageObject","inLanguage":"gl-ES","@id":"https:\/\/www.anovapeneira.gal\/index.php\/2024\/11\/04\/salceda-subvenciona-con-mais-de-126-000-e-aos-seus-colectivos\/#primaryimage","url":"https:\/\/www.anovapeneira.gal\/wp-content\/uploads\/2024\/10\/familia_goberno.png","contentUrl":"https:\/\/www.anovapeneira.gal\/wp-content\/uploads\/2024\/10\/familia_goberno.png","width":720,"height":432,"caption":"Salceda subvenciona"},{"@type":"BreadcrumbList","@id":"https:\/\/www.anovapeneira.gal\/index.php\/2024\/11\/04\/salceda-subvenciona-con-mais-de-126-000-e-aos-seus-colectivos\/#breadcrumb","itemListElement":[{"@type":"ListItem","position":1,"name":"Portada","item":"https:\/\/www.anovapeneira.gal\/"},{"@type":"ListItem","position":2,"name":"Salceda subvenciona con m\u00e1is de 126.000 \u20ac aos seus colectivos"}]},{"@type":"WebSite","@id":"https:\/\/www.anovapeneira.gal\/#website","url":"https:\/\/www.anovapeneira.gal\/","name":"","description":"Xornal galego de informaci\u00f3n xeral Publicaci\u00f3n mensual de novas de Galicia e en especial dos Concellos da sur da provincia de Pontevedra.","publisher":{"@id":"https:\/\/www.anovapeneira.gal\/#organization"},"potentialAction":[{"@type":"SearchAction","target":{"@type":"EntryPoint","urlTemplate":"https:\/\/www.anovapeneira.gal\/?s={search_term_string}"},"query-input":{"@type":"PropertyValueSpecification","valueRequired":true,"valueName":"search_term_string"}}],"inLanguage":"gl-ES"},{"@type":"Organization","@id":"https:\/\/www.anovapeneira.gal\/#organization","name":"A Nova Peneira","url":"https:\/\/www.anovapeneira.gal\/","logo":{"@type":"ImageObject","inLanguage":"gl-ES","@id":"https:\/\/www.anovapeneira.gal\/#\/schema\/logo\/image\/","url":"http:\/\/www.anovapeneira.gal\/wp-content\/uploads\/2019\/06\/logo_a_nova_peneira_portal_web.png","contentUrl":"http:\/\/www.anovapeneira.gal\/wp-content\/uploads\/2019\/06\/logo_a_nova_peneira_portal_web.png","width":300,"height":100,"caption":"A Nova Peneira"},"image":{"@id":"https:\/\/www.anovapeneira.gal\/#\/schema\/logo\/image\/"},"sameAs":["https:\/\/www.facebook.com\/anovapeneira","https:\/\/x.com\/APeneira"]},{"@type":"Person","@id":"https:\/\/www.anovapeneira.gal\/#\/schema\/person\/b93e3f8932e3f8da96334607eb6ac6aa","name":"Redacci\u00f3n A Nova Peneira","image":{"@type":"ImageObject","inLanguage":"gl-ES","@id":"https:\/\/secure.gravatar.com\/avatar\/c052a2551a06e23fac63626232eaa90abd78dbcf1700fc46a2b2c89fd27b735f?s=96&d=mm&r=g","url":"https:\/\/secure.gravatar.com\/avatar\/c052a2551a06e23fac63626232eaa90abd78dbcf1700fc46a2b2c89fd27b735f?s=96&d=mm&r=g","contentUrl":"https:\/\/secure.gravatar.com\/avatar\/c052a2551a06e23fac63626232eaa90abd78dbcf1700fc46a2b2c89fd27b735f?s=96&d=mm&r=g","caption":"Redacci\u00f3n A Nova Peneira"},"sameAs":["http:\/\/www.anovapeneira.gal\/"],"url":"https:\/\/www.anovapeneira.gal\/index.php\/author\/redactor\/"}]}},"jetpack_featured_media_url":"https:\/\/www.anovapeneira.gal\/wp-content\/uploads\/2024\/10\/familia_goberno.png","_links":{"self":[{"href":"https:\/\/www.anovapeneira.gal\/index.php\/wp-json\/wp\/v2\/posts\/12698","targetHints":{"allow":["GET"]}}],"collection":[{"href":"https:\/\/www.anovapeneira.gal\/index.php\/wp-json\/wp\/v2\/posts"}],"about":[{"href":"https:\/\/www.anovapeneira.gal\/index.php\/wp-json\/wp\/v2\/types\/post"}],"author":[{"embeddable":true,"href":"https:\/\/www.anovapeneira.gal\/index.php\/wp-json\/wp\/v2\/users\/3"}],"replies":[{"embeddable":true,"href":"https:\/\/www.anovapeneira.gal\/index.php\/wp-json\/wp\/v2\/comments?post=12698"}],"version-history":[{"count":1,"href":"https:\/\/www.anovapeneira.gal\/index.php\/wp-json\/wp\/v2\/posts\/12698\/revisions"}],"predecessor-version":[{"id":12700,"href":"https:\/\/www.anovapeneira.gal\/index.php\/wp-json\/wp\/v2\/posts\/12698\/revisions\/12700"}],"wp:featuredmedia":[{"embeddable":true,"href":"https:\/\/www.anovapeneira.gal\/index.php\/wp-json\/wp\/v2\/media\/12699"}],"wp:attachment":[{"href":"https:\/\/www.anovapeneira.gal\/index.php\/wp-json\/wp\/v2\/media?parent=12698"}],"wp:term":[{"taxonomy":"category","embeddable":true,"href":"https:\/\/www.anovapeneira.gal\/index.php\/wp-json\/wp\/v2\/categories?post=12698"},{"taxonomy":"post_tag","embeddable":true,"href":"https:\/\/www.anovapeneira.gal\/index.php\/wp-json\/wp\/v2\/tags?post=12698"}],"curies":[{"name":"wp","href":"https:\/\/api.w.org\/{rel}","templated":true}]}}