{"id":1272,"date":"2019-09-19T14:00:23","date_gmt":"2019-09-19T12:00:23","guid":{"rendered":"http:\/\/www.anovapeneira.gal\/?p=1272"},"modified":"2019-09-16T14:04:22","modified_gmt":"2019-09-16T12:04:22","slug":"a-concelleria-de-medio-ambiente-reta-a-cidadania-a-participar-na-carreira-de-orientacion","status":"publish","type":"post","link":"https:\/\/www.anovapeneira.gal\/index.php\/2019\/09\/19\/a-concelleria-de-medio-ambiente-reta-a-cidadania-a-participar-na-carreira-de-orientacion\/","title":{"rendered":"A conceller\u00eda de Medio Ambiente reta \u00e1 cidadan\u00eda a participar na Carreira de Orientaci\u00f3n"},"content":{"rendered":"\n<h2 class=\"wp-block-heading\"><strong>O vindeiro 22 de setembro os e as participantes na Carreira de Orientaci\u00f3n donar\u00e1n o valor da s\u00faa inscrici\u00f3n \u00e1 protectora Os Biorbardos<\/strong><\/h2>\n\n\n\n<h2 class=\"wp-block-heading\"><strong>Unha proba apta para todos os p\u00fablicos e condici\u00f3ns f\u00edsicas<\/strong><\/h2>\n\n\n\n<p><strong>Ponteareas, 10 de setembro de 2019<\/strong><\/p>\n\n\n\n<p>A conceller\u00eda de Medio Ambiente, que dirixe Rosa Covelo, convida a toda a cidadan\u00eda a participar na Carreira de Orientaci\u00f3n que  ter\u00e1 lugar o vindeiro domingo 22 de setembro.<\/p>\n\n\n\n<p>Cun moi\nbaixo custe de inscrici\u00f3n todas as persoas participantes colaborar\u00e1n\ncoa protectora de animais Os Biosbardos que recibir\u00e1n o prezo da\ninscrici\u00f3n que se fixa en catro euros para os adultos e tres para os\nmenores.<\/p>\n\n\n\n<p>A Carreira\nde Orientaci\u00f3n, dirixida por Toxo Aventura, levar\u00e1 aos\nparticipantes polo centro urbano de Ponteareas contribu\u00edndo ao\nco\u00f1ecemento do noso patrimonio natural, hist\u00f3rico e arquitect\u00f3nico\npero tam\u00e9n desvelar\u00e1 recunchos singualares.<\/p>\n\n\n\n<p>Ademais\nfomentar\u00e1 a concienciaci\u00f3n de respecto ao medio ambiente e a\nimportancia de non consumir m\u00e1is pl\u00e1sticos dos imprescindibles\nconvidando aos participantes a retornar o vaso de pl\u00e1stico que se\nentrega coa inscrici\u00f3n compensando esta acci\u00f3n cun euro de volta e\nentregando a Os Biorbardos tres euros no caso dos adultos e dous no\ncaso dos menores.<\/p>\n\n\n\n<p>A inscrici\u00f3n\np\u00f3dese facer de xeito individual ou en grupo (equipos), e existir\u00e1n\n4 categor\u00edas diferentes: Toxi\u00f1os (iniciaci\u00f3n para nenas\/os, se son\nmenores de 9 anos deber\u00e1n ir acompa\u00f1ados de un adulto), Toxos\n(adultos ou nenas\/os con maior dificultade f\u00edsica e t\u00e9cnica),\nToxeiras (categor\u00eda s\u00f3 pensada para persoas con altos co\u00f1ecementos\nen Orientaci\u00f3n) e Chorimas (categor\u00eda aberta para persoas con\ndiscapacidade).<\/p>\n\n\n\n<p>A proba dar\u00e1\ncomezo \u00e1s 10:30 dende a Praza Maior, e consistir\u00e1 en atopar, en\norde, unha serie de puntos (denominadas balizas), espalladas polo\nentorno urbano do Concello. Para iso dispor\u00e1n dun mapa\nespec\u00edficamente creado para este tipo de carreiras, e a\u00ednda que non\nse trata dunha proba competitiva, o equipo\/persoa ga\u00f1ador ser\u00e1\naquel que faga correctamente o seu percorrido no menor tempo posible.<\/p>\n\n\n\n<p>Os\nparticipantes contar\u00e1n para isto cunha tarxeta electr\u00f3nica que lle\nfacilitar\u00e1 a organizaci\u00f3n, para comprobar que o percorrido \u00e9\nv\u00e1lido. Caber\u00eda salientar tam\u00e9n que esta proba ter\u00e1 horarios de\nsa\u00edda escalonados, de xeito que ningunha persoa\/equipo sair\u00e1 ao\nmesmo tempo que outra co mesmo percorrido.<\/p>\n\n\n\n<p>Ao rematar a\ncarreira, a organizaci\u00f3n dispor\u00e1 dun pequeno avituallamento para\nt\u00f3dolos participantes, onde poder\u00e1n comprobar en tempo real os\nresultados.<\/p>\n\n\n\n<p>Rosa Covelo\nadianta que se trata dunha actividade apta para todas as idades e fai\nextensivo o convite \u00e1s familias que poden participar como equipo.<\/p>\n","protected":false},"excerpt":{"rendered":"<div class=\"mh-excerpt\"><p>O vindeiro 22 de setembro os e as participantes na Carreira de Orientaci\u00f3n donar\u00e1n o valor da s\u00faa inscrici\u00f3n \u00e1 protectora Os Biorbardos <a class=\"mh-excerpt-more\" href=\"https:\/\/www.anovapeneira.gal\/index.php\/2019\/09\/19\/a-concelleria-de-medio-ambiente-reta-a-cidadania-a-participar-na-carreira-de-orientacion\/\" title=\"A conceller\u00eda de Medio Ambiente reta \u00e1 cidadan\u00eda a participar na Carreira de Orientaci\u00f3n\">[&#8230;]<\/a><\/p>\n<\/div>","protected":false},"author":3,"featured_media":1273,"comment_status":"open","ping_status":"open","sticky":false,"template":"","format":"standard","meta":{"_exactmetrics_skip_tracking":false,"_exactmetrics_sitenote_active":false,"_exactmetrics_sitenote_note":"","_exactmetrics_sitenote_category":0,"footnotes":""},"categories":[25],"tags":[590,208,159],"class_list":{"0":"post-1272","1":"post","2":"type-post","3":"status-publish","4":"format-standard","5":"has-post-thumbnail","7":"category-condado","8":"tag-carreira-de-orientacion","9":"tag-concello-de-ponteareas","10":"tag-medio-ambiente"},"yoast_head":"<!-- This site is optimized with the Yoast SEO plugin v27.4 - https:\/\/yoast.com\/product\/yoast-seo-wordpress\/ -->\n<title>A conceller\u00eda de Medio Ambiente reta \u00e1 cidadan\u00eda a participar na Carreira de Orientaci\u00f3n -<\/title>\n<meta name=\"robots\" content=\"index, follow, max-snippet:-1, max-image-preview:large, max-video-preview:-1\" \/>\n<link rel=\"canonical\" href=\"https:\/\/www.anovapeneira.gal\/index.php\/2019\/09\/19\/a-concelleria-de-medio-ambiente-reta-a-cidadania-a-participar-na-carreira-de-orientacion\/\" \/>\n<meta property=\"og:locale\" content=\"gl_ES\" \/>\n<meta property=\"og:type\" content=\"article\" \/>\n<meta property=\"og:title\" content=\"A conceller\u00eda de Medio Ambiente reta \u00e1 cidadan\u00eda a participar na Carreira de Orientaci\u00f3n -\" \/>\n<meta property=\"og:description\" content=\"O vindeiro 22 de setembro os e as participantes na Carreira de Orientaci\u00f3n donar\u00e1n o valor da s\u00faa inscrici\u00f3n \u00e1 protectora Os Biorbardos [...]\" \/>\n<meta property=\"og:url\" content=\"https:\/\/www.anovapeneira.gal\/index.php\/2019\/09\/19\/a-concelleria-de-medio-ambiente-reta-a-cidadania-a-participar-na-carreira-de-orientacion\/\" \/>\n<meta property=\"article:publisher\" content=\"https:\/\/www.facebook.com\/anovapeneira\" \/>\n<meta property=\"article:published_time\" content=\"2019-09-19T12:00:23+00:00\" \/>\n<meta property=\"og:image\" content=\"https:\/\/www.anovapeneira.gal\/wp-content\/uploads\/2019\/09\/ponteareas_carreira_orientacion_a_nova_peneira.jpg\" \/>\n\t<meta property=\"og:image:width\" content=\"720\" \/>\n\t<meta property=\"og:image:height\" content=\"473\" \/>\n\t<meta property=\"og:image:type\" content=\"image\/jpeg\" \/>\n<meta name=\"author\" content=\"Redacci\u00f3n A Nova Peneira\" \/>\n<meta name=\"twitter:card\" content=\"summary_large_image\" \/>\n<meta name=\"twitter:creator\" content=\"@APeneira\" \/>\n<meta name=\"twitter:site\" content=\"@APeneira\" \/>\n<meta name=\"twitter:label1\" content=\"Escrito por\" \/>\n\t<meta name=\"twitter:data1\" content=\"Redacci\u00f3n A Nova Peneira\" \/>\n\t<meta name=\"twitter:label2\" content=\"Tempo de lectura\" \/>\n\t<meta name=\"twitter:data2\" content=\"2 minutos\" \/>\n<script type=\"application\/ld+json\" class=\"yoast-schema-graph\">{\"@context\":\"https:\\\/\\\/schema.org\",\"@graph\":[{\"@type\":\"Article\",\"@id\":\"https:\\\/\\\/www.anovapeneira.gal\\\/index.php\\\/2019\\\/09\\\/19\\\/a-concelleria-de-medio-ambiente-reta-a-cidadania-a-participar-na-carreira-de-orientacion\\\/#article\",\"isPartOf\":{\"@id\":\"https:\\\/\\\/www.anovapeneira.gal\\\/index.php\\\/2019\\\/09\\\/19\\\/a-concelleria-de-medio-ambiente-reta-a-cidadania-a-participar-na-carreira-de-orientacion\\\/\"},\"author\":{\"name\":\"Redacci\u00f3n A Nova Peneira\",\"@id\":\"https:\\\/\\\/www.anovapeneira.gal\\\/#\\\/schema\\\/person\\\/b93e3f8932e3f8da96334607eb6ac6aa\"},\"headline\":\"A conceller\u00eda de Medio Ambiente reta \u00e1 cidadan\u00eda a participar na Carreira de Orientaci\u00f3n\",\"datePublished\":\"2019-09-19T12:00:23+00:00\",\"mainEntityOfPage\":{\"@id\":\"https:\\\/\\\/www.anovapeneira.gal\\\/index.php\\\/2019\\\/09\\\/19\\\/a-concelleria-de-medio-ambiente-reta-a-cidadania-a-participar-na-carreira-de-orientacion\\\/\"},\"wordCount\":474,\"commentCount\":0,\"publisher\":{\"@id\":\"https:\\\/\\\/www.anovapeneira.gal\\\/#organization\"},\"image\":{\"@id\":\"https:\\\/\\\/www.anovapeneira.gal\\\/index.php\\\/2019\\\/09\\\/19\\\/a-concelleria-de-medio-ambiente-reta-a-cidadania-a-participar-na-carreira-de-orientacion\\\/#primaryimage\"},\"thumbnailUrl\":\"https:\\\/\\\/www.anovapeneira.gal\\\/wp-content\\\/uploads\\\/2019\\\/09\\\/ponteareas_carreira_orientacion_a_nova_peneira.jpg\",\"keywords\":[\"Carreira de Orientaci\u00f3n\",\"Concello de Ponteareas\",\"Medio Ambiente\"],\"articleSection\":[\"Condado\"],\"inLanguage\":\"gl-ES\",\"potentialAction\":[{\"@type\":\"CommentAction\",\"name\":\"Comment\",\"target\":[\"https:\\\/\\\/www.anovapeneira.gal\\\/index.php\\\/2019\\\/09\\\/19\\\/a-concelleria-de-medio-ambiente-reta-a-cidadania-a-participar-na-carreira-de-orientacion\\\/#respond\"]}]},{\"@type\":\"WebPage\",\"@id\":\"https:\\\/\\\/www.anovapeneira.gal\\\/index.php\\\/2019\\\/09\\\/19\\\/a-concelleria-de-medio-ambiente-reta-a-cidadania-a-participar-na-carreira-de-orientacion\\\/\",\"url\":\"https:\\\/\\\/www.anovapeneira.gal\\\/index.php\\\/2019\\\/09\\\/19\\\/a-concelleria-de-medio-ambiente-reta-a-cidadania-a-participar-na-carreira-de-orientacion\\\/\",\"name\":\"A conceller\u00eda de Medio Ambiente reta \u00e1 cidadan\u00eda a participar na Carreira de Orientaci\u00f3n -\",\"isPartOf\":{\"@id\":\"https:\\\/\\\/www.anovapeneira.gal\\\/#website\"},\"primaryImageOfPage\":{\"@id\":\"https:\\\/\\\/www.anovapeneira.gal\\\/index.php\\\/2019\\\/09\\\/19\\\/a-concelleria-de-medio-ambiente-reta-a-cidadania-a-participar-na-carreira-de-orientacion\\\/#primaryimage\"},\"image\":{\"@id\":\"https:\\\/\\\/www.anovapeneira.gal\\\/index.php\\\/2019\\\/09\\\/19\\\/a-concelleria-de-medio-ambiente-reta-a-cidadania-a-participar-na-carreira-de-orientacion\\\/#primaryimage\"},\"thumbnailUrl\":\"https:\\\/\\\/www.anovapeneira.gal\\\/wp-content\\\/uploads\\\/2019\\\/09\\\/ponteareas_carreira_orientacion_a_nova_peneira.jpg\",\"datePublished\":\"2019-09-19T12:00:23+00:00\",\"breadcrumb\":{\"@id\":\"https:\\\/\\\/www.anovapeneira.gal\\\/index.php\\\/2019\\\/09\\\/19\\\/a-concelleria-de-medio-ambiente-reta-a-cidadania-a-participar-na-carreira-de-orientacion\\\/#breadcrumb\"},\"inLanguage\":\"gl-ES\",\"potentialAction\":[{\"@type\":\"ReadAction\",\"target\":[\"https:\\\/\\\/www.anovapeneira.gal\\\/index.php\\\/2019\\\/09\\\/19\\\/a-concelleria-de-medio-ambiente-reta-a-cidadania-a-participar-na-carreira-de-orientacion\\\/\"]}]},{\"@type\":\"ImageObject\",\"inLanguage\":\"gl-ES\",\"@id\":\"https:\\\/\\\/www.anovapeneira.gal\\\/index.php\\\/2019\\\/09\\\/19\\\/a-concelleria-de-medio-ambiente-reta-a-cidadania-a-participar-na-carreira-de-orientacion\\\/#primaryimage\",\"url\":\"https:\\\/\\\/www.anovapeneira.gal\\\/wp-content\\\/uploads\\\/2019\\\/09\\\/ponteareas_carreira_orientacion_a_nova_peneira.jpg\",\"contentUrl\":\"https:\\\/\\\/www.anovapeneira.gal\\\/wp-content\\\/uploads\\\/2019\\\/09\\\/ponteareas_carreira_orientacion_a_nova_peneira.jpg\",\"width\":720,\"height\":473,\"caption\":\"sdr\"},{\"@type\":\"BreadcrumbList\",\"@id\":\"https:\\\/\\\/www.anovapeneira.gal\\\/index.php\\\/2019\\\/09\\\/19\\\/a-concelleria-de-medio-ambiente-reta-a-cidadania-a-participar-na-carreira-de-orientacion\\\/#breadcrumb\",\"itemListElement\":[{\"@type\":\"ListItem\",\"position\":1,\"name\":\"Portada\",\"item\":\"https:\\\/\\\/www.anovapeneira.gal\\\/\"},{\"@type\":\"ListItem\",\"position\":2,\"name\":\"A conceller\u00eda de Medio Ambiente reta \u00e1 cidadan\u00eda a participar na Carreira de Orientaci\u00f3n\"}]},{\"@type\":\"WebSite\",\"@id\":\"https:\\\/\\\/www.anovapeneira.gal\\\/#website\",\"url\":\"https:\\\/\\\/www.anovapeneira.gal\\\/\",\"name\":\"\",\"description\":\"Xornal galego de informaci\u00f3n xeral Publicaci\u00f3n mensual de novas de Galicia e en especial dos Concellos da sur da provincia de Pontevedra.\",\"publisher\":{\"@id\":\"https:\\\/\\\/www.anovapeneira.gal\\\/#organization\"},\"potentialAction\":[{\"@type\":\"SearchAction\",\"target\":{\"@type\":\"EntryPoint\",\"urlTemplate\":\"https:\\\/\\\/www.anovapeneira.gal\\\/?s={search_term_string}\"},\"query-input\":{\"@type\":\"PropertyValueSpecification\",\"valueRequired\":true,\"valueName\":\"search_term_string\"}}],\"inLanguage\":\"gl-ES\"},{\"@type\":\"Organization\",\"@id\":\"https:\\\/\\\/www.anovapeneira.gal\\\/#organization\",\"name\":\"A Nova Peneira\",\"url\":\"https:\\\/\\\/www.anovapeneira.gal\\\/\",\"logo\":{\"@type\":\"ImageObject\",\"inLanguage\":\"gl-ES\",\"@id\":\"https:\\\/\\\/www.anovapeneira.gal\\\/#\\\/schema\\\/logo\\\/image\\\/\",\"url\":\"http:\\\/\\\/www.anovapeneira.gal\\\/wp-content\\\/uploads\\\/2019\\\/06\\\/logo_a_nova_peneira_portal_web.png\",\"contentUrl\":\"http:\\\/\\\/www.anovapeneira.gal\\\/wp-content\\\/uploads\\\/2019\\\/06\\\/logo_a_nova_peneira_portal_web.png\",\"width\":300,\"height\":100,\"caption\":\"A Nova Peneira\"},\"image\":{\"@id\":\"https:\\\/\\\/www.anovapeneira.gal\\\/#\\\/schema\\\/logo\\\/image\\\/\"},\"sameAs\":[\"https:\\\/\\\/www.facebook.com\\\/anovapeneira\",\"https:\\\/\\\/x.com\\\/APeneira\"]},{\"@type\":\"Person\",\"@id\":\"https:\\\/\\\/www.anovapeneira.gal\\\/#\\\/schema\\\/person\\\/b93e3f8932e3f8da96334607eb6ac6aa\",\"name\":\"Redacci\u00f3n A Nova Peneira\",\"image\":{\"@type\":\"ImageObject\",\"inLanguage\":\"gl-ES\",\"@id\":\"https:\\\/\\\/secure.gravatar.com\\\/avatar\\\/c052a2551a06e23fac63626232eaa90abd78dbcf1700fc46a2b2c89fd27b735f?s=96&d=mm&r=g\",\"url\":\"https:\\\/\\\/secure.gravatar.com\\\/avatar\\\/c052a2551a06e23fac63626232eaa90abd78dbcf1700fc46a2b2c89fd27b735f?s=96&d=mm&r=g\",\"contentUrl\":\"https:\\\/\\\/secure.gravatar.com\\\/avatar\\\/c052a2551a06e23fac63626232eaa90abd78dbcf1700fc46a2b2c89fd27b735f?s=96&d=mm&r=g\",\"caption\":\"Redacci\u00f3n A Nova Peneira\"},\"sameAs\":[\"http:\\\/\\\/www.anovapeneira.gal\\\/\"],\"url\":\"https:\\\/\\\/www.anovapeneira.gal\\\/index.php\\\/author\\\/redactor\\\/\"}]}<\/script>\n<!-- \/ Yoast SEO plugin. -->","yoast_head_json":{"title":"A conceller\u00eda de Medio Ambiente reta \u00e1 cidadan\u00eda a participar na Carreira de Orientaci\u00f3n -","robots":{"index":"index","follow":"follow","max-snippet":"max-snippet:-1","max-image-preview":"max-image-preview:large","max-video-preview":"max-video-preview:-1"},"canonical":"https:\/\/www.anovapeneira.gal\/index.php\/2019\/09\/19\/a-concelleria-de-medio-ambiente-reta-a-cidadania-a-participar-na-carreira-de-orientacion\/","og_locale":"gl_ES","og_type":"article","og_title":"A conceller\u00eda de Medio Ambiente reta \u00e1 cidadan\u00eda a participar na Carreira de Orientaci\u00f3n -","og_description":"O vindeiro 22 de setembro os e as participantes na Carreira de Orientaci\u00f3n donar\u00e1n o valor da s\u00faa inscrici\u00f3n \u00e1 protectora Os Biorbardos [...]","og_url":"https:\/\/www.anovapeneira.gal\/index.php\/2019\/09\/19\/a-concelleria-de-medio-ambiente-reta-a-cidadania-a-participar-na-carreira-de-orientacion\/","article_publisher":"https:\/\/www.facebook.com\/anovapeneira","article_published_time":"2019-09-19T12:00:23+00:00","og_image":[{"width":720,"height":473,"url":"https:\/\/www.anovapeneira.gal\/wp-content\/uploads\/2019\/09\/ponteareas_carreira_orientacion_a_nova_peneira.jpg","type":"image\/jpeg"}],"author":"Redacci\u00f3n A Nova Peneira","twitter_card":"summary_large_image","twitter_creator":"@APeneira","twitter_site":"@APeneira","twitter_misc":{"Escrito por":"Redacci\u00f3n A Nova Peneira","Tempo de lectura":"2 minutos"},"schema":{"@context":"https:\/\/schema.org","@graph":[{"@type":"Article","@id":"https:\/\/www.anovapeneira.gal\/index.php\/2019\/09\/19\/a-concelleria-de-medio-ambiente-reta-a-cidadania-a-participar-na-carreira-de-orientacion\/#article","isPartOf":{"@id":"https:\/\/www.anovapeneira.gal\/index.php\/2019\/09\/19\/a-concelleria-de-medio-ambiente-reta-a-cidadania-a-participar-na-carreira-de-orientacion\/"},"author":{"name":"Redacci\u00f3n A Nova Peneira","@id":"https:\/\/www.anovapeneira.gal\/#\/schema\/person\/b93e3f8932e3f8da96334607eb6ac6aa"},"headline":"A conceller\u00eda de Medio Ambiente reta \u00e1 cidadan\u00eda a participar na Carreira de Orientaci\u00f3n","datePublished":"2019-09-19T12:00:23+00:00","mainEntityOfPage":{"@id":"https:\/\/www.anovapeneira.gal\/index.php\/2019\/09\/19\/a-concelleria-de-medio-ambiente-reta-a-cidadania-a-participar-na-carreira-de-orientacion\/"},"wordCount":474,"commentCount":0,"publisher":{"@id":"https:\/\/www.anovapeneira.gal\/#organization"},"image":{"@id":"https:\/\/www.anovapeneira.gal\/index.php\/2019\/09\/19\/a-concelleria-de-medio-ambiente-reta-a-cidadania-a-participar-na-carreira-de-orientacion\/#primaryimage"},"thumbnailUrl":"https:\/\/www.anovapeneira.gal\/wp-content\/uploads\/2019\/09\/ponteareas_carreira_orientacion_a_nova_peneira.jpg","keywords":["Carreira de Orientaci\u00f3n","Concello de Ponteareas","Medio Ambiente"],"articleSection":["Condado"],"inLanguage":"gl-ES","potentialAction":[{"@type":"CommentAction","name":"Comment","target":["https:\/\/www.anovapeneira.gal\/index.php\/2019\/09\/19\/a-concelleria-de-medio-ambiente-reta-a-cidadania-a-participar-na-carreira-de-orientacion\/#respond"]}]},{"@type":"WebPage","@id":"https:\/\/www.anovapeneira.gal\/index.php\/2019\/09\/19\/a-concelleria-de-medio-ambiente-reta-a-cidadania-a-participar-na-carreira-de-orientacion\/","url":"https:\/\/www.anovapeneira.gal\/index.php\/2019\/09\/19\/a-concelleria-de-medio-ambiente-reta-a-cidadania-a-participar-na-carreira-de-orientacion\/","name":"A conceller\u00eda de Medio Ambiente reta \u00e1 cidadan\u00eda a participar na Carreira de Orientaci\u00f3n -","isPartOf":{"@id":"https:\/\/www.anovapeneira.gal\/#website"},"primaryImageOfPage":{"@id":"https:\/\/www.anovapeneira.gal\/index.php\/2019\/09\/19\/a-concelleria-de-medio-ambiente-reta-a-cidadania-a-participar-na-carreira-de-orientacion\/#primaryimage"},"image":{"@id":"https:\/\/www.anovapeneira.gal\/index.php\/2019\/09\/19\/a-concelleria-de-medio-ambiente-reta-a-cidadania-a-participar-na-carreira-de-orientacion\/#primaryimage"},"thumbnailUrl":"https:\/\/www.anovapeneira.gal\/wp-content\/uploads\/2019\/09\/ponteareas_carreira_orientacion_a_nova_peneira.jpg","datePublished":"2019-09-19T12:00:23+00:00","breadcrumb":{"@id":"https:\/\/www.anovapeneira.gal\/index.php\/2019\/09\/19\/a-concelleria-de-medio-ambiente-reta-a-cidadania-a-participar-na-carreira-de-orientacion\/#breadcrumb"},"inLanguage":"gl-ES","potentialAction":[{"@type":"ReadAction","target":["https:\/\/www.anovapeneira.gal\/index.php\/2019\/09\/19\/a-concelleria-de-medio-ambiente-reta-a-cidadania-a-participar-na-carreira-de-orientacion\/"]}]},{"@type":"ImageObject","inLanguage":"gl-ES","@id":"https:\/\/www.anovapeneira.gal\/index.php\/2019\/09\/19\/a-concelleria-de-medio-ambiente-reta-a-cidadania-a-participar-na-carreira-de-orientacion\/#primaryimage","url":"https:\/\/www.anovapeneira.gal\/wp-content\/uploads\/2019\/09\/ponteareas_carreira_orientacion_a_nova_peneira.jpg","contentUrl":"https:\/\/www.anovapeneira.gal\/wp-content\/uploads\/2019\/09\/ponteareas_carreira_orientacion_a_nova_peneira.jpg","width":720,"height":473,"caption":"sdr"},{"@type":"BreadcrumbList","@id":"https:\/\/www.anovapeneira.gal\/index.php\/2019\/09\/19\/a-concelleria-de-medio-ambiente-reta-a-cidadania-a-participar-na-carreira-de-orientacion\/#breadcrumb","itemListElement":[{"@type":"ListItem","position":1,"name":"Portada","item":"https:\/\/www.anovapeneira.gal\/"},{"@type":"ListItem","position":2,"name":"A conceller\u00eda de Medio Ambiente reta \u00e1 cidadan\u00eda a participar na Carreira de Orientaci\u00f3n"}]},{"@type":"WebSite","@id":"https:\/\/www.anovapeneira.gal\/#website","url":"https:\/\/www.anovapeneira.gal\/","name":"","description":"Xornal galego de informaci\u00f3n xeral Publicaci\u00f3n mensual de novas de Galicia e en especial dos Concellos da sur da provincia de Pontevedra.","publisher":{"@id":"https:\/\/www.anovapeneira.gal\/#organization"},"potentialAction":[{"@type":"SearchAction","target":{"@type":"EntryPoint","urlTemplate":"https:\/\/www.anovapeneira.gal\/?s={search_term_string}"},"query-input":{"@type":"PropertyValueSpecification","valueRequired":true,"valueName":"search_term_string"}}],"inLanguage":"gl-ES"},{"@type":"Organization","@id":"https:\/\/www.anovapeneira.gal\/#organization","name":"A Nova Peneira","url":"https:\/\/www.anovapeneira.gal\/","logo":{"@type":"ImageObject","inLanguage":"gl-ES","@id":"https:\/\/www.anovapeneira.gal\/#\/schema\/logo\/image\/","url":"http:\/\/www.anovapeneira.gal\/wp-content\/uploads\/2019\/06\/logo_a_nova_peneira_portal_web.png","contentUrl":"http:\/\/www.anovapeneira.gal\/wp-content\/uploads\/2019\/06\/logo_a_nova_peneira_portal_web.png","width":300,"height":100,"caption":"A Nova Peneira"},"image":{"@id":"https:\/\/www.anovapeneira.gal\/#\/schema\/logo\/image\/"},"sameAs":["https:\/\/www.facebook.com\/anovapeneira","https:\/\/x.com\/APeneira"]},{"@type":"Person","@id":"https:\/\/www.anovapeneira.gal\/#\/schema\/person\/b93e3f8932e3f8da96334607eb6ac6aa","name":"Redacci\u00f3n A Nova Peneira","image":{"@type":"ImageObject","inLanguage":"gl-ES","@id":"https:\/\/secure.gravatar.com\/avatar\/c052a2551a06e23fac63626232eaa90abd78dbcf1700fc46a2b2c89fd27b735f?s=96&d=mm&r=g","url":"https:\/\/secure.gravatar.com\/avatar\/c052a2551a06e23fac63626232eaa90abd78dbcf1700fc46a2b2c89fd27b735f?s=96&d=mm&r=g","contentUrl":"https:\/\/secure.gravatar.com\/avatar\/c052a2551a06e23fac63626232eaa90abd78dbcf1700fc46a2b2c89fd27b735f?s=96&d=mm&r=g","caption":"Redacci\u00f3n A Nova Peneira"},"sameAs":["http:\/\/www.anovapeneira.gal\/"],"url":"https:\/\/www.anovapeneira.gal\/index.php\/author\/redactor\/"}]}},"jetpack_featured_media_url":"https:\/\/www.anovapeneira.gal\/wp-content\/uploads\/2019\/09\/ponteareas_carreira_orientacion_a_nova_peneira.jpg","_links":{"self":[{"href":"https:\/\/www.anovapeneira.gal\/index.php\/wp-json\/wp\/v2\/posts\/1272","targetHints":{"allow":["GET"]}}],"collection":[{"href":"https:\/\/www.anovapeneira.gal\/index.php\/wp-json\/wp\/v2\/posts"}],"about":[{"href":"https:\/\/www.anovapeneira.gal\/index.php\/wp-json\/wp\/v2\/types\/post"}],"author":[{"embeddable":true,"href":"https:\/\/www.anovapeneira.gal\/index.php\/wp-json\/wp\/v2\/users\/3"}],"replies":[{"embeddable":true,"href":"https:\/\/www.anovapeneira.gal\/index.php\/wp-json\/wp\/v2\/comments?post=1272"}],"version-history":[{"count":1,"href":"https:\/\/www.anovapeneira.gal\/index.php\/wp-json\/wp\/v2\/posts\/1272\/revisions"}],"predecessor-version":[{"id":1274,"href":"https:\/\/www.anovapeneira.gal\/index.php\/wp-json\/wp\/v2\/posts\/1272\/revisions\/1274"}],"wp:featuredmedia":[{"embeddable":true,"href":"https:\/\/www.anovapeneira.gal\/index.php\/wp-json\/wp\/v2\/media\/1273"}],"wp:attachment":[{"href":"https:\/\/www.anovapeneira.gal\/index.php\/wp-json\/wp\/v2\/media?parent=1272"}],"wp:term":[{"taxonomy":"category","embeddable":true,"href":"https:\/\/www.anovapeneira.gal\/index.php\/wp-json\/wp\/v2\/categories?post=1272"},{"taxonomy":"post_tag","embeddable":true,"href":"https:\/\/www.anovapeneira.gal\/index.php\/wp-json\/wp\/v2\/tags?post=1272"}],"curies":[{"name":"wp","href":"https:\/\/api.w.org\/{rel}","templated":true}]}}