{"id":12731,"date":"2024-11-08T10:00:00","date_gmt":"2024-11-08T09:00:00","guid":{"rendered":"https:\/\/www.anovapeneira.gal\/?p=12731"},"modified":"2024-11-07T12:40:31","modified_gmt":"2024-11-07T11:40:31","slug":"desde-a-asociacion-cultural-almuinha-queremos-denunciar-o-que-consideramos-un-claro-desleixo-por-parte-do-goberno-do-pp-de-marin-cara-aos-cascos-historicos-da-vila","status":"publish","type":"post","link":"https:\/\/www.anovapeneira.gal\/index.php\/2024\/11\/08\/desde-a-asociacion-cultural-almuinha-queremos-denunciar-o-que-consideramos-un-claro-desleixo-por-parte-do-goberno-do-pp-de-marin-cara-aos-cascos-historicos-da-vila\/","title":{"rendered":"Desde a Asociaci\u00f3n Cultural Almuinha queremos denunciar o que consideramos un claro desleixo por parte do goberno do PP de Mar\u00edn cara aos cascos hist\u00f3ricos da vila"},"content":{"rendered":"\n<p>Desde a Asociaci\u00f3n Cultural Almuinha queremos denunciar o que consideramos un claro desleixo por parte do goberno do PP de Mar\u00edn cara aos cascos hist\u00f3ricos da vila, tanto o de Mar\u00edn como o de Cantodarea. Esta falta de atenci\u00f3n institucional est\u00e1 a provocar un deterioro constante destes espazos, cun impacto negativo non s\u00f3 no aspecto est\u00e9tico, sen\u00f3n tam\u00e9n nosocial e econ\u00f3mico, prexudicando tanto aos residentes como ao propio patrimonio cultural. \u00c9dif\u00edcil de xustificar que, tras tres mandatos consecutivos \u2013m\u00e1is de 12 anos de goberno\u2013, oequipo dirixente non lograse aprobar un plan de protecci\u00f3n dos cascos hist\u00f3ricos. Esta ferramenta b\u00e1sica, implementada en moitas outras vilas galegas, permitir\u00eda non s\u00f3 a preservaci\u00f3n, sen\u00f3n tam\u00e9n a dinamizaci\u00f3n econ\u00f3mica e social destes espazos, potenciando a s\u00faa riqueza arquitect\u00f3nica e hist\u00f3rica.<\/p>\n\n\n\n<p>Segundo estudos realizados en Galicia, os concellos que apostan pola conservaci\u00f3n e revitalizaci\u00f3n dos seus cascos hist\u00f3ricos experimentan un aumento de entre un 25% e un 35%no turismo local. Este incremento no fluxo de visitantes non s\u00f3 beneficia ao sector tur\u00edstico entermos de hospedaxe e restauraci\u00f3n, sen\u00f3n que tam\u00e9n dinamiza o comercio local e xera emprego, contribu\u00edndo ao desenvolvemento sostible da econom\u00eda municipal. Ademais, as zonas hist\u00f3ricas ben conservadas atraen novos residentes e fomentan o emprendemento, creando espazos urbanos m\u00e1is vivos e pr\u00f3speros.<\/p>\n\n\n\n<p>No caso de Mar\u00edn, o deterioro do casco hist\u00f3rico xa \u00e9 evidente, xa que unha parte importante foidestru\u00edda ao longo dos \u00faltimos cen anos, en gran medida debido a decisi\u00f3ns que priorizaron intereses privados sobre a protecci\u00f3n e promoci\u00f3n do patrimonio colectivo. A falta de pol\u00edticas claras e comprometidas coa conservaci\u00f3n destes espazos est\u00e1 a levar a Mar\u00edn a perder a s\u00faa identidade hist\u00f3rica, privando aos seus habitantes e visitantes da oportunidade de co\u00f1ecer e desfrutar do seu pasado.<\/p>\n\n\n\n<p>Recentemente, esta desatenci\u00f3n quedou de novo de manifesto coa publicaci\u00f3n dun novo folleto tur\u00edstico do Concello de Mar\u00edn, onde os cascos hist\u00f3ricos non son mencionados nin ilustrados.Esta omisi\u00f3n resulta alarmante, xa que transmite unha imaxe de desprezo polo valor hist\u00f3rico e cultural que estes espazos representan. Ignorar o noso patrimonio implica renunciar a un recurso tur\u00edstico esencial, que poder\u00eda atraer visitantes e p\u00f3r a Mar\u00edn no mapa como destinocultural en Galicia. Non valorar os cascos hist\u00f3ricos, nin sequera como reclamo tur\u00edstico, reflicte unha visi\u00f3n limitada e pouco ambiciosa para o futuro de Mar\u00edn.<\/p>\n\n\n\n<p>Desde a Asociaci\u00f3n Cultural Almuinha consideramos que o concello debe emprender un cambio radical nas s\u00faas pol\u00edticas de conservaci\u00f3n e promoci\u00f3n patrimonial. Para comezar, propo\u00f1emosd\u00faas li\u00f1as de actuaci\u00f3n fundamentais que, de ser implementadas, poder\u00edan supo\u00f1er unha transformaci\u00f3n profunda e positiva. En primeiro lugar, pol\u00edticas de recuperaci\u00f3n e mellora doscascos hist\u00f3ricos, inclu\u00edndo a restauraci\u00f3n de edificios emblem\u00e1ticos e o acondicionamento de prazas e espazos peon\u00eds que fagan destas zonas lugares m\u00e1is atractivos e habitables. O investimento en infraestruturas e en rehabilitaci\u00f3n \u00e9 fundamental non s\u00f3 para mellorar o aspecto est\u00e9tico, sen\u00f3n tam\u00e9n para dar lugar a espazos funcionais e inclusivos onde a cidadan\u00eda poida convivir e participar activamente.<\/p>\n\n\n\n<p>En segundo lugar, \u00e9 preciso fomentar iniciativas de divulgaci\u00f3n e pedagox\u00eda que axuden aosveci\u00f1os a co\u00f1ecer, valorar e desfrutar o seu propio patrimonio. Isto implica a organizaci\u00f3n de actividades culturais, visitas guiadas, xornadas educativas e eventos que te\u00f1an lugar nos cascos hist\u00f3ricos e que acheguen a s\u00faa historia e importancia aos habitantes de Mar\u00edn. Cando os veci\u00f1os te\u00f1en un maior co\u00f1ecemento e aprecio polo seu entorno, \u00e9 m\u00e1is probable que o coiden e participen na s\u00faa preservaci\u00f3n.<\/p>\n\n\n\n<p>A recuperaci\u00f3n e posta en valor dos cascos hist\u00f3ricos non \u00e9 s\u00f3 unha cuesti\u00f3n de restauraci\u00f3n arquitect\u00f3nica; \u00e9 unha aposta por un modelo de vila que respeta a s\u00faa historia e a s\u00faa identidade. Mar\u00edn ten a oportunidade de recuperar o esplendor dos seus espazos hist\u00f3ricos,transform\u00e1ndoos en lugares vivos, cheos de actividade cultural e econ\u00f3mica, e que funcionencomo punto de encontro e convivencia para a cidadan\u00eda. Ao ignorar o potencial destes espazos,estase tam\u00e9n a renunciar ao que Mar\u00edn poder\u00eda ser: unha vila que honra o seu pasado mentres constr\u00fae un futuro sostible e pr\u00f3spero.<\/p>\n\n\n\n<p>Con este chamamento \u00e1 acci\u00f3n, desde a Asociaci\u00f3n Cultural Almuinha desexamos ver un compromiso real e duradeiro co patrimonio local. Unha aposta pola recuperaci\u00f3n e revitalizaci\u00f3n dos cascos hist\u00f3ricos non \u00e9 s\u00f3 un investimento no presente, sen\u00f3n tam\u00e9n un legado para as xeraci\u00f3ns futuras.<\/p>\n","protected":false},"excerpt":{"rendered":"<div class=\"mh-excerpt\"><p>Desde a Asociaci\u00f3n Cultural Almuinha queremos denunciar o que consideramos un claro desleixo por parte do goberno do PP de Mar\u00edn cara aos cascos hist\u00f3ricos da vila, tanto o de Mar\u00edn como o de Cantodarea <a class=\"mh-excerpt-more\" href=\"https:\/\/www.anovapeneira.gal\/index.php\/2024\/11\/08\/desde-a-asociacion-cultural-almuinha-queremos-denunciar-o-que-consideramos-un-claro-desleixo-por-parte-do-goberno-do-pp-de-marin-cara-aos-cascos-historicos-da-vila\/\" title=\"Desde a Asociaci\u00f3n Cultural Almuinha queremos denunciar o que consideramos un claro desleixo por parte do goberno do PP de Mar\u00edn cara aos cascos hist\u00f3ricos da vila\">[&#8230;]<\/a><\/p>\n<\/div>","protected":false},"author":3,"featured_media":584,"comment_status":"open","ping_status":"open","sticky":false,"template":"","format":"standard","meta":{"_exactmetrics_skip_tracking":false,"_exactmetrics_sitenote_active":false,"_exactmetrics_sitenote_note":"","_exactmetrics_sitenote_category":0,"footnotes":""},"categories":[7],"tags":[144],"class_list":{"0":"post-12731","1":"post","2":"type-post","3":"status-publish","4":"format-standard","5":"has-post-thumbnail","7":"category-artigos-de-opinion","8":"tag-concello-de-marin"},"yoast_head":"<!-- This site is optimized with the Yoast SEO plugin v27.4 - https:\/\/yoast.com\/product\/yoast-seo-wordpress\/ -->\n<title>Desde a Asociaci\u00f3n Cultural Almuinha queremos denunciar o que consideramos un claro desleixo por parte do goberno do PP de Mar\u00edn cara aos cascos hist\u00f3ricos da vila -<\/title>\n<meta name=\"robots\" content=\"index, follow, max-snippet:-1, max-image-preview:large, max-video-preview:-1\" \/>\n<link rel=\"canonical\" href=\"https:\/\/www.anovapeneira.gal\/index.php\/2024\/11\/08\/desde-a-asociacion-cultural-almuinha-queremos-denunciar-o-que-consideramos-un-claro-desleixo-por-parte-do-goberno-do-pp-de-marin-cara-aos-cascos-historicos-da-vila\/\" \/>\n<meta property=\"og:locale\" content=\"gl_ES\" \/>\n<meta property=\"og:type\" content=\"article\" \/>\n<meta property=\"og:title\" content=\"Desde a Asociaci\u00f3n Cultural Almuinha queremos denunciar o que consideramos un claro desleixo por parte do goberno do PP de Mar\u00edn cara aos cascos hist\u00f3ricos da vila -\" \/>\n<meta property=\"og:description\" content=\"Desde a Asociaci\u00f3n Cultural Almuinha queremos denunciar o que consideramos un claro desleixo por parte do goberno do PP de Mar\u00edn cara aos cascos hist\u00f3ricos da vila, tanto o de Mar\u00edn como o de Cantodarea [...]\" \/>\n<meta property=\"og:url\" content=\"https:\/\/www.anovapeneira.gal\/index.php\/2024\/11\/08\/desde-a-asociacion-cultural-almuinha-queremos-denunciar-o-que-consideramos-un-claro-desleixo-por-parte-do-goberno-do-pp-de-marin-cara-aos-cascos-historicos-da-vila\/\" \/>\n<meta property=\"article:publisher\" content=\"https:\/\/www.facebook.com\/anovapeneira\" \/>\n<meta property=\"article:published_time\" content=\"2024-11-08T09:00:00+00:00\" \/>\n<meta property=\"og:image\" content=\"https:\/\/www.anovapeneira.gal\/wp-content\/uploads\/2019\/07\/ARTIGO_DE_OPINION_A_NOVA_PENEIRA.jpg\" \/>\n\t<meta property=\"og:image:width\" content=\"720\" \/>\n\t<meta property=\"og:image:height\" content=\"473\" \/>\n\t<meta property=\"og:image:type\" content=\"image\/jpeg\" \/>\n<meta name=\"author\" content=\"Redacci\u00f3n A Nova Peneira\" \/>\n<meta name=\"twitter:card\" content=\"summary_large_image\" \/>\n<meta name=\"twitter:creator\" content=\"@APeneira\" \/>\n<meta name=\"twitter:site\" content=\"@APeneira\" \/>\n<meta name=\"twitter:label1\" content=\"Escrito por\" \/>\n\t<meta name=\"twitter:data1\" content=\"Redacci\u00f3n A Nova Peneira\" \/>\n\t<meta name=\"twitter:label2\" content=\"Tempo de lectura\" \/>\n\t<meta name=\"twitter:data2\" content=\"5 minutos\" \/>\n<script type=\"application\/ld+json\" class=\"yoast-schema-graph\">{\"@context\":\"https:\\\/\\\/schema.org\",\"@graph\":[{\"@type\":\"Article\",\"@id\":\"https:\\\/\\\/www.anovapeneira.gal\\\/index.php\\\/2024\\\/11\\\/08\\\/desde-a-asociacion-cultural-almuinha-queremos-denunciar-o-que-consideramos-un-claro-desleixo-por-parte-do-goberno-do-pp-de-marin-cara-aos-cascos-historicos-da-vila\\\/#article\",\"isPartOf\":{\"@id\":\"https:\\\/\\\/www.anovapeneira.gal\\\/index.php\\\/2024\\\/11\\\/08\\\/desde-a-asociacion-cultural-almuinha-queremos-denunciar-o-que-consideramos-un-claro-desleixo-por-parte-do-goberno-do-pp-de-marin-cara-aos-cascos-historicos-da-vila\\\/\"},\"author\":{\"name\":\"Redacci\u00f3n A Nova Peneira\",\"@id\":\"https:\\\/\\\/www.anovapeneira.gal\\\/#\\\/schema\\\/person\\\/b93e3f8932e3f8da96334607eb6ac6aa\"},\"headline\":\"Desde a Asociaci\u00f3n Cultural Almuinha queremos denunciar o que consideramos un claro desleixo por parte do goberno do PP de Mar\u00edn cara aos cascos hist\u00f3ricos da vila\",\"datePublished\":\"2024-11-08T09:00:00+00:00\",\"mainEntityOfPage\":{\"@id\":\"https:\\\/\\\/www.anovapeneira.gal\\\/index.php\\\/2024\\\/11\\\/08\\\/desde-a-asociacion-cultural-almuinha-queremos-denunciar-o-que-consideramos-un-claro-desleixo-por-parte-do-goberno-do-pp-de-marin-cara-aos-cascos-historicos-da-vila\\\/\"},\"wordCount\":853,\"commentCount\":0,\"publisher\":{\"@id\":\"https:\\\/\\\/www.anovapeneira.gal\\\/#organization\"},\"image\":{\"@id\":\"https:\\\/\\\/www.anovapeneira.gal\\\/index.php\\\/2024\\\/11\\\/08\\\/desde-a-asociacion-cultural-almuinha-queremos-denunciar-o-que-consideramos-un-claro-desleixo-por-parte-do-goberno-do-pp-de-marin-cara-aos-cascos-historicos-da-vila\\\/#primaryimage\"},\"thumbnailUrl\":\"https:\\\/\\\/www.anovapeneira.gal\\\/wp-content\\\/uploads\\\/2019\\\/07\\\/ARTIGO_DE_OPINION_A_NOVA_PENEIRA.jpg\",\"keywords\":[\"Concello de Mar\u00edn\"],\"articleSection\":[\"Artigos de opini\u00f3n\"],\"inLanguage\":\"gl-ES\",\"potentialAction\":[{\"@type\":\"CommentAction\",\"name\":\"Comment\",\"target\":[\"https:\\\/\\\/www.anovapeneira.gal\\\/index.php\\\/2024\\\/11\\\/08\\\/desde-a-asociacion-cultural-almuinha-queremos-denunciar-o-que-consideramos-un-claro-desleixo-por-parte-do-goberno-do-pp-de-marin-cara-aos-cascos-historicos-da-vila\\\/#respond\"]}]},{\"@type\":\"WebPage\",\"@id\":\"https:\\\/\\\/www.anovapeneira.gal\\\/index.php\\\/2024\\\/11\\\/08\\\/desde-a-asociacion-cultural-almuinha-queremos-denunciar-o-que-consideramos-un-claro-desleixo-por-parte-do-goberno-do-pp-de-marin-cara-aos-cascos-historicos-da-vila\\\/\",\"url\":\"https:\\\/\\\/www.anovapeneira.gal\\\/index.php\\\/2024\\\/11\\\/08\\\/desde-a-asociacion-cultural-almuinha-queremos-denunciar-o-que-consideramos-un-claro-desleixo-por-parte-do-goberno-do-pp-de-marin-cara-aos-cascos-historicos-da-vila\\\/\",\"name\":\"Desde a Asociaci\u00f3n Cultural Almuinha queremos denunciar o que consideramos un claro desleixo por parte do goberno do PP de Mar\u00edn cara aos cascos hist\u00f3ricos da vila -\",\"isPartOf\":{\"@id\":\"https:\\\/\\\/www.anovapeneira.gal\\\/#website\"},\"primaryImageOfPage\":{\"@id\":\"https:\\\/\\\/www.anovapeneira.gal\\\/index.php\\\/2024\\\/11\\\/08\\\/desde-a-asociacion-cultural-almuinha-queremos-denunciar-o-que-consideramos-un-claro-desleixo-por-parte-do-goberno-do-pp-de-marin-cara-aos-cascos-historicos-da-vila\\\/#primaryimage\"},\"image\":{\"@id\":\"https:\\\/\\\/www.anovapeneira.gal\\\/index.php\\\/2024\\\/11\\\/08\\\/desde-a-asociacion-cultural-almuinha-queremos-denunciar-o-que-consideramos-un-claro-desleixo-por-parte-do-goberno-do-pp-de-marin-cara-aos-cascos-historicos-da-vila\\\/#primaryimage\"},\"thumbnailUrl\":\"https:\\\/\\\/www.anovapeneira.gal\\\/wp-content\\\/uploads\\\/2019\\\/07\\\/ARTIGO_DE_OPINION_A_NOVA_PENEIRA.jpg\",\"datePublished\":\"2024-11-08T09:00:00+00:00\",\"breadcrumb\":{\"@id\":\"https:\\\/\\\/www.anovapeneira.gal\\\/index.php\\\/2024\\\/11\\\/08\\\/desde-a-asociacion-cultural-almuinha-queremos-denunciar-o-que-consideramos-un-claro-desleixo-por-parte-do-goberno-do-pp-de-marin-cara-aos-cascos-historicos-da-vila\\\/#breadcrumb\"},\"inLanguage\":\"gl-ES\",\"potentialAction\":[{\"@type\":\"ReadAction\",\"target\":[\"https:\\\/\\\/www.anovapeneira.gal\\\/index.php\\\/2024\\\/11\\\/08\\\/desde-a-asociacion-cultural-almuinha-queremos-denunciar-o-que-consideramos-un-claro-desleixo-por-parte-do-goberno-do-pp-de-marin-cara-aos-cascos-historicos-da-vila\\\/\"]}]},{\"@type\":\"ImageObject\",\"inLanguage\":\"gl-ES\",\"@id\":\"https:\\\/\\\/www.anovapeneira.gal\\\/index.php\\\/2024\\\/11\\\/08\\\/desde-a-asociacion-cultural-almuinha-queremos-denunciar-o-que-consideramos-un-claro-desleixo-por-parte-do-goberno-do-pp-de-marin-cara-aos-cascos-historicos-da-vila\\\/#primaryimage\",\"url\":\"https:\\\/\\\/www.anovapeneira.gal\\\/wp-content\\\/uploads\\\/2019\\\/07\\\/ARTIGO_DE_OPINION_A_NOVA_PENEIRA.jpg\",\"contentUrl\":\"https:\\\/\\\/www.anovapeneira.gal\\\/wp-content\\\/uploads\\\/2019\\\/07\\\/ARTIGO_DE_OPINION_A_NOVA_PENEIRA.jpg\",\"width\":720,\"height\":473,\"caption\":\"Artigo de opini\u00f3n A Nova Peneira\"},{\"@type\":\"BreadcrumbList\",\"@id\":\"https:\\\/\\\/www.anovapeneira.gal\\\/index.php\\\/2024\\\/11\\\/08\\\/desde-a-asociacion-cultural-almuinha-queremos-denunciar-o-que-consideramos-un-claro-desleixo-por-parte-do-goberno-do-pp-de-marin-cara-aos-cascos-historicos-da-vila\\\/#breadcrumb\",\"itemListElement\":[{\"@type\":\"ListItem\",\"position\":1,\"name\":\"Portada\",\"item\":\"https:\\\/\\\/www.anovapeneira.gal\\\/\"},{\"@type\":\"ListItem\",\"position\":2,\"name\":\"Desde a Asociaci\u00f3n Cultural Almuinha queremos denunciar o que consideramos un claro desleixo por parte do goberno do PP de Mar\u00edn cara aos cascos hist\u00f3ricos da vila\"}]},{\"@type\":\"WebSite\",\"@id\":\"https:\\\/\\\/www.anovapeneira.gal\\\/#website\",\"url\":\"https:\\\/\\\/www.anovapeneira.gal\\\/\",\"name\":\"\",\"description\":\"Xornal galego de informaci\u00f3n xeral Publicaci\u00f3n mensual de novas de Galicia e en especial dos Concellos da sur da provincia de Pontevedra.\",\"publisher\":{\"@id\":\"https:\\\/\\\/www.anovapeneira.gal\\\/#organization\"},\"potentialAction\":[{\"@type\":\"SearchAction\",\"target\":{\"@type\":\"EntryPoint\",\"urlTemplate\":\"https:\\\/\\\/www.anovapeneira.gal\\\/?s={search_term_string}\"},\"query-input\":{\"@type\":\"PropertyValueSpecification\",\"valueRequired\":true,\"valueName\":\"search_term_string\"}}],\"inLanguage\":\"gl-ES\"},{\"@type\":\"Organization\",\"@id\":\"https:\\\/\\\/www.anovapeneira.gal\\\/#organization\",\"name\":\"A Nova Peneira\",\"url\":\"https:\\\/\\\/www.anovapeneira.gal\\\/\",\"logo\":{\"@type\":\"ImageObject\",\"inLanguage\":\"gl-ES\",\"@id\":\"https:\\\/\\\/www.anovapeneira.gal\\\/#\\\/schema\\\/logo\\\/image\\\/\",\"url\":\"http:\\\/\\\/www.anovapeneira.gal\\\/wp-content\\\/uploads\\\/2019\\\/06\\\/logo_a_nova_peneira_portal_web.png\",\"contentUrl\":\"http:\\\/\\\/www.anovapeneira.gal\\\/wp-content\\\/uploads\\\/2019\\\/06\\\/logo_a_nova_peneira_portal_web.png\",\"width\":300,\"height\":100,\"caption\":\"A Nova Peneira\"},\"image\":{\"@id\":\"https:\\\/\\\/www.anovapeneira.gal\\\/#\\\/schema\\\/logo\\\/image\\\/\"},\"sameAs\":[\"https:\\\/\\\/www.facebook.com\\\/anovapeneira\",\"https:\\\/\\\/x.com\\\/APeneira\"]},{\"@type\":\"Person\",\"@id\":\"https:\\\/\\\/www.anovapeneira.gal\\\/#\\\/schema\\\/person\\\/b93e3f8932e3f8da96334607eb6ac6aa\",\"name\":\"Redacci\u00f3n A Nova Peneira\",\"image\":{\"@type\":\"ImageObject\",\"inLanguage\":\"gl-ES\",\"@id\":\"https:\\\/\\\/secure.gravatar.com\\\/avatar\\\/c052a2551a06e23fac63626232eaa90abd78dbcf1700fc46a2b2c89fd27b735f?s=96&d=mm&r=g\",\"url\":\"https:\\\/\\\/secure.gravatar.com\\\/avatar\\\/c052a2551a06e23fac63626232eaa90abd78dbcf1700fc46a2b2c89fd27b735f?s=96&d=mm&r=g\",\"contentUrl\":\"https:\\\/\\\/secure.gravatar.com\\\/avatar\\\/c052a2551a06e23fac63626232eaa90abd78dbcf1700fc46a2b2c89fd27b735f?s=96&d=mm&r=g\",\"caption\":\"Redacci\u00f3n A Nova Peneira\"},\"sameAs\":[\"http:\\\/\\\/www.anovapeneira.gal\\\/\"],\"url\":\"https:\\\/\\\/www.anovapeneira.gal\\\/index.php\\\/author\\\/redactor\\\/\"}]}<\/script>\n<!-- \/ Yoast SEO plugin. -->","yoast_head_json":{"title":"Desde a Asociaci\u00f3n Cultural Almuinha queremos denunciar o que consideramos un claro desleixo por parte do goberno do PP de Mar\u00edn cara aos cascos hist\u00f3ricos da vila -","robots":{"index":"index","follow":"follow","max-snippet":"max-snippet:-1","max-image-preview":"max-image-preview:large","max-video-preview":"max-video-preview:-1"},"canonical":"https:\/\/www.anovapeneira.gal\/index.php\/2024\/11\/08\/desde-a-asociacion-cultural-almuinha-queremos-denunciar-o-que-consideramos-un-claro-desleixo-por-parte-do-goberno-do-pp-de-marin-cara-aos-cascos-historicos-da-vila\/","og_locale":"gl_ES","og_type":"article","og_title":"Desde a Asociaci\u00f3n Cultural Almuinha queremos denunciar o que consideramos un claro desleixo por parte do goberno do PP de Mar\u00edn cara aos cascos hist\u00f3ricos da vila -","og_description":"Desde a Asociaci\u00f3n Cultural Almuinha queremos denunciar o que consideramos un claro desleixo por parte do goberno do PP de Mar\u00edn cara aos cascos hist\u00f3ricos da vila, tanto o de Mar\u00edn como o de Cantodarea [...]","og_url":"https:\/\/www.anovapeneira.gal\/index.php\/2024\/11\/08\/desde-a-asociacion-cultural-almuinha-queremos-denunciar-o-que-consideramos-un-claro-desleixo-por-parte-do-goberno-do-pp-de-marin-cara-aos-cascos-historicos-da-vila\/","article_publisher":"https:\/\/www.facebook.com\/anovapeneira","article_published_time":"2024-11-08T09:00:00+00:00","og_image":[{"width":720,"height":473,"url":"https:\/\/www.anovapeneira.gal\/wp-content\/uploads\/2019\/07\/ARTIGO_DE_OPINION_A_NOVA_PENEIRA.jpg","type":"image\/jpeg"}],"author":"Redacci\u00f3n A Nova Peneira","twitter_card":"summary_large_image","twitter_creator":"@APeneira","twitter_site":"@APeneira","twitter_misc":{"Escrito por":"Redacci\u00f3n A Nova Peneira","Tempo de lectura":"5 minutos"},"schema":{"@context":"https:\/\/schema.org","@graph":[{"@type":"Article","@id":"https:\/\/www.anovapeneira.gal\/index.php\/2024\/11\/08\/desde-a-asociacion-cultural-almuinha-queremos-denunciar-o-que-consideramos-un-claro-desleixo-por-parte-do-goberno-do-pp-de-marin-cara-aos-cascos-historicos-da-vila\/#article","isPartOf":{"@id":"https:\/\/www.anovapeneira.gal\/index.php\/2024\/11\/08\/desde-a-asociacion-cultural-almuinha-queremos-denunciar-o-que-consideramos-un-claro-desleixo-por-parte-do-goberno-do-pp-de-marin-cara-aos-cascos-historicos-da-vila\/"},"author":{"name":"Redacci\u00f3n A Nova Peneira","@id":"https:\/\/www.anovapeneira.gal\/#\/schema\/person\/b93e3f8932e3f8da96334607eb6ac6aa"},"headline":"Desde a Asociaci\u00f3n Cultural Almuinha queremos denunciar o que consideramos un claro desleixo por parte do goberno do PP de Mar\u00edn cara aos cascos hist\u00f3ricos da vila","datePublished":"2024-11-08T09:00:00+00:00","mainEntityOfPage":{"@id":"https:\/\/www.anovapeneira.gal\/index.php\/2024\/11\/08\/desde-a-asociacion-cultural-almuinha-queremos-denunciar-o-que-consideramos-un-claro-desleixo-por-parte-do-goberno-do-pp-de-marin-cara-aos-cascos-historicos-da-vila\/"},"wordCount":853,"commentCount":0,"publisher":{"@id":"https:\/\/www.anovapeneira.gal\/#organization"},"image":{"@id":"https:\/\/www.anovapeneira.gal\/index.php\/2024\/11\/08\/desde-a-asociacion-cultural-almuinha-queremos-denunciar-o-que-consideramos-un-claro-desleixo-por-parte-do-goberno-do-pp-de-marin-cara-aos-cascos-historicos-da-vila\/#primaryimage"},"thumbnailUrl":"https:\/\/www.anovapeneira.gal\/wp-content\/uploads\/2019\/07\/ARTIGO_DE_OPINION_A_NOVA_PENEIRA.jpg","keywords":["Concello de Mar\u00edn"],"articleSection":["Artigos de opini\u00f3n"],"inLanguage":"gl-ES","potentialAction":[{"@type":"CommentAction","name":"Comment","target":["https:\/\/www.anovapeneira.gal\/index.php\/2024\/11\/08\/desde-a-asociacion-cultural-almuinha-queremos-denunciar-o-que-consideramos-un-claro-desleixo-por-parte-do-goberno-do-pp-de-marin-cara-aos-cascos-historicos-da-vila\/#respond"]}]},{"@type":"WebPage","@id":"https:\/\/www.anovapeneira.gal\/index.php\/2024\/11\/08\/desde-a-asociacion-cultural-almuinha-queremos-denunciar-o-que-consideramos-un-claro-desleixo-por-parte-do-goberno-do-pp-de-marin-cara-aos-cascos-historicos-da-vila\/","url":"https:\/\/www.anovapeneira.gal\/index.php\/2024\/11\/08\/desde-a-asociacion-cultural-almuinha-queremos-denunciar-o-que-consideramos-un-claro-desleixo-por-parte-do-goberno-do-pp-de-marin-cara-aos-cascos-historicos-da-vila\/","name":"Desde a Asociaci\u00f3n Cultural Almuinha queremos denunciar o que consideramos un claro desleixo por parte do goberno do PP de Mar\u00edn cara aos cascos hist\u00f3ricos da vila -","isPartOf":{"@id":"https:\/\/www.anovapeneira.gal\/#website"},"primaryImageOfPage":{"@id":"https:\/\/www.anovapeneira.gal\/index.php\/2024\/11\/08\/desde-a-asociacion-cultural-almuinha-queremos-denunciar-o-que-consideramos-un-claro-desleixo-por-parte-do-goberno-do-pp-de-marin-cara-aos-cascos-historicos-da-vila\/#primaryimage"},"image":{"@id":"https:\/\/www.anovapeneira.gal\/index.php\/2024\/11\/08\/desde-a-asociacion-cultural-almuinha-queremos-denunciar-o-que-consideramos-un-claro-desleixo-por-parte-do-goberno-do-pp-de-marin-cara-aos-cascos-historicos-da-vila\/#primaryimage"},"thumbnailUrl":"https:\/\/www.anovapeneira.gal\/wp-content\/uploads\/2019\/07\/ARTIGO_DE_OPINION_A_NOVA_PENEIRA.jpg","datePublished":"2024-11-08T09:00:00+00:00","breadcrumb":{"@id":"https:\/\/www.anovapeneira.gal\/index.php\/2024\/11\/08\/desde-a-asociacion-cultural-almuinha-queremos-denunciar-o-que-consideramos-un-claro-desleixo-por-parte-do-goberno-do-pp-de-marin-cara-aos-cascos-historicos-da-vila\/#breadcrumb"},"inLanguage":"gl-ES","potentialAction":[{"@type":"ReadAction","target":["https:\/\/www.anovapeneira.gal\/index.php\/2024\/11\/08\/desde-a-asociacion-cultural-almuinha-queremos-denunciar-o-que-consideramos-un-claro-desleixo-por-parte-do-goberno-do-pp-de-marin-cara-aos-cascos-historicos-da-vila\/"]}]},{"@type":"ImageObject","inLanguage":"gl-ES","@id":"https:\/\/www.anovapeneira.gal\/index.php\/2024\/11\/08\/desde-a-asociacion-cultural-almuinha-queremos-denunciar-o-que-consideramos-un-claro-desleixo-por-parte-do-goberno-do-pp-de-marin-cara-aos-cascos-historicos-da-vila\/#primaryimage","url":"https:\/\/www.anovapeneira.gal\/wp-content\/uploads\/2019\/07\/ARTIGO_DE_OPINION_A_NOVA_PENEIRA.jpg","contentUrl":"https:\/\/www.anovapeneira.gal\/wp-content\/uploads\/2019\/07\/ARTIGO_DE_OPINION_A_NOVA_PENEIRA.jpg","width":720,"height":473,"caption":"Artigo de opini\u00f3n A Nova Peneira"},{"@type":"BreadcrumbList","@id":"https:\/\/www.anovapeneira.gal\/index.php\/2024\/11\/08\/desde-a-asociacion-cultural-almuinha-queremos-denunciar-o-que-consideramos-un-claro-desleixo-por-parte-do-goberno-do-pp-de-marin-cara-aos-cascos-historicos-da-vila\/#breadcrumb","itemListElement":[{"@type":"ListItem","position":1,"name":"Portada","item":"https:\/\/www.anovapeneira.gal\/"},{"@type":"ListItem","position":2,"name":"Desde a Asociaci\u00f3n Cultural Almuinha queremos denunciar o que consideramos un claro desleixo por parte do goberno do PP de Mar\u00edn cara aos cascos hist\u00f3ricos da vila"}]},{"@type":"WebSite","@id":"https:\/\/www.anovapeneira.gal\/#website","url":"https:\/\/www.anovapeneira.gal\/","name":"","description":"Xornal galego de informaci\u00f3n xeral Publicaci\u00f3n mensual de novas de Galicia e en especial dos Concellos da sur da provincia de Pontevedra.","publisher":{"@id":"https:\/\/www.anovapeneira.gal\/#organization"},"potentialAction":[{"@type":"SearchAction","target":{"@type":"EntryPoint","urlTemplate":"https:\/\/www.anovapeneira.gal\/?s={search_term_string}"},"query-input":{"@type":"PropertyValueSpecification","valueRequired":true,"valueName":"search_term_string"}}],"inLanguage":"gl-ES"},{"@type":"Organization","@id":"https:\/\/www.anovapeneira.gal\/#organization","name":"A Nova Peneira","url":"https:\/\/www.anovapeneira.gal\/","logo":{"@type":"ImageObject","inLanguage":"gl-ES","@id":"https:\/\/www.anovapeneira.gal\/#\/schema\/logo\/image\/","url":"http:\/\/www.anovapeneira.gal\/wp-content\/uploads\/2019\/06\/logo_a_nova_peneira_portal_web.png","contentUrl":"http:\/\/www.anovapeneira.gal\/wp-content\/uploads\/2019\/06\/logo_a_nova_peneira_portal_web.png","width":300,"height":100,"caption":"A Nova Peneira"},"image":{"@id":"https:\/\/www.anovapeneira.gal\/#\/schema\/logo\/image\/"},"sameAs":["https:\/\/www.facebook.com\/anovapeneira","https:\/\/x.com\/APeneira"]},{"@type":"Person","@id":"https:\/\/www.anovapeneira.gal\/#\/schema\/person\/b93e3f8932e3f8da96334607eb6ac6aa","name":"Redacci\u00f3n A Nova Peneira","image":{"@type":"ImageObject","inLanguage":"gl-ES","@id":"https:\/\/secure.gravatar.com\/avatar\/c052a2551a06e23fac63626232eaa90abd78dbcf1700fc46a2b2c89fd27b735f?s=96&d=mm&r=g","url":"https:\/\/secure.gravatar.com\/avatar\/c052a2551a06e23fac63626232eaa90abd78dbcf1700fc46a2b2c89fd27b735f?s=96&d=mm&r=g","contentUrl":"https:\/\/secure.gravatar.com\/avatar\/c052a2551a06e23fac63626232eaa90abd78dbcf1700fc46a2b2c89fd27b735f?s=96&d=mm&r=g","caption":"Redacci\u00f3n A Nova Peneira"},"sameAs":["http:\/\/www.anovapeneira.gal\/"],"url":"https:\/\/www.anovapeneira.gal\/index.php\/author\/redactor\/"}]}},"jetpack_featured_media_url":"https:\/\/www.anovapeneira.gal\/wp-content\/uploads\/2019\/07\/ARTIGO_DE_OPINION_A_NOVA_PENEIRA.jpg","_links":{"self":[{"href":"https:\/\/www.anovapeneira.gal\/index.php\/wp-json\/wp\/v2\/posts\/12731","targetHints":{"allow":["GET"]}}],"collection":[{"href":"https:\/\/www.anovapeneira.gal\/index.php\/wp-json\/wp\/v2\/posts"}],"about":[{"href":"https:\/\/www.anovapeneira.gal\/index.php\/wp-json\/wp\/v2\/types\/post"}],"author":[{"embeddable":true,"href":"https:\/\/www.anovapeneira.gal\/index.php\/wp-json\/wp\/v2\/users\/3"}],"replies":[{"embeddable":true,"href":"https:\/\/www.anovapeneira.gal\/index.php\/wp-json\/wp\/v2\/comments?post=12731"}],"version-history":[{"count":1,"href":"https:\/\/www.anovapeneira.gal\/index.php\/wp-json\/wp\/v2\/posts\/12731\/revisions"}],"predecessor-version":[{"id":12732,"href":"https:\/\/www.anovapeneira.gal\/index.php\/wp-json\/wp\/v2\/posts\/12731\/revisions\/12732"}],"wp:featuredmedia":[{"embeddable":true,"href":"https:\/\/www.anovapeneira.gal\/index.php\/wp-json\/wp\/v2\/media\/584"}],"wp:attachment":[{"href":"https:\/\/www.anovapeneira.gal\/index.php\/wp-json\/wp\/v2\/media?parent=12731"}],"wp:term":[{"taxonomy":"category","embeddable":true,"href":"https:\/\/www.anovapeneira.gal\/index.php\/wp-json\/wp\/v2\/categories?post=12731"},{"taxonomy":"post_tag","embeddable":true,"href":"https:\/\/www.anovapeneira.gal\/index.php\/wp-json\/wp\/v2\/tags?post=12731"}],"curies":[{"name":"wp","href":"https:\/\/api.w.org\/{rel}","templated":true}]}}