{"id":12745,"date":"2024-11-12T10:00:38","date_gmt":"2024-11-12T09:00:38","guid":{"rendered":"https:\/\/www.anovapeneira.gal\/?p=12745"},"modified":"2024-11-07T19:29:37","modified_gmt":"2024-11-07T18:29:37","slug":"o-pleno-de-bueu-aproba-por-unanimidade-solicitar-a-unificacion-dos-cursos-de-infantil-de-a-pedra-cos-de-primaria","status":"publish","type":"post","link":"https:\/\/www.anovapeneira.gal\/index.php\/2024\/11\/12\/o-pleno-de-bueu-aproba-por-unanimidade-solicitar-a-unificacion-dos-cursos-de-infantil-de-a-pedra-cos-de-primaria\/","title":{"rendered":"O pleno de Bueu aproba por unanimidade solicitar a unificaci\u00f3n dos cursos de infantil de a pedra cos de primaria"},"content":{"rendered":"\n<ul class=\"wp-block-list\">\n<li><strong>A proposta, presentada polos grupos do goberno de BNG e PSOE, prop\u00f3n xuntar o m\u00f3dulo de infantil cos de primaria por raz\u00f3ns de seguridade e de econom\u00eda de medios<\/strong><\/li>\n\n\n\n<li><strong>A moci\u00f3n do PP sobre a mellora nos aparcadoiros non sa\u00edu adiante ao contar cos votos en contra de BNG e PSOE<\/strong><\/li>\n<\/ul>\n\n\n\n<p>A corporaci\u00f3n municipal de Bueu celebrou este luns a sesi\u00f3n plenaria ordinaria correspondente ao mes de novembro, na cal se aprobou por unanimidade unha moci\u00f3n para a unificaci\u00f3n dos cursos de infantil do CEIP Pluriling\u00fce A Pedra cos de primaria. A proposta, que foi presentada polos grupos do goberno (BNG e PSOE), toma o esp\u00edrito da que xa se aprobara en 2014 e reclama que a Conseller\u00eda de Educaci\u00f3n leve a cabo as xesti\u00f3ns para que o alumnado se concentre nun s\u00f3 centro. O colexio de A Pedra imparte formaci\u00f3n para alumnado de infantil e primaria nunha \u00fanica unidade administrativa, mais en dous edificios diferentes emprazados en parcelas separadas entre si. Neste momento hai un total de 94 nenas e nenos no edificio de infantil que non conta na instalaci\u00f3n nin con espazo para o comedor nin zona exterior pechada para os recreos dos d\u00edas chuviosos. Ademais tampouco disp\u00f3n de persoal administrativo nin de conserxer\u00eda espec\u00edfico para estar fisicamente na totalidade do horario escolar, xa que o titular deste posto divide as s\u00faas funci\u00f3ns entre este edificio e o centro de primaria da r\u00faa A Pedra. O alumnado ten que desprazarse empregando o autob\u00fas para facer uso dos servizos de Plan Madruga e comedor, con toda a problem\u00e1tica que isto sup\u00f3n nos d\u00edas chuviosos e de custo ambiental e econ\u00f3mico, ademais de non ter acceso a servizos como a biblioteca nin contar cun ximnasio dun tama\u00f1o axeitado.<\/p>\n\n\n\n<p>Tam\u00e9n se ve condicionada a pr\u00e1ctica e a convivencia docente con esta duplicidade de espazos, sobre todo no caso do profesorado para as materias espec\u00edficas como para o persoal de orientaci\u00f3n e coidados especiais que se comparten nos dous edificios. O caso das familias con varios fillos e fillas no mesmo centro e en diferentes etapas escolares tam\u00e9n se ve afectado pola situaci\u00f3n actual en cuesti\u00f3ns como a deixada ou recollida nos dous espazos. Na actualidade, e no suposto que tecnicamente o espazo actual non permita a ampliaci\u00f3n tam\u00e9n cabe a posibilidade de que se destinen terreos anexos ao actual centro que te\u00f1en a cualificaci\u00f3n urban\u00edstica axeitada, e os cales o Concello tam\u00e9n se comprometer\u00eda a p\u00f3r a disposici\u00f3n da Xunta os terreos.<\/p>\n\n\n\n<p>Xos\u00e9 Leal, voceiro do BNG, apuntou que \u201ccremos que \u00e9 hora de que a Conseller\u00eda se po\u00f1a xa as pilas nesta petici\u00f3n que v\u00e9n de hai anos, e de que tam\u00e9n se arranxe o colexio de A Pedra\u201d. Elena Est\u00e9vez, dende a bancada do PP, mostrou o seu apoio pero solicitou que se emendase a moci\u00f3n, polo que que se acordou solicitar que a Conseller\u00eda faga unha valoraci\u00f3n t\u00e9cnica dese traslado e proxecto, e que conte co apoio do Consello Escolar do centro. Finalmente, e con eses matices, a moci\u00f3n aprobouse por unanimidade.<\/p>\n\n\n\n<p>Non foi o caso da anterior proposta, que presentou o PP e que fac\u00eda referencia \u00e1 mellora dos aparcadoiros. Nela inst\u00e1base ao goberno local a establecer un modelo de contrato de cesi\u00f3n ou arrendamento de uso de terreos para destino temporal provisional de aparcadoiro p\u00fablico no que se establezan a parcela, o n\u00famero de metros cadrados, o tempo de cesi\u00f3n ou arrendamento, as obras e actuaci\u00f3ns que se poder\u00e1n desenvolver etc. As\u00ed mesmo, tam\u00e9n se solicitaba ao goberno local a establecer sinalizaci\u00f3n vertical para informar sobre a situaci\u00f3n dos aparcadoiros p\u00fablicos. A voceira Est\u00e9vez defendeu que \u201c\u00e9 importante regularizar os modelos de cesi\u00f3n con particulares, nos que se indiquen as condici\u00f3ns, as obras que se poden facer nos espazos e todas as demais caracter\u00edsticas\u201d. A continuaci\u00f3n interveu Isabel Quint\u00e1s, voceira do PSOE e tenente de alcalde, quen salientou que \u201ccada contrato \u00e9 un acordo concreto cos propietarios e as condici\u00f3ns establ\u00e9cense segundo as necesidades de cadaqu\u00e9n, polo que imos votar en contra\u201d. O voto negativo tam\u00e9n foi anunciado por Xos\u00e9 Leal, en representaci\u00f3n do BNG, quen explicou que \u201co goberno local leva feito un gran traballo pola consecuci\u00f3n de aparcadoiros, o que fai que hoxe te\u00f1amos trece espazos para estacionar coa s\u00faa correspondente sinalizaci\u00f3n\u201d. A moci\u00f3n non prosperou, ao contar soamente cos votos a favor do PP, e en contra de BNG e PSOE.<\/p>\n\n\n\n<p><strong>Bueu, a 5 de novembro de 2024<\/strong><\/p>\n","protected":false},"excerpt":{"rendered":"<div class=\"mh-excerpt\"><p>A proposta, presentada polos grupos do goberno de BNG e PSOE, prop\u00f3n xuntar o m\u00f3dulo de infantil cos de primaria por raz\u00f3ns de seguridade e de econom\u00eda de medios <a class=\"mh-excerpt-more\" href=\"https:\/\/www.anovapeneira.gal\/index.php\/2024\/11\/12\/o-pleno-de-bueu-aproba-por-unanimidade-solicitar-a-unificacion-dos-cursos-de-infantil-de-a-pedra-cos-de-primaria\/\" title=\"O pleno de Bueu aproba por unanimidade solicitar a unificaci\u00f3n dos cursos de infantil de a pedra cos de primaria\">[&#8230;]<\/a><\/p>\n<\/div>","protected":false},"author":3,"featured_media":12746,"comment_status":"open","ping_status":"open","sticky":false,"template":"","format":"standard","meta":{"_exactmetrics_skip_tracking":false,"_exactmetrics_sitenote_active":false,"_exactmetrics_sitenote_note":"","_exactmetrics_sitenote_category":0,"footnotes":""},"categories":[22],"tags":[440],"class_list":{"0":"post-12745","1":"post","2":"type-post","3":"status-publish","4":"format-standard","5":"has-post-thumbnail","7":"category-morrazo","8":"tag-concello-de-bueu"},"yoast_head":"<!-- This site is optimized with the Yoast SEO plugin v27.4 - https:\/\/yoast.com\/product\/yoast-seo-wordpress\/ -->\n<title>O pleno de Bueu aproba por unanimidade solicitar a unificaci\u00f3n dos cursos de infantil de a pedra cos de primaria -<\/title>\n<meta name=\"robots\" content=\"index, follow, max-snippet:-1, max-image-preview:large, max-video-preview:-1\" \/>\n<link rel=\"canonical\" href=\"https:\/\/www.anovapeneira.gal\/index.php\/2024\/11\/12\/o-pleno-de-bueu-aproba-por-unanimidade-solicitar-a-unificacion-dos-cursos-de-infantil-de-a-pedra-cos-de-primaria\/\" \/>\n<meta property=\"og:locale\" content=\"gl_ES\" \/>\n<meta property=\"og:type\" content=\"article\" \/>\n<meta property=\"og:title\" content=\"O pleno de Bueu aproba por unanimidade solicitar a unificaci\u00f3n dos cursos de infantil de a pedra cos de primaria -\" \/>\n<meta property=\"og:description\" content=\"A proposta, presentada polos grupos do goberno de BNG e PSOE, prop\u00f3n xuntar o m\u00f3dulo de infantil cos de primaria por raz\u00f3ns de seguridade e de econom\u00eda de medios [...]\" \/>\n<meta property=\"og:url\" content=\"https:\/\/www.anovapeneira.gal\/index.php\/2024\/11\/12\/o-pleno-de-bueu-aproba-por-unanimidade-solicitar-a-unificacion-dos-cursos-de-infantil-de-a-pedra-cos-de-primaria\/\" \/>\n<meta property=\"article:publisher\" content=\"https:\/\/www.facebook.com\/anovapeneira\" \/>\n<meta property=\"article:published_time\" content=\"2024-11-12T09:00:38+00:00\" \/>\n<meta property=\"og:image\" content=\"https:\/\/www.anovapeneira.gal\/wp-content\/uploads\/2024\/11\/pleno_bueu.jpg\" \/>\n\t<meta property=\"og:image:width\" content=\"720\" \/>\n\t<meta property=\"og:image:height\" content=\"432\" \/>\n\t<meta property=\"og:image:type\" content=\"image\/jpeg\" \/>\n<meta name=\"author\" content=\"Redacci\u00f3n A Nova Peneira\" \/>\n<meta name=\"twitter:card\" content=\"summary_large_image\" \/>\n<meta name=\"twitter:creator\" content=\"@APeneira\" \/>\n<meta name=\"twitter:site\" content=\"@APeneira\" \/>\n<meta name=\"twitter:label1\" content=\"Escrito por\" \/>\n\t<meta name=\"twitter:data1\" content=\"Redacci\u00f3n A Nova Peneira\" \/>\n\t<meta name=\"twitter:label2\" content=\"Tempo de lectura\" \/>\n\t<meta name=\"twitter:data2\" content=\"5 minutos\" \/>\n<script type=\"application\/ld+json\" class=\"yoast-schema-graph\">{\"@context\":\"https:\\\/\\\/schema.org\",\"@graph\":[{\"@type\":\"Article\",\"@id\":\"https:\\\/\\\/www.anovapeneira.gal\\\/index.php\\\/2024\\\/11\\\/12\\\/o-pleno-de-bueu-aproba-por-unanimidade-solicitar-a-unificacion-dos-cursos-de-infantil-de-a-pedra-cos-de-primaria\\\/#article\",\"isPartOf\":{\"@id\":\"https:\\\/\\\/www.anovapeneira.gal\\\/index.php\\\/2024\\\/11\\\/12\\\/o-pleno-de-bueu-aproba-por-unanimidade-solicitar-a-unificacion-dos-cursos-de-infantil-de-a-pedra-cos-de-primaria\\\/\"},\"author\":{\"name\":\"Redacci\u00f3n A Nova Peneira\",\"@id\":\"https:\\\/\\\/www.anovapeneira.gal\\\/#\\\/schema\\\/person\\\/b93e3f8932e3f8da96334607eb6ac6aa\"},\"headline\":\"O pleno de Bueu aproba por unanimidade solicitar a unificaci\u00f3n dos cursos de infantil de a pedra cos de primaria\",\"datePublished\":\"2024-11-12T09:00:38+00:00\",\"mainEntityOfPage\":{\"@id\":\"https:\\\/\\\/www.anovapeneira.gal\\\/index.php\\\/2024\\\/11\\\/12\\\/o-pleno-de-bueu-aproba-por-unanimidade-solicitar-a-unificacion-dos-cursos-de-infantil-de-a-pedra-cos-de-primaria\\\/\"},\"wordCount\":833,\"commentCount\":0,\"publisher\":{\"@id\":\"https:\\\/\\\/www.anovapeneira.gal\\\/#organization\"},\"image\":{\"@id\":\"https:\\\/\\\/www.anovapeneira.gal\\\/index.php\\\/2024\\\/11\\\/12\\\/o-pleno-de-bueu-aproba-por-unanimidade-solicitar-a-unificacion-dos-cursos-de-infantil-de-a-pedra-cos-de-primaria\\\/#primaryimage\"},\"thumbnailUrl\":\"https:\\\/\\\/www.anovapeneira.gal\\\/wp-content\\\/uploads\\\/2024\\\/11\\\/pleno_bueu.jpg\",\"keywords\":[\"Concello de Bueu\"],\"articleSection\":[\"Morrazo\"],\"inLanguage\":\"gl-ES\",\"potentialAction\":[{\"@type\":\"CommentAction\",\"name\":\"Comment\",\"target\":[\"https:\\\/\\\/www.anovapeneira.gal\\\/index.php\\\/2024\\\/11\\\/12\\\/o-pleno-de-bueu-aproba-por-unanimidade-solicitar-a-unificacion-dos-cursos-de-infantil-de-a-pedra-cos-de-primaria\\\/#respond\"]}]},{\"@type\":\"WebPage\",\"@id\":\"https:\\\/\\\/www.anovapeneira.gal\\\/index.php\\\/2024\\\/11\\\/12\\\/o-pleno-de-bueu-aproba-por-unanimidade-solicitar-a-unificacion-dos-cursos-de-infantil-de-a-pedra-cos-de-primaria\\\/\",\"url\":\"https:\\\/\\\/www.anovapeneira.gal\\\/index.php\\\/2024\\\/11\\\/12\\\/o-pleno-de-bueu-aproba-por-unanimidade-solicitar-a-unificacion-dos-cursos-de-infantil-de-a-pedra-cos-de-primaria\\\/\",\"name\":\"O pleno de Bueu aproba por unanimidade solicitar a unificaci\u00f3n dos cursos de infantil de a pedra cos de primaria -\",\"isPartOf\":{\"@id\":\"https:\\\/\\\/www.anovapeneira.gal\\\/#website\"},\"primaryImageOfPage\":{\"@id\":\"https:\\\/\\\/www.anovapeneira.gal\\\/index.php\\\/2024\\\/11\\\/12\\\/o-pleno-de-bueu-aproba-por-unanimidade-solicitar-a-unificacion-dos-cursos-de-infantil-de-a-pedra-cos-de-primaria\\\/#primaryimage\"},\"image\":{\"@id\":\"https:\\\/\\\/www.anovapeneira.gal\\\/index.php\\\/2024\\\/11\\\/12\\\/o-pleno-de-bueu-aproba-por-unanimidade-solicitar-a-unificacion-dos-cursos-de-infantil-de-a-pedra-cos-de-primaria\\\/#primaryimage\"},\"thumbnailUrl\":\"https:\\\/\\\/www.anovapeneira.gal\\\/wp-content\\\/uploads\\\/2024\\\/11\\\/pleno_bueu.jpg\",\"datePublished\":\"2024-11-12T09:00:38+00:00\",\"breadcrumb\":{\"@id\":\"https:\\\/\\\/www.anovapeneira.gal\\\/index.php\\\/2024\\\/11\\\/12\\\/o-pleno-de-bueu-aproba-por-unanimidade-solicitar-a-unificacion-dos-cursos-de-infantil-de-a-pedra-cos-de-primaria\\\/#breadcrumb\"},\"inLanguage\":\"gl-ES\",\"potentialAction\":[{\"@type\":\"ReadAction\",\"target\":[\"https:\\\/\\\/www.anovapeneira.gal\\\/index.php\\\/2024\\\/11\\\/12\\\/o-pleno-de-bueu-aproba-por-unanimidade-solicitar-a-unificacion-dos-cursos-de-infantil-de-a-pedra-cos-de-primaria\\\/\"]}]},{\"@type\":\"ImageObject\",\"inLanguage\":\"gl-ES\",\"@id\":\"https:\\\/\\\/www.anovapeneira.gal\\\/index.php\\\/2024\\\/11\\\/12\\\/o-pleno-de-bueu-aproba-por-unanimidade-solicitar-a-unificacion-dos-cursos-de-infantil-de-a-pedra-cos-de-primaria\\\/#primaryimage\",\"url\":\"https:\\\/\\\/www.anovapeneira.gal\\\/wp-content\\\/uploads\\\/2024\\\/11\\\/pleno_bueu.jpg\",\"contentUrl\":\"https:\\\/\\\/www.anovapeneira.gal\\\/wp-content\\\/uploads\\\/2024\\\/11\\\/pleno_bueu.jpg\",\"width\":720,\"height\":432,\"caption\":\"Pleno Bueu\"},{\"@type\":\"BreadcrumbList\",\"@id\":\"https:\\\/\\\/www.anovapeneira.gal\\\/index.php\\\/2024\\\/11\\\/12\\\/o-pleno-de-bueu-aproba-por-unanimidade-solicitar-a-unificacion-dos-cursos-de-infantil-de-a-pedra-cos-de-primaria\\\/#breadcrumb\",\"itemListElement\":[{\"@type\":\"ListItem\",\"position\":1,\"name\":\"Portada\",\"item\":\"https:\\\/\\\/www.anovapeneira.gal\\\/\"},{\"@type\":\"ListItem\",\"position\":2,\"name\":\"O pleno de Bueu aproba por unanimidade solicitar a unificaci\u00f3n dos cursos de infantil de a pedra cos de primaria\"}]},{\"@type\":\"WebSite\",\"@id\":\"https:\\\/\\\/www.anovapeneira.gal\\\/#website\",\"url\":\"https:\\\/\\\/www.anovapeneira.gal\\\/\",\"name\":\"\",\"description\":\"Xornal galego de informaci\u00f3n xeral Publicaci\u00f3n mensual de novas de Galicia e en especial dos Concellos da sur da provincia de Pontevedra.\",\"publisher\":{\"@id\":\"https:\\\/\\\/www.anovapeneira.gal\\\/#organization\"},\"potentialAction\":[{\"@type\":\"SearchAction\",\"target\":{\"@type\":\"EntryPoint\",\"urlTemplate\":\"https:\\\/\\\/www.anovapeneira.gal\\\/?s={search_term_string}\"},\"query-input\":{\"@type\":\"PropertyValueSpecification\",\"valueRequired\":true,\"valueName\":\"search_term_string\"}}],\"inLanguage\":\"gl-ES\"},{\"@type\":\"Organization\",\"@id\":\"https:\\\/\\\/www.anovapeneira.gal\\\/#organization\",\"name\":\"A Nova Peneira\",\"url\":\"https:\\\/\\\/www.anovapeneira.gal\\\/\",\"logo\":{\"@type\":\"ImageObject\",\"inLanguage\":\"gl-ES\",\"@id\":\"https:\\\/\\\/www.anovapeneira.gal\\\/#\\\/schema\\\/logo\\\/image\\\/\",\"url\":\"http:\\\/\\\/www.anovapeneira.gal\\\/wp-content\\\/uploads\\\/2019\\\/06\\\/logo_a_nova_peneira_portal_web.png\",\"contentUrl\":\"http:\\\/\\\/www.anovapeneira.gal\\\/wp-content\\\/uploads\\\/2019\\\/06\\\/logo_a_nova_peneira_portal_web.png\",\"width\":300,\"height\":100,\"caption\":\"A Nova Peneira\"},\"image\":{\"@id\":\"https:\\\/\\\/www.anovapeneira.gal\\\/#\\\/schema\\\/logo\\\/image\\\/\"},\"sameAs\":[\"https:\\\/\\\/www.facebook.com\\\/anovapeneira\",\"https:\\\/\\\/x.com\\\/APeneira\"]},{\"@type\":\"Person\",\"@id\":\"https:\\\/\\\/www.anovapeneira.gal\\\/#\\\/schema\\\/person\\\/b93e3f8932e3f8da96334607eb6ac6aa\",\"name\":\"Redacci\u00f3n A Nova Peneira\",\"image\":{\"@type\":\"ImageObject\",\"inLanguage\":\"gl-ES\",\"@id\":\"https:\\\/\\\/secure.gravatar.com\\\/avatar\\\/c052a2551a06e23fac63626232eaa90abd78dbcf1700fc46a2b2c89fd27b735f?s=96&d=mm&r=g\",\"url\":\"https:\\\/\\\/secure.gravatar.com\\\/avatar\\\/c052a2551a06e23fac63626232eaa90abd78dbcf1700fc46a2b2c89fd27b735f?s=96&d=mm&r=g\",\"contentUrl\":\"https:\\\/\\\/secure.gravatar.com\\\/avatar\\\/c052a2551a06e23fac63626232eaa90abd78dbcf1700fc46a2b2c89fd27b735f?s=96&d=mm&r=g\",\"caption\":\"Redacci\u00f3n A Nova Peneira\"},\"sameAs\":[\"http:\\\/\\\/www.anovapeneira.gal\\\/\"],\"url\":\"https:\\\/\\\/www.anovapeneira.gal\\\/index.php\\\/author\\\/redactor\\\/\"}]}<\/script>\n<!-- \/ Yoast SEO plugin. -->","yoast_head_json":{"title":"O pleno de Bueu aproba por unanimidade solicitar a unificaci\u00f3n dos cursos de infantil de a pedra cos de primaria -","robots":{"index":"index","follow":"follow","max-snippet":"max-snippet:-1","max-image-preview":"max-image-preview:large","max-video-preview":"max-video-preview:-1"},"canonical":"https:\/\/www.anovapeneira.gal\/index.php\/2024\/11\/12\/o-pleno-de-bueu-aproba-por-unanimidade-solicitar-a-unificacion-dos-cursos-de-infantil-de-a-pedra-cos-de-primaria\/","og_locale":"gl_ES","og_type":"article","og_title":"O pleno de Bueu aproba por unanimidade solicitar a unificaci\u00f3n dos cursos de infantil de a pedra cos de primaria -","og_description":"A proposta, presentada polos grupos do goberno de BNG e PSOE, prop\u00f3n xuntar o m\u00f3dulo de infantil cos de primaria por raz\u00f3ns de seguridade e de econom\u00eda de medios [...]","og_url":"https:\/\/www.anovapeneira.gal\/index.php\/2024\/11\/12\/o-pleno-de-bueu-aproba-por-unanimidade-solicitar-a-unificacion-dos-cursos-de-infantil-de-a-pedra-cos-de-primaria\/","article_publisher":"https:\/\/www.facebook.com\/anovapeneira","article_published_time":"2024-11-12T09:00:38+00:00","og_image":[{"width":720,"height":432,"url":"https:\/\/www.anovapeneira.gal\/wp-content\/uploads\/2024\/11\/pleno_bueu.jpg","type":"image\/jpeg"}],"author":"Redacci\u00f3n A Nova Peneira","twitter_card":"summary_large_image","twitter_creator":"@APeneira","twitter_site":"@APeneira","twitter_misc":{"Escrito por":"Redacci\u00f3n A Nova Peneira","Tempo de lectura":"5 minutos"},"schema":{"@context":"https:\/\/schema.org","@graph":[{"@type":"Article","@id":"https:\/\/www.anovapeneira.gal\/index.php\/2024\/11\/12\/o-pleno-de-bueu-aproba-por-unanimidade-solicitar-a-unificacion-dos-cursos-de-infantil-de-a-pedra-cos-de-primaria\/#article","isPartOf":{"@id":"https:\/\/www.anovapeneira.gal\/index.php\/2024\/11\/12\/o-pleno-de-bueu-aproba-por-unanimidade-solicitar-a-unificacion-dos-cursos-de-infantil-de-a-pedra-cos-de-primaria\/"},"author":{"name":"Redacci\u00f3n A Nova Peneira","@id":"https:\/\/www.anovapeneira.gal\/#\/schema\/person\/b93e3f8932e3f8da96334607eb6ac6aa"},"headline":"O pleno de Bueu aproba por unanimidade solicitar a unificaci\u00f3n dos cursos de infantil de a pedra cos de primaria","datePublished":"2024-11-12T09:00:38+00:00","mainEntityOfPage":{"@id":"https:\/\/www.anovapeneira.gal\/index.php\/2024\/11\/12\/o-pleno-de-bueu-aproba-por-unanimidade-solicitar-a-unificacion-dos-cursos-de-infantil-de-a-pedra-cos-de-primaria\/"},"wordCount":833,"commentCount":0,"publisher":{"@id":"https:\/\/www.anovapeneira.gal\/#organization"},"image":{"@id":"https:\/\/www.anovapeneira.gal\/index.php\/2024\/11\/12\/o-pleno-de-bueu-aproba-por-unanimidade-solicitar-a-unificacion-dos-cursos-de-infantil-de-a-pedra-cos-de-primaria\/#primaryimage"},"thumbnailUrl":"https:\/\/www.anovapeneira.gal\/wp-content\/uploads\/2024\/11\/pleno_bueu.jpg","keywords":["Concello de Bueu"],"articleSection":["Morrazo"],"inLanguage":"gl-ES","potentialAction":[{"@type":"CommentAction","name":"Comment","target":["https:\/\/www.anovapeneira.gal\/index.php\/2024\/11\/12\/o-pleno-de-bueu-aproba-por-unanimidade-solicitar-a-unificacion-dos-cursos-de-infantil-de-a-pedra-cos-de-primaria\/#respond"]}]},{"@type":"WebPage","@id":"https:\/\/www.anovapeneira.gal\/index.php\/2024\/11\/12\/o-pleno-de-bueu-aproba-por-unanimidade-solicitar-a-unificacion-dos-cursos-de-infantil-de-a-pedra-cos-de-primaria\/","url":"https:\/\/www.anovapeneira.gal\/index.php\/2024\/11\/12\/o-pleno-de-bueu-aproba-por-unanimidade-solicitar-a-unificacion-dos-cursos-de-infantil-de-a-pedra-cos-de-primaria\/","name":"O pleno de Bueu aproba por unanimidade solicitar a unificaci\u00f3n dos cursos de infantil de a pedra cos de primaria -","isPartOf":{"@id":"https:\/\/www.anovapeneira.gal\/#website"},"primaryImageOfPage":{"@id":"https:\/\/www.anovapeneira.gal\/index.php\/2024\/11\/12\/o-pleno-de-bueu-aproba-por-unanimidade-solicitar-a-unificacion-dos-cursos-de-infantil-de-a-pedra-cos-de-primaria\/#primaryimage"},"image":{"@id":"https:\/\/www.anovapeneira.gal\/index.php\/2024\/11\/12\/o-pleno-de-bueu-aproba-por-unanimidade-solicitar-a-unificacion-dos-cursos-de-infantil-de-a-pedra-cos-de-primaria\/#primaryimage"},"thumbnailUrl":"https:\/\/www.anovapeneira.gal\/wp-content\/uploads\/2024\/11\/pleno_bueu.jpg","datePublished":"2024-11-12T09:00:38+00:00","breadcrumb":{"@id":"https:\/\/www.anovapeneira.gal\/index.php\/2024\/11\/12\/o-pleno-de-bueu-aproba-por-unanimidade-solicitar-a-unificacion-dos-cursos-de-infantil-de-a-pedra-cos-de-primaria\/#breadcrumb"},"inLanguage":"gl-ES","potentialAction":[{"@type":"ReadAction","target":["https:\/\/www.anovapeneira.gal\/index.php\/2024\/11\/12\/o-pleno-de-bueu-aproba-por-unanimidade-solicitar-a-unificacion-dos-cursos-de-infantil-de-a-pedra-cos-de-primaria\/"]}]},{"@type":"ImageObject","inLanguage":"gl-ES","@id":"https:\/\/www.anovapeneira.gal\/index.php\/2024\/11\/12\/o-pleno-de-bueu-aproba-por-unanimidade-solicitar-a-unificacion-dos-cursos-de-infantil-de-a-pedra-cos-de-primaria\/#primaryimage","url":"https:\/\/www.anovapeneira.gal\/wp-content\/uploads\/2024\/11\/pleno_bueu.jpg","contentUrl":"https:\/\/www.anovapeneira.gal\/wp-content\/uploads\/2024\/11\/pleno_bueu.jpg","width":720,"height":432,"caption":"Pleno Bueu"},{"@type":"BreadcrumbList","@id":"https:\/\/www.anovapeneira.gal\/index.php\/2024\/11\/12\/o-pleno-de-bueu-aproba-por-unanimidade-solicitar-a-unificacion-dos-cursos-de-infantil-de-a-pedra-cos-de-primaria\/#breadcrumb","itemListElement":[{"@type":"ListItem","position":1,"name":"Portada","item":"https:\/\/www.anovapeneira.gal\/"},{"@type":"ListItem","position":2,"name":"O pleno de Bueu aproba por unanimidade solicitar a unificaci\u00f3n dos cursos de infantil de a pedra cos de primaria"}]},{"@type":"WebSite","@id":"https:\/\/www.anovapeneira.gal\/#website","url":"https:\/\/www.anovapeneira.gal\/","name":"","description":"Xornal galego de informaci\u00f3n xeral Publicaci\u00f3n mensual de novas de Galicia e en especial dos Concellos da sur da provincia de Pontevedra.","publisher":{"@id":"https:\/\/www.anovapeneira.gal\/#organization"},"potentialAction":[{"@type":"SearchAction","target":{"@type":"EntryPoint","urlTemplate":"https:\/\/www.anovapeneira.gal\/?s={search_term_string}"},"query-input":{"@type":"PropertyValueSpecification","valueRequired":true,"valueName":"search_term_string"}}],"inLanguage":"gl-ES"},{"@type":"Organization","@id":"https:\/\/www.anovapeneira.gal\/#organization","name":"A Nova Peneira","url":"https:\/\/www.anovapeneira.gal\/","logo":{"@type":"ImageObject","inLanguage":"gl-ES","@id":"https:\/\/www.anovapeneira.gal\/#\/schema\/logo\/image\/","url":"http:\/\/www.anovapeneira.gal\/wp-content\/uploads\/2019\/06\/logo_a_nova_peneira_portal_web.png","contentUrl":"http:\/\/www.anovapeneira.gal\/wp-content\/uploads\/2019\/06\/logo_a_nova_peneira_portal_web.png","width":300,"height":100,"caption":"A Nova Peneira"},"image":{"@id":"https:\/\/www.anovapeneira.gal\/#\/schema\/logo\/image\/"},"sameAs":["https:\/\/www.facebook.com\/anovapeneira","https:\/\/x.com\/APeneira"]},{"@type":"Person","@id":"https:\/\/www.anovapeneira.gal\/#\/schema\/person\/b93e3f8932e3f8da96334607eb6ac6aa","name":"Redacci\u00f3n A Nova Peneira","image":{"@type":"ImageObject","inLanguage":"gl-ES","@id":"https:\/\/secure.gravatar.com\/avatar\/c052a2551a06e23fac63626232eaa90abd78dbcf1700fc46a2b2c89fd27b735f?s=96&d=mm&r=g","url":"https:\/\/secure.gravatar.com\/avatar\/c052a2551a06e23fac63626232eaa90abd78dbcf1700fc46a2b2c89fd27b735f?s=96&d=mm&r=g","contentUrl":"https:\/\/secure.gravatar.com\/avatar\/c052a2551a06e23fac63626232eaa90abd78dbcf1700fc46a2b2c89fd27b735f?s=96&d=mm&r=g","caption":"Redacci\u00f3n A Nova Peneira"},"sameAs":["http:\/\/www.anovapeneira.gal\/"],"url":"https:\/\/www.anovapeneira.gal\/index.php\/author\/redactor\/"}]}},"jetpack_featured_media_url":"https:\/\/www.anovapeneira.gal\/wp-content\/uploads\/2024\/11\/pleno_bueu.jpg","_links":{"self":[{"href":"https:\/\/www.anovapeneira.gal\/index.php\/wp-json\/wp\/v2\/posts\/12745","targetHints":{"allow":["GET"]}}],"collection":[{"href":"https:\/\/www.anovapeneira.gal\/index.php\/wp-json\/wp\/v2\/posts"}],"about":[{"href":"https:\/\/www.anovapeneira.gal\/index.php\/wp-json\/wp\/v2\/types\/post"}],"author":[{"embeddable":true,"href":"https:\/\/www.anovapeneira.gal\/index.php\/wp-json\/wp\/v2\/users\/3"}],"replies":[{"embeddable":true,"href":"https:\/\/www.anovapeneira.gal\/index.php\/wp-json\/wp\/v2\/comments?post=12745"}],"version-history":[{"count":2,"href":"https:\/\/www.anovapeneira.gal\/index.php\/wp-json\/wp\/v2\/posts\/12745\/revisions"}],"predecessor-version":[{"id":12748,"href":"https:\/\/www.anovapeneira.gal\/index.php\/wp-json\/wp\/v2\/posts\/12745\/revisions\/12748"}],"wp:featuredmedia":[{"embeddable":true,"href":"https:\/\/www.anovapeneira.gal\/index.php\/wp-json\/wp\/v2\/media\/12746"}],"wp:attachment":[{"href":"https:\/\/www.anovapeneira.gal\/index.php\/wp-json\/wp\/v2\/media?parent=12745"}],"wp:term":[{"taxonomy":"category","embeddable":true,"href":"https:\/\/www.anovapeneira.gal\/index.php\/wp-json\/wp\/v2\/categories?post=12745"},{"taxonomy":"post_tag","embeddable":true,"href":"https:\/\/www.anovapeneira.gal\/index.php\/wp-json\/wp\/v2\/tags?post=12745"}],"curies":[{"name":"wp","href":"https:\/\/api.w.org\/{rel}","templated":true}]}}