{"id":12749,"date":"2024-11-12T12:00:15","date_gmt":"2024-11-12T11:00:15","guid":{"rendered":"https:\/\/www.anovapeneira.gal\/?p=12749"},"modified":"2024-11-08T13:08:34","modified_gmt":"2024-11-08T12:08:34","slug":"o-bng-alerta-dun-megaparque-eolico-de-24-muinos-e-124-megawatios-que-vai-desde-cerdedo-cotobade-a-melon","status":"publish","type":"post","link":"https:\/\/www.anovapeneira.gal\/index.php\/2024\/11\/12\/o-bng-alerta-dun-megaparque-eolico-de-24-muinos-e-124-megawatios-que-vai-desde-cerdedo-cotobade-a-melon\/","title":{"rendered":"O BNG alerta dun megaparque e\u00f3lico de 24 mu\u00ed\u00f1os e 124 megawatios que vai desde Cerdedo-Cotobade a Mel\u00f3n"},"content":{"rendered":"\n<h2 class=\"wp-block-heading\">O deputado nacionalista Lu\u00eds Bar\u00e1 rexistrou hoxe unha bater\u00eda de iniciativas parlamentares nas que demanda \u00e1 Xunta que faga valer as s\u00faas competencias e presente un informe negativo sobre este proxecto<\/h2>\n\n\n\n<h3 class=\"wp-block-heading\">O macroproxecto e\u00f3lico Greco afecta aos concellos de Cerdedo Cotobade, A Lama, Fornelos, Mel\u00f3n, Carballeda de Avia, Avi\u00f3n e Beatriz e destruir\u00eda espazos de grande valor da Serra do Suido<\/h3>\n\n\n\n<p><strong>Pontevedra, 4 de novembro de 2024<\/strong>. <\/p>\n\n\n\n<p>O BNG presentou hoxe, por medio do deputado Luis Bar\u00e1, portavoz de medio ambiente no parlamento galego, unha bater\u00eda de iniciativas parlamentarias nas que se solicita \u00e1 Xunta que informe negativamente o macroproxecto e\u00f3lico Greco, promovido polo Grupo Villar Mir, un megaparque de 124 MW que ocupa unha ampla extensi\u00f3n de territorio dos concellos de Cerdedo Cotobade, A Lama, Fornelos, Mel\u00f3n, Carballeda de Avia, Avi\u00f3n e Beatriz. O proxecto, de tramitaci\u00f3n estatal, incl\u00fae tres subparques: Greco Norte (no concello de Cerdedo Cotobade, con 11 aeroxeradores de 5,2 MW); Greco Centro (nos concellos de A Lama e Fornelos, con 6 aeroxeradores de 5,2 MW) e Greco Sur (no concello de Mel\u00f3n, con 7 aeroxeradores de 5,2 MW) (ver mapa). E ademais, 3 subestaci\u00f3ns de transformaci\u00f3n, as li\u00f1as de evacuaci\u00f3n que comunican os parques e unha li\u00f1a de alta tensi\u00f3n at\u00e9 a Subestaci\u00f3n do Para\u00f1o.<\/p>\n\n\n\n<p>Ainda que pola potencia este proxecto \u00e9 de tramitaci\u00f3n estatal, o BNG solicita \u00e1 Xunta que faga valer as s\u00faas competencias en materia de enerx\u00eda, territorio e medio ambiente e que, en consecuencia, elabore un informe contrario a este megaparque e\u00f3lico. \u201cDemandamos ao goberno galego que se po\u00f1a do lado dos concellos e da veci\u00f1anza, que defenda o interese colectivo e que impida un novo ataque contra unha zona do noso pais xa sobreexplotada e expoliada desde o punto de vista enerx\u00e9tico\u201d, sinalou Bar\u00e1<\/p>\n\n\n\n<figure class=\"wp-block-image\"><img decoding=\"async\" src=\"https:\/\/pontevedra.bng.gal\/media\/bngpontevedra\/images\/2024\/11\/04\/2024110417265594365.png\" alt=\"Mapa co emprazamento de Greco Norte, Greco Centro e Greco Sur, e dos proxectos Edreira I, ampliaci\u00f3n de Edreira I, Coto de Eiras e li\u00f1a de evacuaci\u00f3n destes proxectos desde a Lama a Pazos de Borb\u00e9n.\"\/><figcaption class=\"wp-element-caption\">Mapa co emprazamento de Greco Norte, Greco Centro e Greco Sur, e dos proxectos Edreira I, ampliaci\u00f3n de Edreira I, Coto de Eiras e li\u00f1a de evacuaci\u00f3n destes proxectos desde a Lama a Pazos de Borb\u00e9n.<\/figcaption><\/figure>\n\n\n\n<p>A xuizo do BNG, o informe desfavorable da Xunta est\u00e1 xustificado polos seguintes motivos:<\/p>\n\n\n\n<p>1. Impacto cr\u00edtico na \u00c1rea de Especial Interese Paixas\u00edstico AEIP Serra do Suido. Remit\u00edmonos ao informe do Instituto de Estudos do Territorio ao respecto do proxecto e\u00f3lico Puza, situado na mesma zona: \u201cos oito xeradores do parque e\u00f3lico Puza, sumados aos correspondentes parques e\u00f3licos en tramitaci\u00f3n e os parques e\u00f3licos xa existentes en funcionamento, producir\u00edan un moi intenso impacto visual (neste sentido cr\u00edtico, para os efectos do artigo 33.1.d) do Regulamento da Lei 7\/2008), por canto ser\u00edan visibles desde amplas superficies incluidas na delimitaci\u00f3n da AEIP Serra do Suido, afectando de forma irreversible o car\u00e1cter dunha \u00e1rea de especial interese paisax\u00edstico, a paisaxe da Serra do Suido, sen que esa afecci\u00f3n visual poida ser reducida nin mitigada mediante ningunha medida correctora\u201d.<\/p>\n\n\n\n<p>2. Impacto directo e cr\u00edtico nunha Zona Ben Conservada, en estudo, tal como se reflicte no Estudo de Impacto Ambiental do Proxecto. Tr\u00e1tase dunha zona de h\u00e1bitats de interese prioritario e abundancia de turbeiras na serra do Suido, unha parte das cales foron incluidas no Inventario de Zonas H\u00famidas de Galiza. Hai que ter en conta que a Xunta xa utilizou este argumento para emitir informe desfavorable a outro proxecto tramitado nesta zona, o denominado Carballoso (antigo Coto das Airas modificado e ampliado).<\/p>\n\n\n\n<p>3.Proximidade do subproxecto Greco Norte \u00e1 Rede Natura 2000 (ZEC Serra do Cando), que xa sofre unha elevada sobreexplotaci\u00f3n e\u00f3lica.<\/p>\n\n\n\n<p>4. Efectos sin\u00e9rxicos e acumulativos, efecto barreira e superaci\u00f3n da capacidade de carga do territorio. Nun radio de 25 km hai 17 parques e\u00f3licos en funcionamento, que suman 421 aeroxeradores; 22 proxectos autorizados, que suman 116 aeroxeradores; e 2 parques e\u00f3licos autorizados sen acceso e conexi\u00f3n (7 aeroxeradores).<\/p>\n\n\n\n<p>5. Impacto sobre o medio h\u00eddrico (regos, regatos, manantiais, humidais, augas subterr\u00e1neas) incluindo a afecci\u00f3n directa \u00e1 Reserva Natural Fluvial do r\u00edo Parada de Valdehome.<\/p>\n","protected":false},"excerpt":{"rendered":"<div class=\"mh-excerpt\"><p>O deputado nacionalista Lu\u00eds Bar\u00e1 rexistrou hoxe unha bater\u00eda de iniciativas parlamentares nas que demanda \u00e1 Xunta que faga valer as s\u00faas competencias e presente un informe negativo sobre este proxecto<br \/>\n <a class=\"mh-excerpt-more\" href=\"https:\/\/www.anovapeneira.gal\/index.php\/2024\/11\/12\/o-bng-alerta-dun-megaparque-eolico-de-24-muinos-e-124-megawatios-que-vai-desde-cerdedo-cotobade-a-melon\/\" title=\"O BNG alerta dun megaparque e\u00f3lico de 24 mu\u00ed\u00f1os e 124 megawatios que vai desde Cerdedo-Cotobade a Mel\u00f3n\">[&#8230;]<\/a><\/p>\n<\/div>","protected":false},"author":3,"featured_media":12750,"comment_status":"open","ping_status":"open","sticky":false,"template":"","format":"standard","meta":{"_exactmetrics_skip_tracking":false,"_exactmetrics_sitenote_active":false,"_exactmetrics_sitenote_note":"","_exactmetrics_sitenote_category":0,"footnotes":""},"categories":[26],"tags":[],"class_list":{"0":"post-12749","1":"post","2":"type-post","3":"status-publish","4":"format-standard","5":"has-post-thumbnail","7":"category-pontevedra"},"yoast_head":"<!-- This site is optimized with the Yoast SEO plugin v27.4 - https:\/\/yoast.com\/product\/yoast-seo-wordpress\/ -->\n<title>O BNG alerta dun megaparque e\u00f3lico de 24 mu\u00ed\u00f1os e 124 megawatios que vai desde Cerdedo-Cotobade a Mel\u00f3n -<\/title>\n<meta name=\"robots\" content=\"index, follow, max-snippet:-1, max-image-preview:large, max-video-preview:-1\" \/>\n<link rel=\"canonical\" href=\"https:\/\/www.anovapeneira.gal\/index.php\/2024\/11\/12\/o-bng-alerta-dun-megaparque-eolico-de-24-muinos-e-124-megawatios-que-vai-desde-cerdedo-cotobade-a-melon\/\" \/>\n<meta property=\"og:locale\" content=\"gl_ES\" \/>\n<meta property=\"og:type\" content=\"article\" \/>\n<meta property=\"og:title\" content=\"O BNG alerta dun megaparque e\u00f3lico de 24 mu\u00ed\u00f1os e 124 megawatios que vai desde Cerdedo-Cotobade a Mel\u00f3n -\" \/>\n<meta property=\"og:description\" content=\"O deputado nacionalista Lu\u00eds Bar\u00e1 rexistrou hoxe unha bater\u00eda de iniciativas parlamentares nas que demanda \u00e1 Xunta que faga valer as s\u00faas competencias e presente un informe negativo sobre este proxecto [...]\" \/>\n<meta property=\"og:url\" content=\"https:\/\/www.anovapeneira.gal\/index.php\/2024\/11\/12\/o-bng-alerta-dun-megaparque-eolico-de-24-muinos-e-124-megawatios-que-vai-desde-cerdedo-cotobade-a-melon\/\" \/>\n<meta property=\"article:publisher\" content=\"https:\/\/www.facebook.com\/anovapeneira\" \/>\n<meta property=\"article:published_time\" content=\"2024-11-12T11:00:15+00:00\" \/>\n<meta property=\"og:image\" content=\"https:\/\/www.anovapeneira.gal\/wp-content\/uploads\/2024\/11\/Luis_-bara.jpg\" \/>\n\t<meta property=\"og:image:width\" content=\"720\" \/>\n\t<meta property=\"og:image:height\" content=\"432\" \/>\n\t<meta property=\"og:image:type\" content=\"image\/jpeg\" \/>\n<meta name=\"author\" content=\"Redacci\u00f3n A Nova Peneira\" \/>\n<meta name=\"twitter:card\" content=\"summary_large_image\" \/>\n<meta name=\"twitter:creator\" content=\"@APeneira\" \/>\n<meta name=\"twitter:site\" content=\"@APeneira\" \/>\n<meta name=\"twitter:label1\" content=\"Escrito por\" \/>\n\t<meta name=\"twitter:data1\" content=\"Redacci\u00f3n A Nova Peneira\" \/>\n\t<meta name=\"twitter:label2\" content=\"Tempo de lectura\" \/>\n\t<meta name=\"twitter:data2\" content=\"4 minutos\" \/>\n<script type=\"application\/ld+json\" class=\"yoast-schema-graph\">{\"@context\":\"https:\\\/\\\/schema.org\",\"@graph\":[{\"@type\":\"Article\",\"@id\":\"https:\\\/\\\/www.anovapeneira.gal\\\/index.php\\\/2024\\\/11\\\/12\\\/o-bng-alerta-dun-megaparque-eolico-de-24-muinos-e-124-megawatios-que-vai-desde-cerdedo-cotobade-a-melon\\\/#article\",\"isPartOf\":{\"@id\":\"https:\\\/\\\/www.anovapeneira.gal\\\/index.php\\\/2024\\\/11\\\/12\\\/o-bng-alerta-dun-megaparque-eolico-de-24-muinos-e-124-megawatios-que-vai-desde-cerdedo-cotobade-a-melon\\\/\"},\"author\":{\"name\":\"Redacci\u00f3n A Nova Peneira\",\"@id\":\"https:\\\/\\\/www.anovapeneira.gal\\\/#\\\/schema\\\/person\\\/b93e3f8932e3f8da96334607eb6ac6aa\"},\"headline\":\"O BNG alerta dun megaparque e\u00f3lico de 24 mu\u00ed\u00f1os e 124 megawatios que vai desde Cerdedo-Cotobade a Mel\u00f3n\",\"datePublished\":\"2024-11-12T11:00:15+00:00\",\"mainEntityOfPage\":{\"@id\":\"https:\\\/\\\/www.anovapeneira.gal\\\/index.php\\\/2024\\\/11\\\/12\\\/o-bng-alerta-dun-megaparque-eolico-de-24-muinos-e-124-megawatios-que-vai-desde-cerdedo-cotobade-a-melon\\\/\"},\"wordCount\":695,\"commentCount\":0,\"publisher\":{\"@id\":\"https:\\\/\\\/www.anovapeneira.gal\\\/#organization\"},\"image\":{\"@id\":\"https:\\\/\\\/www.anovapeneira.gal\\\/index.php\\\/2024\\\/11\\\/12\\\/o-bng-alerta-dun-megaparque-eolico-de-24-muinos-e-124-megawatios-que-vai-desde-cerdedo-cotobade-a-melon\\\/#primaryimage\"},\"thumbnailUrl\":\"https:\\\/\\\/www.anovapeneira.gal\\\/wp-content\\\/uploads\\\/2024\\\/11\\\/Luis_-bara.jpg\",\"articleSection\":[\"Pontevedra\"],\"inLanguage\":\"gl-ES\",\"potentialAction\":[{\"@type\":\"CommentAction\",\"name\":\"Comment\",\"target\":[\"https:\\\/\\\/www.anovapeneira.gal\\\/index.php\\\/2024\\\/11\\\/12\\\/o-bng-alerta-dun-megaparque-eolico-de-24-muinos-e-124-megawatios-que-vai-desde-cerdedo-cotobade-a-melon\\\/#respond\"]}]},{\"@type\":\"WebPage\",\"@id\":\"https:\\\/\\\/www.anovapeneira.gal\\\/index.php\\\/2024\\\/11\\\/12\\\/o-bng-alerta-dun-megaparque-eolico-de-24-muinos-e-124-megawatios-que-vai-desde-cerdedo-cotobade-a-melon\\\/\",\"url\":\"https:\\\/\\\/www.anovapeneira.gal\\\/index.php\\\/2024\\\/11\\\/12\\\/o-bng-alerta-dun-megaparque-eolico-de-24-muinos-e-124-megawatios-que-vai-desde-cerdedo-cotobade-a-melon\\\/\",\"name\":\"O BNG alerta dun megaparque e\u00f3lico de 24 mu\u00ed\u00f1os e 124 megawatios que vai desde Cerdedo-Cotobade a Mel\u00f3n -\",\"isPartOf\":{\"@id\":\"https:\\\/\\\/www.anovapeneira.gal\\\/#website\"},\"primaryImageOfPage\":{\"@id\":\"https:\\\/\\\/www.anovapeneira.gal\\\/index.php\\\/2024\\\/11\\\/12\\\/o-bng-alerta-dun-megaparque-eolico-de-24-muinos-e-124-megawatios-que-vai-desde-cerdedo-cotobade-a-melon\\\/#primaryimage\"},\"image\":{\"@id\":\"https:\\\/\\\/www.anovapeneira.gal\\\/index.php\\\/2024\\\/11\\\/12\\\/o-bng-alerta-dun-megaparque-eolico-de-24-muinos-e-124-megawatios-que-vai-desde-cerdedo-cotobade-a-melon\\\/#primaryimage\"},\"thumbnailUrl\":\"https:\\\/\\\/www.anovapeneira.gal\\\/wp-content\\\/uploads\\\/2024\\\/11\\\/Luis_-bara.jpg\",\"datePublished\":\"2024-11-12T11:00:15+00:00\",\"breadcrumb\":{\"@id\":\"https:\\\/\\\/www.anovapeneira.gal\\\/index.php\\\/2024\\\/11\\\/12\\\/o-bng-alerta-dun-megaparque-eolico-de-24-muinos-e-124-megawatios-que-vai-desde-cerdedo-cotobade-a-melon\\\/#breadcrumb\"},\"inLanguage\":\"gl-ES\",\"potentialAction\":[{\"@type\":\"ReadAction\",\"target\":[\"https:\\\/\\\/www.anovapeneira.gal\\\/index.php\\\/2024\\\/11\\\/12\\\/o-bng-alerta-dun-megaparque-eolico-de-24-muinos-e-124-megawatios-que-vai-desde-cerdedo-cotobade-a-melon\\\/\"]}]},{\"@type\":\"ImageObject\",\"inLanguage\":\"gl-ES\",\"@id\":\"https:\\\/\\\/www.anovapeneira.gal\\\/index.php\\\/2024\\\/11\\\/12\\\/o-bng-alerta-dun-megaparque-eolico-de-24-muinos-e-124-megawatios-que-vai-desde-cerdedo-cotobade-a-melon\\\/#primaryimage\",\"url\":\"https:\\\/\\\/www.anovapeneira.gal\\\/wp-content\\\/uploads\\\/2024\\\/11\\\/Luis_-bara.jpg\",\"contentUrl\":\"https:\\\/\\\/www.anovapeneira.gal\\\/wp-content\\\/uploads\\\/2024\\\/11\\\/Luis_-bara.jpg\",\"width\":720,\"height\":432,\"caption\":\"Lu\u00eds Bar\u00e1\"},{\"@type\":\"BreadcrumbList\",\"@id\":\"https:\\\/\\\/www.anovapeneira.gal\\\/index.php\\\/2024\\\/11\\\/12\\\/o-bng-alerta-dun-megaparque-eolico-de-24-muinos-e-124-megawatios-que-vai-desde-cerdedo-cotobade-a-melon\\\/#breadcrumb\",\"itemListElement\":[{\"@type\":\"ListItem\",\"position\":1,\"name\":\"Portada\",\"item\":\"https:\\\/\\\/www.anovapeneira.gal\\\/\"},{\"@type\":\"ListItem\",\"position\":2,\"name\":\"O BNG alerta dun megaparque e\u00f3lico de 24 mu\u00ed\u00f1os e 124 megawatios que vai desde Cerdedo-Cotobade a Mel\u00f3n\"}]},{\"@type\":\"WebSite\",\"@id\":\"https:\\\/\\\/www.anovapeneira.gal\\\/#website\",\"url\":\"https:\\\/\\\/www.anovapeneira.gal\\\/\",\"name\":\"\",\"description\":\"Xornal galego de informaci\u00f3n xeral Publicaci\u00f3n mensual de novas de Galicia e en especial dos Concellos da sur da provincia de Pontevedra.\",\"publisher\":{\"@id\":\"https:\\\/\\\/www.anovapeneira.gal\\\/#organization\"},\"potentialAction\":[{\"@type\":\"SearchAction\",\"target\":{\"@type\":\"EntryPoint\",\"urlTemplate\":\"https:\\\/\\\/www.anovapeneira.gal\\\/?s={search_term_string}\"},\"query-input\":{\"@type\":\"PropertyValueSpecification\",\"valueRequired\":true,\"valueName\":\"search_term_string\"}}],\"inLanguage\":\"gl-ES\"},{\"@type\":\"Organization\",\"@id\":\"https:\\\/\\\/www.anovapeneira.gal\\\/#organization\",\"name\":\"A Nova Peneira\",\"url\":\"https:\\\/\\\/www.anovapeneira.gal\\\/\",\"logo\":{\"@type\":\"ImageObject\",\"inLanguage\":\"gl-ES\",\"@id\":\"https:\\\/\\\/www.anovapeneira.gal\\\/#\\\/schema\\\/logo\\\/image\\\/\",\"url\":\"http:\\\/\\\/www.anovapeneira.gal\\\/wp-content\\\/uploads\\\/2019\\\/06\\\/logo_a_nova_peneira_portal_web.png\",\"contentUrl\":\"http:\\\/\\\/www.anovapeneira.gal\\\/wp-content\\\/uploads\\\/2019\\\/06\\\/logo_a_nova_peneira_portal_web.png\",\"width\":300,\"height\":100,\"caption\":\"A Nova Peneira\"},\"image\":{\"@id\":\"https:\\\/\\\/www.anovapeneira.gal\\\/#\\\/schema\\\/logo\\\/image\\\/\"},\"sameAs\":[\"https:\\\/\\\/www.facebook.com\\\/anovapeneira\",\"https:\\\/\\\/x.com\\\/APeneira\"]},{\"@type\":\"Person\",\"@id\":\"https:\\\/\\\/www.anovapeneira.gal\\\/#\\\/schema\\\/person\\\/b93e3f8932e3f8da96334607eb6ac6aa\",\"name\":\"Redacci\u00f3n A Nova Peneira\",\"image\":{\"@type\":\"ImageObject\",\"inLanguage\":\"gl-ES\",\"@id\":\"https:\\\/\\\/secure.gravatar.com\\\/avatar\\\/c052a2551a06e23fac63626232eaa90abd78dbcf1700fc46a2b2c89fd27b735f?s=96&d=mm&r=g\",\"url\":\"https:\\\/\\\/secure.gravatar.com\\\/avatar\\\/c052a2551a06e23fac63626232eaa90abd78dbcf1700fc46a2b2c89fd27b735f?s=96&d=mm&r=g\",\"contentUrl\":\"https:\\\/\\\/secure.gravatar.com\\\/avatar\\\/c052a2551a06e23fac63626232eaa90abd78dbcf1700fc46a2b2c89fd27b735f?s=96&d=mm&r=g\",\"caption\":\"Redacci\u00f3n A Nova Peneira\"},\"sameAs\":[\"http:\\\/\\\/www.anovapeneira.gal\\\/\"],\"url\":\"https:\\\/\\\/www.anovapeneira.gal\\\/index.php\\\/author\\\/redactor\\\/\"}]}<\/script>\n<!-- \/ Yoast SEO plugin. -->","yoast_head_json":{"title":"O BNG alerta dun megaparque e\u00f3lico de 24 mu\u00ed\u00f1os e 124 megawatios que vai desde Cerdedo-Cotobade a Mel\u00f3n -","robots":{"index":"index","follow":"follow","max-snippet":"max-snippet:-1","max-image-preview":"max-image-preview:large","max-video-preview":"max-video-preview:-1"},"canonical":"https:\/\/www.anovapeneira.gal\/index.php\/2024\/11\/12\/o-bng-alerta-dun-megaparque-eolico-de-24-muinos-e-124-megawatios-que-vai-desde-cerdedo-cotobade-a-melon\/","og_locale":"gl_ES","og_type":"article","og_title":"O BNG alerta dun megaparque e\u00f3lico de 24 mu\u00ed\u00f1os e 124 megawatios que vai desde Cerdedo-Cotobade a Mel\u00f3n -","og_description":"O deputado nacionalista Lu\u00eds Bar\u00e1 rexistrou hoxe unha bater\u00eda de iniciativas parlamentares nas que demanda \u00e1 Xunta que faga valer as s\u00faas competencias e presente un informe negativo sobre este proxecto [...]","og_url":"https:\/\/www.anovapeneira.gal\/index.php\/2024\/11\/12\/o-bng-alerta-dun-megaparque-eolico-de-24-muinos-e-124-megawatios-que-vai-desde-cerdedo-cotobade-a-melon\/","article_publisher":"https:\/\/www.facebook.com\/anovapeneira","article_published_time":"2024-11-12T11:00:15+00:00","og_image":[{"width":720,"height":432,"url":"https:\/\/www.anovapeneira.gal\/wp-content\/uploads\/2024\/11\/Luis_-bara.jpg","type":"image\/jpeg"}],"author":"Redacci\u00f3n A Nova Peneira","twitter_card":"summary_large_image","twitter_creator":"@APeneira","twitter_site":"@APeneira","twitter_misc":{"Escrito por":"Redacci\u00f3n A Nova Peneira","Tempo de lectura":"4 minutos"},"schema":{"@context":"https:\/\/schema.org","@graph":[{"@type":"Article","@id":"https:\/\/www.anovapeneira.gal\/index.php\/2024\/11\/12\/o-bng-alerta-dun-megaparque-eolico-de-24-muinos-e-124-megawatios-que-vai-desde-cerdedo-cotobade-a-melon\/#article","isPartOf":{"@id":"https:\/\/www.anovapeneira.gal\/index.php\/2024\/11\/12\/o-bng-alerta-dun-megaparque-eolico-de-24-muinos-e-124-megawatios-que-vai-desde-cerdedo-cotobade-a-melon\/"},"author":{"name":"Redacci\u00f3n A Nova Peneira","@id":"https:\/\/www.anovapeneira.gal\/#\/schema\/person\/b93e3f8932e3f8da96334607eb6ac6aa"},"headline":"O BNG alerta dun megaparque e\u00f3lico de 24 mu\u00ed\u00f1os e 124 megawatios que vai desde Cerdedo-Cotobade a Mel\u00f3n","datePublished":"2024-11-12T11:00:15+00:00","mainEntityOfPage":{"@id":"https:\/\/www.anovapeneira.gal\/index.php\/2024\/11\/12\/o-bng-alerta-dun-megaparque-eolico-de-24-muinos-e-124-megawatios-que-vai-desde-cerdedo-cotobade-a-melon\/"},"wordCount":695,"commentCount":0,"publisher":{"@id":"https:\/\/www.anovapeneira.gal\/#organization"},"image":{"@id":"https:\/\/www.anovapeneira.gal\/index.php\/2024\/11\/12\/o-bng-alerta-dun-megaparque-eolico-de-24-muinos-e-124-megawatios-que-vai-desde-cerdedo-cotobade-a-melon\/#primaryimage"},"thumbnailUrl":"https:\/\/www.anovapeneira.gal\/wp-content\/uploads\/2024\/11\/Luis_-bara.jpg","articleSection":["Pontevedra"],"inLanguage":"gl-ES","potentialAction":[{"@type":"CommentAction","name":"Comment","target":["https:\/\/www.anovapeneira.gal\/index.php\/2024\/11\/12\/o-bng-alerta-dun-megaparque-eolico-de-24-muinos-e-124-megawatios-que-vai-desde-cerdedo-cotobade-a-melon\/#respond"]}]},{"@type":"WebPage","@id":"https:\/\/www.anovapeneira.gal\/index.php\/2024\/11\/12\/o-bng-alerta-dun-megaparque-eolico-de-24-muinos-e-124-megawatios-que-vai-desde-cerdedo-cotobade-a-melon\/","url":"https:\/\/www.anovapeneira.gal\/index.php\/2024\/11\/12\/o-bng-alerta-dun-megaparque-eolico-de-24-muinos-e-124-megawatios-que-vai-desde-cerdedo-cotobade-a-melon\/","name":"O BNG alerta dun megaparque e\u00f3lico de 24 mu\u00ed\u00f1os e 124 megawatios que vai desde Cerdedo-Cotobade a Mel\u00f3n -","isPartOf":{"@id":"https:\/\/www.anovapeneira.gal\/#website"},"primaryImageOfPage":{"@id":"https:\/\/www.anovapeneira.gal\/index.php\/2024\/11\/12\/o-bng-alerta-dun-megaparque-eolico-de-24-muinos-e-124-megawatios-que-vai-desde-cerdedo-cotobade-a-melon\/#primaryimage"},"image":{"@id":"https:\/\/www.anovapeneira.gal\/index.php\/2024\/11\/12\/o-bng-alerta-dun-megaparque-eolico-de-24-muinos-e-124-megawatios-que-vai-desde-cerdedo-cotobade-a-melon\/#primaryimage"},"thumbnailUrl":"https:\/\/www.anovapeneira.gal\/wp-content\/uploads\/2024\/11\/Luis_-bara.jpg","datePublished":"2024-11-12T11:00:15+00:00","breadcrumb":{"@id":"https:\/\/www.anovapeneira.gal\/index.php\/2024\/11\/12\/o-bng-alerta-dun-megaparque-eolico-de-24-muinos-e-124-megawatios-que-vai-desde-cerdedo-cotobade-a-melon\/#breadcrumb"},"inLanguage":"gl-ES","potentialAction":[{"@type":"ReadAction","target":["https:\/\/www.anovapeneira.gal\/index.php\/2024\/11\/12\/o-bng-alerta-dun-megaparque-eolico-de-24-muinos-e-124-megawatios-que-vai-desde-cerdedo-cotobade-a-melon\/"]}]},{"@type":"ImageObject","inLanguage":"gl-ES","@id":"https:\/\/www.anovapeneira.gal\/index.php\/2024\/11\/12\/o-bng-alerta-dun-megaparque-eolico-de-24-muinos-e-124-megawatios-que-vai-desde-cerdedo-cotobade-a-melon\/#primaryimage","url":"https:\/\/www.anovapeneira.gal\/wp-content\/uploads\/2024\/11\/Luis_-bara.jpg","contentUrl":"https:\/\/www.anovapeneira.gal\/wp-content\/uploads\/2024\/11\/Luis_-bara.jpg","width":720,"height":432,"caption":"Lu\u00eds Bar\u00e1"},{"@type":"BreadcrumbList","@id":"https:\/\/www.anovapeneira.gal\/index.php\/2024\/11\/12\/o-bng-alerta-dun-megaparque-eolico-de-24-muinos-e-124-megawatios-que-vai-desde-cerdedo-cotobade-a-melon\/#breadcrumb","itemListElement":[{"@type":"ListItem","position":1,"name":"Portada","item":"https:\/\/www.anovapeneira.gal\/"},{"@type":"ListItem","position":2,"name":"O BNG alerta dun megaparque e\u00f3lico de 24 mu\u00ed\u00f1os e 124 megawatios que vai desde Cerdedo-Cotobade a Mel\u00f3n"}]},{"@type":"WebSite","@id":"https:\/\/www.anovapeneira.gal\/#website","url":"https:\/\/www.anovapeneira.gal\/","name":"","description":"Xornal galego de informaci\u00f3n xeral Publicaci\u00f3n mensual de novas de Galicia e en especial dos Concellos da sur da provincia de Pontevedra.","publisher":{"@id":"https:\/\/www.anovapeneira.gal\/#organization"},"potentialAction":[{"@type":"SearchAction","target":{"@type":"EntryPoint","urlTemplate":"https:\/\/www.anovapeneira.gal\/?s={search_term_string}"},"query-input":{"@type":"PropertyValueSpecification","valueRequired":true,"valueName":"search_term_string"}}],"inLanguage":"gl-ES"},{"@type":"Organization","@id":"https:\/\/www.anovapeneira.gal\/#organization","name":"A Nova Peneira","url":"https:\/\/www.anovapeneira.gal\/","logo":{"@type":"ImageObject","inLanguage":"gl-ES","@id":"https:\/\/www.anovapeneira.gal\/#\/schema\/logo\/image\/","url":"http:\/\/www.anovapeneira.gal\/wp-content\/uploads\/2019\/06\/logo_a_nova_peneira_portal_web.png","contentUrl":"http:\/\/www.anovapeneira.gal\/wp-content\/uploads\/2019\/06\/logo_a_nova_peneira_portal_web.png","width":300,"height":100,"caption":"A Nova Peneira"},"image":{"@id":"https:\/\/www.anovapeneira.gal\/#\/schema\/logo\/image\/"},"sameAs":["https:\/\/www.facebook.com\/anovapeneira","https:\/\/x.com\/APeneira"]},{"@type":"Person","@id":"https:\/\/www.anovapeneira.gal\/#\/schema\/person\/b93e3f8932e3f8da96334607eb6ac6aa","name":"Redacci\u00f3n A Nova Peneira","image":{"@type":"ImageObject","inLanguage":"gl-ES","@id":"https:\/\/secure.gravatar.com\/avatar\/c052a2551a06e23fac63626232eaa90abd78dbcf1700fc46a2b2c89fd27b735f?s=96&d=mm&r=g","url":"https:\/\/secure.gravatar.com\/avatar\/c052a2551a06e23fac63626232eaa90abd78dbcf1700fc46a2b2c89fd27b735f?s=96&d=mm&r=g","contentUrl":"https:\/\/secure.gravatar.com\/avatar\/c052a2551a06e23fac63626232eaa90abd78dbcf1700fc46a2b2c89fd27b735f?s=96&d=mm&r=g","caption":"Redacci\u00f3n A Nova Peneira"},"sameAs":["http:\/\/www.anovapeneira.gal\/"],"url":"https:\/\/www.anovapeneira.gal\/index.php\/author\/redactor\/"}]}},"jetpack_featured_media_url":"https:\/\/www.anovapeneira.gal\/wp-content\/uploads\/2024\/11\/Luis_-bara.jpg","_links":{"self":[{"href":"https:\/\/www.anovapeneira.gal\/index.php\/wp-json\/wp\/v2\/posts\/12749","targetHints":{"allow":["GET"]}}],"collection":[{"href":"https:\/\/www.anovapeneira.gal\/index.php\/wp-json\/wp\/v2\/posts"}],"about":[{"href":"https:\/\/www.anovapeneira.gal\/index.php\/wp-json\/wp\/v2\/types\/post"}],"author":[{"embeddable":true,"href":"https:\/\/www.anovapeneira.gal\/index.php\/wp-json\/wp\/v2\/users\/3"}],"replies":[{"embeddable":true,"href":"https:\/\/www.anovapeneira.gal\/index.php\/wp-json\/wp\/v2\/comments?post=12749"}],"version-history":[{"count":1,"href":"https:\/\/www.anovapeneira.gal\/index.php\/wp-json\/wp\/v2\/posts\/12749\/revisions"}],"predecessor-version":[{"id":12751,"href":"https:\/\/www.anovapeneira.gal\/index.php\/wp-json\/wp\/v2\/posts\/12749\/revisions\/12751"}],"wp:featuredmedia":[{"embeddable":true,"href":"https:\/\/www.anovapeneira.gal\/index.php\/wp-json\/wp\/v2\/media\/12750"}],"wp:attachment":[{"href":"https:\/\/www.anovapeneira.gal\/index.php\/wp-json\/wp\/v2\/media?parent=12749"}],"wp:term":[{"taxonomy":"category","embeddable":true,"href":"https:\/\/www.anovapeneira.gal\/index.php\/wp-json\/wp\/v2\/categories?post=12749"},{"taxonomy":"post_tag","embeddable":true,"href":"https:\/\/www.anovapeneira.gal\/index.php\/wp-json\/wp\/v2\/tags?post=12749"}],"curies":[{"name":"wp","href":"https:\/\/api.w.org\/{rel}","templated":true}]}}