{"id":1275,"date":"2019-09-20T10:00:14","date_gmt":"2019-09-20T08:00:14","guid":{"rendered":"http:\/\/www.anovapeneira.gal\/?p=1275"},"modified":"2019-09-16T14:14:38","modified_gmt":"2019-09-16T12:14:38","slug":"o-bng-pide-aprobar-unha-dotacion-estraordinaria-de-1-500me-para-saldar-a-debeda-con-galiza-en-infraestruturas","status":"publish","type":"post","link":"https:\/\/www.anovapeneira.gal\/index.php\/2019\/09\/20\/o-bng-pide-aprobar-unha-dotacion-estraordinaria-de-1-500me-para-saldar-a-debeda-con-galiza-en-infraestruturas\/","title":{"rendered":"O BNG pide aprobar unha dotaci\u00f3n  estraordinaria  de 1.500m\u20ac para saldar a d\u00e9beda con Galiza en infraestruturas"},"content":{"rendered":"\n<h2 class=\"wp-block-heading\"><strong>Lu\u00eds Bar\u00e1 acusa a PSOE e UNIDAS PODEMOS da situaci\u00f3n de par\u00e1lise pol\u00edtica no estado ao que suma o \u201csilencio da Xunta\u201d para reclamar as d\u00e9bedas do estado con Galiza<\/strong><\/h2>\n\n\n\n<p><strong>Santiago de Compostela, 11 de setembro, 2019<\/strong><\/p>\n\n\n\n<p>O\nBNG, a trav\u00e9s dunha proposici\u00f3n non de lei, defendida pola deputado\nLu\u00eds Bar\u00e1, reclamou aprobar unha dotaci\u00f3n\norzamentaria extraordinaria de \u201ccando menos 1.500 mill\u00f3ns de\neuros\u201d para saldar a d\u00e9beda con Galiza en materia de\ninfraestruturas pola falta de execuci\u00f3n de orzamentos nos \u00faltimos 4\nanos. Esta dotaci\u00f3n extraordinaria, explicou o parlamentario, \n\u201cestar\u00e1 dedicada prioritariamente a actuaci\u00f3ns medioambientais, \u00e1\nmellora da rede de estradas do Estado, a investimentos en portos de\ninterese xeral e a modernizaci\u00f3n do ferrocarril\u201d.<\/p>\n\n\n\n<p>Por\noutra parte, tam\u00e9n demandou aprobar un plan plurianual de mellora da\nrede ferroviaria galega coa mellora da comunicaci\u00f3n entre Vigo e a\nfronteira portuguesa, modernizar as li\u00f1as, Coru\u00f1a-Ferrol,\nFerrol-Ribadeo, as conexi\u00f3ns de Lugo-Coru\u00f1a-Santiago-Ourense,\nOurense-Vigo, Ourense-Santiago e un plan de desenvolvemento da\nconexi\u00f3n de Galiza ao Corredor Atl\u00e1ntico.<\/p>\n\n\n\n<p>O\nparlamentario do BNG demandou a creaci\u00f3n do servizo de cercan\u00edas e\na transferencia a Galiza das competencias nesta materia.<\/p>\n\n\n\n<p>\u00c9\nunha necesidade, dixo, de \u201cter voz propia e sen ataduras\u201d, que\ndefenda os intereses de Galiza en Madrid. O parlamentario insistiu en\ndenunciar que o actual bloqueo para formar goberno no estado\nprexudica gravemente a Galiza ao que sumou \u201ca postura pusil\u00e1nime\u201d\nda Xunta e de Feix\u00f3o que de cando en vez te\u00f1en, parece que te\u00f1en\nun ataque de sentido de estado cando en realidade \u201cson ataques de\nsubmisi\u00f3n\u201d. Tras dez anos de silencio, asumindo un sistema de\nfinanciamento que o propio goberno galego reco\u00f1ece\n\u201cdiscriminatorio\u201d, non reclamaron a d\u00e9beda en dependencia e\naceptaron os \u201crecortazos\u201d en infraestruturas ao que agora temos\nque sumar o debate dos 700 M\u20ac dos anticipos \u00e1 conta. \u201cHoxe\nFeix\u00f3o decidiu enviar unha carta cando no BNG levamos moitas semanas\npropo\u00f1endo que utilice a v\u00eda xudicial ante esta aldraxe\u201d.<\/p>\n\n\n\n<p>Para\no deputado, a proposta do BNG  defende a Galiza nunha situaci\u00f3n de\n\u201cbloqueo e par\u00e1lise institucional\u201d e \u201cespect\u00e1culo lamentable\u201d\npola  incapacidade dos  partidos estatais para chegar a un acordo.\nEsta situaci\u00f3n, afirmou Bar\u00e1,  produce \u201cnoxo e carraxe\u201d \u00e1\ncidadan\u00eda. Non hai goberno, o parlamento segue en \u201cstand by\u201d\npola postura do Partido socialista e Unidas podemos  polo seu \n\u201ctactismo e postureo\u201d cambiando a pol\u00edtica pola \u201cpolitiqueria\u201d\n sobre un taboleiro para \u201cventaxistas e tahures\u201d.<\/p>\n\n\n\n<p>Finalmente,\no deputado do BNG insistiu na necesidade de recuperar \u201ca axenda\ngalega\u201d ante o goberno central polo que reiterou a reclamaci\u00f3n de\n1.5000 M\u20ac para mellorar as redes viarias galegas. \n<\/p>\n\n\n\n<p>Os\nvotos en contra do Partido popular impediron que prosperara a\nproposta  BNG.<\/p>\n","protected":false},"excerpt":{"rendered":"<div class=\"mh-excerpt\"><p>Lu\u00eds Bar\u00e1 acusa a PSOE e UNIDAS PODEMOS da situaci\u00f3n de par\u00e1lise pol\u00edtica no estado ao que suma o \u201csilencio da Xunta\u201d para reclamar as d\u00e9bedas do estado con Galiza <a class=\"mh-excerpt-more\" href=\"https:\/\/www.anovapeneira.gal\/index.php\/2019\/09\/20\/o-bng-pide-aprobar-unha-dotacion-estraordinaria-de-1-500me-para-saldar-a-debeda-con-galiza-en-infraestruturas\/\" title=\"O BNG pide aprobar unha dotaci\u00f3n  estraordinaria  de 1.500m\u20ac para saldar a d\u00e9beda con Galiza en infraestruturas\">[&#8230;]<\/a><\/p>\n<\/div>","protected":false},"author":3,"featured_media":820,"comment_status":"open","ping_status":"open","sticky":false,"template":"","format":"standard","meta":{"_exactmetrics_skip_tracking":false,"_exactmetrics_sitenote_active":false,"_exactmetrics_sitenote_note":"","_exactmetrics_sitenote_category":0,"footnotes":""},"categories":[263],"tags":[10,372,591,12],"class_list":{"0":"post-1275","1":"post","2":"type-post","3":"status-publish","4":"format-standard","5":"has-post-thumbnail","7":"category-novas","8":"tag-bng","9":"tag-luis-bara","10":"tag-parlamento-de-galicia","11":"tag-politica"},"yoast_head":"<!-- This site is optimized with the Yoast SEO plugin v27.4 - https:\/\/yoast.com\/product\/yoast-seo-wordpress\/ -->\n<title>O BNG pide aprobar unha dotaci\u00f3n estraordinaria de 1.500m\u20ac para saldar a d\u00e9beda con Galiza en infraestruturas -<\/title>\n<meta name=\"robots\" content=\"index, follow, max-snippet:-1, max-image-preview:large, max-video-preview:-1\" \/>\n<link rel=\"canonical\" href=\"https:\/\/www.anovapeneira.gal\/index.php\/2019\/09\/20\/o-bng-pide-aprobar-unha-dotacion-estraordinaria-de-1-500me-para-saldar-a-debeda-con-galiza-en-infraestruturas\/\" \/>\n<meta property=\"og:locale\" content=\"gl_ES\" \/>\n<meta property=\"og:type\" content=\"article\" \/>\n<meta property=\"og:title\" content=\"O BNG pide aprobar unha dotaci\u00f3n estraordinaria de 1.500m\u20ac para saldar a d\u00e9beda con Galiza en infraestruturas -\" \/>\n<meta property=\"og:description\" content=\"Lu\u00eds Bar\u00e1 acusa a PSOE e UNIDAS PODEMOS da situaci\u00f3n de par\u00e1lise pol\u00edtica no estado ao que suma o \u201csilencio da Xunta\u201d para reclamar as d\u00e9bedas do estado con Galiza [...]\" \/>\n<meta property=\"og:url\" content=\"https:\/\/www.anovapeneira.gal\/index.php\/2019\/09\/20\/o-bng-pide-aprobar-unha-dotacion-estraordinaria-de-1-500me-para-saldar-a-debeda-con-galiza-en-infraestruturas\/\" \/>\n<meta property=\"article:publisher\" content=\"https:\/\/www.facebook.com\/anovapeneira\" \/>\n<meta property=\"article:published_time\" content=\"2019-09-20T08:00:14+00:00\" \/>\n<meta property=\"og:image\" content=\"https:\/\/www.anovapeneira.gal\/wp-content\/uploads\/2019\/08\/bara_BNG_a_nova_peneira.jpg\" \/>\n\t<meta property=\"og:image:width\" content=\"720\" \/>\n\t<meta property=\"og:image:height\" content=\"473\" \/>\n\t<meta property=\"og:image:type\" content=\"image\/jpeg\" \/>\n<meta name=\"author\" content=\"Redacci\u00f3n A Nova Peneira\" \/>\n<meta name=\"twitter:card\" content=\"summary_large_image\" \/>\n<meta name=\"twitter:creator\" content=\"@APeneira\" \/>\n<meta name=\"twitter:site\" content=\"@APeneira\" \/>\n<meta name=\"twitter:label1\" content=\"Escrito por\" \/>\n\t<meta name=\"twitter:data1\" content=\"Redacci\u00f3n A Nova Peneira\" \/>\n\t<meta name=\"twitter:label2\" content=\"Tempo de lectura\" \/>\n\t<meta name=\"twitter:data2\" content=\"2 minutos\" \/>\n<script type=\"application\/ld+json\" class=\"yoast-schema-graph\">{\"@context\":\"https:\\\/\\\/schema.org\",\"@graph\":[{\"@type\":\"Article\",\"@id\":\"https:\\\/\\\/www.anovapeneira.gal\\\/index.php\\\/2019\\\/09\\\/20\\\/o-bng-pide-aprobar-unha-dotacion-estraordinaria-de-1-500me-para-saldar-a-debeda-con-galiza-en-infraestruturas\\\/#article\",\"isPartOf\":{\"@id\":\"https:\\\/\\\/www.anovapeneira.gal\\\/index.php\\\/2019\\\/09\\\/20\\\/o-bng-pide-aprobar-unha-dotacion-estraordinaria-de-1-500me-para-saldar-a-debeda-con-galiza-en-infraestruturas\\\/\"},\"author\":{\"name\":\"Redacci\u00f3n A Nova Peneira\",\"@id\":\"https:\\\/\\\/www.anovapeneira.gal\\\/#\\\/schema\\\/person\\\/b93e3f8932e3f8da96334607eb6ac6aa\"},\"headline\":\"O BNG pide aprobar unha dotaci\u00f3n estraordinaria de 1.500m\u20ac para saldar a d\u00e9beda con Galiza en infraestruturas\",\"datePublished\":\"2019-09-20T08:00:14+00:00\",\"mainEntityOfPage\":{\"@id\":\"https:\\\/\\\/www.anovapeneira.gal\\\/index.php\\\/2019\\\/09\\\/20\\\/o-bng-pide-aprobar-unha-dotacion-estraordinaria-de-1-500me-para-saldar-a-debeda-con-galiza-en-infraestruturas\\\/\"},\"wordCount\":488,\"commentCount\":0,\"publisher\":{\"@id\":\"https:\\\/\\\/www.anovapeneira.gal\\\/#organization\"},\"image\":{\"@id\":\"https:\\\/\\\/www.anovapeneira.gal\\\/index.php\\\/2019\\\/09\\\/20\\\/o-bng-pide-aprobar-unha-dotacion-estraordinaria-de-1-500me-para-saldar-a-debeda-con-galiza-en-infraestruturas\\\/#primaryimage\"},\"thumbnailUrl\":\"https:\\\/\\\/www.anovapeneira.gal\\\/wp-content\\\/uploads\\\/2019\\\/08\\\/bara_BNG_a_nova_peneira.jpg\",\"keywords\":[\"BNG\",\"Lu\u00eds Bar\u00e1\",\"Parlamento de Galicia\",\"Pol\u00edtica\"],\"articleSection\":[\"Novas\"],\"inLanguage\":\"gl-ES\",\"potentialAction\":[{\"@type\":\"CommentAction\",\"name\":\"Comment\",\"target\":[\"https:\\\/\\\/www.anovapeneira.gal\\\/index.php\\\/2019\\\/09\\\/20\\\/o-bng-pide-aprobar-unha-dotacion-estraordinaria-de-1-500me-para-saldar-a-debeda-con-galiza-en-infraestruturas\\\/#respond\"]}]},{\"@type\":\"WebPage\",\"@id\":\"https:\\\/\\\/www.anovapeneira.gal\\\/index.php\\\/2019\\\/09\\\/20\\\/o-bng-pide-aprobar-unha-dotacion-estraordinaria-de-1-500me-para-saldar-a-debeda-con-galiza-en-infraestruturas\\\/\",\"url\":\"https:\\\/\\\/www.anovapeneira.gal\\\/index.php\\\/2019\\\/09\\\/20\\\/o-bng-pide-aprobar-unha-dotacion-estraordinaria-de-1-500me-para-saldar-a-debeda-con-galiza-en-infraestruturas\\\/\",\"name\":\"O BNG pide aprobar unha dotaci\u00f3n estraordinaria de 1.500m\u20ac para saldar a d\u00e9beda con Galiza en infraestruturas -\",\"isPartOf\":{\"@id\":\"https:\\\/\\\/www.anovapeneira.gal\\\/#website\"},\"primaryImageOfPage\":{\"@id\":\"https:\\\/\\\/www.anovapeneira.gal\\\/index.php\\\/2019\\\/09\\\/20\\\/o-bng-pide-aprobar-unha-dotacion-estraordinaria-de-1-500me-para-saldar-a-debeda-con-galiza-en-infraestruturas\\\/#primaryimage\"},\"image\":{\"@id\":\"https:\\\/\\\/www.anovapeneira.gal\\\/index.php\\\/2019\\\/09\\\/20\\\/o-bng-pide-aprobar-unha-dotacion-estraordinaria-de-1-500me-para-saldar-a-debeda-con-galiza-en-infraestruturas\\\/#primaryimage\"},\"thumbnailUrl\":\"https:\\\/\\\/www.anovapeneira.gal\\\/wp-content\\\/uploads\\\/2019\\\/08\\\/bara_BNG_a_nova_peneira.jpg\",\"datePublished\":\"2019-09-20T08:00:14+00:00\",\"breadcrumb\":{\"@id\":\"https:\\\/\\\/www.anovapeneira.gal\\\/index.php\\\/2019\\\/09\\\/20\\\/o-bng-pide-aprobar-unha-dotacion-estraordinaria-de-1-500me-para-saldar-a-debeda-con-galiza-en-infraestruturas\\\/#breadcrumb\"},\"inLanguage\":\"gl-ES\",\"potentialAction\":[{\"@type\":\"ReadAction\",\"target\":[\"https:\\\/\\\/www.anovapeneira.gal\\\/index.php\\\/2019\\\/09\\\/20\\\/o-bng-pide-aprobar-unha-dotacion-estraordinaria-de-1-500me-para-saldar-a-debeda-con-galiza-en-infraestruturas\\\/\"]}]},{\"@type\":\"ImageObject\",\"inLanguage\":\"gl-ES\",\"@id\":\"https:\\\/\\\/www.anovapeneira.gal\\\/index.php\\\/2019\\\/09\\\/20\\\/o-bng-pide-aprobar-unha-dotacion-estraordinaria-de-1-500me-para-saldar-a-debeda-con-galiza-en-infraestruturas\\\/#primaryimage\",\"url\":\"https:\\\/\\\/www.anovapeneira.gal\\\/wp-content\\\/uploads\\\/2019\\\/08\\\/bara_BNG_a_nova_peneira.jpg\",\"contentUrl\":\"https:\\\/\\\/www.anovapeneira.gal\\\/wp-content\\\/uploads\\\/2019\\\/08\\\/bara_BNG_a_nova_peneira.jpg\",\"width\":720,\"height\":473,\"caption\":\"Bar\u00e1 BNG A Nova Peneira\"},{\"@type\":\"BreadcrumbList\",\"@id\":\"https:\\\/\\\/www.anovapeneira.gal\\\/index.php\\\/2019\\\/09\\\/20\\\/o-bng-pide-aprobar-unha-dotacion-estraordinaria-de-1-500me-para-saldar-a-debeda-con-galiza-en-infraestruturas\\\/#breadcrumb\",\"itemListElement\":[{\"@type\":\"ListItem\",\"position\":1,\"name\":\"Portada\",\"item\":\"https:\\\/\\\/www.anovapeneira.gal\\\/\"},{\"@type\":\"ListItem\",\"position\":2,\"name\":\"O BNG pide aprobar unha dotaci\u00f3n estraordinaria de 1.500m\u20ac para saldar a d\u00e9beda con Galiza en infraestruturas\"}]},{\"@type\":\"WebSite\",\"@id\":\"https:\\\/\\\/www.anovapeneira.gal\\\/#website\",\"url\":\"https:\\\/\\\/www.anovapeneira.gal\\\/\",\"name\":\"\",\"description\":\"Xornal galego de informaci\u00f3n xeral Publicaci\u00f3n mensual de novas de Galicia e en especial dos Concellos da sur da provincia de Pontevedra.\",\"publisher\":{\"@id\":\"https:\\\/\\\/www.anovapeneira.gal\\\/#organization\"},\"potentialAction\":[{\"@type\":\"SearchAction\",\"target\":{\"@type\":\"EntryPoint\",\"urlTemplate\":\"https:\\\/\\\/www.anovapeneira.gal\\\/?s={search_term_string}\"},\"query-input\":{\"@type\":\"PropertyValueSpecification\",\"valueRequired\":true,\"valueName\":\"search_term_string\"}}],\"inLanguage\":\"gl-ES\"},{\"@type\":\"Organization\",\"@id\":\"https:\\\/\\\/www.anovapeneira.gal\\\/#organization\",\"name\":\"A Nova Peneira\",\"url\":\"https:\\\/\\\/www.anovapeneira.gal\\\/\",\"logo\":{\"@type\":\"ImageObject\",\"inLanguage\":\"gl-ES\",\"@id\":\"https:\\\/\\\/www.anovapeneira.gal\\\/#\\\/schema\\\/logo\\\/image\\\/\",\"url\":\"http:\\\/\\\/www.anovapeneira.gal\\\/wp-content\\\/uploads\\\/2019\\\/06\\\/logo_a_nova_peneira_portal_web.png\",\"contentUrl\":\"http:\\\/\\\/www.anovapeneira.gal\\\/wp-content\\\/uploads\\\/2019\\\/06\\\/logo_a_nova_peneira_portal_web.png\",\"width\":300,\"height\":100,\"caption\":\"A Nova Peneira\"},\"image\":{\"@id\":\"https:\\\/\\\/www.anovapeneira.gal\\\/#\\\/schema\\\/logo\\\/image\\\/\"},\"sameAs\":[\"https:\\\/\\\/www.facebook.com\\\/anovapeneira\",\"https:\\\/\\\/x.com\\\/APeneira\"]},{\"@type\":\"Person\",\"@id\":\"https:\\\/\\\/www.anovapeneira.gal\\\/#\\\/schema\\\/person\\\/b93e3f8932e3f8da96334607eb6ac6aa\",\"name\":\"Redacci\u00f3n A Nova Peneira\",\"image\":{\"@type\":\"ImageObject\",\"inLanguage\":\"gl-ES\",\"@id\":\"https:\\\/\\\/secure.gravatar.com\\\/avatar\\\/c052a2551a06e23fac63626232eaa90abd78dbcf1700fc46a2b2c89fd27b735f?s=96&d=mm&r=g\",\"url\":\"https:\\\/\\\/secure.gravatar.com\\\/avatar\\\/c052a2551a06e23fac63626232eaa90abd78dbcf1700fc46a2b2c89fd27b735f?s=96&d=mm&r=g\",\"contentUrl\":\"https:\\\/\\\/secure.gravatar.com\\\/avatar\\\/c052a2551a06e23fac63626232eaa90abd78dbcf1700fc46a2b2c89fd27b735f?s=96&d=mm&r=g\",\"caption\":\"Redacci\u00f3n A Nova Peneira\"},\"sameAs\":[\"http:\\\/\\\/www.anovapeneira.gal\\\/\"],\"url\":\"https:\\\/\\\/www.anovapeneira.gal\\\/index.php\\\/author\\\/redactor\\\/\"}]}<\/script>\n<!-- \/ Yoast SEO plugin. -->","yoast_head_json":{"title":"O BNG pide aprobar unha dotaci\u00f3n estraordinaria de 1.500m\u20ac para saldar a d\u00e9beda con Galiza en infraestruturas -","robots":{"index":"index","follow":"follow","max-snippet":"max-snippet:-1","max-image-preview":"max-image-preview:large","max-video-preview":"max-video-preview:-1"},"canonical":"https:\/\/www.anovapeneira.gal\/index.php\/2019\/09\/20\/o-bng-pide-aprobar-unha-dotacion-estraordinaria-de-1-500me-para-saldar-a-debeda-con-galiza-en-infraestruturas\/","og_locale":"gl_ES","og_type":"article","og_title":"O BNG pide aprobar unha dotaci\u00f3n estraordinaria de 1.500m\u20ac para saldar a d\u00e9beda con Galiza en infraestruturas -","og_description":"Lu\u00eds Bar\u00e1 acusa a PSOE e UNIDAS PODEMOS da situaci\u00f3n de par\u00e1lise pol\u00edtica no estado ao que suma o \u201csilencio da Xunta\u201d para reclamar as d\u00e9bedas do estado con Galiza [...]","og_url":"https:\/\/www.anovapeneira.gal\/index.php\/2019\/09\/20\/o-bng-pide-aprobar-unha-dotacion-estraordinaria-de-1-500me-para-saldar-a-debeda-con-galiza-en-infraestruturas\/","article_publisher":"https:\/\/www.facebook.com\/anovapeneira","article_published_time":"2019-09-20T08:00:14+00:00","og_image":[{"width":720,"height":473,"url":"https:\/\/www.anovapeneira.gal\/wp-content\/uploads\/2019\/08\/bara_BNG_a_nova_peneira.jpg","type":"image\/jpeg"}],"author":"Redacci\u00f3n A Nova Peneira","twitter_card":"summary_large_image","twitter_creator":"@APeneira","twitter_site":"@APeneira","twitter_misc":{"Escrito por":"Redacci\u00f3n A Nova Peneira","Tempo de lectura":"2 minutos"},"schema":{"@context":"https:\/\/schema.org","@graph":[{"@type":"Article","@id":"https:\/\/www.anovapeneira.gal\/index.php\/2019\/09\/20\/o-bng-pide-aprobar-unha-dotacion-estraordinaria-de-1-500me-para-saldar-a-debeda-con-galiza-en-infraestruturas\/#article","isPartOf":{"@id":"https:\/\/www.anovapeneira.gal\/index.php\/2019\/09\/20\/o-bng-pide-aprobar-unha-dotacion-estraordinaria-de-1-500me-para-saldar-a-debeda-con-galiza-en-infraestruturas\/"},"author":{"name":"Redacci\u00f3n A Nova Peneira","@id":"https:\/\/www.anovapeneira.gal\/#\/schema\/person\/b93e3f8932e3f8da96334607eb6ac6aa"},"headline":"O BNG pide aprobar unha dotaci\u00f3n estraordinaria de 1.500m\u20ac para saldar a d\u00e9beda con Galiza en infraestruturas","datePublished":"2019-09-20T08:00:14+00:00","mainEntityOfPage":{"@id":"https:\/\/www.anovapeneira.gal\/index.php\/2019\/09\/20\/o-bng-pide-aprobar-unha-dotacion-estraordinaria-de-1-500me-para-saldar-a-debeda-con-galiza-en-infraestruturas\/"},"wordCount":488,"commentCount":0,"publisher":{"@id":"https:\/\/www.anovapeneira.gal\/#organization"},"image":{"@id":"https:\/\/www.anovapeneira.gal\/index.php\/2019\/09\/20\/o-bng-pide-aprobar-unha-dotacion-estraordinaria-de-1-500me-para-saldar-a-debeda-con-galiza-en-infraestruturas\/#primaryimage"},"thumbnailUrl":"https:\/\/www.anovapeneira.gal\/wp-content\/uploads\/2019\/08\/bara_BNG_a_nova_peneira.jpg","keywords":["BNG","Lu\u00eds Bar\u00e1","Parlamento de Galicia","Pol\u00edtica"],"articleSection":["Novas"],"inLanguage":"gl-ES","potentialAction":[{"@type":"CommentAction","name":"Comment","target":["https:\/\/www.anovapeneira.gal\/index.php\/2019\/09\/20\/o-bng-pide-aprobar-unha-dotacion-estraordinaria-de-1-500me-para-saldar-a-debeda-con-galiza-en-infraestruturas\/#respond"]}]},{"@type":"WebPage","@id":"https:\/\/www.anovapeneira.gal\/index.php\/2019\/09\/20\/o-bng-pide-aprobar-unha-dotacion-estraordinaria-de-1-500me-para-saldar-a-debeda-con-galiza-en-infraestruturas\/","url":"https:\/\/www.anovapeneira.gal\/index.php\/2019\/09\/20\/o-bng-pide-aprobar-unha-dotacion-estraordinaria-de-1-500me-para-saldar-a-debeda-con-galiza-en-infraestruturas\/","name":"O BNG pide aprobar unha dotaci\u00f3n estraordinaria de 1.500m\u20ac para saldar a d\u00e9beda con Galiza en infraestruturas -","isPartOf":{"@id":"https:\/\/www.anovapeneira.gal\/#website"},"primaryImageOfPage":{"@id":"https:\/\/www.anovapeneira.gal\/index.php\/2019\/09\/20\/o-bng-pide-aprobar-unha-dotacion-estraordinaria-de-1-500me-para-saldar-a-debeda-con-galiza-en-infraestruturas\/#primaryimage"},"image":{"@id":"https:\/\/www.anovapeneira.gal\/index.php\/2019\/09\/20\/o-bng-pide-aprobar-unha-dotacion-estraordinaria-de-1-500me-para-saldar-a-debeda-con-galiza-en-infraestruturas\/#primaryimage"},"thumbnailUrl":"https:\/\/www.anovapeneira.gal\/wp-content\/uploads\/2019\/08\/bara_BNG_a_nova_peneira.jpg","datePublished":"2019-09-20T08:00:14+00:00","breadcrumb":{"@id":"https:\/\/www.anovapeneira.gal\/index.php\/2019\/09\/20\/o-bng-pide-aprobar-unha-dotacion-estraordinaria-de-1-500me-para-saldar-a-debeda-con-galiza-en-infraestruturas\/#breadcrumb"},"inLanguage":"gl-ES","potentialAction":[{"@type":"ReadAction","target":["https:\/\/www.anovapeneira.gal\/index.php\/2019\/09\/20\/o-bng-pide-aprobar-unha-dotacion-estraordinaria-de-1-500me-para-saldar-a-debeda-con-galiza-en-infraestruturas\/"]}]},{"@type":"ImageObject","inLanguage":"gl-ES","@id":"https:\/\/www.anovapeneira.gal\/index.php\/2019\/09\/20\/o-bng-pide-aprobar-unha-dotacion-estraordinaria-de-1-500me-para-saldar-a-debeda-con-galiza-en-infraestruturas\/#primaryimage","url":"https:\/\/www.anovapeneira.gal\/wp-content\/uploads\/2019\/08\/bara_BNG_a_nova_peneira.jpg","contentUrl":"https:\/\/www.anovapeneira.gal\/wp-content\/uploads\/2019\/08\/bara_BNG_a_nova_peneira.jpg","width":720,"height":473,"caption":"Bar\u00e1 BNG A Nova Peneira"},{"@type":"BreadcrumbList","@id":"https:\/\/www.anovapeneira.gal\/index.php\/2019\/09\/20\/o-bng-pide-aprobar-unha-dotacion-estraordinaria-de-1-500me-para-saldar-a-debeda-con-galiza-en-infraestruturas\/#breadcrumb","itemListElement":[{"@type":"ListItem","position":1,"name":"Portada","item":"https:\/\/www.anovapeneira.gal\/"},{"@type":"ListItem","position":2,"name":"O BNG pide aprobar unha dotaci\u00f3n estraordinaria de 1.500m\u20ac para saldar a d\u00e9beda con Galiza en infraestruturas"}]},{"@type":"WebSite","@id":"https:\/\/www.anovapeneira.gal\/#website","url":"https:\/\/www.anovapeneira.gal\/","name":"","description":"Xornal galego de informaci\u00f3n xeral Publicaci\u00f3n mensual de novas de Galicia e en especial dos Concellos da sur da provincia de Pontevedra.","publisher":{"@id":"https:\/\/www.anovapeneira.gal\/#organization"},"potentialAction":[{"@type":"SearchAction","target":{"@type":"EntryPoint","urlTemplate":"https:\/\/www.anovapeneira.gal\/?s={search_term_string}"},"query-input":{"@type":"PropertyValueSpecification","valueRequired":true,"valueName":"search_term_string"}}],"inLanguage":"gl-ES"},{"@type":"Organization","@id":"https:\/\/www.anovapeneira.gal\/#organization","name":"A Nova Peneira","url":"https:\/\/www.anovapeneira.gal\/","logo":{"@type":"ImageObject","inLanguage":"gl-ES","@id":"https:\/\/www.anovapeneira.gal\/#\/schema\/logo\/image\/","url":"http:\/\/www.anovapeneira.gal\/wp-content\/uploads\/2019\/06\/logo_a_nova_peneira_portal_web.png","contentUrl":"http:\/\/www.anovapeneira.gal\/wp-content\/uploads\/2019\/06\/logo_a_nova_peneira_portal_web.png","width":300,"height":100,"caption":"A Nova Peneira"},"image":{"@id":"https:\/\/www.anovapeneira.gal\/#\/schema\/logo\/image\/"},"sameAs":["https:\/\/www.facebook.com\/anovapeneira","https:\/\/x.com\/APeneira"]},{"@type":"Person","@id":"https:\/\/www.anovapeneira.gal\/#\/schema\/person\/b93e3f8932e3f8da96334607eb6ac6aa","name":"Redacci\u00f3n A Nova Peneira","image":{"@type":"ImageObject","inLanguage":"gl-ES","@id":"https:\/\/secure.gravatar.com\/avatar\/c052a2551a06e23fac63626232eaa90abd78dbcf1700fc46a2b2c89fd27b735f?s=96&d=mm&r=g","url":"https:\/\/secure.gravatar.com\/avatar\/c052a2551a06e23fac63626232eaa90abd78dbcf1700fc46a2b2c89fd27b735f?s=96&d=mm&r=g","contentUrl":"https:\/\/secure.gravatar.com\/avatar\/c052a2551a06e23fac63626232eaa90abd78dbcf1700fc46a2b2c89fd27b735f?s=96&d=mm&r=g","caption":"Redacci\u00f3n A Nova Peneira"},"sameAs":["http:\/\/www.anovapeneira.gal\/"],"url":"https:\/\/www.anovapeneira.gal\/index.php\/author\/redactor\/"}]}},"jetpack_featured_media_url":"https:\/\/www.anovapeneira.gal\/wp-content\/uploads\/2019\/08\/bara_BNG_a_nova_peneira.jpg","_links":{"self":[{"href":"https:\/\/www.anovapeneira.gal\/index.php\/wp-json\/wp\/v2\/posts\/1275","targetHints":{"allow":["GET"]}}],"collection":[{"href":"https:\/\/www.anovapeneira.gal\/index.php\/wp-json\/wp\/v2\/posts"}],"about":[{"href":"https:\/\/www.anovapeneira.gal\/index.php\/wp-json\/wp\/v2\/types\/post"}],"author":[{"embeddable":true,"href":"https:\/\/www.anovapeneira.gal\/index.php\/wp-json\/wp\/v2\/users\/3"}],"replies":[{"embeddable":true,"href":"https:\/\/www.anovapeneira.gal\/index.php\/wp-json\/wp\/v2\/comments?post=1275"}],"version-history":[{"count":2,"href":"https:\/\/www.anovapeneira.gal\/index.php\/wp-json\/wp\/v2\/posts\/1275\/revisions"}],"predecessor-version":[{"id":1277,"href":"https:\/\/www.anovapeneira.gal\/index.php\/wp-json\/wp\/v2\/posts\/1275\/revisions\/1277"}],"wp:featuredmedia":[{"embeddable":true,"href":"https:\/\/www.anovapeneira.gal\/index.php\/wp-json\/wp\/v2\/media\/820"}],"wp:attachment":[{"href":"https:\/\/www.anovapeneira.gal\/index.php\/wp-json\/wp\/v2\/media?parent=1275"}],"wp:term":[{"taxonomy":"category","embeddable":true,"href":"https:\/\/www.anovapeneira.gal\/index.php\/wp-json\/wp\/v2\/categories?post=1275"},{"taxonomy":"post_tag","embeddable":true,"href":"https:\/\/www.anovapeneira.gal\/index.php\/wp-json\/wp\/v2\/tags?post=1275"}],"curies":[{"name":"wp","href":"https:\/\/api.w.org\/{rel}","templated":true}]}}