{"id":12752,"date":"2024-11-13T10:00:09","date_gmt":"2024-11-13T09:00:09","guid":{"rendered":"https:\/\/www.anovapeneira.gal\/?p=12752"},"modified":"2024-11-08T13:16:35","modified_gmt":"2024-11-08T12:16:35","slug":"a-ponte-sobre-o-rio-cotarel-volve-unir-as-parroquias-de-randufe-e-pazos-de-reis","status":"publish","type":"post","link":"https:\/\/www.anovapeneira.gal\/index.php\/2024\/11\/13\/a-ponte-sobre-o-rio-cotarel-volve-unir-as-parroquias-de-randufe-e-pazos-de-reis\/","title":{"rendered":"A ponte sobre o r\u00edo Cotarel volve unir as parroquias de Randufe e Pazos de Reis"},"content":{"rendered":"\n<h2 class=\"wp-block-heading\">A infraestrutura v\u00edrase afectada polas choivas de xaneiro de 2023. As obras, cun investimento superior aos 192 mil euros, recuperaron o trazado orixinal do leito fluvial e a s\u00faa contorna<\/h2>\n\n\n\n<p><strong>Tui. Xoves, 24 de outubro de 2024.<\/strong><\/p>\n\n\n\n<p>A ponte sobre o r\u00edo Cotarel volve unir por estrada as parroquias de Randufe e Pazos de Reis. Esta infraestrutura v\u00edrase afectada polas intensas choivas de xaneiro de 2023, permanecendo pechada ao tr\u00e1fico dende ent\u00f3n debido aos danos rexistrados. En maio deste ano tam\u00e9n se pechou ao tr\u00e1nsito peonil debido ao inicio das obras. Deste xeito a veci\u00f1anza pode volver a empregar esta estrada, as\u00ed coma os numerosos visitantes que ao longo do ano se achegan \u00e1 ruta dos Mu\u00ed\u00f1os do r\u00edo Tripes, que comeza nas inmediaci\u00f3ns. O proxecto executado, redactado pola empresa tudense de Enxe\u00f1er\u00eda T\u00e9cnica de Obras P\u00fablicas M3G PROYECTOS S.L., supuxo un investimento superior aos 192 mil euros, dos que o 77,7% foron aportados polo Concello de Tui de fondos propios e o 22,2% pola Deputaci\u00f3n a trav\u00e9s das Subvenci\u00f3ns para a reparaci\u00f3n dos danos causados polas inundaci\u00f3ns sucedidas nos concellos da provincia de Pontevedra.<br>As obras realizadas consistiron no desmontado da tubaxe met\u00e1lica existente, e a execuci\u00f3n dun novo paso elevado cun taboleiro de vigas prefabricadas sobre estribos en ambas marxes. As\u00ed recuperouse a circulaci\u00f3n nesta estrada, ao tempo que se garante o caudal de desaugadoiro de avenida no regato Cotarel. Tam\u00e9n foi recuperado o trazado orixinal do leito fluvial e a s\u00faa contorna.<br>O alcalde de Tui, Enrique Cabaleiro, destaca que a obra realizada tivo gran complexidade t\u00e9cnica, e permitiu recuperar o trazado orixinal do leito fluvial, incrementando a capacidade de desaugadoiro.<\/p>\n","protected":false},"excerpt":{"rendered":"<div class=\"mh-excerpt\"><p>A infraestrutura v\u00edrase afectada polas choivas de xaneiro de 2023. As obras, cun investimento superior aos 192 mil euros, recuperaron o trazado orixinal do leito fluvial e a s\u00faa contorna Tui. Xoves, 24 de outubro <a class=\"mh-excerpt-more\" href=\"https:\/\/www.anovapeneira.gal\/index.php\/2024\/11\/13\/a-ponte-sobre-o-rio-cotarel-volve-unir-as-parroquias-de-randufe-e-pazos-de-reis\/\" title=\"A ponte sobre o r\u00edo Cotarel volve unir as parroquias de Randufe e Pazos de Reis\">[&#8230;]<\/a><\/p>\n<\/div>","protected":false},"author":3,"featured_media":12753,"comment_status":"open","ping_status":"open","sticky":false,"template":"","format":"standard","meta":{"_exactmetrics_skip_tracking":false,"_exactmetrics_sitenote_active":false,"_exactmetrics_sitenote_note":"","_exactmetrics_sitenote_category":0,"footnotes":""},"categories":[21],"tags":[426],"class_list":{"0":"post-12752","1":"post","2":"type-post","3":"status-publish","4":"format-standard","5":"has-post-thumbnail","7":"category-baixo-mino","8":"tag-concello-de-tui"},"yoast_head":"<!-- This site is optimized with the Yoast SEO plugin v27.4 - https:\/\/yoast.com\/product\/yoast-seo-wordpress\/ -->\n<title>A ponte sobre o r\u00edo Cotarel volve unir as parroquias de Randufe e Pazos de Reis -<\/title>\n<meta name=\"robots\" content=\"index, follow, max-snippet:-1, max-image-preview:large, max-video-preview:-1\" \/>\n<link rel=\"canonical\" href=\"https:\/\/www.anovapeneira.gal\/index.php\/2024\/11\/13\/a-ponte-sobre-o-rio-cotarel-volve-unir-as-parroquias-de-randufe-e-pazos-de-reis\/\" \/>\n<meta property=\"og:locale\" content=\"gl_ES\" \/>\n<meta property=\"og:type\" content=\"article\" \/>\n<meta property=\"og:title\" content=\"A ponte sobre o r\u00edo Cotarel volve unir as parroquias de Randufe e Pazos de Reis -\" \/>\n<meta property=\"og:description\" content=\"A infraestrutura v\u00edrase afectada polas choivas de xaneiro de 2023. As obras, cun investimento superior aos 192 mil euros, recuperaron o trazado orixinal do leito fluvial e a s\u00faa contorna Tui. Xoves, 24 de outubro [...]\" \/>\n<meta property=\"og:url\" content=\"https:\/\/www.anovapeneira.gal\/index.php\/2024\/11\/13\/a-ponte-sobre-o-rio-cotarel-volve-unir-as-parroquias-de-randufe-e-pazos-de-reis\/\" \/>\n<meta property=\"article:publisher\" content=\"https:\/\/www.facebook.com\/anovapeneira\" \/>\n<meta property=\"article:published_time\" content=\"2024-11-13T09:00:09+00:00\" \/>\n<meta property=\"og:image\" content=\"https:\/\/www.anovapeneira.gal\/wp-content\/uploads\/2024\/11\/ponte_cotarel.jpg\" \/>\n\t<meta property=\"og:image:width\" content=\"720\" \/>\n\t<meta property=\"og:image:height\" content=\"432\" \/>\n\t<meta property=\"og:image:type\" content=\"image\/jpeg\" \/>\n<meta name=\"author\" content=\"Redacci\u00f3n A Nova Peneira\" \/>\n<meta name=\"twitter:card\" content=\"summary_large_image\" \/>\n<meta name=\"twitter:creator\" content=\"@APeneira\" \/>\n<meta name=\"twitter:site\" content=\"@APeneira\" \/>\n<meta name=\"twitter:label1\" content=\"Escrito por\" \/>\n\t<meta name=\"twitter:data1\" content=\"Redacci\u00f3n A Nova Peneira\" \/>\n\t<meta name=\"twitter:label2\" content=\"Tempo de lectura\" \/>\n\t<meta name=\"twitter:data2\" content=\"2 minutos\" \/>\n<script type=\"application\/ld+json\" class=\"yoast-schema-graph\">{\"@context\":\"https:\\\/\\\/schema.org\",\"@graph\":[{\"@type\":\"Article\",\"@id\":\"https:\\\/\\\/www.anovapeneira.gal\\\/index.php\\\/2024\\\/11\\\/13\\\/a-ponte-sobre-o-rio-cotarel-volve-unir-as-parroquias-de-randufe-e-pazos-de-reis\\\/#article\",\"isPartOf\":{\"@id\":\"https:\\\/\\\/www.anovapeneira.gal\\\/index.php\\\/2024\\\/11\\\/13\\\/a-ponte-sobre-o-rio-cotarel-volve-unir-as-parroquias-de-randufe-e-pazos-de-reis\\\/\"},\"author\":{\"name\":\"Redacci\u00f3n A Nova Peneira\",\"@id\":\"https:\\\/\\\/www.anovapeneira.gal\\\/#\\\/schema\\\/person\\\/b93e3f8932e3f8da96334607eb6ac6aa\"},\"headline\":\"A ponte sobre o r\u00edo Cotarel volve unir as parroquias de Randufe e Pazos de Reis\",\"datePublished\":\"2024-11-13T09:00:09+00:00\",\"mainEntityOfPage\":{\"@id\":\"https:\\\/\\\/www.anovapeneira.gal\\\/index.php\\\/2024\\\/11\\\/13\\\/a-ponte-sobre-o-rio-cotarel-volve-unir-as-parroquias-de-randufe-e-pazos-de-reis\\\/\"},\"wordCount\":311,\"commentCount\":0,\"publisher\":{\"@id\":\"https:\\\/\\\/www.anovapeneira.gal\\\/#organization\"},\"image\":{\"@id\":\"https:\\\/\\\/www.anovapeneira.gal\\\/index.php\\\/2024\\\/11\\\/13\\\/a-ponte-sobre-o-rio-cotarel-volve-unir-as-parroquias-de-randufe-e-pazos-de-reis\\\/#primaryimage\"},\"thumbnailUrl\":\"https:\\\/\\\/www.anovapeneira.gal\\\/wp-content\\\/uploads\\\/2024\\\/11\\\/ponte_cotarel.jpg\",\"keywords\":[\"Concello de Tui\"],\"articleSection\":[\"Baixo Mi\u00f1o\"],\"inLanguage\":\"gl-ES\",\"potentialAction\":[{\"@type\":\"CommentAction\",\"name\":\"Comment\",\"target\":[\"https:\\\/\\\/www.anovapeneira.gal\\\/index.php\\\/2024\\\/11\\\/13\\\/a-ponte-sobre-o-rio-cotarel-volve-unir-as-parroquias-de-randufe-e-pazos-de-reis\\\/#respond\"]}]},{\"@type\":\"WebPage\",\"@id\":\"https:\\\/\\\/www.anovapeneira.gal\\\/index.php\\\/2024\\\/11\\\/13\\\/a-ponte-sobre-o-rio-cotarel-volve-unir-as-parroquias-de-randufe-e-pazos-de-reis\\\/\",\"url\":\"https:\\\/\\\/www.anovapeneira.gal\\\/index.php\\\/2024\\\/11\\\/13\\\/a-ponte-sobre-o-rio-cotarel-volve-unir-as-parroquias-de-randufe-e-pazos-de-reis\\\/\",\"name\":\"A ponte sobre o r\u00edo Cotarel volve unir as parroquias de Randufe e Pazos de Reis -\",\"isPartOf\":{\"@id\":\"https:\\\/\\\/www.anovapeneira.gal\\\/#website\"},\"primaryImageOfPage\":{\"@id\":\"https:\\\/\\\/www.anovapeneira.gal\\\/index.php\\\/2024\\\/11\\\/13\\\/a-ponte-sobre-o-rio-cotarel-volve-unir-as-parroquias-de-randufe-e-pazos-de-reis\\\/#primaryimage\"},\"image\":{\"@id\":\"https:\\\/\\\/www.anovapeneira.gal\\\/index.php\\\/2024\\\/11\\\/13\\\/a-ponte-sobre-o-rio-cotarel-volve-unir-as-parroquias-de-randufe-e-pazos-de-reis\\\/#primaryimage\"},\"thumbnailUrl\":\"https:\\\/\\\/www.anovapeneira.gal\\\/wp-content\\\/uploads\\\/2024\\\/11\\\/ponte_cotarel.jpg\",\"datePublished\":\"2024-11-13T09:00:09+00:00\",\"breadcrumb\":{\"@id\":\"https:\\\/\\\/www.anovapeneira.gal\\\/index.php\\\/2024\\\/11\\\/13\\\/a-ponte-sobre-o-rio-cotarel-volve-unir-as-parroquias-de-randufe-e-pazos-de-reis\\\/#breadcrumb\"},\"inLanguage\":\"gl-ES\",\"potentialAction\":[{\"@type\":\"ReadAction\",\"target\":[\"https:\\\/\\\/www.anovapeneira.gal\\\/index.php\\\/2024\\\/11\\\/13\\\/a-ponte-sobre-o-rio-cotarel-volve-unir-as-parroquias-de-randufe-e-pazos-de-reis\\\/\"]}]},{\"@type\":\"ImageObject\",\"inLanguage\":\"gl-ES\",\"@id\":\"https:\\\/\\\/www.anovapeneira.gal\\\/index.php\\\/2024\\\/11\\\/13\\\/a-ponte-sobre-o-rio-cotarel-volve-unir-as-parroquias-de-randufe-e-pazos-de-reis\\\/#primaryimage\",\"url\":\"https:\\\/\\\/www.anovapeneira.gal\\\/wp-content\\\/uploads\\\/2024\\\/11\\\/ponte_cotarel.jpg\",\"contentUrl\":\"https:\\\/\\\/www.anovapeneira.gal\\\/wp-content\\\/uploads\\\/2024\\\/11\\\/ponte_cotarel.jpg\",\"width\":720,\"height\":432,\"caption\":\"Ponte Cotarel\"},{\"@type\":\"BreadcrumbList\",\"@id\":\"https:\\\/\\\/www.anovapeneira.gal\\\/index.php\\\/2024\\\/11\\\/13\\\/a-ponte-sobre-o-rio-cotarel-volve-unir-as-parroquias-de-randufe-e-pazos-de-reis\\\/#breadcrumb\",\"itemListElement\":[{\"@type\":\"ListItem\",\"position\":1,\"name\":\"Portada\",\"item\":\"https:\\\/\\\/www.anovapeneira.gal\\\/\"},{\"@type\":\"ListItem\",\"position\":2,\"name\":\"A ponte sobre o r\u00edo Cotarel volve unir as parroquias de Randufe e Pazos de Reis\"}]},{\"@type\":\"WebSite\",\"@id\":\"https:\\\/\\\/www.anovapeneira.gal\\\/#website\",\"url\":\"https:\\\/\\\/www.anovapeneira.gal\\\/\",\"name\":\"\",\"description\":\"Xornal galego de informaci\u00f3n xeral Publicaci\u00f3n mensual de novas de Galicia e en especial dos Concellos da sur da provincia de Pontevedra.\",\"publisher\":{\"@id\":\"https:\\\/\\\/www.anovapeneira.gal\\\/#organization\"},\"potentialAction\":[{\"@type\":\"SearchAction\",\"target\":{\"@type\":\"EntryPoint\",\"urlTemplate\":\"https:\\\/\\\/www.anovapeneira.gal\\\/?s={search_term_string}\"},\"query-input\":{\"@type\":\"PropertyValueSpecification\",\"valueRequired\":true,\"valueName\":\"search_term_string\"}}],\"inLanguage\":\"gl-ES\"},{\"@type\":\"Organization\",\"@id\":\"https:\\\/\\\/www.anovapeneira.gal\\\/#organization\",\"name\":\"A Nova Peneira\",\"url\":\"https:\\\/\\\/www.anovapeneira.gal\\\/\",\"logo\":{\"@type\":\"ImageObject\",\"inLanguage\":\"gl-ES\",\"@id\":\"https:\\\/\\\/www.anovapeneira.gal\\\/#\\\/schema\\\/logo\\\/image\\\/\",\"url\":\"http:\\\/\\\/www.anovapeneira.gal\\\/wp-content\\\/uploads\\\/2019\\\/06\\\/logo_a_nova_peneira_portal_web.png\",\"contentUrl\":\"http:\\\/\\\/www.anovapeneira.gal\\\/wp-content\\\/uploads\\\/2019\\\/06\\\/logo_a_nova_peneira_portal_web.png\",\"width\":300,\"height\":100,\"caption\":\"A Nova Peneira\"},\"image\":{\"@id\":\"https:\\\/\\\/www.anovapeneira.gal\\\/#\\\/schema\\\/logo\\\/image\\\/\"},\"sameAs\":[\"https:\\\/\\\/www.facebook.com\\\/anovapeneira\",\"https:\\\/\\\/x.com\\\/APeneira\"]},{\"@type\":\"Person\",\"@id\":\"https:\\\/\\\/www.anovapeneira.gal\\\/#\\\/schema\\\/person\\\/b93e3f8932e3f8da96334607eb6ac6aa\",\"name\":\"Redacci\u00f3n A Nova Peneira\",\"image\":{\"@type\":\"ImageObject\",\"inLanguage\":\"gl-ES\",\"@id\":\"https:\\\/\\\/secure.gravatar.com\\\/avatar\\\/c052a2551a06e23fac63626232eaa90abd78dbcf1700fc46a2b2c89fd27b735f?s=96&d=mm&r=g\",\"url\":\"https:\\\/\\\/secure.gravatar.com\\\/avatar\\\/c052a2551a06e23fac63626232eaa90abd78dbcf1700fc46a2b2c89fd27b735f?s=96&d=mm&r=g\",\"contentUrl\":\"https:\\\/\\\/secure.gravatar.com\\\/avatar\\\/c052a2551a06e23fac63626232eaa90abd78dbcf1700fc46a2b2c89fd27b735f?s=96&d=mm&r=g\",\"caption\":\"Redacci\u00f3n A Nova Peneira\"},\"sameAs\":[\"http:\\\/\\\/www.anovapeneira.gal\\\/\"],\"url\":\"https:\\\/\\\/www.anovapeneira.gal\\\/index.php\\\/author\\\/redactor\\\/\"}]}<\/script>\n<!-- \/ Yoast SEO plugin. -->","yoast_head_json":{"title":"A ponte sobre o r\u00edo Cotarel volve unir as parroquias de Randufe e Pazos de Reis -","robots":{"index":"index","follow":"follow","max-snippet":"max-snippet:-1","max-image-preview":"max-image-preview:large","max-video-preview":"max-video-preview:-1"},"canonical":"https:\/\/www.anovapeneira.gal\/index.php\/2024\/11\/13\/a-ponte-sobre-o-rio-cotarel-volve-unir-as-parroquias-de-randufe-e-pazos-de-reis\/","og_locale":"gl_ES","og_type":"article","og_title":"A ponte sobre o r\u00edo Cotarel volve unir as parroquias de Randufe e Pazos de Reis -","og_description":"A infraestrutura v\u00edrase afectada polas choivas de xaneiro de 2023. As obras, cun investimento superior aos 192 mil euros, recuperaron o trazado orixinal do leito fluvial e a s\u00faa contorna Tui. Xoves, 24 de outubro [...]","og_url":"https:\/\/www.anovapeneira.gal\/index.php\/2024\/11\/13\/a-ponte-sobre-o-rio-cotarel-volve-unir-as-parroquias-de-randufe-e-pazos-de-reis\/","article_publisher":"https:\/\/www.facebook.com\/anovapeneira","article_published_time":"2024-11-13T09:00:09+00:00","og_image":[{"width":720,"height":432,"url":"https:\/\/www.anovapeneira.gal\/wp-content\/uploads\/2024\/11\/ponte_cotarel.jpg","type":"image\/jpeg"}],"author":"Redacci\u00f3n A Nova Peneira","twitter_card":"summary_large_image","twitter_creator":"@APeneira","twitter_site":"@APeneira","twitter_misc":{"Escrito por":"Redacci\u00f3n A Nova Peneira","Tempo de lectura":"2 minutos"},"schema":{"@context":"https:\/\/schema.org","@graph":[{"@type":"Article","@id":"https:\/\/www.anovapeneira.gal\/index.php\/2024\/11\/13\/a-ponte-sobre-o-rio-cotarel-volve-unir-as-parroquias-de-randufe-e-pazos-de-reis\/#article","isPartOf":{"@id":"https:\/\/www.anovapeneira.gal\/index.php\/2024\/11\/13\/a-ponte-sobre-o-rio-cotarel-volve-unir-as-parroquias-de-randufe-e-pazos-de-reis\/"},"author":{"name":"Redacci\u00f3n A Nova Peneira","@id":"https:\/\/www.anovapeneira.gal\/#\/schema\/person\/b93e3f8932e3f8da96334607eb6ac6aa"},"headline":"A ponte sobre o r\u00edo Cotarel volve unir as parroquias de Randufe e Pazos de Reis","datePublished":"2024-11-13T09:00:09+00:00","mainEntityOfPage":{"@id":"https:\/\/www.anovapeneira.gal\/index.php\/2024\/11\/13\/a-ponte-sobre-o-rio-cotarel-volve-unir-as-parroquias-de-randufe-e-pazos-de-reis\/"},"wordCount":311,"commentCount":0,"publisher":{"@id":"https:\/\/www.anovapeneira.gal\/#organization"},"image":{"@id":"https:\/\/www.anovapeneira.gal\/index.php\/2024\/11\/13\/a-ponte-sobre-o-rio-cotarel-volve-unir-as-parroquias-de-randufe-e-pazos-de-reis\/#primaryimage"},"thumbnailUrl":"https:\/\/www.anovapeneira.gal\/wp-content\/uploads\/2024\/11\/ponte_cotarel.jpg","keywords":["Concello de Tui"],"articleSection":["Baixo Mi\u00f1o"],"inLanguage":"gl-ES","potentialAction":[{"@type":"CommentAction","name":"Comment","target":["https:\/\/www.anovapeneira.gal\/index.php\/2024\/11\/13\/a-ponte-sobre-o-rio-cotarel-volve-unir-as-parroquias-de-randufe-e-pazos-de-reis\/#respond"]}]},{"@type":"WebPage","@id":"https:\/\/www.anovapeneira.gal\/index.php\/2024\/11\/13\/a-ponte-sobre-o-rio-cotarel-volve-unir-as-parroquias-de-randufe-e-pazos-de-reis\/","url":"https:\/\/www.anovapeneira.gal\/index.php\/2024\/11\/13\/a-ponte-sobre-o-rio-cotarel-volve-unir-as-parroquias-de-randufe-e-pazos-de-reis\/","name":"A ponte sobre o r\u00edo Cotarel volve unir as parroquias de Randufe e Pazos de Reis -","isPartOf":{"@id":"https:\/\/www.anovapeneira.gal\/#website"},"primaryImageOfPage":{"@id":"https:\/\/www.anovapeneira.gal\/index.php\/2024\/11\/13\/a-ponte-sobre-o-rio-cotarel-volve-unir-as-parroquias-de-randufe-e-pazos-de-reis\/#primaryimage"},"image":{"@id":"https:\/\/www.anovapeneira.gal\/index.php\/2024\/11\/13\/a-ponte-sobre-o-rio-cotarel-volve-unir-as-parroquias-de-randufe-e-pazos-de-reis\/#primaryimage"},"thumbnailUrl":"https:\/\/www.anovapeneira.gal\/wp-content\/uploads\/2024\/11\/ponte_cotarel.jpg","datePublished":"2024-11-13T09:00:09+00:00","breadcrumb":{"@id":"https:\/\/www.anovapeneira.gal\/index.php\/2024\/11\/13\/a-ponte-sobre-o-rio-cotarel-volve-unir-as-parroquias-de-randufe-e-pazos-de-reis\/#breadcrumb"},"inLanguage":"gl-ES","potentialAction":[{"@type":"ReadAction","target":["https:\/\/www.anovapeneira.gal\/index.php\/2024\/11\/13\/a-ponte-sobre-o-rio-cotarel-volve-unir-as-parroquias-de-randufe-e-pazos-de-reis\/"]}]},{"@type":"ImageObject","inLanguage":"gl-ES","@id":"https:\/\/www.anovapeneira.gal\/index.php\/2024\/11\/13\/a-ponte-sobre-o-rio-cotarel-volve-unir-as-parroquias-de-randufe-e-pazos-de-reis\/#primaryimage","url":"https:\/\/www.anovapeneira.gal\/wp-content\/uploads\/2024\/11\/ponte_cotarel.jpg","contentUrl":"https:\/\/www.anovapeneira.gal\/wp-content\/uploads\/2024\/11\/ponte_cotarel.jpg","width":720,"height":432,"caption":"Ponte Cotarel"},{"@type":"BreadcrumbList","@id":"https:\/\/www.anovapeneira.gal\/index.php\/2024\/11\/13\/a-ponte-sobre-o-rio-cotarel-volve-unir-as-parroquias-de-randufe-e-pazos-de-reis\/#breadcrumb","itemListElement":[{"@type":"ListItem","position":1,"name":"Portada","item":"https:\/\/www.anovapeneira.gal\/"},{"@type":"ListItem","position":2,"name":"A ponte sobre o r\u00edo Cotarel volve unir as parroquias de Randufe e Pazos de Reis"}]},{"@type":"WebSite","@id":"https:\/\/www.anovapeneira.gal\/#website","url":"https:\/\/www.anovapeneira.gal\/","name":"","description":"Xornal galego de informaci\u00f3n xeral Publicaci\u00f3n mensual de novas de Galicia e en especial dos Concellos da sur da provincia de Pontevedra.","publisher":{"@id":"https:\/\/www.anovapeneira.gal\/#organization"},"potentialAction":[{"@type":"SearchAction","target":{"@type":"EntryPoint","urlTemplate":"https:\/\/www.anovapeneira.gal\/?s={search_term_string}"},"query-input":{"@type":"PropertyValueSpecification","valueRequired":true,"valueName":"search_term_string"}}],"inLanguage":"gl-ES"},{"@type":"Organization","@id":"https:\/\/www.anovapeneira.gal\/#organization","name":"A Nova Peneira","url":"https:\/\/www.anovapeneira.gal\/","logo":{"@type":"ImageObject","inLanguage":"gl-ES","@id":"https:\/\/www.anovapeneira.gal\/#\/schema\/logo\/image\/","url":"http:\/\/www.anovapeneira.gal\/wp-content\/uploads\/2019\/06\/logo_a_nova_peneira_portal_web.png","contentUrl":"http:\/\/www.anovapeneira.gal\/wp-content\/uploads\/2019\/06\/logo_a_nova_peneira_portal_web.png","width":300,"height":100,"caption":"A Nova Peneira"},"image":{"@id":"https:\/\/www.anovapeneira.gal\/#\/schema\/logo\/image\/"},"sameAs":["https:\/\/www.facebook.com\/anovapeneira","https:\/\/x.com\/APeneira"]},{"@type":"Person","@id":"https:\/\/www.anovapeneira.gal\/#\/schema\/person\/b93e3f8932e3f8da96334607eb6ac6aa","name":"Redacci\u00f3n A Nova Peneira","image":{"@type":"ImageObject","inLanguage":"gl-ES","@id":"https:\/\/secure.gravatar.com\/avatar\/c052a2551a06e23fac63626232eaa90abd78dbcf1700fc46a2b2c89fd27b735f?s=96&d=mm&r=g","url":"https:\/\/secure.gravatar.com\/avatar\/c052a2551a06e23fac63626232eaa90abd78dbcf1700fc46a2b2c89fd27b735f?s=96&d=mm&r=g","contentUrl":"https:\/\/secure.gravatar.com\/avatar\/c052a2551a06e23fac63626232eaa90abd78dbcf1700fc46a2b2c89fd27b735f?s=96&d=mm&r=g","caption":"Redacci\u00f3n A Nova Peneira"},"sameAs":["http:\/\/www.anovapeneira.gal\/"],"url":"https:\/\/www.anovapeneira.gal\/index.php\/author\/redactor\/"}]}},"jetpack_featured_media_url":"https:\/\/www.anovapeneira.gal\/wp-content\/uploads\/2024\/11\/ponte_cotarel.jpg","_links":{"self":[{"href":"https:\/\/www.anovapeneira.gal\/index.php\/wp-json\/wp\/v2\/posts\/12752","targetHints":{"allow":["GET"]}}],"collection":[{"href":"https:\/\/www.anovapeneira.gal\/index.php\/wp-json\/wp\/v2\/posts"}],"about":[{"href":"https:\/\/www.anovapeneira.gal\/index.php\/wp-json\/wp\/v2\/types\/post"}],"author":[{"embeddable":true,"href":"https:\/\/www.anovapeneira.gal\/index.php\/wp-json\/wp\/v2\/users\/3"}],"replies":[{"embeddable":true,"href":"https:\/\/www.anovapeneira.gal\/index.php\/wp-json\/wp\/v2\/comments?post=12752"}],"version-history":[{"count":2,"href":"https:\/\/www.anovapeneira.gal\/index.php\/wp-json\/wp\/v2\/posts\/12752\/revisions"}],"predecessor-version":[{"id":12755,"href":"https:\/\/www.anovapeneira.gal\/index.php\/wp-json\/wp\/v2\/posts\/12752\/revisions\/12755"}],"wp:featuredmedia":[{"embeddable":true,"href":"https:\/\/www.anovapeneira.gal\/index.php\/wp-json\/wp\/v2\/media\/12753"}],"wp:attachment":[{"href":"https:\/\/www.anovapeneira.gal\/index.php\/wp-json\/wp\/v2\/media?parent=12752"}],"wp:term":[{"taxonomy":"category","embeddable":true,"href":"https:\/\/www.anovapeneira.gal\/index.php\/wp-json\/wp\/v2\/categories?post=12752"},{"taxonomy":"post_tag","embeddable":true,"href":"https:\/\/www.anovapeneira.gal\/index.php\/wp-json\/wp\/v2\/tags?post=12752"}],"curies":[{"name":"wp","href":"https:\/\/api.w.org\/{rel}","templated":true}]}}