{"id":12756,"date":"2024-11-13T12:00:38","date_gmt":"2024-11-13T11:00:38","guid":{"rendered":"https:\/\/www.anovapeneira.gal\/?p=12756"},"modified":"2024-11-11T18:45:18","modified_gmt":"2024-11-11T17:45:18","slug":"o-bng-denuncia-que-o-pp-falta-a-verdade-e-manobra-para-non-negociar-o-plan-de-traballo-na-comision-de-investigacion","status":"publish","type":"post","link":"https:\/\/www.anovapeneira.gal\/index.php\/2024\/11\/13\/o-bng-denuncia-que-o-pp-falta-a-verdade-e-manobra-para-non-negociar-o-plan-de-traballo-na-comision-de-investigacion\/","title":{"rendered":"O BNG denuncia que o PP falta \u00e1 verdade e manobra para non negociar o plan de traballo na comisi\u00f3n de investigaci\u00f3n"},"content":{"rendered":"\n<h2 class=\"wp-block-heading\"><strong>Bar\u00e1 asegura que o PP deixa claro que non ten ningunha vontade de falar e que a s\u00faa \u00fanica intenci\u00f3n \u00e9 a de intentar vetar as comparecencias<\/strong><\/h2>\n\n\n\n<p><strong>Santiago de Compostela, 6 de novembro 2024.<\/strong> <\/p>\n\n\n\n<p>O viceportavoz do BNG, Lu\u00eds Bar\u00e1, acusou o PP de faltar \u00e1 verdade e manobrar para non negociar o plan de traballo na comisi\u00f3n de investigaci\u00f3n, deixando claro que \u201cnon ten ningunha vontade de falar\u201d e que a s\u00faa \u00fanica intenci\u00f3n \u00e9 \u201cintentar vetar as comparecencias\u201d. Ademais, Bar\u00e1 reivindicou o reparto por cotas do plan traballo, como se fixo tradicionalmente noutras comisi\u00f3ns parlamentarias de investigaci\u00f3n.<\/p>\n\n\n\n<p>\u201cO que pon de relevo esta actitude do PP \u00e9 a s\u00faa incomodidade a respecto do obxecto e o contido desta comisi\u00f3n de investigaci\u00f3n, e a intenci\u00f3n de vetar que esta comisi\u00f3n cumpra cos seus fins\u201d, subli\u00f1ou.<\/p>\n\n\n\n<p>Bar\u00e1 fixo estas declaraci\u00f3ns de maneira urxente despois do sucedido durante o Pleno deste m\u00e9rcores, no que o presidente do Parlamento, Miguel Santalices, lle negou a palabra tras ser aludido polo portavoz do PP e interlocutor na comisi\u00f3n, Alberto Pazos Cou\u00f1ago, quen acusou ao BNG de retrasar os tr\u00e1mites na comisi\u00f3n de investigaci\u00f3n.<\/p>\n\n\n\n<p>Bar\u00e1 asegurou que foi el como representante do BNG quen se dirixiu ao portavoz popular o martes da semana pasada para propo\u00f1erlle falar do plan de traballo. Segundo o deputado nacionalista, ambos quedaron en volver falar esta semana, o luns ou durante o Pleno. Mais o luns, os populares decidiron convocar para o martes a mesa da comisi\u00f3n, sen respectar o prazo legal de 48 horas. A mesa, que ten que negociar o plan de traballo, tivo finalmente que ser convocada para este xoves.<\/p>\n\n\n\n<p>\u201cIso xa deu a entender que o PP non ti\u00f1a moita intenci\u00f3n de chegar a ning\u00fan acordo\u201d, considerou Bar\u00e1, explicando ademais que o PP presentou un escrito para tramitar por urxencia a convocatoria dunha reuni\u00f3n da comisi\u00f3n, \u201csupo\u00f1emos que queren facer este pr\u00f3ximo venres\u201d, engadiu.<\/p>\n\n\n\n<p>O deputado nacionalista cualificou de \u201cbastante chamativa\u201d esta maniobra do PP, porque \u201cdeixa claro que non ten ningunha vontade de falar\u201d. \u201cDe feito -engadiu- perd\u00e9ronse todos estes d\u00edas para poder facelo\u201d.<\/p>\n\n\n\n<p>Bar\u00e1 insistiu en que o BNG quere que esta comisi\u00f3n \u201csexa \u00fatil\u201d e que se recollan as achegas que fixeron todos os grupos ao plan de traballo, onde se recollen os comparecentes que te\u00f1en que pasar pola comisi\u00f3n. Subli\u00f1ou, neste sentido, que \u201cesta foi unha pr\u00e1ctica que sempre se fixo nas comisi\u00f3ns de estudo e de investigaci\u00f3n, mesmo chegando a establecerse cotas dos grupos para poder presentar propostas que non fosen coincidentes\u201d.<\/p>\n\n\n\n<p>\u201cNon nos van amedrentar nin nos van calar e imos utilizar todos os medios dentro da comisi\u00f3n de investigaci\u00f3n e tam\u00e9n f\u00f3ra dela para po\u00f1er de relevo todas as irregularidades e todos os chanchullos da Xunta do Partido Popular\u201d, advertiu.<\/p>\n\n\n\n<p>Preguntado polos medios de comunicaci\u00f3n sobre a decisi\u00f3n do presidente da C\u00e1mara de non darlle a palabra, o viceportavoz do BNG asegurou ter claro que \u201c\u00e9 consecuencia do rifirrafe da semana pasada do se\u00f1or Santalices e a se\u00f1ora Paula Prado, de que chamaron ao presidente do Parlamento ao redil popular, \u00e1 obediencia aos mandatos e a que atenda, non a s\u00faa funci\u00f3n institucional de presidente do Parlamento, sen\u00f3n ao ditado do Partido Popular\u201d.<\/p>\n\n\n\n<p>Bar\u00e1 considerou \u201cmoi grave\u201d o sucedido e anunciou que o BNG presentar\u00e1 unha queixa formal ao respecto.<\/p>\n","protected":false},"excerpt":{"rendered":"<div class=\"mh-excerpt\"><p>Bar\u00e1 asegura que o PP deixa claro que non ten ningunha vontade de falar e que a s\u00faa \u00fanica intenci\u00f3n \u00e9 a de intentar vetar as comparecencias <a class=\"mh-excerpt-more\" href=\"https:\/\/www.anovapeneira.gal\/index.php\/2024\/11\/13\/o-bng-denuncia-que-o-pp-falta-a-verdade-e-manobra-para-non-negociar-o-plan-de-traballo-na-comision-de-investigacion\/\" title=\"O BNG denuncia que o PP falta \u00e1 verdade e manobra para non negociar o plan de traballo na comisi\u00f3n de investigaci\u00f3n\">[&#8230;]<\/a><\/p>\n<\/div>","protected":false},"author":3,"featured_media":12759,"comment_status":"open","ping_status":"open","sticky":false,"template":"","format":"standard","meta":{"_exactmetrics_skip_tracking":false,"_exactmetrics_sitenote_active":false,"_exactmetrics_sitenote_note":"","_exactmetrics_sitenote_category":0,"footnotes":""},"categories":[263],"tags":[],"class_list":{"0":"post-12756","1":"post","2":"type-post","3":"status-publish","4":"format-standard","5":"has-post-thumbnail","7":"category-novas"},"yoast_head":"<!-- This site is optimized with the Yoast SEO plugin v27.4 - https:\/\/yoast.com\/product\/yoast-seo-wordpress\/ -->\n<title>O BNG denuncia que o PP falta \u00e1 verdade e manobra para non negociar o plan de traballo na comisi\u00f3n de investigaci\u00f3n -<\/title>\n<meta name=\"robots\" content=\"index, follow, max-snippet:-1, max-image-preview:large, max-video-preview:-1\" \/>\n<link rel=\"canonical\" href=\"https:\/\/www.anovapeneira.gal\/index.php\/2024\/11\/13\/o-bng-denuncia-que-o-pp-falta-a-verdade-e-manobra-para-non-negociar-o-plan-de-traballo-na-comision-de-investigacion\/\" \/>\n<meta property=\"og:locale\" content=\"gl_ES\" \/>\n<meta property=\"og:type\" content=\"article\" \/>\n<meta property=\"og:title\" content=\"O BNG denuncia que o PP falta \u00e1 verdade e manobra para non negociar o plan de traballo na comisi\u00f3n de investigaci\u00f3n -\" \/>\n<meta property=\"og:description\" content=\"Bar\u00e1 asegura que o PP deixa claro que non ten ningunha vontade de falar e que a s\u00faa \u00fanica intenci\u00f3n \u00e9 a de intentar vetar as comparecencias [...]\" \/>\n<meta property=\"og:url\" content=\"https:\/\/www.anovapeneira.gal\/index.php\/2024\/11\/13\/o-bng-denuncia-que-o-pp-falta-a-verdade-e-manobra-para-non-negociar-o-plan-de-traballo-na-comision-de-investigacion\/\" \/>\n<meta property=\"article:publisher\" content=\"https:\/\/www.facebook.com\/anovapeneira\" \/>\n<meta property=\"article:published_time\" content=\"2024-11-13T11:00:38+00:00\" \/>\n<meta property=\"og:image\" content=\"https:\/\/www.anovapeneira.gal\/wp-content\/uploads\/2024\/11\/luis_bara.jpg\" \/>\n\t<meta property=\"og:image:width\" content=\"720\" \/>\n\t<meta property=\"og:image:height\" content=\"432\" \/>\n\t<meta property=\"og:image:type\" content=\"image\/jpeg\" \/>\n<meta name=\"author\" content=\"Redacci\u00f3n A Nova Peneira\" \/>\n<meta name=\"twitter:card\" content=\"summary_large_image\" \/>\n<meta name=\"twitter:creator\" content=\"@APeneira\" \/>\n<meta name=\"twitter:site\" content=\"@APeneira\" \/>\n<meta name=\"twitter:label1\" content=\"Escrito por\" \/>\n\t<meta name=\"twitter:data1\" content=\"Redacci\u00f3n A Nova Peneira\" \/>\n\t<meta name=\"twitter:label2\" content=\"Tempo de lectura\" \/>\n\t<meta name=\"twitter:data2\" content=\"4 minutos\" \/>\n<script type=\"application\/ld+json\" class=\"yoast-schema-graph\">{\"@context\":\"https:\\\/\\\/schema.org\",\"@graph\":[{\"@type\":\"Article\",\"@id\":\"https:\\\/\\\/www.anovapeneira.gal\\\/index.php\\\/2024\\\/11\\\/13\\\/o-bng-denuncia-que-o-pp-falta-a-verdade-e-manobra-para-non-negociar-o-plan-de-traballo-na-comision-de-investigacion\\\/#article\",\"isPartOf\":{\"@id\":\"https:\\\/\\\/www.anovapeneira.gal\\\/index.php\\\/2024\\\/11\\\/13\\\/o-bng-denuncia-que-o-pp-falta-a-verdade-e-manobra-para-non-negociar-o-plan-de-traballo-na-comision-de-investigacion\\\/\"},\"author\":{\"name\":\"Redacci\u00f3n A Nova Peneira\",\"@id\":\"https:\\\/\\\/www.anovapeneira.gal\\\/#\\\/schema\\\/person\\\/b93e3f8932e3f8da96334607eb6ac6aa\"},\"headline\":\"O BNG denuncia que o PP falta \u00e1 verdade e manobra para non negociar o plan de traballo na comisi\u00f3n de investigaci\u00f3n\",\"datePublished\":\"2024-11-13T11:00:38+00:00\",\"mainEntityOfPage\":{\"@id\":\"https:\\\/\\\/www.anovapeneira.gal\\\/index.php\\\/2024\\\/11\\\/13\\\/o-bng-denuncia-que-o-pp-falta-a-verdade-e-manobra-para-non-negociar-o-plan-de-traballo-na-comision-de-investigacion\\\/\"},\"wordCount\":618,\"commentCount\":0,\"publisher\":{\"@id\":\"https:\\\/\\\/www.anovapeneira.gal\\\/#organization\"},\"image\":{\"@id\":\"https:\\\/\\\/www.anovapeneira.gal\\\/index.php\\\/2024\\\/11\\\/13\\\/o-bng-denuncia-que-o-pp-falta-a-verdade-e-manobra-para-non-negociar-o-plan-de-traballo-na-comision-de-investigacion\\\/#primaryimage\"},\"thumbnailUrl\":\"https:\\\/\\\/www.anovapeneira.gal\\\/wp-content\\\/uploads\\\/2024\\\/11\\\/luis_bara.jpg\",\"articleSection\":[\"Novas\"],\"inLanguage\":\"gl-ES\",\"potentialAction\":[{\"@type\":\"CommentAction\",\"name\":\"Comment\",\"target\":[\"https:\\\/\\\/www.anovapeneira.gal\\\/index.php\\\/2024\\\/11\\\/13\\\/o-bng-denuncia-que-o-pp-falta-a-verdade-e-manobra-para-non-negociar-o-plan-de-traballo-na-comision-de-investigacion\\\/#respond\"]}]},{\"@type\":\"WebPage\",\"@id\":\"https:\\\/\\\/www.anovapeneira.gal\\\/index.php\\\/2024\\\/11\\\/13\\\/o-bng-denuncia-que-o-pp-falta-a-verdade-e-manobra-para-non-negociar-o-plan-de-traballo-na-comision-de-investigacion\\\/\",\"url\":\"https:\\\/\\\/www.anovapeneira.gal\\\/index.php\\\/2024\\\/11\\\/13\\\/o-bng-denuncia-que-o-pp-falta-a-verdade-e-manobra-para-non-negociar-o-plan-de-traballo-na-comision-de-investigacion\\\/\",\"name\":\"O BNG denuncia que o PP falta \u00e1 verdade e manobra para non negociar o plan de traballo na comisi\u00f3n de investigaci\u00f3n -\",\"isPartOf\":{\"@id\":\"https:\\\/\\\/www.anovapeneira.gal\\\/#website\"},\"primaryImageOfPage\":{\"@id\":\"https:\\\/\\\/www.anovapeneira.gal\\\/index.php\\\/2024\\\/11\\\/13\\\/o-bng-denuncia-que-o-pp-falta-a-verdade-e-manobra-para-non-negociar-o-plan-de-traballo-na-comision-de-investigacion\\\/#primaryimage\"},\"image\":{\"@id\":\"https:\\\/\\\/www.anovapeneira.gal\\\/index.php\\\/2024\\\/11\\\/13\\\/o-bng-denuncia-que-o-pp-falta-a-verdade-e-manobra-para-non-negociar-o-plan-de-traballo-na-comision-de-investigacion\\\/#primaryimage\"},\"thumbnailUrl\":\"https:\\\/\\\/www.anovapeneira.gal\\\/wp-content\\\/uploads\\\/2024\\\/11\\\/luis_bara.jpg\",\"datePublished\":\"2024-11-13T11:00:38+00:00\",\"breadcrumb\":{\"@id\":\"https:\\\/\\\/www.anovapeneira.gal\\\/index.php\\\/2024\\\/11\\\/13\\\/o-bng-denuncia-que-o-pp-falta-a-verdade-e-manobra-para-non-negociar-o-plan-de-traballo-na-comision-de-investigacion\\\/#breadcrumb\"},\"inLanguage\":\"gl-ES\",\"potentialAction\":[{\"@type\":\"ReadAction\",\"target\":[\"https:\\\/\\\/www.anovapeneira.gal\\\/index.php\\\/2024\\\/11\\\/13\\\/o-bng-denuncia-que-o-pp-falta-a-verdade-e-manobra-para-non-negociar-o-plan-de-traballo-na-comision-de-investigacion\\\/\"]}]},{\"@type\":\"ImageObject\",\"inLanguage\":\"gl-ES\",\"@id\":\"https:\\\/\\\/www.anovapeneira.gal\\\/index.php\\\/2024\\\/11\\\/13\\\/o-bng-denuncia-que-o-pp-falta-a-verdade-e-manobra-para-non-negociar-o-plan-de-traballo-na-comision-de-investigacion\\\/#primaryimage\",\"url\":\"https:\\\/\\\/www.anovapeneira.gal\\\/wp-content\\\/uploads\\\/2024\\\/11\\\/luis_bara.jpg\",\"contentUrl\":\"https:\\\/\\\/www.anovapeneira.gal\\\/wp-content\\\/uploads\\\/2024\\\/11\\\/luis_bara.jpg\",\"width\":720,\"height\":432,\"caption\":\"Lu\u00eds Bar\u00e1\"},{\"@type\":\"BreadcrumbList\",\"@id\":\"https:\\\/\\\/www.anovapeneira.gal\\\/index.php\\\/2024\\\/11\\\/13\\\/o-bng-denuncia-que-o-pp-falta-a-verdade-e-manobra-para-non-negociar-o-plan-de-traballo-na-comision-de-investigacion\\\/#breadcrumb\",\"itemListElement\":[{\"@type\":\"ListItem\",\"position\":1,\"name\":\"Portada\",\"item\":\"https:\\\/\\\/www.anovapeneira.gal\\\/\"},{\"@type\":\"ListItem\",\"position\":2,\"name\":\"O BNG denuncia que o PP falta \u00e1 verdade e manobra para non negociar o plan de traballo na comisi\u00f3n de investigaci\u00f3n\"}]},{\"@type\":\"WebSite\",\"@id\":\"https:\\\/\\\/www.anovapeneira.gal\\\/#website\",\"url\":\"https:\\\/\\\/www.anovapeneira.gal\\\/\",\"name\":\"\",\"description\":\"Xornal galego de informaci\u00f3n xeral Publicaci\u00f3n mensual de novas de Galicia e en especial dos Concellos da sur da provincia de Pontevedra.\",\"publisher\":{\"@id\":\"https:\\\/\\\/www.anovapeneira.gal\\\/#organization\"},\"potentialAction\":[{\"@type\":\"SearchAction\",\"target\":{\"@type\":\"EntryPoint\",\"urlTemplate\":\"https:\\\/\\\/www.anovapeneira.gal\\\/?s={search_term_string}\"},\"query-input\":{\"@type\":\"PropertyValueSpecification\",\"valueRequired\":true,\"valueName\":\"search_term_string\"}}],\"inLanguage\":\"gl-ES\"},{\"@type\":\"Organization\",\"@id\":\"https:\\\/\\\/www.anovapeneira.gal\\\/#organization\",\"name\":\"A Nova Peneira\",\"url\":\"https:\\\/\\\/www.anovapeneira.gal\\\/\",\"logo\":{\"@type\":\"ImageObject\",\"inLanguage\":\"gl-ES\",\"@id\":\"https:\\\/\\\/www.anovapeneira.gal\\\/#\\\/schema\\\/logo\\\/image\\\/\",\"url\":\"http:\\\/\\\/www.anovapeneira.gal\\\/wp-content\\\/uploads\\\/2019\\\/06\\\/logo_a_nova_peneira_portal_web.png\",\"contentUrl\":\"http:\\\/\\\/www.anovapeneira.gal\\\/wp-content\\\/uploads\\\/2019\\\/06\\\/logo_a_nova_peneira_portal_web.png\",\"width\":300,\"height\":100,\"caption\":\"A Nova Peneira\"},\"image\":{\"@id\":\"https:\\\/\\\/www.anovapeneira.gal\\\/#\\\/schema\\\/logo\\\/image\\\/\"},\"sameAs\":[\"https:\\\/\\\/www.facebook.com\\\/anovapeneira\",\"https:\\\/\\\/x.com\\\/APeneira\"]},{\"@type\":\"Person\",\"@id\":\"https:\\\/\\\/www.anovapeneira.gal\\\/#\\\/schema\\\/person\\\/b93e3f8932e3f8da96334607eb6ac6aa\",\"name\":\"Redacci\u00f3n A Nova Peneira\",\"image\":{\"@type\":\"ImageObject\",\"inLanguage\":\"gl-ES\",\"@id\":\"https:\\\/\\\/secure.gravatar.com\\\/avatar\\\/c052a2551a06e23fac63626232eaa90abd78dbcf1700fc46a2b2c89fd27b735f?s=96&d=mm&r=g\",\"url\":\"https:\\\/\\\/secure.gravatar.com\\\/avatar\\\/c052a2551a06e23fac63626232eaa90abd78dbcf1700fc46a2b2c89fd27b735f?s=96&d=mm&r=g\",\"contentUrl\":\"https:\\\/\\\/secure.gravatar.com\\\/avatar\\\/c052a2551a06e23fac63626232eaa90abd78dbcf1700fc46a2b2c89fd27b735f?s=96&d=mm&r=g\",\"caption\":\"Redacci\u00f3n A Nova Peneira\"},\"sameAs\":[\"http:\\\/\\\/www.anovapeneira.gal\\\/\"],\"url\":\"https:\\\/\\\/www.anovapeneira.gal\\\/index.php\\\/author\\\/redactor\\\/\"}]}<\/script>\n<!-- \/ Yoast SEO plugin. -->","yoast_head_json":{"title":"O BNG denuncia que o PP falta \u00e1 verdade e manobra para non negociar o plan de traballo na comisi\u00f3n de investigaci\u00f3n -","robots":{"index":"index","follow":"follow","max-snippet":"max-snippet:-1","max-image-preview":"max-image-preview:large","max-video-preview":"max-video-preview:-1"},"canonical":"https:\/\/www.anovapeneira.gal\/index.php\/2024\/11\/13\/o-bng-denuncia-que-o-pp-falta-a-verdade-e-manobra-para-non-negociar-o-plan-de-traballo-na-comision-de-investigacion\/","og_locale":"gl_ES","og_type":"article","og_title":"O BNG denuncia que o PP falta \u00e1 verdade e manobra para non negociar o plan de traballo na comisi\u00f3n de investigaci\u00f3n -","og_description":"Bar\u00e1 asegura que o PP deixa claro que non ten ningunha vontade de falar e que a s\u00faa \u00fanica intenci\u00f3n \u00e9 a de intentar vetar as comparecencias [...]","og_url":"https:\/\/www.anovapeneira.gal\/index.php\/2024\/11\/13\/o-bng-denuncia-que-o-pp-falta-a-verdade-e-manobra-para-non-negociar-o-plan-de-traballo-na-comision-de-investigacion\/","article_publisher":"https:\/\/www.facebook.com\/anovapeneira","article_published_time":"2024-11-13T11:00:38+00:00","og_image":[{"width":720,"height":432,"url":"https:\/\/www.anovapeneira.gal\/wp-content\/uploads\/2024\/11\/luis_bara.jpg","type":"image\/jpeg"}],"author":"Redacci\u00f3n A Nova Peneira","twitter_card":"summary_large_image","twitter_creator":"@APeneira","twitter_site":"@APeneira","twitter_misc":{"Escrito por":"Redacci\u00f3n A Nova Peneira","Tempo de lectura":"4 minutos"},"schema":{"@context":"https:\/\/schema.org","@graph":[{"@type":"Article","@id":"https:\/\/www.anovapeneira.gal\/index.php\/2024\/11\/13\/o-bng-denuncia-que-o-pp-falta-a-verdade-e-manobra-para-non-negociar-o-plan-de-traballo-na-comision-de-investigacion\/#article","isPartOf":{"@id":"https:\/\/www.anovapeneira.gal\/index.php\/2024\/11\/13\/o-bng-denuncia-que-o-pp-falta-a-verdade-e-manobra-para-non-negociar-o-plan-de-traballo-na-comision-de-investigacion\/"},"author":{"name":"Redacci\u00f3n A Nova Peneira","@id":"https:\/\/www.anovapeneira.gal\/#\/schema\/person\/b93e3f8932e3f8da96334607eb6ac6aa"},"headline":"O BNG denuncia que o PP falta \u00e1 verdade e manobra para non negociar o plan de traballo na comisi\u00f3n de investigaci\u00f3n","datePublished":"2024-11-13T11:00:38+00:00","mainEntityOfPage":{"@id":"https:\/\/www.anovapeneira.gal\/index.php\/2024\/11\/13\/o-bng-denuncia-que-o-pp-falta-a-verdade-e-manobra-para-non-negociar-o-plan-de-traballo-na-comision-de-investigacion\/"},"wordCount":618,"commentCount":0,"publisher":{"@id":"https:\/\/www.anovapeneira.gal\/#organization"},"image":{"@id":"https:\/\/www.anovapeneira.gal\/index.php\/2024\/11\/13\/o-bng-denuncia-que-o-pp-falta-a-verdade-e-manobra-para-non-negociar-o-plan-de-traballo-na-comision-de-investigacion\/#primaryimage"},"thumbnailUrl":"https:\/\/www.anovapeneira.gal\/wp-content\/uploads\/2024\/11\/luis_bara.jpg","articleSection":["Novas"],"inLanguage":"gl-ES","potentialAction":[{"@type":"CommentAction","name":"Comment","target":["https:\/\/www.anovapeneira.gal\/index.php\/2024\/11\/13\/o-bng-denuncia-que-o-pp-falta-a-verdade-e-manobra-para-non-negociar-o-plan-de-traballo-na-comision-de-investigacion\/#respond"]}]},{"@type":"WebPage","@id":"https:\/\/www.anovapeneira.gal\/index.php\/2024\/11\/13\/o-bng-denuncia-que-o-pp-falta-a-verdade-e-manobra-para-non-negociar-o-plan-de-traballo-na-comision-de-investigacion\/","url":"https:\/\/www.anovapeneira.gal\/index.php\/2024\/11\/13\/o-bng-denuncia-que-o-pp-falta-a-verdade-e-manobra-para-non-negociar-o-plan-de-traballo-na-comision-de-investigacion\/","name":"O BNG denuncia que o PP falta \u00e1 verdade e manobra para non negociar o plan de traballo na comisi\u00f3n de investigaci\u00f3n -","isPartOf":{"@id":"https:\/\/www.anovapeneira.gal\/#website"},"primaryImageOfPage":{"@id":"https:\/\/www.anovapeneira.gal\/index.php\/2024\/11\/13\/o-bng-denuncia-que-o-pp-falta-a-verdade-e-manobra-para-non-negociar-o-plan-de-traballo-na-comision-de-investigacion\/#primaryimage"},"image":{"@id":"https:\/\/www.anovapeneira.gal\/index.php\/2024\/11\/13\/o-bng-denuncia-que-o-pp-falta-a-verdade-e-manobra-para-non-negociar-o-plan-de-traballo-na-comision-de-investigacion\/#primaryimage"},"thumbnailUrl":"https:\/\/www.anovapeneira.gal\/wp-content\/uploads\/2024\/11\/luis_bara.jpg","datePublished":"2024-11-13T11:00:38+00:00","breadcrumb":{"@id":"https:\/\/www.anovapeneira.gal\/index.php\/2024\/11\/13\/o-bng-denuncia-que-o-pp-falta-a-verdade-e-manobra-para-non-negociar-o-plan-de-traballo-na-comision-de-investigacion\/#breadcrumb"},"inLanguage":"gl-ES","potentialAction":[{"@type":"ReadAction","target":["https:\/\/www.anovapeneira.gal\/index.php\/2024\/11\/13\/o-bng-denuncia-que-o-pp-falta-a-verdade-e-manobra-para-non-negociar-o-plan-de-traballo-na-comision-de-investigacion\/"]}]},{"@type":"ImageObject","inLanguage":"gl-ES","@id":"https:\/\/www.anovapeneira.gal\/index.php\/2024\/11\/13\/o-bng-denuncia-que-o-pp-falta-a-verdade-e-manobra-para-non-negociar-o-plan-de-traballo-na-comision-de-investigacion\/#primaryimage","url":"https:\/\/www.anovapeneira.gal\/wp-content\/uploads\/2024\/11\/luis_bara.jpg","contentUrl":"https:\/\/www.anovapeneira.gal\/wp-content\/uploads\/2024\/11\/luis_bara.jpg","width":720,"height":432,"caption":"Lu\u00eds Bar\u00e1"},{"@type":"BreadcrumbList","@id":"https:\/\/www.anovapeneira.gal\/index.php\/2024\/11\/13\/o-bng-denuncia-que-o-pp-falta-a-verdade-e-manobra-para-non-negociar-o-plan-de-traballo-na-comision-de-investigacion\/#breadcrumb","itemListElement":[{"@type":"ListItem","position":1,"name":"Portada","item":"https:\/\/www.anovapeneira.gal\/"},{"@type":"ListItem","position":2,"name":"O BNG denuncia que o PP falta \u00e1 verdade e manobra para non negociar o plan de traballo na comisi\u00f3n de investigaci\u00f3n"}]},{"@type":"WebSite","@id":"https:\/\/www.anovapeneira.gal\/#website","url":"https:\/\/www.anovapeneira.gal\/","name":"","description":"Xornal galego de informaci\u00f3n xeral Publicaci\u00f3n mensual de novas de Galicia e en especial dos Concellos da sur da provincia de Pontevedra.","publisher":{"@id":"https:\/\/www.anovapeneira.gal\/#organization"},"potentialAction":[{"@type":"SearchAction","target":{"@type":"EntryPoint","urlTemplate":"https:\/\/www.anovapeneira.gal\/?s={search_term_string}"},"query-input":{"@type":"PropertyValueSpecification","valueRequired":true,"valueName":"search_term_string"}}],"inLanguage":"gl-ES"},{"@type":"Organization","@id":"https:\/\/www.anovapeneira.gal\/#organization","name":"A Nova Peneira","url":"https:\/\/www.anovapeneira.gal\/","logo":{"@type":"ImageObject","inLanguage":"gl-ES","@id":"https:\/\/www.anovapeneira.gal\/#\/schema\/logo\/image\/","url":"http:\/\/www.anovapeneira.gal\/wp-content\/uploads\/2019\/06\/logo_a_nova_peneira_portal_web.png","contentUrl":"http:\/\/www.anovapeneira.gal\/wp-content\/uploads\/2019\/06\/logo_a_nova_peneira_portal_web.png","width":300,"height":100,"caption":"A Nova Peneira"},"image":{"@id":"https:\/\/www.anovapeneira.gal\/#\/schema\/logo\/image\/"},"sameAs":["https:\/\/www.facebook.com\/anovapeneira","https:\/\/x.com\/APeneira"]},{"@type":"Person","@id":"https:\/\/www.anovapeneira.gal\/#\/schema\/person\/b93e3f8932e3f8da96334607eb6ac6aa","name":"Redacci\u00f3n A Nova Peneira","image":{"@type":"ImageObject","inLanguage":"gl-ES","@id":"https:\/\/secure.gravatar.com\/avatar\/c052a2551a06e23fac63626232eaa90abd78dbcf1700fc46a2b2c89fd27b735f?s=96&d=mm&r=g","url":"https:\/\/secure.gravatar.com\/avatar\/c052a2551a06e23fac63626232eaa90abd78dbcf1700fc46a2b2c89fd27b735f?s=96&d=mm&r=g","contentUrl":"https:\/\/secure.gravatar.com\/avatar\/c052a2551a06e23fac63626232eaa90abd78dbcf1700fc46a2b2c89fd27b735f?s=96&d=mm&r=g","caption":"Redacci\u00f3n A Nova Peneira"},"sameAs":["http:\/\/www.anovapeneira.gal\/"],"url":"https:\/\/www.anovapeneira.gal\/index.php\/author\/redactor\/"}]}},"jetpack_featured_media_url":"https:\/\/www.anovapeneira.gal\/wp-content\/uploads\/2024\/11\/luis_bara.jpg","_links":{"self":[{"href":"https:\/\/www.anovapeneira.gal\/index.php\/wp-json\/wp\/v2\/posts\/12756","targetHints":{"allow":["GET"]}}],"collection":[{"href":"https:\/\/www.anovapeneira.gal\/index.php\/wp-json\/wp\/v2\/posts"}],"about":[{"href":"https:\/\/www.anovapeneira.gal\/index.php\/wp-json\/wp\/v2\/types\/post"}],"author":[{"embeddable":true,"href":"https:\/\/www.anovapeneira.gal\/index.php\/wp-json\/wp\/v2\/users\/3"}],"replies":[{"embeddable":true,"href":"https:\/\/www.anovapeneira.gal\/index.php\/wp-json\/wp\/v2\/comments?post=12756"}],"version-history":[{"count":2,"href":"https:\/\/www.anovapeneira.gal\/index.php\/wp-json\/wp\/v2\/posts\/12756\/revisions"}],"predecessor-version":[{"id":12760,"href":"https:\/\/www.anovapeneira.gal\/index.php\/wp-json\/wp\/v2\/posts\/12756\/revisions\/12760"}],"wp:featuredmedia":[{"embeddable":true,"href":"https:\/\/www.anovapeneira.gal\/index.php\/wp-json\/wp\/v2\/media\/12759"}],"wp:attachment":[{"href":"https:\/\/www.anovapeneira.gal\/index.php\/wp-json\/wp\/v2\/media?parent=12756"}],"wp:term":[{"taxonomy":"category","embeddable":true,"href":"https:\/\/www.anovapeneira.gal\/index.php\/wp-json\/wp\/v2\/categories?post=12756"},{"taxonomy":"post_tag","embeddable":true,"href":"https:\/\/www.anovapeneira.gal\/index.php\/wp-json\/wp\/v2\/tags?post=12756"}],"curies":[{"name":"wp","href":"https:\/\/api.w.org\/{rel}","templated":true}]}}