{"id":12775,"date":"2024-11-15T10:00:14","date_gmt":"2024-11-15T09:00:14","guid":{"rendered":"https:\/\/www.anovapeneira.gal\/?p=12775"},"modified":"2024-11-19T09:56:25","modified_gmt":"2024-11-19T08:56:25","slug":"galegos-polo-mundo-viii-mauro-chivite-desde-escocia","status":"publish","type":"post","link":"https:\/\/www.anovapeneira.gal\/index.php\/2024\/11\/15\/galegos-polo-mundo-viii-mauro-chivite-desde-escocia\/","title":{"rendered":"Galegos polo mundo VIII : Mauro Chivite desde Escocia"},"content":{"rendered":"\n<p><strong>G.Figueiredo<\/strong><\/p>\n\n\n\n<p><strong>Continuamos coa xeira de reportaxes con galegos e galegas, que est\u00e1n a vivir en distintos pa\u00edses do mundo, para co\u00f1ecer de primeira man as caracter\u00edsticas m\u00e1is significativas dos lugares que iremos descubrindo ao longo desta viaxe. Desta volta det\u00e9monos nas terras de Escocia, un pa\u00eds sen estado igual c\u00f3 noso pero cuxa condici\u00f3n de naci\u00f3n non \u00e9 discutida por ningu\u00e9n en Inglaterra. E falamos con Mauro , un fillo de Mondariz Balneario, l\u00facido amable e cordial, que vive en Escocia e que nos conta a s\u00faa experiencia e a s\u00faa visi\u00f3n deste fermoso pa\u00eds.<\/strong><\/p>\n\n\n\n<p>\u201c <em><strong>Escocia \u00e9 un pa\u00eds moi bonito, con xente moi amable e, sobre todo, o que m\u00e1is me gusta \u00e9 como te\u00f1en interiorizada a s\u00faa cultura, e o orgullosos que est\u00e1n dela\u201d<\/strong><\/em><\/p>\n\n\n\n<p><strong>Mauro, c\u00f3ntanos a t\u00faa historia, de onde es?<\/strong><\/p>\n\n\n\n<blockquote class=\"wp-block-quote is-layout-flow wp-block-quote-is-layout-flow\">\n<p>Eu son de Mondariz Balneario, estudei na Universidade de Vigo un grao de Ciencias do Mar e viv\u00edn sempre en casa ata que me fun a facer un Mestrado de Acuicultura en Santiago de Compostela. Logo fixen un  Erasmus en Noruega durante nove meses.  Cando acabei fixen un doutorado en Vigo con d\u00faas estad\u00edas  en Canad\u00e1 e Castell\u00f3n. E ao rematar a  Tese vinme a Escocia a facer Acci\u00f3n Post Doutoral, de tres anos. Deses tres anos estou desempe\u00f1ando dous en Escocia, \u00e9 un requisito, facer dous anos f\u00f3ra, e o \u00faltimo en Galiza, na Universidade de Vigo.<\/p>\n<\/blockquote>\n\n\n\n<p><strong>Noruega e Canad\u00e1, dous sitios uns pouco fr\u00edos non?<\/strong><\/p>\n\n\n\n<blockquote class=\"wp-block-quote is-layout-flow wp-block-quote-is-layout-flow\">\n<p>Si, E escocia non che conto\u2026<\/p>\n<\/blockquote>\n\n\n\n<p><strong>Canto tempo levas agora en Escocia?<\/strong><\/p>\n\n\n\n<blockquote class=\"wp-block-quote is-layout-flow wp-block-quote-is-layout-flow\">\n<p>Pois estou a acabar, levo 1 ano e 10 meses, acabo en decembro.<\/p>\n<\/blockquote>\n\n\n\n<p><strong>Que idade tes Mauro?<\/strong><\/p>\n\n\n\n<blockquote class=\"wp-block-quote is-layout-flow wp-block-quote-is-layout-flow\">\n<p>Te\u00f1o 33 anos.<\/p>\n<\/blockquote>\n\n\n\n<p><strong>Desde que acabaches a Universidade cantos anos m\u00e1is levas form\u00e1ndote?<\/strong><\/p>\n\n\n\n<blockquote class=\"wp-block-quote is-layout-flow wp-block-quote-is-layout-flow\">\n<p>Pois foron 5 anos de Teses, ano e medio do Mestrado e dous anos e medio de Post Grao, acabarei cunha formaci\u00f3n duns dez anos m\u00e1is.<\/p>\n<\/blockquote>\n\n\n\n<p><strong>Que tes pensado facer ao rematar?<\/strong><\/p>\n\n\n\n<blockquote class=\"wp-block-quote is-layout-flow wp-block-quote-is-layout-flow\">\n<p>Aqu\u00ed tiven algunha oferta de sumarme a alg\u00fan proxecto, pero te\u00f1o que volver para facer o ano que me falta na Universidade de Vigo ata agosto do ano 25. A mi\u00f1a idea \u00e9 quedarme na casa, quero retornar.<\/p>\n<\/blockquote>\n\n\n\n<p><strong>En que cidade est\u00e1s?<\/strong><\/p>\n\n\n\n<blockquote class=\"wp-block-quote is-layout-flow wp-block-quote-is-layout-flow\">\n<p>En Stirling, \u00e9 unha cidade pequena duns 38.000 habitantes, a medio cami\u00f1o de Edimburgo que \u00e9 a capital e Glasgow, a cidade m\u00e1is poboada.<\/p>\n<\/blockquote>\n\n\n\n<p><strong>A cidade da batalla de Braveheart. F\u00e1lame de Stirling, como \u00e9?<\/strong><\/p>\n\n\n\n<blockquote class=\"wp-block-quote is-layout-flow wp-block-quote-is-layout-flow\">\n<p>A paisaxe \u00e9 moi similar \u00e1 de Galiza, hai moito verde e chove bastante pero \u00e9 algo m\u00e1is fr\u00eda. En Galiza hai m\u00e1is bosque, aqu\u00ed hai moita gander\u00eda e vense moitos prados. De Stirling cara ao norte comezan as Terras Altas e a paisaxe \u00e9 moi distinta, zona de fiordes con grandes pendentes similares \u00e1s de Noruega.<\/p>\n<\/blockquote>\n\n\n\n<p><strong>Como \u00e9 o tempo no ver\u00e1n?<\/strong><\/p>\n\n\n\n<blockquote class=\"wp-block-quote is-layout-flow wp-block-quote-is-layout-flow\">\n<p>Tam\u00e9n chove bastante. O que m\u00e1is boto de menos \u00e9 a intensidade da luz, aqu\u00ed \u00e9 moi morna, est\u00e1 sempre nubrado e non sobe tanto o sol. No inverno si que xa hai menos horas de luz.<\/p>\n<\/blockquote>\n\n\n\n<p><strong>Como \u00e9 o estilo de vida nunha cidade escocesa?<\/strong><\/p>\n\n\n\n<blockquote class=\"wp-block-quote is-layout-flow wp-block-quote-is-layout-flow\">\n<p>Os escoceses son moi amables pero o estilo de vida \u00e9 moi distinto. A xente \u00e9 m\u00e1is individual, cando sae de traballar vaise para casa. O que lles gusta \u00e9, cando te\u00f1en tempo libre, a cultura de pub, de tomarse esas pintas de cervexa. Cando hai un evento si que socializan, cantan, bailan e fan festa, pero cando acaba cada un para a s\u00faa casa. Boto de menos o de poder quedar a diario para socializar, en Galiza somos uns festeiros.<\/p>\n<\/blockquote>\n\n\n\n<p><strong>Que tal co idioma?<\/strong><\/p>\n\n\n\n<blockquote class=\"wp-block-quote is-layout-flow wp-block-quote-is-layout-flow\">\n<p>Ben, como xa estivera en Canad\u00e1 e en Noruega xa me defend\u00eda sen problema co ingl\u00e9s, ademais na carreira cient\u00edfica tes que dominalo porque \u00e9 o idioma vehicular.<\/p>\n<\/blockquote>\n\n\n\n<p><strong>O proxecto de investigaci\u00f3n no que traballas depende da Universidade de Stirling?<\/strong><\/p>\n\n\n\n<blockquote class=\"wp-block-quote is-layout-flow wp-block-quote-is-layout-flow\">\n<p>Si.<\/p>\n<\/blockquote>\n\n\n\n<p><strong>Que queres facer cando acabes?<\/strong><\/p>\n\n\n\n<blockquote class=\"wp-block-quote is-layout-flow wp-block-quote-is-layout-flow\">\n<p>Non te\u00f1o un cami\u00f1o claro, pero a mi\u00f1a idea \u00e9 continuar a investigaci\u00f3n en Galiza.<\/p>\n<\/blockquote>\n\n\n\n<p><strong>Hai comunidade de galegos a\u00ed onde est\u00e1s?<\/strong><\/p>\n\n\n\n<blockquote class=\"wp-block-quote is-layout-flow wp-block-quote-is-layout-flow\">\n<p>Hai comunidade de galegos en Edimburgo pero aqu\u00ed en Stirling onde estou eu non co\u00f1ezo. Hai bastante xente catal\u00e1. No instituto onde estou hai d\u00faas investigadoras catal\u00e1s e unha de Canarias.<\/p>\n<\/blockquote>\n\n\n\n<p><strong>Hai diversidade de xente no proxecto en que traballas?<\/strong><\/p>\n\n\n\n<blockquote class=\"wp-block-quote is-layout-flow wp-block-quote-is-layout-flow\">\n<p>Si, no meu grupo de Investigaci\u00f3n de Comportamento de Benestar Animal hai xente de Escocia, Canad\u00e1, Exipto, Sud\u00e1frica e a l\u00edder do grupo \u00e9 catal\u00e1. Somos once persoas das cales escocesas son d\u00faas.<\/p>\n<\/blockquote>\n\n\n\n<p><strong>Co auxe da extrema dereita en todo o territorio occidental, como \u00e9 a\u00ed a acollida dos estranxeiros, hai racismo?<\/strong><\/p>\n\n\n\n<blockquote class=\"wp-block-quote is-layout-flow wp-block-quote-is-layout-flow\">\n<p>A zona onde eu vivo \u00e9 multicutural, hai xente de moitas partes do mundo e aqu\u00ed non se nota. Na parte do sur de Inglaterra si que hai problemas gordos de convivencia, pero aqu\u00ed non. Aqu\u00ed hai un movemento propalestino moi forte e son xente moi solidaria.<\/p>\n<\/blockquote>\n\n\n\n<p><strong>Como esta a situaci\u00f3n pol\u00edtica en relaci\u00f3n co Reino Unido?<\/strong><\/p>\n\n\n\n<blockquote class=\"wp-block-quote is-layout-flow wp-block-quote-is-layout-flow\">\n<p>Te\u00f1en moi interiorizado ou seu nacionalismo e independentismo. O partido pol\u00edtico que est\u00e1 gobernado \u00e9 o independentista SNP.<\/p>\n<\/blockquote>\n\n\n\n<p><strong>Como est\u00e1 a extrema dereita?<\/strong><\/p>\n\n\n\n<blockquote class=\"wp-block-quote is-layout-flow wp-block-quote-is-layout-flow\">\n<p>Aqu\u00ed hai moi pouco, non \u00e9 nada relevante.<\/p>\n<\/blockquote>\n\n\n\n<p><strong>A ver se aprendermos algo os demais. Como son as tradici\u00f3ns escocesas?<\/strong><\/p>\n\n\n\n<blockquote class=\"wp-block-quote is-layout-flow wp-block-quote-is-layout-flow\">\n<p>Hai moita cultura de Pub, conservan os instrumentos como a gaita. Nas s\u00faas cerimonias, vodas e demais a gaita sempre est\u00e1 presente xunto co traxe tradicional, o Kilt ou saia escocesa, \u00e9 o seu s\u00edmbolo de identidade. Cando son as gradaci\u00f3ns dos alumnos, os profesores van todos co seu traxe tradicional escoc\u00e9s e exh\u00edbeno con orgullo, algo moi interesante.<\/p>\n<\/blockquote>\n\n\n\n<p><strong>O traxe tradicional feminino \u00e9 diferente, verdade?<\/strong><\/p>\n\n\n\n<blockquote class=\"wp-block-quote is-layout-flow wp-block-quote-is-layout-flow\">\n<p>Si, o das mulleres \u00e9 un vestido.<\/p>\n<\/blockquote>\n\n\n\n<p><strong>Tam\u00e9n o levan as mestras nas gradaci\u00f3ns?<\/strong><\/p>\n\n\n\n<blockquote class=\"wp-block-quote is-layout-flow wp-block-quote-is-layout-flow\">\n<p>Non, non tanto. Est\u00e1 moi masculinizado o traxe.<\/p>\n<\/blockquote>\n\n\n\n<p><strong>Recom\u00e9ndanos alg\u00fan sitio bonito para visitar en Escocia.<\/strong><\/p>\n\n\n\n<blockquote class=\"wp-block-quote is-layout-flow wp-block-quote-is-layout-flow\">\n<p>Visitar as Terras Altas no norte de Escocia para ver a paisaxe dos Fiordes e d\u00e1s grandes monta\u00f1as. As Illas Skye, est\u00e1n conectadas por unha ponte coa illa principal, a entrada \u00e9 espectacular. As estradas son estreitas e entras ao car\u00f3n do fiorde, ves as grandes pendentes e, de s\u00fapeto, a illa de fronte, \u00e9 precioso. Todas estas Terras Altas est\u00e1n cheas de castelos, moitos ben conservados e p\u00f3dense visitar.<\/p>\n<\/blockquote>\n\n\n\n<p><strong>Cando \u00e9 a mellor \u00e9poca do ano para ir?<\/strong><\/p>\n\n\n\n<blockquote class=\"wp-block-quote is-layout-flow wp-block-quote-is-layout-flow\">\n<p>Os invernos son moi fr\u00edos e os ver\u00e1ns moi h\u00famidos, penso que a primavera ou o outono \u00e9 a mellor \u00e9poca para facelo.<\/p>\n<\/blockquote>\n\n\n\n<p><strong>Como \u00e9 conducir en Escocia?<\/strong><\/p>\n\n\n\n<blockquote class=\"wp-block-quote is-layout-flow wp-block-quote-is-layout-flow\">\n<p>Ao principio \u00e9 amolado, meterte pola esquerda co volante ao outro lado, pero logo afaste, as estradas xa est\u00e1n para que conduzas pola esquerda e vante levando. Algo que me chamou a atenci\u00f3n \u00e9 ir pola autoestrada e que de s\u00fapeto remate nunha rotonda .A iso non estamos afeitos.<\/p>\n<\/blockquote>\n\n\n\n<p><strong>En relaci\u00f3n aos servizos p\u00fablicos e aos impostos que nos tes que dicir ?<\/strong><\/p>\n\n\n\n<blockquote class=\"wp-block-quote is-layout-flow wp-block-quote-is-layout-flow\">\n<p>P\u00e1ganse uns impostos bastante altos pero os servizos p\u00fablicos non son bos. No transporte p\u00fablico hai bastantes frecuencias pero os autobuses son deficientes. Eu non te\u00f1o coche e m\u00f3vome en autob\u00fas. O tren si \u00e9 marabilloso e non sofren ning\u00fan atraso de m\u00e1is dun minuto, as infraestruturas das v\u00edas son moi boas.<\/p>\n<\/blockquote>\n\n\n\n<blockquote class=\"wp-block-quote is-layout-flow wp-block-quote-is-layout-flow\">\n<p>A sanidade p\u00fablica existe pero eu non fun capaz de acceder a ela, si que te\u00f1o un m\u00e9dico de cabeceira asignado e iso foi f\u00e1cil facelo pero, a vez que o necesitei foime imposible sacar cita. Os meus compa\u00f1eiros escoceses dinme que a sanidade p\u00fablica ten moitas deficiencias.<\/p>\n<\/blockquote>\n\n\n\n<blockquote class=\"wp-block-quote is-layout-flow wp-block-quote-is-layout-flow\">\n<p>Recentemente houbo cambio de goberno no Reino Unido, levaba catorce anos a dereita gobernando e rebentaron a sanidade. Agora entrou o Partido Laborista, e unha cuesti\u00f3n que levaba na campa\u00f1a electoral era mellorar o precario estado da sanidade.<\/p>\n<\/blockquote>\n\n\n\n<p><strong>Entendo que a xente ten que ter un seguros m\u00e9dico privado?<\/strong><\/p>\n\n\n\n<blockquote class=\"wp-block-quote is-layout-flow wp-block-quote-is-layout-flow\">\n<p>Si, exacto.<\/p>\n<\/blockquote>\n\n\n\n<p><strong>O transporte p\u00fablico \u00e9 caro?<\/strong><\/p>\n\n\n\n<blockquote class=\"wp-block-quote is-layout-flow wp-block-quote-is-layout-flow\">\n<p>Si. Para os menores de 21 anos e para os xubilados \u00e9 gratu\u00edto, para os demais \u00e9 caro, se non tes bonos cada viaxe sae en case 5 libras.<\/p>\n<\/blockquote>\n\n\n\n<p><strong>C\u00f3ntanos algo m\u00e1is que penses que as nosas lectoras e lectores debamos saber de Escocia.<\/strong><\/p>\n\n\n\n<blockquote class=\"wp-block-quote is-layout-flow wp-block-quote-is-layout-flow\">\n<p>Destacar que \u00e9 un pa\u00eds moi bonito, con xente moi amable e, sobre todo, o que m\u00e1is me gusta \u00e9 como te\u00f1en interiorizada a s\u00faa cultura. Enc\u00e1ntame o orgullosos que est\u00e1n dela e sempre que poden p\u00f3\u00f1ena en valor.<\/p>\n<\/blockquote>\n","protected":false},"excerpt":{"rendered":"<div class=\"mh-excerpt\"><p>G.Figueiredo Continuamos coa xeira de reportaxes con galegos e galegas, que est\u00e1n a vivir en distintos pa\u00edses do mundo, para co\u00f1ecer de primeira man as caracter\u00edsticas m\u00e1is significativas dos lugares que iremos descubrindo ao longo <a class=\"mh-excerpt-more\" href=\"https:\/\/www.anovapeneira.gal\/index.php\/2024\/11\/15\/galegos-polo-mundo-viii-mauro-chivite-desde-escocia\/\" title=\"Galegos polo mundo VIII : Mauro Chivite desde Escocia\">[&#8230;]<\/a><\/p>\n<\/div>","protected":false},"author":17,"featured_media":12776,"comment_status":"open","ping_status":"open","sticky":false,"template":"","format":"standard","meta":{"_exactmetrics_skip_tracking":false,"_exactmetrics_sitenote_active":false,"_exactmetrics_sitenote_note":"","_exactmetrics_sitenote_category":0,"footnotes":""},"categories":[589],"tags":[1406],"class_list":{"0":"post-12775","1":"post","2":"type-post","3":"status-publish","4":"format-standard","5":"has-post-thumbnail","7":"category-reportaxe_galicia","8":"tag-galegos-polo-mundo"},"yoast_head":"<!-- This site is optimized with the Yoast SEO plugin v27.4 - https:\/\/yoast.com\/product\/yoast-seo-wordpress\/ -->\n<title>Galegos polo mundo VIII : Mauro Chivite desde Escocia -<\/title>\n<meta name=\"robots\" content=\"index, follow, max-snippet:-1, max-image-preview:large, max-video-preview:-1\" \/>\n<link rel=\"canonical\" href=\"https:\/\/www.anovapeneira.gal\/index.php\/2024\/11\/15\/galegos-polo-mundo-viii-mauro-chivite-desde-escocia\/\" \/>\n<meta property=\"og:locale\" content=\"gl_ES\" \/>\n<meta property=\"og:type\" content=\"article\" \/>\n<meta property=\"og:title\" content=\"Galegos polo mundo VIII : Mauro Chivite desde Escocia -\" \/>\n<meta property=\"og:description\" content=\"G.Figueiredo Continuamos coa xeira de reportaxes con galegos e galegas, que est\u00e1n a vivir en distintos pa\u00edses do mundo, para co\u00f1ecer de primeira man as caracter\u00edsticas m\u00e1is significativas dos lugares que iremos descubrindo ao longo [...]\" \/>\n<meta property=\"og:url\" content=\"https:\/\/www.anovapeneira.gal\/index.php\/2024\/11\/15\/galegos-polo-mundo-viii-mauro-chivite-desde-escocia\/\" \/>\n<meta property=\"article:publisher\" content=\"https:\/\/www.facebook.com\/anovapeneira\" \/>\n<meta property=\"article:published_time\" content=\"2024-11-15T09:00:14+00:00\" \/>\n<meta property=\"article:modified_time\" content=\"2024-11-19T08:56:25+00:00\" \/>\n<meta property=\"og:image\" content=\"https:\/\/www.anovapeneira.gal\/wp-content\/uploads\/2024\/11\/mauro_chivite.jpg\" \/>\n\t<meta property=\"og:image:width\" content=\"720\" \/>\n\t<meta property=\"og:image:height\" content=\"432\" \/>\n\t<meta property=\"og:image:type\" content=\"image\/jpeg\" \/>\n<meta name=\"author\" content=\"G. Figueiredo\" \/>\n<meta name=\"twitter:card\" content=\"summary_large_image\" \/>\n<meta name=\"twitter:creator\" content=\"@APeneira\" \/>\n<meta name=\"twitter:site\" content=\"@APeneira\" \/>\n<meta name=\"twitter:label1\" content=\"Escrito por\" \/>\n\t<meta name=\"twitter:data1\" content=\"G. Figueiredo\" \/>\n\t<meta name=\"twitter:label2\" content=\"Tempo de lectura\" \/>\n\t<meta name=\"twitter:data2\" content=\"3 minutos\" \/>\n<script type=\"application\/ld+json\" class=\"yoast-schema-graph\">{\"@context\":\"https:\\\/\\\/schema.org\",\"@graph\":[{\"@type\":\"Article\",\"@id\":\"https:\\\/\\\/www.anovapeneira.gal\\\/index.php\\\/2024\\\/11\\\/15\\\/galegos-polo-mundo-viii-mauro-chivite-desde-escocia\\\/#article\",\"isPartOf\":{\"@id\":\"https:\\\/\\\/www.anovapeneira.gal\\\/index.php\\\/2024\\\/11\\\/15\\\/galegos-polo-mundo-viii-mauro-chivite-desde-escocia\\\/\"},\"author\":{\"name\":\"G. Figueiredo\",\"@id\":\"https:\\\/\\\/www.anovapeneira.gal\\\/#\\\/schema\\\/person\\\/42f904d7cac80cf3f5a31494dd82a9b6\"},\"headline\":\"Galegos polo mundo VIII : Mauro Chivite desde Escocia\",\"datePublished\":\"2024-11-15T09:00:14+00:00\",\"dateModified\":\"2024-11-19T08:56:25+00:00\",\"mainEntityOfPage\":{\"@id\":\"https:\\\/\\\/www.anovapeneira.gal\\\/index.php\\\/2024\\\/11\\\/15\\\/galegos-polo-mundo-viii-mauro-chivite-desde-escocia\\\/\"},\"wordCount\":1435,\"commentCount\":0,\"publisher\":{\"@id\":\"https:\\\/\\\/www.anovapeneira.gal\\\/#organization\"},\"image\":{\"@id\":\"https:\\\/\\\/www.anovapeneira.gal\\\/index.php\\\/2024\\\/11\\\/15\\\/galegos-polo-mundo-viii-mauro-chivite-desde-escocia\\\/#primaryimage\"},\"thumbnailUrl\":\"https:\\\/\\\/www.anovapeneira.gal\\\/wp-content\\\/uploads\\\/2024\\\/11\\\/mauro_chivite.jpg\",\"keywords\":[\"Galegos polo mundo\"],\"articleSection\":[\"Reportaxes\"],\"inLanguage\":\"gl-ES\",\"potentialAction\":[{\"@type\":\"CommentAction\",\"name\":\"Comment\",\"target\":[\"https:\\\/\\\/www.anovapeneira.gal\\\/index.php\\\/2024\\\/11\\\/15\\\/galegos-polo-mundo-viii-mauro-chivite-desde-escocia\\\/#respond\"]}]},{\"@type\":\"WebPage\",\"@id\":\"https:\\\/\\\/www.anovapeneira.gal\\\/index.php\\\/2024\\\/11\\\/15\\\/galegos-polo-mundo-viii-mauro-chivite-desde-escocia\\\/\",\"url\":\"https:\\\/\\\/www.anovapeneira.gal\\\/index.php\\\/2024\\\/11\\\/15\\\/galegos-polo-mundo-viii-mauro-chivite-desde-escocia\\\/\",\"name\":\"Galegos polo mundo VIII : Mauro Chivite desde Escocia -\",\"isPartOf\":{\"@id\":\"https:\\\/\\\/www.anovapeneira.gal\\\/#website\"},\"primaryImageOfPage\":{\"@id\":\"https:\\\/\\\/www.anovapeneira.gal\\\/index.php\\\/2024\\\/11\\\/15\\\/galegos-polo-mundo-viii-mauro-chivite-desde-escocia\\\/#primaryimage\"},\"image\":{\"@id\":\"https:\\\/\\\/www.anovapeneira.gal\\\/index.php\\\/2024\\\/11\\\/15\\\/galegos-polo-mundo-viii-mauro-chivite-desde-escocia\\\/#primaryimage\"},\"thumbnailUrl\":\"https:\\\/\\\/www.anovapeneira.gal\\\/wp-content\\\/uploads\\\/2024\\\/11\\\/mauro_chivite.jpg\",\"datePublished\":\"2024-11-15T09:00:14+00:00\",\"dateModified\":\"2024-11-19T08:56:25+00:00\",\"breadcrumb\":{\"@id\":\"https:\\\/\\\/www.anovapeneira.gal\\\/index.php\\\/2024\\\/11\\\/15\\\/galegos-polo-mundo-viii-mauro-chivite-desde-escocia\\\/#breadcrumb\"},\"inLanguage\":\"gl-ES\",\"potentialAction\":[{\"@type\":\"ReadAction\",\"target\":[\"https:\\\/\\\/www.anovapeneira.gal\\\/index.php\\\/2024\\\/11\\\/15\\\/galegos-polo-mundo-viii-mauro-chivite-desde-escocia\\\/\"]}]},{\"@type\":\"ImageObject\",\"inLanguage\":\"gl-ES\",\"@id\":\"https:\\\/\\\/www.anovapeneira.gal\\\/index.php\\\/2024\\\/11\\\/15\\\/galegos-polo-mundo-viii-mauro-chivite-desde-escocia\\\/#primaryimage\",\"url\":\"https:\\\/\\\/www.anovapeneira.gal\\\/wp-content\\\/uploads\\\/2024\\\/11\\\/mauro_chivite.jpg\",\"contentUrl\":\"https:\\\/\\\/www.anovapeneira.gal\\\/wp-content\\\/uploads\\\/2024\\\/11\\\/mauro_chivite.jpg\",\"width\":720,\"height\":432,\"caption\":\"Mauro Chivite\"},{\"@type\":\"BreadcrumbList\",\"@id\":\"https:\\\/\\\/www.anovapeneira.gal\\\/index.php\\\/2024\\\/11\\\/15\\\/galegos-polo-mundo-viii-mauro-chivite-desde-escocia\\\/#breadcrumb\",\"itemListElement\":[{\"@type\":\"ListItem\",\"position\":1,\"name\":\"Portada\",\"item\":\"https:\\\/\\\/www.anovapeneira.gal\\\/\"},{\"@type\":\"ListItem\",\"position\":2,\"name\":\"Galegos polo mundo VIII : Mauro Chivite desde Escocia\"}]},{\"@type\":\"WebSite\",\"@id\":\"https:\\\/\\\/www.anovapeneira.gal\\\/#website\",\"url\":\"https:\\\/\\\/www.anovapeneira.gal\\\/\",\"name\":\"\",\"description\":\"Xornal galego de informaci\u00f3n xeral Publicaci\u00f3n mensual de novas de Galicia e en especial dos Concellos da sur da provincia de Pontevedra.\",\"publisher\":{\"@id\":\"https:\\\/\\\/www.anovapeneira.gal\\\/#organization\"},\"potentialAction\":[{\"@type\":\"SearchAction\",\"target\":{\"@type\":\"EntryPoint\",\"urlTemplate\":\"https:\\\/\\\/www.anovapeneira.gal\\\/?s={search_term_string}\"},\"query-input\":{\"@type\":\"PropertyValueSpecification\",\"valueRequired\":true,\"valueName\":\"search_term_string\"}}],\"inLanguage\":\"gl-ES\"},{\"@type\":\"Organization\",\"@id\":\"https:\\\/\\\/www.anovapeneira.gal\\\/#organization\",\"name\":\"A Nova Peneira\",\"url\":\"https:\\\/\\\/www.anovapeneira.gal\\\/\",\"logo\":{\"@type\":\"ImageObject\",\"inLanguage\":\"gl-ES\",\"@id\":\"https:\\\/\\\/www.anovapeneira.gal\\\/#\\\/schema\\\/logo\\\/image\\\/\",\"url\":\"http:\\\/\\\/www.anovapeneira.gal\\\/wp-content\\\/uploads\\\/2019\\\/06\\\/logo_a_nova_peneira_portal_web.png\",\"contentUrl\":\"http:\\\/\\\/www.anovapeneira.gal\\\/wp-content\\\/uploads\\\/2019\\\/06\\\/logo_a_nova_peneira_portal_web.png\",\"width\":300,\"height\":100,\"caption\":\"A Nova Peneira\"},\"image\":{\"@id\":\"https:\\\/\\\/www.anovapeneira.gal\\\/#\\\/schema\\\/logo\\\/image\\\/\"},\"sameAs\":[\"https:\\\/\\\/www.facebook.com\\\/anovapeneira\",\"https:\\\/\\\/x.com\\\/APeneira\"]},{\"@type\":\"Person\",\"@id\":\"https:\\\/\\\/www.anovapeneira.gal\\\/#\\\/schema\\\/person\\\/42f904d7cac80cf3f5a31494dd82a9b6\",\"name\":\"G. Figueiredo\",\"image\":{\"@type\":\"ImageObject\",\"inLanguage\":\"gl-ES\",\"@id\":\"https:\\\/\\\/secure.gravatar.com\\\/avatar\\\/2d970086688458e0398ef8b84f5cbb8cc1ec3ab115aeb8435135a9f556af97b3?s=96&d=mm&r=g\",\"url\":\"https:\\\/\\\/secure.gravatar.com\\\/avatar\\\/2d970086688458e0398ef8b84f5cbb8cc1ec3ab115aeb8435135a9f556af97b3?s=96&d=mm&r=g\",\"contentUrl\":\"https:\\\/\\\/secure.gravatar.com\\\/avatar\\\/2d970086688458e0398ef8b84f5cbb8cc1ec3ab115aeb8435135a9f556af97b3?s=96&d=mm&r=g\",\"caption\":\"G. Figueiredo\"},\"sameAs\":[\"http:\\\/\\\/www.anovapeneira.gal\\\/\"],\"url\":\"https:\\\/\\\/www.anovapeneira.gal\\\/index.php\\\/author\\\/g-figueiredo\\\/\"}]}<\/script>\n<!-- \/ Yoast SEO plugin. -->","yoast_head_json":{"title":"Galegos polo mundo VIII : Mauro Chivite desde Escocia -","robots":{"index":"index","follow":"follow","max-snippet":"max-snippet:-1","max-image-preview":"max-image-preview:large","max-video-preview":"max-video-preview:-1"},"canonical":"https:\/\/www.anovapeneira.gal\/index.php\/2024\/11\/15\/galegos-polo-mundo-viii-mauro-chivite-desde-escocia\/","og_locale":"gl_ES","og_type":"article","og_title":"Galegos polo mundo VIII : Mauro Chivite desde Escocia -","og_description":"G.Figueiredo Continuamos coa xeira de reportaxes con galegos e galegas, que est\u00e1n a vivir en distintos pa\u00edses do mundo, para co\u00f1ecer de primeira man as caracter\u00edsticas m\u00e1is significativas dos lugares que iremos descubrindo ao longo [...]","og_url":"https:\/\/www.anovapeneira.gal\/index.php\/2024\/11\/15\/galegos-polo-mundo-viii-mauro-chivite-desde-escocia\/","article_publisher":"https:\/\/www.facebook.com\/anovapeneira","article_published_time":"2024-11-15T09:00:14+00:00","article_modified_time":"2024-11-19T08:56:25+00:00","og_image":[{"width":720,"height":432,"url":"https:\/\/www.anovapeneira.gal\/wp-content\/uploads\/2024\/11\/mauro_chivite.jpg","type":"image\/jpeg"}],"author":"G. Figueiredo","twitter_card":"summary_large_image","twitter_creator":"@APeneira","twitter_site":"@APeneira","twitter_misc":{"Escrito por":"G. Figueiredo","Tempo de lectura":"3 minutos"},"schema":{"@context":"https:\/\/schema.org","@graph":[{"@type":"Article","@id":"https:\/\/www.anovapeneira.gal\/index.php\/2024\/11\/15\/galegos-polo-mundo-viii-mauro-chivite-desde-escocia\/#article","isPartOf":{"@id":"https:\/\/www.anovapeneira.gal\/index.php\/2024\/11\/15\/galegos-polo-mundo-viii-mauro-chivite-desde-escocia\/"},"author":{"name":"G. Figueiredo","@id":"https:\/\/www.anovapeneira.gal\/#\/schema\/person\/42f904d7cac80cf3f5a31494dd82a9b6"},"headline":"Galegos polo mundo VIII : Mauro Chivite desde Escocia","datePublished":"2024-11-15T09:00:14+00:00","dateModified":"2024-11-19T08:56:25+00:00","mainEntityOfPage":{"@id":"https:\/\/www.anovapeneira.gal\/index.php\/2024\/11\/15\/galegos-polo-mundo-viii-mauro-chivite-desde-escocia\/"},"wordCount":1435,"commentCount":0,"publisher":{"@id":"https:\/\/www.anovapeneira.gal\/#organization"},"image":{"@id":"https:\/\/www.anovapeneira.gal\/index.php\/2024\/11\/15\/galegos-polo-mundo-viii-mauro-chivite-desde-escocia\/#primaryimage"},"thumbnailUrl":"https:\/\/www.anovapeneira.gal\/wp-content\/uploads\/2024\/11\/mauro_chivite.jpg","keywords":["Galegos polo mundo"],"articleSection":["Reportaxes"],"inLanguage":"gl-ES","potentialAction":[{"@type":"CommentAction","name":"Comment","target":["https:\/\/www.anovapeneira.gal\/index.php\/2024\/11\/15\/galegos-polo-mundo-viii-mauro-chivite-desde-escocia\/#respond"]}]},{"@type":"WebPage","@id":"https:\/\/www.anovapeneira.gal\/index.php\/2024\/11\/15\/galegos-polo-mundo-viii-mauro-chivite-desde-escocia\/","url":"https:\/\/www.anovapeneira.gal\/index.php\/2024\/11\/15\/galegos-polo-mundo-viii-mauro-chivite-desde-escocia\/","name":"Galegos polo mundo VIII : Mauro Chivite desde Escocia -","isPartOf":{"@id":"https:\/\/www.anovapeneira.gal\/#website"},"primaryImageOfPage":{"@id":"https:\/\/www.anovapeneira.gal\/index.php\/2024\/11\/15\/galegos-polo-mundo-viii-mauro-chivite-desde-escocia\/#primaryimage"},"image":{"@id":"https:\/\/www.anovapeneira.gal\/index.php\/2024\/11\/15\/galegos-polo-mundo-viii-mauro-chivite-desde-escocia\/#primaryimage"},"thumbnailUrl":"https:\/\/www.anovapeneira.gal\/wp-content\/uploads\/2024\/11\/mauro_chivite.jpg","datePublished":"2024-11-15T09:00:14+00:00","dateModified":"2024-11-19T08:56:25+00:00","breadcrumb":{"@id":"https:\/\/www.anovapeneira.gal\/index.php\/2024\/11\/15\/galegos-polo-mundo-viii-mauro-chivite-desde-escocia\/#breadcrumb"},"inLanguage":"gl-ES","potentialAction":[{"@type":"ReadAction","target":["https:\/\/www.anovapeneira.gal\/index.php\/2024\/11\/15\/galegos-polo-mundo-viii-mauro-chivite-desde-escocia\/"]}]},{"@type":"ImageObject","inLanguage":"gl-ES","@id":"https:\/\/www.anovapeneira.gal\/index.php\/2024\/11\/15\/galegos-polo-mundo-viii-mauro-chivite-desde-escocia\/#primaryimage","url":"https:\/\/www.anovapeneira.gal\/wp-content\/uploads\/2024\/11\/mauro_chivite.jpg","contentUrl":"https:\/\/www.anovapeneira.gal\/wp-content\/uploads\/2024\/11\/mauro_chivite.jpg","width":720,"height":432,"caption":"Mauro Chivite"},{"@type":"BreadcrumbList","@id":"https:\/\/www.anovapeneira.gal\/index.php\/2024\/11\/15\/galegos-polo-mundo-viii-mauro-chivite-desde-escocia\/#breadcrumb","itemListElement":[{"@type":"ListItem","position":1,"name":"Portada","item":"https:\/\/www.anovapeneira.gal\/"},{"@type":"ListItem","position":2,"name":"Galegos polo mundo VIII : Mauro Chivite desde Escocia"}]},{"@type":"WebSite","@id":"https:\/\/www.anovapeneira.gal\/#website","url":"https:\/\/www.anovapeneira.gal\/","name":"","description":"Xornal galego de informaci\u00f3n xeral Publicaci\u00f3n mensual de novas de Galicia e en especial dos Concellos da sur da provincia de Pontevedra.","publisher":{"@id":"https:\/\/www.anovapeneira.gal\/#organization"},"potentialAction":[{"@type":"SearchAction","target":{"@type":"EntryPoint","urlTemplate":"https:\/\/www.anovapeneira.gal\/?s={search_term_string}"},"query-input":{"@type":"PropertyValueSpecification","valueRequired":true,"valueName":"search_term_string"}}],"inLanguage":"gl-ES"},{"@type":"Organization","@id":"https:\/\/www.anovapeneira.gal\/#organization","name":"A Nova Peneira","url":"https:\/\/www.anovapeneira.gal\/","logo":{"@type":"ImageObject","inLanguage":"gl-ES","@id":"https:\/\/www.anovapeneira.gal\/#\/schema\/logo\/image\/","url":"http:\/\/www.anovapeneira.gal\/wp-content\/uploads\/2019\/06\/logo_a_nova_peneira_portal_web.png","contentUrl":"http:\/\/www.anovapeneira.gal\/wp-content\/uploads\/2019\/06\/logo_a_nova_peneira_portal_web.png","width":300,"height":100,"caption":"A Nova Peneira"},"image":{"@id":"https:\/\/www.anovapeneira.gal\/#\/schema\/logo\/image\/"},"sameAs":["https:\/\/www.facebook.com\/anovapeneira","https:\/\/x.com\/APeneira"]},{"@type":"Person","@id":"https:\/\/www.anovapeneira.gal\/#\/schema\/person\/42f904d7cac80cf3f5a31494dd82a9b6","name":"G. Figueiredo","image":{"@type":"ImageObject","inLanguage":"gl-ES","@id":"https:\/\/secure.gravatar.com\/avatar\/2d970086688458e0398ef8b84f5cbb8cc1ec3ab115aeb8435135a9f556af97b3?s=96&d=mm&r=g","url":"https:\/\/secure.gravatar.com\/avatar\/2d970086688458e0398ef8b84f5cbb8cc1ec3ab115aeb8435135a9f556af97b3?s=96&d=mm&r=g","contentUrl":"https:\/\/secure.gravatar.com\/avatar\/2d970086688458e0398ef8b84f5cbb8cc1ec3ab115aeb8435135a9f556af97b3?s=96&d=mm&r=g","caption":"G. Figueiredo"},"sameAs":["http:\/\/www.anovapeneira.gal\/"],"url":"https:\/\/www.anovapeneira.gal\/index.php\/author\/g-figueiredo\/"}]}},"jetpack_featured_media_url":"https:\/\/www.anovapeneira.gal\/wp-content\/uploads\/2024\/11\/mauro_chivite.jpg","_links":{"self":[{"href":"https:\/\/www.anovapeneira.gal\/index.php\/wp-json\/wp\/v2\/posts\/12775","targetHints":{"allow":["GET"]}}],"collection":[{"href":"https:\/\/www.anovapeneira.gal\/index.php\/wp-json\/wp\/v2\/posts"}],"about":[{"href":"https:\/\/www.anovapeneira.gal\/index.php\/wp-json\/wp\/v2\/types\/post"}],"author":[{"embeddable":true,"href":"https:\/\/www.anovapeneira.gal\/index.php\/wp-json\/wp\/v2\/users\/17"}],"replies":[{"embeddable":true,"href":"https:\/\/www.anovapeneira.gal\/index.php\/wp-json\/wp\/v2\/comments?post=12775"}],"version-history":[{"count":5,"href":"https:\/\/www.anovapeneira.gal\/index.php\/wp-json\/wp\/v2\/posts\/12775\/revisions"}],"predecessor-version":[{"id":12821,"href":"https:\/\/www.anovapeneira.gal\/index.php\/wp-json\/wp\/v2\/posts\/12775\/revisions\/12821"}],"wp:featuredmedia":[{"embeddable":true,"href":"https:\/\/www.anovapeneira.gal\/index.php\/wp-json\/wp\/v2\/media\/12776"}],"wp:attachment":[{"href":"https:\/\/www.anovapeneira.gal\/index.php\/wp-json\/wp\/v2\/media?parent=12775"}],"wp:term":[{"taxonomy":"category","embeddable":true,"href":"https:\/\/www.anovapeneira.gal\/index.php\/wp-json\/wp\/v2\/categories?post=12775"},{"taxonomy":"post_tag","embeddable":true,"href":"https:\/\/www.anovapeneira.gal\/index.php\/wp-json\/wp\/v2\/tags?post=12775"}],"curies":[{"name":"wp","href":"https:\/\/api.w.org\/{rel}","templated":true}]}}