{"id":12779,"date":"2024-11-15T12:00:02","date_gmt":"2024-11-15T11:00:02","guid":{"rendered":"https:\/\/www.anovapeneira.gal\/?p=12779"},"modified":"2024-11-13T09:52:00","modified_gmt":"2024-11-13T08:52:00","slug":"podemos-na-sua-encrucillada","status":"publish","type":"post","link":"https:\/\/www.anovapeneira.gal\/index.php\/2024\/11\/15\/podemos-na-sua-encrucillada\/","title":{"rendered":"Podemos na s\u00faa encrucillada"},"content":{"rendered":"\n<pre class=\"wp-block-verse\">Gonzalo Busqu\u00e9: Militante de Podemos Galiza<\/pre>\n\n\n\n<p>O fil\u00f3sofo alem\u00e1n R. Koselleck na s\u00faa obra \u201cO traballo da memoria\u201d explora a relaci\u00f3n entre o pasado e o futuro, destacando a importancia da memoria e as consecuencias do seu esquecemento na construci\u00f3n do futuro, o cal non est\u00e1 predeterminado, sen\u00f3n que se constr\u00fae a partir do co\u00f1ecemento do pasado e do presente.<\/p>\n\n\n\n<p>Fagamos por tanto un exercicio de memoria sobre o pasado e po\u00f1amos o acento sobre o presente de Podemos Galicia para poder mirar cun certo optimismo ese futuro.<\/p>\n\n\n\n<p>Unha an\u00e1lise moi por encima do primeiro, m\u00f3stranos que unha ferramenta pensada como construtora dunha nova realidade pol\u00edtica, se perverte cando en lugar de ser un elemento transformador conv\u00e9rtese nun campo de batalla por quen o ve non como unha oportunidade de cambio pol\u00edtico, sen\u00f3n como unha oportunidade de vida, o que require ir apartando aqueles elementos que poden supo\u00f1er un obst\u00e1culo para as s\u00faas ambici\u00f3ns persoais. E as\u00ed, un espazo de traballo colectivo se descapitaliza expulsando aos elementos intelectualmente m\u00e1is brillantes para que o seu lugar o ocupen os mediocres. O obxectivo \u00e9 claro, onde case ningu\u00e9n pensa, ningu\u00e9n se opon a derivas pol\u00edticas como as vividas no interior do noso partido a\u00ednda non fai moito e impulsadas pola maior\u00eda da direcci\u00f3n pol\u00edtica anterior, rotundamente contestada pola minor\u00eda e o conxunto da militancia. Non se constr\u00fae organizaci\u00f3n territorial ou esta existe s\u00f3 como unha trampa visual, non se fala ou faise pol\u00edtica para a xente, s\u00f3 importan as cadeiras e que non as ocupen outros que te\u00f1an unha visi\u00f3n diferente que enra\u00edce coas necesidades da sociedade galega, Pero a xente non esquece e os resultados da memoria colectiva m\u00f3stranse con toda crueza nas diferentes citas electorais, e os n\u00fameros non enganan. En ult\u00edmalas elecci\u00f3ns municipais contabil\u00edzanse apenas 2.383 votos e nas auton\u00f3micas, con I.Faraldo, \u00faltimo elemento sobrevivente dese pasado, como cabeza de cartel, 3.854.<\/p>\n\n\n\n<p>Como desfacer ese n\u00f3 Gordiano? S\u00f3 existe unha f\u00f3rmula, rompendo con ese pasado para ter a posibilidade dun futuro. E os \u00fanicos que o poden constru\u00edr son persoas como as que se agrupan ao redor de Charo Varela, cabeza de lista de Rexurdir Galicia ao CCG de Podemos Galicia nas s\u00faas primarias internas. Persoas que non estiveron ligadas a todo o anterior e que non se puxeron perfil ante o intento de dilu\u00edlo nun espazo baleiro de contido hoxe en franca decadencia e deron a cara para preservar a identidade do partido, de persoas que creen nun proxecto de construci\u00f3n colectiva horizontal e participativa no que ningu\u00e9n sobra, un lugar de militancia amable, feminista, republicano, antimilitarista, un lugar no que se pense e f\u00e1gase pol\u00edtica pensando na xente, no que se traballe para preparar ao noso pa\u00eds ante un escenario no que falar de decrecemento \u00e9 unha necesidade ineludible para poder ter un futuro digno, para abordar as necesidades de mobilidade dunha poboaci\u00f3n envellecida, dunha ecolox\u00eda que ante o inevitable cambio clim\u00e1tico enfr\u00f3ntese \u00e1 depredaci\u00f3n do noso territorio, de vivenda ao alcance de todos, de igualdade de oportunidades, de que o noso idioma non desapareza e de tantas cousas que fan a lista interminable. E para que iso sexa posible, traballar, traballar e volver traballar en constru\u00edr organizaci\u00f3n.<\/p>\n\n\n\n<p>O futuro de Podemos Galicia est\u00e1, loxicamente, ligado ao futuro do partido a nivel estatal. Un Podemos que debe asumir tam\u00e9n como algo urxente a implantaci\u00f3n territorial para poder manterse e crecer como case a \u00fanica forza impugnatoria do relato sobre o R\u00e9xime do 78 ao que se lle ven as costuras e facelo nun contexto desfavorable no que o trumpismo pol\u00edtico, como arma dun capitalismo ao que a democracia liberal xa non lle serve, e que vai cami\u00f1ando sen descanso cara a r\u00e9ximes de guerra autoritarios, ten futuro. \u00c1 falar de constru\u00edr unidade na esquerda entendemos que iso pasa por po\u00f1er por diante unha gran conversaci\u00f3n con outras forzas desde o respecto e a igualdade, facelo preferentemente cos movementos sociais e facelo desde o enfrontamento ideol\u00f3xico ante as forzas reaccionarias que hoxe dominan o discurso hexem\u00f3nico a nivel estatal e mundial, facelo sen morneza, sen po\u00f1erse a ouvear onda os lobos para que estes non te coman. \u00c9 a\u00ed, nese escenario onde Podemos, cun discurso coherente e radical sobre feminismo e coidados, rep\u00fablica, tam\u00e9n como impulsor de dereitos sociais e igualdade, coa bandeira da paz como alternativa \u00e1 resoluci\u00f3n de conflitos mediante a guerra, co as s\u00faas alianzas internacionais, e niso est\u00e1.<\/p>\n\n\n\n<p>Si, Podemos ten futuro.<\/p>\n","protected":false},"excerpt":{"rendered":"<div class=\"mh-excerpt\"><p>O fil\u00f3sofo alem\u00e1n R. Koselleck na s\u00faa obra \u201cO traballo da memoria\u201d explora a relaci\u00f3n entre o pasado e o futuro, destacando a importancia da memoria e as consecuencias do seu esquecemento na construci\u00f3n do futuro <a class=\"mh-excerpt-more\" href=\"https:\/\/www.anovapeneira.gal\/index.php\/2024\/11\/15\/podemos-na-sua-encrucillada\/\" title=\"Podemos na s\u00faa encrucillada\">[&#8230;]<\/a><\/p>\n<\/div>","protected":false},"author":1,"featured_media":12780,"comment_status":"open","ping_status":"open","sticky":false,"template":"","format":"standard","meta":{"_exactmetrics_skip_tracking":false,"_exactmetrics_sitenote_active":false,"_exactmetrics_sitenote_note":"","_exactmetrics_sitenote_category":0,"footnotes":""},"categories":[7],"tags":[1433],"class_list":{"0":"post-12779","1":"post","2":"type-post","3":"status-publish","4":"format-standard","5":"has-post-thumbnail","7":"category-artigos-de-opinion","8":"tag-gonzalo-busque"},"yoast_head":"<!-- This site is optimized with the Yoast SEO plugin v27.4 - https:\/\/yoast.com\/product\/yoast-seo-wordpress\/ -->\n<title>Podemos na s\u00faa encrucillada -<\/title>\n<meta name=\"robots\" content=\"index, follow, max-snippet:-1, max-image-preview:large, max-video-preview:-1\" \/>\n<link rel=\"canonical\" href=\"https:\/\/www.anovapeneira.gal\/index.php\/2024\/11\/15\/podemos-na-sua-encrucillada\/\" \/>\n<meta property=\"og:locale\" content=\"gl_ES\" \/>\n<meta property=\"og:type\" content=\"article\" \/>\n<meta property=\"og:title\" content=\"Podemos na s\u00faa encrucillada -\" \/>\n<meta property=\"og:description\" content=\"O fil\u00f3sofo alem\u00e1n R. Koselleck na s\u00faa obra \u201cO traballo da memoria\u201d explora a relaci\u00f3n entre o pasado e o futuro, destacando a importancia da memoria e as consecuencias do seu esquecemento na construci\u00f3n do futuro [...]\" \/>\n<meta property=\"og:url\" content=\"https:\/\/www.anovapeneira.gal\/index.php\/2024\/11\/15\/podemos-na-sua-encrucillada\/\" \/>\n<meta property=\"article:publisher\" content=\"https:\/\/www.facebook.com\/anovapeneira\" \/>\n<meta property=\"article:author\" content=\"https:\/\/www.facebook.com\/anovapeneira\/\" \/>\n<meta property=\"article:published_time\" content=\"2024-11-15T11:00:02+00:00\" \/>\n<meta property=\"og:image\" content=\"https:\/\/www.anovapeneira.gal\/wp-content\/uploads\/2024\/11\/gonzalo_busque.jpg\" \/>\n\t<meta property=\"og:image:width\" content=\"720\" \/>\n\t<meta property=\"og:image:height\" content=\"432\" \/>\n\t<meta property=\"og:image:type\" content=\"image\/jpeg\" \/>\n<meta name=\"author\" content=\"admin\" \/>\n<meta name=\"twitter:card\" content=\"summary_large_image\" \/>\n<meta name=\"twitter:creator\" content=\"@APeneira\" \/>\n<meta name=\"twitter:site\" content=\"@APeneira\" \/>\n<meta name=\"twitter:label1\" content=\"Escrito por\" \/>\n\t<meta name=\"twitter:data1\" content=\"admin\" \/>\n\t<meta name=\"twitter:label2\" content=\"Tempo de lectura\" \/>\n\t<meta name=\"twitter:data2\" content=\"5 minutos\" \/>\n<script type=\"application\/ld+json\" class=\"yoast-schema-graph\">{\"@context\":\"https:\\\/\\\/schema.org\",\"@graph\":[{\"@type\":\"Article\",\"@id\":\"https:\\\/\\\/www.anovapeneira.gal\\\/index.php\\\/2024\\\/11\\\/15\\\/podemos-na-sua-encrucillada\\\/#article\",\"isPartOf\":{\"@id\":\"https:\\\/\\\/www.anovapeneira.gal\\\/index.php\\\/2024\\\/11\\\/15\\\/podemos-na-sua-encrucillada\\\/\"},\"author\":{\"name\":\"admin\",\"@id\":\"https:\\\/\\\/www.anovapeneira.gal\\\/#\\\/schema\\\/person\\\/fb77575328c93684dae4b0075f90c2cb\"},\"headline\":\"Podemos na s\u00faa encrucillada\",\"datePublished\":\"2024-11-15T11:00:02+00:00\",\"mainEntityOfPage\":{\"@id\":\"https:\\\/\\\/www.anovapeneira.gal\\\/index.php\\\/2024\\\/11\\\/15\\\/podemos-na-sua-encrucillada\\\/\"},\"wordCount\":801,\"commentCount\":0,\"publisher\":{\"@id\":\"https:\\\/\\\/www.anovapeneira.gal\\\/#organization\"},\"image\":{\"@id\":\"https:\\\/\\\/www.anovapeneira.gal\\\/index.php\\\/2024\\\/11\\\/15\\\/podemos-na-sua-encrucillada\\\/#primaryimage\"},\"thumbnailUrl\":\"https:\\\/\\\/www.anovapeneira.gal\\\/wp-content\\\/uploads\\\/2024\\\/11\\\/gonzalo_busque.jpg\",\"keywords\":[\"Gonzalo Busqu\u00e9\"],\"articleSection\":[\"Artigos de opini\u00f3n\"],\"inLanguage\":\"gl-ES\",\"potentialAction\":[{\"@type\":\"CommentAction\",\"name\":\"Comment\",\"target\":[\"https:\\\/\\\/www.anovapeneira.gal\\\/index.php\\\/2024\\\/11\\\/15\\\/podemos-na-sua-encrucillada\\\/#respond\"]}]},{\"@type\":\"WebPage\",\"@id\":\"https:\\\/\\\/www.anovapeneira.gal\\\/index.php\\\/2024\\\/11\\\/15\\\/podemos-na-sua-encrucillada\\\/\",\"url\":\"https:\\\/\\\/www.anovapeneira.gal\\\/index.php\\\/2024\\\/11\\\/15\\\/podemos-na-sua-encrucillada\\\/\",\"name\":\"Podemos na s\u00faa encrucillada -\",\"isPartOf\":{\"@id\":\"https:\\\/\\\/www.anovapeneira.gal\\\/#website\"},\"primaryImageOfPage\":{\"@id\":\"https:\\\/\\\/www.anovapeneira.gal\\\/index.php\\\/2024\\\/11\\\/15\\\/podemos-na-sua-encrucillada\\\/#primaryimage\"},\"image\":{\"@id\":\"https:\\\/\\\/www.anovapeneira.gal\\\/index.php\\\/2024\\\/11\\\/15\\\/podemos-na-sua-encrucillada\\\/#primaryimage\"},\"thumbnailUrl\":\"https:\\\/\\\/www.anovapeneira.gal\\\/wp-content\\\/uploads\\\/2024\\\/11\\\/gonzalo_busque.jpg\",\"datePublished\":\"2024-11-15T11:00:02+00:00\",\"breadcrumb\":{\"@id\":\"https:\\\/\\\/www.anovapeneira.gal\\\/index.php\\\/2024\\\/11\\\/15\\\/podemos-na-sua-encrucillada\\\/#breadcrumb\"},\"inLanguage\":\"gl-ES\",\"potentialAction\":[{\"@type\":\"ReadAction\",\"target\":[\"https:\\\/\\\/www.anovapeneira.gal\\\/index.php\\\/2024\\\/11\\\/15\\\/podemos-na-sua-encrucillada\\\/\"]}]},{\"@type\":\"ImageObject\",\"inLanguage\":\"gl-ES\",\"@id\":\"https:\\\/\\\/www.anovapeneira.gal\\\/index.php\\\/2024\\\/11\\\/15\\\/podemos-na-sua-encrucillada\\\/#primaryimage\",\"url\":\"https:\\\/\\\/www.anovapeneira.gal\\\/wp-content\\\/uploads\\\/2024\\\/11\\\/gonzalo_busque.jpg\",\"contentUrl\":\"https:\\\/\\\/www.anovapeneira.gal\\\/wp-content\\\/uploads\\\/2024\\\/11\\\/gonzalo_busque.jpg\",\"width\":720,\"height\":432,\"caption\":\"Gonzalo Busqu\u00e9\"},{\"@type\":\"BreadcrumbList\",\"@id\":\"https:\\\/\\\/www.anovapeneira.gal\\\/index.php\\\/2024\\\/11\\\/15\\\/podemos-na-sua-encrucillada\\\/#breadcrumb\",\"itemListElement\":[{\"@type\":\"ListItem\",\"position\":1,\"name\":\"Portada\",\"item\":\"https:\\\/\\\/www.anovapeneira.gal\\\/\"},{\"@type\":\"ListItem\",\"position\":2,\"name\":\"Podemos na s\u00faa encrucillada\"}]},{\"@type\":\"WebSite\",\"@id\":\"https:\\\/\\\/www.anovapeneira.gal\\\/#website\",\"url\":\"https:\\\/\\\/www.anovapeneira.gal\\\/\",\"name\":\"\",\"description\":\"Xornal galego de informaci\u00f3n xeral Publicaci\u00f3n mensual de novas de Galicia e en especial dos Concellos da sur da provincia de Pontevedra.\",\"publisher\":{\"@id\":\"https:\\\/\\\/www.anovapeneira.gal\\\/#organization\"},\"potentialAction\":[{\"@type\":\"SearchAction\",\"target\":{\"@type\":\"EntryPoint\",\"urlTemplate\":\"https:\\\/\\\/www.anovapeneira.gal\\\/?s={search_term_string}\"},\"query-input\":{\"@type\":\"PropertyValueSpecification\",\"valueRequired\":true,\"valueName\":\"search_term_string\"}}],\"inLanguage\":\"gl-ES\"},{\"@type\":\"Organization\",\"@id\":\"https:\\\/\\\/www.anovapeneira.gal\\\/#organization\",\"name\":\"A Nova Peneira\",\"url\":\"https:\\\/\\\/www.anovapeneira.gal\\\/\",\"logo\":{\"@type\":\"ImageObject\",\"inLanguage\":\"gl-ES\",\"@id\":\"https:\\\/\\\/www.anovapeneira.gal\\\/#\\\/schema\\\/logo\\\/image\\\/\",\"url\":\"http:\\\/\\\/www.anovapeneira.gal\\\/wp-content\\\/uploads\\\/2019\\\/06\\\/logo_a_nova_peneira_portal_web.png\",\"contentUrl\":\"http:\\\/\\\/www.anovapeneira.gal\\\/wp-content\\\/uploads\\\/2019\\\/06\\\/logo_a_nova_peneira_portal_web.png\",\"width\":300,\"height\":100,\"caption\":\"A Nova Peneira\"},\"image\":{\"@id\":\"https:\\\/\\\/www.anovapeneira.gal\\\/#\\\/schema\\\/logo\\\/image\\\/\"},\"sameAs\":[\"https:\\\/\\\/www.facebook.com\\\/anovapeneira\",\"https:\\\/\\\/x.com\\\/APeneira\"]},{\"@type\":\"Person\",\"@id\":\"https:\\\/\\\/www.anovapeneira.gal\\\/#\\\/schema\\\/person\\\/fb77575328c93684dae4b0075f90c2cb\",\"name\":\"admin\",\"image\":{\"@type\":\"ImageObject\",\"inLanguage\":\"gl-ES\",\"@id\":\"https:\\\/\\\/secure.gravatar.com\\\/avatar\\\/df15c36ce375448325e0bc870e91bbee95947a002eb98dcfd6c2b053e18843e9?s=96&d=mm&r=g\",\"url\":\"https:\\\/\\\/secure.gravatar.com\\\/avatar\\\/df15c36ce375448325e0bc870e91bbee95947a002eb98dcfd6c2b053e18843e9?s=96&d=mm&r=g\",\"contentUrl\":\"https:\\\/\\\/secure.gravatar.com\\\/avatar\\\/df15c36ce375448325e0bc870e91bbee95947a002eb98dcfd6c2b053e18843e9?s=96&d=mm&r=g\",\"caption\":\"admin\"},\"description\":\"Xornal galego de informaci\u00f3n xeral Publicaci\u00f3n mensual de novas de Galicia e en especial dos Concellos da sur da provincia de Pontevedra.\",\"sameAs\":[\"http:\\\/\\\/www.anovapeneira.gal\\\/\",\"https:\\\/\\\/www.facebook.com\\\/anovapeneira\\\/\"],\"url\":\"https:\\\/\\\/www.anovapeneira.gal\\\/index.php\\\/author\\\/admin\\\/\"}]}<\/script>\n<!-- \/ Yoast SEO plugin. -->","yoast_head_json":{"title":"Podemos na s\u00faa encrucillada -","robots":{"index":"index","follow":"follow","max-snippet":"max-snippet:-1","max-image-preview":"max-image-preview:large","max-video-preview":"max-video-preview:-1"},"canonical":"https:\/\/www.anovapeneira.gal\/index.php\/2024\/11\/15\/podemos-na-sua-encrucillada\/","og_locale":"gl_ES","og_type":"article","og_title":"Podemos na s\u00faa encrucillada -","og_description":"O fil\u00f3sofo alem\u00e1n R. Koselleck na s\u00faa obra \u201cO traballo da memoria\u201d explora a relaci\u00f3n entre o pasado e o futuro, destacando a importancia da memoria e as consecuencias do seu esquecemento na construci\u00f3n do futuro [...]","og_url":"https:\/\/www.anovapeneira.gal\/index.php\/2024\/11\/15\/podemos-na-sua-encrucillada\/","article_publisher":"https:\/\/www.facebook.com\/anovapeneira","article_author":"https:\/\/www.facebook.com\/anovapeneira\/","article_published_time":"2024-11-15T11:00:02+00:00","og_image":[{"width":720,"height":432,"url":"https:\/\/www.anovapeneira.gal\/wp-content\/uploads\/2024\/11\/gonzalo_busque.jpg","type":"image\/jpeg"}],"author":"admin","twitter_card":"summary_large_image","twitter_creator":"@APeneira","twitter_site":"@APeneira","twitter_misc":{"Escrito por":"admin","Tempo de lectura":"5 minutos"},"schema":{"@context":"https:\/\/schema.org","@graph":[{"@type":"Article","@id":"https:\/\/www.anovapeneira.gal\/index.php\/2024\/11\/15\/podemos-na-sua-encrucillada\/#article","isPartOf":{"@id":"https:\/\/www.anovapeneira.gal\/index.php\/2024\/11\/15\/podemos-na-sua-encrucillada\/"},"author":{"name":"admin","@id":"https:\/\/www.anovapeneira.gal\/#\/schema\/person\/fb77575328c93684dae4b0075f90c2cb"},"headline":"Podemos na s\u00faa encrucillada","datePublished":"2024-11-15T11:00:02+00:00","mainEntityOfPage":{"@id":"https:\/\/www.anovapeneira.gal\/index.php\/2024\/11\/15\/podemos-na-sua-encrucillada\/"},"wordCount":801,"commentCount":0,"publisher":{"@id":"https:\/\/www.anovapeneira.gal\/#organization"},"image":{"@id":"https:\/\/www.anovapeneira.gal\/index.php\/2024\/11\/15\/podemos-na-sua-encrucillada\/#primaryimage"},"thumbnailUrl":"https:\/\/www.anovapeneira.gal\/wp-content\/uploads\/2024\/11\/gonzalo_busque.jpg","keywords":["Gonzalo Busqu\u00e9"],"articleSection":["Artigos de opini\u00f3n"],"inLanguage":"gl-ES","potentialAction":[{"@type":"CommentAction","name":"Comment","target":["https:\/\/www.anovapeneira.gal\/index.php\/2024\/11\/15\/podemos-na-sua-encrucillada\/#respond"]}]},{"@type":"WebPage","@id":"https:\/\/www.anovapeneira.gal\/index.php\/2024\/11\/15\/podemos-na-sua-encrucillada\/","url":"https:\/\/www.anovapeneira.gal\/index.php\/2024\/11\/15\/podemos-na-sua-encrucillada\/","name":"Podemos na s\u00faa encrucillada -","isPartOf":{"@id":"https:\/\/www.anovapeneira.gal\/#website"},"primaryImageOfPage":{"@id":"https:\/\/www.anovapeneira.gal\/index.php\/2024\/11\/15\/podemos-na-sua-encrucillada\/#primaryimage"},"image":{"@id":"https:\/\/www.anovapeneira.gal\/index.php\/2024\/11\/15\/podemos-na-sua-encrucillada\/#primaryimage"},"thumbnailUrl":"https:\/\/www.anovapeneira.gal\/wp-content\/uploads\/2024\/11\/gonzalo_busque.jpg","datePublished":"2024-11-15T11:00:02+00:00","breadcrumb":{"@id":"https:\/\/www.anovapeneira.gal\/index.php\/2024\/11\/15\/podemos-na-sua-encrucillada\/#breadcrumb"},"inLanguage":"gl-ES","potentialAction":[{"@type":"ReadAction","target":["https:\/\/www.anovapeneira.gal\/index.php\/2024\/11\/15\/podemos-na-sua-encrucillada\/"]}]},{"@type":"ImageObject","inLanguage":"gl-ES","@id":"https:\/\/www.anovapeneira.gal\/index.php\/2024\/11\/15\/podemos-na-sua-encrucillada\/#primaryimage","url":"https:\/\/www.anovapeneira.gal\/wp-content\/uploads\/2024\/11\/gonzalo_busque.jpg","contentUrl":"https:\/\/www.anovapeneira.gal\/wp-content\/uploads\/2024\/11\/gonzalo_busque.jpg","width":720,"height":432,"caption":"Gonzalo Busqu\u00e9"},{"@type":"BreadcrumbList","@id":"https:\/\/www.anovapeneira.gal\/index.php\/2024\/11\/15\/podemos-na-sua-encrucillada\/#breadcrumb","itemListElement":[{"@type":"ListItem","position":1,"name":"Portada","item":"https:\/\/www.anovapeneira.gal\/"},{"@type":"ListItem","position":2,"name":"Podemos na s\u00faa encrucillada"}]},{"@type":"WebSite","@id":"https:\/\/www.anovapeneira.gal\/#website","url":"https:\/\/www.anovapeneira.gal\/","name":"","description":"Xornal galego de informaci\u00f3n xeral Publicaci\u00f3n mensual de novas de Galicia e en especial dos Concellos da sur da provincia de Pontevedra.","publisher":{"@id":"https:\/\/www.anovapeneira.gal\/#organization"},"potentialAction":[{"@type":"SearchAction","target":{"@type":"EntryPoint","urlTemplate":"https:\/\/www.anovapeneira.gal\/?s={search_term_string}"},"query-input":{"@type":"PropertyValueSpecification","valueRequired":true,"valueName":"search_term_string"}}],"inLanguage":"gl-ES"},{"@type":"Organization","@id":"https:\/\/www.anovapeneira.gal\/#organization","name":"A Nova Peneira","url":"https:\/\/www.anovapeneira.gal\/","logo":{"@type":"ImageObject","inLanguage":"gl-ES","@id":"https:\/\/www.anovapeneira.gal\/#\/schema\/logo\/image\/","url":"http:\/\/www.anovapeneira.gal\/wp-content\/uploads\/2019\/06\/logo_a_nova_peneira_portal_web.png","contentUrl":"http:\/\/www.anovapeneira.gal\/wp-content\/uploads\/2019\/06\/logo_a_nova_peneira_portal_web.png","width":300,"height":100,"caption":"A Nova Peneira"},"image":{"@id":"https:\/\/www.anovapeneira.gal\/#\/schema\/logo\/image\/"},"sameAs":["https:\/\/www.facebook.com\/anovapeneira","https:\/\/x.com\/APeneira"]},{"@type":"Person","@id":"https:\/\/www.anovapeneira.gal\/#\/schema\/person\/fb77575328c93684dae4b0075f90c2cb","name":"admin","image":{"@type":"ImageObject","inLanguage":"gl-ES","@id":"https:\/\/secure.gravatar.com\/avatar\/df15c36ce375448325e0bc870e91bbee95947a002eb98dcfd6c2b053e18843e9?s=96&d=mm&r=g","url":"https:\/\/secure.gravatar.com\/avatar\/df15c36ce375448325e0bc870e91bbee95947a002eb98dcfd6c2b053e18843e9?s=96&d=mm&r=g","contentUrl":"https:\/\/secure.gravatar.com\/avatar\/df15c36ce375448325e0bc870e91bbee95947a002eb98dcfd6c2b053e18843e9?s=96&d=mm&r=g","caption":"admin"},"description":"Xornal galego de informaci\u00f3n xeral Publicaci\u00f3n mensual de novas de Galicia e en especial dos Concellos da sur da provincia de Pontevedra.","sameAs":["http:\/\/www.anovapeneira.gal\/","https:\/\/www.facebook.com\/anovapeneira\/"],"url":"https:\/\/www.anovapeneira.gal\/index.php\/author\/admin\/"}]}},"jetpack_featured_media_url":"https:\/\/www.anovapeneira.gal\/wp-content\/uploads\/2024\/11\/gonzalo_busque.jpg","_links":{"self":[{"href":"https:\/\/www.anovapeneira.gal\/index.php\/wp-json\/wp\/v2\/posts\/12779","targetHints":{"allow":["GET"]}}],"collection":[{"href":"https:\/\/www.anovapeneira.gal\/index.php\/wp-json\/wp\/v2\/posts"}],"about":[{"href":"https:\/\/www.anovapeneira.gal\/index.php\/wp-json\/wp\/v2\/types\/post"}],"author":[{"embeddable":true,"href":"https:\/\/www.anovapeneira.gal\/index.php\/wp-json\/wp\/v2\/users\/1"}],"replies":[{"embeddable":true,"href":"https:\/\/www.anovapeneira.gal\/index.php\/wp-json\/wp\/v2\/comments?post=12779"}],"version-history":[{"count":1,"href":"https:\/\/www.anovapeneira.gal\/index.php\/wp-json\/wp\/v2\/posts\/12779\/revisions"}],"predecessor-version":[{"id":12781,"href":"https:\/\/www.anovapeneira.gal\/index.php\/wp-json\/wp\/v2\/posts\/12779\/revisions\/12781"}],"wp:featuredmedia":[{"embeddable":true,"href":"https:\/\/www.anovapeneira.gal\/index.php\/wp-json\/wp\/v2\/media\/12780"}],"wp:attachment":[{"href":"https:\/\/www.anovapeneira.gal\/index.php\/wp-json\/wp\/v2\/media?parent=12779"}],"wp:term":[{"taxonomy":"category","embeddable":true,"href":"https:\/\/www.anovapeneira.gal\/index.php\/wp-json\/wp\/v2\/categories?post=12779"},{"taxonomy":"post_tag","embeddable":true,"href":"https:\/\/www.anovapeneira.gal\/index.php\/wp-json\/wp\/v2\/tags?post=12779"}],"curies":[{"name":"wp","href":"https:\/\/api.w.org\/{rel}","templated":true}]}}