{"id":12782,"date":"2024-11-18T10:00:03","date_gmt":"2024-11-18T09:00:03","guid":{"rendered":"https:\/\/www.anovapeneira.gal\/?p=12782"},"modified":"2024-11-13T10:03:21","modified_gmt":"2024-11-13T09:03:21","slug":"javier-bas-presidente-do-pp-de-redondela-3","status":"publish","type":"post","link":"https:\/\/www.anovapeneira.gal\/index.php\/2024\/11\/18\/javier-bas-presidente-do-pp-de-redondela-3\/","title":{"rendered":"Javier Bas, Presidente do PP de Redondela"},"content":{"rendered":"\n<pre class=\"wp-block-verse\">Marcos Santos e Tino Lago<\/pre>\n\n\n\n<p><strong>Redondela \u00e9 un dos Concellos nos que ANP ten unha penetraci\u00f3n m\u00e1is significativa.Esta localidade est\u00e1 nun momento pol\u00edtico de especial tensi\u00f3n e n\u00f3s imos co\u00f1ecer desde agora, e nas sucesivas edici\u00f3ns da nosa publicaci\u00f3n, as valoraci\u00f3ns dos representantes de todos os partidos da corporaci\u00f3n.Comezamos falando co popular Javier Bas.<\/strong><\/p>\n\n\n\n<p>\u201c<strong>O problema de Digna Rivas non \u00e9 de vontade, \u00e9 de incapacidade\u201d<\/strong><\/p>\n\n\n\n<p><strong>A \u00faltima vez que falamos, hai uns meses, dixeras que a t\u00faa valoraci\u00f3n do goberno municipal de Redondela era catastr\u00f3fica. A d\u00eda de hoxe como \u00e9?<\/strong><\/p>\n\n\n\n<blockquote class=\"wp-block-quote is-layout-flow wp-block-quote-is-layout-flow\">\n<p>Peor que catastr\u00f3fica.<\/p>\n<\/blockquote>\n\n\n\n<p><strong>Por que?<\/strong><\/p>\n\n\n\n<blockquote class=\"wp-block-quote is-layout-flow wp-block-quote-is-layout-flow\">\n<p>Hoxe mesmo lemos na prensa como ao concelleiro de facenda se lle retiran \u00e1s s\u00faas funci\u00f3ns. Se o estivera facendo ben non estariamos nesa situaci\u00f3n. Os feitos danme a raz\u00f3n: Naquela entrevista eu d\u00edxenche que os pagos do Concello estaban intervidos pola administraci\u00f3n do estado. A alcaldesa negouno, nunha entrevista posterior no voso medio, mentindo de maneira descarada.<\/p>\n<\/blockquote>\n\n\n\n<p><strong>Naquela entrevista a alcaldesa atribu\u00edu os atrasos nos pagos das facturas a un problema inform\u00e1tico. Non existiu ese problema ?<\/strong><\/p>\n\n\n\n<blockquote class=\"wp-block-quote is-layout-flow wp-block-quote-is-layout-flow\">\n<p>Outra mentira m\u00e1is. O problema existiu, si. Pero \u00e9 de agosto do 2023, e os incumprimentos no per\u00edodo de pagos comezan en decembro do 22. Polo tanto resulta evidente que a inform\u00e1tica non \u00e9 a ra\u00edz do problema.<\/p>\n<\/blockquote>\n\n\n\n<p><strong>Cal \u00e9?<\/strong><\/p>\n\n\n\n<blockquote class=\"wp-block-quote is-layout-flow wp-block-quote-is-layout-flow\">\n<p>A nefasta xesti\u00f3n econ\u00f3mica do goberno municipal.<\/p>\n<\/blockquote>\n\n\n\n<p><strong>E logo, as facturas pendentes abo\u00e1ronse en moi pouco tempo?<\/strong><\/p>\n\n\n\n<blockquote class=\"wp-block-quote is-layout-flow wp-block-quote-is-layout-flow\">\n<p>Cont\u00e9stoche remitindo \u00e1 nota de prensa que tiramos en aquel momento: Se a alcaldesa considera que 1.000 d\u00edas para pagar as facturas \u00e9 unha boa nova apaga e v\u00e1monos. A alcaldesa di que ti\u00f1a liquidez , pero ese remanente non resulta da xesti\u00f3n econ\u00f3mica sen\u00f3n do feito de non ter pagado as facturas pasadas. Tam\u00e9n manifestou que unha vez que as pagara a d\u00e9beda ser\u00eda 0, e de novo volve mentir, pois unha vez pagadas a d\u00e9beda era de 800.000\u20ac .<\/p>\n<\/blockquote>\n\n\n\n<blockquote class=\"wp-block-quote is-layout-flow wp-block-quote-is-layout-flow\">\n<p>Para cubrir esa cantidade tivo que pedir un pr\u00e9stamo que foi o que se aprobou en pleno. Esa cantidade, que non \u00e9 menor, 800.000\u20ac resultan da ca\u00f3tica xesti\u00f3n econ\u00f3mica do goberno<\/p>\n<\/blockquote>\n\n\n\n<blockquote class=\"wp-block-quote is-layout-flow wp-block-quote-is-layout-flow\">\n<p>Ese pr\u00e9stamo obriga a que o Concello te\u00f1a que facer un plan de axuste, al\u00e9n de que perdemos subvenci\u00f3ns que aproveitan outros.<\/p>\n<\/blockquote>\n\n\n\n<p><strong>Que implica ese plan de axuste ao teu xu\u00edzo?<\/strong><\/p>\n\n\n\n<blockquote class=\"wp-block-quote is-layout-flow wp-block-quote-is-layout-flow\">\n<p>Temos que xustificar ante o ministerio que imos facer para que a situaci\u00f3n non se repita. E o goberno o que fai \u00e9 rebaixar os custes das horas extras e subir a taxa de lixo, pero a parte de gasto superfluo non a tocan. E iso que significa? Pois que a p\u00e9sima xesti\u00f3n de Digna Rivas vana pagar os veci\u00f1os coa estratosf\u00e9rica suba da taxa do lixo.<\/p>\n<\/blockquote>\n\n\n\n<p><strong>V\u00f3s votastes en contra dese pr\u00e9stamo de 800.000\u20ac, por que?.<\/strong><\/p>\n\n\n\n<blockquote class=\"wp-block-quote is-layout-flow wp-block-quote-is-layout-flow\">\n<p>N\u00f3s non podemos avalar que a p\u00e9sima xesti\u00f3n do goberno a pague a veci\u00f1anza. Eu pedinlle a dimisi\u00f3n e a partir de a\u00ed colaborariamos nunha f\u00f3rmula sensata para pagar esas facturas.<\/p>\n<\/blockquote>\n\n\n\n<p><strong>Que dimitira ela como alcaldesa?<\/strong><\/p>\n\n\n\n<blockquote class=\"wp-block-quote is-layout-flow wp-block-quote-is-layout-flow\">\n<p>Si, Digna Rivas non pode seguir dirixindo o Concello.<\/p>\n<\/blockquote>\n\n\n\n<p><strong>Val\u00edache calquera outra persoa no seu lugar?<\/strong><\/p>\n\n\n\n<blockquote class=\"wp-block-quote is-layout-flow wp-block-quote-is-layout-flow\">\n<p>Calquera outra persoa far\u00edao mellor con seguridade. O problema da alcaldesa non \u00e9 de vontade , o seu problema \u00e9 a s\u00faa incapacidade.<\/p>\n<\/blockquote>\n\n\n\n<p><strong>Eses 800.000\u20ac eran necesarios?<\/strong><\/p>\n\n\n\n<blockquote class=\"wp-block-quote is-layout-flow wp-block-quote-is-layout-flow\">\n<p>Si, eran necesarios para pagar as facturas pero non era a \u00fanica soluci\u00f3n. Hab\u00eda alternativa.<\/p>\n<\/blockquote>\n\n\n\n<p><strong>Cal?<\/strong><\/p>\n\n\n\n<blockquote class=\"wp-block-quote is-layout-flow wp-block-quote-is-layout-flow\">\n<p>Nestes anos Redondela superou o r\u00e9cord de ingresos tributarios por parte do estado, que tam\u00e9n podiamos dicir que con eses ingresos poder\u00eda ter xestionado moito mellor do que o fixo. O Goberno ti\u00f1a a a posibilidade de ter detra\u00eddo parte dese di\u00f1eiro para poder pagar esa d\u00e9beda.<\/p>\n<\/blockquote>\n\n\n\n<blockquote class=\"wp-block-quote is-layout-flow wp-block-quote-is-layout-flow\">\n<p>Cando n\u00f3s chegamos no 2011 ti\u00f1amos unha situaci\u00f3n moito peor: 2 mill\u00f3ns de \u20ac de facturas no caix\u00f3n, un endebedamento bancario de 11 mill\u00f3ns e unha crise econ\u00f3mica que non deixaba case marxe de manobra. E n\u00f3s nese contexto non subimos ning\u00fan imposto, ao contrario baixamos o Ibi, e os veci\u00f1os non tiveron que soportar no seu peto a soluci\u00f3n da delicada situaci\u00f3n econ\u00f3mica.<\/p>\n<\/blockquote>\n\n\n\n<p><strong>Como se conseguiu ent\u00f3n?<\/strong><\/p>\n\n\n\n<blockquote class=\"wp-block-quote is-layout-flow wp-block-quote-is-layout-flow\">\n<p>Con xesti\u00f3n.<\/p>\n<\/blockquote>\n\n\n\n<p><strong>Xa, pero en concreto con que xesti\u00f3n?<\/strong><\/p>\n\n\n\n<blockquote class=\"wp-block-quote is-layout-flow wp-block-quote-is-layout-flow\">\n<p>Reducindo gastos.<\/p>\n<\/blockquote>\n\n\n\n<p><strong>Que gastos?<\/strong><\/p>\n\n\n\n<blockquote class=\"wp-block-quote is-layout-flow wp-block-quote-is-layout-flow\">\n<p>Os privilexios que ti\u00f1an os partidos pol\u00edticos, e os salarios dos liberados.<\/p>\n<\/blockquote>\n\n\n\n<p><strong>Ti reduciches o teu salario persoal como alcalde?<\/strong><\/p>\n\n\n\n<blockquote class=\"wp-block-quote is-layout-flow wp-block-quote-is-layout-flow\">\n<p>Eu cando cheguei \u00e1 alcald\u00eda pasei a cobrar menos do que cobraba na empresa privada. Libre e voluntariamente, que quede claro. Pero as\u00ed entendo eu o servizo p\u00fablico. Nos meus dous mandatos reducimos aproximadamente 1 mill\u00f3n de \u20ac de d\u00e9beda ao ano<\/p>\n<\/blockquote>\n\n\n\n<p><strong>Non entendo eu como se pode reducir esa cantidade de d\u00e9beda s\u00f3 con contenci\u00f3n salarial?<\/strong><\/p>\n\n\n\n<blockquote class=\"wp-block-quote is-layout-flow wp-block-quote-is-layout-flow\">\n<p>Tam\u00e9n coa nosa capacidade para negociar coas administraci\u00f3ns convenios e actuaci\u00f3ns que foron enormemente beneficiosas para Redondela.<\/p>\n<\/blockquote>\n\n\n\n<p><strong>Con que administraci\u00f3ns?<\/strong><\/p>\n\n\n\n<blockquote class=\"wp-block-quote is-layout-flow wp-block-quote-is-layout-flow\">\n<p>Con todas.<\/p>\n<\/blockquote>\n\n\n\n<p><strong>A Xunta de Galicia trata igual a Redondela agora que cando ti eras alcalde?<\/strong><\/p>\n\n\n\n<blockquote class=\"wp-block-quote is-layout-flow wp-block-quote-is-layout-flow\">\n<p>Absolutamente si. O problema \u00e9 que ten que haber unha comunicaci\u00f3n flu\u00edda coa Xunta e non a hai.<\/p>\n<\/blockquote>\n\n\n\n<p><strong>E non a hai s\u00f3 do Concello coa Xunta, ou tampouco a hai da Xunta co Concello?<\/strong><\/p>\n\n\n\n<blockquote class=\"wp-block-quote is-layout-flow wp-block-quote-is-layout-flow\">\n<p>Cando estaba Xaime Rei a comunicaci\u00f3n Xunta Concello era boa. O problema \u00e9 Digna Rivas porque desenvolve unha pol\u00edtica de falta de lealdade institucional evidente.<\/p>\n<\/blockquote>\n\n\n\n<p><strong>Que significa \u201cfalta de lealdade institucional\u201d?<\/strong><\/p>\n\n\n\n<blockquote class=\"wp-block-quote is-layout-flow wp-block-quote-is-layout-flow\">\n<p>Pois por exemplo se hai unha reuni\u00f3n e se pactan determinados acordos sa\u00edr ao momento \u00e1 prensa a po\u00f1er a caldo \u00e1 persoa coa que acabas de acordar.<\/p>\n<\/blockquote>\n\n\n\n<p><strong>E iso cando pasou?<\/strong><\/p>\n\n\n\n<blockquote class=\"wp-block-quote is-layout-flow wp-block-quote-is-layout-flow\">\n<p>Era un exemplo do que pode ser deslealdade institucional. O que si pasa \u00e9 que est\u00e1 continuamente disparando contra a Xunta de maneira inxusta.<\/p>\n<\/blockquote>\n\n\n\n<p><strong>Dime un exemplo?<\/strong><\/p>\n\n\n\n<blockquote class=\"wp-block-quote is-layout-flow wp-block-quote-is-layout-flow\">\n<p>Un destes d\u00edas: Est\u00e1 reivindicando que se pilote o peirao de Cesantes, e na mi\u00f1a \u00e9poca xa hab\u00eda 1 mill\u00f3n de \u20ac para esa actuaci\u00f3n. Cando hai cambio de goberno e entra a actual alcaldesa di que non o quere facer.<\/p>\n<\/blockquote>\n\n\n\n<p><strong>Se hai algo que me gustou de ti \u00e9 que cando fuches alcalde, sabendo como sabes a li\u00f1a editorial de ANP e co\u00f1ecendo como co\u00f1eces o meu pensamento pol\u00edtico, sempre me sent\u00edn tratado de maneira xusta e respectuosa. Pero agora o que me parece entender \u00e9 que non hai boa relaci\u00f3n entre a Xunta e o Concello porque \u00e1 Xunta non lle gusta Digna Rivas. E a obriga de calquera administraci\u00f3n \u00e9 tratar por igual a todos os administrados con independencia de se lles gustan ou lles desgustan. \u00c9 as\u00ed?<\/strong><\/p>\n\n\n\n<blockquote class=\"wp-block-quote is-layout-flow wp-block-quote-is-layout-flow\">\n<p>Si, claro que \u00e9 as\u00ed. E \u00e9 exactamente as\u00ed como funciona a Xunta de Galicia.<\/p>\n<\/blockquote>\n\n\n\n<p><strong>No asunto da Avenida Mendi\u00f1o a Xunta est\u00e1 tratando a Redondela con xustiza?<\/strong><\/p>\n\n\n\n<blockquote class=\"wp-block-quote is-layout-flow wp-block-quote-is-layout-flow\">\n<p>Cando eu era alcalde aceptara un proxecto para actuar nesa avenida. Unha vez cambia o goberno o BNG presenta unha moci\u00f3n no parlamento rexeitando o devandito proxecto. O PSOE vota a favor desa moci\u00f3n e a Xunta decide non desenvolver un proxecto que Redondela non quere.<\/p>\n<\/blockquote>\n\n\n\n<blockquote class=\"wp-block-quote is-layout-flow wp-block-quote-is-layout-flow\">\n<p>A Xunta xa ten os cartos para actuar a\u00ed. Pero Redondela ten que facer o proxecto e licitar. Se cadra \u00e9 que prefiren ten a situaci\u00f3n parada para poder criticar \u00e1 Xunta.<\/p>\n<\/blockquote>\n\n\n\n<p><strong>Dic\u00edasme que a suba do lixo \u00e9 \u201c estratosf\u00e9rica\u201d?<\/strong><\/p>\n\n\n\n<blockquote class=\"wp-block-quote is-layout-flow wp-block-quote-is-layout-flow\">\n<p>Si, si que o \u00e9.<\/p>\n<\/blockquote>\n\n\n\n<p><strong>Pero todos os concellos galegos, ou polo menos moitos deles, van subir a taxa do lixo como consecuencia do encarecemento do canon de Sogama<\/strong><\/p>\n\n\n\n<blockquote class=\"wp-block-quote is-layout-flow wp-block-quote-is-layout-flow\">\n<p>Vamos ver: Primeiro hai que deixar claro que o canon de Sogama non sobe como consecuencia dun incremento da presi\u00f3n fiscal que faga a Xunta, iso \u00e9 falso, sobe como consecuencia do aumento dos impostos que nesa materia establece o goberno central. Imposto, que non estaba na obriga de subir, pois outros estados da UE non o fixeron.<\/p>\n<\/blockquote>\n\n\n\n<blockquote class=\"wp-block-quote is-layout-flow wp-block-quote-is-layout-flow\">\n<p>Aclarada esta importante cuesti\u00f3n, dicir que a suba de Sogama que lle corresponde a Redondela son 400.000\u20ac, dos que a Xunta financia, si, a Xunta que quede claro tam\u00e9n, unha parte moi importante, co que ao Concello s\u00f3 lle corresponder\u00eda asumir unha suba de 176.000\u20ac.<\/p>\n<\/blockquote>\n\n\n\n<blockquote class=\"wp-block-quote is-layout-flow wp-block-quote-is-layout-flow\">\n<p>O aumento da taxa de lixo, que eu considero que roza a confiscaci\u00f3n , vai supor 1,5 mill\u00f3ns de \u20ac adicionais que ter\u00e1 que pagar o pobo de Redondela, case 9 veces m\u00e1is do que efectivamente lle sobe ao Concello o que abona a Sogama. Polo tanto que a suba do lixo sexa unha consecuencia do canon de Sogama \u00e9 unha mentira m\u00e1is deste goberno. A suba do lixo no noso Concello fai pagar ao pobo de Redondela a inepcia do goberno en xeral e da alcaldesa en particular. De a\u00ed a nosa petici\u00f3n de dimisi\u00f3n.<\/p>\n<\/blockquote>\n\n\n\n<p><strong>Cando formulas esa petici\u00f3n de dimisi\u00f3n ti\u00f1as, honestamente, algunha expectativa de que a alcaldesa a levara a cabo?<\/strong><\/p>\n\n\n\n<blockquote class=\"wp-block-quote is-layout-flow wp-block-quote-is-layout-flow\">\n<p>Non.<\/p>\n<\/blockquote>\n\n\n\n<p><strong>Ent\u00f3n para que a fas?<\/strong><\/p>\n\n\n\n<blockquote class=\"wp-block-quote is-layout-flow wp-block-quote-is-layout-flow\">\n<p>Pois porque a mi\u00f1a obriga \u00e9 buscar o mellor para Redondela. E o mellor para Redondela \u00e9 que esta alcaldesa se vaia. Por outra parte al\u00e9n dunha confiscaci\u00f3n esta taxa \u00e9 irracional.<\/p>\n<\/blockquote>\n\n\n\n<p><strong>Por que?<\/strong><\/p>\n\n\n\n<blockquote class=\"wp-block-quote is-layout-flow wp-block-quote-is-layout-flow\">\n<p>Porque a parte variable non se vai cobrar en funci\u00f3n do lixo xerado, sen\u00f3n en funci\u00f3n dos metros cadrados do negocio que pague. O \u00fanico lixo que xera custe \u00e9 o org\u00e1nico, o que vai ao contedor verde. E que custe xera o despacho dun arquitecto, dun avogado&#8230;?.Ning\u00fan. Por outra parte as diferenzas de prezos son un absoluto disparate .F\u00edxate: un profesional que te\u00f1a un local de 249 metros cadrados paga 600\u20ac e se supera os 250, a\u00ednda que s\u00f3 sexa nun metro, se o seu local fose de 251 metros pagar\u00eda 1.140\u20ac.Onde se viu tal disparate?<\/p>\n<\/blockquote>\n\n\n\n<blockquote class=\"wp-block-quote is-layout-flow wp-block-quote-is-layout-flow\">\n<p>En definitiva: A taxa \u00e9 unha confiscaci\u00f3n, unha irracionalidade e un disparate.<\/p>\n<\/blockquote>\n\n\n\n<blockquote class=\"wp-block-quote is-layout-flow wp-block-quote-is-layout-flow\">\n<p>E o BNG apoiou este atraco \u00e1 veci\u00f1anza, quero que quede claro tam\u00e9n.<\/p>\n<\/blockquote>\n\n\n\n<p><strong>Sobre a remunipalizaci\u00f3n do servizo cal \u00e9 a t\u00faa opini\u00f3n?<\/strong><\/p>\n\n\n\n<blockquote class=\"wp-block-quote is-layout-flow wp-block-quote-is-layout-flow\">\n<p>\u00c9 papel mollado. Non \u00e9 viable. Por que non o fai o BNG en Pontevedra, cidade na que levan un feixe de anos gobernando?.Non o fan porque non se pode facer.<\/p>\n<\/blockquote>\n\n\n\n<p><strong>Cando fuches alcalde precisaches a abstenci\u00f3n de AER na investidura. Eles nunca te pediron a remunipalizaci\u00f3n dese servizo?<\/strong><\/p>\n\n\n\n<p>Eu non negociei a mi\u00f1a investidura con AER.<\/p>\n\n\n\n<p><strong>Vale, non cho pediron en ning\u00fan momento dos teus oito anos de alcalde?<\/strong><\/p>\n\n\n\n<p>Fal\u00e1ronme diso nalgunha ocasi\u00f3n, si.<\/p>\n\n\n\n<p><strong>E ti que contestaches?<\/strong><\/p>\n\n\n\n<p>O mesmo que estou a dicir agora: que non \u00e9 posible.<\/p>\n\n\n\n<p><strong>Por que fixestes \u201ccasus belli\u201d no tema do cambio de nome da r\u00faa Alfonso XII?<\/strong><\/p>\n\n\n\n<blockquote class=\"wp-block-quote is-layout-flow wp-block-quote-is-layout-flow\">\n<p>Redondela ten unha enorme cantidade de problemas, entre os que quixera destacar o abandono das parroquias, e esta cuesti\u00f3n \u00e9 unha frivolidade, que xera conflito entre veci\u00f1os, vai supor problemas administrativos para quen vive al\u00ed e que se pretende facer sen o rigor hist\u00f3rico nin a transparencia necesaria.<\/p>\n<\/blockquote>\n\n\n\n<p><strong>Pero Alfonso XII chega ao trono despois dun golpe de estado, o pronunciamento de Mart\u00ednez Campos en Sagunto, que acaba coa 1\u00ba Rep\u00fablica. O feito de que unha das principais r\u00faas de Redondela estea dedicada a un golpista carece de relevancia para o PP de Redondela?<\/strong><\/p>\n\n\n\n<blockquote class=\"wp-block-quote is-layout-flow wp-block-quote-is-layout-flow\">\n<p>No pleno no que se debateu ese asunto acudiu un historiador que puxo en valor a figura de Alfonso XII. Eu non son historiador e non vou contradicir a ese historiador. Se s\u00f3 nos quedamos cunha parte da historia seguro que teriamos que desbotar moitas circunstancias que na actualidade se po\u00f1en en valor.<\/p>\n<\/blockquote>\n\n\n\n<p><strong>Que tal te sentes no teu traballo na DEPO?<\/strong><\/p>\n\n\n\n<blockquote class=\"wp-block-quote is-layout-flow wp-block-quote-is-layout-flow\">\n<p>Enormemente satisfeito. Estou facendo municipalismo que \u00e9 o que a min me gusta. Ademais creo que se pode dicir obxectivamente que esta DEPO est\u00e1 a facer un traballo magn\u00edfico, beneficiando a todos os concellos por igual.<\/p>\n<\/blockquote>\n\n\n\n<p><strong>Rematamos: Como valoras os datos que ven de facer p\u00fablicos o IGE sobre o estado de sa\u00fade do idioma galego?<\/strong><\/p>\n\n\n\n<blockquote class=\"wp-block-quote is-layout-flow wp-block-quote-is-layout-flow\">\n<p>Eu asumo a pol\u00edtica ling\u00fc\u00edstica da Xunta de enfocar este asunto de maneira natural e sen imposici\u00f3ns. O galeguismo do PPdeG non o pode discutir ningu\u00e9n.<\/p>\n<\/blockquote>\n\n\n\n<p><strong>Home, cando Alfonso Rueda foi a aquela manifestaci\u00f3n dos ultra espa\u00f1olistas de \u201cGalicia biling\u00fce\u201d agora \u201cHablemos espa\u00f1ol\u201dese suposto galeguismo moi patente non quedou<\/strong><\/p>\n\n\n\n<blockquote class=\"wp-block-quote is-layout-flow wp-block-quote-is-layout-flow\">\n<p>Repito:O noso galeguismo non \u00e9 cuestionable, e n\u00f3s seguiremos traballando para protexer o idioma e a cultura galega, iso si, sen imposici\u00f3ns.<\/p>\n<\/blockquote>\n","protected":false},"excerpt":{"rendered":"<div class=\"mh-excerpt\"><p>Redondela \u00e9 un dos Concellos nos que ANP ten unha penetraci\u00f3n m\u00e1is significativa. <a class=\"mh-excerpt-more\" href=\"https:\/\/www.anovapeneira.gal\/index.php\/2024\/11\/18\/javier-bas-presidente-do-pp-de-redondela-3\/\" title=\"Javier Bas, Presidente do PP de Redondela\">[&#8230;]<\/a><\/p>\n<\/div>","protected":false},"author":2,"featured_media":12783,"comment_status":"open","ping_status":"open","sticky":false,"template":"","format":"standard","meta":{"_exactmetrics_skip_tracking":false,"_exactmetrics_sitenote_active":false,"_exactmetrics_sitenote_note":"","_exactmetrics_sitenote_category":0,"footnotes":""},"categories":[270],"tags":[171],"class_list":{"0":"post-12782","1":"post","2":"type-post","3":"status-publish","4":"format-standard","5":"has-post-thumbnail","7":"category-redondela-entrevistas","8":"tag-concello-de-redondela"},"yoast_head":"<!-- This site is optimized with the Yoast SEO plugin v27.4 - https:\/\/yoast.com\/product\/yoast-seo-wordpress\/ -->\n<title>Javier Bas, Presidente do PP de Redondela -<\/title>\n<meta name=\"robots\" content=\"index, follow, max-snippet:-1, max-image-preview:large, max-video-preview:-1\" \/>\n<link rel=\"canonical\" href=\"https:\/\/www.anovapeneira.gal\/index.php\/2024\/11\/18\/javier-bas-presidente-do-pp-de-redondela-3\/\" \/>\n<meta property=\"og:locale\" content=\"gl_ES\" \/>\n<meta property=\"og:type\" content=\"article\" \/>\n<meta property=\"og:title\" content=\"Javier Bas, Presidente do PP de Redondela -\" \/>\n<meta property=\"og:description\" content=\"Redondela \u00e9 un dos Concellos nos que ANP ten unha penetraci\u00f3n m\u00e1is significativa. [...]\" \/>\n<meta property=\"og:url\" content=\"https:\/\/www.anovapeneira.gal\/index.php\/2024\/11\/18\/javier-bas-presidente-do-pp-de-redondela-3\/\" \/>\n<meta property=\"article:publisher\" content=\"https:\/\/www.facebook.com\/anovapeneira\" \/>\n<meta property=\"article:published_time\" content=\"2024-11-18T09:00:03+00:00\" \/>\n<meta property=\"og:image\" content=\"https:\/\/www.anovapeneira.gal\/wp-content\/uploads\/2024\/11\/javier_bas.jpg\" \/>\n\t<meta property=\"og:image:width\" content=\"720\" \/>\n\t<meta property=\"og:image:height\" content=\"432\" \/>\n\t<meta property=\"og:image:type\" content=\"image\/jpeg\" \/>\n<meta name=\"author\" content=\"Tino Lago\" \/>\n<meta name=\"twitter:card\" content=\"summary_large_image\" \/>\n<meta name=\"twitter:creator\" content=\"@APeneira\" \/>\n<meta name=\"twitter:site\" content=\"@APeneira\" \/>\n<meta name=\"twitter:label1\" content=\"Escrito por\" \/>\n\t<meta name=\"twitter:data1\" content=\"Tino Lago\" \/>\n\t<meta name=\"twitter:label2\" content=\"Tempo de lectura\" \/>\n\t<meta name=\"twitter:data2\" content=\"4 minutos\" \/>\n<script type=\"application\/ld+json\" class=\"yoast-schema-graph\">{\"@context\":\"https:\\\/\\\/schema.org\",\"@graph\":[{\"@type\":\"Article\",\"@id\":\"https:\\\/\\\/www.anovapeneira.gal\\\/index.php\\\/2024\\\/11\\\/18\\\/javier-bas-presidente-do-pp-de-redondela-3\\\/#article\",\"isPartOf\":{\"@id\":\"https:\\\/\\\/www.anovapeneira.gal\\\/index.php\\\/2024\\\/11\\\/18\\\/javier-bas-presidente-do-pp-de-redondela-3\\\/\"},\"author\":{\"name\":\"Tino Lago\",\"@id\":\"https:\\\/\\\/www.anovapeneira.gal\\\/#\\\/schema\\\/person\\\/424dfe65e3070fd8a44d22d2c088762a\"},\"headline\":\"Javier Bas, Presidente do PP de Redondela\",\"datePublished\":\"2024-11-18T09:00:03+00:00\",\"mainEntityOfPage\":{\"@id\":\"https:\\\/\\\/www.anovapeneira.gal\\\/index.php\\\/2024\\\/11\\\/18\\\/javier-bas-presidente-do-pp-de-redondela-3\\\/\"},\"wordCount\":2083,\"commentCount\":0,\"publisher\":{\"@id\":\"https:\\\/\\\/www.anovapeneira.gal\\\/#organization\"},\"image\":{\"@id\":\"https:\\\/\\\/www.anovapeneira.gal\\\/index.php\\\/2024\\\/11\\\/18\\\/javier-bas-presidente-do-pp-de-redondela-3\\\/#primaryimage\"},\"thumbnailUrl\":\"https:\\\/\\\/www.anovapeneira.gal\\\/wp-content\\\/uploads\\\/2024\\\/11\\\/javier_bas.jpg\",\"keywords\":[\"Concello de Redondela\"],\"articleSection\":[\"Redondela\"],\"inLanguage\":\"gl-ES\",\"potentialAction\":[{\"@type\":\"CommentAction\",\"name\":\"Comment\",\"target\":[\"https:\\\/\\\/www.anovapeneira.gal\\\/index.php\\\/2024\\\/11\\\/18\\\/javier-bas-presidente-do-pp-de-redondela-3\\\/#respond\"]}]},{\"@type\":\"WebPage\",\"@id\":\"https:\\\/\\\/www.anovapeneira.gal\\\/index.php\\\/2024\\\/11\\\/18\\\/javier-bas-presidente-do-pp-de-redondela-3\\\/\",\"url\":\"https:\\\/\\\/www.anovapeneira.gal\\\/index.php\\\/2024\\\/11\\\/18\\\/javier-bas-presidente-do-pp-de-redondela-3\\\/\",\"name\":\"Javier Bas, Presidente do PP de Redondela -\",\"isPartOf\":{\"@id\":\"https:\\\/\\\/www.anovapeneira.gal\\\/#website\"},\"primaryImageOfPage\":{\"@id\":\"https:\\\/\\\/www.anovapeneira.gal\\\/index.php\\\/2024\\\/11\\\/18\\\/javier-bas-presidente-do-pp-de-redondela-3\\\/#primaryimage\"},\"image\":{\"@id\":\"https:\\\/\\\/www.anovapeneira.gal\\\/index.php\\\/2024\\\/11\\\/18\\\/javier-bas-presidente-do-pp-de-redondela-3\\\/#primaryimage\"},\"thumbnailUrl\":\"https:\\\/\\\/www.anovapeneira.gal\\\/wp-content\\\/uploads\\\/2024\\\/11\\\/javier_bas.jpg\",\"datePublished\":\"2024-11-18T09:00:03+00:00\",\"breadcrumb\":{\"@id\":\"https:\\\/\\\/www.anovapeneira.gal\\\/index.php\\\/2024\\\/11\\\/18\\\/javier-bas-presidente-do-pp-de-redondela-3\\\/#breadcrumb\"},\"inLanguage\":\"gl-ES\",\"potentialAction\":[{\"@type\":\"ReadAction\",\"target\":[\"https:\\\/\\\/www.anovapeneira.gal\\\/index.php\\\/2024\\\/11\\\/18\\\/javier-bas-presidente-do-pp-de-redondela-3\\\/\"]}]},{\"@type\":\"ImageObject\",\"inLanguage\":\"gl-ES\",\"@id\":\"https:\\\/\\\/www.anovapeneira.gal\\\/index.php\\\/2024\\\/11\\\/18\\\/javier-bas-presidente-do-pp-de-redondela-3\\\/#primaryimage\",\"url\":\"https:\\\/\\\/www.anovapeneira.gal\\\/wp-content\\\/uploads\\\/2024\\\/11\\\/javier_bas.jpg\",\"contentUrl\":\"https:\\\/\\\/www.anovapeneira.gal\\\/wp-content\\\/uploads\\\/2024\\\/11\\\/javier_bas.jpg\",\"width\":720,\"height\":432,\"caption\":\"Javier Bas\"},{\"@type\":\"BreadcrumbList\",\"@id\":\"https:\\\/\\\/www.anovapeneira.gal\\\/index.php\\\/2024\\\/11\\\/18\\\/javier-bas-presidente-do-pp-de-redondela-3\\\/#breadcrumb\",\"itemListElement\":[{\"@type\":\"ListItem\",\"position\":1,\"name\":\"Portada\",\"item\":\"https:\\\/\\\/www.anovapeneira.gal\\\/\"},{\"@type\":\"ListItem\",\"position\":2,\"name\":\"Javier Bas, Presidente do PP de Redondela\"}]},{\"@type\":\"WebSite\",\"@id\":\"https:\\\/\\\/www.anovapeneira.gal\\\/#website\",\"url\":\"https:\\\/\\\/www.anovapeneira.gal\\\/\",\"name\":\"\",\"description\":\"Xornal galego de informaci\u00f3n xeral Publicaci\u00f3n mensual de novas de Galicia e en especial dos Concellos da sur da provincia de Pontevedra.\",\"publisher\":{\"@id\":\"https:\\\/\\\/www.anovapeneira.gal\\\/#organization\"},\"potentialAction\":[{\"@type\":\"SearchAction\",\"target\":{\"@type\":\"EntryPoint\",\"urlTemplate\":\"https:\\\/\\\/www.anovapeneira.gal\\\/?s={search_term_string}\"},\"query-input\":{\"@type\":\"PropertyValueSpecification\",\"valueRequired\":true,\"valueName\":\"search_term_string\"}}],\"inLanguage\":\"gl-ES\"},{\"@type\":\"Organization\",\"@id\":\"https:\\\/\\\/www.anovapeneira.gal\\\/#organization\",\"name\":\"A Nova Peneira\",\"url\":\"https:\\\/\\\/www.anovapeneira.gal\\\/\",\"logo\":{\"@type\":\"ImageObject\",\"inLanguage\":\"gl-ES\",\"@id\":\"https:\\\/\\\/www.anovapeneira.gal\\\/#\\\/schema\\\/logo\\\/image\\\/\",\"url\":\"http:\\\/\\\/www.anovapeneira.gal\\\/wp-content\\\/uploads\\\/2019\\\/06\\\/logo_a_nova_peneira_portal_web.png\",\"contentUrl\":\"http:\\\/\\\/www.anovapeneira.gal\\\/wp-content\\\/uploads\\\/2019\\\/06\\\/logo_a_nova_peneira_portal_web.png\",\"width\":300,\"height\":100,\"caption\":\"A Nova Peneira\"},\"image\":{\"@id\":\"https:\\\/\\\/www.anovapeneira.gal\\\/#\\\/schema\\\/logo\\\/image\\\/\"},\"sameAs\":[\"https:\\\/\\\/www.facebook.com\\\/anovapeneira\",\"https:\\\/\\\/x.com\\\/APeneira\"]},{\"@type\":\"Person\",\"@id\":\"https:\\\/\\\/www.anovapeneira.gal\\\/#\\\/schema\\\/person\\\/424dfe65e3070fd8a44d22d2c088762a\",\"name\":\"Tino Lago\",\"image\":{\"@type\":\"ImageObject\",\"inLanguage\":\"gl-ES\",\"@id\":\"https:\\\/\\\/secure.gravatar.com\\\/avatar\\\/b3df6a06e44bab3111583b90f0f33a0379ee5e3d22cbadd232d39f21c30c62be?s=96&d=mm&r=g\",\"url\":\"https:\\\/\\\/secure.gravatar.com\\\/avatar\\\/b3df6a06e44bab3111583b90f0f33a0379ee5e3d22cbadd232d39f21c30c62be?s=96&d=mm&r=g\",\"contentUrl\":\"https:\\\/\\\/secure.gravatar.com\\\/avatar\\\/b3df6a06e44bab3111583b90f0f33a0379ee5e3d22cbadd232d39f21c30c62be?s=96&d=mm&r=g\",\"caption\":\"Tino Lago\"},\"sameAs\":[\"http:\\\/\\\/www.anovapeneira.gal\"],\"url\":\"https:\\\/\\\/www.anovapeneira.gal\\\/index.php\\\/author\\\/director\\\/\"}]}<\/script>\n<!-- \/ Yoast SEO plugin. -->","yoast_head_json":{"title":"Javier Bas, Presidente do PP de Redondela -","robots":{"index":"index","follow":"follow","max-snippet":"max-snippet:-1","max-image-preview":"max-image-preview:large","max-video-preview":"max-video-preview:-1"},"canonical":"https:\/\/www.anovapeneira.gal\/index.php\/2024\/11\/18\/javier-bas-presidente-do-pp-de-redondela-3\/","og_locale":"gl_ES","og_type":"article","og_title":"Javier Bas, Presidente do PP de Redondela -","og_description":"Redondela \u00e9 un dos Concellos nos que ANP ten unha penetraci\u00f3n m\u00e1is significativa. [...]","og_url":"https:\/\/www.anovapeneira.gal\/index.php\/2024\/11\/18\/javier-bas-presidente-do-pp-de-redondela-3\/","article_publisher":"https:\/\/www.facebook.com\/anovapeneira","article_published_time":"2024-11-18T09:00:03+00:00","og_image":[{"width":720,"height":432,"url":"https:\/\/www.anovapeneira.gal\/wp-content\/uploads\/2024\/11\/javier_bas.jpg","type":"image\/jpeg"}],"author":"Tino Lago","twitter_card":"summary_large_image","twitter_creator":"@APeneira","twitter_site":"@APeneira","twitter_misc":{"Escrito por":"Tino Lago","Tempo de lectura":"4 minutos"},"schema":{"@context":"https:\/\/schema.org","@graph":[{"@type":"Article","@id":"https:\/\/www.anovapeneira.gal\/index.php\/2024\/11\/18\/javier-bas-presidente-do-pp-de-redondela-3\/#article","isPartOf":{"@id":"https:\/\/www.anovapeneira.gal\/index.php\/2024\/11\/18\/javier-bas-presidente-do-pp-de-redondela-3\/"},"author":{"name":"Tino Lago","@id":"https:\/\/www.anovapeneira.gal\/#\/schema\/person\/424dfe65e3070fd8a44d22d2c088762a"},"headline":"Javier Bas, Presidente do PP de Redondela","datePublished":"2024-11-18T09:00:03+00:00","mainEntityOfPage":{"@id":"https:\/\/www.anovapeneira.gal\/index.php\/2024\/11\/18\/javier-bas-presidente-do-pp-de-redondela-3\/"},"wordCount":2083,"commentCount":0,"publisher":{"@id":"https:\/\/www.anovapeneira.gal\/#organization"},"image":{"@id":"https:\/\/www.anovapeneira.gal\/index.php\/2024\/11\/18\/javier-bas-presidente-do-pp-de-redondela-3\/#primaryimage"},"thumbnailUrl":"https:\/\/www.anovapeneira.gal\/wp-content\/uploads\/2024\/11\/javier_bas.jpg","keywords":["Concello de Redondela"],"articleSection":["Redondela"],"inLanguage":"gl-ES","potentialAction":[{"@type":"CommentAction","name":"Comment","target":["https:\/\/www.anovapeneira.gal\/index.php\/2024\/11\/18\/javier-bas-presidente-do-pp-de-redondela-3\/#respond"]}]},{"@type":"WebPage","@id":"https:\/\/www.anovapeneira.gal\/index.php\/2024\/11\/18\/javier-bas-presidente-do-pp-de-redondela-3\/","url":"https:\/\/www.anovapeneira.gal\/index.php\/2024\/11\/18\/javier-bas-presidente-do-pp-de-redondela-3\/","name":"Javier Bas, Presidente do PP de Redondela -","isPartOf":{"@id":"https:\/\/www.anovapeneira.gal\/#website"},"primaryImageOfPage":{"@id":"https:\/\/www.anovapeneira.gal\/index.php\/2024\/11\/18\/javier-bas-presidente-do-pp-de-redondela-3\/#primaryimage"},"image":{"@id":"https:\/\/www.anovapeneira.gal\/index.php\/2024\/11\/18\/javier-bas-presidente-do-pp-de-redondela-3\/#primaryimage"},"thumbnailUrl":"https:\/\/www.anovapeneira.gal\/wp-content\/uploads\/2024\/11\/javier_bas.jpg","datePublished":"2024-11-18T09:00:03+00:00","breadcrumb":{"@id":"https:\/\/www.anovapeneira.gal\/index.php\/2024\/11\/18\/javier-bas-presidente-do-pp-de-redondela-3\/#breadcrumb"},"inLanguage":"gl-ES","potentialAction":[{"@type":"ReadAction","target":["https:\/\/www.anovapeneira.gal\/index.php\/2024\/11\/18\/javier-bas-presidente-do-pp-de-redondela-3\/"]}]},{"@type":"ImageObject","inLanguage":"gl-ES","@id":"https:\/\/www.anovapeneira.gal\/index.php\/2024\/11\/18\/javier-bas-presidente-do-pp-de-redondela-3\/#primaryimage","url":"https:\/\/www.anovapeneira.gal\/wp-content\/uploads\/2024\/11\/javier_bas.jpg","contentUrl":"https:\/\/www.anovapeneira.gal\/wp-content\/uploads\/2024\/11\/javier_bas.jpg","width":720,"height":432,"caption":"Javier Bas"},{"@type":"BreadcrumbList","@id":"https:\/\/www.anovapeneira.gal\/index.php\/2024\/11\/18\/javier-bas-presidente-do-pp-de-redondela-3\/#breadcrumb","itemListElement":[{"@type":"ListItem","position":1,"name":"Portada","item":"https:\/\/www.anovapeneira.gal\/"},{"@type":"ListItem","position":2,"name":"Javier Bas, Presidente do PP de Redondela"}]},{"@type":"WebSite","@id":"https:\/\/www.anovapeneira.gal\/#website","url":"https:\/\/www.anovapeneira.gal\/","name":"","description":"Xornal galego de informaci\u00f3n xeral Publicaci\u00f3n mensual de novas de Galicia e en especial dos Concellos da sur da provincia de Pontevedra.","publisher":{"@id":"https:\/\/www.anovapeneira.gal\/#organization"},"potentialAction":[{"@type":"SearchAction","target":{"@type":"EntryPoint","urlTemplate":"https:\/\/www.anovapeneira.gal\/?s={search_term_string}"},"query-input":{"@type":"PropertyValueSpecification","valueRequired":true,"valueName":"search_term_string"}}],"inLanguage":"gl-ES"},{"@type":"Organization","@id":"https:\/\/www.anovapeneira.gal\/#organization","name":"A Nova Peneira","url":"https:\/\/www.anovapeneira.gal\/","logo":{"@type":"ImageObject","inLanguage":"gl-ES","@id":"https:\/\/www.anovapeneira.gal\/#\/schema\/logo\/image\/","url":"http:\/\/www.anovapeneira.gal\/wp-content\/uploads\/2019\/06\/logo_a_nova_peneira_portal_web.png","contentUrl":"http:\/\/www.anovapeneira.gal\/wp-content\/uploads\/2019\/06\/logo_a_nova_peneira_portal_web.png","width":300,"height":100,"caption":"A Nova Peneira"},"image":{"@id":"https:\/\/www.anovapeneira.gal\/#\/schema\/logo\/image\/"},"sameAs":["https:\/\/www.facebook.com\/anovapeneira","https:\/\/x.com\/APeneira"]},{"@type":"Person","@id":"https:\/\/www.anovapeneira.gal\/#\/schema\/person\/424dfe65e3070fd8a44d22d2c088762a","name":"Tino Lago","image":{"@type":"ImageObject","inLanguage":"gl-ES","@id":"https:\/\/secure.gravatar.com\/avatar\/b3df6a06e44bab3111583b90f0f33a0379ee5e3d22cbadd232d39f21c30c62be?s=96&d=mm&r=g","url":"https:\/\/secure.gravatar.com\/avatar\/b3df6a06e44bab3111583b90f0f33a0379ee5e3d22cbadd232d39f21c30c62be?s=96&d=mm&r=g","contentUrl":"https:\/\/secure.gravatar.com\/avatar\/b3df6a06e44bab3111583b90f0f33a0379ee5e3d22cbadd232d39f21c30c62be?s=96&d=mm&r=g","caption":"Tino Lago"},"sameAs":["http:\/\/www.anovapeneira.gal"],"url":"https:\/\/www.anovapeneira.gal\/index.php\/author\/director\/"}]}},"jetpack_featured_media_url":"https:\/\/www.anovapeneira.gal\/wp-content\/uploads\/2024\/11\/javier_bas.jpg","_links":{"self":[{"href":"https:\/\/www.anovapeneira.gal\/index.php\/wp-json\/wp\/v2\/posts\/12782","targetHints":{"allow":["GET"]}}],"collection":[{"href":"https:\/\/www.anovapeneira.gal\/index.php\/wp-json\/wp\/v2\/posts"}],"about":[{"href":"https:\/\/www.anovapeneira.gal\/index.php\/wp-json\/wp\/v2\/types\/post"}],"author":[{"embeddable":true,"href":"https:\/\/www.anovapeneira.gal\/index.php\/wp-json\/wp\/v2\/users\/2"}],"replies":[{"embeddable":true,"href":"https:\/\/www.anovapeneira.gal\/index.php\/wp-json\/wp\/v2\/comments?post=12782"}],"version-history":[{"count":1,"href":"https:\/\/www.anovapeneira.gal\/index.php\/wp-json\/wp\/v2\/posts\/12782\/revisions"}],"predecessor-version":[{"id":12784,"href":"https:\/\/www.anovapeneira.gal\/index.php\/wp-json\/wp\/v2\/posts\/12782\/revisions\/12784"}],"wp:featuredmedia":[{"embeddable":true,"href":"https:\/\/www.anovapeneira.gal\/index.php\/wp-json\/wp\/v2\/media\/12783"}],"wp:attachment":[{"href":"https:\/\/www.anovapeneira.gal\/index.php\/wp-json\/wp\/v2\/media?parent=12782"}],"wp:term":[{"taxonomy":"category","embeddable":true,"href":"https:\/\/www.anovapeneira.gal\/index.php\/wp-json\/wp\/v2\/categories?post=12782"},{"taxonomy":"post_tag","embeddable":true,"href":"https:\/\/www.anovapeneira.gal\/index.php\/wp-json\/wp\/v2\/tags?post=12782"}],"curies":[{"name":"wp","href":"https:\/\/api.w.org\/{rel}","templated":true}]}}