{"id":12785,"date":"2024-11-18T12:00:39","date_gmt":"2024-11-18T11:00:39","guid":{"rendered":"https:\/\/www.anovapeneira.gal\/?p=12785"},"modified":"2024-11-13T10:07:02","modified_gmt":"2024-11-13T09:07:02","slug":"a-igm-sumase-ao-rexeitamento-do-traslado-a-madrid-dos-principais-fondos-do-arquivo-militar-de-ferrol","status":"publish","type":"post","link":"https:\/\/www.anovapeneira.gal\/index.php\/2024\/11\/18\/a-igm-sumase-ao-rexeitamento-do-traslado-a-madrid-dos-principais-fondos-do-arquivo-militar-de-ferrol\/","title":{"rendered":"A IGM s\u00famase ao rexeitamento do traslado a Madrid dos principais fondos do Arquivo Militar de Ferrol"},"content":{"rendered":"\n<p><strong>Entende que prexudicar\u00eda as investigaci\u00f3ns con perspectiva galega, agravando o centralismo e mesmo conculcando a Lei de Memoria Democr\u00e1tica<\/strong><\/p>\n\n\n\n<p><strong>Insta ao goberno a manter a documentaci\u00f3n na s\u00faa actual localizaci\u00f3n e pide ao \u00e1mbito da investigaci\u00f3n, o xornalismo e a historia que se unan \u00e1 defensa \u201cdo noso patrimonio hist\u00f3rico documental\u201d<\/strong><\/p>\n\n\n\n<p><strong>9 de novembro de 2024<\/strong>.<\/p>\n\n\n\n<p>A Iniciativa Galega pola Memoria, rede na que se integran a meirande parte das asociaci\u00f3ns, fundaci\u00f3ns e colectivos memorialistas de Galiza, quere manifestar a s\u00faa enorme preocupaci\u00f3n pola nova do traslado a Madrid dos fondos m\u00e1is importantes do Arquivo Militar de Ferrol, o que entende \u201csupor\u00eda un golpe significativo \u00e1 investigaci\u00f3n e \u00e1s pol\u00edticas de Memoria na nosa terra\u201d.<\/p>\n\n\n\n<p>O colectivo lembra que as causas e procedementos xudiciais do Tribunal Militar IV son fundamentais para a investigaci\u00f3n e an\u00e1lise non s\u00f3 do golpe de Estado, a posterior ditadura e a violencia xenerada, sen\u00f3n tam\u00e9n dos movementos sociais, obreiros e pol\u00edticos na Galiza, dende o s\u00e9culo XIX ata os anos 60, e por iso considera un prexu\u00edzo enorme a intenci\u00f3n da Subdirecci\u00f3n General de Publicaciones y Patrimonio Cultural do Ministerio de Defensa de afastar estes fondos documentais do seu usuario natural, o pobo galego: \u201cPersoas investigadoras e historiadoras, familiares de v\u00edtimas, xornalistas, estudantado e profesorado das universidades galegas se ver\u00edan na obriga de desprazarse a Madrid para ter acceso a unha documentaci\u00f3n que xa estaba na s\u00faa terra o que afondar\u00eda no centralismo que xa ven sufrindo Galiza dende fai s\u00e9culos\u201d. Lembran que iso ir\u00eda en contra da propia Constituci\u00f3n espa\u00f1ola, que no seu artigo 103.1 recolle que a Administraci\u00f3n P\u00fablica debe server con obxectividade aos intereses xerais e actuar cos principios de eficacia e descentralizaci\u00f3n.<\/p>\n\n\n\n<p>O colectivo subli\u00f1a tam\u00e9n que o traslado implicar\u00eda \u201cunha vulneraci\u00f3n manifesta da Lei de Memoria Democr\u00e1tica\u201d, e en concreto o seu artigo 15, referente ao dereito das v\u00edtimas e dos seus familiares \u00e1 verificaci\u00f3n dos feitos, e o artigo 27, que garante o dereito ao acceso, libre e gratu\u00edto aos arquivos p\u00fablicos, algo que para o colectivo \u201cser\u00e1 moito m\u00e1is complicado, e incluso inviable para moitas das persoas investigadoras, de levarse esta documentaci\u00f3n para Madrid\u201d. Considera que contradi tam\u00e9n o artigo 45, que fala do fomento da investigaci\u00f3n,\u201dpois supor\u00e1 a imposibilidade de realizar proxectos de investigaci\u00f3n de car\u00e1cter rexional, local ou provincial que de seguro non ter\u00e1n o mesmo interese en Madrid que na Galiza, e incluso por\u00e1 en risco alg\u00fans xa iniciados\u201d.<\/p>\n\n\n\n<p>Desde o convencemento de que \u201csen arquivos non hai memoria, non hai historia\u201d, dende a IGM instan ao Goberno e aos respectivos ministerios implicados, \u201ca garantir, en cumprimento da Lei de Memoria Democr\u00e1tica, que os fondos do Arquivo Militar de Ferrol se mante\u00f1an na s\u00faa localizaci\u00f3n actual, a disposici\u00f3n da cidadan\u00eda galega, cuxa historia se conserva entre as paredes dese templo do co\u00f1ecemento que \u00e9 todo arquivo, e particularmente o arquivo ferrol\u00e1n\u201d.<\/p>\n\n\n\n<p>Do mesmo xeito, queren instar \u201ca todo o \u00e1mbito cultural, ao colectivo de persoas historiadoras, xornalistas e investigadoras, e a cidadan\u00eda galega en xeral a unirse a esta campa\u00f1a de defensa en prol do noso patrimonio hist\u00f3rico documental. Para que a nosa historia non a te\u00f1an que facer desde f\u00f3ra\u201d.<\/p>\n","protected":false},"excerpt":{"rendered":"<div class=\"mh-excerpt\"><p>Entende que prexudicar\u00eda as investigaci\u00f3ns con perspectiva galega, agravando o centralismo e mesmo conculcando a Lei de Memoria Democr\u00e1tica <a class=\"mh-excerpt-more\" href=\"https:\/\/www.anovapeneira.gal\/index.php\/2024\/11\/18\/a-igm-sumase-ao-rexeitamento-do-traslado-a-madrid-dos-principais-fondos-do-arquivo-militar-de-ferrol\/\" title=\"A IGM s\u00famase ao rexeitamento do traslado a Madrid dos principais fondos do Arquivo Militar de Ferrol\">[&#8230;]<\/a><\/p>\n<\/div>","protected":false},"author":3,"featured_media":4885,"comment_status":"open","ping_status":"open","sticky":false,"template":"","format":"standard","meta":{"_exactmetrics_skip_tracking":false,"_exactmetrics_sitenote_active":false,"_exactmetrics_sitenote_note":"","_exactmetrics_sitenote_category":0,"footnotes":""},"categories":[263],"tags":[1434],"class_list":{"0":"post-12785","1":"post","2":"type-post","3":"status-publish","4":"format-standard","5":"has-post-thumbnail","7":"category-novas","8":"tag-iniciativa-galega-pola-memoria"},"yoast_head":"<!-- This site is optimized with the Yoast SEO plugin v27.4 - https:\/\/yoast.com\/product\/yoast-seo-wordpress\/ -->\n<title>A IGM s\u00famase ao rexeitamento do traslado a Madrid dos principais fondos do Arquivo Militar de Ferrol -<\/title>\n<meta name=\"robots\" content=\"index, follow, max-snippet:-1, max-image-preview:large, max-video-preview:-1\" \/>\n<link rel=\"canonical\" href=\"https:\/\/www.anovapeneira.gal\/index.php\/2024\/11\/18\/a-igm-sumase-ao-rexeitamento-do-traslado-a-madrid-dos-principais-fondos-do-arquivo-militar-de-ferrol\/\" \/>\n<meta property=\"og:locale\" content=\"gl_ES\" \/>\n<meta property=\"og:type\" content=\"article\" \/>\n<meta property=\"og:title\" content=\"A IGM s\u00famase ao rexeitamento do traslado a Madrid dos principais fondos do Arquivo Militar de Ferrol -\" \/>\n<meta property=\"og:description\" content=\"Entende que prexudicar\u00eda as investigaci\u00f3ns con perspectiva galega, agravando o centralismo e mesmo conculcando a Lei de Memoria Democr\u00e1tica [...]\" \/>\n<meta property=\"og:url\" content=\"https:\/\/www.anovapeneira.gal\/index.php\/2024\/11\/18\/a-igm-sumase-ao-rexeitamento-do-traslado-a-madrid-dos-principais-fondos-do-arquivo-militar-de-ferrol\/\" \/>\n<meta property=\"article:publisher\" content=\"https:\/\/www.facebook.com\/anovapeneira\" \/>\n<meta property=\"article:published_time\" content=\"2024-11-18T11:00:39+00:00\" \/>\n<meta property=\"og:image\" content=\"https:\/\/www.anovapeneira.gal\/wp-content\/uploads\/2021\/02\/iniciativagalegapolamemoria.gif\" \/>\n\t<meta property=\"og:image:width\" content=\"1920\" \/>\n\t<meta property=\"og:image:height\" content=\"1146\" \/>\n\t<meta property=\"og:image:type\" content=\"image\/gif\" \/>\n<meta name=\"author\" content=\"Redacci\u00f3n A Nova Peneira\" \/>\n<meta name=\"twitter:card\" content=\"summary_large_image\" \/>\n<meta name=\"twitter:creator\" content=\"@APeneira\" \/>\n<meta name=\"twitter:site\" content=\"@APeneira\" \/>\n<meta name=\"twitter:label1\" content=\"Escrito por\" \/>\n\t<meta name=\"twitter:data1\" content=\"Redacci\u00f3n A Nova Peneira\" \/>\n\t<meta name=\"twitter:label2\" content=\"Tempo de lectura\" \/>\n\t<meta name=\"twitter:data2\" content=\"4 minutos\" \/>\n<script type=\"application\/ld+json\" class=\"yoast-schema-graph\">{\"@context\":\"https:\\\/\\\/schema.org\",\"@graph\":[{\"@type\":\"Article\",\"@id\":\"https:\\\/\\\/www.anovapeneira.gal\\\/index.php\\\/2024\\\/11\\\/18\\\/a-igm-sumase-ao-rexeitamento-do-traslado-a-madrid-dos-principais-fondos-do-arquivo-militar-de-ferrol\\\/#article\",\"isPartOf\":{\"@id\":\"https:\\\/\\\/www.anovapeneira.gal\\\/index.php\\\/2024\\\/11\\\/18\\\/a-igm-sumase-ao-rexeitamento-do-traslado-a-madrid-dos-principais-fondos-do-arquivo-militar-de-ferrol\\\/\"},\"author\":{\"name\":\"Redacci\u00f3n A Nova Peneira\",\"@id\":\"https:\\\/\\\/www.anovapeneira.gal\\\/#\\\/schema\\\/person\\\/b93e3f8932e3f8da96334607eb6ac6aa\"},\"headline\":\"A IGM s\u00famase ao rexeitamento do traslado a Madrid dos principais fondos do Arquivo Militar de Ferrol\",\"datePublished\":\"2024-11-18T11:00:39+00:00\",\"mainEntityOfPage\":{\"@id\":\"https:\\\/\\\/www.anovapeneira.gal\\\/index.php\\\/2024\\\/11\\\/18\\\/a-igm-sumase-ao-rexeitamento-do-traslado-a-madrid-dos-principais-fondos-do-arquivo-militar-de-ferrol\\\/\"},\"wordCount\":601,\"commentCount\":0,\"publisher\":{\"@id\":\"https:\\\/\\\/www.anovapeneira.gal\\\/#organization\"},\"image\":{\"@id\":\"https:\\\/\\\/www.anovapeneira.gal\\\/index.php\\\/2024\\\/11\\\/18\\\/a-igm-sumase-ao-rexeitamento-do-traslado-a-madrid-dos-principais-fondos-do-arquivo-militar-de-ferrol\\\/#primaryimage\"},\"thumbnailUrl\":\"https:\\\/\\\/www.anovapeneira.gal\\\/wp-content\\\/uploads\\\/2021\\\/02\\\/iniciativagalegapolamemoria.gif\",\"keywords\":[\"Iniciativa Galega pola Memoria\"],\"articleSection\":[\"Novas\"],\"inLanguage\":\"gl-ES\",\"potentialAction\":[{\"@type\":\"CommentAction\",\"name\":\"Comment\",\"target\":[\"https:\\\/\\\/www.anovapeneira.gal\\\/index.php\\\/2024\\\/11\\\/18\\\/a-igm-sumase-ao-rexeitamento-do-traslado-a-madrid-dos-principais-fondos-do-arquivo-militar-de-ferrol\\\/#respond\"]}]},{\"@type\":\"WebPage\",\"@id\":\"https:\\\/\\\/www.anovapeneira.gal\\\/index.php\\\/2024\\\/11\\\/18\\\/a-igm-sumase-ao-rexeitamento-do-traslado-a-madrid-dos-principais-fondos-do-arquivo-militar-de-ferrol\\\/\",\"url\":\"https:\\\/\\\/www.anovapeneira.gal\\\/index.php\\\/2024\\\/11\\\/18\\\/a-igm-sumase-ao-rexeitamento-do-traslado-a-madrid-dos-principais-fondos-do-arquivo-militar-de-ferrol\\\/\",\"name\":\"A IGM s\u00famase ao rexeitamento do traslado a Madrid dos principais fondos do Arquivo Militar de Ferrol -\",\"isPartOf\":{\"@id\":\"https:\\\/\\\/www.anovapeneira.gal\\\/#website\"},\"primaryImageOfPage\":{\"@id\":\"https:\\\/\\\/www.anovapeneira.gal\\\/index.php\\\/2024\\\/11\\\/18\\\/a-igm-sumase-ao-rexeitamento-do-traslado-a-madrid-dos-principais-fondos-do-arquivo-militar-de-ferrol\\\/#primaryimage\"},\"image\":{\"@id\":\"https:\\\/\\\/www.anovapeneira.gal\\\/index.php\\\/2024\\\/11\\\/18\\\/a-igm-sumase-ao-rexeitamento-do-traslado-a-madrid-dos-principais-fondos-do-arquivo-militar-de-ferrol\\\/#primaryimage\"},\"thumbnailUrl\":\"https:\\\/\\\/www.anovapeneira.gal\\\/wp-content\\\/uploads\\\/2021\\\/02\\\/iniciativagalegapolamemoria.gif\",\"datePublished\":\"2024-11-18T11:00:39+00:00\",\"breadcrumb\":{\"@id\":\"https:\\\/\\\/www.anovapeneira.gal\\\/index.php\\\/2024\\\/11\\\/18\\\/a-igm-sumase-ao-rexeitamento-do-traslado-a-madrid-dos-principais-fondos-do-arquivo-militar-de-ferrol\\\/#breadcrumb\"},\"inLanguage\":\"gl-ES\",\"potentialAction\":[{\"@type\":\"ReadAction\",\"target\":[\"https:\\\/\\\/www.anovapeneira.gal\\\/index.php\\\/2024\\\/11\\\/18\\\/a-igm-sumase-ao-rexeitamento-do-traslado-a-madrid-dos-principais-fondos-do-arquivo-militar-de-ferrol\\\/\"]}]},{\"@type\":\"ImageObject\",\"inLanguage\":\"gl-ES\",\"@id\":\"https:\\\/\\\/www.anovapeneira.gal\\\/index.php\\\/2024\\\/11\\\/18\\\/a-igm-sumase-ao-rexeitamento-do-traslado-a-madrid-dos-principais-fondos-do-arquivo-militar-de-ferrol\\\/#primaryimage\",\"url\":\"https:\\\/\\\/www.anovapeneira.gal\\\/wp-content\\\/uploads\\\/2021\\\/02\\\/iniciativagalegapolamemoria.gif\",\"contentUrl\":\"https:\\\/\\\/www.anovapeneira.gal\\\/wp-content\\\/uploads\\\/2021\\\/02\\\/iniciativagalegapolamemoria.gif\",\"width\":1920,\"height\":1146,\"caption\":\"Iniciativa Galega pola memoria\"},{\"@type\":\"BreadcrumbList\",\"@id\":\"https:\\\/\\\/www.anovapeneira.gal\\\/index.php\\\/2024\\\/11\\\/18\\\/a-igm-sumase-ao-rexeitamento-do-traslado-a-madrid-dos-principais-fondos-do-arquivo-militar-de-ferrol\\\/#breadcrumb\",\"itemListElement\":[{\"@type\":\"ListItem\",\"position\":1,\"name\":\"Portada\",\"item\":\"https:\\\/\\\/www.anovapeneira.gal\\\/\"},{\"@type\":\"ListItem\",\"position\":2,\"name\":\"A IGM s\u00famase ao rexeitamento do traslado a Madrid dos principais fondos do Arquivo Militar de Ferrol\"}]},{\"@type\":\"WebSite\",\"@id\":\"https:\\\/\\\/www.anovapeneira.gal\\\/#website\",\"url\":\"https:\\\/\\\/www.anovapeneira.gal\\\/\",\"name\":\"\",\"description\":\"Xornal galego de informaci\u00f3n xeral Publicaci\u00f3n mensual de novas de Galicia e en especial dos Concellos da sur da provincia de Pontevedra.\",\"publisher\":{\"@id\":\"https:\\\/\\\/www.anovapeneira.gal\\\/#organization\"},\"potentialAction\":[{\"@type\":\"SearchAction\",\"target\":{\"@type\":\"EntryPoint\",\"urlTemplate\":\"https:\\\/\\\/www.anovapeneira.gal\\\/?s={search_term_string}\"},\"query-input\":{\"@type\":\"PropertyValueSpecification\",\"valueRequired\":true,\"valueName\":\"search_term_string\"}}],\"inLanguage\":\"gl-ES\"},{\"@type\":\"Organization\",\"@id\":\"https:\\\/\\\/www.anovapeneira.gal\\\/#organization\",\"name\":\"A Nova Peneira\",\"url\":\"https:\\\/\\\/www.anovapeneira.gal\\\/\",\"logo\":{\"@type\":\"ImageObject\",\"inLanguage\":\"gl-ES\",\"@id\":\"https:\\\/\\\/www.anovapeneira.gal\\\/#\\\/schema\\\/logo\\\/image\\\/\",\"url\":\"http:\\\/\\\/www.anovapeneira.gal\\\/wp-content\\\/uploads\\\/2019\\\/06\\\/logo_a_nova_peneira_portal_web.png\",\"contentUrl\":\"http:\\\/\\\/www.anovapeneira.gal\\\/wp-content\\\/uploads\\\/2019\\\/06\\\/logo_a_nova_peneira_portal_web.png\",\"width\":300,\"height\":100,\"caption\":\"A Nova Peneira\"},\"image\":{\"@id\":\"https:\\\/\\\/www.anovapeneira.gal\\\/#\\\/schema\\\/logo\\\/image\\\/\"},\"sameAs\":[\"https:\\\/\\\/www.facebook.com\\\/anovapeneira\",\"https:\\\/\\\/x.com\\\/APeneira\"]},{\"@type\":\"Person\",\"@id\":\"https:\\\/\\\/www.anovapeneira.gal\\\/#\\\/schema\\\/person\\\/b93e3f8932e3f8da96334607eb6ac6aa\",\"name\":\"Redacci\u00f3n A Nova Peneira\",\"image\":{\"@type\":\"ImageObject\",\"inLanguage\":\"gl-ES\",\"@id\":\"https:\\\/\\\/secure.gravatar.com\\\/avatar\\\/c052a2551a06e23fac63626232eaa90abd78dbcf1700fc46a2b2c89fd27b735f?s=96&d=mm&r=g\",\"url\":\"https:\\\/\\\/secure.gravatar.com\\\/avatar\\\/c052a2551a06e23fac63626232eaa90abd78dbcf1700fc46a2b2c89fd27b735f?s=96&d=mm&r=g\",\"contentUrl\":\"https:\\\/\\\/secure.gravatar.com\\\/avatar\\\/c052a2551a06e23fac63626232eaa90abd78dbcf1700fc46a2b2c89fd27b735f?s=96&d=mm&r=g\",\"caption\":\"Redacci\u00f3n A Nova Peneira\"},\"sameAs\":[\"http:\\\/\\\/www.anovapeneira.gal\\\/\"],\"url\":\"https:\\\/\\\/www.anovapeneira.gal\\\/index.php\\\/author\\\/redactor\\\/\"}]}<\/script>\n<!-- \/ Yoast SEO plugin. -->","yoast_head_json":{"title":"A IGM s\u00famase ao rexeitamento do traslado a Madrid dos principais fondos do Arquivo Militar de Ferrol -","robots":{"index":"index","follow":"follow","max-snippet":"max-snippet:-1","max-image-preview":"max-image-preview:large","max-video-preview":"max-video-preview:-1"},"canonical":"https:\/\/www.anovapeneira.gal\/index.php\/2024\/11\/18\/a-igm-sumase-ao-rexeitamento-do-traslado-a-madrid-dos-principais-fondos-do-arquivo-militar-de-ferrol\/","og_locale":"gl_ES","og_type":"article","og_title":"A IGM s\u00famase ao rexeitamento do traslado a Madrid dos principais fondos do Arquivo Militar de Ferrol -","og_description":"Entende que prexudicar\u00eda as investigaci\u00f3ns con perspectiva galega, agravando o centralismo e mesmo conculcando a Lei de Memoria Democr\u00e1tica [...]","og_url":"https:\/\/www.anovapeneira.gal\/index.php\/2024\/11\/18\/a-igm-sumase-ao-rexeitamento-do-traslado-a-madrid-dos-principais-fondos-do-arquivo-militar-de-ferrol\/","article_publisher":"https:\/\/www.facebook.com\/anovapeneira","article_published_time":"2024-11-18T11:00:39+00:00","og_image":[{"width":1920,"height":1146,"url":"https:\/\/www.anovapeneira.gal\/wp-content\/uploads\/2021\/02\/iniciativagalegapolamemoria.gif","type":"image\/gif"}],"author":"Redacci\u00f3n A Nova Peneira","twitter_card":"summary_large_image","twitter_creator":"@APeneira","twitter_site":"@APeneira","twitter_misc":{"Escrito por":"Redacci\u00f3n A Nova Peneira","Tempo de lectura":"4 minutos"},"schema":{"@context":"https:\/\/schema.org","@graph":[{"@type":"Article","@id":"https:\/\/www.anovapeneira.gal\/index.php\/2024\/11\/18\/a-igm-sumase-ao-rexeitamento-do-traslado-a-madrid-dos-principais-fondos-do-arquivo-militar-de-ferrol\/#article","isPartOf":{"@id":"https:\/\/www.anovapeneira.gal\/index.php\/2024\/11\/18\/a-igm-sumase-ao-rexeitamento-do-traslado-a-madrid-dos-principais-fondos-do-arquivo-militar-de-ferrol\/"},"author":{"name":"Redacci\u00f3n A Nova Peneira","@id":"https:\/\/www.anovapeneira.gal\/#\/schema\/person\/b93e3f8932e3f8da96334607eb6ac6aa"},"headline":"A IGM s\u00famase ao rexeitamento do traslado a Madrid dos principais fondos do Arquivo Militar de Ferrol","datePublished":"2024-11-18T11:00:39+00:00","mainEntityOfPage":{"@id":"https:\/\/www.anovapeneira.gal\/index.php\/2024\/11\/18\/a-igm-sumase-ao-rexeitamento-do-traslado-a-madrid-dos-principais-fondos-do-arquivo-militar-de-ferrol\/"},"wordCount":601,"commentCount":0,"publisher":{"@id":"https:\/\/www.anovapeneira.gal\/#organization"},"image":{"@id":"https:\/\/www.anovapeneira.gal\/index.php\/2024\/11\/18\/a-igm-sumase-ao-rexeitamento-do-traslado-a-madrid-dos-principais-fondos-do-arquivo-militar-de-ferrol\/#primaryimage"},"thumbnailUrl":"https:\/\/www.anovapeneira.gal\/wp-content\/uploads\/2021\/02\/iniciativagalegapolamemoria.gif","keywords":["Iniciativa Galega pola Memoria"],"articleSection":["Novas"],"inLanguage":"gl-ES","potentialAction":[{"@type":"CommentAction","name":"Comment","target":["https:\/\/www.anovapeneira.gal\/index.php\/2024\/11\/18\/a-igm-sumase-ao-rexeitamento-do-traslado-a-madrid-dos-principais-fondos-do-arquivo-militar-de-ferrol\/#respond"]}]},{"@type":"WebPage","@id":"https:\/\/www.anovapeneira.gal\/index.php\/2024\/11\/18\/a-igm-sumase-ao-rexeitamento-do-traslado-a-madrid-dos-principais-fondos-do-arquivo-militar-de-ferrol\/","url":"https:\/\/www.anovapeneira.gal\/index.php\/2024\/11\/18\/a-igm-sumase-ao-rexeitamento-do-traslado-a-madrid-dos-principais-fondos-do-arquivo-militar-de-ferrol\/","name":"A IGM s\u00famase ao rexeitamento do traslado a Madrid dos principais fondos do Arquivo Militar de Ferrol -","isPartOf":{"@id":"https:\/\/www.anovapeneira.gal\/#website"},"primaryImageOfPage":{"@id":"https:\/\/www.anovapeneira.gal\/index.php\/2024\/11\/18\/a-igm-sumase-ao-rexeitamento-do-traslado-a-madrid-dos-principais-fondos-do-arquivo-militar-de-ferrol\/#primaryimage"},"image":{"@id":"https:\/\/www.anovapeneira.gal\/index.php\/2024\/11\/18\/a-igm-sumase-ao-rexeitamento-do-traslado-a-madrid-dos-principais-fondos-do-arquivo-militar-de-ferrol\/#primaryimage"},"thumbnailUrl":"https:\/\/www.anovapeneira.gal\/wp-content\/uploads\/2021\/02\/iniciativagalegapolamemoria.gif","datePublished":"2024-11-18T11:00:39+00:00","breadcrumb":{"@id":"https:\/\/www.anovapeneira.gal\/index.php\/2024\/11\/18\/a-igm-sumase-ao-rexeitamento-do-traslado-a-madrid-dos-principais-fondos-do-arquivo-militar-de-ferrol\/#breadcrumb"},"inLanguage":"gl-ES","potentialAction":[{"@type":"ReadAction","target":["https:\/\/www.anovapeneira.gal\/index.php\/2024\/11\/18\/a-igm-sumase-ao-rexeitamento-do-traslado-a-madrid-dos-principais-fondos-do-arquivo-militar-de-ferrol\/"]}]},{"@type":"ImageObject","inLanguage":"gl-ES","@id":"https:\/\/www.anovapeneira.gal\/index.php\/2024\/11\/18\/a-igm-sumase-ao-rexeitamento-do-traslado-a-madrid-dos-principais-fondos-do-arquivo-militar-de-ferrol\/#primaryimage","url":"https:\/\/www.anovapeneira.gal\/wp-content\/uploads\/2021\/02\/iniciativagalegapolamemoria.gif","contentUrl":"https:\/\/www.anovapeneira.gal\/wp-content\/uploads\/2021\/02\/iniciativagalegapolamemoria.gif","width":1920,"height":1146,"caption":"Iniciativa Galega pola memoria"},{"@type":"BreadcrumbList","@id":"https:\/\/www.anovapeneira.gal\/index.php\/2024\/11\/18\/a-igm-sumase-ao-rexeitamento-do-traslado-a-madrid-dos-principais-fondos-do-arquivo-militar-de-ferrol\/#breadcrumb","itemListElement":[{"@type":"ListItem","position":1,"name":"Portada","item":"https:\/\/www.anovapeneira.gal\/"},{"@type":"ListItem","position":2,"name":"A IGM s\u00famase ao rexeitamento do traslado a Madrid dos principais fondos do Arquivo Militar de Ferrol"}]},{"@type":"WebSite","@id":"https:\/\/www.anovapeneira.gal\/#website","url":"https:\/\/www.anovapeneira.gal\/","name":"","description":"Xornal galego de informaci\u00f3n xeral Publicaci\u00f3n mensual de novas de Galicia e en especial dos Concellos da sur da provincia de Pontevedra.","publisher":{"@id":"https:\/\/www.anovapeneira.gal\/#organization"},"potentialAction":[{"@type":"SearchAction","target":{"@type":"EntryPoint","urlTemplate":"https:\/\/www.anovapeneira.gal\/?s={search_term_string}"},"query-input":{"@type":"PropertyValueSpecification","valueRequired":true,"valueName":"search_term_string"}}],"inLanguage":"gl-ES"},{"@type":"Organization","@id":"https:\/\/www.anovapeneira.gal\/#organization","name":"A Nova Peneira","url":"https:\/\/www.anovapeneira.gal\/","logo":{"@type":"ImageObject","inLanguage":"gl-ES","@id":"https:\/\/www.anovapeneira.gal\/#\/schema\/logo\/image\/","url":"http:\/\/www.anovapeneira.gal\/wp-content\/uploads\/2019\/06\/logo_a_nova_peneira_portal_web.png","contentUrl":"http:\/\/www.anovapeneira.gal\/wp-content\/uploads\/2019\/06\/logo_a_nova_peneira_portal_web.png","width":300,"height":100,"caption":"A Nova Peneira"},"image":{"@id":"https:\/\/www.anovapeneira.gal\/#\/schema\/logo\/image\/"},"sameAs":["https:\/\/www.facebook.com\/anovapeneira","https:\/\/x.com\/APeneira"]},{"@type":"Person","@id":"https:\/\/www.anovapeneira.gal\/#\/schema\/person\/b93e3f8932e3f8da96334607eb6ac6aa","name":"Redacci\u00f3n A Nova Peneira","image":{"@type":"ImageObject","inLanguage":"gl-ES","@id":"https:\/\/secure.gravatar.com\/avatar\/c052a2551a06e23fac63626232eaa90abd78dbcf1700fc46a2b2c89fd27b735f?s=96&d=mm&r=g","url":"https:\/\/secure.gravatar.com\/avatar\/c052a2551a06e23fac63626232eaa90abd78dbcf1700fc46a2b2c89fd27b735f?s=96&d=mm&r=g","contentUrl":"https:\/\/secure.gravatar.com\/avatar\/c052a2551a06e23fac63626232eaa90abd78dbcf1700fc46a2b2c89fd27b735f?s=96&d=mm&r=g","caption":"Redacci\u00f3n A Nova Peneira"},"sameAs":["http:\/\/www.anovapeneira.gal\/"],"url":"https:\/\/www.anovapeneira.gal\/index.php\/author\/redactor\/"}]}},"jetpack_featured_media_url":"https:\/\/www.anovapeneira.gal\/wp-content\/uploads\/2021\/02\/iniciativagalegapolamemoria.gif","_links":{"self":[{"href":"https:\/\/www.anovapeneira.gal\/index.php\/wp-json\/wp\/v2\/posts\/12785","targetHints":{"allow":["GET"]}}],"collection":[{"href":"https:\/\/www.anovapeneira.gal\/index.php\/wp-json\/wp\/v2\/posts"}],"about":[{"href":"https:\/\/www.anovapeneira.gal\/index.php\/wp-json\/wp\/v2\/types\/post"}],"author":[{"embeddable":true,"href":"https:\/\/www.anovapeneira.gal\/index.php\/wp-json\/wp\/v2\/users\/3"}],"replies":[{"embeddable":true,"href":"https:\/\/www.anovapeneira.gal\/index.php\/wp-json\/wp\/v2\/comments?post=12785"}],"version-history":[{"count":1,"href":"https:\/\/www.anovapeneira.gal\/index.php\/wp-json\/wp\/v2\/posts\/12785\/revisions"}],"predecessor-version":[{"id":12786,"href":"https:\/\/www.anovapeneira.gal\/index.php\/wp-json\/wp\/v2\/posts\/12785\/revisions\/12786"}],"wp:featuredmedia":[{"embeddable":true,"href":"https:\/\/www.anovapeneira.gal\/index.php\/wp-json\/wp\/v2\/media\/4885"}],"wp:attachment":[{"href":"https:\/\/www.anovapeneira.gal\/index.php\/wp-json\/wp\/v2\/media?parent=12785"}],"wp:term":[{"taxonomy":"category","embeddable":true,"href":"https:\/\/www.anovapeneira.gal\/index.php\/wp-json\/wp\/v2\/categories?post=12785"},{"taxonomy":"post_tag","embeddable":true,"href":"https:\/\/www.anovapeneira.gal\/index.php\/wp-json\/wp\/v2\/tags?post=12785"}],"curies":[{"name":"wp","href":"https:\/\/api.w.org\/{rel}","templated":true}]}}