{"id":12787,"date":"2024-11-19T10:00:20","date_gmt":"2024-11-19T09:00:20","guid":{"rendered":"https:\/\/www.anovapeneira.gal\/?p=12787"},"modified":"2024-11-13T10:11:45","modified_gmt":"2024-11-13T09:11:45","slug":"mini-rivas-e-o-seu-grupo-catro-nun-zoco-pechan-a-temporada-de-concertos-en-casa-gallardo-de-puxeiros","status":"publish","type":"post","link":"https:\/\/www.anovapeneira.gal\/index.php\/2024\/11\/19\/mini-rivas-e-o-seu-grupo-catro-nun-zoco-pechan-a-temporada-de-concertos-en-casa-gallardo-de-puxeiros\/","title":{"rendered":"Mini Rivas e o seu grupo \u201c Catro Nun Zoco\u201d pechan a temporada de Concertos en Casa Gallardo de Puxeiros"},"content":{"rendered":"\n<p><strong>O noso amigo Waldo Rodr\u00edguez , propietario do senlleiro local \u201c Casa Gallardo\u201d de Puxeiros, ten o fermoso costume , desde hai varios anos, de artellar concertos as noites dos venres no seu local, en moitos casos de m\u00fasica popular galega. Xa \u00e9 unha tradici\u00f3n na comarca da Louri\u00f1a, e en moitas zonas de Vigo tam\u00e9n, reservar a noite dos venres para achegarse a casa Gallardo a gozar coa m\u00fasica e pasar un bo momento. Este 2024 a temporada de concertos p\u00e9chaa o 13 de decembro coa actuaci\u00f3n do grande Mini Rivas e do seu grupo \u201c Catro nun Zoco\u201d, e n\u00f3s non podiamos deixar de conversar con Waldo.<\/strong><\/p>\n\n\n\n<p><strong>Waldo Rodr\u00edguez,propietario de Casa Gallardo Puxeiros.<\/strong><\/p>\n\n\n\n<p>\u201c<strong>Estou moi agradecido a Mini porque pola s\u00faa banda todo foron facilidades para estar con n\u00f3s\u201d<\/strong><\/p>\n\n\n\n<p><strong>Este ano seica vas pechar a t\u00faa habitual temporada de concertos de maneira espectacular?<\/strong><\/p>\n\n\n\n<blockquote class=\"wp-block-quote is-layout-flow wp-block-quote-is-layout-flow\">\n<p>Si, a verdade \u00e9 que si. Far\u00e9molo co grande Mini Rivas Cruz e o seu grupo \u201c Catro Nun Zoco\u201d. Espero que \u00e1 xente lle guste a actuaci\u00f3n do venres 13 de Nadal \u00e1s 23:00 h da noite en Casa Gallardo.<\/p>\n<\/blockquote>\n\n\n\n<p><strong>Hai que comprar alg\u00fan tipo de entrada?<\/strong><\/p>\n\n\n\n<blockquote class=\"wp-block-quote is-layout-flow wp-block-quote-is-layout-flow\">\n<p>Non, a entrada \u00e9 libre ata completar aforo.<\/p>\n<\/blockquote>\n\n\n\n<p><strong>Como foi a tempada de concertos este ano?<\/strong><\/p>\n\n\n\n<blockquote class=\"wp-block-quote is-layout-flow wp-block-quote-is-layout-flow\">\n<p>Positiva como sempre, temos uns clientes que saben que os venres a partir das 11 da noite hai actuaci\u00f3n e aqu\u00ed aparecen. Casa Gallardo \u00e9 un punto de encontro.<\/p>\n<\/blockquote>\n\n\n\n<p><strong>F\u00e1lame dos grupos que estiveron aqu\u00ed este ano?<\/strong><\/p>\n\n\n\n<blockquote class=\"wp-block-quote is-layout-flow wp-block-quote-is-layout-flow\">\n<p>A Resaca de Masiel, Son do R\u00edo, Gaiteiros do Recunco, Alberto Cunha &#8230;..e moitos m\u00e1is grupos. A verdade \u00e9 que foi un ano de moita calidade, no que se refire \u00e1 m\u00fasica que pasou por Casa Gallardo<\/p>\n<\/blockquote>\n\n\n\n<p><strong>E pechamos de maneira impresionante<\/strong><\/p>\n\n\n\n<blockquote class=\"wp-block-quote is-layout-flow wp-block-quote-is-layout-flow\">\n<p>Si, pechamos cun dos grandes de Galicia que \u00e9 \u201cCatro nun Zoco\u201d. Este grupo est\u00e1 composto por Mini, Iria e Navia Rivas, que son fillas de Mini, e Mari\u00f1a Quintill\u00e1n.<\/p>\n<\/blockquote>\n\n\n\n<p><strong>O grande Mini Rivas Cruz, un dos grandes da m\u00fasica galega. Custouche moito que tocar\u00e1n aqu\u00ed?<\/strong><\/p>\n\n\n\n<blockquote class=\"wp-block-quote is-layout-flow wp-block-quote-is-layout-flow\">\n<p>Non, todo foron facilidades pola s\u00faa banda para poder organizar o concerto. Estou moi agradecido.<\/p>\n<\/blockquote>\n\n\n\n<p><strong>El xa estivera aqu\u00ed antes non?<\/strong><\/p>\n\n\n\n<blockquote class=\"wp-block-quote is-layout-flow wp-block-quote-is-layout-flow\">\n<p>Si, co seu antigo grupo \u201cA Quenlla\u201d, far\u00e1 uns sete anos.<\/p>\n<\/blockquote>\n\n\n\n<p><strong>Eu estiven nese concerto. Podo dicir que foi emocionante, a interpretaci\u00f3n que fixeron do poema \u201cirmaus\u201d de Celso Emilio Ferreiro foi das mellores que vin na mi\u00f1a vida, pux\u00e9ranme os pelos de punta. Seguro que as expectativas que tes para esta actuaci\u00f3n tam\u00e9n son moi elevadas, verdade?<\/strong><\/p>\n\n\n\n<blockquote class=\"wp-block-quote is-layout-flow wp-block-quote-is-layout-flow\">\n<p>Si, as expectativas son moi elevadas, e xa hai xente que me est\u00e1 dicindo que conte con ela para ese d\u00eda.<\/p>\n<\/blockquote>\n\n\n\n<p><strong>Eu te\u00f1o previsto estar \u00e1s 21:30 h xa, para non quedarme sen sitio. Ata que hora se vai prolongar o concerto?<\/strong><\/p>\n\n\n\n<blockquote class=\"wp-block-quote is-layout-flow wp-block-quote-is-layout-flow\">\n<p>Ata a hora que eles queiran deixar de tocar.<\/p>\n<\/blockquote>\n\n\n\n<p><strong>Vas facer alg\u00fan tipo de publicidade especial para o evento?<\/strong><\/p>\n\n\n\n<blockquote class=\"wp-block-quote is-layout-flow wp-block-quote-is-layout-flow\">\n<p>Non, que va. Farei como sempre, o boca a boca que \u00e9 o que mellor funciona. Tam\u00e9n po\u00f1o un cartel no local e outro no Centro Cultural As Pedri\u00f1as de Tameiga. Tam\u00e9n env\u00edollo por Wasp aos amigos e eles xa se encargan de pasalo.<\/p>\n<\/blockquote>\n\n\n\n<p><strong>Non sei si tes previsto algo para o 2025 pero co nivel que pechas a actual tempada de concertos, vai ser dif\u00edcil superar as expectativas deste ano.<\/strong><\/p>\n\n\n\n<blockquote class=\"wp-block-quote is-layout-flow wp-block-quote-is-layout-flow\">\n<p>Claro que vai ser dif\u00edcil, pois este vai ser un peche de ano dos grandes.<\/p>\n<\/blockquote>\n\n\n\n<p><strong>Tes algo pensado para os concertos do 2025?<\/strong><\/p>\n\n\n\n<blockquote class=\"wp-block-quote is-layout-flow wp-block-quote-is-layout-flow\">\n<p>Temos algunha cousi\u00f1a a\u00ed, pero a\u00ednda \u00e9 pronto, o que si queremos \u00e9 facer algo especial.<\/p>\n<\/blockquote>\n\n\n\n<p><strong>Xa vou anticipar o por que. Casa gallardo naceu en 1905, para o ano que v\u00e9n Casa Gallardo cumpre 120 anos\u2026<\/strong><\/p>\n\n\n\n<blockquote class=\"wp-block-quote is-layout-flow wp-block-quote-is-layout-flow\">\n<p>Si, algo faremos para celebralo cara \u00e1 primavera.<\/p>\n<\/blockquote>\n\n\n\n<p><strong>Sabes exactamente en que data naceu esta casa?<\/strong><\/p>\n\n\n\n<blockquote class=\"wp-block-quote is-layout-flow wp-block-quote-is-layout-flow\">\n<p>Non temos os datos exactos pero si que sei que foi entre setembro ou outubro.<\/p>\n<\/blockquote>\n\n\n\n<p><strong>Quen foi o fundador ou fundadora?<\/strong><\/p>\n\n\n\n<blockquote class=\"wp-block-quote is-layout-flow wp-block-quote-is-layout-flow\">\n<p>Foi o meu av\u00f3, cham\u00e1base Perfecto. Logo seguiron na segunda xeraci\u00f3n Lola e Romana, que eran irm\u00e1s e fillas de Perfecto, xunto co seu xenro Bastos. O meu pai Manuel tam\u00e9n colaboraba.<\/p>\n<\/blockquote>\n\n\n\n<p><strong>Ent\u00f3n ti es a terceira xeraci\u00f3n?<\/strong><\/p>\n\n\n\n<blockquote class=\"wp-block-quote is-layout-flow wp-block-quote-is-layout-flow\">\n<p>Si.<\/p>\n<\/blockquote>\n\n\n\n<p><strong>Haber\u00e1 unha cuarta?<\/strong><\/p>\n\n\n\n<blockquote class=\"wp-block-quote is-layout-flow wp-block-quote-is-layout-flow\">\n<p>Te\u00f1o aqu\u00ed un sobri\u00f1o que espero te\u00f1a a ilusi\u00f3n de seguir con Casa Gallardo.<\/p>\n<\/blockquote>\n\n\n\n<p><strong>V\u00e9monos o d\u00eda 13 Waldo .Estou seguro de que vai a ser espectacular.<\/strong><\/p>\n\n\n\n<blockquote class=\"wp-block-quote is-layout-flow wp-block-quote-is-layout-flow\">\n<p>Aqu\u00ed espero vervos o venres 13.<\/p>\n\n\n\n<figure class=\"wp-block-image size-large\"><img loading=\"lazy\" decoding=\"async\" width=\"724\" height=\"1024\" src=\"https:\/\/www.anovapeneira.gal\/wp-content\/uploads\/2024\/11\/IMG-20241024-WA0004-724x1024.jpg\" alt=\"\" class=\"wp-image-12789\" srcset=\"https:\/\/www.anovapeneira.gal\/wp-content\/uploads\/2024\/11\/IMG-20241024-WA0004-724x1024.jpg 724w, https:\/\/www.anovapeneira.gal\/wp-content\/uploads\/2024\/11\/IMG-20241024-WA0004-212x300.jpg 212w, https:\/\/www.anovapeneira.gal\/wp-content\/uploads\/2024\/11\/IMG-20241024-WA0004-768x1086.jpg 768w, https:\/\/www.anovapeneira.gal\/wp-content\/uploads\/2024\/11\/IMG-20241024-WA0004-1086x1536.jpg 1086w, https:\/\/www.anovapeneira.gal\/wp-content\/uploads\/2024\/11\/IMG-20241024-WA0004.jpg 1131w\" sizes=\"auto, (max-width: 724px) 100vw, 724px\" \/><\/figure>\n<\/blockquote>\n","protected":false},"excerpt":{"rendered":"<div class=\"mh-excerpt\"><p>O noso amigo Waldo Rodr\u00edguez , propietario do senlleiro local \u201c Casa Gallardo\u201d de Puxeiros, ten o fermoso costume , desde hai varios anos, de artellar concertos as noites dos venres no seu local, en <a class=\"mh-excerpt-more\" href=\"https:\/\/www.anovapeneira.gal\/index.php\/2024\/11\/19\/mini-rivas-e-o-seu-grupo-catro-nun-zoco-pechan-a-temporada-de-concertos-en-casa-gallardo-de-puxeiros\/\" title=\"Mini Rivas e o seu grupo \u201c Catro Nun Zoco\u201d pechan a temporada de Concertos en Casa Gallardo de Puxeiros\">[&#8230;]<\/a><\/p>\n<\/div>","protected":false},"author":3,"featured_media":12788,"comment_status":"open","ping_status":"open","sticky":false,"template":"","format":"standard","meta":{"_exactmetrics_skip_tracking":false,"_exactmetrics_sitenote_active":false,"_exactmetrics_sitenote_note":"","_exactmetrics_sitenote_category":0,"footnotes":""},"categories":[490],"tags":[218],"class_list":{"0":"post-12787","1":"post","2":"type-post","3":"status-publish","4":"format-standard","5":"has-post-thumbnail","7":"category-a-lourina-reportaxes","8":"tag-concello-de-mos"},"yoast_head":"<!-- This site is optimized with the Yoast SEO plugin v27.4 - https:\/\/yoast.com\/product\/yoast-seo-wordpress\/ -->\n<title>Mini Rivas e o seu grupo \u201c Catro Nun Zoco\u201d pechan a temporada de Concertos en Casa Gallardo de Puxeiros -<\/title>\n<meta name=\"robots\" content=\"index, follow, max-snippet:-1, max-image-preview:large, max-video-preview:-1\" \/>\n<link rel=\"canonical\" href=\"https:\/\/www.anovapeneira.gal\/index.php\/2024\/11\/19\/mini-rivas-e-o-seu-grupo-catro-nun-zoco-pechan-a-temporada-de-concertos-en-casa-gallardo-de-puxeiros\/\" \/>\n<meta property=\"og:locale\" content=\"gl_ES\" \/>\n<meta property=\"og:type\" content=\"article\" \/>\n<meta property=\"og:title\" content=\"Mini Rivas e o seu grupo \u201c Catro Nun Zoco\u201d pechan a temporada de Concertos en Casa Gallardo de Puxeiros -\" \/>\n<meta property=\"og:description\" content=\"O noso amigo Waldo Rodr\u00edguez , propietario do senlleiro local \u201c Casa Gallardo\u201d de Puxeiros, ten o fermoso costume , desde hai varios anos, de artellar concertos as noites dos venres no seu local, en [...]\" \/>\n<meta property=\"og:url\" content=\"https:\/\/www.anovapeneira.gal\/index.php\/2024\/11\/19\/mini-rivas-e-o-seu-grupo-catro-nun-zoco-pechan-a-temporada-de-concertos-en-casa-gallardo-de-puxeiros\/\" \/>\n<meta property=\"article:publisher\" content=\"https:\/\/www.facebook.com\/anovapeneira\" \/>\n<meta property=\"article:published_time\" content=\"2024-11-19T09:00:20+00:00\" \/>\n<meta property=\"og:image\" content=\"https:\/\/www.anovapeneira.gal\/wp-content\/uploads\/2024\/11\/catro_nun_zoco.jpg\" \/>\n\t<meta property=\"og:image:width\" content=\"720\" \/>\n\t<meta property=\"og:image:height\" content=\"432\" \/>\n\t<meta property=\"og:image:type\" content=\"image\/jpeg\" \/>\n<meta name=\"author\" content=\"Redacci\u00f3n A Nova Peneira\" \/>\n<meta name=\"twitter:card\" content=\"summary_large_image\" \/>\n<meta name=\"twitter:creator\" content=\"@APeneira\" \/>\n<meta name=\"twitter:site\" content=\"@APeneira\" \/>\n<meta name=\"twitter:label1\" content=\"Escrito por\" \/>\n\t<meta name=\"twitter:data1\" content=\"Redacci\u00f3n A Nova Peneira\" \/>\n\t<meta name=\"twitter:label2\" content=\"Tempo de lectura\" \/>\n\t<meta name=\"twitter:data2\" content=\"3 minutos\" \/>\n<script type=\"application\/ld+json\" class=\"yoast-schema-graph\">{\"@context\":\"https:\\\/\\\/schema.org\",\"@graph\":[{\"@type\":\"Article\",\"@id\":\"https:\\\/\\\/www.anovapeneira.gal\\\/index.php\\\/2024\\\/11\\\/19\\\/mini-rivas-e-o-seu-grupo-catro-nun-zoco-pechan-a-temporada-de-concertos-en-casa-gallardo-de-puxeiros\\\/#article\",\"isPartOf\":{\"@id\":\"https:\\\/\\\/www.anovapeneira.gal\\\/index.php\\\/2024\\\/11\\\/19\\\/mini-rivas-e-o-seu-grupo-catro-nun-zoco-pechan-a-temporada-de-concertos-en-casa-gallardo-de-puxeiros\\\/\"},\"author\":{\"name\":\"Redacci\u00f3n A Nova Peneira\",\"@id\":\"https:\\\/\\\/www.anovapeneira.gal\\\/#\\\/schema\\\/person\\\/b93e3f8932e3f8da96334607eb6ac6aa\"},\"headline\":\"Mini Rivas e o seu grupo \u201c Catro Nun Zoco\u201d pechan a temporada de Concertos en Casa Gallardo de Puxeiros\",\"datePublished\":\"2024-11-19T09:00:20+00:00\",\"mainEntityOfPage\":{\"@id\":\"https:\\\/\\\/www.anovapeneira.gal\\\/index.php\\\/2024\\\/11\\\/19\\\/mini-rivas-e-o-seu-grupo-catro-nun-zoco-pechan-a-temporada-de-concertos-en-casa-gallardo-de-puxeiros\\\/\"},\"wordCount\":764,\"commentCount\":0,\"publisher\":{\"@id\":\"https:\\\/\\\/www.anovapeneira.gal\\\/#organization\"},\"image\":{\"@id\":\"https:\\\/\\\/www.anovapeneira.gal\\\/index.php\\\/2024\\\/11\\\/19\\\/mini-rivas-e-o-seu-grupo-catro-nun-zoco-pechan-a-temporada-de-concertos-en-casa-gallardo-de-puxeiros\\\/#primaryimage\"},\"thumbnailUrl\":\"https:\\\/\\\/www.anovapeneira.gal\\\/wp-content\\\/uploads\\\/2024\\\/11\\\/catro_nun_zoco.jpg\",\"keywords\":[\"Concello de Mos\"],\"articleSection\":[\"A Louri\u00f1a\"],\"inLanguage\":\"gl-ES\",\"potentialAction\":[{\"@type\":\"CommentAction\",\"name\":\"Comment\",\"target\":[\"https:\\\/\\\/www.anovapeneira.gal\\\/index.php\\\/2024\\\/11\\\/19\\\/mini-rivas-e-o-seu-grupo-catro-nun-zoco-pechan-a-temporada-de-concertos-en-casa-gallardo-de-puxeiros\\\/#respond\"]}]},{\"@type\":\"WebPage\",\"@id\":\"https:\\\/\\\/www.anovapeneira.gal\\\/index.php\\\/2024\\\/11\\\/19\\\/mini-rivas-e-o-seu-grupo-catro-nun-zoco-pechan-a-temporada-de-concertos-en-casa-gallardo-de-puxeiros\\\/\",\"url\":\"https:\\\/\\\/www.anovapeneira.gal\\\/index.php\\\/2024\\\/11\\\/19\\\/mini-rivas-e-o-seu-grupo-catro-nun-zoco-pechan-a-temporada-de-concertos-en-casa-gallardo-de-puxeiros\\\/\",\"name\":\"Mini Rivas e o seu grupo \u201c Catro Nun Zoco\u201d pechan a temporada de Concertos en Casa Gallardo de Puxeiros -\",\"isPartOf\":{\"@id\":\"https:\\\/\\\/www.anovapeneira.gal\\\/#website\"},\"primaryImageOfPage\":{\"@id\":\"https:\\\/\\\/www.anovapeneira.gal\\\/index.php\\\/2024\\\/11\\\/19\\\/mini-rivas-e-o-seu-grupo-catro-nun-zoco-pechan-a-temporada-de-concertos-en-casa-gallardo-de-puxeiros\\\/#primaryimage\"},\"image\":{\"@id\":\"https:\\\/\\\/www.anovapeneira.gal\\\/index.php\\\/2024\\\/11\\\/19\\\/mini-rivas-e-o-seu-grupo-catro-nun-zoco-pechan-a-temporada-de-concertos-en-casa-gallardo-de-puxeiros\\\/#primaryimage\"},\"thumbnailUrl\":\"https:\\\/\\\/www.anovapeneira.gal\\\/wp-content\\\/uploads\\\/2024\\\/11\\\/catro_nun_zoco.jpg\",\"datePublished\":\"2024-11-19T09:00:20+00:00\",\"breadcrumb\":{\"@id\":\"https:\\\/\\\/www.anovapeneira.gal\\\/index.php\\\/2024\\\/11\\\/19\\\/mini-rivas-e-o-seu-grupo-catro-nun-zoco-pechan-a-temporada-de-concertos-en-casa-gallardo-de-puxeiros\\\/#breadcrumb\"},\"inLanguage\":\"gl-ES\",\"potentialAction\":[{\"@type\":\"ReadAction\",\"target\":[\"https:\\\/\\\/www.anovapeneira.gal\\\/index.php\\\/2024\\\/11\\\/19\\\/mini-rivas-e-o-seu-grupo-catro-nun-zoco-pechan-a-temporada-de-concertos-en-casa-gallardo-de-puxeiros\\\/\"]}]},{\"@type\":\"ImageObject\",\"inLanguage\":\"gl-ES\",\"@id\":\"https:\\\/\\\/www.anovapeneira.gal\\\/index.php\\\/2024\\\/11\\\/19\\\/mini-rivas-e-o-seu-grupo-catro-nun-zoco-pechan-a-temporada-de-concertos-en-casa-gallardo-de-puxeiros\\\/#primaryimage\",\"url\":\"https:\\\/\\\/www.anovapeneira.gal\\\/wp-content\\\/uploads\\\/2024\\\/11\\\/catro_nun_zoco.jpg\",\"contentUrl\":\"https:\\\/\\\/www.anovapeneira.gal\\\/wp-content\\\/uploads\\\/2024\\\/11\\\/catro_nun_zoco.jpg\",\"width\":720,\"height\":432,\"caption\":\"Catro nun zoco\"},{\"@type\":\"BreadcrumbList\",\"@id\":\"https:\\\/\\\/www.anovapeneira.gal\\\/index.php\\\/2024\\\/11\\\/19\\\/mini-rivas-e-o-seu-grupo-catro-nun-zoco-pechan-a-temporada-de-concertos-en-casa-gallardo-de-puxeiros\\\/#breadcrumb\",\"itemListElement\":[{\"@type\":\"ListItem\",\"position\":1,\"name\":\"Portada\",\"item\":\"https:\\\/\\\/www.anovapeneira.gal\\\/\"},{\"@type\":\"ListItem\",\"position\":2,\"name\":\"Mini Rivas e o seu grupo \u201c Catro Nun Zoco\u201d pechan a temporada de Concertos en Casa Gallardo de Puxeiros\"}]},{\"@type\":\"WebSite\",\"@id\":\"https:\\\/\\\/www.anovapeneira.gal\\\/#website\",\"url\":\"https:\\\/\\\/www.anovapeneira.gal\\\/\",\"name\":\"\",\"description\":\"Xornal galego de informaci\u00f3n xeral Publicaci\u00f3n mensual de novas de Galicia e en especial dos Concellos da sur da provincia de Pontevedra.\",\"publisher\":{\"@id\":\"https:\\\/\\\/www.anovapeneira.gal\\\/#organization\"},\"potentialAction\":[{\"@type\":\"SearchAction\",\"target\":{\"@type\":\"EntryPoint\",\"urlTemplate\":\"https:\\\/\\\/www.anovapeneira.gal\\\/?s={search_term_string}\"},\"query-input\":{\"@type\":\"PropertyValueSpecification\",\"valueRequired\":true,\"valueName\":\"search_term_string\"}}],\"inLanguage\":\"gl-ES\"},{\"@type\":\"Organization\",\"@id\":\"https:\\\/\\\/www.anovapeneira.gal\\\/#organization\",\"name\":\"A Nova Peneira\",\"url\":\"https:\\\/\\\/www.anovapeneira.gal\\\/\",\"logo\":{\"@type\":\"ImageObject\",\"inLanguage\":\"gl-ES\",\"@id\":\"https:\\\/\\\/www.anovapeneira.gal\\\/#\\\/schema\\\/logo\\\/image\\\/\",\"url\":\"http:\\\/\\\/www.anovapeneira.gal\\\/wp-content\\\/uploads\\\/2019\\\/06\\\/logo_a_nova_peneira_portal_web.png\",\"contentUrl\":\"http:\\\/\\\/www.anovapeneira.gal\\\/wp-content\\\/uploads\\\/2019\\\/06\\\/logo_a_nova_peneira_portal_web.png\",\"width\":300,\"height\":100,\"caption\":\"A Nova Peneira\"},\"image\":{\"@id\":\"https:\\\/\\\/www.anovapeneira.gal\\\/#\\\/schema\\\/logo\\\/image\\\/\"},\"sameAs\":[\"https:\\\/\\\/www.facebook.com\\\/anovapeneira\",\"https:\\\/\\\/x.com\\\/APeneira\"]},{\"@type\":\"Person\",\"@id\":\"https:\\\/\\\/www.anovapeneira.gal\\\/#\\\/schema\\\/person\\\/b93e3f8932e3f8da96334607eb6ac6aa\",\"name\":\"Redacci\u00f3n A Nova Peneira\",\"image\":{\"@type\":\"ImageObject\",\"inLanguage\":\"gl-ES\",\"@id\":\"https:\\\/\\\/secure.gravatar.com\\\/avatar\\\/c052a2551a06e23fac63626232eaa90abd78dbcf1700fc46a2b2c89fd27b735f?s=96&d=mm&r=g\",\"url\":\"https:\\\/\\\/secure.gravatar.com\\\/avatar\\\/c052a2551a06e23fac63626232eaa90abd78dbcf1700fc46a2b2c89fd27b735f?s=96&d=mm&r=g\",\"contentUrl\":\"https:\\\/\\\/secure.gravatar.com\\\/avatar\\\/c052a2551a06e23fac63626232eaa90abd78dbcf1700fc46a2b2c89fd27b735f?s=96&d=mm&r=g\",\"caption\":\"Redacci\u00f3n A Nova Peneira\"},\"sameAs\":[\"http:\\\/\\\/www.anovapeneira.gal\\\/\"],\"url\":\"https:\\\/\\\/www.anovapeneira.gal\\\/index.php\\\/author\\\/redactor\\\/\"}]}<\/script>\n<!-- \/ Yoast SEO plugin. -->","yoast_head_json":{"title":"Mini Rivas e o seu grupo \u201c Catro Nun Zoco\u201d pechan a temporada de Concertos en Casa Gallardo de Puxeiros -","robots":{"index":"index","follow":"follow","max-snippet":"max-snippet:-1","max-image-preview":"max-image-preview:large","max-video-preview":"max-video-preview:-1"},"canonical":"https:\/\/www.anovapeneira.gal\/index.php\/2024\/11\/19\/mini-rivas-e-o-seu-grupo-catro-nun-zoco-pechan-a-temporada-de-concertos-en-casa-gallardo-de-puxeiros\/","og_locale":"gl_ES","og_type":"article","og_title":"Mini Rivas e o seu grupo \u201c Catro Nun Zoco\u201d pechan a temporada de Concertos en Casa Gallardo de Puxeiros -","og_description":"O noso amigo Waldo Rodr\u00edguez , propietario do senlleiro local \u201c Casa Gallardo\u201d de Puxeiros, ten o fermoso costume , desde hai varios anos, de artellar concertos as noites dos venres no seu local, en [...]","og_url":"https:\/\/www.anovapeneira.gal\/index.php\/2024\/11\/19\/mini-rivas-e-o-seu-grupo-catro-nun-zoco-pechan-a-temporada-de-concertos-en-casa-gallardo-de-puxeiros\/","article_publisher":"https:\/\/www.facebook.com\/anovapeneira","article_published_time":"2024-11-19T09:00:20+00:00","og_image":[{"width":720,"height":432,"url":"https:\/\/www.anovapeneira.gal\/wp-content\/uploads\/2024\/11\/catro_nun_zoco.jpg","type":"image\/jpeg"}],"author":"Redacci\u00f3n A Nova Peneira","twitter_card":"summary_large_image","twitter_creator":"@APeneira","twitter_site":"@APeneira","twitter_misc":{"Escrito por":"Redacci\u00f3n A Nova Peneira","Tempo de lectura":"3 minutos"},"schema":{"@context":"https:\/\/schema.org","@graph":[{"@type":"Article","@id":"https:\/\/www.anovapeneira.gal\/index.php\/2024\/11\/19\/mini-rivas-e-o-seu-grupo-catro-nun-zoco-pechan-a-temporada-de-concertos-en-casa-gallardo-de-puxeiros\/#article","isPartOf":{"@id":"https:\/\/www.anovapeneira.gal\/index.php\/2024\/11\/19\/mini-rivas-e-o-seu-grupo-catro-nun-zoco-pechan-a-temporada-de-concertos-en-casa-gallardo-de-puxeiros\/"},"author":{"name":"Redacci\u00f3n A Nova Peneira","@id":"https:\/\/www.anovapeneira.gal\/#\/schema\/person\/b93e3f8932e3f8da96334607eb6ac6aa"},"headline":"Mini Rivas e o seu grupo \u201c Catro Nun Zoco\u201d pechan a temporada de Concertos en Casa Gallardo de Puxeiros","datePublished":"2024-11-19T09:00:20+00:00","mainEntityOfPage":{"@id":"https:\/\/www.anovapeneira.gal\/index.php\/2024\/11\/19\/mini-rivas-e-o-seu-grupo-catro-nun-zoco-pechan-a-temporada-de-concertos-en-casa-gallardo-de-puxeiros\/"},"wordCount":764,"commentCount":0,"publisher":{"@id":"https:\/\/www.anovapeneira.gal\/#organization"},"image":{"@id":"https:\/\/www.anovapeneira.gal\/index.php\/2024\/11\/19\/mini-rivas-e-o-seu-grupo-catro-nun-zoco-pechan-a-temporada-de-concertos-en-casa-gallardo-de-puxeiros\/#primaryimage"},"thumbnailUrl":"https:\/\/www.anovapeneira.gal\/wp-content\/uploads\/2024\/11\/catro_nun_zoco.jpg","keywords":["Concello de Mos"],"articleSection":["A Louri\u00f1a"],"inLanguage":"gl-ES","potentialAction":[{"@type":"CommentAction","name":"Comment","target":["https:\/\/www.anovapeneira.gal\/index.php\/2024\/11\/19\/mini-rivas-e-o-seu-grupo-catro-nun-zoco-pechan-a-temporada-de-concertos-en-casa-gallardo-de-puxeiros\/#respond"]}]},{"@type":"WebPage","@id":"https:\/\/www.anovapeneira.gal\/index.php\/2024\/11\/19\/mini-rivas-e-o-seu-grupo-catro-nun-zoco-pechan-a-temporada-de-concertos-en-casa-gallardo-de-puxeiros\/","url":"https:\/\/www.anovapeneira.gal\/index.php\/2024\/11\/19\/mini-rivas-e-o-seu-grupo-catro-nun-zoco-pechan-a-temporada-de-concertos-en-casa-gallardo-de-puxeiros\/","name":"Mini Rivas e o seu grupo \u201c Catro Nun Zoco\u201d pechan a temporada de Concertos en Casa Gallardo de Puxeiros -","isPartOf":{"@id":"https:\/\/www.anovapeneira.gal\/#website"},"primaryImageOfPage":{"@id":"https:\/\/www.anovapeneira.gal\/index.php\/2024\/11\/19\/mini-rivas-e-o-seu-grupo-catro-nun-zoco-pechan-a-temporada-de-concertos-en-casa-gallardo-de-puxeiros\/#primaryimage"},"image":{"@id":"https:\/\/www.anovapeneira.gal\/index.php\/2024\/11\/19\/mini-rivas-e-o-seu-grupo-catro-nun-zoco-pechan-a-temporada-de-concertos-en-casa-gallardo-de-puxeiros\/#primaryimage"},"thumbnailUrl":"https:\/\/www.anovapeneira.gal\/wp-content\/uploads\/2024\/11\/catro_nun_zoco.jpg","datePublished":"2024-11-19T09:00:20+00:00","breadcrumb":{"@id":"https:\/\/www.anovapeneira.gal\/index.php\/2024\/11\/19\/mini-rivas-e-o-seu-grupo-catro-nun-zoco-pechan-a-temporada-de-concertos-en-casa-gallardo-de-puxeiros\/#breadcrumb"},"inLanguage":"gl-ES","potentialAction":[{"@type":"ReadAction","target":["https:\/\/www.anovapeneira.gal\/index.php\/2024\/11\/19\/mini-rivas-e-o-seu-grupo-catro-nun-zoco-pechan-a-temporada-de-concertos-en-casa-gallardo-de-puxeiros\/"]}]},{"@type":"ImageObject","inLanguage":"gl-ES","@id":"https:\/\/www.anovapeneira.gal\/index.php\/2024\/11\/19\/mini-rivas-e-o-seu-grupo-catro-nun-zoco-pechan-a-temporada-de-concertos-en-casa-gallardo-de-puxeiros\/#primaryimage","url":"https:\/\/www.anovapeneira.gal\/wp-content\/uploads\/2024\/11\/catro_nun_zoco.jpg","contentUrl":"https:\/\/www.anovapeneira.gal\/wp-content\/uploads\/2024\/11\/catro_nun_zoco.jpg","width":720,"height":432,"caption":"Catro nun zoco"},{"@type":"BreadcrumbList","@id":"https:\/\/www.anovapeneira.gal\/index.php\/2024\/11\/19\/mini-rivas-e-o-seu-grupo-catro-nun-zoco-pechan-a-temporada-de-concertos-en-casa-gallardo-de-puxeiros\/#breadcrumb","itemListElement":[{"@type":"ListItem","position":1,"name":"Portada","item":"https:\/\/www.anovapeneira.gal\/"},{"@type":"ListItem","position":2,"name":"Mini Rivas e o seu grupo \u201c Catro Nun Zoco\u201d pechan a temporada de Concertos en Casa Gallardo de Puxeiros"}]},{"@type":"WebSite","@id":"https:\/\/www.anovapeneira.gal\/#website","url":"https:\/\/www.anovapeneira.gal\/","name":"","description":"Xornal galego de informaci\u00f3n xeral Publicaci\u00f3n mensual de novas de Galicia e en especial dos Concellos da sur da provincia de Pontevedra.","publisher":{"@id":"https:\/\/www.anovapeneira.gal\/#organization"},"potentialAction":[{"@type":"SearchAction","target":{"@type":"EntryPoint","urlTemplate":"https:\/\/www.anovapeneira.gal\/?s={search_term_string}"},"query-input":{"@type":"PropertyValueSpecification","valueRequired":true,"valueName":"search_term_string"}}],"inLanguage":"gl-ES"},{"@type":"Organization","@id":"https:\/\/www.anovapeneira.gal\/#organization","name":"A Nova Peneira","url":"https:\/\/www.anovapeneira.gal\/","logo":{"@type":"ImageObject","inLanguage":"gl-ES","@id":"https:\/\/www.anovapeneira.gal\/#\/schema\/logo\/image\/","url":"http:\/\/www.anovapeneira.gal\/wp-content\/uploads\/2019\/06\/logo_a_nova_peneira_portal_web.png","contentUrl":"http:\/\/www.anovapeneira.gal\/wp-content\/uploads\/2019\/06\/logo_a_nova_peneira_portal_web.png","width":300,"height":100,"caption":"A Nova Peneira"},"image":{"@id":"https:\/\/www.anovapeneira.gal\/#\/schema\/logo\/image\/"},"sameAs":["https:\/\/www.facebook.com\/anovapeneira","https:\/\/x.com\/APeneira"]},{"@type":"Person","@id":"https:\/\/www.anovapeneira.gal\/#\/schema\/person\/b93e3f8932e3f8da96334607eb6ac6aa","name":"Redacci\u00f3n A Nova Peneira","image":{"@type":"ImageObject","inLanguage":"gl-ES","@id":"https:\/\/secure.gravatar.com\/avatar\/c052a2551a06e23fac63626232eaa90abd78dbcf1700fc46a2b2c89fd27b735f?s=96&d=mm&r=g","url":"https:\/\/secure.gravatar.com\/avatar\/c052a2551a06e23fac63626232eaa90abd78dbcf1700fc46a2b2c89fd27b735f?s=96&d=mm&r=g","contentUrl":"https:\/\/secure.gravatar.com\/avatar\/c052a2551a06e23fac63626232eaa90abd78dbcf1700fc46a2b2c89fd27b735f?s=96&d=mm&r=g","caption":"Redacci\u00f3n A Nova Peneira"},"sameAs":["http:\/\/www.anovapeneira.gal\/"],"url":"https:\/\/www.anovapeneira.gal\/index.php\/author\/redactor\/"}]}},"jetpack_featured_media_url":"https:\/\/www.anovapeneira.gal\/wp-content\/uploads\/2024\/11\/catro_nun_zoco.jpg","_links":{"self":[{"href":"https:\/\/www.anovapeneira.gal\/index.php\/wp-json\/wp\/v2\/posts\/12787","targetHints":{"allow":["GET"]}}],"collection":[{"href":"https:\/\/www.anovapeneira.gal\/index.php\/wp-json\/wp\/v2\/posts"}],"about":[{"href":"https:\/\/www.anovapeneira.gal\/index.php\/wp-json\/wp\/v2\/types\/post"}],"author":[{"embeddable":true,"href":"https:\/\/www.anovapeneira.gal\/index.php\/wp-json\/wp\/v2\/users\/3"}],"replies":[{"embeddable":true,"href":"https:\/\/www.anovapeneira.gal\/index.php\/wp-json\/wp\/v2\/comments?post=12787"}],"version-history":[{"count":1,"href":"https:\/\/www.anovapeneira.gal\/index.php\/wp-json\/wp\/v2\/posts\/12787\/revisions"}],"predecessor-version":[{"id":12790,"href":"https:\/\/www.anovapeneira.gal\/index.php\/wp-json\/wp\/v2\/posts\/12787\/revisions\/12790"}],"wp:featuredmedia":[{"embeddable":true,"href":"https:\/\/www.anovapeneira.gal\/index.php\/wp-json\/wp\/v2\/media\/12788"}],"wp:attachment":[{"href":"https:\/\/www.anovapeneira.gal\/index.php\/wp-json\/wp\/v2\/media?parent=12787"}],"wp:term":[{"taxonomy":"category","embeddable":true,"href":"https:\/\/www.anovapeneira.gal\/index.php\/wp-json\/wp\/v2\/categories?post=12787"},{"taxonomy":"post_tag","embeddable":true,"href":"https:\/\/www.anovapeneira.gal\/index.php\/wp-json\/wp\/v2\/tags?post=12787"}],"curies":[{"name":"wp","href":"https:\/\/api.w.org\/{rel}","templated":true}]}}