{"id":12795,"date":"2024-11-20T10:00:34","date_gmt":"2024-11-20T09:00:34","guid":{"rendered":"https:\/\/www.anovapeneira.gal\/?p=12795"},"modified":"2024-11-15T11:19:20","modified_gmt":"2024-11-15T10:19:20","slug":"a-actual-transformacion-do-valor-da-educacion","status":"publish","type":"post","link":"https:\/\/www.anovapeneira.gal\/index.php\/2024\/11\/20\/a-actual-transformacion-do-valor-da-educacion\/","title":{"rendered":"A actual transformaci\u00f3n do \u201cvalor da educaci\u00f3n\u201d"},"content":{"rendered":"\n<pre class=\"wp-block-verse\">Manuel Alfonso Est\u00e9vez<\/pre>\n\n\n\n<p>Empezando polas sociedades dos nosos emigrantes na Am\u00e9rica que deron en constru\u00edr centros dende o arranque do novo s\u00e9culo, pensando en que pertenc\u00edan a Galicia, e o intentaron levar a cabo en diversos lugares do pais, mellorando as s\u00faas respectivas parroquias e concellos e ofixeron a trav\u00e9s da EDUCACI\u00d3N, e do desenvolvemento agrario, porque era necesaria a modernizaci\u00f3n das nosas parroquias e sobe todo,concellos, acabando con o anacronismo existente, impulsando EDUCACI\u00d3N e promovendo o ENSINO a trav\u00e9s dunha educaci\u00f3n axeitada a cada parroquia e concello, completamente abandonada polas estancias administrativas do Estado.<\/p>\n\n\n\n<p>Deste xeito, naceu o PLAN da II Rep\u00fablica sobre esta materia, con unha carga de entusiasmo de sociedades que comezaron a proliferar, e o seu financiamento xunto co exercicio econ\u00f3mico dada a ineficacia do Estado,fundamentalmente na Coru\u00f1a, Lugo, e sobre todo no sur da provincia de Pontevedra.<\/p>\n\n\n\n<p>L\u00e9mbrome hoxe, daquel movemento social, que fixo agromar unha activa intervenci\u00f3n escolar \u2013 carente en moitas ocasi\u00f3ns \u2013 dunha li\u00f1a ordenada e coherente, cando non contraditoria, porque foi infinidade de factores os que impediron unha necesaria homologo xeraci\u00f3n program\u00e1tica relacionada cos \u201cnaturais\u201d, diferencias pol\u00edticas,ideol\u00f3xicas, falta de experiencia ou simplemente con distintos obxectivos que cada un defend\u00eda. De aqu\u00ed, naceron diferentes iniciativas para agrupar os movementos asociativos, d\u00e1ndolles uniformidade sen moito \u00e9xito, polo car\u00e1cter ef\u00e9mero das federaci\u00f3ns resultantes. De cal quer xeito, decenas de sociedades comezaron a proliferar a principios do s\u00e9culo pasado, rematadas felizmente hoxe.<\/p>\n\n\n\n<p>Ademais de perseguir a protecci\u00f3n dos afiliados do entorno da emigraci\u00f3n a exemplo dos grandes centros mutualistas, elaboraron plans espec\u00edficos para acceder a transformaci\u00f3n non so econ\u00f3mica, pol\u00edtica e culturalmente das aldeas, dos concellos e \u2013 incluso comarcas, que entend\u00edan era necesario organizar con criterios t\u00e9cnicos e cient\u00edficos a explotaci\u00f3n das riquezas e potencialidades da terra. Cumpr\u00eda que os rapaces acadaran unha formaci\u00f3n axeitada o seu eido,para que o que era preciso implantar naquel tempo, viveiros, hortas escolares nos centros do ensino, que paseni\u00f1o foran agromando o longo da Xeograf\u00eda, potenciando \u201cemprendedores\u201d no eido comercial e industrial, dunha forma axeitada capaces de afastar a imaxe do campo ermo, onde sobreviv\u00edan as vi\u00favas, os orfos de vivos, como cantara Rosal\u00eda.<\/p>\n\n\n\n<p>Deste xeito, o movemento social significaba un eficaz instrumento para acubillar recursos materiais, \u201cremesas econ\u00f3micas\u201d para a promoci\u00f3n de iniciativas novas, e acci\u00f3ns socio \u2013 culturais, rexeneradoras que comezaron a agomar, respondendo a unha serie de carencias longamente padecidas nas escolas, que delataba o abandono das responsabilidades por parte do Estado, concellos e \u2013 incluso \u2013Xuntas Locais de Instruci\u00f3n. E, non falemos dos locais adecuados, faltade mestres cualificados, ensinanza de m\u00e9todos e recursos para atender axeitadamente a demanda das clases populares en idade escolar.Aqueles promotores da UNI\u00d3N PROGRESISTA,f illos de Fornelos da Ribeira,onde mais sent\u00edan a necesidade na loita pola vida, da escasa orientaci\u00f3n e falta de todo, de colectividades formaron agrupaci\u00f3ns locais de car\u00e1cter educacional, postas na alma de cada cativo,, na aldea \u201c eterna\u201d, acaso na lembranza \u2013 do est\u00f3mago \u2013 aterrado, envolto en farrapos con rumbo a unha terra de promisi\u00f3n, como dir\u00eda o amigo Manuel Aparicio Gonzalez, naqueles tempos de xuventude paseando pola parroquia de Fornelos.<\/p>\n\n\n\n<p>Hoxe, a transformaci\u00f3n ten unha experiencia din\u00e1mica naquela confianza que os emigrantes depositaran na EDUCACI\u00d3N, como veh\u00edculo rexenerador e transformaci\u00f3n social.<\/p>\n\n\n\n<p>L\u00e9mbrome daquela primeira Cooperativa Escolar fundada por min o amparodo Director Xeral da Ensinanza Primaria, don Euxenio L\u00f3pez L\u00f3pez, coa idea de crear grupos escolares, e traballar en beneficio propio,servindo para o futuro. NON QUER\u00cdA ANALFABETOS.<\/p>\n\n\n\n<p>So me quedan lembranzas para Lu\u00eds Bello, na s\u00faa \u201cViaxe polas Escolasde Galicia no 1.928\u201d. E como dir\u00eda Porto Ucha, da Am\u00e9rica chegar\u00eda a modernidade a Gul\u00e1ns (Ponteareas).<\/p>\n\n\n\n<p>Logo de tantos anos, felicito a nosa xuventudes escolar, pola\u201cSociolox\u00eda do Cambio\u201d, dun ambiente abafante a unha apertura de ideas, como os que colleron o cami\u00f1o de Am\u00e9rica. E, como dixo Pablo Neruda: \u201cOs norteamericanos po\u00f1en as armas, nos po\u00f1emos a sangue\u201d. Iso si que non!<\/p>\n\n\n\n<p><\/p>\n","protected":false},"excerpt":{"rendered":"<div class=\"mh-excerpt\"><p>Manuel Alfonso Est\u00e9vez Empezando polas sociedades dos nosos emigrantes na Am\u00e9rica que deron en constru\u00edr centros dende o arranque do novo s\u00e9culo, pensando en que pertenc\u00edan a Galicia, e o intentaron levar a cabo en <a class=\"mh-excerpt-more\" href=\"https:\/\/www.anovapeneira.gal\/index.php\/2024\/11\/20\/a-actual-transformacion-do-valor-da-educacion\/\" title=\"A actual transformaci\u00f3n do \u201cvalor da educaci\u00f3n\u201d\">[&#8230;]<\/a><\/p>\n<\/div>","protected":false},"author":40,"featured_media":5108,"comment_status":"open","ping_status":"open","sticky":false,"template":"","format":"standard","meta":{"_exactmetrics_skip_tracking":false,"_exactmetrics_sitenote_active":false,"_exactmetrics_sitenote_note":"","_exactmetrics_sitenote_category":0,"footnotes":""},"categories":[7],"tags":[],"class_list":{"0":"post-12795","1":"post","2":"type-post","3":"status-publish","4":"format-standard","5":"has-post-thumbnail","7":"category-artigos-de-opinion"},"yoast_head":"<!-- This site is optimized with the Yoast SEO plugin v27.4 - https:\/\/yoast.com\/product\/yoast-seo-wordpress\/ -->\n<title>A actual transformaci\u00f3n do \u201cvalor da educaci\u00f3n\u201d -<\/title>\n<meta name=\"robots\" content=\"index, follow, max-snippet:-1, max-image-preview:large, max-video-preview:-1\" \/>\n<link rel=\"canonical\" href=\"https:\/\/www.anovapeneira.gal\/index.php\/2024\/11\/20\/a-actual-transformacion-do-valor-da-educacion\/\" \/>\n<meta property=\"og:locale\" content=\"gl_ES\" \/>\n<meta property=\"og:type\" content=\"article\" \/>\n<meta property=\"og:title\" content=\"A actual transformaci\u00f3n do \u201cvalor da educaci\u00f3n\u201d -\" \/>\n<meta property=\"og:description\" content=\"Manuel Alfonso Est\u00e9vez Empezando polas sociedades dos nosos emigrantes na Am\u00e9rica que deron en constru\u00edr centros dende o arranque do novo s\u00e9culo, pensando en que pertenc\u00edan a Galicia, e o intentaron levar a cabo en [...]\" \/>\n<meta property=\"og:url\" content=\"https:\/\/www.anovapeneira.gal\/index.php\/2024\/11\/20\/a-actual-transformacion-do-valor-da-educacion\/\" \/>\n<meta property=\"article:publisher\" content=\"https:\/\/www.facebook.com\/anovapeneira\" \/>\n<meta property=\"article:published_time\" content=\"2024-11-20T09:00:34+00:00\" \/>\n<meta property=\"og:image\" content=\"https:\/\/www.anovapeneira.gal\/wp-content\/uploads\/2021\/03\/manuel_alfonso_estevez.jpg\" \/>\n\t<meta property=\"og:image:width\" content=\"720\" \/>\n\t<meta property=\"og:image:height\" content=\"432\" \/>\n\t<meta property=\"og:image:type\" content=\"image\/jpeg\" \/>\n<meta name=\"author\" content=\"Manuel Alfonso Est\u00e9vez\" \/>\n<meta name=\"twitter:card\" content=\"summary_large_image\" \/>\n<meta name=\"twitter:creator\" content=\"@APeneira\" \/>\n<meta name=\"twitter:site\" content=\"@APeneira\" \/>\n<meta name=\"twitter:label1\" content=\"Escrito por\" \/>\n\t<meta name=\"twitter:data1\" content=\"Manuel Alfonso Est\u00e9vez\" \/>\n\t<meta name=\"twitter:label2\" content=\"Tempo de lectura\" \/>\n\t<meta name=\"twitter:data2\" content=\"4 minutos\" \/>\n<script type=\"application\/ld+json\" class=\"yoast-schema-graph\">{\"@context\":\"https:\\\/\\\/schema.org\",\"@graph\":[{\"@type\":\"Article\",\"@id\":\"https:\\\/\\\/www.anovapeneira.gal\\\/index.php\\\/2024\\\/11\\\/20\\\/a-actual-transformacion-do-valor-da-educacion\\\/#article\",\"isPartOf\":{\"@id\":\"https:\\\/\\\/www.anovapeneira.gal\\\/index.php\\\/2024\\\/11\\\/20\\\/a-actual-transformacion-do-valor-da-educacion\\\/\"},\"author\":{\"name\":\"Manuel Alfonso Est\u00e9vez\",\"@id\":\"https:\\\/\\\/www.anovapeneira.gal\\\/#\\\/schema\\\/person\\\/6561b93d53e7a32f5d814768163bae2a\"},\"headline\":\"A actual transformaci\u00f3n do \u201cvalor da educaci\u00f3n\u201d\",\"datePublished\":\"2024-11-20T09:00:34+00:00\",\"mainEntityOfPage\":{\"@id\":\"https:\\\/\\\/www.anovapeneira.gal\\\/index.php\\\/2024\\\/11\\\/20\\\/a-actual-transformacion-do-valor-da-educacion\\\/\"},\"wordCount\":731,\"commentCount\":0,\"publisher\":{\"@id\":\"https:\\\/\\\/www.anovapeneira.gal\\\/#organization\"},\"image\":{\"@id\":\"https:\\\/\\\/www.anovapeneira.gal\\\/index.php\\\/2024\\\/11\\\/20\\\/a-actual-transformacion-do-valor-da-educacion\\\/#primaryimage\"},\"thumbnailUrl\":\"https:\\\/\\\/www.anovapeneira.gal\\\/wp-content\\\/uploads\\\/2021\\\/03\\\/manuel_alfonso_estevez.jpg\",\"articleSection\":[\"Artigos de opini\u00f3n\"],\"inLanguage\":\"gl-ES\",\"potentialAction\":[{\"@type\":\"CommentAction\",\"name\":\"Comment\",\"target\":[\"https:\\\/\\\/www.anovapeneira.gal\\\/index.php\\\/2024\\\/11\\\/20\\\/a-actual-transformacion-do-valor-da-educacion\\\/#respond\"]}]},{\"@type\":\"WebPage\",\"@id\":\"https:\\\/\\\/www.anovapeneira.gal\\\/index.php\\\/2024\\\/11\\\/20\\\/a-actual-transformacion-do-valor-da-educacion\\\/\",\"url\":\"https:\\\/\\\/www.anovapeneira.gal\\\/index.php\\\/2024\\\/11\\\/20\\\/a-actual-transformacion-do-valor-da-educacion\\\/\",\"name\":\"A actual transformaci\u00f3n do \u201cvalor da educaci\u00f3n\u201d -\",\"isPartOf\":{\"@id\":\"https:\\\/\\\/www.anovapeneira.gal\\\/#website\"},\"primaryImageOfPage\":{\"@id\":\"https:\\\/\\\/www.anovapeneira.gal\\\/index.php\\\/2024\\\/11\\\/20\\\/a-actual-transformacion-do-valor-da-educacion\\\/#primaryimage\"},\"image\":{\"@id\":\"https:\\\/\\\/www.anovapeneira.gal\\\/index.php\\\/2024\\\/11\\\/20\\\/a-actual-transformacion-do-valor-da-educacion\\\/#primaryimage\"},\"thumbnailUrl\":\"https:\\\/\\\/www.anovapeneira.gal\\\/wp-content\\\/uploads\\\/2021\\\/03\\\/manuel_alfonso_estevez.jpg\",\"datePublished\":\"2024-11-20T09:00:34+00:00\",\"breadcrumb\":{\"@id\":\"https:\\\/\\\/www.anovapeneira.gal\\\/index.php\\\/2024\\\/11\\\/20\\\/a-actual-transformacion-do-valor-da-educacion\\\/#breadcrumb\"},\"inLanguage\":\"gl-ES\",\"potentialAction\":[{\"@type\":\"ReadAction\",\"target\":[\"https:\\\/\\\/www.anovapeneira.gal\\\/index.php\\\/2024\\\/11\\\/20\\\/a-actual-transformacion-do-valor-da-educacion\\\/\"]}]},{\"@type\":\"ImageObject\",\"inLanguage\":\"gl-ES\",\"@id\":\"https:\\\/\\\/www.anovapeneira.gal\\\/index.php\\\/2024\\\/11\\\/20\\\/a-actual-transformacion-do-valor-da-educacion\\\/#primaryimage\",\"url\":\"https:\\\/\\\/www.anovapeneira.gal\\\/wp-content\\\/uploads\\\/2021\\\/03\\\/manuel_alfonso_estevez.jpg\",\"contentUrl\":\"https:\\\/\\\/www.anovapeneira.gal\\\/wp-content\\\/uploads\\\/2021\\\/03\\\/manuel_alfonso_estevez.jpg\",\"width\":720,\"height\":432,\"caption\":\"Manuel Alfonso Est\u00e9vez. Historia viva de Fornelos da Ribeira\"},{\"@type\":\"BreadcrumbList\",\"@id\":\"https:\\\/\\\/www.anovapeneira.gal\\\/index.php\\\/2024\\\/11\\\/20\\\/a-actual-transformacion-do-valor-da-educacion\\\/#breadcrumb\",\"itemListElement\":[{\"@type\":\"ListItem\",\"position\":1,\"name\":\"Portada\",\"item\":\"https:\\\/\\\/www.anovapeneira.gal\\\/\"},{\"@type\":\"ListItem\",\"position\":2,\"name\":\"A actual transformaci\u00f3n do \u201cvalor da educaci\u00f3n\u201d\"}]},{\"@type\":\"WebSite\",\"@id\":\"https:\\\/\\\/www.anovapeneira.gal\\\/#website\",\"url\":\"https:\\\/\\\/www.anovapeneira.gal\\\/\",\"name\":\"\",\"description\":\"Xornal galego de informaci\u00f3n xeral Publicaci\u00f3n mensual de novas de Galicia e en especial dos Concellos da sur da provincia de Pontevedra.\",\"publisher\":{\"@id\":\"https:\\\/\\\/www.anovapeneira.gal\\\/#organization\"},\"potentialAction\":[{\"@type\":\"SearchAction\",\"target\":{\"@type\":\"EntryPoint\",\"urlTemplate\":\"https:\\\/\\\/www.anovapeneira.gal\\\/?s={search_term_string}\"},\"query-input\":{\"@type\":\"PropertyValueSpecification\",\"valueRequired\":true,\"valueName\":\"search_term_string\"}}],\"inLanguage\":\"gl-ES\"},{\"@type\":\"Organization\",\"@id\":\"https:\\\/\\\/www.anovapeneira.gal\\\/#organization\",\"name\":\"A Nova Peneira\",\"url\":\"https:\\\/\\\/www.anovapeneira.gal\\\/\",\"logo\":{\"@type\":\"ImageObject\",\"inLanguage\":\"gl-ES\",\"@id\":\"https:\\\/\\\/www.anovapeneira.gal\\\/#\\\/schema\\\/logo\\\/image\\\/\",\"url\":\"http:\\\/\\\/www.anovapeneira.gal\\\/wp-content\\\/uploads\\\/2019\\\/06\\\/logo_a_nova_peneira_portal_web.png\",\"contentUrl\":\"http:\\\/\\\/www.anovapeneira.gal\\\/wp-content\\\/uploads\\\/2019\\\/06\\\/logo_a_nova_peneira_portal_web.png\",\"width\":300,\"height\":100,\"caption\":\"A Nova Peneira\"},\"image\":{\"@id\":\"https:\\\/\\\/www.anovapeneira.gal\\\/#\\\/schema\\\/logo\\\/image\\\/\"},\"sameAs\":[\"https:\\\/\\\/www.facebook.com\\\/anovapeneira\",\"https:\\\/\\\/x.com\\\/APeneira\"]},{\"@type\":\"Person\",\"@id\":\"https:\\\/\\\/www.anovapeneira.gal\\\/#\\\/schema\\\/person\\\/6561b93d53e7a32f5d814768163bae2a\",\"name\":\"Manuel Alfonso Est\u00e9vez\",\"image\":{\"@type\":\"ImageObject\",\"inLanguage\":\"gl-ES\",\"@id\":\"https:\\\/\\\/secure.gravatar.com\\\/avatar\\\/f5d3e86603a02dabc520fdacad8691552cb5b3b57ede8828ababc7095c054594?s=96&d=mm&r=g\",\"url\":\"https:\\\/\\\/secure.gravatar.com\\\/avatar\\\/f5d3e86603a02dabc520fdacad8691552cb5b3b57ede8828ababc7095c054594?s=96&d=mm&r=g\",\"contentUrl\":\"https:\\\/\\\/secure.gravatar.com\\\/avatar\\\/f5d3e86603a02dabc520fdacad8691552cb5b3b57ede8828ababc7095c054594?s=96&d=mm&r=g\",\"caption\":\"Manuel Alfonso Est\u00e9vez\"},\"url\":\"https:\\\/\\\/www.anovapeneira.gal\\\/index.php\\\/author\\\/manuelalfonso\\\/\"}]}<\/script>\n<!-- \/ Yoast SEO plugin. -->","yoast_head_json":{"title":"A actual transformaci\u00f3n do \u201cvalor da educaci\u00f3n\u201d -","robots":{"index":"index","follow":"follow","max-snippet":"max-snippet:-1","max-image-preview":"max-image-preview:large","max-video-preview":"max-video-preview:-1"},"canonical":"https:\/\/www.anovapeneira.gal\/index.php\/2024\/11\/20\/a-actual-transformacion-do-valor-da-educacion\/","og_locale":"gl_ES","og_type":"article","og_title":"A actual transformaci\u00f3n do \u201cvalor da educaci\u00f3n\u201d -","og_description":"Manuel Alfonso Est\u00e9vez Empezando polas sociedades dos nosos emigrantes na Am\u00e9rica que deron en constru\u00edr centros dende o arranque do novo s\u00e9culo, pensando en que pertenc\u00edan a Galicia, e o intentaron levar a cabo en [...]","og_url":"https:\/\/www.anovapeneira.gal\/index.php\/2024\/11\/20\/a-actual-transformacion-do-valor-da-educacion\/","article_publisher":"https:\/\/www.facebook.com\/anovapeneira","article_published_time":"2024-11-20T09:00:34+00:00","og_image":[{"width":720,"height":432,"url":"https:\/\/www.anovapeneira.gal\/wp-content\/uploads\/2021\/03\/manuel_alfonso_estevez.jpg","type":"image\/jpeg"}],"author":"Manuel Alfonso Est\u00e9vez","twitter_card":"summary_large_image","twitter_creator":"@APeneira","twitter_site":"@APeneira","twitter_misc":{"Escrito por":"Manuel Alfonso Est\u00e9vez","Tempo de lectura":"4 minutos"},"schema":{"@context":"https:\/\/schema.org","@graph":[{"@type":"Article","@id":"https:\/\/www.anovapeneira.gal\/index.php\/2024\/11\/20\/a-actual-transformacion-do-valor-da-educacion\/#article","isPartOf":{"@id":"https:\/\/www.anovapeneira.gal\/index.php\/2024\/11\/20\/a-actual-transformacion-do-valor-da-educacion\/"},"author":{"name":"Manuel Alfonso Est\u00e9vez","@id":"https:\/\/www.anovapeneira.gal\/#\/schema\/person\/6561b93d53e7a32f5d814768163bae2a"},"headline":"A actual transformaci\u00f3n do \u201cvalor da educaci\u00f3n\u201d","datePublished":"2024-11-20T09:00:34+00:00","mainEntityOfPage":{"@id":"https:\/\/www.anovapeneira.gal\/index.php\/2024\/11\/20\/a-actual-transformacion-do-valor-da-educacion\/"},"wordCount":731,"commentCount":0,"publisher":{"@id":"https:\/\/www.anovapeneira.gal\/#organization"},"image":{"@id":"https:\/\/www.anovapeneira.gal\/index.php\/2024\/11\/20\/a-actual-transformacion-do-valor-da-educacion\/#primaryimage"},"thumbnailUrl":"https:\/\/www.anovapeneira.gal\/wp-content\/uploads\/2021\/03\/manuel_alfonso_estevez.jpg","articleSection":["Artigos de opini\u00f3n"],"inLanguage":"gl-ES","potentialAction":[{"@type":"CommentAction","name":"Comment","target":["https:\/\/www.anovapeneira.gal\/index.php\/2024\/11\/20\/a-actual-transformacion-do-valor-da-educacion\/#respond"]}]},{"@type":"WebPage","@id":"https:\/\/www.anovapeneira.gal\/index.php\/2024\/11\/20\/a-actual-transformacion-do-valor-da-educacion\/","url":"https:\/\/www.anovapeneira.gal\/index.php\/2024\/11\/20\/a-actual-transformacion-do-valor-da-educacion\/","name":"A actual transformaci\u00f3n do \u201cvalor da educaci\u00f3n\u201d -","isPartOf":{"@id":"https:\/\/www.anovapeneira.gal\/#website"},"primaryImageOfPage":{"@id":"https:\/\/www.anovapeneira.gal\/index.php\/2024\/11\/20\/a-actual-transformacion-do-valor-da-educacion\/#primaryimage"},"image":{"@id":"https:\/\/www.anovapeneira.gal\/index.php\/2024\/11\/20\/a-actual-transformacion-do-valor-da-educacion\/#primaryimage"},"thumbnailUrl":"https:\/\/www.anovapeneira.gal\/wp-content\/uploads\/2021\/03\/manuel_alfonso_estevez.jpg","datePublished":"2024-11-20T09:00:34+00:00","breadcrumb":{"@id":"https:\/\/www.anovapeneira.gal\/index.php\/2024\/11\/20\/a-actual-transformacion-do-valor-da-educacion\/#breadcrumb"},"inLanguage":"gl-ES","potentialAction":[{"@type":"ReadAction","target":["https:\/\/www.anovapeneira.gal\/index.php\/2024\/11\/20\/a-actual-transformacion-do-valor-da-educacion\/"]}]},{"@type":"ImageObject","inLanguage":"gl-ES","@id":"https:\/\/www.anovapeneira.gal\/index.php\/2024\/11\/20\/a-actual-transformacion-do-valor-da-educacion\/#primaryimage","url":"https:\/\/www.anovapeneira.gal\/wp-content\/uploads\/2021\/03\/manuel_alfonso_estevez.jpg","contentUrl":"https:\/\/www.anovapeneira.gal\/wp-content\/uploads\/2021\/03\/manuel_alfonso_estevez.jpg","width":720,"height":432,"caption":"Manuel Alfonso Est\u00e9vez. Historia viva de Fornelos da Ribeira"},{"@type":"BreadcrumbList","@id":"https:\/\/www.anovapeneira.gal\/index.php\/2024\/11\/20\/a-actual-transformacion-do-valor-da-educacion\/#breadcrumb","itemListElement":[{"@type":"ListItem","position":1,"name":"Portada","item":"https:\/\/www.anovapeneira.gal\/"},{"@type":"ListItem","position":2,"name":"A actual transformaci\u00f3n do \u201cvalor da educaci\u00f3n\u201d"}]},{"@type":"WebSite","@id":"https:\/\/www.anovapeneira.gal\/#website","url":"https:\/\/www.anovapeneira.gal\/","name":"","description":"Xornal galego de informaci\u00f3n xeral Publicaci\u00f3n mensual de novas de Galicia e en especial dos Concellos da sur da provincia de Pontevedra.","publisher":{"@id":"https:\/\/www.anovapeneira.gal\/#organization"},"potentialAction":[{"@type":"SearchAction","target":{"@type":"EntryPoint","urlTemplate":"https:\/\/www.anovapeneira.gal\/?s={search_term_string}"},"query-input":{"@type":"PropertyValueSpecification","valueRequired":true,"valueName":"search_term_string"}}],"inLanguage":"gl-ES"},{"@type":"Organization","@id":"https:\/\/www.anovapeneira.gal\/#organization","name":"A Nova Peneira","url":"https:\/\/www.anovapeneira.gal\/","logo":{"@type":"ImageObject","inLanguage":"gl-ES","@id":"https:\/\/www.anovapeneira.gal\/#\/schema\/logo\/image\/","url":"http:\/\/www.anovapeneira.gal\/wp-content\/uploads\/2019\/06\/logo_a_nova_peneira_portal_web.png","contentUrl":"http:\/\/www.anovapeneira.gal\/wp-content\/uploads\/2019\/06\/logo_a_nova_peneira_portal_web.png","width":300,"height":100,"caption":"A Nova Peneira"},"image":{"@id":"https:\/\/www.anovapeneira.gal\/#\/schema\/logo\/image\/"},"sameAs":["https:\/\/www.facebook.com\/anovapeneira","https:\/\/x.com\/APeneira"]},{"@type":"Person","@id":"https:\/\/www.anovapeneira.gal\/#\/schema\/person\/6561b93d53e7a32f5d814768163bae2a","name":"Manuel Alfonso Est\u00e9vez","image":{"@type":"ImageObject","inLanguage":"gl-ES","@id":"https:\/\/secure.gravatar.com\/avatar\/f5d3e86603a02dabc520fdacad8691552cb5b3b57ede8828ababc7095c054594?s=96&d=mm&r=g","url":"https:\/\/secure.gravatar.com\/avatar\/f5d3e86603a02dabc520fdacad8691552cb5b3b57ede8828ababc7095c054594?s=96&d=mm&r=g","contentUrl":"https:\/\/secure.gravatar.com\/avatar\/f5d3e86603a02dabc520fdacad8691552cb5b3b57ede8828ababc7095c054594?s=96&d=mm&r=g","caption":"Manuel Alfonso Est\u00e9vez"},"url":"https:\/\/www.anovapeneira.gal\/index.php\/author\/manuelalfonso\/"}]}},"jetpack_featured_media_url":"https:\/\/www.anovapeneira.gal\/wp-content\/uploads\/2021\/03\/manuel_alfonso_estevez.jpg","_links":{"self":[{"href":"https:\/\/www.anovapeneira.gal\/index.php\/wp-json\/wp\/v2\/posts\/12795","targetHints":{"allow":["GET"]}}],"collection":[{"href":"https:\/\/www.anovapeneira.gal\/index.php\/wp-json\/wp\/v2\/posts"}],"about":[{"href":"https:\/\/www.anovapeneira.gal\/index.php\/wp-json\/wp\/v2\/types\/post"}],"author":[{"embeddable":true,"href":"https:\/\/www.anovapeneira.gal\/index.php\/wp-json\/wp\/v2\/users\/40"}],"replies":[{"embeddable":true,"href":"https:\/\/www.anovapeneira.gal\/index.php\/wp-json\/wp\/v2\/comments?post=12795"}],"version-history":[{"count":2,"href":"https:\/\/www.anovapeneira.gal\/index.php\/wp-json\/wp\/v2\/posts\/12795\/revisions"}],"predecessor-version":[{"id":12798,"href":"https:\/\/www.anovapeneira.gal\/index.php\/wp-json\/wp\/v2\/posts\/12795\/revisions\/12798"}],"wp:featuredmedia":[{"embeddable":true,"href":"https:\/\/www.anovapeneira.gal\/index.php\/wp-json\/wp\/v2\/media\/5108"}],"wp:attachment":[{"href":"https:\/\/www.anovapeneira.gal\/index.php\/wp-json\/wp\/v2\/media?parent=12795"}],"wp:term":[{"taxonomy":"category","embeddable":true,"href":"https:\/\/www.anovapeneira.gal\/index.php\/wp-json\/wp\/v2\/categories?post=12795"},{"taxonomy":"post_tag","embeddable":true,"href":"https:\/\/www.anovapeneira.gal\/index.php\/wp-json\/wp\/v2\/tags?post=12795"}],"curies":[{"name":"wp","href":"https:\/\/api.w.org\/{rel}","templated":true}]}}