{"id":12799,"date":"2024-11-20T12:00:37","date_gmt":"2024-11-20T11:00:37","guid":{"rendered":"https:\/\/www.anovapeneira.gal\/?p=12799"},"modified":"2024-11-15T11:23:59","modified_gmt":"2024-11-15T10:23:59","slug":"cousas-de-salvaterra-manuel-marino-vii","status":"publish","type":"post","link":"https:\/\/www.anovapeneira.gal\/index.php\/2024\/11\/20\/cousas-de-salvaterra-manuel-marino-vii\/","title":{"rendered":"Cousas de Salvaterra. Manuel Mari\u00f1o VII"},"content":{"rendered":"\n<figure class=\"wp-block-image size-full is-resized\"><img loading=\"lazy\" decoding=\"async\" width=\"190\" height=\"229\" src=\"https:\/\/www.anovapeneira.gal\/wp-content\/uploads\/2022\/08\/opinion_anton_saque.jpg\" alt=\"Ant\u00f3n Lourenzo, veci\u00f1o da Vila\" class=\"wp-image-8006\" style=\"width:105px;height:auto\"\/><figcaption class=\"wp-element-caption\">Ant\u00f3n Lourenzo, veci\u00f1o da Vila<\/figcaption><\/figure>\n\n\n\n<p>Cando comecei a andaina, fai sete meses, da fuxida do noso \u00faltimo Alcalde Republicano Don Manuel Mari\u00f1o M\u00e9ndez, no ti\u00f1a idea do moito que \u00eda dar de s\u00ed esta historia, pero as\u00ed son as cousas e, con un pouco de fortuna, un pouco de perseveranza e a xenerosidade das persoas, dirixentes actuais da Sociedade de Residentes de Salvatierra de Mi\u00f1o en Buenos Aires, D. Jos\u00e9 Garc\u00eda Barros, Presidente e D. Rub\u00e9n Ricardo Garc\u00eda, Secretario. Nunca lles poderemos estar suficientemente agradecidos.<\/p>\n\n\n\n<p>Dende a \u00faltima e dram\u00e1tica carta co\u00f1ecida de Mari\u00f1o, remitida dende Brive, Franza o 10 de Febreiro de 1939, pedindo auxilio a Asociaci\u00f3n de Bos Aires e en particular a Don Manuel Puente, at\u00e9 a sa\u00edda da Franza no mes de Agosto do 39, chegando a Bos Aires o 19 dese mesmo mes, transcorreron seis meses dos que non sab\u00edamos ren, e trat\u00e1ndose de unha persoa afeita a escribir cartas, pensaba que deb\u00eda de haber m\u00e1is, e a\u00ednda non apareceron, si apareceron algunhas que sen d\u00fabida son moi clarificadoras e interesantes.<\/p>\n\n\n\n<p>Por outra banda, co\u00f1ecendo as operaci\u00f3ns levadas a cabo polo Deputado da Rep\u00fablica D. Alejandro Viana Esper\u00f3n, no exilio franc\u00e9s a favor de multitude de refuxiados republicanos, dirixindo o SERE, Servicio de Evacuaci\u00f3n de Refugiados Espa\u00f1oles. Ap\u00f3s a lectura do libro de investigaci\u00f3n escrito polo pol\u00edtico e avogado D. Roberto Mera Covas, titulado \u201cAlejandro Viana. Un galego \u00e1 fronte do rescate dos refuxiados republicanos\u201d, publicado pola editorial Belagua Ediciones, libro que recomendo ler por tratarse dunha obra meritoria. Ti\u00f1a a sospeita de que Mari\u00f1o ben puidera ser un deses republicanos os que Viana axudou, pero carec\u00eda das probas, agora estou seguro de que Mari\u00f1o co\u00f1eceu a Viana en Burdeos onde pasaron unhas semanas, un m\u00e1is ca outro. Pensei en preguntarlle o citado Roberto, pero a causalidade fixo innecesaria dita pescuda, pois fai uns d\u00edas caeu nas mi\u00f1as mans o documento que demostra tal feito. Tr\u00e1tase dunha carta asinada en Bos Aires, c\u00f3mo non, por D. Manuel Puente, Francisco Grandal e Camilo Sestelo.<\/p>\n\n\n\n<p>Nesa carta, os tres asinantes, membros da Comisi\u00f3n Directiva da Sociedade de Salvaterrenses na cidade do Prata, designados para lograr a repatriaci\u00f3n de Mari\u00f1o, informan a dita Directiva do seu cometido o respecto as\u00ed como dos gastos orixinados da cordo coa resoluci\u00f3n de Asemblea celebrada oportunamente.<\/p>\n\n\n\n<p>\u201cDespu\u00e9s de laboriosas gestiones y de agotar influencias, amistades, etc., nos ha sido posible lograr la autorizaci\u00f3n legal correspondiente para la entrada del compa\u00f1ero Mari\u00f1o, cuyo arribo a este puerto, como es de conocimiento de todos Vds. , se produjo el 19 de Agosto pasado.\u201d<\/p>\n\n\n\n<p>Canda o bombardeo que sufrira en Reus do cal sa\u00edu ferido, inda que el manifestara que xa estaba recuperado, non debeu ser tal cousa. Iso e as vicisitudes e privaci\u00f3ns dos meses en Burdeos, fixeron fenda na s\u00faa sa\u00fade porque a realidade \u00e9 que chegou \u00e1 Rep\u00fablica Arxentina en malas condici\u00f3ns.<\/p>\n\n\n\n<p>\u201cEs del conocimieto de la mayor\u00eda de los miembros de esa C. D., que el compa\u00f1ero Mari\u00f1o M\u00e9ndez ha sufrido una enfermedad, trastorno de la sangre, como consecuencia de los sufrimientos pasados, y cuya enfermedad fue tratada por facultativo competente y, despu\u00e9s de varios an\u00e1lisis, tratamiento de inyecciones, esto podemos decir que se halla bien\u201d.<\/p>\n\n\n\n<p>A solidariedade da Sociedade en xeral e en particular de determinados elementos da mesma, en especial sen d\u00fabida Manuel Puente, sempre estiveron presentes na axuda aos refuxiados republicanos durante a guerra e ap\u00f3s desta.<\/p>\n\n\n\n<p>\u201cEstos gastos del tratamiento de la referida enfermedad, fueron sufragados por varios compa\u00f1eros y, por tanto, los mismos no gravitan para nada sobre las econom\u00edas de la Sociedad, por consiguiente, consideramos humano y justo que la Sociedad le abone los gastos de pensi\u00f3n y vivienda, que, por otra parte, son modestos, puesto que representan los tres meses 195 pesos\u201d.<\/p>\n\n\n\n<p>\u201cDebe considerarse que el compa\u00f1ero Mari\u00f1o es para todos nosotros un refugiado que por defender su ideolog\u00eda y los principios y \u00f3rdenes de la Sociedad, ha perdido su patrimonio y su familia en una edad poco favorable para iniciar una nueva vida y que, adem\u00e1s, si Mari\u00f1o hubiera permanecido en Francia y se hubiese encontrado tambi\u00e9n enfermo, la Sociedad no habr\u00eda regateado la ayuda necesaria.\u201d<\/p>\n\n\n\n<p>De seguido enumeran detalladamente as cantidades xiradas a Franza para a axuda a repatriaci\u00f3n que foron as seguintes:<\/p>\n\n\n\n<p>Xiro de 1000 francos franceses o 24 de Xu\u00f1o de 1939, equivalentes a 117,50 pesos arxentinos.<\/p>\n\n\n\n<p>Xiro de 5000 francos franceses o 07 de Xullo de 1939, equivalentes a 590,05 pesos arxentinos.<\/p>\n\n\n\n<p>Gastos dun telegrama o 08 de Xullo de 1939, por importe de pesos 37,60.<\/p>\n\n\n\n<p>Gastos dun telegrama o 21 de Xullo de 1939, por importe de pesos 18.45.<\/p>\n\n\n\n<p>O importe total ascendeu a 763,60 pesos arxentinos.<\/p>\n\n\n\n<p>Pero non ficou a\u00ed a cousa xa que o 24 de Abril de 1939, fix\u00e9ronlle un xiro de 100 pesetas a muller de Mari\u00f1o, que importaron 40,70 pesos.<\/p>\n\n\n\n<p>En total o gasto ascendeu a 804,30 pesos.<\/p>\n\n\n\n<p>E agora ven o f\u00edo que eu sospeitaba, e se confirma, a axuda recibida na Franza do chamado SERE;<\/p>\n\n\n\n<p>\u201cComo es de conocimiento de esa Comisi\u00f3n, por la correspondencia recibida de Mari\u00f1o, \u00e9ste tuvo que pedir prestados 800 francos franceses, por no alcanzarle los fondos girados para el pasaje y visaci\u00f3n de documentos, importe que, al cambio del giro efectuado oportunamente, importar\u00edan 91,60 pesos. Lo que debe tenerse en cuenta, para reintegr\u00e1rselo oportunamente a la persona que lo reclame, que es el compa\u00f1ero <strong>Alejandro Viana.\u201d<\/strong><\/p>\n","protected":false},"excerpt":{"rendered":"<div class=\"mh-excerpt\"><p>Cando comecei a andaina, fai sete meses, da fuxida do noso \u00faltimo Alcalde Republicano Don Manuel Mari\u00f1o M\u00e9ndez, no ti\u00f1a idea do moito que \u00eda dar de s\u00ed esta historia, pero as\u00ed son as cousas e, con un pouco de fortuna <a class=\"mh-excerpt-more\" href=\"https:\/\/www.anovapeneira.gal\/index.php\/2024\/11\/20\/cousas-de-salvaterra-manuel-marino-vii\/\" title=\"Cousas de Salvaterra. Manuel Mari\u00f1o VII\">[&#8230;]<\/a><\/p>\n<\/div>","protected":false},"author":34,"featured_media":584,"comment_status":"open","ping_status":"open","sticky":false,"template":"","format":"standard","meta":{"_exactmetrics_skip_tracking":false,"_exactmetrics_sitenote_active":false,"_exactmetrics_sitenote_note":"","_exactmetrics_sitenote_category":0,"footnotes":""},"categories":[7],"tags":[186],"class_list":{"0":"post-12799","1":"post","2":"type-post","3":"status-publish","4":"format-standard","5":"has-post-thumbnail","7":"category-artigos-de-opinion","8":"tag-concello-de-salvaterra-do-mino"},"yoast_head":"<!-- This site is optimized with the Yoast SEO plugin v27.4 - https:\/\/yoast.com\/product\/yoast-seo-wordpress\/ -->\n<title>Cousas de Salvaterra. Manuel Mari\u00f1o VII -<\/title>\n<meta name=\"robots\" content=\"index, follow, max-snippet:-1, max-image-preview:large, max-video-preview:-1\" \/>\n<link rel=\"canonical\" href=\"https:\/\/www.anovapeneira.gal\/index.php\/2024\/11\/20\/cousas-de-salvaterra-manuel-marino-vii\/\" \/>\n<meta property=\"og:locale\" content=\"gl_ES\" \/>\n<meta property=\"og:type\" content=\"article\" \/>\n<meta property=\"og:title\" content=\"Cousas de Salvaterra. Manuel Mari\u00f1o VII -\" \/>\n<meta property=\"og:description\" content=\"Cando comecei a andaina, fai sete meses, da fuxida do noso \u00faltimo Alcalde Republicano Don Manuel Mari\u00f1o M\u00e9ndez, no ti\u00f1a idea do moito que \u00eda dar de s\u00ed esta historia, pero as\u00ed son as cousas e, con un pouco de fortuna [...]\" \/>\n<meta property=\"og:url\" content=\"https:\/\/www.anovapeneira.gal\/index.php\/2024\/11\/20\/cousas-de-salvaterra-manuel-marino-vii\/\" \/>\n<meta property=\"article:publisher\" content=\"https:\/\/www.facebook.com\/anovapeneira\" \/>\n<meta property=\"article:published_time\" content=\"2024-11-20T11:00:37+00:00\" \/>\n<meta property=\"og:image\" content=\"https:\/\/www.anovapeneira.gal\/wp-content\/uploads\/2019\/07\/ARTIGO_DE_OPINION_A_NOVA_PENEIRA.jpg\" \/>\n\t<meta property=\"og:image:width\" content=\"720\" \/>\n\t<meta property=\"og:image:height\" content=\"473\" \/>\n\t<meta property=\"og:image:type\" content=\"image\/jpeg\" \/>\n<meta name=\"author\" content=\"Ant\u00f3n Lorenzo Gonz\u00e1lez\" \/>\n<meta name=\"twitter:card\" content=\"summary_large_image\" \/>\n<meta name=\"twitter:image\" content=\"https:\/\/www.anovapeneira.gal\/wp-content\/uploads\/2019\/07\/ARTIGO_DE_OPINION_A_NOVA_PENEIRA.jpg\" \/>\n<meta name=\"twitter:creator\" content=\"@APeneira\" \/>\n<meta name=\"twitter:site\" content=\"@APeneira\" \/>\n<meta name=\"twitter:label1\" content=\"Escrito por\" \/>\n\t<meta name=\"twitter:data1\" content=\"Ant\u00f3n Lorenzo Gonz\u00e1lez\" \/>\n\t<meta name=\"twitter:label2\" content=\"Tempo de lectura\" \/>\n\t<meta name=\"twitter:data2\" content=\"6 minutos\" \/>\n<script type=\"application\/ld+json\" class=\"yoast-schema-graph\">{\"@context\":\"https:\\\/\\\/schema.org\",\"@graph\":[{\"@type\":\"Article\",\"@id\":\"https:\\\/\\\/www.anovapeneira.gal\\\/index.php\\\/2024\\\/11\\\/20\\\/cousas-de-salvaterra-manuel-marino-vii\\\/#article\",\"isPartOf\":{\"@id\":\"https:\\\/\\\/www.anovapeneira.gal\\\/index.php\\\/2024\\\/11\\\/20\\\/cousas-de-salvaterra-manuel-marino-vii\\\/\"},\"author\":{\"name\":\"Ant\u00f3n Lorenzo Gonz\u00e1lez\",\"@id\":\"https:\\\/\\\/www.anovapeneira.gal\\\/#\\\/schema\\\/person\\\/1bf91cd240796d05b6522e3d8a6e2d8e\"},\"headline\":\"Cousas de Salvaterra. Manuel Mari\u00f1o VII\",\"datePublished\":\"2024-11-20T11:00:37+00:00\",\"mainEntityOfPage\":{\"@id\":\"https:\\\/\\\/www.anovapeneira.gal\\\/index.php\\\/2024\\\/11\\\/20\\\/cousas-de-salvaterra-manuel-marino-vii\\\/\"},\"wordCount\":958,\"commentCount\":0,\"publisher\":{\"@id\":\"https:\\\/\\\/www.anovapeneira.gal\\\/#organization\"},\"image\":{\"@id\":\"https:\\\/\\\/www.anovapeneira.gal\\\/index.php\\\/2024\\\/11\\\/20\\\/cousas-de-salvaterra-manuel-marino-vii\\\/#primaryimage\"},\"thumbnailUrl\":\"https:\\\/\\\/www.anovapeneira.gal\\\/wp-content\\\/uploads\\\/2019\\\/07\\\/ARTIGO_DE_OPINION_A_NOVA_PENEIRA.jpg\",\"keywords\":[\"Concello de Salvaterra do Mi\u00f1o\"],\"articleSection\":[\"Artigos de opini\u00f3n\"],\"inLanguage\":\"gl-ES\",\"potentialAction\":[{\"@type\":\"CommentAction\",\"name\":\"Comment\",\"target\":[\"https:\\\/\\\/www.anovapeneira.gal\\\/index.php\\\/2024\\\/11\\\/20\\\/cousas-de-salvaterra-manuel-marino-vii\\\/#respond\"]}]},{\"@type\":\"WebPage\",\"@id\":\"https:\\\/\\\/www.anovapeneira.gal\\\/index.php\\\/2024\\\/11\\\/20\\\/cousas-de-salvaterra-manuel-marino-vii\\\/\",\"url\":\"https:\\\/\\\/www.anovapeneira.gal\\\/index.php\\\/2024\\\/11\\\/20\\\/cousas-de-salvaterra-manuel-marino-vii\\\/\",\"name\":\"Cousas de Salvaterra. Manuel Mari\u00f1o VII -\",\"isPartOf\":{\"@id\":\"https:\\\/\\\/www.anovapeneira.gal\\\/#website\"},\"primaryImageOfPage\":{\"@id\":\"https:\\\/\\\/www.anovapeneira.gal\\\/index.php\\\/2024\\\/11\\\/20\\\/cousas-de-salvaterra-manuel-marino-vii\\\/#primaryimage\"},\"image\":{\"@id\":\"https:\\\/\\\/www.anovapeneira.gal\\\/index.php\\\/2024\\\/11\\\/20\\\/cousas-de-salvaterra-manuel-marino-vii\\\/#primaryimage\"},\"thumbnailUrl\":\"https:\\\/\\\/www.anovapeneira.gal\\\/wp-content\\\/uploads\\\/2019\\\/07\\\/ARTIGO_DE_OPINION_A_NOVA_PENEIRA.jpg\",\"datePublished\":\"2024-11-20T11:00:37+00:00\",\"breadcrumb\":{\"@id\":\"https:\\\/\\\/www.anovapeneira.gal\\\/index.php\\\/2024\\\/11\\\/20\\\/cousas-de-salvaterra-manuel-marino-vii\\\/#breadcrumb\"},\"inLanguage\":\"gl-ES\",\"potentialAction\":[{\"@type\":\"ReadAction\",\"target\":[\"https:\\\/\\\/www.anovapeneira.gal\\\/index.php\\\/2024\\\/11\\\/20\\\/cousas-de-salvaterra-manuel-marino-vii\\\/\"]}]},{\"@type\":\"ImageObject\",\"inLanguage\":\"gl-ES\",\"@id\":\"https:\\\/\\\/www.anovapeneira.gal\\\/index.php\\\/2024\\\/11\\\/20\\\/cousas-de-salvaterra-manuel-marino-vii\\\/#primaryimage\",\"url\":\"https:\\\/\\\/www.anovapeneira.gal\\\/wp-content\\\/uploads\\\/2019\\\/07\\\/ARTIGO_DE_OPINION_A_NOVA_PENEIRA.jpg\",\"contentUrl\":\"https:\\\/\\\/www.anovapeneira.gal\\\/wp-content\\\/uploads\\\/2019\\\/07\\\/ARTIGO_DE_OPINION_A_NOVA_PENEIRA.jpg\",\"width\":720,\"height\":473,\"caption\":\"Artigo de opini\u00f3n A Nova Peneira\"},{\"@type\":\"BreadcrumbList\",\"@id\":\"https:\\\/\\\/www.anovapeneira.gal\\\/index.php\\\/2024\\\/11\\\/20\\\/cousas-de-salvaterra-manuel-marino-vii\\\/#breadcrumb\",\"itemListElement\":[{\"@type\":\"ListItem\",\"position\":1,\"name\":\"Portada\",\"item\":\"https:\\\/\\\/www.anovapeneira.gal\\\/\"},{\"@type\":\"ListItem\",\"position\":2,\"name\":\"Cousas de Salvaterra. Manuel Mari\u00f1o VII\"}]},{\"@type\":\"WebSite\",\"@id\":\"https:\\\/\\\/www.anovapeneira.gal\\\/#website\",\"url\":\"https:\\\/\\\/www.anovapeneira.gal\\\/\",\"name\":\"\",\"description\":\"Xornal galego de informaci\u00f3n xeral Publicaci\u00f3n mensual de novas de Galicia e en especial dos Concellos da sur da provincia de Pontevedra.\",\"publisher\":{\"@id\":\"https:\\\/\\\/www.anovapeneira.gal\\\/#organization\"},\"potentialAction\":[{\"@type\":\"SearchAction\",\"target\":{\"@type\":\"EntryPoint\",\"urlTemplate\":\"https:\\\/\\\/www.anovapeneira.gal\\\/?s={search_term_string}\"},\"query-input\":{\"@type\":\"PropertyValueSpecification\",\"valueRequired\":true,\"valueName\":\"search_term_string\"}}],\"inLanguage\":\"gl-ES\"},{\"@type\":\"Organization\",\"@id\":\"https:\\\/\\\/www.anovapeneira.gal\\\/#organization\",\"name\":\"A Nova Peneira\",\"url\":\"https:\\\/\\\/www.anovapeneira.gal\\\/\",\"logo\":{\"@type\":\"ImageObject\",\"inLanguage\":\"gl-ES\",\"@id\":\"https:\\\/\\\/www.anovapeneira.gal\\\/#\\\/schema\\\/logo\\\/image\\\/\",\"url\":\"http:\\\/\\\/www.anovapeneira.gal\\\/wp-content\\\/uploads\\\/2019\\\/06\\\/logo_a_nova_peneira_portal_web.png\",\"contentUrl\":\"http:\\\/\\\/www.anovapeneira.gal\\\/wp-content\\\/uploads\\\/2019\\\/06\\\/logo_a_nova_peneira_portal_web.png\",\"width\":300,\"height\":100,\"caption\":\"A Nova Peneira\"},\"image\":{\"@id\":\"https:\\\/\\\/www.anovapeneira.gal\\\/#\\\/schema\\\/logo\\\/image\\\/\"},\"sameAs\":[\"https:\\\/\\\/www.facebook.com\\\/anovapeneira\",\"https:\\\/\\\/x.com\\\/APeneira\"]},{\"@type\":\"Person\",\"@id\":\"https:\\\/\\\/www.anovapeneira.gal\\\/#\\\/schema\\\/person\\\/1bf91cd240796d05b6522e3d8a6e2d8e\",\"name\":\"Ant\u00f3n Lorenzo Gonz\u00e1lez\",\"image\":{\"@type\":\"ImageObject\",\"inLanguage\":\"gl-ES\",\"@id\":\"https:\\\/\\\/secure.gravatar.com\\\/avatar\\\/dcd882e8f4338e07610336943426400d525673506eb37ce59442ba704e5cc971?s=96&d=mm&r=g\",\"url\":\"https:\\\/\\\/secure.gravatar.com\\\/avatar\\\/dcd882e8f4338e07610336943426400d525673506eb37ce59442ba704e5cc971?s=96&d=mm&r=g\",\"contentUrl\":\"https:\\\/\\\/secure.gravatar.com\\\/avatar\\\/dcd882e8f4338e07610336943426400d525673506eb37ce59442ba704e5cc971?s=96&d=mm&r=g\",\"caption\":\"Ant\u00f3n Lorenzo Gonz\u00e1lez\"},\"url\":\"https:\\\/\\\/www.anovapeneira.gal\\\/index.php\\\/author\\\/xaque\\\/\"}]}<\/script>\n<!-- \/ Yoast SEO plugin. -->","yoast_head_json":{"title":"Cousas de Salvaterra. Manuel Mari\u00f1o VII -","robots":{"index":"index","follow":"follow","max-snippet":"max-snippet:-1","max-image-preview":"max-image-preview:large","max-video-preview":"max-video-preview:-1"},"canonical":"https:\/\/www.anovapeneira.gal\/index.php\/2024\/11\/20\/cousas-de-salvaterra-manuel-marino-vii\/","og_locale":"gl_ES","og_type":"article","og_title":"Cousas de Salvaterra. Manuel Mari\u00f1o VII -","og_description":"Cando comecei a andaina, fai sete meses, da fuxida do noso \u00faltimo Alcalde Republicano Don Manuel Mari\u00f1o M\u00e9ndez, no ti\u00f1a idea do moito que \u00eda dar de s\u00ed esta historia, pero as\u00ed son as cousas e, con un pouco de fortuna [...]","og_url":"https:\/\/www.anovapeneira.gal\/index.php\/2024\/11\/20\/cousas-de-salvaterra-manuel-marino-vii\/","article_publisher":"https:\/\/www.facebook.com\/anovapeneira","article_published_time":"2024-11-20T11:00:37+00:00","og_image":[{"width":720,"height":473,"url":"https:\/\/www.anovapeneira.gal\/wp-content\/uploads\/2019\/07\/ARTIGO_DE_OPINION_A_NOVA_PENEIRA.jpg","type":"image\/jpeg"}],"author":"Ant\u00f3n Lorenzo Gonz\u00e1lez","twitter_card":"summary_large_image","twitter_image":"https:\/\/www.anovapeneira.gal\/wp-content\/uploads\/2019\/07\/ARTIGO_DE_OPINION_A_NOVA_PENEIRA.jpg","twitter_creator":"@APeneira","twitter_site":"@APeneira","twitter_misc":{"Escrito por":"Ant\u00f3n Lorenzo Gonz\u00e1lez","Tempo de lectura":"6 minutos"},"schema":{"@context":"https:\/\/schema.org","@graph":[{"@type":"Article","@id":"https:\/\/www.anovapeneira.gal\/index.php\/2024\/11\/20\/cousas-de-salvaterra-manuel-marino-vii\/#article","isPartOf":{"@id":"https:\/\/www.anovapeneira.gal\/index.php\/2024\/11\/20\/cousas-de-salvaterra-manuel-marino-vii\/"},"author":{"name":"Ant\u00f3n Lorenzo Gonz\u00e1lez","@id":"https:\/\/www.anovapeneira.gal\/#\/schema\/person\/1bf91cd240796d05b6522e3d8a6e2d8e"},"headline":"Cousas de Salvaterra. Manuel Mari\u00f1o VII","datePublished":"2024-11-20T11:00:37+00:00","mainEntityOfPage":{"@id":"https:\/\/www.anovapeneira.gal\/index.php\/2024\/11\/20\/cousas-de-salvaterra-manuel-marino-vii\/"},"wordCount":958,"commentCount":0,"publisher":{"@id":"https:\/\/www.anovapeneira.gal\/#organization"},"image":{"@id":"https:\/\/www.anovapeneira.gal\/index.php\/2024\/11\/20\/cousas-de-salvaterra-manuel-marino-vii\/#primaryimage"},"thumbnailUrl":"https:\/\/www.anovapeneira.gal\/wp-content\/uploads\/2019\/07\/ARTIGO_DE_OPINION_A_NOVA_PENEIRA.jpg","keywords":["Concello de Salvaterra do Mi\u00f1o"],"articleSection":["Artigos de opini\u00f3n"],"inLanguage":"gl-ES","potentialAction":[{"@type":"CommentAction","name":"Comment","target":["https:\/\/www.anovapeneira.gal\/index.php\/2024\/11\/20\/cousas-de-salvaterra-manuel-marino-vii\/#respond"]}]},{"@type":"WebPage","@id":"https:\/\/www.anovapeneira.gal\/index.php\/2024\/11\/20\/cousas-de-salvaterra-manuel-marino-vii\/","url":"https:\/\/www.anovapeneira.gal\/index.php\/2024\/11\/20\/cousas-de-salvaterra-manuel-marino-vii\/","name":"Cousas de Salvaterra. Manuel Mari\u00f1o VII -","isPartOf":{"@id":"https:\/\/www.anovapeneira.gal\/#website"},"primaryImageOfPage":{"@id":"https:\/\/www.anovapeneira.gal\/index.php\/2024\/11\/20\/cousas-de-salvaterra-manuel-marino-vii\/#primaryimage"},"image":{"@id":"https:\/\/www.anovapeneira.gal\/index.php\/2024\/11\/20\/cousas-de-salvaterra-manuel-marino-vii\/#primaryimage"},"thumbnailUrl":"https:\/\/www.anovapeneira.gal\/wp-content\/uploads\/2019\/07\/ARTIGO_DE_OPINION_A_NOVA_PENEIRA.jpg","datePublished":"2024-11-20T11:00:37+00:00","breadcrumb":{"@id":"https:\/\/www.anovapeneira.gal\/index.php\/2024\/11\/20\/cousas-de-salvaterra-manuel-marino-vii\/#breadcrumb"},"inLanguage":"gl-ES","potentialAction":[{"@type":"ReadAction","target":["https:\/\/www.anovapeneira.gal\/index.php\/2024\/11\/20\/cousas-de-salvaterra-manuel-marino-vii\/"]}]},{"@type":"ImageObject","inLanguage":"gl-ES","@id":"https:\/\/www.anovapeneira.gal\/index.php\/2024\/11\/20\/cousas-de-salvaterra-manuel-marino-vii\/#primaryimage","url":"https:\/\/www.anovapeneira.gal\/wp-content\/uploads\/2019\/07\/ARTIGO_DE_OPINION_A_NOVA_PENEIRA.jpg","contentUrl":"https:\/\/www.anovapeneira.gal\/wp-content\/uploads\/2019\/07\/ARTIGO_DE_OPINION_A_NOVA_PENEIRA.jpg","width":720,"height":473,"caption":"Artigo de opini\u00f3n A Nova Peneira"},{"@type":"BreadcrumbList","@id":"https:\/\/www.anovapeneira.gal\/index.php\/2024\/11\/20\/cousas-de-salvaterra-manuel-marino-vii\/#breadcrumb","itemListElement":[{"@type":"ListItem","position":1,"name":"Portada","item":"https:\/\/www.anovapeneira.gal\/"},{"@type":"ListItem","position":2,"name":"Cousas de Salvaterra. Manuel Mari\u00f1o VII"}]},{"@type":"WebSite","@id":"https:\/\/www.anovapeneira.gal\/#website","url":"https:\/\/www.anovapeneira.gal\/","name":"","description":"Xornal galego de informaci\u00f3n xeral Publicaci\u00f3n mensual de novas de Galicia e en especial dos Concellos da sur da provincia de Pontevedra.","publisher":{"@id":"https:\/\/www.anovapeneira.gal\/#organization"},"potentialAction":[{"@type":"SearchAction","target":{"@type":"EntryPoint","urlTemplate":"https:\/\/www.anovapeneira.gal\/?s={search_term_string}"},"query-input":{"@type":"PropertyValueSpecification","valueRequired":true,"valueName":"search_term_string"}}],"inLanguage":"gl-ES"},{"@type":"Organization","@id":"https:\/\/www.anovapeneira.gal\/#organization","name":"A Nova Peneira","url":"https:\/\/www.anovapeneira.gal\/","logo":{"@type":"ImageObject","inLanguage":"gl-ES","@id":"https:\/\/www.anovapeneira.gal\/#\/schema\/logo\/image\/","url":"http:\/\/www.anovapeneira.gal\/wp-content\/uploads\/2019\/06\/logo_a_nova_peneira_portal_web.png","contentUrl":"http:\/\/www.anovapeneira.gal\/wp-content\/uploads\/2019\/06\/logo_a_nova_peneira_portal_web.png","width":300,"height":100,"caption":"A Nova Peneira"},"image":{"@id":"https:\/\/www.anovapeneira.gal\/#\/schema\/logo\/image\/"},"sameAs":["https:\/\/www.facebook.com\/anovapeneira","https:\/\/x.com\/APeneira"]},{"@type":"Person","@id":"https:\/\/www.anovapeneira.gal\/#\/schema\/person\/1bf91cd240796d05b6522e3d8a6e2d8e","name":"Ant\u00f3n Lorenzo Gonz\u00e1lez","image":{"@type":"ImageObject","inLanguage":"gl-ES","@id":"https:\/\/secure.gravatar.com\/avatar\/dcd882e8f4338e07610336943426400d525673506eb37ce59442ba704e5cc971?s=96&d=mm&r=g","url":"https:\/\/secure.gravatar.com\/avatar\/dcd882e8f4338e07610336943426400d525673506eb37ce59442ba704e5cc971?s=96&d=mm&r=g","contentUrl":"https:\/\/secure.gravatar.com\/avatar\/dcd882e8f4338e07610336943426400d525673506eb37ce59442ba704e5cc971?s=96&d=mm&r=g","caption":"Ant\u00f3n Lorenzo Gonz\u00e1lez"},"url":"https:\/\/www.anovapeneira.gal\/index.php\/author\/xaque\/"}]}},"jetpack_featured_media_url":"https:\/\/www.anovapeneira.gal\/wp-content\/uploads\/2019\/07\/ARTIGO_DE_OPINION_A_NOVA_PENEIRA.jpg","_links":{"self":[{"href":"https:\/\/www.anovapeneira.gal\/index.php\/wp-json\/wp\/v2\/posts\/12799","targetHints":{"allow":["GET"]}}],"collection":[{"href":"https:\/\/www.anovapeneira.gal\/index.php\/wp-json\/wp\/v2\/posts"}],"about":[{"href":"https:\/\/www.anovapeneira.gal\/index.php\/wp-json\/wp\/v2\/types\/post"}],"author":[{"embeddable":true,"href":"https:\/\/www.anovapeneira.gal\/index.php\/wp-json\/wp\/v2\/users\/34"}],"replies":[{"embeddable":true,"href":"https:\/\/www.anovapeneira.gal\/index.php\/wp-json\/wp\/v2\/comments?post=12799"}],"version-history":[{"count":1,"href":"https:\/\/www.anovapeneira.gal\/index.php\/wp-json\/wp\/v2\/posts\/12799\/revisions"}],"predecessor-version":[{"id":12800,"href":"https:\/\/www.anovapeneira.gal\/index.php\/wp-json\/wp\/v2\/posts\/12799\/revisions\/12800"}],"wp:featuredmedia":[{"embeddable":true,"href":"https:\/\/www.anovapeneira.gal\/index.php\/wp-json\/wp\/v2\/media\/584"}],"wp:attachment":[{"href":"https:\/\/www.anovapeneira.gal\/index.php\/wp-json\/wp\/v2\/media?parent=12799"}],"wp:term":[{"taxonomy":"category","embeddable":true,"href":"https:\/\/www.anovapeneira.gal\/index.php\/wp-json\/wp\/v2\/categories?post=12799"},{"taxonomy":"post_tag","embeddable":true,"href":"https:\/\/www.anovapeneira.gal\/index.php\/wp-json\/wp\/v2\/tags?post=12799"}],"curies":[{"name":"wp","href":"https:\/\/api.w.org\/{rel}","templated":true}]}}