{"id":12801,"date":"2024-11-21T10:00:27","date_gmt":"2024-11-21T09:00:27","guid":{"rendered":"https:\/\/www.anovapeneira.gal\/?p=12801"},"modified":"2024-11-18T09:59:25","modified_gmt":"2024-11-18T08:59:25","slug":"felix-gonzalez-voceiro-do-psdeg-en-salvaterra","status":"publish","type":"post","link":"https:\/\/www.anovapeneira.gal\/index.php\/2024\/11\/21\/felix-gonzalez-voceiro-do-psdeg-en-salvaterra\/","title":{"rendered":"F\u00e9lix Gonz\u00e1lez voceiro do PSdeG en Salvaterra"},"content":{"rendered":"\n<p><strong>A espantosa traxedia que ven de sufrir o Pa\u00eds Valenci\u00e0 espertou o mellor de moita xente; a solidariedade e fraternidade a toneladas de milleiros de homes e mulleres que se desprazaron ata Valencia a botar unha man \u00e1s persoas damnificadas. Un deles foi F\u00e9lix, o voceiro socialista de Salvaterra. Aproveitamos a s\u00faa viaxe para conversar con el sobre a s\u00faa visi\u00f3n pol\u00edtica da situaci\u00f3n da s\u00faa localidade. Vela\u00ed vai o que deu de si a nosa conversa<\/strong><\/p>\n\n\n\n<p>\u201c<strong>Te\u00f1o constancia de empresas que est\u00e1n fartas de traballar co Concello de Salvaterra, porque te\u00f1en verdadeiros problemas para cobrar as s\u00faas facturas\u201d<\/strong><\/p>\n\n\n\n<p><strong>Seica, acabas de volver dunha longa viaxe?<\/strong><\/p>\n\n\n\n<blockquote class=\"wp-block-quote is-layout-flow wp-block-quote-is-layout-flow\">\n<p>Si, fomos a Valencia unha serie de persoas. Marchamos o venres 8 \u00e1s 3 da tarde, e volvemos o domingo 10 de madrugada. O Partido socialista de Salvaterra foi o voceiro para organizar unha recadaci\u00f3n de fondos, e coa colaboraci\u00f3n de particulares e empresas logramos o obxectivo de mercar .unhas hidrolimpadoras e diverso material de protecci\u00f3n( botas, m\u00e1scaras, luvas&#8230;.) pero d\u00e1 igual, nunha situaci\u00f3n terrible como esta non hai, ou polo menos non debera de haber, ning\u00fan tipo de cores. S\u00f3 solidariedade incondicional.<\/p>\n<\/blockquote>\n\n\n\n<p><strong>Que situaci\u00f3n encontraches al\u00ed?<\/strong><\/p>\n\n\n\n<blockquote class=\"wp-block-quote is-layout-flow wp-block-quote-is-layout-flow\">\n<p>Horrible, un aut\u00e9ntico desastre. Vaime deixar pegada no coraz\u00f3n toda a vida.<\/p>\n<\/blockquote>\n\n\n\n<p><strong>Onde entregastes o material que levastes?<\/strong><\/p>\n\n\n\n<blockquote class=\"wp-block-quote is-layout-flow wp-block-quote-is-layout-flow\">\n<p>No Concello de Manises, pero previamente contactaramos cunha mancomunidade de municipios afectados.<\/p>\n<\/blockquote>\n\n\n\n<p><strong>Ben, falemos de pol\u00edtica local. Como valoras o actual mandato no que se refire a acci\u00f3n pol\u00edtica do goberno de Salvaterra?<\/strong><\/p>\n\n\n\n<blockquote class=\"wp-block-quote is-layout-flow wp-block-quote-is-layout-flow\">\n<p>Non hai nada que valorar, porque este goberno non fai nada, nada en absoluto. Lim\u00edtanse a xestionar o d\u00eda a d\u00eda como poden, e ata iso fan mal. Pero carecen de modelo de Vila, non hai proxecto e polo tanto non hai cami\u00f1o dese\u00f1ado para chegar a alg\u00fan sitio. S\u00f3 deixan pasar o tempo. A valoraci\u00f3n \u00e9 un suspenso rotundo.<\/p>\n<\/blockquote>\n\n\n\n<p><strong>En verdade este goberno carece de modelo de Vila?<\/strong><\/p>\n\n\n\n<blockquote class=\"wp-block-quote is-layout-flow wp-block-quote-is-layout-flow\">\n<p>Absolutamente si. Estamos rematando o 2024, temos a PLISAN \u00e1s portas e non hai nada planificado. Que Salvaterra queremos? Cara onde vai a nosa localidade? Con esta alcaldesa e con este goberno lamentablemente nin se sabe.<\/p>\n<\/blockquote>\n\n\n\n<p><strong>Cal \u00e9 a situaci\u00f3n econ\u00f3mica do Concello de Salvaterra?<\/strong><\/p>\n\n\n\n<blockquote class=\"wp-block-quote is-layout-flow wp-block-quote-is-layout-flow\">\n<p>Complicada. Levamos varios reco\u00f1ecementos extraxudiciais de cr\u00e9dito que suman arredor de 3 mill\u00f3ns de \u20ac de gasto a maiores sobre o que o Concello pod\u00eda realmente gastar. Por outra parte o Concello traballa cuns orzamentos prorrogados desde o 2017 o que complica moito a xesti\u00f3n<\/p>\n<\/blockquote>\n\n\n\n<p><strong>Este \u00e9 un dato moi curioso, pois este \u00e9 o segundo mandato da alcaldesa Marta Valc\u00e1rcel, ambos con maior\u00eda absoluta .E se tivera levado uns orzamentos a pleno ter\u00edaos aprobado sen ning\u00fan tipo de problema. Por que non o fixo?<\/strong><\/p>\n\n\n\n<blockquote class=\"wp-block-quote is-layout-flow wp-block-quote-is-layout-flow\">\n<p>Marta Valc\u00e1rcel \u00e9 alcaldesa de Salvaterra desde o ano 2019, sempre con maior\u00eda absoluta. E en media ducia de anos non foi capaz de levar uns orzamentos a pleno tendo asegurada, se os levara, a s\u00faa aprobaci\u00f3n. Por que non o fai?.Pode ser por d\u00faas raz\u00f3ns: Por falta de vontade,ou por falta de capacidade. Lamentablemente penso que no seu caso \u00e9 polos dous motivos: Non ten nin vontade, ni capacidade.<\/p>\n<\/blockquote>\n\n\n\n<p><strong>No que respecta ao pago de facturas aos provedores do Concello, que tal o est\u00e1n facendo?<\/strong><\/p>\n\n\n\n<blockquote class=\"wp-block-quote is-layout-flow wp-block-quote-is-layout-flow\">\n<p>Estano facendo fatal. A lei obriga \u00e1s administraci\u00f3ns a pagar aos seus provedores nun m\u00e1ximo de 30 d\u00edas, e o per\u00edodo de pago do noso Concello est\u00e1 en arredor de 140.O risco de que a administraci\u00f3n interve\u00f1a o noso Concello \u00e9 real. Moitos deses provedores son pequenos negocios de Salvaterra que necesitan cobrar con rapidez para poder vivir. De feito eu te\u00f1o constancia de empresas que est\u00e1n fartas de traballar co Concello de Salvaterra porque te\u00f1en verdadeiros problemas para cobrar as s\u00faas facturas.<\/p>\n<\/blockquote>\n\n\n\n<p><strong>Este tipo de gobernos normalmente non adoitan recortar nin en propaganda nin en lupandas .\u00c9 o caso do goberno de Salvaterra?<\/strong><\/p>\n\n\n\n<blockquote class=\"wp-block-quote is-layout-flow wp-block-quote-is-layout-flow\">\n<p>\u00c9 o caso si. S\u00f3 temos que ver as redes sociais do Concello e nos daremos de conta de que o \u00fanico que parece importar son as festas e a propaganda. A pol\u00edtica \u00e9 algo moito m\u00e1is serio ca iso.<\/p>\n<\/blockquote>\n\n\n\n<p><strong>Como est\u00e1 a atenci\u00f3n \u00e1s parroquias ?<\/strong><\/p>\n\n\n\n<blockquote class=\"wp-block-quote is-layout-flow wp-block-quote-is-layout-flow\">\n<p>Non mellorou nada. \u00c9 moi deficiente. Hai unha grande cantidade de cami\u00f1os en condici\u00f3ns p\u00e9simas. E a limpeza tam\u00e9n deixa moito que desexar.<\/p>\n<\/blockquote>\n\n\n\n<p><strong>No referente \u00e1 sanidade que tal est\u00e1 a situaci\u00f3n?<\/strong><\/p>\n\n\n\n<blockquote class=\"wp-block-quote is-layout-flow wp-block-quote-is-layout-flow\">\n<p>Agora mesmo xa temos pediatra. Pero a nosa \u00e9 unha localidade de m\u00e1is de 10.000 habitantes. Ao centro de sa\u00fade fix\u00e9ronlle un lavado de cara pero non \u00e9 suficiente. En realidade o noso centro de sa\u00fade non cobre as necesidades de Salvaterra. O que realmente necesitamos \u00e9 un novo, que se adec\u00fae ao noso volume de poboaci\u00f3n.<\/p>\n<\/blockquote>\n\n\n\n<p><strong>Como est\u00e1 a sa\u00fade interna do PSOE de Salvaterra?<\/strong><\/p>\n\n\n\n<blockquote class=\"wp-block-quote is-layout-flow wp-block-quote-is-layout-flow\">\n<p>Somos un grupo unido, cunha forte cohesi\u00f3n interna, s\u00f3lido solvente e coas cousas moi claras: Salvaterra precisa un goberno progresista con urxencia absoluta.<\/p>\n<\/blockquote>\n\n\n\n<p><strong>E os teus \u00e1nimos persoais?<\/strong><\/p>\n\n\n\n<blockquote class=\"wp-block-quote is-layout-flow wp-block-quote-is-layout-flow\">\n<p>Para min \u00e9 unha honra liderar o proxecto socialista do meu pobo,<\/p>\n<\/blockquote>\n\n\n\n<blockquote class=\"wp-block-quote is-layout-flow wp-block-quote-is-layout-flow\">\n<p>e estou firmemente convencido de que as e os socialistas seremos os protagonistas do cambio pol\u00edtico que precisa Salvaterra.<\/p>\n<\/blockquote>\n\n\n\n<p><strong>Rematamos: E as relaci\u00f3ns co BNG local como andan?<\/strong><\/p>\n\n\n\n<blockquote class=\"wp-block-quote is-layout-flow wp-block-quote-is-layout-flow\">\n<p>Est\u00e1n moi ben. Ambos grupos temos moi clara a necesidade do cambio. E cando chegue o momento estou seguro de que non haber\u00e1 problema alg\u00fan para constitu\u00edrmos un goberno progresista.<\/p>\n<\/blockquote>\n","protected":false},"excerpt":{"rendered":"<div class=\"mh-excerpt\"><p>A espantosa traxedia que ven de sufrir o Pa\u00eds Valenci\u00e0 espertou o mellor de moita xente; a solidariedade e fraternidade a toneladas de milleiros de homes e mulleres que se desprazaron ata Valencia a botar unha man \u00e1s persoas damnificadas <a class=\"mh-excerpt-more\" href=\"https:\/\/www.anovapeneira.gal\/index.php\/2024\/11\/21\/felix-gonzalez-voceiro-do-psdeg-en-salvaterra\/\" title=\"F\u00e9lix Gonz\u00e1lez voceiro do PSdeG en Salvaterra\">[&#8230;]<\/a><\/p>\n<\/div>","protected":false},"author":2,"featured_media":12802,"comment_status":"open","ping_status":"open","sticky":false,"template":"","format":"standard","meta":{"_exactmetrics_skip_tracking":false,"_exactmetrics_sitenote_active":false,"_exactmetrics_sitenote_note":"","_exactmetrics_sitenote_category":0,"footnotes":""},"categories":[21],"tags":[1300],"class_list":{"0":"post-12801","1":"post","2":"type-post","3":"status-publish","4":"format-standard","5":"has-post-thumbnail","7":"category-baixo-mino","8":"tag-concello-de-salvaterra-de-mino"},"yoast_head":"<!-- This site is optimized with the Yoast SEO plugin v27.4 - https:\/\/yoast.com\/product\/yoast-seo-wordpress\/ -->\n<title>F\u00e9lix Gonz\u00e1lez voceiro do PSdeG en Salvaterra -<\/title>\n<meta name=\"robots\" content=\"index, follow, max-snippet:-1, max-image-preview:large, max-video-preview:-1\" \/>\n<link rel=\"canonical\" href=\"https:\/\/www.anovapeneira.gal\/index.php\/2024\/11\/21\/felix-gonzalez-voceiro-do-psdeg-en-salvaterra\/\" \/>\n<meta property=\"og:locale\" content=\"gl_ES\" \/>\n<meta property=\"og:type\" content=\"article\" \/>\n<meta property=\"og:title\" content=\"F\u00e9lix Gonz\u00e1lez voceiro do PSdeG en Salvaterra -\" \/>\n<meta property=\"og:description\" content=\"A espantosa traxedia que ven de sufrir o Pa\u00eds Valenci\u00e0 espertou o mellor de moita xente; a solidariedade e fraternidade a toneladas de milleiros de homes e mulleres que se desprazaron ata Valencia a botar unha man \u00e1s persoas damnificadas [...]\" \/>\n<meta property=\"og:url\" content=\"https:\/\/www.anovapeneira.gal\/index.php\/2024\/11\/21\/felix-gonzalez-voceiro-do-psdeg-en-salvaterra\/\" \/>\n<meta property=\"article:publisher\" content=\"https:\/\/www.facebook.com\/anovapeneira\" \/>\n<meta property=\"article:published_time\" content=\"2024-11-21T09:00:27+00:00\" \/>\n<meta property=\"og:image\" content=\"https:\/\/www.anovapeneira.gal\/wp-content\/uploads\/2024\/11\/felix_psoe_Salvaterra.png\" \/>\n\t<meta property=\"og:image:width\" content=\"720\" \/>\n\t<meta property=\"og:image:height\" content=\"432\" \/>\n\t<meta property=\"og:image:type\" content=\"image\/png\" \/>\n<meta name=\"author\" content=\"Tino Lago\" \/>\n<meta name=\"twitter:card\" content=\"summary_large_image\" \/>\n<meta name=\"twitter:creator\" content=\"@APeneira\" \/>\n<meta name=\"twitter:site\" content=\"@APeneira\" \/>\n<meta name=\"twitter:label1\" content=\"Escrito por\" \/>\n\t<meta name=\"twitter:data1\" content=\"Tino Lago\" \/>\n\t<meta name=\"twitter:label2\" content=\"Tempo de lectura\" \/>\n\t<meta name=\"twitter:data2\" content=\"2 minutos\" \/>\n<script type=\"application\/ld+json\" class=\"yoast-schema-graph\">{\"@context\":\"https:\\\/\\\/schema.org\",\"@graph\":[{\"@type\":\"Article\",\"@id\":\"https:\\\/\\\/www.anovapeneira.gal\\\/index.php\\\/2024\\\/11\\\/21\\\/felix-gonzalez-voceiro-do-psdeg-en-salvaterra\\\/#article\",\"isPartOf\":{\"@id\":\"https:\\\/\\\/www.anovapeneira.gal\\\/index.php\\\/2024\\\/11\\\/21\\\/felix-gonzalez-voceiro-do-psdeg-en-salvaterra\\\/\"},\"author\":{\"name\":\"Tino Lago\",\"@id\":\"https:\\\/\\\/www.anovapeneira.gal\\\/#\\\/schema\\\/person\\\/424dfe65e3070fd8a44d22d2c088762a\"},\"headline\":\"F\u00e9lix Gonz\u00e1lez voceiro do PSdeG en Salvaterra\",\"datePublished\":\"2024-11-21T09:00:27+00:00\",\"mainEntityOfPage\":{\"@id\":\"https:\\\/\\\/www.anovapeneira.gal\\\/index.php\\\/2024\\\/11\\\/21\\\/felix-gonzalez-voceiro-do-psdeg-en-salvaterra\\\/\"},\"wordCount\":941,\"commentCount\":0,\"publisher\":{\"@id\":\"https:\\\/\\\/www.anovapeneira.gal\\\/#organization\"},\"image\":{\"@id\":\"https:\\\/\\\/www.anovapeneira.gal\\\/index.php\\\/2024\\\/11\\\/21\\\/felix-gonzalez-voceiro-do-psdeg-en-salvaterra\\\/#primaryimage\"},\"thumbnailUrl\":\"https:\\\/\\\/www.anovapeneira.gal\\\/wp-content\\\/uploads\\\/2024\\\/11\\\/felix_psoe_Salvaterra.png\",\"keywords\":[\"Concello de Salvaterra de Mi\u00f1o\"],\"articleSection\":[\"Baixo Mi\u00f1o\"],\"inLanguage\":\"gl-ES\",\"potentialAction\":[{\"@type\":\"CommentAction\",\"name\":\"Comment\",\"target\":[\"https:\\\/\\\/www.anovapeneira.gal\\\/index.php\\\/2024\\\/11\\\/21\\\/felix-gonzalez-voceiro-do-psdeg-en-salvaterra\\\/#respond\"]}]},{\"@type\":\"WebPage\",\"@id\":\"https:\\\/\\\/www.anovapeneira.gal\\\/index.php\\\/2024\\\/11\\\/21\\\/felix-gonzalez-voceiro-do-psdeg-en-salvaterra\\\/\",\"url\":\"https:\\\/\\\/www.anovapeneira.gal\\\/index.php\\\/2024\\\/11\\\/21\\\/felix-gonzalez-voceiro-do-psdeg-en-salvaterra\\\/\",\"name\":\"F\u00e9lix Gonz\u00e1lez voceiro do PSdeG en Salvaterra -\",\"isPartOf\":{\"@id\":\"https:\\\/\\\/www.anovapeneira.gal\\\/#website\"},\"primaryImageOfPage\":{\"@id\":\"https:\\\/\\\/www.anovapeneira.gal\\\/index.php\\\/2024\\\/11\\\/21\\\/felix-gonzalez-voceiro-do-psdeg-en-salvaterra\\\/#primaryimage\"},\"image\":{\"@id\":\"https:\\\/\\\/www.anovapeneira.gal\\\/index.php\\\/2024\\\/11\\\/21\\\/felix-gonzalez-voceiro-do-psdeg-en-salvaterra\\\/#primaryimage\"},\"thumbnailUrl\":\"https:\\\/\\\/www.anovapeneira.gal\\\/wp-content\\\/uploads\\\/2024\\\/11\\\/felix_psoe_Salvaterra.png\",\"datePublished\":\"2024-11-21T09:00:27+00:00\",\"breadcrumb\":{\"@id\":\"https:\\\/\\\/www.anovapeneira.gal\\\/index.php\\\/2024\\\/11\\\/21\\\/felix-gonzalez-voceiro-do-psdeg-en-salvaterra\\\/#breadcrumb\"},\"inLanguage\":\"gl-ES\",\"potentialAction\":[{\"@type\":\"ReadAction\",\"target\":[\"https:\\\/\\\/www.anovapeneira.gal\\\/index.php\\\/2024\\\/11\\\/21\\\/felix-gonzalez-voceiro-do-psdeg-en-salvaterra\\\/\"]}]},{\"@type\":\"ImageObject\",\"inLanguage\":\"gl-ES\",\"@id\":\"https:\\\/\\\/www.anovapeneira.gal\\\/index.php\\\/2024\\\/11\\\/21\\\/felix-gonzalez-voceiro-do-psdeg-en-salvaterra\\\/#primaryimage\",\"url\":\"https:\\\/\\\/www.anovapeneira.gal\\\/wp-content\\\/uploads\\\/2024\\\/11\\\/felix_psoe_Salvaterra.png\",\"contentUrl\":\"https:\\\/\\\/www.anovapeneira.gal\\\/wp-content\\\/uploads\\\/2024\\\/11\\\/felix_psoe_Salvaterra.png\",\"width\":720,\"height\":432,\"caption\":\"F\u00e9lix Gonz\u00e1lez voceiro do PSdeG en Salvaterra\"},{\"@type\":\"BreadcrumbList\",\"@id\":\"https:\\\/\\\/www.anovapeneira.gal\\\/index.php\\\/2024\\\/11\\\/21\\\/felix-gonzalez-voceiro-do-psdeg-en-salvaterra\\\/#breadcrumb\",\"itemListElement\":[{\"@type\":\"ListItem\",\"position\":1,\"name\":\"Portada\",\"item\":\"https:\\\/\\\/www.anovapeneira.gal\\\/\"},{\"@type\":\"ListItem\",\"position\":2,\"name\":\"F\u00e9lix Gonz\u00e1lez voceiro do PSdeG en Salvaterra\"}]},{\"@type\":\"WebSite\",\"@id\":\"https:\\\/\\\/www.anovapeneira.gal\\\/#website\",\"url\":\"https:\\\/\\\/www.anovapeneira.gal\\\/\",\"name\":\"\",\"description\":\"Xornal galego de informaci\u00f3n xeral Publicaci\u00f3n mensual de novas de Galicia e en especial dos Concellos da sur da provincia de Pontevedra.\",\"publisher\":{\"@id\":\"https:\\\/\\\/www.anovapeneira.gal\\\/#organization\"},\"potentialAction\":[{\"@type\":\"SearchAction\",\"target\":{\"@type\":\"EntryPoint\",\"urlTemplate\":\"https:\\\/\\\/www.anovapeneira.gal\\\/?s={search_term_string}\"},\"query-input\":{\"@type\":\"PropertyValueSpecification\",\"valueRequired\":true,\"valueName\":\"search_term_string\"}}],\"inLanguage\":\"gl-ES\"},{\"@type\":\"Organization\",\"@id\":\"https:\\\/\\\/www.anovapeneira.gal\\\/#organization\",\"name\":\"A Nova Peneira\",\"url\":\"https:\\\/\\\/www.anovapeneira.gal\\\/\",\"logo\":{\"@type\":\"ImageObject\",\"inLanguage\":\"gl-ES\",\"@id\":\"https:\\\/\\\/www.anovapeneira.gal\\\/#\\\/schema\\\/logo\\\/image\\\/\",\"url\":\"http:\\\/\\\/www.anovapeneira.gal\\\/wp-content\\\/uploads\\\/2019\\\/06\\\/logo_a_nova_peneira_portal_web.png\",\"contentUrl\":\"http:\\\/\\\/www.anovapeneira.gal\\\/wp-content\\\/uploads\\\/2019\\\/06\\\/logo_a_nova_peneira_portal_web.png\",\"width\":300,\"height\":100,\"caption\":\"A Nova Peneira\"},\"image\":{\"@id\":\"https:\\\/\\\/www.anovapeneira.gal\\\/#\\\/schema\\\/logo\\\/image\\\/\"},\"sameAs\":[\"https:\\\/\\\/www.facebook.com\\\/anovapeneira\",\"https:\\\/\\\/x.com\\\/APeneira\"]},{\"@type\":\"Person\",\"@id\":\"https:\\\/\\\/www.anovapeneira.gal\\\/#\\\/schema\\\/person\\\/424dfe65e3070fd8a44d22d2c088762a\",\"name\":\"Tino Lago\",\"image\":{\"@type\":\"ImageObject\",\"inLanguage\":\"gl-ES\",\"@id\":\"https:\\\/\\\/secure.gravatar.com\\\/avatar\\\/b3df6a06e44bab3111583b90f0f33a0379ee5e3d22cbadd232d39f21c30c62be?s=96&d=mm&r=g\",\"url\":\"https:\\\/\\\/secure.gravatar.com\\\/avatar\\\/b3df6a06e44bab3111583b90f0f33a0379ee5e3d22cbadd232d39f21c30c62be?s=96&d=mm&r=g\",\"contentUrl\":\"https:\\\/\\\/secure.gravatar.com\\\/avatar\\\/b3df6a06e44bab3111583b90f0f33a0379ee5e3d22cbadd232d39f21c30c62be?s=96&d=mm&r=g\",\"caption\":\"Tino Lago\"},\"sameAs\":[\"http:\\\/\\\/www.anovapeneira.gal\"],\"url\":\"https:\\\/\\\/www.anovapeneira.gal\\\/index.php\\\/author\\\/director\\\/\"}]}<\/script>\n<!-- \/ Yoast SEO plugin. -->","yoast_head_json":{"title":"F\u00e9lix Gonz\u00e1lez voceiro do PSdeG en Salvaterra -","robots":{"index":"index","follow":"follow","max-snippet":"max-snippet:-1","max-image-preview":"max-image-preview:large","max-video-preview":"max-video-preview:-1"},"canonical":"https:\/\/www.anovapeneira.gal\/index.php\/2024\/11\/21\/felix-gonzalez-voceiro-do-psdeg-en-salvaterra\/","og_locale":"gl_ES","og_type":"article","og_title":"F\u00e9lix Gonz\u00e1lez voceiro do PSdeG en Salvaterra -","og_description":"A espantosa traxedia que ven de sufrir o Pa\u00eds Valenci\u00e0 espertou o mellor de moita xente; a solidariedade e fraternidade a toneladas de milleiros de homes e mulleres que se desprazaron ata Valencia a botar unha man \u00e1s persoas damnificadas [...]","og_url":"https:\/\/www.anovapeneira.gal\/index.php\/2024\/11\/21\/felix-gonzalez-voceiro-do-psdeg-en-salvaterra\/","article_publisher":"https:\/\/www.facebook.com\/anovapeneira","article_published_time":"2024-11-21T09:00:27+00:00","og_image":[{"width":720,"height":432,"url":"https:\/\/www.anovapeneira.gal\/wp-content\/uploads\/2024\/11\/felix_psoe_Salvaterra.png","type":"image\/png"}],"author":"Tino Lago","twitter_card":"summary_large_image","twitter_creator":"@APeneira","twitter_site":"@APeneira","twitter_misc":{"Escrito por":"Tino Lago","Tempo de lectura":"2 minutos"},"schema":{"@context":"https:\/\/schema.org","@graph":[{"@type":"Article","@id":"https:\/\/www.anovapeneira.gal\/index.php\/2024\/11\/21\/felix-gonzalez-voceiro-do-psdeg-en-salvaterra\/#article","isPartOf":{"@id":"https:\/\/www.anovapeneira.gal\/index.php\/2024\/11\/21\/felix-gonzalez-voceiro-do-psdeg-en-salvaterra\/"},"author":{"name":"Tino Lago","@id":"https:\/\/www.anovapeneira.gal\/#\/schema\/person\/424dfe65e3070fd8a44d22d2c088762a"},"headline":"F\u00e9lix Gonz\u00e1lez voceiro do PSdeG en Salvaterra","datePublished":"2024-11-21T09:00:27+00:00","mainEntityOfPage":{"@id":"https:\/\/www.anovapeneira.gal\/index.php\/2024\/11\/21\/felix-gonzalez-voceiro-do-psdeg-en-salvaterra\/"},"wordCount":941,"commentCount":0,"publisher":{"@id":"https:\/\/www.anovapeneira.gal\/#organization"},"image":{"@id":"https:\/\/www.anovapeneira.gal\/index.php\/2024\/11\/21\/felix-gonzalez-voceiro-do-psdeg-en-salvaterra\/#primaryimage"},"thumbnailUrl":"https:\/\/www.anovapeneira.gal\/wp-content\/uploads\/2024\/11\/felix_psoe_Salvaterra.png","keywords":["Concello de Salvaterra de Mi\u00f1o"],"articleSection":["Baixo Mi\u00f1o"],"inLanguage":"gl-ES","potentialAction":[{"@type":"CommentAction","name":"Comment","target":["https:\/\/www.anovapeneira.gal\/index.php\/2024\/11\/21\/felix-gonzalez-voceiro-do-psdeg-en-salvaterra\/#respond"]}]},{"@type":"WebPage","@id":"https:\/\/www.anovapeneira.gal\/index.php\/2024\/11\/21\/felix-gonzalez-voceiro-do-psdeg-en-salvaterra\/","url":"https:\/\/www.anovapeneira.gal\/index.php\/2024\/11\/21\/felix-gonzalez-voceiro-do-psdeg-en-salvaterra\/","name":"F\u00e9lix Gonz\u00e1lez voceiro do PSdeG en Salvaterra -","isPartOf":{"@id":"https:\/\/www.anovapeneira.gal\/#website"},"primaryImageOfPage":{"@id":"https:\/\/www.anovapeneira.gal\/index.php\/2024\/11\/21\/felix-gonzalez-voceiro-do-psdeg-en-salvaterra\/#primaryimage"},"image":{"@id":"https:\/\/www.anovapeneira.gal\/index.php\/2024\/11\/21\/felix-gonzalez-voceiro-do-psdeg-en-salvaterra\/#primaryimage"},"thumbnailUrl":"https:\/\/www.anovapeneira.gal\/wp-content\/uploads\/2024\/11\/felix_psoe_Salvaterra.png","datePublished":"2024-11-21T09:00:27+00:00","breadcrumb":{"@id":"https:\/\/www.anovapeneira.gal\/index.php\/2024\/11\/21\/felix-gonzalez-voceiro-do-psdeg-en-salvaterra\/#breadcrumb"},"inLanguage":"gl-ES","potentialAction":[{"@type":"ReadAction","target":["https:\/\/www.anovapeneira.gal\/index.php\/2024\/11\/21\/felix-gonzalez-voceiro-do-psdeg-en-salvaterra\/"]}]},{"@type":"ImageObject","inLanguage":"gl-ES","@id":"https:\/\/www.anovapeneira.gal\/index.php\/2024\/11\/21\/felix-gonzalez-voceiro-do-psdeg-en-salvaterra\/#primaryimage","url":"https:\/\/www.anovapeneira.gal\/wp-content\/uploads\/2024\/11\/felix_psoe_Salvaterra.png","contentUrl":"https:\/\/www.anovapeneira.gal\/wp-content\/uploads\/2024\/11\/felix_psoe_Salvaterra.png","width":720,"height":432,"caption":"F\u00e9lix Gonz\u00e1lez voceiro do PSdeG en Salvaterra"},{"@type":"BreadcrumbList","@id":"https:\/\/www.anovapeneira.gal\/index.php\/2024\/11\/21\/felix-gonzalez-voceiro-do-psdeg-en-salvaterra\/#breadcrumb","itemListElement":[{"@type":"ListItem","position":1,"name":"Portada","item":"https:\/\/www.anovapeneira.gal\/"},{"@type":"ListItem","position":2,"name":"F\u00e9lix Gonz\u00e1lez voceiro do PSdeG en Salvaterra"}]},{"@type":"WebSite","@id":"https:\/\/www.anovapeneira.gal\/#website","url":"https:\/\/www.anovapeneira.gal\/","name":"","description":"Xornal galego de informaci\u00f3n xeral Publicaci\u00f3n mensual de novas de Galicia e en especial dos Concellos da sur da provincia de Pontevedra.","publisher":{"@id":"https:\/\/www.anovapeneira.gal\/#organization"},"potentialAction":[{"@type":"SearchAction","target":{"@type":"EntryPoint","urlTemplate":"https:\/\/www.anovapeneira.gal\/?s={search_term_string}"},"query-input":{"@type":"PropertyValueSpecification","valueRequired":true,"valueName":"search_term_string"}}],"inLanguage":"gl-ES"},{"@type":"Organization","@id":"https:\/\/www.anovapeneira.gal\/#organization","name":"A Nova Peneira","url":"https:\/\/www.anovapeneira.gal\/","logo":{"@type":"ImageObject","inLanguage":"gl-ES","@id":"https:\/\/www.anovapeneira.gal\/#\/schema\/logo\/image\/","url":"http:\/\/www.anovapeneira.gal\/wp-content\/uploads\/2019\/06\/logo_a_nova_peneira_portal_web.png","contentUrl":"http:\/\/www.anovapeneira.gal\/wp-content\/uploads\/2019\/06\/logo_a_nova_peneira_portal_web.png","width":300,"height":100,"caption":"A Nova Peneira"},"image":{"@id":"https:\/\/www.anovapeneira.gal\/#\/schema\/logo\/image\/"},"sameAs":["https:\/\/www.facebook.com\/anovapeneira","https:\/\/x.com\/APeneira"]},{"@type":"Person","@id":"https:\/\/www.anovapeneira.gal\/#\/schema\/person\/424dfe65e3070fd8a44d22d2c088762a","name":"Tino Lago","image":{"@type":"ImageObject","inLanguage":"gl-ES","@id":"https:\/\/secure.gravatar.com\/avatar\/b3df6a06e44bab3111583b90f0f33a0379ee5e3d22cbadd232d39f21c30c62be?s=96&d=mm&r=g","url":"https:\/\/secure.gravatar.com\/avatar\/b3df6a06e44bab3111583b90f0f33a0379ee5e3d22cbadd232d39f21c30c62be?s=96&d=mm&r=g","contentUrl":"https:\/\/secure.gravatar.com\/avatar\/b3df6a06e44bab3111583b90f0f33a0379ee5e3d22cbadd232d39f21c30c62be?s=96&d=mm&r=g","caption":"Tino Lago"},"sameAs":["http:\/\/www.anovapeneira.gal"],"url":"https:\/\/www.anovapeneira.gal\/index.php\/author\/director\/"}]}},"jetpack_featured_media_url":"https:\/\/www.anovapeneira.gal\/wp-content\/uploads\/2024\/11\/felix_psoe_Salvaterra.png","_links":{"self":[{"href":"https:\/\/www.anovapeneira.gal\/index.php\/wp-json\/wp\/v2\/posts\/12801","targetHints":{"allow":["GET"]}}],"collection":[{"href":"https:\/\/www.anovapeneira.gal\/index.php\/wp-json\/wp\/v2\/posts"}],"about":[{"href":"https:\/\/www.anovapeneira.gal\/index.php\/wp-json\/wp\/v2\/types\/post"}],"author":[{"embeddable":true,"href":"https:\/\/www.anovapeneira.gal\/index.php\/wp-json\/wp\/v2\/users\/2"}],"replies":[{"embeddable":true,"href":"https:\/\/www.anovapeneira.gal\/index.php\/wp-json\/wp\/v2\/comments?post=12801"}],"version-history":[{"count":2,"href":"https:\/\/www.anovapeneira.gal\/index.php\/wp-json\/wp\/v2\/posts\/12801\/revisions"}],"predecessor-version":[{"id":12804,"href":"https:\/\/www.anovapeneira.gal\/index.php\/wp-json\/wp\/v2\/posts\/12801\/revisions\/12804"}],"wp:featuredmedia":[{"embeddable":true,"href":"https:\/\/www.anovapeneira.gal\/index.php\/wp-json\/wp\/v2\/media\/12802"}],"wp:attachment":[{"href":"https:\/\/www.anovapeneira.gal\/index.php\/wp-json\/wp\/v2\/media?parent=12801"}],"wp:term":[{"taxonomy":"category","embeddable":true,"href":"https:\/\/www.anovapeneira.gal\/index.php\/wp-json\/wp\/v2\/categories?post=12801"},{"taxonomy":"post_tag","embeddable":true,"href":"https:\/\/www.anovapeneira.gal\/index.php\/wp-json\/wp\/v2\/tags?post=12801"}],"curies":[{"name":"wp","href":"https:\/\/api.w.org\/{rel}","templated":true}]}}